{"id":389,"date":"2013-03-21T12:46:11","date_gmt":"2013-03-21T12:46:11","guid":{"rendered":""},"modified":"2020-04-06T22:05:51","modified_gmt":"2020-04-06T20:05:51","slug":"deklarate-per-gazeten-shqiptare","status":"publish","type":"post","link":"https:\/\/orthodoxalbania.org\/2020\/2013\/03\/21\/deklarate-per-gazeten-shqiptare\/","title":{"rendered":"Deklarat\u00eb p\u00ebr Gazet\u00ebn Shqiptare.  (7 Janar 2013)"},"content":{"rendered":"<p><span style=\"color: #000000; font-family: helvetica;\"><span style=\"font-size: 12px;\"><img decoding=\"async\" class=\"lazyload HAa Eha\" style=\"display: block; margin-left: auto; margin-right: auto;\" alt=\"\" src=\"data:image\/svg+xml,%3Csvg%20xmlns%3D%27http%3A%2F%2Fwww.w3.org%2F2000%2Fsvg%27%20width%3D%2746%27%20height%3D%2746%27%20viewBox%3D%270%200%2046%2046%27%3E%3Crect%20width%3D%2746%27%20height%3D%2746%27%20fill-opacity%3D%220%22%2F%3E%3C%2Fsvg%3E\" data-orig-src=\"https:\/\/lh3.googleusercontent.com\/-0XaSr7tg_9w\/U_NB8PwotlI\/AAAAAAAAA2g\/QXaauIV8bCc\/s577-no\/logo.png\" height=\"46\" width=\"46\" \/><\/span><\/span><\/p>\n<p style=\"text-align: center;\"><span style=\"color: #000000; font-family: helvetica; font-size: 12pt;\"><strong>Kisha Orthodhokse Autoqefale e Shqip\u00ebris\u00eb<\/strong><\/span><\/p>\n<p class=\"MsoNormal\" style=\"line-height: normal; text-align: center;\"><span style=\"color: #000000; font-family: helvetica; font-size: 12pt;\"><strong>Zyra e Shtypit<\/strong><\/span><\/p>\n<p class=\"MsoNormal\" style=\"line-height: normal; text-align: center;\"><span style=\"color: #000000; font-family: helvetica; font-size: 12pt;\">Tiran\u00eb, m\u00eb 07.01.2013 <\/span><\/p>\n<p style=\"text-align: center;\"><span style=\"color: #000000; font-family: helvetica; font-size: 12pt;\">Redaksis\u00eb s\u00eb \u201cGazeta Shqiptare\u201d<\/span><\/p>\n<p style=\"text-align: center;\"><span style=\"color: #000000; font-family: helvetica; font-size: 12pt;\"> <strong>Njoftim <\/strong><\/span><\/p>\n<div style=\"text-align: justify;\"><span style=\"color: #000000; font-family: helvetica; font-size: 12pt;\"> &nbsp; &nbsp; M\u00eb dat\u00ebn 07.01.2013, faqja 4, \u201cGazeta Shqiptare\u201d botoi artikullin e z. Tedi&nbsp; Blushi, me titull \u201cKomuniteti Mysliman dhe Kisha s\u2019paguajn\u00eb taksat\u201d. Artikulli n\u00eb fjal\u00eb shoq\u00ebrohej me nj\u00eb list\u00eb targash automjetesh, p\u00ebr t\u00eb cilat thuhej se nuk ishin paguar i taksat e qarkullimit. Midis tyre renditeshin 8 targa automjetesh, pron\u00eb e Kish\u00ebs Orthodhokse Autoqefale t\u00eb Shqip\u00ebris\u00eb. P\u00ebr hir t\u00eb s\u00eb v\u00ebrtet\u00ebs dhe p\u00ebr korrekt\u00ebsi, me p\u00ebrgjegj\u00ebsi t\u00eb plot\u00eb dhe duke u bazuar n\u00eb dokumentat e disponuara, deklarojm\u00eb sa m\u00eb posht\u00eb:<\/span><\/div>\n<div style=\"text-align: justify;\"><span style=\"color: #000000; font-family: helvetica; font-size: 12pt;\"> &nbsp;&nbsp;&nbsp; Nga 8 automjetet e renditura, sot n\u00eb p\u00ebrdorim t\u00eb Kish\u00ebs Orthodhokse Autoqefale t\u00eb Shqip\u00ebris\u00eb dhe t\u00eb institucioneve t\u00eb saj jan\u00eb vet\u00ebm 7. T\u00eb gjitha ato kan\u00eb paguar rregullisht dhe brenda afatit detyrimet e tyre tatimore.<\/span><\/div>\n<div style=\"text-align: justify;\"><span style=\"color: #000000; font-family: helvetica; font-size: 12pt;\"> A.&nbsp;&nbsp; &nbsp;Konkretisht, automjetet me targa:<\/span><\/div>\n<div style=\"text-align: justify;\"><span style=\"color: #000000; font-family: helvetica; font-size: 12pt;\"> <strong><span style=\"text-decoration: underline;\">Targa e Automjetit<\/span>&nbsp;&nbsp; &nbsp;&nbsp;&nbsp; &nbsp;<span style=\"text-decoration: underline;\">Data e pages\u00ebs<\/span><\/strong><br \/> <strong> 1)&nbsp;&nbsp; &nbsp;TR 0411 P &nbsp;&nbsp; &nbsp;&nbsp;&nbsp; &nbsp;(05.11.2012).<br \/> 2)&nbsp;&nbsp; &nbsp;TR 0788 G &nbsp;&nbsp; &nbsp;&nbsp;&nbsp; &nbsp;(12.11.2012).<br \/> 3)&nbsp;&nbsp; &nbsp;TR 1465 P&nbsp;&nbsp; &nbsp;&nbsp;&nbsp; &nbsp;(05.01.2013).<br \/> 4)&nbsp;&nbsp; &nbsp;TR 2995 S&nbsp;&nbsp; &nbsp;&nbsp;&nbsp; &nbsp;(04.12.2012).<br \/> 5)&nbsp;&nbsp; &nbsp;TR 5960 E&nbsp;&nbsp; &nbsp;&nbsp;&nbsp; &nbsp;(10.02.2012).<br \/> 6)&nbsp;&nbsp; &nbsp;TR 8867 T&nbsp;&nbsp; &nbsp;&nbsp;&nbsp; &nbsp;(31.05.2012).<br \/> 7)&nbsp;&nbsp; &nbsp;TR 7965 I&nbsp;&nbsp; &nbsp;&nbsp;&nbsp; &nbsp;(05.10.2012),<\/strong><\/p>\n<p> B.&nbsp;&nbsp; &nbsp;P\u00ebrsa i p\u00ebrket automjetit me targa: TR&nbsp; 2563 B, ai \u00ebsht\u00eb \u00e7regjistruar m\u00eb dat\u00eb 12.03.2012 dhe nuk i p\u00ebrket m\u00eb Kish\u00ebs son\u00eb.<\/span><\/div>\n<div style=\"text-align: justify;\"><span style=\"color: #000000; font-family: helvetica; font-size: 12pt;\"> &nbsp;&nbsp;&nbsp; Ne disponojm\u00eb faturat zyrtare tatimore t\u00eb Drejtoris\u00eb s\u00eb P\u00ebrgjithshme t\u00eb Sh\u00ebrbimeve t\u00eb Transportit Rrugor, Drejtoria Rajonale Tiran\u00eb, t\u00eb cilat v\u00ebrtetojn\u00eb se Kisha Orthodhokse Autoqefale e Shqip\u00ebris\u00eb \u2013 si gjithmon\u00eb \u2013 ka shlyer n\u00eb koh\u00eb detyrimet e saj tatimore karshi shtetit.<\/span><\/div>\n<div style=\"text-align: justify;\"><span style=\"color: #000000; font-family: helvetica; font-size: 12pt;\"> &nbsp;&nbsp;&nbsp; Jemi t\u00eb bindur se Gazeta juaj do t\u00eb botoj\u00eb k\u00ebt\u00eb njoftim, p\u00ebr t\u00eb vendosur n\u00eb vend t\u00eb v\u00ebrtet\u00ebn dhe p\u00ebr t\u00eb informuar sakt\u00eb opinionin publik.<\/span><\/div>\n<p style=\"text-align: center;\"><span style=\"color: #000000; font-family: helvetica; font-size: 12pt;\"> <strong>Zyra e Shtypit<br \/> e Kish\u00ebs Orthodhokse Autoqefale t\u00eb Shqip\u00ebris\u00eb<\/p>\n<p> <\/strong><\/span><\/p>\n","protected":false},"excerpt":{"rendered":"<p>Kisha Orthodhokse Autoqefale e Shqip\u00ebris\u00eb Zyra e Shtypit Tiran\u00eb, m\u00eb 07.01.2013 Redaksis\u00eb s\u00eb \u201cGazeta Shqiptare\u201d Njoftim &nbsp; &nbsp; M\u00eb dat\u00ebn 07.01.2013, faqja 4, \u201cGazeta Shqiptare\u201d botoi artikullin e z. Tedi&nbsp; Blushi, me titull \u201cKomuniteti Mysliman dhe Kisha s\u2019paguajn\u00eb taksat\u201d. Artikulli n\u00eb fjal\u00eb shoq\u00ebrohej me nj\u00eb list\u00eb targash automjetesh, p\u00ebr t\u00eb cilat thuhej se nuk ishin paguar i taksat e qarkullimit. Midis tyre renditeshin 8 targa<\/p>\n","protected":false},"author":1,"featured_media":0,"comment_status":"open","ping_status":"open","sticky":false,"template":"","format":"standard","meta":{"_acf_changed":false,"pagelayer_contact_templates":[],"_pagelayer_content":"","inline_featured_image":false,"fifu_image_url":"","fifu_image_alt":"","footnotes":""},"categories":[108],"tags":[141,196,212,203],"class_list":["post-389","post","type-post","status-publish","format-standard","hentry","category-lajme","tag-141","tag-tirane","tag-lajme-d27","tag-pergjigje-ndaj-akuzave"],"acf":[],"yoast_head":"<!-- This site is optimized with the Yoast SEO plugin v27.2 - https:\/\/yoast.com\/product\/yoast-seo-wordpress\/ -->\n<title>Deklarat\u00eb p\u00ebr Gazet\u00ebn Shqiptare. (7 Janar 2013) - Kisha Orthodh\u03bfkse Autoqefale e Shqip\u00ebris\u00eb<\/title>\n<meta name=\"robots\" content=\"index, follow, max-snippet:-1, max-image-preview:large, max-video-preview:-1\" \/>\n<link rel=\"canonical\" href=\"https:\/\/orthodoxalbania.org\/2020\/2013\/03\/21\/deklarate-per-gazeten-shqiptare\/\" \/>\n<meta property=\"og:locale\" content=\"en_US\" \/>\n<meta property=\"og:type\" content=\"article\" \/>\n<meta property=\"og:title\" content=\"Deklarat\u00eb p\u00ebr Gazet\u00ebn Shqiptare. (7 Janar 2013) - Kisha Orthodh\u03bfkse Autoqefale e Shqip\u00ebris\u00eb\" \/>\n<meta property=\"og:description\" content=\"Kisha Orthodhokse Autoqefale e Shqip\u00ebris\u00eb Zyra e Shtypit Tiran\u00eb, m\u00eb 07.01.2013 Redaksis\u00eb s\u00eb \u201cGazeta Shqiptare\u201d Njoftim &nbsp; &nbsp; M\u00eb dat\u00ebn 07.01.2013, faqja 4, \u201cGazeta Shqiptare\u201d botoi artikullin e z. Tedi&nbsp; Blushi, me titull \u201cKomuniteti Mysliman dhe Kisha s\u2019paguajn\u00eb taksat\u201d. Artikulli n\u00eb fjal\u00eb shoq\u00ebrohej me nj\u00eb list\u00eb targash automjetesh, p\u00ebr t\u00eb cilat thuhej se nuk ishin paguar i taksat e qarkullimit. Midis tyre renditeshin 8 targa\" \/>\n<meta property=\"og:url\" content=\"https:\/\/orthodoxalbania.org\/2020\/2013\/03\/21\/deklarate-per-gazeten-shqiptare\/\" \/>\n<meta property=\"og:site_name\" content=\"Kisha Orthodh\u03bfkse Autoqefale e Shqip\u00ebris\u00eb\" \/>\n<meta property=\"article:publisher\" content=\"https:\/\/www.facebook.com\/koash1991\" \/>\n<meta property=\"article:published_time\" content=\"2013-03-21T12:46:11+00:00\" \/>\n<meta property=\"article:modified_time\" content=\"2020-04-06T20:05:51+00:00\" \/>\n<meta property=\"og:image\" content=\"https:\/\/lh3.googleusercontent.com\/-0XaSr7tg_9w\/U_NB8PwotlI\/AAAAAAAAA2g\/QXaauIV8bCc\/s577-no\/logo.png\" \/>\n<meta name=\"author\" content=\"Kisha Orthodhokse\" \/>\n<meta name=\"twitter:card\" content=\"summary_large_image\" \/>\n<meta name=\"twitter:label1\" content=\"Written by\" \/>\n\t<meta name=\"twitter:data1\" content=\"Kisha Orthodhokse\" \/>\n\t<meta name=\"twitter:label2\" content=\"Est. reading time\" \/>\n\t<meta name=\"twitter:data2\" content=\"2 minutes\" \/>\n<script type=\"application\/ld+json\" class=\"yoast-schema-graph\">{\"@context\":\"https:\/\/schema.org\",\"@graph\":[{\"@type\":\"Article\",\"@id\":\"https:\/\/orthodoxalbania.org\/2020\/2013\/03\/21\/deklarate-per-gazeten-shqiptare\/#article\",\"isPartOf\":{\"@id\":\"https:\/\/orthodoxalbania.org\/2020\/2013\/03\/21\/deklarate-per-gazeten-shqiptare\/\"},\"author\":{\"name\":\"Kisha Orthodhokse\",\"@id\":\"https:\/\/orthodoxalbania.org\/2020\/#\/schema\/person\/0c387634a7063ac612d7ed9ce71c7e86\"},\"headline\":\"Deklarat\u00eb p\u00ebr Gazet\u00ebn Shqiptare. (7 Janar 2013)\",\"datePublished\":\"2013-03-21T12:46:11+00:00\",\"dateModified\":\"2020-04-06T20:05:51+00:00\",\"mainEntityOfPage\":{\"@id\":\"https:\/\/orthodoxalbania.org\/2020\/2013\/03\/21\/deklarate-per-gazeten-shqiptare\/\"},\"wordCount\":371,\"commentCount\":0,\"publisher\":{\"@id\":\"https:\/\/orthodoxalbania.org\/2020\/#organization\"},\"image\":{\"@id\":\"https:\/\/orthodoxalbania.org\/2020\/2013\/03\/21\/deklarate-per-gazeten-shqiptare\/#primaryimage\"},\"thumbnailUrl\":\"https:\/\/lh3.googleusercontent.com\/-0XaSr7tg_9w\/U_NB8PwotlI\/AAAAAAAAA2g\/QXaauIV8bCc\/s577-no\/logo.png\",\"keywords\":[\"2013\",\"Kryepiskopata Tiran\u00eb\",\"lajme\",\"P\u00ebrgjigje ndaj akuzave\"],\"articleSection\":[\"Lajme\"],\"inLanguage\":\"en-US\"},{\"@type\":\"WebPage\",\"@id\":\"https:\/\/orthodoxalbania.org\/2020\/2013\/03\/21\/deklarate-per-gazeten-shqiptare\/\",\"url\":\"https:\/\/orthodoxalbania.org\/2020\/2013\/03\/21\/deklarate-per-gazeten-shqiptare\/\",\"name\":\"Deklarat\u00eb p\u00ebr Gazet\u00ebn Shqiptare. (7 Janar 2013) - Kisha Orthodh\u03bfkse Autoqefale e Shqip\u00ebris\u00eb\",\"isPartOf\":{\"@id\":\"https:\/\/orthodoxalbania.org\/2020\/#website\"},\"primaryImageOfPage\":{\"@id\":\"https:\/\/orthodoxalbania.org\/2020\/2013\/03\/21\/deklarate-per-gazeten-shqiptare\/#primaryimage\"},\"image\":{\"@id\":\"https:\/\/orthodoxalbania.org\/2020\/2013\/03\/21\/deklarate-per-gazeten-shqiptare\/#primaryimage\"},\"thumbnailUrl\":\"https:\/\/lh3.googleusercontent.com\/-0XaSr7tg_9w\/U_NB8PwotlI\/AAAAAAAAA2g\/QXaauIV8bCc\/s577-no\/logo.png\",\"datePublished\":\"2013-03-21T12:46:11+00:00\",\"dateModified\":\"2020-04-06T20:05:51+00:00\",\"breadcrumb\":{\"@id\":\"https:\/\/orthodoxalbania.org\/2020\/2013\/03\/21\/deklarate-per-gazeten-shqiptare\/#breadcrumb\"},\"inLanguage\":\"en-US\",\"potentialAction\":[{\"@type\":\"ReadAction\",\"target\":[\"https:\/\/orthodoxalbania.org\/2020\/2013\/03\/21\/deklarate-per-gazeten-shqiptare\/\"]}]},{\"@type\":\"ImageObject\",\"inLanguage\":\"en-US\",\"@id\":\"https:\/\/orthodoxalbania.org\/2020\/2013\/03\/21\/deklarate-per-gazeten-shqiptare\/#primaryimage\",\"url\":\"https:\/\/lh3.googleusercontent.com\/-0XaSr7tg_9w\/U_NB8PwotlI\/AAAAAAAAA2g\/QXaauIV8bCc\/s577-no\/logo.png\",\"contentUrl\":\"https:\/\/lh3.googleusercontent.com\/-0XaSr7tg_9w\/U_NB8PwotlI\/AAAAAAAAA2g\/QXaauIV8bCc\/s577-no\/logo.png\"},{\"@type\":\"BreadcrumbList\",\"@id\":\"https:\/\/orthodoxalbania.org\/2020\/2013\/03\/21\/deklarate-per-gazeten-shqiptare\/#breadcrumb\",\"itemListElement\":[{\"@type\":\"ListItem\",\"position\":1,\"name\":\"Home\",\"item\":\"https:\/\/orthodoxalbania.org\/2020\/\"},{\"@type\":\"ListItem\",\"position\":2,\"name\":\"Deklarat\u00eb p\u00ebr Gazet\u00ebn Shqiptare. (7 Janar 2013)\"}]},{\"@type\":\"WebSite\",\"@id\":\"https:\/\/orthodoxalbania.org\/2020\/#website\",\"url\":\"https:\/\/orthodoxalbania.org\/2020\/\",\"name\":\"Kisha Orthodh\u03bfkse Autoqefale e Shqip\u00ebris\u00eb\",\"description\":\"Fqja Zyrtare e Kish\u00ebs Orthodhokse Autoqefale e Shqip\u00ebris\u00eb me lajmet edhe informacionet zyrtare p\u00ebr struktur\u00ebn edhe veprimtarin e saj.\",\"publisher\":{\"@id\":\"https:\/\/orthodoxalbania.org\/2020\/#organization\"},\"potentialAction\":[{\"@type\":\"SearchAction\",\"target\":{\"@type\":\"EntryPoint\",\"urlTemplate\":\"https:\/\/orthodoxalbania.org\/2020\/?s={search_term_string}\"},\"query-input\":{\"@type\":\"PropertyValueSpecification\",\"valueRequired\":true,\"valueName\":\"search_term_string\"}}],\"inLanguage\":\"en-US\"},{\"@type\":\"Organization\",\"@id\":\"https:\/\/orthodoxalbania.org\/2020\/#organization\",\"name\":\"Kisha Orthodhokse Autoqefale e Shqip\u00ebris\u00eb\",\"url\":\"https:\/\/orthodoxalbania.org\/2020\/\",\"logo\":{\"@type\":\"ImageObject\",\"inLanguage\":\"en-US\",\"@id\":\"https:\/\/orthodoxalbania.org\/2020\/#\/schema\/logo\/image\/\",\"url\":\"https:\/\/orthodoxalbania.org\/2020\/wp-content\/uploads\/2020\/05\/albania.jpeg\",\"contentUrl\":\"https:\/\/orthodoxalbania.org\/2020\/wp-content\/uploads\/2020\/05\/albania.jpeg\",\"width\":540,\"height\":540,\"caption\":\"Kisha Orthodhokse Autoqefale e Shqip\u00ebris\u00eb\"},\"image\":{\"@id\":\"https:\/\/orthodoxalbania.org\/2020\/#\/schema\/logo\/image\/\"},\"sameAs\":[\"https:\/\/www.facebook.com\/koash1991\"]},{\"@type\":\"Person\",\"@id\":\"https:\/\/orthodoxalbania.org\/2020\/#\/schema\/person\/0c387634a7063ac612d7ed9ce71c7e86\",\"name\":\"Kisha Orthodhokse\",\"image\":{\"@type\":\"ImageObject\",\"inLanguage\":\"en-US\",\"@id\":\"https:\/\/secure.gravatar.com\/avatar\/596e7c417251e30f2fbb9c00e026fce61a695a00e51c889caded71c96cbbdde5?s=96&d=mm&r=g\",\"url\":\"https:\/\/secure.gravatar.com\/avatar\/596e7c417251e30f2fbb9c00e026fce61a695a00e51c889caded71c96cbbdde5?s=96&d=mm&r=g\",\"contentUrl\":\"https:\/\/secure.gravatar.com\/avatar\/596e7c417251e30f2fbb9c00e026fce61a695a00e51c889caded71c96cbbdde5?s=96&d=mm&r=g\",\"caption\":\"Kisha Orthodhokse\"}}]}<\/script>\n<!-- \/ Yoast SEO plugin. -->","yoast_head_json":{"title":"Deklarat\u00eb p\u00ebr Gazet\u00ebn Shqiptare. (7 Janar 2013) - Kisha Orthodh\u03bfkse Autoqefale e Shqip\u00ebris\u00eb","robots":{"index":"index","follow":"follow","max-snippet":"max-snippet:-1","max-image-preview":"max-image-preview:large","max-video-preview":"max-video-preview:-1"},"canonical":"https:\/\/orthodoxalbania.org\/2020\/2013\/03\/21\/deklarate-per-gazeten-shqiptare\/","og_locale":"en_US","og_type":"article","og_title":"Deklarat\u00eb p\u00ebr Gazet\u00ebn Shqiptare. (7 Janar 2013) - Kisha Orthodh\u03bfkse Autoqefale e Shqip\u00ebris\u00eb","og_description":"Kisha Orthodhokse Autoqefale e Shqip\u00ebris\u00eb Zyra e Shtypit Tiran\u00eb, m\u00eb 07.01.2013 Redaksis\u00eb s\u00eb \u201cGazeta Shqiptare\u201d Njoftim &nbsp; &nbsp; M\u00eb dat\u00ebn 07.01.2013, faqja 4, \u201cGazeta Shqiptare\u201d botoi artikullin e z. Tedi&nbsp; Blushi, me titull \u201cKomuniteti Mysliman dhe Kisha s\u2019paguajn\u00eb taksat\u201d. Artikulli n\u00eb fjal\u00eb shoq\u00ebrohej me nj\u00eb list\u00eb targash automjetesh, p\u00ebr t\u00eb cilat thuhej se nuk ishin paguar i taksat e qarkullimit. Midis tyre renditeshin 8 targa","og_url":"https:\/\/orthodoxalbania.org\/2020\/2013\/03\/21\/deklarate-per-gazeten-shqiptare\/","og_site_name":"Kisha Orthodh\u03bfkse Autoqefale e Shqip\u00ebris\u00eb","article_publisher":"https:\/\/www.facebook.com\/koash1991","article_published_time":"2013-03-21T12:46:11+00:00","article_modified_time":"2020-04-06T20:05:51+00:00","og_image":[{"url":"https:\/\/lh3.googleusercontent.com\/-0XaSr7tg_9w\/U_NB8PwotlI\/AAAAAAAAA2g\/QXaauIV8bCc\/s577-no\/logo.png","type":"","width":"","height":""}],"author":"Kisha Orthodhokse","twitter_card":"summary_large_image","twitter_misc":{"Written by":"Kisha Orthodhokse","Est. reading time":"2 minutes"},"schema":{"@context":"https:\/\/schema.org","@graph":[{"@type":"Article","@id":"https:\/\/orthodoxalbania.org\/2020\/2013\/03\/21\/deklarate-per-gazeten-shqiptare\/#article","isPartOf":{"@id":"https:\/\/orthodoxalbania.org\/2020\/2013\/03\/21\/deklarate-per-gazeten-shqiptare\/"},"author":{"name":"Kisha Orthodhokse","@id":"https:\/\/orthodoxalbania.org\/2020\/#\/schema\/person\/0c387634a7063ac612d7ed9ce71c7e86"},"headline":"Deklarat\u00eb p\u00ebr Gazet\u00ebn Shqiptare. (7 Janar 2013)","datePublished":"2013-03-21T12:46:11+00:00","dateModified":"2020-04-06T20:05:51+00:00","mainEntityOfPage":{"@id":"https:\/\/orthodoxalbania.org\/2020\/2013\/03\/21\/deklarate-per-gazeten-shqiptare\/"},"wordCount":371,"commentCount":0,"publisher":{"@id":"https:\/\/orthodoxalbania.org\/2020\/#organization"},"image":{"@id":"https:\/\/orthodoxalbania.org\/2020\/2013\/03\/21\/deklarate-per-gazeten-shqiptare\/#primaryimage"},"thumbnailUrl":"https:\/\/lh3.googleusercontent.com\/-0XaSr7tg_9w\/U_NB8PwotlI\/AAAAAAAAA2g\/QXaauIV8bCc\/s577-no\/logo.png","keywords":["2013","Kryepiskopata Tiran\u00eb","lajme","P\u00ebrgjigje ndaj akuzave"],"articleSection":["Lajme"],"inLanguage":"en-US"},{"@type":"WebPage","@id":"https:\/\/orthodoxalbania.org\/2020\/2013\/03\/21\/deklarate-per-gazeten-shqiptare\/","url":"https:\/\/orthodoxalbania.org\/2020\/2013\/03\/21\/deklarate-per-gazeten-shqiptare\/","name":"Deklarat\u00eb p\u00ebr Gazet\u00ebn Shqiptare. (7 Janar 2013) - Kisha Orthodh\u03bfkse Autoqefale e Shqip\u00ebris\u00eb","isPartOf":{"@id":"https:\/\/orthodoxalbania.org\/2020\/#website"},"primaryImageOfPage":{"@id":"https:\/\/orthodoxalbania.org\/2020\/2013\/03\/21\/deklarate-per-gazeten-shqiptare\/#primaryimage"},"image":{"@id":"https:\/\/orthodoxalbania.org\/2020\/2013\/03\/21\/deklarate-per-gazeten-shqiptare\/#primaryimage"},"thumbnailUrl":"https:\/\/lh3.googleusercontent.com\/-0XaSr7tg_9w\/U_NB8PwotlI\/AAAAAAAAA2g\/QXaauIV8bCc\/s577-no\/logo.png","datePublished":"2013-03-21T12:46:11+00:00","dateModified":"2020-04-06T20:05:51+00:00","breadcrumb":{"@id":"https:\/\/orthodoxalbania.org\/2020\/2013\/03\/21\/deklarate-per-gazeten-shqiptare\/#breadcrumb"},"inLanguage":"en-US","potentialAction":[{"@type":"ReadAction","target":["https:\/\/orthodoxalbania.org\/2020\/2013\/03\/21\/deklarate-per-gazeten-shqiptare\/"]}]},{"@type":"ImageObject","inLanguage":"en-US","@id":"https:\/\/orthodoxalbania.org\/2020\/2013\/03\/21\/deklarate-per-gazeten-shqiptare\/#primaryimage","url":"https:\/\/lh3.googleusercontent.com\/-0XaSr7tg_9w\/U_NB8PwotlI\/AAAAAAAAA2g\/QXaauIV8bCc\/s577-no\/logo.png","contentUrl":"https:\/\/lh3.googleusercontent.com\/-0XaSr7tg_9w\/U_NB8PwotlI\/AAAAAAAAA2g\/QXaauIV8bCc\/s577-no\/logo.png"},{"@type":"BreadcrumbList","@id":"https:\/\/orthodoxalbania.org\/2020\/2013\/03\/21\/deklarate-per-gazeten-shqiptare\/#breadcrumb","itemListElement":[{"@type":"ListItem","position":1,"name":"Home","item":"https:\/\/orthodoxalbania.org\/2020\/"},{"@type":"ListItem","position":2,"name":"Deklarat\u00eb p\u00ebr Gazet\u00ebn Shqiptare. (7 Janar 2013)"}]},{"@type":"WebSite","@id":"https:\/\/orthodoxalbania.org\/2020\/#website","url":"https:\/\/orthodoxalbania.org\/2020\/","name":"Kisha Orthodh\u03bfkse Autoqefale e Shqip\u00ebris\u00eb","description":"Fqja Zyrtare e Kish\u00ebs Orthodhokse Autoqefale e Shqip\u00ebris\u00eb me lajmet edhe informacionet zyrtare p\u00ebr struktur\u00ebn edhe veprimtarin e saj.","publisher":{"@id":"https:\/\/orthodoxalbania.org\/2020\/#organization"},"potentialAction":[{"@type":"SearchAction","target":{"@type":"EntryPoint","urlTemplate":"https:\/\/orthodoxalbania.org\/2020\/?s={search_term_string}"},"query-input":{"@type":"PropertyValueSpecification","valueRequired":true,"valueName":"search_term_string"}}],"inLanguage":"en-US"},{"@type":"Organization","@id":"https:\/\/orthodoxalbania.org\/2020\/#organization","name":"Kisha Orthodhokse Autoqefale e Shqip\u00ebris\u00eb","url":"https:\/\/orthodoxalbania.org\/2020\/","logo":{"@type":"ImageObject","inLanguage":"en-US","@id":"https:\/\/orthodoxalbania.org\/2020\/#\/schema\/logo\/image\/","url":"https:\/\/orthodoxalbania.org\/2020\/wp-content\/uploads\/2020\/05\/albania.jpeg","contentUrl":"https:\/\/orthodoxalbania.org\/2020\/wp-content\/uploads\/2020\/05\/albania.jpeg","width":540,"height":540,"caption":"Kisha Orthodhokse Autoqefale e Shqip\u00ebris\u00eb"},"image":{"@id":"https:\/\/orthodoxalbania.org\/2020\/#\/schema\/logo\/image\/"},"sameAs":["https:\/\/www.facebook.com\/koash1991"]},{"@type":"Person","@id":"https:\/\/orthodoxalbania.org\/2020\/#\/schema\/person\/0c387634a7063ac612d7ed9ce71c7e86","name":"Kisha Orthodhokse","image":{"@type":"ImageObject","inLanguage":"en-US","@id":"https:\/\/secure.gravatar.com\/avatar\/596e7c417251e30f2fbb9c00e026fce61a695a00e51c889caded71c96cbbdde5?s=96&d=mm&r=g","url":"https:\/\/secure.gravatar.com\/avatar\/596e7c417251e30f2fbb9c00e026fce61a695a00e51c889caded71c96cbbdde5?s=96&d=mm&r=g","contentUrl":"https:\/\/secure.gravatar.com\/avatar\/596e7c417251e30f2fbb9c00e026fce61a695a00e51c889caded71c96cbbdde5?s=96&d=mm&r=g","caption":"Kisha Orthodhokse"}}]}},"_links":{"self":[{"href":"https:\/\/orthodoxalbania.org\/2020\/wp-json\/wp\/v2\/posts\/389","targetHints":{"allow":["GET"]}}],"collection":[{"href":"https:\/\/orthodoxalbania.org\/2020\/wp-json\/wp\/v2\/posts"}],"about":[{"href":"https:\/\/orthodoxalbania.org\/2020\/wp-json\/wp\/v2\/types\/post"}],"author":[{"embeddable":true,"href":"https:\/\/orthodoxalbania.org\/2020\/wp-json\/wp\/v2\/users\/1"}],"replies":[{"embeddable":true,"href":"https:\/\/orthodoxalbania.org\/2020\/wp-json\/wp\/v2\/comments?post=389"}],"version-history":[{"count":1,"href":"https:\/\/orthodoxalbania.org\/2020\/wp-json\/wp\/v2\/posts\/389\/revisions"}],"predecessor-version":[{"id":15258,"href":"https:\/\/orthodoxalbania.org\/2020\/wp-json\/wp\/v2\/posts\/389\/revisions\/15258"}],"wp:attachment":[{"href":"https:\/\/orthodoxalbania.org\/2020\/wp-json\/wp\/v2\/media?parent=389"}],"wp:term":[{"taxonomy":"category","embeddable":true,"href":"https:\/\/orthodoxalbania.org\/2020\/wp-json\/wp\/v2\/categories?post=389"},{"taxonomy":"post_tag","embeddable":true,"href":"https:\/\/orthodoxalbania.org\/2020\/wp-json\/wp\/v2\/tags?post=389"}],"curies":[{"name":"wp","href":"https:\/\/api.w.org\/{rel}","templated":true}]}}