{"id":387,"date":"2013-03-20T13:10:00","date_gmt":"2013-03-20T13:10:00","guid":{"rendered":""},"modified":"2020-04-06T22:32:16","modified_gmt":"2020-04-06T20:32:16","slug":"deklarate-e-rinise-orthodhokse-te-tiranes-kunder-akuzave-dhe-shpifjeve-ndaj-kishes-dhe-kryepeshkopit-anastas-2010","status":"publish","type":"post","link":"https:\/\/orthodoxalbania.org\/2020\/2013\/03\/20\/deklarate-e-rinise-orthodhokse-te-tiranes-kunder-akuzave-dhe-shpifjeve-ndaj-kishes-dhe-kryepeshkopit-anastas-2010\/","title":{"rendered":"Deklarat\u00eb e Rinis\u00eb Orthodhokse t\u00eb Tiran\u00ebs kund\u00ebr akuzave dhe shpifjeve ndaj Kish\u00ebs dhe Kryepeshkopit Anastas (2010)"},"content":{"rendered":"<div class=\"style10\" style=\"text-align: justify;\"><span style=\"color: #000000; font-size: 12pt; font-family: helvetica;\">&nbsp;&nbsp;&nbsp; Ne, t\u00eb rinjt\u00eb orthodhoks\u00eb t\u00eb Tiran\u00ebs, shprehim solidarizimin ton\u00eb n\u00eb mbrojtje t\u00eb Kish\u00ebs Orthodhokse Autoqefal\u00eb t\u00eb Shqip\u00ebris\u00eb dhe Kryepeshkopit Anastas, duke kund\u00ebrshtuar sulmet dashakeqe dhe akuzat e pav\u00ebrteta q\u00eb jan\u00eb publikuar dit\u00ebt e fundit n\u00eb media.<\/span><\/div>\n<div class=\"style10\" style=\"text-align: justify;\"><span style=\"font-size: 12pt; font-family: helvetica;\"><\/span><\/div>\n<div class=\"style10\" style=\"text-align: justify;\"><span style=\"color: #000000; font-size: 12pt; font-family: helvetica;\">&nbsp;&nbsp;&nbsp; Habitemi se si disa njer\u00ebz publik\u00eb q\u00eb na kan\u00eb m\u00ebsuar historin\u00eb e vendit ton\u00eb, shfaqen kaq sip\u00ebrfaq\u00ebsor\u00eb me realitetin e k\u00ebtyre 20 viteve t\u00eb Kish\u00ebs Orthodhokse, duke u p\u00ebrpjekur t\u00eb hedhin balt\u00eb mbi Kryebariun ton\u00eb shpirt\u00ebror q\u00eb p\u00ebrcjell dashuri, paqe dhe na frym\u00ebzon n\u00eb \u00e7do veprimtari. P\u00ebrpjekja p\u00ebr t\u00eb n\u00ebp\u00ebrk\u00ebmbur emrin dhe personalitetin e Kryepeshkopit Anastas dhe Kish\u00ebs n\u00eb p\u00ebrgjith\u00ebsi, \u00ebsht\u00eb nj\u00eb akt i sh\u00ebmtuar dhe i d\u00ebshtuar q\u00eb jo vet\u00ebm na zhg\u00ebnjen, por na kujton t\u00eb kaluar\u00ebn e hidhur komuniste dhe ateiste, e cila censuronte lirin\u00eb dhe t\u00eb v\u00ebrtet\u00ebn.<\/span><\/div>\n<div class=\"style10\" style=\"text-align: justify;\"><span style=\"font-size: 12pt; font-family: helvetica;\"><\/span><\/div>\n<div class=\"style10\" style=\"text-align: justify;\"><span style=\"color: #000000; font-size: 12pt; font-family: helvetica;\">&nbsp;&nbsp;&nbsp; Ne jemi d\u00ebshmitar\u00eb okular\u00eb t\u00eb ringritjes s\u00eb Kish\u00ebs dhe zhvillimit t\u00eb jasht\u00ebzakonsh\u00ebm t\u00eb saj, e njohim, duke e p\u00ebrjetuar nga af\u00ebr ndihm\u00ebn dhe kontributin shum\u00eb t\u00eb \u00e7muar t\u00eb Kryepeshkopit, i cili i ka q\u00ebndruar pran\u00eb n\u00eb \u00e7do moment komunitetit dhe ve\u00e7an\u00ebrisht rinis\u00eb orthodhokse.<\/span><\/div>\n<div class=\"style10\" style=\"text-align: justify;\"><span style=\"font-size: 12pt; font-family: helvetica;\"><\/span><\/div>\n<div class=\"style10\" style=\"text-align: justify;\"><span style=\"color: #000000; font-size: 12pt; font-family: helvetica;\">&nbsp;&nbsp;&nbsp; Ndon\u00ebse mes shum\u00eb sfidave dhe v\u00ebshtir\u00ebsive, Ai na ka dh\u00ebn\u00eb mund\u00ebsi t\u00eb organizojm\u00eb aktivitete n\u00eb qendrat rinore n\u00eb t\u00eb kat\u00ebr cepat e Shqip\u00ebris\u00eb, ka dh\u00ebn\u00eb kontributin e tij shpirt\u00ebror dhe financiar n\u00eb aktivitete t\u00eb larmishme dhe veprimtari shpirt\u00ebrore, sociale, edukative, kulturore, sportive etj, t\u00eb cilat nuk i kemi par\u00eb dhe nuk i kemi provuar n\u00eb mjediset e tjera. Ai na ka dh\u00ebn\u00eb mund\u00ebsi t\u00eb njohim m\u00eb shum\u00eb besimin, Krishtin dhe nj\u00ebri-tjetrin, na ka m\u00ebsuar t\u00eb ndihmojm\u00eb t\u00eb varfrit dhe t\u00eb kryejm\u00eb vepra bamir\u00ebse, t\u00eb vizitojm\u00eb t\u00eb s\u00ebmur\u00ebt dhe t\u00eb burgosurit, t\u00eb japim dashuri aty ku ajo nuk ekziston&#8230;Vepra dhe puna e Tij jan\u00eb nj\u00eb model i pakrahasuesh\u00ebm p\u00ebr t\u00eb ardhmen e Kish\u00ebs dhe p\u00ebr ne brezin e ri.<\/span><\/div>\n<div class=\"style10\" style=\"text-align: justify;\"><span style=\"font-size: 12pt; font-family: helvetica;\"><\/span><\/div>\n<div class=\"style10\" style=\"text-align: justify;\"><span style=\"color: #000000; font-size: 12pt; font-family: helvetica;\">&nbsp;&nbsp;&nbsp; N\u00eb fund t\u00eb k\u00ebsaj deklarate, ne k\u00ebrkojm\u00eb t\u00eb ndalet fushata e akuzave dhe shpifjeve dhe shprehim gatishm\u00ebrin\u00eb t\u00eb d\u00ebshmojm\u00eb t\u00eb v\u00ebrtet\u00ebn dhe ta mbrojm\u00eb at\u00eb, n\u00eb em\u00ebr t\u00eb dashuris\u00eb p\u00ebr Per\u00ebndin\u00eb dhe njer\u00ebzit q\u00eb e p\u00ebrfaq\u00ebsojn\u00eb at\u00eb me dinjitet.<\/span><\/div>\n<div class=\"style10\" style=\"text-align: justify;\"><span style=\"font-size: 12pt; font-family: helvetica;\"><\/span><\/div>\n<div class=\"style10\" style=\"text-align: right;\"><span style=\"font-size: 12pt; font-family: helvetica;\"><\/span><\/div>\n<div class=\"style10\" style=\"text-align: right;\"><span style=\"color: #000000; font-size: 12pt; font-family: helvetica;\">Rinia Orthodhokse e Tiran\u00ebs<\/span><\/div>\n<div class=\"style10\" style=\"text-align: right;\"><span style=\"font-size: 12pt; font-family: helvetica;\"><\/span><\/div>\n<div class=\"style10\" style=\"text-align: right;\"><span style=\"color: #000000; font-size: 12pt; font-family: helvetica;\">Tiran\u00eb, n\u00ebntor 2010<\/span><\/div>\n<div class=\"style10\" style=\"text-align: right;\"><span style=\"font-size: 12pt; font-family: helvetica;\"><\/span><\/div>\n<div class=\"style10\" style=\"text-align: center;\"><span style=\"color: #000000; font-size: 12pt; font-family: helvetica;\"><img decoding=\"async\" class=\"lazyload HAa Eha\" style=\"border-width: 1px; border-style: solid; margin: 10px;\" alt=\"\" src=\"data:image\/gif;base64,R0lGODlhAQABAAAAACH5BAEKAAEALAAAAAABAAEAAAICTAEAOw==\" data-orig-src=\"https:\/\/lh5.googleusercontent.com\/-yudS8LbIGns\/VK5NJMDHX8I\/AAAAAAAAKdU\/KLFVmPnRY7A\/w577-h823-no\/firmat.jpg\" \/><\/span><\/div>\n","protected":false},"excerpt":{"rendered":"<p>&nbsp;&nbsp;&nbsp; Ne, t\u00eb rinjt\u00eb orthodhoks\u00eb t\u00eb Tiran\u00ebs, shprehim solidarizimin ton\u00eb n\u00eb mbrojtje t\u00eb Kish\u00ebs Orthodhokse Autoqefal\u00eb t\u00eb Shqip\u00ebris\u00eb dhe Kryepeshkopit Anastas, duke kund\u00ebrshtuar sulmet dashakeqe dhe akuzat e pav\u00ebrteta q\u00eb jan\u00eb publikuar dit\u00ebt e fundit n\u00eb media. &nbsp;&nbsp;&nbsp; Habitemi se si disa njer\u00ebz publik\u00eb q\u00eb na kan\u00eb m\u00ebsuar historin\u00eb e vendit ton\u00eb, shfaqen kaq sip\u00ebrfaq\u00ebsor\u00eb me realitetin e k\u00ebtyre 20 viteve t\u00eb Kish\u00ebs Orthodhokse, duke<\/p>\n","protected":false},"author":1,"featured_media":0,"comment_status":"open","ping_status":"open","sticky":false,"template":"","format":"standard","meta":{"_acf_changed":false,"pagelayer_contact_templates":[],"_pagelayer_content":"","inline_featured_image":false,"fifu_image_url":"","fifu_image_alt":"","footnotes":""},"categories":[108],"tags":[144,153,196,212,203],"class_list":["post-387","post","type-post","status-publish","format-standard","hentry","category-lajme","tag-144","tag-deklarata-njoftime-zyrtare-d75","tag-tirane","tag-lajme-d27","tag-pergjigje-ndaj-akuzave"],"acf":[],"yoast_head":"<!-- This site is optimized with the Yoast SEO plugin v27.2 - https:\/\/yoast.com\/product\/yoast-seo-wordpress\/ -->\n<title>Deklarat\u00eb e Rinis\u00eb Orthodhokse t\u00eb Tiran\u00ebs kund\u00ebr akuzave dhe shpifjeve ndaj Kish\u00ebs dhe Kryepeshkopit Anastas (2010) - Kisha Orthodh\u03bfkse Autoqefale e Shqip\u00ebris\u00eb<\/title>\n<meta name=\"robots\" content=\"index, follow, max-snippet:-1, max-image-preview:large, max-video-preview:-1\" \/>\n<link rel=\"canonical\" href=\"https:\/\/orthodoxalbania.org\/2020\/2013\/03\/20\/deklarate-e-rinise-orthodhokse-te-tiranes-kunder-akuzave-dhe-shpifjeve-ndaj-kishes-dhe-kryepeshkopit-anastas-2010\/\" \/>\n<meta property=\"og:locale\" content=\"en_US\" \/>\n<meta property=\"og:type\" content=\"article\" \/>\n<meta property=\"og:title\" content=\"Deklarat\u00eb e Rinis\u00eb Orthodhokse t\u00eb Tiran\u00ebs kund\u00ebr akuzave dhe shpifjeve ndaj Kish\u00ebs dhe Kryepeshkopit Anastas (2010) - Kisha Orthodh\u03bfkse Autoqefale e Shqip\u00ebris\u00eb\" \/>\n<meta property=\"og:description\" content=\"&nbsp;&nbsp;&nbsp; Ne, t\u00eb rinjt\u00eb orthodhoks\u00eb t\u00eb Tiran\u00ebs, shprehim solidarizimin ton\u00eb n\u00eb mbrojtje t\u00eb Kish\u00ebs Orthodhokse Autoqefal\u00eb t\u00eb Shqip\u00ebris\u00eb dhe Kryepeshkopit Anastas, duke kund\u00ebrshtuar sulmet dashakeqe dhe akuzat e pav\u00ebrteta q\u00eb jan\u00eb publikuar dit\u00ebt e fundit n\u00eb media. &nbsp;&nbsp;&nbsp; Habitemi se si disa njer\u00ebz publik\u00eb q\u00eb na kan\u00eb m\u00ebsuar historin\u00eb e vendit ton\u00eb, shfaqen kaq sip\u00ebrfaq\u00ebsor\u00eb me realitetin e k\u00ebtyre 20 viteve t\u00eb Kish\u00ebs Orthodhokse, duke\" \/>\n<meta property=\"og:url\" content=\"https:\/\/orthodoxalbania.org\/2020\/2013\/03\/20\/deklarate-e-rinise-orthodhokse-te-tiranes-kunder-akuzave-dhe-shpifjeve-ndaj-kishes-dhe-kryepeshkopit-anastas-2010\/\" \/>\n<meta property=\"og:site_name\" content=\"Kisha Orthodh\u03bfkse Autoqefale e Shqip\u00ebris\u00eb\" \/>\n<meta property=\"article:publisher\" content=\"https:\/\/www.facebook.com\/koash1991\" \/>\n<meta property=\"article:published_time\" content=\"2013-03-20T13:10:00+00:00\" \/>\n<meta property=\"article:modified_time\" content=\"2020-04-06T20:32:16+00:00\" \/>\n<meta property=\"og:image\" content=\"https:\/\/lh5.googleusercontent.com\/-yudS8LbIGns\/VK5NJMDHX8I\/AAAAAAAAKdU\/KLFVmPnRY7A\/w577-h823-no\/firmat.jpg\" \/>\n<meta name=\"author\" content=\"Kisha Orthodhokse\" \/>\n<meta name=\"twitter:card\" content=\"summary_large_image\" \/>\n<meta name=\"twitter:label1\" content=\"Written by\" \/>\n\t<meta name=\"twitter:data1\" content=\"Kisha Orthodhokse\" \/>\n\t<meta name=\"twitter:label2\" content=\"Est. reading time\" \/>\n\t<meta name=\"twitter:data2\" content=\"2 minutes\" \/>\n<script type=\"application\/ld+json\" class=\"yoast-schema-graph\">{\"@context\":\"https:\/\/schema.org\",\"@graph\":[{\"@type\":\"Article\",\"@id\":\"https:\/\/orthodoxalbania.org\/2020\/2013\/03\/20\/deklarate-e-rinise-orthodhokse-te-tiranes-kunder-akuzave-dhe-shpifjeve-ndaj-kishes-dhe-kryepeshkopit-anastas-2010\/#article\",\"isPartOf\":{\"@id\":\"https:\/\/orthodoxalbania.org\/2020\/2013\/03\/20\/deklarate-e-rinise-orthodhokse-te-tiranes-kunder-akuzave-dhe-shpifjeve-ndaj-kishes-dhe-kryepeshkopit-anastas-2010\/\"},\"author\":{\"name\":\"Kisha Orthodhokse\",\"@id\":\"https:\/\/orthodoxalbania.org\/2020\/#\/schema\/person\/0c387634a7063ac612d7ed9ce71c7e86\"},\"headline\":\"Deklarat\u00eb e Rinis\u00eb Orthodhokse t\u00eb Tiran\u00ebs kund\u00ebr akuzave dhe shpifjeve ndaj Kish\u00ebs dhe Kryepeshkopit Anastas (2010)\",\"datePublished\":\"2013-03-20T13:10:00+00:00\",\"dateModified\":\"2020-04-06T20:32:16+00:00\",\"mainEntityOfPage\":{\"@id\":\"https:\/\/orthodoxalbania.org\/2020\/2013\/03\/20\/deklarate-e-rinise-orthodhokse-te-tiranes-kunder-akuzave-dhe-shpifjeve-ndaj-kishes-dhe-kryepeshkopit-anastas-2010\/\"},\"wordCount\":441,\"commentCount\":0,\"publisher\":{\"@id\":\"https:\/\/orthodoxalbania.org\/2020\/#organization\"},\"image\":{\"@id\":\"https:\/\/orthodoxalbania.org\/2020\/2013\/03\/20\/deklarate-e-rinise-orthodhokse-te-tiranes-kunder-akuzave-dhe-shpifjeve-ndaj-kishes-dhe-kryepeshkopit-anastas-2010\/#primaryimage\"},\"thumbnailUrl\":\"https:\/\/lh5.googleusercontent.com\/-yudS8LbIGns\/VK5NJMDHX8I\/AAAAAAAAKdU\/KLFVmPnRY7A\/w577-h823-no\/firmat.jpg\",\"keywords\":[\"2010\",\"Deklarata - Njoftime Zyrtare\",\"Kryepiskopata Tiran\u00eb\",\"lajme\",\"P\u00ebrgjigje ndaj akuzave\"],\"articleSection\":[\"Lajme\"],\"inLanguage\":\"en-US\"},{\"@type\":\"WebPage\",\"@id\":\"https:\/\/orthodoxalbania.org\/2020\/2013\/03\/20\/deklarate-e-rinise-orthodhokse-te-tiranes-kunder-akuzave-dhe-shpifjeve-ndaj-kishes-dhe-kryepeshkopit-anastas-2010\/\",\"url\":\"https:\/\/orthodoxalbania.org\/2020\/2013\/03\/20\/deklarate-e-rinise-orthodhokse-te-tiranes-kunder-akuzave-dhe-shpifjeve-ndaj-kishes-dhe-kryepeshkopit-anastas-2010\/\",\"name\":\"Deklarat\u00eb e Rinis\u00eb Orthodhokse t\u00eb Tiran\u00ebs kund\u00ebr akuzave dhe shpifjeve ndaj Kish\u00ebs dhe Kryepeshkopit Anastas (2010) - Kisha Orthodh\u03bfkse Autoqefale e Shqip\u00ebris\u00eb\",\"isPartOf\":{\"@id\":\"https:\/\/orthodoxalbania.org\/2020\/#website\"},\"primaryImageOfPage\":{\"@id\":\"https:\/\/orthodoxalbania.org\/2020\/2013\/03\/20\/deklarate-e-rinise-orthodhokse-te-tiranes-kunder-akuzave-dhe-shpifjeve-ndaj-kishes-dhe-kryepeshkopit-anastas-2010\/#primaryimage\"},\"image\":{\"@id\":\"https:\/\/orthodoxalbania.org\/2020\/2013\/03\/20\/deklarate-e-rinise-orthodhokse-te-tiranes-kunder-akuzave-dhe-shpifjeve-ndaj-kishes-dhe-kryepeshkopit-anastas-2010\/#primaryimage\"},\"thumbnailUrl\":\"https:\/\/lh5.googleusercontent.com\/-yudS8LbIGns\/VK5NJMDHX8I\/AAAAAAAAKdU\/KLFVmPnRY7A\/w577-h823-no\/firmat.jpg\",\"datePublished\":\"2013-03-20T13:10:00+00:00\",\"dateModified\":\"2020-04-06T20:32:16+00:00\",\"breadcrumb\":{\"@id\":\"https:\/\/orthodoxalbania.org\/2020\/2013\/03\/20\/deklarate-e-rinise-orthodhokse-te-tiranes-kunder-akuzave-dhe-shpifjeve-ndaj-kishes-dhe-kryepeshkopit-anastas-2010\/#breadcrumb\"},\"inLanguage\":\"en-US\",\"potentialAction\":[{\"@type\":\"ReadAction\",\"target\":[\"https:\/\/orthodoxalbania.org\/2020\/2013\/03\/20\/deklarate-e-rinise-orthodhokse-te-tiranes-kunder-akuzave-dhe-shpifjeve-ndaj-kishes-dhe-kryepeshkopit-anastas-2010\/\"]}]},{\"@type\":\"ImageObject\",\"inLanguage\":\"en-US\",\"@id\":\"https:\/\/orthodoxalbania.org\/2020\/2013\/03\/20\/deklarate-e-rinise-orthodhokse-te-tiranes-kunder-akuzave-dhe-shpifjeve-ndaj-kishes-dhe-kryepeshkopit-anastas-2010\/#primaryimage\",\"url\":\"https:\/\/lh5.googleusercontent.com\/-yudS8LbIGns\/VK5NJMDHX8I\/AAAAAAAAKdU\/KLFVmPnRY7A\/w577-h823-no\/firmat.jpg\",\"contentUrl\":\"https:\/\/lh5.googleusercontent.com\/-yudS8LbIGns\/VK5NJMDHX8I\/AAAAAAAAKdU\/KLFVmPnRY7A\/w577-h823-no\/firmat.jpg\"},{\"@type\":\"BreadcrumbList\",\"@id\":\"https:\/\/orthodoxalbania.org\/2020\/2013\/03\/20\/deklarate-e-rinise-orthodhokse-te-tiranes-kunder-akuzave-dhe-shpifjeve-ndaj-kishes-dhe-kryepeshkopit-anastas-2010\/#breadcrumb\",\"itemListElement\":[{\"@type\":\"ListItem\",\"position\":1,\"name\":\"Home\",\"item\":\"https:\/\/orthodoxalbania.org\/2020\/\"},{\"@type\":\"ListItem\",\"position\":2,\"name\":\"Deklarat\u00eb e Rinis\u00eb Orthodhokse t\u00eb Tiran\u00ebs kund\u00ebr akuzave dhe shpifjeve ndaj Kish\u00ebs dhe Kryepeshkopit Anastas (2010)\"}]},{\"@type\":\"WebSite\",\"@id\":\"https:\/\/orthodoxalbania.org\/2020\/#website\",\"url\":\"https:\/\/orthodoxalbania.org\/2020\/\",\"name\":\"Kisha Orthodh\u03bfkse Autoqefale e Shqip\u00ebris\u00eb\",\"description\":\"Fqja Zyrtare e Kish\u00ebs Orthodhokse Autoqefale e Shqip\u00ebris\u00eb me lajmet edhe informacionet zyrtare p\u00ebr struktur\u00ebn edhe veprimtarin e saj.\",\"publisher\":{\"@id\":\"https:\/\/orthodoxalbania.org\/2020\/#organization\"},\"potentialAction\":[{\"@type\":\"SearchAction\",\"target\":{\"@type\":\"EntryPoint\",\"urlTemplate\":\"https:\/\/orthodoxalbania.org\/2020\/?s={search_term_string}\"},\"query-input\":{\"@type\":\"PropertyValueSpecification\",\"valueRequired\":true,\"valueName\":\"search_term_string\"}}],\"inLanguage\":\"en-US\"},{\"@type\":\"Organization\",\"@id\":\"https:\/\/orthodoxalbania.org\/2020\/#organization\",\"name\":\"Kisha Orthodhokse Autoqefale e Shqip\u00ebris\u00eb\",\"url\":\"https:\/\/orthodoxalbania.org\/2020\/\",\"logo\":{\"@type\":\"ImageObject\",\"inLanguage\":\"en-US\",\"@id\":\"https:\/\/orthodoxalbania.org\/2020\/#\/schema\/logo\/image\/\",\"url\":\"https:\/\/orthodoxalbania.org\/2020\/wp-content\/uploads\/2020\/05\/albania.jpeg\",\"contentUrl\":\"https:\/\/orthodoxalbania.org\/2020\/wp-content\/uploads\/2020\/05\/albania.jpeg\",\"width\":540,\"height\":540,\"caption\":\"Kisha Orthodhokse Autoqefale e Shqip\u00ebris\u00eb\"},\"image\":{\"@id\":\"https:\/\/orthodoxalbania.org\/2020\/#\/schema\/logo\/image\/\"},\"sameAs\":[\"https:\/\/www.facebook.com\/koash1991\"]},{\"@type\":\"Person\",\"@id\":\"https:\/\/orthodoxalbania.org\/2020\/#\/schema\/person\/0c387634a7063ac612d7ed9ce71c7e86\",\"name\":\"Kisha Orthodhokse\",\"image\":{\"@type\":\"ImageObject\",\"inLanguage\":\"en-US\",\"@id\":\"https:\/\/secure.gravatar.com\/avatar\/596e7c417251e30f2fbb9c00e026fce61a695a00e51c889caded71c96cbbdde5?s=96&d=mm&r=g\",\"url\":\"https:\/\/secure.gravatar.com\/avatar\/596e7c417251e30f2fbb9c00e026fce61a695a00e51c889caded71c96cbbdde5?s=96&d=mm&r=g\",\"contentUrl\":\"https:\/\/secure.gravatar.com\/avatar\/596e7c417251e30f2fbb9c00e026fce61a695a00e51c889caded71c96cbbdde5?s=96&d=mm&r=g\",\"caption\":\"Kisha Orthodhokse\"}}]}<\/script>\n<!-- \/ Yoast SEO plugin. -->","yoast_head_json":{"title":"Deklarat\u00eb e Rinis\u00eb Orthodhokse t\u00eb Tiran\u00ebs kund\u00ebr akuzave dhe shpifjeve ndaj Kish\u00ebs dhe Kryepeshkopit Anastas (2010) - Kisha Orthodh\u03bfkse Autoqefale e Shqip\u00ebris\u00eb","robots":{"index":"index","follow":"follow","max-snippet":"max-snippet:-1","max-image-preview":"max-image-preview:large","max-video-preview":"max-video-preview:-1"},"canonical":"https:\/\/orthodoxalbania.org\/2020\/2013\/03\/20\/deklarate-e-rinise-orthodhokse-te-tiranes-kunder-akuzave-dhe-shpifjeve-ndaj-kishes-dhe-kryepeshkopit-anastas-2010\/","og_locale":"en_US","og_type":"article","og_title":"Deklarat\u00eb e Rinis\u00eb Orthodhokse t\u00eb Tiran\u00ebs kund\u00ebr akuzave dhe shpifjeve ndaj Kish\u00ebs dhe Kryepeshkopit Anastas (2010) - Kisha Orthodh\u03bfkse Autoqefale e Shqip\u00ebris\u00eb","og_description":"&nbsp;&nbsp;&nbsp; Ne, t\u00eb rinjt\u00eb orthodhoks\u00eb t\u00eb Tiran\u00ebs, shprehim solidarizimin ton\u00eb n\u00eb mbrojtje t\u00eb Kish\u00ebs Orthodhokse Autoqefal\u00eb t\u00eb Shqip\u00ebris\u00eb dhe Kryepeshkopit Anastas, duke kund\u00ebrshtuar sulmet dashakeqe dhe akuzat e pav\u00ebrteta q\u00eb jan\u00eb publikuar dit\u00ebt e fundit n\u00eb media. &nbsp;&nbsp;&nbsp; Habitemi se si disa njer\u00ebz publik\u00eb q\u00eb na kan\u00eb m\u00ebsuar historin\u00eb e vendit ton\u00eb, shfaqen kaq sip\u00ebrfaq\u00ebsor\u00eb me realitetin e k\u00ebtyre 20 viteve t\u00eb Kish\u00ebs Orthodhokse, duke","og_url":"https:\/\/orthodoxalbania.org\/2020\/2013\/03\/20\/deklarate-e-rinise-orthodhokse-te-tiranes-kunder-akuzave-dhe-shpifjeve-ndaj-kishes-dhe-kryepeshkopit-anastas-2010\/","og_site_name":"Kisha Orthodh\u03bfkse Autoqefale e Shqip\u00ebris\u00eb","article_publisher":"https:\/\/www.facebook.com\/koash1991","article_published_time":"2013-03-20T13:10:00+00:00","article_modified_time":"2020-04-06T20:32:16+00:00","og_image":[{"url":"https:\/\/lh5.googleusercontent.com\/-yudS8LbIGns\/VK5NJMDHX8I\/AAAAAAAAKdU\/KLFVmPnRY7A\/w577-h823-no\/firmat.jpg","type":"","width":"","height":""}],"author":"Kisha Orthodhokse","twitter_card":"summary_large_image","twitter_misc":{"Written by":"Kisha Orthodhokse","Est. reading time":"2 minutes"},"schema":{"@context":"https:\/\/schema.org","@graph":[{"@type":"Article","@id":"https:\/\/orthodoxalbania.org\/2020\/2013\/03\/20\/deklarate-e-rinise-orthodhokse-te-tiranes-kunder-akuzave-dhe-shpifjeve-ndaj-kishes-dhe-kryepeshkopit-anastas-2010\/#article","isPartOf":{"@id":"https:\/\/orthodoxalbania.org\/2020\/2013\/03\/20\/deklarate-e-rinise-orthodhokse-te-tiranes-kunder-akuzave-dhe-shpifjeve-ndaj-kishes-dhe-kryepeshkopit-anastas-2010\/"},"author":{"name":"Kisha Orthodhokse","@id":"https:\/\/orthodoxalbania.org\/2020\/#\/schema\/person\/0c387634a7063ac612d7ed9ce71c7e86"},"headline":"Deklarat\u00eb e Rinis\u00eb Orthodhokse t\u00eb Tiran\u00ebs kund\u00ebr akuzave dhe shpifjeve ndaj Kish\u00ebs dhe Kryepeshkopit Anastas (2010)","datePublished":"2013-03-20T13:10:00+00:00","dateModified":"2020-04-06T20:32:16+00:00","mainEntityOfPage":{"@id":"https:\/\/orthodoxalbania.org\/2020\/2013\/03\/20\/deklarate-e-rinise-orthodhokse-te-tiranes-kunder-akuzave-dhe-shpifjeve-ndaj-kishes-dhe-kryepeshkopit-anastas-2010\/"},"wordCount":441,"commentCount":0,"publisher":{"@id":"https:\/\/orthodoxalbania.org\/2020\/#organization"},"image":{"@id":"https:\/\/orthodoxalbania.org\/2020\/2013\/03\/20\/deklarate-e-rinise-orthodhokse-te-tiranes-kunder-akuzave-dhe-shpifjeve-ndaj-kishes-dhe-kryepeshkopit-anastas-2010\/#primaryimage"},"thumbnailUrl":"https:\/\/lh5.googleusercontent.com\/-yudS8LbIGns\/VK5NJMDHX8I\/AAAAAAAAKdU\/KLFVmPnRY7A\/w577-h823-no\/firmat.jpg","keywords":["2010","Deklarata - Njoftime Zyrtare","Kryepiskopata Tiran\u00eb","lajme","P\u00ebrgjigje ndaj akuzave"],"articleSection":["Lajme"],"inLanguage":"en-US"},{"@type":"WebPage","@id":"https:\/\/orthodoxalbania.org\/2020\/2013\/03\/20\/deklarate-e-rinise-orthodhokse-te-tiranes-kunder-akuzave-dhe-shpifjeve-ndaj-kishes-dhe-kryepeshkopit-anastas-2010\/","url":"https:\/\/orthodoxalbania.org\/2020\/2013\/03\/20\/deklarate-e-rinise-orthodhokse-te-tiranes-kunder-akuzave-dhe-shpifjeve-ndaj-kishes-dhe-kryepeshkopit-anastas-2010\/","name":"Deklarat\u00eb e Rinis\u00eb Orthodhokse t\u00eb Tiran\u00ebs kund\u00ebr akuzave dhe shpifjeve ndaj Kish\u00ebs dhe Kryepeshkopit Anastas (2010) - Kisha Orthodh\u03bfkse Autoqefale e Shqip\u00ebris\u00eb","isPartOf":{"@id":"https:\/\/orthodoxalbania.org\/2020\/#website"},"primaryImageOfPage":{"@id":"https:\/\/orthodoxalbania.org\/2020\/2013\/03\/20\/deklarate-e-rinise-orthodhokse-te-tiranes-kunder-akuzave-dhe-shpifjeve-ndaj-kishes-dhe-kryepeshkopit-anastas-2010\/#primaryimage"},"image":{"@id":"https:\/\/orthodoxalbania.org\/2020\/2013\/03\/20\/deklarate-e-rinise-orthodhokse-te-tiranes-kunder-akuzave-dhe-shpifjeve-ndaj-kishes-dhe-kryepeshkopit-anastas-2010\/#primaryimage"},"thumbnailUrl":"https:\/\/lh5.googleusercontent.com\/-yudS8LbIGns\/VK5NJMDHX8I\/AAAAAAAAKdU\/KLFVmPnRY7A\/w577-h823-no\/firmat.jpg","datePublished":"2013-03-20T13:10:00+00:00","dateModified":"2020-04-06T20:32:16+00:00","breadcrumb":{"@id":"https:\/\/orthodoxalbania.org\/2020\/2013\/03\/20\/deklarate-e-rinise-orthodhokse-te-tiranes-kunder-akuzave-dhe-shpifjeve-ndaj-kishes-dhe-kryepeshkopit-anastas-2010\/#breadcrumb"},"inLanguage":"en-US","potentialAction":[{"@type":"ReadAction","target":["https:\/\/orthodoxalbania.org\/2020\/2013\/03\/20\/deklarate-e-rinise-orthodhokse-te-tiranes-kunder-akuzave-dhe-shpifjeve-ndaj-kishes-dhe-kryepeshkopit-anastas-2010\/"]}]},{"@type":"ImageObject","inLanguage":"en-US","@id":"https:\/\/orthodoxalbania.org\/2020\/2013\/03\/20\/deklarate-e-rinise-orthodhokse-te-tiranes-kunder-akuzave-dhe-shpifjeve-ndaj-kishes-dhe-kryepeshkopit-anastas-2010\/#primaryimage","url":"https:\/\/lh5.googleusercontent.com\/-yudS8LbIGns\/VK5NJMDHX8I\/AAAAAAAAKdU\/KLFVmPnRY7A\/w577-h823-no\/firmat.jpg","contentUrl":"https:\/\/lh5.googleusercontent.com\/-yudS8LbIGns\/VK5NJMDHX8I\/AAAAAAAAKdU\/KLFVmPnRY7A\/w577-h823-no\/firmat.jpg"},{"@type":"BreadcrumbList","@id":"https:\/\/orthodoxalbania.org\/2020\/2013\/03\/20\/deklarate-e-rinise-orthodhokse-te-tiranes-kunder-akuzave-dhe-shpifjeve-ndaj-kishes-dhe-kryepeshkopit-anastas-2010\/#breadcrumb","itemListElement":[{"@type":"ListItem","position":1,"name":"Home","item":"https:\/\/orthodoxalbania.org\/2020\/"},{"@type":"ListItem","position":2,"name":"Deklarat\u00eb e Rinis\u00eb Orthodhokse t\u00eb Tiran\u00ebs kund\u00ebr akuzave dhe shpifjeve ndaj Kish\u00ebs dhe Kryepeshkopit Anastas (2010)"}]},{"@type":"WebSite","@id":"https:\/\/orthodoxalbania.org\/2020\/#website","url":"https:\/\/orthodoxalbania.org\/2020\/","name":"Kisha Orthodh\u03bfkse Autoqefale e Shqip\u00ebris\u00eb","description":"Fqja Zyrtare e Kish\u00ebs Orthodhokse Autoqefale e Shqip\u00ebris\u00eb me lajmet edhe informacionet zyrtare p\u00ebr struktur\u00ebn edhe veprimtarin e saj.","publisher":{"@id":"https:\/\/orthodoxalbania.org\/2020\/#organization"},"potentialAction":[{"@type":"SearchAction","target":{"@type":"EntryPoint","urlTemplate":"https:\/\/orthodoxalbania.org\/2020\/?s={search_term_string}"},"query-input":{"@type":"PropertyValueSpecification","valueRequired":true,"valueName":"search_term_string"}}],"inLanguage":"en-US"},{"@type":"Organization","@id":"https:\/\/orthodoxalbania.org\/2020\/#organization","name":"Kisha Orthodhokse Autoqefale e Shqip\u00ebris\u00eb","url":"https:\/\/orthodoxalbania.org\/2020\/","logo":{"@type":"ImageObject","inLanguage":"en-US","@id":"https:\/\/orthodoxalbania.org\/2020\/#\/schema\/logo\/image\/","url":"https:\/\/orthodoxalbania.org\/2020\/wp-content\/uploads\/2020\/05\/albania.jpeg","contentUrl":"https:\/\/orthodoxalbania.org\/2020\/wp-content\/uploads\/2020\/05\/albania.jpeg","width":540,"height":540,"caption":"Kisha Orthodhokse Autoqefale e Shqip\u00ebris\u00eb"},"image":{"@id":"https:\/\/orthodoxalbania.org\/2020\/#\/schema\/logo\/image\/"},"sameAs":["https:\/\/www.facebook.com\/koash1991"]},{"@type":"Person","@id":"https:\/\/orthodoxalbania.org\/2020\/#\/schema\/person\/0c387634a7063ac612d7ed9ce71c7e86","name":"Kisha Orthodhokse","image":{"@type":"ImageObject","inLanguage":"en-US","@id":"https:\/\/secure.gravatar.com\/avatar\/596e7c417251e30f2fbb9c00e026fce61a695a00e51c889caded71c96cbbdde5?s=96&d=mm&r=g","url":"https:\/\/secure.gravatar.com\/avatar\/596e7c417251e30f2fbb9c00e026fce61a695a00e51c889caded71c96cbbdde5?s=96&d=mm&r=g","contentUrl":"https:\/\/secure.gravatar.com\/avatar\/596e7c417251e30f2fbb9c00e026fce61a695a00e51c889caded71c96cbbdde5?s=96&d=mm&r=g","caption":"Kisha Orthodhokse"}}]}},"_links":{"self":[{"href":"https:\/\/orthodoxalbania.org\/2020\/wp-json\/wp\/v2\/posts\/387","targetHints":{"allow":["GET"]}}],"collection":[{"href":"https:\/\/orthodoxalbania.org\/2020\/wp-json\/wp\/v2\/posts"}],"about":[{"href":"https:\/\/orthodoxalbania.org\/2020\/wp-json\/wp\/v2\/types\/post"}],"author":[{"embeddable":true,"href":"https:\/\/orthodoxalbania.org\/2020\/wp-json\/wp\/v2\/users\/1"}],"replies":[{"embeddable":true,"href":"https:\/\/orthodoxalbania.org\/2020\/wp-json\/wp\/v2\/comments?post=387"}],"version-history":[{"count":1,"href":"https:\/\/orthodoxalbania.org\/2020\/wp-json\/wp\/v2\/posts\/387\/revisions"}],"predecessor-version":[{"id":15447,"href":"https:\/\/orthodoxalbania.org\/2020\/wp-json\/wp\/v2\/posts\/387\/revisions\/15447"}],"wp:attachment":[{"href":"https:\/\/orthodoxalbania.org\/2020\/wp-json\/wp\/v2\/media?parent=387"}],"wp:term":[{"taxonomy":"category","embeddable":true,"href":"https:\/\/orthodoxalbania.org\/2020\/wp-json\/wp\/v2\/categories?post=387"},{"taxonomy":"post_tag","embeddable":true,"href":"https:\/\/orthodoxalbania.org\/2020\/wp-json\/wp\/v2\/tags?post=387"}],"curies":[{"name":"wp","href":"https:\/\/api.w.org\/{rel}","templated":true}]}}