{"id":3854,"date":"2015-05-15T07:11:16","date_gmt":"2015-05-15T07:11:16","guid":{"rendered":""},"modified":"2020-04-12T11:51:38","modified_gmt":"2020-04-12T09:51:38","slug":"eighth-century","status":"publish","type":"post","link":"https:\/\/orthodoxalbania.org\/2020\/en\/2015\/05\/15\/eighth-century\/","title":{"rendered":"Eighth Century"},"content":{"rendered":"<p style=\"text-align: justify;\"><span style=\"font-size: 12pt; font-family: verdana,geneva; color: #000000;\"><strong>&nbsp;&nbsp;&nbsp; The Icon Debate<\/strong><\/span><\/p>\n<p style=\"text-align: justify;\"><span style=\"font-size: 12pt; font-family: verdana,geneva; color: #000000;\">&nbsp;&nbsp;&nbsp; In the eighth century the Isaurian rulers <strong>Leo III<\/strong> (<em>717-741<\/em>) and <strong>Constantine V<\/strong> (<em>741-775<\/em>) in the East attempted to subject the Church to their rule. The latter even dared to call himself \u201cemperor and priest.\u201d In order to gain control of the Church these two emperors viciously attacked the zealous Christians, especially the monks, who defended the integrity of the Church. The attack took the form of a fierce persecution against those who venerated the <strong>icons<\/strong>. The subject of the attack was well placed because there really existed an exaggerated veneration of icons among the pious people which truly bordered on idolatry and paganism. <br \/> <\/span><\/p>\n<p style=\"text-align: justify;\"><span style=\"font-size: 12pt; font-family: verdana,geneva; color: #000000;\">&nbsp;&nbsp;&nbsp; A council held in 753 formally condemned the <strong>veneration of icons<\/strong> by Christians. It called for the removal of all images from the churches, public buildings\u2019 and homes of the people. This council was not only a political move by the rulers to gain authority over the Church, but it showed a reasoned and well skilled argumentation against icon veneration. The basis of the position of the council was taken primarily from the biblical teaching that God is invisible, therefore visible, graven images are not to be made and adored by true believers. It is probable that this argumentation was inspired by close contact with the <strong>Moslems<\/strong> who were fanatically strict on these very points.<\/span><\/p>\n<p style=\"text-align: justify;\"><span style=\"font-size: 12pt; font-family: verdana,geneva; color: #000000;\">&nbsp;&nbsp;&nbsp; The bishops of the Church were under strong imperial pressure to condemn officially the veneration of icons. When they did, a vicious persecution of those who continued to keep and to venerate the holy images immediately followed. The time between 762 and 775 is known as the \u201c<strong>decade of blood<\/strong>\u201d since hundreds of Christians, mostly monks, were imprisoned, tortured, and even killed for harboring and honoring icons.<\/span><\/p>\n<p style=\"text-align: justify;\"><span style=\"font-size: 12pt; font-family: verdana,geneva; color: #000000;\"><strong>&nbsp;&nbsp;&nbsp; The Seventh Ecumenical Council<\/strong><\/span><\/p>\n<p style=\"text-align: justify;\"><span style=\"font-size: 12pt; font-family: verdana,geneva; color: #000000;\">&nbsp;&nbsp;&nbsp; In 787, during the reign of the <strong>Empress Irene<\/strong> (<em>780-802<\/em>), who favored icon veneration, a council was held in Nicea which defined the legitimate and proper use of icons in the Church. This council, now known as the <strong>Seventh Ecumenical Council<\/strong>, followed the theology of <strong>Saint John of Damascus<\/strong> (<em>d.749<\/em>). The decision of the council affirmed that icons may be made and honored but not worshipped.<\/span><\/p>\n<p style=\"text-align: justify;\"><span style=\"font-size: 12pt; font-family: verdana,geneva; color: #000000;\">&nbsp;&nbsp;&nbsp; The bishops of the council reasoned that the very essence of the Christian faith is the incarnation of the Son and Word of God in human flesh. God indeed <strong>is<\/strong> invisible. But in Jesus Christ the invisible God has become visible. The one who sees Jesus sees the invisible Father. (<em>John 14:8<\/em>) When icon painting and icon-veneration in the Church are denied, the true humanity of Jesus is denied. As well, it is denied that in and through Christ, the Holy Spirit has been given to men so that they may become holy, truly fulfilling themselves as created \u201c<strong>in the image and likeness of God<\/strong>.\u201d (<em>Genesis 1:26<\/em>)<\/span><\/p>\n<p style=\"text-align: justify;\"><span style=\"font-size: 12pt; font-family: verdana,geneva; color: #000000;\">&nbsp;&nbsp;&nbsp; Thus, it was the council\u2019s decision that the rejection of the holy images is the rejection of the fact of salvation by God in Christ and the Holy Spirit.<\/span><\/p>\n<p style=\"text-align: justify;\"><span style=\"font-size: 12pt; font-family: verdana,geneva; color: #000000;\">&nbsp;&nbsp;&nbsp; God the Father and the Holy Spirit cannot and must not be depicted. Christ, the Theotokos, and the saints can be depicted in iconographic form because they show the reality of man\u2019s salvation by God. They show the true transfiguration and sanctification of man &#8211; and the whole of creation &#8211; by Christ and the Holy Spirit. The images may be venerated in the Church since \u201chonor rendered to the image ascends to its prototype, and he who venerates an icon adores the person (hypostasis) of the one portrayed.\u201d (Seventh Ecumenical Council)<\/span><\/p>\n<p style=\"text-align: justify;\"><span style=\"font-size: 12pt; font-family: verdana,geneva; color: #000000;\">&nbsp;&nbsp;&nbsp; After the council of 787 the attack against the icons continued. It finally ended in 843 when the icons were returned to the Churches where they remain today.<\/span><\/p>\n<p style=\"text-align: justify;\"><span style=\"font-size: 12pt; font-family: verdana,geneva; color: #000000;\"><strong>&nbsp;&nbsp;&nbsp; Liturgical Development<\/strong><\/span><\/p>\n<p style=\"text-align: justify;\"><span style=\"font-size: 12pt; font-family: verdana,geneva; color: #000000;\"><strong>&nbsp;&nbsp;&nbsp; Saint John of Damascus<\/strong> was also responsible for liturgical development in the eighth century. He was a highranking minister of the <strong>Moslem Caliph<\/strong> who became a monk in the <strong>St. Sabbas monastery<\/strong> in <strong>Jerusalem<\/strong>. He wrote many liturgical hymns still sung in the Church such as the <strong>Canon of Easter Matins<\/strong>, and certain hymns sung at the Orthodox <strong>funeral<\/strong> service. He is considered to be the original composer of the <strong>Octoechos<\/strong> which is the collection of hymns sung in the Church using eight different melodies, one each week on a rotating basis throughout the year.&nbsp; Saint John is the author of the first systematic treatise of Orthodox Christian doctrine called the <strong>Complete Exposition of the Orthodox Faith<\/strong>. This treatise can be found in part three of the work, <strong>The Fount of Knowledge<\/strong>.<\/span><\/p>\n<p style=\"text-align: justify;\"><span style=\"font-size: 12pt; font-family: verdana,geneva; color: #000000;\">&nbsp;&nbsp;&nbsp; The feast of the <strong>Entrance of the Theotokos to the Temple<\/strong> was introduced in Constantinople. According to <strong>St. Andrew of Crete<\/strong>, the feast was already being celebrated in Jerusalem as early as the sixth century. Thus, by the eighth century, it had found its place in the universal calendar of the Orthodox Church.<\/span><\/p>\n<p style=\"text-align: justify;\"><span style=\"font-size: 12pt; font-family: verdana,geneva; color: #000000;\"><strong>&nbsp;&nbsp;&nbsp; The West<\/strong><\/span><\/p>\n<p style=\"text-align: justify;\"><span style=\"font-size: 12pt; font-family: verdana,geneva; color: #000000;\">&nbsp;&nbsp;&nbsp; In the West, in the eighth century, the barbarian tribes continued to be converted to Christianity. The greatest missionary at this time was <strong>St. Boniface<\/strong> (<em>d.754<\/em>). Also in this century the bishops of Rome became for the first time secular rulers who governed properties in Italy, and entered into close relation with the newly-emerging <strong>Carolingian<\/strong> rulers. It was these barbarian rulers of the Carolingian House, particularly <strong>Charlemagne<\/strong>, who were to restore the empire in the West with the cooperation of the bishops of Rome. In order to do so, however, they had to attack the legitimacy of the empire in the East. They made their attack by accusing the East of idolatry because of icon veneration, and by accusing the East of dropping the words \u201cand the Son\u201d (<strong>filioque<\/strong>) from the Nicene Creed. These accusations were contained in the <strong>Caroline Books<\/strong> given by <strong>Charlemagne<\/strong> to the pope of Rome in 792<\/span><\/p>\n","protected":false},"excerpt":{"rendered":"<p>&nbsp;&nbsp;&nbsp; The Icon Debate &nbsp;&nbsp;&nbsp; In the eighth century the Isaurian rulers Leo III (717-741) and Constantine V (741-775) in the East attempted to subject the Church to their rule. The latter even dared to call himself \u201cemperor and priest.\u201d In order to gain control of the Church these two emperors viciously attacked the zealous Christians, especially the monks, who defended the integrity of the<\/p>\n","protected":false},"author":7,"featured_media":0,"comment_status":"open","ping_status":"open","sticky":false,"template":"","format":"standard","meta":{"_acf_changed":false,"pagelayer_contact_templates":[],"_pagelayer_content":"","inline_featured_image":false,"fifu_image_url":"","fifu_image_alt":"","footnotes":""},"categories":[],"tags":[],"class_list":["post-3854","post","type-post","status-publish","format-standard","hentry"],"acf":[],"yoast_head":"<!-- This site is optimized with the Yoast SEO plugin v27.2 - https:\/\/yoast.com\/product\/yoast-seo-wordpress\/ -->\n<title>Eighth Century - Kisha Orthodh\u03bfkse Autoqefale e Shqip\u00ebris\u00eb<\/title>\n<meta name=\"robots\" content=\"index, follow, max-snippet:-1, max-image-preview:large, max-video-preview:-1\" \/>\n<link rel=\"canonical\" href=\"https:\/\/orthodoxalbania.org\/2020\/en\/2015\/05\/15\/eighth-century\/\" \/>\n<meta property=\"og:locale\" content=\"en_US\" \/>\n<meta property=\"og:type\" content=\"article\" \/>\n<meta property=\"og:title\" content=\"Eighth Century - Kisha Orthodh\u03bfkse Autoqefale e Shqip\u00ebris\u00eb\" \/>\n<meta property=\"og:description\" content=\"&nbsp;&nbsp;&nbsp; The Icon Debate &nbsp;&nbsp;&nbsp; In the eighth century the Isaurian rulers Leo III (717-741) and Constantine V (741-775) in the East attempted to subject the Church to their rule. The latter even dared to call himself \u201cemperor and priest.\u201d In order to gain control of the Church these two emperors viciously attacked the zealous Christians, especially the monks, who defended the integrity of the\" \/>\n<meta property=\"og:url\" content=\"https:\/\/orthodoxalbania.org\/2020\/en\/2015\/05\/15\/eighth-century\/\" \/>\n<meta property=\"og:site_name\" content=\"Kisha Orthodh\u03bfkse Autoqefale e Shqip\u00ebris\u00eb\" \/>\n<meta property=\"article:publisher\" content=\"https:\/\/www.facebook.com\/koash1991\" \/>\n<meta property=\"article:published_time\" content=\"2015-05-15T07:11:16+00:00\" \/>\n<meta property=\"article:modified_time\" content=\"2020-04-12T09:51:38+00:00\" \/>\n<meta property=\"og:image\" content=\"https:\/\/orthodoxalbania.org\/2020\/wp-content\/uploads\/2021\/02\/LogoLastALb-200.png\" \/>\n\t<meta property=\"og:image:width\" content=\"200\" \/>\n\t<meta property=\"og:image:height\" content=\"172\" \/>\n\t<meta property=\"og:image:type\" content=\"image\/png\" \/>\n<meta name=\"author\" content=\"Kisha Orthodhokse\" \/>\n<meta name=\"twitter:card\" content=\"summary_large_image\" \/>\n<meta name=\"twitter:label1\" content=\"Written by\" \/>\n\t<meta name=\"twitter:data1\" content=\"Kisha Orthodhokse\" \/>\n\t<meta name=\"twitter:label2\" content=\"Est. reading time\" \/>\n\t<meta name=\"twitter:data2\" content=\"5 minutes\" \/>\n<script type=\"application\/ld+json\" class=\"yoast-schema-graph\">{\"@context\":\"https:\/\/schema.org\",\"@graph\":[{\"@type\":\"Article\",\"@id\":\"https:\/\/orthodoxalbania.org\/2020\/en\/2015\/05\/15\/eighth-century\/#article\",\"isPartOf\":{\"@id\":\"https:\/\/orthodoxalbania.org\/2020\/en\/2015\/05\/15\/eighth-century\/\"},\"author\":{\"name\":\"Kisha Orthodhokse\",\"@id\":\"https:\/\/orthodoxalbania.org\/2020\/#\/schema\/person\/df745f942b70e045b3dc05a30211f0de\"},\"headline\":\"Eighth Century\",\"datePublished\":\"2015-05-15T07:11:16+00:00\",\"dateModified\":\"2020-04-12T09:51:38+00:00\",\"mainEntityOfPage\":{\"@id\":\"https:\/\/orthodoxalbania.org\/2020\/en\/2015\/05\/15\/eighth-century\/\"},\"wordCount\":996,\"commentCount\":0,\"publisher\":{\"@id\":\"https:\/\/orthodoxalbania.org\/2020\/#organization\"},\"inLanguage\":\"en-US\"},{\"@type\":\"WebPage\",\"@id\":\"https:\/\/orthodoxalbania.org\/2020\/en\/2015\/05\/15\/eighth-century\/\",\"url\":\"https:\/\/orthodoxalbania.org\/2020\/en\/2015\/05\/15\/eighth-century\/\",\"name\":\"Eighth Century - Kisha Orthodh\u03bfkse Autoqefale e Shqip\u00ebris\u00eb\",\"isPartOf\":{\"@id\":\"https:\/\/orthodoxalbania.org\/2020\/#website\"},\"datePublished\":\"2015-05-15T07:11:16+00:00\",\"dateModified\":\"2020-04-12T09:51:38+00:00\",\"breadcrumb\":{\"@id\":\"https:\/\/orthodoxalbania.org\/2020\/en\/2015\/05\/15\/eighth-century\/#breadcrumb\"},\"inLanguage\":\"en-US\",\"potentialAction\":[{\"@type\":\"ReadAction\",\"target\":[\"https:\/\/orthodoxalbania.org\/2020\/en\/2015\/05\/15\/eighth-century\/\"]}]},{\"@type\":\"BreadcrumbList\",\"@id\":\"https:\/\/orthodoxalbania.org\/2020\/en\/2015\/05\/15\/eighth-century\/#breadcrumb\",\"itemListElement\":[{\"@type\":\"ListItem\",\"position\":1,\"name\":\"Home\",\"item\":\"https:\/\/orthodoxalbania.org\/2020\/\"},{\"@type\":\"ListItem\",\"position\":2,\"name\":\"Eighth Century\"}]},{\"@type\":\"WebSite\",\"@id\":\"https:\/\/orthodoxalbania.org\/2020\/#website\",\"url\":\"https:\/\/orthodoxalbania.org\/2020\/\",\"name\":\"Kisha Orthodh\u03bfkse Autoqefale e Shqip\u00ebris\u00eb\",\"description\":\"Fqja Zyrtare e Kish\u00ebs Orthodhokse Autoqefale e Shqip\u00ebris\u00eb me lajmet edhe informacionet zyrtare p\u00ebr struktur\u00ebn edhe veprimtarin e saj.\",\"publisher\":{\"@id\":\"https:\/\/orthodoxalbania.org\/2020\/#organization\"},\"potentialAction\":[{\"@type\":\"SearchAction\",\"target\":{\"@type\":\"EntryPoint\",\"urlTemplate\":\"https:\/\/orthodoxalbania.org\/2020\/?s={search_term_string}\"},\"query-input\":{\"@type\":\"PropertyValueSpecification\",\"valueRequired\":true,\"valueName\":\"search_term_string\"}}],\"inLanguage\":\"en-US\"},{\"@type\":\"Organization\",\"@id\":\"https:\/\/orthodoxalbania.org\/2020\/#organization\",\"name\":\"Kisha Orthodhokse Autoqefale e Shqip\u00ebris\u00eb\",\"url\":\"https:\/\/orthodoxalbania.org\/2020\/\",\"logo\":{\"@type\":\"ImageObject\",\"inLanguage\":\"en-US\",\"@id\":\"https:\/\/orthodoxalbania.org\/2020\/#\/schema\/logo\/image\/\",\"url\":\"https:\/\/orthodoxalbania.org\/2020\/wp-content\/uploads\/2020\/05\/albania.jpeg\",\"contentUrl\":\"https:\/\/orthodoxalbania.org\/2020\/wp-content\/uploads\/2020\/05\/albania.jpeg\",\"width\":540,\"height\":540,\"caption\":\"Kisha Orthodhokse Autoqefale e Shqip\u00ebris\u00eb\"},\"image\":{\"@id\":\"https:\/\/orthodoxalbania.org\/2020\/#\/schema\/logo\/image\/\"},\"sameAs\":[\"https:\/\/www.facebook.com\/koash1991\"]},{\"@type\":\"Person\",\"@id\":\"https:\/\/orthodoxalbania.org\/2020\/#\/schema\/person\/df745f942b70e045b3dc05a30211f0de\",\"name\":\"Kisha Orthodhokse\",\"image\":{\"@type\":\"ImageObject\",\"inLanguage\":\"en-US\",\"@id\":\"https:\/\/secure.gravatar.com\/avatar\/2676eb8d97178435c9f691a7871595a1da6c33542dec218bce40885573150e28?s=96&d=mm&r=g\",\"url\":\"https:\/\/secure.gravatar.com\/avatar\/2676eb8d97178435c9f691a7871595a1da6c33542dec218bce40885573150e28?s=96&d=mm&r=g\",\"contentUrl\":\"https:\/\/secure.gravatar.com\/avatar\/2676eb8d97178435c9f691a7871595a1da6c33542dec218bce40885573150e28?s=96&d=mm&r=g\",\"caption\":\"Kisha Orthodhokse\"}}]}<\/script>\n<!-- \/ Yoast SEO plugin. -->","yoast_head_json":{"title":"Eighth Century - Kisha Orthodh\u03bfkse Autoqefale e Shqip\u00ebris\u00eb","robots":{"index":"index","follow":"follow","max-snippet":"max-snippet:-1","max-image-preview":"max-image-preview:large","max-video-preview":"max-video-preview:-1"},"canonical":"https:\/\/orthodoxalbania.org\/2020\/en\/2015\/05\/15\/eighth-century\/","og_locale":"en_US","og_type":"article","og_title":"Eighth Century - Kisha Orthodh\u03bfkse Autoqefale e Shqip\u00ebris\u00eb","og_description":"&nbsp;&nbsp;&nbsp; The Icon Debate &nbsp;&nbsp;&nbsp; In the eighth century the Isaurian rulers Leo III (717-741) and Constantine V (741-775) in the East attempted to subject the Church to their rule. The latter even dared to call himself \u201cemperor and priest.\u201d In order to gain control of the Church these two emperors viciously attacked the zealous Christians, especially the monks, who defended the integrity of the","og_url":"https:\/\/orthodoxalbania.org\/2020\/en\/2015\/05\/15\/eighth-century\/","og_site_name":"Kisha Orthodh\u03bfkse Autoqefale e Shqip\u00ebris\u00eb","article_publisher":"https:\/\/www.facebook.com\/koash1991","article_published_time":"2015-05-15T07:11:16+00:00","article_modified_time":"2020-04-12T09:51:38+00:00","og_image":[{"width":200,"height":172,"url":"https:\/\/orthodoxalbania.org\/2020\/wp-content\/uploads\/2021\/02\/LogoLastALb-200.png","type":"image\/png"}],"author":"Kisha Orthodhokse","twitter_card":"summary_large_image","twitter_misc":{"Written by":"Kisha Orthodhokse","Est. reading time":"5 minutes"},"schema":{"@context":"https:\/\/schema.org","@graph":[{"@type":"Article","@id":"https:\/\/orthodoxalbania.org\/2020\/en\/2015\/05\/15\/eighth-century\/#article","isPartOf":{"@id":"https:\/\/orthodoxalbania.org\/2020\/en\/2015\/05\/15\/eighth-century\/"},"author":{"name":"Kisha Orthodhokse","@id":"https:\/\/orthodoxalbania.org\/2020\/#\/schema\/person\/df745f942b70e045b3dc05a30211f0de"},"headline":"Eighth Century","datePublished":"2015-05-15T07:11:16+00:00","dateModified":"2020-04-12T09:51:38+00:00","mainEntityOfPage":{"@id":"https:\/\/orthodoxalbania.org\/2020\/en\/2015\/05\/15\/eighth-century\/"},"wordCount":996,"commentCount":0,"publisher":{"@id":"https:\/\/orthodoxalbania.org\/2020\/#organization"},"inLanguage":"en-US"},{"@type":"WebPage","@id":"https:\/\/orthodoxalbania.org\/2020\/en\/2015\/05\/15\/eighth-century\/","url":"https:\/\/orthodoxalbania.org\/2020\/en\/2015\/05\/15\/eighth-century\/","name":"Eighth Century - Kisha Orthodh\u03bfkse Autoqefale e Shqip\u00ebris\u00eb","isPartOf":{"@id":"https:\/\/orthodoxalbania.org\/2020\/#website"},"datePublished":"2015-05-15T07:11:16+00:00","dateModified":"2020-04-12T09:51:38+00:00","breadcrumb":{"@id":"https:\/\/orthodoxalbania.org\/2020\/en\/2015\/05\/15\/eighth-century\/#breadcrumb"},"inLanguage":"en-US","potentialAction":[{"@type":"ReadAction","target":["https:\/\/orthodoxalbania.org\/2020\/en\/2015\/05\/15\/eighth-century\/"]}]},{"@type":"BreadcrumbList","@id":"https:\/\/orthodoxalbania.org\/2020\/en\/2015\/05\/15\/eighth-century\/#breadcrumb","itemListElement":[{"@type":"ListItem","position":1,"name":"Home","item":"https:\/\/orthodoxalbania.org\/2020\/"},{"@type":"ListItem","position":2,"name":"Eighth Century"}]},{"@type":"WebSite","@id":"https:\/\/orthodoxalbania.org\/2020\/#website","url":"https:\/\/orthodoxalbania.org\/2020\/","name":"Kisha Orthodh\u03bfkse Autoqefale e Shqip\u00ebris\u00eb","description":"Fqja Zyrtare e Kish\u00ebs Orthodhokse Autoqefale e Shqip\u00ebris\u00eb me lajmet edhe informacionet zyrtare p\u00ebr struktur\u00ebn edhe veprimtarin e saj.","publisher":{"@id":"https:\/\/orthodoxalbania.org\/2020\/#organization"},"potentialAction":[{"@type":"SearchAction","target":{"@type":"EntryPoint","urlTemplate":"https:\/\/orthodoxalbania.org\/2020\/?s={search_term_string}"},"query-input":{"@type":"PropertyValueSpecification","valueRequired":true,"valueName":"search_term_string"}}],"inLanguage":"en-US"},{"@type":"Organization","@id":"https:\/\/orthodoxalbania.org\/2020\/#organization","name":"Kisha Orthodhokse Autoqefale e Shqip\u00ebris\u00eb","url":"https:\/\/orthodoxalbania.org\/2020\/","logo":{"@type":"ImageObject","inLanguage":"en-US","@id":"https:\/\/orthodoxalbania.org\/2020\/#\/schema\/logo\/image\/","url":"https:\/\/orthodoxalbania.org\/2020\/wp-content\/uploads\/2020\/05\/albania.jpeg","contentUrl":"https:\/\/orthodoxalbania.org\/2020\/wp-content\/uploads\/2020\/05\/albania.jpeg","width":540,"height":540,"caption":"Kisha Orthodhokse Autoqefale e Shqip\u00ebris\u00eb"},"image":{"@id":"https:\/\/orthodoxalbania.org\/2020\/#\/schema\/logo\/image\/"},"sameAs":["https:\/\/www.facebook.com\/koash1991"]},{"@type":"Person","@id":"https:\/\/orthodoxalbania.org\/2020\/#\/schema\/person\/df745f942b70e045b3dc05a30211f0de","name":"Kisha Orthodhokse","image":{"@type":"ImageObject","inLanguage":"en-US","@id":"https:\/\/secure.gravatar.com\/avatar\/2676eb8d97178435c9f691a7871595a1da6c33542dec218bce40885573150e28?s=96&d=mm&r=g","url":"https:\/\/secure.gravatar.com\/avatar\/2676eb8d97178435c9f691a7871595a1da6c33542dec218bce40885573150e28?s=96&d=mm&r=g","contentUrl":"https:\/\/secure.gravatar.com\/avatar\/2676eb8d97178435c9f691a7871595a1da6c33542dec218bce40885573150e28?s=96&d=mm&r=g","caption":"Kisha Orthodhokse"}}]}},"_links":{"self":[{"href":"https:\/\/orthodoxalbania.org\/2020\/wp-json\/wp\/v2\/posts\/3854","targetHints":{"allow":["GET"]}}],"collection":[{"href":"https:\/\/orthodoxalbania.org\/2020\/wp-json\/wp\/v2\/posts"}],"about":[{"href":"https:\/\/orthodoxalbania.org\/2020\/wp-json\/wp\/v2\/types\/post"}],"author":[{"embeddable":true,"href":"https:\/\/orthodoxalbania.org\/2020\/wp-json\/wp\/v2\/users\/7"}],"replies":[{"embeddable":true,"href":"https:\/\/orthodoxalbania.org\/2020\/wp-json\/wp\/v2\/comments?post=3854"}],"version-history":[{"count":1,"href":"https:\/\/orthodoxalbania.org\/2020\/wp-json\/wp\/v2\/posts\/3854\/revisions"}],"predecessor-version":[{"id":17302,"href":"https:\/\/orthodoxalbania.org\/2020\/wp-json\/wp\/v2\/posts\/3854\/revisions\/17302"}],"wp:attachment":[{"href":"https:\/\/orthodoxalbania.org\/2020\/wp-json\/wp\/v2\/media?parent=3854"}],"wp:term":[{"taxonomy":"category","embeddable":true,"href":"https:\/\/orthodoxalbania.org\/2020\/wp-json\/wp\/v2\/categories?post=3854"},{"taxonomy":"post_tag","embeddable":true,"href":"https:\/\/orthodoxalbania.org\/2020\/wp-json\/wp\/v2\/tags?post=3854"}],"curies":[{"name":"wp","href":"https:\/\/api.w.org\/{rel}","templated":true}]}}