{"id":384,"date":"2013-03-20T13:09:15","date_gmt":"2013-03-20T13:09:15","guid":{"rendered":""},"modified":"2020-04-06T22:32:16","modified_gmt":"2020-04-06T20:32:16","slug":"deklarate-e-besimtareve-orthodhokse-te-qytetit-te-durresit-kunder-akuzave-drejtuar-kryepiskopit-dhe-kishes-orthodhokse-2010","status":"publish","type":"post","link":"https:\/\/orthodoxalbania.org\/2020\/2013\/03\/20\/deklarate-e-besimtareve-orthodhokse-te-qytetit-te-durresit-kunder-akuzave-drejtuar-kryepiskopit-dhe-kishes-orthodhokse-2010\/","title":{"rendered":"Deklarat\u00eb e besimtar\u00ebve orthodhoks\u00eb t\u00eb qytetit t\u00eb Durr\u00ebsit kund\u00ebr akuzave drejtuar Kryepiskopit dhe Kish\u00ebs Orthodhokse. (Tetor 2010)"},"content":{"rendered":"<div style=\"text-align: justify;\"><span style=\"font-family: helvetica; font-size: 12pt;\"><\/span><\/div>\n<table border=\"0\">\n<tbody>\n<tr>\n<td>\n<div class=\"style7\">\n<div class=\"style8\" style=\"text-align: justify;\"><span style=\"color: #000000; font-family: helvetica; font-size: 12pt;\">&nbsp;&nbsp;&nbsp; Dit\u00ebt e fundit n\u00eb disa media t\u00eb shkruara dhe vizive ka rifilluar s\u00ebrish nj\u00eb fushat\u00eb sulmi e denigrimi ndaj Kish\u00ebs Orthodhokse Autoqefale t\u00eb Shqip\u00ebrsi\u00eb si dhe ndaj drejtuesit t\u00eb saj, Kryepiskopit Anastas. Ato kan\u00eb lidhje me nj\u00eb ngjarje t\u00eb r\u00ebnd\u00ebsishme dhe nj\u00eb dit\u00eb t\u00eb bekuar p\u00ebr t\u00eb gjith\u00eb besimtar\u00ebt orthodhoks\u00eb t\u00eb Shqip\u00ebris\u00eb, si\u00e7 \u00ebsht\u00eb ajo e 2 gushtit t\u00eb vitit 1992, dit\u00eb n\u00eb t\u00eb cil\u00ebn u fron\u00ebzua Kryepiskop Kishe, Eksarku i Patriarkan\u00ebs Ekumenike, Imzot Anastasi. At\u00eb dit\u00eb t\u00eb pranish\u00ebm ishin edhe shum\u00eb besimtar\u00eb t\u00eb ardhur nga qyteti i Durr\u00ebsit, nj\u00eb pjes\u00eb e t\u00eb cil\u00ebve ndodhen sot k\u00ebtu t\u00eb pranish\u00ebm n\u00eb k\u00ebt\u00eb Liturgjin\u00eb Hyjnore, t\u00eb cil\u00ebt mor\u00ebn pjes\u00eb n\u00eb Liturgjin\u00eb dhe ceremonin\u00eb e fron\u00ebzimit t\u00eb Kryepiskopit Anastas n\u00eb kish\u00ebn \u201cUngjill\u00ebzimi i Hyjlind\u00ebses\u201d n\u00eb Tiran\u00eb.<\/span><\/div>\n<div class=\"style8\" style=\"text-align: justify;\"><span style=\"font-family: helvetica; font-size: 12pt;\"><\/span><\/div>\n<div class=\"style8\" style=\"text-align: justify;\"><span style=\"color: #000000; font-family: helvetica; font-size: 12pt;\">&nbsp;&nbsp;&nbsp; Sjellim nd\u00ebrmend atmosfer\u00ebn festive q\u00eb p\u00ebrshkonte k\u00ebt\u00eb ceremoni, por edhe p\u00ebrpjekjen e nj\u00eb grupi t\u00eb vog\u00ebl e t\u00eb instrumentalizuar njer\u00ebzish q\u00eb u p\u00ebrpoq\u00ebn ta prishnin at\u00eb, disa prej t\u00eb cil\u00ebve as q\u00eb i p\u00ebrkisnin besimit t\u00eb krishter\u00eb orthodhoks. K\u00ebta n\u00eb momentin e fron\u00ebzimit t\u00eb Kryepiskopit filluan t\u00eb b\u00ebrtasin e t\u00eb k\u00ebndonin k\u00ebng\u00eb patriotike brenda n\u00eb kish\u00eb n\u00eb nj\u00eb moment krejt\u00ebsisht t\u00eb pap\u00ebrshtatsh\u00ebm, kundrejt \u00e7do lloj respekti e serioziteti q\u00eb k\u00ebrkonte ceremonia dhe vendi i shenjt\u00eb, duke hedhur parulla kund\u00ebr Kryepiskopit dhe fron\u00ebzimit t\u00eb tij. Por z\u00ebri i tyre ishte i pafuqish\u00ebm p\u00ebr t\u00eb mundur korin e besimtar\u00ebve q\u00eb th\u00ebrrisnin nj\u00ebz\u00ebri \u201ci denj\u00eb, i denj\u00eb, i denj\u00eb\u201d.<\/span><\/div>\n<div class=\"style8\" style=\"text-align: justify;\"><span style=\"font-family: helvetica; font-size: 12pt;\"><\/span><\/div>\n<div class=\"style8\" style=\"text-align: justify;\"><span style=\"color: #000000; font-family: helvetica; font-size: 12pt;\">&nbsp;&nbsp;&nbsp; Me an\u00eb t\u00eb k\u00ebsaj deklarate, ne besimtar\u00ebt e qytetit t\u00eb Durr\u00ebsit, duam t\u00eb shprehim edhe nj\u00eb her\u00eb mb\u00ebshtetjen e plot\u00eb ndaj Kryepiskopit Anastas, bariut dhe udh\u00ebheq\u00ebsit ton\u00eb, nd\u00ebrkoh\u00eb q\u00eb disa njer\u00ebz e qarqe t\u00eb caktuara anti-orthodhokse k\u00ebrkojn\u00eb t\u00eb hedhin balt\u00eb mbi Kish\u00ebn dhe Kryepiskopin ton\u00eb e duke u p\u00ebrpjekur p\u00ebrmes shpifjeve e trillimeve t\u00eb shp\u00ebrfillin e mohojn\u00eb kontributin e jasht\u00ebzakonsh\u00ebm q\u00eb ka dh\u00ebn\u00eb p\u00ebrgjat\u00eb dy dekadave n\u00eb krye t\u00eb Kish\u00ebs Orthodhokse Autoqefale t\u00eb Shqip\u00ebris\u00eb. Gjithashtu duam t\u00eb sqarojm\u00eb gjith\u00eb besimtar\u00ebt orthodhoks\u00eb n\u00eb t\u00eb gjith\u00eb vendin, se pretendimet p\u00ebr mos realizimin e ceremonis\u00eb s\u00eb fron\u00ebzimit ose t\u00eb mos kryerjes s\u00eb plot\u00eb a t\u00eb mos p\u00ebrfundimit t\u00eb saj n\u00eb kish\u00eb, por n\u00eb Hotel Tirana, jan\u00eb t\u00ebr\u00ebsisht t\u00eb pav\u00ebrteta e q\u00ebllimisht t\u00eb shtremb\u00ebruara.<\/span><\/div>\n<div class=\"style8\" style=\"text-align: justify;\"><span style=\"font-family: helvetica; font-size: 12pt;\"><\/span><\/div>\n<div class=\"style8\" style=\"text-align: justify;\"><span style=\"color: #000000; font-family: helvetica; font-size: 12pt;\">&nbsp;&nbsp;&nbsp; Ceremonia e fron\u00ebzimit t\u00eb Kryepiskopit Anastas u krye konform t\u00eb gjitha rregullave e procedurave q\u00eb k\u00ebrkojn\u00eb Kanonet e Kish\u00ebs Orthodhokse. Gjat\u00eb k\u00ebsaj ceremonie u shpall lajmi i zgjedhjes s\u00eb Kryepiskopit Anastas&nbsp; me vota unanime nga Sinodi i Shenjt\u00eb i Patriarkan\u00ebs Ekumenike, u mbajt fjala p\u00ebrsh\u00ebndet\u00ebse e t\u00eb zgjedhurit pas Dhoksologjis\u00eb si dhe iu dor\u00ebzua Kryepiskopit skeptri baritor, simbol i autoritetit dhe qeverisjes kishtare. N\u00eb k\u00ebt\u00eb m\u00ebnyr\u00eb p\u00ebrfundoi edhe ceremonia e fron\u00ebzimit, d\u00ebshmitar\u00eb t\u00eb s\u00eb cil\u00ebs jemi edhe ne besimtar\u00ebt e qytetit t\u00eb Durr\u00ebsit. Gjithashtu, vlen t\u00eb p\u00ebrmendet edhe fakti se, disa dit\u00eb p\u00ebrpara se t\u00eb kryhej ceremonia, nj\u00eb p\u00ebrfaq\u00ebsi e Kish\u00ebs kishte biseduar dhe marr\u00eb m\u00eb par\u00eb edhe aprovimi i Presidentit t\u00eb Republik\u00ebs, n\u00eb at\u00eb koh\u00eb z. Sali Berisha.<\/span><\/div>\n<div class=\"style8\" style=\"text-align: justify;\"><span style=\"font-family: helvetica; font-size: 12pt;\"><\/span><\/div>\n<div class=\"style8\" style=\"text-align: justify;\"><span style=\"color: #000000; font-family: helvetica; font-size: 12pt;\">&nbsp;&nbsp;&nbsp; P\u00ebr m\u00eb tep\u00ebr, Kryepiskopi&nbsp; Anastas u njoh zyrtarisht dhe kanonikisht si i till\u00eb nga t\u00eb gjitha Patriarkanat dhe Kishat Orthodhokse Autoqefale simotra si dhe nga t\u00eb gjitha Kishat e tjera t\u00eb krishtera n\u00eb Evrop\u00eb dhe n\u00eb bot\u00eb. K\u00ebt\u00eb e konfirmon edhe an\u00ebtar\u00ebsimi i KOASH-it me t\u00eb drejta t\u00eb plota n\u00eb \u201cK\u00ebshillin Evropian t\u00eb Kishave\u201d si edhe n\u00eb \u201cK\u00ebshillin Bot\u00ebror t\u00eb Kishave\u201d, dy nga organizmat prestigjioz\u00eb t\u00eb bot\u00ebs s\u00eb krishter\u00eb, n\u00eb t\u00eb cilat Kryepiskopi yn\u00eb \u00ebsht\u00eb nj\u00eb nd\u00ebr drejtuesit kryesor\u00eb t\u00eb tyre.<\/span><\/div>\n<div class=\"style8\" style=\"text-align: justify;\"><span style=\"font-family: helvetica; font-size: 12pt;\"><\/span><\/div>\n<div class=\"style8\" style=\"text-align: justify;\"><span style=\"color: #000000; font-family: helvetica; font-size: 12pt;\">&nbsp;&nbsp;&nbsp; Sot, pas gati 20 vjet\u00ebsh demokraci dhe liri t\u00eb besimit fetar, t\u00eb gjith\u00eb ne jemi d\u00ebshmitar\u00eb t\u00eb vepr\u00ebs s\u00eb madhe q\u00eb ka kryer Kryepiskopi Anastas p\u00ebr ringritjen nga themelet t\u00eb infrastruktur\u00ebs s\u00eb KOASH-it dhe t\u00eb rigjall\u00ebrimit t\u00eb jet\u00ebs shpirt\u00ebrore t\u00eb besimtar\u00ebve. Nj\u00eb gj\u00eb e till\u00eb v\u00ebrtetohet n\u00eb m\u00ebnyr\u00ebn m\u00eb t\u00eb plot\u00eb edhe n\u00eb qytetin ton\u00eb t\u00eb lasht\u00eb, historik dhe me tradita t\u00eb pasura qytetare dhe fetare t\u00eb Durr\u00ebsit. Kisha Katedrale n\u00eb t\u00eb cil\u00ebn jemi mbledhur t\u00eb gjith\u00eb sot, besimtar\u00eb t\u00eb t\u00eb gjitha moshave, \u00ebsht\u00eb fryt i p\u00ebrpjekjeve t\u00eb Kryepiskopit p\u00ebr t\u2019u dh\u00ebn\u00eb besimtar\u00ebve orthodhoks\u00eb t\u00eb qytetit t\u00eb Durr\u00ebsit nj\u00eb tempull p\u00ebr t\u00eb lavd\u00ebruar e adhuruar Zotin, por edhe nj\u00eb pasuri me vlera kulturore e arkitekturore q\u00eb stolis qytetin ton\u00eb. Gjithashtu, vlen t\u00eb p\u00ebrmendet edhe rikonstruktimi i Kish\u00ebs s\u00eb Sh\u00ebn Gjergjit si dhe nd\u00ebrtimi nga themelet i Manastirit t\u00eb Ri e t\u00eb Hirsh\u00ebm t\u00eb Sh\u00ebn Vlashit, n\u00eb ambientet e t\u00eb cilit \u00ebsht\u00eb ngritur madh\u00ebshtore edhe Akademia Teologjike \u201cNgjallja e Krishtit\u201d, n\u00eb t\u00eb cil\u00ebn p\u00ebrgatiten kuadrot e ardhsh\u00ebm t\u00eb Kish\u00ebs, n\u00ebn kujdesin dhe drejtimin e stafit pedagogjik shqiptar, edhe k\u00ebta fryt i pun\u00ebs s\u00eb Tij. P\u00ebr t\u00eb vazhduar m\u00eb tej me Gjimnazin \u201cKryqi i Nderuar\u201d ngritur n\u00eb kodr\u00ebn e Qytetit t\u00eb Sukthit, Sht\u00ebpia e F\u00ebmij\u00ebve \u201cShpresa\u201d n\u00eb Sh\u00ebn Vlash, Shkolla 9-vje\u00e7are dhe Kopshti \u201cFrym\u00eb Dashurie\u201d n\u00eb Durr\u00ebs, jan\u00eb nj\u00eb d\u00ebshmi e prekshme e pun\u00ebs dhe p\u00ebrpjekjeve t\u00eb jasht\u00ebzakonshme q\u00eb ka b\u00ebr\u00eb e b\u00ebn gjat\u00eb k\u00ebtyre viteve Kryepiskopi Anastas n\u00eb Shqip\u00ebri.<\/span><\/div>\n<div class=\"style8\" style=\"text-align: justify;\"><span style=\"font-family: helvetica; font-size: 12pt;\"><\/span><\/div>\n<div class=\"style8\" style=\"text-align: justify;\"><span style=\"color: #000000; font-family: helvetica; font-size: 12pt;\">&nbsp;&nbsp;&nbsp; Ne kleri, k\u00ebshilli kishtar dhe besimtar\u00ebt orthodhoks\u00eb t\u00eb qytetit t\u00eb Durr\u00ebsit, i urojm\u00eb Kryepiskopit ton\u00eb t\u00eb dashur, jet\u00eb t\u00eb gjat\u00eb, suksese n\u00eb pun\u00ebn dhe n\u00eb misionin e tij t\u00eb lart\u00eb t\u00eb Ungjillit, p\u00ebr lavdi t\u00eb Per\u00ebndis\u00eb dhe p\u00ebr t\u00eb mir\u00ebn e t\u00eb gjith\u00ebve njer\u00ebzve.<\/span><\/div>\n<div class=\"style8\"><span style=\"color: #000000; font-family: helvetica; font-size: 12pt;\"> &nbsp;&nbsp;&nbsp;&nbsp; P\u00ebr shum\u00eb vjet, o Kryezot!<\/span><\/div>\n<div class=\"style8\" style=\"text-align: right;\"><span style=\"color: #000000; font-family: helvetica; font-size: 12pt;\"> <strong>Kisha Katedrale e \u201cApostull Pavlit dhe Sh\u00ebn Astit\u201d<br \/> Durr\u00ebs, m\u00eb 17 Tetor 2010,<\/strong><\/span><\/div>\n<\/div>\n<\/td>\n<\/tr>\n<\/tbody>\n<\/table>\n<p>&nbsp;<\/p>\n","protected":false},"excerpt":{"rendered":"<p>&nbsp;&nbsp;&nbsp; Dit\u00ebt e fundit n\u00eb disa media t\u00eb shkruara dhe vizive ka rifilluar s\u00ebrish nj\u00eb fushat\u00eb sulmi e denigrimi ndaj Kish\u00ebs Orthodhokse Autoqefale t\u00eb Shqip\u00ebrsi\u00eb si dhe ndaj drejtuesit t\u00eb saj, Kryepiskopit Anastas. Ato kan\u00eb lidhje me nj\u00eb ngjarje t\u00eb r\u00ebnd\u00ebsishme dhe nj\u00eb dit\u00eb t\u00eb bekuar p\u00ebr t\u00eb gjith\u00eb besimtar\u00ebt orthodhoks\u00eb t\u00eb Shqip\u00ebris\u00eb, si\u00e7 \u00ebsht\u00eb ajo e 2 gushtit t\u00eb vitit 1992, dit\u00eb n\u00eb t\u00eb<\/p>\n","protected":false},"author":1,"featured_media":0,"comment_status":"open","ping_status":"open","sticky":false,"template":"","format":"standard","meta":{"_acf_changed":false,"pagelayer_contact_templates":[],"_pagelayer_content":"","inline_featured_image":false,"fifu_image_url":"","fifu_image_alt":"","footnotes":""},"categories":[108],"tags":[144,153,196,212,203],"class_list":["post-384","post","type-post","status-publish","format-standard","hentry","category-lajme","tag-144","tag-deklarata-njoftime-zyrtare-d75","tag-tirane","tag-lajme-d27","tag-pergjigje-ndaj-akuzave"],"acf":[],"yoast_head":"<!-- This site is optimized with the Yoast SEO plugin v27.2 - https:\/\/yoast.com\/product\/yoast-seo-wordpress\/ -->\n<title>Deklarat\u00eb e besimtar\u00ebve orthodhoks\u00eb t\u00eb qytetit t\u00eb Durr\u00ebsit kund\u00ebr akuzave drejtuar Kryepiskopit dhe Kish\u00ebs Orthodhokse. (Tetor 2010) - Kisha Orthodh\u03bfkse Autoqefale e Shqip\u00ebris\u00eb<\/title>\n<meta name=\"robots\" content=\"index, follow, max-snippet:-1, max-image-preview:large, max-video-preview:-1\" \/>\n<link rel=\"canonical\" href=\"https:\/\/orthodoxalbania.org\/2020\/2013\/03\/20\/deklarate-e-besimtareve-orthodhokse-te-qytetit-te-durresit-kunder-akuzave-drejtuar-kryepiskopit-dhe-kishes-orthodhokse-2010\/\" \/>\n<meta property=\"og:locale\" content=\"en_US\" \/>\n<meta property=\"og:type\" content=\"article\" \/>\n<meta property=\"og:title\" content=\"Deklarat\u00eb e besimtar\u00ebve orthodhoks\u00eb t\u00eb qytetit t\u00eb Durr\u00ebsit kund\u00ebr akuzave drejtuar Kryepiskopit dhe Kish\u00ebs Orthodhokse. (Tetor 2010) - Kisha Orthodh\u03bfkse Autoqefale e Shqip\u00ebris\u00eb\" \/>\n<meta property=\"og:description\" content=\"&nbsp;&nbsp;&nbsp; Dit\u00ebt e fundit n\u00eb disa media t\u00eb shkruara dhe vizive ka rifilluar s\u00ebrish nj\u00eb fushat\u00eb sulmi e denigrimi ndaj Kish\u00ebs Orthodhokse Autoqefale t\u00eb Shqip\u00ebrsi\u00eb si dhe ndaj drejtuesit t\u00eb saj, Kryepiskopit Anastas. Ato kan\u00eb lidhje me nj\u00eb ngjarje t\u00eb r\u00ebnd\u00ebsishme dhe nj\u00eb dit\u00eb t\u00eb bekuar p\u00ebr t\u00eb gjith\u00eb besimtar\u00ebt orthodhoks\u00eb t\u00eb Shqip\u00ebris\u00eb, si\u00e7 \u00ebsht\u00eb ajo e 2 gushtit t\u00eb vitit 1992, dit\u00eb n\u00eb t\u00eb\" \/>\n<meta property=\"og:url\" content=\"https:\/\/orthodoxalbania.org\/2020\/2013\/03\/20\/deklarate-e-besimtareve-orthodhokse-te-qytetit-te-durresit-kunder-akuzave-drejtuar-kryepiskopit-dhe-kishes-orthodhokse-2010\/\" \/>\n<meta property=\"og:site_name\" content=\"Kisha Orthodh\u03bfkse Autoqefale e Shqip\u00ebris\u00eb\" \/>\n<meta property=\"article:publisher\" content=\"https:\/\/www.facebook.com\/koash1991\" \/>\n<meta property=\"article:published_time\" content=\"2013-03-20T13:09:15+00:00\" \/>\n<meta property=\"article:modified_time\" content=\"2020-04-06T20:32:16+00:00\" \/>\n<meta property=\"og:image\" content=\"https:\/\/orthodoxalbania.org\/2020\/wp-content\/uploads\/2021\/02\/LogoLastALb-200.png\" \/>\n\t<meta property=\"og:image:width\" content=\"200\" \/>\n\t<meta property=\"og:image:height\" content=\"172\" \/>\n\t<meta property=\"og:image:type\" content=\"image\/png\" \/>\n<meta name=\"author\" content=\"Kisha Orthodhokse\" \/>\n<meta name=\"twitter:card\" content=\"summary_large_image\" \/>\n<meta name=\"twitter:label1\" content=\"Written by\" \/>\n\t<meta name=\"twitter:data1\" content=\"Kisha Orthodhokse\" \/>\n\t<meta name=\"twitter:label2\" content=\"Est. reading time\" \/>\n\t<meta name=\"twitter:data2\" content=\"5 minutes\" \/>\n<script type=\"application\/ld+json\" class=\"yoast-schema-graph\">{\"@context\":\"https:\/\/schema.org\",\"@graph\":[{\"@type\":\"Article\",\"@id\":\"https:\/\/orthodoxalbania.org\/2020\/2013\/03\/20\/deklarate-e-besimtareve-orthodhokse-te-qytetit-te-durresit-kunder-akuzave-drejtuar-kryepiskopit-dhe-kishes-orthodhokse-2010\/#article\",\"isPartOf\":{\"@id\":\"https:\/\/orthodoxalbania.org\/2020\/2013\/03\/20\/deklarate-e-besimtareve-orthodhokse-te-qytetit-te-durresit-kunder-akuzave-drejtuar-kryepiskopit-dhe-kishes-orthodhokse-2010\/\"},\"author\":{\"name\":\"Kisha Orthodhokse\",\"@id\":\"https:\/\/orthodoxalbania.org\/2020\/#\/schema\/person\/0c387634a7063ac612d7ed9ce71c7e86\"},\"headline\":\"Deklarat\u00eb e besimtar\u00ebve orthodhoks\u00eb t\u00eb qytetit t\u00eb Durr\u00ebsit kund\u00ebr akuzave drejtuar Kryepiskopit dhe Kish\u00ebs Orthodhokse. (Tetor 2010)\",\"datePublished\":\"2013-03-20T13:09:15+00:00\",\"dateModified\":\"2020-04-06T20:32:16+00:00\",\"mainEntityOfPage\":{\"@id\":\"https:\/\/orthodoxalbania.org\/2020\/2013\/03\/20\/deklarate-e-besimtareve-orthodhokse-te-qytetit-te-durresit-kunder-akuzave-drejtuar-kryepiskopit-dhe-kishes-orthodhokse-2010\/\"},\"wordCount\":1071,\"commentCount\":0,\"publisher\":{\"@id\":\"https:\/\/orthodoxalbania.org\/2020\/#organization\"},\"keywords\":[\"2010\",\"Deklarata - Njoftime Zyrtare\",\"Kryepiskopata Tiran\u00eb\",\"lajme\",\"P\u00ebrgjigje ndaj akuzave\"],\"articleSection\":[\"Lajme\"],\"inLanguage\":\"en-US\"},{\"@type\":\"WebPage\",\"@id\":\"https:\/\/orthodoxalbania.org\/2020\/2013\/03\/20\/deklarate-e-besimtareve-orthodhokse-te-qytetit-te-durresit-kunder-akuzave-drejtuar-kryepiskopit-dhe-kishes-orthodhokse-2010\/\",\"url\":\"https:\/\/orthodoxalbania.org\/2020\/2013\/03\/20\/deklarate-e-besimtareve-orthodhokse-te-qytetit-te-durresit-kunder-akuzave-drejtuar-kryepiskopit-dhe-kishes-orthodhokse-2010\/\",\"name\":\"Deklarat\u00eb e besimtar\u00ebve orthodhoks\u00eb t\u00eb qytetit t\u00eb Durr\u00ebsit kund\u00ebr akuzave drejtuar Kryepiskopit dhe Kish\u00ebs Orthodhokse. (Tetor 2010) - Kisha Orthodh\u03bfkse Autoqefale e Shqip\u00ebris\u00eb\",\"isPartOf\":{\"@id\":\"https:\/\/orthodoxalbania.org\/2020\/#website\"},\"datePublished\":\"2013-03-20T13:09:15+00:00\",\"dateModified\":\"2020-04-06T20:32:16+00:00\",\"breadcrumb\":{\"@id\":\"https:\/\/orthodoxalbania.org\/2020\/2013\/03\/20\/deklarate-e-besimtareve-orthodhokse-te-qytetit-te-durresit-kunder-akuzave-drejtuar-kryepiskopit-dhe-kishes-orthodhokse-2010\/#breadcrumb\"},\"inLanguage\":\"en-US\",\"potentialAction\":[{\"@type\":\"ReadAction\",\"target\":[\"https:\/\/orthodoxalbania.org\/2020\/2013\/03\/20\/deklarate-e-besimtareve-orthodhokse-te-qytetit-te-durresit-kunder-akuzave-drejtuar-kryepiskopit-dhe-kishes-orthodhokse-2010\/\"]}]},{\"@type\":\"BreadcrumbList\",\"@id\":\"https:\/\/orthodoxalbania.org\/2020\/2013\/03\/20\/deklarate-e-besimtareve-orthodhokse-te-qytetit-te-durresit-kunder-akuzave-drejtuar-kryepiskopit-dhe-kishes-orthodhokse-2010\/#breadcrumb\",\"itemListElement\":[{\"@type\":\"ListItem\",\"position\":1,\"name\":\"Home\",\"item\":\"https:\/\/orthodoxalbania.org\/2020\/\"},{\"@type\":\"ListItem\",\"position\":2,\"name\":\"Deklarat\u00eb e besimtar\u00ebve orthodhoks\u00eb t\u00eb qytetit t\u00eb Durr\u00ebsit kund\u00ebr akuzave drejtuar Kryepiskopit dhe Kish\u00ebs Orthodhokse. (Tetor 2010)\"}]},{\"@type\":\"WebSite\",\"@id\":\"https:\/\/orthodoxalbania.org\/2020\/#website\",\"url\":\"https:\/\/orthodoxalbania.org\/2020\/\",\"name\":\"Kisha Orthodh\u03bfkse Autoqefale e Shqip\u00ebris\u00eb\",\"description\":\"Fqja Zyrtare e Kish\u00ebs Orthodhokse Autoqefale e Shqip\u00ebris\u00eb me lajmet edhe informacionet zyrtare p\u00ebr struktur\u00ebn edhe veprimtarin e saj.\",\"publisher\":{\"@id\":\"https:\/\/orthodoxalbania.org\/2020\/#organization\"},\"potentialAction\":[{\"@type\":\"SearchAction\",\"target\":{\"@type\":\"EntryPoint\",\"urlTemplate\":\"https:\/\/orthodoxalbania.org\/2020\/?s={search_term_string}\"},\"query-input\":{\"@type\":\"PropertyValueSpecification\",\"valueRequired\":true,\"valueName\":\"search_term_string\"}}],\"inLanguage\":\"en-US\"},{\"@type\":\"Organization\",\"@id\":\"https:\/\/orthodoxalbania.org\/2020\/#organization\",\"name\":\"Kisha Orthodhokse Autoqefale e Shqip\u00ebris\u00eb\",\"url\":\"https:\/\/orthodoxalbania.org\/2020\/\",\"logo\":{\"@type\":\"ImageObject\",\"inLanguage\":\"en-US\",\"@id\":\"https:\/\/orthodoxalbania.org\/2020\/#\/schema\/logo\/image\/\",\"url\":\"https:\/\/orthodoxalbania.org\/2020\/wp-content\/uploads\/2020\/05\/albania.jpeg\",\"contentUrl\":\"https:\/\/orthodoxalbania.org\/2020\/wp-content\/uploads\/2020\/05\/albania.jpeg\",\"width\":540,\"height\":540,\"caption\":\"Kisha Orthodhokse Autoqefale e Shqip\u00ebris\u00eb\"},\"image\":{\"@id\":\"https:\/\/orthodoxalbania.org\/2020\/#\/schema\/logo\/image\/\"},\"sameAs\":[\"https:\/\/www.facebook.com\/koash1991\"]},{\"@type\":\"Person\",\"@id\":\"https:\/\/orthodoxalbania.org\/2020\/#\/schema\/person\/0c387634a7063ac612d7ed9ce71c7e86\",\"name\":\"Kisha Orthodhokse\",\"image\":{\"@type\":\"ImageObject\",\"inLanguage\":\"en-US\",\"@id\":\"https:\/\/secure.gravatar.com\/avatar\/596e7c417251e30f2fbb9c00e026fce61a695a00e51c889caded71c96cbbdde5?s=96&d=mm&r=g\",\"url\":\"https:\/\/secure.gravatar.com\/avatar\/596e7c417251e30f2fbb9c00e026fce61a695a00e51c889caded71c96cbbdde5?s=96&d=mm&r=g\",\"contentUrl\":\"https:\/\/secure.gravatar.com\/avatar\/596e7c417251e30f2fbb9c00e026fce61a695a00e51c889caded71c96cbbdde5?s=96&d=mm&r=g\",\"caption\":\"Kisha Orthodhokse\"}}]}<\/script>\n<!-- \/ Yoast SEO plugin. -->","yoast_head_json":{"title":"Deklarat\u00eb e besimtar\u00ebve orthodhoks\u00eb t\u00eb qytetit t\u00eb Durr\u00ebsit kund\u00ebr akuzave drejtuar Kryepiskopit dhe Kish\u00ebs Orthodhokse. (Tetor 2010) - Kisha Orthodh\u03bfkse Autoqefale e Shqip\u00ebris\u00eb","robots":{"index":"index","follow":"follow","max-snippet":"max-snippet:-1","max-image-preview":"max-image-preview:large","max-video-preview":"max-video-preview:-1"},"canonical":"https:\/\/orthodoxalbania.org\/2020\/2013\/03\/20\/deklarate-e-besimtareve-orthodhokse-te-qytetit-te-durresit-kunder-akuzave-drejtuar-kryepiskopit-dhe-kishes-orthodhokse-2010\/","og_locale":"en_US","og_type":"article","og_title":"Deklarat\u00eb e besimtar\u00ebve orthodhoks\u00eb t\u00eb qytetit t\u00eb Durr\u00ebsit kund\u00ebr akuzave drejtuar Kryepiskopit dhe Kish\u00ebs Orthodhokse. (Tetor 2010) - Kisha Orthodh\u03bfkse Autoqefale e Shqip\u00ebris\u00eb","og_description":"&nbsp;&nbsp;&nbsp; Dit\u00ebt e fundit n\u00eb disa media t\u00eb shkruara dhe vizive ka rifilluar s\u00ebrish nj\u00eb fushat\u00eb sulmi e denigrimi ndaj Kish\u00ebs Orthodhokse Autoqefale t\u00eb Shqip\u00ebrsi\u00eb si dhe ndaj drejtuesit t\u00eb saj, Kryepiskopit Anastas. Ato kan\u00eb lidhje me nj\u00eb ngjarje t\u00eb r\u00ebnd\u00ebsishme dhe nj\u00eb dit\u00eb t\u00eb bekuar p\u00ebr t\u00eb gjith\u00eb besimtar\u00ebt orthodhoks\u00eb t\u00eb Shqip\u00ebris\u00eb, si\u00e7 \u00ebsht\u00eb ajo e 2 gushtit t\u00eb vitit 1992, dit\u00eb n\u00eb t\u00eb","og_url":"https:\/\/orthodoxalbania.org\/2020\/2013\/03\/20\/deklarate-e-besimtareve-orthodhokse-te-qytetit-te-durresit-kunder-akuzave-drejtuar-kryepiskopit-dhe-kishes-orthodhokse-2010\/","og_site_name":"Kisha Orthodh\u03bfkse Autoqefale e Shqip\u00ebris\u00eb","article_publisher":"https:\/\/www.facebook.com\/koash1991","article_published_time":"2013-03-20T13:09:15+00:00","article_modified_time":"2020-04-06T20:32:16+00:00","og_image":[{"width":200,"height":172,"url":"https:\/\/orthodoxalbania.org\/2020\/wp-content\/uploads\/2021\/02\/LogoLastALb-200.png","type":"image\/png"}],"author":"Kisha Orthodhokse","twitter_card":"summary_large_image","twitter_misc":{"Written by":"Kisha Orthodhokse","Est. reading time":"5 minutes"},"schema":{"@context":"https:\/\/schema.org","@graph":[{"@type":"Article","@id":"https:\/\/orthodoxalbania.org\/2020\/2013\/03\/20\/deklarate-e-besimtareve-orthodhokse-te-qytetit-te-durresit-kunder-akuzave-drejtuar-kryepiskopit-dhe-kishes-orthodhokse-2010\/#article","isPartOf":{"@id":"https:\/\/orthodoxalbania.org\/2020\/2013\/03\/20\/deklarate-e-besimtareve-orthodhokse-te-qytetit-te-durresit-kunder-akuzave-drejtuar-kryepiskopit-dhe-kishes-orthodhokse-2010\/"},"author":{"name":"Kisha Orthodhokse","@id":"https:\/\/orthodoxalbania.org\/2020\/#\/schema\/person\/0c387634a7063ac612d7ed9ce71c7e86"},"headline":"Deklarat\u00eb e besimtar\u00ebve orthodhoks\u00eb t\u00eb qytetit t\u00eb Durr\u00ebsit kund\u00ebr akuzave drejtuar Kryepiskopit dhe Kish\u00ebs Orthodhokse. (Tetor 2010)","datePublished":"2013-03-20T13:09:15+00:00","dateModified":"2020-04-06T20:32:16+00:00","mainEntityOfPage":{"@id":"https:\/\/orthodoxalbania.org\/2020\/2013\/03\/20\/deklarate-e-besimtareve-orthodhokse-te-qytetit-te-durresit-kunder-akuzave-drejtuar-kryepiskopit-dhe-kishes-orthodhokse-2010\/"},"wordCount":1071,"commentCount":0,"publisher":{"@id":"https:\/\/orthodoxalbania.org\/2020\/#organization"},"keywords":["2010","Deklarata - Njoftime Zyrtare","Kryepiskopata Tiran\u00eb","lajme","P\u00ebrgjigje ndaj akuzave"],"articleSection":["Lajme"],"inLanguage":"en-US"},{"@type":"WebPage","@id":"https:\/\/orthodoxalbania.org\/2020\/2013\/03\/20\/deklarate-e-besimtareve-orthodhokse-te-qytetit-te-durresit-kunder-akuzave-drejtuar-kryepiskopit-dhe-kishes-orthodhokse-2010\/","url":"https:\/\/orthodoxalbania.org\/2020\/2013\/03\/20\/deklarate-e-besimtareve-orthodhokse-te-qytetit-te-durresit-kunder-akuzave-drejtuar-kryepiskopit-dhe-kishes-orthodhokse-2010\/","name":"Deklarat\u00eb e besimtar\u00ebve orthodhoks\u00eb t\u00eb qytetit t\u00eb Durr\u00ebsit kund\u00ebr akuzave drejtuar Kryepiskopit dhe Kish\u00ebs Orthodhokse. (Tetor 2010) - Kisha Orthodh\u03bfkse Autoqefale e Shqip\u00ebris\u00eb","isPartOf":{"@id":"https:\/\/orthodoxalbania.org\/2020\/#website"},"datePublished":"2013-03-20T13:09:15+00:00","dateModified":"2020-04-06T20:32:16+00:00","breadcrumb":{"@id":"https:\/\/orthodoxalbania.org\/2020\/2013\/03\/20\/deklarate-e-besimtareve-orthodhokse-te-qytetit-te-durresit-kunder-akuzave-drejtuar-kryepiskopit-dhe-kishes-orthodhokse-2010\/#breadcrumb"},"inLanguage":"en-US","potentialAction":[{"@type":"ReadAction","target":["https:\/\/orthodoxalbania.org\/2020\/2013\/03\/20\/deklarate-e-besimtareve-orthodhokse-te-qytetit-te-durresit-kunder-akuzave-drejtuar-kryepiskopit-dhe-kishes-orthodhokse-2010\/"]}]},{"@type":"BreadcrumbList","@id":"https:\/\/orthodoxalbania.org\/2020\/2013\/03\/20\/deklarate-e-besimtareve-orthodhokse-te-qytetit-te-durresit-kunder-akuzave-drejtuar-kryepiskopit-dhe-kishes-orthodhokse-2010\/#breadcrumb","itemListElement":[{"@type":"ListItem","position":1,"name":"Home","item":"https:\/\/orthodoxalbania.org\/2020\/"},{"@type":"ListItem","position":2,"name":"Deklarat\u00eb e besimtar\u00ebve orthodhoks\u00eb t\u00eb qytetit t\u00eb Durr\u00ebsit kund\u00ebr akuzave drejtuar Kryepiskopit dhe Kish\u00ebs Orthodhokse. (Tetor 2010)"}]},{"@type":"WebSite","@id":"https:\/\/orthodoxalbania.org\/2020\/#website","url":"https:\/\/orthodoxalbania.org\/2020\/","name":"Kisha Orthodh\u03bfkse Autoqefale e Shqip\u00ebris\u00eb","description":"Fqja Zyrtare e Kish\u00ebs Orthodhokse Autoqefale e Shqip\u00ebris\u00eb me lajmet edhe informacionet zyrtare p\u00ebr struktur\u00ebn edhe veprimtarin e saj.","publisher":{"@id":"https:\/\/orthodoxalbania.org\/2020\/#organization"},"potentialAction":[{"@type":"SearchAction","target":{"@type":"EntryPoint","urlTemplate":"https:\/\/orthodoxalbania.org\/2020\/?s={search_term_string}"},"query-input":{"@type":"PropertyValueSpecification","valueRequired":true,"valueName":"search_term_string"}}],"inLanguage":"en-US"},{"@type":"Organization","@id":"https:\/\/orthodoxalbania.org\/2020\/#organization","name":"Kisha Orthodhokse Autoqefale e Shqip\u00ebris\u00eb","url":"https:\/\/orthodoxalbania.org\/2020\/","logo":{"@type":"ImageObject","inLanguage":"en-US","@id":"https:\/\/orthodoxalbania.org\/2020\/#\/schema\/logo\/image\/","url":"https:\/\/orthodoxalbania.org\/2020\/wp-content\/uploads\/2020\/05\/albania.jpeg","contentUrl":"https:\/\/orthodoxalbania.org\/2020\/wp-content\/uploads\/2020\/05\/albania.jpeg","width":540,"height":540,"caption":"Kisha Orthodhokse Autoqefale e Shqip\u00ebris\u00eb"},"image":{"@id":"https:\/\/orthodoxalbania.org\/2020\/#\/schema\/logo\/image\/"},"sameAs":["https:\/\/www.facebook.com\/koash1991"]},{"@type":"Person","@id":"https:\/\/orthodoxalbania.org\/2020\/#\/schema\/person\/0c387634a7063ac612d7ed9ce71c7e86","name":"Kisha Orthodhokse","image":{"@type":"ImageObject","inLanguage":"en-US","@id":"https:\/\/secure.gravatar.com\/avatar\/596e7c417251e30f2fbb9c00e026fce61a695a00e51c889caded71c96cbbdde5?s=96&d=mm&r=g","url":"https:\/\/secure.gravatar.com\/avatar\/596e7c417251e30f2fbb9c00e026fce61a695a00e51c889caded71c96cbbdde5?s=96&d=mm&r=g","contentUrl":"https:\/\/secure.gravatar.com\/avatar\/596e7c417251e30f2fbb9c00e026fce61a695a00e51c889caded71c96cbbdde5?s=96&d=mm&r=g","caption":"Kisha Orthodhokse"}}]}},"_links":{"self":[{"href":"https:\/\/orthodoxalbania.org\/2020\/wp-json\/wp\/v2\/posts\/384","targetHints":{"allow":["GET"]}}],"collection":[{"href":"https:\/\/orthodoxalbania.org\/2020\/wp-json\/wp\/v2\/posts"}],"about":[{"href":"https:\/\/orthodoxalbania.org\/2020\/wp-json\/wp\/v2\/types\/post"}],"author":[{"embeddable":true,"href":"https:\/\/orthodoxalbania.org\/2020\/wp-json\/wp\/v2\/users\/1"}],"replies":[{"embeddable":true,"href":"https:\/\/orthodoxalbania.org\/2020\/wp-json\/wp\/v2\/comments?post=384"}],"version-history":[{"count":1,"href":"https:\/\/orthodoxalbania.org\/2020\/wp-json\/wp\/v2\/posts\/384\/revisions"}],"predecessor-version":[{"id":15450,"href":"https:\/\/orthodoxalbania.org\/2020\/wp-json\/wp\/v2\/posts\/384\/revisions\/15450"}],"wp:attachment":[{"href":"https:\/\/orthodoxalbania.org\/2020\/wp-json\/wp\/v2\/media?parent=384"}],"wp:term":[{"taxonomy":"category","embeddable":true,"href":"https:\/\/orthodoxalbania.org\/2020\/wp-json\/wp\/v2\/categories?post=384"},{"taxonomy":"post_tag","embeddable":true,"href":"https:\/\/orthodoxalbania.org\/2020\/wp-json\/wp\/v2\/tags?post=384"}],"curies":[{"name":"wp","href":"https:\/\/api.w.org\/{rel}","templated":true}]}}