{"id":382,"date":"2013-03-21T13:04:12","date_gmt":"2013-03-21T13:04:12","guid":{"rendered":""},"modified":"2020-04-06T22:05:49","modified_gmt":"2020-04-06T20:05:49","slug":"deklarate-nikolla-marku-nuk-eshte-prift-ai-eshte-nje-mashtrim-i-vazhdueshem-i-opinionit-publik","status":"publish","type":"post","link":"https:\/\/orthodoxalbania.org\/2020\/2013\/03\/21\/deklarate-nikolla-marku-nuk-eshte-prift-ai-eshte-nje-mashtrim-i-vazhdueshem-i-opinionit-publik\/","title":{"rendered":"DEKLARAT\u00cb &#8211; Nikolla Marku nuk \u00ebsht\u00eb prift, ai \u00ebsht\u00eb nj\u00eb mashtrim i vazhduesh\u00ebm i opinionit publik. (31 Janar 2013)"},"content":{"rendered":"<div style=\"text-align: center;\"><span style=\"font-size: 12pt; font-family: helvetica;\"><\/span><\/div>\n<div style=\"text-align: center;\"><span style=\"color: #000000; font-size: 12pt; font-family: helvetica;\"><img decoding=\"async\" class=\"lazyload HAa Eha\" alt=\"\" src=\"data:image\/svg+xml,%3Csvg%20xmlns%3D%27http%3A%2F%2Fwww.w3.org%2F2000%2Fsvg%27%20width%3D%2746%27%20height%3D%2746%27%20viewBox%3D%270%200%2046%2046%27%3E%3Crect%20width%3D%2746%27%20height%3D%2746%27%20fill-opacity%3D%220%22%2F%3E%3C%2Fsvg%3E\" data-orig-src=\"https:\/\/lh3.googleusercontent.com\/-0XaSr7tg_9w\/U_NB8PwotlI\/AAAAAAAAA2g\/QXaauIV8bCc\/s577-no\/logo.png\" height=\"46\" width=\"46\" \/><\/span><\/div>\n<div style=\"text-align: center;\"><span style=\"font-size: 12pt; font-family: helvetica;\"><\/span><\/div>\n<div style=\"text-align: center;\"><span style=\"color: #000000; font-size: 12pt; font-family: helvetica;\"><strong>KISHA ORTHODHOKSE AUTOQEFALE E SHQIP\u00cbRIS\u00cb<br \/> Sinodi i Shenjt\u00eb<\/p>\n<p> <\/strong><\/span><\/div>\n<div style=\"text-align: center;\"><span style=\"color: #000000; font-size: 12pt; font-family: helvetica;\"><strong>DEKLARAT\u00cb<\/p>\n<p> Nikolla Marku nuk \u00ebsht\u00eb prift,<br \/> ai \u00ebsht\u00eb nj\u00eb mashtrim i vazhduesh\u00ebm i opinionit publik<br \/> <\/strong><\/span><\/div>\n<div style=\"text-align: justify;\"><span style=\"color: #000000; font-size: 12pt; font-family: helvetica;\"> &nbsp;&nbsp;&nbsp; Koh\u00ebt e fundit, jan\u00eb shtuar sulme n\u00eb drejtime t\u00eb ndryshme kund\u00ebr komunitetit orthodhoks t\u00eb Shqip\u00ebris\u00eb. Mes tyre \u00ebsht\u00eb dhe shfaqja n\u00eb m\u00ebnyr\u00eb t\u00eb p\u00ebrs\u00ebritur n\u00eb media e Nikolla Markut nga Elbasani si prift orthodhoks.<\/span><\/div>\n<div style=\"text-align: justify;\"><span style=\"color: #000000; font-size: 12pt; font-family: helvetica;\"> &nbsp;&nbsp;&nbsp; Jemi t\u00eb detyruar t\u00eb ri-informojm\u00eb opinionin publik p\u00ebr mashtrimet flagrante t\u00eb k\u00ebtij t\u00eb vet\u00ebshpallur prift orthodhoks i Shqip\u00ebris\u00eb. Ai nuk njihet si prift nga asnj\u00eb Kish\u00eb Orthodhokse n\u00eb bot\u00eb, as nga ndonj\u00eb Kish\u00eb tjet\u00ebr apo konfesion i krishter\u00eb dhe as nga Shteti Shqiptar.<\/span><\/div>\n<div style=\"text-align: justify;\"><span style=\"color: #000000; font-size: 12pt; font-family: helvetica;\"> &nbsp;&nbsp;&nbsp; Kisha Orthodhokse Autoqefale e Shqip\u00ebris\u00eb, i vetmi Institucion fetar orthodhoks n\u00eb Shqip\u00ebri, deklaron zyrtarisht, n\u00eb m\u00ebnyr\u00eb t\u00eb p\u00ebrs\u00ebritur, se Nikolla Marku nuk \u00ebsht\u00eb prift. Vet\u00ebshpallja e tij si prift nuk e b\u00ebn at\u00eb klerik, as nuk e b\u00ebn t\u00eb pranuesh\u00ebm nga t\u00eb tjer\u00ebt si t\u00eb till\u00eb. N\u00ebse dikush e shpall veten \u201ckirurg\u201d, \u201cprofesor\u201d i nj\u00eb universiteti q\u00eb nuk ekziston, a do t\u00eb lejohej vall\u00eb t\u00eb mashtronte njer\u00ebzit?<\/span><\/div>\n<div style=\"text-align: justify;\"><span style=\"color: #000000; font-size: 12pt; font-family: helvetica;\"> &nbsp;&nbsp;&nbsp; Veprimet e tij t\u00eb paligjshme vazhdojn\u00eb edhe sot e k\u00ebsaj dite duke keqp\u00ebrdorur dhe duke mbajtur t\u00eb uzurpuar nj\u00eb monument kulture, q\u00eb ende sot mbahet nga shteti, Kish\u00ebn e Sh\u00ebn Maris\u00eb n\u00eb lagjen \u201cKala\u201d Elbasan.<\/span><\/div>\n<div style=\"text-align: justify;\"><span style=\"color: #000000; font-size: 12pt; font-family: helvetica;\"> &nbsp;&nbsp;&nbsp; \u00cbsht\u00eb e qart\u00eb se ai vazhdon t\u00eb p\u00ebrdoret dhe vet\u00ebp\u00ebrdoret n\u00eb m\u00ebnyr\u00eb t\u00eb p\u00ebrs\u00ebritur nga qarqe ekstremiste p\u00ebr sulme antiorthodhokse. Por, sado t\u00eb p\u00ebrpiqet t\u00eb paraqitet si superpatriot, ai \u00ebsht\u00eb nj\u00eb kukull n\u00eb duart e t\u00eb tjer\u00ebve. Me sakrilegjet e p\u00ebrditshme q\u00eb b\u00ebn fyen r\u00ebnd\u00eb dhe p\u00ebrdhos fen\u00eb e krishter\u00eb dhe jet\u00ebn fetare t\u00eb Shqip\u00ebris\u00eb edhe m\u00eb keq se n\u00eb regjimin e m\u00ebparsh\u00ebm dhe mashtron n\u00eb m\u00ebnyr\u00eb flagrante opinionin publik shqiptar.<\/span><\/div>\n<div style=\"text-align: justify;\"><span style=\"color: #000000; font-size: 12pt; font-family: helvetica;\"> <strong>P\u00ebrfaq\u00ebsuesi i Sinodit t\u00eb Shenjt\u00eb<br \/> Episkopi i Apollonis\u00eb, Nikolla<br \/> <\/strong><\/span><\/div>\n<div style=\"text-align: justify;\"><span style=\"color: #000000; font-size: 12pt; font-family: helvetica;\"> &nbsp;31.01.2013<\/span><\/div>\n<div><span style=\"font-size: 12pt; font-family: helvetica;\">____________________________________________________________________________<\/span><\/div>\n<div><span style=\"font-size: 12pt; font-family: helvetica;\"><strong><span style=\"color: #000000;\">Adresa: Rruga e Kavaj\u00ebs Nr. 151, Tiran\u00eb; Tel. (04) 22-34-117,22-35-095; Faks (04) 22-32-109<br \/> e-mail: <\/span>&#x6f;&#x72;&#x74;&#x68;&#x63;&#x68;&#x61;&#x6c;&#x40;&#x6f;&#x72;&#x74;&#x68;&#x6f;&#x64;&#x6f;&#x78;&#x61;&#x6c;&#x62;&#x61;&#x6e;&#105;&#97;&#46;&#111;&#114;&#103;<span style=\"color: #000000;\">; web: www.orthodoxalbania.org<\/span><\/p>\n<p> <\/strong><\/span><\/div>\n","protected":false},"excerpt":{"rendered":"<p>KISHA ORTHODHOKSE AUTOQEFALE E SHQIP\u00cbRIS\u00cb Sinodi i Shenjt\u00eb DEKLARAT\u00cb Nikolla Marku nuk \u00ebsht\u00eb prift, ai \u00ebsht\u00eb nj\u00eb mashtrim i vazhduesh\u00ebm i opinionit publik &nbsp;&nbsp;&nbsp; Koh\u00ebt e fundit, jan\u00eb shtuar sulme n\u00eb drejtime t\u00eb ndryshme kund\u00ebr komunitetit orthodhoks t\u00eb Shqip\u00ebris\u00eb. Mes tyre \u00ebsht\u00eb dhe shfaqja n\u00eb m\u00ebnyr\u00eb t\u00eb p\u00ebrs\u00ebritur n\u00eb media e Nikolla Markut nga Elbasani si prift orthodhoks. &nbsp;&nbsp;&nbsp; Jemi t\u00eb detyruar t\u00eb ri-informojm\u00eb opinionin<\/p>\n","protected":false},"author":1,"featured_media":0,"comment_status":"open","ping_status":"open","sticky":false,"template":"","format":"standard","meta":{"_acf_changed":false,"pagelayer_contact_templates":[],"_pagelayer_content":"","inline_featured_image":false,"fifu_image_url":"","fifu_image_alt":"","footnotes":""},"categories":[108],"tags":[141,196,212],"class_list":["post-382","post","type-post","status-publish","format-standard","hentry","category-lajme","tag-141","tag-tirane","tag-lajme-d27"],"acf":[],"yoast_head":"<!-- This site is optimized with the Yoast SEO plugin v27.2 - https:\/\/yoast.com\/product\/yoast-seo-wordpress\/ -->\n<title>DEKLARAT\u00cb - Nikolla Marku nuk \u00ebsht\u00eb prift, ai \u00ebsht\u00eb nj\u00eb mashtrim i vazhduesh\u00ebm i opinionit publik. (31 Janar 2013) - Kisha Orthodh\u03bfkse Autoqefale e Shqip\u00ebris\u00eb<\/title>\n<meta name=\"robots\" content=\"index, follow, max-snippet:-1, max-image-preview:large, max-video-preview:-1\" \/>\n<link rel=\"canonical\" href=\"https:\/\/orthodoxalbania.org\/2020\/2013\/03\/21\/deklarate-nikolla-marku-nuk-eshte-prift-ai-eshte-nje-mashtrim-i-vazhdueshem-i-opinionit-publik\/\" \/>\n<meta property=\"og:locale\" content=\"en_US\" \/>\n<meta property=\"og:type\" content=\"article\" \/>\n<meta property=\"og:title\" content=\"DEKLARAT\u00cb - Nikolla Marku nuk \u00ebsht\u00eb prift, ai \u00ebsht\u00eb nj\u00eb mashtrim i vazhduesh\u00ebm i opinionit publik. (31 Janar 2013) - Kisha Orthodh\u03bfkse Autoqefale e Shqip\u00ebris\u00eb\" \/>\n<meta property=\"og:description\" content=\"KISHA ORTHODHOKSE AUTOQEFALE E SHQIP\u00cbRIS\u00cb Sinodi i Shenjt\u00eb DEKLARAT\u00cb Nikolla Marku nuk \u00ebsht\u00eb prift, ai \u00ebsht\u00eb nj\u00eb mashtrim i vazhduesh\u00ebm i opinionit publik &nbsp;&nbsp;&nbsp; Koh\u00ebt e fundit, jan\u00eb shtuar sulme n\u00eb drejtime t\u00eb ndryshme kund\u00ebr komunitetit orthodhoks t\u00eb Shqip\u00ebris\u00eb. Mes tyre \u00ebsht\u00eb dhe shfaqja n\u00eb m\u00ebnyr\u00eb t\u00eb p\u00ebrs\u00ebritur n\u00eb media e Nikolla Markut nga Elbasani si prift orthodhoks. &nbsp;&nbsp;&nbsp; Jemi t\u00eb detyruar t\u00eb ri-informojm\u00eb opinionin\" \/>\n<meta property=\"og:url\" content=\"https:\/\/orthodoxalbania.org\/2020\/2013\/03\/21\/deklarate-nikolla-marku-nuk-eshte-prift-ai-eshte-nje-mashtrim-i-vazhdueshem-i-opinionit-publik\/\" \/>\n<meta property=\"og:site_name\" content=\"Kisha Orthodh\u03bfkse Autoqefale e Shqip\u00ebris\u00eb\" \/>\n<meta property=\"article:publisher\" content=\"https:\/\/www.facebook.com\/koash1991\" \/>\n<meta property=\"article:published_time\" content=\"2013-03-21T13:04:12+00:00\" \/>\n<meta property=\"article:modified_time\" content=\"2020-04-06T20:05:49+00:00\" \/>\n<meta property=\"og:image\" content=\"https:\/\/lh3.googleusercontent.com\/-0XaSr7tg_9w\/U_NB8PwotlI\/AAAAAAAAA2g\/QXaauIV8bCc\/s577-no\/logo.png\" \/>\n<meta name=\"author\" content=\"Kisha Orthodhokse\" \/>\n<meta name=\"twitter:card\" content=\"summary_large_image\" \/>\n<meta name=\"twitter:label1\" content=\"Written by\" \/>\n\t<meta name=\"twitter:data1\" content=\"Kisha Orthodhokse\" \/>\n\t<meta name=\"twitter:label2\" content=\"Est. reading time\" \/>\n\t<meta name=\"twitter:data2\" content=\"2 minutes\" \/>\n<script type=\"application\/ld+json\" class=\"yoast-schema-graph\">{\"@context\":\"https:\/\/schema.org\",\"@graph\":[{\"@type\":\"Article\",\"@id\":\"https:\/\/orthodoxalbania.org\/2020\/2013\/03\/21\/deklarate-nikolla-marku-nuk-eshte-prift-ai-eshte-nje-mashtrim-i-vazhdueshem-i-opinionit-publik\/#article\",\"isPartOf\":{\"@id\":\"https:\/\/orthodoxalbania.org\/2020\/2013\/03\/21\/deklarate-nikolla-marku-nuk-eshte-prift-ai-eshte-nje-mashtrim-i-vazhdueshem-i-opinionit-publik\/\"},\"author\":{\"name\":\"Kisha Orthodhokse\",\"@id\":\"https:\/\/orthodoxalbania.org\/2020\/#\/schema\/person\/0c387634a7063ac612d7ed9ce71c7e86\"},\"headline\":\"DEKLARAT\u00cb &#8211; Nikolla Marku nuk \u00ebsht\u00eb prift, ai \u00ebsht\u00eb nj\u00eb mashtrim i vazhduesh\u00ebm i opinionit publik. (31 Janar 2013)\",\"datePublished\":\"2013-03-21T13:04:12+00:00\",\"dateModified\":\"2020-04-06T20:05:49+00:00\",\"mainEntityOfPage\":{\"@id\":\"https:\/\/orthodoxalbania.org\/2020\/2013\/03\/21\/deklarate-nikolla-marku-nuk-eshte-prift-ai-eshte-nje-mashtrim-i-vazhdueshem-i-opinionit-publik\/\"},\"wordCount\":388,\"commentCount\":0,\"publisher\":{\"@id\":\"https:\/\/orthodoxalbania.org\/2020\/#organization\"},\"image\":{\"@id\":\"https:\/\/orthodoxalbania.org\/2020\/2013\/03\/21\/deklarate-nikolla-marku-nuk-eshte-prift-ai-eshte-nje-mashtrim-i-vazhdueshem-i-opinionit-publik\/#primaryimage\"},\"thumbnailUrl\":\"https:\/\/lh3.googleusercontent.com\/-0XaSr7tg_9w\/U_NB8PwotlI\/AAAAAAAAA2g\/QXaauIV8bCc\/s577-no\/logo.png\",\"keywords\":[\"2013\",\"Kryepiskopata Tiran\u00eb\",\"lajme\"],\"articleSection\":[\"Lajme\"],\"inLanguage\":\"en-US\"},{\"@type\":\"WebPage\",\"@id\":\"https:\/\/orthodoxalbania.org\/2020\/2013\/03\/21\/deklarate-nikolla-marku-nuk-eshte-prift-ai-eshte-nje-mashtrim-i-vazhdueshem-i-opinionit-publik\/\",\"url\":\"https:\/\/orthodoxalbania.org\/2020\/2013\/03\/21\/deklarate-nikolla-marku-nuk-eshte-prift-ai-eshte-nje-mashtrim-i-vazhdueshem-i-opinionit-publik\/\",\"name\":\"DEKLARAT\u00cb - Nikolla Marku nuk \u00ebsht\u00eb prift, ai \u00ebsht\u00eb nj\u00eb mashtrim i vazhduesh\u00ebm i opinionit publik. (31 Janar 2013) - Kisha Orthodh\u03bfkse Autoqefale e Shqip\u00ebris\u00eb\",\"isPartOf\":{\"@id\":\"https:\/\/orthodoxalbania.org\/2020\/#website\"},\"primaryImageOfPage\":{\"@id\":\"https:\/\/orthodoxalbania.org\/2020\/2013\/03\/21\/deklarate-nikolla-marku-nuk-eshte-prift-ai-eshte-nje-mashtrim-i-vazhdueshem-i-opinionit-publik\/#primaryimage\"},\"image\":{\"@id\":\"https:\/\/orthodoxalbania.org\/2020\/2013\/03\/21\/deklarate-nikolla-marku-nuk-eshte-prift-ai-eshte-nje-mashtrim-i-vazhdueshem-i-opinionit-publik\/#primaryimage\"},\"thumbnailUrl\":\"https:\/\/lh3.googleusercontent.com\/-0XaSr7tg_9w\/U_NB8PwotlI\/AAAAAAAAA2g\/QXaauIV8bCc\/s577-no\/logo.png\",\"datePublished\":\"2013-03-21T13:04:12+00:00\",\"dateModified\":\"2020-04-06T20:05:49+00:00\",\"breadcrumb\":{\"@id\":\"https:\/\/orthodoxalbania.org\/2020\/2013\/03\/21\/deklarate-nikolla-marku-nuk-eshte-prift-ai-eshte-nje-mashtrim-i-vazhdueshem-i-opinionit-publik\/#breadcrumb\"},\"inLanguage\":\"en-US\",\"potentialAction\":[{\"@type\":\"ReadAction\",\"target\":[\"https:\/\/orthodoxalbania.org\/2020\/2013\/03\/21\/deklarate-nikolla-marku-nuk-eshte-prift-ai-eshte-nje-mashtrim-i-vazhdueshem-i-opinionit-publik\/\"]}]},{\"@type\":\"ImageObject\",\"inLanguage\":\"en-US\",\"@id\":\"https:\/\/orthodoxalbania.org\/2020\/2013\/03\/21\/deklarate-nikolla-marku-nuk-eshte-prift-ai-eshte-nje-mashtrim-i-vazhdueshem-i-opinionit-publik\/#primaryimage\",\"url\":\"https:\/\/lh3.googleusercontent.com\/-0XaSr7tg_9w\/U_NB8PwotlI\/AAAAAAAAA2g\/QXaauIV8bCc\/s577-no\/logo.png\",\"contentUrl\":\"https:\/\/lh3.googleusercontent.com\/-0XaSr7tg_9w\/U_NB8PwotlI\/AAAAAAAAA2g\/QXaauIV8bCc\/s577-no\/logo.png\"},{\"@type\":\"BreadcrumbList\",\"@id\":\"https:\/\/orthodoxalbania.org\/2020\/2013\/03\/21\/deklarate-nikolla-marku-nuk-eshte-prift-ai-eshte-nje-mashtrim-i-vazhdueshem-i-opinionit-publik\/#breadcrumb\",\"itemListElement\":[{\"@type\":\"ListItem\",\"position\":1,\"name\":\"Home\",\"item\":\"https:\/\/orthodoxalbania.org\/2020\/\"},{\"@type\":\"ListItem\",\"position\":2,\"name\":\"DEKLARAT\u00cb &#8211; Nikolla Marku nuk \u00ebsht\u00eb prift, ai \u00ebsht\u00eb nj\u00eb mashtrim i vazhduesh\u00ebm i opinionit publik. (31 Janar 2013)\"}]},{\"@type\":\"WebSite\",\"@id\":\"https:\/\/orthodoxalbania.org\/2020\/#website\",\"url\":\"https:\/\/orthodoxalbania.org\/2020\/\",\"name\":\"Kisha Orthodh\u03bfkse Autoqefale e Shqip\u00ebris\u00eb\",\"description\":\"Fqja Zyrtare e Kish\u00ebs Orthodhokse Autoqefale e Shqip\u00ebris\u00eb me lajmet edhe informacionet zyrtare p\u00ebr struktur\u00ebn edhe veprimtarin e saj.\",\"publisher\":{\"@id\":\"https:\/\/orthodoxalbania.org\/2020\/#organization\"},\"potentialAction\":[{\"@type\":\"SearchAction\",\"target\":{\"@type\":\"EntryPoint\",\"urlTemplate\":\"https:\/\/orthodoxalbania.org\/2020\/?s={search_term_string}\"},\"query-input\":{\"@type\":\"PropertyValueSpecification\",\"valueRequired\":true,\"valueName\":\"search_term_string\"}}],\"inLanguage\":\"en-US\"},{\"@type\":\"Organization\",\"@id\":\"https:\/\/orthodoxalbania.org\/2020\/#organization\",\"name\":\"Kisha Orthodhokse Autoqefale e Shqip\u00ebris\u00eb\",\"url\":\"https:\/\/orthodoxalbania.org\/2020\/\",\"logo\":{\"@type\":\"ImageObject\",\"inLanguage\":\"en-US\",\"@id\":\"https:\/\/orthodoxalbania.org\/2020\/#\/schema\/logo\/image\/\",\"url\":\"https:\/\/orthodoxalbania.org\/2020\/wp-content\/uploads\/2020\/05\/albania.jpeg\",\"contentUrl\":\"https:\/\/orthodoxalbania.org\/2020\/wp-content\/uploads\/2020\/05\/albania.jpeg\",\"width\":540,\"height\":540,\"caption\":\"Kisha Orthodhokse Autoqefale e Shqip\u00ebris\u00eb\"},\"image\":{\"@id\":\"https:\/\/orthodoxalbania.org\/2020\/#\/schema\/logo\/image\/\"},\"sameAs\":[\"https:\/\/www.facebook.com\/koash1991\"]},{\"@type\":\"Person\",\"@id\":\"https:\/\/orthodoxalbania.org\/2020\/#\/schema\/person\/0c387634a7063ac612d7ed9ce71c7e86\",\"name\":\"Kisha Orthodhokse\",\"image\":{\"@type\":\"ImageObject\",\"inLanguage\":\"en-US\",\"@id\":\"https:\/\/secure.gravatar.com\/avatar\/596e7c417251e30f2fbb9c00e026fce61a695a00e51c889caded71c96cbbdde5?s=96&d=mm&r=g\",\"url\":\"https:\/\/secure.gravatar.com\/avatar\/596e7c417251e30f2fbb9c00e026fce61a695a00e51c889caded71c96cbbdde5?s=96&d=mm&r=g\",\"contentUrl\":\"https:\/\/secure.gravatar.com\/avatar\/596e7c417251e30f2fbb9c00e026fce61a695a00e51c889caded71c96cbbdde5?s=96&d=mm&r=g\",\"caption\":\"Kisha Orthodhokse\"}}]}<\/script>\n<!-- \/ Yoast SEO plugin. -->","yoast_head_json":{"title":"DEKLARAT\u00cb - Nikolla Marku nuk \u00ebsht\u00eb prift, ai \u00ebsht\u00eb nj\u00eb mashtrim i vazhduesh\u00ebm i opinionit publik. (31 Janar 2013) - Kisha Orthodh\u03bfkse Autoqefale e Shqip\u00ebris\u00eb","robots":{"index":"index","follow":"follow","max-snippet":"max-snippet:-1","max-image-preview":"max-image-preview:large","max-video-preview":"max-video-preview:-1"},"canonical":"https:\/\/orthodoxalbania.org\/2020\/2013\/03\/21\/deklarate-nikolla-marku-nuk-eshte-prift-ai-eshte-nje-mashtrim-i-vazhdueshem-i-opinionit-publik\/","og_locale":"en_US","og_type":"article","og_title":"DEKLARAT\u00cb - Nikolla Marku nuk \u00ebsht\u00eb prift, ai \u00ebsht\u00eb nj\u00eb mashtrim i vazhduesh\u00ebm i opinionit publik. (31 Janar 2013) - Kisha Orthodh\u03bfkse Autoqefale e Shqip\u00ebris\u00eb","og_description":"KISHA ORTHODHOKSE AUTOQEFALE E SHQIP\u00cbRIS\u00cb Sinodi i Shenjt\u00eb DEKLARAT\u00cb Nikolla Marku nuk \u00ebsht\u00eb prift, ai \u00ebsht\u00eb nj\u00eb mashtrim i vazhduesh\u00ebm i opinionit publik &nbsp;&nbsp;&nbsp; Koh\u00ebt e fundit, jan\u00eb shtuar sulme n\u00eb drejtime t\u00eb ndryshme kund\u00ebr komunitetit orthodhoks t\u00eb Shqip\u00ebris\u00eb. Mes tyre \u00ebsht\u00eb dhe shfaqja n\u00eb m\u00ebnyr\u00eb t\u00eb p\u00ebrs\u00ebritur n\u00eb media e Nikolla Markut nga Elbasani si prift orthodhoks. &nbsp;&nbsp;&nbsp; Jemi t\u00eb detyruar t\u00eb ri-informojm\u00eb opinionin","og_url":"https:\/\/orthodoxalbania.org\/2020\/2013\/03\/21\/deklarate-nikolla-marku-nuk-eshte-prift-ai-eshte-nje-mashtrim-i-vazhdueshem-i-opinionit-publik\/","og_site_name":"Kisha Orthodh\u03bfkse Autoqefale e Shqip\u00ebris\u00eb","article_publisher":"https:\/\/www.facebook.com\/koash1991","article_published_time":"2013-03-21T13:04:12+00:00","article_modified_time":"2020-04-06T20:05:49+00:00","og_image":[{"url":"https:\/\/lh3.googleusercontent.com\/-0XaSr7tg_9w\/U_NB8PwotlI\/AAAAAAAAA2g\/QXaauIV8bCc\/s577-no\/logo.png","type":"","width":"","height":""}],"author":"Kisha Orthodhokse","twitter_card":"summary_large_image","twitter_misc":{"Written by":"Kisha Orthodhokse","Est. reading time":"2 minutes"},"schema":{"@context":"https:\/\/schema.org","@graph":[{"@type":"Article","@id":"https:\/\/orthodoxalbania.org\/2020\/2013\/03\/21\/deklarate-nikolla-marku-nuk-eshte-prift-ai-eshte-nje-mashtrim-i-vazhdueshem-i-opinionit-publik\/#article","isPartOf":{"@id":"https:\/\/orthodoxalbania.org\/2020\/2013\/03\/21\/deklarate-nikolla-marku-nuk-eshte-prift-ai-eshte-nje-mashtrim-i-vazhdueshem-i-opinionit-publik\/"},"author":{"name":"Kisha Orthodhokse","@id":"https:\/\/orthodoxalbania.org\/2020\/#\/schema\/person\/0c387634a7063ac612d7ed9ce71c7e86"},"headline":"DEKLARAT\u00cb &#8211; Nikolla Marku nuk \u00ebsht\u00eb prift, ai \u00ebsht\u00eb nj\u00eb mashtrim i vazhduesh\u00ebm i opinionit publik. (31 Janar 2013)","datePublished":"2013-03-21T13:04:12+00:00","dateModified":"2020-04-06T20:05:49+00:00","mainEntityOfPage":{"@id":"https:\/\/orthodoxalbania.org\/2020\/2013\/03\/21\/deklarate-nikolla-marku-nuk-eshte-prift-ai-eshte-nje-mashtrim-i-vazhdueshem-i-opinionit-publik\/"},"wordCount":388,"commentCount":0,"publisher":{"@id":"https:\/\/orthodoxalbania.org\/2020\/#organization"},"image":{"@id":"https:\/\/orthodoxalbania.org\/2020\/2013\/03\/21\/deklarate-nikolla-marku-nuk-eshte-prift-ai-eshte-nje-mashtrim-i-vazhdueshem-i-opinionit-publik\/#primaryimage"},"thumbnailUrl":"https:\/\/lh3.googleusercontent.com\/-0XaSr7tg_9w\/U_NB8PwotlI\/AAAAAAAAA2g\/QXaauIV8bCc\/s577-no\/logo.png","keywords":["2013","Kryepiskopata Tiran\u00eb","lajme"],"articleSection":["Lajme"],"inLanguage":"en-US"},{"@type":"WebPage","@id":"https:\/\/orthodoxalbania.org\/2020\/2013\/03\/21\/deklarate-nikolla-marku-nuk-eshte-prift-ai-eshte-nje-mashtrim-i-vazhdueshem-i-opinionit-publik\/","url":"https:\/\/orthodoxalbania.org\/2020\/2013\/03\/21\/deklarate-nikolla-marku-nuk-eshte-prift-ai-eshte-nje-mashtrim-i-vazhdueshem-i-opinionit-publik\/","name":"DEKLARAT\u00cb - Nikolla Marku nuk \u00ebsht\u00eb prift, ai \u00ebsht\u00eb nj\u00eb mashtrim i vazhduesh\u00ebm i opinionit publik. (31 Janar 2013) - Kisha Orthodh\u03bfkse Autoqefale e Shqip\u00ebris\u00eb","isPartOf":{"@id":"https:\/\/orthodoxalbania.org\/2020\/#website"},"primaryImageOfPage":{"@id":"https:\/\/orthodoxalbania.org\/2020\/2013\/03\/21\/deklarate-nikolla-marku-nuk-eshte-prift-ai-eshte-nje-mashtrim-i-vazhdueshem-i-opinionit-publik\/#primaryimage"},"image":{"@id":"https:\/\/orthodoxalbania.org\/2020\/2013\/03\/21\/deklarate-nikolla-marku-nuk-eshte-prift-ai-eshte-nje-mashtrim-i-vazhdueshem-i-opinionit-publik\/#primaryimage"},"thumbnailUrl":"https:\/\/lh3.googleusercontent.com\/-0XaSr7tg_9w\/U_NB8PwotlI\/AAAAAAAAA2g\/QXaauIV8bCc\/s577-no\/logo.png","datePublished":"2013-03-21T13:04:12+00:00","dateModified":"2020-04-06T20:05:49+00:00","breadcrumb":{"@id":"https:\/\/orthodoxalbania.org\/2020\/2013\/03\/21\/deklarate-nikolla-marku-nuk-eshte-prift-ai-eshte-nje-mashtrim-i-vazhdueshem-i-opinionit-publik\/#breadcrumb"},"inLanguage":"en-US","potentialAction":[{"@type":"ReadAction","target":["https:\/\/orthodoxalbania.org\/2020\/2013\/03\/21\/deklarate-nikolla-marku-nuk-eshte-prift-ai-eshte-nje-mashtrim-i-vazhdueshem-i-opinionit-publik\/"]}]},{"@type":"ImageObject","inLanguage":"en-US","@id":"https:\/\/orthodoxalbania.org\/2020\/2013\/03\/21\/deklarate-nikolla-marku-nuk-eshte-prift-ai-eshte-nje-mashtrim-i-vazhdueshem-i-opinionit-publik\/#primaryimage","url":"https:\/\/lh3.googleusercontent.com\/-0XaSr7tg_9w\/U_NB8PwotlI\/AAAAAAAAA2g\/QXaauIV8bCc\/s577-no\/logo.png","contentUrl":"https:\/\/lh3.googleusercontent.com\/-0XaSr7tg_9w\/U_NB8PwotlI\/AAAAAAAAA2g\/QXaauIV8bCc\/s577-no\/logo.png"},{"@type":"BreadcrumbList","@id":"https:\/\/orthodoxalbania.org\/2020\/2013\/03\/21\/deklarate-nikolla-marku-nuk-eshte-prift-ai-eshte-nje-mashtrim-i-vazhdueshem-i-opinionit-publik\/#breadcrumb","itemListElement":[{"@type":"ListItem","position":1,"name":"Home","item":"https:\/\/orthodoxalbania.org\/2020\/"},{"@type":"ListItem","position":2,"name":"DEKLARAT\u00cb &#8211; Nikolla Marku nuk \u00ebsht\u00eb prift, ai \u00ebsht\u00eb nj\u00eb mashtrim i vazhduesh\u00ebm i opinionit publik. (31 Janar 2013)"}]},{"@type":"WebSite","@id":"https:\/\/orthodoxalbania.org\/2020\/#website","url":"https:\/\/orthodoxalbania.org\/2020\/","name":"Kisha Orthodh\u03bfkse Autoqefale e Shqip\u00ebris\u00eb","description":"Fqja Zyrtare e Kish\u00ebs Orthodhokse Autoqefale e Shqip\u00ebris\u00eb me lajmet edhe informacionet zyrtare p\u00ebr struktur\u00ebn edhe veprimtarin e saj.","publisher":{"@id":"https:\/\/orthodoxalbania.org\/2020\/#organization"},"potentialAction":[{"@type":"SearchAction","target":{"@type":"EntryPoint","urlTemplate":"https:\/\/orthodoxalbania.org\/2020\/?s={search_term_string}"},"query-input":{"@type":"PropertyValueSpecification","valueRequired":true,"valueName":"search_term_string"}}],"inLanguage":"en-US"},{"@type":"Organization","@id":"https:\/\/orthodoxalbania.org\/2020\/#organization","name":"Kisha Orthodhokse Autoqefale e Shqip\u00ebris\u00eb","url":"https:\/\/orthodoxalbania.org\/2020\/","logo":{"@type":"ImageObject","inLanguage":"en-US","@id":"https:\/\/orthodoxalbania.org\/2020\/#\/schema\/logo\/image\/","url":"https:\/\/orthodoxalbania.org\/2020\/wp-content\/uploads\/2020\/05\/albania.jpeg","contentUrl":"https:\/\/orthodoxalbania.org\/2020\/wp-content\/uploads\/2020\/05\/albania.jpeg","width":540,"height":540,"caption":"Kisha Orthodhokse Autoqefale e Shqip\u00ebris\u00eb"},"image":{"@id":"https:\/\/orthodoxalbania.org\/2020\/#\/schema\/logo\/image\/"},"sameAs":["https:\/\/www.facebook.com\/koash1991"]},{"@type":"Person","@id":"https:\/\/orthodoxalbania.org\/2020\/#\/schema\/person\/0c387634a7063ac612d7ed9ce71c7e86","name":"Kisha Orthodhokse","image":{"@type":"ImageObject","inLanguage":"en-US","@id":"https:\/\/secure.gravatar.com\/avatar\/596e7c417251e30f2fbb9c00e026fce61a695a00e51c889caded71c96cbbdde5?s=96&d=mm&r=g","url":"https:\/\/secure.gravatar.com\/avatar\/596e7c417251e30f2fbb9c00e026fce61a695a00e51c889caded71c96cbbdde5?s=96&d=mm&r=g","contentUrl":"https:\/\/secure.gravatar.com\/avatar\/596e7c417251e30f2fbb9c00e026fce61a695a00e51c889caded71c96cbbdde5?s=96&d=mm&r=g","caption":"Kisha Orthodhokse"}}]}},"_links":{"self":[{"href":"https:\/\/orthodoxalbania.org\/2020\/wp-json\/wp\/v2\/posts\/382","targetHints":{"allow":["GET"]}}],"collection":[{"href":"https:\/\/orthodoxalbania.org\/2020\/wp-json\/wp\/v2\/posts"}],"about":[{"href":"https:\/\/orthodoxalbania.org\/2020\/wp-json\/wp\/v2\/types\/post"}],"author":[{"embeddable":true,"href":"https:\/\/orthodoxalbania.org\/2020\/wp-json\/wp\/v2\/users\/1"}],"replies":[{"embeddable":true,"href":"https:\/\/orthodoxalbania.org\/2020\/wp-json\/wp\/v2\/comments?post=382"}],"version-history":[{"count":1,"href":"https:\/\/orthodoxalbania.org\/2020\/wp-json\/wp\/v2\/posts\/382\/revisions"}],"predecessor-version":[{"id":15249,"href":"https:\/\/orthodoxalbania.org\/2020\/wp-json\/wp\/v2\/posts\/382\/revisions\/15249"}],"wp:attachment":[{"href":"https:\/\/orthodoxalbania.org\/2020\/wp-json\/wp\/v2\/media?parent=382"}],"wp:term":[{"taxonomy":"category","embeddable":true,"href":"https:\/\/orthodoxalbania.org\/2020\/wp-json\/wp\/v2\/categories?post=382"},{"taxonomy":"post_tag","embeddable":true,"href":"https:\/\/orthodoxalbania.org\/2020\/wp-json\/wp\/v2\/tags?post=382"}],"curies":[{"name":"wp","href":"https:\/\/api.w.org\/{rel}","templated":true}]}}