{"id":378,"date":"2014-12-03T11:59:40","date_gmt":"2014-12-03T11:59:40","guid":{"rendered":""},"modified":"2020-04-06T22:02:20","modified_gmt":"2020-04-06T20:02:20","slug":"deklarata-e-perbashket-e-papa-franceskut-dhe-patriarkut-ekumenik-vartholomeu-i","status":"publish","type":"post","link":"https:\/\/orthodoxalbania.org\/2020\/2014\/12\/03\/deklarata-e-perbashket-e-papa-franceskut-dhe-patriarkut-ekumenik-vartholomeu-i\/","title":{"rendered":"Deklarata e p\u00ebrbashk\u00ebt  e Papa Franceskut dhe Patriarkut Ekumenik Vartholomeu I"},"content":{"rendered":"<p style=\"text-align: center;\">\n\t<span style=\"font-size: 12pt; font-family: helvetica;\"><span style=\"color: #000000;\"><strong>Deklarata e p\u00ebrbashk\u00ebt<\/strong><\/span><\/span><\/p>\n<p style=\"text-align: center;\">\n\t<span style=\"font-size: 12pt; font-family: helvetica;\"><span style=\"color: #000000;\"><strong>e Papa Franceskut dhe Patriarkut Ekumenik Vartholomeu I<\/strong><\/span><\/span><\/p>\n<p style=\"text-align: center;\">\n\t&nbsp;<\/p>\n<p style=\"text-align: center;\">\n\t<span style=\"color: #b22222; font-size: 12pt; font-family: helvetica;\"><strong><em>\u201cKujtimi i Apostujve, q\u00eb i shpall\u00ebn bot\u00ebs lajmin e mir\u00eb t\u00eb Ungjillit p\u00ebrmes predikimit t\u00eb tyre dhe d\u00ebshmis\u00eb s\u00eb martirizimit, forcon p\u00ebrbrenda nesh aspirat\u00ebn p\u00ebr t\u00eb vazhduar t\u00eb ecim s\u00eb bashku n\u00eb m\u00ebnyr\u00eb q\u00eb t\u00eb tejkalohen, n\u00eb dashuri dhe n\u00eb t\u00eb v\u00ebrtet\u00eb, pengesat q\u00eb na ndajn\u00eb.\u201d<\/em><\/strong><\/span><\/p>\n<p style=\"text-align: justify;\">\n\t&nbsp;<\/p>\n<p style=\"text-align: justify;\">\n\t<span style=\"color: #000000; font-size: 12pt; font-family: helvetica;\">&nbsp;&nbsp; Ne, Papa Francesku dhe Patriarku Ekumenik Vartholomeu, i shprehim mir\u00ebnjohjen ton\u00eb t\u00eb thell\u00eb Per\u00ebndis\u00eb p\u00ebr dhurat\u00ebn e k\u00ebtij takimi t\u00eb ri q\u00eb na mund\u00ebson, n\u00eb prani t\u00eb an\u00ebtar\u00ebve t\u00eb Sinodit t\u00eb Shenjt\u00eb, kleri dhe besimtar\u00ebve t\u00eb Patriarkan\u00ebs Ekumenike, t\u00eb kremtojm\u00eb s\u00eb bashku fest\u00ebn e Sh\u00ebn Andreas, t\u00eb par\u00ebthirurit dhe v\u00ebllait t\u00eb Apostullit Petro. Kujtimi i Apostujve, q\u00eb i shpall\u00ebn bot\u00ebs lajmin e mir\u00eb t\u00eb Ungjillit p\u00ebrmes predikimit t\u00eb tyre dhe d\u00ebshmis\u00eb s\u00eb martirizimit, forcon p\u00ebrbrenda nesh aspirat\u00ebn p\u00ebr t\u00eb vazhduar t\u00eb ecim s\u00eb bashku n\u00eb m\u00ebnyr\u00eb q\u00eb t\u00eb tejkalohen, n\u00eb dashuri dhe n\u00eb t\u00eb v\u00ebrtet\u00eb, pengesat q\u00eb na ndajn\u00eb.<\/span><\/p>\n<p style=\"text-align: justify;\">\n\t<span style=\"color: #000000; font-size: 12pt; font-family: helvetica;\">&nbsp;&nbsp;&nbsp; Me rastin e takimit ton\u00eb n\u00eb Jerusalem majin e kaluar, n\u00eb t\u00eb cilin p\u00ebrkujtuam p\u00ebrqafimin historik t\u00eb paraardh\u00ebsve tan\u00eb t\u00eb nderuar Papa Pali VI dhe Patriarku Ekumenik Athinagora, ne n\u00ebnshkruam nj\u00eb deklarat\u00eb t\u00eb p\u00ebrbashk\u00ebt. Sot, me rastin e lumtur t\u00eb k\u00ebtij takimi t\u00eb m\u00ebtejsh\u00ebm v\u00ebllaz\u00ebror, ne d\u00ebshirojm\u00eb t\u00eb riafirmojm\u00eb s\u00eb bashku synimet tona t\u00eb p\u00ebrbashk\u00ebta dhe shqet\u00ebsimet.<\/span><\/p>\n<p style=\"text-align: justify;\">\n\t<span style=\"color: #000000; font-size: 12pt; font-family: helvetica;\">&nbsp;&nbsp;&nbsp; Shprehim vendosm\u00ebrin\u00eb e sinqert\u00eb dhe t\u00eb fort\u00eb, duke iu bindur vullnetit t\u00eb Zotit ton\u00eb Jisu Krishtit, q\u00eb t\u00eb intensifikojm\u00eb p\u00ebrpjekjet tona p\u00ebr t\u00eb nxitur unitetin e plot\u00eb t\u00eb t\u00eb gjith\u00eb t\u00eb krishter\u00ebve, dhe mbi t\u00eb gjitha, n\u00eb mes katolik\u00ebve dhe orthodhoks\u00ebve. Gjithashtu, synojm\u00eb t\u00eb mb\u00ebshtesim dialogun teologjik promovuar nga Komisioni i P\u00ebrbashk\u00ebt Nd\u00ebrkomb\u00ebtar, i ngritur k\u00ebtu n\u00eb Fanar sakt\u00ebsisht tridhjet\u00eb e pes\u00eb vjet m\u00eb par\u00eb nga Patriarku Ekumenik Dhimitri dhe Papa Gjon Pali II, dhe q\u00eb aktualisht \u00ebsht\u00eb duke trajtuar \u00e7\u00ebshtjet m\u00eb t\u00eb v\u00ebshtira q\u00eb kan\u00eb sh\u00ebnuar historin\u00eb e ndarjes son\u00eb dhe q\u00eb k\u00ebrkojn\u00eb studim t\u00eb kujdessh\u00ebm dhe t\u00eb detajuar. P\u00ebr t\u00eb arritur k\u00ebt\u00eb, ne ofrojm\u00eb sigurin\u00eb e lutjes son\u00eb t\u00eb zjarrt\u00eb si Barinj t\u00eb Kish\u00ebs, duke iu k\u00ebrkuar besnik\u00ebve tan\u00eb t\u00eb bashkohen me ne n\u00eb lutje &#8220;Q\u00eb t\u00eb gjith\u00eb t\u00eb jen\u00eb nj\u00eb, q\u00eb t\u00eb besoj\u00eb bota&#8221; (Jn. 17:21).<\/span><\/p>\n<p style=\"text-align: justify;\">\n\t<span style=\"color: #000000; font-size: 12pt; font-family: helvetica;\">&nbsp;&nbsp;&nbsp; Shprehim shqet\u00ebsimin ton\u00eb t\u00eb p\u00ebrbashk\u00ebt p\u00ebr situat\u00ebn aktuale n\u00eb Irak, Siri dhe n\u00eb t\u00eb gjith\u00eb Lindjen e Mesme. Ne jemi t\u00eb bashkuar n\u00eb d\u00ebshir\u00ebn p\u00ebr paqe dhe stabilitet dhe n\u00eb vullnetin p\u00ebr t\u00eb arritur zgjidhjen e konflikteve n\u00ebp\u00ebrmjet dialogut dhe pajtimit. Duke njohur p\u00ebrpjekjet tashm\u00eb t\u00eb b\u00ebra p\u00ebr t\u00eb ofruar ndihm\u00eb n\u00eb rajon, n\u00eb t\u00eb nj\u00ebjt\u00ebn koh\u00eb, i b\u00ebjm\u00eb thirrje t\u00eb gjith\u00eb atyre q\u00eb mbajn\u00eb p\u00ebrgjegj\u00ebsi p\u00ebr fatin e popujve t\u00eb thellojn\u00eb impenjimin e tyre p\u00ebr komunitetet q\u00eb vuajn\u00eb, dhe t\u2019u mund\u00ebsojn\u00eb atyre, duke p\u00ebrfshir\u00eb edhe t\u00eb krishter\u00ebt, q\u00eb t\u00eb q\u00ebndrojn\u00eb n\u00eb tok\u00ebn e tyre amtare. Nuk mund t\u00eb pranojm\u00eb nj\u00eb Lindje t\u00eb Mesme pa t\u00eb krishter\u00eb, t\u00eb cil\u00ebt e kan\u00eb shpallur emrin e Jisuit atje p\u00ebr dy mij\u00eb vjet. Shum\u00eb nga v\u00ebllez\u00ebrit dhe motrat tona jan\u00eb duke u persekutuar dhe jan\u00eb d\u00ebbuar me dhun\u00eb nga sht\u00ebpit\u00eb e tyre. Duket sikur edhe jeta njer\u00ebzore ka humbur vler\u00ebn, q\u00eb personi njer\u00ebzor nuk ka m\u00eb rend\u00ebsi dhe mund t\u00eb sakrifikohet p\u00ebr interesa t\u00eb tjera. Dhe, m\u00eb tragjikja, e gjith\u00eb kjo has n\u00eb indiferenc\u00ebn e shumic\u00ebs s\u00eb njer\u00ebzve. Si na kujton Sh\u00ebn Pavli: &#8220;Edhe n\u00eb qoft\u00eb se nj\u00eb pjes\u00eb vuan, gjith\u00eb pjes\u00ebt vuajn\u00eb bashk\u00eb me t\u00eb; ose n\u00eb qoft\u00eb se nderohet nj\u00eb pjes\u00eb, t\u00eb gjitha pjes\u00ebt g\u00ebzohen bashk\u00eb me t\u00eb&#8221; (1Korinth. 12:26). Ky \u00ebsht\u00eb ligji i jet\u00ebs s\u00eb krishter\u00eb, dhe n\u00eb k\u00ebt\u00eb kuptim mund t\u00eb themi se ka edhe nj\u00eb ekumeniz\u00ebm te vuajtjes. Ashtu si gjaku i martir\u00ebve ishte nj\u00eb far\u00eb e fuqis\u00eb dhe zhvillimit t\u00eb Kish\u00ebs, edhe ndarja e vuajtjeve t\u00eb p\u00ebrditshme mund t\u00eb b\u00ebhet nj\u00eb instrument efektiv i unitetit. Gjendja e tmerrshme e t\u00eb Krishter\u00ebve dhe t\u00eb gjith\u00eb atyre q\u00eb jan\u00eb duke vuajtur n\u00eb Lindjen e Mesme th\u00ebrret jo vet\u00ebm p\u00ebr lutjen ton\u00eb t\u00eb vazhdueshme, por edhe p\u00ebr reagimin e duhur nga ana e bashk\u00ebsis\u00eb nd\u00ebrkomb\u00ebtare.<\/span><\/p>\n<p style=\"text-align: justify;\">\n\t<span style=\"color: #000000; font-size: 12pt; font-family: helvetica;\">&nbsp;&nbsp; Sfidat serioze me t\u00eb cilat ballafaqohet bota n\u00eb gjendjen e tanishme k\u00ebrkojn\u00eb solidaritetin e t\u00eb gjith\u00eb njer\u00ebzve me vullnet t\u00eb mir\u00eb, dhe p\u00ebr k\u00ebt\u00eb arsye, ne njohim r\u00ebnd\u00ebsin\u00eb e promovimit t\u00eb nj\u00eb dialogu konstruktiv me Islamin, t\u00eb bazuar n\u00eb respektin dhe miq\u00ebsin\u00eb e nd\u00ebrsjell\u00eb. T\u00eb frym\u00ebzuar nga vlerat e p\u00ebrbashk\u00ebta dhe t\u00eb forcuar nga ndjenjat e v\u00ebrteta v\u00ebllaz\u00ebrore, mysliman\u00ebt dhe t\u00eb krishter\u00ebt jan\u00eb t\u00eb thirrur t\u00eb punojn\u00eb s\u00eb bashku p\u00ebr hir t\u00eb drejt\u00ebsis\u00eb, paqes dhe respektit p\u00ebr dinjitetin dhe t\u00eb drejtat e \u00e7do personi, ve\u00e7an\u00ebrisht n\u00eb ato rajone ku ata kan\u00eb jetuar p\u00ebr shekuj n\u00eb bashk\u00ebjetes\u00eb paq\u00ebsore dhe tani tragjikisht vuajn\u00eb s\u00eb bashku tmerret e luft\u00ebs. P\u00ebr m\u00eb tep\u00ebr, si udh\u00ebheq\u00ebs t\u00eb krishter\u00eb, ne iu b\u00ebjm\u00eb thirrje t\u00eb gjith\u00eb udh\u00ebheq\u00ebsve fetar\u00eb p\u00ebr t\u00eb ndjekur dhe p\u00ebr t\u00eb forcuar dialogun nd\u00ebrfetar dhe p\u00ebr t\u00eb b\u00ebr\u00eb \u00e7do p\u00ebrpjekje p\u00ebr t\u00eb nd\u00ebrtuar nj\u00eb kultur\u00eb t\u00eb paqes dhe solidaritetit midis njer\u00ebzve dhe popujve.Ne gjithashtu kujtojm\u00eb t\u00eb gjith\u00eb popujt q\u00eb provojn\u00eb vuajtjet e luft\u00ebs. N\u00eb ve\u00e7anti, lutemi p\u00ebr paqe n\u00eb Ukrain\u00eb, nj\u00eb vend me tradit\u00eb t\u00eb lasht\u00eb t\u00eb krishter\u00eb, nd\u00ebrsa iu b\u00ebjm\u00eb thirrje t\u00eb gjitha pal\u00ebve t\u00eb p\u00ebrfshira q\u00eb t\u00eb ndjekin rrug\u00ebn e dialogut dhe t\u00eb respektimit t\u00eb t\u00eb drejt\u00ebs nd\u00ebrkomb\u00ebtare, n\u00eb m\u00ebnyr\u00eb q\u00eb t\u00eb arrihet p\u00ebrfundimi i konfliktit dhe t\u2019u mund\u00ebsoj\u00eb t\u00eb gjith\u00eb ukrainasve t\u00eb jetojn\u00eb n\u00eb harmoni.<\/span><\/p>\n<p style=\"text-align: justify;\">\n\t<span style=\"color: #000000; font-size: 12pt; font-family: helvetica;\">&nbsp; Mendimet tona shkojn\u00eb tek t\u00eb gjith\u00eb besimtar\u00ebt e kishave tona n\u00eb t\u00eb gjith\u00eb bot\u00ebn, t\u00eb cil\u00ebt i p\u00ebrsh\u00ebndesim, duke ia besuar Krishtit, Shp\u00ebtimtarit ton\u00eb, q\u00eb t\u00eb jen\u00eb d\u00ebshmitar\u00eb t\u00eb palodhur t\u00eb dashuris\u00eb s\u00eb Per\u00ebndis\u00eb. Ngrem\u00eb lutjen ton\u00eb t\u00eb zjarrt\u00eb, q\u00eb Per\u00ebndia t\u00eb na jap\u00eb dhurat\u00ebn e paqes n\u00eb dashuri dhe unitet p\u00ebr t\u00eb gjith\u00eb familjen njer\u00ebzore.<\/span><\/p>\n<p style=\"text-align: justify;\">\n\t<span style=\"color: #000000; font-size: 12pt; font-family: helvetica;\">&nbsp;&nbsp;&nbsp; \u201cEdhe vet\u00eb Zoti i paqes, ju dh\u00ebnt\u00eb juve paqen kurdo me \u00e7do m\u00ebnyr\u00eb. Zoti qoft\u00eb me ju t\u00eb gjith\u00eb&#8221; (2Thes 3:16).&nbsp;<\/span><span style=\"font-size: 12pt; font-family: helvetica;\">&nbsp; <\/span><\/p>\n<p style=\"text-align: justify;\">\n\t&nbsp;<\/p>\n<p style=\"text-align: right;\">\n\t<span style=\"color: #000000; font-size: 12pt; font-family: helvetica;\"><strong>Nga Fanari, 30 n\u00ebntor 2014<\/strong><\/span><\/p>\n<div style=\"text-align: right;\">\n\t&nbsp;<\/div>\n<div style=\"text-align: right;\">\n\t&nbsp;<\/div>\n<div>\n\t<strong><span style=\"font-family: tahoma,geneva,sans-serif;\"><span style=\"font-size: 12px;\"><img decoding=\"async\" alt=\"\" class=\"lazyload HAa Eha\" src=\"data:image\/gif;base64,R0lGODlhAQABAAAAACH5BAEKAAEALAAAAAABAAEAAAICTAEAOw==\" data-orig-src=\"https:\/\/lh3.googleusercontent.com\/-ixnnnfybsL8\/VH71Xt1E8EI\/AAAAAAAAE4U\/52APcgHa8xw\/w500-h334-no\/15920774582_1f7007b02e.jpg\" style=\"border-width: 1px; border-style: solid; display: block; margin-left: auto; margin-right: auto;\" \/><\/span><\/span><\/strong><\/div>\n<div style=\"text-align: center;\">\n\t&nbsp;<\/div>\n<div>\n\t<img decoding=\"async\" alt=\"\" class=\"lazyload HAa Eha\" src=\"data:image\/gif;base64,R0lGODlhAQABAAAAACH5BAEKAAEALAAAAAABAAEAAAICTAEAOw==\" data-orig-src=\"https:\/\/lh5.googleusercontent.com\/-gkq8MxfXdmw\/VH71Xl_IUpI\/AAAAAAAAE4Q\/Bhdt2FbXBjI\/w433-h500-no\/15727473247_765919a419.jpg\" style=\"border-width: 1px; border-style: solid; display: block; margin-left: auto; margin-right: auto;\" \/><\/div>\n<div style=\"text-align: center;\">\n\t&nbsp;<\/div>\n<div>\n\t<img decoding=\"async\" alt=\"\" class=\"lazyload HAa Eha\" src=\"data:image\/gif;base64,R0lGODlhAQABAAAAACH5BAEKAAEALAAAAAABAAEAAAICTAEAOw==\" data-orig-src=\"https:\/\/lh4.googleusercontent.com\/-66hlW0c55Wg\/VH8VI4LXkLI\/AAAAAAAAE5Q\/V2sgzocrtBQ\/w500-h334-no\/15294567633_e26a49728d.jpg\" style=\"border-width: 1px; border-style: solid; display: block; margin-left: auto; margin-right: auto;\" \/><\/div>\n<div style=\"text-align: center;\">\n\t&nbsp;<\/div>\n<div>\n\t<img decoding=\"async\" alt=\"\" class=\"lazyload HAa Eha\" src=\"data:image\/gif;base64,R0lGODlhAQABAAAAACH5BAEKAAEALAAAAAABAAEAAAICTAEAOw==\" data-orig-src=\"https:\/\/lh5.googleusercontent.com\/-h0szFm_ybMg\/VH8R6XguzTI\/AAAAAAAAE5A\/_FIIIpYxPrE\/w500-h334-no\/15294567203_e8f2f5abf7.jpg\" style=\"border-width: 1px; border-style: solid; display: block; margin-left: auto; margin-right: auto;\" \/><\/div>\n","protected":false},"excerpt":{"rendered":"<p>Deklarata e p\u00ebrbashk\u00ebt e Papa Franceskut dhe Patriarkut Ekumenik Vartholomeu I &nbsp; \u201cKujtimi i Apostujve, q\u00eb i shpall\u00ebn bot\u00ebs lajmin e mir\u00eb t\u00eb Ungjillit p\u00ebrmes predikimit t\u00eb tyre dhe d\u00ebshmis\u00eb s\u00eb martirizimit, forcon p\u00ebrbrenda nesh aspirat\u00ebn p\u00ebr t\u00eb vazhduar t\u00eb ecim s\u00eb bashku n\u00eb m\u00ebnyr\u00eb q\u00eb t\u00eb tejkalohen, n\u00eb dashuri dhe n\u00eb t\u00eb v\u00ebrtet\u00eb, pengesat q\u00eb na ndajn\u00eb.\u201d &nbsp; &nbsp;&nbsp; Ne, Papa Francesku dhe Patriarku<\/p>\n","protected":false},"author":1,"featured_media":379,"comment_status":"open","ping_status":"open","sticky":false,"template":"","format":"standard","meta":{"_acf_changed":false,"pagelayer_contact_templates":[],"_pagelayer_content":"","inline_featured_image":false,"fifu_image_url":"","fifu_image_alt":"","footnotes":""},"categories":[108],"tags":[140,153,196,212],"class_list":["post-378","post","type-post","status-publish","format-standard","has-post-thumbnail","hentry","category-lajme","tag-140","tag-deklarata-njoftime-zyrtare-d75","tag-tirane","tag-lajme-d27"],"acf":[],"yoast_head":"<!-- This site is optimized with the Yoast SEO plugin v27.2 - https:\/\/yoast.com\/product\/yoast-seo-wordpress\/ -->\n<title>Deklarata e p\u00ebrbashk\u00ebt e Papa Franceskut dhe Patriarkut Ekumenik Vartholomeu I - Kisha Orthodh\u03bfkse Autoqefale e Shqip\u00ebris\u00eb<\/title>\n<meta name=\"robots\" content=\"index, follow, max-snippet:-1, max-image-preview:large, max-video-preview:-1\" \/>\n<link rel=\"canonical\" href=\"https:\/\/orthodoxalbania.org\/2020\/2014\/12\/03\/deklarata-e-perbashket-e-papa-franceskut-dhe-patriarkut-ekumenik-vartholomeu-i\/\" \/>\n<meta property=\"og:locale\" content=\"en_US\" \/>\n<meta property=\"og:type\" content=\"article\" \/>\n<meta property=\"og:title\" content=\"Deklarata e p\u00ebrbashk\u00ebt e Papa Franceskut dhe Patriarkut Ekumenik Vartholomeu I - Kisha Orthodh\u03bfkse Autoqefale e Shqip\u00ebris\u00eb\" \/>\n<meta property=\"og:description\" content=\"Deklarata e p\u00ebrbashk\u00ebt e Papa Franceskut dhe Patriarkut Ekumenik Vartholomeu I &nbsp; \u201cKujtimi i Apostujve, q\u00eb i shpall\u00ebn bot\u00ebs lajmin e mir\u00eb t\u00eb Ungjillit p\u00ebrmes predikimit t\u00eb tyre dhe d\u00ebshmis\u00eb s\u00eb martirizimit, forcon p\u00ebrbrenda nesh aspirat\u00ebn p\u00ebr t\u00eb vazhduar t\u00eb ecim s\u00eb bashku n\u00eb m\u00ebnyr\u00eb q\u00eb t\u00eb tejkalohen, n\u00eb dashuri dhe n\u00eb t\u00eb v\u00ebrtet\u00eb, pengesat q\u00eb na ndajn\u00eb.\u201d &nbsp; &nbsp;&nbsp; Ne, Papa Francesku dhe Patriarku\" \/>\n<meta property=\"og:url\" content=\"https:\/\/orthodoxalbania.org\/2020\/2014\/12\/03\/deklarata-e-perbashket-e-papa-franceskut-dhe-patriarkut-ekumenik-vartholomeu-i\/\" \/>\n<meta property=\"og:site_name\" content=\"Kisha Orthodh\u03bfkse Autoqefale e Shqip\u00ebris\u00eb\" \/>\n<meta property=\"article:publisher\" content=\"https:\/\/www.facebook.com\/koash1991\" \/>\n<meta property=\"article:published_time\" content=\"2014-12-03T11:59:40+00:00\" \/>\n<meta property=\"article:modified_time\" content=\"2020-04-06T20:02:20+00:00\" \/>\n<meta property=\"og:image\" content=\"https:\/\/orthodoxalbania.org\/2020\/wp-content\/uploads\/2020\/04\/15920774582_1f7007b02e.jpg\" \/>\n\t<meta property=\"og:image:width\" content=\"150\" \/>\n\t<meta property=\"og:image:height\" content=\"150\" \/>\n\t<meta property=\"og:image:type\" content=\"image\/jpeg\" \/>\n<meta name=\"author\" content=\"Kisha Orthodhokse\" \/>\n<meta name=\"twitter:card\" content=\"summary_large_image\" \/>\n<meta name=\"twitter:label1\" content=\"Written by\" \/>\n\t<meta name=\"twitter:data1\" content=\"Kisha Orthodhokse\" \/>\n\t<meta name=\"twitter:label2\" content=\"Est. reading time\" \/>\n\t<meta name=\"twitter:data2\" content=\"6 minutes\" \/>\n<script type=\"application\/ld+json\" class=\"yoast-schema-graph\">{\"@context\":\"https:\/\/schema.org\",\"@graph\":[{\"@type\":\"Article\",\"@id\":\"https:\/\/orthodoxalbania.org\/2020\/2014\/12\/03\/deklarata-e-perbashket-e-papa-franceskut-dhe-patriarkut-ekumenik-vartholomeu-i\/#article\",\"isPartOf\":{\"@id\":\"https:\/\/orthodoxalbania.org\/2020\/2014\/12\/03\/deklarata-e-perbashket-e-papa-franceskut-dhe-patriarkut-ekumenik-vartholomeu-i\/\"},\"author\":{\"name\":\"Kisha Orthodhokse\",\"@id\":\"https:\/\/orthodoxalbania.org\/2020\/#\/schema\/person\/0c387634a7063ac612d7ed9ce71c7e86\"},\"headline\":\"Deklarata e p\u00ebrbashk\u00ebt e Papa Franceskut dhe Patriarkut Ekumenik Vartholomeu I\",\"datePublished\":\"2014-12-03T11:59:40+00:00\",\"dateModified\":\"2020-04-06T20:02:20+00:00\",\"mainEntityOfPage\":{\"@id\":\"https:\/\/orthodoxalbania.org\/2020\/2014\/12\/03\/deklarata-e-perbashket-e-papa-franceskut-dhe-patriarkut-ekumenik-vartholomeu-i\/\"},\"wordCount\":1181,\"commentCount\":0,\"publisher\":{\"@id\":\"https:\/\/orthodoxalbania.org\/2020\/#organization\"},\"image\":{\"@id\":\"https:\/\/orthodoxalbania.org\/2020\/2014\/12\/03\/deklarata-e-perbashket-e-papa-franceskut-dhe-patriarkut-ekumenik-vartholomeu-i\/#primaryimage\"},\"thumbnailUrl\":\"https:\/\/orthodoxalbania.org\/2020\/wp-content\/uploads\/2020\/04\/15920774582_1f7007b02e.jpg\",\"keywords\":[\"2014\",\"Deklarata - Njoftime Zyrtare\",\"Kryepiskopata Tiran\u00eb\",\"lajme\"],\"articleSection\":[\"Lajme\"],\"inLanguage\":\"en-US\"},{\"@type\":\"WebPage\",\"@id\":\"https:\/\/orthodoxalbania.org\/2020\/2014\/12\/03\/deklarata-e-perbashket-e-papa-franceskut-dhe-patriarkut-ekumenik-vartholomeu-i\/\",\"url\":\"https:\/\/orthodoxalbania.org\/2020\/2014\/12\/03\/deklarata-e-perbashket-e-papa-franceskut-dhe-patriarkut-ekumenik-vartholomeu-i\/\",\"name\":\"Deklarata e p\u00ebrbashk\u00ebt e Papa Franceskut dhe Patriarkut Ekumenik Vartholomeu I - Kisha Orthodh\u03bfkse Autoqefale e Shqip\u00ebris\u00eb\",\"isPartOf\":{\"@id\":\"https:\/\/orthodoxalbania.org\/2020\/#website\"},\"primaryImageOfPage\":{\"@id\":\"https:\/\/orthodoxalbania.org\/2020\/2014\/12\/03\/deklarata-e-perbashket-e-papa-franceskut-dhe-patriarkut-ekumenik-vartholomeu-i\/#primaryimage\"},\"image\":{\"@id\":\"https:\/\/orthodoxalbania.org\/2020\/2014\/12\/03\/deklarata-e-perbashket-e-papa-franceskut-dhe-patriarkut-ekumenik-vartholomeu-i\/#primaryimage\"},\"thumbnailUrl\":\"https:\/\/orthodoxalbania.org\/2020\/wp-content\/uploads\/2020\/04\/15920774582_1f7007b02e.jpg\",\"datePublished\":\"2014-12-03T11:59:40+00:00\",\"dateModified\":\"2020-04-06T20:02:20+00:00\",\"breadcrumb\":{\"@id\":\"https:\/\/orthodoxalbania.org\/2020\/2014\/12\/03\/deklarata-e-perbashket-e-papa-franceskut-dhe-patriarkut-ekumenik-vartholomeu-i\/#breadcrumb\"},\"inLanguage\":\"en-US\",\"potentialAction\":[{\"@type\":\"ReadAction\",\"target\":[\"https:\/\/orthodoxalbania.org\/2020\/2014\/12\/03\/deklarata-e-perbashket-e-papa-franceskut-dhe-patriarkut-ekumenik-vartholomeu-i\/\"]}]},{\"@type\":\"ImageObject\",\"inLanguage\":\"en-US\",\"@id\":\"https:\/\/orthodoxalbania.org\/2020\/2014\/12\/03\/deklarata-e-perbashket-e-papa-franceskut-dhe-patriarkut-ekumenik-vartholomeu-i\/#primaryimage\",\"url\":\"https:\/\/orthodoxalbania.org\/2020\/wp-content\/uploads\/2020\/04\/15920774582_1f7007b02e.jpg\",\"contentUrl\":\"https:\/\/orthodoxalbania.org\/2020\/wp-content\/uploads\/2020\/04\/15920774582_1f7007b02e.jpg\",\"width\":150,\"height\":150},{\"@type\":\"BreadcrumbList\",\"@id\":\"https:\/\/orthodoxalbania.org\/2020\/2014\/12\/03\/deklarata-e-perbashket-e-papa-franceskut-dhe-patriarkut-ekumenik-vartholomeu-i\/#breadcrumb\",\"itemListElement\":[{\"@type\":\"ListItem\",\"position\":1,\"name\":\"Home\",\"item\":\"https:\/\/orthodoxalbania.org\/2020\/\"},{\"@type\":\"ListItem\",\"position\":2,\"name\":\"Deklarata e p\u00ebrbashk\u00ebt e Papa Franceskut dhe Patriarkut Ekumenik Vartholomeu I\"}]},{\"@type\":\"WebSite\",\"@id\":\"https:\/\/orthodoxalbania.org\/2020\/#website\",\"url\":\"https:\/\/orthodoxalbania.org\/2020\/\",\"name\":\"Kisha Orthodh\u03bfkse Autoqefale e Shqip\u00ebris\u00eb\",\"description\":\"Fqja Zyrtare e Kish\u00ebs Orthodhokse Autoqefale e Shqip\u00ebris\u00eb me lajmet edhe informacionet zyrtare p\u00ebr struktur\u00ebn edhe veprimtarin e saj.\",\"publisher\":{\"@id\":\"https:\/\/orthodoxalbania.org\/2020\/#organization\"},\"potentialAction\":[{\"@type\":\"SearchAction\",\"target\":{\"@type\":\"EntryPoint\",\"urlTemplate\":\"https:\/\/orthodoxalbania.org\/2020\/?s={search_term_string}\"},\"query-input\":{\"@type\":\"PropertyValueSpecification\",\"valueRequired\":true,\"valueName\":\"search_term_string\"}}],\"inLanguage\":\"en-US\"},{\"@type\":\"Organization\",\"@id\":\"https:\/\/orthodoxalbania.org\/2020\/#organization\",\"name\":\"Kisha Orthodhokse Autoqefale e Shqip\u00ebris\u00eb\",\"url\":\"https:\/\/orthodoxalbania.org\/2020\/\",\"logo\":{\"@type\":\"ImageObject\",\"inLanguage\":\"en-US\",\"@id\":\"https:\/\/orthodoxalbania.org\/2020\/#\/schema\/logo\/image\/\",\"url\":\"https:\/\/orthodoxalbania.org\/2020\/wp-content\/uploads\/2020\/05\/albania.jpeg\",\"contentUrl\":\"https:\/\/orthodoxalbania.org\/2020\/wp-content\/uploads\/2020\/05\/albania.jpeg\",\"width\":540,\"height\":540,\"caption\":\"Kisha Orthodhokse Autoqefale e Shqip\u00ebris\u00eb\"},\"image\":{\"@id\":\"https:\/\/orthodoxalbania.org\/2020\/#\/schema\/logo\/image\/\"},\"sameAs\":[\"https:\/\/www.facebook.com\/koash1991\"]},{\"@type\":\"Person\",\"@id\":\"https:\/\/orthodoxalbania.org\/2020\/#\/schema\/person\/0c387634a7063ac612d7ed9ce71c7e86\",\"name\":\"Kisha Orthodhokse\",\"image\":{\"@type\":\"ImageObject\",\"inLanguage\":\"en-US\",\"@id\":\"https:\/\/secure.gravatar.com\/avatar\/596e7c417251e30f2fbb9c00e026fce61a695a00e51c889caded71c96cbbdde5?s=96&d=mm&r=g\",\"url\":\"https:\/\/secure.gravatar.com\/avatar\/596e7c417251e30f2fbb9c00e026fce61a695a00e51c889caded71c96cbbdde5?s=96&d=mm&r=g\",\"contentUrl\":\"https:\/\/secure.gravatar.com\/avatar\/596e7c417251e30f2fbb9c00e026fce61a695a00e51c889caded71c96cbbdde5?s=96&d=mm&r=g\",\"caption\":\"Kisha Orthodhokse\"}}]}<\/script>\n<!-- \/ Yoast SEO plugin. -->","yoast_head_json":{"title":"Deklarata e p\u00ebrbashk\u00ebt e Papa Franceskut dhe Patriarkut Ekumenik Vartholomeu I - Kisha Orthodh\u03bfkse Autoqefale e Shqip\u00ebris\u00eb","robots":{"index":"index","follow":"follow","max-snippet":"max-snippet:-1","max-image-preview":"max-image-preview:large","max-video-preview":"max-video-preview:-1"},"canonical":"https:\/\/orthodoxalbania.org\/2020\/2014\/12\/03\/deklarata-e-perbashket-e-papa-franceskut-dhe-patriarkut-ekumenik-vartholomeu-i\/","og_locale":"en_US","og_type":"article","og_title":"Deklarata e p\u00ebrbashk\u00ebt e Papa Franceskut dhe Patriarkut Ekumenik Vartholomeu I - Kisha Orthodh\u03bfkse Autoqefale e Shqip\u00ebris\u00eb","og_description":"Deklarata e p\u00ebrbashk\u00ebt e Papa Franceskut dhe Patriarkut Ekumenik Vartholomeu I &nbsp; \u201cKujtimi i Apostujve, q\u00eb i shpall\u00ebn bot\u00ebs lajmin e mir\u00eb t\u00eb Ungjillit p\u00ebrmes predikimit t\u00eb tyre dhe d\u00ebshmis\u00eb s\u00eb martirizimit, forcon p\u00ebrbrenda nesh aspirat\u00ebn p\u00ebr t\u00eb vazhduar t\u00eb ecim s\u00eb bashku n\u00eb m\u00ebnyr\u00eb q\u00eb t\u00eb tejkalohen, n\u00eb dashuri dhe n\u00eb t\u00eb v\u00ebrtet\u00eb, pengesat q\u00eb na ndajn\u00eb.\u201d &nbsp; &nbsp;&nbsp; Ne, Papa Francesku dhe Patriarku","og_url":"https:\/\/orthodoxalbania.org\/2020\/2014\/12\/03\/deklarata-e-perbashket-e-papa-franceskut-dhe-patriarkut-ekumenik-vartholomeu-i\/","og_site_name":"Kisha Orthodh\u03bfkse Autoqefale e Shqip\u00ebris\u00eb","article_publisher":"https:\/\/www.facebook.com\/koash1991","article_published_time":"2014-12-03T11:59:40+00:00","article_modified_time":"2020-04-06T20:02:20+00:00","og_image":[{"width":150,"height":150,"url":"https:\/\/orthodoxalbania.org\/2020\/wp-content\/uploads\/2020\/04\/15920774582_1f7007b02e.jpg","type":"image\/jpeg"}],"author":"Kisha Orthodhokse","twitter_card":"summary_large_image","twitter_misc":{"Written by":"Kisha Orthodhokse","Est. reading time":"6 minutes"},"schema":{"@context":"https:\/\/schema.org","@graph":[{"@type":"Article","@id":"https:\/\/orthodoxalbania.org\/2020\/2014\/12\/03\/deklarata-e-perbashket-e-papa-franceskut-dhe-patriarkut-ekumenik-vartholomeu-i\/#article","isPartOf":{"@id":"https:\/\/orthodoxalbania.org\/2020\/2014\/12\/03\/deklarata-e-perbashket-e-papa-franceskut-dhe-patriarkut-ekumenik-vartholomeu-i\/"},"author":{"name":"Kisha Orthodhokse","@id":"https:\/\/orthodoxalbania.org\/2020\/#\/schema\/person\/0c387634a7063ac612d7ed9ce71c7e86"},"headline":"Deklarata e p\u00ebrbashk\u00ebt e Papa Franceskut dhe Patriarkut Ekumenik Vartholomeu I","datePublished":"2014-12-03T11:59:40+00:00","dateModified":"2020-04-06T20:02:20+00:00","mainEntityOfPage":{"@id":"https:\/\/orthodoxalbania.org\/2020\/2014\/12\/03\/deklarata-e-perbashket-e-papa-franceskut-dhe-patriarkut-ekumenik-vartholomeu-i\/"},"wordCount":1181,"commentCount":0,"publisher":{"@id":"https:\/\/orthodoxalbania.org\/2020\/#organization"},"image":{"@id":"https:\/\/orthodoxalbania.org\/2020\/2014\/12\/03\/deklarata-e-perbashket-e-papa-franceskut-dhe-patriarkut-ekumenik-vartholomeu-i\/#primaryimage"},"thumbnailUrl":"https:\/\/orthodoxalbania.org\/2020\/wp-content\/uploads\/2020\/04\/15920774582_1f7007b02e.jpg","keywords":["2014","Deklarata - Njoftime Zyrtare","Kryepiskopata Tiran\u00eb","lajme"],"articleSection":["Lajme"],"inLanguage":"en-US"},{"@type":"WebPage","@id":"https:\/\/orthodoxalbania.org\/2020\/2014\/12\/03\/deklarata-e-perbashket-e-papa-franceskut-dhe-patriarkut-ekumenik-vartholomeu-i\/","url":"https:\/\/orthodoxalbania.org\/2020\/2014\/12\/03\/deklarata-e-perbashket-e-papa-franceskut-dhe-patriarkut-ekumenik-vartholomeu-i\/","name":"Deklarata e p\u00ebrbashk\u00ebt e Papa Franceskut dhe Patriarkut Ekumenik Vartholomeu I - Kisha Orthodh\u03bfkse Autoqefale e Shqip\u00ebris\u00eb","isPartOf":{"@id":"https:\/\/orthodoxalbania.org\/2020\/#website"},"primaryImageOfPage":{"@id":"https:\/\/orthodoxalbania.org\/2020\/2014\/12\/03\/deklarata-e-perbashket-e-papa-franceskut-dhe-patriarkut-ekumenik-vartholomeu-i\/#primaryimage"},"image":{"@id":"https:\/\/orthodoxalbania.org\/2020\/2014\/12\/03\/deklarata-e-perbashket-e-papa-franceskut-dhe-patriarkut-ekumenik-vartholomeu-i\/#primaryimage"},"thumbnailUrl":"https:\/\/orthodoxalbania.org\/2020\/wp-content\/uploads\/2020\/04\/15920774582_1f7007b02e.jpg","datePublished":"2014-12-03T11:59:40+00:00","dateModified":"2020-04-06T20:02:20+00:00","breadcrumb":{"@id":"https:\/\/orthodoxalbania.org\/2020\/2014\/12\/03\/deklarata-e-perbashket-e-papa-franceskut-dhe-patriarkut-ekumenik-vartholomeu-i\/#breadcrumb"},"inLanguage":"en-US","potentialAction":[{"@type":"ReadAction","target":["https:\/\/orthodoxalbania.org\/2020\/2014\/12\/03\/deklarata-e-perbashket-e-papa-franceskut-dhe-patriarkut-ekumenik-vartholomeu-i\/"]}]},{"@type":"ImageObject","inLanguage":"en-US","@id":"https:\/\/orthodoxalbania.org\/2020\/2014\/12\/03\/deklarata-e-perbashket-e-papa-franceskut-dhe-patriarkut-ekumenik-vartholomeu-i\/#primaryimage","url":"https:\/\/orthodoxalbania.org\/2020\/wp-content\/uploads\/2020\/04\/15920774582_1f7007b02e.jpg","contentUrl":"https:\/\/orthodoxalbania.org\/2020\/wp-content\/uploads\/2020\/04\/15920774582_1f7007b02e.jpg","width":150,"height":150},{"@type":"BreadcrumbList","@id":"https:\/\/orthodoxalbania.org\/2020\/2014\/12\/03\/deklarata-e-perbashket-e-papa-franceskut-dhe-patriarkut-ekumenik-vartholomeu-i\/#breadcrumb","itemListElement":[{"@type":"ListItem","position":1,"name":"Home","item":"https:\/\/orthodoxalbania.org\/2020\/"},{"@type":"ListItem","position":2,"name":"Deklarata e p\u00ebrbashk\u00ebt e Papa Franceskut dhe Patriarkut Ekumenik Vartholomeu I"}]},{"@type":"WebSite","@id":"https:\/\/orthodoxalbania.org\/2020\/#website","url":"https:\/\/orthodoxalbania.org\/2020\/","name":"Kisha Orthodh\u03bfkse Autoqefale e Shqip\u00ebris\u00eb","description":"Fqja Zyrtare e Kish\u00ebs Orthodhokse Autoqefale e Shqip\u00ebris\u00eb me lajmet edhe informacionet zyrtare p\u00ebr struktur\u00ebn edhe veprimtarin e saj.","publisher":{"@id":"https:\/\/orthodoxalbania.org\/2020\/#organization"},"potentialAction":[{"@type":"SearchAction","target":{"@type":"EntryPoint","urlTemplate":"https:\/\/orthodoxalbania.org\/2020\/?s={search_term_string}"},"query-input":{"@type":"PropertyValueSpecification","valueRequired":true,"valueName":"search_term_string"}}],"inLanguage":"en-US"},{"@type":"Organization","@id":"https:\/\/orthodoxalbania.org\/2020\/#organization","name":"Kisha Orthodhokse Autoqefale e Shqip\u00ebris\u00eb","url":"https:\/\/orthodoxalbania.org\/2020\/","logo":{"@type":"ImageObject","inLanguage":"en-US","@id":"https:\/\/orthodoxalbania.org\/2020\/#\/schema\/logo\/image\/","url":"https:\/\/orthodoxalbania.org\/2020\/wp-content\/uploads\/2020\/05\/albania.jpeg","contentUrl":"https:\/\/orthodoxalbania.org\/2020\/wp-content\/uploads\/2020\/05\/albania.jpeg","width":540,"height":540,"caption":"Kisha Orthodhokse Autoqefale e Shqip\u00ebris\u00eb"},"image":{"@id":"https:\/\/orthodoxalbania.org\/2020\/#\/schema\/logo\/image\/"},"sameAs":["https:\/\/www.facebook.com\/koash1991"]},{"@type":"Person","@id":"https:\/\/orthodoxalbania.org\/2020\/#\/schema\/person\/0c387634a7063ac612d7ed9ce71c7e86","name":"Kisha Orthodhokse","image":{"@type":"ImageObject","inLanguage":"en-US","@id":"https:\/\/secure.gravatar.com\/avatar\/596e7c417251e30f2fbb9c00e026fce61a695a00e51c889caded71c96cbbdde5?s=96&d=mm&r=g","url":"https:\/\/secure.gravatar.com\/avatar\/596e7c417251e30f2fbb9c00e026fce61a695a00e51c889caded71c96cbbdde5?s=96&d=mm&r=g","contentUrl":"https:\/\/secure.gravatar.com\/avatar\/596e7c417251e30f2fbb9c00e026fce61a695a00e51c889caded71c96cbbdde5?s=96&d=mm&r=g","caption":"Kisha Orthodhokse"}}]}},"_links":{"self":[{"href":"https:\/\/orthodoxalbania.org\/2020\/wp-json\/wp\/v2\/posts\/378","targetHints":{"allow":["GET"]}}],"collection":[{"href":"https:\/\/orthodoxalbania.org\/2020\/wp-json\/wp\/v2\/posts"}],"about":[{"href":"https:\/\/orthodoxalbania.org\/2020\/wp-json\/wp\/v2\/types\/post"}],"author":[{"embeddable":true,"href":"https:\/\/orthodoxalbania.org\/2020\/wp-json\/wp\/v2\/users\/1"}],"replies":[{"embeddable":true,"href":"https:\/\/orthodoxalbania.org\/2020\/wp-json\/wp\/v2\/comments?post=378"}],"version-history":[{"count":1,"href":"https:\/\/orthodoxalbania.org\/2020\/wp-json\/wp\/v2\/posts\/378\/revisions"}],"predecessor-version":[{"id":15042,"href":"https:\/\/orthodoxalbania.org\/2020\/wp-json\/wp\/v2\/posts\/378\/revisions\/15042"}],"wp:featuredmedia":[{"embeddable":true,"href":"https:\/\/orthodoxalbania.org\/2020\/wp-json\/wp\/v2\/media\/379"}],"wp:attachment":[{"href":"https:\/\/orthodoxalbania.org\/2020\/wp-json\/wp\/v2\/media?parent=378"}],"wp:term":[{"taxonomy":"category","embeddable":true,"href":"https:\/\/orthodoxalbania.org\/2020\/wp-json\/wp\/v2\/categories?post=378"},{"taxonomy":"post_tag","embeddable":true,"href":"https:\/\/orthodoxalbania.org\/2020\/wp-json\/wp\/v2\/tags?post=378"}],"curies":[{"name":"wp","href":"https:\/\/api.w.org\/{rel}","templated":true}]}}