{"id":370,"date":"2006-02-26T00:00:07","date_gmt":"2006-02-26T00:00:07","guid":{"rendered":""},"modified":"2020-04-13T00:31:32","modified_gmt":"2020-04-12T22:31:32","slug":"cultural-activity-with-kosovar-s-children-to-deepen-the-friendship-july-2006","status":"publish","type":"post","link":"https:\/\/orthodoxalbania.org\/2020\/en\/2006\/02\/26\/cultural-activity-with-kosovar-s-children-to-deepen-the-friendship-july-2006\/","title":{"rendered":"Cultural activity with Kosovar\u2019s children to deepen the friendship. (July 2006)"},"content":{"rendered":"<div style=\"text-align: justify;\"><span style=\"color: #000000;\"><span style=\"font-family: tahoma,geneva,sans-serif;\"><span style=\"font-size: 12px;\">&nbsp;&nbsp;&nbsp; The collaboration among the Albanian and Kosovar youth that came to Albania during 1999 has continued with a special tradition over these years. Through these camps, which have an educative and entertaining nature for the children, a close collaboration with an exchange of experiences and a deepening of friendships is attained, which started during the period of war and continues to grow every year.<\/span><\/span><\/span><\/div>\n<div style=\"text-align: justify;\">&nbsp;<\/div>\n<div style=\"text-align: justify;\">&nbsp;<\/div>\n<div style=\"text-align: justify;\"><span style=\"color: #000000;\"><span style=\"font-family: tahoma,geneva,sans-serif;\"><span style=\"font-size: 12px;\"><img decoding=\"async\" class=\"lazyload HAa Eha\" style=\"height: 263px; width: 350px; border-width: 1px; border-style: solid; margin: 10px; float: right;\" alt=\"\" src=\"data:image\/gif;base64,R0lGODlhAQABAAAAACH5BAEKAAEALAAAAAABAAEAAAICTAEAOw==\" data-orig-src=\"https:\/\/lh4.googleusercontent.com\/-7PK6RmbAwbo\/VLZlQ-pu7LI\/AAAAAAAAK2I\/NKzzBWNhZyQ\/w400-h300-no\/untitled1.jpg\" \/>&nbsp;&nbsp;&nbsp; About 1,750 Kosovar children participated this year in the camps organized by the Autocephalous Orthodox Church of Albania in the community of Malisheva. Twenty-five young adult volunteers from the Church organized four camps in two different periods. The goal of these camps was the strengthening of the friendship among the Albanian youth from Kosovo and Albania as well as the entertainment of the children.This activity was held with thepermissionof the local Ministry of Education in the community of Malisheva, in \u201cIbrahim Mazreku\u201d elementary school, \u201cNaim Frash\u00ebri\u201d in Banja and in another school in Begaj which is a branch of \u201cNaim Frash\u00ebri\u201d school and holds the same name as well as in the school of \u201cMustafa Bakija\u201d in the village of Caralluka.<\/span><\/span><\/span><\/div>\n<div style=\"text-align: justify;\">&nbsp;<\/div>\n<div style=\"text-align: justify;\"><span style=\"color: #000000;\"><span style=\"font-family: tahoma,geneva,sans-serif;\"><span style=\"font-size: 12px;\">&nbsp;&nbsp;&nbsp; The first three camps were organized at the end of June and the beginning of July while the \u201cJoy\u201d camp was organized at the end of August.&nbsp; Prof. Dr. Ramiz Hoti, professor at the University of Prishtina said that this camp was a good opportunity for the beginning of the new academic year in Kosovo.The program was composed with different games, arts and crafts, songs and discussion sessions. Each camp was crowned with a festival organized by the children themselves. For these festivals leaders of local government, teachers of the schools where the camps were held and parents of the children were invited.<\/span><\/span><\/span><\/div>\n<div style=\"text-align: justify;\">&nbsp;<\/div>\n<div style=\"text-align: justify;\"><span style=\"color: #000000;\"><span style=\"font-family: tahoma,geneva,sans-serif;\"><span style=\"font-size: 12px;\"><img decoding=\"async\" class=\"lazyload HAa Eha\" style=\"height: 263px; width: 350px; border-width: 1px; border-style: solid; margin: 10px; float: left;\" alt=\"\" src=\"data:image\/gif;base64,R0lGODlhAQABAAAAACH5BAEKAAEALAAAAAABAAEAAAICTAEAOw==\" data-orig-src=\"https:\/\/lh3.googleusercontent.com\/-V8gYdWdCUJ0\/VLZlQ4VvP8I\/AAAAAAAAK18\/tEVKA5uFWf0\/w400-h300-no\/untitled2.jpg\" \/>&nbsp;&nbsp;&nbsp; The camp in \u201cIbrahim Mazreku\u201d school was named \u201cFriendship\u201d, while in the school of Begaj it was named \u201cHope\u201d, in \u201cNaim Frash\u00ebri\u2019 school it was named \u201cKindness\u201d and in Caralluka it was named \u201cJoy\u201d. The children were separated in two different age groups and each age group was named after the virtues like \u201cPeace, Forgiveness, Love, Respect, etc.\u201d We didn\u2019t see all these qualities from the moral point of view, but in its actual one. These names weren\u2019t only some random qualities, but values of life, which make up the foundation of a healthy society that makes up a person with values. For this reason this activity should be seen as a privilege and a gift given by God because all the games, dances, songs and every entertaining thing that we shared with the Kosovar children had as its base a mutual love between us and the children, a love that ensured us that our activity had been a successful one.<\/span><\/span><\/span><\/div>\n<div style=\"text-align: justify;\">&nbsp;<\/div>\n<div style=\"text-align: justify;\"><span style=\"color: #000000;\"><span style=\"font-family: tahoma,geneva,sans-serif;\"><span style=\"font-size: 12px;\">&nbsp;&nbsp;&nbsp; The directors of the schools have shown their interest for this activity and have expressed their gratitude and have made the request for a continuation of these camps in the coming years. \u201cThis children\u2019s camp is welcomed now that the academic year has ended\u201d \u2013 said Mr. Rexhep Mazreku, the director of the elementary school \u201cIbrahim Mazreku\u201d in Malisheva.<\/span><\/span><\/span><\/div>\n<div style=\"text-align: justify;\">&nbsp;<\/div>\n<div style=\"text-align: justify;\"><span style=\"color: #000000;\"><span style=\"font-family: tahoma,geneva,sans-serif;\"><span style=\"font-size: 12px;\">&nbsp;&nbsp;&nbsp; While the director of the school \u201cMustafa Bakija\u201d in Caralluka, Mr. Mifail Krasniqi, in his greeting thanked the Orthodox youth group from Albania for organizing this camp. \u201cIn this camp many of our children were exited.&nbsp; Especially, I want to greet and thank Mr. Nathan Hoppe who for 5 years has given his contribution in this school and in some other schools in Malisheva as well, who for personal reasons couldn\u2019t be present in this camp, and I ask the staff of this camp in the name of all the teachers of the school to send him our condolences for the loss of his wife. These activities are always welcomed in our school,\u201d underlined Mr. Krasniqi.<\/span><\/span><\/span><\/div>\n<div style=\"text-align: justify;\">&nbsp;<\/div>\n<div style=\"text-align: justify;\"><span style=\"color: #000000;\"><span style=\"font-family: tahoma,geneva,sans-serif;\"><span style=\"font-size: 12px;\"><img decoding=\"async\" class=\"lazyload HAa Eha\" style=\"height: 263px; width: 350px; border-width: 1px; border-style: solid; margin: 10px; float: right;\" alt=\"\" src=\"data:image\/gif;base64,R0lGODlhAQABAAAAACH5BAEKAAEALAAAAAABAAEAAAICTAEAOw==\" data-orig-src=\"https:\/\/lh6.googleusercontent.com\/-7FFpJCiHCLo\/VLZlQ8RoWHI\/AAAAAAAAK2E\/qcBw0M6jydo\/w400-h300-no\/untitled3.jpg\" \/>&nbsp;&nbsp;&nbsp; For five years, the Orthodox Autocephalous Church of Albania organizes camps in different schools in this community. These camps have been done in collaboration with the teachers of the schools. The children, parents and teachers have showed interest for their continuation during these years. This brought the possibility for the children to be entertained and the friendship to become stronger. This year, the media showed interest as well. The journals \u201cLajm\u201d, \u201cZ\u00ebri\u201d \u201cKosovaonline\u201d, \u201cKoha Jone\u201d, and radio station \u201cDukagjini\u201d wrote and spoke about the camps in their papers and in their transmissions.<\/span><\/span><\/span><\/div>\n<div style=\"text-align: justify;\">&nbsp;<\/div>\n<div style=\"text-align: justify;\"><span style=\"color: #000000;\"><span style=\"font-family: tahoma,geneva,sans-serif;\"><span style=\"font-size: 12px;\">&nbsp;&nbsp;&nbsp; In the last evening of each camp our staff organized a dinner with the teachers of each school in order to express their gratitude for the collaboration and care that they showed during the camps.<\/span><\/span><\/span><\/div>\n<div style=\"text-align: justify;\">&nbsp;<\/div>\n<div style=\"text-align: justify;\"><span style=\"color: #000000;\"><span style=\"font-family: tahoma,geneva,sans-serif;\"><span style=\"font-size: 12px;\">&nbsp;&nbsp; \u201cEverything started during the war time when the Orthodox Autocephalous Church of Albania has offered aid to 33.000 refugees. They offered to them&nbsp;&nbsp;&nbsp;&nbsp; $12 million aid. The Orthodox Church continued to offer its help even when many refugees returned to Kosovo helping them with their immediate needs. So a friendship started and we continued it through the camps\u201d \u2013 said Gabriela Bezhani, coordinator in the Children\u2019s Office of the Orthodox Church in Albania.<\/span><\/span><\/span><\/div>\n<div style=\"text-align: justify;\">&nbsp;<\/div>\n<div style=\"text-align: justify;\">&nbsp;<\/div>\n<div style=\"text-align: justify;\"><span style=\"color: #000000;\"><span style=\"font-family: tahoma,geneva,sans-serif;\"><span style=\"font-size: 12px;\">&nbsp;&nbsp;&nbsp; We HOPE that our FRIENDSHIP will grow even more and that the JOY and KINDNESS will multiply in our modern society.<\/span><\/span><\/span><\/div>\n<div style=\"text-align: justify;\">&nbsp;<\/div>\n<div style=\"text-align: justify;\">\n<p> <span style=\"color: #000000;\"><span style=\"font-family: tahoma,geneva,sans-serif;\"><span style=\"font-size: 12px;\"><strong>&nbsp;&nbsp;&nbsp;&nbsp;&nbsp; Gabriela Bezhani and Glen Lla\u00e7i<\/strong><\/span><\/span><\/span><\/div>\n<div style=\"text-align: justify;\"><span style=\"color: #000000;\"><span style=\"font-family: tahoma,geneva,sans-serif;\"><span style=\"font-size: 12px;\">&nbsp; <\/span><\/span><\/span><\/div>\n","protected":false},"excerpt":{"rendered":"<p>&nbsp;&nbsp;&nbsp; The collaboration among the Albanian and Kosovar youth that came to Albania during 1999 has continued with a special tradition over these years. Through these camps, which have an educative and entertaining nature for the children, a close collaboration with an exchange of experiences and a deepening of friendships is attained, which started during the period of war and continues to grow every year.<\/p>\n","protected":false},"author":7,"featured_media":0,"comment_status":"open","ping_status":"open","sticky":false,"template":"","format":"standard","meta":{"_acf_changed":false,"pagelayer_contact_templates":[],"_pagelayer_content":"","inline_featured_image":false,"fifu_image_url":"","fifu_image_alt":"","footnotes":""},"categories":[1455,311],"tags":[1113,1788],"class_list":["post-370","post","type-post","status-publish","format-standard","hentry","category-news-en","category-news-d25","tag-2006-en","tag-kampe-verore-en"],"acf":[],"yoast_head":"<!-- This site is optimized with the Yoast SEO plugin v27.2 - https:\/\/yoast.com\/product\/yoast-seo-wordpress\/ -->\n<title>Cultural activity with Kosovar\u2019s children to deepen the friendship. (July 2006) - Kisha Orthodh\u03bfkse Autoqefale e Shqip\u00ebris\u00eb<\/title>\n<meta name=\"robots\" content=\"index, follow, max-snippet:-1, max-image-preview:large, max-video-preview:-1\" \/>\n<link rel=\"canonical\" href=\"https:\/\/orthodoxalbania.org\/2020\/en\/2006\/02\/26\/cultural-activity-with-kosovar-s-children-to-deepen-the-friendship-july-2006\/\" \/>\n<meta property=\"og:locale\" content=\"en_US\" \/>\n<meta property=\"og:type\" content=\"article\" \/>\n<meta property=\"og:title\" content=\"Cultural activity with Kosovar\u2019s children to deepen the friendship. (July 2006) - Kisha Orthodh\u03bfkse Autoqefale e Shqip\u00ebris\u00eb\" \/>\n<meta property=\"og:description\" content=\"&nbsp;&nbsp;&nbsp; The collaboration among the Albanian and Kosovar youth that came to Albania during 1999 has continued with a special tradition over these years. Through these camps, which have an educative and entertaining nature for the children, a close collaboration with an exchange of experiences and a deepening of friendships is attained, which started during the period of war and continues to grow every year.\" \/>\n<meta property=\"og:url\" content=\"https:\/\/orthodoxalbania.org\/2020\/en\/2006\/02\/26\/cultural-activity-with-kosovar-s-children-to-deepen-the-friendship-july-2006\/\" \/>\n<meta property=\"og:site_name\" content=\"Kisha Orthodh\u03bfkse Autoqefale e Shqip\u00ebris\u00eb\" \/>\n<meta property=\"article:publisher\" content=\"https:\/\/www.facebook.com\/koash1991\" \/>\n<meta property=\"article:published_time\" content=\"2006-02-26T00:00:07+00:00\" \/>\n<meta property=\"article:modified_time\" content=\"2020-04-12T22:31:32+00:00\" \/>\n<meta property=\"og:image\" content=\"https:\/\/lh4.googleusercontent.com\/-7PK6RmbAwbo\/VLZlQ-pu7LI\/AAAAAAAAK2I\/NKzzBWNhZyQ\/w400-h300-no\/untitled1.jpg\" \/>\n<meta name=\"author\" content=\"Kisha Orthodhokse\" \/>\n<meta name=\"twitter:card\" content=\"summary_large_image\" \/>\n<meta name=\"twitter:label1\" content=\"Written by\" \/>\n\t<meta name=\"twitter:data1\" content=\"Kisha Orthodhokse\" \/>\n\t<meta name=\"twitter:label2\" content=\"Est. reading time\" \/>\n\t<meta name=\"twitter:data2\" content=\"5 minutes\" \/>\n<script type=\"application\/ld+json\" class=\"yoast-schema-graph\">{\"@context\":\"https:\/\/schema.org\",\"@graph\":[{\"@type\":\"Article\",\"@id\":\"https:\/\/orthodoxalbania.org\/2020\/en\/2006\/02\/26\/cultural-activity-with-kosovar-s-children-to-deepen-the-friendship-july-2006\/#article\",\"isPartOf\":{\"@id\":\"https:\/\/orthodoxalbania.org\/2020\/en\/2006\/02\/26\/cultural-activity-with-kosovar-s-children-to-deepen-the-friendship-july-2006\/\"},\"author\":{\"name\":\"Kisha Orthodhokse\",\"@id\":\"https:\/\/orthodoxalbania.org\/2020\/#\/schema\/person\/df745f942b70e045b3dc05a30211f0de\"},\"headline\":\"Cultural activity with Kosovar\u2019s children to deepen the friendship. (July 2006)\",\"datePublished\":\"2006-02-26T00:00:07+00:00\",\"dateModified\":\"2020-04-12T22:31:32+00:00\",\"mainEntityOfPage\":{\"@id\":\"https:\/\/orthodoxalbania.org\/2020\/en\/2006\/02\/26\/cultural-activity-with-kosovar-s-children-to-deepen-the-friendship-july-2006\/\"},\"wordCount\":919,\"commentCount\":0,\"publisher\":{\"@id\":\"https:\/\/orthodoxalbania.org\/2020\/#organization\"},\"image\":{\"@id\":\"https:\/\/orthodoxalbania.org\/2020\/en\/2006\/02\/26\/cultural-activity-with-kosovar-s-children-to-deepen-the-friendship-july-2006\/#primaryimage\"},\"thumbnailUrl\":\"https:\/\/lh4.googleusercontent.com\/-7PK6RmbAwbo\/VLZlQ-pu7LI\/AAAAAAAAK2I\/NKzzBWNhZyQ\/w400-h300-no\/untitled1.jpg\",\"keywords\":[\"2006\",\"Kampe verore\"],\"articleSection\":[\"News - \u0395\u039d\",\"News old page\"],\"inLanguage\":\"en-US\"},{\"@type\":\"WebPage\",\"@id\":\"https:\/\/orthodoxalbania.org\/2020\/en\/2006\/02\/26\/cultural-activity-with-kosovar-s-children-to-deepen-the-friendship-july-2006\/\",\"url\":\"https:\/\/orthodoxalbania.org\/2020\/en\/2006\/02\/26\/cultural-activity-with-kosovar-s-children-to-deepen-the-friendship-july-2006\/\",\"name\":\"Cultural activity with Kosovar\u2019s children to deepen the friendship. (July 2006) - Kisha Orthodh\u03bfkse Autoqefale e Shqip\u00ebris\u00eb\",\"isPartOf\":{\"@id\":\"https:\/\/orthodoxalbania.org\/2020\/#website\"},\"primaryImageOfPage\":{\"@id\":\"https:\/\/orthodoxalbania.org\/2020\/en\/2006\/02\/26\/cultural-activity-with-kosovar-s-children-to-deepen-the-friendship-july-2006\/#primaryimage\"},\"image\":{\"@id\":\"https:\/\/orthodoxalbania.org\/2020\/en\/2006\/02\/26\/cultural-activity-with-kosovar-s-children-to-deepen-the-friendship-july-2006\/#primaryimage\"},\"thumbnailUrl\":\"https:\/\/lh4.googleusercontent.com\/-7PK6RmbAwbo\/VLZlQ-pu7LI\/AAAAAAAAK2I\/NKzzBWNhZyQ\/w400-h300-no\/untitled1.jpg\",\"datePublished\":\"2006-02-26T00:00:07+00:00\",\"dateModified\":\"2020-04-12T22:31:32+00:00\",\"breadcrumb\":{\"@id\":\"https:\/\/orthodoxalbania.org\/2020\/en\/2006\/02\/26\/cultural-activity-with-kosovar-s-children-to-deepen-the-friendship-july-2006\/#breadcrumb\"},\"inLanguage\":\"en-US\",\"potentialAction\":[{\"@type\":\"ReadAction\",\"target\":[\"https:\/\/orthodoxalbania.org\/2020\/en\/2006\/02\/26\/cultural-activity-with-kosovar-s-children-to-deepen-the-friendship-july-2006\/\"]}]},{\"@type\":\"ImageObject\",\"inLanguage\":\"en-US\",\"@id\":\"https:\/\/orthodoxalbania.org\/2020\/en\/2006\/02\/26\/cultural-activity-with-kosovar-s-children-to-deepen-the-friendship-july-2006\/#primaryimage\",\"url\":\"https:\/\/lh4.googleusercontent.com\/-7PK6RmbAwbo\/VLZlQ-pu7LI\/AAAAAAAAK2I\/NKzzBWNhZyQ\/w400-h300-no\/untitled1.jpg\",\"contentUrl\":\"https:\/\/lh4.googleusercontent.com\/-7PK6RmbAwbo\/VLZlQ-pu7LI\/AAAAAAAAK2I\/NKzzBWNhZyQ\/w400-h300-no\/untitled1.jpg\"},{\"@type\":\"BreadcrumbList\",\"@id\":\"https:\/\/orthodoxalbania.org\/2020\/en\/2006\/02\/26\/cultural-activity-with-kosovar-s-children-to-deepen-the-friendship-july-2006\/#breadcrumb\",\"itemListElement\":[{\"@type\":\"ListItem\",\"position\":1,\"name\":\"Home\",\"item\":\"https:\/\/orthodoxalbania.org\/2020\/\"},{\"@type\":\"ListItem\",\"position\":2,\"name\":\"Cultural activity with Kosovar\u2019s children to deepen the friendship. (July 2006)\"}]},{\"@type\":\"WebSite\",\"@id\":\"https:\/\/orthodoxalbania.org\/2020\/#website\",\"url\":\"https:\/\/orthodoxalbania.org\/2020\/\",\"name\":\"Kisha Orthodh\u03bfkse Autoqefale e Shqip\u00ebris\u00eb\",\"description\":\"Fqja Zyrtare e Kish\u00ebs Orthodhokse Autoqefale e Shqip\u00ebris\u00eb me lajmet edhe informacionet zyrtare p\u00ebr struktur\u00ebn edhe veprimtarin e saj.\",\"publisher\":{\"@id\":\"https:\/\/orthodoxalbania.org\/2020\/#organization\"},\"potentialAction\":[{\"@type\":\"SearchAction\",\"target\":{\"@type\":\"EntryPoint\",\"urlTemplate\":\"https:\/\/orthodoxalbania.org\/2020\/?s={search_term_string}\"},\"query-input\":{\"@type\":\"PropertyValueSpecification\",\"valueRequired\":true,\"valueName\":\"search_term_string\"}}],\"inLanguage\":\"en-US\"},{\"@type\":\"Organization\",\"@id\":\"https:\/\/orthodoxalbania.org\/2020\/#organization\",\"name\":\"Kisha Orthodhokse Autoqefale e Shqip\u00ebris\u00eb\",\"url\":\"https:\/\/orthodoxalbania.org\/2020\/\",\"logo\":{\"@type\":\"ImageObject\",\"inLanguage\":\"en-US\",\"@id\":\"https:\/\/orthodoxalbania.org\/2020\/#\/schema\/logo\/image\/\",\"url\":\"https:\/\/orthodoxalbania.org\/2020\/wp-content\/uploads\/2020\/05\/albania.jpeg\",\"contentUrl\":\"https:\/\/orthodoxalbania.org\/2020\/wp-content\/uploads\/2020\/05\/albania.jpeg\",\"width\":540,\"height\":540,\"caption\":\"Kisha Orthodhokse Autoqefale e Shqip\u00ebris\u00eb\"},\"image\":{\"@id\":\"https:\/\/orthodoxalbania.org\/2020\/#\/schema\/logo\/image\/\"},\"sameAs\":[\"https:\/\/www.facebook.com\/koash1991\"]},{\"@type\":\"Person\",\"@id\":\"https:\/\/orthodoxalbania.org\/2020\/#\/schema\/person\/df745f942b70e045b3dc05a30211f0de\",\"name\":\"Kisha Orthodhokse\",\"image\":{\"@type\":\"ImageObject\",\"inLanguage\":\"en-US\",\"@id\":\"https:\/\/secure.gravatar.com\/avatar\/2676eb8d97178435c9f691a7871595a1da6c33542dec218bce40885573150e28?s=96&d=mm&r=g\",\"url\":\"https:\/\/secure.gravatar.com\/avatar\/2676eb8d97178435c9f691a7871595a1da6c33542dec218bce40885573150e28?s=96&d=mm&r=g\",\"contentUrl\":\"https:\/\/secure.gravatar.com\/avatar\/2676eb8d97178435c9f691a7871595a1da6c33542dec218bce40885573150e28?s=96&d=mm&r=g\",\"caption\":\"Kisha Orthodhokse\"}}]}<\/script>\n<!-- \/ Yoast SEO plugin. -->","yoast_head_json":{"title":"Cultural activity with Kosovar\u2019s children to deepen the friendship. (July 2006) - Kisha Orthodh\u03bfkse Autoqefale e Shqip\u00ebris\u00eb","robots":{"index":"index","follow":"follow","max-snippet":"max-snippet:-1","max-image-preview":"max-image-preview:large","max-video-preview":"max-video-preview:-1"},"canonical":"https:\/\/orthodoxalbania.org\/2020\/en\/2006\/02\/26\/cultural-activity-with-kosovar-s-children-to-deepen-the-friendship-july-2006\/","og_locale":"en_US","og_type":"article","og_title":"Cultural activity with Kosovar\u2019s children to deepen the friendship. (July 2006) - Kisha Orthodh\u03bfkse Autoqefale e Shqip\u00ebris\u00eb","og_description":"&nbsp;&nbsp;&nbsp; The collaboration among the Albanian and Kosovar youth that came to Albania during 1999 has continued with a special tradition over these years. Through these camps, which have an educative and entertaining nature for the children, a close collaboration with an exchange of experiences and a deepening of friendships is attained, which started during the period of war and continues to grow every year.","og_url":"https:\/\/orthodoxalbania.org\/2020\/en\/2006\/02\/26\/cultural-activity-with-kosovar-s-children-to-deepen-the-friendship-july-2006\/","og_site_name":"Kisha Orthodh\u03bfkse Autoqefale e Shqip\u00ebris\u00eb","article_publisher":"https:\/\/www.facebook.com\/koash1991","article_published_time":"2006-02-26T00:00:07+00:00","article_modified_time":"2020-04-12T22:31:32+00:00","og_image":[{"url":"https:\/\/lh4.googleusercontent.com\/-7PK6RmbAwbo\/VLZlQ-pu7LI\/AAAAAAAAK2I\/NKzzBWNhZyQ\/w400-h300-no\/untitled1.jpg","type":"","width":"","height":""}],"author":"Kisha Orthodhokse","twitter_card":"summary_large_image","twitter_misc":{"Written by":"Kisha Orthodhokse","Est. reading time":"5 minutes"},"schema":{"@context":"https:\/\/schema.org","@graph":[{"@type":"Article","@id":"https:\/\/orthodoxalbania.org\/2020\/en\/2006\/02\/26\/cultural-activity-with-kosovar-s-children-to-deepen-the-friendship-july-2006\/#article","isPartOf":{"@id":"https:\/\/orthodoxalbania.org\/2020\/en\/2006\/02\/26\/cultural-activity-with-kosovar-s-children-to-deepen-the-friendship-july-2006\/"},"author":{"name":"Kisha Orthodhokse","@id":"https:\/\/orthodoxalbania.org\/2020\/#\/schema\/person\/df745f942b70e045b3dc05a30211f0de"},"headline":"Cultural activity with Kosovar\u2019s children to deepen the friendship. (July 2006)","datePublished":"2006-02-26T00:00:07+00:00","dateModified":"2020-04-12T22:31:32+00:00","mainEntityOfPage":{"@id":"https:\/\/orthodoxalbania.org\/2020\/en\/2006\/02\/26\/cultural-activity-with-kosovar-s-children-to-deepen-the-friendship-july-2006\/"},"wordCount":919,"commentCount":0,"publisher":{"@id":"https:\/\/orthodoxalbania.org\/2020\/#organization"},"image":{"@id":"https:\/\/orthodoxalbania.org\/2020\/en\/2006\/02\/26\/cultural-activity-with-kosovar-s-children-to-deepen-the-friendship-july-2006\/#primaryimage"},"thumbnailUrl":"https:\/\/lh4.googleusercontent.com\/-7PK6RmbAwbo\/VLZlQ-pu7LI\/AAAAAAAAK2I\/NKzzBWNhZyQ\/w400-h300-no\/untitled1.jpg","keywords":["2006","Kampe verore"],"articleSection":["News - \u0395\u039d","News old page"],"inLanguage":"en-US"},{"@type":"WebPage","@id":"https:\/\/orthodoxalbania.org\/2020\/en\/2006\/02\/26\/cultural-activity-with-kosovar-s-children-to-deepen-the-friendship-july-2006\/","url":"https:\/\/orthodoxalbania.org\/2020\/en\/2006\/02\/26\/cultural-activity-with-kosovar-s-children-to-deepen-the-friendship-july-2006\/","name":"Cultural activity with Kosovar\u2019s children to deepen the friendship. (July 2006) - Kisha Orthodh\u03bfkse Autoqefale e Shqip\u00ebris\u00eb","isPartOf":{"@id":"https:\/\/orthodoxalbania.org\/2020\/#website"},"primaryImageOfPage":{"@id":"https:\/\/orthodoxalbania.org\/2020\/en\/2006\/02\/26\/cultural-activity-with-kosovar-s-children-to-deepen-the-friendship-july-2006\/#primaryimage"},"image":{"@id":"https:\/\/orthodoxalbania.org\/2020\/en\/2006\/02\/26\/cultural-activity-with-kosovar-s-children-to-deepen-the-friendship-july-2006\/#primaryimage"},"thumbnailUrl":"https:\/\/lh4.googleusercontent.com\/-7PK6RmbAwbo\/VLZlQ-pu7LI\/AAAAAAAAK2I\/NKzzBWNhZyQ\/w400-h300-no\/untitled1.jpg","datePublished":"2006-02-26T00:00:07+00:00","dateModified":"2020-04-12T22:31:32+00:00","breadcrumb":{"@id":"https:\/\/orthodoxalbania.org\/2020\/en\/2006\/02\/26\/cultural-activity-with-kosovar-s-children-to-deepen-the-friendship-july-2006\/#breadcrumb"},"inLanguage":"en-US","potentialAction":[{"@type":"ReadAction","target":["https:\/\/orthodoxalbania.org\/2020\/en\/2006\/02\/26\/cultural-activity-with-kosovar-s-children-to-deepen-the-friendship-july-2006\/"]}]},{"@type":"ImageObject","inLanguage":"en-US","@id":"https:\/\/orthodoxalbania.org\/2020\/en\/2006\/02\/26\/cultural-activity-with-kosovar-s-children-to-deepen-the-friendship-july-2006\/#primaryimage","url":"https:\/\/lh4.googleusercontent.com\/-7PK6RmbAwbo\/VLZlQ-pu7LI\/AAAAAAAAK2I\/NKzzBWNhZyQ\/w400-h300-no\/untitled1.jpg","contentUrl":"https:\/\/lh4.googleusercontent.com\/-7PK6RmbAwbo\/VLZlQ-pu7LI\/AAAAAAAAK2I\/NKzzBWNhZyQ\/w400-h300-no\/untitled1.jpg"},{"@type":"BreadcrumbList","@id":"https:\/\/orthodoxalbania.org\/2020\/en\/2006\/02\/26\/cultural-activity-with-kosovar-s-children-to-deepen-the-friendship-july-2006\/#breadcrumb","itemListElement":[{"@type":"ListItem","position":1,"name":"Home","item":"https:\/\/orthodoxalbania.org\/2020\/"},{"@type":"ListItem","position":2,"name":"Cultural activity with Kosovar\u2019s children to deepen the friendship. (July 2006)"}]},{"@type":"WebSite","@id":"https:\/\/orthodoxalbania.org\/2020\/#website","url":"https:\/\/orthodoxalbania.org\/2020\/","name":"Kisha Orthodh\u03bfkse Autoqefale e Shqip\u00ebris\u00eb","description":"Fqja Zyrtare e Kish\u00ebs Orthodhokse Autoqefale e Shqip\u00ebris\u00eb me lajmet edhe informacionet zyrtare p\u00ebr struktur\u00ebn edhe veprimtarin e saj.","publisher":{"@id":"https:\/\/orthodoxalbania.org\/2020\/#organization"},"potentialAction":[{"@type":"SearchAction","target":{"@type":"EntryPoint","urlTemplate":"https:\/\/orthodoxalbania.org\/2020\/?s={search_term_string}"},"query-input":{"@type":"PropertyValueSpecification","valueRequired":true,"valueName":"search_term_string"}}],"inLanguage":"en-US"},{"@type":"Organization","@id":"https:\/\/orthodoxalbania.org\/2020\/#organization","name":"Kisha Orthodhokse Autoqefale e Shqip\u00ebris\u00eb","url":"https:\/\/orthodoxalbania.org\/2020\/","logo":{"@type":"ImageObject","inLanguage":"en-US","@id":"https:\/\/orthodoxalbania.org\/2020\/#\/schema\/logo\/image\/","url":"https:\/\/orthodoxalbania.org\/2020\/wp-content\/uploads\/2020\/05\/albania.jpeg","contentUrl":"https:\/\/orthodoxalbania.org\/2020\/wp-content\/uploads\/2020\/05\/albania.jpeg","width":540,"height":540,"caption":"Kisha Orthodhokse Autoqefale e Shqip\u00ebris\u00eb"},"image":{"@id":"https:\/\/orthodoxalbania.org\/2020\/#\/schema\/logo\/image\/"},"sameAs":["https:\/\/www.facebook.com\/koash1991"]},{"@type":"Person","@id":"https:\/\/orthodoxalbania.org\/2020\/#\/schema\/person\/df745f942b70e045b3dc05a30211f0de","name":"Kisha Orthodhokse","image":{"@type":"ImageObject","inLanguage":"en-US","@id":"https:\/\/secure.gravatar.com\/avatar\/2676eb8d97178435c9f691a7871595a1da6c33542dec218bce40885573150e28?s=96&d=mm&r=g","url":"https:\/\/secure.gravatar.com\/avatar\/2676eb8d97178435c9f691a7871595a1da6c33542dec218bce40885573150e28?s=96&d=mm&r=g","contentUrl":"https:\/\/secure.gravatar.com\/avatar\/2676eb8d97178435c9f691a7871595a1da6c33542dec218bce40885573150e28?s=96&d=mm&r=g","caption":"Kisha Orthodhokse"}}]}},"_links":{"self":[{"href":"https:\/\/orthodoxalbania.org\/2020\/wp-json\/wp\/v2\/posts\/370","targetHints":{"allow":["GET"]}}],"collection":[{"href":"https:\/\/orthodoxalbania.org\/2020\/wp-json\/wp\/v2\/posts"}],"about":[{"href":"https:\/\/orthodoxalbania.org\/2020\/wp-json\/wp\/v2\/types\/post"}],"author":[{"embeddable":true,"href":"https:\/\/orthodoxalbania.org\/2020\/wp-json\/wp\/v2\/users\/7"}],"replies":[{"embeddable":true,"href":"https:\/\/orthodoxalbania.org\/2020\/wp-json\/wp\/v2\/comments?post=370"}],"version-history":[{"count":1,"href":"https:\/\/orthodoxalbania.org\/2020\/wp-json\/wp\/v2\/posts\/370\/revisions"}],"predecessor-version":[{"id":18075,"href":"https:\/\/orthodoxalbania.org\/2020\/wp-json\/wp\/v2\/posts\/370\/revisions\/18075"}],"wp:attachment":[{"href":"https:\/\/orthodoxalbania.org\/2020\/wp-json\/wp\/v2\/media?parent=370"}],"wp:term":[{"taxonomy":"category","embeddable":true,"href":"https:\/\/orthodoxalbania.org\/2020\/wp-json\/wp\/v2\/categories?post=370"},{"taxonomy":"post_tag","embeddable":true,"href":"https:\/\/orthodoxalbania.org\/2020\/wp-json\/wp\/v2\/tags?post=370"}],"curies":[{"name":"wp","href":"https:\/\/api.w.org\/{rel}","templated":true}]}}