{"id":368,"date":"2013-03-21T12:09:56","date_gmt":"2013-03-21T12:09:56","guid":{"rendered":""},"modified":"2020-04-13T00:30:58","modified_gmt":"2020-04-12T22:30:58","slug":"continues-the-tradition-of-summer-camps-for-children-in-kosovo","status":"publish","type":"post","link":"https:\/\/orthodoxalbania.org\/2020\/en\/2013\/03\/21\/continues-the-tradition-of-summer-camps-for-children-in-kosovo\/","title":{"rendered":"Continues the tradition of summer camps for children in Kosovo. (July 2012)"},"content":{"rendered":"<div style=\"text-align: justify;\">\n\t<span style=\"color: #000000;\"><img class=\"lazyload\" decoding=\"async\" alt=\"\" src=\"data:image\/gif;base64,R0lGODlhAQABAAAAACH5BAEKAAEALAAAAAABAAEAAAICTAEAOw==\" data-orig-src=\"https:\/\/lh5.googleusercontent.com\/-Ql4OOOsqAfA\/UA_XHm3PfbI\/AAAAAAAAAl0\/y49S5wM4FqQ\/s720\/1%20.jpg\" style=\"border-width: 1px; border-style: solid; margin: 10px; float: left; width: 280px; height: 158px;\" \/>&nbsp;<span style=\"font-family: tahoma,geneva,sans-serif;\"><span style=\"font-size: 12px;\">&nbsp;&nbsp; The Central Children\u2019s Office of the Orthodox autocephalous Church of Albania, in cooperation with volunteers from the Student Center and the young active Orthodox people of the church, conducted for the eleventh year the summer camps in Malisheva, Kosovo.<\/span><\/span><\/span><\/div>\n<div style=\"text-align: justify;\">\n\t<br \/>\n\t<span style=\"color: #000000;\"><span style=\"font-family: tahoma,geneva,sans-serif;\"><span style=\"font-size: 12px;\">&nbsp;&nbsp;&nbsp; The program, different from other years, coincided in a day to each school with variety of activities. The day began with a welcome by the teaching staff of the respective school, and later they made a presentation about the camp staff, the support and sponsorship that provides the Orthodox Autocephalous Church of Albanian and other donors to develop these camps in Kosovo.<br \/>\n\tThe rest of the program continued with the repeating of the hymns of the camps in the previous years and with games in large groups, and than the children learned the hymn of this year&#8217;s camp that had as central theme sincerity.<\/span><\/span><\/span><\/div>\n<div style=\"text-align: justify;\">\n\t<br \/>\n\t<span style=\"color: #000000;\"><span style=\"font-family: tahoma,geneva,sans-serif;\"><span style=\"font-size: 12px;\">&nbsp;&nbsp;&nbsp;&nbsp; To make more practical and understandable the theme of the camp for all ages, the staff presented a special drama. Children were organized in games with 10 stations, including songs, dances, etc.. Each camp was closed with a cocktail in tribute to friendship and time spent together.<\/span><\/span><\/span><\/div>\n<div style=\"text-align: justify;\">\n\t<br \/>\n\t<span style=\"color: #000000;\"><span style=\"font-family: tahoma,geneva,sans-serif;\"><span style=\"font-size: 12px;\">Children were very happy. Here&#8217;s what some of them said at the end of the activity:<\/span><\/span><\/span><\/div>\n<div style=\"text-align: justify;\">\n\t<br \/>\n\t<span style=\"color: #000000;\"><span style=\"font-family: tahoma,geneva,sans-serif;\"><span style=\"font-size: 12px;\">&nbsp;&nbsp;&nbsp;&nbsp;&nbsp; Elbasani: I loved the camp, but I would like to be longer.<br \/>\n\t&nbsp;&nbsp;&nbsp;&nbsp;&nbsp; Diellza: I liked the game with stations and with your presence in here.<br \/>\n\t&nbsp;&nbsp;&nbsp;&nbsp; Bjeshka: With nostalgia we remember the previous camps and the previous teachers and impatiently we look for the camps that you develop, we learn new things and create the new friendships.<\/span><\/span><\/span><\/div>\n<div style=\"text-align: justify;\">\n\t<br \/>\n\t<span style=\"color: #000000;\"><span style=\"font-family: tahoma,geneva,sans-serif;\"><span style=\"font-size: 12px;\">&nbsp;&nbsp;&nbsp;&nbsp; Marina, participating for the first time in the camps of Kosovo said: &#8220;As the camp continues 11 years, this make me understand a sincere love, sacrifice and a radiant behavior in the Christ way that this staff represents, for the glory of GOD. Also I appreciate the hospitality of the teachers and the adaption of the children quickly to our staff: the love, commitment, excitement of the children to learn something new. They touched our hearts and encouraged us to visit them again. For realization of these camps, special thanks goes to the President of the Municipal Assembly, Isni Kilaj, to the Educational Department in Malisheva and to the directors of the schools for their invitations for the development of these camps.<\/span><\/span><\/span><\/div>\n<p style=\"text-align: center;\">\n\t&nbsp;<\/p>\n<p style=\"text-align: center;\">\n\t<span style=\"color: #000000;\"><img class=\"lazyload\" decoding=\"async\" alt=\"\" src=\"data:image\/gif;base64,R0lGODlhAQABAAAAACH5BAEKAAEALAAAAAABAAEAAAICTAEAOw==\" data-orig-src=\"https:\/\/lh6.googleusercontent.com\/-kZVXIUpsynw\/UA_XH2K7f6I\/AAAAAAAAAl4\/TvUYfm_yTSQ\/s720\/2.jpg\" style=\"border-width: 1px; border-style: solid; margin: 10px;\" \/><\/span><\/p>\n<p style=\"text-align: center;\">\n\t<span style=\"color: #000000;\"><img class=\"lazyload\" decoding=\"async\" alt=\"\" src=\"data:image\/gif;base64,R0lGODlhAQABAAAAACH5BAEKAAEALAAAAAABAAEAAAICTAEAOw==\" data-orig-src=\"https:\/\/lh5.googleusercontent.com\/-7im3telXhy0\/UA_XH3D6IcI\/AAAAAAAAAl8\/UkSy-49ESjo\/s720\/3.jpg\" style=\"border-width: 1px; border-style: solid; margin: 10px;\" \/><\/span><\/p>\n<p style=\"text-align: center;\">\n\t<span style=\"color: #000000;\"><img class=\"lazyload\" decoding=\"async\" alt=\"\" src=\"data:image\/gif;base64,R0lGODlhAQABAAAAACH5BAEKAAEALAAAAAABAAEAAAICTAEAOw==\" data-orig-src=\"https:\/\/lh4.googleusercontent.com\/-gnj-bJfYDCE\/UA_XIXZz20I\/AAAAAAAAAmE\/3IUZYy-dzsQ\/s720\/4.jpg\" style=\"border-width: 1px; border-style: solid; margin: 10px;\" \/><\/span><\/p>\n<p style=\"text-align: center;\">\n\t<span style=\"color: #000000;\"><img class=\"lazyload\" decoding=\"async\" alt=\"\" src=\"data:image\/gif;base64,R0lGODlhAQABAAAAACH5BAEKAAEALAAAAAABAAEAAAICTAEAOw==\" data-orig-src=\"https:\/\/lh6.googleusercontent.com\/-vLt3mo2lUMA\/UA_XI4nzf4I\/AAAAAAAAAmM\/OITV2yrRJA8\/s720\/5.jpg\" style=\"border-width: 1px; border-style: solid; margin: 10px;\" \/><\/span><\/p>\n<p style=\"text-align: center;\">\n\t<span style=\"color: #000000;\"><img class=\"lazyload\" decoding=\"async\" alt=\"\" src=\"data:image\/gif;base64,R0lGODlhAQABAAAAACH5BAEKAAEALAAAAAABAAEAAAICTAEAOw==\" data-orig-src=\"https:\/\/lh3.googleusercontent.com\/-vp_-UiQ1kyE\/UA_XIxGs83I\/AAAAAAAAAmU\/z3HXhja7Xmw\/s720\/6.jpg\" style=\"border-width: 1px; border-style: solid; margin: 10px;\" \/><\/span><\/p>\n<p style=\"text-align: center;\">\n\t<span style=\"color: #000000;\"><img class=\"lazyload\" decoding=\"async\" alt=\"\" src=\"data:image\/gif;base64,R0lGODlhAQABAAAAACH5BAEKAAEALAAAAAABAAEAAAICTAEAOw==\" data-orig-src=\"https:\/\/lh6.googleusercontent.com\/-nlU5e3SvIcA\/UA_XJY_l7MI\/AAAAAAAAAmc\/EPC6fFnBG1k\/s720\/7.jpg\" style=\"border-width: 1px; border-style: solid; margin: 10px;\" \/><br \/>\n\t<img class=\"lazyload\" decoding=\"async\" alt=\"\" src=\"data:image\/gif;base64,R0lGODlhAQABAAAAACH5BAEKAAEALAAAAAABAAEAAAICTAEAOw==\" data-orig-src=\"https:\/\/lh4.googleusercontent.com\/-CnnEOnvIwvw\/UA_XJot2q6I\/AAAAAAAAAmY\/gINSImfvUjU\/s720\/8.jpg\" style=\"border-width: 1px; border-style: solid; margin: 10px;\" \/><\/span><\/p>\n","protected":false},"excerpt":{"rendered":"<p>&nbsp;&nbsp;&nbsp; The Central Children\u2019s Office of the Orthodox autocephalous Church of Albania, in cooperation with volunteers from the Student Center and the young active Orthodox people of the church, conducted for the eleventh year the summer camps in Malisheva, Kosovo. &nbsp;&nbsp;&nbsp; The program, different from other years, coincided in a day to each school with variety of activities. The day began with a welcome by<\/p>\n","protected":false},"author":7,"featured_media":0,"comment_status":"open","ping_status":"open","sticky":false,"template":"","format":"standard","meta":{"_acf_changed":false,"pagelayer_contact_templates":[],"_pagelayer_content":"","inline_featured_image":false,"fifu_image_url":"","fifu_image_alt":"","footnotes":""},"categories":[1455,311],"tags":[1137,1788,1794],"class_list":["post-368","post","type-post","status-publish","format-standard","hentry","category-news-en","category-news-d25","tag-2012-en","tag-kampe-verore-en","tag-rinia-orthodhokse-en"],"acf":[],"yoast_head":"<!-- This site is optimized with the Yoast SEO plugin v27.2 - https:\/\/yoast.com\/product\/yoast-seo-wordpress\/ -->\n<title>Continues the tradition of summer camps for children in Kosovo. (July 2012) - Kisha Orthodh\u03bfkse Autoqefale e Shqip\u00ebris\u00eb<\/title>\n<meta name=\"robots\" content=\"index, follow, max-snippet:-1, max-image-preview:large, max-video-preview:-1\" \/>\n<link rel=\"canonical\" href=\"https:\/\/orthodoxalbania.org\/2020\/en\/2013\/03\/21\/continues-the-tradition-of-summer-camps-for-children-in-kosovo\/\" \/>\n<meta property=\"og:locale\" content=\"en_US\" \/>\n<meta property=\"og:type\" content=\"article\" \/>\n<meta property=\"og:title\" content=\"Continues the tradition of summer camps for children in Kosovo. (July 2012) - Kisha Orthodh\u03bfkse Autoqefale e Shqip\u00ebris\u00eb\" \/>\n<meta property=\"og:description\" content=\"&nbsp;&nbsp;&nbsp; The Central Children\u2019s Office of the Orthodox autocephalous Church of Albania, in cooperation with volunteers from the Student Center and the young active Orthodox people of the church, conducted for the eleventh year the summer camps in Malisheva, Kosovo. &nbsp;&nbsp;&nbsp; The program, different from other years, coincided in a day to each school with variety of activities. The day began with a welcome by\" \/>\n<meta property=\"og:url\" content=\"https:\/\/orthodoxalbania.org\/2020\/en\/2013\/03\/21\/continues-the-tradition-of-summer-camps-for-children-in-kosovo\/\" \/>\n<meta property=\"og:site_name\" content=\"Kisha Orthodh\u03bfkse Autoqefale e Shqip\u00ebris\u00eb\" \/>\n<meta property=\"article:publisher\" content=\"https:\/\/www.facebook.com\/koash1991\" \/>\n<meta property=\"article:published_time\" content=\"2013-03-21T12:09:56+00:00\" \/>\n<meta property=\"article:modified_time\" content=\"2020-04-12T22:30:58+00:00\" \/>\n<meta property=\"og:image\" content=\"https:\/\/lh5.googleusercontent.com\/-Ql4OOOsqAfA\/UA_XHm3PfbI\/AAAAAAAAAl0\/y49S5wM4FqQ\/s720\/1%20.jpg\" \/>\n<meta name=\"author\" content=\"Kisha Orthodhokse\" \/>\n<meta name=\"twitter:card\" content=\"summary_large_image\" \/>\n<meta name=\"twitter:label1\" content=\"Written by\" \/>\n\t<meta name=\"twitter:data1\" content=\"Kisha Orthodhokse\" \/>\n\t<meta name=\"twitter:label2\" content=\"Est. reading time\" \/>\n\t<meta name=\"twitter:data2\" content=\"2 minutes\" \/>\n<script type=\"application\/ld+json\" class=\"yoast-schema-graph\">{\"@context\":\"https:\/\/schema.org\",\"@graph\":[{\"@type\":\"Article\",\"@id\":\"https:\/\/orthodoxalbania.org\/2020\/en\/2013\/03\/21\/continues-the-tradition-of-summer-camps-for-children-in-kosovo\/#article\",\"isPartOf\":{\"@id\":\"https:\/\/orthodoxalbania.org\/2020\/en\/2013\/03\/21\/continues-the-tradition-of-summer-camps-for-children-in-kosovo\/\"},\"author\":{\"name\":\"Kisha Orthodhokse\",\"@id\":\"https:\/\/orthodoxalbania.org\/2020\/#\/schema\/person\/df745f942b70e045b3dc05a30211f0de\"},\"headline\":\"Continues the tradition of summer camps for children in Kosovo. (July 2012)\",\"datePublished\":\"2013-03-21T12:09:56+00:00\",\"dateModified\":\"2020-04-12T22:30:58+00:00\",\"mainEntityOfPage\":{\"@id\":\"https:\/\/orthodoxalbania.org\/2020\/en\/2013\/03\/21\/continues-the-tradition-of-summer-camps-for-children-in-kosovo\/\"},\"wordCount\":423,\"commentCount\":0,\"publisher\":{\"@id\":\"https:\/\/orthodoxalbania.org\/2020\/#organization\"},\"image\":{\"@id\":\"https:\/\/orthodoxalbania.org\/2020\/en\/2013\/03\/21\/continues-the-tradition-of-summer-camps-for-children-in-kosovo\/#primaryimage\"},\"thumbnailUrl\":\"https:\/\/lh5.googleusercontent.com\/-Ql4OOOsqAfA\/UA_XHm3PfbI\/AAAAAAAAAl0\/y49S5wM4FqQ\/s720\/1%20.jpg\",\"keywords\":[\"2012\",\"Kampe verore\",\"Rinia Orthodhokse\"],\"articleSection\":[\"News - \u0395\u039d\",\"News old page\"],\"inLanguage\":\"en-US\"},{\"@type\":\"WebPage\",\"@id\":\"https:\/\/orthodoxalbania.org\/2020\/en\/2013\/03\/21\/continues-the-tradition-of-summer-camps-for-children-in-kosovo\/\",\"url\":\"https:\/\/orthodoxalbania.org\/2020\/en\/2013\/03\/21\/continues-the-tradition-of-summer-camps-for-children-in-kosovo\/\",\"name\":\"Continues the tradition of summer camps for children in Kosovo. (July 2012) - Kisha Orthodh\u03bfkse Autoqefale e Shqip\u00ebris\u00eb\",\"isPartOf\":{\"@id\":\"https:\/\/orthodoxalbania.org\/2020\/#website\"},\"primaryImageOfPage\":{\"@id\":\"https:\/\/orthodoxalbania.org\/2020\/en\/2013\/03\/21\/continues-the-tradition-of-summer-camps-for-children-in-kosovo\/#primaryimage\"},\"image\":{\"@id\":\"https:\/\/orthodoxalbania.org\/2020\/en\/2013\/03\/21\/continues-the-tradition-of-summer-camps-for-children-in-kosovo\/#primaryimage\"},\"thumbnailUrl\":\"https:\/\/lh5.googleusercontent.com\/-Ql4OOOsqAfA\/UA_XHm3PfbI\/AAAAAAAAAl0\/y49S5wM4FqQ\/s720\/1%20.jpg\",\"datePublished\":\"2013-03-21T12:09:56+00:00\",\"dateModified\":\"2020-04-12T22:30:58+00:00\",\"breadcrumb\":{\"@id\":\"https:\/\/orthodoxalbania.org\/2020\/en\/2013\/03\/21\/continues-the-tradition-of-summer-camps-for-children-in-kosovo\/#breadcrumb\"},\"inLanguage\":\"en-US\",\"potentialAction\":[{\"@type\":\"ReadAction\",\"target\":[\"https:\/\/orthodoxalbania.org\/2020\/en\/2013\/03\/21\/continues-the-tradition-of-summer-camps-for-children-in-kosovo\/\"]}]},{\"@type\":\"ImageObject\",\"inLanguage\":\"en-US\",\"@id\":\"https:\/\/orthodoxalbania.org\/2020\/en\/2013\/03\/21\/continues-the-tradition-of-summer-camps-for-children-in-kosovo\/#primaryimage\",\"url\":\"https:\/\/lh5.googleusercontent.com\/-Ql4OOOsqAfA\/UA_XHm3PfbI\/AAAAAAAAAl0\/y49S5wM4FqQ\/s720\/1%20.jpg\",\"contentUrl\":\"https:\/\/lh5.googleusercontent.com\/-Ql4OOOsqAfA\/UA_XHm3PfbI\/AAAAAAAAAl0\/y49S5wM4FqQ\/s720\/1%20.jpg\"},{\"@type\":\"BreadcrumbList\",\"@id\":\"https:\/\/orthodoxalbania.org\/2020\/en\/2013\/03\/21\/continues-the-tradition-of-summer-camps-for-children-in-kosovo\/#breadcrumb\",\"itemListElement\":[{\"@type\":\"ListItem\",\"position\":1,\"name\":\"Home\",\"item\":\"https:\/\/orthodoxalbania.org\/2020\/\"},{\"@type\":\"ListItem\",\"position\":2,\"name\":\"Continues the tradition of summer camps for children in Kosovo. (July 2012)\"}]},{\"@type\":\"WebSite\",\"@id\":\"https:\/\/orthodoxalbania.org\/2020\/#website\",\"url\":\"https:\/\/orthodoxalbania.org\/2020\/\",\"name\":\"Kisha Orthodh\u03bfkse Autoqefale e Shqip\u00ebris\u00eb\",\"description\":\"Fqja Zyrtare e Kish\u00ebs Orthodhokse Autoqefale e Shqip\u00ebris\u00eb me lajmet edhe informacionet zyrtare p\u00ebr struktur\u00ebn edhe veprimtarin e saj.\",\"publisher\":{\"@id\":\"https:\/\/orthodoxalbania.org\/2020\/#organization\"},\"potentialAction\":[{\"@type\":\"SearchAction\",\"target\":{\"@type\":\"EntryPoint\",\"urlTemplate\":\"https:\/\/orthodoxalbania.org\/2020\/?s={search_term_string}\"},\"query-input\":{\"@type\":\"PropertyValueSpecification\",\"valueRequired\":true,\"valueName\":\"search_term_string\"}}],\"inLanguage\":\"en-US\"},{\"@type\":\"Organization\",\"@id\":\"https:\/\/orthodoxalbania.org\/2020\/#organization\",\"name\":\"Kisha Orthodhokse Autoqefale e Shqip\u00ebris\u00eb\",\"url\":\"https:\/\/orthodoxalbania.org\/2020\/\",\"logo\":{\"@type\":\"ImageObject\",\"inLanguage\":\"en-US\",\"@id\":\"https:\/\/orthodoxalbania.org\/2020\/#\/schema\/logo\/image\/\",\"url\":\"https:\/\/orthodoxalbania.org\/2020\/wp-content\/uploads\/2020\/05\/albania.jpeg\",\"contentUrl\":\"https:\/\/orthodoxalbania.org\/2020\/wp-content\/uploads\/2020\/05\/albania.jpeg\",\"width\":540,\"height\":540,\"caption\":\"Kisha Orthodhokse Autoqefale e Shqip\u00ebris\u00eb\"},\"image\":{\"@id\":\"https:\/\/orthodoxalbania.org\/2020\/#\/schema\/logo\/image\/\"},\"sameAs\":[\"https:\/\/www.facebook.com\/koash1991\"]},{\"@type\":\"Person\",\"@id\":\"https:\/\/orthodoxalbania.org\/2020\/#\/schema\/person\/df745f942b70e045b3dc05a30211f0de\",\"name\":\"Kisha Orthodhokse\",\"image\":{\"@type\":\"ImageObject\",\"inLanguage\":\"en-US\",\"@id\":\"https:\/\/secure.gravatar.com\/avatar\/2676eb8d97178435c9f691a7871595a1da6c33542dec218bce40885573150e28?s=96&d=mm&r=g\",\"url\":\"https:\/\/secure.gravatar.com\/avatar\/2676eb8d97178435c9f691a7871595a1da6c33542dec218bce40885573150e28?s=96&d=mm&r=g\",\"contentUrl\":\"https:\/\/secure.gravatar.com\/avatar\/2676eb8d97178435c9f691a7871595a1da6c33542dec218bce40885573150e28?s=96&d=mm&r=g\",\"caption\":\"Kisha Orthodhokse\"}}]}<\/script>\n<!-- \/ Yoast SEO plugin. -->","yoast_head_json":{"title":"Continues the tradition of summer camps for children in Kosovo. (July 2012) - Kisha Orthodh\u03bfkse Autoqefale e Shqip\u00ebris\u00eb","robots":{"index":"index","follow":"follow","max-snippet":"max-snippet:-1","max-image-preview":"max-image-preview:large","max-video-preview":"max-video-preview:-1"},"canonical":"https:\/\/orthodoxalbania.org\/2020\/en\/2013\/03\/21\/continues-the-tradition-of-summer-camps-for-children-in-kosovo\/","og_locale":"en_US","og_type":"article","og_title":"Continues the tradition of summer camps for children in Kosovo. (July 2012) - Kisha Orthodh\u03bfkse Autoqefale e Shqip\u00ebris\u00eb","og_description":"&nbsp;&nbsp;&nbsp; The Central Children\u2019s Office of the Orthodox autocephalous Church of Albania, in cooperation with volunteers from the Student Center and the young active Orthodox people of the church, conducted for the eleventh year the summer camps in Malisheva, Kosovo. &nbsp;&nbsp;&nbsp; The program, different from other years, coincided in a day to each school with variety of activities. The day began with a welcome by","og_url":"https:\/\/orthodoxalbania.org\/2020\/en\/2013\/03\/21\/continues-the-tradition-of-summer-camps-for-children-in-kosovo\/","og_site_name":"Kisha Orthodh\u03bfkse Autoqefale e Shqip\u00ebris\u00eb","article_publisher":"https:\/\/www.facebook.com\/koash1991","article_published_time":"2013-03-21T12:09:56+00:00","article_modified_time":"2020-04-12T22:30:58+00:00","og_image":[{"url":"https:\/\/lh5.googleusercontent.com\/-Ql4OOOsqAfA\/UA_XHm3PfbI\/AAAAAAAAAl0\/y49S5wM4FqQ\/s720\/1%20.jpg","type":"","width":"","height":""}],"author":"Kisha Orthodhokse","twitter_card":"summary_large_image","twitter_misc":{"Written by":"Kisha Orthodhokse","Est. reading time":"2 minutes"},"schema":{"@context":"https:\/\/schema.org","@graph":[{"@type":"Article","@id":"https:\/\/orthodoxalbania.org\/2020\/en\/2013\/03\/21\/continues-the-tradition-of-summer-camps-for-children-in-kosovo\/#article","isPartOf":{"@id":"https:\/\/orthodoxalbania.org\/2020\/en\/2013\/03\/21\/continues-the-tradition-of-summer-camps-for-children-in-kosovo\/"},"author":{"name":"Kisha Orthodhokse","@id":"https:\/\/orthodoxalbania.org\/2020\/#\/schema\/person\/df745f942b70e045b3dc05a30211f0de"},"headline":"Continues the tradition of summer camps for children in Kosovo. (July 2012)","datePublished":"2013-03-21T12:09:56+00:00","dateModified":"2020-04-12T22:30:58+00:00","mainEntityOfPage":{"@id":"https:\/\/orthodoxalbania.org\/2020\/en\/2013\/03\/21\/continues-the-tradition-of-summer-camps-for-children-in-kosovo\/"},"wordCount":423,"commentCount":0,"publisher":{"@id":"https:\/\/orthodoxalbania.org\/2020\/#organization"},"image":{"@id":"https:\/\/orthodoxalbania.org\/2020\/en\/2013\/03\/21\/continues-the-tradition-of-summer-camps-for-children-in-kosovo\/#primaryimage"},"thumbnailUrl":"https:\/\/lh5.googleusercontent.com\/-Ql4OOOsqAfA\/UA_XHm3PfbI\/AAAAAAAAAl0\/y49S5wM4FqQ\/s720\/1%20.jpg","keywords":["2012","Kampe verore","Rinia Orthodhokse"],"articleSection":["News - \u0395\u039d","News old page"],"inLanguage":"en-US"},{"@type":"WebPage","@id":"https:\/\/orthodoxalbania.org\/2020\/en\/2013\/03\/21\/continues-the-tradition-of-summer-camps-for-children-in-kosovo\/","url":"https:\/\/orthodoxalbania.org\/2020\/en\/2013\/03\/21\/continues-the-tradition-of-summer-camps-for-children-in-kosovo\/","name":"Continues the tradition of summer camps for children in Kosovo. (July 2012) - Kisha Orthodh\u03bfkse Autoqefale e Shqip\u00ebris\u00eb","isPartOf":{"@id":"https:\/\/orthodoxalbania.org\/2020\/#website"},"primaryImageOfPage":{"@id":"https:\/\/orthodoxalbania.org\/2020\/en\/2013\/03\/21\/continues-the-tradition-of-summer-camps-for-children-in-kosovo\/#primaryimage"},"image":{"@id":"https:\/\/orthodoxalbania.org\/2020\/en\/2013\/03\/21\/continues-the-tradition-of-summer-camps-for-children-in-kosovo\/#primaryimage"},"thumbnailUrl":"https:\/\/lh5.googleusercontent.com\/-Ql4OOOsqAfA\/UA_XHm3PfbI\/AAAAAAAAAl0\/y49S5wM4FqQ\/s720\/1%20.jpg","datePublished":"2013-03-21T12:09:56+00:00","dateModified":"2020-04-12T22:30:58+00:00","breadcrumb":{"@id":"https:\/\/orthodoxalbania.org\/2020\/en\/2013\/03\/21\/continues-the-tradition-of-summer-camps-for-children-in-kosovo\/#breadcrumb"},"inLanguage":"en-US","potentialAction":[{"@type":"ReadAction","target":["https:\/\/orthodoxalbania.org\/2020\/en\/2013\/03\/21\/continues-the-tradition-of-summer-camps-for-children-in-kosovo\/"]}]},{"@type":"ImageObject","inLanguage":"en-US","@id":"https:\/\/orthodoxalbania.org\/2020\/en\/2013\/03\/21\/continues-the-tradition-of-summer-camps-for-children-in-kosovo\/#primaryimage","url":"https:\/\/lh5.googleusercontent.com\/-Ql4OOOsqAfA\/UA_XHm3PfbI\/AAAAAAAAAl0\/y49S5wM4FqQ\/s720\/1%20.jpg","contentUrl":"https:\/\/lh5.googleusercontent.com\/-Ql4OOOsqAfA\/UA_XHm3PfbI\/AAAAAAAAAl0\/y49S5wM4FqQ\/s720\/1%20.jpg"},{"@type":"BreadcrumbList","@id":"https:\/\/orthodoxalbania.org\/2020\/en\/2013\/03\/21\/continues-the-tradition-of-summer-camps-for-children-in-kosovo\/#breadcrumb","itemListElement":[{"@type":"ListItem","position":1,"name":"Home","item":"https:\/\/orthodoxalbania.org\/2020\/"},{"@type":"ListItem","position":2,"name":"Continues the tradition of summer camps for children in Kosovo. (July 2012)"}]},{"@type":"WebSite","@id":"https:\/\/orthodoxalbania.org\/2020\/#website","url":"https:\/\/orthodoxalbania.org\/2020\/","name":"Kisha Orthodh\u03bfkse Autoqefale e Shqip\u00ebris\u00eb","description":"Fqja Zyrtare e Kish\u00ebs Orthodhokse Autoqefale e Shqip\u00ebris\u00eb me lajmet edhe informacionet zyrtare p\u00ebr struktur\u00ebn edhe veprimtarin e saj.","publisher":{"@id":"https:\/\/orthodoxalbania.org\/2020\/#organization"},"potentialAction":[{"@type":"SearchAction","target":{"@type":"EntryPoint","urlTemplate":"https:\/\/orthodoxalbania.org\/2020\/?s={search_term_string}"},"query-input":{"@type":"PropertyValueSpecification","valueRequired":true,"valueName":"search_term_string"}}],"inLanguage":"en-US"},{"@type":"Organization","@id":"https:\/\/orthodoxalbania.org\/2020\/#organization","name":"Kisha Orthodhokse Autoqefale e Shqip\u00ebris\u00eb","url":"https:\/\/orthodoxalbania.org\/2020\/","logo":{"@type":"ImageObject","inLanguage":"en-US","@id":"https:\/\/orthodoxalbania.org\/2020\/#\/schema\/logo\/image\/","url":"https:\/\/orthodoxalbania.org\/2020\/wp-content\/uploads\/2020\/05\/albania.jpeg","contentUrl":"https:\/\/orthodoxalbania.org\/2020\/wp-content\/uploads\/2020\/05\/albania.jpeg","width":540,"height":540,"caption":"Kisha Orthodhokse Autoqefale e Shqip\u00ebris\u00eb"},"image":{"@id":"https:\/\/orthodoxalbania.org\/2020\/#\/schema\/logo\/image\/"},"sameAs":["https:\/\/www.facebook.com\/koash1991"]},{"@type":"Person","@id":"https:\/\/orthodoxalbania.org\/2020\/#\/schema\/person\/df745f942b70e045b3dc05a30211f0de","name":"Kisha Orthodhokse","image":{"@type":"ImageObject","inLanguage":"en-US","@id":"https:\/\/secure.gravatar.com\/avatar\/2676eb8d97178435c9f691a7871595a1da6c33542dec218bce40885573150e28?s=96&d=mm&r=g","url":"https:\/\/secure.gravatar.com\/avatar\/2676eb8d97178435c9f691a7871595a1da6c33542dec218bce40885573150e28?s=96&d=mm&r=g","contentUrl":"https:\/\/secure.gravatar.com\/avatar\/2676eb8d97178435c9f691a7871595a1da6c33542dec218bce40885573150e28?s=96&d=mm&r=g","caption":"Kisha Orthodhokse"}}]}},"_links":{"self":[{"href":"https:\/\/orthodoxalbania.org\/2020\/wp-json\/wp\/v2\/posts\/368","targetHints":{"allow":["GET"]}}],"collection":[{"href":"https:\/\/orthodoxalbania.org\/2020\/wp-json\/wp\/v2\/posts"}],"about":[{"href":"https:\/\/orthodoxalbania.org\/2020\/wp-json\/wp\/v2\/types\/post"}],"author":[{"embeddable":true,"href":"https:\/\/orthodoxalbania.org\/2020\/wp-json\/wp\/v2\/users\/7"}],"replies":[{"embeddable":true,"href":"https:\/\/orthodoxalbania.org\/2020\/wp-json\/wp\/v2\/comments?post=368"}],"version-history":[{"count":1,"href":"https:\/\/orthodoxalbania.org\/2020\/wp-json\/wp\/v2\/posts\/368\/revisions"}],"predecessor-version":[{"id":17736,"href":"https:\/\/orthodoxalbania.org\/2020\/wp-json\/wp\/v2\/posts\/368\/revisions\/17736"}],"wp:attachment":[{"href":"https:\/\/orthodoxalbania.org\/2020\/wp-json\/wp\/v2\/media?parent=368"}],"wp:term":[{"taxonomy":"category","embeddable":true,"href":"https:\/\/orthodoxalbania.org\/2020\/wp-json\/wp\/v2\/categories?post=368"},{"taxonomy":"post_tag","embeddable":true,"href":"https:\/\/orthodoxalbania.org\/2020\/wp-json\/wp\/v2\/tags?post=368"}],"curies":[{"name":"wp","href":"https:\/\/api.w.org\/{rel}","templated":true}]}}