{"id":366,"date":"2009-03-19T00:00:05","date_gmt":"2009-03-19T00:00:05","guid":{"rendered":""},"modified":"2020-04-13T00:31:17","modified_gmt":"2020-04-12T22:31:17","slug":"conference-of-european-churches-office-of-communications-2009","status":"publish","type":"post","link":"https:\/\/orthodoxalbania.org\/2020\/en\/2009\/03\/19\/conference-of-european-churches-office-of-communications-2009\/","title":{"rendered":"Conference of European Churches &#8211; Office of Communications. (February 2009)"},"content":{"rendered":"<div><span style=\"font-family: tahoma,geneva,sans-serif;\"><span style=\"font-size: 12px;\"><span style=\"color: #000000;\"><img decoding=\"async\" class=\"lazyload HAa Eha\" style=\"border-width: 1px; border-style: solid; margin: 10px auto; display: block;\" alt=\"\" src=\"data:image\/gif;base64,R0lGODlhAQABAAAAACH5BAEKAAEALAAAAAABAAEAAAICTAEAOw==\" data-orig-src=\"https:\/\/lh4.googleusercontent.com\/-YfYwArrUDns\/VJK8tugfRjI\/AAAAAAAAIlg\/s7aTeli3gdA\/w564-h114-no\/CEC_clip_image002.jpg\" \/><\/span><\/span><\/span><\/div>\n<div style=\"text-align: center;\">&nbsp;<\/div>\n<div class=\"Teksti\" style=\"text-align: center;\"><span style=\"font-family: tahoma,geneva,sans-serif;\"><span style=\"font-size: 12px;\"><span style=\"color: #000000;\"><strong>Conference of European Churches &#8211; Office of Communications<\/strong><\/span><\/span><\/span><\/div>\n<div class=\"Teksti\" style=\"text-align: center;\">&nbsp;<\/div>\n<div style=\"text-align: center;\">\n<table style=\"margin-right: auto; margin-left: auto;\">\n<tbody>\n<tr>\n<td class=\"Teksti\">\n<div><span style=\"font-family: tahoma,geneva,sans-serif;\"><span style=\"font-size: 12px;\"><span style=\"color: #000000;\">Press release No. 09-05\/e&nbsp; <br \/><\/span><\/span><\/span><\/div>\n<\/td>\n<td>\n<div class=\"Teksti\"><span style=\"font-family: tahoma,geneva,sans-serif;\"><span style=\"font-size: 12px;\"><span style=\"color: #000000;\">Geneva, 11 February 2009<\/span><\/span><\/span><\/div>\n<\/td>\n<\/tr>\n<\/tbody>\n<\/table>\n<\/div>\n<div class=\"Teksti\" style=\"text-align: center;\">&nbsp;<\/div>\n<div class=\"Teksti\" style=\"text-align: center;\"><span style=\"font-family: tahoma,geneva,sans-serif;\"><span style=\"font-size: 12px;\"><span style=\"color: #000000;\"><strong>Presidium of CEC appeals for return of sacred places in Albania<\/strong><\/span><\/span><\/span><\/div>\n<div class=\"Teksti\">&nbsp;<\/div>\n<div class=\"Teksti\">&nbsp;<\/div>\n<div class=\"Teksti\" style=\"text-align: justify;\"> <span style=\"font-family: tahoma,geneva,sans-serif;\"><span style=\"font-size: 12px;\"><span style=\"color: #000000;\"><em>&nbsp;&nbsp;&nbsp; The Presidium of the Conference of European Churches (CEC) approved yesterday the following statement on appeal for return of sacred places in Albania:<\/em><\/p>\n<p> &nbsp;&nbsp;&nbsp; The Presidium of the Conference of European Churches (CEC), meeting 8th \u2013 10th February 2009 at the new St Vlassios Monastery, Durr\u00ebs, Tirana, Albania and hosted by the Vice-President of CEC, His Beatitude Archbishop Anastasios of Tirana and All Albania, is grateful for the opportunity to discover the church developments of the past 18 years. With joy it thanks God for the resurrection of the Orthodox Autocephalous Church of Albania since the ending of communism in 1991.<\/p>\n<p> &nbsp;&nbsp;&nbsp; The Presidium recognises the development of a democratic society in Albania, and the freedom of religion that this now affords all people. It is thankful for the opportunity to learn about the freedom to worship, about developments in education and medical services, about the renovation of church buildings and monasteries.<\/p>\n<p> &nbsp;&nbsp;&nbsp; The Presidium was happy to be informed about the official agreements of the Government with religious communities and the acknowledgement of the public role of religion in society, according to the 1998 Albanian Constitution.<\/p>\n<p> &nbsp;&nbsp;&nbsp; Nevertheless, the Presidium expresses its concern that much of the property confiscated under communism, after eighteen years of democracy, has still to be returned to the churches and other religious communities. It urges the Albanian Government to give serious attention to the return of this property to its rightful owners.<\/p>\n<p> &nbsp;&nbsp;&nbsp; The Presidium asks the Government to reconsider, without delay, the return of all sacred places \u2013 monasteries, churches, mosques, tekes(1) &#8211; with all their associated land, according to the evidence that exists in the relevant and official protocols of the time of the confiscation.<\/p>\n<p> _______________________<br \/> (1) Tekes = Bektashi places of worship<br \/> <em>The final press release from the CEC Presidium meeting will be issued on 12 February<\/em>.<\/span><\/span><\/span><\/div>\n<div class=\"Teksti\">&nbsp;<\/div>\n<div class=\"Teksti\" style=\"text-align: center;\"><span style=\"color: #b22222;\"><span style=\"font-family: tahoma,geneva,sans-serif;\"><span style=\"font-size: 12px;\"><strong><span class=\"A\">* * * *<\/span><\/strong><\/span><\/span><\/span><\/div>\n<div class=\"Teksti\"> <span style=\"font-family: tahoma,geneva,sans-serif;\"><span style=\"font-size: 12px;\"><span style=\"color: #000000;\"><em>&nbsp;&nbsp; The Conference of European Churches (CEC) is a fellowship of some 120 Orthodox, Protestant, Anglican and Old Catholic Churches from all countries of Europe, plus 40 associated organisations. CEC was founded in 1959. It has offices in Geneva, Brussels and Strasbourg.<\/em><\/span><\/span><\/span><\/div>\n<div> <span style=\"font-family: tahoma,geneva,sans-serif;\"><span style=\"font-size: 12px;\"><span style=\"color: #000000;\"><strong>For more information:<\/strong><\/span><\/span><\/span><\/div>\n<div> <span style=\"font-family: tahoma,geneva,sans-serif;\"><span style=\"font-size: 12px;\"><span style=\"color: #000000;\"><strong>Luca Negro<br \/> CEC Secretary for Communications and Information<br \/> Phone +41 22 791 64 85 or 791 63 25<br \/> Mobile: +41 078 870 8117<br \/> Fax +41 22 791 62 27<br \/> e-mail: <\/strong><\/span><span style=\"color: #b22222;\"><strong><a href=\"&#x6d;&#97;i&#x6c;&#116;o&#x3a;&#76;u&#x63;&#97;&#46;&#x4e;&#101;g&#x72;&#111;&#64;&#x63;&#101;c&#x2d;&#107;e&#x6b;&#46;o&#x72;&#103;\" target=\"_blank\" rel=\"noopener noreferrer\">&#x4c;&#117;c&#x61;&#x2e;&#78;e&#x67;&#x72;&#111;&#64;&#x63;&#x65;&#99;-&#x6b;&#x65;&#107;&#46;&#x6f;&#114;&#103;<\/a><\/strong><\/span><\/span><\/span><\/div>\n","protected":false},"excerpt":{"rendered":"<p>&nbsp; Conference of European Churches &#8211; Office of Communications &nbsp; Press release No. 09-05\/e&nbsp; Geneva, 11 February 2009 &nbsp; Presidium of CEC appeals for return of sacred places in Albania &nbsp; &nbsp; &nbsp;&nbsp;&nbsp; The Presidium of the Conference of European Churches (CEC) approved yesterday the following statement on appeal for return of sacred places in Albania: &nbsp;&nbsp;&nbsp; The Presidium of the Conference of European Churches<\/p>\n","protected":false},"author":7,"featured_media":0,"comment_status":"open","ping_status":"open","sticky":false,"template":"","format":"standard","meta":{"_acf_changed":false,"pagelayer_contact_templates":[],"_pagelayer_content":"","inline_featured_image":false,"fifu_image_url":"","fifu_image_alt":"","footnotes":""},"categories":[1455,311],"tags":[1125,1233],"class_list":["post-366","post","type-post","status-publish","format-standard","hentry","category-news-en","category-news-d25","tag-2009-en","tag-declarations-official-announcements"],"acf":[],"yoast_head":"<!-- This site is optimized with the Yoast SEO plugin v27.2 - https:\/\/yoast.com\/product\/yoast-seo-wordpress\/ -->\n<title>Conference of European Churches - Office of Communications. (February 2009) - Kisha Orthodh\u03bfkse Autoqefale e Shqip\u00ebris\u00eb<\/title>\n<meta name=\"robots\" content=\"index, follow, max-snippet:-1, max-image-preview:large, max-video-preview:-1\" \/>\n<link rel=\"canonical\" href=\"https:\/\/orthodoxalbania.org\/2020\/en\/2009\/03\/19\/conference-of-european-churches-office-of-communications-2009\/\" \/>\n<meta property=\"og:locale\" content=\"en_US\" \/>\n<meta property=\"og:type\" content=\"article\" \/>\n<meta property=\"og:title\" content=\"Conference of European Churches - Office of Communications. (February 2009) - Kisha Orthodh\u03bfkse Autoqefale e Shqip\u00ebris\u00eb\" \/>\n<meta property=\"og:description\" content=\"&nbsp; Conference of European Churches &#8211; Office of Communications &nbsp; Press release No. 09-05\/e&nbsp; Geneva, 11 February 2009 &nbsp; Presidium of CEC appeals for return of sacred places in Albania &nbsp; &nbsp; &nbsp;&nbsp;&nbsp; The Presidium of the Conference of European Churches (CEC) approved yesterday the following statement on appeal for return of sacred places in Albania: &nbsp;&nbsp;&nbsp; The Presidium of the Conference of European Churches\" \/>\n<meta property=\"og:url\" content=\"https:\/\/orthodoxalbania.org\/2020\/en\/2009\/03\/19\/conference-of-european-churches-office-of-communications-2009\/\" \/>\n<meta property=\"og:site_name\" content=\"Kisha Orthodh\u03bfkse Autoqefale e Shqip\u00ebris\u00eb\" \/>\n<meta property=\"article:publisher\" content=\"https:\/\/www.facebook.com\/koash1991\" \/>\n<meta property=\"article:published_time\" content=\"2009-03-19T00:00:05+00:00\" \/>\n<meta property=\"article:modified_time\" content=\"2020-04-12T22:31:17+00:00\" \/>\n<meta property=\"og:image\" content=\"https:\/\/lh4.googleusercontent.com\/-YfYwArrUDns\/VJK8tugfRjI\/AAAAAAAAIlg\/s7aTeli3gdA\/w564-h114-no\/CEC_clip_image002.jpg\" \/>\n<meta name=\"author\" content=\"Kisha Orthodhokse\" \/>\n<meta name=\"twitter:card\" content=\"summary_large_image\" \/>\n<meta name=\"twitter:label1\" content=\"Written by\" \/>\n\t<meta name=\"twitter:data1\" content=\"Kisha Orthodhokse\" \/>\n\t<meta name=\"twitter:label2\" content=\"Est. reading time\" \/>\n\t<meta name=\"twitter:data2\" content=\"2 minutes\" \/>\n<script type=\"application\/ld+json\" class=\"yoast-schema-graph\">{\"@context\":\"https:\/\/schema.org\",\"@graph\":[{\"@type\":\"Article\",\"@id\":\"https:\/\/orthodoxalbania.org\/2020\/en\/2009\/03\/19\/conference-of-european-churches-office-of-communications-2009\/#article\",\"isPartOf\":{\"@id\":\"https:\/\/orthodoxalbania.org\/2020\/en\/2009\/03\/19\/conference-of-european-churches-office-of-communications-2009\/\"},\"author\":{\"name\":\"Kisha Orthodhokse\",\"@id\":\"https:\/\/orthodoxalbania.org\/2020\/#\/schema\/person\/df745f942b70e045b3dc05a30211f0de\"},\"headline\":\"Conference of European Churches &#8211; Office of Communications. (February 2009)\",\"datePublished\":\"2009-03-19T00:00:05+00:00\",\"dateModified\":\"2020-04-12T22:31:17+00:00\",\"mainEntityOfPage\":{\"@id\":\"https:\/\/orthodoxalbania.org\/2020\/en\/2009\/03\/19\/conference-of-european-churches-office-of-communications-2009\/\"},\"wordCount\":412,\"commentCount\":0,\"publisher\":{\"@id\":\"https:\/\/orthodoxalbania.org\/2020\/#organization\"},\"image\":{\"@id\":\"https:\/\/orthodoxalbania.org\/2020\/en\/2009\/03\/19\/conference-of-european-churches-office-of-communications-2009\/#primaryimage\"},\"thumbnailUrl\":\"https:\/\/lh4.googleusercontent.com\/-YfYwArrUDns\/VJK8tugfRjI\/AAAAAAAAIlg\/s7aTeli3gdA\/w564-h114-no\/CEC_clip_image002.jpg\",\"keywords\":[\"2009\",\"Declarations - Official Announcements\"],\"articleSection\":[\"News - \u0395\u039d\",\"News old page\"],\"inLanguage\":\"en-US\"},{\"@type\":\"WebPage\",\"@id\":\"https:\/\/orthodoxalbania.org\/2020\/en\/2009\/03\/19\/conference-of-european-churches-office-of-communications-2009\/\",\"url\":\"https:\/\/orthodoxalbania.org\/2020\/en\/2009\/03\/19\/conference-of-european-churches-office-of-communications-2009\/\",\"name\":\"Conference of European Churches - Office of Communications. (February 2009) - Kisha Orthodh\u03bfkse Autoqefale e Shqip\u00ebris\u00eb\",\"isPartOf\":{\"@id\":\"https:\/\/orthodoxalbania.org\/2020\/#website\"},\"primaryImageOfPage\":{\"@id\":\"https:\/\/orthodoxalbania.org\/2020\/en\/2009\/03\/19\/conference-of-european-churches-office-of-communications-2009\/#primaryimage\"},\"image\":{\"@id\":\"https:\/\/orthodoxalbania.org\/2020\/en\/2009\/03\/19\/conference-of-european-churches-office-of-communications-2009\/#primaryimage\"},\"thumbnailUrl\":\"https:\/\/lh4.googleusercontent.com\/-YfYwArrUDns\/VJK8tugfRjI\/AAAAAAAAIlg\/s7aTeli3gdA\/w564-h114-no\/CEC_clip_image002.jpg\",\"datePublished\":\"2009-03-19T00:00:05+00:00\",\"dateModified\":\"2020-04-12T22:31:17+00:00\",\"breadcrumb\":{\"@id\":\"https:\/\/orthodoxalbania.org\/2020\/en\/2009\/03\/19\/conference-of-european-churches-office-of-communications-2009\/#breadcrumb\"},\"inLanguage\":\"en-US\",\"potentialAction\":[{\"@type\":\"ReadAction\",\"target\":[\"https:\/\/orthodoxalbania.org\/2020\/en\/2009\/03\/19\/conference-of-european-churches-office-of-communications-2009\/\"]}]},{\"@type\":\"ImageObject\",\"inLanguage\":\"en-US\",\"@id\":\"https:\/\/orthodoxalbania.org\/2020\/en\/2009\/03\/19\/conference-of-european-churches-office-of-communications-2009\/#primaryimage\",\"url\":\"https:\/\/lh4.googleusercontent.com\/-YfYwArrUDns\/VJK8tugfRjI\/AAAAAAAAIlg\/s7aTeli3gdA\/w564-h114-no\/CEC_clip_image002.jpg\",\"contentUrl\":\"https:\/\/lh4.googleusercontent.com\/-YfYwArrUDns\/VJK8tugfRjI\/AAAAAAAAIlg\/s7aTeli3gdA\/w564-h114-no\/CEC_clip_image002.jpg\"},{\"@type\":\"BreadcrumbList\",\"@id\":\"https:\/\/orthodoxalbania.org\/2020\/en\/2009\/03\/19\/conference-of-european-churches-office-of-communications-2009\/#breadcrumb\",\"itemListElement\":[{\"@type\":\"ListItem\",\"position\":1,\"name\":\"Home\",\"item\":\"https:\/\/orthodoxalbania.org\/2020\/\"},{\"@type\":\"ListItem\",\"position\":2,\"name\":\"Conference of European Churches &#8211; Office of Communications. (February 2009)\"}]},{\"@type\":\"WebSite\",\"@id\":\"https:\/\/orthodoxalbania.org\/2020\/#website\",\"url\":\"https:\/\/orthodoxalbania.org\/2020\/\",\"name\":\"Kisha Orthodh\u03bfkse Autoqefale e Shqip\u00ebris\u00eb\",\"description\":\"Fqja Zyrtare e Kish\u00ebs Orthodhokse Autoqefale e Shqip\u00ebris\u00eb me lajmet edhe informacionet zyrtare p\u00ebr struktur\u00ebn edhe veprimtarin e saj.\",\"publisher\":{\"@id\":\"https:\/\/orthodoxalbania.org\/2020\/#organization\"},\"potentialAction\":[{\"@type\":\"SearchAction\",\"target\":{\"@type\":\"EntryPoint\",\"urlTemplate\":\"https:\/\/orthodoxalbania.org\/2020\/?s={search_term_string}\"},\"query-input\":{\"@type\":\"PropertyValueSpecification\",\"valueRequired\":true,\"valueName\":\"search_term_string\"}}],\"inLanguage\":\"en-US\"},{\"@type\":\"Organization\",\"@id\":\"https:\/\/orthodoxalbania.org\/2020\/#organization\",\"name\":\"Kisha Orthodhokse Autoqefale e Shqip\u00ebris\u00eb\",\"url\":\"https:\/\/orthodoxalbania.org\/2020\/\",\"logo\":{\"@type\":\"ImageObject\",\"inLanguage\":\"en-US\",\"@id\":\"https:\/\/orthodoxalbania.org\/2020\/#\/schema\/logo\/image\/\",\"url\":\"https:\/\/orthodoxalbania.org\/2020\/wp-content\/uploads\/2020\/05\/albania.jpeg\",\"contentUrl\":\"https:\/\/orthodoxalbania.org\/2020\/wp-content\/uploads\/2020\/05\/albania.jpeg\",\"width\":540,\"height\":540,\"caption\":\"Kisha Orthodhokse Autoqefale e Shqip\u00ebris\u00eb\"},\"image\":{\"@id\":\"https:\/\/orthodoxalbania.org\/2020\/#\/schema\/logo\/image\/\"},\"sameAs\":[\"https:\/\/www.facebook.com\/koash1991\"]},{\"@type\":\"Person\",\"@id\":\"https:\/\/orthodoxalbania.org\/2020\/#\/schema\/person\/df745f942b70e045b3dc05a30211f0de\",\"name\":\"Kisha Orthodhokse\",\"image\":{\"@type\":\"ImageObject\",\"inLanguage\":\"en-US\",\"@id\":\"https:\/\/secure.gravatar.com\/avatar\/2676eb8d97178435c9f691a7871595a1da6c33542dec218bce40885573150e28?s=96&d=mm&r=g\",\"url\":\"https:\/\/secure.gravatar.com\/avatar\/2676eb8d97178435c9f691a7871595a1da6c33542dec218bce40885573150e28?s=96&d=mm&r=g\",\"contentUrl\":\"https:\/\/secure.gravatar.com\/avatar\/2676eb8d97178435c9f691a7871595a1da6c33542dec218bce40885573150e28?s=96&d=mm&r=g\",\"caption\":\"Kisha Orthodhokse\"}}]}<\/script>\n<!-- \/ Yoast SEO plugin. -->","yoast_head_json":{"title":"Conference of European Churches - Office of Communications. (February 2009) - Kisha Orthodh\u03bfkse Autoqefale e Shqip\u00ebris\u00eb","robots":{"index":"index","follow":"follow","max-snippet":"max-snippet:-1","max-image-preview":"max-image-preview:large","max-video-preview":"max-video-preview:-1"},"canonical":"https:\/\/orthodoxalbania.org\/2020\/en\/2009\/03\/19\/conference-of-european-churches-office-of-communications-2009\/","og_locale":"en_US","og_type":"article","og_title":"Conference of European Churches - Office of Communications. (February 2009) - Kisha Orthodh\u03bfkse Autoqefale e Shqip\u00ebris\u00eb","og_description":"&nbsp; Conference of European Churches &#8211; Office of Communications &nbsp; Press release No. 09-05\/e&nbsp; Geneva, 11 February 2009 &nbsp; Presidium of CEC appeals for return of sacred places in Albania &nbsp; &nbsp; &nbsp;&nbsp;&nbsp; The Presidium of the Conference of European Churches (CEC) approved yesterday the following statement on appeal for return of sacred places in Albania: &nbsp;&nbsp;&nbsp; The Presidium of the Conference of European Churches","og_url":"https:\/\/orthodoxalbania.org\/2020\/en\/2009\/03\/19\/conference-of-european-churches-office-of-communications-2009\/","og_site_name":"Kisha Orthodh\u03bfkse Autoqefale e Shqip\u00ebris\u00eb","article_publisher":"https:\/\/www.facebook.com\/koash1991","article_published_time":"2009-03-19T00:00:05+00:00","article_modified_time":"2020-04-12T22:31:17+00:00","og_image":[{"url":"https:\/\/lh4.googleusercontent.com\/-YfYwArrUDns\/VJK8tugfRjI\/AAAAAAAAIlg\/s7aTeli3gdA\/w564-h114-no\/CEC_clip_image002.jpg","type":"","width":"","height":""}],"author":"Kisha Orthodhokse","twitter_card":"summary_large_image","twitter_misc":{"Written by":"Kisha Orthodhokse","Est. reading time":"2 minutes"},"schema":{"@context":"https:\/\/schema.org","@graph":[{"@type":"Article","@id":"https:\/\/orthodoxalbania.org\/2020\/en\/2009\/03\/19\/conference-of-european-churches-office-of-communications-2009\/#article","isPartOf":{"@id":"https:\/\/orthodoxalbania.org\/2020\/en\/2009\/03\/19\/conference-of-european-churches-office-of-communications-2009\/"},"author":{"name":"Kisha Orthodhokse","@id":"https:\/\/orthodoxalbania.org\/2020\/#\/schema\/person\/df745f942b70e045b3dc05a30211f0de"},"headline":"Conference of European Churches &#8211; Office of Communications. (February 2009)","datePublished":"2009-03-19T00:00:05+00:00","dateModified":"2020-04-12T22:31:17+00:00","mainEntityOfPage":{"@id":"https:\/\/orthodoxalbania.org\/2020\/en\/2009\/03\/19\/conference-of-european-churches-office-of-communications-2009\/"},"wordCount":412,"commentCount":0,"publisher":{"@id":"https:\/\/orthodoxalbania.org\/2020\/#organization"},"image":{"@id":"https:\/\/orthodoxalbania.org\/2020\/en\/2009\/03\/19\/conference-of-european-churches-office-of-communications-2009\/#primaryimage"},"thumbnailUrl":"https:\/\/lh4.googleusercontent.com\/-YfYwArrUDns\/VJK8tugfRjI\/AAAAAAAAIlg\/s7aTeli3gdA\/w564-h114-no\/CEC_clip_image002.jpg","keywords":["2009","Declarations - Official Announcements"],"articleSection":["News - \u0395\u039d","News old page"],"inLanguage":"en-US"},{"@type":"WebPage","@id":"https:\/\/orthodoxalbania.org\/2020\/en\/2009\/03\/19\/conference-of-european-churches-office-of-communications-2009\/","url":"https:\/\/orthodoxalbania.org\/2020\/en\/2009\/03\/19\/conference-of-european-churches-office-of-communications-2009\/","name":"Conference of European Churches - Office of Communications. (February 2009) - Kisha Orthodh\u03bfkse Autoqefale e Shqip\u00ebris\u00eb","isPartOf":{"@id":"https:\/\/orthodoxalbania.org\/2020\/#website"},"primaryImageOfPage":{"@id":"https:\/\/orthodoxalbania.org\/2020\/en\/2009\/03\/19\/conference-of-european-churches-office-of-communications-2009\/#primaryimage"},"image":{"@id":"https:\/\/orthodoxalbania.org\/2020\/en\/2009\/03\/19\/conference-of-european-churches-office-of-communications-2009\/#primaryimage"},"thumbnailUrl":"https:\/\/lh4.googleusercontent.com\/-YfYwArrUDns\/VJK8tugfRjI\/AAAAAAAAIlg\/s7aTeli3gdA\/w564-h114-no\/CEC_clip_image002.jpg","datePublished":"2009-03-19T00:00:05+00:00","dateModified":"2020-04-12T22:31:17+00:00","breadcrumb":{"@id":"https:\/\/orthodoxalbania.org\/2020\/en\/2009\/03\/19\/conference-of-european-churches-office-of-communications-2009\/#breadcrumb"},"inLanguage":"en-US","potentialAction":[{"@type":"ReadAction","target":["https:\/\/orthodoxalbania.org\/2020\/en\/2009\/03\/19\/conference-of-european-churches-office-of-communications-2009\/"]}]},{"@type":"ImageObject","inLanguage":"en-US","@id":"https:\/\/orthodoxalbania.org\/2020\/en\/2009\/03\/19\/conference-of-european-churches-office-of-communications-2009\/#primaryimage","url":"https:\/\/lh4.googleusercontent.com\/-YfYwArrUDns\/VJK8tugfRjI\/AAAAAAAAIlg\/s7aTeli3gdA\/w564-h114-no\/CEC_clip_image002.jpg","contentUrl":"https:\/\/lh4.googleusercontent.com\/-YfYwArrUDns\/VJK8tugfRjI\/AAAAAAAAIlg\/s7aTeli3gdA\/w564-h114-no\/CEC_clip_image002.jpg"},{"@type":"BreadcrumbList","@id":"https:\/\/orthodoxalbania.org\/2020\/en\/2009\/03\/19\/conference-of-european-churches-office-of-communications-2009\/#breadcrumb","itemListElement":[{"@type":"ListItem","position":1,"name":"Home","item":"https:\/\/orthodoxalbania.org\/2020\/"},{"@type":"ListItem","position":2,"name":"Conference of European Churches &#8211; Office of Communications. (February 2009)"}]},{"@type":"WebSite","@id":"https:\/\/orthodoxalbania.org\/2020\/#website","url":"https:\/\/orthodoxalbania.org\/2020\/","name":"Kisha Orthodh\u03bfkse Autoqefale e Shqip\u00ebris\u00eb","description":"Fqja Zyrtare e Kish\u00ebs Orthodhokse Autoqefale e Shqip\u00ebris\u00eb me lajmet edhe informacionet zyrtare p\u00ebr struktur\u00ebn edhe veprimtarin e saj.","publisher":{"@id":"https:\/\/orthodoxalbania.org\/2020\/#organization"},"potentialAction":[{"@type":"SearchAction","target":{"@type":"EntryPoint","urlTemplate":"https:\/\/orthodoxalbania.org\/2020\/?s={search_term_string}"},"query-input":{"@type":"PropertyValueSpecification","valueRequired":true,"valueName":"search_term_string"}}],"inLanguage":"en-US"},{"@type":"Organization","@id":"https:\/\/orthodoxalbania.org\/2020\/#organization","name":"Kisha Orthodhokse Autoqefale e Shqip\u00ebris\u00eb","url":"https:\/\/orthodoxalbania.org\/2020\/","logo":{"@type":"ImageObject","inLanguage":"en-US","@id":"https:\/\/orthodoxalbania.org\/2020\/#\/schema\/logo\/image\/","url":"https:\/\/orthodoxalbania.org\/2020\/wp-content\/uploads\/2020\/05\/albania.jpeg","contentUrl":"https:\/\/orthodoxalbania.org\/2020\/wp-content\/uploads\/2020\/05\/albania.jpeg","width":540,"height":540,"caption":"Kisha Orthodhokse Autoqefale e Shqip\u00ebris\u00eb"},"image":{"@id":"https:\/\/orthodoxalbania.org\/2020\/#\/schema\/logo\/image\/"},"sameAs":["https:\/\/www.facebook.com\/koash1991"]},{"@type":"Person","@id":"https:\/\/orthodoxalbania.org\/2020\/#\/schema\/person\/df745f942b70e045b3dc05a30211f0de","name":"Kisha Orthodhokse","image":{"@type":"ImageObject","inLanguage":"en-US","@id":"https:\/\/secure.gravatar.com\/avatar\/2676eb8d97178435c9f691a7871595a1da6c33542dec218bce40885573150e28?s=96&d=mm&r=g","url":"https:\/\/secure.gravatar.com\/avatar\/2676eb8d97178435c9f691a7871595a1da6c33542dec218bce40885573150e28?s=96&d=mm&r=g","contentUrl":"https:\/\/secure.gravatar.com\/avatar\/2676eb8d97178435c9f691a7871595a1da6c33542dec218bce40885573150e28?s=96&d=mm&r=g","caption":"Kisha Orthodhokse"}}]}},"_links":{"self":[{"href":"https:\/\/orthodoxalbania.org\/2020\/wp-json\/wp\/v2\/posts\/366","targetHints":{"allow":["GET"]}}],"collection":[{"href":"https:\/\/orthodoxalbania.org\/2020\/wp-json\/wp\/v2\/posts"}],"about":[{"href":"https:\/\/orthodoxalbania.org\/2020\/wp-json\/wp\/v2\/types\/post"}],"author":[{"embeddable":true,"href":"https:\/\/orthodoxalbania.org\/2020\/wp-json\/wp\/v2\/users\/7"}],"replies":[{"embeddable":true,"href":"https:\/\/orthodoxalbania.org\/2020\/wp-json\/wp\/v2\/comments?post=366"}],"version-history":[{"count":1,"href":"https:\/\/orthodoxalbania.org\/2020\/wp-json\/wp\/v2\/posts\/366\/revisions"}],"predecessor-version":[{"id":17970,"href":"https:\/\/orthodoxalbania.org\/2020\/wp-json\/wp\/v2\/posts\/366\/revisions\/17970"}],"wp:attachment":[{"href":"https:\/\/orthodoxalbania.org\/2020\/wp-json\/wp\/v2\/media?parent=366"}],"wp:term":[{"taxonomy":"category","embeddable":true,"href":"https:\/\/orthodoxalbania.org\/2020\/wp-json\/wp\/v2\/categories?post=366"},{"taxonomy":"post_tag","embeddable":true,"href":"https:\/\/orthodoxalbania.org\/2020\/wp-json\/wp\/v2\/tags?post=366"}],"curies":[{"name":"wp","href":"https:\/\/api.w.org\/{rel}","templated":true}]}}