{"id":364,"date":"2006-02-27T08:09:49","date_gmt":"2006-02-27T08:09:49","guid":{"rendered":""},"modified":"2020-04-06T22:35:57","modified_gmt":"2020-04-06T20:35:57","slug":"cmim-prestigjioz-kryepiskopit-anastas-ne-moske-janar-06","status":"publish","type":"post","link":"https:\/\/orthodoxalbania.org\/2020\/2006\/02\/27\/cmim-prestigjioz-kryepiskopit-anastas-ne-moske-janar-06\/","title":{"rendered":"\u00c7mim prestigjioz Kryepiskopit Anastas n\u00eb Mosk\u00eb. (24 Janar 2006)"},"content":{"rendered":"<p><span style=\"font-size: 12pt;\"><img decoding=\"async\" class=\"lazyload HAa Eha\" style=\"height: 53px; width: 53px; display: block; margin-left: auto; margin-right: auto;\" alt=\"\" src=\"data:image\/gif;base64,R0lGODlhAQABAAAAACH5BAEKAAEALAAAAAABAAEAAAICTAEAOw==\" data-orig-src=\"https:\/\/lh3.googleusercontent.com\/-0XaSr7tg_9w\/U_NB8PwotlI\/AAAAAAAAA2g\/QXaauIV8bCc\/s577-no\/logo.png\" \/><\/span><\/p>\n<p style=\"text-align: center;\"><span style=\"font-size: 12pt; font-family: helvetica;\"><span style=\"color: #000000;\"><strong>Kisha Orthodhokse Autoqefale e Shqip\u00ebris\u00eb<\/strong><br \/> Rruga e Kavaj\u00ebs Nr. 151, Tiran\u00eb.<\/p>\n<p> <strong>Njoftim shtypi<\/strong><\/p>\n<p> <\/span><span style=\"color: #b22222;\">&nbsp;<strong>\u00c7mim prestigjioz nga Fondacioni Nd\u00ebrkomb\u00ebtar p\u00ebr Unitetin e Popujve Orthodhoks\u00eb me qend\u00ebr n\u00eb Mosk\u00eb akorduar Fortlumturis\u00eb s\u00eb Tij, Prof. Dr. Anastasit<\/strong><\/span><\/span><\/p>\n<p style=\"text-align: center;\"><span style=\"font-size: 12pt; font-family: helvetica;\"><\/span><\/p>\n<p><span style=\"font-family: helvetica; font-size: 12pt;\"><img class=\"lazyload\" decoding=\"async\" style=\"width: 400px; height: 301px; display: block; margin-left: auto; margin-right: auto;\" alt=\"\" src=\"data:image\/gif;base64,R0lGODlhAQABAAAAACH5BAEKAAEALAAAAAABAAEAAAICTAEAOw==\" data-orig-src=\"https:\/\/lh4.googleusercontent.com\/-cj7TvRCqRrA\/URy_irQl7GI\/AAAAAAAACB4\/WWbn5FR3s2E\/s400\/pic1.jpg\" \/><\/span><\/p>\n<p style=\"text-align: justify;\"><span style=\"color: #000000; font-size: 12pt; font-family: helvetica;\"> &nbsp;&nbsp;&nbsp; \u00c7mimi \u201cP\u00ebr veprimtari t\u00eb shquar n\u00eb forcimin e unitetit t\u00eb popujve Orthodhoks\u00eb\u201d i jepet \u00e7do vit njer\u00ebzve q\u00eb kan\u00eb dh\u00ebn\u00eb kontribute t\u00eb m\u00ebdha t\u00eb p\u00ebrmasave bot\u00ebrore. P\u00ebr vitin 2005 ai iu akordua Kryepiskopit Anastas me motivacionin: \u201cP\u00ebr p\u00ebrpjekjet e tij t\u00eb jasht\u00ebzakonshme p\u00ebr ringritjen nga g\u00ebrmadhat t\u00eb Kish\u00ebs Orthodhokse Autoqefale t\u00eb Shqip\u00ebris\u00eb, si dhe p\u00ebr kontributin e tij tashm\u00eb t\u00eb njohur bot\u00ebrisht p\u00ebr paqen, dialogun dhe mir\u00ebkuptimin nd\u00ebrmjet popujve dhe komuniteteve t\u00eb ndryshme\u201d. Ky \u00e7mim iu dha gjithashtu Presidentit t\u00eb Republik\u00ebs s\u00eb Qipros, Kryetarit t\u00eb Bashkis\u00eb s\u00eb Mosk\u00ebs dhe Universitetit t\u00eb njohur t\u00eb Balamandit, Liban. N\u00eb ceremonin\u00eb e rastit, n\u00eb Katedralen e madhe t\u00eb Mosk\u00ebs \u201cKrishti Shp\u00ebtimtar\u201d, m\u00eb 21 janar 2006, ishin t\u00eb pranish\u00ebm 2500 vet\u00eb, hierark\u00eb t\u00eb lart\u00eb orthodhoks\u00eb, personalitete shtet\u00ebrore, p\u00ebrfaq\u00ebsues t\u00eb d\u00ebgjuar t\u00eb artit, kultur\u00ebs, shkenc\u00ebs dhe t\u00eb p\u00ebrfaq\u00ebsive diplomatike n\u00eb Rusi.<\/span><\/p>\n<p style=\"text-align: justify;\"><span style=\"color: #000000; font-size: 12pt; font-family: helvetica;\">&nbsp;&nbsp;&nbsp; M\u00eb 22 janar, n\u00eb Katedralen historike, \u201cFjetja e Sh\u00ebn Maris\u00eb\u201d q\u00eb ndodhet n\u00eb Kremlin, u mbajt Liturgjia Hyjnore e kryesuar nga Patriku i Mosk\u00ebs dhe i gjith\u00eb Rusis\u00eb Aleksi II dhe Kryepiskopi i Tiran\u00ebs dhe i gjith\u00eb Shqip\u00ebris\u00eb Anastasi. P\u00ebr her\u00eb t\u00eb par\u00eb n\u00eb k\u00ebt\u00eb katedrale, ku jan\u00eb kuror\u00ebzuar car\u00eb dhe patrik\u00eb, u d\u00ebgjuan gjat\u00eb Liturgjis\u00eb edhe lutjet n\u00eb gjuh\u00ebn shqipe. Patriku shtroi nj\u00eb drek\u00eb n\u00eb Kremlin p\u00ebr nder t\u00eb laureat\u00ebve t\u00eb \u00e7mimit, ku mor\u00ebn pjes\u00eb shum\u00eb personalitete dhe p\u00ebrfaq\u00ebsues t\u00eb trupit diplomatik.<\/span><\/p>\n<p style=\"text-align: justify;\"><span style=\"color: #000000; font-size: 12pt; font-family: helvetica;\">&nbsp;&nbsp;&nbsp; N\u00eb mbr\u00ebmje, n\u00eb ambientet e Kremlinit, Presidenti i Federat\u00ebs Ruse Vladimir Putin priti n\u00eb nj\u00eb takim Patrikun Aleksi II dhe Kryepiskopin Anastas, si dhe laureat\u00eb t\u00eb tjer\u00eb t\u00eb \u00e7mimit. Presidenti Putin n\u00eb bised\u00ebn me Kryepiskopin Anastas u shpreh se n\u00ebp\u00ebrmjet tij sheh dinamizmin dhe frym\u00ebn krijuese t\u00eb Shqip\u00ebris\u00eb.<\/span><\/p>\n<p style=\"text-align: justify;\"><span style=\"color: #000000; font-size: 12pt; font-family: helvetica;\">&nbsp;&nbsp;&nbsp; Edhe i ngarkuari me pun\u00eb i Ambasad\u00ebs Shqiptare n\u00eb Mosk\u00eb z. Halit Furriku, i cili ishte i pranish\u00ebm n\u00eb ceremonin\u00eb e rastit, shtroi nj\u00eb dark\u00eb n\u00eb ambientet e ambasad\u00ebs p\u00ebr t\u00eb nderuar Kryepiskopin Anastas. N\u00eb dark\u00eb ishin t\u00eb pranish\u00ebm p\u00ebrfaq\u00ebsues t\u00eb Ministris\u00eb s\u00eb Jashtme Ruse dhe t\u00eb Patrikan\u00ebs s\u00eb Mosk\u00ebs. T\u00eb pranishmit theksuan rolin e madh dhe p\u00ebrpjekjet e Kryepiskopit p\u00ebr njohjen e vlerave t\u00eb popullit shqiptar kudo n\u00eb bot\u00eb dhe p\u00ebrmir\u00ebsimit t\u00eb imazhit t\u00eb Shqip\u00ebris\u00eb.<br \/> <\/span><\/p>\n<p style=\"text-align: justify;\"><span style=\"color: #000000; font-size: 12pt; font-family: helvetica;\">&nbsp;&nbsp;&nbsp; T\u00eb nes\u00ebrmen, Kryepiskopi Anastas u ftua p\u00ebr nj\u00eb intervist\u00eb n\u00eb agjencin\u00eb e d\u00ebgjuar ruse t\u00eb lajmeve \u201cNovosti\u201d, ku mor\u00ebn pjes\u00eb p\u00ebrfaq\u00ebsuesit m\u00eb t\u00eb r\u00ebnd\u00ebsish\u00ebm t\u00eb mediave ruse. Kjo intervist\u00eb dhe ceremonia e dh\u00ebnies s\u00eb \u00e7mimit, fjalimet dhe intervistat e tjera t\u00eb Kryepiskopit u pasqyruan gjer\u00ebsisht n\u00eb gazetat dhe televizionet kryesore t\u00eb Rusis\u00eb. Gjithashtu, interes t\u00eb ve\u00e7ant\u00eb ngjalli fjalimi i Kryepiskopit Anastas para student\u00ebve dhe stafit pedagogjik t\u00eb Universitetit \u201cSh\u00ebn Tihoni\u201d, Mosk\u00eb, i cili u pasua nga nj\u00eb bashk\u00ebbisedim i ngroht\u00eb.<br \/> <\/span><\/p>\n<p style=\"text-align: justify;\"><span style=\"color: #000000; font-size: 12pt; font-family: helvetica;\">&nbsp;&nbsp;&nbsp; Paraditen e s\u00eb mart\u00ebs Patriku i Mosk\u00ebs takoi Kryepiskopin dhe delegacionin q\u00eb e shoq\u00ebronte, p\u00ebrpara largimit nga Moska. Ata pat\u00ebn nj\u00eb diskutim t\u00eb ngroht\u00eb e miq\u00ebsor mbi shum\u00eb \u00e7\u00ebshtje t\u00eb Kish\u00ebs dhe t\u00eb shoq\u00ebris\u00eb s\u00eb sotme.<\/p>\n<p> &nbsp;<strong>Tiran\u00eb 24.1.2006<\/strong><\/span><\/p>\n<p style=\"text-align: center;\"><span style=\"font-family: helvetica; font-size: 12pt;\"><img class=\"lazyload\" decoding=\"async\" style=\"width: 450px; border-width: 1px; border-style: solid; margin: 10px; height: 337px;\" alt=\"\" src=\"data:image\/gif;base64,R0lGODlhAQABAAAAACH5BAEKAAEALAAAAAABAAEAAAICTAEAOw==\" data-orig-src=\"https:\/\/lh3.googleusercontent.com\/-SUitAas1Mt8\/URy_kN6a00I\/AAAAAAAACCY\/7NjCaaFU4aY\/s350\/pic3.jpg\" \/><br \/> <img class=\"lazyload\" decoding=\"async\" style=\"height: 300px; border-width: 1px; border-style: solid; margin: 10px; width: 450px;\" alt=\"\" src=\"data:image\/gif;base64,R0lGODlhAQABAAAAACH5BAEKAAEALAAAAAABAAEAAAICTAEAOw==\" data-orig-src=\"https:\/\/lh3.googleusercontent.com\/-0BgD9wV3LD4\/URy_k-d3KRI\/AAAAAAAACCs\/fMiJpBlqpu0\/s350\/pic4.jpg\" \/><\/span><\/p>\n<p style=\"text-align: center;\"><span style=\"font-family: helvetica; font-size: 12pt;\"><img class=\"lazyload\" decoding=\"async\" style=\"width: 450px; height: 332px; border-width: 1px; border-style: solid; margin: 10px;\" alt=\"\" src=\"data:image\/gif;base64,R0lGODlhAQABAAAAACH5BAEKAAEALAAAAAABAAEAAAICTAEAOw==\" data-orig-src=\"https:\/\/lh4.googleusercontent.com\/-Na2iGwuXeLo\/URy_jQpOrHI\/AAAAAAAACCM\/KrQQbzSCwPs\/s350\/pic2.jpg\" \/><\/span><\/p>\n","protected":false},"excerpt":{"rendered":"<p>Kisha Orthodhokse Autoqefale e Shqip\u00ebris\u00eb Rruga e Kavaj\u00ebs Nr. 151, Tiran\u00eb. Njoftim shtypi &nbsp;\u00c7mim prestigjioz nga Fondacioni Nd\u00ebrkomb\u00ebtar p\u00ebr Unitetin e Popujve Orthodhoks\u00eb me qend\u00ebr n\u00eb Mosk\u00eb akorduar Fortlumturis\u00eb s\u00eb Tij, Prof. Dr. Anastasit &nbsp;&nbsp;&nbsp; \u00c7mimi \u201cP\u00ebr veprimtari t\u00eb shquar n\u00eb forcimin e unitetit t\u00eb popujve Orthodhoks\u00eb\u201d i jepet \u00e7do vit njer\u00ebzve q\u00eb kan\u00eb dh\u00ebn\u00eb kontribute t\u00eb m\u00ebdha t\u00eb p\u00ebrmasave bot\u00ebrore. P\u00ebr vitin 2005 ai<\/p>\n","protected":false},"author":1,"featured_media":0,"comment_status":"open","ping_status":"open","sticky":false,"template":"","format":"standard","meta":{"_acf_changed":false,"pagelayer_contact_templates":[],"_pagelayer_content":"","inline_featured_image":false,"fifu_image_url":"","fifu_image_alt":"","footnotes":""},"categories":[108],"tags":[148,153,196,201,212],"class_list":["post-364","post","type-post","status-publish","format-standard","hentry","category-lajme","tag-148","tag-deklarata-njoftime-zyrtare-d75","tag-tirane","tag-kryepiskopi-anastas","tag-lajme-d27"],"acf":[],"yoast_head":"<!-- This site is optimized with the Yoast SEO plugin v27.2 - https:\/\/yoast.com\/product\/yoast-seo-wordpress\/ -->\n<title>\u00c7mim prestigjioz Kryepiskopit Anastas n\u00eb Mosk\u00eb. (24 Janar 2006) - Kisha Orthodh\u03bfkse Autoqefale e Shqip\u00ebris\u00eb<\/title>\n<meta name=\"robots\" content=\"index, follow, max-snippet:-1, max-image-preview:large, max-video-preview:-1\" \/>\n<link rel=\"canonical\" href=\"https:\/\/orthodoxalbania.org\/2020\/2006\/02\/27\/cmim-prestigjioz-kryepiskopit-anastas-ne-moske-janar-06\/\" \/>\n<meta property=\"og:locale\" content=\"en_US\" \/>\n<meta property=\"og:type\" content=\"article\" \/>\n<meta property=\"og:title\" content=\"\u00c7mim prestigjioz Kryepiskopit Anastas n\u00eb Mosk\u00eb. (24 Janar 2006) - Kisha Orthodh\u03bfkse Autoqefale e Shqip\u00ebris\u00eb\" \/>\n<meta property=\"og:description\" content=\"Kisha Orthodhokse Autoqefale e Shqip\u00ebris\u00eb Rruga e Kavaj\u00ebs Nr. 151, Tiran\u00eb. Njoftim shtypi &nbsp;\u00c7mim prestigjioz nga Fondacioni Nd\u00ebrkomb\u00ebtar p\u00ebr Unitetin e Popujve Orthodhoks\u00eb me qend\u00ebr n\u00eb Mosk\u00eb akorduar Fortlumturis\u00eb s\u00eb Tij, Prof. Dr. Anastasit &nbsp;&nbsp;&nbsp; \u00c7mimi \u201cP\u00ebr veprimtari t\u00eb shquar n\u00eb forcimin e unitetit t\u00eb popujve Orthodhoks\u00eb\u201d i jepet \u00e7do vit njer\u00ebzve q\u00eb kan\u00eb dh\u00ebn\u00eb kontribute t\u00eb m\u00ebdha t\u00eb p\u00ebrmasave bot\u00ebrore. P\u00ebr vitin 2005 ai\" \/>\n<meta property=\"og:url\" content=\"https:\/\/orthodoxalbania.org\/2020\/2006\/02\/27\/cmim-prestigjioz-kryepiskopit-anastas-ne-moske-janar-06\/\" \/>\n<meta property=\"og:site_name\" content=\"Kisha Orthodh\u03bfkse Autoqefale e Shqip\u00ebris\u00eb\" \/>\n<meta property=\"article:publisher\" content=\"https:\/\/www.facebook.com\/koash1991\" \/>\n<meta property=\"article:published_time\" content=\"2006-02-27T08:09:49+00:00\" \/>\n<meta property=\"article:modified_time\" content=\"2020-04-06T20:35:57+00:00\" \/>\n<meta property=\"og:image\" content=\"https:\/\/lh3.googleusercontent.com\/-0XaSr7tg_9w\/U_NB8PwotlI\/AAAAAAAAA2g\/QXaauIV8bCc\/s577-no\/logo.png\" \/>\n<meta name=\"author\" content=\"Kisha Orthodhokse\" \/>\n<meta name=\"twitter:card\" content=\"summary_large_image\" \/>\n<meta name=\"twitter:label1\" content=\"Written by\" \/>\n\t<meta name=\"twitter:data1\" content=\"Kisha Orthodhokse\" \/>\n\t<meta name=\"twitter:label2\" content=\"Est. reading time\" \/>\n\t<meta name=\"twitter:data2\" content=\"3 minutes\" \/>\n<script type=\"application\/ld+json\" class=\"yoast-schema-graph\">{\"@context\":\"https:\/\/schema.org\",\"@graph\":[{\"@type\":\"Article\",\"@id\":\"https:\/\/orthodoxalbania.org\/2020\/2006\/02\/27\/cmim-prestigjioz-kryepiskopit-anastas-ne-moske-janar-06\/#article\",\"isPartOf\":{\"@id\":\"https:\/\/orthodoxalbania.org\/2020\/2006\/02\/27\/cmim-prestigjioz-kryepiskopit-anastas-ne-moske-janar-06\/\"},\"author\":{\"name\":\"Kisha Orthodhokse\",\"@id\":\"https:\/\/orthodoxalbania.org\/2020\/#\/schema\/person\/0c387634a7063ac612d7ed9ce71c7e86\"},\"headline\":\"\u00c7mim prestigjioz Kryepiskopit Anastas n\u00eb Mosk\u00eb. (24 Janar 2006)\",\"datePublished\":\"2006-02-27T08:09:49+00:00\",\"dateModified\":\"2020-04-06T20:35:57+00:00\",\"mainEntityOfPage\":{\"@id\":\"https:\/\/orthodoxalbania.org\/2020\/2006\/02\/27\/cmim-prestigjioz-kryepiskopit-anastas-ne-moske-janar-06\/\"},\"wordCount\":610,\"commentCount\":0,\"publisher\":{\"@id\":\"https:\/\/orthodoxalbania.org\/2020\/#organization\"},\"image\":{\"@id\":\"https:\/\/orthodoxalbania.org\/2020\/2006\/02\/27\/cmim-prestigjioz-kryepiskopit-anastas-ne-moske-janar-06\/#primaryimage\"},\"thumbnailUrl\":\"https:\/\/lh3.googleusercontent.com\/-0XaSr7tg_9w\/U_NB8PwotlI\/AAAAAAAAA2g\/QXaauIV8bCc\/s577-no\/logo.png\",\"keywords\":[\"2006\",\"Deklarata - Njoftime Zyrtare\",\"Kryepiskopata Tiran\u00eb\",\"Kryepiskopi Anastas\",\"lajme\"],\"articleSection\":[\"Lajme\"],\"inLanguage\":\"en-US\"},{\"@type\":\"WebPage\",\"@id\":\"https:\/\/orthodoxalbania.org\/2020\/2006\/02\/27\/cmim-prestigjioz-kryepiskopit-anastas-ne-moske-janar-06\/\",\"url\":\"https:\/\/orthodoxalbania.org\/2020\/2006\/02\/27\/cmim-prestigjioz-kryepiskopit-anastas-ne-moske-janar-06\/\",\"name\":\"\u00c7mim prestigjioz Kryepiskopit Anastas n\u00eb Mosk\u00eb. (24 Janar 2006) - Kisha Orthodh\u03bfkse Autoqefale e Shqip\u00ebris\u00eb\",\"isPartOf\":{\"@id\":\"https:\/\/orthodoxalbania.org\/2020\/#website\"},\"primaryImageOfPage\":{\"@id\":\"https:\/\/orthodoxalbania.org\/2020\/2006\/02\/27\/cmim-prestigjioz-kryepiskopit-anastas-ne-moske-janar-06\/#primaryimage\"},\"image\":{\"@id\":\"https:\/\/orthodoxalbania.org\/2020\/2006\/02\/27\/cmim-prestigjioz-kryepiskopit-anastas-ne-moske-janar-06\/#primaryimage\"},\"thumbnailUrl\":\"https:\/\/lh3.googleusercontent.com\/-0XaSr7tg_9w\/U_NB8PwotlI\/AAAAAAAAA2g\/QXaauIV8bCc\/s577-no\/logo.png\",\"datePublished\":\"2006-02-27T08:09:49+00:00\",\"dateModified\":\"2020-04-06T20:35:57+00:00\",\"breadcrumb\":{\"@id\":\"https:\/\/orthodoxalbania.org\/2020\/2006\/02\/27\/cmim-prestigjioz-kryepiskopit-anastas-ne-moske-janar-06\/#breadcrumb\"},\"inLanguage\":\"en-US\",\"potentialAction\":[{\"@type\":\"ReadAction\",\"target\":[\"https:\/\/orthodoxalbania.org\/2020\/2006\/02\/27\/cmim-prestigjioz-kryepiskopit-anastas-ne-moske-janar-06\/\"]}]},{\"@type\":\"ImageObject\",\"inLanguage\":\"en-US\",\"@id\":\"https:\/\/orthodoxalbania.org\/2020\/2006\/02\/27\/cmim-prestigjioz-kryepiskopit-anastas-ne-moske-janar-06\/#primaryimage\",\"url\":\"https:\/\/lh3.googleusercontent.com\/-0XaSr7tg_9w\/U_NB8PwotlI\/AAAAAAAAA2g\/QXaauIV8bCc\/s577-no\/logo.png\",\"contentUrl\":\"https:\/\/lh3.googleusercontent.com\/-0XaSr7tg_9w\/U_NB8PwotlI\/AAAAAAAAA2g\/QXaauIV8bCc\/s577-no\/logo.png\"},{\"@type\":\"BreadcrumbList\",\"@id\":\"https:\/\/orthodoxalbania.org\/2020\/2006\/02\/27\/cmim-prestigjioz-kryepiskopit-anastas-ne-moske-janar-06\/#breadcrumb\",\"itemListElement\":[{\"@type\":\"ListItem\",\"position\":1,\"name\":\"Home\",\"item\":\"https:\/\/orthodoxalbania.org\/2020\/\"},{\"@type\":\"ListItem\",\"position\":2,\"name\":\"\u00c7mim prestigjioz Kryepiskopit Anastas n\u00eb Mosk\u00eb. (24 Janar 2006)\"}]},{\"@type\":\"WebSite\",\"@id\":\"https:\/\/orthodoxalbania.org\/2020\/#website\",\"url\":\"https:\/\/orthodoxalbania.org\/2020\/\",\"name\":\"Kisha Orthodh\u03bfkse Autoqefale e Shqip\u00ebris\u00eb\",\"description\":\"Fqja Zyrtare e Kish\u00ebs Orthodhokse Autoqefale e Shqip\u00ebris\u00eb me lajmet edhe informacionet zyrtare p\u00ebr struktur\u00ebn edhe veprimtarin e saj.\",\"publisher\":{\"@id\":\"https:\/\/orthodoxalbania.org\/2020\/#organization\"},\"potentialAction\":[{\"@type\":\"SearchAction\",\"target\":{\"@type\":\"EntryPoint\",\"urlTemplate\":\"https:\/\/orthodoxalbania.org\/2020\/?s={search_term_string}\"},\"query-input\":{\"@type\":\"PropertyValueSpecification\",\"valueRequired\":true,\"valueName\":\"search_term_string\"}}],\"inLanguage\":\"en-US\"},{\"@type\":\"Organization\",\"@id\":\"https:\/\/orthodoxalbania.org\/2020\/#organization\",\"name\":\"Kisha Orthodhokse Autoqefale e Shqip\u00ebris\u00eb\",\"url\":\"https:\/\/orthodoxalbania.org\/2020\/\",\"logo\":{\"@type\":\"ImageObject\",\"inLanguage\":\"en-US\",\"@id\":\"https:\/\/orthodoxalbania.org\/2020\/#\/schema\/logo\/image\/\",\"url\":\"https:\/\/orthodoxalbania.org\/2020\/wp-content\/uploads\/2020\/05\/albania.jpeg\",\"contentUrl\":\"https:\/\/orthodoxalbania.org\/2020\/wp-content\/uploads\/2020\/05\/albania.jpeg\",\"width\":540,\"height\":540,\"caption\":\"Kisha Orthodhokse Autoqefale e Shqip\u00ebris\u00eb\"},\"image\":{\"@id\":\"https:\/\/orthodoxalbania.org\/2020\/#\/schema\/logo\/image\/\"},\"sameAs\":[\"https:\/\/www.facebook.com\/koash1991\"]},{\"@type\":\"Person\",\"@id\":\"https:\/\/orthodoxalbania.org\/2020\/#\/schema\/person\/0c387634a7063ac612d7ed9ce71c7e86\",\"name\":\"Kisha Orthodhokse\",\"image\":{\"@type\":\"ImageObject\",\"inLanguage\":\"en-US\",\"@id\":\"https:\/\/secure.gravatar.com\/avatar\/596e7c417251e30f2fbb9c00e026fce61a695a00e51c889caded71c96cbbdde5?s=96&d=mm&r=g\",\"url\":\"https:\/\/secure.gravatar.com\/avatar\/596e7c417251e30f2fbb9c00e026fce61a695a00e51c889caded71c96cbbdde5?s=96&d=mm&r=g\",\"contentUrl\":\"https:\/\/secure.gravatar.com\/avatar\/596e7c417251e30f2fbb9c00e026fce61a695a00e51c889caded71c96cbbdde5?s=96&d=mm&r=g\",\"caption\":\"Kisha Orthodhokse\"}}]}<\/script>\n<!-- \/ Yoast SEO plugin. -->","yoast_head_json":{"title":"\u00c7mim prestigjioz Kryepiskopit Anastas n\u00eb Mosk\u00eb. (24 Janar 2006) - Kisha Orthodh\u03bfkse Autoqefale e Shqip\u00ebris\u00eb","robots":{"index":"index","follow":"follow","max-snippet":"max-snippet:-1","max-image-preview":"max-image-preview:large","max-video-preview":"max-video-preview:-1"},"canonical":"https:\/\/orthodoxalbania.org\/2020\/2006\/02\/27\/cmim-prestigjioz-kryepiskopit-anastas-ne-moske-janar-06\/","og_locale":"en_US","og_type":"article","og_title":"\u00c7mim prestigjioz Kryepiskopit Anastas n\u00eb Mosk\u00eb. (24 Janar 2006) - Kisha Orthodh\u03bfkse Autoqefale e Shqip\u00ebris\u00eb","og_description":"Kisha Orthodhokse Autoqefale e Shqip\u00ebris\u00eb Rruga e Kavaj\u00ebs Nr. 151, Tiran\u00eb. Njoftim shtypi &nbsp;\u00c7mim prestigjioz nga Fondacioni Nd\u00ebrkomb\u00ebtar p\u00ebr Unitetin e Popujve Orthodhoks\u00eb me qend\u00ebr n\u00eb Mosk\u00eb akorduar Fortlumturis\u00eb s\u00eb Tij, Prof. Dr. Anastasit &nbsp;&nbsp;&nbsp; \u00c7mimi \u201cP\u00ebr veprimtari t\u00eb shquar n\u00eb forcimin e unitetit t\u00eb popujve Orthodhoks\u00eb\u201d i jepet \u00e7do vit njer\u00ebzve q\u00eb kan\u00eb dh\u00ebn\u00eb kontribute t\u00eb m\u00ebdha t\u00eb p\u00ebrmasave bot\u00ebrore. P\u00ebr vitin 2005 ai","og_url":"https:\/\/orthodoxalbania.org\/2020\/2006\/02\/27\/cmim-prestigjioz-kryepiskopit-anastas-ne-moske-janar-06\/","og_site_name":"Kisha Orthodh\u03bfkse Autoqefale e Shqip\u00ebris\u00eb","article_publisher":"https:\/\/www.facebook.com\/koash1991","article_published_time":"2006-02-27T08:09:49+00:00","article_modified_time":"2020-04-06T20:35:57+00:00","og_image":[{"url":"https:\/\/lh3.googleusercontent.com\/-0XaSr7tg_9w\/U_NB8PwotlI\/AAAAAAAAA2g\/QXaauIV8bCc\/s577-no\/logo.png","type":"","width":"","height":""}],"author":"Kisha Orthodhokse","twitter_card":"summary_large_image","twitter_misc":{"Written by":"Kisha Orthodhokse","Est. reading time":"3 minutes"},"schema":{"@context":"https:\/\/schema.org","@graph":[{"@type":"Article","@id":"https:\/\/orthodoxalbania.org\/2020\/2006\/02\/27\/cmim-prestigjioz-kryepiskopit-anastas-ne-moske-janar-06\/#article","isPartOf":{"@id":"https:\/\/orthodoxalbania.org\/2020\/2006\/02\/27\/cmim-prestigjioz-kryepiskopit-anastas-ne-moske-janar-06\/"},"author":{"name":"Kisha Orthodhokse","@id":"https:\/\/orthodoxalbania.org\/2020\/#\/schema\/person\/0c387634a7063ac612d7ed9ce71c7e86"},"headline":"\u00c7mim prestigjioz Kryepiskopit Anastas n\u00eb Mosk\u00eb. (24 Janar 2006)","datePublished":"2006-02-27T08:09:49+00:00","dateModified":"2020-04-06T20:35:57+00:00","mainEntityOfPage":{"@id":"https:\/\/orthodoxalbania.org\/2020\/2006\/02\/27\/cmim-prestigjioz-kryepiskopit-anastas-ne-moske-janar-06\/"},"wordCount":610,"commentCount":0,"publisher":{"@id":"https:\/\/orthodoxalbania.org\/2020\/#organization"},"image":{"@id":"https:\/\/orthodoxalbania.org\/2020\/2006\/02\/27\/cmim-prestigjioz-kryepiskopit-anastas-ne-moske-janar-06\/#primaryimage"},"thumbnailUrl":"https:\/\/lh3.googleusercontent.com\/-0XaSr7tg_9w\/U_NB8PwotlI\/AAAAAAAAA2g\/QXaauIV8bCc\/s577-no\/logo.png","keywords":["2006","Deklarata - Njoftime Zyrtare","Kryepiskopata Tiran\u00eb","Kryepiskopi Anastas","lajme"],"articleSection":["Lajme"],"inLanguage":"en-US"},{"@type":"WebPage","@id":"https:\/\/orthodoxalbania.org\/2020\/2006\/02\/27\/cmim-prestigjioz-kryepiskopit-anastas-ne-moske-janar-06\/","url":"https:\/\/orthodoxalbania.org\/2020\/2006\/02\/27\/cmim-prestigjioz-kryepiskopit-anastas-ne-moske-janar-06\/","name":"\u00c7mim prestigjioz Kryepiskopit Anastas n\u00eb Mosk\u00eb. (24 Janar 2006) - Kisha Orthodh\u03bfkse Autoqefale e Shqip\u00ebris\u00eb","isPartOf":{"@id":"https:\/\/orthodoxalbania.org\/2020\/#website"},"primaryImageOfPage":{"@id":"https:\/\/orthodoxalbania.org\/2020\/2006\/02\/27\/cmim-prestigjioz-kryepiskopit-anastas-ne-moske-janar-06\/#primaryimage"},"image":{"@id":"https:\/\/orthodoxalbania.org\/2020\/2006\/02\/27\/cmim-prestigjioz-kryepiskopit-anastas-ne-moske-janar-06\/#primaryimage"},"thumbnailUrl":"https:\/\/lh3.googleusercontent.com\/-0XaSr7tg_9w\/U_NB8PwotlI\/AAAAAAAAA2g\/QXaauIV8bCc\/s577-no\/logo.png","datePublished":"2006-02-27T08:09:49+00:00","dateModified":"2020-04-06T20:35:57+00:00","breadcrumb":{"@id":"https:\/\/orthodoxalbania.org\/2020\/2006\/02\/27\/cmim-prestigjioz-kryepiskopit-anastas-ne-moske-janar-06\/#breadcrumb"},"inLanguage":"en-US","potentialAction":[{"@type":"ReadAction","target":["https:\/\/orthodoxalbania.org\/2020\/2006\/02\/27\/cmim-prestigjioz-kryepiskopit-anastas-ne-moske-janar-06\/"]}]},{"@type":"ImageObject","inLanguage":"en-US","@id":"https:\/\/orthodoxalbania.org\/2020\/2006\/02\/27\/cmim-prestigjioz-kryepiskopit-anastas-ne-moske-janar-06\/#primaryimage","url":"https:\/\/lh3.googleusercontent.com\/-0XaSr7tg_9w\/U_NB8PwotlI\/AAAAAAAAA2g\/QXaauIV8bCc\/s577-no\/logo.png","contentUrl":"https:\/\/lh3.googleusercontent.com\/-0XaSr7tg_9w\/U_NB8PwotlI\/AAAAAAAAA2g\/QXaauIV8bCc\/s577-no\/logo.png"},{"@type":"BreadcrumbList","@id":"https:\/\/orthodoxalbania.org\/2020\/2006\/02\/27\/cmim-prestigjioz-kryepiskopit-anastas-ne-moske-janar-06\/#breadcrumb","itemListElement":[{"@type":"ListItem","position":1,"name":"Home","item":"https:\/\/orthodoxalbania.org\/2020\/"},{"@type":"ListItem","position":2,"name":"\u00c7mim prestigjioz Kryepiskopit Anastas n\u00eb Mosk\u00eb. (24 Janar 2006)"}]},{"@type":"WebSite","@id":"https:\/\/orthodoxalbania.org\/2020\/#website","url":"https:\/\/orthodoxalbania.org\/2020\/","name":"Kisha Orthodh\u03bfkse Autoqefale e Shqip\u00ebris\u00eb","description":"Fqja Zyrtare e Kish\u00ebs Orthodhokse Autoqefale e Shqip\u00ebris\u00eb me lajmet edhe informacionet zyrtare p\u00ebr struktur\u00ebn edhe veprimtarin e saj.","publisher":{"@id":"https:\/\/orthodoxalbania.org\/2020\/#organization"},"potentialAction":[{"@type":"SearchAction","target":{"@type":"EntryPoint","urlTemplate":"https:\/\/orthodoxalbania.org\/2020\/?s={search_term_string}"},"query-input":{"@type":"PropertyValueSpecification","valueRequired":true,"valueName":"search_term_string"}}],"inLanguage":"en-US"},{"@type":"Organization","@id":"https:\/\/orthodoxalbania.org\/2020\/#organization","name":"Kisha Orthodhokse Autoqefale e Shqip\u00ebris\u00eb","url":"https:\/\/orthodoxalbania.org\/2020\/","logo":{"@type":"ImageObject","inLanguage":"en-US","@id":"https:\/\/orthodoxalbania.org\/2020\/#\/schema\/logo\/image\/","url":"https:\/\/orthodoxalbania.org\/2020\/wp-content\/uploads\/2020\/05\/albania.jpeg","contentUrl":"https:\/\/orthodoxalbania.org\/2020\/wp-content\/uploads\/2020\/05\/albania.jpeg","width":540,"height":540,"caption":"Kisha Orthodhokse Autoqefale e Shqip\u00ebris\u00eb"},"image":{"@id":"https:\/\/orthodoxalbania.org\/2020\/#\/schema\/logo\/image\/"},"sameAs":["https:\/\/www.facebook.com\/koash1991"]},{"@type":"Person","@id":"https:\/\/orthodoxalbania.org\/2020\/#\/schema\/person\/0c387634a7063ac612d7ed9ce71c7e86","name":"Kisha Orthodhokse","image":{"@type":"ImageObject","inLanguage":"en-US","@id":"https:\/\/secure.gravatar.com\/avatar\/596e7c417251e30f2fbb9c00e026fce61a695a00e51c889caded71c96cbbdde5?s=96&d=mm&r=g","url":"https:\/\/secure.gravatar.com\/avatar\/596e7c417251e30f2fbb9c00e026fce61a695a00e51c889caded71c96cbbdde5?s=96&d=mm&r=g","contentUrl":"https:\/\/secure.gravatar.com\/avatar\/596e7c417251e30f2fbb9c00e026fce61a695a00e51c889caded71c96cbbdde5?s=96&d=mm&r=g","caption":"Kisha Orthodhokse"}}]}},"_links":{"self":[{"href":"https:\/\/orthodoxalbania.org\/2020\/wp-json\/wp\/v2\/posts\/364","targetHints":{"allow":["GET"]}}],"collection":[{"href":"https:\/\/orthodoxalbania.org\/2020\/wp-json\/wp\/v2\/posts"}],"about":[{"href":"https:\/\/orthodoxalbania.org\/2020\/wp-json\/wp\/v2\/types\/post"}],"author":[{"embeddable":true,"href":"https:\/\/orthodoxalbania.org\/2020\/wp-json\/wp\/v2\/users\/1"}],"replies":[{"embeddable":true,"href":"https:\/\/orthodoxalbania.org\/2020\/wp-json\/wp\/v2\/comments?post=364"}],"version-history":[{"count":1,"href":"https:\/\/orthodoxalbania.org\/2020\/wp-json\/wp\/v2\/posts\/364\/revisions"}],"predecessor-version":[{"id":15807,"href":"https:\/\/orthodoxalbania.org\/2020\/wp-json\/wp\/v2\/posts\/364\/revisions\/15807"}],"wp:attachment":[{"href":"https:\/\/orthodoxalbania.org\/2020\/wp-json\/wp\/v2\/media?parent=364"}],"wp:term":[{"taxonomy":"category","embeddable":true,"href":"https:\/\/orthodoxalbania.org\/2020\/wp-json\/wp\/v2\/categories?post=364"},{"taxonomy":"post_tag","embeddable":true,"href":"https:\/\/orthodoxalbania.org\/2020\/wp-json\/wp\/v2\/tags?post=364"}],"curies":[{"name":"wp","href":"https:\/\/api.w.org\/{rel}","templated":true}]}}