{"id":3624,"date":"2020-04-27T04:28:41","date_gmt":"2020-04-27T02:28:41","guid":{"rendered":""},"modified":"2020-04-28T18:34:59","modified_gmt":"2020-04-28T16:34:59","slug":"hierodeshmor-simeoni-i-jerusalemit-fis-i-krishtit-evlogj-mikpritesi","status":"publish","type":"post","link":"https:\/\/orthodoxalbania.org\/2020\/2020\/04\/27\/hierodeshmor-simeoni-i-jerusalemit-fis-i-krishtit-evlogj-mikpritesi\/","title":{"rendered":"Hierod\u00ebshmor Simeoni i Jerusalemit, nga t\u00eb 70-t. Osh\u00ebnar Evlogj Mikprit\u00ebsi. D\u00ebshmor Popli."},"content":{"rendered":"<p style=\"text-align: justify;\"><span style=\"color: #ff6600;\"><strong><span style=\"font-size: 12pt; font-family: helvetica;\"><img class=\"lazyload\" decoding=\"async\" style=\"margin: 10px; border: 1px solid #000000; float: left;\" alt=\"\" src=\"data:image\/svg+xml,%3Csvg%20xmlns%3D%27http%3A%2F%2Fwww.w3.org%2F2000%2Fsvg%27%20width%3D%27211%27%20height%3D%27306%27%20viewBox%3D%270%200%20211%20306%27%3E%3Crect%20width%3D%27211%27%20height%3D%27306%27%20fill-opacity%3D%220%22%2F%3E%3C%2Fsvg%3E\" data-orig-src=\"https:\/\/orthodoxalbania.org\/2020\/wp-content\/uploads\/2020\/04\/simeoni.jpg\" height=\"306\" width=\"211\" \/><span style=\"color: #008000;\">Hierod\u00ebshmor Simeoni i Jerusalemit.<\/span><\/span><\/strong><\/span><\/p>\n<p style=\"text-align: justify;\"><span style=\"font-size: 12pt; font-family: helvetica; color: #000000;\">\u00cbsht\u00eb apostull nd\u00ebr t\u00eb Shtat\u00ebdhjet\u00ebt (4 janar), nj\u00eb nga kat\u00ebr \u201cv\u00ebllez\u00ebrit\u201d e Zotit, q\u00eb kan\u00eb preokupuar nga fillimi Theologjin\u00eb. Ata p\u00ebrmenden thjesht si v\u00ebllez\u00ebr t\u00eb Tij, ashtu si\u00e7 p\u00ebrmendej Josifi (E diela pas Krishtlindjes) si ati i Tij. Po ashtu edhe Hyjlind\u00ebsja kishte quajtur Josifin atin e Jisuit (Luk. 2:48) megjith\u00ebse ajo e dinte shum\u00eb mir\u00eb se ai nuk ishte fare babai i Jisuit nga ana fizike. Me t\u00eb nj\u00ebjt\u00ebn m\u00ebnyr\u00eb kishte folur edhe engj\u00eblli (Mat.1:20).<\/span><\/p>\n<p style=\"text-align: justify;\"><span style=\"font-size: 12pt; font-family: helvetica; color: #000000;\">Hebrenjt\u00eb pyesnin veten: \u201cA nuk \u00ebsht\u00eb biri i mjeshtrit?\u201d A nuk quhet e \u00ebma Mariam dhe v\u00ebllez\u00ebrit e tij Jakov (23 tetor), dhe Josi, dhe Simon dhe Juda (19 qershor). Dhe motrat e tij a nuk jan\u00eb t\u00eb gjitha nd\u00ebr ne?\u201d (Mat.13:55-56; Mark. 6:3). Pra, ose ishin kush\u00ebrinj t\u00eb par\u00eb t\u00eb Tij qoft\u00eb nga e \u00ebma, qoft\u00eb nga Josifi, ose ndoshta ishin f\u00ebmij\u00eb t\u00eb Josifit nga martes\u00eb e m\u00ebparshme dhe, rrjedhimisht, ishin v\u00ebllez\u00ebr t\u00eb Tij, ligj\u00ebrisht dhe jo t\u00eb natyrsh\u00ebm.<\/span><\/p>\n<p style=\"text-align: justify;\"><span style=\"font-size: 12pt; font-family: helvetica; color: #000000;\">Prandaj, mbi Kryq, Ai ia ngarkoi t\u00eb T\u00ebr\u00ebshenjt\u00ebn apostullit Joan (26 shtator) dhe jo atyre (Joan. 19.26-27). Gjithashtu n\u00eb Letrat e p\u00ebrgjithshme t\u00eb tyre ata nuk e prezantojn\u00eb veten si v\u00ebllez\u00ebr t\u00eb Per\u00ebndis\u00eb, as Jakovi, as Juda. Juda e prezanton veten si v\u00ebllai i Jakovit t\u00eb mbar\u00ebrespektuar ngaq\u00eb donte t\u2019i jepte reputacion Letr\u00ebs s\u00eb tij, por nuk guxon t\u00eb prezantohet si v\u00eblla i Krishtit. Ve\u00e7 k\u00ebsaj, sipas osh\u00ebnarit Jeronim (15 qershor), sh\u00ebn Justini (1 qershor) lindur n\u00eb Palestin\u00eb n\u00eb v. 110, shpallte virgj\u00ebrin\u00eb e p\u00ebrhershme t\u00eb Hyjlind\u00ebses. K\u00ebshtu q\u00eb v\u00ebllez\u00ebrit m\u00ebse t\u00eb njohur t\u00eb Per\u00ebndinjeriut ishin prej prind\u00ebrve t\u00eb ndrysh\u00ebm.<\/span><\/p>\n<p style=\"text-align: justify;\"><span style=\"font-size: 12pt; font-family: helvetica; color: #000000;\">Ishin v\u00ebllez\u00ebrit e Krishtit jo sipas natyr\u00ebs, por sipas Ligjit (t\u00eb Moisiut). Ne befasohemi n\u00ebse nuk dim\u00eb rrethanat dhe zakonet e at\u00ebhershme. P.sh. vejusha q\u00eb nuk kishte f\u00ebmij\u00eb martohej me v\u00ebllan\u00eb e burrit t\u00eb saj dhe f\u00ebmija i par\u00eb \u201cishte\u201d f\u00ebmija i t\u00eb vdekurit (shih Mat. 22:24). P\u00ebr ne \u00ebsht\u00eb marr\u00ebzi n\u00ebse pranojm\u00eb se nj\u00eb foshnj\u00eb e porsalindur e kishte baban\u00eb e saj t\u00eb vdekur para disa vitesh!<\/span><\/p>\n<p style=\"text-align: justify;\"><span style=\"font-size: 12pt; font-family: helvetica; color: #000000;\">Por le t\u00eb kthehemi te Simeoni (ose Simoni, hebraisht: \u00e7\u2019d\u00ebgjimi). U b\u00eb episkop i dyt\u00eb i Jerusalemit (70-107) pas Jakovit dhe hipi n\u00eb fron pas shkat\u00ebrrimit t\u00eb qytetit (n\u00eb v. 70) nga romak\u00ebt. N\u00eb koh\u00ebn e Trajanit (98-117), u denoncua nga heretik\u00ebt te sovrani, p\u00ebr arsye t\u00eb zellit t\u00eb tij p\u00ebr t\u00eb afruar pran\u00eb Per\u00ebndis\u00eb izraelit\u00eb e joizraelit\u00eb dhe p\u00ebr t\u00eb rr\u00ebzuar tempujt pagan\u00eb.<\/span><\/p>\n<p style=\"text-align: justify;\"><span style=\"font-size: 12pt; font-family: helvetica; color: #000000;\">K\u00ebshtu u arrestua, u torturua eg\u00ebrsisht dhe n\u00eb vitin 107 u kryq\u00ebzua ashtu si v\u00ebllai i tij, n\u00eb mosh\u00ebn 120-vje\u00e7are. Pra, duhet t\u00eb ishte 13 vje\u00e7 m\u00eb i madh se Ai dhe natyrisht nuk ishte bir i Virgj\u00ebresh\u00ebs, q\u00eb n\u00eb koh\u00ebn kur u lind Simeoni, sipas tradit\u00ebs, ishte n\u00eb mosh\u00eb shum\u00eb t\u00eb vog\u00ebl.<\/span><\/p>\n<p style=\"text-align: justify;\"><span style=\"font-size: 12pt; font-family: helvetica; color: #000000;\">Sipas nj\u00eb t\u00eb dh\u00ebne, n\u00eb vitin 82 e kishin detyruar t\u00eb pinte helm, por ai nuk p\u00ebsoi asgj\u00eb. Disa her\u00eb ai p\u00ebrkujtohet edhe m\u00eb 18 shtator.<\/span><\/p>\n","protected":false},"excerpt":{"rendered":"<p>Hierod\u00ebshmor Simeoni i Jerusalemit. \u00cbsht\u00eb apostull nd\u00ebr t\u00eb Shtat\u00ebdhjet\u00ebt (4 janar), nj\u00eb nga kat\u00ebr \u201cv\u00ebllez\u00ebrit\u201d e Zotit, q\u00eb kan\u00eb preokupuar nga fillimi Theologjin\u00eb. Ata p\u00ebrmenden thjesht si v\u00ebllez\u00ebr t\u00eb Tij, ashtu si\u00e7 p\u00ebrmendej Josifi (E diela pas Krishtlindjes) si ati i Tij. Po ashtu edhe Hyjlind\u00ebsja kishte quajtur Josifin atin e Jisuit (Luk. 2:48) megjith\u00ebse ajo e dinte shum\u00eb mir\u00eb se ai nuk ishte fare<\/p>\n","protected":false},"author":7,"featured_media":0,"comment_status":"closed","ping_status":"closed","sticky":false,"template":"","format":"standard","meta":{"_acf_changed":false,"pagelayer_contact_templates":[],"_pagelayer_content":"","inline_featured_image":false,"fifu_image_url":"","fifu_image_alt":"","footnotes":""},"categories":[372],"tags":[2103,2101],"class_list":["post-3624","post","type-post","status-publish","format-standard","hentry","category-shenjtoret-e-dites","tag-leximet-e-dites","tag-shenjtori-i-dites"],"acf":[],"yoast_head":"<!-- This site is optimized with the Yoast SEO plugin v27.2 - https:\/\/yoast.com\/product\/yoast-seo-wordpress\/ -->\n<title>Hierod\u00ebshmor Simeoni i Jerusalemit, nga t\u00eb 70-t. Osh\u00ebnar Evlogj Mikprit\u00ebsi. D\u00ebshmor Popli. - Kisha Orthodh\u03bfkse Autoqefale e Shqip\u00ebris\u00eb<\/title>\n<meta name=\"robots\" content=\"index, follow, max-snippet:-1, max-image-preview:large, max-video-preview:-1\" \/>\n<link rel=\"canonical\" href=\"https:\/\/orthodoxalbania.org\/2020\/2020\/04\/27\/hierodeshmor-simeoni-i-jerusalemit-fis-i-krishtit-evlogj-mikpritesi\/\" \/>\n<meta property=\"og:locale\" content=\"en_US\" \/>\n<meta property=\"og:type\" content=\"article\" \/>\n<meta property=\"og:title\" content=\"Hierod\u00ebshmor Simeoni i Jerusalemit, nga t\u00eb 70-t. Osh\u00ebnar Evlogj Mikprit\u00ebsi. D\u00ebshmor Popli. - Kisha Orthodh\u03bfkse Autoqefale e Shqip\u00ebris\u00eb\" \/>\n<meta property=\"og:description\" content=\"Hierod\u00ebshmor Simeoni i Jerusalemit. \u00cbsht\u00eb apostull nd\u00ebr t\u00eb Shtat\u00ebdhjet\u00ebt (4 janar), nj\u00eb nga kat\u00ebr \u201cv\u00ebllez\u00ebrit\u201d e Zotit, q\u00eb kan\u00eb preokupuar nga fillimi Theologjin\u00eb. Ata p\u00ebrmenden thjesht si v\u00ebllez\u00ebr t\u00eb Tij, ashtu si\u00e7 p\u00ebrmendej Josifi (E diela pas Krishtlindjes) si ati i Tij. Po ashtu edhe Hyjlind\u00ebsja kishte quajtur Josifin atin e Jisuit (Luk. 2:48) megjith\u00ebse ajo e dinte shum\u00eb mir\u00eb se ai nuk ishte fare\" \/>\n<meta property=\"og:url\" content=\"https:\/\/orthodoxalbania.org\/2020\/2020\/04\/27\/hierodeshmor-simeoni-i-jerusalemit-fis-i-krishtit-evlogj-mikpritesi\/\" \/>\n<meta property=\"og:site_name\" content=\"Kisha Orthodh\u03bfkse Autoqefale e Shqip\u00ebris\u00eb\" \/>\n<meta property=\"article:publisher\" content=\"https:\/\/www.facebook.com\/koash1991\" \/>\n<meta property=\"article:published_time\" content=\"2020-04-27T02:28:41+00:00\" \/>\n<meta property=\"article:modified_time\" content=\"2020-04-28T16:34:59+00:00\" \/>\n<meta property=\"og:image\" content=\"https:\/\/orthodoxalbania.org\/2020\/wp-content\/uploads\/2020\/04\/simeoni.jpg\" \/>\n<meta name=\"author\" content=\"Kisha Orthodhokse\" \/>\n<meta name=\"twitter:card\" content=\"summary_large_image\" \/>\n<meta name=\"twitter:label1\" content=\"Written by\" \/>\n\t<meta name=\"twitter:data1\" content=\"Kisha Orthodhokse\" \/>\n\t<meta name=\"twitter:label2\" content=\"Est. reading time\" \/>\n\t<meta name=\"twitter:data2\" content=\"3 minutes\" \/>\n<script type=\"application\/ld+json\" class=\"yoast-schema-graph\">{\"@context\":\"https:\/\/schema.org\",\"@graph\":[{\"@type\":\"Article\",\"@id\":\"https:\/\/orthodoxalbania.org\/2020\/2020\/04\/27\/hierodeshmor-simeoni-i-jerusalemit-fis-i-krishtit-evlogj-mikpritesi\/#article\",\"isPartOf\":{\"@id\":\"https:\/\/orthodoxalbania.org\/2020\/2020\/04\/27\/hierodeshmor-simeoni-i-jerusalemit-fis-i-krishtit-evlogj-mikpritesi\/\"},\"author\":{\"name\":\"Kisha Orthodhokse\",\"@id\":\"https:\/\/orthodoxalbania.org\/2020\/#\/schema\/person\/df745f942b70e045b3dc05a30211f0de\"},\"headline\":\"Hierod\u00ebshmor Simeoni i Jerusalemit, nga t\u00eb 70-t. Osh\u00ebnar Evlogj Mikprit\u00ebsi. D\u00ebshmor Popli.\",\"datePublished\":\"2020-04-27T02:28:41+00:00\",\"dateModified\":\"2020-04-28T16:34:59+00:00\",\"mainEntityOfPage\":{\"@id\":\"https:\/\/orthodoxalbania.org\/2020\/2020\/04\/27\/hierodeshmor-simeoni-i-jerusalemit-fis-i-krishtit-evlogj-mikpritesi\/\"},\"wordCount\":562,\"publisher\":{\"@id\":\"https:\/\/orthodoxalbania.org\/2020\/#organization\"},\"image\":{\"@id\":\"https:\/\/orthodoxalbania.org\/2020\/2020\/04\/27\/hierodeshmor-simeoni-i-jerusalemit-fis-i-krishtit-evlogj-mikpritesi\/#primaryimage\"},\"thumbnailUrl\":\"https:\/\/orthodoxalbania.org\/2020\/wp-content\/uploads\/2020\/04\/simeoni.jpg\",\"keywords\":[\"leximet e dites\",\"shenjtori i dites\"],\"articleSection\":[\"Shenjtor\u00ebt e dit\u00ebs\"],\"inLanguage\":\"en-US\"},{\"@type\":\"WebPage\",\"@id\":\"https:\/\/orthodoxalbania.org\/2020\/2020\/04\/27\/hierodeshmor-simeoni-i-jerusalemit-fis-i-krishtit-evlogj-mikpritesi\/\",\"url\":\"https:\/\/orthodoxalbania.org\/2020\/2020\/04\/27\/hierodeshmor-simeoni-i-jerusalemit-fis-i-krishtit-evlogj-mikpritesi\/\",\"name\":\"Hierod\u00ebshmor Simeoni i Jerusalemit, nga t\u00eb 70-t. Osh\u00ebnar Evlogj Mikprit\u00ebsi. D\u00ebshmor Popli. - Kisha Orthodh\u03bfkse Autoqefale e Shqip\u00ebris\u00eb\",\"isPartOf\":{\"@id\":\"https:\/\/orthodoxalbania.org\/2020\/#website\"},\"primaryImageOfPage\":{\"@id\":\"https:\/\/orthodoxalbania.org\/2020\/2020\/04\/27\/hierodeshmor-simeoni-i-jerusalemit-fis-i-krishtit-evlogj-mikpritesi\/#primaryimage\"},\"image\":{\"@id\":\"https:\/\/orthodoxalbania.org\/2020\/2020\/04\/27\/hierodeshmor-simeoni-i-jerusalemit-fis-i-krishtit-evlogj-mikpritesi\/#primaryimage\"},\"thumbnailUrl\":\"https:\/\/orthodoxalbania.org\/2020\/wp-content\/uploads\/2020\/04\/simeoni.jpg\",\"datePublished\":\"2020-04-27T02:28:41+00:00\",\"dateModified\":\"2020-04-28T16:34:59+00:00\",\"breadcrumb\":{\"@id\":\"https:\/\/orthodoxalbania.org\/2020\/2020\/04\/27\/hierodeshmor-simeoni-i-jerusalemit-fis-i-krishtit-evlogj-mikpritesi\/#breadcrumb\"},\"inLanguage\":\"en-US\",\"potentialAction\":[{\"@type\":\"ReadAction\",\"target\":[\"https:\/\/orthodoxalbania.org\/2020\/2020\/04\/27\/hierodeshmor-simeoni-i-jerusalemit-fis-i-krishtit-evlogj-mikpritesi\/\"]}]},{\"@type\":\"ImageObject\",\"inLanguage\":\"en-US\",\"@id\":\"https:\/\/orthodoxalbania.org\/2020\/2020\/04\/27\/hierodeshmor-simeoni-i-jerusalemit-fis-i-krishtit-evlogj-mikpritesi\/#primaryimage\",\"url\":\"https:\/\/orthodoxalbania.org\/2020\/wp-content\/uploads\/2020\/04\/simeoni.jpg\",\"contentUrl\":\"https:\/\/orthodoxalbania.org\/2020\/wp-content\/uploads\/2020\/04\/simeoni.jpg\"},{\"@type\":\"BreadcrumbList\",\"@id\":\"https:\/\/orthodoxalbania.org\/2020\/2020\/04\/27\/hierodeshmor-simeoni-i-jerusalemit-fis-i-krishtit-evlogj-mikpritesi\/#breadcrumb\",\"itemListElement\":[{\"@type\":\"ListItem\",\"position\":1,\"name\":\"Home\",\"item\":\"https:\/\/orthodoxalbania.org\/2020\/\"},{\"@type\":\"ListItem\",\"position\":2,\"name\":\"Hierod\u00ebshmor Simeoni i Jerusalemit, nga t\u00eb 70-t. Osh\u00ebnar Evlogj Mikprit\u00ebsi. D\u00ebshmor Popli.\"}]},{\"@type\":\"WebSite\",\"@id\":\"https:\/\/orthodoxalbania.org\/2020\/#website\",\"url\":\"https:\/\/orthodoxalbania.org\/2020\/\",\"name\":\"Kisha Orthodh\u03bfkse Autoqefale e Shqip\u00ebris\u00eb\",\"description\":\"Fqja Zyrtare e Kish\u00ebs Orthodhokse Autoqefale e Shqip\u00ebris\u00eb me lajmet edhe informacionet zyrtare p\u00ebr struktur\u00ebn edhe veprimtarin e saj.\",\"publisher\":{\"@id\":\"https:\/\/orthodoxalbania.org\/2020\/#organization\"},\"potentialAction\":[{\"@type\":\"SearchAction\",\"target\":{\"@type\":\"EntryPoint\",\"urlTemplate\":\"https:\/\/orthodoxalbania.org\/2020\/?s={search_term_string}\"},\"query-input\":{\"@type\":\"PropertyValueSpecification\",\"valueRequired\":true,\"valueName\":\"search_term_string\"}}],\"inLanguage\":\"en-US\"},{\"@type\":\"Organization\",\"@id\":\"https:\/\/orthodoxalbania.org\/2020\/#organization\",\"name\":\"Kisha Orthodhokse Autoqefale e Shqip\u00ebris\u00eb\",\"url\":\"https:\/\/orthodoxalbania.org\/2020\/\",\"logo\":{\"@type\":\"ImageObject\",\"inLanguage\":\"en-US\",\"@id\":\"https:\/\/orthodoxalbania.org\/2020\/#\/schema\/logo\/image\/\",\"url\":\"https:\/\/orthodoxalbania.org\/2020\/wp-content\/uploads\/2020\/05\/albania.jpeg\",\"contentUrl\":\"https:\/\/orthodoxalbania.org\/2020\/wp-content\/uploads\/2020\/05\/albania.jpeg\",\"width\":540,\"height\":540,\"caption\":\"Kisha Orthodhokse Autoqefale e Shqip\u00ebris\u00eb\"},\"image\":{\"@id\":\"https:\/\/orthodoxalbania.org\/2020\/#\/schema\/logo\/image\/\"},\"sameAs\":[\"https:\/\/www.facebook.com\/koash1991\"]},{\"@type\":\"Person\",\"@id\":\"https:\/\/orthodoxalbania.org\/2020\/#\/schema\/person\/df745f942b70e045b3dc05a30211f0de\",\"name\":\"Kisha Orthodhokse\",\"image\":{\"@type\":\"ImageObject\",\"inLanguage\":\"en-US\",\"@id\":\"https:\/\/secure.gravatar.com\/avatar\/2676eb8d97178435c9f691a7871595a1da6c33542dec218bce40885573150e28?s=96&d=mm&r=g\",\"url\":\"https:\/\/secure.gravatar.com\/avatar\/2676eb8d97178435c9f691a7871595a1da6c33542dec218bce40885573150e28?s=96&d=mm&r=g\",\"contentUrl\":\"https:\/\/secure.gravatar.com\/avatar\/2676eb8d97178435c9f691a7871595a1da6c33542dec218bce40885573150e28?s=96&d=mm&r=g\",\"caption\":\"Kisha Orthodhokse\"}}]}<\/script>\n<!-- \/ Yoast SEO plugin. -->","yoast_head_json":{"title":"Hierod\u00ebshmor Simeoni i Jerusalemit, nga t\u00eb 70-t. Osh\u00ebnar Evlogj Mikprit\u00ebsi. D\u00ebshmor Popli. - Kisha Orthodh\u03bfkse Autoqefale e Shqip\u00ebris\u00eb","robots":{"index":"index","follow":"follow","max-snippet":"max-snippet:-1","max-image-preview":"max-image-preview:large","max-video-preview":"max-video-preview:-1"},"canonical":"https:\/\/orthodoxalbania.org\/2020\/2020\/04\/27\/hierodeshmor-simeoni-i-jerusalemit-fis-i-krishtit-evlogj-mikpritesi\/","og_locale":"en_US","og_type":"article","og_title":"Hierod\u00ebshmor Simeoni i Jerusalemit, nga t\u00eb 70-t. Osh\u00ebnar Evlogj Mikprit\u00ebsi. D\u00ebshmor Popli. - Kisha Orthodh\u03bfkse Autoqefale e Shqip\u00ebris\u00eb","og_description":"Hierod\u00ebshmor Simeoni i Jerusalemit. \u00cbsht\u00eb apostull nd\u00ebr t\u00eb Shtat\u00ebdhjet\u00ebt (4 janar), nj\u00eb nga kat\u00ebr \u201cv\u00ebllez\u00ebrit\u201d e Zotit, q\u00eb kan\u00eb preokupuar nga fillimi Theologjin\u00eb. Ata p\u00ebrmenden thjesht si v\u00ebllez\u00ebr t\u00eb Tij, ashtu si\u00e7 p\u00ebrmendej Josifi (E diela pas Krishtlindjes) si ati i Tij. Po ashtu edhe Hyjlind\u00ebsja kishte quajtur Josifin atin e Jisuit (Luk. 2:48) megjith\u00ebse ajo e dinte shum\u00eb mir\u00eb se ai nuk ishte fare","og_url":"https:\/\/orthodoxalbania.org\/2020\/2020\/04\/27\/hierodeshmor-simeoni-i-jerusalemit-fis-i-krishtit-evlogj-mikpritesi\/","og_site_name":"Kisha Orthodh\u03bfkse Autoqefale e Shqip\u00ebris\u00eb","article_publisher":"https:\/\/www.facebook.com\/koash1991","article_published_time":"2020-04-27T02:28:41+00:00","article_modified_time":"2020-04-28T16:34:59+00:00","og_image":[{"url":"https:\/\/orthodoxalbania.org\/2020\/wp-content\/uploads\/2020\/04\/simeoni.jpg","type":"","width":"","height":""}],"author":"Kisha Orthodhokse","twitter_card":"summary_large_image","twitter_misc":{"Written by":"Kisha Orthodhokse","Est. reading time":"3 minutes"},"schema":{"@context":"https:\/\/schema.org","@graph":[{"@type":"Article","@id":"https:\/\/orthodoxalbania.org\/2020\/2020\/04\/27\/hierodeshmor-simeoni-i-jerusalemit-fis-i-krishtit-evlogj-mikpritesi\/#article","isPartOf":{"@id":"https:\/\/orthodoxalbania.org\/2020\/2020\/04\/27\/hierodeshmor-simeoni-i-jerusalemit-fis-i-krishtit-evlogj-mikpritesi\/"},"author":{"name":"Kisha Orthodhokse","@id":"https:\/\/orthodoxalbania.org\/2020\/#\/schema\/person\/df745f942b70e045b3dc05a30211f0de"},"headline":"Hierod\u00ebshmor Simeoni i Jerusalemit, nga t\u00eb 70-t. Osh\u00ebnar Evlogj Mikprit\u00ebsi. D\u00ebshmor Popli.","datePublished":"2020-04-27T02:28:41+00:00","dateModified":"2020-04-28T16:34:59+00:00","mainEntityOfPage":{"@id":"https:\/\/orthodoxalbania.org\/2020\/2020\/04\/27\/hierodeshmor-simeoni-i-jerusalemit-fis-i-krishtit-evlogj-mikpritesi\/"},"wordCount":562,"publisher":{"@id":"https:\/\/orthodoxalbania.org\/2020\/#organization"},"image":{"@id":"https:\/\/orthodoxalbania.org\/2020\/2020\/04\/27\/hierodeshmor-simeoni-i-jerusalemit-fis-i-krishtit-evlogj-mikpritesi\/#primaryimage"},"thumbnailUrl":"https:\/\/orthodoxalbania.org\/2020\/wp-content\/uploads\/2020\/04\/simeoni.jpg","keywords":["leximet e dites","shenjtori i dites"],"articleSection":["Shenjtor\u00ebt e dit\u00ebs"],"inLanguage":"en-US"},{"@type":"WebPage","@id":"https:\/\/orthodoxalbania.org\/2020\/2020\/04\/27\/hierodeshmor-simeoni-i-jerusalemit-fis-i-krishtit-evlogj-mikpritesi\/","url":"https:\/\/orthodoxalbania.org\/2020\/2020\/04\/27\/hierodeshmor-simeoni-i-jerusalemit-fis-i-krishtit-evlogj-mikpritesi\/","name":"Hierod\u00ebshmor Simeoni i Jerusalemit, nga t\u00eb 70-t. Osh\u00ebnar Evlogj Mikprit\u00ebsi. D\u00ebshmor Popli. - Kisha Orthodh\u03bfkse Autoqefale e Shqip\u00ebris\u00eb","isPartOf":{"@id":"https:\/\/orthodoxalbania.org\/2020\/#website"},"primaryImageOfPage":{"@id":"https:\/\/orthodoxalbania.org\/2020\/2020\/04\/27\/hierodeshmor-simeoni-i-jerusalemit-fis-i-krishtit-evlogj-mikpritesi\/#primaryimage"},"image":{"@id":"https:\/\/orthodoxalbania.org\/2020\/2020\/04\/27\/hierodeshmor-simeoni-i-jerusalemit-fis-i-krishtit-evlogj-mikpritesi\/#primaryimage"},"thumbnailUrl":"https:\/\/orthodoxalbania.org\/2020\/wp-content\/uploads\/2020\/04\/simeoni.jpg","datePublished":"2020-04-27T02:28:41+00:00","dateModified":"2020-04-28T16:34:59+00:00","breadcrumb":{"@id":"https:\/\/orthodoxalbania.org\/2020\/2020\/04\/27\/hierodeshmor-simeoni-i-jerusalemit-fis-i-krishtit-evlogj-mikpritesi\/#breadcrumb"},"inLanguage":"en-US","potentialAction":[{"@type":"ReadAction","target":["https:\/\/orthodoxalbania.org\/2020\/2020\/04\/27\/hierodeshmor-simeoni-i-jerusalemit-fis-i-krishtit-evlogj-mikpritesi\/"]}]},{"@type":"ImageObject","inLanguage":"en-US","@id":"https:\/\/orthodoxalbania.org\/2020\/2020\/04\/27\/hierodeshmor-simeoni-i-jerusalemit-fis-i-krishtit-evlogj-mikpritesi\/#primaryimage","url":"https:\/\/orthodoxalbania.org\/2020\/wp-content\/uploads\/2020\/04\/simeoni.jpg","contentUrl":"https:\/\/orthodoxalbania.org\/2020\/wp-content\/uploads\/2020\/04\/simeoni.jpg"},{"@type":"BreadcrumbList","@id":"https:\/\/orthodoxalbania.org\/2020\/2020\/04\/27\/hierodeshmor-simeoni-i-jerusalemit-fis-i-krishtit-evlogj-mikpritesi\/#breadcrumb","itemListElement":[{"@type":"ListItem","position":1,"name":"Home","item":"https:\/\/orthodoxalbania.org\/2020\/"},{"@type":"ListItem","position":2,"name":"Hierod\u00ebshmor Simeoni i Jerusalemit, nga t\u00eb 70-t. Osh\u00ebnar Evlogj Mikprit\u00ebsi. D\u00ebshmor Popli."}]},{"@type":"WebSite","@id":"https:\/\/orthodoxalbania.org\/2020\/#website","url":"https:\/\/orthodoxalbania.org\/2020\/","name":"Kisha Orthodh\u03bfkse Autoqefale e Shqip\u00ebris\u00eb","description":"Fqja Zyrtare e Kish\u00ebs Orthodhokse Autoqefale e Shqip\u00ebris\u00eb me lajmet edhe informacionet zyrtare p\u00ebr struktur\u00ebn edhe veprimtarin e saj.","publisher":{"@id":"https:\/\/orthodoxalbania.org\/2020\/#organization"},"potentialAction":[{"@type":"SearchAction","target":{"@type":"EntryPoint","urlTemplate":"https:\/\/orthodoxalbania.org\/2020\/?s={search_term_string}"},"query-input":{"@type":"PropertyValueSpecification","valueRequired":true,"valueName":"search_term_string"}}],"inLanguage":"en-US"},{"@type":"Organization","@id":"https:\/\/orthodoxalbania.org\/2020\/#organization","name":"Kisha Orthodhokse Autoqefale e Shqip\u00ebris\u00eb","url":"https:\/\/orthodoxalbania.org\/2020\/","logo":{"@type":"ImageObject","inLanguage":"en-US","@id":"https:\/\/orthodoxalbania.org\/2020\/#\/schema\/logo\/image\/","url":"https:\/\/orthodoxalbania.org\/2020\/wp-content\/uploads\/2020\/05\/albania.jpeg","contentUrl":"https:\/\/orthodoxalbania.org\/2020\/wp-content\/uploads\/2020\/05\/albania.jpeg","width":540,"height":540,"caption":"Kisha Orthodhokse Autoqefale e Shqip\u00ebris\u00eb"},"image":{"@id":"https:\/\/orthodoxalbania.org\/2020\/#\/schema\/logo\/image\/"},"sameAs":["https:\/\/www.facebook.com\/koash1991"]},{"@type":"Person","@id":"https:\/\/orthodoxalbania.org\/2020\/#\/schema\/person\/df745f942b70e045b3dc05a30211f0de","name":"Kisha Orthodhokse","image":{"@type":"ImageObject","inLanguage":"en-US","@id":"https:\/\/secure.gravatar.com\/avatar\/2676eb8d97178435c9f691a7871595a1da6c33542dec218bce40885573150e28?s=96&d=mm&r=g","url":"https:\/\/secure.gravatar.com\/avatar\/2676eb8d97178435c9f691a7871595a1da6c33542dec218bce40885573150e28?s=96&d=mm&r=g","contentUrl":"https:\/\/secure.gravatar.com\/avatar\/2676eb8d97178435c9f691a7871595a1da6c33542dec218bce40885573150e28?s=96&d=mm&r=g","caption":"Kisha Orthodhokse"}}]}},"_links":{"self":[{"href":"https:\/\/orthodoxalbania.org\/2020\/wp-json\/wp\/v2\/posts\/3624","targetHints":{"allow":["GET"]}}],"collection":[{"href":"https:\/\/orthodoxalbania.org\/2020\/wp-json\/wp\/v2\/posts"}],"about":[{"href":"https:\/\/orthodoxalbania.org\/2020\/wp-json\/wp\/v2\/types\/post"}],"author":[{"embeddable":true,"href":"https:\/\/orthodoxalbania.org\/2020\/wp-json\/wp\/v2\/users\/7"}],"replies":[{"embeddable":true,"href":"https:\/\/orthodoxalbania.org\/2020\/wp-json\/wp\/v2\/comments?post=3624"}],"version-history":[{"count":1,"href":"https:\/\/orthodoxalbania.org\/2020\/wp-json\/wp\/v2\/posts\/3624\/revisions"}],"predecessor-version":[{"id":19184,"href":"https:\/\/orthodoxalbania.org\/2020\/wp-json\/wp\/v2\/posts\/3624\/revisions\/19184"}],"wp:attachment":[{"href":"https:\/\/orthodoxalbania.org\/2020\/wp-json\/wp\/v2\/media?parent=3624"}],"wp:term":[{"taxonomy":"category","embeddable":true,"href":"https:\/\/orthodoxalbania.org\/2020\/wp-json\/wp\/v2\/categories?post=3624"},{"taxonomy":"post_tag","embeddable":true,"href":"https:\/\/orthodoxalbania.org\/2020\/wp-json\/wp\/v2\/tags?post=3624"}],"curies":[{"name":"wp","href":"https:\/\/api.w.org\/{rel}","templated":true}]}}