{"id":3522,"date":"2015-04-03T08:51:25","date_gmt":"2015-04-03T08:51:25","guid":{"rendered":""},"modified":"2020-04-06T22:02:16","modified_gmt":"2020-04-06T20:02:16","slug":"pergjigje-e-episkop-nikolles-drejtuar-prof-eshref-ymeri-ne-gazeten-telegraf","status":"publish","type":"post","link":"https:\/\/orthodoxalbania.org\/2020\/2015\/04\/03\/pergjigje-e-episkop-nikolles-drejtuar-prof-eshref-ymeri-ne-gazeten-telegraf\/","title":{"rendered":"P\u00ebrgjigje e Episkop Nikoll\u00ebs drejtuar prof. Eshref Ymeri n\u00eb gazet\u00ebn &#8220;Telegraf&#8221;"},"content":{"rendered":"<p style=\"text-align: center;\"><span style=\"color: #000000;\"><strong><span style=\"font-size: 12pt; font-family: helvetica;\"><\/span><\/strong><\/span><\/p>\n<p> <\/p>\n<p style=\"text-align: center;\"><span style=\"color: #000000;\"><strong><span style=\"font-size: 12pt; font-family: helvetica;\">Argumente t\u00eb themeluara mbi histori imagjinare!<\/span><\/strong><\/span><\/p>\n<p style=\"text-align: center;\">&nbsp;<\/p>\n<p style=\"text-align: justify;\"><span style=\"color: #000000;\"><\/span><\/p>\n<p style=\"text-align: justify;\"><span style=\"color: #000000;\"><span style=\"font-size: 12pt; font-family: helvetica;\">&nbsp;&nbsp;&nbsp; N\u00eb dat\u00ebn 27 mars 2015, n\u00eb faqen e par\u00eb t\u00eb gazet\u00ebs \u201cTelegraf\u201d, u informuam p\u00ebr nj\u00eb \u201cbised\u00eb sekrete\u201d t\u00eb b\u00ebr\u00eb publike n\u00eb artikullin e prof. Eshref Ymeri me titull: \u201cNj\u00eb bised\u00eb mes Janullatosit dhe Vangjel Dules\u201d. Dialogut t\u00eb cilit i referohet autori \u00ebsht\u00eb i muajit gusht 2014, publikuar n\u00eb faqet e internetit, aspak p\u00ebr t\u2019u marr\u00eb seriozisht, pasi \u00ebsht\u00eb t\u00ebr\u00ebsisht i imagjinuar n\u00eb form\u00ebn e mesazheve sms-ve t\u00eb d\u00ebrguara nga celulari. Sa p\u00ebr informacion, Kryepiskopi Anastas asnj\u00ebher\u00eb nuk ka pasur e as ka p\u00ebrdorur ndonj\u00ebher\u00eb celular\u00eb. K\u00ebto publikime autori i artikullit n\u00eb fjal\u00eb i trajton sikur ato t\u00eb p\u00ebrb\u00ebnin burime historike t\u00eb pakund\u00ebrshtueshme.&nbsp;&nbsp;&nbsp; <\/span><\/span><\/p>\n<p style=\"text-align: justify;\"><span style=\"color: #000000; font-size: 12pt; font-family: helvetica;\">&nbsp;&nbsp;&nbsp; Personalisht u b\u00ebra kurioz t\u00eb shoh se p\u00ebr \u00e7far\u00eb b\u00ebhet fjal\u00eb dhe cilat jan\u00eb k\u00ebto burime. Pasi k\u00ebrkova n\u00eb adresat e referuara, ashtu si\u00e7 edhe shum\u00eb t\u00eb tjer\u00eb mund ta konstatojn\u00eb leht\u00ebsisht, vura re se b\u00ebhej fal\u00eb p\u00ebr nj\u00eb fars\u00eb sarkastike dhe aspak serioze, si\u00e7 qarkullojn\u00eb shum\u00eb postime t\u00eb tilla sot n\u00eb bot\u00ebn e madhe dhe t\u00eb pakontrolluar t\u00eb internetit, ku \u00e7dokush mund t\u00eb vendos\u00eb lajme dhe ngjarje nga m\u00eb t\u00eb \u00e7uditshmet, qofshin ato nga m\u00eb t\u00eb fantazuarat e deri te qesharaket.<\/span><\/p>\n<p style=\"text-align: justify;\"><span style=\"color: #000000;\">&nbsp;&nbsp;<span style=\"font-size: 12pt; font-family: helvetica;\">&nbsp; Bazuar n\u00eb k\u00ebto argumente t\u00eb pav\u00ebrteta dhe pa lidhje, autori ngre akuza aspak serioze me q\u00ebllimin e vet\u00ebm ofendimin e personave t\u00eb r\u00ebnd\u00ebsish\u00ebm publik\u00eb. Nj\u00eb gj\u00eb e till\u00eb sigurisht nuk p\u00ebrputhet me statusin e nj\u00eb studiuesi serioz. Nj\u00eb dezinformim i k\u00ebtij lloji i opinionin publik d\u00ebmton mbi t\u00eb gjitha harmonin\u00eb fetare n\u00eb vendin ton\u00eb.<\/span><\/span><\/p>\n<p style=\"text-align: justify;\"><span style=\"color: #000000;\"><span style=\"font-size: 12pt; font-family: helvetica;\">&nbsp;&nbsp;&nbsp; Sa p\u00ebr kontributin dhe personalitetin e Kryepiskopit Anastas, treguesi m\u00eb i mir\u00eb \u00ebsht\u00eb vepra e tij, si dhe vler\u00ebsimet e vazhdueshme q\u00eb ka marr\u00eb, si brenda ashtu edhe jasht\u00eb vendit ton\u00eb, n\u00eb ringritjen dhe zhvillimin mahnit\u00ebs t\u00eb Kish\u00ebs Orthodhokse Autoqefale t\u00eb Shqip\u00ebris\u00eb dhe n\u00eb kontributin konkret gjat\u00eb gjith\u00eb k\u00ebtyre viteve t\u00eb periudh\u00ebs s\u00eb demokracis\u00eb n\u00eb t\u00eb gjith\u00eb sektor\u00ebt e jet\u00ebs dhe shoq\u00ebris\u00eb son\u00eb.<\/span><\/span><\/p>\n<p style=\"text-align: justify;\">&nbsp;<\/p>\n<p style=\"text-align: justify;\"><span style=\"color: #000000;\"><\/span><\/p>\n<div style=\"text-align: justify;\"><span style=\"color: #000000;\"><strong><span style=\"font-size: 12pt; font-family: helvetica;\">+ Nikolla<\/span><\/strong><\/span><\/div>\n<div style=\"text-align: justify;\"><span style=\"color: #000000;\"><strong><span style=\"font-size: 12pt; font-family: helvetica;\">Episkop i Apolonis\u00eb<\/span><\/strong><\/span><\/div>\n<div style=\"text-align: justify;\">&nbsp;<\/div>\n<div style=\"text-align: left;\"><span style=\"color: #000000;\"><strong><span style=\"font-size: 12pt; font-family: helvetica;\">&nbsp;&nbsp;&nbsp;&nbsp;&nbsp;&nbsp;&nbsp;&nbsp;&nbsp;&nbsp;&nbsp;&nbsp;&nbsp;&nbsp;&nbsp;&nbsp;&nbsp;&nbsp;&nbsp;&nbsp;&nbsp;&nbsp;&nbsp;&nbsp;&nbsp;&nbsp;&nbsp;&nbsp;&nbsp;&nbsp;&nbsp;&nbsp;&nbsp;&nbsp;&nbsp;&nbsp;&nbsp;&nbsp;&nbsp;&nbsp;&nbsp;&nbsp;&nbsp;&nbsp;&nbsp;&nbsp;&nbsp;&nbsp;&nbsp;&nbsp;&nbsp;&nbsp;&nbsp;&nbsp;&nbsp;&nbsp;&nbsp;&nbsp;&nbsp;&nbsp;&nbsp;&nbsp;&nbsp;&nbsp;&nbsp;&nbsp;&nbsp;&nbsp;&nbsp;&nbsp;&nbsp;&nbsp;&nbsp;&nbsp;&nbsp;&nbsp;&nbsp;&nbsp;&nbsp;&nbsp;&nbsp;&nbsp;&nbsp;&nbsp;&nbsp;&nbsp;&nbsp;&nbsp;&nbsp;&nbsp;&nbsp;&nbsp;&nbsp;&nbsp;&nbsp;&nbsp;&nbsp;&nbsp;&nbsp;&nbsp;&nbsp;&nbsp;&nbsp;&nbsp;&nbsp;&nbsp;&nbsp;&nbsp;&nbsp;&nbsp;&nbsp;&nbsp;&nbsp;&nbsp;&nbsp;&nbsp;&nbsp;&nbsp;&nbsp;&nbsp;&nbsp;&nbsp;&nbsp;&nbsp;&nbsp;&nbsp;&nbsp;&nbsp;&nbsp;&nbsp;&nbsp;&nbsp;&nbsp;&nbsp;&nbsp;&nbsp;&nbsp;&nbsp;&nbsp;&nbsp;&nbsp;&nbsp;&nbsp;&nbsp;&nbsp;&nbsp;&nbsp;&nbsp;&nbsp;&nbsp;&nbsp;&nbsp;&nbsp;&nbsp;&nbsp;&nbsp;&nbsp;&nbsp;&nbsp;&nbsp;&nbsp;&nbsp;&nbsp;&nbsp;&nbsp;&nbsp;&nbsp; <\/span><\/strong><\/span><\/div>\n<p style=\"text-align: right;\"><span style=\"color: #000000;\"><strong><span style=\"font-size: 12pt;\">Botuar n\u00eb gazet\u00ebn &#8220;Telegraf&#8221;, e m\u00ebrkur\u00eb, dt. 01.04.2015<\/span><\/strong><\/span><\/p>\n","protected":false},"excerpt":{"rendered":"<p>Argumente t\u00eb themeluara mbi histori imagjinare! &nbsp; &nbsp;&nbsp;&nbsp; N\u00eb dat\u00ebn 27 mars 2015, n\u00eb faqen e par\u00eb t\u00eb gazet\u00ebs \u201cTelegraf\u201d, u informuam p\u00ebr nj\u00eb \u201cbised\u00eb sekrete\u201d t\u00eb b\u00ebr\u00eb publike n\u00eb artikullin e prof. Eshref Ymeri me titull: \u201cNj\u00eb bised\u00eb mes Janullatosit dhe Vangjel Dules\u201d. Dialogut t\u00eb cilit i referohet autori \u00ebsht\u00eb i muajit gusht 2014, publikuar n\u00eb faqet e internetit, aspak p\u00ebr t\u2019u marr\u00eb seriozisht,<\/p>\n","protected":false},"author":1,"featured_media":3523,"comment_status":"open","ping_status":"open","sticky":false,"template":"","format":"standard","meta":{"_acf_changed":false,"pagelayer_contact_templates":[],"_pagelayer_content":"","inline_featured_image":false,"fifu_image_url":"","fifu_image_alt":"","footnotes":""},"categories":[108],"tags":[139,153,196,212,203],"class_list":["post-3522","post","type-post","status-publish","format-standard","has-post-thumbnail","hentry","category-lajme","tag-139","tag-deklarata-njoftime-zyrtare-d75","tag-tirane","tag-lajme-d27","tag-pergjigje-ndaj-akuzave"],"acf":[],"yoast_head":"<!-- This site is optimized with the Yoast SEO plugin v27.2 - https:\/\/yoast.com\/product\/yoast-seo-wordpress\/ -->\n<title>P\u00ebrgjigje e Episkop Nikoll\u00ebs drejtuar prof. Eshref Ymeri n\u00eb gazet\u00ebn &quot;Telegraf&quot; - Kisha Orthodh\u03bfkse Autoqefale e Shqip\u00ebris\u00eb<\/title>\n<meta name=\"robots\" content=\"index, follow, max-snippet:-1, max-image-preview:large, max-video-preview:-1\" \/>\n<link rel=\"canonical\" href=\"https:\/\/orthodoxalbania.org\/2020\/2015\/04\/03\/pergjigje-e-episkop-nikolles-drejtuar-prof-eshref-ymeri-ne-gazeten-telegraf\/\" \/>\n<meta property=\"og:locale\" content=\"en_US\" \/>\n<meta property=\"og:type\" content=\"article\" \/>\n<meta property=\"og:title\" content=\"P\u00ebrgjigje e Episkop Nikoll\u00ebs drejtuar prof. Eshref Ymeri n\u00eb gazet\u00ebn &quot;Telegraf&quot; - Kisha Orthodh\u03bfkse Autoqefale e Shqip\u00ebris\u00eb\" \/>\n<meta property=\"og:description\" content=\"Argumente t\u00eb themeluara mbi histori imagjinare! &nbsp; &nbsp;&nbsp;&nbsp; N\u00eb dat\u00ebn 27 mars 2015, n\u00eb faqen e par\u00eb t\u00eb gazet\u00ebs \u201cTelegraf\u201d, u informuam p\u00ebr nj\u00eb \u201cbised\u00eb sekrete\u201d t\u00eb b\u00ebr\u00eb publike n\u00eb artikullin e prof. Eshref Ymeri me titull: \u201cNj\u00eb bised\u00eb mes Janullatosit dhe Vangjel Dules\u201d. Dialogut t\u00eb cilit i referohet autori \u00ebsht\u00eb i muajit gusht 2014, publikuar n\u00eb faqet e internetit, aspak p\u00ebr t\u2019u marr\u00eb seriozisht,\" \/>\n<meta property=\"og:url\" content=\"https:\/\/orthodoxalbania.org\/2020\/2015\/04\/03\/pergjigje-e-episkop-nikolles-drejtuar-prof-eshref-ymeri-ne-gazeten-telegraf\/\" \/>\n<meta property=\"og:site_name\" content=\"Kisha Orthodh\u03bfkse Autoqefale e Shqip\u00ebris\u00eb\" \/>\n<meta property=\"article:publisher\" content=\"https:\/\/www.facebook.com\/koash1991\" \/>\n<meta property=\"article:published_time\" content=\"2015-04-03T08:51:25+00:00\" \/>\n<meta property=\"article:modified_time\" content=\"2020-04-06T20:02:16+00:00\" \/>\n<meta property=\"og:image\" content=\"https:\/\/orthodoxalbania.org\/2020\/wp-content\/uploads\/2020\/04\/11054381_935089916512371_3633823336717947433_o.jpg\" \/>\n\t<meta property=\"og:image:width\" content=\"150\" \/>\n\t<meta property=\"og:image:height\" content=\"150\" \/>\n\t<meta property=\"og:image:type\" content=\"image\/jpeg\" \/>\n<meta name=\"author\" content=\"Kisha Orthodhokse\" \/>\n<meta name=\"twitter:card\" content=\"summary_large_image\" \/>\n<meta name=\"twitter:label1\" content=\"Written by\" \/>\n\t<meta name=\"twitter:data1\" content=\"Kisha Orthodhokse\" \/>\n\t<meta name=\"twitter:label2\" content=\"Est. reading time\" \/>\n\t<meta name=\"twitter:data2\" content=\"3 minutes\" \/>\n<script type=\"application\/ld+json\" class=\"yoast-schema-graph\">{\"@context\":\"https:\/\/schema.org\",\"@graph\":[{\"@type\":\"Article\",\"@id\":\"https:\/\/orthodoxalbania.org\/2020\/2015\/04\/03\/pergjigje-e-episkop-nikolles-drejtuar-prof-eshref-ymeri-ne-gazeten-telegraf\/#article\",\"isPartOf\":{\"@id\":\"https:\/\/orthodoxalbania.org\/2020\/2015\/04\/03\/pergjigje-e-episkop-nikolles-drejtuar-prof-eshref-ymeri-ne-gazeten-telegraf\/\"},\"author\":{\"name\":\"Kisha Orthodhokse\",\"@id\":\"https:\/\/orthodoxalbania.org\/2020\/#\/schema\/person\/0c387634a7063ac612d7ed9ce71c7e86\"},\"headline\":\"P\u00ebrgjigje e Episkop Nikoll\u00ebs drejtuar prof. Eshref Ymeri n\u00eb gazet\u00ebn &#8220;Telegraf&#8221;\",\"datePublished\":\"2015-04-03T08:51:25+00:00\",\"dateModified\":\"2020-04-06T20:02:16+00:00\",\"mainEntityOfPage\":{\"@id\":\"https:\/\/orthodoxalbania.org\/2020\/2015\/04\/03\/pergjigje-e-episkop-nikolles-drejtuar-prof-eshref-ymeri-ne-gazeten-telegraf\/\"},\"wordCount\":564,\"commentCount\":0,\"publisher\":{\"@id\":\"https:\/\/orthodoxalbania.org\/2020\/#organization\"},\"image\":{\"@id\":\"https:\/\/orthodoxalbania.org\/2020\/2015\/04\/03\/pergjigje-e-episkop-nikolles-drejtuar-prof-eshref-ymeri-ne-gazeten-telegraf\/#primaryimage\"},\"thumbnailUrl\":\"https:\/\/orthodoxalbania.org\/2020\/wp-content\/uploads\/2020\/04\/11054381_935089916512371_3633823336717947433_o.jpg\",\"keywords\":[\"2015\",\"Deklarata - Njoftime Zyrtare\",\"Kryepiskopata Tiran\u00eb\",\"lajme\",\"P\u00ebrgjigje ndaj akuzave\"],\"articleSection\":[\"Lajme\"],\"inLanguage\":\"en-US\"},{\"@type\":\"WebPage\",\"@id\":\"https:\/\/orthodoxalbania.org\/2020\/2015\/04\/03\/pergjigje-e-episkop-nikolles-drejtuar-prof-eshref-ymeri-ne-gazeten-telegraf\/\",\"url\":\"https:\/\/orthodoxalbania.org\/2020\/2015\/04\/03\/pergjigje-e-episkop-nikolles-drejtuar-prof-eshref-ymeri-ne-gazeten-telegraf\/\",\"name\":\"P\u00ebrgjigje e Episkop Nikoll\u00ebs drejtuar prof. Eshref Ymeri n\u00eb gazet\u00ebn \\\"Telegraf\\\" - Kisha Orthodh\u03bfkse Autoqefale e Shqip\u00ebris\u00eb\",\"isPartOf\":{\"@id\":\"https:\/\/orthodoxalbania.org\/2020\/#website\"},\"primaryImageOfPage\":{\"@id\":\"https:\/\/orthodoxalbania.org\/2020\/2015\/04\/03\/pergjigje-e-episkop-nikolles-drejtuar-prof-eshref-ymeri-ne-gazeten-telegraf\/#primaryimage\"},\"image\":{\"@id\":\"https:\/\/orthodoxalbania.org\/2020\/2015\/04\/03\/pergjigje-e-episkop-nikolles-drejtuar-prof-eshref-ymeri-ne-gazeten-telegraf\/#primaryimage\"},\"thumbnailUrl\":\"https:\/\/orthodoxalbania.org\/2020\/wp-content\/uploads\/2020\/04\/11054381_935089916512371_3633823336717947433_o.jpg\",\"datePublished\":\"2015-04-03T08:51:25+00:00\",\"dateModified\":\"2020-04-06T20:02:16+00:00\",\"breadcrumb\":{\"@id\":\"https:\/\/orthodoxalbania.org\/2020\/2015\/04\/03\/pergjigje-e-episkop-nikolles-drejtuar-prof-eshref-ymeri-ne-gazeten-telegraf\/#breadcrumb\"},\"inLanguage\":\"en-US\",\"potentialAction\":[{\"@type\":\"ReadAction\",\"target\":[\"https:\/\/orthodoxalbania.org\/2020\/2015\/04\/03\/pergjigje-e-episkop-nikolles-drejtuar-prof-eshref-ymeri-ne-gazeten-telegraf\/\"]}]},{\"@type\":\"ImageObject\",\"inLanguage\":\"en-US\",\"@id\":\"https:\/\/orthodoxalbania.org\/2020\/2015\/04\/03\/pergjigje-e-episkop-nikolles-drejtuar-prof-eshref-ymeri-ne-gazeten-telegraf\/#primaryimage\",\"url\":\"https:\/\/orthodoxalbania.org\/2020\/wp-content\/uploads\/2020\/04\/11054381_935089916512371_3633823336717947433_o.jpg\",\"contentUrl\":\"https:\/\/orthodoxalbania.org\/2020\/wp-content\/uploads\/2020\/04\/11054381_935089916512371_3633823336717947433_o.jpg\",\"width\":150,\"height\":150},{\"@type\":\"BreadcrumbList\",\"@id\":\"https:\/\/orthodoxalbania.org\/2020\/2015\/04\/03\/pergjigje-e-episkop-nikolles-drejtuar-prof-eshref-ymeri-ne-gazeten-telegraf\/#breadcrumb\",\"itemListElement\":[{\"@type\":\"ListItem\",\"position\":1,\"name\":\"Home\",\"item\":\"https:\/\/orthodoxalbania.org\/2020\/\"},{\"@type\":\"ListItem\",\"position\":2,\"name\":\"P\u00ebrgjigje e Episkop Nikoll\u00ebs drejtuar prof. Eshref Ymeri n\u00eb gazet\u00ebn &#8220;Telegraf&#8221;\"}]},{\"@type\":\"WebSite\",\"@id\":\"https:\/\/orthodoxalbania.org\/2020\/#website\",\"url\":\"https:\/\/orthodoxalbania.org\/2020\/\",\"name\":\"Kisha Orthodh\u03bfkse Autoqefale e Shqip\u00ebris\u00eb\",\"description\":\"Fqja Zyrtare e Kish\u00ebs Orthodhokse Autoqefale e Shqip\u00ebris\u00eb me lajmet edhe informacionet zyrtare p\u00ebr struktur\u00ebn edhe veprimtarin e saj.\",\"publisher\":{\"@id\":\"https:\/\/orthodoxalbania.org\/2020\/#organization\"},\"potentialAction\":[{\"@type\":\"SearchAction\",\"target\":{\"@type\":\"EntryPoint\",\"urlTemplate\":\"https:\/\/orthodoxalbania.org\/2020\/?s={search_term_string}\"},\"query-input\":{\"@type\":\"PropertyValueSpecification\",\"valueRequired\":true,\"valueName\":\"search_term_string\"}}],\"inLanguage\":\"en-US\"},{\"@type\":\"Organization\",\"@id\":\"https:\/\/orthodoxalbania.org\/2020\/#organization\",\"name\":\"Kisha Orthodhokse Autoqefale e Shqip\u00ebris\u00eb\",\"url\":\"https:\/\/orthodoxalbania.org\/2020\/\",\"logo\":{\"@type\":\"ImageObject\",\"inLanguage\":\"en-US\",\"@id\":\"https:\/\/orthodoxalbania.org\/2020\/#\/schema\/logo\/image\/\",\"url\":\"https:\/\/orthodoxalbania.org\/2020\/wp-content\/uploads\/2020\/05\/albania.jpeg\",\"contentUrl\":\"https:\/\/orthodoxalbania.org\/2020\/wp-content\/uploads\/2020\/05\/albania.jpeg\",\"width\":540,\"height\":540,\"caption\":\"Kisha Orthodhokse Autoqefale e Shqip\u00ebris\u00eb\"},\"image\":{\"@id\":\"https:\/\/orthodoxalbania.org\/2020\/#\/schema\/logo\/image\/\"},\"sameAs\":[\"https:\/\/www.facebook.com\/koash1991\"]},{\"@type\":\"Person\",\"@id\":\"https:\/\/orthodoxalbania.org\/2020\/#\/schema\/person\/0c387634a7063ac612d7ed9ce71c7e86\",\"name\":\"Kisha Orthodhokse\",\"image\":{\"@type\":\"ImageObject\",\"inLanguage\":\"en-US\",\"@id\":\"https:\/\/secure.gravatar.com\/avatar\/596e7c417251e30f2fbb9c00e026fce61a695a00e51c889caded71c96cbbdde5?s=96&d=mm&r=g\",\"url\":\"https:\/\/secure.gravatar.com\/avatar\/596e7c417251e30f2fbb9c00e026fce61a695a00e51c889caded71c96cbbdde5?s=96&d=mm&r=g\",\"contentUrl\":\"https:\/\/secure.gravatar.com\/avatar\/596e7c417251e30f2fbb9c00e026fce61a695a00e51c889caded71c96cbbdde5?s=96&d=mm&r=g\",\"caption\":\"Kisha Orthodhokse\"}}]}<\/script>\n<!-- \/ Yoast SEO plugin. -->","yoast_head_json":{"title":"P\u00ebrgjigje e Episkop Nikoll\u00ebs drejtuar prof. Eshref Ymeri n\u00eb gazet\u00ebn \"Telegraf\" - Kisha Orthodh\u03bfkse Autoqefale e Shqip\u00ebris\u00eb","robots":{"index":"index","follow":"follow","max-snippet":"max-snippet:-1","max-image-preview":"max-image-preview:large","max-video-preview":"max-video-preview:-1"},"canonical":"https:\/\/orthodoxalbania.org\/2020\/2015\/04\/03\/pergjigje-e-episkop-nikolles-drejtuar-prof-eshref-ymeri-ne-gazeten-telegraf\/","og_locale":"en_US","og_type":"article","og_title":"P\u00ebrgjigje e Episkop Nikoll\u00ebs drejtuar prof. Eshref Ymeri n\u00eb gazet\u00ebn \"Telegraf\" - Kisha Orthodh\u03bfkse Autoqefale e Shqip\u00ebris\u00eb","og_description":"Argumente t\u00eb themeluara mbi histori imagjinare! &nbsp; &nbsp;&nbsp;&nbsp; N\u00eb dat\u00ebn 27 mars 2015, n\u00eb faqen e par\u00eb t\u00eb gazet\u00ebs \u201cTelegraf\u201d, u informuam p\u00ebr nj\u00eb \u201cbised\u00eb sekrete\u201d t\u00eb b\u00ebr\u00eb publike n\u00eb artikullin e prof. Eshref Ymeri me titull: \u201cNj\u00eb bised\u00eb mes Janullatosit dhe Vangjel Dules\u201d. Dialogut t\u00eb cilit i referohet autori \u00ebsht\u00eb i muajit gusht 2014, publikuar n\u00eb faqet e internetit, aspak p\u00ebr t\u2019u marr\u00eb seriozisht,","og_url":"https:\/\/orthodoxalbania.org\/2020\/2015\/04\/03\/pergjigje-e-episkop-nikolles-drejtuar-prof-eshref-ymeri-ne-gazeten-telegraf\/","og_site_name":"Kisha Orthodh\u03bfkse Autoqefale e Shqip\u00ebris\u00eb","article_publisher":"https:\/\/www.facebook.com\/koash1991","article_published_time":"2015-04-03T08:51:25+00:00","article_modified_time":"2020-04-06T20:02:16+00:00","og_image":[{"width":150,"height":150,"url":"https:\/\/orthodoxalbania.org\/2020\/wp-content\/uploads\/2020\/04\/11054381_935089916512371_3633823336717947433_o.jpg","type":"image\/jpeg"}],"author":"Kisha Orthodhokse","twitter_card":"summary_large_image","twitter_misc":{"Written by":"Kisha Orthodhokse","Est. reading time":"3 minutes"},"schema":{"@context":"https:\/\/schema.org","@graph":[{"@type":"Article","@id":"https:\/\/orthodoxalbania.org\/2020\/2015\/04\/03\/pergjigje-e-episkop-nikolles-drejtuar-prof-eshref-ymeri-ne-gazeten-telegraf\/#article","isPartOf":{"@id":"https:\/\/orthodoxalbania.org\/2020\/2015\/04\/03\/pergjigje-e-episkop-nikolles-drejtuar-prof-eshref-ymeri-ne-gazeten-telegraf\/"},"author":{"name":"Kisha Orthodhokse","@id":"https:\/\/orthodoxalbania.org\/2020\/#\/schema\/person\/0c387634a7063ac612d7ed9ce71c7e86"},"headline":"P\u00ebrgjigje e Episkop Nikoll\u00ebs drejtuar prof. Eshref Ymeri n\u00eb gazet\u00ebn &#8220;Telegraf&#8221;","datePublished":"2015-04-03T08:51:25+00:00","dateModified":"2020-04-06T20:02:16+00:00","mainEntityOfPage":{"@id":"https:\/\/orthodoxalbania.org\/2020\/2015\/04\/03\/pergjigje-e-episkop-nikolles-drejtuar-prof-eshref-ymeri-ne-gazeten-telegraf\/"},"wordCount":564,"commentCount":0,"publisher":{"@id":"https:\/\/orthodoxalbania.org\/2020\/#organization"},"image":{"@id":"https:\/\/orthodoxalbania.org\/2020\/2015\/04\/03\/pergjigje-e-episkop-nikolles-drejtuar-prof-eshref-ymeri-ne-gazeten-telegraf\/#primaryimage"},"thumbnailUrl":"https:\/\/orthodoxalbania.org\/2020\/wp-content\/uploads\/2020\/04\/11054381_935089916512371_3633823336717947433_o.jpg","keywords":["2015","Deklarata - Njoftime Zyrtare","Kryepiskopata Tiran\u00eb","lajme","P\u00ebrgjigje ndaj akuzave"],"articleSection":["Lajme"],"inLanguage":"en-US"},{"@type":"WebPage","@id":"https:\/\/orthodoxalbania.org\/2020\/2015\/04\/03\/pergjigje-e-episkop-nikolles-drejtuar-prof-eshref-ymeri-ne-gazeten-telegraf\/","url":"https:\/\/orthodoxalbania.org\/2020\/2015\/04\/03\/pergjigje-e-episkop-nikolles-drejtuar-prof-eshref-ymeri-ne-gazeten-telegraf\/","name":"P\u00ebrgjigje e Episkop Nikoll\u00ebs drejtuar prof. Eshref Ymeri n\u00eb gazet\u00ebn \"Telegraf\" - Kisha Orthodh\u03bfkse Autoqefale e Shqip\u00ebris\u00eb","isPartOf":{"@id":"https:\/\/orthodoxalbania.org\/2020\/#website"},"primaryImageOfPage":{"@id":"https:\/\/orthodoxalbania.org\/2020\/2015\/04\/03\/pergjigje-e-episkop-nikolles-drejtuar-prof-eshref-ymeri-ne-gazeten-telegraf\/#primaryimage"},"image":{"@id":"https:\/\/orthodoxalbania.org\/2020\/2015\/04\/03\/pergjigje-e-episkop-nikolles-drejtuar-prof-eshref-ymeri-ne-gazeten-telegraf\/#primaryimage"},"thumbnailUrl":"https:\/\/orthodoxalbania.org\/2020\/wp-content\/uploads\/2020\/04\/11054381_935089916512371_3633823336717947433_o.jpg","datePublished":"2015-04-03T08:51:25+00:00","dateModified":"2020-04-06T20:02:16+00:00","breadcrumb":{"@id":"https:\/\/orthodoxalbania.org\/2020\/2015\/04\/03\/pergjigje-e-episkop-nikolles-drejtuar-prof-eshref-ymeri-ne-gazeten-telegraf\/#breadcrumb"},"inLanguage":"en-US","potentialAction":[{"@type":"ReadAction","target":["https:\/\/orthodoxalbania.org\/2020\/2015\/04\/03\/pergjigje-e-episkop-nikolles-drejtuar-prof-eshref-ymeri-ne-gazeten-telegraf\/"]}]},{"@type":"ImageObject","inLanguage":"en-US","@id":"https:\/\/orthodoxalbania.org\/2020\/2015\/04\/03\/pergjigje-e-episkop-nikolles-drejtuar-prof-eshref-ymeri-ne-gazeten-telegraf\/#primaryimage","url":"https:\/\/orthodoxalbania.org\/2020\/wp-content\/uploads\/2020\/04\/11054381_935089916512371_3633823336717947433_o.jpg","contentUrl":"https:\/\/orthodoxalbania.org\/2020\/wp-content\/uploads\/2020\/04\/11054381_935089916512371_3633823336717947433_o.jpg","width":150,"height":150},{"@type":"BreadcrumbList","@id":"https:\/\/orthodoxalbania.org\/2020\/2015\/04\/03\/pergjigje-e-episkop-nikolles-drejtuar-prof-eshref-ymeri-ne-gazeten-telegraf\/#breadcrumb","itemListElement":[{"@type":"ListItem","position":1,"name":"Home","item":"https:\/\/orthodoxalbania.org\/2020\/"},{"@type":"ListItem","position":2,"name":"P\u00ebrgjigje e Episkop Nikoll\u00ebs drejtuar prof. Eshref Ymeri n\u00eb gazet\u00ebn &#8220;Telegraf&#8221;"}]},{"@type":"WebSite","@id":"https:\/\/orthodoxalbania.org\/2020\/#website","url":"https:\/\/orthodoxalbania.org\/2020\/","name":"Kisha Orthodh\u03bfkse Autoqefale e Shqip\u00ebris\u00eb","description":"Fqja Zyrtare e Kish\u00ebs Orthodhokse Autoqefale e Shqip\u00ebris\u00eb me lajmet edhe informacionet zyrtare p\u00ebr struktur\u00ebn edhe veprimtarin e saj.","publisher":{"@id":"https:\/\/orthodoxalbania.org\/2020\/#organization"},"potentialAction":[{"@type":"SearchAction","target":{"@type":"EntryPoint","urlTemplate":"https:\/\/orthodoxalbania.org\/2020\/?s={search_term_string}"},"query-input":{"@type":"PropertyValueSpecification","valueRequired":true,"valueName":"search_term_string"}}],"inLanguage":"en-US"},{"@type":"Organization","@id":"https:\/\/orthodoxalbania.org\/2020\/#organization","name":"Kisha Orthodhokse Autoqefale e Shqip\u00ebris\u00eb","url":"https:\/\/orthodoxalbania.org\/2020\/","logo":{"@type":"ImageObject","inLanguage":"en-US","@id":"https:\/\/orthodoxalbania.org\/2020\/#\/schema\/logo\/image\/","url":"https:\/\/orthodoxalbania.org\/2020\/wp-content\/uploads\/2020\/05\/albania.jpeg","contentUrl":"https:\/\/orthodoxalbania.org\/2020\/wp-content\/uploads\/2020\/05\/albania.jpeg","width":540,"height":540,"caption":"Kisha Orthodhokse Autoqefale e Shqip\u00ebris\u00eb"},"image":{"@id":"https:\/\/orthodoxalbania.org\/2020\/#\/schema\/logo\/image\/"},"sameAs":["https:\/\/www.facebook.com\/koash1991"]},{"@type":"Person","@id":"https:\/\/orthodoxalbania.org\/2020\/#\/schema\/person\/0c387634a7063ac612d7ed9ce71c7e86","name":"Kisha Orthodhokse","image":{"@type":"ImageObject","inLanguage":"en-US","@id":"https:\/\/secure.gravatar.com\/avatar\/596e7c417251e30f2fbb9c00e026fce61a695a00e51c889caded71c96cbbdde5?s=96&d=mm&r=g","url":"https:\/\/secure.gravatar.com\/avatar\/596e7c417251e30f2fbb9c00e026fce61a695a00e51c889caded71c96cbbdde5?s=96&d=mm&r=g","contentUrl":"https:\/\/secure.gravatar.com\/avatar\/596e7c417251e30f2fbb9c00e026fce61a695a00e51c889caded71c96cbbdde5?s=96&d=mm&r=g","caption":"Kisha Orthodhokse"}}]}},"_links":{"self":[{"href":"https:\/\/orthodoxalbania.org\/2020\/wp-json\/wp\/v2\/posts\/3522","targetHints":{"allow":["GET"]}}],"collection":[{"href":"https:\/\/orthodoxalbania.org\/2020\/wp-json\/wp\/v2\/posts"}],"about":[{"href":"https:\/\/orthodoxalbania.org\/2020\/wp-json\/wp\/v2\/types\/post"}],"author":[{"embeddable":true,"href":"https:\/\/orthodoxalbania.org\/2020\/wp-json\/wp\/v2\/users\/1"}],"replies":[{"embeddable":true,"href":"https:\/\/orthodoxalbania.org\/2020\/wp-json\/wp\/v2\/comments?post=3522"}],"version-history":[{"count":1,"href":"https:\/\/orthodoxalbania.org\/2020\/wp-json\/wp\/v2\/posts\/3522\/revisions"}],"predecessor-version":[{"id":15016,"href":"https:\/\/orthodoxalbania.org\/2020\/wp-json\/wp\/v2\/posts\/3522\/revisions\/15016"}],"wp:featuredmedia":[{"embeddable":true,"href":"https:\/\/orthodoxalbania.org\/2020\/wp-json\/wp\/v2\/media\/3523"}],"wp:attachment":[{"href":"https:\/\/orthodoxalbania.org\/2020\/wp-json\/wp\/v2\/media?parent=3522"}],"wp:term":[{"taxonomy":"category","embeddable":true,"href":"https:\/\/orthodoxalbania.org\/2020\/wp-json\/wp\/v2\/categories?post=3522"},{"taxonomy":"post_tag","embeddable":true,"href":"https:\/\/orthodoxalbania.org\/2020\/wp-json\/wp\/v2\/tags?post=3522"}],"curies":[{"name":"wp","href":"https:\/\/api.w.org\/{rel}","templated":true}]}}