{"id":3521,"date":"2015-04-03T08:42:52","date_gmt":"2015-04-03T08:42:52","guid":{"rendered":""},"modified":"2020-04-06T22:02:16","modified_gmt":"2020-04-06T20:02:16","slug":"proteste-redaksise-se-gazetes-telegraf","status":"publish","type":"post","link":"https:\/\/orthodoxalbania.org\/2020\/2015\/04\/03\/proteste-redaksise-se-gazetes-telegraf\/","title":{"rendered":"PROTEST\u00cb &#8211; Redaksis\u00eb s\u00eb gazet\u00ebs \u201cTelegraf\u201d"},"content":{"rendered":"<div style=\"text-align: center;\"><span style=\"color: #000000;\"><\/span><\/div>\n<div style=\"text-align: center;\"> <\/div>\n<div style=\"text-align: center;\"><span style=\"color: #000000;\"><span style=\"color: #000000;\"><\/span><\/span><\/p>\n<div><span style=\"color: #000000;\"><img decoding=\"async\" class=\"lazyload HAa Eha\" style=\"width: 51px; height: 51px; display: block; margin-left: auto; margin-right: auto;\" src=\"data:image\/svg+xml,%3Csvg%20xmlns%3D%27http%3A%2F%2Fwww.w3.org%2F2000%2Fsvg%27%20width%3D%2751%27%20height%3D%2751%27%20viewBox%3D%270%200%2051%2051%27%3E%3Crect%20width%3D%2751%27%20height%3D%2751%27%20fill-opacity%3D%220%22%2F%3E%3C%2Fsvg%3E\" data-orig-src=\"https:\/\/lh3.googleusercontent.com\/-0XaSr7tg_9w\/U_NB8PwotlI\/AAAAAAAAA2g\/QXaauIV8bCc\/s577-no\/logo.png\" height=\"51px\" width=\"51px\" \/><\/span><\/div>\n<p><span style=\"color: #000000;\"><span style=\"font-size: 12pt; font-family: helvetica;\"><\/span><\/span><br \/><span style=\"color: #000000;\"><strong><span style=\"font-size: 12pt; font-family: helvetica;\">Kisha Orthodhokse Autoqefale e Shqip\u00ebris\u00eb<\/span><span style=\"font-size: 12pt; font-family: helvetica;\"><\/span><\/strong><\/span><\/div>\n<div style=\"text-align: center;\">&nbsp;<\/div>\n<div style=\"text-align: center;\"><span style=\"color: #000000;\"><\/span><\/div>\n<div style=\"text-align: center;\"><span style=\"color: #000000;\"><strong><span style=\"font-size: 12pt; font-family: helvetica;\">PROTEST\u00cb<\/span><\/strong><span style=\"font-size: 12pt; font-family: helvetica;\"><\/span><\/span><\/div>\n<div style=\"text-align: center;\">&nbsp;<\/div>\n<div style=\"text-align: center;\"><span style=\"color: #000000;\"><\/span><\/div>\n<div style=\"text-align: center;\"><span style=\"font-size: 12pt; font-family: helvetica; color: #000000;\">Redaksis\u00eb s\u00eb gazet\u00ebs \u201cTelegraf\u201d<\/span><\/div>\n<div style=\"text-align: justify;\"><span style=\"font-size: 12pt; font-family: helvetica; color: #000000;\"><\/span><br \/><span style=\"font-size: 12pt; font-family: helvetica; color: #000000;\"><\/span><\/div>\n<p style=\"text-align: justify;\"><span style=\"font-size: 12pt; font-family: helvetica; color: #000000;\">&nbsp;&nbsp;&nbsp; N\u00eb gazet\u00ebn tuaj t\u00eb dat\u00ebs 24 mars 2015, u botua nj\u00eb histori e shpikur dhe plot fantazi t\u00eb s\u00ebmur\u00eb me titull: \u201cPrift\u00ebrinjt\u00eb e Janullatosit nxjerrin Fan Nolin nga Kisha\u201d, me an\u00eb t\u00eb s\u00eb cil\u00ebs dezinformohet opinioni publik.<\/span><\/p>\n<p style=\"text-align: justify;\"><span style=\"color: #000000;\"><span style=\"font-size: 12pt; font-family: helvetica;\">&nbsp;&nbsp;&nbsp; Protestojm\u00eb me forc\u00eb kund\u00ebr k\u00ebtij shkrimi fyes p\u00ebr Kish\u00ebn Orthodhokse.<\/span><span style=\"font-size: 12pt; font-family: helvetica;\"><\/span><\/span><\/p>\n<p style=\"text-align: justify;\"><span style=\"font-size: 12pt; font-family: helvetica; color: #000000;\">&nbsp;&nbsp;&nbsp; Emri i Kish\u00ebs son\u00eb, q\u00eb n\u00eb fillimet e shekullit t\u00eb 20-t\u00eb, \u00ebsht\u00eb Kisha Orthodhokse Autoqefale e Shqip\u00ebris\u00eb (jo Kisha Ortodokse Autoqefale Shqiptare). Themeluesi i Kish\u00ebs son\u00eb \u00ebsht\u00eb Jisu Krishti dhe jo ndonj\u00eb episkop.<\/span><\/p>\n<p style=\"text-align: justify;\"><span style=\"color: #000000;\"><span style=\"font-size: 12pt; font-family: helvetica;\"><\/span><span style=\"font-size: 12pt; font-family: helvetica;\">&nbsp;&nbsp;&nbsp; Identiteti i v\u00ebrtet\u00eb i Kish\u00ebs son\u00eb p\u00ebrcaktohet nga nenet themeltar\u00eb 1 dhe 2 t\u00eb Statutit t\u00eb saj:<\/span><span style=\"font-size: 12pt; font-family: helvetica;\"><\/span><\/span><\/p>\n<p style=\"text-align: justify;\"><span style=\"color: #000000;\"><span style=\"font-size: 12pt; font-family: helvetica;\">&nbsp;&nbsp;&nbsp; \u201cNeni 1 1. Kisha Orthodhokse Autoqefale e Shqip\u00ebris\u00eb, q\u00eb ka si themelues dhe Krye t\u00eb saj Zotin dhe Per\u00ebndin\u00eb ton\u00eb Jisu Krishtin, \u00ebsht\u00eb institucion hyjnor, si prania dhe shfaqja n\u00eb vend e Nj\u00eb Kishe t\u00eb Shenjt\u00eb, Katholike dhe Apostolike e bashkuar n\u00eb m\u00ebnyr\u00eb t\u00eb pandashme me Patriarkan\u00ebn Ekumenike, me t\u00eb gjitha Kishat simotra Autoqefale dhe ruan t\u00eb paluajtshme burimet e besimit, d.m.th. Shkrimin e Shenjt\u00eb dhe Tradit\u00ebn e Shenjt\u00eb, si dhe Kanonet e Shenjta apostolike dhe sinodike.<\/span><span style=\"font-size: 12pt; font-family: helvetica;\"><\/span><\/span><\/p>\n<p style=\"text-align: justify;\"><span style=\"color: #000000;\"><span style=\"font-size: 12pt; font-family: helvetica;\"><\/span><span style=\"font-size: 12pt; font-family: helvetica;\">&nbsp;&nbsp;&nbsp; 2. Titulli i saj zyrtar \u00ebsht\u00eb Kisha Orthodhokse Autoqefale e Shqip\u00ebris\u00eb.<\/span><span style=\"font-size: 12pt; font-family: helvetica;\"><\/span><\/span><\/p>\n<p style=\"text-align: justify;\"><span style=\"color: #000000;\"><span style=\"font-size: 12pt; font-family: helvetica;\"> <\/span><span style=\"font-size: 12pt; font-family: helvetica;\"><\/span><span style=\"font-size: 12pt; font-family: helvetica;\">&nbsp;&nbsp;&nbsp; Neni 2 1. An\u00ebtar\u00eb t\u00eb Kish\u00ebs Orthodhokse Autoqefale t\u00eb Shqip\u00ebris\u00eb jan\u00eb t\u00eb gjith\u00eb t\u00eb pag\u00ebzuarit n\u00eb Kish\u00ebn Orthodhokse dhe jan\u00eb banor\u00eb t\u00eb Shqip\u00ebris\u00eb, pa dallim origjine\u201d.<\/span><\/span><\/p>\n<p style=\"text-align: justify;\"><span style=\"color: #000000;\"><span style=\"font-size: 12pt; font-family: helvetica;\"><\/span><span style=\"font-size: 12pt; font-family: helvetica;\">&nbsp;&nbsp;&nbsp; Ky identitet njihet zyrtarisht nga Shteti Shqiptar me ligjin nr. 10057 t\u00eb dat\u00ebs 22.01.2009 dhe \u00ebsht\u00eb regjistruar zyrtarisht nga Gjykata kompetente e Rrethit Gjyq\u00ebsor t\u00eb Tiran\u00ebs (nr. vendimi 2498 t\u00eb dat\u00ebs 19.03.2009).<\/span><\/span><\/p>\n<p style=\"text-align: justify;\"><span style=\"color: #000000;\"><span style=\"font-size: 12pt; font-family: helvetica;\"><\/span><span style=\"font-size: 12pt; font-family: helvetica;\">&nbsp;&nbsp;&nbsp; \u00c7do p\u00ebrpjekje e ndryshimit dhe e shtremb\u00ebrimit t\u00eb emrit t\u00eb sakt\u00eb t\u00eb Kish\u00ebs son\u00eb dhe e identitetit t\u00eb saj nga qarqe t\u00eb ndryshme t\u00eb \u00e7far\u00ebdo lloji, p\u00ebrb\u00ebn fyerje t\u00eb s\u00eb v\u00ebrtet\u00ebs dhe kund\u00ebr Kish\u00ebs Orthodhokse Autoqefale t\u00eb Shqip\u00ebris\u00eb.<\/span><\/span><\/p>\n<p style=\"text-align: justify;\"><span style=\"color: #000000;\"><span style=\"font-size: 12pt; font-family: helvetica;\"><\/span><span style=\"font-size: 12pt; font-family: helvetica;\">&nbsp;&nbsp;&nbsp; P\u00ebrfundimisht, shkrime t\u00eb tilla si ai q\u00eb u botua n\u00eb gazet\u00ebn tuaj, minojn\u00eb harmonin\u00eb dhe bashkekzistenc\u00ebn fetare, me t\u00eb cil\u00ebn mburret vendi yn\u00eb.<\/span><span style=\"font-size: 12pt; font-family: helvetica;\"> <\/span><\/span><\/p>\n<p style=\"text-align: justify;\">&nbsp;<\/p>\n<p style=\"text-align: justify;\"><span style=\"color: #000000;\"><\/span><\/p>\n<p style=\"text-align: justify;\"><span style=\"color: #000000;\"><strong><span style=\"font-size: 12pt; font-family: helvetica;\">&nbsp;&nbsp;&nbsp; Tiran\u00eb 26.03.2015&nbsp;&nbsp;&nbsp;<\/span><\/strong><\/span><\/p>\n<p style=\"text-align: right;\"><span style=\"color: #000000;\"><strong><span style=\"font-size: 12pt; font-family: helvetica;\"><\/span><span style=\"font-size: 12pt; font-family: helvetica;\">Nga Kryesekretaria e Sinodit t\u00eb Shenjt\u00eb<\/span><\/strong><\/span><\/p>\n<p style=\"text-align: right;\">&nbsp; <span style=\"color: #000000;\"><strong><span style=\"font-size: 12pt; font-family: helvetica;\"><\/span><\/strong> <br \/><\/span><\/p>\n<p style=\"text-align: center;\"><span style=\"color: #000000;\"><strong><span style=\"font-size: 12pt; font-family: helvetica;\"><img class=\"lazyload\" decoding=\"async\" style=\"margin: 10px auto; border: 1px solid #000000; display: block;\" alt=\"https:\/\/lh3.googleusercontent.com\/-WAffozwwdCk\/VI8mGlNYdeI\/AAAAAAAACiA\/VUKAYiKDud8\/w958-h626-no\/untitled-216.jpg\" src=\"data:image\/gif;base64,R0lGODlhAQABAAAAACH5BAEKAAEALAAAAAABAAEAAAICTAEAOw==\" data-orig-src=\"https:\/\/lh3.googleusercontent.com\/-WAffozwwdCk\/VI8mGlNYdeI\/AAAAAAAACiA\/VUKAYiKDud8\/w958-h626-no\/untitled-216.jpg\" \/>&nbsp;<\/span><\/strong><\/span><\/p>\n<p style=\"text-align: justify;\"><span style=\"color: #000000;\"><\/span><\/p>\n<p><span style=\"color: #000000;\"><\/span><\/p>\n","protected":false},"excerpt":{"rendered":"<p>Kisha Orthodhokse Autoqefale e Shqip\u00ebris\u00eb &nbsp; PROTEST\u00cb &nbsp; Redaksis\u00eb s\u00eb gazet\u00ebs \u201cTelegraf\u201d &nbsp;&nbsp;&nbsp; N\u00eb gazet\u00ebn tuaj t\u00eb dat\u00ebs 24 mars 2015, u botua nj\u00eb histori e shpikur dhe plot fantazi t\u00eb s\u00ebmur\u00eb me titull: \u201cPrift\u00ebrinjt\u00eb e Janullatosit nxjerrin Fan Nolin nga Kisha\u201d, me an\u00eb t\u00eb s\u00eb cil\u00ebs dezinformohet opinioni publik. &nbsp;&nbsp;&nbsp; Protestojm\u00eb me forc\u00eb kund\u00ebr k\u00ebtij shkrimi fyes p\u00ebr Kish\u00ebn Orthodhokse. &nbsp;&nbsp;&nbsp; Emri i Kish\u00ebs<\/p>\n","protected":false},"author":1,"featured_media":1288,"comment_status":"open","ping_status":"open","sticky":false,"template":"","format":"standard","meta":{"_acf_changed":false,"pagelayer_contact_templates":[],"_pagelayer_content":"","inline_featured_image":false,"fifu_image_url":"","fifu_image_alt":"","footnotes":""},"categories":[108],"tags":[139,153,196,212,203],"class_list":["post-3521","post","type-post","status-publish","format-standard","has-post-thumbnail","hentry","category-lajme","tag-139","tag-deklarata-njoftime-zyrtare-d75","tag-tirane","tag-lajme-d27","tag-pergjigje-ndaj-akuzave"],"acf":[],"yoast_head":"<!-- This site is optimized with the Yoast SEO plugin v27.2 - https:\/\/yoast.com\/product\/yoast-seo-wordpress\/ -->\n<title>PROTEST\u00cb - Redaksis\u00eb s\u00eb gazet\u00ebs \u201cTelegraf\u201d - Kisha Orthodh\u03bfkse Autoqefale e Shqip\u00ebris\u00eb<\/title>\n<meta name=\"robots\" content=\"index, follow, max-snippet:-1, max-image-preview:large, max-video-preview:-1\" \/>\n<link rel=\"canonical\" href=\"https:\/\/orthodoxalbania.org\/2020\/2015\/04\/03\/proteste-redaksise-se-gazetes-telegraf\/\" \/>\n<meta property=\"og:locale\" content=\"en_US\" \/>\n<meta property=\"og:type\" content=\"article\" \/>\n<meta property=\"og:title\" content=\"PROTEST\u00cb - Redaksis\u00eb s\u00eb gazet\u00ebs \u201cTelegraf\u201d - Kisha Orthodh\u03bfkse Autoqefale e Shqip\u00ebris\u00eb\" \/>\n<meta property=\"og:description\" content=\"Kisha Orthodhokse Autoqefale e Shqip\u00ebris\u00eb &nbsp; PROTEST\u00cb &nbsp; Redaksis\u00eb s\u00eb gazet\u00ebs \u201cTelegraf\u201d &nbsp;&nbsp;&nbsp; N\u00eb gazet\u00ebn tuaj t\u00eb dat\u00ebs 24 mars 2015, u botua nj\u00eb histori e shpikur dhe plot fantazi t\u00eb s\u00ebmur\u00eb me titull: \u201cPrift\u00ebrinjt\u00eb e Janullatosit nxjerrin Fan Nolin nga Kisha\u201d, me an\u00eb t\u00eb s\u00eb cil\u00ebs dezinformohet opinioni publik. &nbsp;&nbsp;&nbsp; Protestojm\u00eb me forc\u00eb kund\u00ebr k\u00ebtij shkrimi fyes p\u00ebr Kish\u00ebn Orthodhokse. &nbsp;&nbsp;&nbsp; Emri i Kish\u00ebs\" \/>\n<meta property=\"og:url\" content=\"https:\/\/orthodoxalbania.org\/2020\/2015\/04\/03\/proteste-redaksise-se-gazetes-telegraf\/\" \/>\n<meta property=\"og:site_name\" content=\"Kisha Orthodh\u03bfkse Autoqefale e Shqip\u00ebris\u00eb\" \/>\n<meta property=\"article:publisher\" content=\"https:\/\/www.facebook.com\/koash1991\" \/>\n<meta property=\"article:published_time\" content=\"2015-04-03T08:42:52+00:00\" \/>\n<meta property=\"article:modified_time\" content=\"2020-04-06T20:02:16+00:00\" \/>\n<meta property=\"og:image\" content=\"https:\/\/orthodoxalbania.org\/2020\/wp-content\/uploads\/2020\/04\/untitled-216.jpg\" \/>\n\t<meta property=\"og:image:width\" content=\"958\" \/>\n\t<meta property=\"og:image:height\" content=\"626\" \/>\n\t<meta property=\"og:image:type\" content=\"image\/jpeg\" \/>\n<meta name=\"author\" content=\"Kisha Orthodhokse\" \/>\n<meta name=\"twitter:card\" content=\"summary_large_image\" \/>\n<meta name=\"twitter:label1\" content=\"Written by\" \/>\n\t<meta name=\"twitter:data1\" content=\"Kisha Orthodhokse\" \/>\n\t<meta name=\"twitter:label2\" content=\"Est. reading time\" \/>\n\t<meta name=\"twitter:data2\" content=\"2 minutes\" \/>\n<script type=\"application\/ld+json\" class=\"yoast-schema-graph\">{\"@context\":\"https:\/\/schema.org\",\"@graph\":[{\"@type\":\"Article\",\"@id\":\"https:\/\/orthodoxalbania.org\/2020\/2015\/04\/03\/proteste-redaksise-se-gazetes-telegraf\/#article\",\"isPartOf\":{\"@id\":\"https:\/\/orthodoxalbania.org\/2020\/2015\/04\/03\/proteste-redaksise-se-gazetes-telegraf\/\"},\"author\":{\"name\":\"Kisha Orthodhokse\",\"@id\":\"https:\/\/orthodoxalbania.org\/2020\/#\/schema\/person\/0c387634a7063ac612d7ed9ce71c7e86\"},\"headline\":\"PROTEST\u00cb &#8211; Redaksis\u00eb s\u00eb gazet\u00ebs \u201cTelegraf\u201d\",\"datePublished\":\"2015-04-03T08:42:52+00:00\",\"dateModified\":\"2020-04-06T20:02:16+00:00\",\"mainEntityOfPage\":{\"@id\":\"https:\/\/orthodoxalbania.org\/2020\/2015\/04\/03\/proteste-redaksise-se-gazetes-telegraf\/\"},\"wordCount\":406,\"commentCount\":0,\"publisher\":{\"@id\":\"https:\/\/orthodoxalbania.org\/2020\/#organization\"},\"image\":{\"@id\":\"https:\/\/orthodoxalbania.org\/2020\/2015\/04\/03\/proteste-redaksise-se-gazetes-telegraf\/#primaryimage\"},\"thumbnailUrl\":\"https:\/\/orthodoxalbania.org\/2020\/wp-content\/uploads\/2020\/04\/untitled-216.jpg\",\"keywords\":[\"2015\",\"Deklarata - Njoftime Zyrtare\",\"Kryepiskopata Tiran\u00eb\",\"lajme\",\"P\u00ebrgjigje ndaj akuzave\"],\"articleSection\":[\"Lajme\"],\"inLanguage\":\"en-US\"},{\"@type\":\"WebPage\",\"@id\":\"https:\/\/orthodoxalbania.org\/2020\/2015\/04\/03\/proteste-redaksise-se-gazetes-telegraf\/\",\"url\":\"https:\/\/orthodoxalbania.org\/2020\/2015\/04\/03\/proteste-redaksise-se-gazetes-telegraf\/\",\"name\":\"PROTEST\u00cb - Redaksis\u00eb s\u00eb gazet\u00ebs \u201cTelegraf\u201d - Kisha Orthodh\u03bfkse Autoqefale e Shqip\u00ebris\u00eb\",\"isPartOf\":{\"@id\":\"https:\/\/orthodoxalbania.org\/2020\/#website\"},\"primaryImageOfPage\":{\"@id\":\"https:\/\/orthodoxalbania.org\/2020\/2015\/04\/03\/proteste-redaksise-se-gazetes-telegraf\/#primaryimage\"},\"image\":{\"@id\":\"https:\/\/orthodoxalbania.org\/2020\/2015\/04\/03\/proteste-redaksise-se-gazetes-telegraf\/#primaryimage\"},\"thumbnailUrl\":\"https:\/\/orthodoxalbania.org\/2020\/wp-content\/uploads\/2020\/04\/untitled-216.jpg\",\"datePublished\":\"2015-04-03T08:42:52+00:00\",\"dateModified\":\"2020-04-06T20:02:16+00:00\",\"breadcrumb\":{\"@id\":\"https:\/\/orthodoxalbania.org\/2020\/2015\/04\/03\/proteste-redaksise-se-gazetes-telegraf\/#breadcrumb\"},\"inLanguage\":\"en-US\",\"potentialAction\":[{\"@type\":\"ReadAction\",\"target\":[\"https:\/\/orthodoxalbania.org\/2020\/2015\/04\/03\/proteste-redaksise-se-gazetes-telegraf\/\"]}]},{\"@type\":\"ImageObject\",\"inLanguage\":\"en-US\",\"@id\":\"https:\/\/orthodoxalbania.org\/2020\/2015\/04\/03\/proteste-redaksise-se-gazetes-telegraf\/#primaryimage\",\"url\":\"https:\/\/orthodoxalbania.org\/2020\/wp-content\/uploads\/2020\/04\/untitled-216.jpg\",\"contentUrl\":\"https:\/\/orthodoxalbania.org\/2020\/wp-content\/uploads\/2020\/04\/untitled-216.jpg\",\"width\":958,\"height\":626},{\"@type\":\"BreadcrumbList\",\"@id\":\"https:\/\/orthodoxalbania.org\/2020\/2015\/04\/03\/proteste-redaksise-se-gazetes-telegraf\/#breadcrumb\",\"itemListElement\":[{\"@type\":\"ListItem\",\"position\":1,\"name\":\"Home\",\"item\":\"https:\/\/orthodoxalbania.org\/2020\/\"},{\"@type\":\"ListItem\",\"position\":2,\"name\":\"PROTEST\u00cb &#8211; Redaksis\u00eb s\u00eb gazet\u00ebs \u201cTelegraf\u201d\"}]},{\"@type\":\"WebSite\",\"@id\":\"https:\/\/orthodoxalbania.org\/2020\/#website\",\"url\":\"https:\/\/orthodoxalbania.org\/2020\/\",\"name\":\"Kisha Orthodh\u03bfkse Autoqefale e Shqip\u00ebris\u00eb\",\"description\":\"Fqja Zyrtare e Kish\u00ebs Orthodhokse Autoqefale e Shqip\u00ebris\u00eb me lajmet edhe informacionet zyrtare p\u00ebr struktur\u00ebn edhe veprimtarin e saj.\",\"publisher\":{\"@id\":\"https:\/\/orthodoxalbania.org\/2020\/#organization\"},\"potentialAction\":[{\"@type\":\"SearchAction\",\"target\":{\"@type\":\"EntryPoint\",\"urlTemplate\":\"https:\/\/orthodoxalbania.org\/2020\/?s={search_term_string}\"},\"query-input\":{\"@type\":\"PropertyValueSpecification\",\"valueRequired\":true,\"valueName\":\"search_term_string\"}}],\"inLanguage\":\"en-US\"},{\"@type\":\"Organization\",\"@id\":\"https:\/\/orthodoxalbania.org\/2020\/#organization\",\"name\":\"Kisha Orthodhokse Autoqefale e Shqip\u00ebris\u00eb\",\"url\":\"https:\/\/orthodoxalbania.org\/2020\/\",\"logo\":{\"@type\":\"ImageObject\",\"inLanguage\":\"en-US\",\"@id\":\"https:\/\/orthodoxalbania.org\/2020\/#\/schema\/logo\/image\/\",\"url\":\"https:\/\/orthodoxalbania.org\/2020\/wp-content\/uploads\/2020\/05\/albania.jpeg\",\"contentUrl\":\"https:\/\/orthodoxalbania.org\/2020\/wp-content\/uploads\/2020\/05\/albania.jpeg\",\"width\":540,\"height\":540,\"caption\":\"Kisha Orthodhokse Autoqefale e Shqip\u00ebris\u00eb\"},\"image\":{\"@id\":\"https:\/\/orthodoxalbania.org\/2020\/#\/schema\/logo\/image\/\"},\"sameAs\":[\"https:\/\/www.facebook.com\/koash1991\"]},{\"@type\":\"Person\",\"@id\":\"https:\/\/orthodoxalbania.org\/2020\/#\/schema\/person\/0c387634a7063ac612d7ed9ce71c7e86\",\"name\":\"Kisha Orthodhokse\",\"image\":{\"@type\":\"ImageObject\",\"inLanguage\":\"en-US\",\"@id\":\"https:\/\/secure.gravatar.com\/avatar\/596e7c417251e30f2fbb9c00e026fce61a695a00e51c889caded71c96cbbdde5?s=96&d=mm&r=g\",\"url\":\"https:\/\/secure.gravatar.com\/avatar\/596e7c417251e30f2fbb9c00e026fce61a695a00e51c889caded71c96cbbdde5?s=96&d=mm&r=g\",\"contentUrl\":\"https:\/\/secure.gravatar.com\/avatar\/596e7c417251e30f2fbb9c00e026fce61a695a00e51c889caded71c96cbbdde5?s=96&d=mm&r=g\",\"caption\":\"Kisha Orthodhokse\"}}]}<\/script>\n<!-- \/ Yoast SEO plugin. -->","yoast_head_json":{"title":"PROTEST\u00cb - Redaksis\u00eb s\u00eb gazet\u00ebs \u201cTelegraf\u201d - Kisha Orthodh\u03bfkse Autoqefale e Shqip\u00ebris\u00eb","robots":{"index":"index","follow":"follow","max-snippet":"max-snippet:-1","max-image-preview":"max-image-preview:large","max-video-preview":"max-video-preview:-1"},"canonical":"https:\/\/orthodoxalbania.org\/2020\/2015\/04\/03\/proteste-redaksise-se-gazetes-telegraf\/","og_locale":"en_US","og_type":"article","og_title":"PROTEST\u00cb - Redaksis\u00eb s\u00eb gazet\u00ebs \u201cTelegraf\u201d - Kisha Orthodh\u03bfkse Autoqefale e Shqip\u00ebris\u00eb","og_description":"Kisha Orthodhokse Autoqefale e Shqip\u00ebris\u00eb &nbsp; PROTEST\u00cb &nbsp; Redaksis\u00eb s\u00eb gazet\u00ebs \u201cTelegraf\u201d &nbsp;&nbsp;&nbsp; N\u00eb gazet\u00ebn tuaj t\u00eb dat\u00ebs 24 mars 2015, u botua nj\u00eb histori e shpikur dhe plot fantazi t\u00eb s\u00ebmur\u00eb me titull: \u201cPrift\u00ebrinjt\u00eb e Janullatosit nxjerrin Fan Nolin nga Kisha\u201d, me an\u00eb t\u00eb s\u00eb cil\u00ebs dezinformohet opinioni publik. &nbsp;&nbsp;&nbsp; Protestojm\u00eb me forc\u00eb kund\u00ebr k\u00ebtij shkrimi fyes p\u00ebr Kish\u00ebn Orthodhokse. &nbsp;&nbsp;&nbsp; Emri i Kish\u00ebs","og_url":"https:\/\/orthodoxalbania.org\/2020\/2015\/04\/03\/proteste-redaksise-se-gazetes-telegraf\/","og_site_name":"Kisha Orthodh\u03bfkse Autoqefale e Shqip\u00ebris\u00eb","article_publisher":"https:\/\/www.facebook.com\/koash1991","article_published_time":"2015-04-03T08:42:52+00:00","article_modified_time":"2020-04-06T20:02:16+00:00","og_image":[{"width":958,"height":626,"url":"https:\/\/orthodoxalbania.org\/2020\/wp-content\/uploads\/2020\/04\/untitled-216.jpg","type":"image\/jpeg"}],"author":"Kisha Orthodhokse","twitter_card":"summary_large_image","twitter_misc":{"Written by":"Kisha Orthodhokse","Est. reading time":"2 minutes"},"schema":{"@context":"https:\/\/schema.org","@graph":[{"@type":"Article","@id":"https:\/\/orthodoxalbania.org\/2020\/2015\/04\/03\/proteste-redaksise-se-gazetes-telegraf\/#article","isPartOf":{"@id":"https:\/\/orthodoxalbania.org\/2020\/2015\/04\/03\/proteste-redaksise-se-gazetes-telegraf\/"},"author":{"name":"Kisha Orthodhokse","@id":"https:\/\/orthodoxalbania.org\/2020\/#\/schema\/person\/0c387634a7063ac612d7ed9ce71c7e86"},"headline":"PROTEST\u00cb &#8211; Redaksis\u00eb s\u00eb gazet\u00ebs \u201cTelegraf\u201d","datePublished":"2015-04-03T08:42:52+00:00","dateModified":"2020-04-06T20:02:16+00:00","mainEntityOfPage":{"@id":"https:\/\/orthodoxalbania.org\/2020\/2015\/04\/03\/proteste-redaksise-se-gazetes-telegraf\/"},"wordCount":406,"commentCount":0,"publisher":{"@id":"https:\/\/orthodoxalbania.org\/2020\/#organization"},"image":{"@id":"https:\/\/orthodoxalbania.org\/2020\/2015\/04\/03\/proteste-redaksise-se-gazetes-telegraf\/#primaryimage"},"thumbnailUrl":"https:\/\/orthodoxalbania.org\/2020\/wp-content\/uploads\/2020\/04\/untitled-216.jpg","keywords":["2015","Deklarata - Njoftime Zyrtare","Kryepiskopata Tiran\u00eb","lajme","P\u00ebrgjigje ndaj akuzave"],"articleSection":["Lajme"],"inLanguage":"en-US"},{"@type":"WebPage","@id":"https:\/\/orthodoxalbania.org\/2020\/2015\/04\/03\/proteste-redaksise-se-gazetes-telegraf\/","url":"https:\/\/orthodoxalbania.org\/2020\/2015\/04\/03\/proteste-redaksise-se-gazetes-telegraf\/","name":"PROTEST\u00cb - Redaksis\u00eb s\u00eb gazet\u00ebs \u201cTelegraf\u201d - Kisha Orthodh\u03bfkse Autoqefale e Shqip\u00ebris\u00eb","isPartOf":{"@id":"https:\/\/orthodoxalbania.org\/2020\/#website"},"primaryImageOfPage":{"@id":"https:\/\/orthodoxalbania.org\/2020\/2015\/04\/03\/proteste-redaksise-se-gazetes-telegraf\/#primaryimage"},"image":{"@id":"https:\/\/orthodoxalbania.org\/2020\/2015\/04\/03\/proteste-redaksise-se-gazetes-telegraf\/#primaryimage"},"thumbnailUrl":"https:\/\/orthodoxalbania.org\/2020\/wp-content\/uploads\/2020\/04\/untitled-216.jpg","datePublished":"2015-04-03T08:42:52+00:00","dateModified":"2020-04-06T20:02:16+00:00","breadcrumb":{"@id":"https:\/\/orthodoxalbania.org\/2020\/2015\/04\/03\/proteste-redaksise-se-gazetes-telegraf\/#breadcrumb"},"inLanguage":"en-US","potentialAction":[{"@type":"ReadAction","target":["https:\/\/orthodoxalbania.org\/2020\/2015\/04\/03\/proteste-redaksise-se-gazetes-telegraf\/"]}]},{"@type":"ImageObject","inLanguage":"en-US","@id":"https:\/\/orthodoxalbania.org\/2020\/2015\/04\/03\/proteste-redaksise-se-gazetes-telegraf\/#primaryimage","url":"https:\/\/orthodoxalbania.org\/2020\/wp-content\/uploads\/2020\/04\/untitled-216.jpg","contentUrl":"https:\/\/orthodoxalbania.org\/2020\/wp-content\/uploads\/2020\/04\/untitled-216.jpg","width":958,"height":626},{"@type":"BreadcrumbList","@id":"https:\/\/orthodoxalbania.org\/2020\/2015\/04\/03\/proteste-redaksise-se-gazetes-telegraf\/#breadcrumb","itemListElement":[{"@type":"ListItem","position":1,"name":"Home","item":"https:\/\/orthodoxalbania.org\/2020\/"},{"@type":"ListItem","position":2,"name":"PROTEST\u00cb &#8211; Redaksis\u00eb s\u00eb gazet\u00ebs \u201cTelegraf\u201d"}]},{"@type":"WebSite","@id":"https:\/\/orthodoxalbania.org\/2020\/#website","url":"https:\/\/orthodoxalbania.org\/2020\/","name":"Kisha Orthodh\u03bfkse Autoqefale e Shqip\u00ebris\u00eb","description":"Fqja Zyrtare e Kish\u00ebs Orthodhokse Autoqefale e Shqip\u00ebris\u00eb me lajmet edhe informacionet zyrtare p\u00ebr struktur\u00ebn edhe veprimtarin e saj.","publisher":{"@id":"https:\/\/orthodoxalbania.org\/2020\/#organization"},"potentialAction":[{"@type":"SearchAction","target":{"@type":"EntryPoint","urlTemplate":"https:\/\/orthodoxalbania.org\/2020\/?s={search_term_string}"},"query-input":{"@type":"PropertyValueSpecification","valueRequired":true,"valueName":"search_term_string"}}],"inLanguage":"en-US"},{"@type":"Organization","@id":"https:\/\/orthodoxalbania.org\/2020\/#organization","name":"Kisha Orthodhokse Autoqefale e Shqip\u00ebris\u00eb","url":"https:\/\/orthodoxalbania.org\/2020\/","logo":{"@type":"ImageObject","inLanguage":"en-US","@id":"https:\/\/orthodoxalbania.org\/2020\/#\/schema\/logo\/image\/","url":"https:\/\/orthodoxalbania.org\/2020\/wp-content\/uploads\/2020\/05\/albania.jpeg","contentUrl":"https:\/\/orthodoxalbania.org\/2020\/wp-content\/uploads\/2020\/05\/albania.jpeg","width":540,"height":540,"caption":"Kisha Orthodhokse Autoqefale e Shqip\u00ebris\u00eb"},"image":{"@id":"https:\/\/orthodoxalbania.org\/2020\/#\/schema\/logo\/image\/"},"sameAs":["https:\/\/www.facebook.com\/koash1991"]},{"@type":"Person","@id":"https:\/\/orthodoxalbania.org\/2020\/#\/schema\/person\/0c387634a7063ac612d7ed9ce71c7e86","name":"Kisha Orthodhokse","image":{"@type":"ImageObject","inLanguage":"en-US","@id":"https:\/\/secure.gravatar.com\/avatar\/596e7c417251e30f2fbb9c00e026fce61a695a00e51c889caded71c96cbbdde5?s=96&d=mm&r=g","url":"https:\/\/secure.gravatar.com\/avatar\/596e7c417251e30f2fbb9c00e026fce61a695a00e51c889caded71c96cbbdde5?s=96&d=mm&r=g","contentUrl":"https:\/\/secure.gravatar.com\/avatar\/596e7c417251e30f2fbb9c00e026fce61a695a00e51c889caded71c96cbbdde5?s=96&d=mm&r=g","caption":"Kisha Orthodhokse"}}]}},"_links":{"self":[{"href":"https:\/\/orthodoxalbania.org\/2020\/wp-json\/wp\/v2\/posts\/3521","targetHints":{"allow":["GET"]}}],"collection":[{"href":"https:\/\/orthodoxalbania.org\/2020\/wp-json\/wp\/v2\/posts"}],"about":[{"href":"https:\/\/orthodoxalbania.org\/2020\/wp-json\/wp\/v2\/types\/post"}],"author":[{"embeddable":true,"href":"https:\/\/orthodoxalbania.org\/2020\/wp-json\/wp\/v2\/users\/1"}],"replies":[{"embeddable":true,"href":"https:\/\/orthodoxalbania.org\/2020\/wp-json\/wp\/v2\/comments?post=3521"}],"version-history":[{"count":1,"href":"https:\/\/orthodoxalbania.org\/2020\/wp-json\/wp\/v2\/posts\/3521\/revisions"}],"predecessor-version":[{"id":15017,"href":"https:\/\/orthodoxalbania.org\/2020\/wp-json\/wp\/v2\/posts\/3521\/revisions\/15017"}],"wp:featuredmedia":[{"embeddable":true,"href":"https:\/\/orthodoxalbania.org\/2020\/wp-json\/wp\/v2\/media\/1288"}],"wp:attachment":[{"href":"https:\/\/orthodoxalbania.org\/2020\/wp-json\/wp\/v2\/media?parent=3521"}],"wp:term":[{"taxonomy":"category","embeddable":true,"href":"https:\/\/orthodoxalbania.org\/2020\/wp-json\/wp\/v2\/categories?post=3521"},{"taxonomy":"post_tag","embeddable":true,"href":"https:\/\/orthodoxalbania.org\/2020\/wp-json\/wp\/v2\/tags?post=3521"}],"curies":[{"name":"wp","href":"https:\/\/api.w.org\/{rel}","templated":true}]}}