{"id":352,"date":"2008-02-26T00:00:36","date_gmt":"2008-02-26T00:00:36","guid":{"rendered":""},"modified":"2020-04-13T00:31:18","modified_gmt":"2020-04-12T22:31:18","slug":"christmas-in-berati-2008","status":"publish","type":"post","link":"https:\/\/orthodoxalbania.org\/2020\/en\/2008\/02\/26\/christmas-in-berati-2008\/","title":{"rendered":"Christmas in Berati. (December 2008)"},"content":{"rendered":"<p><span style=\"color: #000000;\"><span style=\"font-family: tahoma,geneva,sans-serif;\"><span style=\"font-size: 12px;\"><\/span><\/span><\/span><span style=\"color: #000000;\"><span style=\"font-family: tahoma,geneva,sans-serif;\"><span style=\"font-size: 12px;\"><img decoding=\"async\" class=\"lazyload HAa Eha\" style=\"margin: 10px auto; display: block; border: 1px solid;\" alt=\"\" src=\"data:image\/gif;base64,R0lGODlhAQABAAAAACH5BAEKAAEALAAAAAABAAEAAAICTAEAOw==\" data-orig-src=\"https:\/\/lh6.googleusercontent.com\/-Ae2NEvB4ZNw\/VJJ_FMEOseI\/AAAAAAAAIRs\/56DQHCf9SJ4\/w448-h336-no\/1.JPG\" \/><img decoding=\"async\" class=\"lazyload HAa Eha\" style=\"margin: 10px auto; display: block; border: 1px solid;\" alt=\"\" src=\"data:image\/gif;base64,R0lGODlhAQABAAAAACH5BAEKAAEALAAAAAABAAEAAAICTAEAOw==\" data-orig-src=\"https:\/\/lh5.googleusercontent.com\/-JBeiyAX0iFM\/VJJ_FP9bDnI\/AAAAAAAAIR4\/IQchXjaJnUc\/w448-h336-no\/2.jpg\" \/><\/span><\/span><\/span><\/p>\n<div class=\"style14\" style=\"text-align: justify;\"><span style=\"color: #000000;\"><span style=\"font-family: tahoma,geneva,sans-serif;\"><span style=\"font-size: 12px;\">&nbsp; &nbsp; Again this year God blessed us as we celebrated one of the greatest events which has changed the world. The spirit of Christmas could be felt at every corner in Berat, the city with a history of tradition. The decorations, the traditional meals, the different youth groups with bright stars in their hands created an exulting Christmas atmosphere. The celebration reached its peak at dawn on the 25th of December with the Divine Liturgy at Saint Spiridon.<\/span><\/span><\/span><\/div>\n<div class=\"style14\" style=\"text-align: justify;\"> <span style=\"color: #000000;\"><span style=\"font-family: tahoma,geneva,sans-serif;\"><span style=\"font-size: 12px;\">&nbsp;&nbsp;&nbsp; Many faithful were present during the Liturgy of Christmas which was lead by the Metropolitan of Berat, Vlora, Kanina and all the Myzeqe, His Grace Ignatios. Through communion, the congregation joined Christ who was born for us in a cave in Bethlehem. Metropolitan Ignatios, as he always does for such occasions, delivered his message to the faithful. He said, <em>\u201cThe greatest event in the history of mankind is the incarnation of Jesus Christ which happened in a very peaceful way. Eight hundred years ago, prophet Isaiah, inspired by God, proclaimed the Savior who was to be born was \u2018the powerful God, the Emperor, the Prince of Peace\u201d. <\/em><\/span><\/span><\/span><\/div>\n<div class=\"style14\" style=\"text-align: justify;\"> <span style=\"color: #000000;\"><span style=\"font-family: tahoma,geneva,sans-serif;\"><span style=\"font-size: 12px;\">&nbsp;&nbsp;&nbsp; <em>\u201cWhen the Theotokos gave birth to a Son who was born for us, an army of angels unceasingly sang hymns for the divine event. They came down immediately and sat at the horizon of Bethlehem to make it known to all. One of them appeared to the shepherds announcing \u2018A Savior is born today and He is Christ Himself\u2019. With an angelic melodies and joyful tunes the armies of angels presented the babe as \u2018the Prince of the Earth\u2019, the one who was sent by His Father in heaven to bring peace on earth\u201d. <\/em><\/span><\/span><\/span><\/div>\n<div class=\"style14\" style=\"text-align: justify;\"> <span style=\"color: #000000;\"><span style=\"font-family: tahoma,geneva,sans-serif;\"><span style=\"font-size: 12px;\">&nbsp; &nbsp; <em>\u201cChrist came into the world so peace would dominate among people. But instead of accomplishing the goal of His arrival, we are involved in wars, revolts, quarrels, evil, selfishness, pride etc. Have we ever asked ourselves about the cause of these things? Such a question will always remain unanswered for with those who try to find peace outside the person of Jesus Christ who is in fact \u2018our peace\u2019 (Eph. 2:14). Or for those who search peace outside themselves which they must relieve from sin because sin makes the person a foe to God and to his relative. Peace starts with repentance and the conversion of our heart. It is a spiritual condition and a fruit of the Holy Spirit. It is a condition of coexistence and cooperation between all simple men, as it is also stated in Acts 2:46 and it grows and it is cultivated by God\u2019s love\u201d. \u201cBut for man to reach the state of peace, he should calm his passions and make continuous effort to be peaceful and become Christ-like\u201d.<\/em><\/span><\/span><\/span><\/div>\n<div class=\"style14\" style=\"text-align: justify;\"> <span style=\"color: #000000;\"><span style=\"font-family: tahoma,geneva,sans-serif;\"><span style=\"font-size: 12px;\">&nbsp;&nbsp;&nbsp; Bishop Ignatios continued<em>, \u201cA harsh spiritual struggle is needed to sweep away the hatred, the antipathy and revenge from our hearts. Only in this way can we fill our hearts with the peace God desires for His people. No human mind can ever understand the values of peace (Philip 4:7). Peace cannot exist in the world unless there is an existent source which is the \u2018incarnated God\u2019, \u2018the one who lowered down the heavens and came down on earth Himself\u2019, the holy child of Bethlehem. All the phenomena we come across in our daily life, like unsuccessful human relationships, conflicts in the workplace, indifference to our neighbors, brothers and sons, the racial differences, and quarrels between people proceed because we stray from God and His commandments\u201d.<\/em><\/span><\/span><\/span><\/div>\n<div class=\"style14\" style=\"text-align: justify;\">&nbsp;<\/div>\n<div class=\"style14\" style=\"text-align: justify;\"><span style=\"color: #000000;\"><span style=\"font-family: tahoma,geneva,sans-serif;\"><span style=\"font-size: 12px;\">&nbsp;&nbsp;&nbsp; His Grace concluded by saying<em>, \u201cMy dear brothers in Christ, may our thanks be very warm to our Peacemaker, to our Lord Jesus Christ who became a man for the sake of our salvation. Let us try to reach our own salvation and become thus \u2018children of God\u2019. For those who experience relief through repentance and confession, a feeling of great joy is not unachievable, but a reality which everyone can receive. It is in fact a personal experience. We truly admire the extreme humbleness of our Lord. Do we need anything more? Our humbleness, the condition of peace and simpleness is the way which will lead us to God. Only in this way can we truly feel the beauty and the grandeur of Christmas. May it be done!\u201d<\/em>After such an inspiring message and Christmas blessings shared with one another, the faithful left the church to continue the celebration of the feast in their homes and to visit to their relatives.<\/span><\/span><\/span><\/div>\n<p><span style=\"color: #000000;\"><span style=\"font-family: tahoma,geneva,sans-serif;\"><span style=\"font-size: 12px;\"><img decoding=\"async\" class=\"lazyload HAa Eha\" style=\"margin: 10px auto; display: block; border: 1px solid;\" alt=\"\" src=\"data:image\/gif;base64,R0lGODlhAQABAAAAACH5BAEKAAEALAAAAAABAAEAAAICTAEAOw==\" data-orig-src=\"https:\/\/lh3.googleusercontent.com\/-RFKu7leMuC0\/VJJ_FJyHVvI\/AAAAAAAAIRw\/A861RJWtw5U\/w448-h336-no\/3.jpg\" \/><\/span><\/span><\/span><span style=\"color: #000000;\"><img decoding=\"async\" class=\"lazyload HAa Eha\" style=\"margin: 10px auto; display: block; border: 1px solid;\" alt=\"\" src=\"data:image\/svg+xml,%3Csvg%20xmlns%3D%27http%3A%2F%2Fwww.w3.org%2F2000%2Fsvg%27%20width%3D%27454%27%20height%3D%27321%27%20viewBox%3D%270%200%20454%20321%27%3E%3Crect%20width%3D%27454%27%20height%3D%27321%27%20fill-opacity%3D%220%22%2F%3E%3C%2Fsvg%3E\" data-orig-src=\"https:\/\/lh6.googleusercontent.com\/-G1Yypxa8x8o\/VJJ_Flu6lAI\/AAAAAAAAIRg\/k3vBU7uCaZo\/w448-h336-no\/4.jpg\" height=\"321\" width=\"454\" \/><\/span><\/p>\n<div style=\"text-align: center;\"><span style=\"color: #000000;\"><span style=\"font-family: tahoma,geneva,sans-serif;\"><span style=\"font-size: 12px;\"><img decoding=\"async\" class=\"lazyload HAa Eha\" style=\"margin: 10px auto; display: block; border: 1px solid;\" alt=\"\" src=\"data:image\/gif;base64,R0lGODlhAQABAAAAACH5BAEKAAEALAAAAAABAAEAAAICTAEAOw==\" data-orig-src=\"https:\/\/lh6.googleusercontent.com\/-EBVW_Vcaols\/VJJ_F1YLPdI\/AAAAAAAAIRk\/6cDx70bgfiY\/w448-h336-no\/5.jpg\" \/><\/span><\/span><\/span><\/div>\n<div style=\"text-align: center;\"><span style=\"color: #000000;\"><span style=\"font-family: tahoma,geneva,sans-serif;\"><span style=\"font-size: 12px;\"><img decoding=\"async\" class=\"lazyload HAa Eha\" style=\"margin: 10px auto; display: block; border: 1px solid;\" alt=\"\" src=\"data:image\/gif;base64,R0lGODlhAQABAAAAACH5BAEKAAEALAAAAAABAAEAAAICTAEAOw==\" data-orig-src=\"https:\/\/lh4.googleusercontent.com\/-ySD_aD7Do7g\/VJJ_GA14ttI\/AAAAAAAAIRo\/5NiKhRciKiw\/w448-h336-no\/6.jpg\" \/><\/span><\/span><\/span><\/div>\n<div style=\"text-align: right;\"><span style=\"color: #000000;\"><span style=\"font-family: tahoma,geneva,sans-serif;\"><span style=\"font-size: 12px;\">Joan Qako<\/span><\/span><\/span><\/div>\n<div style=\"text-align: right;\"> <span style=\"color: #000000;\"><span style=\"font-family: tahoma,geneva,sans-serif;\"><span style=\"font-size: 12px;\">Translated by Juliana Kodheli<\/span><\/span><\/span><\/div>\n<div style=\"text-align: right;\"> <span style=\"color: #000000;\"><span style=\"font-family: tahoma,geneva,sans-serif;\"><span style=\"font-size: 12px;\">Edited by Melanie Linderman<\/span><\/span><\/span><\/div>\n","protected":false},"excerpt":{"rendered":"<p>&nbsp; &nbsp; Again this year God blessed us as we celebrated one of the greatest events which has changed the world. The spirit of Christmas could be felt at every corner in Berat, the city with a history of tradition. The decorations, the traditional meals, the different youth groups with bright stars in their hands created an exulting Christmas atmosphere. The celebration reached its peak<\/p>\n","protected":false},"author":7,"featured_media":0,"comment_status":"open","ping_status":"open","sticky":false,"template":"","format":"standard","meta":{"_acf_changed":false,"pagelayer_contact_templates":[],"_pagelayer_content":"","inline_featured_image":false,"fifu_image_url":"","fifu_image_alt":"","footnotes":""},"categories":[1455,311],"tags":[1121,1832],"class_list":["post-352","post","type-post","status-publish","format-standard","hentry","category-news-en","category-news-d25","tag-2008-en","tag-krishtlindje-en"],"acf":[],"yoast_head":"<!-- This site is optimized with the Yoast SEO plugin v27.2 - https:\/\/yoast.com\/product\/yoast-seo-wordpress\/ -->\n<title>Christmas in Berati. (December 2008) - Kisha Orthodh\u03bfkse Autoqefale e Shqip\u00ebris\u00eb<\/title>\n<meta name=\"robots\" content=\"index, follow, max-snippet:-1, max-image-preview:large, max-video-preview:-1\" \/>\n<link rel=\"canonical\" href=\"https:\/\/orthodoxalbania.org\/2020\/en\/2008\/02\/26\/christmas-in-berati-2008\/\" \/>\n<meta property=\"og:locale\" content=\"en_US\" \/>\n<meta property=\"og:type\" content=\"article\" \/>\n<meta property=\"og:title\" content=\"Christmas in Berati. (December 2008) - Kisha Orthodh\u03bfkse Autoqefale e Shqip\u00ebris\u00eb\" \/>\n<meta property=\"og:description\" content=\"&nbsp; &nbsp; Again this year God blessed us as we celebrated one of the greatest events which has changed the world. The spirit of Christmas could be felt at every corner in Berat, the city with a history of tradition. The decorations, the traditional meals, the different youth groups with bright stars in their hands created an exulting Christmas atmosphere. The celebration reached its peak\" \/>\n<meta property=\"og:url\" content=\"https:\/\/orthodoxalbania.org\/2020\/en\/2008\/02\/26\/christmas-in-berati-2008\/\" \/>\n<meta property=\"og:site_name\" content=\"Kisha Orthodh\u03bfkse Autoqefale e Shqip\u00ebris\u00eb\" \/>\n<meta property=\"article:publisher\" content=\"https:\/\/www.facebook.com\/koash1991\" \/>\n<meta property=\"article:published_time\" content=\"2008-02-26T00:00:36+00:00\" \/>\n<meta property=\"article:modified_time\" content=\"2020-04-12T22:31:18+00:00\" \/>\n<meta property=\"og:image\" content=\"https:\/\/lh6.googleusercontent.com\/-Ae2NEvB4ZNw\/VJJ_FMEOseI\/AAAAAAAAIRs\/56DQHCf9SJ4\/w448-h336-no\/1.JPG\" \/>\n<meta name=\"author\" content=\"Kisha Orthodhokse\" \/>\n<meta name=\"twitter:card\" content=\"summary_large_image\" \/>\n<meta name=\"twitter:label1\" content=\"Written by\" \/>\n\t<meta name=\"twitter:data1\" content=\"Kisha Orthodhokse\" \/>\n\t<meta name=\"twitter:label2\" content=\"Est. reading time\" \/>\n\t<meta name=\"twitter:data2\" content=\"4 minutes\" \/>\n<script type=\"application\/ld+json\" class=\"yoast-schema-graph\">{\"@context\":\"https:\/\/schema.org\",\"@graph\":[{\"@type\":\"Article\",\"@id\":\"https:\/\/orthodoxalbania.org\/2020\/en\/2008\/02\/26\/christmas-in-berati-2008\/#article\",\"isPartOf\":{\"@id\":\"https:\/\/orthodoxalbania.org\/2020\/en\/2008\/02\/26\/christmas-in-berati-2008\/\"},\"author\":{\"name\":\"Kisha Orthodhokse\",\"@id\":\"https:\/\/orthodoxalbania.org\/2020\/#\/schema\/person\/df745f942b70e045b3dc05a30211f0de\"},\"headline\":\"Christmas in Berati. (December 2008)\",\"datePublished\":\"2008-02-26T00:00:36+00:00\",\"dateModified\":\"2020-04-12T22:31:18+00:00\",\"mainEntityOfPage\":{\"@id\":\"https:\/\/orthodoxalbania.org\/2020\/en\/2008\/02\/26\/christmas-in-berati-2008\/\"},\"wordCount\":769,\"commentCount\":0,\"publisher\":{\"@id\":\"https:\/\/orthodoxalbania.org\/2020\/#organization\"},\"image\":{\"@id\":\"https:\/\/orthodoxalbania.org\/2020\/en\/2008\/02\/26\/christmas-in-berati-2008\/#primaryimage\"},\"thumbnailUrl\":\"https:\/\/lh6.googleusercontent.com\/-Ae2NEvB4ZNw\/VJJ_FMEOseI\/AAAAAAAAIRs\/56DQHCf9SJ4\/w448-h336-no\/1.JPG\",\"keywords\":[\"2008\",\"Krishtlindje\"],\"articleSection\":[\"News - \u0395\u039d\",\"News old page\"],\"inLanguage\":\"en-US\"},{\"@type\":\"WebPage\",\"@id\":\"https:\/\/orthodoxalbania.org\/2020\/en\/2008\/02\/26\/christmas-in-berati-2008\/\",\"url\":\"https:\/\/orthodoxalbania.org\/2020\/en\/2008\/02\/26\/christmas-in-berati-2008\/\",\"name\":\"Christmas in Berati. (December 2008) - Kisha Orthodh\u03bfkse Autoqefale e Shqip\u00ebris\u00eb\",\"isPartOf\":{\"@id\":\"https:\/\/orthodoxalbania.org\/2020\/#website\"},\"primaryImageOfPage\":{\"@id\":\"https:\/\/orthodoxalbania.org\/2020\/en\/2008\/02\/26\/christmas-in-berati-2008\/#primaryimage\"},\"image\":{\"@id\":\"https:\/\/orthodoxalbania.org\/2020\/en\/2008\/02\/26\/christmas-in-berati-2008\/#primaryimage\"},\"thumbnailUrl\":\"https:\/\/lh6.googleusercontent.com\/-Ae2NEvB4ZNw\/VJJ_FMEOseI\/AAAAAAAAIRs\/56DQHCf9SJ4\/w448-h336-no\/1.JPG\",\"datePublished\":\"2008-02-26T00:00:36+00:00\",\"dateModified\":\"2020-04-12T22:31:18+00:00\",\"breadcrumb\":{\"@id\":\"https:\/\/orthodoxalbania.org\/2020\/en\/2008\/02\/26\/christmas-in-berati-2008\/#breadcrumb\"},\"inLanguage\":\"en-US\",\"potentialAction\":[{\"@type\":\"ReadAction\",\"target\":[\"https:\/\/orthodoxalbania.org\/2020\/en\/2008\/02\/26\/christmas-in-berati-2008\/\"]}]},{\"@type\":\"ImageObject\",\"inLanguage\":\"en-US\",\"@id\":\"https:\/\/orthodoxalbania.org\/2020\/en\/2008\/02\/26\/christmas-in-berati-2008\/#primaryimage\",\"url\":\"https:\/\/lh6.googleusercontent.com\/-Ae2NEvB4ZNw\/VJJ_FMEOseI\/AAAAAAAAIRs\/56DQHCf9SJ4\/w448-h336-no\/1.JPG\",\"contentUrl\":\"https:\/\/lh6.googleusercontent.com\/-Ae2NEvB4ZNw\/VJJ_FMEOseI\/AAAAAAAAIRs\/56DQHCf9SJ4\/w448-h336-no\/1.JPG\"},{\"@type\":\"BreadcrumbList\",\"@id\":\"https:\/\/orthodoxalbania.org\/2020\/en\/2008\/02\/26\/christmas-in-berati-2008\/#breadcrumb\",\"itemListElement\":[{\"@type\":\"ListItem\",\"position\":1,\"name\":\"Home\",\"item\":\"https:\/\/orthodoxalbania.org\/2020\/\"},{\"@type\":\"ListItem\",\"position\":2,\"name\":\"Christmas in Berati. (December 2008)\"}]},{\"@type\":\"WebSite\",\"@id\":\"https:\/\/orthodoxalbania.org\/2020\/#website\",\"url\":\"https:\/\/orthodoxalbania.org\/2020\/\",\"name\":\"Kisha Orthodh\u03bfkse Autoqefale e Shqip\u00ebris\u00eb\",\"description\":\"Fqja Zyrtare e Kish\u00ebs Orthodhokse Autoqefale e Shqip\u00ebris\u00eb me lajmet edhe informacionet zyrtare p\u00ebr struktur\u00ebn edhe veprimtarin e saj.\",\"publisher\":{\"@id\":\"https:\/\/orthodoxalbania.org\/2020\/#organization\"},\"potentialAction\":[{\"@type\":\"SearchAction\",\"target\":{\"@type\":\"EntryPoint\",\"urlTemplate\":\"https:\/\/orthodoxalbania.org\/2020\/?s={search_term_string}\"},\"query-input\":{\"@type\":\"PropertyValueSpecification\",\"valueRequired\":true,\"valueName\":\"search_term_string\"}}],\"inLanguage\":\"en-US\"},{\"@type\":\"Organization\",\"@id\":\"https:\/\/orthodoxalbania.org\/2020\/#organization\",\"name\":\"Kisha Orthodhokse Autoqefale e Shqip\u00ebris\u00eb\",\"url\":\"https:\/\/orthodoxalbania.org\/2020\/\",\"logo\":{\"@type\":\"ImageObject\",\"inLanguage\":\"en-US\",\"@id\":\"https:\/\/orthodoxalbania.org\/2020\/#\/schema\/logo\/image\/\",\"url\":\"https:\/\/orthodoxalbania.org\/2020\/wp-content\/uploads\/2020\/05\/albania.jpeg\",\"contentUrl\":\"https:\/\/orthodoxalbania.org\/2020\/wp-content\/uploads\/2020\/05\/albania.jpeg\",\"width\":540,\"height\":540,\"caption\":\"Kisha Orthodhokse Autoqefale e Shqip\u00ebris\u00eb\"},\"image\":{\"@id\":\"https:\/\/orthodoxalbania.org\/2020\/#\/schema\/logo\/image\/\"},\"sameAs\":[\"https:\/\/www.facebook.com\/koash1991\"]},{\"@type\":\"Person\",\"@id\":\"https:\/\/orthodoxalbania.org\/2020\/#\/schema\/person\/df745f942b70e045b3dc05a30211f0de\",\"name\":\"Kisha Orthodhokse\",\"image\":{\"@type\":\"ImageObject\",\"inLanguage\":\"en-US\",\"@id\":\"https:\/\/secure.gravatar.com\/avatar\/2676eb8d97178435c9f691a7871595a1da6c33542dec218bce40885573150e28?s=96&d=mm&r=g\",\"url\":\"https:\/\/secure.gravatar.com\/avatar\/2676eb8d97178435c9f691a7871595a1da6c33542dec218bce40885573150e28?s=96&d=mm&r=g\",\"contentUrl\":\"https:\/\/secure.gravatar.com\/avatar\/2676eb8d97178435c9f691a7871595a1da6c33542dec218bce40885573150e28?s=96&d=mm&r=g\",\"caption\":\"Kisha Orthodhokse\"}}]}<\/script>\n<!-- \/ Yoast SEO plugin. -->","yoast_head_json":{"title":"Christmas in Berati. (December 2008) - Kisha Orthodh\u03bfkse Autoqefale e Shqip\u00ebris\u00eb","robots":{"index":"index","follow":"follow","max-snippet":"max-snippet:-1","max-image-preview":"max-image-preview:large","max-video-preview":"max-video-preview:-1"},"canonical":"https:\/\/orthodoxalbania.org\/2020\/en\/2008\/02\/26\/christmas-in-berati-2008\/","og_locale":"en_US","og_type":"article","og_title":"Christmas in Berati. (December 2008) - Kisha Orthodh\u03bfkse Autoqefale e Shqip\u00ebris\u00eb","og_description":"&nbsp; &nbsp; Again this year God blessed us as we celebrated one of the greatest events which has changed the world. The spirit of Christmas could be felt at every corner in Berat, the city with a history of tradition. The decorations, the traditional meals, the different youth groups with bright stars in their hands created an exulting Christmas atmosphere. The celebration reached its peak","og_url":"https:\/\/orthodoxalbania.org\/2020\/en\/2008\/02\/26\/christmas-in-berati-2008\/","og_site_name":"Kisha Orthodh\u03bfkse Autoqefale e Shqip\u00ebris\u00eb","article_publisher":"https:\/\/www.facebook.com\/koash1991","article_published_time":"2008-02-26T00:00:36+00:00","article_modified_time":"2020-04-12T22:31:18+00:00","og_image":[{"url":"https:\/\/lh6.googleusercontent.com\/-Ae2NEvB4ZNw\/VJJ_FMEOseI\/AAAAAAAAIRs\/56DQHCf9SJ4\/w448-h336-no\/1.JPG","type":"","width":"","height":""}],"author":"Kisha Orthodhokse","twitter_card":"summary_large_image","twitter_misc":{"Written by":"Kisha Orthodhokse","Est. reading time":"4 minutes"},"schema":{"@context":"https:\/\/schema.org","@graph":[{"@type":"Article","@id":"https:\/\/orthodoxalbania.org\/2020\/en\/2008\/02\/26\/christmas-in-berati-2008\/#article","isPartOf":{"@id":"https:\/\/orthodoxalbania.org\/2020\/en\/2008\/02\/26\/christmas-in-berati-2008\/"},"author":{"name":"Kisha Orthodhokse","@id":"https:\/\/orthodoxalbania.org\/2020\/#\/schema\/person\/df745f942b70e045b3dc05a30211f0de"},"headline":"Christmas in Berati. (December 2008)","datePublished":"2008-02-26T00:00:36+00:00","dateModified":"2020-04-12T22:31:18+00:00","mainEntityOfPage":{"@id":"https:\/\/orthodoxalbania.org\/2020\/en\/2008\/02\/26\/christmas-in-berati-2008\/"},"wordCount":769,"commentCount":0,"publisher":{"@id":"https:\/\/orthodoxalbania.org\/2020\/#organization"},"image":{"@id":"https:\/\/orthodoxalbania.org\/2020\/en\/2008\/02\/26\/christmas-in-berati-2008\/#primaryimage"},"thumbnailUrl":"https:\/\/lh6.googleusercontent.com\/-Ae2NEvB4ZNw\/VJJ_FMEOseI\/AAAAAAAAIRs\/56DQHCf9SJ4\/w448-h336-no\/1.JPG","keywords":["2008","Krishtlindje"],"articleSection":["News - \u0395\u039d","News old page"],"inLanguage":"en-US"},{"@type":"WebPage","@id":"https:\/\/orthodoxalbania.org\/2020\/en\/2008\/02\/26\/christmas-in-berati-2008\/","url":"https:\/\/orthodoxalbania.org\/2020\/en\/2008\/02\/26\/christmas-in-berati-2008\/","name":"Christmas in Berati. (December 2008) - Kisha Orthodh\u03bfkse Autoqefale e Shqip\u00ebris\u00eb","isPartOf":{"@id":"https:\/\/orthodoxalbania.org\/2020\/#website"},"primaryImageOfPage":{"@id":"https:\/\/orthodoxalbania.org\/2020\/en\/2008\/02\/26\/christmas-in-berati-2008\/#primaryimage"},"image":{"@id":"https:\/\/orthodoxalbania.org\/2020\/en\/2008\/02\/26\/christmas-in-berati-2008\/#primaryimage"},"thumbnailUrl":"https:\/\/lh6.googleusercontent.com\/-Ae2NEvB4ZNw\/VJJ_FMEOseI\/AAAAAAAAIRs\/56DQHCf9SJ4\/w448-h336-no\/1.JPG","datePublished":"2008-02-26T00:00:36+00:00","dateModified":"2020-04-12T22:31:18+00:00","breadcrumb":{"@id":"https:\/\/orthodoxalbania.org\/2020\/en\/2008\/02\/26\/christmas-in-berati-2008\/#breadcrumb"},"inLanguage":"en-US","potentialAction":[{"@type":"ReadAction","target":["https:\/\/orthodoxalbania.org\/2020\/en\/2008\/02\/26\/christmas-in-berati-2008\/"]}]},{"@type":"ImageObject","inLanguage":"en-US","@id":"https:\/\/orthodoxalbania.org\/2020\/en\/2008\/02\/26\/christmas-in-berati-2008\/#primaryimage","url":"https:\/\/lh6.googleusercontent.com\/-Ae2NEvB4ZNw\/VJJ_FMEOseI\/AAAAAAAAIRs\/56DQHCf9SJ4\/w448-h336-no\/1.JPG","contentUrl":"https:\/\/lh6.googleusercontent.com\/-Ae2NEvB4ZNw\/VJJ_FMEOseI\/AAAAAAAAIRs\/56DQHCf9SJ4\/w448-h336-no\/1.JPG"},{"@type":"BreadcrumbList","@id":"https:\/\/orthodoxalbania.org\/2020\/en\/2008\/02\/26\/christmas-in-berati-2008\/#breadcrumb","itemListElement":[{"@type":"ListItem","position":1,"name":"Home","item":"https:\/\/orthodoxalbania.org\/2020\/"},{"@type":"ListItem","position":2,"name":"Christmas in Berati. (December 2008)"}]},{"@type":"WebSite","@id":"https:\/\/orthodoxalbania.org\/2020\/#website","url":"https:\/\/orthodoxalbania.org\/2020\/","name":"Kisha Orthodh\u03bfkse Autoqefale e Shqip\u00ebris\u00eb","description":"Fqja Zyrtare e Kish\u00ebs Orthodhokse Autoqefale e Shqip\u00ebris\u00eb me lajmet edhe informacionet zyrtare p\u00ebr struktur\u00ebn edhe veprimtarin e saj.","publisher":{"@id":"https:\/\/orthodoxalbania.org\/2020\/#organization"},"potentialAction":[{"@type":"SearchAction","target":{"@type":"EntryPoint","urlTemplate":"https:\/\/orthodoxalbania.org\/2020\/?s={search_term_string}"},"query-input":{"@type":"PropertyValueSpecification","valueRequired":true,"valueName":"search_term_string"}}],"inLanguage":"en-US"},{"@type":"Organization","@id":"https:\/\/orthodoxalbania.org\/2020\/#organization","name":"Kisha Orthodhokse Autoqefale e Shqip\u00ebris\u00eb","url":"https:\/\/orthodoxalbania.org\/2020\/","logo":{"@type":"ImageObject","inLanguage":"en-US","@id":"https:\/\/orthodoxalbania.org\/2020\/#\/schema\/logo\/image\/","url":"https:\/\/orthodoxalbania.org\/2020\/wp-content\/uploads\/2020\/05\/albania.jpeg","contentUrl":"https:\/\/orthodoxalbania.org\/2020\/wp-content\/uploads\/2020\/05\/albania.jpeg","width":540,"height":540,"caption":"Kisha Orthodhokse Autoqefale e Shqip\u00ebris\u00eb"},"image":{"@id":"https:\/\/orthodoxalbania.org\/2020\/#\/schema\/logo\/image\/"},"sameAs":["https:\/\/www.facebook.com\/koash1991"]},{"@type":"Person","@id":"https:\/\/orthodoxalbania.org\/2020\/#\/schema\/person\/df745f942b70e045b3dc05a30211f0de","name":"Kisha Orthodhokse","image":{"@type":"ImageObject","inLanguage":"en-US","@id":"https:\/\/secure.gravatar.com\/avatar\/2676eb8d97178435c9f691a7871595a1da6c33542dec218bce40885573150e28?s=96&d=mm&r=g","url":"https:\/\/secure.gravatar.com\/avatar\/2676eb8d97178435c9f691a7871595a1da6c33542dec218bce40885573150e28?s=96&d=mm&r=g","contentUrl":"https:\/\/secure.gravatar.com\/avatar\/2676eb8d97178435c9f691a7871595a1da6c33542dec218bce40885573150e28?s=96&d=mm&r=g","caption":"Kisha Orthodhokse"}}]}},"_links":{"self":[{"href":"https:\/\/orthodoxalbania.org\/2020\/wp-json\/wp\/v2\/posts\/352","targetHints":{"allow":["GET"]}}],"collection":[{"href":"https:\/\/orthodoxalbania.org\/2020\/wp-json\/wp\/v2\/posts"}],"about":[{"href":"https:\/\/orthodoxalbania.org\/2020\/wp-json\/wp\/v2\/types\/post"}],"author":[{"embeddable":true,"href":"https:\/\/orthodoxalbania.org\/2020\/wp-json\/wp\/v2\/users\/7"}],"replies":[{"embeddable":true,"href":"https:\/\/orthodoxalbania.org\/2020\/wp-json\/wp\/v2\/comments?post=352"}],"version-history":[{"count":1,"href":"https:\/\/orthodoxalbania.org\/2020\/wp-json\/wp\/v2\/posts\/352\/revisions"}],"predecessor-version":[{"id":17978,"href":"https:\/\/orthodoxalbania.org\/2020\/wp-json\/wp\/v2\/posts\/352\/revisions\/17978"}],"wp:attachment":[{"href":"https:\/\/orthodoxalbania.org\/2020\/wp-json\/wp\/v2\/media?parent=352"}],"wp:term":[{"taxonomy":"category","embeddable":true,"href":"https:\/\/orthodoxalbania.org\/2020\/wp-json\/wp\/v2\/categories?post=352"},{"taxonomy":"post_tag","embeddable":true,"href":"https:\/\/orthodoxalbania.org\/2020\/wp-json\/wp\/v2\/tags?post=352"}],"curies":[{"name":"wp","href":"https:\/\/api.w.org\/{rel}","templated":true}]}}