{"id":342,"date":"2007-02-26T00:00:00","date_gmt":"2007-02-26T00:00:00","guid":{"rendered":""},"modified":"2020-04-06T22:35:49","modified_gmt":"2020-04-06T20:35:49","slug":"cfare-thone-shenjtoret-per-kreshmen-nentor-2007","status":"publish","type":"post","link":"https:\/\/orthodoxalbania.org\/2020\/2007\/02\/26\/cfare-thone-shenjtoret-per-kreshmen-nentor-2007\/","title":{"rendered":"\u00c7far\u00eb thon\u00eb shenjtor\u00ebt p\u00ebr Kreshm\u00ebn. (N\u00ebntor 2007)"},"content":{"rendered":"<table id=\"AutoNumber2\" border=\"0\">\n<tbody>\n<tr>\n<td>\n<p><span style=\"font-size: 12pt; font-family: helvetica;\"><\/span><\/p>\n<\/td>\n<td>\n<p style=\"text-align: justify;\"><span style=\"font-family: helvetica; font-size: 12pt;\"><span style=\"color: #000000;\"><strong>&nbsp; <img decoding=\"async\" class=\"lazyload HAa Eha\" style=\"height: 262px; width: 250px; border-width: 1px; border-style: solid; margin: 10px; float: left;\" alt=\"\" src=\"data:image\/gif;base64,R0lGODlhAQABAAAAACH5BAEKAAEALAAAAAABAAEAAAICTAEAOw==\" data-orig-src=\"https:\/\/lh6.googleusercontent.com\/-rwk21qiQ0Ec\/VIrZ5KaQKEI\/AAAAAAAAHFo\/dqwcPTCv_W4\/w386-h405-no\/kreshme1.jpg\" \/>&nbsp; P\u00ebr t\u00eb gjith\u00eb besimtar\u00ebt, periudha 15 n\u00ebntor \u2013 24 dhjetor, sipas kalendarit t\u00eb krishter\u00eb orthodhoks, p\u00ebrkon me Kreshm\u00ebn, periudh\u00eb p\u00ebrgatitore p\u00ebr t\u00eb kremten e madhe t\u00eb Krishtlindjeve (25 Dhjetor). Kreshma konsiston n\u00eb kufizimin e disa lloj ushqimesh, shoq\u00ebruar me nj\u00eb p\u00ebrpjekje t\u00eb madhe shpirt\u00ebrore.<\/strong><\/span><\/span><\/p>\n<\/td>\n<\/tr>\n<tr>\n<td colspan=\"2\">\n<p style=\"text-align: center;\"><span style=\"color: #b22222; font-size: 12pt; font-family: helvetica;\"> <strong>1.\u00c7far\u00eb thon\u00eb shenjtor\u00ebt p\u00ebr kreshm\u00ebn?<br \/> &nbsp;<\/strong><\/span><\/p>\n<\/td>\n<\/tr>\n<\/tbody>\n<\/table>\n<p><span style=\"color: #b22222; font-size: 12pt; font-family: helvetica;\"><strong>&nbsp;&nbsp;&nbsp;&nbsp; Q\u00ebllimi i kreshm\u00ebs<\/strong><\/span><\/p>\n<p style=\"text-align: justify;\"><span style=\"font-family: helvetica; font-size: 12pt;\"><span style=\"color: #000000;\">&nbsp;&nbsp;&nbsp; \u201cKreshm\u00ebt jan\u00eb ila\u00e7, por ila\u00e7i sado i dobish\u00ebm q\u00eb t\u00eb jet\u00eb, shpesh nuk vlen aspak kur nuk ka p\u00ebrvoj\u00eb ai q\u00eb e p\u00ebrdor. Sepse, duhet q\u00eb njeriu t\u00eb dij\u00eb koh\u00ebn e p\u00ebrdorimit, sasin\u00eb e nevojshme, gjendjen e trupit q\u00eb do ta marr\u00eb ila\u00e7in, kushtet klimatike, diet\u00ebn q\u00eb duhet t\u00eb mbaj\u00eb, stin\u00ebn m\u00eb t\u00eb p\u00ebrshtatshme t\u00eb vitit, e shum\u00eb t\u00eb tjera si k\u00ebto, t\u00eb cilat po t\u00eb mos i kemi parasysh, ila\u00e7i nuk sjell asnj\u00eb dobi. Prandaj Kisha jon\u00eb e Shenjt\u00eb i ka caktuar periudhat kur i krishteri orthodhoks duhet t\u00eb mbaj\u00eb kreshm\u00eb.<\/span><\/span><\/p>\n<p style=\"text-align: justify;\"><span style=\"font-family: helvetica; font-size: 12pt;\"><span style=\"color: #000000;\">&nbsp;&nbsp;&nbsp; Kreshm\u00ebt q\u00eb i ka caktuar Kisha t\u00eb mbahen para t\u00eb kremteve t\u00eb m\u00ebdha t\u00eb krishterimit, kan\u00eb p\u00ebr q\u00ebllim kryesor t\u00eb na p\u00ebrgatisin shpirt\u00ebrisht p\u00ebr t\u2019u njohur dhe nd\u00ebrgjegj\u00ebsuar me ngjarjet e m\u00ebdha q\u00eb kremtojm\u00eb ato dit\u00eb\u201d.<\/span><\/span><\/p>\n<p style=\"margin-left: 3.5in; text-align: center;\"><span style=\"color: #b22222; font-size: 12pt; font-family: helvetica;\"> <strong><em>Sh\u00ebn Joan Gojarti<\/em><\/strong><\/span><\/p>\n<p style=\"margin-left: 3.5in;\"><span style=\"font-size: 12pt; font-family: helvetica;\"><\/span><\/p>\n<p><span style=\"color: #b22222; font-size: 12pt; font-family: helvetica;\"><strong>&nbsp;&nbsp;&nbsp;&nbsp; Tregoje kreshm\u00ebn me vepra<\/strong><\/span><\/p>\n<p style=\"text-align: justify;\"><span style=\"font-family: helvetica; font-size: 12pt;\"><span style=\"color: #000000;\">&nbsp;&nbsp;&nbsp; \u201cMban kreshm\u00eb? Tregoje me vepra.\u00c7far\u00eb veprash? Kur shikon ndonj\u00eb t\u00eb varf\u00ebr, ndihmoje. Kur shikon armikun t\u00ebnd, t\u00eb pajtohesh dhe t\u00eb b\u00ebhesh mik me t\u00eb, t\u00eb mos shash, t\u00eb mos shpif\u00ebsh, t\u00eb mos vjedh\u00ebsh, t\u00eb mos b\u00ebsh ndonj\u00eb padrejt\u00ebsi, t\u00eb mos mbash n\u00ebp\u00ebr goj\u00eb njer\u00ebzit, etj. Me fjal\u00eb t\u00eb tjera, nuk duhet t\u00eb mbaj\u00eb kreshm\u00eb vet\u00ebm goja, por edhe syri, edhe veshi, edhe k\u00ebmb\u00ebt dhe t\u00eb gjitha pjes\u00ebt e trupit t\u00ebnd.<\/span><\/span><\/p>\n<p style=\"text-align: justify;\"><span style=\"font-family: helvetica; font-size: 12pt;\"><span style=\"color: #000000;\">&nbsp;&nbsp;&nbsp; Le t\u00eb mbajn\u00eb kreshm\u00eb duart duke mos u ndotur me vjedhje dhe grabitje.<\/span><\/span><\/p>\n<p style=\"text-align: justify;\"><span style=\"font-family: helvetica; font-size: 12pt;\"><span style=\"color: #000000;\">&nbsp;&nbsp;&nbsp; Le t\u00eb mbajn\u00eb kreshm\u00eb k\u00ebmb\u00ebt duke u larguar nga rruga q\u00eb t\u00eb \u00e7on n\u00ebp\u00ebr qendra m\u00ebkatare dhe n\u00ebp\u00ebr mbledhje imoral\u00ebsh.<\/span><\/span><\/p>\n<p style=\"text-align: justify;\"><span style=\"font-family: helvetica; font-size: 12pt;\"><span style=\"color: #000000;\">&nbsp;&nbsp;&nbsp; Le t\u00eb mbajn\u00eb kreshm\u00eb syt\u00eb duke mos u hedhur n\u00eb fytyra t\u00eb bukura me q\u00ebllim satanik e shtazor, sepse do t\u00eb ishte nj\u00eb gj\u00eb qesharake sikur goj\u00ebn ta largosh nga gjell\u00ebt, t\u00eb cilat n\u00eb fund t\u00eb fundit nuk jan\u00eb t\u00eb k\u00ebqija n\u00eb vetvete, kurse syve t\u2019u jap\u00ebsh leje t\u00eb shohin gj\u00ebra q\u00eb jan\u00eb t\u00eb ndaluara dhe q\u00eb jan\u00eb vetvetiu t\u00eb liga.<\/span><\/span><\/p>\n<p style=\"text-align: justify;\"><span style=\"font-family: helvetica; font-size: 12pt;\"><span style=\"color: #000000;\">&nbsp;&nbsp;&nbsp; Nuk ha mish? Mir\u00eb b\u00ebn, por mos i l\u00ebr syt\u00eb e tu t\u00eb han\u00eb imoralitet dhe paturp\u00ebsi.<\/span><\/span><\/p>\n<p style=\"text-align: justify;\"><span style=\"font-family: helvetica; font-size: 12pt;\"><span style=\"color: #000000;\">&nbsp;&nbsp;&nbsp; Le t\u00eb mbaj\u00eb kreshm\u00eb edhe veshi. Por, kur mban kreshm\u00eb veshi? Kreshma e veshit \u00ebsht\u00eb t\u00eb mos d\u00ebgjoj\u00eb e t\u00eb mos pranoj\u00eb as sharje, as shpifje, as qortime. Sepse Shkrimi i Shenjt\u00eb thot\u00eb: \u201cT\u00eb mos pranosh t\u00eb d\u00ebgjosh kall\u00ebzime dhe fjal\u00eb t\u00eb liga\u201d.<\/span><\/span><\/p>\n<p style=\"text-align: justify;\"><span style=\"font-family: helvetica; font-size: 12pt;\"><span style=\"color: #000000;\">&nbsp;&nbsp;&nbsp; Le t\u00eb mbaj\u00eb kreshm\u00eb edhe goja, e goja mban kreshm\u00eb kur nuk nxjerr asnj\u00eb fjal\u00eb t\u00eb keqe. Se me t\u00eb v\u00ebrtet\u00eb, \u00e7far\u00eb dobie vjen kur nga nj\u00ebra an\u00eb nuk ham\u00eb mish dhe peshk e ushqime t\u00eb tjera kreshmore, e nga ana tjet\u00ebr, kafshojm\u00eb dhe cop\u00ebtojm\u00eb t\u00eb af\u00ebrmit tan\u00eb?<\/span><\/span><\/p>\n<p style=\"margin-left: 3in; text-align: center;\"><span style=\"color: #b22222; font-size: 12pt; font-family: helvetica;\"><strong><em>Sh\u00ebn Joan Gojarti<\/em><\/strong><\/span><\/p>\n<p style=\"margin-left: 3.0in;\"><span style=\"font-size: 12pt; font-family: helvetica;\"><\/span><\/p>\n<p><span style=\"color: #b22222; font-size: 12pt; font-family: helvetica;\"><strong>&nbsp;&nbsp;&nbsp;&nbsp; Kreshma: Themeli i virtyteve<\/strong><\/span><\/p>\n<p style=\"text-align: justify;\"><span style=\"font-family: helvetica; font-size: 12pt;\"><span style=\"color: #000000;\">&nbsp;&nbsp;&nbsp;&nbsp; Kreshma lind profet\u00ebt, forcon t\u00eb dob\u00ebtit. Kreshma urt\u00ebson ligjv\u00ebn\u00ebsit. \u00cbsht\u00eb mbrojt\u00ebse e shpirtit, shoq\u00ebruesi besnik i trupit, arm\u00eb e fitimtar\u00ebve, ushtrim p\u00ebr atlet\u00ebt. \u00cbsht\u00eb d\u00ebbuese e tundimeve dhe parap\u00ebrgatit\u00ebse p\u00ebr fitimin e devotshm\u00ebris\u00eb. \u00cbsht\u00eb mik i vigjilenc\u00ebs dhe krijues i urt\u00ebsis\u00eb. N\u00eb luft\u00eb sillet me trim\u00ebri, nd\u00ebrsa n\u00eb koh\u00eb paqeje m\u00ebson qet\u00ebsin\u00eb. T\u00eb p\u00ebrsos dhe t\u00eb shenjt\u00ebron. Kreshma zhduk fuqin\u00eb e zjarrit dhe mbyll goj\u00ebt e luan\u00ebve. Kreshma ngjit lutjen n\u00eb qiell e p\u00ebr rrjedhoj\u00eb lart\u00ebson shpirtin. \u00cbsht\u00eb n\u00ebna e sh\u00ebndetit. Pedagog i t\u00eb rinjve. Stolia e pleqve.<\/span><\/span><\/p>\n<p style=\"margin-left: 3in; text-align: center;\"><span style=\"color: #b22222; font-size: 12pt; font-family: helvetica;\"><strong><em>Sh\u00ebn Vasili i Madh<\/em><\/strong><\/span><\/p>\n<p><span style=\"font-size: 12pt; font-family: helvetica;\"><\/span><\/p>\n<p><span style=\"color: #b22222; font-size: 12pt; font-family: helvetica;\"><strong>&nbsp;&nbsp;&nbsp;&nbsp; Dobit\u00eb q\u00eb vijn\u00eb nga kreshma<\/strong><\/span><\/p>\n<p style=\"text-align: justify;\"><span style=\"font-family: helvetica; font-size: 12pt;\"><span style=\"color: #000000;\">&nbsp;&nbsp;&nbsp;&nbsp; Kreshma \u00ebsht\u00eb mjeku i shpirtrave tan\u00eb. Ajo zbut inatin, shton zellin p\u00ebr t\u00eb b\u00ebr\u00eb t\u00eb mir\u00ebn. Zbut zemr\u00ebn. Pastron mendjen nga mendimet e liga. Frenon gjuh\u00ebn q\u00eb t\u00eb mos thot\u00eb fjal\u00eb t\u00eb tep\u00ebrta e t\u00eb pahijshme. Frenon syt\u00eb t\u00eb mos jen\u00eb kureshtar\u00eb t\u00eb shohin andej e k\u00ebtej, por e b\u00ebn secilin t\u00eb tregoj\u00eb kujdes p\u00ebr veten e tij dhe e m\u00ebson t\u00eb kujtoj\u00eb gjithnj\u00eb m\u00ebkatet e tij duke e larguar k\u00ebshtu nga gjykimi i t\u00eb af\u00ebrmit.<\/span><\/span><\/p>\n<p style=\"margin-left: 3in; text-align: center;\"><span style=\"color: #b22222; font-size: 12pt; font-family: helvetica;\"><strong><em>Sh\u00ebn Simeoni Teolog i Ri<\/em><\/strong><\/span><\/p>\n<p><span style=\"font-size: 12pt; font-family: helvetica;\"><\/span><\/p>\n<p><span style=\"color: #b22222; font-size: 12pt; font-family: helvetica;\"><strong>&nbsp;&nbsp;&nbsp;&nbsp; Kur b\u00ebn dobi kreshma?<\/strong><\/span><\/p>\n<p style=\"text-align: justify;\"><span style=\"font-family: helvetica; font-size: 12pt;\"><span style=\"color: #000000;\">&nbsp;&nbsp;&nbsp;&nbsp; \u201cLe t\u00eb kemi p\u00ebrmbajtje n\u00eb gjith\u00eb shqisat tona. Pra, n\u00ebse kreshmon nga ana ushqimore, por i l\u00eb syt\u00eb e tu t\u00eb shohin me kureshtje, k\u00ebshtu ata krijojn\u00eb smir\u00eb dhe zili n\u00eb shpirtin t\u00ebnd, dhe n\u00ebse veshi yt pranon sharje, k\u00ebng\u00eb t\u00eb pahijshme, p\u00ebrgojime, fjal\u00eb t\u00eb k\u00ebqija dhe pranon dhe gj\u00ebra q\u00eb d\u00ebmtojn\u00eb dhe shqisat e tjera, cila \u00ebsht\u00eb dobia e kreshm\u00ebs? Patjet\u00ebr nuk do kesh asnj\u00eb dobi. Pra, nevojitet nj\u00eb kreshm\u00eb, jo vet\u00ebm nga ana ushqimore, por nj\u00eb kreshm\u00eb me gjith\u00eb shqisat tona\u201d.<\/span><\/span><\/p>\n<p style=\"margin-left: 3in; text-align: center;\"><span style=\"color: #b22222; font-size: 12pt; font-family: helvetica;\"><strong><em>Sh\u00ebn Grigor Pallamai<\/em><\/strong><\/span><\/p>\n<p><span style=\"font-size: 12pt; font-family: helvetica;\"><\/span><\/p>\n<p><span style=\"color: #b22222; font-size: 12pt; font-family: helvetica;\"><strong>&nbsp;&nbsp;&nbsp;&nbsp; B\u00ebje \u00e7do gj\u00eb p\u00ebr hir t\u00eb Zotit<\/strong><\/span><\/p>\n<p style=\"text-align: justify;\"><span style=\"font-family: helvetica; font-size: 12pt;\"><span style=\"color: #000000;\">&nbsp;&nbsp;&nbsp;&nbsp; Ka shum\u00eb gj\u00ebra q\u00eb b\u00ebhen nga njer\u00ebzit dhe q\u00eb jan\u00eb t\u00eb mira nga natyra e tyre, por nuk jan\u00eb t\u00eb mira p\u00ebr ndonj\u00eb shkak, si p.sh.: Kreshma dhe agripnia, lutja dhe psalmodia, l\u00ebmosha dhe mikpritja, nga natyra e tyre jan\u00eb vepra t\u00eb mira, por kur b\u00ebhen nga lavdidashja, tashm\u00eb nuk jan\u00eb m\u00eb t\u00eb mira.<\/span><\/span><\/p>\n<p style=\"text-align: justify;\"><span style=\"font-family: helvetica; font-size: 12pt;\"><span style=\"color: #000000;\">&nbsp;&nbsp;&nbsp;&nbsp; Per\u00ebndia nga t\u00eb gjitha veprat tona k\u00ebrkon q\u00ebllimin e tyre, d.m.th n\u00ebse i b\u00ebjm\u00eb p\u00ebr hir t\u00eb Atij, apo p\u00ebr ndonj\u00eb shkak tjet\u00ebr.<\/span><\/span><\/p>\n<p style=\"margin-left: 3in; text-align: center;\"><span style=\"color: #b22222; font-size: 12pt; font-family: helvetica;\"><strong><em>Sh\u00ebn Maksim Konfesori<\/em><\/strong><\/span><\/p>\n<p><span style=\"font-size: 12pt; font-family: helvetica;\"><\/span><\/p>\n<p><span style=\"color: #b22222; font-size: 12pt; font-family: helvetica;\"><strong>&nbsp;&nbsp;&nbsp;&nbsp; 2. Si t\u00eb kreshmojm\u00eb ne n\u00eb m\u00ebnyr\u00eb t\u00eb shenjt\u00eb?<\/strong><\/span><\/p>\n<ul>\n<li>\n<p style=\"margin-left: .5in;\"><span style=\"font-family: helvetica; font-size: 12pt;\"><span style=\"color: #000000;\">&nbsp;<span dir=\"LTR\">T<\/span><span dir=\"LTR\">\u00eb kreshmojm\u00eb, jo vet\u00ebm nga ana ushqimore, por edhe t\u00eb largohemi nga m\u00ebkatet. Pra, nj\u00eb kreshm\u00eb ushqimore<\/span> <span dir=\"LTR\">dhe shpirt\u00ebrore.<\/span><\/span><\/span><\/p>\n<\/li>\n<li>\n<p style=\"margin-left: .5in;\"><span style=\"font-family: helvetica; font-size: 12pt;\"><span style=\"color: #000000;\">&nbsp;<span dir=\"LTR\">T\u2019i falim dhe t\u2019i ndjejm\u00eb ata q\u00eb na kan\u00eb l\u00ebnduar shpirt\u00ebrisht.<\/span><\/span><\/span><\/p>\n<\/li>\n<li>\n<p style=\"margin-left: .5in;\"><span style=\"font-family: helvetica; font-size: 12pt;\"><span style=\"color: #000000;\">&nbsp; <span dir=\"LTR\">Ta shoq\u00ebrojm\u00eb kreshm\u00ebn me lutje dhe t\u00eb kushtojm\u00eb m\u00eb shum\u00eb koh\u00eb n\u00eb leximin e Ungjillit dhe t\u00eb librave t\u00eb tjer\u00eb shpirt\u00ebror\u00eb.<\/span><\/span><\/span><\/p>\n<\/li>\n<li>\n<p style=\"margin-left: .5in;\"><span style=\"font-family: helvetica; font-size: 12pt;\"><span style=\"color: #000000;\">&nbsp;<span dir=\"LTR\">Ta shoq\u00ebrojm\u00eb kreshm\u00ebn me l\u00ebmosh\u00eb, pra t\u00eb ndihmojm\u00eb at\u00eb q\u00eb ka nevoj\u00eb.<\/span><\/span><\/span><\/p>\n<\/li>\n<li>\n<p style=\"margin-left: .5in;\"><span style=\"font-family: helvetica; font-size: 12pt;\"><span style=\"color: #000000;\">&nbsp;<span dir=\"LTR\">Ta shoq\u00ebrojm\u00eb kreshm\u00ebn me p\u00ebrul\u00ebsi, pendim. Rreziku m\u00eb i madh n\u00eb kreshmim \u00ebsht\u00eb t\u00eb krenohemi p\u00ebr p\u00ebrpjekjet tona dhe t\u00eb gjykojm\u00eb t\u00eb tjer\u00ebt q\u00eb nuk kreshmojn\u00eb.<\/span><\/span><\/span><\/p>\n<\/li>\n<li>\n<p style=\"margin-left: .5in;\"><span style=\"font-family: helvetica; font-size: 12pt;\"><span style=\"color: #000000;\">&nbsp;<span dir=\"LTR\">T\u00eb kuptojm\u00eb q\u00eb kreshma nuk \u00ebsht\u00eb fundi, por \u00ebsht\u00eb nj\u00eb m\u00ebnyr\u00eb p\u00ebr t\u00eb arritur n\u00eb fund. Nuk \u00ebsht\u00eb q\u00ebllim, por mjet p\u00ebr arritjen e q\u00ebllimit. <\/span><\/span><\/span><\/p>\n<\/li>\n<li>\n<p style=\"margin-left: .5in;\"><span style=\"font-family: helvetica; font-size: 12pt;\"><span style=\"color: #000000;\">&nbsp;<span dir=\"LTR\">T\u00eb kreshmojm\u00eb n\u00eb fsheht\u00ebsi; dhe Per\u00ebndia q\u00eb sheh se \u00e7far\u00eb b\u00ebhet n\u00eb fsheht\u00ebsi do t\u00eb na shp\u00ebrblej\u00eb hapur.<\/span><\/span><\/span><\/p>\n<\/li>\n<li>\n<p style=\"margin-left: .5in;\"><span style=\"font-family: helvetica; font-size: 12pt;\"><span style=\"color: #000000;\">&nbsp;<span dir=\"LTR\">T\u00eb kreshmojm\u00eb me g\u00ebzim dhe duke u p\u00ebrpjekur t\u00eb kemi sa m\u00eb shum\u00eb dashuri p\u00ebr Per\u00ebndin\u00eb dhe p\u00ebr \u00e7do njeri.<\/span><\/span><\/span><\/p>\n<\/li>\n<li>\n<p style=\"margin-left: .5in;\"><span style=\"font-family: helvetica; font-size: 12pt;\"><span style=\"color: #000000;\">&nbsp;<span dir=\"LTR\">Kreshmo nga ana ushqimore dhe lart\u00ebsohu nga ana shpirt\u00ebrore.<\/span><\/span><\/span><\/p>\n<\/li>\n<\/ul>\n<p><span style=\"font-size: 12pt; font-family: helvetica;\"><\/span><\/p>\n<p><span style=\"font-family: helvetica; font-size: 12pt;\"><span style=\"color: #000000;\">&nbsp;&nbsp;&nbsp;&nbsp;&nbsp;&nbsp;&nbsp;&nbsp;<\/span>&nbsp; <span style=\"color: #000000;\">Le t\u00eb kreshmojm\u00eb nj\u00eb kreshm\u00eb t\u00eb p\u00eblqyer tek Per\u00ebndia.<\/span><\/span><\/p>\n<p><span style=\"font-family: helvetica; color: #000000; font-size: 12pt;\">&nbsp;&nbsp;&nbsp;&nbsp;&nbsp;&nbsp;&nbsp;&nbsp;&nbsp; Le \u201cpresim d\u00ebshir\u00ebn ton\u00eb\u201d, le t\u00eb b\u00ebjm\u00eb d\u00ebshir\u00ebn e Per\u00ebndis\u00eb, sepse vet\u00ebm k\u00ebshtu do t\u00eb fitojm\u00eb p\u00ebrul\u00ebsi dhe dhe do t\u00eb kemi nj\u00eb komunikim t\u00eb pand\u00ebrprer\u00eb me Per\u00ebndin\u00eb. Dhe k\u00ebshtu arrihet q\u00ebllimi i kreshm\u00ebs<b>: Lart\u00ebsimi i shpirtit tek Per\u00ebndia.<\/b> Dhe, le t\u00eb mos harrojm\u00eb q\u00eb e gjith\u00eb jeta jon\u00eb \u00ebsht\u00eb nj\u00eb kreshm\u00eb, nj\u00eb kreshm\u00eb nga ana shpirt\u00ebrore, pra nj\u00eb largim nga m\u00ebkati.<\/span><\/p>\n<p style=\"text-align: justify; line-height: 150%;\"><span style=\"font-family: helvetica; color: #000000; font-size: 12pt;\"><b><i>&nbsp;&nbsp; R. B.<\/i><\/b><\/span><\/p>\n<p><span style=\"font-family: helvetica; font-size: 12pt;\"><\/span><\/p>\n","protected":false},"excerpt":{"rendered":"<p>&nbsp; &nbsp; P\u00ebr t\u00eb gjith\u00eb besimtar\u00ebt, periudha 15 n\u00ebntor \u2013 24 dhjetor, sipas kalendarit t\u00eb krishter\u00eb orthodhoks, p\u00ebrkon me Kreshm\u00ebn, periudh\u00eb p\u00ebrgatitore p\u00ebr t\u00eb kremten e madhe t\u00eb Krishtlindjeve (25 Dhjetor). Kreshma konsiston n\u00eb kufizimin e disa lloj ushqimesh, shoq\u00ebruar me nj\u00eb p\u00ebrpjekje t\u00eb madhe shpirt\u00ebrore. 1.\u00c7far\u00eb thon\u00eb shenjtor\u00ebt p\u00ebr kreshm\u00ebn? &nbsp; &nbsp;&nbsp;&nbsp;&nbsp; Q\u00ebllimi i kreshm\u00ebs &nbsp;&nbsp;&nbsp; \u201cKreshm\u00ebt jan\u00eb ila\u00e7, por ila\u00e7i sado i dobish\u00ebm<\/p>\n","protected":false},"author":1,"featured_media":0,"comment_status":"open","ping_status":"open","sticky":false,"template":"","format":"standard","meta":{"_acf_changed":false,"pagelayer_contact_templates":[],"_pagelayer_content":"","inline_featured_image":false,"fifu_image_url":"","fifu_image_alt":"","footnotes":""},"categories":[108],"tags":[147,196,212],"class_list":["post-342","post","type-post","status-publish","format-standard","hentry","category-lajme","tag-147","tag-tirane","tag-lajme-d27"],"acf":[],"yoast_head":"<!-- This site is optimized with the Yoast SEO plugin v27.2 - https:\/\/yoast.com\/product\/yoast-seo-wordpress\/ -->\n<title>\u00c7far\u00eb thon\u00eb shenjtor\u00ebt p\u00ebr Kreshm\u00ebn. (N\u00ebntor 2007) - Kisha Orthodh\u03bfkse Autoqefale e Shqip\u00ebris\u00eb<\/title>\n<meta name=\"robots\" content=\"index, follow, max-snippet:-1, max-image-preview:large, max-video-preview:-1\" \/>\n<link rel=\"canonical\" href=\"https:\/\/orthodoxalbania.org\/2020\/2007\/02\/26\/cfare-thone-shenjtoret-per-kreshmen-nentor-2007\/\" \/>\n<meta property=\"og:locale\" content=\"en_US\" \/>\n<meta property=\"og:type\" content=\"article\" \/>\n<meta property=\"og:title\" content=\"\u00c7far\u00eb thon\u00eb shenjtor\u00ebt p\u00ebr Kreshm\u00ebn. (N\u00ebntor 2007) - Kisha Orthodh\u03bfkse Autoqefale e Shqip\u00ebris\u00eb\" \/>\n<meta property=\"og:description\" content=\"&nbsp; &nbsp; P\u00ebr t\u00eb gjith\u00eb besimtar\u00ebt, periudha 15 n\u00ebntor \u2013 24 dhjetor, sipas kalendarit t\u00eb krishter\u00eb orthodhoks, p\u00ebrkon me Kreshm\u00ebn, periudh\u00eb p\u00ebrgatitore p\u00ebr t\u00eb kremten e madhe t\u00eb Krishtlindjeve (25 Dhjetor). Kreshma konsiston n\u00eb kufizimin e disa lloj ushqimesh, shoq\u00ebruar me nj\u00eb p\u00ebrpjekje t\u00eb madhe shpirt\u00ebrore. 1.\u00c7far\u00eb thon\u00eb shenjtor\u00ebt p\u00ebr kreshm\u00ebn? &nbsp; &nbsp;&nbsp;&nbsp;&nbsp; Q\u00ebllimi i kreshm\u00ebs &nbsp;&nbsp;&nbsp; \u201cKreshm\u00ebt jan\u00eb ila\u00e7, por ila\u00e7i sado i dobish\u00ebm\" \/>\n<meta property=\"og:url\" content=\"https:\/\/orthodoxalbania.org\/2020\/2007\/02\/26\/cfare-thone-shenjtoret-per-kreshmen-nentor-2007\/\" \/>\n<meta property=\"og:site_name\" content=\"Kisha Orthodh\u03bfkse Autoqefale e Shqip\u00ebris\u00eb\" \/>\n<meta property=\"article:publisher\" content=\"https:\/\/www.facebook.com\/koash1991\" \/>\n<meta property=\"article:published_time\" content=\"2007-02-26T00:00:00+00:00\" \/>\n<meta property=\"article:modified_time\" content=\"2020-04-06T20:35:49+00:00\" \/>\n<meta property=\"og:image\" content=\"https:\/\/lh6.googleusercontent.com\/-rwk21qiQ0Ec\/VIrZ5KaQKEI\/AAAAAAAAHFo\/dqwcPTCv_W4\/w386-h405-no\/kreshme1.jpg\" \/>\n<meta name=\"author\" content=\"Kisha Orthodhokse\" \/>\n<meta name=\"twitter:card\" content=\"summary_large_image\" \/>\n<meta name=\"twitter:label1\" content=\"Written by\" \/>\n\t<meta name=\"twitter:data1\" content=\"Kisha Orthodhokse\" \/>\n\t<meta name=\"twitter:label2\" content=\"Est. reading time\" \/>\n\t<meta name=\"twitter:data2\" content=\"7 minutes\" \/>\n<script type=\"application\/ld+json\" class=\"yoast-schema-graph\">{\"@context\":\"https:\/\/schema.org\",\"@graph\":[{\"@type\":\"Article\",\"@id\":\"https:\/\/orthodoxalbania.org\/2020\/2007\/02\/26\/cfare-thone-shenjtoret-per-kreshmen-nentor-2007\/#article\",\"isPartOf\":{\"@id\":\"https:\/\/orthodoxalbania.org\/2020\/2007\/02\/26\/cfare-thone-shenjtoret-per-kreshmen-nentor-2007\/\"},\"author\":{\"name\":\"Kisha Orthodhokse\",\"@id\":\"https:\/\/orthodoxalbania.org\/2020\/#\/schema\/person\/0c387634a7063ac612d7ed9ce71c7e86\"},\"headline\":\"\u00c7far\u00eb thon\u00eb shenjtor\u00ebt p\u00ebr Kreshm\u00ebn. (N\u00ebntor 2007)\",\"datePublished\":\"2007-02-26T00:00:00+00:00\",\"dateModified\":\"2020-04-06T20:35:49+00:00\",\"mainEntityOfPage\":{\"@id\":\"https:\/\/orthodoxalbania.org\/2020\/2007\/02\/26\/cfare-thone-shenjtoret-per-kreshmen-nentor-2007\/\"},\"wordCount\":1398,\"commentCount\":0,\"publisher\":{\"@id\":\"https:\/\/orthodoxalbania.org\/2020\/#organization\"},\"image\":{\"@id\":\"https:\/\/orthodoxalbania.org\/2020\/2007\/02\/26\/cfare-thone-shenjtoret-per-kreshmen-nentor-2007\/#primaryimage\"},\"thumbnailUrl\":\"https:\/\/lh6.googleusercontent.com\/-rwk21qiQ0Ec\/VIrZ5KaQKEI\/AAAAAAAAHFo\/dqwcPTCv_W4\/w386-h405-no\/kreshme1.jpg\",\"keywords\":[\"2007\",\"Kryepiskopata Tiran\u00eb\",\"lajme\"],\"articleSection\":[\"Lajme\"],\"inLanguage\":\"en-US\"},{\"@type\":\"WebPage\",\"@id\":\"https:\/\/orthodoxalbania.org\/2020\/2007\/02\/26\/cfare-thone-shenjtoret-per-kreshmen-nentor-2007\/\",\"url\":\"https:\/\/orthodoxalbania.org\/2020\/2007\/02\/26\/cfare-thone-shenjtoret-per-kreshmen-nentor-2007\/\",\"name\":\"\u00c7far\u00eb thon\u00eb shenjtor\u00ebt p\u00ebr Kreshm\u00ebn. (N\u00ebntor 2007) - Kisha Orthodh\u03bfkse Autoqefale e Shqip\u00ebris\u00eb\",\"isPartOf\":{\"@id\":\"https:\/\/orthodoxalbania.org\/2020\/#website\"},\"primaryImageOfPage\":{\"@id\":\"https:\/\/orthodoxalbania.org\/2020\/2007\/02\/26\/cfare-thone-shenjtoret-per-kreshmen-nentor-2007\/#primaryimage\"},\"image\":{\"@id\":\"https:\/\/orthodoxalbania.org\/2020\/2007\/02\/26\/cfare-thone-shenjtoret-per-kreshmen-nentor-2007\/#primaryimage\"},\"thumbnailUrl\":\"https:\/\/lh6.googleusercontent.com\/-rwk21qiQ0Ec\/VIrZ5KaQKEI\/AAAAAAAAHFo\/dqwcPTCv_W4\/w386-h405-no\/kreshme1.jpg\",\"datePublished\":\"2007-02-26T00:00:00+00:00\",\"dateModified\":\"2020-04-06T20:35:49+00:00\",\"breadcrumb\":{\"@id\":\"https:\/\/orthodoxalbania.org\/2020\/2007\/02\/26\/cfare-thone-shenjtoret-per-kreshmen-nentor-2007\/#breadcrumb\"},\"inLanguage\":\"en-US\",\"potentialAction\":[{\"@type\":\"ReadAction\",\"target\":[\"https:\/\/orthodoxalbania.org\/2020\/2007\/02\/26\/cfare-thone-shenjtoret-per-kreshmen-nentor-2007\/\"]}]},{\"@type\":\"ImageObject\",\"inLanguage\":\"en-US\",\"@id\":\"https:\/\/orthodoxalbania.org\/2020\/2007\/02\/26\/cfare-thone-shenjtoret-per-kreshmen-nentor-2007\/#primaryimage\",\"url\":\"https:\/\/lh6.googleusercontent.com\/-rwk21qiQ0Ec\/VIrZ5KaQKEI\/AAAAAAAAHFo\/dqwcPTCv_W4\/w386-h405-no\/kreshme1.jpg\",\"contentUrl\":\"https:\/\/lh6.googleusercontent.com\/-rwk21qiQ0Ec\/VIrZ5KaQKEI\/AAAAAAAAHFo\/dqwcPTCv_W4\/w386-h405-no\/kreshme1.jpg\"},{\"@type\":\"BreadcrumbList\",\"@id\":\"https:\/\/orthodoxalbania.org\/2020\/2007\/02\/26\/cfare-thone-shenjtoret-per-kreshmen-nentor-2007\/#breadcrumb\",\"itemListElement\":[{\"@type\":\"ListItem\",\"position\":1,\"name\":\"Home\",\"item\":\"https:\/\/orthodoxalbania.org\/2020\/\"},{\"@type\":\"ListItem\",\"position\":2,\"name\":\"\u00c7far\u00eb thon\u00eb shenjtor\u00ebt p\u00ebr Kreshm\u00ebn. (N\u00ebntor 2007)\"}]},{\"@type\":\"WebSite\",\"@id\":\"https:\/\/orthodoxalbania.org\/2020\/#website\",\"url\":\"https:\/\/orthodoxalbania.org\/2020\/\",\"name\":\"Kisha Orthodh\u03bfkse Autoqefale e Shqip\u00ebris\u00eb\",\"description\":\"Fqja Zyrtare e Kish\u00ebs Orthodhokse Autoqefale e Shqip\u00ebris\u00eb me lajmet edhe informacionet zyrtare p\u00ebr struktur\u00ebn edhe veprimtarin e saj.\",\"publisher\":{\"@id\":\"https:\/\/orthodoxalbania.org\/2020\/#organization\"},\"potentialAction\":[{\"@type\":\"SearchAction\",\"target\":{\"@type\":\"EntryPoint\",\"urlTemplate\":\"https:\/\/orthodoxalbania.org\/2020\/?s={search_term_string}\"},\"query-input\":{\"@type\":\"PropertyValueSpecification\",\"valueRequired\":true,\"valueName\":\"search_term_string\"}}],\"inLanguage\":\"en-US\"},{\"@type\":\"Organization\",\"@id\":\"https:\/\/orthodoxalbania.org\/2020\/#organization\",\"name\":\"Kisha Orthodhokse Autoqefale e Shqip\u00ebris\u00eb\",\"url\":\"https:\/\/orthodoxalbania.org\/2020\/\",\"logo\":{\"@type\":\"ImageObject\",\"inLanguage\":\"en-US\",\"@id\":\"https:\/\/orthodoxalbania.org\/2020\/#\/schema\/logo\/image\/\",\"url\":\"https:\/\/orthodoxalbania.org\/2020\/wp-content\/uploads\/2020\/05\/albania.jpeg\",\"contentUrl\":\"https:\/\/orthodoxalbania.org\/2020\/wp-content\/uploads\/2020\/05\/albania.jpeg\",\"width\":540,\"height\":540,\"caption\":\"Kisha Orthodhokse Autoqefale e Shqip\u00ebris\u00eb\"},\"image\":{\"@id\":\"https:\/\/orthodoxalbania.org\/2020\/#\/schema\/logo\/image\/\"},\"sameAs\":[\"https:\/\/www.facebook.com\/koash1991\"]},{\"@type\":\"Person\",\"@id\":\"https:\/\/orthodoxalbania.org\/2020\/#\/schema\/person\/0c387634a7063ac612d7ed9ce71c7e86\",\"name\":\"Kisha Orthodhokse\",\"image\":{\"@type\":\"ImageObject\",\"inLanguage\":\"en-US\",\"@id\":\"https:\/\/secure.gravatar.com\/avatar\/596e7c417251e30f2fbb9c00e026fce61a695a00e51c889caded71c96cbbdde5?s=96&d=mm&r=g\",\"url\":\"https:\/\/secure.gravatar.com\/avatar\/596e7c417251e30f2fbb9c00e026fce61a695a00e51c889caded71c96cbbdde5?s=96&d=mm&r=g\",\"contentUrl\":\"https:\/\/secure.gravatar.com\/avatar\/596e7c417251e30f2fbb9c00e026fce61a695a00e51c889caded71c96cbbdde5?s=96&d=mm&r=g\",\"caption\":\"Kisha Orthodhokse\"}}]}<\/script>\n<!-- \/ Yoast SEO plugin. -->","yoast_head_json":{"title":"\u00c7far\u00eb thon\u00eb shenjtor\u00ebt p\u00ebr Kreshm\u00ebn. (N\u00ebntor 2007) - Kisha Orthodh\u03bfkse Autoqefale e Shqip\u00ebris\u00eb","robots":{"index":"index","follow":"follow","max-snippet":"max-snippet:-1","max-image-preview":"max-image-preview:large","max-video-preview":"max-video-preview:-1"},"canonical":"https:\/\/orthodoxalbania.org\/2020\/2007\/02\/26\/cfare-thone-shenjtoret-per-kreshmen-nentor-2007\/","og_locale":"en_US","og_type":"article","og_title":"\u00c7far\u00eb thon\u00eb shenjtor\u00ebt p\u00ebr Kreshm\u00ebn. (N\u00ebntor 2007) - Kisha Orthodh\u03bfkse Autoqefale e Shqip\u00ebris\u00eb","og_description":"&nbsp; &nbsp; P\u00ebr t\u00eb gjith\u00eb besimtar\u00ebt, periudha 15 n\u00ebntor \u2013 24 dhjetor, sipas kalendarit t\u00eb krishter\u00eb orthodhoks, p\u00ebrkon me Kreshm\u00ebn, periudh\u00eb p\u00ebrgatitore p\u00ebr t\u00eb kremten e madhe t\u00eb Krishtlindjeve (25 Dhjetor). Kreshma konsiston n\u00eb kufizimin e disa lloj ushqimesh, shoq\u00ebruar me nj\u00eb p\u00ebrpjekje t\u00eb madhe shpirt\u00ebrore. 1.\u00c7far\u00eb thon\u00eb shenjtor\u00ebt p\u00ebr kreshm\u00ebn? &nbsp; &nbsp;&nbsp;&nbsp;&nbsp; Q\u00ebllimi i kreshm\u00ebs &nbsp;&nbsp;&nbsp; \u201cKreshm\u00ebt jan\u00eb ila\u00e7, por ila\u00e7i sado i dobish\u00ebm","og_url":"https:\/\/orthodoxalbania.org\/2020\/2007\/02\/26\/cfare-thone-shenjtoret-per-kreshmen-nentor-2007\/","og_site_name":"Kisha Orthodh\u03bfkse Autoqefale e Shqip\u00ebris\u00eb","article_publisher":"https:\/\/www.facebook.com\/koash1991","article_published_time":"2007-02-26T00:00:00+00:00","article_modified_time":"2020-04-06T20:35:49+00:00","og_image":[{"url":"https:\/\/lh6.googleusercontent.com\/-rwk21qiQ0Ec\/VIrZ5KaQKEI\/AAAAAAAAHFo\/dqwcPTCv_W4\/w386-h405-no\/kreshme1.jpg","type":"","width":"","height":""}],"author":"Kisha Orthodhokse","twitter_card":"summary_large_image","twitter_misc":{"Written by":"Kisha Orthodhokse","Est. reading time":"7 minutes"},"schema":{"@context":"https:\/\/schema.org","@graph":[{"@type":"Article","@id":"https:\/\/orthodoxalbania.org\/2020\/2007\/02\/26\/cfare-thone-shenjtoret-per-kreshmen-nentor-2007\/#article","isPartOf":{"@id":"https:\/\/orthodoxalbania.org\/2020\/2007\/02\/26\/cfare-thone-shenjtoret-per-kreshmen-nentor-2007\/"},"author":{"name":"Kisha Orthodhokse","@id":"https:\/\/orthodoxalbania.org\/2020\/#\/schema\/person\/0c387634a7063ac612d7ed9ce71c7e86"},"headline":"\u00c7far\u00eb thon\u00eb shenjtor\u00ebt p\u00ebr Kreshm\u00ebn. (N\u00ebntor 2007)","datePublished":"2007-02-26T00:00:00+00:00","dateModified":"2020-04-06T20:35:49+00:00","mainEntityOfPage":{"@id":"https:\/\/orthodoxalbania.org\/2020\/2007\/02\/26\/cfare-thone-shenjtoret-per-kreshmen-nentor-2007\/"},"wordCount":1398,"commentCount":0,"publisher":{"@id":"https:\/\/orthodoxalbania.org\/2020\/#organization"},"image":{"@id":"https:\/\/orthodoxalbania.org\/2020\/2007\/02\/26\/cfare-thone-shenjtoret-per-kreshmen-nentor-2007\/#primaryimage"},"thumbnailUrl":"https:\/\/lh6.googleusercontent.com\/-rwk21qiQ0Ec\/VIrZ5KaQKEI\/AAAAAAAAHFo\/dqwcPTCv_W4\/w386-h405-no\/kreshme1.jpg","keywords":["2007","Kryepiskopata Tiran\u00eb","lajme"],"articleSection":["Lajme"],"inLanguage":"en-US"},{"@type":"WebPage","@id":"https:\/\/orthodoxalbania.org\/2020\/2007\/02\/26\/cfare-thone-shenjtoret-per-kreshmen-nentor-2007\/","url":"https:\/\/orthodoxalbania.org\/2020\/2007\/02\/26\/cfare-thone-shenjtoret-per-kreshmen-nentor-2007\/","name":"\u00c7far\u00eb thon\u00eb shenjtor\u00ebt p\u00ebr Kreshm\u00ebn. (N\u00ebntor 2007) - Kisha Orthodh\u03bfkse Autoqefale e Shqip\u00ebris\u00eb","isPartOf":{"@id":"https:\/\/orthodoxalbania.org\/2020\/#website"},"primaryImageOfPage":{"@id":"https:\/\/orthodoxalbania.org\/2020\/2007\/02\/26\/cfare-thone-shenjtoret-per-kreshmen-nentor-2007\/#primaryimage"},"image":{"@id":"https:\/\/orthodoxalbania.org\/2020\/2007\/02\/26\/cfare-thone-shenjtoret-per-kreshmen-nentor-2007\/#primaryimage"},"thumbnailUrl":"https:\/\/lh6.googleusercontent.com\/-rwk21qiQ0Ec\/VIrZ5KaQKEI\/AAAAAAAAHFo\/dqwcPTCv_W4\/w386-h405-no\/kreshme1.jpg","datePublished":"2007-02-26T00:00:00+00:00","dateModified":"2020-04-06T20:35:49+00:00","breadcrumb":{"@id":"https:\/\/orthodoxalbania.org\/2020\/2007\/02\/26\/cfare-thone-shenjtoret-per-kreshmen-nentor-2007\/#breadcrumb"},"inLanguage":"en-US","potentialAction":[{"@type":"ReadAction","target":["https:\/\/orthodoxalbania.org\/2020\/2007\/02\/26\/cfare-thone-shenjtoret-per-kreshmen-nentor-2007\/"]}]},{"@type":"ImageObject","inLanguage":"en-US","@id":"https:\/\/orthodoxalbania.org\/2020\/2007\/02\/26\/cfare-thone-shenjtoret-per-kreshmen-nentor-2007\/#primaryimage","url":"https:\/\/lh6.googleusercontent.com\/-rwk21qiQ0Ec\/VIrZ5KaQKEI\/AAAAAAAAHFo\/dqwcPTCv_W4\/w386-h405-no\/kreshme1.jpg","contentUrl":"https:\/\/lh6.googleusercontent.com\/-rwk21qiQ0Ec\/VIrZ5KaQKEI\/AAAAAAAAHFo\/dqwcPTCv_W4\/w386-h405-no\/kreshme1.jpg"},{"@type":"BreadcrumbList","@id":"https:\/\/orthodoxalbania.org\/2020\/2007\/02\/26\/cfare-thone-shenjtoret-per-kreshmen-nentor-2007\/#breadcrumb","itemListElement":[{"@type":"ListItem","position":1,"name":"Home","item":"https:\/\/orthodoxalbania.org\/2020\/"},{"@type":"ListItem","position":2,"name":"\u00c7far\u00eb thon\u00eb shenjtor\u00ebt p\u00ebr Kreshm\u00ebn. (N\u00ebntor 2007)"}]},{"@type":"WebSite","@id":"https:\/\/orthodoxalbania.org\/2020\/#website","url":"https:\/\/orthodoxalbania.org\/2020\/","name":"Kisha Orthodh\u03bfkse Autoqefale e Shqip\u00ebris\u00eb","description":"Fqja Zyrtare e Kish\u00ebs Orthodhokse Autoqefale e Shqip\u00ebris\u00eb me lajmet edhe informacionet zyrtare p\u00ebr struktur\u00ebn edhe veprimtarin e saj.","publisher":{"@id":"https:\/\/orthodoxalbania.org\/2020\/#organization"},"potentialAction":[{"@type":"SearchAction","target":{"@type":"EntryPoint","urlTemplate":"https:\/\/orthodoxalbania.org\/2020\/?s={search_term_string}"},"query-input":{"@type":"PropertyValueSpecification","valueRequired":true,"valueName":"search_term_string"}}],"inLanguage":"en-US"},{"@type":"Organization","@id":"https:\/\/orthodoxalbania.org\/2020\/#organization","name":"Kisha Orthodhokse Autoqefale e Shqip\u00ebris\u00eb","url":"https:\/\/orthodoxalbania.org\/2020\/","logo":{"@type":"ImageObject","inLanguage":"en-US","@id":"https:\/\/orthodoxalbania.org\/2020\/#\/schema\/logo\/image\/","url":"https:\/\/orthodoxalbania.org\/2020\/wp-content\/uploads\/2020\/05\/albania.jpeg","contentUrl":"https:\/\/orthodoxalbania.org\/2020\/wp-content\/uploads\/2020\/05\/albania.jpeg","width":540,"height":540,"caption":"Kisha Orthodhokse Autoqefale e Shqip\u00ebris\u00eb"},"image":{"@id":"https:\/\/orthodoxalbania.org\/2020\/#\/schema\/logo\/image\/"},"sameAs":["https:\/\/www.facebook.com\/koash1991"]},{"@type":"Person","@id":"https:\/\/orthodoxalbania.org\/2020\/#\/schema\/person\/0c387634a7063ac612d7ed9ce71c7e86","name":"Kisha Orthodhokse","image":{"@type":"ImageObject","inLanguage":"en-US","@id":"https:\/\/secure.gravatar.com\/avatar\/596e7c417251e30f2fbb9c00e026fce61a695a00e51c889caded71c96cbbdde5?s=96&d=mm&r=g","url":"https:\/\/secure.gravatar.com\/avatar\/596e7c417251e30f2fbb9c00e026fce61a695a00e51c889caded71c96cbbdde5?s=96&d=mm&r=g","contentUrl":"https:\/\/secure.gravatar.com\/avatar\/596e7c417251e30f2fbb9c00e026fce61a695a00e51c889caded71c96cbbdde5?s=96&d=mm&r=g","caption":"Kisha Orthodhokse"}}]}},"_links":{"self":[{"href":"https:\/\/orthodoxalbania.org\/2020\/wp-json\/wp\/v2\/posts\/342","targetHints":{"allow":["GET"]}}],"collection":[{"href":"https:\/\/orthodoxalbania.org\/2020\/wp-json\/wp\/v2\/posts"}],"about":[{"href":"https:\/\/orthodoxalbania.org\/2020\/wp-json\/wp\/v2\/types\/post"}],"author":[{"embeddable":true,"href":"https:\/\/orthodoxalbania.org\/2020\/wp-json\/wp\/v2\/users\/1"}],"replies":[{"embeddable":true,"href":"https:\/\/orthodoxalbania.org\/2020\/wp-json\/wp\/v2\/comments?post=342"}],"version-history":[{"count":1,"href":"https:\/\/orthodoxalbania.org\/2020\/wp-json\/wp\/v2\/posts\/342\/revisions"}],"predecessor-version":[{"id":15774,"href":"https:\/\/orthodoxalbania.org\/2020\/wp-json\/wp\/v2\/posts\/342\/revisions\/15774"}],"wp:attachment":[{"href":"https:\/\/orthodoxalbania.org\/2020\/wp-json\/wp\/v2\/media?parent=342"}],"wp:term":[{"taxonomy":"category","embeddable":true,"href":"https:\/\/orthodoxalbania.org\/2020\/wp-json\/wp\/v2\/categories?post=342"},{"taxonomy":"post_tag","embeddable":true,"href":"https:\/\/orthodoxalbania.org\/2020\/wp-json\/wp\/v2\/tags?post=342"}],"curies":[{"name":"wp","href":"https:\/\/api.w.org\/{rel}","templated":true}]}}