{"id":341,"date":"2013-03-21T10:26:16","date_gmt":"2013-03-21T10:26:16","guid":{"rendered":""},"modified":"2020-04-06T22:31:54","modified_gmt":"2020-04-06T20:31:54","slug":"ceremonia-tradicionale-ndahet-keku-i-shen-vasilit","status":"publish","type":"post","link":"https:\/\/orthodoxalbania.org\/2020\/2013\/03\/21\/ceremonia-tradicionale-ndahet-keku-i-shen-vasilit\/","title":{"rendered":"Ceremonia tradicionale, ndahet keku i sh\u00ebn Vasilit. (Janar 2012)"},"content":{"rendered":"<div style=\"text-align: justify;\"><span style=\"color: #000000; font-size: 12pt;\"><span style=\"font-family: tahoma,geneva,sans-serif;\"><span class=\"style10\"><img decoding=\"async\" class=\"lazyload HAa Eha\" style=\"border-width: 1px; border-style: solid; margin: 10px; float: left;\" alt=\"\" src=\"data:image\/svg+xml,%3Csvg%20xmlns%3D%27http%3A%2F%2Fwww.w3.org%2F2000%2Fsvg%27%20width%3D%27246%27%20height%3D%27186%27%20viewBox%3D%270%200%20246%20186%27%3E%3Crect%20width%3D%27246%27%20height%3D%27186%27%20fill-opacity%3D%220%22%2F%3E%3C%2Fsvg%3E\" data-orig-src=\"https:\/\/lh3.googleusercontent.com\/-cH_tslQ-d40\/VARYCWWARTI\/AAAAAAAACtk\/at9OktabJZc\/w958-h718-no\/foto%2Bkeku%2B-%2B1.jpg\" height=\"186\" width=\"246\" \/><span style=\"font-family: helvetica;\">&nbsp; &nbsp; Dhjet\u00ebra t\u00eb rinj e t\u00eb reja, n\u00ebn organizimin e At\u00eb Justinit, ishin p\u00ebrgatitur t\u00eb organizonin m\u00eb 15 janar nj\u00eb takim t\u00eb ve\u00e7ant\u00eb p\u00ebr t\u00eb ndar\u00eb kekun e sh\u00ebn Vasilit n\u00eb sht\u00ebpin\u00eb e rinis\u00eb orthodhokse, n\u00eb Tiran\u00eb. I ftuar special ishte Kryepiskopi Anastas, i cili bashk\u00ebbisedoi me t\u00eb rinjt\u00eb, duke ndar\u00eb me ta disa momente t\u00eb g\u00ebzueshme festive dhe mesazhe t\u00eb r\u00ebnd\u00ebsishme p\u00ebr Vitin e Ri 2012.<\/span><\/span><\/span><\/span><\/div>\n<div style=\"text-align: justify;\"><span style=\"color: #000000; font-size: 12pt; font-family: helvetica;\"> <span class=\"style10\">&nbsp; &nbsp; <\/span><span class=\"style10\">Takimi nisi me psalme e m\u00eb pas me diskutim p\u00ebr mesazhin e apostullit t\u00eb dit\u00ebs q\u00eb u lexua n\u00eb Kish\u00eb n\u00eb at\u00eb dit\u00eb. Kryepiskopi, si urim p\u00ebr k\u00ebt\u00eb vit t\u00eb ri, kishte zgjedhur mesazhin e rip\u00ebrt\u00ebritjes n\u00eb jet\u00ebn shpirt\u00ebrore, ku gjith\u00e7ka dhe mbi gjith\u00e7ka \u00ebsht\u00eb vet\u00ebm Krishti. Pas bashk\u00ebbisedimit, Kryepiskopi ndau kekun dhe ua shp\u00ebrndau t\u00eb rinjve pjes\u00ebmarr\u00ebs bashk\u00eb me kalendarin e vog\u00ebl orthodhoks per vitin 2012, botim i p\u00ebrvitsh\u00ebm i Kish\u00ebs Orthodhokse.<\/span><\/span><\/div>\n<div style=\"text-align: justify;\"><span style=\"color: #000000; font-size: 12pt; font-family: helvetica;\"> <span class=\"style10\">&nbsp; &nbsp; Pak dit\u00eb m\u00eb par\u00eb nj\u00eb aktivitet i ngjash\u00ebm u krye edhe me student\u00ebt e Qendr\u00ebs Studentore t\u00eb Kish\u00ebs Orthodhokse, n\u00eb Qytetin Studenti.<\/span><\/span><\/div>\n<div style=\"text-align: justify;\"><span style=\"font-size: 12pt; font-family: helvetica;\"><\/span><\/div>\n<table style=\"width: 644px; height: 750px;\" border=\"0\">\n<tbody>\n<tr>\n<td style=\"text-align: justify;\">\n<div><span style=\"color: #000000; font-size: 12pt; font-family: helvetica;\"><img decoding=\"async\" class=\"lazyload HAa Eha\" style=\"height: 225px; width: 300px; border-width: 1px; border-style: solid; margin: 10px auto; display: block;\" alt=\"\" src=\"data:image\/gif;base64,R0lGODlhAQABAAAAACH5BAEKAAEALAAAAAABAAEAAAICTAEAOw==\" data-orig-src=\"https:\/\/lh6.googleusercontent.com\/-0p5Hn30wVC8\/VARYClYQK4I\/AAAAAAAACtE\/cpyEl2MprtQ\/w958-h718-no\/foto%2Bkeku%2B-%2B2.jpg\" \/><\/span><\/div>\n<\/td>\n<td style=\"text-align: justify;\">\n<div><span style=\"color: #000000; font-size: 12pt; font-family: helvetica;\"><img decoding=\"async\" class=\"lazyload HAa Eha\" style=\"height: 225px; width: 300px; border-width: 1px; border-style: solid; margin: 10px auto; display: block;\" alt=\"\" src=\"data:image\/gif;base64,R0lGODlhAQABAAAAACH5BAEKAAEALAAAAAABAAEAAAICTAEAOw==\" data-orig-src=\"https:\/\/lh3.googleusercontent.com\/-oVaI3a91D6o\/VARYCbBK_8I\/AAAAAAAACtA\/QDpA0tQinhE\/w958-h718-no\/foto%2Bkeku%2B-%2B3.jpg\" \/><\/span><\/div>\n<\/td>\n<\/tr>\n<tr>\n<td style=\"text-align: justify;\">\n<div><span style=\"color: #000000; font-size: 12pt; font-family: helvetica;\"><img decoding=\"async\" class=\"lazyload HAa Eha\" style=\"height: 225px; width: 300px; border-width: 1px; border-style: solid; margin: 10px auto; display: block;\" alt=\"\" src=\"data:image\/gif;base64,R0lGODlhAQABAAAAACH5BAEKAAEALAAAAAABAAEAAAICTAEAOw==\" data-orig-src=\"https:\/\/lh4.googleusercontent.com\/-UWwioQrbCMY\/VARYDN-kOqI\/AAAAAAAACtQ\/3em3knxKXcM\/w958-h718-no\/foto%2Bkeku%2B-%2B4.jpg\" \/><\/span><\/div>\n<\/td>\n<td style=\"text-align: justify;\">\n<div><span style=\"color: #000000; font-size: 12pt; font-family: helvetica;\"><img decoding=\"async\" class=\"lazyload HAa Eha\" style=\"height: 225px; width: 300px; border-width: 1px; border-style: solid; margin: 10px auto; display: block;\" alt=\"\" src=\"data:image\/gif;base64,R0lGODlhAQABAAAAACH5BAEKAAEALAAAAAABAAEAAAICTAEAOw==\" data-orig-src=\"https:\/\/lh4.googleusercontent.com\/-DF1uiHH-kVE\/VARYDwX50fI\/AAAAAAAACtc\/DA-_mp8WYsA\/w958-h718-no\/foto%2Bkeku%2B-%2B5.jpg\" \/><\/span><\/div>\n<\/td>\n<\/tr>\n<tr>\n<td style=\"text-align: justify;\">\n<div><span style=\"color: #000000; font-size: 12pt; font-family: helvetica;\"><img decoding=\"async\" class=\"lazyload HAa Eha\" style=\"height: 225px; width: 300px; border-width: 1px; border-style: solid; margin: 10px auto; display: block;\" alt=\"\" src=\"data:image\/gif;base64,R0lGODlhAQABAAAAACH5BAEKAAEALAAAAAABAAEAAAICTAEAOw==\" data-orig-src=\"https:\/\/lh6.googleusercontent.com\/-VU1-b5nkwz4\/VARYEb6Zs3I\/AAAAAAAACtY\/pcOd0QFD0JM\/w958-h718-no\/foto%2Bkeku%2B-%2B6.jpg\" \/><\/span><\/div>\n<\/td>\n<td style=\"text-align: justify;\">\n<div><span style=\"font-size: 12pt; font-family: helvetica;\"><\/span><\/div>\n<\/td>\n<\/tr>\n<\/tbody>\n<\/table>\n<p>&nbsp;<\/p>\n","protected":false},"excerpt":{"rendered":"<p>&nbsp; &nbsp; Dhjet\u00ebra t\u00eb rinj e t\u00eb reja, n\u00ebn organizimin e At\u00eb Justinit, ishin p\u00ebrgatitur t\u00eb organizonin m\u00eb 15 janar nj\u00eb takim t\u00eb ve\u00e7ant\u00eb p\u00ebr t\u00eb ndar\u00eb kekun e sh\u00ebn Vasilit n\u00eb sht\u00ebpin\u00eb e rinis\u00eb orthodhokse, n\u00eb Tiran\u00eb. I ftuar special ishte Kryepiskopi Anastas, i cili bashk\u00ebbisedoi me t\u00eb rinjt\u00eb, duke ndar\u00eb me ta disa momente t\u00eb g\u00ebzueshme festive dhe mesazhe t\u00eb r\u00ebnd\u00ebsishme p\u00ebr Vitin<\/p>\n","protected":false},"author":1,"featured_media":0,"comment_status":"open","ping_status":"open","sticky":false,"template":"","format":"standard","meta":{"_acf_changed":false,"pagelayer_contact_templates":[],"_pagelayer_content":"","inline_featured_image":false,"fifu_image_url":"","fifu_image_alt":"","footnotes":""},"categories":[108],"tags":[142,196,201,212,176],"class_list":["post-341","post","type-post","status-publish","format-standard","hentry","category-lajme","tag-142","tag-tirane","tag-kryepiskopi-anastas","tag-lajme-d27","tag-rinia-orthodhokse"],"acf":[],"yoast_head":"<!-- This site is optimized with the Yoast SEO plugin v27.2 - https:\/\/yoast.com\/product\/yoast-seo-wordpress\/ -->\n<title>Ceremonia tradicionale, ndahet keku i sh\u00ebn Vasilit. (Janar 2012) - Kisha Orthodh\u03bfkse Autoqefale e Shqip\u00ebris\u00eb<\/title>\n<meta name=\"robots\" content=\"index, follow, max-snippet:-1, max-image-preview:large, max-video-preview:-1\" \/>\n<link rel=\"canonical\" href=\"https:\/\/orthodoxalbania.org\/2020\/2013\/03\/21\/ceremonia-tradicionale-ndahet-keku-i-shen-vasilit\/\" \/>\n<meta property=\"og:locale\" content=\"en_US\" \/>\n<meta property=\"og:type\" content=\"article\" \/>\n<meta property=\"og:title\" content=\"Ceremonia tradicionale, ndahet keku i sh\u00ebn Vasilit. (Janar 2012) - Kisha Orthodh\u03bfkse Autoqefale e Shqip\u00ebris\u00eb\" \/>\n<meta property=\"og:description\" content=\"&nbsp; &nbsp; Dhjet\u00ebra t\u00eb rinj e t\u00eb reja, n\u00ebn organizimin e At\u00eb Justinit, ishin p\u00ebrgatitur t\u00eb organizonin m\u00eb 15 janar nj\u00eb takim t\u00eb ve\u00e7ant\u00eb p\u00ebr t\u00eb ndar\u00eb kekun e sh\u00ebn Vasilit n\u00eb sht\u00ebpin\u00eb e rinis\u00eb orthodhokse, n\u00eb Tiran\u00eb. I ftuar special ishte Kryepiskopi Anastas, i cili bashk\u00ebbisedoi me t\u00eb rinjt\u00eb, duke ndar\u00eb me ta disa momente t\u00eb g\u00ebzueshme festive dhe mesazhe t\u00eb r\u00ebnd\u00ebsishme p\u00ebr Vitin\" \/>\n<meta property=\"og:url\" content=\"https:\/\/orthodoxalbania.org\/2020\/2013\/03\/21\/ceremonia-tradicionale-ndahet-keku-i-shen-vasilit\/\" \/>\n<meta property=\"og:site_name\" content=\"Kisha Orthodh\u03bfkse Autoqefale e Shqip\u00ebris\u00eb\" \/>\n<meta property=\"article:publisher\" content=\"https:\/\/www.facebook.com\/koash1991\" \/>\n<meta property=\"article:published_time\" content=\"2013-03-21T10:26:16+00:00\" \/>\n<meta property=\"article:modified_time\" content=\"2020-04-06T20:31:54+00:00\" \/>\n<meta property=\"og:image\" content=\"https:\/\/lh3.googleusercontent.com\/-cH_tslQ-d40\/VARYCWWARTI\/AAAAAAAACtk\/at9OktabJZc\/w958-h718-no\/foto%2Bkeku%2B-%2B1.jpg\" \/>\n<meta name=\"author\" content=\"Kisha Orthodhokse\" \/>\n<meta name=\"twitter:card\" content=\"summary_large_image\" \/>\n<meta name=\"twitter:label1\" content=\"Written by\" \/>\n\t<meta name=\"twitter:data1\" content=\"Kisha Orthodhokse\" \/>\n\t<meta name=\"twitter:label2\" content=\"Est. reading time\" \/>\n\t<meta name=\"twitter:data2\" content=\"1 minute\" \/>\n<script type=\"application\/ld+json\" class=\"yoast-schema-graph\">{\"@context\":\"https:\/\/schema.org\",\"@graph\":[{\"@type\":\"Article\",\"@id\":\"https:\/\/orthodoxalbania.org\/2020\/2013\/03\/21\/ceremonia-tradicionale-ndahet-keku-i-shen-vasilit\/#article\",\"isPartOf\":{\"@id\":\"https:\/\/orthodoxalbania.org\/2020\/2013\/03\/21\/ceremonia-tradicionale-ndahet-keku-i-shen-vasilit\/\"},\"author\":{\"name\":\"Kisha Orthodhokse\",\"@id\":\"https:\/\/orthodoxalbania.org\/2020\/#\/schema\/person\/0c387634a7063ac612d7ed9ce71c7e86\"},\"headline\":\"Ceremonia tradicionale, ndahet keku i sh\u00ebn Vasilit. (Janar 2012)\",\"datePublished\":\"2013-03-21T10:26:16+00:00\",\"dateModified\":\"2020-04-06T20:31:54+00:00\",\"mainEntityOfPage\":{\"@id\":\"https:\/\/orthodoxalbania.org\/2020\/2013\/03\/21\/ceremonia-tradicionale-ndahet-keku-i-shen-vasilit\/\"},\"wordCount\":209,\"commentCount\":0,\"publisher\":{\"@id\":\"https:\/\/orthodoxalbania.org\/2020\/#organization\"},\"image\":{\"@id\":\"https:\/\/orthodoxalbania.org\/2020\/2013\/03\/21\/ceremonia-tradicionale-ndahet-keku-i-shen-vasilit\/#primaryimage\"},\"thumbnailUrl\":\"https:\/\/lh3.googleusercontent.com\/-cH_tslQ-d40\/VARYCWWARTI\/AAAAAAAACtk\/at9OktabJZc\/w958-h718-no\/foto%2Bkeku%2B-%2B1.jpg\",\"keywords\":[\"2012\",\"Kryepiskopata Tiran\u00eb\",\"Kryepiskopi Anastas\",\"lajme\",\"Rinia Orthodhokse\"],\"articleSection\":[\"Lajme\"],\"inLanguage\":\"en-US\"},{\"@type\":\"WebPage\",\"@id\":\"https:\/\/orthodoxalbania.org\/2020\/2013\/03\/21\/ceremonia-tradicionale-ndahet-keku-i-shen-vasilit\/\",\"url\":\"https:\/\/orthodoxalbania.org\/2020\/2013\/03\/21\/ceremonia-tradicionale-ndahet-keku-i-shen-vasilit\/\",\"name\":\"Ceremonia tradicionale, ndahet keku i sh\u00ebn Vasilit. (Janar 2012) - Kisha Orthodh\u03bfkse Autoqefale e Shqip\u00ebris\u00eb\",\"isPartOf\":{\"@id\":\"https:\/\/orthodoxalbania.org\/2020\/#website\"},\"primaryImageOfPage\":{\"@id\":\"https:\/\/orthodoxalbania.org\/2020\/2013\/03\/21\/ceremonia-tradicionale-ndahet-keku-i-shen-vasilit\/#primaryimage\"},\"image\":{\"@id\":\"https:\/\/orthodoxalbania.org\/2020\/2013\/03\/21\/ceremonia-tradicionale-ndahet-keku-i-shen-vasilit\/#primaryimage\"},\"thumbnailUrl\":\"https:\/\/lh3.googleusercontent.com\/-cH_tslQ-d40\/VARYCWWARTI\/AAAAAAAACtk\/at9OktabJZc\/w958-h718-no\/foto%2Bkeku%2B-%2B1.jpg\",\"datePublished\":\"2013-03-21T10:26:16+00:00\",\"dateModified\":\"2020-04-06T20:31:54+00:00\",\"breadcrumb\":{\"@id\":\"https:\/\/orthodoxalbania.org\/2020\/2013\/03\/21\/ceremonia-tradicionale-ndahet-keku-i-shen-vasilit\/#breadcrumb\"},\"inLanguage\":\"en-US\",\"potentialAction\":[{\"@type\":\"ReadAction\",\"target\":[\"https:\/\/orthodoxalbania.org\/2020\/2013\/03\/21\/ceremonia-tradicionale-ndahet-keku-i-shen-vasilit\/\"]}]},{\"@type\":\"ImageObject\",\"inLanguage\":\"en-US\",\"@id\":\"https:\/\/orthodoxalbania.org\/2020\/2013\/03\/21\/ceremonia-tradicionale-ndahet-keku-i-shen-vasilit\/#primaryimage\",\"url\":\"https:\/\/lh3.googleusercontent.com\/-cH_tslQ-d40\/VARYCWWARTI\/AAAAAAAACtk\/at9OktabJZc\/w958-h718-no\/foto%2Bkeku%2B-%2B1.jpg\",\"contentUrl\":\"https:\/\/lh3.googleusercontent.com\/-cH_tslQ-d40\/VARYCWWARTI\/AAAAAAAACtk\/at9OktabJZc\/w958-h718-no\/foto%2Bkeku%2B-%2B1.jpg\"},{\"@type\":\"BreadcrumbList\",\"@id\":\"https:\/\/orthodoxalbania.org\/2020\/2013\/03\/21\/ceremonia-tradicionale-ndahet-keku-i-shen-vasilit\/#breadcrumb\",\"itemListElement\":[{\"@type\":\"ListItem\",\"position\":1,\"name\":\"Home\",\"item\":\"https:\/\/orthodoxalbania.org\/2020\/\"},{\"@type\":\"ListItem\",\"position\":2,\"name\":\"Ceremonia tradicionale, ndahet keku i sh\u00ebn Vasilit. (Janar 2012)\"}]},{\"@type\":\"WebSite\",\"@id\":\"https:\/\/orthodoxalbania.org\/2020\/#website\",\"url\":\"https:\/\/orthodoxalbania.org\/2020\/\",\"name\":\"Kisha Orthodh\u03bfkse Autoqefale e Shqip\u00ebris\u00eb\",\"description\":\"Fqja Zyrtare e Kish\u00ebs Orthodhokse Autoqefale e Shqip\u00ebris\u00eb me lajmet edhe informacionet zyrtare p\u00ebr struktur\u00ebn edhe veprimtarin e saj.\",\"publisher\":{\"@id\":\"https:\/\/orthodoxalbania.org\/2020\/#organization\"},\"potentialAction\":[{\"@type\":\"SearchAction\",\"target\":{\"@type\":\"EntryPoint\",\"urlTemplate\":\"https:\/\/orthodoxalbania.org\/2020\/?s={search_term_string}\"},\"query-input\":{\"@type\":\"PropertyValueSpecification\",\"valueRequired\":true,\"valueName\":\"search_term_string\"}}],\"inLanguage\":\"en-US\"},{\"@type\":\"Organization\",\"@id\":\"https:\/\/orthodoxalbania.org\/2020\/#organization\",\"name\":\"Kisha Orthodhokse Autoqefale e Shqip\u00ebris\u00eb\",\"url\":\"https:\/\/orthodoxalbania.org\/2020\/\",\"logo\":{\"@type\":\"ImageObject\",\"inLanguage\":\"en-US\",\"@id\":\"https:\/\/orthodoxalbania.org\/2020\/#\/schema\/logo\/image\/\",\"url\":\"https:\/\/orthodoxalbania.org\/2020\/wp-content\/uploads\/2020\/05\/albania.jpeg\",\"contentUrl\":\"https:\/\/orthodoxalbania.org\/2020\/wp-content\/uploads\/2020\/05\/albania.jpeg\",\"width\":540,\"height\":540,\"caption\":\"Kisha Orthodhokse Autoqefale e Shqip\u00ebris\u00eb\"},\"image\":{\"@id\":\"https:\/\/orthodoxalbania.org\/2020\/#\/schema\/logo\/image\/\"},\"sameAs\":[\"https:\/\/www.facebook.com\/koash1991\"]},{\"@type\":\"Person\",\"@id\":\"https:\/\/orthodoxalbania.org\/2020\/#\/schema\/person\/0c387634a7063ac612d7ed9ce71c7e86\",\"name\":\"Kisha Orthodhokse\",\"image\":{\"@type\":\"ImageObject\",\"inLanguage\":\"en-US\",\"@id\":\"https:\/\/secure.gravatar.com\/avatar\/596e7c417251e30f2fbb9c00e026fce61a695a00e51c889caded71c96cbbdde5?s=96&d=mm&r=g\",\"url\":\"https:\/\/secure.gravatar.com\/avatar\/596e7c417251e30f2fbb9c00e026fce61a695a00e51c889caded71c96cbbdde5?s=96&d=mm&r=g\",\"contentUrl\":\"https:\/\/secure.gravatar.com\/avatar\/596e7c417251e30f2fbb9c00e026fce61a695a00e51c889caded71c96cbbdde5?s=96&d=mm&r=g\",\"caption\":\"Kisha Orthodhokse\"}}]}<\/script>\n<!-- \/ Yoast SEO plugin. -->","yoast_head_json":{"title":"Ceremonia tradicionale, ndahet keku i sh\u00ebn Vasilit. (Janar 2012) - Kisha Orthodh\u03bfkse Autoqefale e Shqip\u00ebris\u00eb","robots":{"index":"index","follow":"follow","max-snippet":"max-snippet:-1","max-image-preview":"max-image-preview:large","max-video-preview":"max-video-preview:-1"},"canonical":"https:\/\/orthodoxalbania.org\/2020\/2013\/03\/21\/ceremonia-tradicionale-ndahet-keku-i-shen-vasilit\/","og_locale":"en_US","og_type":"article","og_title":"Ceremonia tradicionale, ndahet keku i sh\u00ebn Vasilit. (Janar 2012) - Kisha Orthodh\u03bfkse Autoqefale e Shqip\u00ebris\u00eb","og_description":"&nbsp; &nbsp; Dhjet\u00ebra t\u00eb rinj e t\u00eb reja, n\u00ebn organizimin e At\u00eb Justinit, ishin p\u00ebrgatitur t\u00eb organizonin m\u00eb 15 janar nj\u00eb takim t\u00eb ve\u00e7ant\u00eb p\u00ebr t\u00eb ndar\u00eb kekun e sh\u00ebn Vasilit n\u00eb sht\u00ebpin\u00eb e rinis\u00eb orthodhokse, n\u00eb Tiran\u00eb. I ftuar special ishte Kryepiskopi Anastas, i cili bashk\u00ebbisedoi me t\u00eb rinjt\u00eb, duke ndar\u00eb me ta disa momente t\u00eb g\u00ebzueshme festive dhe mesazhe t\u00eb r\u00ebnd\u00ebsishme p\u00ebr Vitin","og_url":"https:\/\/orthodoxalbania.org\/2020\/2013\/03\/21\/ceremonia-tradicionale-ndahet-keku-i-shen-vasilit\/","og_site_name":"Kisha Orthodh\u03bfkse Autoqefale e Shqip\u00ebris\u00eb","article_publisher":"https:\/\/www.facebook.com\/koash1991","article_published_time":"2013-03-21T10:26:16+00:00","article_modified_time":"2020-04-06T20:31:54+00:00","og_image":[{"url":"https:\/\/lh3.googleusercontent.com\/-cH_tslQ-d40\/VARYCWWARTI\/AAAAAAAACtk\/at9OktabJZc\/w958-h718-no\/foto%2Bkeku%2B-%2B1.jpg","type":"","width":"","height":""}],"author":"Kisha Orthodhokse","twitter_card":"summary_large_image","twitter_misc":{"Written by":"Kisha Orthodhokse","Est. reading time":"1 minute"},"schema":{"@context":"https:\/\/schema.org","@graph":[{"@type":"Article","@id":"https:\/\/orthodoxalbania.org\/2020\/2013\/03\/21\/ceremonia-tradicionale-ndahet-keku-i-shen-vasilit\/#article","isPartOf":{"@id":"https:\/\/orthodoxalbania.org\/2020\/2013\/03\/21\/ceremonia-tradicionale-ndahet-keku-i-shen-vasilit\/"},"author":{"name":"Kisha Orthodhokse","@id":"https:\/\/orthodoxalbania.org\/2020\/#\/schema\/person\/0c387634a7063ac612d7ed9ce71c7e86"},"headline":"Ceremonia tradicionale, ndahet keku i sh\u00ebn Vasilit. (Janar 2012)","datePublished":"2013-03-21T10:26:16+00:00","dateModified":"2020-04-06T20:31:54+00:00","mainEntityOfPage":{"@id":"https:\/\/orthodoxalbania.org\/2020\/2013\/03\/21\/ceremonia-tradicionale-ndahet-keku-i-shen-vasilit\/"},"wordCount":209,"commentCount":0,"publisher":{"@id":"https:\/\/orthodoxalbania.org\/2020\/#organization"},"image":{"@id":"https:\/\/orthodoxalbania.org\/2020\/2013\/03\/21\/ceremonia-tradicionale-ndahet-keku-i-shen-vasilit\/#primaryimage"},"thumbnailUrl":"https:\/\/lh3.googleusercontent.com\/-cH_tslQ-d40\/VARYCWWARTI\/AAAAAAAACtk\/at9OktabJZc\/w958-h718-no\/foto%2Bkeku%2B-%2B1.jpg","keywords":["2012","Kryepiskopata Tiran\u00eb","Kryepiskopi Anastas","lajme","Rinia Orthodhokse"],"articleSection":["Lajme"],"inLanguage":"en-US"},{"@type":"WebPage","@id":"https:\/\/orthodoxalbania.org\/2020\/2013\/03\/21\/ceremonia-tradicionale-ndahet-keku-i-shen-vasilit\/","url":"https:\/\/orthodoxalbania.org\/2020\/2013\/03\/21\/ceremonia-tradicionale-ndahet-keku-i-shen-vasilit\/","name":"Ceremonia tradicionale, ndahet keku i sh\u00ebn Vasilit. (Janar 2012) - Kisha Orthodh\u03bfkse Autoqefale e Shqip\u00ebris\u00eb","isPartOf":{"@id":"https:\/\/orthodoxalbania.org\/2020\/#website"},"primaryImageOfPage":{"@id":"https:\/\/orthodoxalbania.org\/2020\/2013\/03\/21\/ceremonia-tradicionale-ndahet-keku-i-shen-vasilit\/#primaryimage"},"image":{"@id":"https:\/\/orthodoxalbania.org\/2020\/2013\/03\/21\/ceremonia-tradicionale-ndahet-keku-i-shen-vasilit\/#primaryimage"},"thumbnailUrl":"https:\/\/lh3.googleusercontent.com\/-cH_tslQ-d40\/VARYCWWARTI\/AAAAAAAACtk\/at9OktabJZc\/w958-h718-no\/foto%2Bkeku%2B-%2B1.jpg","datePublished":"2013-03-21T10:26:16+00:00","dateModified":"2020-04-06T20:31:54+00:00","breadcrumb":{"@id":"https:\/\/orthodoxalbania.org\/2020\/2013\/03\/21\/ceremonia-tradicionale-ndahet-keku-i-shen-vasilit\/#breadcrumb"},"inLanguage":"en-US","potentialAction":[{"@type":"ReadAction","target":["https:\/\/orthodoxalbania.org\/2020\/2013\/03\/21\/ceremonia-tradicionale-ndahet-keku-i-shen-vasilit\/"]}]},{"@type":"ImageObject","inLanguage":"en-US","@id":"https:\/\/orthodoxalbania.org\/2020\/2013\/03\/21\/ceremonia-tradicionale-ndahet-keku-i-shen-vasilit\/#primaryimage","url":"https:\/\/lh3.googleusercontent.com\/-cH_tslQ-d40\/VARYCWWARTI\/AAAAAAAACtk\/at9OktabJZc\/w958-h718-no\/foto%2Bkeku%2B-%2B1.jpg","contentUrl":"https:\/\/lh3.googleusercontent.com\/-cH_tslQ-d40\/VARYCWWARTI\/AAAAAAAACtk\/at9OktabJZc\/w958-h718-no\/foto%2Bkeku%2B-%2B1.jpg"},{"@type":"BreadcrumbList","@id":"https:\/\/orthodoxalbania.org\/2020\/2013\/03\/21\/ceremonia-tradicionale-ndahet-keku-i-shen-vasilit\/#breadcrumb","itemListElement":[{"@type":"ListItem","position":1,"name":"Home","item":"https:\/\/orthodoxalbania.org\/2020\/"},{"@type":"ListItem","position":2,"name":"Ceremonia tradicionale, ndahet keku i sh\u00ebn Vasilit. (Janar 2012)"}]},{"@type":"WebSite","@id":"https:\/\/orthodoxalbania.org\/2020\/#website","url":"https:\/\/orthodoxalbania.org\/2020\/","name":"Kisha Orthodh\u03bfkse Autoqefale e Shqip\u00ebris\u00eb","description":"Fqja Zyrtare e Kish\u00ebs Orthodhokse Autoqefale e Shqip\u00ebris\u00eb me lajmet edhe informacionet zyrtare p\u00ebr struktur\u00ebn edhe veprimtarin e saj.","publisher":{"@id":"https:\/\/orthodoxalbania.org\/2020\/#organization"},"potentialAction":[{"@type":"SearchAction","target":{"@type":"EntryPoint","urlTemplate":"https:\/\/orthodoxalbania.org\/2020\/?s={search_term_string}"},"query-input":{"@type":"PropertyValueSpecification","valueRequired":true,"valueName":"search_term_string"}}],"inLanguage":"en-US"},{"@type":"Organization","@id":"https:\/\/orthodoxalbania.org\/2020\/#organization","name":"Kisha Orthodhokse Autoqefale e Shqip\u00ebris\u00eb","url":"https:\/\/orthodoxalbania.org\/2020\/","logo":{"@type":"ImageObject","inLanguage":"en-US","@id":"https:\/\/orthodoxalbania.org\/2020\/#\/schema\/logo\/image\/","url":"https:\/\/orthodoxalbania.org\/2020\/wp-content\/uploads\/2020\/05\/albania.jpeg","contentUrl":"https:\/\/orthodoxalbania.org\/2020\/wp-content\/uploads\/2020\/05\/albania.jpeg","width":540,"height":540,"caption":"Kisha Orthodhokse Autoqefale e Shqip\u00ebris\u00eb"},"image":{"@id":"https:\/\/orthodoxalbania.org\/2020\/#\/schema\/logo\/image\/"},"sameAs":["https:\/\/www.facebook.com\/koash1991"]},{"@type":"Person","@id":"https:\/\/orthodoxalbania.org\/2020\/#\/schema\/person\/0c387634a7063ac612d7ed9ce71c7e86","name":"Kisha Orthodhokse","image":{"@type":"ImageObject","inLanguage":"en-US","@id":"https:\/\/secure.gravatar.com\/avatar\/596e7c417251e30f2fbb9c00e026fce61a695a00e51c889caded71c96cbbdde5?s=96&d=mm&r=g","url":"https:\/\/secure.gravatar.com\/avatar\/596e7c417251e30f2fbb9c00e026fce61a695a00e51c889caded71c96cbbdde5?s=96&d=mm&r=g","contentUrl":"https:\/\/secure.gravatar.com\/avatar\/596e7c417251e30f2fbb9c00e026fce61a695a00e51c889caded71c96cbbdde5?s=96&d=mm&r=g","caption":"Kisha Orthodhokse"}}]}},"_links":{"self":[{"href":"https:\/\/orthodoxalbania.org\/2020\/wp-json\/wp\/v2\/posts\/341","targetHints":{"allow":["GET"]}}],"collection":[{"href":"https:\/\/orthodoxalbania.org\/2020\/wp-json\/wp\/v2\/posts"}],"about":[{"href":"https:\/\/orthodoxalbania.org\/2020\/wp-json\/wp\/v2\/types\/post"}],"author":[{"embeddable":true,"href":"https:\/\/orthodoxalbania.org\/2020\/wp-json\/wp\/v2\/users\/1"}],"replies":[{"embeddable":true,"href":"https:\/\/orthodoxalbania.org\/2020\/wp-json\/wp\/v2\/comments?post=341"}],"version-history":[{"count":1,"href":"https:\/\/orthodoxalbania.org\/2020\/wp-json\/wp\/v2\/posts\/341\/revisions"}],"predecessor-version":[{"id":15346,"href":"https:\/\/orthodoxalbania.org\/2020\/wp-json\/wp\/v2\/posts\/341\/revisions\/15346"}],"wp:attachment":[{"href":"https:\/\/orthodoxalbania.org\/2020\/wp-json\/wp\/v2\/media?parent=341"}],"wp:term":[{"taxonomy":"category","embeddable":true,"href":"https:\/\/orthodoxalbania.org\/2020\/wp-json\/wp\/v2\/categories?post=341"},{"taxonomy":"post_tag","embeddable":true,"href":"https:\/\/orthodoxalbania.org\/2020\/wp-json\/wp\/v2\/tags?post=341"}],"curies":[{"name":"wp","href":"https:\/\/api.w.org\/{rel}","templated":true}]}}