{"id":339,"date":"2013-03-20T12:48:42","date_gmt":"2013-03-20T12:48:42","guid":{"rendered":""},"modified":"2020-04-06T22:32:25","modified_gmt":"2020-04-06T20:32:25","slug":"ceremoni-e-shkelqyer-ne-universitetin-e-qipros-per-nder-te-kryepiskopit-anastas-i-cili-u-nderua-me-titullin-doktor-nderi","status":"publish","type":"post","link":"https:\/\/orthodoxalbania.org\/2020\/2013\/03\/20\/ceremoni-e-shkelqyer-ne-universitetin-e-qipros-per-nder-te-kryepiskopit-anastas-i-cili-u-nderua-me-titullin-doktor-nderi\/","title":{"rendered":"Ceremoni e shk\u00eblqyer n\u00eb Universitetin e Qipros p\u00ebr nder t\u00eb Kryepiskopit Anastas, i cili u nderua me titullin \u201cDoktor Nderi\u201d. (17 Qershor 2010)"},"content":{"rendered":"<div><span style=\"font-family: helvetica; font-size: 12pt;\"><\/span><\/div>\n<table border=\"0\">\n<tbody>\n<tr>\n<td>\n<div class=\"style7\">\n<div class=\"style8\" style=\"text-align: justify;\"><span style=\"font-family: helvetica; font-size: 12pt;\"><span style=\"color: #000000;\"><img decoding=\"async\" class=\"lazyload HAa Eha\" style=\"height: 266px; width: 355px; border-width: 1px; border-style: solid; margin: 10px; float: left;\" alt=\"\" src=\"data:image\/gif;base64,R0lGODlhAQABAAAAACH5BAEKAAEALAAAAAABAAEAAAICTAEAOw==\" data-orig-src=\"https:\/\/lh6.googleusercontent.com\/-qdlbkQdkOJw\/U_7d167KgPI\/AAAAAAAABiM\/CgLr4ocw37U\/w600-h450-no\/1.jpg\" \/> &nbsp; &nbsp; M\u00eb 17 qershor, Universiteti i Qipros organizoi nj\u00eb ceremoni t\u00eb shk\u00eblqyer me rastin e dekorimit si \u00abDoktor Nderi\u00bb (Doctor Honoris Caussa), i Fakultetit t\u00eb Shkencave Sociale dhe Shkencave t\u00eb Edukimit, t\u00eb Kryepiskopit t\u00eb Tiran\u00ebs, Durr\u00ebsit dhe t\u00eb gjith\u00eb Shqip\u00ebris\u00eb, Imzot Anastasit.<\/span><\/span><\/div>\n<div class=\"style8\" style=\"text-align: justify;\"><span style=\"font-family: helvetica; font-size: 12pt;\"> <span style=\"color: #000000;\">&nbsp; &nbsp; Duke i uruar i mir\u00ebseardhjen Kryepiskopit, n\u00eb fjal\u00ebn e tij Rektori i Universitetit t\u00eb Qipros, Profesor Stavros Zenios, tha: \u00ab&#8230;List\u00ebs s\u00eb personaliteteve t\u00eb shquara q\u00eb nderojn\u00eb Universitetin ton\u00eb i shtohet sot edhe Fortlumturia e Tij, Kryepiskopi Anastas, gj\u00eb e cila p\u00ebrb\u00ebn nder t\u00eb ve\u00e7ant\u00eb p\u00ebr Institucionin ton\u00eb\u00bb.<\/span><\/span><\/div>\n<div class=\"style8\" style=\"text-align: justify;\"><span style=\"font-family: helvetica; font-size: 12pt;\"> <span style=\"color: #000000;\">&nbsp;&nbsp; Dekani i Fakultetit t\u00eb Shkencave Shoq\u00ebrore dhe atyre Edukative, Profesor Athanasios Gagatsis, lexoi vendimin e Senatit t\u00eb Universitetit p\u00ebr dh\u00ebnien e titullit m\u00eb t\u00eb lart\u00eb t\u00eb Universitetit, at\u00eb t\u00eb shpalljes \u00abProfesor Nderi\u00bb, duke iu referuar mes t\u00eb tjerave faktit q\u00eb vendimi ishte i nj\u00ebz\u00ebsh\u00ebm. Vendimi, p\u00ebrtej referencave p\u00ebr arritjet n\u00eb sektorin e hulumtimit shkencor nga ana Kryepiskopit, thekson edhe faktin se \u00ab&#8230;Kryepiskopi u shqua p\u00ebr prurjen e tij tejet t\u00eb r\u00ebnd\u00ebsishme n\u00eb kultivimin e nd\u00ebrgjegjes fetare dhe n\u00eb forcimin e unitetit mbar\u00ebbot\u00ebror\u00bb. <\/span><\/span><\/div>\n<div class=\"style8\" style=\"text-align: justify;\"><span style=\"font-family: helvetica; font-size: 12pt;\"><span style=\"color: #000000;\"><img decoding=\"async\" class=\"lazyload HAa Eha\" style=\"height: 328px; width: 246px; border-width: 1px; border-style: solid; margin: 10px; float: right;\" alt=\"\" src=\"data:image\/gif;base64,R0lGODlhAQABAAAAACH5BAEKAAEALAAAAAABAAEAAAICTAEAOw==\" data-orig-src=\"https:\/\/lh4.googleusercontent.com\/-vc8I1Kel9nA\/U_7d195DOdI\/AAAAAAAABic\/TOzDOQIcmS8\/w337-h449-no\/2.jpg\" \/><br \/> &nbsp;&nbsp;&nbsp; Me nj\u00eb fjalim plot emocione p\u00ebr personalitetin dhe vepr\u00ebn e Kryepiskopit foli Profesori i Asociuar i Departamentit t\u00eb Edukimit, Stavros Fotiou, i cili mes t\u00eb tjerash tha: \u00ab&#8230;n\u00eb jet\u00ebn dhe vepr\u00ebn e Fortlumturis\u00eb bashkekzistojn\u00eb harmonikisht sh\u00ebrbimi prift\u00ebror, hulumtimi shkencor dhe d\u00ebshmia sociale. Si nj\u00eb figur\u00eb kulmore e Kish\u00ebs, e shoq\u00ebris\u00eb, e arsimit, si sh\u00ebrb\u00ebtor i denj\u00eb i Kish\u00ebs Orthodhokse, m\u00ebsues i dalluar akademik, bashk\u00ebbisedues ekumenik i shquar, Kryepiskopi i Shqip\u00ebris\u00eb Anastasi kontribuon n\u00eb dialogun mbar\u00ebbot\u00ebror p\u00ebr mir\u00ebkuptimin dhe solidaritetin mes njer\u00ebzve dhe popujve\u2026\u00bb.<\/span><\/span><\/div>\n<div class=\"style8\" style=\"text-align: justify;\"><span style=\"font-family: helvetica; font-size: 12pt;\"> <span style=\"color: #000000;\">&nbsp;&nbsp;&nbsp;&nbsp; M\u00eb pas u vazhdua me shfaqjen e nj\u00eb materiali t\u00eb shkurt\u00ebr filmik, ku jepeshin \u00e7aste nga puna hierapostolike e Kryepiskopit Anastas, ve\u00e7an\u00ebrisht n\u00eb Shqip\u00ebri, p\u00ebr rilindjen nga hiri i persekutimit ateist t\u00eb Kish\u00ebs son\u00eb Orthodhokse Autoqefale.<br \/> Pasi veshi timvanin akademik dhe iu dor\u00ebzua pergameni i vendimit, Fortlumturia mbajti ligj\u00ebrat\u00ebn e tij me tem\u00ebn tep\u00ebr bashk\u00ebkohore: \u00abAktet e terrorizmit dhe nd\u00ebrgjegjja fetare\u00bb.<br \/> <img decoding=\"async\" class=\"lazyload HAa Eha\" style=\"height: 225px; width: 300px; border-width: 1px; border-style: solid; margin: 10px; float: left;\" alt=\"\" src=\"data:image\/gif;base64,R0lGODlhAQABAAAAACH5BAEKAAEALAAAAAABAAEAAAICTAEAOw==\" data-orig-src=\"https:\/\/lh6.googleusercontent.com\/-AqG6GrSzaqU\/U_7d2OwzTBI\/AAAAAAAABiU\/Uu6vaMCmxmY\/w958-h719-no\/3.JPG\" \/>&nbsp; Fillimisht Kryepiskopi shprehu p\u00ebrg\u00ebzimet e tij p\u00ebr Universitetin e Qipros, p\u00ebr zhvillimin e tij t\u00eb shpejt\u00eb, aktivitetin e tij shum\u00ebplan\u00ebsh, duke mb\u00ebshtetur n\u00eb m\u00ebnyr\u00eb t\u00eb qen\u00ebsishme shoq\u00ebrin\u00eb qipriote n\u00eb p\u00ebrparimin e saj. N\u00eb vazhdim, u fokusua n\u00eb trajtimin e tem\u00ebs mbi terrorizmin, q\u00eb mbizot\u00ebron n\u00eb diskutimin mbar\u00ebbot\u00ebror, n\u00eb m\u00ebnyr\u00eb t\u00eb posa\u00e7me nga grupime ekstremiste islamike, n\u00eb em\u00ebr t\u00eb besimit fetar. Ligj\u00ebrata ishte n\u00eb sinkron t\u00eb plot\u00eb dhe me informacionin e p\u00ebrdit\u00ebsuar lidhur me trajtimin e fenomenit nga pik\u00ebpamja e informacionit, trajtimi shkencor dhe teologjik. Mes t\u00eb tjerave, Kryepiskopi tha: \u00ab&#8230;\u00e7do krim q\u00eb b\u00ebhet n\u00eb em\u00ebr t\u00eb fes\u00eb \u00ebsht\u00eb krim ndaj vet\u00eb besimit fetar. \u00c7far\u00ebdo lloj dhune n\u00eb em\u00ebr t\u00eb besimit fetar dhunon, n\u00eb t\u00eb gjitha kuptimet e fjal\u00ebs, vet\u00eb besimin. Asnj\u00eb konflikt luftarak nuk \u00ebsht\u00eb i shenjt\u00eb. Paqja, vet\u00ebm ajo, \u00ebsht\u00eb e shenjt\u00eb\u00bb.<\/span><\/span><\/div>\n<div class=\"style8\" style=\"text-align: justify;\"><span style=\"font-family: helvetica; font-size: 12pt;\"><\/span><\/div>\n<div class=\"style8\" style=\"text-align: justify;\"><span style=\"font-family: helvetica; font-size: 12pt;\"><span style=\"color: #000000;\">&nbsp; &nbsp; P\u00ebrve\u00e7 autoriteteve drejtuese dhe t\u00eb profesoratit t\u00eb Universitetit t\u00eb Qipros, ceremonin\u00eb e nderuan me pranin\u00eb e tyre Kryepiskopi i Qipros, Krisostomos II,&nbsp; ish-Presidenti i Qipros, z. Jorgos Vasiliou, deputet\u00eb, diplomat\u00eb etj.<\/span><\/span><\/div>\n<div class=\"style8\" style=\"text-align: justify;\"><span style=\"font-family: helvetica; font-size: 12pt;\"> <span style=\"color: #000000;\">&nbsp;&nbsp;&nbsp; Vlen t\u00eb theksohet, se Ligj\u00ebrata e Kryepiskopit u mbajt n\u00eb kuad\u00ebr t\u00eb Ligj\u00ebrat\u00ebs s\u00eb Vitit n\u00eb kujtim t\u00eb Dinos Levendis, q\u00eb organizon \u00e7do vit Universiteti i Qipros n\u00eb bashk\u00ebpunim me Fondacionin A. J. Levendis.<\/span><\/span><\/div>\n<div class=\"style8\" style=\"text-align: justify;\"><span style=\"font-family: helvetica; font-size: 12pt;\"> <span style=\"color: #000000;\">&nbsp;&nbsp;&nbsp; S\u00eb fundi edhe Biblioteka e Universitetit t\u00eb Qipros organizoi n\u00eb Bibliotek\u00ebn Qendrore nj\u00eb ekspozit\u00eb disa ditore me disa prej veprave t\u00eb Kryepiskopit Anastas.&nbsp;<\/span><\/span><\/div>\n<div class=\"style8\" style=\"text-align: justify;\"><span style=\"font-family: helvetica; font-size: 12pt;\"><\/span><\/div>\n<div class=\"style8\" style=\"text-align: justify;\"><span style=\"font-family: helvetica; font-size: 12pt;\"><span style=\"color: #000000;\"><strong>&nbsp;&nbsp;&nbsp; Takime n\u00eb Qipro<\/strong><br \/> &nbsp;&nbsp;&nbsp; Me rastin e vizit\u00ebs dhe q\u00ebndrimit n\u00eb Lefkosia, Kryepiskopi Anastas pati disa takime t\u00eb tjera.<img decoding=\"async\" class=\"lazyload HAa Eha\" style=\"height: 210px; width: 280px; border-width: 1px; border-style: solid; margin: 10px; float: right;\" alt=\"\" src=\"data:image\/gif;base64,R0lGODlhAQABAAAAACH5BAEKAAEALAAAAAABAAEAAAICTAEAOw==\" data-orig-src=\"https:\/\/lh4.googleusercontent.com\/-iEnlOLlIUTA\/U_7d2gCr78I\/AAAAAAAABio\/1ptXC4prUbM\/w280-h210-no\/4.jpg\" \/><br \/> Nj\u00eb takim v\u00ebllaz\u00ebror ishte ai me Kryepiskopin e Qipros, Fortlumturin\u00eb e Tij Krisostomos II, t\u00eb cilit i b\u00ebri vizit\u00eb n\u00eb Selin\u00eb e Kryepiskopat\u00ebs. Kryepiskopi i Qipros s\u00eb bashku me hierark\u00eb t\u00eb tjer\u00eb t\u00eb kish\u00ebs lokale kishin dal\u00eb p\u00ebr t\u00eb pritur Kryepiskopin Anastas n\u00eb aerodromin e Larnakas. N\u00eb takimin e dy primat\u00ebve u shk\u00ebmbyen mendime p\u00ebr \u00e7\u00ebshtje me t\u00eb cilat p\u00ebrballen t\u00eb dyja Kishat tona motra, si dhe t\u00eb dinamik\u00ebs s\u00eb marr\u00ebdh\u00ebnieve nd\u00ebrorthodhokse e nd\u00ebrkristiane.<\/span><\/span><\/div>\n<div class=\"style8\" style=\"text-align: justify;\"><span style=\"font-family: helvetica; font-size: 12pt;\"> <span style=\"color: #000000;\">&nbsp;&nbsp;&nbsp; N\u00eb munges\u00eb, p\u00ebr arsye pune t\u00eb Presidentit t\u00eb Qipros, Kryepiskopi u prit n\u00eb Selin\u00eb e Parlamentit nga Kryetari i Parlamentit t\u00eb Qipros z. Mario Karojan. Ai e uroi Fortlumturin\u00eb e Tij Anastasin p\u00ebr nderimin q\u00eb i b\u00ebhet nga Universiteti i Qipros dhe n\u00eb vazhdim e vuri n\u00eb dijeni t\u00eb nismave t\u00eb ndryshme q\u00eb nd\u00ebrmerr Qiproja p\u00ebr forcimin e marr\u00ebdh\u00ebnieve n\u00eb rajonin e Mesdheut dhe n\u00eb k\u00ebt\u00eb kuad\u00ebr edhe me Shqip\u00ebrin\u00eb. Kryepiskopi Anastas n\u00ebnvizoi n\u00eb ve\u00e7anti parimin e bashk\u00ebjetes\u00ebs paq\u00ebsore, si nj\u00eb vler\u00eb mbar\u00ebnjer\u00ebzore, q\u00eb forcon paqen dhe miq\u00ebsin\u00eb mes popujve dhe q\u00eb p\u00ebrb\u00ebn parimin&nbsp; baz\u00eb dhe p\u00ebrshkon t\u00eb gjith\u00eb vepr\u00ebn q\u00eb po realizohet n\u00eb Kish\u00ebn Orthodhokse Autoqefale t\u00eb Shqip\u00ebris\u00eb.<\/span><\/span><\/div>\n<div class=\"style8\" style=\"text-align: justify;\"><span style=\"font-family: helvetica; font-size: 12pt;\"> <span style=\"color: #000000;\">&nbsp;&nbsp;&nbsp; Kryepiskopi Anastas b\u00ebri vizit\u00eb edhe n\u00eb p\u00ebrfaq\u00ebsin\u00eb e Lidhjes Panqipriote t\u00eb N\u00ebpun\u00ebsve Publik\u00eb, ku sekretari i saj, z. Gll. Haxhipetro, i dor\u00ebzoi nj\u00eb ndihm\u00eb financiare n\u00eb mb\u00ebshtetje t\u00eb pun\u00ebs s\u00eb Kish\u00ebs n\u00eb Shqip\u00ebri. Kryepiskopi shprehu fal\u00ebnderimet e tij dhe tha se ky kontribut do t\u00eb vihet n\u00eb dispozicion t\u00eb ngritjes s\u00eb nj\u00eb kishe n\u00eb zon\u00ebn e Gjirokastr\u00ebs.<\/span><\/span><\/div>\n<div class=\"style8\" style=\"text-align: justify;\"><span style=\"font-family: helvetica; font-size: 12pt;\"><\/span><\/div>\n<div class=\"style8\" style=\"text-align: justify;\"><span style=\"font-family: helvetica; font-size: 12pt;\"><span style=\"color: #000000;\">&nbsp;&nbsp;&nbsp; Gjat\u00eb k\u00ebsaj vizite Kryepiskopi shoq\u00ebrohej nga Episkopi i Apollonis\u00eb, Hir\u00ebsia e Tij Nikolla.<\/span><\/span><\/div>\n<div class=\"style8\" style=\"text-align: justify;\"><span style=\"font-family: helvetica; font-size: 12pt;\"> <span style=\"color: #000000;\">&nbsp;&nbsp;&nbsp; Vizita dhe n\u00eb ve\u00e7anti, ceremonia e ligj\u00ebrata n\u00eb Universitet, u pasqyruan gjer\u00ebsisht n\u00eb median e shkruar dhe elektronike t\u00eb Qipros e m\u00eb gjer\u00eb.<\/span><\/span><\/div>\n<div class=\"style8\" style=\"text-align: justify;\"><span style=\"font-family: helvetica; font-size: 12pt;\"><\/span><\/div>\n<div class=\"style8\" style=\"text-align: right;\"><span style=\"font-family: helvetica; font-size: 12pt;\"><span style=\"color: #000000;\">(Korresp. NGJALLJA)&nbsp;<\/span><\/span><\/div>\n<\/div>\n<\/td>\n<\/tr>\n<\/tbody>\n<\/table>\n<div><span style=\"font-family: helvetica; font-size: 12pt;\"><\/span><\/div>\n","protected":false},"excerpt":{"rendered":"<p>&nbsp; &nbsp; M\u00eb 17 qershor, Universiteti i Qipros organizoi nj\u00eb ceremoni t\u00eb shk\u00eblqyer me rastin e dekorimit si \u00abDoktor Nderi\u00bb (Doctor Honoris Caussa), i Fakultetit t\u00eb Shkencave Sociale dhe Shkencave t\u00eb Edukimit, t\u00eb Kryepiskopit t\u00eb Tiran\u00ebs, Durr\u00ebsit dhe t\u00eb gjith\u00eb Shqip\u00ebris\u00eb, Imzot Anastasit. &nbsp; &nbsp; Duke i uruar i mir\u00ebseardhjen Kryepiskopit, n\u00eb fjal\u00ebn e tij Rektori i Universitetit t\u00eb Qipros, Profesor Stavros Zenios, tha: \u00ab&#8230;List\u00ebs<\/p>\n","protected":false},"author":1,"featured_media":0,"comment_status":"open","ping_status":"open","sticky":false,"template":"","format":"standard","meta":{"_acf_changed":false,"pagelayer_contact_templates":[],"_pagelayer_content":"","inline_featured_image":false,"fifu_image_url":"","fifu_image_alt":"","footnotes":""},"categories":[108],"tags":[144,196,201,212],"class_list":["post-339","post","type-post","status-publish","format-standard","hentry","category-lajme","tag-144","tag-tirane","tag-kryepiskopi-anastas","tag-lajme-d27"],"acf":[],"yoast_head":"<!-- This site is optimized with the Yoast SEO plugin v27.2 - https:\/\/yoast.com\/product\/yoast-seo-wordpress\/ -->\n<title>Ceremoni e shk\u00eblqyer n\u00eb Universitetin e Qipros p\u00ebr nder t\u00eb Kryepiskopit Anastas, i cili u nderua me titullin \u201cDoktor Nderi\u201d. (17 Qershor 2010) - Kisha Orthodh\u03bfkse Autoqefale e Shqip\u00ebris\u00eb<\/title>\n<meta name=\"robots\" content=\"index, follow, max-snippet:-1, max-image-preview:large, max-video-preview:-1\" \/>\n<link rel=\"canonical\" href=\"https:\/\/orthodoxalbania.org\/2020\/2013\/03\/20\/ceremoni-e-shkelqyer-ne-universitetin-e-qipros-per-nder-te-kryepiskopit-anastas-i-cili-u-nderua-me-titullin-doktor-nderi\/\" \/>\n<meta property=\"og:locale\" content=\"en_US\" \/>\n<meta property=\"og:type\" content=\"article\" \/>\n<meta property=\"og:title\" content=\"Ceremoni e shk\u00eblqyer n\u00eb Universitetin e Qipros p\u00ebr nder t\u00eb Kryepiskopit Anastas, i cili u nderua me titullin \u201cDoktor Nderi\u201d. (17 Qershor 2010) - Kisha Orthodh\u03bfkse Autoqefale e Shqip\u00ebris\u00eb\" \/>\n<meta property=\"og:description\" content=\"&nbsp; &nbsp; M\u00eb 17 qershor, Universiteti i Qipros organizoi nj\u00eb ceremoni t\u00eb shk\u00eblqyer me rastin e dekorimit si \u00abDoktor Nderi\u00bb (Doctor Honoris Caussa), i Fakultetit t\u00eb Shkencave Sociale dhe Shkencave t\u00eb Edukimit, t\u00eb Kryepiskopit t\u00eb Tiran\u00ebs, Durr\u00ebsit dhe t\u00eb gjith\u00eb Shqip\u00ebris\u00eb, Imzot Anastasit. &nbsp; &nbsp; Duke i uruar i mir\u00ebseardhjen Kryepiskopit, n\u00eb fjal\u00ebn e tij Rektori i Universitetit t\u00eb Qipros, Profesor Stavros Zenios, tha: \u00ab&#8230;List\u00ebs\" \/>\n<meta property=\"og:url\" content=\"https:\/\/orthodoxalbania.org\/2020\/2013\/03\/20\/ceremoni-e-shkelqyer-ne-universitetin-e-qipros-per-nder-te-kryepiskopit-anastas-i-cili-u-nderua-me-titullin-doktor-nderi\/\" \/>\n<meta property=\"og:site_name\" content=\"Kisha Orthodh\u03bfkse Autoqefale e Shqip\u00ebris\u00eb\" \/>\n<meta property=\"article:publisher\" content=\"https:\/\/www.facebook.com\/koash1991\" \/>\n<meta property=\"article:published_time\" content=\"2013-03-20T12:48:42+00:00\" \/>\n<meta property=\"article:modified_time\" content=\"2020-04-06T20:32:25+00:00\" \/>\n<meta property=\"og:image\" content=\"https:\/\/lh6.googleusercontent.com\/-qdlbkQdkOJw\/U_7d167KgPI\/AAAAAAAABiM\/CgLr4ocw37U\/w600-h450-no\/1.jpg\" \/>\n<meta name=\"author\" content=\"Kisha Orthodhokse\" \/>\n<meta name=\"twitter:card\" content=\"summary_large_image\" \/>\n<meta name=\"twitter:label1\" content=\"Written by\" \/>\n\t<meta name=\"twitter:data1\" content=\"Kisha Orthodhokse\" \/>\n\t<meta name=\"twitter:label2\" content=\"Est. reading time\" \/>\n\t<meta name=\"twitter:data2\" content=\"5 minutes\" \/>\n<script type=\"application\/ld+json\" class=\"yoast-schema-graph\">{\"@context\":\"https:\/\/schema.org\",\"@graph\":[{\"@type\":\"Article\",\"@id\":\"https:\/\/orthodoxalbania.org\/2020\/2013\/03\/20\/ceremoni-e-shkelqyer-ne-universitetin-e-qipros-per-nder-te-kryepiskopit-anastas-i-cili-u-nderua-me-titullin-doktor-nderi\/#article\",\"isPartOf\":{\"@id\":\"https:\/\/orthodoxalbania.org\/2020\/2013\/03\/20\/ceremoni-e-shkelqyer-ne-universitetin-e-qipros-per-nder-te-kryepiskopit-anastas-i-cili-u-nderua-me-titullin-doktor-nderi\/\"},\"author\":{\"name\":\"Kisha Orthodhokse\",\"@id\":\"https:\/\/orthodoxalbania.org\/2020\/#\/schema\/person\/0c387634a7063ac612d7ed9ce71c7e86\"},\"headline\":\"Ceremoni e shk\u00eblqyer n\u00eb Universitetin e Qipros p\u00ebr nder t\u00eb Kryepiskopit Anastas, i cili u nderua me titullin \u201cDoktor Nderi\u201d. (17 Qershor 2010)\",\"datePublished\":\"2013-03-20T12:48:42+00:00\",\"dateModified\":\"2020-04-06T20:32:25+00:00\",\"mainEntityOfPage\":{\"@id\":\"https:\/\/orthodoxalbania.org\/2020\/2013\/03\/20\/ceremoni-e-shkelqyer-ne-universitetin-e-qipros-per-nder-te-kryepiskopit-anastas-i-cili-u-nderua-me-titullin-doktor-nderi\/\"},\"wordCount\":1050,\"commentCount\":0,\"publisher\":{\"@id\":\"https:\/\/orthodoxalbania.org\/2020\/#organization\"},\"image\":{\"@id\":\"https:\/\/orthodoxalbania.org\/2020\/2013\/03\/20\/ceremoni-e-shkelqyer-ne-universitetin-e-qipros-per-nder-te-kryepiskopit-anastas-i-cili-u-nderua-me-titullin-doktor-nderi\/#primaryimage\"},\"thumbnailUrl\":\"https:\/\/lh6.googleusercontent.com\/-qdlbkQdkOJw\/U_7d167KgPI\/AAAAAAAABiM\/CgLr4ocw37U\/w600-h450-no\/1.jpg\",\"keywords\":[\"2010\",\"Kryepiskopata Tiran\u00eb\",\"Kryepiskopi Anastas\",\"lajme\"],\"articleSection\":[\"Lajme\"],\"inLanguage\":\"en-US\"},{\"@type\":\"WebPage\",\"@id\":\"https:\/\/orthodoxalbania.org\/2020\/2013\/03\/20\/ceremoni-e-shkelqyer-ne-universitetin-e-qipros-per-nder-te-kryepiskopit-anastas-i-cili-u-nderua-me-titullin-doktor-nderi\/\",\"url\":\"https:\/\/orthodoxalbania.org\/2020\/2013\/03\/20\/ceremoni-e-shkelqyer-ne-universitetin-e-qipros-per-nder-te-kryepiskopit-anastas-i-cili-u-nderua-me-titullin-doktor-nderi\/\",\"name\":\"Ceremoni e shk\u00eblqyer n\u00eb Universitetin e Qipros p\u00ebr nder t\u00eb Kryepiskopit Anastas, i cili u nderua me titullin \u201cDoktor Nderi\u201d. (17 Qershor 2010) - Kisha Orthodh\u03bfkse Autoqefale e Shqip\u00ebris\u00eb\",\"isPartOf\":{\"@id\":\"https:\/\/orthodoxalbania.org\/2020\/#website\"},\"primaryImageOfPage\":{\"@id\":\"https:\/\/orthodoxalbania.org\/2020\/2013\/03\/20\/ceremoni-e-shkelqyer-ne-universitetin-e-qipros-per-nder-te-kryepiskopit-anastas-i-cili-u-nderua-me-titullin-doktor-nderi\/#primaryimage\"},\"image\":{\"@id\":\"https:\/\/orthodoxalbania.org\/2020\/2013\/03\/20\/ceremoni-e-shkelqyer-ne-universitetin-e-qipros-per-nder-te-kryepiskopit-anastas-i-cili-u-nderua-me-titullin-doktor-nderi\/#primaryimage\"},\"thumbnailUrl\":\"https:\/\/lh6.googleusercontent.com\/-qdlbkQdkOJw\/U_7d167KgPI\/AAAAAAAABiM\/CgLr4ocw37U\/w600-h450-no\/1.jpg\",\"datePublished\":\"2013-03-20T12:48:42+00:00\",\"dateModified\":\"2020-04-06T20:32:25+00:00\",\"breadcrumb\":{\"@id\":\"https:\/\/orthodoxalbania.org\/2020\/2013\/03\/20\/ceremoni-e-shkelqyer-ne-universitetin-e-qipros-per-nder-te-kryepiskopit-anastas-i-cili-u-nderua-me-titullin-doktor-nderi\/#breadcrumb\"},\"inLanguage\":\"en-US\",\"potentialAction\":[{\"@type\":\"ReadAction\",\"target\":[\"https:\/\/orthodoxalbania.org\/2020\/2013\/03\/20\/ceremoni-e-shkelqyer-ne-universitetin-e-qipros-per-nder-te-kryepiskopit-anastas-i-cili-u-nderua-me-titullin-doktor-nderi\/\"]}]},{\"@type\":\"ImageObject\",\"inLanguage\":\"en-US\",\"@id\":\"https:\/\/orthodoxalbania.org\/2020\/2013\/03\/20\/ceremoni-e-shkelqyer-ne-universitetin-e-qipros-per-nder-te-kryepiskopit-anastas-i-cili-u-nderua-me-titullin-doktor-nderi\/#primaryimage\",\"url\":\"https:\/\/lh6.googleusercontent.com\/-qdlbkQdkOJw\/U_7d167KgPI\/AAAAAAAABiM\/CgLr4ocw37U\/w600-h450-no\/1.jpg\",\"contentUrl\":\"https:\/\/lh6.googleusercontent.com\/-qdlbkQdkOJw\/U_7d167KgPI\/AAAAAAAABiM\/CgLr4ocw37U\/w600-h450-no\/1.jpg\"},{\"@type\":\"BreadcrumbList\",\"@id\":\"https:\/\/orthodoxalbania.org\/2020\/2013\/03\/20\/ceremoni-e-shkelqyer-ne-universitetin-e-qipros-per-nder-te-kryepiskopit-anastas-i-cili-u-nderua-me-titullin-doktor-nderi\/#breadcrumb\",\"itemListElement\":[{\"@type\":\"ListItem\",\"position\":1,\"name\":\"Home\",\"item\":\"https:\/\/orthodoxalbania.org\/2020\/\"},{\"@type\":\"ListItem\",\"position\":2,\"name\":\"Ceremoni e shk\u00eblqyer n\u00eb Universitetin e Qipros p\u00ebr nder t\u00eb Kryepiskopit Anastas, i cili u nderua me titullin \u201cDoktor Nderi\u201d. (17 Qershor 2010)\"}]},{\"@type\":\"WebSite\",\"@id\":\"https:\/\/orthodoxalbania.org\/2020\/#website\",\"url\":\"https:\/\/orthodoxalbania.org\/2020\/\",\"name\":\"Kisha Orthodh\u03bfkse Autoqefale e Shqip\u00ebris\u00eb\",\"description\":\"Fqja Zyrtare e Kish\u00ebs Orthodhokse Autoqefale e Shqip\u00ebris\u00eb me lajmet edhe informacionet zyrtare p\u00ebr struktur\u00ebn edhe veprimtarin e saj.\",\"publisher\":{\"@id\":\"https:\/\/orthodoxalbania.org\/2020\/#organization\"},\"potentialAction\":[{\"@type\":\"SearchAction\",\"target\":{\"@type\":\"EntryPoint\",\"urlTemplate\":\"https:\/\/orthodoxalbania.org\/2020\/?s={search_term_string}\"},\"query-input\":{\"@type\":\"PropertyValueSpecification\",\"valueRequired\":true,\"valueName\":\"search_term_string\"}}],\"inLanguage\":\"en-US\"},{\"@type\":\"Organization\",\"@id\":\"https:\/\/orthodoxalbania.org\/2020\/#organization\",\"name\":\"Kisha Orthodhokse Autoqefale e Shqip\u00ebris\u00eb\",\"url\":\"https:\/\/orthodoxalbania.org\/2020\/\",\"logo\":{\"@type\":\"ImageObject\",\"inLanguage\":\"en-US\",\"@id\":\"https:\/\/orthodoxalbania.org\/2020\/#\/schema\/logo\/image\/\",\"url\":\"https:\/\/orthodoxalbania.org\/2020\/wp-content\/uploads\/2020\/05\/albania.jpeg\",\"contentUrl\":\"https:\/\/orthodoxalbania.org\/2020\/wp-content\/uploads\/2020\/05\/albania.jpeg\",\"width\":540,\"height\":540,\"caption\":\"Kisha Orthodhokse Autoqefale e Shqip\u00ebris\u00eb\"},\"image\":{\"@id\":\"https:\/\/orthodoxalbania.org\/2020\/#\/schema\/logo\/image\/\"},\"sameAs\":[\"https:\/\/www.facebook.com\/koash1991\"]},{\"@type\":\"Person\",\"@id\":\"https:\/\/orthodoxalbania.org\/2020\/#\/schema\/person\/0c387634a7063ac612d7ed9ce71c7e86\",\"name\":\"Kisha Orthodhokse\",\"image\":{\"@type\":\"ImageObject\",\"inLanguage\":\"en-US\",\"@id\":\"https:\/\/secure.gravatar.com\/avatar\/596e7c417251e30f2fbb9c00e026fce61a695a00e51c889caded71c96cbbdde5?s=96&d=mm&r=g\",\"url\":\"https:\/\/secure.gravatar.com\/avatar\/596e7c417251e30f2fbb9c00e026fce61a695a00e51c889caded71c96cbbdde5?s=96&d=mm&r=g\",\"contentUrl\":\"https:\/\/secure.gravatar.com\/avatar\/596e7c417251e30f2fbb9c00e026fce61a695a00e51c889caded71c96cbbdde5?s=96&d=mm&r=g\",\"caption\":\"Kisha Orthodhokse\"}}]}<\/script>\n<!-- \/ Yoast SEO plugin. -->","yoast_head_json":{"title":"Ceremoni e shk\u00eblqyer n\u00eb Universitetin e Qipros p\u00ebr nder t\u00eb Kryepiskopit Anastas, i cili u nderua me titullin \u201cDoktor Nderi\u201d. (17 Qershor 2010) - Kisha Orthodh\u03bfkse Autoqefale e Shqip\u00ebris\u00eb","robots":{"index":"index","follow":"follow","max-snippet":"max-snippet:-1","max-image-preview":"max-image-preview:large","max-video-preview":"max-video-preview:-1"},"canonical":"https:\/\/orthodoxalbania.org\/2020\/2013\/03\/20\/ceremoni-e-shkelqyer-ne-universitetin-e-qipros-per-nder-te-kryepiskopit-anastas-i-cili-u-nderua-me-titullin-doktor-nderi\/","og_locale":"en_US","og_type":"article","og_title":"Ceremoni e shk\u00eblqyer n\u00eb Universitetin e Qipros p\u00ebr nder t\u00eb Kryepiskopit Anastas, i cili u nderua me titullin \u201cDoktor Nderi\u201d. (17 Qershor 2010) - Kisha Orthodh\u03bfkse Autoqefale e Shqip\u00ebris\u00eb","og_description":"&nbsp; &nbsp; M\u00eb 17 qershor, Universiteti i Qipros organizoi nj\u00eb ceremoni t\u00eb shk\u00eblqyer me rastin e dekorimit si \u00abDoktor Nderi\u00bb (Doctor Honoris Caussa), i Fakultetit t\u00eb Shkencave Sociale dhe Shkencave t\u00eb Edukimit, t\u00eb Kryepiskopit t\u00eb Tiran\u00ebs, Durr\u00ebsit dhe t\u00eb gjith\u00eb Shqip\u00ebris\u00eb, Imzot Anastasit. &nbsp; &nbsp; Duke i uruar i mir\u00ebseardhjen Kryepiskopit, n\u00eb fjal\u00ebn e tij Rektori i Universitetit t\u00eb Qipros, Profesor Stavros Zenios, tha: \u00ab&#8230;List\u00ebs","og_url":"https:\/\/orthodoxalbania.org\/2020\/2013\/03\/20\/ceremoni-e-shkelqyer-ne-universitetin-e-qipros-per-nder-te-kryepiskopit-anastas-i-cili-u-nderua-me-titullin-doktor-nderi\/","og_site_name":"Kisha Orthodh\u03bfkse Autoqefale e Shqip\u00ebris\u00eb","article_publisher":"https:\/\/www.facebook.com\/koash1991","article_published_time":"2013-03-20T12:48:42+00:00","article_modified_time":"2020-04-06T20:32:25+00:00","og_image":[{"url":"https:\/\/lh6.googleusercontent.com\/-qdlbkQdkOJw\/U_7d167KgPI\/AAAAAAAABiM\/CgLr4ocw37U\/w600-h450-no\/1.jpg","type":"","width":"","height":""}],"author":"Kisha Orthodhokse","twitter_card":"summary_large_image","twitter_misc":{"Written by":"Kisha Orthodhokse","Est. reading time":"5 minutes"},"schema":{"@context":"https:\/\/schema.org","@graph":[{"@type":"Article","@id":"https:\/\/orthodoxalbania.org\/2020\/2013\/03\/20\/ceremoni-e-shkelqyer-ne-universitetin-e-qipros-per-nder-te-kryepiskopit-anastas-i-cili-u-nderua-me-titullin-doktor-nderi\/#article","isPartOf":{"@id":"https:\/\/orthodoxalbania.org\/2020\/2013\/03\/20\/ceremoni-e-shkelqyer-ne-universitetin-e-qipros-per-nder-te-kryepiskopit-anastas-i-cili-u-nderua-me-titullin-doktor-nderi\/"},"author":{"name":"Kisha Orthodhokse","@id":"https:\/\/orthodoxalbania.org\/2020\/#\/schema\/person\/0c387634a7063ac612d7ed9ce71c7e86"},"headline":"Ceremoni e shk\u00eblqyer n\u00eb Universitetin e Qipros p\u00ebr nder t\u00eb Kryepiskopit Anastas, i cili u nderua me titullin \u201cDoktor Nderi\u201d. (17 Qershor 2010)","datePublished":"2013-03-20T12:48:42+00:00","dateModified":"2020-04-06T20:32:25+00:00","mainEntityOfPage":{"@id":"https:\/\/orthodoxalbania.org\/2020\/2013\/03\/20\/ceremoni-e-shkelqyer-ne-universitetin-e-qipros-per-nder-te-kryepiskopit-anastas-i-cili-u-nderua-me-titullin-doktor-nderi\/"},"wordCount":1050,"commentCount":0,"publisher":{"@id":"https:\/\/orthodoxalbania.org\/2020\/#organization"},"image":{"@id":"https:\/\/orthodoxalbania.org\/2020\/2013\/03\/20\/ceremoni-e-shkelqyer-ne-universitetin-e-qipros-per-nder-te-kryepiskopit-anastas-i-cili-u-nderua-me-titullin-doktor-nderi\/#primaryimage"},"thumbnailUrl":"https:\/\/lh6.googleusercontent.com\/-qdlbkQdkOJw\/U_7d167KgPI\/AAAAAAAABiM\/CgLr4ocw37U\/w600-h450-no\/1.jpg","keywords":["2010","Kryepiskopata Tiran\u00eb","Kryepiskopi Anastas","lajme"],"articleSection":["Lajme"],"inLanguage":"en-US"},{"@type":"WebPage","@id":"https:\/\/orthodoxalbania.org\/2020\/2013\/03\/20\/ceremoni-e-shkelqyer-ne-universitetin-e-qipros-per-nder-te-kryepiskopit-anastas-i-cili-u-nderua-me-titullin-doktor-nderi\/","url":"https:\/\/orthodoxalbania.org\/2020\/2013\/03\/20\/ceremoni-e-shkelqyer-ne-universitetin-e-qipros-per-nder-te-kryepiskopit-anastas-i-cili-u-nderua-me-titullin-doktor-nderi\/","name":"Ceremoni e shk\u00eblqyer n\u00eb Universitetin e Qipros p\u00ebr nder t\u00eb Kryepiskopit Anastas, i cili u nderua me titullin \u201cDoktor Nderi\u201d. (17 Qershor 2010) - Kisha Orthodh\u03bfkse Autoqefale e Shqip\u00ebris\u00eb","isPartOf":{"@id":"https:\/\/orthodoxalbania.org\/2020\/#website"},"primaryImageOfPage":{"@id":"https:\/\/orthodoxalbania.org\/2020\/2013\/03\/20\/ceremoni-e-shkelqyer-ne-universitetin-e-qipros-per-nder-te-kryepiskopit-anastas-i-cili-u-nderua-me-titullin-doktor-nderi\/#primaryimage"},"image":{"@id":"https:\/\/orthodoxalbania.org\/2020\/2013\/03\/20\/ceremoni-e-shkelqyer-ne-universitetin-e-qipros-per-nder-te-kryepiskopit-anastas-i-cili-u-nderua-me-titullin-doktor-nderi\/#primaryimage"},"thumbnailUrl":"https:\/\/lh6.googleusercontent.com\/-qdlbkQdkOJw\/U_7d167KgPI\/AAAAAAAABiM\/CgLr4ocw37U\/w600-h450-no\/1.jpg","datePublished":"2013-03-20T12:48:42+00:00","dateModified":"2020-04-06T20:32:25+00:00","breadcrumb":{"@id":"https:\/\/orthodoxalbania.org\/2020\/2013\/03\/20\/ceremoni-e-shkelqyer-ne-universitetin-e-qipros-per-nder-te-kryepiskopit-anastas-i-cili-u-nderua-me-titullin-doktor-nderi\/#breadcrumb"},"inLanguage":"en-US","potentialAction":[{"@type":"ReadAction","target":["https:\/\/orthodoxalbania.org\/2020\/2013\/03\/20\/ceremoni-e-shkelqyer-ne-universitetin-e-qipros-per-nder-te-kryepiskopit-anastas-i-cili-u-nderua-me-titullin-doktor-nderi\/"]}]},{"@type":"ImageObject","inLanguage":"en-US","@id":"https:\/\/orthodoxalbania.org\/2020\/2013\/03\/20\/ceremoni-e-shkelqyer-ne-universitetin-e-qipros-per-nder-te-kryepiskopit-anastas-i-cili-u-nderua-me-titullin-doktor-nderi\/#primaryimage","url":"https:\/\/lh6.googleusercontent.com\/-qdlbkQdkOJw\/U_7d167KgPI\/AAAAAAAABiM\/CgLr4ocw37U\/w600-h450-no\/1.jpg","contentUrl":"https:\/\/lh6.googleusercontent.com\/-qdlbkQdkOJw\/U_7d167KgPI\/AAAAAAAABiM\/CgLr4ocw37U\/w600-h450-no\/1.jpg"},{"@type":"BreadcrumbList","@id":"https:\/\/orthodoxalbania.org\/2020\/2013\/03\/20\/ceremoni-e-shkelqyer-ne-universitetin-e-qipros-per-nder-te-kryepiskopit-anastas-i-cili-u-nderua-me-titullin-doktor-nderi\/#breadcrumb","itemListElement":[{"@type":"ListItem","position":1,"name":"Home","item":"https:\/\/orthodoxalbania.org\/2020\/"},{"@type":"ListItem","position":2,"name":"Ceremoni e shk\u00eblqyer n\u00eb Universitetin e Qipros p\u00ebr nder t\u00eb Kryepiskopit Anastas, i cili u nderua me titullin \u201cDoktor Nderi\u201d. (17 Qershor 2010)"}]},{"@type":"WebSite","@id":"https:\/\/orthodoxalbania.org\/2020\/#website","url":"https:\/\/orthodoxalbania.org\/2020\/","name":"Kisha Orthodh\u03bfkse Autoqefale e Shqip\u00ebris\u00eb","description":"Fqja Zyrtare e Kish\u00ebs Orthodhokse Autoqefale e Shqip\u00ebris\u00eb me lajmet edhe informacionet zyrtare p\u00ebr struktur\u00ebn edhe veprimtarin e saj.","publisher":{"@id":"https:\/\/orthodoxalbania.org\/2020\/#organization"},"potentialAction":[{"@type":"SearchAction","target":{"@type":"EntryPoint","urlTemplate":"https:\/\/orthodoxalbania.org\/2020\/?s={search_term_string}"},"query-input":{"@type":"PropertyValueSpecification","valueRequired":true,"valueName":"search_term_string"}}],"inLanguage":"en-US"},{"@type":"Organization","@id":"https:\/\/orthodoxalbania.org\/2020\/#organization","name":"Kisha Orthodhokse Autoqefale e Shqip\u00ebris\u00eb","url":"https:\/\/orthodoxalbania.org\/2020\/","logo":{"@type":"ImageObject","inLanguage":"en-US","@id":"https:\/\/orthodoxalbania.org\/2020\/#\/schema\/logo\/image\/","url":"https:\/\/orthodoxalbania.org\/2020\/wp-content\/uploads\/2020\/05\/albania.jpeg","contentUrl":"https:\/\/orthodoxalbania.org\/2020\/wp-content\/uploads\/2020\/05\/albania.jpeg","width":540,"height":540,"caption":"Kisha Orthodhokse Autoqefale e Shqip\u00ebris\u00eb"},"image":{"@id":"https:\/\/orthodoxalbania.org\/2020\/#\/schema\/logo\/image\/"},"sameAs":["https:\/\/www.facebook.com\/koash1991"]},{"@type":"Person","@id":"https:\/\/orthodoxalbania.org\/2020\/#\/schema\/person\/0c387634a7063ac612d7ed9ce71c7e86","name":"Kisha Orthodhokse","image":{"@type":"ImageObject","inLanguage":"en-US","@id":"https:\/\/secure.gravatar.com\/avatar\/596e7c417251e30f2fbb9c00e026fce61a695a00e51c889caded71c96cbbdde5?s=96&d=mm&r=g","url":"https:\/\/secure.gravatar.com\/avatar\/596e7c417251e30f2fbb9c00e026fce61a695a00e51c889caded71c96cbbdde5?s=96&d=mm&r=g","contentUrl":"https:\/\/secure.gravatar.com\/avatar\/596e7c417251e30f2fbb9c00e026fce61a695a00e51c889caded71c96cbbdde5?s=96&d=mm&r=g","caption":"Kisha Orthodhokse"}}]}},"_links":{"self":[{"href":"https:\/\/orthodoxalbania.org\/2020\/wp-json\/wp\/v2\/posts\/339","targetHints":{"allow":["GET"]}}],"collection":[{"href":"https:\/\/orthodoxalbania.org\/2020\/wp-json\/wp\/v2\/posts"}],"about":[{"href":"https:\/\/orthodoxalbania.org\/2020\/wp-json\/wp\/v2\/types\/post"}],"author":[{"embeddable":true,"href":"https:\/\/orthodoxalbania.org\/2020\/wp-json\/wp\/v2\/users\/1"}],"replies":[{"embeddable":true,"href":"https:\/\/orthodoxalbania.org\/2020\/wp-json\/wp\/v2\/comments?post=339"}],"version-history":[{"count":1,"href":"https:\/\/orthodoxalbania.org\/2020\/wp-json\/wp\/v2\/posts\/339\/revisions"}],"predecessor-version":[{"id":15495,"href":"https:\/\/orthodoxalbania.org\/2020\/wp-json\/wp\/v2\/posts\/339\/revisions\/15495"}],"wp:attachment":[{"href":"https:\/\/orthodoxalbania.org\/2020\/wp-json\/wp\/v2\/media?parent=339"}],"wp:term":[{"taxonomy":"category","embeddable":true,"href":"https:\/\/orthodoxalbania.org\/2020\/wp-json\/wp\/v2\/categories?post=339"},{"taxonomy":"post_tag","embeddable":true,"href":"https:\/\/orthodoxalbania.org\/2020\/wp-json\/wp\/v2\/tags?post=339"}],"curies":[{"name":"wp","href":"https:\/\/api.w.org\/{rel}","templated":true}]}}