{"id":3387,"date":"2015-03-18T10:35:29","date_gmt":"2015-03-18T10:35:29","guid":{"rendered":""},"modified":"2020-04-06T22:02:17","modified_gmt":"2020-04-06T20:02:17","slug":"te-pakten-kini-respekt-per-te-verteten","status":"publish","type":"post","link":"https:\/\/orthodoxalbania.org\/2020\/2015\/03\/18\/te-pakten-kini-respekt-per-te-verteten\/","title":{"rendered":"T\u00cb PAKT\u00cbN, KINI RESPEKT P\u00cbR T\u00cb V\u00cbRTET\u00cbN!"},"content":{"rendered":"<p style=\"text-align: center;\"><span style=\"font-size: 12pt; font-family: helvetica; color: #000000;\"><\/span><\/p>\n<p> <\/p>\n<p style=\"text-align: center;\"><span style=\"font-size: 12pt; font-family: helvetica; color: #000000;\"><strong>T\u00cb PAKT\u00cbN, KINI RESPEKT P\u00cbR T\u00cb V\u00cbRTET\u00cbN!<\/strong><\/span><br \/><span style=\"font-size: 12pt; font-family: helvetica; color: #000000;\"><strong>&nbsp;<\/strong><\/span><br \/><span style=\"font-size: 12pt; font-family: helvetica; color: #000000;\"><strong>Replik\u00eb e botuar sot n\u00eb gazet\u00ebn \u201cDITA\u201d (11.03.2015)<\/strong><\/span><br \/><span style=\"font-size: 12pt; font-family: helvetica; color: #000000;\"><strong>&nbsp;<\/strong><\/span><br \/><span style=\"font-size: 12pt; font-family: helvetica; color: #000000;\"><strong>Redaksis\u00eb s\u00eb Gazet\u00ebs \u201cDita\u201d<\/strong><\/span><\/p>\n<p style=\"text-align: justify;\"><span style=\"color: #000000;\"><\/span><\/p>\n<p style=\"text-align: justify;\">&nbsp;<\/p>\n<p style=\"text-align: justify;\"><span style=\"color: #000000;\"><span style=\"font-size: 12pt; font-family: helvetica;\">&nbsp;&nbsp;&nbsp; Gazeta juaj p\u00ebrs\u00ebri i habiti orthodhoks\u00ebt shqiptar\u00eb me sulmin kund\u00ebr Kish\u00ebs Orthodhokse dhe me minimin q\u00eb i b\u00ebn n\u00eb m\u00ebnyr\u00eb indirekte harmonis\u00eb fetare. N\u00eb numrin e saj t\u00eb dat\u00ebs 23 shkurt 2015, z. Bedri Islami, duke marr\u00eb shkas nga nj\u00eb deklarat\u00eb e shkurt\u00ebr e N\u00ebnkryetarit t\u00eb Parlamentit, z. Vangjel Dule, botoi nj\u00eb artikull t\u00eb gjat\u00eb, gjoja \u201canaliz\u00eb\u201d, me titull \u201cT\u00eb rivrasim papa Kristo Negovanin\u201d. Ky artikull \u00ebsht\u00eb i mbushur me referime t\u00eb pav\u00ebrteta dhe t\u00eb pabazuara n\u00eb histori. Nga ana tjet\u00ebr, m\u00eb 28 shkurt 2015, n\u00eb gazet\u00ebn tuaj u botua nj\u00eb tjet\u00ebr artikull me titull: \u201cNa mjafton nj\u00eb Sh\u00ebn Kozma\u201d, i prof. Sk\u00ebnder Gjonit, me sulme, pa lidhje me t\u00eb v\u00ebrtet\u00ebn, kund\u00ebr Kryepiskopit ton\u00eb, me etiketime t\u00eb s\u00ebmura ndaj personazheve politik\u00eb dhe n\u00eb p\u00ebrgjith\u00ebsi i mbushur plot urrejtje kund\u00ebr Greqis\u00eb, me hiperbola retorike e fantazime rreziqesh p\u00ebr t\u00eb ardhmen. Qarqet n\u00eb t\u00eb cilat b\u00ebjn\u00eb pjes\u00eb t\u00eb dy artikullshkruesit zbatojn\u00eb taktik\u00ebn e njohur: \u201cShpif, shpif, se di\u00e7ka do t\u00eb mbetet\u201d, e kjo ka vler\u00eb ve\u00e7an\u00ebrisht p\u00ebr njer\u00ebzit e thjesht\u00eb q\u00eb nuk e din\u00eb si \u00ebsht\u00eb e v\u00ebrteta. K\u00ebshtu err\u00ebsojn\u00eb persona dhe ngjarje me bloz\u00ebn e err\u00ebt t\u00eb dyshimit t\u00eb lig. Ne q\u00eb po ju drejtohemi, jemi klerik\u00eb dhe laik\u00eb besimtar\u00eb orthodhoks\u00eb shqiptar\u00eb, q\u00eb prej shum\u00eb vitesh e njohim fare mir\u00eb realitetin dhe ndjejm\u00eb detyrimin q\u00eb t\u00eb flasim p\u00ebr t\u00eb v\u00ebrtet\u00ebn n\u00eb m\u00ebnyr\u00eb analitike. &nbsp;<\/span><span style=\"font-family: helvetica; font-size: 12pt;\"><\/span><\/span><\/p>\n<p style=\"text-align: justify;\"><span style=\"color: #000000;\"><span style=\"font-family: helvetica; font-size: 12pt;\">&nbsp;&nbsp;&nbsp;&nbsp; Z. Islami, q\u00eb nuk \u00ebsht\u00eb an\u00ebtar i Kish\u00ebs Orthodhokse, rip\u00ebrtyp retorika t\u00eb dala mode, pohime dhe shpifje t\u00eb cilat orthodhoks\u00ebt i kan\u00eb denoncuar n\u00eb vazhdim\u00ebsi si t\u00eb g\u00ebnjesht\u00ebrta dhe q\u00eb nuk p\u00ebrkojn\u00eb me realitetin. Ai ngul k\u00ebmb\u00eb se Kryepiskopi \u201ce ka mbushur Shqip\u00ebrin\u00eb me prift\u00ebrinj grek\u00eb\u201d. Ia b\u00ebjm\u00eb t\u00eb qart\u00eb se n\u00eb Shqip\u00ebri, p\u00ebrve\u00e7 Kryepiskopit&nbsp; jan\u00eb vet\u00ebm 4 klerik\u00eb qytetar\u00eb grek\u00eb, nga t\u00eb cil\u00ebt nj\u00eb \u00ebsht\u00eb arvanitas dhe 5 gra laike. Nd\u00ebrsa n\u00eb komunitetet e tjera fetare punojn\u00eb me qindra klerik\u00eb, murgesha dhe laik\u00eb t\u00eb huaj, pjesa m\u00eb e madhe e t\u00eb cil\u00ebve nuk flasin fare gjuh\u00ebn shqipe dhe predikojn\u00eb n\u00eb gjuh\u00eb t\u00eb huaj. Prej fillimit t\u00eb vitit 1992, Kryepiskopi Anastas u p\u00ebrpoq t\u00eb krijoj\u00eb nj\u00eb kler shqiptar t\u00eb arsimuar dhe deri m\u00eb sot ka dor\u00ebzuar m\u00eb tep\u00ebr se 160 klerik\u00eb shqiptar\u00eb.<\/span><span style=\"font-family: helvetica; font-size: 12pt;\"><\/span><\/span><\/p>\n<p style=\"text-align: justify;\"><span style=\"color: #000000;\"><span style=\"font-family: helvetica; font-size: 12pt;\">&nbsp;&nbsp;&nbsp; Z. Islami p\u00ebrs\u00ebrit tez\u00ebn se n\u00eb Kish\u00ebn Orthodhokse Liturgjia Hyjnore kryhet n\u00eb gjuh\u00ebn greke. Me siguri q\u00eb nuk ka vizituar ndonj\u00eb kish\u00eb orthodhokse ku meshohet: n\u00eb Shkod\u00ebr, Durr\u00ebs, Tiran\u00eb, Elbasan, Vlor\u00eb, Berat, Kor\u00e7\u00eb etj., q\u00eb t\u00eb ndjek\u00eb ndonj\u00eb sh\u00ebrbes\u00eb. N\u00ebse do ta kishte b\u00ebr\u00eb k\u00ebt\u00eb, do t\u00eb ishte siguruar se t\u00eb gjitha b\u00ebhen n\u00eb gjuh\u00ebn shqipe. Por, n\u00eb fund t\u00eb fundit, p\u00ebrse t\u00ebr\u00eb kjo armiq\u00ebsi ndaj gjuh\u00ebs greke, n\u00eb t\u00eb cil\u00ebn jan\u00eb shkruar Ungjijt\u00eb dhe ku kryhet lavd\u00ebrimi i Per\u00ebndis\u00eb p\u00ebr shekuj n\u00eb Kish\u00ebn Orthodhokse? Dit\u00ebn dhe nat\u00ebn n\u00eb qytete dhe fshatra t\u00eb Shqip\u00ebris\u00eb d\u00ebgjohen lutje n\u00eb arabisht. Por kur dikush lexon nj\u00eb lutje n\u00eb gjuh\u00ebn greke, pseudopatriot\u00eb t\u00eb ndrysh\u00ebm rendin t\u00eb th\u00ebrrasin \u201cSkandal! Rrezik!\u201d. Vall\u00eb si e konceptojn\u00eb lirin\u00eb fetare k\u00ebta njer\u00ebz? Apo mos vall\u00eb Greqia \u00ebsht\u00eb nj\u00eb vend armik? N\u00eb Greqi kan\u00eb gjetur pun\u00eb me qindra mij\u00ebra shqiptar\u00eb, duke ndihmuar n\u00eb p\u00ebrgjith\u00ebsi ekonomin\u00eb e k\u00ebtushme. Sigurisht q\u00eb t\u00eb ardhmen e Shqip\u00ebris\u00eb nuk e ndihmon propaganda nacionaliste kund\u00ebr fqinj\u00ebve, fobit\u00eb dhe urrejtja. Shkaku q\u00eb d\u00ebgjohen z\u00ebra ekstremist\u00eb nacionalist\u00eb kund\u00ebr Kryepiskopit Anastas, \u00ebsht\u00eb fakti se ai beson dhe kontribuon n\u00eb respektin e nd\u00ebrsjell\u00eb dhe n\u00eb mir\u00ebkuptimin midis popujve. Mos vall\u00eb gjat\u00eb gjith\u00eb k\u00ebtyre viteve qeverit\u00eb shqiptare thon\u00eb g\u00ebnjeshtra, kur pohojn\u00eb se vendi fqinj \u00ebsht\u00eb \u201cpartner strategjik\u201d? Se jemi s\u00eb bashku n\u00eb NATO etj? Se po ecim s\u00eb bashku n\u00eb Evrop\u00ebn e Bashkuar? P\u00ebrse kjo skizofreni?<\/span><span style=\"font-family: helvetica; font-size: 12pt;\"><\/span><\/span><\/p>\n<p style=\"text-align: justify;\"><span style=\"color: #000000;\"><span style=\"font-family: helvetica; font-size: 12pt;\">&nbsp;&nbsp;&nbsp; T\u00eb dy artikullshkruesit nuk din\u00eb as emrin e sakt\u00eb t\u00eb Kish\u00ebs son\u00eb. Ky em\u00ebr nuk \u00ebsht\u00eb Kisha Autoqefale Shqiptare, por \u201cKisha Orthodhokse Autoqefale e Shqip\u00ebris\u00eb\u201d. Emri i v\u00ebrtet\u00eb i Kish\u00ebs son\u00eb (q\u00eb nga koha q\u00eb ka Autoqefalin\u00eb), tregon se t\u00eb gjith\u00eb banor\u00ebt orthodhoks\u00eb t\u00eb vendit, pavar\u00ebsisht origjin\u00ebs (shqiptar\u00eb, grek\u00eb, arumun\u00eb, sllav\u00eb etj.) jan\u00eb an\u00ebtar\u00eb t\u00eb k\u00ebsaj Kishe me t\u00eb drejta t\u00eb barabarta. Sa i takon Kosin\u00ebs, P\u00ebrmetit dhe Boboshtic\u00ebs jan\u00eb sajesa arbitrare. Kryepiskopi nuk ka pasur kurr\u00eb lidhje me to. P\u00ebr p\u00ebrdhosjen e kish\u00ebs n\u00eb P\u00ebrmet \u00ebsht\u00eb diskutuar shum\u00eb dhe kjo \u00e7\u00ebshtje \u00ebsht\u00eb trajtuar deri dhe n\u00eb Parlamentin Evropian, ndaj nuk nevojitet t\u00eb zgjatemi. Duke kap\u00ebrcyer \u00e7do lloj caku paturp\u00ebsie ose duke mos njohur kuptimin e fjal\u00ebve, z. Islami mb\u00ebrriti n\u00eb pik\u00ebn e fundit t\u00eb mjerimit, duke e quajtur Kryepiskopin ton\u00eb \u201cnekrofil\u201d. Le t\u00eb hap\u00eb fjalorin dhe le t\u00eb m\u00ebsoj\u00eb se kjo fjal\u00eb \u00ebsht\u00eb greqisht dhe do t\u00eb thot\u00eb \u201cdevijacion seksual, kontakt erotik me t\u00eb vdekur\u201d (- nekrofili= d\u00ebshir\u00eb patologjike p\u00ebr kontakt seksual me kufoma, &#8211; nekrofil, q\u00eb vuan nga nekrofilia). Me vulgaritete t\u00eb k\u00ebtij lloji nd\u00ebrmerr t\u00eb fyej\u00eb nj\u00eb personalitet t\u00eb t\u00ebr\u00ebndritsh\u00ebm, t\u00eb njohur p\u00ebr moralin e kristalt\u00eb.<\/span><span style=\"font-family: helvetica; font-size: 12pt;\"><\/span><\/span><\/p>\n<p style=\"text-align: justify;\"><span style=\"color: #000000;\"><span style=\"font-family: helvetica; font-size: 12pt;\">&nbsp;&nbsp;&nbsp; Z. Islami gjithashtu e akuzon Kryepiskopin se nd\u00ebrton kisha. M\u00ebkat \u00ebsht\u00eb ky? Me vepr\u00ebn e tij, me t\u00eb v\u00ebrtet\u00eb t\u00eb mrekullueshme, q\u00eb ka kryer, Kryepiskopi ka ndihmuar jo vet\u00ebm komunitetin orthodhoks, por u ka ofruar pun\u00eb qindra familjar\u00ebve shqiptar\u00eb, duke ndihmuar ekonomin\u00eb shqiptare n\u00eb p\u00ebrgjith\u00ebsi. Kryepiskopi Anastas, nuk erdhi n\u00eb Shqip\u00ebri dje dhe as nuk fshihet ndokund. Ka mbi 23 vjet q\u00eb jeton e punon k\u00ebtu. Ne e kemi ndjekur nga af\u00ebr n\u00eb t\u00eb gjitha v\u00ebshtir\u00ebsit\u00eb dhe sprovat e vendit. Ai u ka q\u00ebndruar pran\u00eb njer\u00ebzve n\u00eb nevoj\u00eb, duke i ndihmuar ata pa b\u00ebr\u00eb dallime fetare ose t\u00eb tjera, duke i mb\u00ebshtetur me t\u00eb gjitha fuqit\u00eb (si, n\u00eb peripecit\u00eb e vitit 1997, n\u00eb Vlor\u00eb me tragjedin\u00eb e Otrantos, n\u00eb p\u00ebrmbytjet e ndryshme n\u00eb Veri dhe n\u00eb Jug t\u00eb vendit, duke ofruar gjat\u00eb gjith\u00eb k\u00ebtyre viteve me qindra ton\u00eb ushqime, ila\u00e7e, veshje etj.). N\u00eb periudh\u00ebn e v\u00ebshtir\u00eb t\u00eb vitit 1999, me iniciativ\u00ebn e tij u mobilizuan organizmat fetar\u00eb nd\u00ebrkomb\u00ebtar\u00eb, si K\u00ebshilli Bot\u00ebror i Kishave dhe arriti t\u00eb mbledh\u00eb mbi 10 milion\u00eb dollar\u00eb p\u00ebr t\u00eb ndihmuar 33000 refugjat\u00eb t\u00eb fes\u00eb myslimane nga Kosova. Sigurisht, z. Islami i injoron t\u00eb gjitha k\u00ebto fakte ashtu si\u00e7 injoron p.sh. dhe Qendr\u00ebn Diagnostike Mjek\u00ebsore, t\u00eb cil\u00ebn Kryepiskopi e ka themeluar dhe e ka pajisur me aparaturat m\u00eb t\u00eb mira e m\u00eb bashk\u00ebkohore, e cila vet\u00ebm n\u00eb 12 vitet e fundit u ka sh\u00ebrbyer qindra mij\u00eb shqiptar\u00ebve, pa b\u00ebr\u00eb diferencime. P\u00ebr k\u00ebto nuk k\u00ebrkoi kurr\u00eb as shp\u00ebrblim dhe as mir\u00ebnjohje. Dhe sigurisht, as nuk priste kaq shum\u00eb helm dhe kaq shum\u00eb urrejtje p\u00ebr faktin se ka 23 vjet rresht q\u00eb&nbsp; i b\u00ebn vet\u00ebm&nbsp; mir\u00eb Shqip\u00ebris\u00eb.<\/span><span style=\"font-family: helvetica; font-size: 12pt;\"><\/span><\/span><\/p>\n<p style=\"text-align: justify;\"><span style=\"color: #000000;\"><span style=\"font-family: helvetica; font-size: 12pt;\">&nbsp;&nbsp;&nbsp; Z. Islami akuzon Kryepiskopin se pranon delegacione greke. Kryepiskopi takohet me delegacione dhe ambasador\u00eb zyrtar\u00eb, parlamentar\u00eb nga vende t\u00eb ndryshme. Ai vet\u00eb \u00ebsht\u00eb&nbsp; personalitet nd\u00ebrkomb\u00ebtar i njohur dhe i respektuar, dhe \u00ebsht\u00eb e natyrshme q\u00eb shum\u00eb veta duan ta takojn\u00eb. Edhe kjo \u00ebsht\u00eb e dyshimt\u00eb? Madje edhe faktin se disa qarqe n\u00eb Greqi, gjat\u00eb periudh\u00ebs s\u00eb v\u00ebshtir\u00eb q\u00eb p\u00ebrballej vendi i tyre, e propozuan Kryepiskopin p\u00ebr President t\u00eb Republik\u00ebs s\u00eb Greqis\u00eb, si nj\u00eb person t\u00eb pranuar gjer\u00ebsisht, i dashur dhe i respektuar nga t\u00eb gjith\u00eb, u munduan ta paraqesin si prov\u00eb t\u00eb rrezikshm\u00ebris\u00eb s\u00eb tij. Sigurisht, Kryepiskopi shpejtoi t\u00eb deklaroj\u00eb se \u201chierarku orthodhoks ka nj\u00eb detyr\u00eb kishtare konkrete dhe nuk mund t\u00eb ket\u00eb poste politike\u201d. T\u00eb dy artikullshkruesit n\u00eb fjal\u00eb rreken ta paraqesin si politikan Kryepiskopin.&nbsp; \u00cbsht\u00eb m\u00eb se e qart\u00eb se paragjykimi etnik ua err\u00ebson logjik\u00ebn. Por personaliteti i tij nuk \u00ebsht\u00eb i njohur dhe i respektuar vet\u00ebm n\u00eb Greqi. Ai njihet dhe respektohet dhe n\u00eb ambiente kishtare nd\u00ebrkomb\u00ebtare. Shum\u00eb organizma nd\u00ebrkomb\u00ebtar\u00eb, si K\u00ebshilli Bot\u00ebror i Kishave, Konferenca e Kishave Evropiane, por edhe organizmi mbar\u00ebbot\u00ebror fetar \u201cFet\u00eb p\u00ebr Paqen\u201d (Religions for Peace),&nbsp; e kan\u00eb vler\u00ebsuar me nderet m\u00eb t\u00eb larta. Shum\u00eb universitete n\u00eb vende t\u00eb ndryshme t\u00eb bot\u00ebs e kan\u00eb shpallur \u201cDoktor Nderi\u201d. Gjithashtu edhe n\u00eb Shqip\u00ebri \u00ebsht\u00eb shpallur \u201cQytetar Nderi\u201d i Tiran\u00ebs, i Kor\u00e7\u00ebs dhe \u00ebsht\u00eb nderuar me urdhrin \u201cGjergj Kastrioti Sk\u00ebnderbeu\u201d nga Presidenti i Republik\u00ebs z. B. Topi.<\/span><span style=\"font-family: helvetica; font-size: 12pt;\"><\/span><\/span><\/p>\n<p style=\"text-align: justify;\"><span style=\"color: #000000;\"><span style=\"font-family: helvetica; font-size: 12pt;\">&nbsp;&nbsp;&nbsp; N\u00eb lidhje me dashurin\u00eb e Kryepiskopit p\u00ebr gjuh\u00ebn shqipe, Fortlumturia e Tij studion vazhdimisht, lexon, kupton dhe flet sakt\u00eb shqip. Ai mb\u00ebrriti n\u00eb Shqip\u00ebri n\u00eb mosh\u00eb t\u00eb madhe (62 vje\u00e7) dhe nuk ka mund\u00ebsi t\u00eb b\u00ebj\u00eb referate ose predikime. Por dihet nga t\u00eb gjith\u00eb se meshon dhe mban mesazhe televizive n\u00eb gjuh\u00ebn shqipe. Respektin dhe dashurin\u00eb e tij p\u00ebr gjuh\u00ebn shqipe e tregon gjithashtu fakti se q\u00eb n\u00eb vitin 1994 ngriti shtypshkronj\u00ebn p\u00ebr botimin e periodik\u00ebve, gazetave, librave n\u00eb gjuh\u00ebn shqipe, p\u00ebrkujdeset p\u00ebr botimin e dhjet\u00ebra librave n\u00eb shqip. Madje ka ngritur dhe financuar shkolla t\u00eb t\u00eb gjitha niveleve, ka dh\u00ebn\u00eb bursa p\u00ebr mij\u00ebra nx\u00ebn\u00ebs p\u00ebr arsimimin e tyre n\u00eb gjuh\u00ebn shqipe. Ai i nxit vazhdimisht klerik\u00ebt dhe bashk\u00ebpun\u00ebtor\u00ebt e tij p\u00ebr nj\u00eb njohje sa m\u00eb t\u00eb mir\u00eb t\u00eb saj. P\u00ebr her\u00eb t\u00eb par\u00eb n\u00eb histori nga goja e tij u d\u00ebgjuan th\u00ebnie liturgjike n\u00eb shqip, n\u00eb Konstandinopoj\u00eb, Athin\u00eb, Bukuresht, Mosk\u00eb, n\u00eb Nish t\u00eb Serbis\u00eb, n\u00eb Sofie, Damask, Bejrut, Aleksandri etj., gjat\u00eb bashk\u00ebmeshimeve me primat\u00eb t\u00eb tjer\u00eb orthodhoks\u00eb.<\/span><span style=\"font-family: helvetica; font-size: 12pt;\"><\/span><\/span><\/p>\n<p style=\"text-align: justify;\"><span style=\"color: #000000;\"><span style=\"font-family: helvetica; font-size: 12pt;\">&nbsp;&nbsp;&nbsp; Deri m\u00eb sot u \u00ebsht\u00eb dh\u00ebn\u00eb shtet\u00ebsia shqiptare qindra t\u00eb huajve, turq, arab\u00eb, italian\u00eb, etj., q\u00eb m\u00eb s\u00eb shumti nuk i njeh kush. Dhe gjoja na qenka e rrezikshme t\u2019i jepet nj\u00eb greku, q\u00eb sh\u00ebrbeu dhe punoi n\u00eb nj\u00eb nga periudhat m\u00eb t\u00eb v\u00ebshtira p\u00ebr p\u00ebrparimin dhe begatin\u00eb e Shqip\u00ebris\u00eb, p\u00ebr v\u00ebllaz\u00ebrimin, mir\u00ebkuptimin e nd\u00ebrsjell\u00eb dhe ndihm\u00ebn reciproke midis popujve t\u00eb Ballkanit. Problemi nuk krijohet nga dh\u00ebnia e n\u00ebnshtet\u00ebsis\u00eb shqiptare, por nga mosdh\u00ebnia e saj nj\u00eb personaliteti q\u00eb ka ndihmuar Shqip\u00ebrin\u00eb nga ana humanitare, kulturore dhe ekonomike, si\u00e7 e parashikon ligji p\u00ebr dh\u00ebnien e n\u00ebnshtet\u00ebsis\u00eb. B\u00ebhet fjal\u00eb p\u00ebr nj\u00eb fyerje jo vet\u00ebm ndaj nj\u00eb personi, por kjo \u00ebsht\u00eb fyerje ndaj komunitetit m\u00eb t\u00eb madh t\u00eb krishter\u00eb t\u00eb vendit. Kryepiskopi yn\u00eb e ka p\u00ebrfaq\u00ebsuar dhe nderuar m\u00eb s\u00eb miri Kish\u00ebn ton\u00eb Orthodhokse Autoqefale t\u00eb Shqip\u00ebris\u00eb dhe vet\u00eb vendin, n\u00eb ambiente fetare n\u00eb rang bot\u00ebror.<\/span><span style=\"font-family: helvetica; font-size: 12pt;\"><\/span><\/span><\/p>\n<p style=\"text-align: justify;\"><span style=\"color: #000000;\"><span style=\"font-family: helvetica; font-size: 12pt;\">&nbsp;&nbsp;&nbsp; Nga viti 1991 e deri tani q\u00eb po flasim, kan\u00eb ndryshuar qeveri, president\u00eb, kryeministra. Shumica e tyre e vler\u00ebsojn\u00eb vepr\u00ebn dhe personalitetin e Kryepiskopit Anastas. E njohin si udh\u00ebheq\u00ebsin e Kish\u00ebs Orthodhokse Autoqefale t\u00eb Shqip\u00ebris\u00eb. Emri i tij me cil\u00ebsin\u00eb e Kryepiskopit p\u00ebrmendet edhe n\u00eb ligjin nr. 10057 22\/1\/2009 dhe gjendet n\u00eb vendime t\u00eb gjykatave shqiptare. Shum\u00eb vende t\u00eb zhvilluara do ta kishin p\u00ebr nder t\u00eb rreshtonin me d\u00ebshir\u00eb nd\u00ebr qytetar\u00ebt e tyre nj\u00eb personalitet t\u00eb k\u00ebtij niveli. T\u00eb gjitha Kishat Orthodhokse n\u00eb mbar\u00eb bot\u00ebn, e nderojn\u00eb n\u00eb m\u00ebnyr\u00eb t\u00eb ve\u00e7ant\u00eb dhe e respektojn\u00eb (gj\u00eb q\u00eb u shfaq m\u00eb s\u00eb miri n\u00eb Shenjt\u00ebrimin e Kish\u00ebs Katedrale t\u00eb Ngjalljes s\u00eb Krishtit n\u00eb Tiran\u00eb, m\u00eb 1 qershor 2014).<\/span><span style=\"font-family: helvetica; font-size: 12pt;\"><\/span><\/span><\/p>\n<p style=\"text-align: justify;\"><span style=\"color: #000000;\"><span style=\"font-family: helvetica; font-size: 12pt;\">&nbsp;&nbsp;&nbsp; Fakti se ka pasur edhe t\u00eb tjer\u00eb q\u00eb e kan\u00eb luftuar p\u00ebr arsye t\u00eb ndryshme, nuk na habit. Historia e Kish\u00ebs \u00ebsht\u00eb e mbushur me shembuj t\u00eb till\u00eb t\u00eb ngjash\u00ebm. Krishti i paralajm\u00ebroi me koh\u00eb nx\u00ebn\u00ebsit e Tij: \u201cN\u00ebse m\u00eb kan\u00eb p\u00ebrndjekur mua dhe ju do t\u2019ju p\u00ebrndjekin\u201d (Jn.15:20). Dhe p\u00ebr m\u00eb tep\u00ebr \u201cT\u00eb lumur jeni kur t\u2019ju posht\u00ebrojn\u00eb dhe t\u2019ju p\u00ebrndjekin dhe t\u00eb thon\u00eb \u00e7do fjal\u00eb t\u00eb lig\u00eb kund\u00ebr jush me g\u00ebnjesht\u00ebr p\u00ebr shkakun tim\u201d (Matth.5:11).<\/span><span style=\"font-family: helvetica; font-size: 12pt;\"><\/span><\/span><\/p>\n<p style=\"text-align: justify;\"><span style=\"color: #000000;\"><span style=\"font-family: helvetica; font-size: 12pt;\">&nbsp;&nbsp;&nbsp; Kot shqet\u00ebsohet z. Gjoni teksa thur fantazi p\u00ebr t\u00eb ardhmen. Respekti i orthodhoks\u00ebve p\u00ebr shenjt\u00ebrin\u00eb e nj\u00eb personi nuk lidhet me komb\u00ebsin\u00eb dhe shtet\u00ebsin\u00eb e tij. Kritere t\u00eb tjera kan\u00eb r\u00ebnd\u00ebsi. Nd\u00ebrgjegjja e shqiptar\u00ebve orthodhoks\u00eb p\u00ebr shenjt\u00ebrin\u00eb e Sh\u00ebn Kozmait (t\u00eb cil\u00ebn e luftojn\u00eb me mllef qarqe t\u00eb caktuara antiorthodhokse), nuk ka lidhje me ndonj\u00eb lloj shtet\u00ebsie. N\u00eb at\u00eb koh\u00eb ai ishte n\u00ebnshtetas i Perandoris\u00eb Osmane, si\u00e7 kan\u00eb qen\u00eb edhe t\u00eb gjith\u00eb shqiptar\u00ebt. Kisha Orthodhokse Autoqefale e Shqip\u00ebris\u00eb nuk \u00ebsht\u00eb, si\u00e7 do ta donin disa, nj\u00eb far\u00eb shoqate etnike, OJQ, q\u00eb u krijua n\u00eb shekullin e 20-t\u00eb. \u00cbsht\u00eb themeluar nga Vet\u00eb Jisu Krishti. Pik\u00ebrisht K\u00ebt\u00eb kan\u00eb orthodhoks\u00ebt si udh\u00ebheq\u00ebs dhe shembull. Orthodhoksia ka karakter ekumenik, t\u00eb mbar\u00ebbotsh\u00ebm. Kisha ka perspektiv\u00eb mbar\u00ebnjer\u00ebzore, me q\u00ebllim v\u00ebllaz\u00ebrimin e njer\u00ebzve dhe popujve n\u00eb nj\u00eb shoq\u00ebri t\u00eb dashuris\u00eb. <\/span><span style=\"font-family: helvetica; font-size: 12pt;\"><\/span><\/span><\/p>\n<p style=\"text-align: justify;\"><span style=\"color: #000000;\"><span style=\"font-family: helvetica; font-size: 12pt;\">&nbsp;&nbsp;&nbsp; Kur Kryepiskopi Anastas erdhi n\u00eb Shqip\u00ebri, Kisha Orthodhokse Autoqefale e Shqip\u00ebris\u00eb ishte krejt\u00ebsisht e shkat\u00ebrruar. Ai kontribuoi m\u00eb shum\u00eb se kushdo tjet\u00ebr p\u00ebr ringritjen e saj, zhvillimin e plot\u00eb n\u00eb nj\u00eb nivel q\u00eb kurr\u00eb nuk \u00ebsht\u00eb njohur m\u00eb par\u00eb. Vepra e jasht\u00ebzakonshme fetare, sociale, shkencore, filantropike e Kryepiskopit Anastas \u00ebsht\u00eb gjer\u00ebsisht e njohur n\u00eb qarqet nd\u00ebrkomb\u00ebtare kishtare. Ka prova t\u00eb pakund\u00ebrshtueshme, bilance zyrtare, libra, artikuj, n\u00eb shum\u00eb gjuh\u00eb. Kisha e mrekullueshme katedrale n\u00eb qend\u00ebr t\u00eb Tiran\u00ebs, por edhe t\u00eb tjera n\u00eb Kor\u00e7\u00eb, Berat, Fier, Shkod\u00ebr, Durr\u00ebs, do t\u00eb na rikujtojn\u00eb kontributin e tij historik, t\u00eb cilin m\u00eb kot p\u00ebrpiqen ta v\u00ebn\u00eb n\u00eb pik\u00ebpyetje ata q\u00eb ushqejn\u00eb dashakeq\u00ebsi ndaj tij. At\u00eb do ta kujtojn\u00eb me mir\u00ebnjohje mij\u00ebra shqiptar\u00eb t\u00eb t\u00eb gjitha moshave, sepse i ndihmoi pa u k\u00ebrkuar gj\u00eb. Por mbi t\u00eb gjitha, figura dhe vepra e tij jan\u00eb t\u00eb vler\u00ebsuara lart n\u00eb nd\u00ebrgjegjen e besimtar\u00ebve orthodhoks\u00eb.<\/span><span style=\"font-family: helvetica; font-size: 12pt;\"><\/span><\/span><\/p>\n<p style=\"text-align: justify;\"><span style=\"font-family: helvetica; font-size: 12pt; color: #000000;\">&nbsp;&nbsp;&nbsp; \u00cbsht\u00eb koha, pra, q\u00eb t\u00eb gjith\u00eb ata q\u00eb d\u00ebshirojn\u00eb me t\u00eb v\u00ebrtet\u00eb bashkekzistenc\u00ebn paq\u00ebsore fetare t\u00eb ndalojn\u00eb s\u00eb fyeri, me t\u00eb padrejt\u00eb dhe pa argumente, gjykimin e drejt\u00eb dhe patriotizmin e ne qindra mij\u00ebra shqiptar\u00ebve besimtar\u00eb orthodhoks\u00eb, q\u00eb mburremi, dhe sinqerisht lavd\u00ebrojm\u00eb Per\u00ebndin\u00eb q\u00eb kreu i Kish\u00ebs son\u00eb \u00ebsht\u00eb Kryepiskopi Anastas.<\/span><\/p>\n<p style=\"text-align: left;\"><span style=\"color: #000000;\"><span style=\"font-family: helvetica; font-size: 12pt;\"><\/span><span style=\"font-family: helvetica; font-size: 12pt;\"><\/span><\/span><br \/><span style=\"font-family: helvetica; font-size: 12pt; color: #000000;\">&nbsp;&nbsp;<strong>&nbsp; Tiran\u00eb, 3 mars 2015<\/strong><\/span><\/p>\n<p style=\"text-align: right;\"><span style=\"font-size: 12pt; font-family: helvetica; color: #000000;\"><strong>&nbsp;<\/strong><\/span><br \/><span style=\"font-size: 12pt; font-family: helvetica; color: #000000;\"><strong>Prof. dr. Robert Andoni<\/strong><\/span><br \/><span style=\"font-size: 12pt; font-family: helvetica; color: #000000;\"><strong>&nbsp;<\/strong><\/span><br \/><span style=\"font-size: 12pt; font-family: helvetica; color: #000000;\"><strong>Prof. dr. Aleksand\u00ebr Sallabanda<\/strong><\/span><br \/><span style=\"font-size: 12pt; font-family: helvetica; color: #000000;\"><strong>&nbsp;<\/strong><\/span><br \/><span style=\"font-size: 12pt; font-family: helvetica; color: #000000;\"><strong>At\u00eb Emanuel Lusha<\/strong><\/span><br \/><span style=\"font-size: 12pt; font-family: helvetica; color: #000000;\"><strong>&nbsp;<\/strong><\/span><br \/><span style=\"font-size: 12pt; font-family: helvetica; color: #000000;\"><strong>At\u00eb Ilia Mazniku<\/strong><\/span><\/p>\n","protected":false},"excerpt":{"rendered":"<p>T\u00cb PAKT\u00cbN, KINI RESPEKT P\u00cbR T\u00cb V\u00cbRTET\u00cbN!&nbsp;Replik\u00eb e botuar sot n\u00eb gazet\u00ebn \u201cDITA\u201d (11.03.2015)&nbsp;Redaksis\u00eb s\u00eb Gazet\u00ebs \u201cDita\u201d &nbsp; &nbsp;&nbsp;&nbsp; Gazeta juaj p\u00ebrs\u00ebri i habiti orthodhoks\u00ebt shqiptar\u00eb me sulmin kund\u00ebr Kish\u00ebs Orthodhokse dhe me minimin q\u00eb i b\u00ebn n\u00eb m\u00ebnyr\u00eb indirekte harmonis\u00eb fetare. N\u00eb numrin e saj t\u00eb dat\u00ebs 23 shkurt 2015, z. Bedri Islami, duke marr\u00eb shkas nga nj\u00eb deklarat\u00eb e shkurt\u00ebr e N\u00ebnkryetarit t\u00eb<\/p>\n","protected":false},"author":1,"featured_media":0,"comment_status":"open","ping_status":"open","sticky":false,"template":"","format":"standard","meta":{"_acf_changed":false,"pagelayer_contact_templates":[],"_pagelayer_content":"","inline_featured_image":false,"fifu_image_url":"","fifu_image_alt":"","footnotes":""},"categories":[108],"tags":[139,153,196,212,203],"class_list":["post-3387","post","type-post","status-publish","format-standard","hentry","category-lajme","tag-139","tag-deklarata-njoftime-zyrtare-d75","tag-tirane","tag-lajme-d27","tag-pergjigje-ndaj-akuzave"],"acf":[],"yoast_head":"<!-- This site is optimized with the Yoast SEO plugin v27.2 - https:\/\/yoast.com\/product\/yoast-seo-wordpress\/ -->\n<title>T\u00cb PAKT\u00cbN, KINI RESPEKT P\u00cbR T\u00cb V\u00cbRTET\u00cbN! - Kisha Orthodh\u03bfkse Autoqefale e Shqip\u00ebris\u00eb<\/title>\n<meta name=\"robots\" content=\"index, follow, max-snippet:-1, max-image-preview:large, max-video-preview:-1\" \/>\n<link rel=\"canonical\" href=\"https:\/\/orthodoxalbania.org\/2020\/2015\/03\/18\/te-pakten-kini-respekt-per-te-verteten\/\" \/>\n<meta property=\"og:locale\" content=\"en_US\" \/>\n<meta property=\"og:type\" content=\"article\" \/>\n<meta property=\"og:title\" content=\"T\u00cb PAKT\u00cbN, KINI RESPEKT P\u00cbR T\u00cb V\u00cbRTET\u00cbN! - Kisha Orthodh\u03bfkse Autoqefale e Shqip\u00ebris\u00eb\" \/>\n<meta property=\"og:description\" content=\"T\u00cb PAKT\u00cbN, KINI RESPEKT P\u00cbR T\u00cb V\u00cbRTET\u00cbN!&nbsp;Replik\u00eb e botuar sot n\u00eb gazet\u00ebn \u201cDITA\u201d (11.03.2015)&nbsp;Redaksis\u00eb s\u00eb Gazet\u00ebs \u201cDita\u201d &nbsp; &nbsp;&nbsp;&nbsp; Gazeta juaj p\u00ebrs\u00ebri i habiti orthodhoks\u00ebt shqiptar\u00eb me sulmin kund\u00ebr Kish\u00ebs Orthodhokse dhe me minimin q\u00eb i b\u00ebn n\u00eb m\u00ebnyr\u00eb indirekte harmonis\u00eb fetare. N\u00eb numrin e saj t\u00eb dat\u00ebs 23 shkurt 2015, z. Bedri Islami, duke marr\u00eb shkas nga nj\u00eb deklarat\u00eb e shkurt\u00ebr e N\u00ebnkryetarit t\u00eb\" \/>\n<meta property=\"og:url\" content=\"https:\/\/orthodoxalbania.org\/2020\/2015\/03\/18\/te-pakten-kini-respekt-per-te-verteten\/\" \/>\n<meta property=\"og:site_name\" content=\"Kisha Orthodh\u03bfkse Autoqefale e Shqip\u00ebris\u00eb\" \/>\n<meta property=\"article:publisher\" content=\"https:\/\/www.facebook.com\/koash1991\" \/>\n<meta property=\"article:published_time\" content=\"2015-03-18T10:35:29+00:00\" \/>\n<meta property=\"article:modified_time\" content=\"2020-04-06T20:02:17+00:00\" \/>\n<meta property=\"og:image\" content=\"https:\/\/orthodoxalbania.org\/2020\/wp-content\/uploads\/2021\/02\/LogoLastALb-200.png\" \/>\n\t<meta property=\"og:image:width\" content=\"200\" \/>\n\t<meta property=\"og:image:height\" content=\"172\" \/>\n\t<meta property=\"og:image:type\" content=\"image\/png\" \/>\n<meta name=\"author\" content=\"Kisha Orthodhokse\" \/>\n<meta name=\"twitter:card\" content=\"summary_large_image\" \/>\n<meta name=\"twitter:label1\" content=\"Written by\" \/>\n\t<meta name=\"twitter:data1\" content=\"Kisha Orthodhokse\" \/>\n\t<meta name=\"twitter:label2\" content=\"Est. reading time\" \/>\n\t<meta name=\"twitter:data2\" content=\"13 minutes\" \/>\n<script type=\"application\/ld+json\" class=\"yoast-schema-graph\">{\"@context\":\"https:\/\/schema.org\",\"@graph\":[{\"@type\":\"Article\",\"@id\":\"https:\/\/orthodoxalbania.org\/2020\/2015\/03\/18\/te-pakten-kini-respekt-per-te-verteten\/#article\",\"isPartOf\":{\"@id\":\"https:\/\/orthodoxalbania.org\/2020\/2015\/03\/18\/te-pakten-kini-respekt-per-te-verteten\/\"},\"author\":{\"name\":\"Kisha Orthodhokse\",\"@id\":\"https:\/\/orthodoxalbania.org\/2020\/#\/schema\/person\/0c387634a7063ac612d7ed9ce71c7e86\"},\"headline\":\"T\u00cb PAKT\u00cbN, KINI RESPEKT P\u00cbR T\u00cb V\u00cbRTET\u00cbN!\",\"datePublished\":\"2015-03-18T10:35:29+00:00\",\"dateModified\":\"2020-04-06T20:02:17+00:00\",\"mainEntityOfPage\":{\"@id\":\"https:\/\/orthodoxalbania.org\/2020\/2015\/03\/18\/te-pakten-kini-respekt-per-te-verteten\/\"},\"wordCount\":2571,\"commentCount\":0,\"publisher\":{\"@id\":\"https:\/\/orthodoxalbania.org\/2020\/#organization\"},\"keywords\":[\"2015\",\"Deklarata - Njoftime Zyrtare\",\"Kryepiskopata Tiran\u00eb\",\"lajme\",\"P\u00ebrgjigje ndaj akuzave\"],\"articleSection\":[\"Lajme\"],\"inLanguage\":\"en-US\"},{\"@type\":\"WebPage\",\"@id\":\"https:\/\/orthodoxalbania.org\/2020\/2015\/03\/18\/te-pakten-kini-respekt-per-te-verteten\/\",\"url\":\"https:\/\/orthodoxalbania.org\/2020\/2015\/03\/18\/te-pakten-kini-respekt-per-te-verteten\/\",\"name\":\"T\u00cb PAKT\u00cbN, KINI RESPEKT P\u00cbR T\u00cb V\u00cbRTET\u00cbN! - Kisha Orthodh\u03bfkse Autoqefale e Shqip\u00ebris\u00eb\",\"isPartOf\":{\"@id\":\"https:\/\/orthodoxalbania.org\/2020\/#website\"},\"datePublished\":\"2015-03-18T10:35:29+00:00\",\"dateModified\":\"2020-04-06T20:02:17+00:00\",\"breadcrumb\":{\"@id\":\"https:\/\/orthodoxalbania.org\/2020\/2015\/03\/18\/te-pakten-kini-respekt-per-te-verteten\/#breadcrumb\"},\"inLanguage\":\"en-US\",\"potentialAction\":[{\"@type\":\"ReadAction\",\"target\":[\"https:\/\/orthodoxalbania.org\/2020\/2015\/03\/18\/te-pakten-kini-respekt-per-te-verteten\/\"]}]},{\"@type\":\"BreadcrumbList\",\"@id\":\"https:\/\/orthodoxalbania.org\/2020\/2015\/03\/18\/te-pakten-kini-respekt-per-te-verteten\/#breadcrumb\",\"itemListElement\":[{\"@type\":\"ListItem\",\"position\":1,\"name\":\"Home\",\"item\":\"https:\/\/orthodoxalbania.org\/2020\/\"},{\"@type\":\"ListItem\",\"position\":2,\"name\":\"T\u00cb PAKT\u00cbN, KINI RESPEKT P\u00cbR T\u00cb V\u00cbRTET\u00cbN!\"}]},{\"@type\":\"WebSite\",\"@id\":\"https:\/\/orthodoxalbania.org\/2020\/#website\",\"url\":\"https:\/\/orthodoxalbania.org\/2020\/\",\"name\":\"Kisha Orthodh\u03bfkse Autoqefale e Shqip\u00ebris\u00eb\",\"description\":\"Fqja Zyrtare e Kish\u00ebs Orthodhokse Autoqefale e Shqip\u00ebris\u00eb me lajmet edhe informacionet zyrtare p\u00ebr struktur\u00ebn edhe veprimtarin e saj.\",\"publisher\":{\"@id\":\"https:\/\/orthodoxalbania.org\/2020\/#organization\"},\"potentialAction\":[{\"@type\":\"SearchAction\",\"target\":{\"@type\":\"EntryPoint\",\"urlTemplate\":\"https:\/\/orthodoxalbania.org\/2020\/?s={search_term_string}\"},\"query-input\":{\"@type\":\"PropertyValueSpecification\",\"valueRequired\":true,\"valueName\":\"search_term_string\"}}],\"inLanguage\":\"en-US\"},{\"@type\":\"Organization\",\"@id\":\"https:\/\/orthodoxalbania.org\/2020\/#organization\",\"name\":\"Kisha Orthodhokse Autoqefale e Shqip\u00ebris\u00eb\",\"url\":\"https:\/\/orthodoxalbania.org\/2020\/\",\"logo\":{\"@type\":\"ImageObject\",\"inLanguage\":\"en-US\",\"@id\":\"https:\/\/orthodoxalbania.org\/2020\/#\/schema\/logo\/image\/\",\"url\":\"https:\/\/orthodoxalbania.org\/2020\/wp-content\/uploads\/2020\/05\/albania.jpeg\",\"contentUrl\":\"https:\/\/orthodoxalbania.org\/2020\/wp-content\/uploads\/2020\/05\/albania.jpeg\",\"width\":540,\"height\":540,\"caption\":\"Kisha Orthodhokse Autoqefale e Shqip\u00ebris\u00eb\"},\"image\":{\"@id\":\"https:\/\/orthodoxalbania.org\/2020\/#\/schema\/logo\/image\/\"},\"sameAs\":[\"https:\/\/www.facebook.com\/koash1991\"]},{\"@type\":\"Person\",\"@id\":\"https:\/\/orthodoxalbania.org\/2020\/#\/schema\/person\/0c387634a7063ac612d7ed9ce71c7e86\",\"name\":\"Kisha Orthodhokse\",\"image\":{\"@type\":\"ImageObject\",\"inLanguage\":\"en-US\",\"@id\":\"https:\/\/secure.gravatar.com\/avatar\/596e7c417251e30f2fbb9c00e026fce61a695a00e51c889caded71c96cbbdde5?s=96&d=mm&r=g\",\"url\":\"https:\/\/secure.gravatar.com\/avatar\/596e7c417251e30f2fbb9c00e026fce61a695a00e51c889caded71c96cbbdde5?s=96&d=mm&r=g\",\"contentUrl\":\"https:\/\/secure.gravatar.com\/avatar\/596e7c417251e30f2fbb9c00e026fce61a695a00e51c889caded71c96cbbdde5?s=96&d=mm&r=g\",\"caption\":\"Kisha Orthodhokse\"}}]}<\/script>\n<!-- \/ Yoast SEO plugin. -->","yoast_head_json":{"title":"T\u00cb PAKT\u00cbN, KINI RESPEKT P\u00cbR T\u00cb V\u00cbRTET\u00cbN! - Kisha Orthodh\u03bfkse Autoqefale e Shqip\u00ebris\u00eb","robots":{"index":"index","follow":"follow","max-snippet":"max-snippet:-1","max-image-preview":"max-image-preview:large","max-video-preview":"max-video-preview:-1"},"canonical":"https:\/\/orthodoxalbania.org\/2020\/2015\/03\/18\/te-pakten-kini-respekt-per-te-verteten\/","og_locale":"en_US","og_type":"article","og_title":"T\u00cb PAKT\u00cbN, KINI RESPEKT P\u00cbR T\u00cb V\u00cbRTET\u00cbN! - Kisha Orthodh\u03bfkse Autoqefale e Shqip\u00ebris\u00eb","og_description":"T\u00cb PAKT\u00cbN, KINI RESPEKT P\u00cbR T\u00cb V\u00cbRTET\u00cbN!&nbsp;Replik\u00eb e botuar sot n\u00eb gazet\u00ebn \u201cDITA\u201d (11.03.2015)&nbsp;Redaksis\u00eb s\u00eb Gazet\u00ebs \u201cDita\u201d &nbsp; &nbsp;&nbsp;&nbsp; Gazeta juaj p\u00ebrs\u00ebri i habiti orthodhoks\u00ebt shqiptar\u00eb me sulmin kund\u00ebr Kish\u00ebs Orthodhokse dhe me minimin q\u00eb i b\u00ebn n\u00eb m\u00ebnyr\u00eb indirekte harmonis\u00eb fetare. N\u00eb numrin e saj t\u00eb dat\u00ebs 23 shkurt 2015, z. Bedri Islami, duke marr\u00eb shkas nga nj\u00eb deklarat\u00eb e shkurt\u00ebr e N\u00ebnkryetarit t\u00eb","og_url":"https:\/\/orthodoxalbania.org\/2020\/2015\/03\/18\/te-pakten-kini-respekt-per-te-verteten\/","og_site_name":"Kisha Orthodh\u03bfkse Autoqefale e Shqip\u00ebris\u00eb","article_publisher":"https:\/\/www.facebook.com\/koash1991","article_published_time":"2015-03-18T10:35:29+00:00","article_modified_time":"2020-04-06T20:02:17+00:00","og_image":[{"width":200,"height":172,"url":"https:\/\/orthodoxalbania.org\/2020\/wp-content\/uploads\/2021\/02\/LogoLastALb-200.png","type":"image\/png"}],"author":"Kisha Orthodhokse","twitter_card":"summary_large_image","twitter_misc":{"Written by":"Kisha Orthodhokse","Est. reading time":"13 minutes"},"schema":{"@context":"https:\/\/schema.org","@graph":[{"@type":"Article","@id":"https:\/\/orthodoxalbania.org\/2020\/2015\/03\/18\/te-pakten-kini-respekt-per-te-verteten\/#article","isPartOf":{"@id":"https:\/\/orthodoxalbania.org\/2020\/2015\/03\/18\/te-pakten-kini-respekt-per-te-verteten\/"},"author":{"name":"Kisha Orthodhokse","@id":"https:\/\/orthodoxalbania.org\/2020\/#\/schema\/person\/0c387634a7063ac612d7ed9ce71c7e86"},"headline":"T\u00cb PAKT\u00cbN, KINI RESPEKT P\u00cbR T\u00cb V\u00cbRTET\u00cbN!","datePublished":"2015-03-18T10:35:29+00:00","dateModified":"2020-04-06T20:02:17+00:00","mainEntityOfPage":{"@id":"https:\/\/orthodoxalbania.org\/2020\/2015\/03\/18\/te-pakten-kini-respekt-per-te-verteten\/"},"wordCount":2571,"commentCount":0,"publisher":{"@id":"https:\/\/orthodoxalbania.org\/2020\/#organization"},"keywords":["2015","Deklarata - Njoftime Zyrtare","Kryepiskopata Tiran\u00eb","lajme","P\u00ebrgjigje ndaj akuzave"],"articleSection":["Lajme"],"inLanguage":"en-US"},{"@type":"WebPage","@id":"https:\/\/orthodoxalbania.org\/2020\/2015\/03\/18\/te-pakten-kini-respekt-per-te-verteten\/","url":"https:\/\/orthodoxalbania.org\/2020\/2015\/03\/18\/te-pakten-kini-respekt-per-te-verteten\/","name":"T\u00cb PAKT\u00cbN, KINI RESPEKT P\u00cbR T\u00cb V\u00cbRTET\u00cbN! - Kisha Orthodh\u03bfkse Autoqefale e Shqip\u00ebris\u00eb","isPartOf":{"@id":"https:\/\/orthodoxalbania.org\/2020\/#website"},"datePublished":"2015-03-18T10:35:29+00:00","dateModified":"2020-04-06T20:02:17+00:00","breadcrumb":{"@id":"https:\/\/orthodoxalbania.org\/2020\/2015\/03\/18\/te-pakten-kini-respekt-per-te-verteten\/#breadcrumb"},"inLanguage":"en-US","potentialAction":[{"@type":"ReadAction","target":["https:\/\/orthodoxalbania.org\/2020\/2015\/03\/18\/te-pakten-kini-respekt-per-te-verteten\/"]}]},{"@type":"BreadcrumbList","@id":"https:\/\/orthodoxalbania.org\/2020\/2015\/03\/18\/te-pakten-kini-respekt-per-te-verteten\/#breadcrumb","itemListElement":[{"@type":"ListItem","position":1,"name":"Home","item":"https:\/\/orthodoxalbania.org\/2020\/"},{"@type":"ListItem","position":2,"name":"T\u00cb PAKT\u00cbN, KINI RESPEKT P\u00cbR T\u00cb V\u00cbRTET\u00cbN!"}]},{"@type":"WebSite","@id":"https:\/\/orthodoxalbania.org\/2020\/#website","url":"https:\/\/orthodoxalbania.org\/2020\/","name":"Kisha Orthodh\u03bfkse Autoqefale e Shqip\u00ebris\u00eb","description":"Fqja Zyrtare e Kish\u00ebs Orthodhokse Autoqefale e Shqip\u00ebris\u00eb me lajmet edhe informacionet zyrtare p\u00ebr struktur\u00ebn edhe veprimtarin e saj.","publisher":{"@id":"https:\/\/orthodoxalbania.org\/2020\/#organization"},"potentialAction":[{"@type":"SearchAction","target":{"@type":"EntryPoint","urlTemplate":"https:\/\/orthodoxalbania.org\/2020\/?s={search_term_string}"},"query-input":{"@type":"PropertyValueSpecification","valueRequired":true,"valueName":"search_term_string"}}],"inLanguage":"en-US"},{"@type":"Organization","@id":"https:\/\/orthodoxalbania.org\/2020\/#organization","name":"Kisha Orthodhokse Autoqefale e Shqip\u00ebris\u00eb","url":"https:\/\/orthodoxalbania.org\/2020\/","logo":{"@type":"ImageObject","inLanguage":"en-US","@id":"https:\/\/orthodoxalbania.org\/2020\/#\/schema\/logo\/image\/","url":"https:\/\/orthodoxalbania.org\/2020\/wp-content\/uploads\/2020\/05\/albania.jpeg","contentUrl":"https:\/\/orthodoxalbania.org\/2020\/wp-content\/uploads\/2020\/05\/albania.jpeg","width":540,"height":540,"caption":"Kisha Orthodhokse Autoqefale e Shqip\u00ebris\u00eb"},"image":{"@id":"https:\/\/orthodoxalbania.org\/2020\/#\/schema\/logo\/image\/"},"sameAs":["https:\/\/www.facebook.com\/koash1991"]},{"@type":"Person","@id":"https:\/\/orthodoxalbania.org\/2020\/#\/schema\/person\/0c387634a7063ac612d7ed9ce71c7e86","name":"Kisha Orthodhokse","image":{"@type":"ImageObject","inLanguage":"en-US","@id":"https:\/\/secure.gravatar.com\/avatar\/596e7c417251e30f2fbb9c00e026fce61a695a00e51c889caded71c96cbbdde5?s=96&d=mm&r=g","url":"https:\/\/secure.gravatar.com\/avatar\/596e7c417251e30f2fbb9c00e026fce61a695a00e51c889caded71c96cbbdde5?s=96&d=mm&r=g","contentUrl":"https:\/\/secure.gravatar.com\/avatar\/596e7c417251e30f2fbb9c00e026fce61a695a00e51c889caded71c96cbbdde5?s=96&d=mm&r=g","caption":"Kisha Orthodhokse"}}]}},"_links":{"self":[{"href":"https:\/\/orthodoxalbania.org\/2020\/wp-json\/wp\/v2\/posts\/3387","targetHints":{"allow":["GET"]}}],"collection":[{"href":"https:\/\/orthodoxalbania.org\/2020\/wp-json\/wp\/v2\/posts"}],"about":[{"href":"https:\/\/orthodoxalbania.org\/2020\/wp-json\/wp\/v2\/types\/post"}],"author":[{"embeddable":true,"href":"https:\/\/orthodoxalbania.org\/2020\/wp-json\/wp\/v2\/users\/1"}],"replies":[{"embeddable":true,"href":"https:\/\/orthodoxalbania.org\/2020\/wp-json\/wp\/v2\/comments?post=3387"}],"version-history":[{"count":1,"href":"https:\/\/orthodoxalbania.org\/2020\/wp-json\/wp\/v2\/posts\/3387\/revisions"}],"predecessor-version":[{"id":15021,"href":"https:\/\/orthodoxalbania.org\/2020\/wp-json\/wp\/v2\/posts\/3387\/revisions\/15021"}],"wp:attachment":[{"href":"https:\/\/orthodoxalbania.org\/2020\/wp-json\/wp\/v2\/media?parent=3387"}],"wp:term":[{"taxonomy":"category","embeddable":true,"href":"https:\/\/orthodoxalbania.org\/2020\/wp-json\/wp\/v2\/categories?post=3387"},{"taxonomy":"post_tag","embeddable":true,"href":"https:\/\/orthodoxalbania.org\/2020\/wp-json\/wp\/v2\/tags?post=3387"}],"curies":[{"name":"wp","href":"https:\/\/api.w.org\/{rel}","templated":true}]}}