{"id":3359,"date":"2012-10-16T09:57:09","date_gmt":"2012-10-16T09:57:09","guid":{"rendered":""},"modified":"2022-08-04T13:28:10","modified_gmt":"2022-08-04T11:28:10","slug":"shkolla-e-mesme-kishtare-jopublike-kryqi-i-nderuar-gjirokaster","status":"publish","type":"post","link":"https:\/\/orthodoxalbania.org\/2020\/2012\/10\/16\/shkolla-e-mesme-kishtare-jopublike-kryqi-i-nderuar-gjirokaster\/","title":{"rendered":"Shkolla e Mesme Kishtare Jopublike  &#8221;Kryqi i Nderuar&#8221;, Gjirokast\u00ebr"},"content":{"rendered":"<h4><\/h4>\n<h4 style=\"text-align: center;\"><span class=\"ez-toc-section\" id=\"Shkolla_e_Mesme_Kishtare_Jopublike_%E2%80%9DKryqi_i_Nderuar%E2%80%9D_Gjirokaster\"><\/span><strong>Shkolla e Mesme Kishtare Jopublike &#8221;Kryqi i Nderuar&#8221;, Gjirokast\u00ebr<\/strong><span class=\"ez-toc-section-end\"><\/span><\/h4>\n<p>&nbsp;<\/p>\n<p class=\"style1\" style=\"text-align: justify;\" align=\"justify\">\u00a0\u00a0 \u00a0Shkolla e Mesme Kishtare Jopublike &#8220;Kryqi i Nderuar&#8221; \u00ebsht\u00eb institucion arsimor i Kish\u00ebs Orthodhokse Autoqefale t\u00eb Shqip\u00ebris\u00eb. Ajo u krijua dhe funksionon q\u00eb nga shtatori i vitit 1998, me nism\u00ebn dhe kujdesin e Fortlumturis\u00eb s\u00eb Tij Kryepiskopit t\u00eb Tiran\u00ebs, Durr\u00ebsit dhe t\u00eb gjith\u00eb Shqip\u00ebris\u00eb, z.Anastas.<\/p>\n<p>Ajo funksionon n\u00eb baz\u00eb t\u00eb ligjeve t\u00eb shtetit p\u00ebr shkollat jopublike dygjuh\u00ebshe fetare dhe me program t\u00eb\u00a0Ministris\u00eb s\u00eb Arsimit dhe Shkenc\u00ebs. Nx\u00ebn\u00ebsit jan\u00eb bursist\u00eb t\u00eb Fortlumturis\u00eb s\u00eb Tij, Kryepiskopit Anastas.<\/p>\n<p>Objektivi i shkoll\u00ebs \u00ebsht\u00eb krijimi ikushteve t\u00eb p\u00ebrshtatshme q\u00eb t\u00ebgjith\u00eb nx\u00ebn\u00ebsit t\u00eb arrijn\u00eb nj\u00eb nivel t\u00eb lart\u00eb kulturor e shkencor. Ajo synon k\u00ebshtu edukimin, integrimin e tyre si an\u00ebtar\u00eb t\u00eb denj\u00eb t\u00eb shoq\u00ebris\u00eb, si dhe p\u00ebrgatitjen e kuadrove t\u00eb aft\u00eb p\u00ebr nevojat dhe k\u00ebrkesat e ndryshme t\u00eb Kish\u00ebs.<\/p>\n<p>Stafi pedagogjik \u00ebsht\u00eb i specializuar dhe disa prej tyre kan\u00eb grada shkencore. Shkolla disponon nj\u00eb baz\u00eb t\u00eb pasur materiale dhe laborator\u00eb.<\/p>\n<h4 align=\"justify\"><\/h4>\n<h4 style=\"text-align: center;\" align=\"justify\"><span class=\"ez-toc-section\" id=\"_Vendndodhja_dhe_mjediset\"><\/span><strong><span class=\"style3\">\u00a0Vendndodhja dhe mjediset<\/span><\/strong><span class=\"ez-toc-section-end\"><\/span><\/h4>\n<p>&nbsp;<\/p>\n<p style=\"text-align: justify;\">\u00a0 <span class=\"style4\">\u00a0 \u00a0Shkolla e Mesme Kishtare \u201cKryqi i Nderuar\u201d,\u00ebsht\u00eb vendosur n\u00eb nj\u00eb nga lagjet karakteristike t\u00eb Gjirokastr\u00ebs. \u00cbsht\u00eb vendosur n\u00eb nj\u00eb kompleks tradicional nd\u00ebrtesash t\u00eb gurta, t\u00eb bler\u00eb dhe rikonstruktuar nga Kryepiskopi Anastas, duke ruajtur vlerat historike e kulturore t\u00eb godinave. Ky kompleks shkollor \u00ebsht\u00eb me kushte bashk\u00ebkohore dhe me konvikt. Ka mjedise t\u00eb p\u00ebrshtatshme p\u00ebr studim dhe t\u00eb gjitha k\u00ebto mund\u00ebsojn\u00eb realizimin e objektivit t\u00eb shkoll\u00ebs.<\/span><\/p>\n<p>P\u00ebrve\u00e7 klasave dhe kabineteve m\u00ebsimore shkolla ka edhe klas\u00ebn e kompjuterave, sall\u00ebn e studimit, zyrat, bibliotek\u00ebn mjaft t\u00eb pasur, kish\u00ebz\u00ebn e saj ku kryhen sh\u00ebrbesat adhuruese, ambiente sportive, mens\u00ebn, konviktin.<\/p>\n<h4 style=\"text-align: center;\"><span class=\"style3\"><br \/>\n<strong>\u00a0<\/strong><\/span><strong><span class=\"style3\">Q\u00ebllimi i shkoll\u00ebs<\/span>\u00a0<\/strong><\/h4>\n<h4 style=\"text-align: justify;\"><span class=\"ez-toc-section\" id=\"_Shkolla_ka_si_qellim_tu_siguroje_nxenesve_te_saj\"><\/span><strong>\u00a0<span class=\"style5\">Shkolla ka si q\u00ebllim t&#8217;u siguroj\u00eb nx\u00ebn\u00ebsve t\u00eb saj:<\/span><\/strong><span class=\"ez-toc-section-end\"><\/span><\/h4>\n<ul class=\"style5\" style=\"text-align: justify;\" type=\"disc\">\n<li>\n<div align=\"justify\">Formim t\u00eb p\u00ebrgjithsh\u00ebm arsimor e edukativ.<\/div>\n<\/li>\n<li>\n<div align=\"justify\">Dije dhe dashuri ndaj m\u00ebsimeve t\u00eb Besimit Orthodhoks dhe ndaj etik\u00ebs s\u00eb krishter\u00eb, nd\u00ebrgjegje t\u00eb devotshme dhe m\u00ebnyr\u00eb jetese orthodhokse.<\/div>\n<\/li>\n<li>\n<div align=\"justify\">Kultur\u00ebn e duhur p\u00ebr t\u00eb fituar ato cil\u00ebsi, t\u00eb cilat do t&#8217;i b\u00ebjn\u00eb t\u00eb dobish\u00ebm p\u00ebr Kish\u00ebn dhe p\u00ebr shoq\u00ebrin\u00eb, n\u00eb m\u00ebnyr\u00eb q\u00eb t\u00eb b\u00ebhen kuadro t\u00eb denj\u00eb. P\u00ebr k\u00ebt\u00eb arsye merren t\u00eb gjitha masat e duhura dhe krijohen kushtet e p\u00ebrshtatshme p\u00ebr zhvillimin e nj\u00eb jete shpirt\u00ebrore t\u00eb krishter\u00eb orthodhokse, si dhe t\u00eb nd\u00ebrgjegj\u00ebsimit t\u00eb t\u00eb rinjve orthodhoks\u00eb p\u00ebr misionin e tyre.<\/div>\n<\/li>\n<li>\n<div align=\"justify\">T\u00eb p\u00ebrgatis\u00eb kandidat\u00eb p\u00ebr Akademin\u00eb Teologjike &#8220;Ngjallja e Krishtit&#8221;, n\u00eb Sh\u00ebn Vlash t\u00eb Durr\u00ebsit, e cila p\u00ebrb\u00ebn n\u00eb t\u00eb nj\u00ebjt\u00ebn koh\u00eb vazhdim\u00ebsin\u00eb e studimeve q\u00eb ofron Shkolla e Mesme Kishtare &#8220;Kryqi i Nderuar&#8221;.<\/div>\n<\/li>\n<\/ul>\n<h4 align=\"justify\"><\/h4>\n<h4 class=\"style5\" style=\"text-align: center;\" align=\"justify\"><span class=\"ez-toc-section\" id=\"Jeta_shkollore\"><\/span><strong><span class=\"style6\">Jeta shkollore<\/span><\/strong><span class=\"ez-toc-section-end\"><\/span><\/h4>\n<p>&nbsp;<\/p>\n<p style=\"text-align: justify;\">\u00a0 \u00a0 \u00a0 Nx\u00ebn\u00ebsit jan\u00eb aktiv\u00eb n\u00eb t\u00eb gjith\u00eb programin shkollor: n\u00eb m\u00ebsime, n\u00eb sh\u00ebrbesat e shenjta, si edhe t\u00eb gjith\u00eb veprimtarit\u00eb e tjera t\u00eb shkollore. \u00c7do nx\u00ebn\u00ebsi, duke nd\u00ebrthurur filozofin\u00eb jet\u00ebsore me aktivitetet shkollore, i jepet mund\u00ebsia t\u00eb formoj\u00eb karakterin e tij n\u00eb m\u00ebnyr\u00eb t\u00eb gjithanshme, si edhe t\u00eb zhvilloj\u00eb prirjet e tij t\u00eb ve\u00e7anta.<\/p>\n<p style=\"text-align: justify;\">\u00a0\u00a0\u00a0\u00a0 Programi m\u00ebsimor bazohet n\u00eb planet, programet dhe tekstet m\u00ebsimore p\u00ebr arsimin parauniversitar t\u00eb miratuar nga Ministria e Arsimit dhe Shkenc\u00ebs p\u00ebr shkollat e mesme. Por krahas k\u00ebtij programi zhvillohen edhe l\u00ebnd\u00eb fetare si p.sh. Hyrje n\u00eb Besimin Orthodhoks, Etik\u00eb e Krishter\u00eb, Katekiz\u00ebm, Muzik\u00eb kishtare bizantine, Ikonografi etj.<\/p>\n<p class=\"style5\" style=\"text-align: justify;\" align=\"justify\">\u00a0\u00a0\u00a0 Nx\u00ebn\u00ebsit marrin pjes\u00eb n\u00eb sh\u00ebrbesat e shenjta t\u00eb p\u00ebrditshme. Synimi kryesor \u00ebsht\u00eb q\u00eb ata t\u00eb m\u00ebsojn\u00eb rregullat adhuruese t\u00eb Kish\u00ebs, m\u00ebnyr\u00ebn e sh\u00ebrbimit n\u00eb kish\u00eb, t\u00eb m\u00ebsojn\u00eb t\u00eb psalin (ku profesori i muzik\u00ebs formon edhe koret) si edhe t\u00eb p\u00ebrdorin librat liturgjik\u00eb n\u00ebm\u00ebnyr\u00eb q\u00eb t\u00eb ndihmojn\u00eb n\u00eb kishat e fshatit apo t\u00eb qytetit t\u00eb tyre.<\/p>\n<p style=\"text-align: justify;\">\u00a0\u00a0\u00a0\u00a0 Shkolla ka konvikt komod me t\u00eb gjitha kushtet q\u00eb i duhen nj\u00eb nx\u00ebn\u00ebsi. Konvikti \u00ebsht\u00eb nj\u00eb familje e madhe brenda nj\u00eb fryme miq\u00ebsie, bashk\u00ebpunimi, me respekt p\u00ebr njeri-tjetrin. Shkolla ka edhe asistenc\u00eb t\u00eb rregullt mjek\u00ebsore. Mbi 80 % e nx\u00ebn\u00ebsve q\u00eb jan\u00eb diplomuar n\u00eb k\u00ebt\u00eb shkoll\u00eb ndjekin studimet e larta universitare brenda dhe jasht\u00eb vendit.<\/p>\n<h4 align=\"center\"><\/h4>\n<h4 class=\"style8\" style=\"text-align: center;\" align=\"center\"><span class=\"style10\"><strong>Shkolla e Mesme Kishtare Jopublike \u201cKryqi i Nderuar\u201d<\/strong><br \/>\nLagja 11 Janari, Gjirokast\u00ebr<\/span><br \/>\n<span class=\"style9\"><strong><span class=\"style11\">Tel<\/span>.<\/strong> 084 263 227 ; \u00a0<\/span><strong><span class=\"style11\">Fax.<\/span><\/strong><span class=\"style9\">\u00a0084 266 543<\/span><\/h4>\n<p>&nbsp;<\/p>\n","protected":false},"excerpt":{"rendered":"<p>Shkolla e Mesme Kishtare Jopublike  &#8221;Kryqi i Nderuar&#8221;, Gjirokast\u00ebr. Ajo u krijua dhe funksionon q\u00eb nga shtatori i vitit 1998, me nism\u00ebn dhe kujdesin e Fortlumturis\u00eb s\u00eb Tij Kryepiskopit t\u00eb Tiran\u00ebs, Durr\u00ebsit dhe t\u00eb gjith\u00eb Shqip\u00ebris\u00eb, z.Anastas.<\/p>\n","protected":false},"author":1,"featured_media":23583,"comment_status":"closed","ping_status":"closed","sticky":false,"template":"","format":"standard","meta":{"_acf_changed":false,"pagelayer_contact_templates":[],"_pagelayer_content":"","inline_featured_image":false,"fifu_image_url":"","fifu_image_alt":"","footnotes":""},"categories":[268,267],"tags":[601,198,2951,599],"class_list":["post-3359","post","type-post","status-publish","format-standard","has-post-thumbnail","hentry","category-arsimi-dhe-edukimi","category-vepra-sociale","tag-arsimi-dhe-edukimi","tag-gjirokaster","tag-shkolla-e-mesme-kishtare-jopublike-kryqi-i-nderuar","tag-vepra-sociale"],"acf":[],"yoast_head":"<!-- This site is optimized with the Yoast SEO plugin v27.2 - https:\/\/yoast.com\/product\/yoast-seo-wordpress\/ -->\n<title>Shkolla e Mesme Kishtare Jopublike &#039;&#039;Kryqi i Nderuar&#039;&#039;, Gjirokast\u00ebr - Kisha Orthodh\u03bfkse Autoqefale e Shqip\u00ebris\u00eb<\/title>\n<meta name=\"description\" content=\"Shkolla e Mesme Kishtare Jopublike &#039;&#039;Kryqi i Nderuar&#039;&#039;, Gjirokast\u00ebr. Ajo u krijua n\u00ebn kujdesin e Fortlumturis\u00eb s\u00eb Tij Kryepiskopit Anastas.\" \/>\n<meta name=\"robots\" content=\"index, follow, max-snippet:-1, max-image-preview:large, max-video-preview:-1\" \/>\n<link rel=\"canonical\" href=\"https:\/\/orthodoxalbania.org\/2020\/2012\/10\/16\/shkolla-e-mesme-kishtare-jopublike-kryqi-i-nderuar-gjirokaster\/\" \/>\n<meta property=\"og:locale\" content=\"en_US\" \/>\n<meta property=\"og:type\" content=\"article\" \/>\n<meta property=\"og:title\" content=\"Shkolla e Mesme Kishtare Jopublike &#039;&#039;Kryqi i Nderuar&#039;&#039;, Gjirokast\u00ebr - Kisha Orthodh\u03bfkse Autoqefale e Shqip\u00ebris\u00eb\" \/>\n<meta property=\"og:description\" content=\"Shkolla e Mesme Kishtare Jopublike &#039;&#039;Kryqi i Nderuar&#039;&#039;, Gjirokast\u00ebr. Ajo u krijua n\u00ebn kujdesin e Fortlumturis\u00eb s\u00eb Tij Kryepiskopit Anastas.\" \/>\n<meta property=\"og:url\" content=\"https:\/\/orthodoxalbania.org\/2020\/2012\/10\/16\/shkolla-e-mesme-kishtare-jopublike-kryqi-i-nderuar-gjirokaster\/\" \/>\n<meta property=\"og:site_name\" content=\"Kisha Orthodh\u03bfkse Autoqefale e Shqip\u00ebris\u00eb\" \/>\n<meta property=\"article:publisher\" content=\"https:\/\/www.facebook.com\/koash1991\" \/>\n<meta property=\"article:published_time\" content=\"2012-10-16T09:57:09+00:00\" \/>\n<meta property=\"article:modified_time\" content=\"2022-08-04T11:28:10+00:00\" \/>\n<meta property=\"og:image\" content=\"https:\/\/orthodoxalbania.org\/2020\/wp-content\/uploads\/2012\/10\/shkolla-kryq-i-nderuar.jpg\" \/>\n\t<meta property=\"og:image:width\" content=\"1015\" \/>\n\t<meta property=\"og:image:height\" content=\"669\" \/>\n\t<meta property=\"og:image:type\" content=\"image\/jpeg\" \/>\n<meta name=\"author\" content=\"Kisha Orthodhokse\" \/>\n<meta name=\"twitter:card\" content=\"summary_large_image\" \/>\n<meta name=\"twitter:label1\" content=\"Written by\" \/>\n\t<meta name=\"twitter:data1\" content=\"Kisha Orthodhokse\" \/>\n\t<meta name=\"twitter:label2\" content=\"Est. reading time\" \/>\n\t<meta name=\"twitter:data2\" content=\"3 minutes\" \/>\n<script type=\"application\/ld+json\" class=\"yoast-schema-graph\">{\"@context\":\"https:\/\/schema.org\",\"@graph\":[{\"@type\":\"Article\",\"@id\":\"https:\/\/orthodoxalbania.org\/2020\/2012\/10\/16\/shkolla-e-mesme-kishtare-jopublike-kryqi-i-nderuar-gjirokaster\/#article\",\"isPartOf\":{\"@id\":\"https:\/\/orthodoxalbania.org\/2020\/2012\/10\/16\/shkolla-e-mesme-kishtare-jopublike-kryqi-i-nderuar-gjirokaster\/\"},\"author\":{\"name\":\"Kisha Orthodhokse\",\"@id\":\"https:\/\/orthodoxalbania.org\/2020\/#\/schema\/person\/0c387634a7063ac612d7ed9ce71c7e86\"},\"headline\":\"Shkolla e Mesme Kishtare Jopublike &#8221;Kryqi i Nderuar&#8221;, Gjirokast\u00ebr\",\"datePublished\":\"2012-10-16T09:57:09+00:00\",\"dateModified\":\"2022-08-04T11:28:10+00:00\",\"mainEntityOfPage\":{\"@id\":\"https:\/\/orthodoxalbania.org\/2020\/2012\/10\/16\/shkolla-e-mesme-kishtare-jopublike-kryqi-i-nderuar-gjirokaster\/\"},\"wordCount\":748,\"publisher\":{\"@id\":\"https:\/\/orthodoxalbania.org\/2020\/#organization\"},\"image\":{\"@id\":\"https:\/\/orthodoxalbania.org\/2020\/2012\/10\/16\/shkolla-e-mesme-kishtare-jopublike-kryqi-i-nderuar-gjirokaster\/#primaryimage\"},\"thumbnailUrl\":\"https:\/\/orthodoxalbania.org\/2020\/wp-content\/uploads\/2012\/10\/shkolla-kryq-i-nderuar.jpg\",\"keywords\":[\"Arsimi dhe edukimi\",\"Mitropolia Gjirokast\u00ebr\",\"Shkolla e Mesme Kishtare Jopublike ''Kryqi i Nderuar''\",\"Vepra Sociale\"],\"articleSection\":[\"Arsimi dhe Edukimi\",\"Vepra sociale\"],\"inLanguage\":\"en-US\"},{\"@type\":\"WebPage\",\"@id\":\"https:\/\/orthodoxalbania.org\/2020\/2012\/10\/16\/shkolla-e-mesme-kishtare-jopublike-kryqi-i-nderuar-gjirokaster\/\",\"url\":\"https:\/\/orthodoxalbania.org\/2020\/2012\/10\/16\/shkolla-e-mesme-kishtare-jopublike-kryqi-i-nderuar-gjirokaster\/\",\"name\":\"Shkolla e Mesme Kishtare Jopublike ''Kryqi i Nderuar'', Gjirokast\u00ebr - Kisha Orthodh\u03bfkse Autoqefale e Shqip\u00ebris\u00eb\",\"isPartOf\":{\"@id\":\"https:\/\/orthodoxalbania.org\/2020\/#website\"},\"primaryImageOfPage\":{\"@id\":\"https:\/\/orthodoxalbania.org\/2020\/2012\/10\/16\/shkolla-e-mesme-kishtare-jopublike-kryqi-i-nderuar-gjirokaster\/#primaryimage\"},\"image\":{\"@id\":\"https:\/\/orthodoxalbania.org\/2020\/2012\/10\/16\/shkolla-e-mesme-kishtare-jopublike-kryqi-i-nderuar-gjirokaster\/#primaryimage\"},\"thumbnailUrl\":\"https:\/\/orthodoxalbania.org\/2020\/wp-content\/uploads\/2012\/10\/shkolla-kryq-i-nderuar.jpg\",\"datePublished\":\"2012-10-16T09:57:09+00:00\",\"dateModified\":\"2022-08-04T11:28:10+00:00\",\"description\":\"Shkolla e Mesme Kishtare Jopublike ''Kryqi i Nderuar'', Gjirokast\u00ebr. Ajo u krijua n\u00ebn kujdesin e Fortlumturis\u00eb s\u00eb Tij Kryepiskopit Anastas.\",\"breadcrumb\":{\"@id\":\"https:\/\/orthodoxalbania.org\/2020\/2012\/10\/16\/shkolla-e-mesme-kishtare-jopublike-kryqi-i-nderuar-gjirokaster\/#breadcrumb\"},\"inLanguage\":\"en-US\",\"potentialAction\":[{\"@type\":\"ReadAction\",\"target\":[\"https:\/\/orthodoxalbania.org\/2020\/2012\/10\/16\/shkolla-e-mesme-kishtare-jopublike-kryqi-i-nderuar-gjirokaster\/\"]}]},{\"@type\":\"ImageObject\",\"inLanguage\":\"en-US\",\"@id\":\"https:\/\/orthodoxalbania.org\/2020\/2012\/10\/16\/shkolla-e-mesme-kishtare-jopublike-kryqi-i-nderuar-gjirokaster\/#primaryimage\",\"url\":\"https:\/\/orthodoxalbania.org\/2020\/wp-content\/uploads\/2012\/10\/shkolla-kryq-i-nderuar.jpg\",\"contentUrl\":\"https:\/\/orthodoxalbania.org\/2020\/wp-content\/uploads\/2012\/10\/shkolla-kryq-i-nderuar.jpg\",\"width\":1015,\"height\":669},{\"@type\":\"BreadcrumbList\",\"@id\":\"https:\/\/orthodoxalbania.org\/2020\/2012\/10\/16\/shkolla-e-mesme-kishtare-jopublike-kryqi-i-nderuar-gjirokaster\/#breadcrumb\",\"itemListElement\":[{\"@type\":\"ListItem\",\"position\":1,\"name\":\"Home\",\"item\":\"https:\/\/orthodoxalbania.org\/2020\/\"},{\"@type\":\"ListItem\",\"position\":2,\"name\":\"Shkolla e Mesme Kishtare Jopublike &#8221;Kryqi i Nderuar&#8221;, Gjirokast\u00ebr\"}]},{\"@type\":\"WebSite\",\"@id\":\"https:\/\/orthodoxalbania.org\/2020\/#website\",\"url\":\"https:\/\/orthodoxalbania.org\/2020\/\",\"name\":\"Kisha Orthodh\u03bfkse Autoqefale e Shqip\u00ebris\u00eb\",\"description\":\"Fqja Zyrtare e Kish\u00ebs Orthodhokse Autoqefale e Shqip\u00ebris\u00eb me lajmet edhe informacionet zyrtare p\u00ebr struktur\u00ebn edhe veprimtarin e saj.\",\"publisher\":{\"@id\":\"https:\/\/orthodoxalbania.org\/2020\/#organization\"},\"potentialAction\":[{\"@type\":\"SearchAction\",\"target\":{\"@type\":\"EntryPoint\",\"urlTemplate\":\"https:\/\/orthodoxalbania.org\/2020\/?s={search_term_string}\"},\"query-input\":{\"@type\":\"PropertyValueSpecification\",\"valueRequired\":true,\"valueName\":\"search_term_string\"}}],\"inLanguage\":\"en-US\"},{\"@type\":\"Organization\",\"@id\":\"https:\/\/orthodoxalbania.org\/2020\/#organization\",\"name\":\"Kisha Orthodhokse Autoqefale e Shqip\u00ebris\u00eb\",\"url\":\"https:\/\/orthodoxalbania.org\/2020\/\",\"logo\":{\"@type\":\"ImageObject\",\"inLanguage\":\"en-US\",\"@id\":\"https:\/\/orthodoxalbania.org\/2020\/#\/schema\/logo\/image\/\",\"url\":\"https:\/\/orthodoxalbania.org\/2020\/wp-content\/uploads\/2020\/05\/albania.jpeg\",\"contentUrl\":\"https:\/\/orthodoxalbania.org\/2020\/wp-content\/uploads\/2020\/05\/albania.jpeg\",\"width\":540,\"height\":540,\"caption\":\"Kisha Orthodhokse Autoqefale e Shqip\u00ebris\u00eb\"},\"image\":{\"@id\":\"https:\/\/orthodoxalbania.org\/2020\/#\/schema\/logo\/image\/\"},\"sameAs\":[\"https:\/\/www.facebook.com\/koash1991\"]},{\"@type\":\"Person\",\"@id\":\"https:\/\/orthodoxalbania.org\/2020\/#\/schema\/person\/0c387634a7063ac612d7ed9ce71c7e86\",\"name\":\"Kisha Orthodhokse\",\"image\":{\"@type\":\"ImageObject\",\"inLanguage\":\"en-US\",\"@id\":\"https:\/\/secure.gravatar.com\/avatar\/596e7c417251e30f2fbb9c00e026fce61a695a00e51c889caded71c96cbbdde5?s=96&d=mm&r=g\",\"url\":\"https:\/\/secure.gravatar.com\/avatar\/596e7c417251e30f2fbb9c00e026fce61a695a00e51c889caded71c96cbbdde5?s=96&d=mm&r=g\",\"contentUrl\":\"https:\/\/secure.gravatar.com\/avatar\/596e7c417251e30f2fbb9c00e026fce61a695a00e51c889caded71c96cbbdde5?s=96&d=mm&r=g\",\"caption\":\"Kisha Orthodhokse\"}}]}<\/script>\n<!-- \/ Yoast SEO plugin. -->","yoast_head_json":{"title":"Shkolla e Mesme Kishtare Jopublike ''Kryqi i Nderuar'', Gjirokast\u00ebr - Kisha Orthodh\u03bfkse Autoqefale e Shqip\u00ebris\u00eb","description":"Shkolla e Mesme Kishtare Jopublike ''Kryqi i Nderuar'', Gjirokast\u00ebr. Ajo u krijua n\u00ebn kujdesin e Fortlumturis\u00eb s\u00eb Tij Kryepiskopit Anastas.","robots":{"index":"index","follow":"follow","max-snippet":"max-snippet:-1","max-image-preview":"max-image-preview:large","max-video-preview":"max-video-preview:-1"},"canonical":"https:\/\/orthodoxalbania.org\/2020\/2012\/10\/16\/shkolla-e-mesme-kishtare-jopublike-kryqi-i-nderuar-gjirokaster\/","og_locale":"en_US","og_type":"article","og_title":"Shkolla e Mesme Kishtare Jopublike ''Kryqi i Nderuar'', Gjirokast\u00ebr - Kisha Orthodh\u03bfkse Autoqefale e Shqip\u00ebris\u00eb","og_description":"Shkolla e Mesme Kishtare Jopublike ''Kryqi i Nderuar'', Gjirokast\u00ebr. Ajo u krijua n\u00ebn kujdesin e Fortlumturis\u00eb s\u00eb Tij Kryepiskopit Anastas.","og_url":"https:\/\/orthodoxalbania.org\/2020\/2012\/10\/16\/shkolla-e-mesme-kishtare-jopublike-kryqi-i-nderuar-gjirokaster\/","og_site_name":"Kisha Orthodh\u03bfkse Autoqefale e Shqip\u00ebris\u00eb","article_publisher":"https:\/\/www.facebook.com\/koash1991","article_published_time":"2012-10-16T09:57:09+00:00","article_modified_time":"2022-08-04T11:28:10+00:00","og_image":[{"width":1015,"height":669,"url":"https:\/\/orthodoxalbania.org\/2020\/wp-content\/uploads\/2012\/10\/shkolla-kryq-i-nderuar.jpg","type":"image\/jpeg"}],"author":"Kisha Orthodhokse","twitter_card":"summary_large_image","twitter_misc":{"Written by":"Kisha Orthodhokse","Est. reading time":"3 minutes"},"schema":{"@context":"https:\/\/schema.org","@graph":[{"@type":"Article","@id":"https:\/\/orthodoxalbania.org\/2020\/2012\/10\/16\/shkolla-e-mesme-kishtare-jopublike-kryqi-i-nderuar-gjirokaster\/#article","isPartOf":{"@id":"https:\/\/orthodoxalbania.org\/2020\/2012\/10\/16\/shkolla-e-mesme-kishtare-jopublike-kryqi-i-nderuar-gjirokaster\/"},"author":{"name":"Kisha Orthodhokse","@id":"https:\/\/orthodoxalbania.org\/2020\/#\/schema\/person\/0c387634a7063ac612d7ed9ce71c7e86"},"headline":"Shkolla e Mesme Kishtare Jopublike &#8221;Kryqi i Nderuar&#8221;, Gjirokast\u00ebr","datePublished":"2012-10-16T09:57:09+00:00","dateModified":"2022-08-04T11:28:10+00:00","mainEntityOfPage":{"@id":"https:\/\/orthodoxalbania.org\/2020\/2012\/10\/16\/shkolla-e-mesme-kishtare-jopublike-kryqi-i-nderuar-gjirokaster\/"},"wordCount":748,"publisher":{"@id":"https:\/\/orthodoxalbania.org\/2020\/#organization"},"image":{"@id":"https:\/\/orthodoxalbania.org\/2020\/2012\/10\/16\/shkolla-e-mesme-kishtare-jopublike-kryqi-i-nderuar-gjirokaster\/#primaryimage"},"thumbnailUrl":"https:\/\/orthodoxalbania.org\/2020\/wp-content\/uploads\/2012\/10\/shkolla-kryq-i-nderuar.jpg","keywords":["Arsimi dhe edukimi","Mitropolia Gjirokast\u00ebr","Shkolla e Mesme Kishtare Jopublike ''Kryqi i Nderuar''","Vepra Sociale"],"articleSection":["Arsimi dhe Edukimi","Vepra sociale"],"inLanguage":"en-US"},{"@type":"WebPage","@id":"https:\/\/orthodoxalbania.org\/2020\/2012\/10\/16\/shkolla-e-mesme-kishtare-jopublike-kryqi-i-nderuar-gjirokaster\/","url":"https:\/\/orthodoxalbania.org\/2020\/2012\/10\/16\/shkolla-e-mesme-kishtare-jopublike-kryqi-i-nderuar-gjirokaster\/","name":"Shkolla e Mesme Kishtare Jopublike ''Kryqi i Nderuar'', Gjirokast\u00ebr - Kisha Orthodh\u03bfkse Autoqefale e Shqip\u00ebris\u00eb","isPartOf":{"@id":"https:\/\/orthodoxalbania.org\/2020\/#website"},"primaryImageOfPage":{"@id":"https:\/\/orthodoxalbania.org\/2020\/2012\/10\/16\/shkolla-e-mesme-kishtare-jopublike-kryqi-i-nderuar-gjirokaster\/#primaryimage"},"image":{"@id":"https:\/\/orthodoxalbania.org\/2020\/2012\/10\/16\/shkolla-e-mesme-kishtare-jopublike-kryqi-i-nderuar-gjirokaster\/#primaryimage"},"thumbnailUrl":"https:\/\/orthodoxalbania.org\/2020\/wp-content\/uploads\/2012\/10\/shkolla-kryq-i-nderuar.jpg","datePublished":"2012-10-16T09:57:09+00:00","dateModified":"2022-08-04T11:28:10+00:00","description":"Shkolla e Mesme Kishtare Jopublike ''Kryqi i Nderuar'', Gjirokast\u00ebr. Ajo u krijua n\u00ebn kujdesin e Fortlumturis\u00eb s\u00eb Tij Kryepiskopit Anastas.","breadcrumb":{"@id":"https:\/\/orthodoxalbania.org\/2020\/2012\/10\/16\/shkolla-e-mesme-kishtare-jopublike-kryqi-i-nderuar-gjirokaster\/#breadcrumb"},"inLanguage":"en-US","potentialAction":[{"@type":"ReadAction","target":["https:\/\/orthodoxalbania.org\/2020\/2012\/10\/16\/shkolla-e-mesme-kishtare-jopublike-kryqi-i-nderuar-gjirokaster\/"]}]},{"@type":"ImageObject","inLanguage":"en-US","@id":"https:\/\/orthodoxalbania.org\/2020\/2012\/10\/16\/shkolla-e-mesme-kishtare-jopublike-kryqi-i-nderuar-gjirokaster\/#primaryimage","url":"https:\/\/orthodoxalbania.org\/2020\/wp-content\/uploads\/2012\/10\/shkolla-kryq-i-nderuar.jpg","contentUrl":"https:\/\/orthodoxalbania.org\/2020\/wp-content\/uploads\/2012\/10\/shkolla-kryq-i-nderuar.jpg","width":1015,"height":669},{"@type":"BreadcrumbList","@id":"https:\/\/orthodoxalbania.org\/2020\/2012\/10\/16\/shkolla-e-mesme-kishtare-jopublike-kryqi-i-nderuar-gjirokaster\/#breadcrumb","itemListElement":[{"@type":"ListItem","position":1,"name":"Home","item":"https:\/\/orthodoxalbania.org\/2020\/"},{"@type":"ListItem","position":2,"name":"Shkolla e Mesme Kishtare Jopublike &#8221;Kryqi i Nderuar&#8221;, Gjirokast\u00ebr"}]},{"@type":"WebSite","@id":"https:\/\/orthodoxalbania.org\/2020\/#website","url":"https:\/\/orthodoxalbania.org\/2020\/","name":"Kisha Orthodh\u03bfkse Autoqefale e Shqip\u00ebris\u00eb","description":"Fqja Zyrtare e Kish\u00ebs Orthodhokse Autoqefale e Shqip\u00ebris\u00eb me lajmet edhe informacionet zyrtare p\u00ebr struktur\u00ebn edhe veprimtarin e saj.","publisher":{"@id":"https:\/\/orthodoxalbania.org\/2020\/#organization"},"potentialAction":[{"@type":"SearchAction","target":{"@type":"EntryPoint","urlTemplate":"https:\/\/orthodoxalbania.org\/2020\/?s={search_term_string}"},"query-input":{"@type":"PropertyValueSpecification","valueRequired":true,"valueName":"search_term_string"}}],"inLanguage":"en-US"},{"@type":"Organization","@id":"https:\/\/orthodoxalbania.org\/2020\/#organization","name":"Kisha Orthodhokse Autoqefale e Shqip\u00ebris\u00eb","url":"https:\/\/orthodoxalbania.org\/2020\/","logo":{"@type":"ImageObject","inLanguage":"en-US","@id":"https:\/\/orthodoxalbania.org\/2020\/#\/schema\/logo\/image\/","url":"https:\/\/orthodoxalbania.org\/2020\/wp-content\/uploads\/2020\/05\/albania.jpeg","contentUrl":"https:\/\/orthodoxalbania.org\/2020\/wp-content\/uploads\/2020\/05\/albania.jpeg","width":540,"height":540,"caption":"Kisha Orthodhokse Autoqefale e Shqip\u00ebris\u00eb"},"image":{"@id":"https:\/\/orthodoxalbania.org\/2020\/#\/schema\/logo\/image\/"},"sameAs":["https:\/\/www.facebook.com\/koash1991"]},{"@type":"Person","@id":"https:\/\/orthodoxalbania.org\/2020\/#\/schema\/person\/0c387634a7063ac612d7ed9ce71c7e86","name":"Kisha Orthodhokse","image":{"@type":"ImageObject","inLanguage":"en-US","@id":"https:\/\/secure.gravatar.com\/avatar\/596e7c417251e30f2fbb9c00e026fce61a695a00e51c889caded71c96cbbdde5?s=96&d=mm&r=g","url":"https:\/\/secure.gravatar.com\/avatar\/596e7c417251e30f2fbb9c00e026fce61a695a00e51c889caded71c96cbbdde5?s=96&d=mm&r=g","contentUrl":"https:\/\/secure.gravatar.com\/avatar\/596e7c417251e30f2fbb9c00e026fce61a695a00e51c889caded71c96cbbdde5?s=96&d=mm&r=g","caption":"Kisha Orthodhokse"}}]}},"_links":{"self":[{"href":"https:\/\/orthodoxalbania.org\/2020\/wp-json\/wp\/v2\/posts\/3359","targetHints":{"allow":["GET"]}}],"collection":[{"href":"https:\/\/orthodoxalbania.org\/2020\/wp-json\/wp\/v2\/posts"}],"about":[{"href":"https:\/\/orthodoxalbania.org\/2020\/wp-json\/wp\/v2\/types\/post"}],"author":[{"embeddable":true,"href":"https:\/\/orthodoxalbania.org\/2020\/wp-json\/wp\/v2\/users\/1"}],"replies":[{"embeddable":true,"href":"https:\/\/orthodoxalbania.org\/2020\/wp-json\/wp\/v2\/comments?post=3359"}],"version-history":[{"count":7,"href":"https:\/\/orthodoxalbania.org\/2020\/wp-json\/wp\/v2\/posts\/3359\/revisions"}],"predecessor-version":[{"id":61266,"href":"https:\/\/orthodoxalbania.org\/2020\/wp-json\/wp\/v2\/posts\/3359\/revisions\/61266"}],"wp:featuredmedia":[{"embeddable":true,"href":"https:\/\/orthodoxalbania.org\/2020\/wp-json\/wp\/v2\/media\/23583"}],"wp:attachment":[{"href":"https:\/\/orthodoxalbania.org\/2020\/wp-json\/wp\/v2\/media?parent=3359"}],"wp:term":[{"taxonomy":"category","embeddable":true,"href":"https:\/\/orthodoxalbania.org\/2020\/wp-json\/wp\/v2\/categories?post=3359"},{"taxonomy":"post_tag","embeddable":true,"href":"https:\/\/orthodoxalbania.org\/2020\/wp-json\/wp\/v2\/tags?post=3359"}],"curies":[{"name":"wp","href":"https:\/\/api.w.org\/{rel}","templated":true}]}}