{"id":3358,"date":"2012-10-16T10:03:35","date_gmt":"2012-10-16T10:03:35","guid":{"rendered":""},"modified":"2022-08-04T14:09:26","modified_gmt":"2022-08-04T12:09:26","slug":"1shkolla-9-vjecare-shqiptare-greke-fryme-dashurie-durres","status":"publish","type":"post","link":"https:\/\/orthodoxalbania.org\/2020\/2012\/10\/16\/1shkolla-9-vjecare-shqiptare-greke-fryme-dashurie-durres\/","title":{"rendered":"Shkolla 9-vje\u00e7are Shqiptare-Greke &#8220;Frym\u00eb Dashurie&#8221;."},"content":{"rendered":"<h4 style=\"text-align: center;\"><span class=\"ez-toc-section\" id=\"Shkolla_9-vjecare_Shqiptare-Greke_%E2%80%9CFryme_Dashurie%E2%80%9D\"><\/span><strong>Shkolla 9-vje\u00e7are Shqiptare-Greke &#8220;Frym\u00eb Dashurie&#8221;<\/strong><span class=\"ez-toc-section-end\"><\/span><\/h4>\n<p>&nbsp;<\/p>\n<h4 style=\"text-align: center;\"><span class=\"ez-toc-section\" id=\"Fillimet_tona\"><\/span><strong>Fillimet tona<\/strong><span class=\"ez-toc-section-end\"><\/span><\/h4>\n<p style=\"text-align: justify;\">\u00a0 \u00a0 Si pjes\u00eb e Fondacionit \u201cFryma e Dashuris\u00eb\u201d, themeluar me iniciativ\u00ebn e Fortlumturis\u00eb s\u00eb Tij Anastasit, Kryepiskopit t\u00eb Tiran\u00ebs, Durr\u00ebsit dhe gjith\u00eb Shqip\u00ebris\u00eb, \u00e7eli dyert n\u00eb vitin 2005, p\u00ebr t\u00eb gjith\u00eb f\u00ebmij\u00ebt e mosh\u00ebs 7\u201315 vje\u00e7, shkolla 9-vje\u00e7are shqiptaro-greke \u201cFrym\u00eb Dashurie\u201d, n\u00eb Durr\u00ebs.<\/p>\n<h4 style=\"text-align: center;\"><span class=\"ez-toc-section\" id=\"Filozofia_jone\"><\/span><strong>Filozofia jon\u00eb<\/strong><span class=\"ez-toc-section-end\"><\/span><\/h4>\n<p style=\"text-align: justify;\">\u00a0\u00a0\u00a0\u00a0 Q\u00ebllimi i shkoll\u00ebs son\u00eb \u00ebsht\u00eb t\u00eb hedh\u00eb bazat e zhvillimit t\u00eb personalitetit t\u00eb f\u00ebmij\u00ebs n\u00eb p\u00ebrputhje me nevojat dhe prirjet e tij si autor i shoq\u00ebris\u00eb.<\/p>\n<p style=\"text-align: justify;\">\u00a0\u00a0\u00a0 Shkolla gjithashtu p\u00ebrpiqet p\u00ebr formimin e d\u00ebshir\u00ebs, t\u00eb shkatht\u00ebsive dhe t\u00eb shprehive t\u00eb nevojshme p\u00ebr pun\u00ebn m\u00ebsimore dhe kultivimin e zhvillimit t\u00eb tij emocional e shoq\u00ebror, duke e p\u00ebrgatitur at\u00eb shkall\u00eb-shkall\u00eb p\u00ebr veprime t\u00eb pavarura n\u00eb mjedisin rrethues dhe p\u00ebr t\u00eb vendosur bazat e arsimit dhe t\u00eb komunikimit me t\u00eb gjith\u00eb.<\/p>\n<h4 style=\"text-align: center;\"><span class=\"ez-toc-section\" id=\"Misioni_yne\"><\/span><strong>Misioni yn\u00eb<\/strong><span class=\"ez-toc-section-end\"><\/span><\/h4>\n<p style=\"text-align: justify;\">\u00a0 \u00a0 Si nj\u00eb bashk\u00ebsi nd\u00ebrmjet nx\u00ebn\u00ebsve, m\u00ebsuesve dhe familjes ne do t\u00eb edukojm\u00eb nx\u00ebn\u00ebsit me nj\u00eb atmosfer\u00eb t\u00eb ngroht\u00eb dhe respekti t\u00eb nd\u00ebrsjell\u00eb, duke i inkurajuar t\u00eb shk\u00ebmbejn\u00eb idet\u00eb e t\u00eb nxisin vet\u00ebbesimin.<\/p>\n<p style=\"text-align: justify;\">\u00a0\u00a0\u00a0 Ne do t\u2019u ofrojm\u00eb materiale edukative n\u00ebp\u00ebrmjet aktiviteteve krijuese dhe t\u00eb k\u00ebndshme q\u00eb ven\u00eb n\u00eb p\u00ebrdorim logjik\u00ebn. Me q\u00ebllim q\u00eb ata t\u00eb m\u00ebsojn\u00eb n\u00eb m\u00ebnyr\u00eb aktive, ne do t\u2019u japim nx\u00ebn\u00ebsve mjetet e duhura p\u00ebr t\u2019u p\u00ebrgatitur p\u00ebr nj\u00eb arsim t\u00eb m\u00ebtejsh\u00ebm dhe p\u00ebr t\u2019i p\u00ebrballur me sfidat e s\u00eb ardhmes, duke i aft\u00ebsuar n\u00eb mendimin kritik, n\u00eb zgjidhjen e problemeve, n\u00eb p\u00ebrdorimin e kompjuterit dhe gjuh\u00ebs greke.<\/p>\n<p style=\"text-align: justify;\">\u00a0\u00a0\u00a0 Do t\u2019u krijojm\u00eb nj\u00eb mjedis q\u00eb i lejon nx\u00ebn\u00ebsit t\u00eb ken\u00eb shum\u00eb shpejt rezultate t\u00eb dukshme dhe ti p\u00ebrgatis\u00eb ata p\u00ebr nj\u00eb jet\u00eb t\u00eb suksesshme.<\/p>\n<h4 style=\"text-align: center;\"><span class=\"ez-toc-section\" id=\"Ne_ofrojme\"><\/span><strong>Ne ofrojm\u00eb:<\/strong><span class=\"ez-toc-section-end\"><\/span><\/h4>\n<ul style=\"text-align: justify;\">\n<li>Klasa t\u00eb vogla<\/li>\n<li>V\u00ebmendje t\u00eb ve\u00e7ant\u00eb p\u00ebr \u00e7do nx\u00ebn\u00ebs me m\u00ebsues dhe asistent\u00eb<\/li>\n<li>Metoda m\u00ebsimi krijuese, q\u00eb kan\u00eb n\u00eb qend\u00ebr t\u00eb v\u00ebmendjes psikologjin\u00eb f\u00ebminore, duke zbatuar teknikat bashk\u00ebkohore<\/li>\n<li>M\u00ebsues t\u00eb profilizuar e t\u00eb kualifikuar n\u00eb l\u00ebnd\u00ebt p\u00ebrkat\u00ebse<\/li>\n<li>M\u00ebsim t\u00eb gjuh\u00ebs greke<\/li>\n<li>Kompjutera p\u00ebr p\u00ebrdorim dhe p\u00ebrgatitje<\/li>\n<li>Bibliotek\u00eb t\u00eb pasur me libra t\u00eb niveleve t\u00eb ndryshme<strong>\u00a0<\/strong><\/li>\n<\/ul>\n<h4 style=\"text-align: center;\"><span class=\"ez-toc-section\" id=\"Pranimi\"><\/span><strong>Pranimi:<\/strong><span class=\"ez-toc-section-end\"><\/span><\/h4>\n<p style=\"text-align: justify;\">\u00a0 \u00a0 Pranimi bazohet n\u00eb p\u00ebrgatitjen dhe aft\u00ebsit\u00eb q\u00eb nx\u00ebn\u00ebsi do t\u00eb ofroj\u00eb. Nx\u00ebn\u00ebsit duhet t\u00eb aplikojn\u00eb n\u00eb muajt Maj-Gusht p\u00ebr vitin e ri shkollor. Kontaktoni shkoll\u00ebn p\u00ebr informacion mbi aplikimin dhe pages\u00ebn.<\/p>\n<h4 style=\"text-align: justify;\"><\/h4>\n<p>&nbsp;<\/p>\n<h4 style=\"text-align: center;\"><span class=\"ez-toc-section\" id=\"_Per_informacion_mbi_aplikimin_dhe_pagesen_mund_te_kontaktoni_ne_adresen_e_meposhtme\"><\/span><strong><em>\u00a0P\u00ebr informacion mbi aplikimin dhe pages\u00ebn mund t\u00eb kontaktoni n\u00eb adres\u00ebn e m\u00ebposhtme:<\/em><\/strong><span class=\"ez-toc-section-end\"><\/span><\/h4>\n<p style=\"text-align: center;\">\u00a0 \u201cFrym\u00eb Dashurie\u201d Shkolla 9-vje\u00e7are jopublike<\/p>\n<p style=\"text-align: center;\">\u00a0 <strong>Adresa:<\/strong> Lagja 1, Rr. \u201cTaulantia\u201d, pran\u00eb Kish\u00ebs s\u00eb Sh\u00ebn Gjergjit, Durr\u00ebs<\/p>\n<p style=\"text-align: center;\">\u00a0 <strong>Cel.<\/strong> +355 68 20 71 633<\/p>\n<p style=\"text-align: center;\">\n","protected":false},"excerpt":{"rendered":"<p>Shkolla 9-vje\u00e7are Shqiptare-Greke &#8220;Frym\u00eb Dashurie&#8221;. E themeluar me iniciativ\u00ebn e Fortlumturis\u00eb s\u00eb Tij Anastasit, Kryepiskopit t\u00eb Tiran\u00ebs, Durr\u00ebsit dhe gjith\u00eb Shqip\u00ebris\u00eb, \u00e7eli dyert n\u00eb vitin 2005, p\u00ebr t\u00eb gjith\u00eb f\u00ebmij\u00ebt e mosh\u00ebs 7\u201315 vje\u00e7,<\/p>\n","protected":false},"author":1,"featured_media":23577,"comment_status":"closed","ping_status":"closed","sticky":false,"template":"","format":"standard","meta":{"_acf_changed":false,"pagelayer_contact_templates":[],"_pagelayer_content":"","inline_featured_image":false,"fifu_image_url":"","fifu_image_alt":"","footnotes":""},"categories":[268,267],"tags":[601,2961,599],"class_list":["post-3358","post","type-post","status-publish","format-standard","has-post-thumbnail","hentry","category-arsimi-dhe-edukimi","category-vepra-sociale","tag-arsimi-dhe-edukimi","tag-shkolla-9-vjecare-shqiptare-greke-fryme-dashurie","tag-vepra-sociale"],"acf":[],"yoast_head":"<!-- This site is optimized with the Yoast SEO plugin v27.2 - https:\/\/yoast.com\/product\/yoast-seo-wordpress\/ -->\n<title>Shkolla 9-vje\u00e7are Shqiptare-Greke &quot;Frym\u00eb Dashurie&quot;. - Kisha Orthodh\u03bfkse Autoqefale e Shqip\u00ebris\u00eb<\/title>\n<meta name=\"description\" content=\"Shkolla 9-vje\u00e7are Shqiptare-Greke &quot;Frym\u00eb Dashurie&quot;. E themeluar me iniciativ\u00ebn e Fortlumturis\u00eb s\u00eb Tij Anastasit, \u00e7eli dyert n\u00eb vitin 2005,\" \/>\n<meta name=\"robots\" content=\"index, follow, max-snippet:-1, max-image-preview:large, max-video-preview:-1\" \/>\n<link rel=\"canonical\" href=\"https:\/\/orthodoxalbania.org\/2020\/2012\/10\/16\/1shkolla-9-vjecare-shqiptare-greke-fryme-dashurie-durres\/\" \/>\n<meta property=\"og:locale\" content=\"en_US\" \/>\n<meta property=\"og:type\" content=\"article\" \/>\n<meta property=\"og:title\" content=\"Shkolla 9-vje\u00e7are Shqiptare-Greke &quot;Frym\u00eb Dashurie&quot;. - Kisha Orthodh\u03bfkse Autoqefale e Shqip\u00ebris\u00eb\" \/>\n<meta property=\"og:description\" content=\"Shkolla 9-vje\u00e7are Shqiptare-Greke &quot;Frym\u00eb Dashurie&quot;. E themeluar me iniciativ\u00ebn e Fortlumturis\u00eb s\u00eb Tij Anastasit, \u00e7eli dyert n\u00eb vitin 2005,\" \/>\n<meta property=\"og:url\" content=\"https:\/\/orthodoxalbania.org\/2020\/2012\/10\/16\/1shkolla-9-vjecare-shqiptare-greke-fryme-dashurie-durres\/\" \/>\n<meta property=\"og:site_name\" content=\"Kisha Orthodh\u03bfkse Autoqefale e Shqip\u00ebris\u00eb\" \/>\n<meta property=\"article:publisher\" content=\"https:\/\/www.facebook.com\/koash1991\" \/>\n<meta property=\"article:published_time\" content=\"2012-10-16T10:03:35+00:00\" \/>\n<meta property=\"article:modified_time\" content=\"2022-08-04T12:09:26+00:00\" \/>\n<meta property=\"og:image\" content=\"https:\/\/orthodoxalbania.org\/2020\/wp-content\/uploads\/2012\/10\/shkolla-frym-dashurie.jpg\" \/>\n\t<meta property=\"og:image:width\" content=\"960\" \/>\n\t<meta property=\"og:image:height\" content=\"720\" \/>\n\t<meta property=\"og:image:type\" content=\"image\/jpeg\" \/>\n<meta name=\"author\" content=\"Kisha Orthodhokse\" \/>\n<meta name=\"twitter:card\" content=\"summary_large_image\" \/>\n<meta name=\"twitter:label1\" content=\"Written by\" \/>\n\t<meta name=\"twitter:data1\" content=\"Kisha Orthodhokse\" \/>\n\t<meta name=\"twitter:label2\" content=\"Est. reading time\" \/>\n\t<meta name=\"twitter:data2\" content=\"2 minutes\" \/>\n<script type=\"application\/ld+json\" class=\"yoast-schema-graph\">{\"@context\":\"https:\/\/schema.org\",\"@graph\":[{\"@type\":\"Article\",\"@id\":\"https:\/\/orthodoxalbania.org\/2020\/2012\/10\/16\/1shkolla-9-vjecare-shqiptare-greke-fryme-dashurie-durres\/#article\",\"isPartOf\":{\"@id\":\"https:\/\/orthodoxalbania.org\/2020\/2012\/10\/16\/1shkolla-9-vjecare-shqiptare-greke-fryme-dashurie-durres\/\"},\"author\":{\"name\":\"Kisha Orthodhokse\",\"@id\":\"https:\/\/orthodoxalbania.org\/2020\/#\/schema\/person\/0c387634a7063ac612d7ed9ce71c7e86\"},\"headline\":\"Shkolla 9-vje\u00e7are Shqiptare-Greke &#8220;Frym\u00eb Dashurie&#8221;.\",\"datePublished\":\"2012-10-16T10:03:35+00:00\",\"dateModified\":\"2022-08-04T12:09:26+00:00\",\"mainEntityOfPage\":{\"@id\":\"https:\/\/orthodoxalbania.org\/2020\/2012\/10\/16\/1shkolla-9-vjecare-shqiptare-greke-fryme-dashurie-durres\/\"},\"wordCount\":487,\"publisher\":{\"@id\":\"https:\/\/orthodoxalbania.org\/2020\/#organization\"},\"image\":{\"@id\":\"https:\/\/orthodoxalbania.org\/2020\/2012\/10\/16\/1shkolla-9-vjecare-shqiptare-greke-fryme-dashurie-durres\/#primaryimage\"},\"thumbnailUrl\":\"https:\/\/orthodoxalbania.org\/2020\/wp-content\/uploads\/2012\/10\/shkolla-frym-dashurie.jpg\",\"keywords\":[\"Arsimi dhe edukimi\",\"Shkolla 9-vje\u00e7are Shqiptare-Greke \\\"Frym\u00eb Dashurie\\\".\",\"Vepra Sociale\"],\"articleSection\":[\"Arsimi dhe Edukimi\",\"Vepra sociale\"],\"inLanguage\":\"en-US\"},{\"@type\":\"WebPage\",\"@id\":\"https:\/\/orthodoxalbania.org\/2020\/2012\/10\/16\/1shkolla-9-vjecare-shqiptare-greke-fryme-dashurie-durres\/\",\"url\":\"https:\/\/orthodoxalbania.org\/2020\/2012\/10\/16\/1shkolla-9-vjecare-shqiptare-greke-fryme-dashurie-durres\/\",\"name\":\"Shkolla 9-vje\u00e7are Shqiptare-Greke \\\"Frym\u00eb Dashurie\\\". - Kisha Orthodh\u03bfkse Autoqefale e Shqip\u00ebris\u00eb\",\"isPartOf\":{\"@id\":\"https:\/\/orthodoxalbania.org\/2020\/#website\"},\"primaryImageOfPage\":{\"@id\":\"https:\/\/orthodoxalbania.org\/2020\/2012\/10\/16\/1shkolla-9-vjecare-shqiptare-greke-fryme-dashurie-durres\/#primaryimage\"},\"image\":{\"@id\":\"https:\/\/orthodoxalbania.org\/2020\/2012\/10\/16\/1shkolla-9-vjecare-shqiptare-greke-fryme-dashurie-durres\/#primaryimage\"},\"thumbnailUrl\":\"https:\/\/orthodoxalbania.org\/2020\/wp-content\/uploads\/2012\/10\/shkolla-frym-dashurie.jpg\",\"datePublished\":\"2012-10-16T10:03:35+00:00\",\"dateModified\":\"2022-08-04T12:09:26+00:00\",\"description\":\"Shkolla 9-vje\u00e7are Shqiptare-Greke \\\"Frym\u00eb Dashurie\\\". E themeluar me iniciativ\u00ebn e Fortlumturis\u00eb s\u00eb Tij Anastasit, \u00e7eli dyert n\u00eb vitin 2005,\",\"breadcrumb\":{\"@id\":\"https:\/\/orthodoxalbania.org\/2020\/2012\/10\/16\/1shkolla-9-vjecare-shqiptare-greke-fryme-dashurie-durres\/#breadcrumb\"},\"inLanguage\":\"en-US\",\"potentialAction\":[{\"@type\":\"ReadAction\",\"target\":[\"https:\/\/orthodoxalbania.org\/2020\/2012\/10\/16\/1shkolla-9-vjecare-shqiptare-greke-fryme-dashurie-durres\/\"]}]},{\"@type\":\"ImageObject\",\"inLanguage\":\"en-US\",\"@id\":\"https:\/\/orthodoxalbania.org\/2020\/2012\/10\/16\/1shkolla-9-vjecare-shqiptare-greke-fryme-dashurie-durres\/#primaryimage\",\"url\":\"https:\/\/orthodoxalbania.org\/2020\/wp-content\/uploads\/2012\/10\/shkolla-frym-dashurie.jpg\",\"contentUrl\":\"https:\/\/orthodoxalbania.org\/2020\/wp-content\/uploads\/2012\/10\/shkolla-frym-dashurie.jpg\",\"width\":960,\"height\":720},{\"@type\":\"BreadcrumbList\",\"@id\":\"https:\/\/orthodoxalbania.org\/2020\/2012\/10\/16\/1shkolla-9-vjecare-shqiptare-greke-fryme-dashurie-durres\/#breadcrumb\",\"itemListElement\":[{\"@type\":\"ListItem\",\"position\":1,\"name\":\"Home\",\"item\":\"https:\/\/orthodoxalbania.org\/2020\/\"},{\"@type\":\"ListItem\",\"position\":2,\"name\":\"Shkolla 9-vje\u00e7are Shqiptare-Greke &#8220;Frym\u00eb Dashurie&#8221;.\"}]},{\"@type\":\"WebSite\",\"@id\":\"https:\/\/orthodoxalbania.org\/2020\/#website\",\"url\":\"https:\/\/orthodoxalbania.org\/2020\/\",\"name\":\"Kisha Orthodh\u03bfkse Autoqefale e Shqip\u00ebris\u00eb\",\"description\":\"Fqja Zyrtare e Kish\u00ebs Orthodhokse Autoqefale e Shqip\u00ebris\u00eb me lajmet edhe informacionet zyrtare p\u00ebr struktur\u00ebn edhe veprimtarin e saj.\",\"publisher\":{\"@id\":\"https:\/\/orthodoxalbania.org\/2020\/#organization\"},\"potentialAction\":[{\"@type\":\"SearchAction\",\"target\":{\"@type\":\"EntryPoint\",\"urlTemplate\":\"https:\/\/orthodoxalbania.org\/2020\/?s={search_term_string}\"},\"query-input\":{\"@type\":\"PropertyValueSpecification\",\"valueRequired\":true,\"valueName\":\"search_term_string\"}}],\"inLanguage\":\"en-US\"},{\"@type\":\"Organization\",\"@id\":\"https:\/\/orthodoxalbania.org\/2020\/#organization\",\"name\":\"Kisha Orthodhokse Autoqefale e Shqip\u00ebris\u00eb\",\"url\":\"https:\/\/orthodoxalbania.org\/2020\/\",\"logo\":{\"@type\":\"ImageObject\",\"inLanguage\":\"en-US\",\"@id\":\"https:\/\/orthodoxalbania.org\/2020\/#\/schema\/logo\/image\/\",\"url\":\"https:\/\/orthodoxalbania.org\/2020\/wp-content\/uploads\/2020\/05\/albania.jpeg\",\"contentUrl\":\"https:\/\/orthodoxalbania.org\/2020\/wp-content\/uploads\/2020\/05\/albania.jpeg\",\"width\":540,\"height\":540,\"caption\":\"Kisha Orthodhokse Autoqefale e Shqip\u00ebris\u00eb\"},\"image\":{\"@id\":\"https:\/\/orthodoxalbania.org\/2020\/#\/schema\/logo\/image\/\"},\"sameAs\":[\"https:\/\/www.facebook.com\/koash1991\"]},{\"@type\":\"Person\",\"@id\":\"https:\/\/orthodoxalbania.org\/2020\/#\/schema\/person\/0c387634a7063ac612d7ed9ce71c7e86\",\"name\":\"Kisha Orthodhokse\",\"image\":{\"@type\":\"ImageObject\",\"inLanguage\":\"en-US\",\"@id\":\"https:\/\/secure.gravatar.com\/avatar\/596e7c417251e30f2fbb9c00e026fce61a695a00e51c889caded71c96cbbdde5?s=96&d=mm&r=g\",\"url\":\"https:\/\/secure.gravatar.com\/avatar\/596e7c417251e30f2fbb9c00e026fce61a695a00e51c889caded71c96cbbdde5?s=96&d=mm&r=g\",\"contentUrl\":\"https:\/\/secure.gravatar.com\/avatar\/596e7c417251e30f2fbb9c00e026fce61a695a00e51c889caded71c96cbbdde5?s=96&d=mm&r=g\",\"caption\":\"Kisha Orthodhokse\"}}]}<\/script>\n<!-- \/ Yoast SEO plugin. -->","yoast_head_json":{"title":"Shkolla 9-vje\u00e7are Shqiptare-Greke \"Frym\u00eb Dashurie\". - Kisha Orthodh\u03bfkse Autoqefale e Shqip\u00ebris\u00eb","description":"Shkolla 9-vje\u00e7are Shqiptare-Greke \"Frym\u00eb Dashurie\". E themeluar me iniciativ\u00ebn e Fortlumturis\u00eb s\u00eb Tij Anastasit, \u00e7eli dyert n\u00eb vitin 2005,","robots":{"index":"index","follow":"follow","max-snippet":"max-snippet:-1","max-image-preview":"max-image-preview:large","max-video-preview":"max-video-preview:-1"},"canonical":"https:\/\/orthodoxalbania.org\/2020\/2012\/10\/16\/1shkolla-9-vjecare-shqiptare-greke-fryme-dashurie-durres\/","og_locale":"en_US","og_type":"article","og_title":"Shkolla 9-vje\u00e7are Shqiptare-Greke \"Frym\u00eb Dashurie\". - Kisha Orthodh\u03bfkse Autoqefale e Shqip\u00ebris\u00eb","og_description":"Shkolla 9-vje\u00e7are Shqiptare-Greke \"Frym\u00eb Dashurie\". E themeluar me iniciativ\u00ebn e Fortlumturis\u00eb s\u00eb Tij Anastasit, \u00e7eli dyert n\u00eb vitin 2005,","og_url":"https:\/\/orthodoxalbania.org\/2020\/2012\/10\/16\/1shkolla-9-vjecare-shqiptare-greke-fryme-dashurie-durres\/","og_site_name":"Kisha Orthodh\u03bfkse Autoqefale e Shqip\u00ebris\u00eb","article_publisher":"https:\/\/www.facebook.com\/koash1991","article_published_time":"2012-10-16T10:03:35+00:00","article_modified_time":"2022-08-04T12:09:26+00:00","og_image":[{"width":960,"height":720,"url":"https:\/\/orthodoxalbania.org\/2020\/wp-content\/uploads\/2012\/10\/shkolla-frym-dashurie.jpg","type":"image\/jpeg"}],"author":"Kisha Orthodhokse","twitter_card":"summary_large_image","twitter_misc":{"Written by":"Kisha Orthodhokse","Est. reading time":"2 minutes"},"schema":{"@context":"https:\/\/schema.org","@graph":[{"@type":"Article","@id":"https:\/\/orthodoxalbania.org\/2020\/2012\/10\/16\/1shkolla-9-vjecare-shqiptare-greke-fryme-dashurie-durres\/#article","isPartOf":{"@id":"https:\/\/orthodoxalbania.org\/2020\/2012\/10\/16\/1shkolla-9-vjecare-shqiptare-greke-fryme-dashurie-durres\/"},"author":{"name":"Kisha Orthodhokse","@id":"https:\/\/orthodoxalbania.org\/2020\/#\/schema\/person\/0c387634a7063ac612d7ed9ce71c7e86"},"headline":"Shkolla 9-vje\u00e7are Shqiptare-Greke &#8220;Frym\u00eb Dashurie&#8221;.","datePublished":"2012-10-16T10:03:35+00:00","dateModified":"2022-08-04T12:09:26+00:00","mainEntityOfPage":{"@id":"https:\/\/orthodoxalbania.org\/2020\/2012\/10\/16\/1shkolla-9-vjecare-shqiptare-greke-fryme-dashurie-durres\/"},"wordCount":487,"publisher":{"@id":"https:\/\/orthodoxalbania.org\/2020\/#organization"},"image":{"@id":"https:\/\/orthodoxalbania.org\/2020\/2012\/10\/16\/1shkolla-9-vjecare-shqiptare-greke-fryme-dashurie-durres\/#primaryimage"},"thumbnailUrl":"https:\/\/orthodoxalbania.org\/2020\/wp-content\/uploads\/2012\/10\/shkolla-frym-dashurie.jpg","keywords":["Arsimi dhe edukimi","Shkolla 9-vje\u00e7are Shqiptare-Greke \"Frym\u00eb Dashurie\".","Vepra Sociale"],"articleSection":["Arsimi dhe Edukimi","Vepra sociale"],"inLanguage":"en-US"},{"@type":"WebPage","@id":"https:\/\/orthodoxalbania.org\/2020\/2012\/10\/16\/1shkolla-9-vjecare-shqiptare-greke-fryme-dashurie-durres\/","url":"https:\/\/orthodoxalbania.org\/2020\/2012\/10\/16\/1shkolla-9-vjecare-shqiptare-greke-fryme-dashurie-durres\/","name":"Shkolla 9-vje\u00e7are Shqiptare-Greke \"Frym\u00eb Dashurie\". - Kisha Orthodh\u03bfkse Autoqefale e Shqip\u00ebris\u00eb","isPartOf":{"@id":"https:\/\/orthodoxalbania.org\/2020\/#website"},"primaryImageOfPage":{"@id":"https:\/\/orthodoxalbania.org\/2020\/2012\/10\/16\/1shkolla-9-vjecare-shqiptare-greke-fryme-dashurie-durres\/#primaryimage"},"image":{"@id":"https:\/\/orthodoxalbania.org\/2020\/2012\/10\/16\/1shkolla-9-vjecare-shqiptare-greke-fryme-dashurie-durres\/#primaryimage"},"thumbnailUrl":"https:\/\/orthodoxalbania.org\/2020\/wp-content\/uploads\/2012\/10\/shkolla-frym-dashurie.jpg","datePublished":"2012-10-16T10:03:35+00:00","dateModified":"2022-08-04T12:09:26+00:00","description":"Shkolla 9-vje\u00e7are Shqiptare-Greke \"Frym\u00eb Dashurie\". E themeluar me iniciativ\u00ebn e Fortlumturis\u00eb s\u00eb Tij Anastasit, \u00e7eli dyert n\u00eb vitin 2005,","breadcrumb":{"@id":"https:\/\/orthodoxalbania.org\/2020\/2012\/10\/16\/1shkolla-9-vjecare-shqiptare-greke-fryme-dashurie-durres\/#breadcrumb"},"inLanguage":"en-US","potentialAction":[{"@type":"ReadAction","target":["https:\/\/orthodoxalbania.org\/2020\/2012\/10\/16\/1shkolla-9-vjecare-shqiptare-greke-fryme-dashurie-durres\/"]}]},{"@type":"ImageObject","inLanguage":"en-US","@id":"https:\/\/orthodoxalbania.org\/2020\/2012\/10\/16\/1shkolla-9-vjecare-shqiptare-greke-fryme-dashurie-durres\/#primaryimage","url":"https:\/\/orthodoxalbania.org\/2020\/wp-content\/uploads\/2012\/10\/shkolla-frym-dashurie.jpg","contentUrl":"https:\/\/orthodoxalbania.org\/2020\/wp-content\/uploads\/2012\/10\/shkolla-frym-dashurie.jpg","width":960,"height":720},{"@type":"BreadcrumbList","@id":"https:\/\/orthodoxalbania.org\/2020\/2012\/10\/16\/1shkolla-9-vjecare-shqiptare-greke-fryme-dashurie-durres\/#breadcrumb","itemListElement":[{"@type":"ListItem","position":1,"name":"Home","item":"https:\/\/orthodoxalbania.org\/2020\/"},{"@type":"ListItem","position":2,"name":"Shkolla 9-vje\u00e7are Shqiptare-Greke &#8220;Frym\u00eb Dashurie&#8221;."}]},{"@type":"WebSite","@id":"https:\/\/orthodoxalbania.org\/2020\/#website","url":"https:\/\/orthodoxalbania.org\/2020\/","name":"Kisha Orthodh\u03bfkse Autoqefale e Shqip\u00ebris\u00eb","description":"Fqja Zyrtare e Kish\u00ebs Orthodhokse Autoqefale e Shqip\u00ebris\u00eb me lajmet edhe informacionet zyrtare p\u00ebr struktur\u00ebn edhe veprimtarin e saj.","publisher":{"@id":"https:\/\/orthodoxalbania.org\/2020\/#organization"},"potentialAction":[{"@type":"SearchAction","target":{"@type":"EntryPoint","urlTemplate":"https:\/\/orthodoxalbania.org\/2020\/?s={search_term_string}"},"query-input":{"@type":"PropertyValueSpecification","valueRequired":true,"valueName":"search_term_string"}}],"inLanguage":"en-US"},{"@type":"Organization","@id":"https:\/\/orthodoxalbania.org\/2020\/#organization","name":"Kisha Orthodhokse Autoqefale e Shqip\u00ebris\u00eb","url":"https:\/\/orthodoxalbania.org\/2020\/","logo":{"@type":"ImageObject","inLanguage":"en-US","@id":"https:\/\/orthodoxalbania.org\/2020\/#\/schema\/logo\/image\/","url":"https:\/\/orthodoxalbania.org\/2020\/wp-content\/uploads\/2020\/05\/albania.jpeg","contentUrl":"https:\/\/orthodoxalbania.org\/2020\/wp-content\/uploads\/2020\/05\/albania.jpeg","width":540,"height":540,"caption":"Kisha Orthodhokse Autoqefale e Shqip\u00ebris\u00eb"},"image":{"@id":"https:\/\/orthodoxalbania.org\/2020\/#\/schema\/logo\/image\/"},"sameAs":["https:\/\/www.facebook.com\/koash1991"]},{"@type":"Person","@id":"https:\/\/orthodoxalbania.org\/2020\/#\/schema\/person\/0c387634a7063ac612d7ed9ce71c7e86","name":"Kisha Orthodhokse","image":{"@type":"ImageObject","inLanguage":"en-US","@id":"https:\/\/secure.gravatar.com\/avatar\/596e7c417251e30f2fbb9c00e026fce61a695a00e51c889caded71c96cbbdde5?s=96&d=mm&r=g","url":"https:\/\/secure.gravatar.com\/avatar\/596e7c417251e30f2fbb9c00e026fce61a695a00e51c889caded71c96cbbdde5?s=96&d=mm&r=g","contentUrl":"https:\/\/secure.gravatar.com\/avatar\/596e7c417251e30f2fbb9c00e026fce61a695a00e51c889caded71c96cbbdde5?s=96&d=mm&r=g","caption":"Kisha Orthodhokse"}}]}},"_links":{"self":[{"href":"https:\/\/orthodoxalbania.org\/2020\/wp-json\/wp\/v2\/posts\/3358","targetHints":{"allow":["GET"]}}],"collection":[{"href":"https:\/\/orthodoxalbania.org\/2020\/wp-json\/wp\/v2\/posts"}],"about":[{"href":"https:\/\/orthodoxalbania.org\/2020\/wp-json\/wp\/v2\/types\/post"}],"author":[{"embeddable":true,"href":"https:\/\/orthodoxalbania.org\/2020\/wp-json\/wp\/v2\/users\/1"}],"replies":[{"embeddable":true,"href":"https:\/\/orthodoxalbania.org\/2020\/wp-json\/wp\/v2\/comments?post=3358"}],"version-history":[{"count":7,"href":"https:\/\/orthodoxalbania.org\/2020\/wp-json\/wp\/v2\/posts\/3358\/revisions"}],"predecessor-version":[{"id":61277,"href":"https:\/\/orthodoxalbania.org\/2020\/wp-json\/wp\/v2\/posts\/3358\/revisions\/61277"}],"wp:featuredmedia":[{"embeddable":true,"href":"https:\/\/orthodoxalbania.org\/2020\/wp-json\/wp\/v2\/media\/23577"}],"wp:attachment":[{"href":"https:\/\/orthodoxalbania.org\/2020\/wp-json\/wp\/v2\/media?parent=3358"}],"wp:term":[{"taxonomy":"category","embeddable":true,"href":"https:\/\/orthodoxalbania.org\/2020\/wp-json\/wp\/v2\/categories?post=3358"},{"taxonomy":"post_tag","embeddable":true,"href":"https:\/\/orthodoxalbania.org\/2020\/wp-json\/wp\/v2\/tags?post=3358"}],"curies":[{"name":"wp","href":"https:\/\/api.w.org\/{rel}","templated":true}]}}