{"id":3352,"date":"2013-03-31T19:03:01","date_gmt":"2013-03-31T19:03:01","guid":{"rendered":""},"modified":"2022-08-04T11:32:41","modified_gmt":"2022-08-04T09:32:41","slug":"2-kujdesi-shendetesor","status":"publish","type":"post","link":"https:\/\/orthodoxalbania.org\/2020\/2013\/03\/31\/2-kujdesi-shendetesor\/","title":{"rendered":"Kujdesi sh\u00ebndet\u00ebsor"},"content":{"rendered":"<div class=\"fusion-fullwidth fullwidth-box fusion-builder-row-1 nonhundred-percent-fullwidth non-hundred-percent-height-scrolling\" style=\"--awb-border-radius-top-left:0px;--awb-border-radius-top-right:0px;--awb-border-radius-bottom-right:0px;--awb-border-radius-bottom-left:0px;--awb-flex-wrap:wrap;\" ><div class=\"fusion-builder-row fusion-row\"><div class=\"fusion-layout-column fusion_builder_column fusion-builder-column-0 fusion_builder_column_4_5 4_5 fusion-four-fifth fusion-column-first\" style=\"--awb-bg-size:cover;--awb-margin-bottom:0px;width:79.2%; margin-right: 4%;\"><div class=\"fusion-column-wrapper fusion-flex-column-wrapper-legacy\"><div class=\"fusion-text fusion-text-1\"><h4><\/h4>\n<h4 style=\"text-align: center;\"><strong>Kujdesi sh\u00ebndet\u00ebsor<\/strong><\/h4>\n<h4><img decoding=\"async\" class=\"lazyload size-full wp-image-23592 alignleft\" src=\"https:\/\/orthodoxalbania.org\/2020\/wp-content\/uploads\/2013\/03\/klinika-orthodhokse2.png\" data-orig-src=\"https:\/\/orthodoxalbania.org\/2020\/wp-content\/uploads\/2013\/03\/klinika-orthodhokse2.png\" alt=\"\" width=\"300\" height=\"300\" srcset=\"data:image\/svg+xml,%3Csvg%20xmlns%3D%27http%3A%2F%2Fwww.w3.org%2F2000%2Fsvg%27%20width%3D%27300%27%20height%3D%27300%27%20viewBox%3D%270%200%20300%20300%27%3E%3Crect%20width%3D%27300%27%20height%3D%27300%27%20fill-opacity%3D%220%22%2F%3E%3C%2Fsvg%3E\" data-srcset=\"https:\/\/orthodoxalbania.org\/2020\/wp-content\/uploads\/2013\/03\/klinika-orthodhokse2-60x60.png 60w, https:\/\/orthodoxalbania.org\/2020\/wp-content\/uploads\/2013\/03\/klinika-orthodhokse2-66x66.png 66w, https:\/\/orthodoxalbania.org\/2020\/wp-content\/uploads\/2013\/03\/klinika-orthodhokse2-150x150.png 150w, https:\/\/orthodoxalbania.org\/2020\/wp-content\/uploads\/2013\/03\/klinika-orthodhokse2-200x200.png 200w, https:\/\/orthodoxalbania.org\/2020\/wp-content\/uploads\/2013\/03\/klinika-orthodhokse2.png 300w\" data-sizes=\"auto\" data-orig-sizes=\"(max-width: 300px) 100vw, 300px\" \/><\/h4>\n<p style=\"text-align: justify;\">\u00a0 \u00a0 \u00a0Kryepiskopi Anastas, duke kujtuar Urdh\u00ebres\u00ebn e Jisuit p\u00ebr t\u00eb s\u00ebmur\u00ebt dhe duke par\u00eb nevoj\u00ebn e madhe q\u00eb kishte populli yn\u00eb n\u00eb vitet e para t\u00eb demokracis\u00eb, p\u00ebr ndihm\u00eb, ila\u00e7e dhe vizita mjek\u00ebsore, theksoi se Kisha jon\u00eb do t\u00eb mjekoj\u00eb jo vet\u00ebm plag\u00ebt e shpirtit por edhe t\u00eb trupit.<\/p>\n<p style=\"text-align: justify;\">\u00a0 \u00a0 &#8211; Me iniciativ\u00ebn e tij u ngrit dhe filloi nga puna <strong>poliklinika orthodhokse &#8220;Sh\u00ebn Llukai&#8221;<\/strong>, n\u00eb Tiran\u00eb, n\u00eb 1 n\u00ebntor 1994, n\u00eb nj\u00eb sht\u00ebpi t\u00eb vog\u00ebl.\u00a0Stafi i saj prej mjek\u00ebsh mjaft t\u00eb njohur ofronte sh\u00ebrbim t\u00eb lart\u00eb mjek\u00ebsor n\u00eb disa specialitete: pathologji, pediatri, kardiologji, okulistike, neurologji, mikrokirurgji, echo abdominale, echo zemre p\u00ebr f\u00ebmij\u00eb.<\/p>\n<p style=\"text-align: justify;\">\u00a0 \u00a0 E pajisur mir\u00eb me aparatura t\u00eb koh\u00ebs si ECHO, EKG, llampa kirurgjikale, pajisje okulistike, autoklave, elektrobisturi, gjenerator\u00eb,\u00a0 etj. dhe me t\u00eb gjith\u00eb pajisjet dhe orendit\u00eb e duhura deri\u00a0 n\u00eb \u00a0maj 1998 u sh\u00ebrbeu shum\u00eb\u00a0pacient\u00ebve, duke i vizituar dhe duke i dh\u00ebn\u00eb mjekim.<\/p>\n<p style=\"text-align: justify;\">\u00a0\u00a0\u00a0 P\u00ebr \u00a0pacient\u00ebt e saj u vun\u00eb n\u00eb dispozicion medikamente falas dhe gjat\u00eb viteve 1994-1996\u00a0shum\u00eb n\u00ebna me f\u00ebmij\u00eb 0-12 muajsh, n\u00eb baz\u00eb t\u00eb kartelave klinike, u trajtuan me ushqime: qum\u00ebsht dhe kremra. N\u00eb vitin 1997 klinika u pajis edhe me nj\u00eb ambulanc\u00eb t\u00eb re p\u00ebr sh\u00ebrbime ndaj t\u00eb s\u00ebmur\u00ebve.<\/p>\n<p style=\"text-align: justify;\">\u00a0 \u00a0 N\u00eb kriz\u00ebn e viteve 1997-1998, kur njer\u00ebzit t\u00eb demoralizuar p\u00ebrpiqeshin t\u00eb largoheshin jasht\u00eb vendit, Kryepiskopi investoi akoma m\u00eb shum\u00eb p\u00ebr t\u00eb ndihmuar: n\u00eb zbutjen e dhimbjes njer\u00ebzore, p\u00ebr t\u00eb rritur besimin p\u00ebr t\u00eb ardhmen e Shqip\u00ebris\u00eb.<\/p>\n<h4 style=\"text-align: center;\"><strong>*\u00a0 *\u00a0 *<\/strong><\/h4>\n<p style=\"text-align: justify;\">\u00a0 \u00a0 &#8211; N\u00eb vitin 1999 kjo poliklinik\u00eb zmadhua, u rrit dhe u z\u00ebvend\u00ebsua nga <a href=\"http:\/\/klinikaorthodhokse.com\/al\/\"><strong>Qendra Orthodhokse Diagnostike &#8220;Ungjill\u00ebzimi&#8221;<\/strong><\/a>, n\u00eb nj\u00eb nd\u00ebrtes\u00eb t\u00eb re, mbres\u00ebl\u00ebn\u00ebse, me gjasht\u00eb kate, duke u pajisur me t\u00eb gjith\u00eb personelin dhe aparaturat e nevojshme bashk\u00ebkohore. Kjo qend\u00ebr \u00ebsht\u00eb nj\u00eb investim shum\u00eb i madh n\u00eb dobi t\u00eb sh\u00ebndetit dhe mjek\u00ebsis\u00eb s\u00eb vendit ton\u00eb.<\/p>\n<p style=\"text-align: justify;\">\u00a0\u00a0\u00a0 N\u00eb k\u00ebt\u00eb qend\u00ebr punojn\u00eb shum\u00eb mjek\u00eb t\u00eb njohur t\u00eb vendit, q\u00eb ofrojn\u00eb eksperienc\u00ebn e tyre n\u00eb m\u00eb shum\u00eb se 24 specialitete, ku vizitohen \u00e7do muaj\u00a0rreth 6 mij\u00eb pacient\u00eb, pa dallim besimi fetar.\u00a0Qendra ofron sh\u00ebrbime sh\u00ebndet\u00ebsore nga m\u00eb bashk\u00ebkohoret.<\/p>\n<p style=\"text-align: justify;\">\u00a0\u00a0\u00a0 N\u00eb vitin 2000, u krijua nj\u00eb staf dhe nj\u00eb sall\u00eb kirurgjie ditore (p\u00ebrvoj\u00eb amerikane).<\/p>\n<p style=\"text-align: justify;\">\u00a0\u00a0\u00a0 P\u00ebrvoja e madhe dhe e dokumentuar, mjek\u00ebt e mir\u00eb, puna e palodhur e mjek\u00ebve dhe e personelit, kushtet e p\u00ebrkryera dhe aparatet bashk\u00ebkohore i kan\u00eb dh\u00ebn\u00eb nj\u00eb imazh dhe besueshm\u00ebri k\u00ebtij institucioni. Gjat\u00eb periudh\u00ebs 10-vje\u00e7are t\u00eb saj jan\u00eb vizituar 760.400 pacient\u00eb.\u00a0<em>P\u00ebr m\u00eb tep\u00ebr shih<\/em>\u00a0\u00a0<a href=\"http:\/\/klinikaorthodhokse.com\/al\/\"><strong>Qendra Diagnostike Orthodhokse &#8220;Ungjill\u00ebzimi&#8221;<\/strong><\/a><\/p>\n<p style=\"text-align: justify;\">\u00a0\u00a0\u00a0 Gjat\u00eb funksionimit t\u00eb saj prej 10 vjet\u00ebsh (1999-2009) Qendra Diagnostike Orthodhokse &#8220;Ungjill\u00ebzimi&#8221;, p\u00ebrve\u00e7 aktivitetit t\u00eb saj diagnostikues n\u00eb k\u00ebt\u00eb nd\u00ebrtes\u00eb, ka dhuruar medikamente t\u00eb ndryshme pacient\u00ebve: t\u00eb Qendr\u00ebs son\u00eb Diagnostike, pacient\u00ebve t\u00eb qendrave t\u00eb tjera sh\u00ebndet\u00ebsore, personave n\u00eb nevoj\u00eb (t\u00eb cil\u00ebve u jan\u00eb dhuruar edhe paterica, karroca invaliditeti etj).<\/p>\n<p style=\"text-align: justify;\">\u00a0 \u00a0 Gjithashtu po gjat\u00eb k\u00ebsaj periudhe ka dhuruar disa her\u00eb n\u00eb vit ila\u00e7e t\u00eb llojeve t\u00eb ndryshme, pambuk, garza, ankerplast, dizifektant, allci, serume, vegla kirurgjie etj. n\u00eb k\u00ebto institucione: Klinik\u00ebs Orthodhokse n\u00eb Kor\u00e7\u00eb e Kavaj\u00eb; Kish\u00ebs dhe kopshtit t\u00eb f\u00ebmij\u00ebve t\u00eb Vlor\u00ebs; Spitaleve t\u00eb Vlor\u00ebs, Beratit, Kor\u00e7\u00ebs, Elbasanit, Kavaj\u00ebs, Fierit, Lezh\u00ebs, Selenic\u00ebs s\u00eb Vlor\u00ebs, Kirurgjis\u00eb s\u00eb Durr\u00ebsit, Spitalit Ushtarak t\u00eb Tiran\u00ebs, Qendr\u00ebs Spitale Universitare &#8220;N\u00ebn\u00eb Tereza&#8221; t\u00eb Tiran\u00ebs, Spitalit Distrofik t\u00eb Tiran\u00ebs, Spitalit Psikiatrik t\u00eb Tiran\u00ebs, Sanatoriumit t\u00eb Tiran\u00ebs; Poliklinik\u00ebs s\u00eb lagjes nr. 10 t\u00eb Tiran\u00ebs; Qendr\u00ebs s\u00eb Zhvillimit Rezidencial t\u00eb Beratit, Q.K.M.Z.R.F., Sht\u00ebpis\u00eb s\u00eb F\u00ebmij\u00ebve &#8220;Zyber Hallulli&#8221;; Shoqat\u00ebs Komb\u00ebtare t\u00eb Invalid\u00ebve; Burgut 325 dhe 313 n\u00eb Tiran\u00eb; fshatrave Armenj, Lubonj\u00eb, Karbunar\u00eb; invalid\u00ebve t\u00eb d\u00ebrguar nga vet\u00eb Kisha jon\u00eb.<\/p>\n<h4 style=\"text-align: center;\"><strong>*\u00a0 *\u00a0 *<\/strong><\/h4>\n<p style=\"text-align: justify;\">\u00a0\u00a0\u00a0 &#8211; N\u00eb vitin 1997 u hap\u00a0<strong>poliklinika orthodhokse n\u00eb qytetin e Kavaj\u00ebs<\/strong>, (pran\u00eb kish\u00ebs &#8220;Sh\u00ebn Nikolla&#8221;) me mjek\u00ebt e njohur: Dr. Margarita Kostaqi, Dr. Milto Kostaqi, Dr. Klement Shteto, Dr. Anita Moci etj.<\/p>\n<h4 style=\"text-align: center;\"><strong>*\u00a0 *\u00a0 *<\/strong><\/h4>\n<p style=\"text-align: justify;\">\u00a0\u00a0\u00a0 &#8211; N\u00eb vitin 1997 u hap\u00a0<strong>poliklinika orthodhokse n\u00eb qytetin e Kor\u00e7\u00ebs<\/strong>, (pran\u00eb Mitropolis\u00eb) me mjek\u00ebt e njohur: Dr.Silvana Muli, Dr. Ilia Skendi, Dr. Gjergj Mikerezi, Dr. Lirika Lika etj.<\/p>\n<h4 style=\"text-align: center;\"><strong> *\u00a0 *\u00a0 *<\/strong><\/h4>\n<p style=\"text-align: justify;\">\u00a0 \u00a0 &#8211; N\u00eb vitin 1998 fillon aktivitetin <strong>Nj\u00ebsia Dentare L\u00ebviz\u00ebse<\/strong>\u00a0me nj\u00eb aktivitet n\u00eb t\u00eb gjith\u00eb vendin, duke shkuar pothuajse n\u00eb t\u00eb gjitha qytetet e Shqip\u00ebris\u00eb, n\u00eb shum\u00eb fshatra, shkolla, qendra, fondacione, institucione publike dhe kisha orthodhokse.<\/p>\n<p style=\"text-align: justify;\">\u00a0 \u00a0 N\u00eb kuad\u00ebr t\u00eb ndihm\u00ebs humanitare, mjek\u00ebsore e shpirt\u00ebrore q\u00eb Kisha Orthodhokse e Shqip\u00ebris\u00eb u\u00a0ofroi refugjat\u00ebve kosovar\u00eb n\u00eb 1999 n\u00eb dy kampet e saj u vu n\u00eb dispozicion edhe kjo Nj\u00ebsi Dentare e L\u00ebviz\u00ebse.<\/p>\n<h4 style=\"text-align: center;\"><strong>*\u00a0 *\u00a0 *<\/strong><\/h4>\n<p style=\"text-align: justify;\">\u00a0 \u00a0 &#8211; N\u00eb vitin 2003 u hap <strong>poliklinika orthodhokse n\u00eb Jergucat t\u00eb Gjirokastr\u00ebs<\/strong>, me mjek\u00eb t\u00eb njohur t\u00eb Gjirokastr\u00ebs, si dhe mjek\u00eb nga 2 spitalet e Janin\u00ebs.<\/p>\n<h4 style=\"text-align: center;\"><strong>*\u00a0 *\u00a0 *<\/strong><\/h4>\n<p style=\"text-align: justify;\">\u00a0\u00a0\u00a0 &#8211; N\u00eb vitin 2006 u hap <strong>poliklinika orthodhokse n\u00eb Lushnje<\/strong> , (pran\u00eb kish\u00ebs &#8220;Sh\u00ebn Gjergji&#8221;) me mjek\u00ebt e njohur: Dr. Vasil Lushnjari, Dr. Koli Prifti, Dr. Petraq Allkanjari, Dr. Viktor Zegali, Dr. Gjergji Liko, Dr. Drita Lushnjari etj.<\/p>\n<h4 style=\"text-align: center;\"><strong>*\u00a0 *\u00a0 *<\/strong><\/h4>\n<p style=\"text-align: justify;\">\u00a0 \u00a0 E gjith\u00eb kjo p\u00ebrpjekje e madhe e kujdesit sh\u00ebndet\u00ebsor q\u00eb tregon Kisha jon\u00eb drejtohet nga Fondacioni i saj &#8220;Klinikat Orthodhokse t\u00eb Ungjill\u00ebzimit&#8221;, Tiran\u00eb.<\/p>\n<h4 style=\"text-align: center;\"><strong>*\u00a0 *\u00a0 *<\/strong><\/h4>\n<p style=\"text-align: justify;\">\u00a0\u00a0\u00a0 &#8211; Ky kujdes sh\u00ebndet\u00ebsor \u00ebsht\u00eb shtrir\u00eb nga Qendra Diagnostike edhe n\u00eb a) programe kualifikuese t\u00eb ndryshme, brenda dhe jasht\u00eb vendit, p\u00ebr specialitete t\u00eb ndryshme; b) programe sensibilizuese dhe edukuese p\u00ebr edukimin sh\u00ebndet\u00ebsor (n\u00eb shkolla, n\u00eb kampe dhe fshatra); 3) Botime\u00a0(flet\u00eb palosje, broshura, libra).<\/p>\n<h4 style=\"text-align: center;\"><strong>\u00a0*\u00a0 *\u00a0 *<\/strong><\/h4>\n<p style=\"text-align: justify;\">\u00a0 \u00a0 &#8211; Por kujdesi dhe ndihma sh\u00ebndet\u00ebsore q\u00eb ofron Kisha jon\u00eb \u00ebsht\u00eb edhe n\u00ebp\u00ebrmjet programeve t\u00eb ndryshme q\u00eb projekton dhe realizon<a href=\"http:\/\/www.diakoniagapes.org\/blog\/category\/fushat-e-veprimit\/\" target=\"_blank\" rel=\"noopener noreferrer\"><strong>Diakonia Agapes (Sh\u00ebrbimi i Dashuris\u00eb)<\/strong><\/a>\u00a0q\u00eb \u00ebsht\u00eb zyra sociale, zhvilluese dhe e emergjenc\u00ebs e Kish\u00ebs.<\/p>\n<p style=\"text-align: justify;\">\u00a0\u00a0\u00a0 Me r\u00ebnien e sistemit komunist, shum\u00eb mjek\u00eb q\u00eb ishin em\u00ebruar n\u00eb zonat rurale u kthyen n\u00eb qytete, duke l\u00ebn\u00eb pa p\u00ebrkujdesje sh\u00ebndet\u00ebsore k\u00ebto zona.\u00a0&#8220;Sh\u00ebrbimi i Dashuris\u00eb&#8221; (Diakonia Agapes) ka mjaft koh\u00eb q\u00eb kontribuon n\u00eb shtimin e rolit t\u00eb infermier\u00ebve dhe mamive, duke ofruar projekte trajnimi dhe ndihma.\u00a0 Po ashtu jan\u00eb hapur shum\u00eb infermieri lokale.\u00a0P\u00ebr me tep\u00ebr, libri &#8220;Aty ku nuk ka mjek\u00eb&#8221; (i p\u00ebrkthyer n\u00eb shqip) jep informacion se si t\u00eb ekzaminohen dhe t\u00eb trajtohen s\u00ebmundjet m\u00eb t\u00eb zakonshme. Ky \u00ebsht\u00eb shp\u00ebrndar\u00eb falas n\u00eb k\u00ebto zona.<\/p>\n<p style=\"text-align: justify;\">\u00a0\u00a0\u00a0 Hap\u00ebsira e programeve t\u00eb p\u00ebrkujdesjeve sh\u00ebndet\u00ebsore p\u00ebrfshin a) p\u00ebrmir\u00ebsimin e element\u00ebve t\u00eb kujdesit t\u00eb sh\u00ebndetit par\u00ebsor t\u00eb grave dhe vajzave n\u00eb zona rurale\u00a0dhe kontributin n\u00eb procesin e shoq\u00ebrizimit t\u00eb tyre p\u00ebr t\u00eb p\u00ebrballuar problemet e tyre sociale; b) kontributin n\u00eb p\u00ebrmir\u00ebsimin e edukimit sh\u00ebndet\u00ebsor t\u00eb f\u00ebmij\u00ebve t\u00eb zonave rurale dhe n\u00eb pasurimin e jet\u00ebs s\u00eb tyre me aktivitete sociale e kulturore; c) rritjen e nd\u00ebrgjegj\u00ebsimit t\u00eb t\u00eb rinjve me q\u00ebllim uljen e rasteve me IST, HIV\/SIDA, drog\u00ebs dhe alkoolit.<\/p>\n<\/div><div class=\"fusion-clearfix\"><\/div><\/div><\/div><div class=\"fusion-layout-column fusion_builder_column fusion-builder-column-1 fusion_builder_column_1_5 1_5 fusion-one-fifth fusion-column-last\" style=\"--awb-bg-size:cover;width:16.8%;\"><div class=\"fusion-column-wrapper fusion-column-has-shadow fusion-flex-column-wrapper-legacy\"><div class=\"fusion-widget fusion-widget-element fusion-widget-area fusion-content-widget-area wpWidget-1 ajaxsearchlitewidget\" style=\"--awb-fusion-border-size:0px;--awb-fusion-border-style:solid;\"><div class=\"widget AjaxSearchLiteWidget\"><div class=\"heading\"><h4 class=\"widget-title\"> <\/h4><\/div><div class=\"asl_w_container asl_w_container_1\" data-id=\"1\" data-instance=\"1\">\n\t<div id='ajaxsearchlite1'\n\t\tdata-id=\"1\"\n\t\tdata-instance=\"1\"\n\t\tclass=\"asl_w asl_m asl_m_1 asl_m_1_1\">\n\t\t<div class=\"probox\">\n\n\t\n\t<div class='prosettings' style='display:none;' data-opened=0>\n\t\t\t\t<div class='innericon'>\n\t\t\t<svg version=\"1.1\" xmlns=\"http:\/\/www.w3.org\/2000\/svg\" xmlns:xlink=\"http:\/\/www.w3.org\/1999\/xlink\" x=\"0px\" y=\"0px\" width=\"22\" height=\"22\" viewBox=\"0 0 512 512\" enable-background=\"new 0 0 512 512\" xml:space=\"preserve\">\n\t\t\t\t\t<polygon transform = \"rotate(90 256 256)\" points=\"142.332,104.886 197.48,50 402.5,256 197.48,462 142.332,407.113 292.727,256 \"\/>\n\t\t\t\t<\/svg>\n\t\t<\/div>\n\t<\/div>\n\n\t\n\t\n\t<div class='proinput'>\n\t\t<form role=\"search\" action='#' autocomplete=\"off\"\n\t\t\t\taria-label=\"Search form\">\n\t\t\t<input aria-label=\"Search input\"\n\t\t\t\t\ttype='search' class='orig'\n\t\t\t\t\ttabindex=\"0\"\n\t\t\t\t\tname='phrase'\n\t\t\t\t\tplaceholder='Search here..'\n\t\t\t\t\tvalue=''\n\t\t\t\t\tautocomplete=\"off\"\/>\n\t\t\t<input aria-label=\"Search autocomplete\"\n\t\t\t\t\ttype='text'\n\t\t\t\t\tclass='autocomplete'\n\t\t\t\t\ttabindex=\"-1\"\n\t\t\t\t\tname='phrase'\n\t\t\t\t\tvalue=''\n\t\t\t\t\tautocomplete=\"off\" disabled\/>\n\t\t\t<input type='submit' value=\"Start search\" style='width:0; height: 0; visibility: hidden;'>\n\t\t<\/form>\n\t<\/div>\n\n\t\n\t\n\t<button class='promagnifier' tabindex=\"0\" aria-label=\"Search magnifier\">\n\t\t\t\t<span class='innericon' style=\"display:block;\">\n\t\t\t<svg version=\"1.1\" xmlns=\"http:\/\/www.w3.org\/2000\/svg\" xmlns:xlink=\"http:\/\/www.w3.org\/1999\/xlink\" x=\"0px\" y=\"0px\" width=\"22\" height=\"22\" viewBox=\"0 0 512 512\" enable-background=\"new 0 0 512 512\" xml:space=\"preserve\">\n\t\t\t\t\t<path d=\"M460.355,421.59L353.844,315.078c20.041-27.553,31.885-61.437,31.885-98.037\n\t\t\t\t\t\tC385.729,124.934,310.793,50,218.686,50C126.58,50,51.645,124.934,51.645,217.041c0,92.106,74.936,167.041,167.041,167.041\n\t\t\t\t\t\tc34.912,0,67.352-10.773,94.184-29.158L419.945,462L460.355,421.59z M100.631,217.041c0-65.096,52.959-118.056,118.055-118.056\n\t\t\t\t\t\tc65.098,0,118.057,52.959,118.057,118.056c0,65.096-52.959,118.056-118.057,118.056C153.59,335.097,100.631,282.137,100.631,217.041\n\t\t\t\t\t\tz\"\/>\n\t\t\t\t<\/svg>\n\t\t<\/span>\n\t<\/button>\n\n\t\n\t\n\t<div class='proloading'>\n\n\t\t<div class=\"asl_loader\"><div class=\"asl_loader-inner asl_simple-circle\"><\/div><\/div>\n\n\t\t\t<\/div>\n\n\t\t\t<div class='proclose'>\n\t\t\t<svg version=\"1.1\" xmlns=\"http:\/\/www.w3.org\/2000\/svg\" xmlns:xlink=\"http:\/\/www.w3.org\/1999\/xlink\" x=\"0px\"\n\t\t\t\ty=\"0px\"\n\t\t\t\twidth=\"12\" height=\"12\" viewBox=\"0 0 512 512\" enable-background=\"new 0 0 512 512\"\n\t\t\t\txml:space=\"preserve\">\n\t\t\t\t<polygon points=\"438.393,374.595 319.757,255.977 438.378,137.348 374.595,73.607 255.995,192.225 137.375,73.622 73.607,137.352 192.246,255.983 73.622,374.625 137.352,438.393 256.002,319.734 374.652,438.378 \"\/>\n\t\t\t<\/svg>\n\t\t<\/div>\n\t\n\t\n<\/div>\t<\/div>\n\t<div class='asl_data_container' style=\"display:none !important;\">\n\t\t<div class=\"asl_init_data wpdreams_asl_data_ct\"\n\tstyle=\"display:none !important;\"\n\tid=\"asl_init_id_1\"\n\tdata-asl-id=\"1\"\n\tdata-asl-instance=\"1\"\n\tdata-settings=\"{&quot;homeurl&quot;:&quot;https:\\\/\\\/orthodoxalbania.org\\\/2020\\\/&quot;,&quot;resultstype&quot;:&quot;vertical&quot;,&quot;resultsposition&quot;:&quot;hover&quot;,&quot;itemscount&quot;:4,&quot;charcount&quot;:0,&quot;highlight&quot;:false,&quot;highlightWholewords&quot;:true,&quot;singleHighlight&quot;:false,&quot;scrollToResults&quot;:{&quot;enabled&quot;:false,&quot;offset&quot;:0},&quot;resultareaclickable&quot;:1,&quot;autocomplete&quot;:{&quot;enabled&quot;:true,&quot;lang&quot;:&quot;en&quot;,&quot;trigger_charcount&quot;:0},&quot;mobile&quot;:{&quot;menu_selector&quot;:&quot;#menu-toggle&quot;},&quot;trigger&quot;:{&quot;click&quot;:&quot;ajax_search&quot;,&quot;click_location&quot;:&quot;same&quot;,&quot;update_href&quot;:false,&quot;return&quot;:&quot;nothing&quot;,&quot;return_location&quot;:&quot;same&quot;,&quot;facet&quot;:true,&quot;type&quot;:true,&quot;redirect_url&quot;:&quot;?s={phrase}&quot;,&quot;delay&quot;:300},&quot;animations&quot;:{&quot;pc&quot;:{&quot;settings&quot;:{&quot;anim&quot;:&quot;fadedrop&quot;,&quot;dur&quot;:300},&quot;results&quot;:{&quot;anim&quot;:&quot;fadedrop&quot;,&quot;dur&quot;:300},&quot;items&quot;:&quot;voidanim&quot;},&quot;mob&quot;:{&quot;settings&quot;:{&quot;anim&quot;:&quot;fadedrop&quot;,&quot;dur&quot;:300},&quot;results&quot;:{&quot;anim&quot;:&quot;fadedrop&quot;,&quot;dur&quot;:300},&quot;items&quot;:&quot;voidanim&quot;}},&quot;autop&quot;:{&quot;state&quot;:true,&quot;phrase&quot;:&quot;&quot;,&quot;count&quot;:&quot;1&quot;},&quot;resPage&quot;:{&quot;useAjax&quot;:false,&quot;selector&quot;:&quot;#main&quot;,&quot;trigger_type&quot;:true,&quot;trigger_facet&quot;:true,&quot;trigger_magnifier&quot;:false,&quot;trigger_return&quot;:false},&quot;resultsSnapTo&quot;:&quot;left&quot;,&quot;results&quot;:{&quot;width&quot;:&quot;auto&quot;,&quot;width_tablet&quot;:&quot;auto&quot;,&quot;width_phone&quot;:&quot;auto&quot;},&quot;settingsimagepos&quot;:&quot;right&quot;,&quot;closeOnDocClick&quot;:true,&quot;overridewpdefault&quot;:false,&quot;override_method&quot;:&quot;get&quot;}\"><\/div>\n\t<div id=\"asl_hidden_data\">\n\t\t<svg style=\"position:absolute\" height=\"0\" width=\"0\">\n\t\t\t<filter id=\"aslblur\">\n\t\t\t\t<feGaussianBlur in=\"SourceGraphic\" stdDeviation=\"4\"\/>\n\t\t\t<\/filter>\n\t\t<\/svg>\n\t\t<svg style=\"position:absolute\" height=\"0\" width=\"0\">\n\t\t\t<filter id=\"no_aslblur\"><\/filter>\n\t\t<\/svg>\n\t<\/div>\n\t<\/div>\n\n\t<div id='ajaxsearchliteres1'\n\tclass='vertical wpdreams_asl_results asl_w asl_r asl_r_1 asl_r_1_1'>\n\n\t\n\t<div class=\"results\">\n\n\t\t\n\t\t<div class=\"resdrg\">\n\t\t<\/div>\n\n\t\t\n\t<\/div>\n\n\t\n\t\n<\/div>\n\n\t<div id='__original__ajaxsearchlitesettings1'\n\t\tdata-id=\"1\"\n\t\tclass=\"searchsettings wpdreams_asl_settings asl_w asl_s asl_s_1\">\n\t\t<form name='options'\n\t\taria-label=\"Search settings form\"\n\t\tautocomplete = 'off'>\n\n\t\n\t\n\t<input type=\"hidden\" name=\"filters_changed\" style=\"display:none;\" value=\"0\">\n\t<input type=\"hidden\" name=\"filters_initial\" style=\"display:none;\" value=\"1\">\n\n\t<div class=\"asl_option_inner hiddend\">\n\t\t<input type='hidden' name='qtranslate_lang' id='qtranslate_lang'\n\t\t\t\tvalue='0'\/>\n\t<\/div>\n\n\t\n\t\t\t<div class=\"asl_option_inner hiddend\">\n\t\t\t<input type='hidden' name='polylang_lang'\n\t\t\t\t\tvalue=''\/>\n\t\t<\/div>\n\t\n\t<fieldset class=\"asl_sett_scroll\">\n\t\t<legend style=\"display: none;\">Generic selectors<\/legend>\n\t\t<div class=\"asl_option hiddend\" tabindex=\"0\">\n\t\t\t<div class=\"asl_option_inner\">\n\t\t\t\t<input type=\"checkbox\" value=\"exact\"\n\t\t\t\t\t\taria-label=\"Exact matches only\"\n\t\t\t\t\t\tname=\"asl_gen[]\"  checked=\"checked\"\/>\n\t\t\t\t<div class=\"asl_option_checkbox\"><\/div>\n\t\t\t<\/div>\n\t\t\t<div class=\"asl_option_label\">\n\t\t\t\tExact matches only\t\t\t<\/div>\n\t\t<\/div>\n\t\t<div class=\"asl_option hiddend\" tabindex=\"0\">\n\t\t\t<div class=\"asl_option_inner\">\n\t\t\t\t<input type=\"checkbox\" value=\"title\"\n\t\t\t\t\t\taria-label=\"Search in title\"\n\t\t\t\t\t\tname=\"asl_gen[]\"  checked=\"checked\"\/>\n\t\t\t\t<div class=\"asl_option_checkbox\"><\/div>\n\t\t\t<\/div>\n\t\t\t<div class=\"asl_option_label\">\n\t\t\t\tSearch in title\t\t\t<\/div>\n\t\t<\/div>\n\t\t<div class=\"asl_option hiddend\" tabindex=\"0\">\n\t\t\t<div class=\"asl_option_inner\">\n\t\t\t\t<input type=\"checkbox\" value=\"content\"\n\t\t\t\t\t\taria-label=\"Search in content\"\n\t\t\t\t\t\tname=\"asl_gen[]\"  checked=\"checked\"\/>\n\t\t\t\t<div class=\"asl_option_checkbox\"><\/div>\n\t\t\t<\/div>\n\t\t\t<div class=\"asl_option_label\">\n\t\t\t\tSearch in content\t\t\t<\/div>\n\t\t<\/div>\n\t\t<div class=\"asl_option_inner hiddend\">\n\t\t\t<input type=\"checkbox\" value=\"excerpt\"\n\t\t\t\t\taria-label=\"Search in excerpt\"\n\t\t\t\t\tname=\"asl_gen[]\"  checked=\"checked\"\/>\n\t\t\t<div class=\"asl_option_checkbox\"><\/div>\n\t\t<\/div>\n\t<\/fieldset>\n\t<fieldset class=\"asl_sett_scroll\">\n\t\t<legend style=\"display: none;\">Post Type Selectors<\/legend>\n\t\t\t\t\t<div class=\"asl_option\" tabindex=\"0\">\n\t\t\t\t<div class=\"asl_option_inner\">\n\t\t\t\t\t<input type=\"checkbox\" value=\"fusion_tb_layout\"\n\t\t\t\t\t\t\taria-label=\"fusion_tb_layout\"\n\t\t\t\t\t\t\tname=\"customset[]\" \/>\n\t\t\t\t\t<div class=\"asl_option_checkbox\"><\/div>\n\t\t\t\t<\/div>\n\t\t\t\t<div class=\"asl_option_label\">\n\t\t\t\t\tfusion_tb_layout\t\t\t\t<\/div>\n\t\t\t<\/div>\n\t\t\t\t\t\t<div class=\"asl_option_inner hiddend\">\n\t\t\t\t<input type=\"checkbox\" value=\"customize_changeset\"\n\t\t\t\t\t\taria-label=\"Hidden option, ignore please\"\n\t\t\t\t\t\tname=\"customset[]\" checked=\"checked\"\/>\n\t\t\t<\/div>\n\t\t\t\t\t\t<div class=\"asl_option_inner hiddend\">\n\t\t\t\t<input type=\"checkbox\" value=\"post\"\n\t\t\t\t\t\taria-label=\"Hidden option, ignore please\"\n\t\t\t\t\t\tname=\"customset[]\" checked=\"checked\"\/>\n\t\t\t<\/div>\n\t\t\t\t\t\t<div class=\"asl_option_inner hiddend\">\n\t\t\t\t<input type=\"checkbox\" value=\"oembed_cache\"\n\t\t\t\t\t\taria-label=\"Hidden option, ignore please\"\n\t\t\t\t\t\tname=\"customset[]\" checked=\"checked\"\/>\n\t\t\t<\/div>\n\t\t\t\t\t\t<div class=\"asl_option_inner hiddend\">\n\t\t\t\t<input type=\"checkbox\" value=\"wp_block\"\n\t\t\t\t\t\taria-label=\"Hidden option, ignore please\"\n\t\t\t\t\t\tname=\"customset[]\" checked=\"checked\"\/>\n\t\t\t<\/div>\n\t\t\t\t\t\t<div class=\"asl_option_inner hiddend\">\n\t\t\t\t<input type=\"checkbox\" value=\"dflip\"\n\t\t\t\t\t\taria-label=\"Hidden option, ignore please\"\n\t\t\t\t\t\tname=\"customset[]\" checked=\"checked\"\/>\n\t\t\t<\/div>\n\t\t\t\t\t\t<div class=\"asl_option_inner hiddend\">\n\t\t\t\t<input type=\"checkbox\" value=\"acf-field-group\"\n\t\t\t\t\t\taria-label=\"Hidden option, ignore please\"\n\t\t\t\t\t\tname=\"customset[]\" checked=\"checked\"\/>\n\t\t\t<\/div>\n\t\t\t\t\t\t<div class=\"asl_option_inner hiddend\">\n\t\t\t\t<input type=\"checkbox\" value=\"page\"\n\t\t\t\t\t\taria-label=\"Hidden option, ignore please\"\n\t\t\t\t\t\tname=\"customset[]\" checked=\"checked\"\/>\n\t\t\t<\/div>\n\t\t\t\t\t\t<div class=\"asl_option_inner hiddend\">\n\t\t\t\t<input type=\"checkbox\" value=\"custom_css\"\n\t\t\t\t\t\taria-label=\"Hidden option, ignore please\"\n\t\t\t\t\t\tname=\"customset[]\" checked=\"checked\"\/>\n\t\t\t<\/div>\n\t\t\t\t\t\t<div class=\"asl_option_inner hiddend\">\n\t\t\t\t<input type=\"checkbox\" value=\"user_request\"\n\t\t\t\t\t\taria-label=\"Hidden option, ignore please\"\n\t\t\t\t\t\tname=\"customset[]\" checked=\"checked\"\/>\n\t\t\t<\/div>\n\t\t\t\t<\/fieldset>\n\t<\/form>\n\t<\/div>\n<\/div>\n<\/div><\/div><div class=\"fusion-title title fusion-title-1 fusion-sep-none fusion-title-center fusion-title-highlight fusion-animate-once fusion-highlight-underline fusion-title-size-four\" style=\"--awb-highlight-color:rgba(232,16,4,0.8);--awb-highlight-width:4;--awb-margin-bottom:25px;\" data-highlight=\"underline\"><h4 class=\"fusion-title-heading title-heading-center fusion-responsive-typography-calculated\" style=\"margin:0;--fontSize:18;--minFontSize:18;line-height:1.35;\"><span class=\"fusion-highlighted-text-prefix\">Qendra Orthodhokse Diagnostike<\/span> <span class=\"fusion-highlighted-text-wrapper\"><span class=\"fusion-highlighted-text\">\u201cUngjill\u00ebzimi\u201d<\/span><svg xmlns=\"http:\/\/www.w3.org\/2000\/svg\" viewBox=\"0 0 500 150\" preserveAspectRatio=\"none\"><path d=\"M8.1,146.2c0,0,240.6-55.6,479-13.8\"><\/path><\/svg><\/span> <span class=\"fusion-highlighted-text-postfix\"><\/span><\/h4><\/div><div class=\"fusion-image-element fusion-image-align-center in-legacy-container\" style=\"text-align:center;--awb-caption-title-font-family:var(--h2_typography-font-family);--awb-caption-title-font-weight:var(--h2_typography-font-weight);--awb-caption-title-font-style:var(--h2_typography-font-style);--awb-caption-title-size:var(--h2_typography-font-size);--awb-caption-title-transform:var(--h2_typography-text-transform);--awb-caption-title-line-height:var(--h2_typography-line-height);--awb-caption-title-letter-spacing:var(--h2_typography-letter-spacing);--awb-filter:sepia(14%);--awb-filter-transition:filter 0.3s ease;--awb-filter-hover:sepia(0%);\"><div class=\"imageframe-align-center\"><span class=\" fusion-imageframe imageframe-dropshadow imageframe-1 hover-type-zoomin\" style=\"border:2px solid #00bcd4;-webkit-box-shadow: 4px 4px 8px rgba(0,0,0,0.62);box-shadow: 4px 4px 8px rgba(0,0,0,0.62);\"><a class=\"fusion-no-lightbox\" href=\"http:\/\/klinikaorthodhokse.com\/al\/\" target=\"_blank\" aria-label=\"logo klinika\" rel=\"noopener noreferrer\"><img decoding=\"async\" width=\"97\" height=\"131\" src=\"data:image\/svg+xml,%3Csvg%20xmlns%3D%27http%3A%2F%2Fwww.w3.org%2F2000%2Fsvg%27%20width%3D%2797%27%20height%3D%27131%27%20viewBox%3D%270%200%2097%20131%27%3E%3Crect%20width%3D%2797%27%20height%3D%27131%27%20fill-opacity%3D%220%22%2F%3E%3C%2Fsvg%3E\" data-orig-src=\"https:\/\/orthodoxalbania.org\/2020\/wp-content\/uploads\/2013\/03\/logo-klinika-1.png\" alt class=\"lazyload img-responsive wp-image-60743\"\/><\/a><\/span><\/div><\/div><div class=\"fusion-sep-clear\"><\/div><div class=\"fusion-separator fusion-full-width-sep\" style=\"margin-left: auto;margin-right: auto;margin-top:25px;margin-bottom:25px;width:100%;\"><div class=\"fusion-separator-border sep-shadow\" style=\"--awb-height:20px;--awb-amount:20px;background:radial-gradient(ellipse at 50% -50% , #E8E6E5 0px, rgba(255, 255, 255, 0) 80%) repeat scroll 0 0 rgba(0, 0, 0, 0);background:-webkit-radial-gradient(ellipse at 50% -50% , #E8E6E5 0px, rgba(255, 255, 255, 0) 80%) repeat scroll 0 0 rgba(0, 0, 0, 0);background:-moz-radial-gradient(ellipse at 50% -50% , #E8E6E5 0px, rgba(255, 255, 255, 0) 80%) repeat scroll 0 0 rgba(0, 0, 0, 0);background:-o-radial-gradient(ellipse at 50% -50% , #E8E6E5 0px, rgba(255, 255, 255, 0) 80%) repeat scroll 0 0 rgba(0, 0, 0, 0);\"><\/div><\/div><div class=\"fusion-sep-clear\"><\/div><div class=\"fusion-title title fusion-title-2 fusion-sep-none fusion-title-center fusion-title-highlight fusion-animate-loop fusion-highlight-underline fusion-title-size-four\" style=\"--awb-highlight-width:4;--awb-font-size:20px;\" data-highlight=\"underline\"><h4 class=\"fusion-title-heading title-heading-center fusion-responsive-typography-calculated\" style=\"margin:0;font-size:1em;--fontSize:20;--minFontSize:20;line-height:1.35;\"><span class=\"fusion-highlighted-text-prefix\"><\/span> <span class=\"fusion-highlighted-text-wrapper\"><span class=\"fusion-highlighted-text\">T\u00eb reja<\/span><svg xmlns=\"http:\/\/www.w3.org\/2000\/svg\" viewBox=\"0 0 500 150\" preserveAspectRatio=\"none\"><path d=\"M8.1,146.2c0,0,240.6-55.6,479-13.8\"><\/path><\/svg><\/span> <span class=\"fusion-highlighted-text-postfix\"><\/span><\/h4><\/div><div class=\"fusion-recent-posts fusion-recent-posts-1 avada-container layout-default layout-columns-1 fusion-recent-posts-center\"><section class=\"fusion-columns columns fusion-columns-1 columns-1\"><article class=\"post fusion-column column col col-lg-12 col-md-12 col-sm-12\"><div class=\"recent-posts-content\"><span class=\"vcard\" style=\"display: none;\"><span class=\"fn\"><a href=\"https:\/\/orthodoxalbania.org\/2020\/author\/vaggelitsag19\/\" title=\"Posts by Kisha Orthodhokse\" rel=\"author\">Kisha Orthodhokse<\/a><\/span><\/span><span class=\"updated\" style=\"display:none;\">2023-03-17T23:36:53+01:00<\/span><h4 class=\"entry-title\"><a href=\"https:\/\/orthodoxalbania.org\/2020\/2023\/03\/17\/tomografia-e-kompjuterizuar-skaneri-aparature-e-fjales-se-fundit-dhurate-e-fondacionit-onassis-per-qendren-diagnostike-ungjillezimi\/\">Tomografia e Kompjuterizuar (Skaneri), aparatur\u00eb e fjal\u00ebs s\u00eb fundit Dhurat\u00eb e Fondacionit \u201cOnassis\u201d p\u00ebr Qendr\u00ebn Diagnostike \u201cUngjill\u00ebzimi\u201d.<\/a><\/h4><\/div><\/article><article class=\"post fusion-column column col col-lg-12 col-md-12 col-sm-12\"><div class=\"recent-posts-content\"><span class=\"vcard\" style=\"display: none;\"><span class=\"fn\"><a href=\"https:\/\/orthodoxalbania.org\/2020\/author\/giokashar\/\" title=\"Posts by Kisha Orthodhokse\" rel=\"author\">Kisha Orthodhokse<\/a><\/span><\/span><span class=\"updated\" style=\"display:none;\">2022-08-04T10:54:01+02:00<\/span><h4 class=\"entry-title\"><a href=\"https:\/\/orthodoxalbania.org\/2020\/2014\/04\/30\/fondacioni-klinikat-orthodhokse-te-ungjillezimit-klinika-okulistike-dhe-orl-sherbim-i-ri-i-kirurgjise-okulistike\/\">Fondacioni \u201cKlinikat Orthodhokse t\u00eb Ungjill\u00ebzimit\u201d &#8211; Klinika Okulistike dhe ORL, Sh\u00ebrbim i ri i Kirurgjis\u00eb Okulistike. (30 Prill 2014)<\/a><\/h4><\/div><\/article><article class=\"post fusion-column column col col-lg-12 col-md-12 col-sm-12\"><div class=\"recent-posts-content\"><span class=\"vcard\" style=\"display: none;\"><span class=\"fn\"><a href=\"https:\/\/orthodoxalbania.org\/2020\/author\/giokashar\/\" title=\"Posts by Kisha Orthodhokse\" rel=\"author\">Kisha Orthodhokse<\/a><\/span><\/span><span class=\"updated\" style=\"display:none;\">2020-04-06T22:31:53+02:00<\/span><h4 class=\"entry-title\"><a href=\"https:\/\/orthodoxalbania.org\/2020\/2013\/03\/21\/perurohet-nje-qender-moderne-okulistike-dhe-orl\/\">P\u00ebrurohet nj\u00eb Qend\u00ebr modern\u00eb okulistike dhe ORL. (12 Mars 2012)<\/a><\/h4><\/div><\/article><article class=\"post fusion-column column col col-lg-12 col-md-12 col-sm-12\"><div class=\"recent-posts-content\"><span class=\"vcard\" style=\"display: none;\"><span class=\"fn\"><a href=\"https:\/\/orthodoxalbania.org\/2020\/author\/giokashar\/\" title=\"Posts by Kisha Orthodhokse\" rel=\"author\">Kisha Orthodhokse<\/a><\/span><\/span><span class=\"updated\" style=\"display:none;\">2020-04-06T22:31:56+02:00<\/span><h4 class=\"entry-title\"><a href=\"https:\/\/orthodoxalbania.org\/2020\/2013\/03\/21\/qendra-okulistike-orl\/\">Qendra Okulistike-ORL. (2011)<\/a><\/h4><\/div><\/article><article class=\"post fusion-column column col col-lg-12 col-md-12 col-sm-12\"><div class=\"recent-posts-content\"><span class=\"vcard\" style=\"display: none;\"><span class=\"fn\"><a href=\"https:\/\/orthodoxalbania.org\/2020\/author\/giokashar\/\" title=\"Posts by Kisha Orthodhokse\" rel=\"author\">Kisha Orthodhokse<\/a><\/span><\/span><span class=\"updated\" style=\"display:none;\">2020-04-06T22:32:00+02:00<\/span><h4 class=\"entry-title\"><a href=\"https:\/\/orthodoxalbania.org\/2020\/2013\/03\/21\/faqja-e-re-ne-internet-e-qendres-orthodhokse-diagnostike-ungjillezimi\/\">Faqja e re n\u00eb internet e Qendr\u00ebs Orthodhokse Diagnostike \u201cUngjill\u00ebzimi\u201d. (2011)<\/a><\/h4><\/div><\/article><article class=\"post fusion-column column col col-lg-12 col-md-12 col-sm-12\"><div class=\"recent-posts-content\"><span class=\"vcard\" style=\"display: none;\"><span class=\"fn\"><a href=\"https:\/\/orthodoxalbania.org\/2020\/author\/giokashar\/\" title=\"Posts by Kisha Orthodhokse\" rel=\"author\">Kisha Orthodhokse<\/a><\/span><\/span><span class=\"updated\" style=\"display:none;\">2020-04-06T22:32:04+02:00<\/span><h4 class=\"entry-title\"><a href=\"https:\/\/orthodoxalbania.org\/2020\/2013\/03\/21\/qendra-diagnostike-orthodhokse-ungjillezimi-pajiset-me-aparaturat-e-reja-panorameks-dhe-elastografi-2011\/\">Qendra Diagnostike Orthodhokse \u201cUngjill\u00ebzimi\u201d pajiset me aparaturat e reja: \u201cPanorameks\u201d dhe \u201cElastografi\u201d. (2011)<\/a><\/h4><\/div><\/article><article class=\"post fusion-column column col col-lg-12 col-md-12 col-sm-12\"><div class=\"recent-posts-content\"><span class=\"vcard\" style=\"display: none;\"><span class=\"fn\"><a href=\"https:\/\/orthodoxalbania.org\/2020\/author\/giokashar\/\" title=\"Posts by Kisha Orthodhokse\" rel=\"author\">Kisha Orthodhokse<\/a><\/span><\/span><span class=\"updated\" style=\"display:none;\">2020-04-06T22:35:14+02:00<\/span><h4 class=\"entry-title\"><a href=\"https:\/\/orthodoxalbania.org\/2020\/2009\/03\/13\/papa-dhe-patriarku-i-aleksandrise-dhe-gjithe-afrikes-theodhori-ii-viziton-kliniken-orthodhokse-ungjillezimi-dhe-pritet-me-madheshti-ne-qytetin-e-korces-2009\/\">Papa dhe Patriarku i Aleksandris\u00eb dhe gjith\u00eb Afrik\u00ebs, Theodhori II viziton Klinik\u00ebn Orthodhokse \u201cUngjill\u00ebzimi\u201d dhe pritet me madh\u00ebshti n\u00eb qytetin e Kor\u00e7\u00ebs. (2009)<\/a><\/h4><\/div><\/article><\/section><\/div><div class=\"fusion-clearfix\"><\/div><\/div><\/div><\/div><\/div>\n","protected":false},"excerpt":{"rendered":"<p>Kujdesi sh\u00ebndet\u00ebsor. Kryepiskopi Anastas, duke kujtuar Urdh\u00ebres\u00ebn e Jisuit p\u00ebr t\u00eb s\u00ebmur\u00ebt dhe duke par\u00eb nevoj\u00ebn e madhe q\u00eb kishte populli<\/p>\n","protected":false},"author":14,"featured_media":0,"comment_status":"closed","ping_status":"closed","sticky":false,"template":"","format":"standard","meta":{"_acf_changed":false,"pagelayer_contact_templates":[],"_pagelayer_content":"","inline_featured_image":false,"fifu_image_url":"","fifu_image_alt":"","footnotes":""},"categories":[267],"tags":[602,599,603],"class_list":["post-3352","post","type-post","status-publish","format-standard","hentry","category-vepra-sociale","tag-kujdesi-shendetesor","tag-vepra-sociale","tag-vepra-sociale-page"],"acf":[],"yoast_head":"<!-- This site is optimized with the Yoast SEO plugin v27.2 - https:\/\/yoast.com\/product\/yoast-seo-wordpress\/ -->\n<title>Kujdesi sh\u00ebndet\u00ebsor - Kisha Orthodh\u03bfkse Autoqefale e Shqip\u00ebris\u00eb<\/title>\n<meta name=\"description\" content=\"Kujdesi sh\u00ebndet\u00ebsor. Kryepiskopi Anastas, duke kujtuar Urdh\u00ebres\u00ebn e Jisuit p\u00ebr t\u00eb s\u00ebmur\u00ebt dhe duke par\u00eb nevoj\u00ebn e madhe q\u00eb kishte populli\" \/>\n<meta name=\"robots\" content=\"index, follow, max-snippet:-1, max-image-preview:large, max-video-preview:-1\" \/>\n<link rel=\"canonical\" href=\"https:\/\/orthodoxalbania.org\/2020\/2013\/03\/31\/2-kujdesi-shendetesor\/\" \/>\n<meta property=\"og:locale\" content=\"en_US\" \/>\n<meta property=\"og:type\" content=\"article\" \/>\n<meta property=\"og:title\" content=\"Kujdesi sh\u00ebndet\u00ebsor - Kisha Orthodh\u03bfkse Autoqefale e Shqip\u00ebris\u00eb\" \/>\n<meta property=\"og:description\" content=\"Kujdesi sh\u00ebndet\u00ebsor. Kryepiskopi Anastas, duke kujtuar Urdh\u00ebres\u00ebn e Jisuit p\u00ebr t\u00eb s\u00ebmur\u00ebt dhe duke par\u00eb nevoj\u00ebn e madhe q\u00eb kishte populli\" \/>\n<meta property=\"og:url\" content=\"https:\/\/orthodoxalbania.org\/2020\/2013\/03\/31\/2-kujdesi-shendetesor\/\" \/>\n<meta property=\"og:site_name\" content=\"Kisha Orthodh\u03bfkse Autoqefale e Shqip\u00ebris\u00eb\" \/>\n<meta property=\"article:publisher\" content=\"https:\/\/www.facebook.com\/koash1991\" \/>\n<meta property=\"article:published_time\" content=\"2013-03-31T19:03:01+00:00\" \/>\n<meta property=\"article:modified_time\" content=\"2022-08-04T09:32:41+00:00\" \/>\n<meta property=\"og:image\" content=\"https:\/\/orthodoxalbania.org\/2020\/wp-content\/uploads\/2013\/03\/klinika-orthodhokse2.png\" \/>\n<meta name=\"author\" content=\"neo_admin\" \/>\n<meta name=\"twitter:card\" content=\"summary_large_image\" \/>\n<meta name=\"twitter:label1\" content=\"Written by\" \/>\n\t<meta name=\"twitter:data1\" content=\"neo_admin\" \/>\n\t<meta name=\"twitter:label2\" content=\"Est. reading time\" \/>\n\t<meta name=\"twitter:data2\" content=\"7 minutes\" \/>\n<script type=\"application\/ld+json\" class=\"yoast-schema-graph\">{\"@context\":\"https:\/\/schema.org\",\"@graph\":[{\"@type\":\"Article\",\"@id\":\"https:\/\/orthodoxalbania.org\/2020\/2013\/03\/31\/2-kujdesi-shendetesor\/#article\",\"isPartOf\":{\"@id\":\"https:\/\/orthodoxalbania.org\/2020\/2013\/03\/31\/2-kujdesi-shendetesor\/\"},\"author\":{\"name\":\"neo_admin\",\"@id\":\"https:\/\/orthodoxalbania.org\/2020\/#\/schema\/person\/dd2bdc135b53c60d45b8bb329565cf6d\"},\"headline\":\"Kujdesi sh\u00ebndet\u00ebsor\",\"datePublished\":\"2013-03-31T19:03:01+00:00\",\"dateModified\":\"2022-08-04T09:32:41+00:00\",\"mainEntityOfPage\":{\"@id\":\"https:\/\/orthodoxalbania.org\/2020\/2013\/03\/31\/2-kujdesi-shendetesor\/\"},\"wordCount\":2483,\"publisher\":{\"@id\":\"https:\/\/orthodoxalbania.org\/2020\/#organization\"},\"image\":{\"@id\":\"https:\/\/orthodoxalbania.org\/2020\/2013\/03\/31\/2-kujdesi-shendetesor\/#primaryimage\"},\"thumbnailUrl\":\"https:\/\/orthodoxalbania.org\/2020\/wp-content\/uploads\/2013\/03\/klinika-orthodhokse2.png\",\"keywords\":[\"Kujdesi sh\u00ebndet\u00ebsor\",\"Vepra Sociale\",\"Vepra Sociale PAGE\"],\"articleSection\":[\"Vepra sociale\"],\"inLanguage\":\"en-US\"},{\"@type\":\"WebPage\",\"@id\":\"https:\/\/orthodoxalbania.org\/2020\/2013\/03\/31\/2-kujdesi-shendetesor\/\",\"url\":\"https:\/\/orthodoxalbania.org\/2020\/2013\/03\/31\/2-kujdesi-shendetesor\/\",\"name\":\"Kujdesi sh\u00ebndet\u00ebsor - Kisha Orthodh\u03bfkse Autoqefale e Shqip\u00ebris\u00eb\",\"isPartOf\":{\"@id\":\"https:\/\/orthodoxalbania.org\/2020\/#website\"},\"primaryImageOfPage\":{\"@id\":\"https:\/\/orthodoxalbania.org\/2020\/2013\/03\/31\/2-kujdesi-shendetesor\/#primaryimage\"},\"image\":{\"@id\":\"https:\/\/orthodoxalbania.org\/2020\/2013\/03\/31\/2-kujdesi-shendetesor\/#primaryimage\"},\"thumbnailUrl\":\"https:\/\/orthodoxalbania.org\/2020\/wp-content\/uploads\/2013\/03\/klinika-orthodhokse2.png\",\"datePublished\":\"2013-03-31T19:03:01+00:00\",\"dateModified\":\"2022-08-04T09:32:41+00:00\",\"description\":\"Kujdesi sh\u00ebndet\u00ebsor. Kryepiskopi Anastas, duke kujtuar Urdh\u00ebres\u00ebn e Jisuit p\u00ebr t\u00eb s\u00ebmur\u00ebt dhe duke par\u00eb nevoj\u00ebn e madhe q\u00eb kishte populli\",\"breadcrumb\":{\"@id\":\"https:\/\/orthodoxalbania.org\/2020\/2013\/03\/31\/2-kujdesi-shendetesor\/#breadcrumb\"},\"inLanguage\":\"en-US\",\"potentialAction\":[{\"@type\":\"ReadAction\",\"target\":[\"https:\/\/orthodoxalbania.org\/2020\/2013\/03\/31\/2-kujdesi-shendetesor\/\"]}]},{\"@type\":\"ImageObject\",\"inLanguage\":\"en-US\",\"@id\":\"https:\/\/orthodoxalbania.org\/2020\/2013\/03\/31\/2-kujdesi-shendetesor\/#primaryimage\",\"url\":\"https:\/\/orthodoxalbania.org\/2020\/wp-content\/uploads\/2013\/03\/klinika-orthodhokse2.png\",\"contentUrl\":\"https:\/\/orthodoxalbania.org\/2020\/wp-content\/uploads\/2013\/03\/klinika-orthodhokse2.png\",\"width\":300,\"height\":300},{\"@type\":\"BreadcrumbList\",\"@id\":\"https:\/\/orthodoxalbania.org\/2020\/2013\/03\/31\/2-kujdesi-shendetesor\/#breadcrumb\",\"itemListElement\":[{\"@type\":\"ListItem\",\"position\":1,\"name\":\"Home\",\"item\":\"https:\/\/orthodoxalbania.org\/2020\/\"},{\"@type\":\"ListItem\",\"position\":2,\"name\":\"Kujdesi sh\u00ebndet\u00ebsor\"}]},{\"@type\":\"WebSite\",\"@id\":\"https:\/\/orthodoxalbania.org\/2020\/#website\",\"url\":\"https:\/\/orthodoxalbania.org\/2020\/\",\"name\":\"Kisha Orthodh\u03bfkse Autoqefale e Shqip\u00ebris\u00eb\",\"description\":\"Fqja Zyrtare e Kish\u00ebs Orthodhokse Autoqefale e Shqip\u00ebris\u00eb me lajmet edhe informacionet zyrtare p\u00ebr struktur\u00ebn edhe veprimtarin e saj.\",\"publisher\":{\"@id\":\"https:\/\/orthodoxalbania.org\/2020\/#organization\"},\"potentialAction\":[{\"@type\":\"SearchAction\",\"target\":{\"@type\":\"EntryPoint\",\"urlTemplate\":\"https:\/\/orthodoxalbania.org\/2020\/?s={search_term_string}\"},\"query-input\":{\"@type\":\"PropertyValueSpecification\",\"valueRequired\":true,\"valueName\":\"search_term_string\"}}],\"inLanguage\":\"en-US\"},{\"@type\":\"Organization\",\"@id\":\"https:\/\/orthodoxalbania.org\/2020\/#organization\",\"name\":\"Kisha Orthodhokse Autoqefale e Shqip\u00ebris\u00eb\",\"url\":\"https:\/\/orthodoxalbania.org\/2020\/\",\"logo\":{\"@type\":\"ImageObject\",\"inLanguage\":\"en-US\",\"@id\":\"https:\/\/orthodoxalbania.org\/2020\/#\/schema\/logo\/image\/\",\"url\":\"https:\/\/orthodoxalbania.org\/2020\/wp-content\/uploads\/2020\/05\/albania.jpeg\",\"contentUrl\":\"https:\/\/orthodoxalbania.org\/2020\/wp-content\/uploads\/2020\/05\/albania.jpeg\",\"width\":540,\"height\":540,\"caption\":\"Kisha Orthodhokse Autoqefale e Shqip\u00ebris\u00eb\"},\"image\":{\"@id\":\"https:\/\/orthodoxalbania.org\/2020\/#\/schema\/logo\/image\/\"},\"sameAs\":[\"https:\/\/www.facebook.com\/koash1991\"]},{\"@type\":\"Person\",\"@id\":\"https:\/\/orthodoxalbania.org\/2020\/#\/schema\/person\/dd2bdc135b53c60d45b8bb329565cf6d\",\"name\":\"neo_admin\",\"image\":{\"@type\":\"ImageObject\",\"inLanguage\":\"en-US\",\"@id\":\"https:\/\/secure.gravatar.com\/avatar\/53e6cdc30765aade0129f85e5aeb50124b1d3f5bb9a70373be31e4eb328371e0?s=96&d=mm&r=g\",\"url\":\"https:\/\/secure.gravatar.com\/avatar\/53e6cdc30765aade0129f85e5aeb50124b1d3f5bb9a70373be31e4eb328371e0?s=96&d=mm&r=g\",\"contentUrl\":\"https:\/\/secure.gravatar.com\/avatar\/53e6cdc30765aade0129f85e5aeb50124b1d3f5bb9a70373be31e4eb328371e0?s=96&d=mm&r=g\",\"caption\":\"neo_admin\"}}]}<\/script>\n<!-- \/ Yoast SEO plugin. -->","yoast_head_json":{"title":"Kujdesi sh\u00ebndet\u00ebsor - Kisha Orthodh\u03bfkse Autoqefale e Shqip\u00ebris\u00eb","description":"Kujdesi sh\u00ebndet\u00ebsor. Kryepiskopi Anastas, duke kujtuar Urdh\u00ebres\u00ebn e Jisuit p\u00ebr t\u00eb s\u00ebmur\u00ebt dhe duke par\u00eb nevoj\u00ebn e madhe q\u00eb kishte populli","robots":{"index":"index","follow":"follow","max-snippet":"max-snippet:-1","max-image-preview":"max-image-preview:large","max-video-preview":"max-video-preview:-1"},"canonical":"https:\/\/orthodoxalbania.org\/2020\/2013\/03\/31\/2-kujdesi-shendetesor\/","og_locale":"en_US","og_type":"article","og_title":"Kujdesi sh\u00ebndet\u00ebsor - Kisha Orthodh\u03bfkse Autoqefale e Shqip\u00ebris\u00eb","og_description":"Kujdesi sh\u00ebndet\u00ebsor. Kryepiskopi Anastas, duke kujtuar Urdh\u00ebres\u00ebn e Jisuit p\u00ebr t\u00eb s\u00ebmur\u00ebt dhe duke par\u00eb nevoj\u00ebn e madhe q\u00eb kishte populli","og_url":"https:\/\/orthodoxalbania.org\/2020\/2013\/03\/31\/2-kujdesi-shendetesor\/","og_site_name":"Kisha Orthodh\u03bfkse Autoqefale e Shqip\u00ebris\u00eb","article_publisher":"https:\/\/www.facebook.com\/koash1991","article_published_time":"2013-03-31T19:03:01+00:00","article_modified_time":"2022-08-04T09:32:41+00:00","og_image":[{"url":"https:\/\/orthodoxalbania.org\/2020\/wp-content\/uploads\/2013\/03\/klinika-orthodhokse2.png","type":"","width":"","height":""}],"author":"neo_admin","twitter_card":"summary_large_image","twitter_misc":{"Written by":"neo_admin","Est. reading time":"7 minutes"},"schema":{"@context":"https:\/\/schema.org","@graph":[{"@type":"Article","@id":"https:\/\/orthodoxalbania.org\/2020\/2013\/03\/31\/2-kujdesi-shendetesor\/#article","isPartOf":{"@id":"https:\/\/orthodoxalbania.org\/2020\/2013\/03\/31\/2-kujdesi-shendetesor\/"},"author":{"name":"neo_admin","@id":"https:\/\/orthodoxalbania.org\/2020\/#\/schema\/person\/dd2bdc135b53c60d45b8bb329565cf6d"},"headline":"Kujdesi sh\u00ebndet\u00ebsor","datePublished":"2013-03-31T19:03:01+00:00","dateModified":"2022-08-04T09:32:41+00:00","mainEntityOfPage":{"@id":"https:\/\/orthodoxalbania.org\/2020\/2013\/03\/31\/2-kujdesi-shendetesor\/"},"wordCount":2483,"publisher":{"@id":"https:\/\/orthodoxalbania.org\/2020\/#organization"},"image":{"@id":"https:\/\/orthodoxalbania.org\/2020\/2013\/03\/31\/2-kujdesi-shendetesor\/#primaryimage"},"thumbnailUrl":"https:\/\/orthodoxalbania.org\/2020\/wp-content\/uploads\/2013\/03\/klinika-orthodhokse2.png","keywords":["Kujdesi sh\u00ebndet\u00ebsor","Vepra Sociale","Vepra Sociale PAGE"],"articleSection":["Vepra sociale"],"inLanguage":"en-US"},{"@type":"WebPage","@id":"https:\/\/orthodoxalbania.org\/2020\/2013\/03\/31\/2-kujdesi-shendetesor\/","url":"https:\/\/orthodoxalbania.org\/2020\/2013\/03\/31\/2-kujdesi-shendetesor\/","name":"Kujdesi sh\u00ebndet\u00ebsor - Kisha Orthodh\u03bfkse Autoqefale e Shqip\u00ebris\u00eb","isPartOf":{"@id":"https:\/\/orthodoxalbania.org\/2020\/#website"},"primaryImageOfPage":{"@id":"https:\/\/orthodoxalbania.org\/2020\/2013\/03\/31\/2-kujdesi-shendetesor\/#primaryimage"},"image":{"@id":"https:\/\/orthodoxalbania.org\/2020\/2013\/03\/31\/2-kujdesi-shendetesor\/#primaryimage"},"thumbnailUrl":"https:\/\/orthodoxalbania.org\/2020\/wp-content\/uploads\/2013\/03\/klinika-orthodhokse2.png","datePublished":"2013-03-31T19:03:01+00:00","dateModified":"2022-08-04T09:32:41+00:00","description":"Kujdesi sh\u00ebndet\u00ebsor. Kryepiskopi Anastas, duke kujtuar Urdh\u00ebres\u00ebn e Jisuit p\u00ebr t\u00eb s\u00ebmur\u00ebt dhe duke par\u00eb nevoj\u00ebn e madhe q\u00eb kishte populli","breadcrumb":{"@id":"https:\/\/orthodoxalbania.org\/2020\/2013\/03\/31\/2-kujdesi-shendetesor\/#breadcrumb"},"inLanguage":"en-US","potentialAction":[{"@type":"ReadAction","target":["https:\/\/orthodoxalbania.org\/2020\/2013\/03\/31\/2-kujdesi-shendetesor\/"]}]},{"@type":"ImageObject","inLanguage":"en-US","@id":"https:\/\/orthodoxalbania.org\/2020\/2013\/03\/31\/2-kujdesi-shendetesor\/#primaryimage","url":"https:\/\/orthodoxalbania.org\/2020\/wp-content\/uploads\/2013\/03\/klinika-orthodhokse2.png","contentUrl":"https:\/\/orthodoxalbania.org\/2020\/wp-content\/uploads\/2013\/03\/klinika-orthodhokse2.png","width":300,"height":300},{"@type":"BreadcrumbList","@id":"https:\/\/orthodoxalbania.org\/2020\/2013\/03\/31\/2-kujdesi-shendetesor\/#breadcrumb","itemListElement":[{"@type":"ListItem","position":1,"name":"Home","item":"https:\/\/orthodoxalbania.org\/2020\/"},{"@type":"ListItem","position":2,"name":"Kujdesi sh\u00ebndet\u00ebsor"}]},{"@type":"WebSite","@id":"https:\/\/orthodoxalbania.org\/2020\/#website","url":"https:\/\/orthodoxalbania.org\/2020\/","name":"Kisha Orthodh\u03bfkse Autoqefale e Shqip\u00ebris\u00eb","description":"Fqja Zyrtare e Kish\u00ebs Orthodhokse Autoqefale e Shqip\u00ebris\u00eb me lajmet edhe informacionet zyrtare p\u00ebr struktur\u00ebn edhe veprimtarin e saj.","publisher":{"@id":"https:\/\/orthodoxalbania.org\/2020\/#organization"},"potentialAction":[{"@type":"SearchAction","target":{"@type":"EntryPoint","urlTemplate":"https:\/\/orthodoxalbania.org\/2020\/?s={search_term_string}"},"query-input":{"@type":"PropertyValueSpecification","valueRequired":true,"valueName":"search_term_string"}}],"inLanguage":"en-US"},{"@type":"Organization","@id":"https:\/\/orthodoxalbania.org\/2020\/#organization","name":"Kisha Orthodhokse Autoqefale e Shqip\u00ebris\u00eb","url":"https:\/\/orthodoxalbania.org\/2020\/","logo":{"@type":"ImageObject","inLanguage":"en-US","@id":"https:\/\/orthodoxalbania.org\/2020\/#\/schema\/logo\/image\/","url":"https:\/\/orthodoxalbania.org\/2020\/wp-content\/uploads\/2020\/05\/albania.jpeg","contentUrl":"https:\/\/orthodoxalbania.org\/2020\/wp-content\/uploads\/2020\/05\/albania.jpeg","width":540,"height":540,"caption":"Kisha Orthodhokse Autoqefale e Shqip\u00ebris\u00eb"},"image":{"@id":"https:\/\/orthodoxalbania.org\/2020\/#\/schema\/logo\/image\/"},"sameAs":["https:\/\/www.facebook.com\/koash1991"]},{"@type":"Person","@id":"https:\/\/orthodoxalbania.org\/2020\/#\/schema\/person\/dd2bdc135b53c60d45b8bb329565cf6d","name":"neo_admin","image":{"@type":"ImageObject","inLanguage":"en-US","@id":"https:\/\/secure.gravatar.com\/avatar\/53e6cdc30765aade0129f85e5aeb50124b1d3f5bb9a70373be31e4eb328371e0?s=96&d=mm&r=g","url":"https:\/\/secure.gravatar.com\/avatar\/53e6cdc30765aade0129f85e5aeb50124b1d3f5bb9a70373be31e4eb328371e0?s=96&d=mm&r=g","contentUrl":"https:\/\/secure.gravatar.com\/avatar\/53e6cdc30765aade0129f85e5aeb50124b1d3f5bb9a70373be31e4eb328371e0?s=96&d=mm&r=g","caption":"neo_admin"}}]}},"_links":{"self":[{"href":"https:\/\/orthodoxalbania.org\/2020\/wp-json\/wp\/v2\/posts\/3352","targetHints":{"allow":["GET"]}}],"collection":[{"href":"https:\/\/orthodoxalbania.org\/2020\/wp-json\/wp\/v2\/posts"}],"about":[{"href":"https:\/\/orthodoxalbania.org\/2020\/wp-json\/wp\/v2\/types\/post"}],"author":[{"embeddable":true,"href":"https:\/\/orthodoxalbania.org\/2020\/wp-json\/wp\/v2\/users\/14"}],"replies":[{"embeddable":true,"href":"https:\/\/orthodoxalbania.org\/2020\/wp-json\/wp\/v2\/comments?post=3352"}],"version-history":[{"count":22,"href":"https:\/\/orthodoxalbania.org\/2020\/wp-json\/wp\/v2\/posts\/3352\/revisions"}],"predecessor-version":[{"id":61240,"href":"https:\/\/orthodoxalbania.org\/2020\/wp-json\/wp\/v2\/posts\/3352\/revisions\/61240"}],"wp:attachment":[{"href":"https:\/\/orthodoxalbania.org\/2020\/wp-json\/wp\/v2\/media?parent=3352"}],"wp:term":[{"taxonomy":"category","embeddable":true,"href":"https:\/\/orthodoxalbania.org\/2020\/wp-json\/wp\/v2\/categories?post=3352"},{"taxonomy":"post_tag","embeddable":true,"href":"https:\/\/orthodoxalbania.org\/2020\/wp-json\/wp\/v2\/tags?post=3352"}],"curies":[{"name":"wp","href":"https:\/\/api.w.org\/{rel}","templated":true}]}}