{"id":3343,"date":"2012-10-16T10:05:33","date_gmt":"2012-10-16T10:05:33","guid":{"rendered":""},"modified":"2022-08-04T13:32:41","modified_gmt":"2022-08-04T11:32:41","slug":"asdasdvepra-sociale-arsimi-dhe-edukimi-akademia-teologjike-ngjallja-e-krishtit","status":"publish","type":"post","link":"https:\/\/orthodoxalbania.org\/2020\/2012\/10\/16\/asdasdvepra-sociale-arsimi-dhe-edukimi-akademia-teologjike-ngjallja-e-krishtit\/","title":{"rendered":"Akademia Teologjike  &#8220;Ngjallja e Krishtit&#8221;"},"content":{"rendered":"<h4 style=\"text-align: center;\"><\/h4>\n<h4 style=\"text-align: center;\"><span class=\"ez-toc-section\" id=\"_Akademia_Teologjike_%E2%80%9CNgjallja_e_Krishtit%E2%80%9D\"><\/span><strong><em>\u00a0 Akademia Teologjike &#8220;Ngjallja e Krishtit&#8221; <\/em><\/strong><span class=\"ez-toc-section-end\"><\/span><\/h4>\n<h4><\/h4>\n<h4 style=\"text-align: justify;\"><span class=\"ez-toc-section\" id=\"Historia_e_Akademise\"><\/span><strong><em>Historia e Akademis\u00eb<\/em>\u00a0\u00a0\u00a0\u00a0\u00a0<\/strong><span class=\"ez-toc-section-end\"><\/span><\/h4>\n<p style=\"text-align: justify;\">\u00a0 \u00a0 N\u00eb vitet 40<sup>-t\u00eb<\/sup> sh\u00ebrbenin n\u00eb Kish\u00ebn Orthodhokse m\u00eb\u00a0\u00a0 shum\u00eb se 440 prift\u00ebrinj e dhjakon\u00eb. N\u00eb vitin 1991 kishin mbetur vet\u00ebm 22 prej tyre, nga t\u00eb cil\u00ebt 3 jan\u00eb akoma gjall\u00eb. N\u00eb 7 Shkurt 1992, Kryepiskopi Anastas hapi nj\u00eb seminar teologjik q\u00eb do t\u00eb trajnonte t\u00eb rinj dhe besimtar\u00eb vullnetar\u00eb, p\u00ebr t\u00eb m\u00ebsuar sh\u00ebrbesat kishtare, duke i p\u00ebrgatitur q\u00eb t\u00eb\u00a0sh\u00ebrbejn\u00eb n\u00eb kisha, duke i dor\u00ebzuar dal\u00ebngadal\u00eb ata n\u00eb klerik\u00eb.\u00a0Klasa e par\u00eb e 45 student\u00ebve filloi studimet n\u00eb nj\u00eb hotel n\u00eb plazhin e Durr\u00ebsit, n\u00eb kushte t\u00eb v\u00ebshtira, me mungesa t\u00eb ujit, energjis\u00eb\u00a0elektrike dhe\u00a0ngrohjes.<\/p>\n<p style=\"text-align: justify;\">\u00a0 \u00a0 N\u00eb vitin 1996, shkolla u zhvendos n\u00eb nj\u00eb kompleks modern nd\u00ebrtesash t\u00eb reja pran\u00eb manastirit t\u00eb Sh\u00ebn Vlashit, n\u00eb fshatin me t\u00eb nj\u00ebjtin em\u00ebr, n\u00eb Durr\u00ebs.\u00a0 Kryepiskopi Anastas e zgjeroi fokusin e shkoll\u00ebs nga nj\u00eb seminar i drejtuar vet\u00ebm p\u00ebr p\u00ebrgatitjen e klerit n\u00eb nj\u00eb Akademi Teologjike p\u00ebr djem dhe vajza. N\u00eb vitin 1997 filluan t\u00eb p\u00ebrgatiten dhe t\u00eb studjojn\u00eb edhe vajza q\u00eb do t\u00eb sh\u00ebrbenin n\u00eb aktivitetet e ndryshme t\u00eb Kish\u00ebs. Klasa e par\u00eb kishte 8 vajza.<\/p>\n<p style=\"text-align: justify;\"><strong><em>\u00a0\u00a0\u00a0 <\/em><\/strong><\/p>\n<h4 style=\"text-align: justify;\"><span class=\"ez-toc-section\" id=\"Vendndodhja_Godinat\"><\/span><strong><em>Vendndodhja &amp; Godinat<\/em>\u00a0\u00a0\u00a0\u00a0<\/strong><span class=\"ez-toc-section-end\"><\/span><\/h4>\n<p style=\"text-align: justify;\">\u00a0 \u00a0 Akademia Teologjike ndodhet pran\u00eb manastirit t\u00eb Sh\u00ebn Vlashit n\u00eb\u00a0Durr\u00ebs. Nd\u00ebrtuar m\u00eb 1996, kompleksi multifunksional \u00ebsht\u00eb nj\u00eb nga shkollat m\u00eb moderne n\u00eb Shqip\u00ebri. Ky kompleks p\u00ebrfshin kish\u00ebn e shkoll\u00ebs q\u00eb quhet &#8220;Ngjallja e Krishtit&#8221; n\u00eb t\u00eb cil\u00ebn b\u00ebhen sh\u00ebrbesat ditore, disa klasa m\u00ebsimi, klas\u00ebn e kompjuterave, sall\u00ebn\u00a0e studimit, at\u00eb t\u00eb pritjes, sall\u00ebn e ceremonive dhe t\u00eb shfaqjeve, menc\u00ebn, sall\u00eb e lojrave t\u00eb ping-pongut, konviktin e djemve dhe at\u00eb t\u00eb\u00a0vajzave. Akademia ka edhe nj\u00eb bibliotek\u00eb t\u00eb pasur me m\u00eb shum\u00eb\u00a0se 15.000 libra fetar\u00eb, shkencor\u00eb, historik\u00eb, letrar\u00eb etj.<strong><br \/>\n<\/strong><\/p>\n<p>&nbsp;<\/p>\n<h4 style=\"text-align: justify;\"><span class=\"ez-toc-section\" id=\"_Qellimi_i_Akademise\"><\/span><strong><em>\u00a0Q\u00ebllimi i Akademis\u00eb<\/em><\/strong><span class=\"ez-toc-section-end\"><\/span><\/h4>\n<p style=\"text-align: justify;\">\u00a0 \u00a0 Q\u00ebllimi dhe i Akademis\u00eb Teologjike &#8220;Ngjallja e Krishtit&#8221; \u00ebsht\u00eb t\u00eb siguroj\u00eb formimin shpirt\u00ebror dhe akademik t\u00eb klerit t\u00eb ri dhe besimtar\u00ebve shqiptar\u00eb n\u00ebp\u00ebrmjet studimeve teologjike, p\u00ebrjetimit liturgjik dhe jetes\u00ebs n\u00eb komunitet.<\/p>\n<h4><\/h4>\n<h4 style=\"text-align: justify;\"><span class=\"ez-toc-section\" id=\"_Jeta_shkollore\"><\/span><strong>\u00a0 <em>Jeta shkollore\u00a0\u00a0<\/em>\u00a0\u00a0\u00a0<\/strong><span class=\"ez-toc-section-end\"><\/span><\/h4>\n<p style=\"text-align: justify;\">\u00a0 \u00a0 T\u00eb gjith\u00eb kandidat\u00ebve t\u00eb pranuar n\u00eb shkoll\u00eb u jepet burs\u00eb nga Fortlumturia e Tij, Kryepiskopi Anastas, e cila konsiston n\u00eb mbulimin eshpenzimeve t\u00eb studimeve, ngr\u00ebnies dhe fjetjes. Kjo burs\u00eb rifitohet \u00e7do vit p\u00ebr t\u00eb gjith\u00eb student\u00ebt q\u00eb mbajn\u00eb nivel t\u00eb pranuesh\u00ebm akademik dhe personal. N\u00eb programin 4-vje\u00e7ar akademik zhvillohen k\u00ebto l\u00ebnd\u00eb: Dhiat\u00eb e Vjet\u00ebr, Dhiat\u00eb e Re, Dogmatik\u00eb, Patrologji, Etik\u00eb e krishter\u00eb, Liturgjik\u00eb, Histori e Kish\u00ebs, Filozofi, e Drejt\u00eb kanonike kishtare, Predikim, Katekiz\u00ebm, Kujdes Baritor (Pimantik\u00eb), Besimet n\u00ebp\u00ebr bot\u00eb, Misiologji, Gjuh\u00ebShqipe,Histori e L\u00ebvizjes ekumenike, Agjiologji, Psikologji, Muzik\u00eb bizantine, kompjuter dhe dy gjuh\u00eb t\u00eb huaja \u2013 anglisht dhe greqisht. N\u00eb programin shkollor p\u00ebrfshihet edhe p\u00ebrjetimi liturgjik, duke marr\u00eb pjes\u00eb n\u00eb sh\u00ebrbesat ditore t\u00eb m\u00ebngjesit, t\u00eb mbr\u00ebmjes, t\u00eb pasdark\u00ebs, dhe pjes\u00ebmarrja n\u00eb diskutimet shpirt\u00ebrore t\u00eb p\u00ebrjavshme dhe n\u00eb seminaret periodike.<\/p>\n<p style=\"text-align: justify;\">\u00a0 \u00a0 Student\u00ebt marrin pjes\u00eb, t\u00eb pakt\u00ebn nj\u00eb her\u00eb n\u00eb jav\u00eb, n\u00eb programe t\u00eb gj\u00ebra edukimi, duke p\u00ebrfshir\u00eb dh\u00ebnien e m\u00ebsimeve t\u00eb Katekizmit n\u00ebzonat p\u00ebrreth, vizita n\u00eb dy institucione p\u00ebr f\u00ebmij\u00eb me aft\u00ebsi t\u00eb kufizuara, n\u00eb jetimore, n\u00eb shkoll\u00ebn e handikap\u00ebve, n\u00eb nj\u00eb azil pleqsh, n\u00eb burgun e adoleshent\u00ebve, n\u00eb spital etj.\u00a0<span class=\"GramE\">n\u00eb<\/span>\u00a0qytetet Durr\u00ebs, Kavaj\u00eb, Tiran\u00eb.\u00a0\u00a0\u00a0\u00a0\u00a0N\u00eb vitin 1998 nga nj\u00eb grup student\u00ebsh iniciator\u00eb, filloi t\u00eb botohej brenda ambienteve t\u00eb Akademis\u00eb gazeta &#8220;Fjala&#8221;. Kjo gazet\u00eb p\u00ebrmban informacione mbi aktivitetet e ndryshme q\u00eb zhvillohen n\u00eb Akademi, krijime t\u00eb vet\u00eb student\u00ebve, p\u00ebrkthime, materiale shpirt\u00ebrore, etj.N\u00eb jet\u00ebn e shkoll\u00ebs z\u00ebn\u00eb vend gjithashtu edhe aktivitetet sportive, tani shkolla disponon nj\u00eb fush\u00eb t\u00eb madhe volejbolli, futbolli dhe nj\u00eb dhom\u00eb lojrash.<\/p>\n<h4 style=\"text-align: justify;\"><span class=\"ez-toc-section\" id=\"i\"><\/span><strong><em>\u00a0\u00a0\u00a0 <\/em><\/strong><span class=\"ez-toc-section-end\"><\/span><\/h4>\n<h4 style=\"text-align: justify;\"><span class=\"ez-toc-section\" id=\"Stafi_pedagogjik_administrativ\"><\/span><strong><em>Stafi pedagogjik &amp; administrativ<\/em>\u00a0<\/strong><span class=\"ez-toc-section-end\"><\/span><\/h4>\n<p style=\"text-align: justify;\">\u00a0\u00a0\u00a0 Akademia Teologjike &#8220;Ngjallja e Krishtit&#8221; punon n\u00ebn administrimin e Sinodit t\u00eb Shenjt\u00eb t\u00eb Kish\u00ebs Orthodhokse Autoqefale t\u00eb Shqip\u00ebris\u00eb, me kryetar Fortlumturin\u00eb e Tij, Kryepiskopin Anastas. Stafi pedagogjik p\u00ebrb\u00ebhet nga gjasht\u00ebmb\u00ebdhjet\u00eb pedagog\u00eb, klerik\u00eb e laik\u00eb, burra e gra, nga Shqip\u00ebria, Greqia dhe Shtetet e Bashkuara t\u00eb Amerik\u00ebs. Gjithashtu n\u00eb periudha t\u00eb ndryshme vijn\u00eb edhe pedagog\u00eb t\u00eb jasht\u00ebm nga Greqia, Anglia,etj.<\/p>\n<h4 style=\"text-align: justify;\"><span class=\"ez-toc-section\" id=\"i-2\"><\/span><strong><em>\u00a0\u00a0\u00a0 <\/em><\/strong><span class=\"ez-toc-section-end\"><\/span><\/h4>\n<h4 style=\"text-align: justify;\"><span class=\"ez-toc-section\" id=\"Diplomimi\"><\/span><strong><em>Diplomimi<\/em>\u00a0\u00a0\u00a0<\/strong><span class=\"ez-toc-section-end\"><\/span><\/h4>\n<p style=\"text-align: justify;\">\u00a0 \u00a0 \u00a0Deri n\u00eb vitin 2009\u00a0kan\u00eb mbaruar studimet n\u00eb k\u00ebt\u00eb Akademi\u00a0201\u00a0student\u00eb, 125\u00a0prej t\u00eb cil\u00ebve jan\u00eb b\u00ebr\u00eb klerik\u00eb dhe 38\u00a0t\u00eb tjer\u00eb sh\u00ebrbejn\u00eb me aktivitete t\u00eb ndryshme n\u00eb Kish\u00eb.<\/p>\n<h4 style=\"text-align: justify;\"><span class=\"ez-toc-section\" id=\"i-3\"><\/span><strong><em>\u00a0 \u00a0 <\/em><\/strong><span class=\"ez-toc-section-end\"><\/span><\/h4>\n<h4 style=\"text-align: justify;\"><span class=\"ez-toc-section\" id=\"Per_te_ardhmen\"><\/span><strong><em>P\u00ebr t\u00eb ardhmen<\/em>\u00a0\u00a0\u00a0\u00a0<\/strong><span class=\"ez-toc-section-end\"><\/span><\/h4>\n<p style=\"text-align: justify;\">\u00a0 \u00a0 Planet p\u00ebr t\u00eb ardhmen p\u00ebrfshijn\u00eb zhvillimin e m\u00ebtejsh\u00ebm t\u00eb programeve m\u00ebsimore me vizionin e rritjes t\u00eb standardeve akademike, n\u00eb nivel t\u00eb till\u00eb q\u00eb ta kthejn\u00eb k\u00ebt\u00eb shkoll\u00eb n\u00eb nj\u00eb institucion universitar t\u00eb njohur. Nj\u00eb hap i r\u00ebnd\u00ebsish\u00ebm n\u00eb k\u00ebt\u00eb drejtim do t\u00eb jet\u00eb zhvillimi dhe pasurimi i bibliotek\u00ebs p\u00ebr studime shkencore akademike, teologjike dhe k\u00ebrkimore. Gjithashtu po punohet p\u00ebr shtim t\u00eb klasave t\u00eb tjera, nd\u00ebrtim t\u00eb nj\u00eb amfiteatri dhe t\u00eb nd\u00ebrtes\u00ebs s\u00eb re t\u00eb fjetores s\u00eb vajzave.<\/p>\n<h4 style=\"text-align: justify;\"><span class=\"ez-toc-section\" id=\"i-4\"><\/span><strong>\u00a0\u00a0\u00a0<\/strong><span class=\"ez-toc-section-end\"><\/span><\/h4>\n<h4 style=\"text-align: justify;\"><span class=\"ez-toc-section\" id=\"Pranimi_i_studenteve\"><\/span><strong> <em>Pranimi i student\u00ebve<\/em>\u00a0\u00a0\u00a0<\/strong><span class=\"ez-toc-section-end\"><\/span><\/h4>\n<p style=\"text-align: justify;\">\u00a0 \u00a0 Pranimi\u00a0i student\u00ebve n\u00ebAkademin\u00eb Teologjikeb\u00ebhet me an\u00eb t\u00eb\u00a0konkursit t\u00eb\u00a0pranimit(me shkrim dhe me goj\u00eb).Materiali testues p\u00ebrmban kat\u00ebr v\u00ebllimet &#8220;Besimi Orthodhoks&#8221; t\u00eb Pr. Thomas Hopko, t\u00eb p\u00ebrkthyer n\u00eb shqip nga Mitropoliti i Kor\u00e7\u00ebs Joani.\u00a0K\u00ebto v\u00ebllime gjenden n\u00eb t\u00eb gjith\u00eb kishat e Shqip\u00ebris\u00eb si edhe n\u00eb adres\u00ebn e internetit. <em><br \/>\n<\/em><\/p>\n<p>&nbsp;<\/p>\n<p style=\"text-align: center;\"><em>\u00a0 \u00a0 Regjistrimet p\u00ebr konkurset b\u00ebhen n\u00eb periudh\u00ebn\u00a0maj-shtator<br \/>\n<\/em><\/p>\n<p style=\"text-align: center;\"><em>\u00a0\u00a0\u00a0 Konkurset<\/em>\u00a0<em>zhvillohen jav\u00ebn e\u00a0<\/em><em>par\u00eb\u00a0t\u00eb\u00a0shtatorit.\u00a0<\/em>Jeni t\u00eb mir\u00ebpritur\u00a0!<\/p>\n<p>&nbsp;<\/p>\n<h4><\/h4>\n<h4 style=\"text-align: justify;\"><span class=\"ez-toc-section\" id=\"AKADEMIA_TEOLOGJIKE_%E2%80%9CNGJALLJA_E_KRISHTIT%E2%80%9D_SHEN_VLASH_DURRES\"><\/span><strong>AKADEMIA TEOLOGJIKE &#8220;NGJALLJA E KRISHTIT&#8221;\u00a0 SH\u00cbN VLASH, DURR\u00cbS<\/strong><span class=\"ez-toc-section-end\"><\/span><\/h4>\n<p style=\"text-align: justify;\"><strong>Sekretaria:<\/strong> <strong>Tel.<\/strong> 0575 &#8211; 22 397 ;<strong> Fax\u00a0<\/strong> 0575 &#8211; 22 398<\/p>\n<p style=\"text-align: justify;\"><strong>Emai<\/strong>l: <a href=\"&#x6d;a&#x69;l&#x74;&#111;&#x3a;&#116;e&#x6f;l&#x6f;&#114;&#x74;&#104;&#x61;&#108;b&#x40;y&#x61;&#104;&#x6f;&#111;&#x2e;&#x63;o&#x6d;\">&#x74;&#101;&#x6f;&#x6c;&#111;&#x72;&#116;h&#x61;&#108;b&#x40;&#121;a&#x68;&#111;o&#x2e;&#99;&#x6f;&#x6d;<\/a><\/p>\n<p>&nbsp;<\/p>\n","protected":false},"excerpt":{"rendered":"<p>Akademia Teologjike  &#8220;Ngjallja e Krishtit&#8221;. N\u00eb 7 Shkurt 1992, Kryepiskopi Anastas hapi nj\u00eb seminar teologjik q\u00eb do t\u00eb trajnonte t\u00eb rinj dhe besimtar\u00eb vullnetar\u00eb, p\u00ebr t\u00eb m\u00ebsuar sh\u00ebrbesat kishtare,<\/p>\n","protected":false},"author":1,"featured_media":23572,"comment_status":"closed","ping_status":"closed","sticky":false,"template":"","format":"standard","meta":{"_acf_changed":false,"pagelayer_contact_templates":[],"_pagelayer_content":"","inline_featured_image":false,"fifu_image_url":"","fifu_image_alt":"","footnotes":""},"categories":[268,267],"tags":[2943,601,599],"class_list":["post-3343","post","type-post","status-publish","format-standard","has-post-thumbnail","hentry","category-arsimi-dhe-edukimi","category-vepra-sociale","tag-akademia-teologjike-ngjallja-e-krishtit","tag-arsimi-dhe-edukimi","tag-vepra-sociale"],"acf":[],"yoast_head":"<!-- This site is optimized with the Yoast SEO plugin v27.2 - https:\/\/yoast.com\/product\/yoast-seo-wordpress\/ -->\n<title>Akademia Teologjike &quot;Ngjallja e Krishtit&quot; - Kisha Orthodh\u03bfkse Autoqefale e Shqip\u00ebris\u00eb<\/title>\n<meta name=\"description\" content=\"Akademia Teologjike &quot;Ngjallja e Krishtit&quot;. N\u00eb 7 Shkurt 1992, Kryepiskopi Anastas hapi nj\u00eb seminar teologjik q\u00eb do t\u00eb trajnonte t\u00eb rinj dhe\" \/>\n<meta name=\"robots\" content=\"index, follow, max-snippet:-1, max-image-preview:large, max-video-preview:-1\" \/>\n<link rel=\"canonical\" href=\"https:\/\/orthodoxalbania.org\/2020\/2012\/10\/16\/asdasdvepra-sociale-arsimi-dhe-edukimi-akademia-teologjike-ngjallja-e-krishtit\/\" \/>\n<meta property=\"og:locale\" content=\"en_US\" \/>\n<meta property=\"og:type\" content=\"article\" \/>\n<meta property=\"og:title\" content=\"Akademia Teologjike &quot;Ngjallja e Krishtit&quot; - Kisha Orthodh\u03bfkse Autoqefale e Shqip\u00ebris\u00eb\" \/>\n<meta property=\"og:description\" content=\"Akademia Teologjike &quot;Ngjallja e Krishtit&quot;. N\u00eb 7 Shkurt 1992, Kryepiskopi Anastas hapi nj\u00eb seminar teologjik q\u00eb do t\u00eb trajnonte t\u00eb rinj dhe\" \/>\n<meta property=\"og:url\" content=\"https:\/\/orthodoxalbania.org\/2020\/2012\/10\/16\/asdasdvepra-sociale-arsimi-dhe-edukimi-akademia-teologjike-ngjallja-e-krishtit\/\" \/>\n<meta property=\"og:site_name\" content=\"Kisha Orthodh\u03bfkse Autoqefale e Shqip\u00ebris\u00eb\" \/>\n<meta property=\"article:publisher\" content=\"https:\/\/www.facebook.com\/koash1991\" \/>\n<meta property=\"article:published_time\" content=\"2012-10-16T10:05:33+00:00\" \/>\n<meta property=\"article:modified_time\" content=\"2022-08-04T11:32:41+00:00\" \/>\n<meta property=\"og:image\" content=\"https:\/\/orthodoxalbania.org\/2020\/wp-content\/uploads\/2012\/10\/shen-valshi.jpg\" \/>\n\t<meta property=\"og:image:width\" content=\"1024\" \/>\n\t<meta property=\"og:image:height\" content=\"768\" \/>\n\t<meta property=\"og:image:type\" content=\"image\/jpeg\" \/>\n<meta name=\"author\" content=\"Kisha Orthodhokse\" \/>\n<meta name=\"twitter:card\" content=\"summary_large_image\" \/>\n<meta name=\"twitter:label1\" content=\"Written by\" \/>\n\t<meta name=\"twitter:data1\" content=\"Kisha Orthodhokse\" \/>\n\t<meta name=\"twitter:label2\" content=\"Est. reading time\" \/>\n\t<meta name=\"twitter:data2\" content=\"4 minutes\" \/>\n<script type=\"application\/ld+json\" class=\"yoast-schema-graph\">{\"@context\":\"https:\/\/schema.org\",\"@graph\":[{\"@type\":\"Article\",\"@id\":\"https:\/\/orthodoxalbania.org\/2020\/2012\/10\/16\/asdasdvepra-sociale-arsimi-dhe-edukimi-akademia-teologjike-ngjallja-e-krishtit\/#article\",\"isPartOf\":{\"@id\":\"https:\/\/orthodoxalbania.org\/2020\/2012\/10\/16\/asdasdvepra-sociale-arsimi-dhe-edukimi-akademia-teologjike-ngjallja-e-krishtit\/\"},\"author\":{\"name\":\"Kisha Orthodhokse\",\"@id\":\"https:\/\/orthodoxalbania.org\/2020\/#\/schema\/person\/0c387634a7063ac612d7ed9ce71c7e86\"},\"headline\":\"Akademia Teologjike &#8220;Ngjallja e Krishtit&#8221;\",\"datePublished\":\"2012-10-16T10:05:33+00:00\",\"dateModified\":\"2022-08-04T11:32:41+00:00\",\"mainEntityOfPage\":{\"@id\":\"https:\/\/orthodoxalbania.org\/2020\/2012\/10\/16\/asdasdvepra-sociale-arsimi-dhe-edukimi-akademia-teologjike-ngjallja-e-krishtit\/\"},\"wordCount\":958,\"publisher\":{\"@id\":\"https:\/\/orthodoxalbania.org\/2020\/#organization\"},\"image\":{\"@id\":\"https:\/\/orthodoxalbania.org\/2020\/2012\/10\/16\/asdasdvepra-sociale-arsimi-dhe-edukimi-akademia-teologjike-ngjallja-e-krishtit\/#primaryimage\"},\"thumbnailUrl\":\"https:\/\/orthodoxalbania.org\/2020\/wp-content\/uploads\/2012\/10\/shen-valshi.jpg\",\"keywords\":[\"Akademia Teologjike \\\"Ngjallja e Krishtit\\\"\",\"Arsimi dhe edukimi\",\"Vepra Sociale\"],\"articleSection\":[\"Arsimi dhe Edukimi\",\"Vepra sociale\"],\"inLanguage\":\"en-US\"},{\"@type\":\"WebPage\",\"@id\":\"https:\/\/orthodoxalbania.org\/2020\/2012\/10\/16\/asdasdvepra-sociale-arsimi-dhe-edukimi-akademia-teologjike-ngjallja-e-krishtit\/\",\"url\":\"https:\/\/orthodoxalbania.org\/2020\/2012\/10\/16\/asdasdvepra-sociale-arsimi-dhe-edukimi-akademia-teologjike-ngjallja-e-krishtit\/\",\"name\":\"Akademia Teologjike \\\"Ngjallja e Krishtit\\\" - Kisha Orthodh\u03bfkse Autoqefale e Shqip\u00ebris\u00eb\",\"isPartOf\":{\"@id\":\"https:\/\/orthodoxalbania.org\/2020\/#website\"},\"primaryImageOfPage\":{\"@id\":\"https:\/\/orthodoxalbania.org\/2020\/2012\/10\/16\/asdasdvepra-sociale-arsimi-dhe-edukimi-akademia-teologjike-ngjallja-e-krishtit\/#primaryimage\"},\"image\":{\"@id\":\"https:\/\/orthodoxalbania.org\/2020\/2012\/10\/16\/asdasdvepra-sociale-arsimi-dhe-edukimi-akademia-teologjike-ngjallja-e-krishtit\/#primaryimage\"},\"thumbnailUrl\":\"https:\/\/orthodoxalbania.org\/2020\/wp-content\/uploads\/2012\/10\/shen-valshi.jpg\",\"datePublished\":\"2012-10-16T10:05:33+00:00\",\"dateModified\":\"2022-08-04T11:32:41+00:00\",\"description\":\"Akademia Teologjike \\\"Ngjallja e Krishtit\\\". N\u00eb 7 Shkurt 1992, Kryepiskopi Anastas hapi nj\u00eb seminar teologjik q\u00eb do t\u00eb trajnonte t\u00eb rinj dhe\",\"breadcrumb\":{\"@id\":\"https:\/\/orthodoxalbania.org\/2020\/2012\/10\/16\/asdasdvepra-sociale-arsimi-dhe-edukimi-akademia-teologjike-ngjallja-e-krishtit\/#breadcrumb\"},\"inLanguage\":\"en-US\",\"potentialAction\":[{\"@type\":\"ReadAction\",\"target\":[\"https:\/\/orthodoxalbania.org\/2020\/2012\/10\/16\/asdasdvepra-sociale-arsimi-dhe-edukimi-akademia-teologjike-ngjallja-e-krishtit\/\"]}]},{\"@type\":\"ImageObject\",\"inLanguage\":\"en-US\",\"@id\":\"https:\/\/orthodoxalbania.org\/2020\/2012\/10\/16\/asdasdvepra-sociale-arsimi-dhe-edukimi-akademia-teologjike-ngjallja-e-krishtit\/#primaryimage\",\"url\":\"https:\/\/orthodoxalbania.org\/2020\/wp-content\/uploads\/2012\/10\/shen-valshi.jpg\",\"contentUrl\":\"https:\/\/orthodoxalbania.org\/2020\/wp-content\/uploads\/2012\/10\/shen-valshi.jpg\",\"width\":1024,\"height\":768},{\"@type\":\"BreadcrumbList\",\"@id\":\"https:\/\/orthodoxalbania.org\/2020\/2012\/10\/16\/asdasdvepra-sociale-arsimi-dhe-edukimi-akademia-teologjike-ngjallja-e-krishtit\/#breadcrumb\",\"itemListElement\":[{\"@type\":\"ListItem\",\"position\":1,\"name\":\"Home\",\"item\":\"https:\/\/orthodoxalbania.org\/2020\/\"},{\"@type\":\"ListItem\",\"position\":2,\"name\":\"Akademia Teologjike &#8220;Ngjallja e Krishtit&#8221;\"}]},{\"@type\":\"WebSite\",\"@id\":\"https:\/\/orthodoxalbania.org\/2020\/#website\",\"url\":\"https:\/\/orthodoxalbania.org\/2020\/\",\"name\":\"Kisha Orthodh\u03bfkse Autoqefale e Shqip\u00ebris\u00eb\",\"description\":\"Fqja Zyrtare e Kish\u00ebs Orthodhokse Autoqefale e Shqip\u00ebris\u00eb me lajmet edhe informacionet zyrtare p\u00ebr struktur\u00ebn edhe veprimtarin e saj.\",\"publisher\":{\"@id\":\"https:\/\/orthodoxalbania.org\/2020\/#organization\"},\"potentialAction\":[{\"@type\":\"SearchAction\",\"target\":{\"@type\":\"EntryPoint\",\"urlTemplate\":\"https:\/\/orthodoxalbania.org\/2020\/?s={search_term_string}\"},\"query-input\":{\"@type\":\"PropertyValueSpecification\",\"valueRequired\":true,\"valueName\":\"search_term_string\"}}],\"inLanguage\":\"en-US\"},{\"@type\":\"Organization\",\"@id\":\"https:\/\/orthodoxalbania.org\/2020\/#organization\",\"name\":\"Kisha Orthodhokse Autoqefale e Shqip\u00ebris\u00eb\",\"url\":\"https:\/\/orthodoxalbania.org\/2020\/\",\"logo\":{\"@type\":\"ImageObject\",\"inLanguage\":\"en-US\",\"@id\":\"https:\/\/orthodoxalbania.org\/2020\/#\/schema\/logo\/image\/\",\"url\":\"https:\/\/orthodoxalbania.org\/2020\/wp-content\/uploads\/2020\/05\/albania.jpeg\",\"contentUrl\":\"https:\/\/orthodoxalbania.org\/2020\/wp-content\/uploads\/2020\/05\/albania.jpeg\",\"width\":540,\"height\":540,\"caption\":\"Kisha Orthodhokse Autoqefale e Shqip\u00ebris\u00eb\"},\"image\":{\"@id\":\"https:\/\/orthodoxalbania.org\/2020\/#\/schema\/logo\/image\/\"},\"sameAs\":[\"https:\/\/www.facebook.com\/koash1991\"]},{\"@type\":\"Person\",\"@id\":\"https:\/\/orthodoxalbania.org\/2020\/#\/schema\/person\/0c387634a7063ac612d7ed9ce71c7e86\",\"name\":\"Kisha Orthodhokse\",\"image\":{\"@type\":\"ImageObject\",\"inLanguage\":\"en-US\",\"@id\":\"https:\/\/secure.gravatar.com\/avatar\/596e7c417251e30f2fbb9c00e026fce61a695a00e51c889caded71c96cbbdde5?s=96&d=mm&r=g\",\"url\":\"https:\/\/secure.gravatar.com\/avatar\/596e7c417251e30f2fbb9c00e026fce61a695a00e51c889caded71c96cbbdde5?s=96&d=mm&r=g\",\"contentUrl\":\"https:\/\/secure.gravatar.com\/avatar\/596e7c417251e30f2fbb9c00e026fce61a695a00e51c889caded71c96cbbdde5?s=96&d=mm&r=g\",\"caption\":\"Kisha Orthodhokse\"}}]}<\/script>\n<!-- \/ Yoast SEO plugin. -->","yoast_head_json":{"title":"Akademia Teologjike \"Ngjallja e Krishtit\" - Kisha Orthodh\u03bfkse Autoqefale e Shqip\u00ebris\u00eb","description":"Akademia Teologjike \"Ngjallja e Krishtit\". N\u00eb 7 Shkurt 1992, Kryepiskopi Anastas hapi nj\u00eb seminar teologjik q\u00eb do t\u00eb trajnonte t\u00eb rinj dhe","robots":{"index":"index","follow":"follow","max-snippet":"max-snippet:-1","max-image-preview":"max-image-preview:large","max-video-preview":"max-video-preview:-1"},"canonical":"https:\/\/orthodoxalbania.org\/2020\/2012\/10\/16\/asdasdvepra-sociale-arsimi-dhe-edukimi-akademia-teologjike-ngjallja-e-krishtit\/","og_locale":"en_US","og_type":"article","og_title":"Akademia Teologjike \"Ngjallja e Krishtit\" - Kisha Orthodh\u03bfkse Autoqefale e Shqip\u00ebris\u00eb","og_description":"Akademia Teologjike \"Ngjallja e Krishtit\". N\u00eb 7 Shkurt 1992, Kryepiskopi Anastas hapi nj\u00eb seminar teologjik q\u00eb do t\u00eb trajnonte t\u00eb rinj dhe","og_url":"https:\/\/orthodoxalbania.org\/2020\/2012\/10\/16\/asdasdvepra-sociale-arsimi-dhe-edukimi-akademia-teologjike-ngjallja-e-krishtit\/","og_site_name":"Kisha Orthodh\u03bfkse Autoqefale e Shqip\u00ebris\u00eb","article_publisher":"https:\/\/www.facebook.com\/koash1991","article_published_time":"2012-10-16T10:05:33+00:00","article_modified_time":"2022-08-04T11:32:41+00:00","og_image":[{"width":1024,"height":768,"url":"https:\/\/orthodoxalbania.org\/2020\/wp-content\/uploads\/2012\/10\/shen-valshi.jpg","type":"image\/jpeg"}],"author":"Kisha Orthodhokse","twitter_card":"summary_large_image","twitter_misc":{"Written by":"Kisha Orthodhokse","Est. reading time":"4 minutes"},"schema":{"@context":"https:\/\/schema.org","@graph":[{"@type":"Article","@id":"https:\/\/orthodoxalbania.org\/2020\/2012\/10\/16\/asdasdvepra-sociale-arsimi-dhe-edukimi-akademia-teologjike-ngjallja-e-krishtit\/#article","isPartOf":{"@id":"https:\/\/orthodoxalbania.org\/2020\/2012\/10\/16\/asdasdvepra-sociale-arsimi-dhe-edukimi-akademia-teologjike-ngjallja-e-krishtit\/"},"author":{"name":"Kisha Orthodhokse","@id":"https:\/\/orthodoxalbania.org\/2020\/#\/schema\/person\/0c387634a7063ac612d7ed9ce71c7e86"},"headline":"Akademia Teologjike &#8220;Ngjallja e Krishtit&#8221;","datePublished":"2012-10-16T10:05:33+00:00","dateModified":"2022-08-04T11:32:41+00:00","mainEntityOfPage":{"@id":"https:\/\/orthodoxalbania.org\/2020\/2012\/10\/16\/asdasdvepra-sociale-arsimi-dhe-edukimi-akademia-teologjike-ngjallja-e-krishtit\/"},"wordCount":958,"publisher":{"@id":"https:\/\/orthodoxalbania.org\/2020\/#organization"},"image":{"@id":"https:\/\/orthodoxalbania.org\/2020\/2012\/10\/16\/asdasdvepra-sociale-arsimi-dhe-edukimi-akademia-teologjike-ngjallja-e-krishtit\/#primaryimage"},"thumbnailUrl":"https:\/\/orthodoxalbania.org\/2020\/wp-content\/uploads\/2012\/10\/shen-valshi.jpg","keywords":["Akademia Teologjike \"Ngjallja e Krishtit\"","Arsimi dhe edukimi","Vepra Sociale"],"articleSection":["Arsimi dhe Edukimi","Vepra sociale"],"inLanguage":"en-US"},{"@type":"WebPage","@id":"https:\/\/orthodoxalbania.org\/2020\/2012\/10\/16\/asdasdvepra-sociale-arsimi-dhe-edukimi-akademia-teologjike-ngjallja-e-krishtit\/","url":"https:\/\/orthodoxalbania.org\/2020\/2012\/10\/16\/asdasdvepra-sociale-arsimi-dhe-edukimi-akademia-teologjike-ngjallja-e-krishtit\/","name":"Akademia Teologjike \"Ngjallja e Krishtit\" - Kisha Orthodh\u03bfkse Autoqefale e Shqip\u00ebris\u00eb","isPartOf":{"@id":"https:\/\/orthodoxalbania.org\/2020\/#website"},"primaryImageOfPage":{"@id":"https:\/\/orthodoxalbania.org\/2020\/2012\/10\/16\/asdasdvepra-sociale-arsimi-dhe-edukimi-akademia-teologjike-ngjallja-e-krishtit\/#primaryimage"},"image":{"@id":"https:\/\/orthodoxalbania.org\/2020\/2012\/10\/16\/asdasdvepra-sociale-arsimi-dhe-edukimi-akademia-teologjike-ngjallja-e-krishtit\/#primaryimage"},"thumbnailUrl":"https:\/\/orthodoxalbania.org\/2020\/wp-content\/uploads\/2012\/10\/shen-valshi.jpg","datePublished":"2012-10-16T10:05:33+00:00","dateModified":"2022-08-04T11:32:41+00:00","description":"Akademia Teologjike \"Ngjallja e Krishtit\". N\u00eb 7 Shkurt 1992, Kryepiskopi Anastas hapi nj\u00eb seminar teologjik q\u00eb do t\u00eb trajnonte t\u00eb rinj dhe","breadcrumb":{"@id":"https:\/\/orthodoxalbania.org\/2020\/2012\/10\/16\/asdasdvepra-sociale-arsimi-dhe-edukimi-akademia-teologjike-ngjallja-e-krishtit\/#breadcrumb"},"inLanguage":"en-US","potentialAction":[{"@type":"ReadAction","target":["https:\/\/orthodoxalbania.org\/2020\/2012\/10\/16\/asdasdvepra-sociale-arsimi-dhe-edukimi-akademia-teologjike-ngjallja-e-krishtit\/"]}]},{"@type":"ImageObject","inLanguage":"en-US","@id":"https:\/\/orthodoxalbania.org\/2020\/2012\/10\/16\/asdasdvepra-sociale-arsimi-dhe-edukimi-akademia-teologjike-ngjallja-e-krishtit\/#primaryimage","url":"https:\/\/orthodoxalbania.org\/2020\/wp-content\/uploads\/2012\/10\/shen-valshi.jpg","contentUrl":"https:\/\/orthodoxalbania.org\/2020\/wp-content\/uploads\/2012\/10\/shen-valshi.jpg","width":1024,"height":768},{"@type":"BreadcrumbList","@id":"https:\/\/orthodoxalbania.org\/2020\/2012\/10\/16\/asdasdvepra-sociale-arsimi-dhe-edukimi-akademia-teologjike-ngjallja-e-krishtit\/#breadcrumb","itemListElement":[{"@type":"ListItem","position":1,"name":"Home","item":"https:\/\/orthodoxalbania.org\/2020\/"},{"@type":"ListItem","position":2,"name":"Akademia Teologjike &#8220;Ngjallja e Krishtit&#8221;"}]},{"@type":"WebSite","@id":"https:\/\/orthodoxalbania.org\/2020\/#website","url":"https:\/\/orthodoxalbania.org\/2020\/","name":"Kisha Orthodh\u03bfkse Autoqefale e Shqip\u00ebris\u00eb","description":"Fqja Zyrtare e Kish\u00ebs Orthodhokse Autoqefale e Shqip\u00ebris\u00eb me lajmet edhe informacionet zyrtare p\u00ebr struktur\u00ebn edhe veprimtarin e saj.","publisher":{"@id":"https:\/\/orthodoxalbania.org\/2020\/#organization"},"potentialAction":[{"@type":"SearchAction","target":{"@type":"EntryPoint","urlTemplate":"https:\/\/orthodoxalbania.org\/2020\/?s={search_term_string}"},"query-input":{"@type":"PropertyValueSpecification","valueRequired":true,"valueName":"search_term_string"}}],"inLanguage":"en-US"},{"@type":"Organization","@id":"https:\/\/orthodoxalbania.org\/2020\/#organization","name":"Kisha Orthodhokse Autoqefale e Shqip\u00ebris\u00eb","url":"https:\/\/orthodoxalbania.org\/2020\/","logo":{"@type":"ImageObject","inLanguage":"en-US","@id":"https:\/\/orthodoxalbania.org\/2020\/#\/schema\/logo\/image\/","url":"https:\/\/orthodoxalbania.org\/2020\/wp-content\/uploads\/2020\/05\/albania.jpeg","contentUrl":"https:\/\/orthodoxalbania.org\/2020\/wp-content\/uploads\/2020\/05\/albania.jpeg","width":540,"height":540,"caption":"Kisha Orthodhokse Autoqefale e Shqip\u00ebris\u00eb"},"image":{"@id":"https:\/\/orthodoxalbania.org\/2020\/#\/schema\/logo\/image\/"},"sameAs":["https:\/\/www.facebook.com\/koash1991"]},{"@type":"Person","@id":"https:\/\/orthodoxalbania.org\/2020\/#\/schema\/person\/0c387634a7063ac612d7ed9ce71c7e86","name":"Kisha Orthodhokse","image":{"@type":"ImageObject","inLanguage":"en-US","@id":"https:\/\/secure.gravatar.com\/avatar\/596e7c417251e30f2fbb9c00e026fce61a695a00e51c889caded71c96cbbdde5?s=96&d=mm&r=g","url":"https:\/\/secure.gravatar.com\/avatar\/596e7c417251e30f2fbb9c00e026fce61a695a00e51c889caded71c96cbbdde5?s=96&d=mm&r=g","contentUrl":"https:\/\/secure.gravatar.com\/avatar\/596e7c417251e30f2fbb9c00e026fce61a695a00e51c889caded71c96cbbdde5?s=96&d=mm&r=g","caption":"Kisha Orthodhokse"}}]}},"_links":{"self":[{"href":"https:\/\/orthodoxalbania.org\/2020\/wp-json\/wp\/v2\/posts\/3343","targetHints":{"allow":["GET"]}}],"collection":[{"href":"https:\/\/orthodoxalbania.org\/2020\/wp-json\/wp\/v2\/posts"}],"about":[{"href":"https:\/\/orthodoxalbania.org\/2020\/wp-json\/wp\/v2\/types\/post"}],"author":[{"embeddable":true,"href":"https:\/\/orthodoxalbania.org\/2020\/wp-json\/wp\/v2\/users\/1"}],"replies":[{"embeddable":true,"href":"https:\/\/orthodoxalbania.org\/2020\/wp-json\/wp\/v2\/comments?post=3343"}],"version-history":[{"count":6,"href":"https:\/\/orthodoxalbania.org\/2020\/wp-json\/wp\/v2\/posts\/3343\/revisions"}],"predecessor-version":[{"id":61267,"href":"https:\/\/orthodoxalbania.org\/2020\/wp-json\/wp\/v2\/posts\/3343\/revisions\/61267"}],"wp:featuredmedia":[{"embeddable":true,"href":"https:\/\/orthodoxalbania.org\/2020\/wp-json\/wp\/v2\/media\/23572"}],"wp:attachment":[{"href":"https:\/\/orthodoxalbania.org\/2020\/wp-json\/wp\/v2\/media?parent=3343"}],"wp:term":[{"taxonomy":"category","embeddable":true,"href":"https:\/\/orthodoxalbania.org\/2020\/wp-json\/wp\/v2\/categories?post=3343"},{"taxonomy":"post_tag","embeddable":true,"href":"https:\/\/orthodoxalbania.org\/2020\/wp-json\/wp\/v2\/tags?post=3343"}],"curies":[{"name":"wp","href":"https:\/\/api.w.org\/{rel}","templated":true}]}}