{"id":334,"date":"2008-02-26T00:00:19","date_gmt":"2008-02-26T00:00:19","guid":{"rendered":""},"modified":"2020-04-13T00:31:21","modified_gmt":"2020-04-12T22:31:21","slug":"celebration-of-the-10th-anniversary-of-the-enthronement-of-his-grace-joan-metropolitan-of-korca-2008","status":"publish","type":"post","link":"https:\/\/orthodoxalbania.org\/2020\/en\/2008\/02\/26\/celebration-of-the-10th-anniversary-of-the-enthronement-of-his-grace-joan-metropolitan-of-korca-2008\/","title":{"rendered":"Celebration of the 10th anniversary of the enthronement of His Grace Joan, Metropolitan of Korca. (July 2008)"},"content":{"rendered":"<table style=\"width: 673px; height: 969px;\" border=\"0\">\n<tbody>\n<tr>\n<td style=\"text-align: center;\">\n<div><span style=\"color: #000000;\"><span style=\"font-family: tahoma,geneva,sans-serif;\"><span style=\"font-size: 12px;\"><img decoding=\"async\" class=\"lazyload HAa Eha\" style=\"margin: 10px auto; display: block; border: 1px solid;\" alt=\"\" src=\"data:image\/svg+xml,%3Csvg%20xmlns%3D%27http%3A%2F%2Fwww.w3.org%2F2000%2Fsvg%27%20width%3D%27300%27%20height%3D%27225%27%20viewBox%3D%270%200%20300%20225%27%3E%3Crect%20width%3D%27300%27%20height%3D%27225%27%20fill-opacity%3D%220%22%2F%3E%3C%2Fsvg%3E\" data-orig-src=\"https:\/\/lh5.googleusercontent.com\/-LYY7kKRGou8\/VJF0snXU8HI\/AAAAAAAAIMc\/l1Qv8eoFPyo\/w448-h336-no\/1+tekst+.jpg\" height=\"225\" width=\"300\" \/><\/span><\/span><\/span><\/div>\n<\/td>\n<td>\n<div style=\"text-align: justify;\"><span style=\"color: #000000;\"><span style=\"font-family: tahoma,geneva,sans-serif;\"><span style=\"font-size: 12px;\">&nbsp;&nbsp;&nbsp; July 25th, 2008 marked the 10th anniversary of the enthronement of His Grace Joan, Metropolitan of Korca, Pogradec, Kolonja, Devoli, and Voskopoja. To celebrate this event a concert was held in Korca the evening before in the Cathedral\u2019s concert hall. Many clergy members and faithful attended as well as the mayor of Korca, Niko Peleshi, the consul general of Greece in Korca, Konstandinos Maucos, the Metropolitan of Berat, His Grace Ignati, and several other political and religious leaders of the city and area.<\/span><\/span><\/span><\/div>\n<\/td>\n<\/tr>\n<tr>\n<td>\n<div style=\"text-align: justify;\"><span style=\"color: #000000;\"><span style=\"font-family: tahoma,geneva,sans-serif;\"><span style=\"font-size: 12px;\">&nbsp;&nbsp;&nbsp; At the end of the concert Mayor Niko Peleshi spoke:&nbsp; \u201cWe are a country and city that are being resurrected. Everyday we all try to renew resurrect the historical, cultural, intellectual and educational values of this city. It is understood that the first and most important of these attempts are made by those who work daily under great difficulties to restore the spiritual values in which we are of great need.&nbsp; In that place of honor one person, beloved by all people of Korca, not only the Christians, deserves to stand- His Grace Joan\u201d. Then, after esteeming Bishop Joan\u2019s work and collaboration with himself, Mr. Niko Peleshi made public the decision of the City Council to grant His Grace the title \u201cHonored Citizen\u201d.<\/span><\/span><\/span><\/div>\n<\/td>\n<td style=\"text-align: center;\">\n<div><span style=\"color: #000000;\"><span style=\"font-family: tahoma,geneva,sans-serif;\"><span style=\"font-size: 12px;\"><img decoding=\"async\" class=\"lazyload HAa Eha\" style=\"margin: 10px auto; display: block; border: 1px solid;\" alt=\"\" src=\"data:image\/svg+xml,%3Csvg%20xmlns%3D%27http%3A%2F%2Fwww.w3.org%2F2000%2Fsvg%27%20width%3D%27300%27%20height%3D%27225%27%20viewBox%3D%270%200%20300%20225%27%3E%3Crect%20width%3D%27300%27%20height%3D%27225%27%20fill-opacity%3D%220%22%2F%3E%3C%2Fsvg%3E\" data-orig-src=\"https:\/\/lh4.googleusercontent.com\/-QR3wM-vU8dg\/VJF0tg5b0RI\/AAAAAAAAIME\/7OemMB_BoKs\/w448-h336-no\/7+tekst+.jpg\" height=\"225\" width=\"300\" \/><\/span><\/span><\/span><\/div>\n<\/td>\n<\/tr>\n<tr>\n<td style=\"text-align: center;\">\n<div><span style=\"color: #000000;\"><span style=\"font-family: tahoma,geneva,sans-serif;\"><span style=\"font-size: 12px;\"><img decoding=\"async\" class=\"lazyload HAa Eha\" style=\"margin: 10px auto; display: block; border: 1px solid;\" alt=\"\" src=\"data:image\/svg+xml,%3Csvg%20xmlns%3D%27http%3A%2F%2Fwww.w3.org%2F2000%2Fsvg%27%20width%3D%27300%27%20height%3D%27225%27%20viewBox%3D%270%200%20300%20225%27%3E%3Crect%20width%3D%27300%27%20height%3D%27225%27%20fill-opacity%3D%220%22%2F%3E%3C%2Fsvg%3E\" data-orig-src=\"https:\/\/lh3.googleusercontent.com\/-ScQcu9sKQtQ\/VJF0t_lFoqI\/AAAAAAAAIMQ\/kPbzQfLG9iM\/w448-h336-no\/8+tekst+.jpg\" height=\"225\" width=\"300\" \/><\/span><\/span><\/span><\/div>\n<\/td>\n<td>\n<div style=\"text-align: justify;\"><span style=\"color: #000000;\"><span style=\"font-family: tahoma,geneva,sans-serif;\"><span style=\"font-size: 12px;\">&nbsp;&nbsp;&nbsp; His Grace, Joan, expressed his appreciation for this decision and said that the honor was not only for himself but for the whole city because of all the spiritual and material support that the community has given the city. He continued by saying, \u201cOur country needs light and the message of the Church&#8230; The long transition period is not an economic problem, but rather a moral one and a moral sickness can only be healed by moral means, because nothing can be built on lies and injustice&#8230; It is specifically these values which the Church continuously tries to spread today, just as in past centuries, because our country needs light.<\/span><\/span><\/span><\/div>\n<\/td>\n<\/tr>\n<tr>\n<td>\n<div style=\"text-align: justify;\"><span style=\"color: #000000;\"><span style=\"font-family: tahoma,geneva,sans-serif;\"><span style=\"font-size: 12px;\">&nbsp;&nbsp;&nbsp; To have peace in our personal lives, our families, and more than that make an effort to protect the Church, to protect her and help her in everything, because in that way you help yourselves and your children&#8230;\u201d<\/span><\/span><\/span><\/div>\n<div style=\"text-align: justify;\"> <span style=\"color: #000000;\"><span style=\"font-family: tahoma,geneva,sans-serif;\"><span style=\"font-size: 12px;\">&nbsp;&nbsp;&nbsp; On Friday, July 25th the Orthodox Christians gathered together to celebrate Divine Liturgy in the Church of the \u201cLife-giving Spring\u201d in order to thank God and to pray together.&nbsp; Metropolitan of Berati, His Grace Ignati; Metropolitan of Gjirokaster, His Grace Dimitri; Metropolitan of Siatista, His Grace Pavlos; concelebrated this liturgy together with many clergy members and joined by faithful from Korca and the surrounding areas.<\/span><\/span><\/span><\/div>\n<\/td>\n<td style=\"text-align: center;\">\n<div><span style=\"color: #000000;\"><span style=\"font-family: tahoma,geneva,sans-serif;\"><span style=\"font-size: 12px;\"><img decoding=\"async\" class=\"lazyload HAa Eha\" style=\"margin: 10px auto; display: block; border: 1px solid;\" alt=\"\" src=\"data:image\/svg+xml,%3Csvg%20xmlns%3D%27http%3A%2F%2Fwww.w3.org%2F2000%2Fsvg%27%20width%3D%27300%27%20height%3D%27225%27%20viewBox%3D%270%200%20300%20225%27%3E%3Crect%20width%3D%27300%27%20height%3D%27225%27%20fill-opacity%3D%220%22%2F%3E%3C%2Fsvg%3E\" data-orig-src=\"https:\/\/lh5.googleusercontent.com\/-EcsVKfWqB_Y\/VJF0uMzGZXI\/AAAAAAAAIMM\/E3tGYFHV2tg\/w448-h336-no\/9+tekst+.jpg\" height=\"225\" width=\"300\" \/><\/span><\/span><\/span><\/div>\n<\/td>\n<\/tr>\n<\/tbody>\n<\/table>\n<table style=\"width: 681px; height: 62px;\" border=\"0\">\n<tbody>\n<tr>\n<th style=\"text-align: justify;\" scope=\"col\"><span style=\"color: #000000;\"><span style=\"font-family: tahoma,geneva,sans-serif;\"><span style=\"font-size: 12px;\">&nbsp;&nbsp;&nbsp; All those in attendance extended heartfelt congratulations to His Grace Joan. Among those were the Korca Diocese youth group, the \u201cVithkuq Brotherhood\u201d society,&nbsp; the Orthodox Women\u2019s group of Tirana and that of Korca, as well as the children\u2019s choir of the Korca Cathedral, girls from the \u201cGood Shepherd\u201d summer camp, representatives from the clergy of the Berati Metropolis. The liturgy was attended by a number of political and religious leaders which had likewise attended the concert the evening before. Metropolitan Joan thanked everyone for the warmth and love as well as for the gifts he was given since \u201cgifts are from the heart\u201d he said. Following this everyone attended a reception for the occasion.<\/span><\/span><\/span><\/th>\n<\/tr>\n<\/tbody>\n<\/table>\n<table style=\"width: 674px; height: 947px;\" border=\"0\">\n<tbody>\n<tr>\n<th scope=\"col\"><span style=\"color: #000000;\"><span style=\"font-family: tahoma,geneva,sans-serif;\"><span style=\"font-size: 12px;\"><img decoding=\"async\" class=\"lazyload HAa Eha\" style=\"margin: 10px auto; width: 294px; height: 221px; display: block; border: 1px solid;\" alt=\"\" src=\"data:image\/svg+xml,%3Csvg%20xmlns%3D%27http%3A%2F%2Fwww.w3.org%2F2000%2Fsvg%27%20width%3D%27300%27%20height%3D%270%27%20viewBox%3D%270%200%20300%200%27%3E%3Crect%20width%3D%27300%27%20height%3D%270%27%20fill-opacity%3D%220%22%2F%3E%3C%2Fsvg%3E\" data-orig-src=\"https:\/\/lh5.googleusercontent.com\/-vfwfJvU9MT0\/VJF089H9ERI\/AAAAAAAAINA\/tjREofgCwhg\/w448-h336-no\/poshte+1+.jpg\" height=\"NaN\" width=\"300\" \/><\/span><\/span><\/span><\/th>\n<th scope=\"col\"><span style=\"color: #000000;\"><span style=\"font-family: tahoma,geneva,sans-serif;\"><span style=\"font-size: 12px;\"><img decoding=\"async\" class=\"lazyload HAa Eha\" style=\"margin: 10px auto; height: 225px; width: 300px; display: block; border: 1px solid;\" alt=\"\" src=\"data:image\/svg+xml,%3Csvg%20xmlns%3D%27http%3A%2F%2Fwww.w3.org%2F2000%2Fsvg%27%20width%3D%27300%27%20height%3D%270%27%20viewBox%3D%270%200%20300%200%27%3E%3Crect%20width%3D%27300%27%20height%3D%270%27%20fill-opacity%3D%220%22%2F%3E%3C%2Fsvg%3E\" data-orig-src=\"https:\/\/lh5.googleusercontent.com\/-NOkrCm_NkXE\/VJF0ucShtEI\/AAAAAAAAIMY\/DtLI2QRUEEk\/w640-h409-no\/hiresi+Joani,+10+vjet+kampi.JPG\" height=\"NaN\" width=\"300\" \/><\/span><\/span><\/span><\/th>\n<\/tr>\n<tr>\n<th scope=\"col\"><span style=\"color: #000000;\"><span style=\"font-family: tahoma,geneva,sans-serif;\"><span style=\"font-size: 12px;\"><img decoding=\"async\" class=\"lazyload HAa Eha\" style=\"margin: 10px auto; display: block; border: 1px solid;\" alt=\"\" src=\"data:image\/svg+xml,%3Csvg%20xmlns%3D%27http%3A%2F%2Fwww.w3.org%2F2000%2Fsvg%27%20width%3D%27296%27%20height%3D%27222%27%20viewBox%3D%270%200%20296%20222%27%3E%3Crect%20width%3D%27296%27%20height%3D%27222%27%20fill-opacity%3D%220%22%2F%3E%3C%2Fsvg%3E\" data-orig-src=\"https:\/\/lh4.googleusercontent.com\/-o8UB7OnUuJs\/VJF0s0Huq7I\/AAAAAAAAIMs\/SfyfZDOxLD0\/w448-h336-no\/4+tekst+.jpg\" height=\"222\" width=\"296\" \/><\/span><\/span><\/span><\/th>\n<th scope=\"col\"><span style=\"color: #000000;\"><span style=\"font-family: tahoma,geneva,sans-serif;\"><span style=\"font-size: 12px;\"><img decoding=\"async\" class=\"lazyload HAa Eha\" style=\"margin: 10px auto; display: block; border: 1px solid;\" alt=\"\" src=\"data:image\/svg+xml,%3Csvg%20xmlns%3D%27http%3A%2F%2Fwww.w3.org%2F2000%2Fsvg%27%20width%3D%27298%27%20height%3D%27224%27%20viewBox%3D%270%200%20298%20224%27%3E%3Crect%20width%3D%27298%27%20height%3D%27224%27%20fill-opacity%3D%220%22%2F%3E%3C%2Fsvg%3E\" data-orig-src=\"https:\/\/lh6.googleusercontent.com\/-tmfqr3HX7U4\/VJF0sR_2W7I\/AAAAAAAAIMo\/7w-XJBJMiuk\/w448-h336-no\/2+tekst+.jpg\" height=\"224\" width=\"298\" \/><\/span><\/span><\/span><\/th>\n<\/tr>\n<tr>\n<th scope=\"col\"><span style=\"color: #000000;\"><span style=\"font-family: tahoma,geneva,sans-serif;\"><span style=\"font-size: 12px;\"><img decoding=\"async\" class=\"lazyload HAa Eha\" style=\"margin: 10px auto; display: block; border: 1px solid;\" alt=\"\" src=\"data:image\/svg+xml,%3Csvg%20xmlns%3D%27http%3A%2F%2Fwww.w3.org%2F2000%2Fsvg%27%20width%3D%27300%27%20height%3D%27225%27%20viewBox%3D%270%200%20300%20225%27%3E%3Crect%20width%3D%27300%27%20height%3D%27225%27%20fill-opacity%3D%220%22%2F%3E%3C%2Fsvg%3E\" data-orig-src=\"https:\/\/lh5.googleusercontent.com\/-3QW2Paf8hgk\/VJF0spIQ9bI\/AAAAAAAAIMg\/0qDb6iC62-A\/w448-h336-no\/3+tekst+.jpg\" height=\"225\" width=\"300\" \/><\/span><\/span><\/span><\/th>\n<th scope=\"col\"><span style=\"color: #000000;\"><span style=\"font-family: tahoma,geneva,sans-serif;\"><span style=\"font-size: 12px;\"><img decoding=\"async\" class=\"lazyload HAa Eha\" style=\"margin: 10px auto; display: block; border: 1px solid;\" alt=\"\" src=\"data:image\/svg+xml,%3Csvg%20xmlns%3D%27http%3A%2F%2Fwww.w3.org%2F2000%2Fsvg%27%20width%3D%27300%27%20height%3D%27225%27%20viewBox%3D%270%200%20300%20225%27%3E%3Crect%20width%3D%27300%27%20height%3D%27225%27%20fill-opacity%3D%220%22%2F%3E%3C%2Fsvg%3E\" data-orig-src=\"https:\/\/lh6.googleusercontent.com\/-d7vQldyXNiU\/VJF0tDhP_BI\/AAAAAAAAIMU\/ypjieWxzCQU\/w448-h336-no\/6+tekst+.jpg\" height=\"225\" width=\"300\" \/><\/span><\/span><\/span><\/th>\n<\/tr>\n<tr>\n<th scope=\"col\"><span style=\"color: #000000;\"><span style=\"font-family: tahoma,geneva,sans-serif;\"><span style=\"font-size: 12px;\"><img decoding=\"async\" class=\"lazyload HAa Eha\" style=\"margin: 10px auto; display: block; border: 1px solid;\" alt=\"\" src=\"data:image\/svg+xml,%3Csvg%20xmlns%3D%27http%3A%2F%2Fwww.w3.org%2F2000%2Fsvg%27%20width%3D%27300%27%20height%3D%27225%27%20viewBox%3D%270%200%20300%20225%27%3E%3Crect%20width%3D%27300%27%20height%3D%27225%27%20fill-opacity%3D%220%22%2F%3E%3C%2Fsvg%3E\" data-orig-src=\"https:\/\/lh4.googleusercontent.com\/-H0cIKhdt0nY\/VJF0tBW1DwI\/AAAAAAAAIL0\/Z9kUy57kBns\/w448-h336-no\/5+tekst+.jpg\" height=\"225\" width=\"300\" \/><\/span><\/span><\/span><\/th>\n<th scope=\"col\"><span style=\"color: #000000;\"><span style=\"font-family: tahoma,geneva,sans-serif;\"><span style=\"font-size: 12px;\"><img decoding=\"async\" class=\"lazyload HAa Eha\" style=\"margin: 10px auto; width: 295px; height: 222px; display: block; border: 1px solid;\" alt=\"\" src=\"data:image\/svg+xml,%3Csvg%20xmlns%3D%27http%3A%2F%2Fwww.w3.org%2F2000%2Fsvg%27%20width%3D%27300%27%20height%3D%270%27%20viewBox%3D%270%200%20300%200%27%3E%3Crect%20width%3D%27300%27%20height%3D%270%27%20fill-opacity%3D%220%22%2F%3E%3C%2Fsvg%3E\" data-orig-src=\"https:\/\/lh3.googleusercontent.com\/-n2IYP20I1yY\/VJF088a5glI\/AAAAAAAAINE\/duEDjggGdnY\/w448-h336-no\/poshte+2.jpg\" height=\"NaN\" width=\"300\" \/><\/span><\/span><\/span><\/th>\n<\/tr>\n<\/tbody>\n<\/table>\n<table border=\"0\">\n<tbody>\n<tr>\n<th scope=\"col\"><span style=\"color: #000000;\"><span style=\"font-family: tahoma,geneva,sans-serif;\"><span style=\"font-size: 12px;\"><strong>Julia Pjetri<\/strong><\/span><\/span><\/span><span style=\"color: #000000;\"><span style=\"font-family: tahoma,geneva,sans-serif;\"><span style=\"font-size: 12px;\">Translated and edited by<strong> Georgia Bendo<\/strong><\/span><\/span><\/span><\/th>\n<\/tr>\n<\/tbody>\n<\/table>\n","protected":false},"excerpt":{"rendered":"<p>&nbsp;&nbsp;&nbsp; July 25th, 2008 marked the 10th anniversary of the enthronement of His Grace Joan, Metropolitan of Korca, Pogradec, Kolonja, Devoli, and Voskopoja. To celebrate this event a concert was held in Korca the evening before in the Cathedral\u2019s concert hall. Many clergy members and faithful attended as well as the mayor of Korca, Niko Peleshi, the consul general of Greece in Korca, Konstandinos Maucos,<\/p>\n","protected":false},"author":7,"featured_media":0,"comment_status":"open","ping_status":"open","sticky":false,"template":"","format":"standard","meta":{"_acf_changed":false,"pagelayer_contact_templates":[],"_pagelayer_content":"","inline_featured_image":false,"fifu_image_url":"","fifu_image_alt":"","footnotes":""},"categories":[1455,311],"tags":[1121,1786],"class_list":["post-334","post","type-post","status-publish","format-standard","hentry","category-news-en","category-news-d25","tag-2008-en","tag-kremtime-en"],"acf":[],"yoast_head":"<!-- This site is optimized with the Yoast SEO plugin v27.2 - https:\/\/yoast.com\/product\/yoast-seo-wordpress\/ -->\n<title>Celebration of the 10th anniversary of the enthronement of His Grace Joan, Metropolitan of Korca. (July 2008) - Kisha Orthodh\u03bfkse Autoqefale e Shqip\u00ebris\u00eb<\/title>\n<meta name=\"robots\" content=\"index, follow, max-snippet:-1, max-image-preview:large, max-video-preview:-1\" \/>\n<link rel=\"canonical\" href=\"https:\/\/orthodoxalbania.org\/2020\/en\/2008\/02\/26\/celebration-of-the-10th-anniversary-of-the-enthronement-of-his-grace-joan-metropolitan-of-korca-2008\/\" \/>\n<meta property=\"og:locale\" content=\"en_US\" \/>\n<meta property=\"og:type\" content=\"article\" \/>\n<meta property=\"og:title\" content=\"Celebration of the 10th anniversary of the enthronement of His Grace Joan, Metropolitan of Korca. (July 2008) - Kisha Orthodh\u03bfkse Autoqefale e Shqip\u00ebris\u00eb\" \/>\n<meta property=\"og:description\" content=\"&nbsp;&nbsp;&nbsp; July 25th, 2008 marked the 10th anniversary of the enthronement of His Grace Joan, Metropolitan of Korca, Pogradec, Kolonja, Devoli, and Voskopoja. To celebrate this event a concert was held in Korca the evening before in the Cathedral\u2019s concert hall. Many clergy members and faithful attended as well as the mayor of Korca, Niko Peleshi, the consul general of Greece in Korca, Konstandinos Maucos,\" \/>\n<meta property=\"og:url\" content=\"https:\/\/orthodoxalbania.org\/2020\/en\/2008\/02\/26\/celebration-of-the-10th-anniversary-of-the-enthronement-of-his-grace-joan-metropolitan-of-korca-2008\/\" \/>\n<meta property=\"og:site_name\" content=\"Kisha Orthodh\u03bfkse Autoqefale e Shqip\u00ebris\u00eb\" \/>\n<meta property=\"article:publisher\" content=\"https:\/\/www.facebook.com\/koash1991\" \/>\n<meta property=\"article:published_time\" content=\"2008-02-26T00:00:19+00:00\" \/>\n<meta property=\"article:modified_time\" content=\"2020-04-12T22:31:21+00:00\" \/>\n<meta property=\"og:image\" content=\"https:\/\/lh5.googleusercontent.com\/-LYY7kKRGou8\/VJF0snXU8HI\/AAAAAAAAIMc\/l1Qv8eoFPyo\/w448-h336-no\/1+tekst+.jpg\" \/>\n<meta name=\"author\" content=\"Kisha Orthodhokse\" \/>\n<meta name=\"twitter:card\" content=\"summary_large_image\" \/>\n<meta name=\"twitter:label1\" content=\"Written by\" \/>\n\t<meta name=\"twitter:data1\" content=\"Kisha Orthodhokse\" \/>\n\t<meta name=\"twitter:label2\" content=\"Est. reading time\" \/>\n\t<meta name=\"twitter:data2\" content=\"3 minutes\" \/>\n<script type=\"application\/ld+json\" class=\"yoast-schema-graph\">{\"@context\":\"https:\/\/schema.org\",\"@graph\":[{\"@type\":\"Article\",\"@id\":\"https:\/\/orthodoxalbania.org\/2020\/en\/2008\/02\/26\/celebration-of-the-10th-anniversary-of-the-enthronement-of-his-grace-joan-metropolitan-of-korca-2008\/#article\",\"isPartOf\":{\"@id\":\"https:\/\/orthodoxalbania.org\/2020\/en\/2008\/02\/26\/celebration-of-the-10th-anniversary-of-the-enthronement-of-his-grace-joan-metropolitan-of-korca-2008\/\"},\"author\":{\"name\":\"Kisha Orthodhokse\",\"@id\":\"https:\/\/orthodoxalbania.org\/2020\/#\/schema\/person\/df745f942b70e045b3dc05a30211f0de\"},\"headline\":\"Celebration of the 10th anniversary of the enthronement of His Grace Joan, Metropolitan of Korca. (July 2008)\",\"datePublished\":\"2008-02-26T00:00:19+00:00\",\"dateModified\":\"2020-04-12T22:31:21+00:00\",\"mainEntityOfPage\":{\"@id\":\"https:\/\/orthodoxalbania.org\/2020\/en\/2008\/02\/26\/celebration-of-the-10th-anniversary-of-the-enthronement-of-his-grace-joan-metropolitan-of-korca-2008\/\"},\"wordCount\":582,\"commentCount\":0,\"publisher\":{\"@id\":\"https:\/\/orthodoxalbania.org\/2020\/#organization\"},\"image\":{\"@id\":\"https:\/\/orthodoxalbania.org\/2020\/en\/2008\/02\/26\/celebration-of-the-10th-anniversary-of-the-enthronement-of-his-grace-joan-metropolitan-of-korca-2008\/#primaryimage\"},\"thumbnailUrl\":\"https:\/\/lh5.googleusercontent.com\/-LYY7kKRGou8\/VJF0snXU8HI\/AAAAAAAAIMc\/l1Qv8eoFPyo\/w448-h336-no\/1+tekst+.jpg\",\"keywords\":[\"2008\",\"Kremtime\"],\"articleSection\":[\"News - \u0395\u039d\",\"News old page\"],\"inLanguage\":\"en-US\"},{\"@type\":\"WebPage\",\"@id\":\"https:\/\/orthodoxalbania.org\/2020\/en\/2008\/02\/26\/celebration-of-the-10th-anniversary-of-the-enthronement-of-his-grace-joan-metropolitan-of-korca-2008\/\",\"url\":\"https:\/\/orthodoxalbania.org\/2020\/en\/2008\/02\/26\/celebration-of-the-10th-anniversary-of-the-enthronement-of-his-grace-joan-metropolitan-of-korca-2008\/\",\"name\":\"Celebration of the 10th anniversary of the enthronement of His Grace Joan, Metropolitan of Korca. (July 2008) - Kisha Orthodh\u03bfkse Autoqefale e Shqip\u00ebris\u00eb\",\"isPartOf\":{\"@id\":\"https:\/\/orthodoxalbania.org\/2020\/#website\"},\"primaryImageOfPage\":{\"@id\":\"https:\/\/orthodoxalbania.org\/2020\/en\/2008\/02\/26\/celebration-of-the-10th-anniversary-of-the-enthronement-of-his-grace-joan-metropolitan-of-korca-2008\/#primaryimage\"},\"image\":{\"@id\":\"https:\/\/orthodoxalbania.org\/2020\/en\/2008\/02\/26\/celebration-of-the-10th-anniversary-of-the-enthronement-of-his-grace-joan-metropolitan-of-korca-2008\/#primaryimage\"},\"thumbnailUrl\":\"https:\/\/lh5.googleusercontent.com\/-LYY7kKRGou8\/VJF0snXU8HI\/AAAAAAAAIMc\/l1Qv8eoFPyo\/w448-h336-no\/1+tekst+.jpg\",\"datePublished\":\"2008-02-26T00:00:19+00:00\",\"dateModified\":\"2020-04-12T22:31:21+00:00\",\"breadcrumb\":{\"@id\":\"https:\/\/orthodoxalbania.org\/2020\/en\/2008\/02\/26\/celebration-of-the-10th-anniversary-of-the-enthronement-of-his-grace-joan-metropolitan-of-korca-2008\/#breadcrumb\"},\"inLanguage\":\"en-US\",\"potentialAction\":[{\"@type\":\"ReadAction\",\"target\":[\"https:\/\/orthodoxalbania.org\/2020\/en\/2008\/02\/26\/celebration-of-the-10th-anniversary-of-the-enthronement-of-his-grace-joan-metropolitan-of-korca-2008\/\"]}]},{\"@type\":\"ImageObject\",\"inLanguage\":\"en-US\",\"@id\":\"https:\/\/orthodoxalbania.org\/2020\/en\/2008\/02\/26\/celebration-of-the-10th-anniversary-of-the-enthronement-of-his-grace-joan-metropolitan-of-korca-2008\/#primaryimage\",\"url\":\"https:\/\/lh5.googleusercontent.com\/-LYY7kKRGou8\/VJF0snXU8HI\/AAAAAAAAIMc\/l1Qv8eoFPyo\/w448-h336-no\/1+tekst+.jpg\",\"contentUrl\":\"https:\/\/lh5.googleusercontent.com\/-LYY7kKRGou8\/VJF0snXU8HI\/AAAAAAAAIMc\/l1Qv8eoFPyo\/w448-h336-no\/1+tekst+.jpg\"},{\"@type\":\"BreadcrumbList\",\"@id\":\"https:\/\/orthodoxalbania.org\/2020\/en\/2008\/02\/26\/celebration-of-the-10th-anniversary-of-the-enthronement-of-his-grace-joan-metropolitan-of-korca-2008\/#breadcrumb\",\"itemListElement\":[{\"@type\":\"ListItem\",\"position\":1,\"name\":\"Home\",\"item\":\"https:\/\/orthodoxalbania.org\/2020\/\"},{\"@type\":\"ListItem\",\"position\":2,\"name\":\"Celebration of the 10th anniversary of the enthronement of His Grace Joan, Metropolitan of Korca. (July 2008)\"}]},{\"@type\":\"WebSite\",\"@id\":\"https:\/\/orthodoxalbania.org\/2020\/#website\",\"url\":\"https:\/\/orthodoxalbania.org\/2020\/\",\"name\":\"Kisha Orthodh\u03bfkse Autoqefale e Shqip\u00ebris\u00eb\",\"description\":\"Fqja Zyrtare e Kish\u00ebs Orthodhokse Autoqefale e Shqip\u00ebris\u00eb me lajmet edhe informacionet zyrtare p\u00ebr struktur\u00ebn edhe veprimtarin e saj.\",\"publisher\":{\"@id\":\"https:\/\/orthodoxalbania.org\/2020\/#organization\"},\"potentialAction\":[{\"@type\":\"SearchAction\",\"target\":{\"@type\":\"EntryPoint\",\"urlTemplate\":\"https:\/\/orthodoxalbania.org\/2020\/?s={search_term_string}\"},\"query-input\":{\"@type\":\"PropertyValueSpecification\",\"valueRequired\":true,\"valueName\":\"search_term_string\"}}],\"inLanguage\":\"en-US\"},{\"@type\":\"Organization\",\"@id\":\"https:\/\/orthodoxalbania.org\/2020\/#organization\",\"name\":\"Kisha Orthodhokse Autoqefale e Shqip\u00ebris\u00eb\",\"url\":\"https:\/\/orthodoxalbania.org\/2020\/\",\"logo\":{\"@type\":\"ImageObject\",\"inLanguage\":\"en-US\",\"@id\":\"https:\/\/orthodoxalbania.org\/2020\/#\/schema\/logo\/image\/\",\"url\":\"https:\/\/orthodoxalbania.org\/2020\/wp-content\/uploads\/2020\/05\/albania.jpeg\",\"contentUrl\":\"https:\/\/orthodoxalbania.org\/2020\/wp-content\/uploads\/2020\/05\/albania.jpeg\",\"width\":540,\"height\":540,\"caption\":\"Kisha Orthodhokse Autoqefale e Shqip\u00ebris\u00eb\"},\"image\":{\"@id\":\"https:\/\/orthodoxalbania.org\/2020\/#\/schema\/logo\/image\/\"},\"sameAs\":[\"https:\/\/www.facebook.com\/koash1991\"]},{\"@type\":\"Person\",\"@id\":\"https:\/\/orthodoxalbania.org\/2020\/#\/schema\/person\/df745f942b70e045b3dc05a30211f0de\",\"name\":\"Kisha Orthodhokse\",\"image\":{\"@type\":\"ImageObject\",\"inLanguage\":\"en-US\",\"@id\":\"https:\/\/secure.gravatar.com\/avatar\/2676eb8d97178435c9f691a7871595a1da6c33542dec218bce40885573150e28?s=96&d=mm&r=g\",\"url\":\"https:\/\/secure.gravatar.com\/avatar\/2676eb8d97178435c9f691a7871595a1da6c33542dec218bce40885573150e28?s=96&d=mm&r=g\",\"contentUrl\":\"https:\/\/secure.gravatar.com\/avatar\/2676eb8d97178435c9f691a7871595a1da6c33542dec218bce40885573150e28?s=96&d=mm&r=g\",\"caption\":\"Kisha Orthodhokse\"}}]}<\/script>\n<!-- \/ Yoast SEO plugin. -->","yoast_head_json":{"title":"Celebration of the 10th anniversary of the enthronement of His Grace Joan, Metropolitan of Korca. (July 2008) - Kisha Orthodh\u03bfkse Autoqefale e Shqip\u00ebris\u00eb","robots":{"index":"index","follow":"follow","max-snippet":"max-snippet:-1","max-image-preview":"max-image-preview:large","max-video-preview":"max-video-preview:-1"},"canonical":"https:\/\/orthodoxalbania.org\/2020\/en\/2008\/02\/26\/celebration-of-the-10th-anniversary-of-the-enthronement-of-his-grace-joan-metropolitan-of-korca-2008\/","og_locale":"en_US","og_type":"article","og_title":"Celebration of the 10th anniversary of the enthronement of His Grace Joan, Metropolitan of Korca. (July 2008) - Kisha Orthodh\u03bfkse Autoqefale e Shqip\u00ebris\u00eb","og_description":"&nbsp;&nbsp;&nbsp; July 25th, 2008 marked the 10th anniversary of the enthronement of His Grace Joan, Metropolitan of Korca, Pogradec, Kolonja, Devoli, and Voskopoja. To celebrate this event a concert was held in Korca the evening before in the Cathedral\u2019s concert hall. Many clergy members and faithful attended as well as the mayor of Korca, Niko Peleshi, the consul general of Greece in Korca, Konstandinos Maucos,","og_url":"https:\/\/orthodoxalbania.org\/2020\/en\/2008\/02\/26\/celebration-of-the-10th-anniversary-of-the-enthronement-of-his-grace-joan-metropolitan-of-korca-2008\/","og_site_name":"Kisha Orthodh\u03bfkse Autoqefale e Shqip\u00ebris\u00eb","article_publisher":"https:\/\/www.facebook.com\/koash1991","article_published_time":"2008-02-26T00:00:19+00:00","article_modified_time":"2020-04-12T22:31:21+00:00","og_image":[{"url":"https:\/\/lh5.googleusercontent.com\/-LYY7kKRGou8\/VJF0snXU8HI\/AAAAAAAAIMc\/l1Qv8eoFPyo\/w448-h336-no\/1+tekst+.jpg","type":"","width":"","height":""}],"author":"Kisha Orthodhokse","twitter_card":"summary_large_image","twitter_misc":{"Written by":"Kisha Orthodhokse","Est. reading time":"3 minutes"},"schema":{"@context":"https:\/\/schema.org","@graph":[{"@type":"Article","@id":"https:\/\/orthodoxalbania.org\/2020\/en\/2008\/02\/26\/celebration-of-the-10th-anniversary-of-the-enthronement-of-his-grace-joan-metropolitan-of-korca-2008\/#article","isPartOf":{"@id":"https:\/\/orthodoxalbania.org\/2020\/en\/2008\/02\/26\/celebration-of-the-10th-anniversary-of-the-enthronement-of-his-grace-joan-metropolitan-of-korca-2008\/"},"author":{"name":"Kisha Orthodhokse","@id":"https:\/\/orthodoxalbania.org\/2020\/#\/schema\/person\/df745f942b70e045b3dc05a30211f0de"},"headline":"Celebration of the 10th anniversary of the enthronement of His Grace Joan, Metropolitan of Korca. (July 2008)","datePublished":"2008-02-26T00:00:19+00:00","dateModified":"2020-04-12T22:31:21+00:00","mainEntityOfPage":{"@id":"https:\/\/orthodoxalbania.org\/2020\/en\/2008\/02\/26\/celebration-of-the-10th-anniversary-of-the-enthronement-of-his-grace-joan-metropolitan-of-korca-2008\/"},"wordCount":582,"commentCount":0,"publisher":{"@id":"https:\/\/orthodoxalbania.org\/2020\/#organization"},"image":{"@id":"https:\/\/orthodoxalbania.org\/2020\/en\/2008\/02\/26\/celebration-of-the-10th-anniversary-of-the-enthronement-of-his-grace-joan-metropolitan-of-korca-2008\/#primaryimage"},"thumbnailUrl":"https:\/\/lh5.googleusercontent.com\/-LYY7kKRGou8\/VJF0snXU8HI\/AAAAAAAAIMc\/l1Qv8eoFPyo\/w448-h336-no\/1+tekst+.jpg","keywords":["2008","Kremtime"],"articleSection":["News - \u0395\u039d","News old page"],"inLanguage":"en-US"},{"@type":"WebPage","@id":"https:\/\/orthodoxalbania.org\/2020\/en\/2008\/02\/26\/celebration-of-the-10th-anniversary-of-the-enthronement-of-his-grace-joan-metropolitan-of-korca-2008\/","url":"https:\/\/orthodoxalbania.org\/2020\/en\/2008\/02\/26\/celebration-of-the-10th-anniversary-of-the-enthronement-of-his-grace-joan-metropolitan-of-korca-2008\/","name":"Celebration of the 10th anniversary of the enthronement of His Grace Joan, Metropolitan of Korca. (July 2008) - Kisha Orthodh\u03bfkse Autoqefale e Shqip\u00ebris\u00eb","isPartOf":{"@id":"https:\/\/orthodoxalbania.org\/2020\/#website"},"primaryImageOfPage":{"@id":"https:\/\/orthodoxalbania.org\/2020\/en\/2008\/02\/26\/celebration-of-the-10th-anniversary-of-the-enthronement-of-his-grace-joan-metropolitan-of-korca-2008\/#primaryimage"},"image":{"@id":"https:\/\/orthodoxalbania.org\/2020\/en\/2008\/02\/26\/celebration-of-the-10th-anniversary-of-the-enthronement-of-his-grace-joan-metropolitan-of-korca-2008\/#primaryimage"},"thumbnailUrl":"https:\/\/lh5.googleusercontent.com\/-LYY7kKRGou8\/VJF0snXU8HI\/AAAAAAAAIMc\/l1Qv8eoFPyo\/w448-h336-no\/1+tekst+.jpg","datePublished":"2008-02-26T00:00:19+00:00","dateModified":"2020-04-12T22:31:21+00:00","breadcrumb":{"@id":"https:\/\/orthodoxalbania.org\/2020\/en\/2008\/02\/26\/celebration-of-the-10th-anniversary-of-the-enthronement-of-his-grace-joan-metropolitan-of-korca-2008\/#breadcrumb"},"inLanguage":"en-US","potentialAction":[{"@type":"ReadAction","target":["https:\/\/orthodoxalbania.org\/2020\/en\/2008\/02\/26\/celebration-of-the-10th-anniversary-of-the-enthronement-of-his-grace-joan-metropolitan-of-korca-2008\/"]}]},{"@type":"ImageObject","inLanguage":"en-US","@id":"https:\/\/orthodoxalbania.org\/2020\/en\/2008\/02\/26\/celebration-of-the-10th-anniversary-of-the-enthronement-of-his-grace-joan-metropolitan-of-korca-2008\/#primaryimage","url":"https:\/\/lh5.googleusercontent.com\/-LYY7kKRGou8\/VJF0snXU8HI\/AAAAAAAAIMc\/l1Qv8eoFPyo\/w448-h336-no\/1+tekst+.jpg","contentUrl":"https:\/\/lh5.googleusercontent.com\/-LYY7kKRGou8\/VJF0snXU8HI\/AAAAAAAAIMc\/l1Qv8eoFPyo\/w448-h336-no\/1+tekst+.jpg"},{"@type":"BreadcrumbList","@id":"https:\/\/orthodoxalbania.org\/2020\/en\/2008\/02\/26\/celebration-of-the-10th-anniversary-of-the-enthronement-of-his-grace-joan-metropolitan-of-korca-2008\/#breadcrumb","itemListElement":[{"@type":"ListItem","position":1,"name":"Home","item":"https:\/\/orthodoxalbania.org\/2020\/"},{"@type":"ListItem","position":2,"name":"Celebration of the 10th anniversary of the enthronement of His Grace Joan, Metropolitan of Korca. (July 2008)"}]},{"@type":"WebSite","@id":"https:\/\/orthodoxalbania.org\/2020\/#website","url":"https:\/\/orthodoxalbania.org\/2020\/","name":"Kisha Orthodh\u03bfkse Autoqefale e Shqip\u00ebris\u00eb","description":"Fqja Zyrtare e Kish\u00ebs Orthodhokse Autoqefale e Shqip\u00ebris\u00eb me lajmet edhe informacionet zyrtare p\u00ebr struktur\u00ebn edhe veprimtarin e saj.","publisher":{"@id":"https:\/\/orthodoxalbania.org\/2020\/#organization"},"potentialAction":[{"@type":"SearchAction","target":{"@type":"EntryPoint","urlTemplate":"https:\/\/orthodoxalbania.org\/2020\/?s={search_term_string}"},"query-input":{"@type":"PropertyValueSpecification","valueRequired":true,"valueName":"search_term_string"}}],"inLanguage":"en-US"},{"@type":"Organization","@id":"https:\/\/orthodoxalbania.org\/2020\/#organization","name":"Kisha Orthodhokse Autoqefale e Shqip\u00ebris\u00eb","url":"https:\/\/orthodoxalbania.org\/2020\/","logo":{"@type":"ImageObject","inLanguage":"en-US","@id":"https:\/\/orthodoxalbania.org\/2020\/#\/schema\/logo\/image\/","url":"https:\/\/orthodoxalbania.org\/2020\/wp-content\/uploads\/2020\/05\/albania.jpeg","contentUrl":"https:\/\/orthodoxalbania.org\/2020\/wp-content\/uploads\/2020\/05\/albania.jpeg","width":540,"height":540,"caption":"Kisha Orthodhokse Autoqefale e Shqip\u00ebris\u00eb"},"image":{"@id":"https:\/\/orthodoxalbania.org\/2020\/#\/schema\/logo\/image\/"},"sameAs":["https:\/\/www.facebook.com\/koash1991"]},{"@type":"Person","@id":"https:\/\/orthodoxalbania.org\/2020\/#\/schema\/person\/df745f942b70e045b3dc05a30211f0de","name":"Kisha Orthodhokse","image":{"@type":"ImageObject","inLanguage":"en-US","@id":"https:\/\/secure.gravatar.com\/avatar\/2676eb8d97178435c9f691a7871595a1da6c33542dec218bce40885573150e28?s=96&d=mm&r=g","url":"https:\/\/secure.gravatar.com\/avatar\/2676eb8d97178435c9f691a7871595a1da6c33542dec218bce40885573150e28?s=96&d=mm&r=g","contentUrl":"https:\/\/secure.gravatar.com\/avatar\/2676eb8d97178435c9f691a7871595a1da6c33542dec218bce40885573150e28?s=96&d=mm&r=g","caption":"Kisha Orthodhokse"}}]}},"_links":{"self":[{"href":"https:\/\/orthodoxalbania.org\/2020\/wp-json\/wp\/v2\/posts\/334","targetHints":{"allow":["GET"]}}],"collection":[{"href":"https:\/\/orthodoxalbania.org\/2020\/wp-json\/wp\/v2\/posts"}],"about":[{"href":"https:\/\/orthodoxalbania.org\/2020\/wp-json\/wp\/v2\/types\/post"}],"author":[{"embeddable":true,"href":"https:\/\/orthodoxalbania.org\/2020\/wp-json\/wp\/v2\/users\/7"}],"replies":[{"embeddable":true,"href":"https:\/\/orthodoxalbania.org\/2020\/wp-json\/wp\/v2\/comments?post=334"}],"version-history":[{"count":1,"href":"https:\/\/orthodoxalbania.org\/2020\/wp-json\/wp\/v2\/posts\/334\/revisions"}],"predecessor-version":[{"id":17996,"href":"https:\/\/orthodoxalbania.org\/2020\/wp-json\/wp\/v2\/posts\/334\/revisions\/17996"}],"wp:attachment":[{"href":"https:\/\/orthodoxalbania.org\/2020\/wp-json\/wp\/v2\/media?parent=334"}],"wp:term":[{"taxonomy":"category","embeddable":true,"href":"https:\/\/orthodoxalbania.org\/2020\/wp-json\/wp\/v2\/categories?post=334"},{"taxonomy":"post_tag","embeddable":true,"href":"https:\/\/orthodoxalbania.org\/2020\/wp-json\/wp\/v2\/tags?post=334"}],"curies":[{"name":"wp","href":"https:\/\/api.w.org\/{rel}","templated":true}]}}