{"id":333,"date":"2008-02-26T00:00:20","date_gmt":"2008-02-26T00:00:20","guid":{"rendered":""},"modified":"2020-04-13T00:31:21","modified_gmt":"2020-04-12T22:31:21","slug":"celebration-of-the-10th-anniversary-of-the-enthronement-of-his-grace-ignati-metropolitan-of-berati-2008","status":"publish","type":"post","link":"https:\/\/orthodoxalbania.org\/2020\/en\/2008\/02\/26\/celebration-of-the-10th-anniversary-of-the-enthronement-of-his-grace-ignati-metropolitan-of-berati-2008\/","title":{"rendered":"Celebration of the 10th anniversary of the enthronement of His Grace Ignati, Metropolitan of Berati. (July 2008)"},"content":{"rendered":"<table style=\"width: 655px; height: 1144px;\" border=\"0\">\n<tbody>\n<tr>\n<td style=\"text-align: center;\">\n<div><span style=\"color: #000000;\"><span style=\"font-family: tahoma,geneva,sans-serif;\"><span style=\"font-size: 12px;\"><img decoding=\"async\" class=\"lazyload HAa Eha\" style=\"margin: 10px auto; display: block; border: 1px solid;\" alt=\"\" src=\"data:image\/svg+xml,%3Csvg%20xmlns%3D%27http%3A%2F%2Fwww.w3.org%2F2000%2Fsvg%27%20width%3D%27300%27%20height%3D%27192%27%20viewBox%3D%270%200%20300%20192%27%3E%3Crect%20width%3D%27300%27%20height%3D%27192%27%20fill-opacity%3D%220%22%2F%3E%3C%2Fsvg%3E\" data-orig-src=\"https:\/\/lh4.googleusercontent.com\/-Ywa9GSEQGJY\/VJFR9NOOkCI\/AAAAAAAAH8k\/jrpgalqx7WI\/w448-h287-no\/3+-+tekst++.jpg\" height=\"192\" width=\"300\" \/><\/span><\/span><\/span><\/div>\n<\/td>\n<td style=\"text-align: justify;\"><span style=\"color: #000000;\"><span style=\"font-family: tahoma,geneva,sans-serif;\"><span style=\"font-size: 12px;\">&nbsp;&nbsp;&nbsp; On July 18th 2008, for the occasion of the 10th anniversary of the enthronement of Metropolitan of Berati, His Grace Ignati, clergy and faithful from all over the country participated in the festivities which had been organized by the Diocese of Berati. The day began with a Liturgy in the Church of St. Spiridon, concelebrated by His Grace Ignati of Berati, His Grace Joani of Korca, his Grace Dhimitri of Gjirokaster, His Grace Andoni, assistant to Archbishop Anastasios, and a number of other clergy.<\/span><\/span><\/span><\/td>\n<\/tr>\n<tr>\n<td>\n<div style=\"text-align: justify;\"><span style=\"color: #000000;\"><span style=\"font-family: tahoma,geneva,sans-serif;\"><span style=\"font-size: 12px;\">&nbsp;&nbsp;&nbsp; Following the Liturgy Metropolitan Ignati received congratulations in the Metropolis buildings of Berat and then attended a lunch in his honor at the Tourism Hotel. Three of the festivity\u2019s organizers, Fr. Kostandin Subashi, Sevastiani and Joan Qako, had prepared an artistic program including Christian songs composed by His Grace Ignati and sung by the youth choir of the Church. They also made a presentation on the developments of the Metropolis of Berati in this 10 years. Nearby there was a photographic exposition of the life, work, and pastoral acts of Metropolitan Ignati in the Berati Diocese.<\/span><\/span><\/span><\/div>\n<\/td>\n<td>\n<div><span style=\"color: #000000;\"><span style=\"font-family: tahoma,geneva,sans-serif;\"><span style=\"font-size: 12px;\"><img decoding=\"async\" class=\"lazyload HAa Eha\" style=\"margin: 10px auto; display: block; border: 1px solid;\" alt=\"\" src=\"data:image\/svg+xml,%3Csvg%20xmlns%3D%27http%3A%2F%2Fwww.w3.org%2F2000%2Fsvg%27%20width%3D%27300%27%20height%3D%27386%27%20viewBox%3D%270%200%20300%20386%27%3E%3Crect%20width%3D%27300%27%20height%3D%27386%27%20fill-opacity%3D%220%22%2F%3E%3C%2Fsvg%3E\" data-orig-src=\"https:\/\/lh6.googleusercontent.com\/-wCKk-pgBN3Y\/VJFR9BL-_1I\/AAAAAAAAH9c\/2A-IJisYaf4\/w336-h432-no\/1-+tekst+-+.jpg\" height=\"386\" width=\"300\" \/><\/span><\/span><\/span><\/div>\n<\/td>\n<\/tr>\n<tr>\n<td>\n<div><span style=\"color: #000000;\"><span style=\"font-family: tahoma,geneva,sans-serif;\"><span style=\"font-size: 12px;\"><img decoding=\"async\" class=\"lazyload HAa Eha\" style=\"margin: 10px auto; display: block; border: 1px solid;\" alt=\"\" src=\"data:image\/svg+xml,%3Csvg%20xmlns%3D%27http%3A%2F%2Fwww.w3.org%2F2000%2Fsvg%27%20width%3D%27300%27%20height%3D%27225%27%20viewBox%3D%270%200%20300%20225%27%3E%3Crect%20width%3D%27300%27%20height%3D%27225%27%20fill-opacity%3D%220%22%2F%3E%3C%2Fsvg%3E\" data-orig-src=\"https:\/\/lh3.googleusercontent.com\/-alZafeW3OKg\/VJFR9tQ2mxI\/AAAAAAAAH9o\/wNW0qbSWx44\/w448-h336-no\/4+-+tekst+.jpg\" height=\"225\" width=\"300\" \/><\/span><\/span><\/span><\/div>\n<\/td>\n<td>\n<div style=\"text-align: justify;\"><span style=\"color: #000000;\"><span style=\"font-family: tahoma,geneva,sans-serif;\"><span style=\"font-size: 12px;\">&nbsp;&nbsp;&nbsp; His Grace Ignati then spoke and having thanked God he expressed his deep gratitude for Archbishop Anastasios, who \u201cduring a 6 year period when, for objective reasons, there were no bishops or Synod of the Orthodox Church of Albania, took upon himself with great self-sacrifice all the unimaginable care and difficulties. Therefore His Beatitude Archbishop Anastasios deserves deep gratitude and heartfelt thanks for this titanic work&#8230;\u201d. After speaking for the importance of the enthronement he further mentioned that it was that very same day that the Holy Synod had gathered together for the first time.<\/span><\/span><\/span><\/div>\n<\/td>\n<\/tr>\n<tr>\n<td>\n<div class=\"style9\" style=\"text-align: justify;\"><span style=\"color: #000000;\"><span style=\"font-family: tahoma,geneva,sans-serif;\"><span style=\"font-size: 12px;\">&nbsp;&nbsp;&nbsp; Throughout the day the faithful, clergy and all those in attendance expressed among other things: \u201cThe Lord hasn\u2019t abandoned us. He sent us primates to our church and resurrected what had been dead\u201d. And His Grace Ignati, while blessing them said: \u201cYou are worthy!&nbsp; You are good people.\u201d<\/span><\/span><\/span><\/div>\n<\/td>\n<td style=\"text-align: center;\">\n<div><span style=\"color: #000000;\"><span style=\"font-family: tahoma,geneva,sans-serif;\"><span style=\"font-size: 12px;\"><img decoding=\"async\" class=\"lazyload HAa Eha\" style=\"margin: 10px auto; display: block; border: 1px solid;\" alt=\"\" src=\"data:image\/svg+xml,%3Csvg%20xmlns%3D%27http%3A%2F%2Fwww.w3.org%2F2000%2Fsvg%27%20width%3D%27300%27%20height%3D%27225%27%20viewBox%3D%270%200%20300%20225%27%3E%3Crect%20width%3D%27300%27%20height%3D%27225%27%20fill-opacity%3D%220%22%2F%3E%3C%2Fsvg%3E\" data-orig-src=\"https:\/\/lh6.googleusercontent.com\/-zF3Qq1CHDj8\/VJFR9ISSaiI\/AAAAAAAAH9k\/BM4uJoS2_Ek\/w400-h300-no\/2+-+tekst+.jpg\" height=\"225\" width=\"300\" \/><\/span><\/span><\/span><\/div>\n<\/td>\n<\/tr>\n<\/tbody>\n<\/table>\n<p><span style=\"color: #000000;\"><span style=\"font-family: tahoma,geneva,sans-serif;\"><span style=\"font-size: 12px;\"><img decoding=\"async\" class=\"lazyload HAa Eha\" style=\"border-width: 1px; border-style: solid; margin: 10px;\" alt=\"\" src=\"data:image\/gif;base64,R0lGODlhAQABAAAAACH5BAEKAAEALAAAAAABAAEAAAICTAEAOw==\" data-orig-src=\"https:\/\/lh3.googleusercontent.com\/-6e5rGQEDiDE\/VJFR-Dj1_RI\/AAAAAAAAH84\/4QnX-dZYVH8\/w448-h287-no\/galeri%2B2.jpg\" \/><\/span><\/span><\/span><span style=\"color: #000000;\"><span style=\"font-family: tahoma,geneva,sans-serif;\"><span style=\"font-size: 12px;\"><img decoding=\"async\" class=\"lazyload HAa Eha\" style=\"border-width: 1px; border-style: solid; margin: 10px;\" alt=\"\" src=\"data:image\/gif;base64,R0lGODlhAQABAAAAACH5BAEKAAEALAAAAAABAAEAAAICTAEAOw==\" data-orig-src=\"https:\/\/lh6.googleusercontent.com\/-sklCpW4UF8I\/VJFR_zA7xPI\/AAAAAAAAH9Q\/9fKLz9u3Nr4\/w448-h270-no\/galeri%2B6.jpg\" \/><\/span><\/span><\/span><span style=\"color: #000000;\"><span style=\"font-family: tahoma,geneva,sans-serif;\"><span style=\"font-size: 12px;\"><img decoding=\"async\" class=\"lazyload HAa Eha\" style=\"border-width: 1px; border-style: solid; margin: 10px;\" alt=\"\" src=\"data:image\/gif;base64,R0lGODlhAQABAAAAACH5BAEKAAEALAAAAAABAAEAAAICTAEAOw==\" data-orig-src=\"https:\/\/lh5.googleusercontent.com\/-3ZP_irP4KTw\/VJFR-rUgb0I\/AAAAAAAAH9U\/VZp1syoXZ1I\/w448-h336-no\/galeri%2B3.jpg\" \/><\/span><\/span><\/span><span style=\"color: #000000;\"><span style=\"font-family: tahoma,geneva,sans-serif;\"><span style=\"font-size: 12px;\"><img decoding=\"async\" class=\"lazyload HAa Eha\" style=\"border-width: 1px; border-style: solid; margin: 10px;\" alt=\"\" src=\"data:image\/gif;base64,R0lGODlhAQABAAAAACH5BAEKAAEALAAAAAABAAEAAAICTAEAOw==\" data-orig-src=\"https:\/\/lh6.googleusercontent.com\/-fioa4YWJzdo\/VJFR_ejiNQI\/AAAAAAAAH9I\/bUaywLxBGyw\/w448-h336-no\/galeri%2B5.jpg\" \/><\/span><\/span><\/span><span style=\"color: #000000;\"><span style=\"font-family: tahoma,geneva,sans-serif;\"><span style=\"font-size: 12px;\"><img decoding=\"async\" class=\"lazyload HAa Eha\" style=\"border-width: 1px; border-style: solid; margin: 10px;\" alt=\"\" src=\"data:image\/gif;base64,R0lGODlhAQABAAAAACH5BAEKAAEALAAAAAABAAEAAAICTAEAOw==\" data-orig-src=\"https:\/\/lh6.googleusercontent.com\/-U-u-X0RppNo\/VJFR-ByCO3I\/AAAAAAAAH9Y\/ZCNW2ynA5RU\/w448-h292-no\/galeri%2B1.jpg\" \/><\/span><\/span><\/span><span style=\"color: #000000;\"><span style=\"font-family: tahoma,geneva,sans-serif;\"><span style=\"font-size: 12px;\"><img decoding=\"async\" class=\"lazyload HAa Eha\" style=\"border-width: 1px; border-style: solid; margin: 10px;\" alt=\"\" src=\"data:image\/gif;base64,R0lGODlhAQABAAAAACH5BAEKAAEALAAAAAABAAEAAAICTAEAOw==\" data-orig-src=\"https:\/\/lh6.googleusercontent.com\/-ojvx29I2soI\/VJFR_LtPZsI\/AAAAAAAAH9M\/3WKL34TmBvc\/w448-h329-no\/galeri%2B4.jpg\" \/><\/span><\/span><\/span>&nbsp;<\/p>\n<div><span style=\"color: #000000;\"><span style=\"font-family: tahoma,geneva,sans-serif;\"><span style=\"font-size: 12px;\"><strong>Julia Pjetri, Sevastian\u00ed Qako<\/strong><\/span><\/span><\/span><\/div>\n<div><span style=\"color: #000000;\"><span style=\"font-family: tahoma,geneva,sans-serif;\"><span style=\"font-size: 12px;\">Translated and edited by <strong>Georgia Bendo<\/strong><\/span><\/span><\/span><\/div>\n","protected":false},"excerpt":{"rendered":"<p>&nbsp;&nbsp;&nbsp; On July 18th 2008, for the occasion of the 10th anniversary of the enthronement of Metropolitan of Berati, His Grace Ignati, clergy and faithful from all over the country participated in the festivities which had been organized by the Diocese of Berati. The day began with a Liturgy in the Church of St. Spiridon, concelebrated by His Grace Ignati of Berati, His Grace Joani<\/p>\n","protected":false},"author":7,"featured_media":0,"comment_status":"open","ping_status":"open","sticky":false,"template":"","format":"standard","meta":{"_acf_changed":false,"pagelayer_contact_templates":[],"_pagelayer_content":"","inline_featured_image":false,"fifu_image_url":"","fifu_image_alt":"","footnotes":""},"categories":[1455,311],"tags":[1121,1786],"class_list":["post-333","post","type-post","status-publish","format-standard","hentry","category-news-en","category-news-d25","tag-2008-en","tag-kremtime-en"],"acf":[],"yoast_head":"<!-- This site is optimized with the Yoast SEO plugin v27.2 - https:\/\/yoast.com\/product\/yoast-seo-wordpress\/ -->\n<title>Celebration of the 10th anniversary of the enthronement of His Grace Ignati, Metropolitan of Berati. (July 2008) - Kisha Orthodh\u03bfkse Autoqefale e Shqip\u00ebris\u00eb<\/title>\n<meta name=\"robots\" content=\"index, follow, max-snippet:-1, max-image-preview:large, max-video-preview:-1\" \/>\n<link rel=\"canonical\" href=\"https:\/\/orthodoxalbania.org\/2020\/en\/2008\/02\/26\/celebration-of-the-10th-anniversary-of-the-enthronement-of-his-grace-ignati-metropolitan-of-berati-2008\/\" \/>\n<meta property=\"og:locale\" content=\"en_US\" \/>\n<meta property=\"og:type\" content=\"article\" \/>\n<meta property=\"og:title\" content=\"Celebration of the 10th anniversary of the enthronement of His Grace Ignati, Metropolitan of Berati. (July 2008) - Kisha Orthodh\u03bfkse Autoqefale e Shqip\u00ebris\u00eb\" \/>\n<meta property=\"og:description\" content=\"&nbsp;&nbsp;&nbsp; On July 18th 2008, for the occasion of the 10th anniversary of the enthronement of Metropolitan of Berati, His Grace Ignati, clergy and faithful from all over the country participated in the festivities which had been organized by the Diocese of Berati. The day began with a Liturgy in the Church of St. Spiridon, concelebrated by His Grace Ignati of Berati, His Grace Joani\" \/>\n<meta property=\"og:url\" content=\"https:\/\/orthodoxalbania.org\/2020\/en\/2008\/02\/26\/celebration-of-the-10th-anniversary-of-the-enthronement-of-his-grace-ignati-metropolitan-of-berati-2008\/\" \/>\n<meta property=\"og:site_name\" content=\"Kisha Orthodh\u03bfkse Autoqefale e Shqip\u00ebris\u00eb\" \/>\n<meta property=\"article:publisher\" content=\"https:\/\/www.facebook.com\/koash1991\" \/>\n<meta property=\"article:published_time\" content=\"2008-02-26T00:00:20+00:00\" \/>\n<meta property=\"article:modified_time\" content=\"2020-04-12T22:31:21+00:00\" \/>\n<meta property=\"og:image\" content=\"https:\/\/lh4.googleusercontent.com\/-Ywa9GSEQGJY\/VJFR9NOOkCI\/AAAAAAAAH8k\/jrpgalqx7WI\/w448-h287-no\/3+-+tekst++.jpg\" \/>\n<meta name=\"author\" content=\"Kisha Orthodhokse\" \/>\n<meta name=\"twitter:card\" content=\"summary_large_image\" \/>\n<meta name=\"twitter:label1\" content=\"Written by\" \/>\n\t<meta name=\"twitter:data1\" content=\"Kisha Orthodhokse\" \/>\n\t<meta name=\"twitter:label2\" content=\"Est. reading time\" \/>\n\t<meta name=\"twitter:data2\" content=\"2 minutes\" \/>\n<script type=\"application\/ld+json\" class=\"yoast-schema-graph\">{\"@context\":\"https:\/\/schema.org\",\"@graph\":[{\"@type\":\"Article\",\"@id\":\"https:\/\/orthodoxalbania.org\/2020\/en\/2008\/02\/26\/celebration-of-the-10th-anniversary-of-the-enthronement-of-his-grace-ignati-metropolitan-of-berati-2008\/#article\",\"isPartOf\":{\"@id\":\"https:\/\/orthodoxalbania.org\/2020\/en\/2008\/02\/26\/celebration-of-the-10th-anniversary-of-the-enthronement-of-his-grace-ignati-metropolitan-of-berati-2008\/\"},\"author\":{\"name\":\"Kisha Orthodhokse\",\"@id\":\"https:\/\/orthodoxalbania.org\/2020\/#\/schema\/person\/df745f942b70e045b3dc05a30211f0de\"},\"headline\":\"Celebration of the 10th anniversary of the enthronement of His Grace Ignati, Metropolitan of Berati. (July 2008)\",\"datePublished\":\"2008-02-26T00:00:20+00:00\",\"dateModified\":\"2020-04-12T22:31:21+00:00\",\"mainEntityOfPage\":{\"@id\":\"https:\/\/orthodoxalbania.org\/2020\/en\/2008\/02\/26\/celebration-of-the-10th-anniversary-of-the-enthronement-of-his-grace-ignati-metropolitan-of-berati-2008\/\"},\"wordCount\":362,\"commentCount\":0,\"publisher\":{\"@id\":\"https:\/\/orthodoxalbania.org\/2020\/#organization\"},\"image\":{\"@id\":\"https:\/\/orthodoxalbania.org\/2020\/en\/2008\/02\/26\/celebration-of-the-10th-anniversary-of-the-enthronement-of-his-grace-ignati-metropolitan-of-berati-2008\/#primaryimage\"},\"thumbnailUrl\":\"https:\/\/lh4.googleusercontent.com\/-Ywa9GSEQGJY\/VJFR9NOOkCI\/AAAAAAAAH8k\/jrpgalqx7WI\/w448-h287-no\/3+-+tekst++.jpg\",\"keywords\":[\"2008\",\"Kremtime\"],\"articleSection\":[\"News - \u0395\u039d\",\"News old page\"],\"inLanguage\":\"en-US\"},{\"@type\":\"WebPage\",\"@id\":\"https:\/\/orthodoxalbania.org\/2020\/en\/2008\/02\/26\/celebration-of-the-10th-anniversary-of-the-enthronement-of-his-grace-ignati-metropolitan-of-berati-2008\/\",\"url\":\"https:\/\/orthodoxalbania.org\/2020\/en\/2008\/02\/26\/celebration-of-the-10th-anniversary-of-the-enthronement-of-his-grace-ignati-metropolitan-of-berati-2008\/\",\"name\":\"Celebration of the 10th anniversary of the enthronement of His Grace Ignati, Metropolitan of Berati. (July 2008) - Kisha Orthodh\u03bfkse Autoqefale e Shqip\u00ebris\u00eb\",\"isPartOf\":{\"@id\":\"https:\/\/orthodoxalbania.org\/2020\/#website\"},\"primaryImageOfPage\":{\"@id\":\"https:\/\/orthodoxalbania.org\/2020\/en\/2008\/02\/26\/celebration-of-the-10th-anniversary-of-the-enthronement-of-his-grace-ignati-metropolitan-of-berati-2008\/#primaryimage\"},\"image\":{\"@id\":\"https:\/\/orthodoxalbania.org\/2020\/en\/2008\/02\/26\/celebration-of-the-10th-anniversary-of-the-enthronement-of-his-grace-ignati-metropolitan-of-berati-2008\/#primaryimage\"},\"thumbnailUrl\":\"https:\/\/lh4.googleusercontent.com\/-Ywa9GSEQGJY\/VJFR9NOOkCI\/AAAAAAAAH8k\/jrpgalqx7WI\/w448-h287-no\/3+-+tekst++.jpg\",\"datePublished\":\"2008-02-26T00:00:20+00:00\",\"dateModified\":\"2020-04-12T22:31:21+00:00\",\"breadcrumb\":{\"@id\":\"https:\/\/orthodoxalbania.org\/2020\/en\/2008\/02\/26\/celebration-of-the-10th-anniversary-of-the-enthronement-of-his-grace-ignati-metropolitan-of-berati-2008\/#breadcrumb\"},\"inLanguage\":\"en-US\",\"potentialAction\":[{\"@type\":\"ReadAction\",\"target\":[\"https:\/\/orthodoxalbania.org\/2020\/en\/2008\/02\/26\/celebration-of-the-10th-anniversary-of-the-enthronement-of-his-grace-ignati-metropolitan-of-berati-2008\/\"]}]},{\"@type\":\"ImageObject\",\"inLanguage\":\"en-US\",\"@id\":\"https:\/\/orthodoxalbania.org\/2020\/en\/2008\/02\/26\/celebration-of-the-10th-anniversary-of-the-enthronement-of-his-grace-ignati-metropolitan-of-berati-2008\/#primaryimage\",\"url\":\"https:\/\/lh4.googleusercontent.com\/-Ywa9GSEQGJY\/VJFR9NOOkCI\/AAAAAAAAH8k\/jrpgalqx7WI\/w448-h287-no\/3+-+tekst++.jpg\",\"contentUrl\":\"https:\/\/lh4.googleusercontent.com\/-Ywa9GSEQGJY\/VJFR9NOOkCI\/AAAAAAAAH8k\/jrpgalqx7WI\/w448-h287-no\/3+-+tekst++.jpg\"},{\"@type\":\"BreadcrumbList\",\"@id\":\"https:\/\/orthodoxalbania.org\/2020\/en\/2008\/02\/26\/celebration-of-the-10th-anniversary-of-the-enthronement-of-his-grace-ignati-metropolitan-of-berati-2008\/#breadcrumb\",\"itemListElement\":[{\"@type\":\"ListItem\",\"position\":1,\"name\":\"Home\",\"item\":\"https:\/\/orthodoxalbania.org\/2020\/\"},{\"@type\":\"ListItem\",\"position\":2,\"name\":\"Celebration of the 10th anniversary of the enthronement of His Grace Ignati, Metropolitan of Berati. (July 2008)\"}]},{\"@type\":\"WebSite\",\"@id\":\"https:\/\/orthodoxalbania.org\/2020\/#website\",\"url\":\"https:\/\/orthodoxalbania.org\/2020\/\",\"name\":\"Kisha Orthodh\u03bfkse Autoqefale e Shqip\u00ebris\u00eb\",\"description\":\"Fqja Zyrtare e Kish\u00ebs Orthodhokse Autoqefale e Shqip\u00ebris\u00eb me lajmet edhe informacionet zyrtare p\u00ebr struktur\u00ebn edhe veprimtarin e saj.\",\"publisher\":{\"@id\":\"https:\/\/orthodoxalbania.org\/2020\/#organization\"},\"potentialAction\":[{\"@type\":\"SearchAction\",\"target\":{\"@type\":\"EntryPoint\",\"urlTemplate\":\"https:\/\/orthodoxalbania.org\/2020\/?s={search_term_string}\"},\"query-input\":{\"@type\":\"PropertyValueSpecification\",\"valueRequired\":true,\"valueName\":\"search_term_string\"}}],\"inLanguage\":\"en-US\"},{\"@type\":\"Organization\",\"@id\":\"https:\/\/orthodoxalbania.org\/2020\/#organization\",\"name\":\"Kisha Orthodhokse Autoqefale e Shqip\u00ebris\u00eb\",\"url\":\"https:\/\/orthodoxalbania.org\/2020\/\",\"logo\":{\"@type\":\"ImageObject\",\"inLanguage\":\"en-US\",\"@id\":\"https:\/\/orthodoxalbania.org\/2020\/#\/schema\/logo\/image\/\",\"url\":\"https:\/\/orthodoxalbania.org\/2020\/wp-content\/uploads\/2020\/05\/albania.jpeg\",\"contentUrl\":\"https:\/\/orthodoxalbania.org\/2020\/wp-content\/uploads\/2020\/05\/albania.jpeg\",\"width\":540,\"height\":540,\"caption\":\"Kisha Orthodhokse Autoqefale e Shqip\u00ebris\u00eb\"},\"image\":{\"@id\":\"https:\/\/orthodoxalbania.org\/2020\/#\/schema\/logo\/image\/\"},\"sameAs\":[\"https:\/\/www.facebook.com\/koash1991\"]},{\"@type\":\"Person\",\"@id\":\"https:\/\/orthodoxalbania.org\/2020\/#\/schema\/person\/df745f942b70e045b3dc05a30211f0de\",\"name\":\"Kisha Orthodhokse\",\"image\":{\"@type\":\"ImageObject\",\"inLanguage\":\"en-US\",\"@id\":\"https:\/\/secure.gravatar.com\/avatar\/2676eb8d97178435c9f691a7871595a1da6c33542dec218bce40885573150e28?s=96&d=mm&r=g\",\"url\":\"https:\/\/secure.gravatar.com\/avatar\/2676eb8d97178435c9f691a7871595a1da6c33542dec218bce40885573150e28?s=96&d=mm&r=g\",\"contentUrl\":\"https:\/\/secure.gravatar.com\/avatar\/2676eb8d97178435c9f691a7871595a1da6c33542dec218bce40885573150e28?s=96&d=mm&r=g\",\"caption\":\"Kisha Orthodhokse\"}}]}<\/script>\n<!-- \/ Yoast SEO plugin. -->","yoast_head_json":{"title":"Celebration of the 10th anniversary of the enthronement of His Grace Ignati, Metropolitan of Berati. (July 2008) - Kisha Orthodh\u03bfkse Autoqefale e Shqip\u00ebris\u00eb","robots":{"index":"index","follow":"follow","max-snippet":"max-snippet:-1","max-image-preview":"max-image-preview:large","max-video-preview":"max-video-preview:-1"},"canonical":"https:\/\/orthodoxalbania.org\/2020\/en\/2008\/02\/26\/celebration-of-the-10th-anniversary-of-the-enthronement-of-his-grace-ignati-metropolitan-of-berati-2008\/","og_locale":"en_US","og_type":"article","og_title":"Celebration of the 10th anniversary of the enthronement of His Grace Ignati, Metropolitan of Berati. (July 2008) - Kisha Orthodh\u03bfkse Autoqefale e Shqip\u00ebris\u00eb","og_description":"&nbsp;&nbsp;&nbsp; On July 18th 2008, for the occasion of the 10th anniversary of the enthronement of Metropolitan of Berati, His Grace Ignati, clergy and faithful from all over the country participated in the festivities which had been organized by the Diocese of Berati. The day began with a Liturgy in the Church of St. Spiridon, concelebrated by His Grace Ignati of Berati, His Grace Joani","og_url":"https:\/\/orthodoxalbania.org\/2020\/en\/2008\/02\/26\/celebration-of-the-10th-anniversary-of-the-enthronement-of-his-grace-ignati-metropolitan-of-berati-2008\/","og_site_name":"Kisha Orthodh\u03bfkse Autoqefale e Shqip\u00ebris\u00eb","article_publisher":"https:\/\/www.facebook.com\/koash1991","article_published_time":"2008-02-26T00:00:20+00:00","article_modified_time":"2020-04-12T22:31:21+00:00","og_image":[{"url":"https:\/\/lh4.googleusercontent.com\/-Ywa9GSEQGJY\/VJFR9NOOkCI\/AAAAAAAAH8k\/jrpgalqx7WI\/w448-h287-no\/3+-+tekst++.jpg","type":"","width":"","height":""}],"author":"Kisha Orthodhokse","twitter_card":"summary_large_image","twitter_misc":{"Written by":"Kisha Orthodhokse","Est. reading time":"2 minutes"},"schema":{"@context":"https:\/\/schema.org","@graph":[{"@type":"Article","@id":"https:\/\/orthodoxalbania.org\/2020\/en\/2008\/02\/26\/celebration-of-the-10th-anniversary-of-the-enthronement-of-his-grace-ignati-metropolitan-of-berati-2008\/#article","isPartOf":{"@id":"https:\/\/orthodoxalbania.org\/2020\/en\/2008\/02\/26\/celebration-of-the-10th-anniversary-of-the-enthronement-of-his-grace-ignati-metropolitan-of-berati-2008\/"},"author":{"name":"Kisha Orthodhokse","@id":"https:\/\/orthodoxalbania.org\/2020\/#\/schema\/person\/df745f942b70e045b3dc05a30211f0de"},"headline":"Celebration of the 10th anniversary of the enthronement of His Grace Ignati, Metropolitan of Berati. (July 2008)","datePublished":"2008-02-26T00:00:20+00:00","dateModified":"2020-04-12T22:31:21+00:00","mainEntityOfPage":{"@id":"https:\/\/orthodoxalbania.org\/2020\/en\/2008\/02\/26\/celebration-of-the-10th-anniversary-of-the-enthronement-of-his-grace-ignati-metropolitan-of-berati-2008\/"},"wordCount":362,"commentCount":0,"publisher":{"@id":"https:\/\/orthodoxalbania.org\/2020\/#organization"},"image":{"@id":"https:\/\/orthodoxalbania.org\/2020\/en\/2008\/02\/26\/celebration-of-the-10th-anniversary-of-the-enthronement-of-his-grace-ignati-metropolitan-of-berati-2008\/#primaryimage"},"thumbnailUrl":"https:\/\/lh4.googleusercontent.com\/-Ywa9GSEQGJY\/VJFR9NOOkCI\/AAAAAAAAH8k\/jrpgalqx7WI\/w448-h287-no\/3+-+tekst++.jpg","keywords":["2008","Kremtime"],"articleSection":["News - \u0395\u039d","News old page"],"inLanguage":"en-US"},{"@type":"WebPage","@id":"https:\/\/orthodoxalbania.org\/2020\/en\/2008\/02\/26\/celebration-of-the-10th-anniversary-of-the-enthronement-of-his-grace-ignati-metropolitan-of-berati-2008\/","url":"https:\/\/orthodoxalbania.org\/2020\/en\/2008\/02\/26\/celebration-of-the-10th-anniversary-of-the-enthronement-of-his-grace-ignati-metropolitan-of-berati-2008\/","name":"Celebration of the 10th anniversary of the enthronement of His Grace Ignati, Metropolitan of Berati. (July 2008) - Kisha Orthodh\u03bfkse Autoqefale e Shqip\u00ebris\u00eb","isPartOf":{"@id":"https:\/\/orthodoxalbania.org\/2020\/#website"},"primaryImageOfPage":{"@id":"https:\/\/orthodoxalbania.org\/2020\/en\/2008\/02\/26\/celebration-of-the-10th-anniversary-of-the-enthronement-of-his-grace-ignati-metropolitan-of-berati-2008\/#primaryimage"},"image":{"@id":"https:\/\/orthodoxalbania.org\/2020\/en\/2008\/02\/26\/celebration-of-the-10th-anniversary-of-the-enthronement-of-his-grace-ignati-metropolitan-of-berati-2008\/#primaryimage"},"thumbnailUrl":"https:\/\/lh4.googleusercontent.com\/-Ywa9GSEQGJY\/VJFR9NOOkCI\/AAAAAAAAH8k\/jrpgalqx7WI\/w448-h287-no\/3+-+tekst++.jpg","datePublished":"2008-02-26T00:00:20+00:00","dateModified":"2020-04-12T22:31:21+00:00","breadcrumb":{"@id":"https:\/\/orthodoxalbania.org\/2020\/en\/2008\/02\/26\/celebration-of-the-10th-anniversary-of-the-enthronement-of-his-grace-ignati-metropolitan-of-berati-2008\/#breadcrumb"},"inLanguage":"en-US","potentialAction":[{"@type":"ReadAction","target":["https:\/\/orthodoxalbania.org\/2020\/en\/2008\/02\/26\/celebration-of-the-10th-anniversary-of-the-enthronement-of-his-grace-ignati-metropolitan-of-berati-2008\/"]}]},{"@type":"ImageObject","inLanguage":"en-US","@id":"https:\/\/orthodoxalbania.org\/2020\/en\/2008\/02\/26\/celebration-of-the-10th-anniversary-of-the-enthronement-of-his-grace-ignati-metropolitan-of-berati-2008\/#primaryimage","url":"https:\/\/lh4.googleusercontent.com\/-Ywa9GSEQGJY\/VJFR9NOOkCI\/AAAAAAAAH8k\/jrpgalqx7WI\/w448-h287-no\/3+-+tekst++.jpg","contentUrl":"https:\/\/lh4.googleusercontent.com\/-Ywa9GSEQGJY\/VJFR9NOOkCI\/AAAAAAAAH8k\/jrpgalqx7WI\/w448-h287-no\/3+-+tekst++.jpg"},{"@type":"BreadcrumbList","@id":"https:\/\/orthodoxalbania.org\/2020\/en\/2008\/02\/26\/celebration-of-the-10th-anniversary-of-the-enthronement-of-his-grace-ignati-metropolitan-of-berati-2008\/#breadcrumb","itemListElement":[{"@type":"ListItem","position":1,"name":"Home","item":"https:\/\/orthodoxalbania.org\/2020\/"},{"@type":"ListItem","position":2,"name":"Celebration of the 10th anniversary of the enthronement of His Grace Ignati, Metropolitan of Berati. (July 2008)"}]},{"@type":"WebSite","@id":"https:\/\/orthodoxalbania.org\/2020\/#website","url":"https:\/\/orthodoxalbania.org\/2020\/","name":"Kisha Orthodh\u03bfkse Autoqefale e Shqip\u00ebris\u00eb","description":"Fqja Zyrtare e Kish\u00ebs Orthodhokse Autoqefale e Shqip\u00ebris\u00eb me lajmet edhe informacionet zyrtare p\u00ebr struktur\u00ebn edhe veprimtarin e saj.","publisher":{"@id":"https:\/\/orthodoxalbania.org\/2020\/#organization"},"potentialAction":[{"@type":"SearchAction","target":{"@type":"EntryPoint","urlTemplate":"https:\/\/orthodoxalbania.org\/2020\/?s={search_term_string}"},"query-input":{"@type":"PropertyValueSpecification","valueRequired":true,"valueName":"search_term_string"}}],"inLanguage":"en-US"},{"@type":"Organization","@id":"https:\/\/orthodoxalbania.org\/2020\/#organization","name":"Kisha Orthodhokse Autoqefale e Shqip\u00ebris\u00eb","url":"https:\/\/orthodoxalbania.org\/2020\/","logo":{"@type":"ImageObject","inLanguage":"en-US","@id":"https:\/\/orthodoxalbania.org\/2020\/#\/schema\/logo\/image\/","url":"https:\/\/orthodoxalbania.org\/2020\/wp-content\/uploads\/2020\/05\/albania.jpeg","contentUrl":"https:\/\/orthodoxalbania.org\/2020\/wp-content\/uploads\/2020\/05\/albania.jpeg","width":540,"height":540,"caption":"Kisha Orthodhokse Autoqefale e Shqip\u00ebris\u00eb"},"image":{"@id":"https:\/\/orthodoxalbania.org\/2020\/#\/schema\/logo\/image\/"},"sameAs":["https:\/\/www.facebook.com\/koash1991"]},{"@type":"Person","@id":"https:\/\/orthodoxalbania.org\/2020\/#\/schema\/person\/df745f942b70e045b3dc05a30211f0de","name":"Kisha Orthodhokse","image":{"@type":"ImageObject","inLanguage":"en-US","@id":"https:\/\/secure.gravatar.com\/avatar\/2676eb8d97178435c9f691a7871595a1da6c33542dec218bce40885573150e28?s=96&d=mm&r=g","url":"https:\/\/secure.gravatar.com\/avatar\/2676eb8d97178435c9f691a7871595a1da6c33542dec218bce40885573150e28?s=96&d=mm&r=g","contentUrl":"https:\/\/secure.gravatar.com\/avatar\/2676eb8d97178435c9f691a7871595a1da6c33542dec218bce40885573150e28?s=96&d=mm&r=g","caption":"Kisha Orthodhokse"}}]}},"_links":{"self":[{"href":"https:\/\/orthodoxalbania.org\/2020\/wp-json\/wp\/v2\/posts\/333","targetHints":{"allow":["GET"]}}],"collection":[{"href":"https:\/\/orthodoxalbania.org\/2020\/wp-json\/wp\/v2\/posts"}],"about":[{"href":"https:\/\/orthodoxalbania.org\/2020\/wp-json\/wp\/v2\/types\/post"}],"author":[{"embeddable":true,"href":"https:\/\/orthodoxalbania.org\/2020\/wp-json\/wp\/v2\/users\/7"}],"replies":[{"embeddable":true,"href":"https:\/\/orthodoxalbania.org\/2020\/wp-json\/wp\/v2\/comments?post=333"}],"version-history":[{"count":1,"href":"https:\/\/orthodoxalbania.org\/2020\/wp-json\/wp\/v2\/posts\/333\/revisions"}],"predecessor-version":[{"id":17995,"href":"https:\/\/orthodoxalbania.org\/2020\/wp-json\/wp\/v2\/posts\/333\/revisions\/17995"}],"wp:attachment":[{"href":"https:\/\/orthodoxalbania.org\/2020\/wp-json\/wp\/v2\/media?parent=333"}],"wp:term":[{"taxonomy":"category","embeddable":true,"href":"https:\/\/orthodoxalbania.org\/2020\/wp-json\/wp\/v2\/categories?post=333"},{"taxonomy":"post_tag","embeddable":true,"href":"https:\/\/orthodoxalbania.org\/2020\/wp-json\/wp\/v2\/tags?post=333"}],"curies":[{"name":"wp","href":"https:\/\/api.w.org\/{rel}","templated":true}]}}