{"id":332,"date":"2006-02-26T00:00:02","date_gmt":"2006-02-26T00:00:02","guid":{"rendered":""},"modified":"2020-04-13T00:31:33","modified_gmt":"2020-04-12T22:31:33","slug":"celebration-of-saint-john-vladimiri-in-elbasan-4-june-2006","status":"publish","type":"post","link":"https:\/\/orthodoxalbania.org\/2020\/en\/2006\/02\/26\/celebration-of-saint-john-vladimiri-in-elbasan-4-june-2006\/","title":{"rendered":"Celebration of Saint John Vladimiri in Elbasan. (4 June 2006)"},"content":{"rendered":"<div style=\"text-align: justify;\"><span style=\"color: #000000;\"><span style=\"font-family: tahoma,geneva,sans-serif;\"><span style=\"font-size: 12px;\"><img decoding=\"async\" class=\"lazyload HAa Eha\" style=\"border-width: 1px; border-style: solid; margin: 10px; float: left; width: 229px; height: 171px;\" alt=\"\" src=\"data:image\/gif;base64,R0lGODlhAQABAAAAACH5BAEKAAEALAAAAAABAAEAAAICTAEAOw==\" data-orig-src=\"https:\/\/lh6.googleusercontent.com\/-hsdWkZSR2n0\/VIbpjLTzSJI\/AAAAAAAAFcw\/WiekFc2TcOc\/w320-h239-no\/untitled1.jpg\" \/> &nbsp; &nbsp; On June 4th in the monastery of Saint John Vladimir, near Elbasan, hundredreds of believers were gathered to participate in the celebration of the feast day of the saint honoring and praying to him to intercede for the salvation of the souls of God\u2019s people.<\/span><\/span><\/span><\/div>\n<div style=\"text-align: justify;\">&nbsp;<\/div>\n<div style=\"text-align: justify;\"><span style=\"color: #000000;\"><span style=\"font-family: tahoma,geneva,sans-serif;\"><span style=\"font-size: 12px;\">&nbsp;&nbsp;&nbsp; Believers from different cities came the day before to take part in the traditional services.&nbsp; An atmosphere of celebration was created from the early hours of June 3rd. &nbsp;Many believers stayed inside the church and around the monastery holding candles and praying. Twenty five believers, 5 ofwhich were clerics, came from Montenegro to join the celebration. The ringing of bells announced thestart of the vigil which began at 21:00 and lasted until 03:00 am. Thevigil commenced with the Small Compline Service and then continued with the Vesper Service, the Blessing of 5 Breads, Morning prayers (Orthros) and finished with the Divine Liturgy.&nbsp;<\/span><\/span><\/span><\/div>\n<div style=\"text-align: justify;\">&nbsp;<\/div>\n<div style=\"text-align: justify;\"><span style=\"color: #000000;\"><span style=\"font-family: tahoma,geneva,sans-serif;\"><span style=\"font-size: 12px;\"><img decoding=\"async\" class=\"lazyload HAa Eha\" style=\"height: 187px; width: 250px; border-width: 1px; border-style: solid; margin: 10px; float: right;\" alt=\"\" src=\"data:image\/gif;base64,R0lGODlhAQABAAAAACH5BAEKAAEALAAAAAABAAEAAAICTAEAOw==\" data-orig-src=\"https:\/\/lh4.googleusercontent.com\/-_1efbIkFoPk\/VIbp45800hI\/AAAAAAAAFds\/eUu-NNM7H84\/w320-h239-no\/untitled2%3B%3B%3B%3B.jpg\" \/>&nbsp;&nbsp;&nbsp; In the presence of the saint&#8217;s relics and hundreds of believers, the services were led by Bishop Ilia Katri, director of the Theological Academy. Co-celebrating was Protopresbyter Father Jani Trebicka, Father Gjerasim \u00c7akalli, Father Aleksand\u00ebr Lushi, Father Emanuel Lusha and the Deacons Dhimit\u00ebr Prifti and Mihal Prifti. Three clerics from Montenegro also took part in the Divine Liturgy. The choir of <img decoding=\"async\" class=\"lazyload HAa Eha\" style=\"border-width: 1px; border-style: solid; margin: 10px; float: left;\" alt=\"\" src=\"data:image\/svg+xml,%3Csvg%20xmlns%3D%27http%3A%2F%2Fwww.w3.org%2F2000%2Fsvg%27%20width%3D%27230%27%20height%3D%27189%27%20viewBox%3D%270%200%20230%20189%27%3E%3Crect%20width%3D%27230%27%20height%3D%27189%27%20fill-opacity%3D%220%22%2F%3E%3C%2Fsvg%3E\" data-orig-src=\"https:\/\/lh6.googleusercontent.com\/-i4J5iqnx0Vc\/VIbpisPyxjI\/AAAAAAAAFck\/y_VWyvS3aQ4\/w350-h262-no\/k.jpg\" height=\"189\" width=\"230\" \/>the Theological Academy created a prayerful atmosphere.&nbsp;<\/span><\/span><\/span><\/div>\n<div style=\"text-align: justify;\"> <span style=\"color: #000000;\"><span style=\"font-family: tahoma,geneva,sans-serif;\"><span style=\"font-size: 12px;\">&nbsp;&nbsp;&nbsp; Many believers came to venerate the saint&#8217;s relics on the following morning. On the morning of this day another liturgy was led by father Gjergji Trebicka, Father Stavri \u00c7ipi, Father Pavli Qosja, Father Jani Ranxha and Father Petraq Dedja.<\/span><\/span><\/span><br \/> &nbsp;<\/div>\n<div style=\"text-align: justify;\"><span style=\"color: #000000;\"><span style=\"font-family: tahoma,geneva,sans-serif;\"><span style=\"font-size: 12px;\">&nbsp;&nbsp;&nbsp; This feast has become very popular not only for the Orthodox believers, but also for the surrounding area which declared ita festive day for the community of Baradashesh. &nbsp;The place was decorated withbanners which initiated the beginning of the fair. &nbsp;Also this year, the reconstruction of the main road from the national road to the monastery was finished. The community organized an artistic program for this feast following the Divine Liturgy.<\/span><\/span><\/span><\/div>\n<div style=\"text-align: justify;\">\n<p> &nbsp;<\/p><\/div>\n<div style=\"text-align: justify;\">&nbsp;<\/div>\n<table id=\"AutoNumber4\" border=\"0\">\n<tbody>\n<tr>\n<td>\n<div style=\"text-align: justify;\">&nbsp;<\/div>\n<\/td>\n<td>\n<div style=\"text-align: justify;\">&nbsp;<\/div>\n<\/td>\n<td>\n<div style=\"text-align: justify;\">&nbsp;<\/div>\n<\/td>\n<\/tr>\n<\/tbody>\n<\/table>\n<div style=\"text-align: right;\"><span style=\"color: #000000;\"><strong><span style=\"font-family: tahoma,geneva,sans-serif;\"><span style=\"font-size: 12px;\">Isidor Koti and Harallamb Meci<\/span><\/span><\/strong><\/span><\/div>\n<div style=\"text-align: right;\"><span style=\"color: #000000;\"><strong><span style=\"font-family: tahoma,geneva,sans-serif;\"><span style=\"font-size: 12px;\">Translated by Sonila Dedja<\/span><\/span><\/strong><\/span><\/div>\n<div style=\"text-align: right;\">&nbsp;<\/div>\n<div style=\"text-align: right;\">&nbsp;<\/div>\n<div style=\"text-align: center;\">\n<div style=\"text-align: justify;\">&nbsp;<\/div>\n<div style=\"text-align: justify;\"><span style=\"color: #000000;\"><span style=\"font-family: tahoma,geneva,sans-serif;\"><span style=\"font-size: 12px;\"><img decoding=\"async\" class=\"lazyload HAa Eha\" style=\"border-width: 1px; border-style: solid; margin: 10px;\" alt=\"\" src=\"data:image\/gif;base64,R0lGODlhAQABAAAAACH5BAEKAAEALAAAAAABAAEAAAICTAEAOw==\" data-orig-src=\"https:\/\/lh6.googleusercontent.com\/-Q_vT5Fqmh6w\/VIbpipBEB6I\/AAAAAAAAFdY\/K-v-fzRG2NI\/w448-h336-no\/itiit.jpg\" \/><\/span><\/span><\/span><\/div>\n<div style=\"text-align: justify;\">&nbsp;<\/div>\n<div style=\"text-align: justify;\"><span style=\"color: #000000;\"><span style=\"font-family: tahoma,geneva,sans-serif;\"><span style=\"font-size: 12px;\"><img decoding=\"async\" class=\"lazyload HAa Eha\" style=\"border-width: 1px; border-style: solid; margin: 10px;\" alt=\"\" src=\"data:image\/gif;base64,R0lGODlhAQABAAAAACH5BAEKAAEALAAAAAABAAEAAAICTAEAOw==\" data-orig-src=\"https:\/\/lh4.googleusercontent.com\/-283dMeQ8vbc\/VIbpkCsYD6I\/AAAAAAAAFdE\/ZFbfQZc1O5U\/w448-h280-no\/untitled6u5wjw.jpg\" \/><\/span><\/span><\/span><\/div>\n<div style=\"text-align: justify;\">&nbsp;<\/div>\n<p style=\"text-align: justify;\"><span style=\"color: #000000;\"><span style=\"font-family: tahoma,geneva,sans-serif;\"><span style=\"font-size: 12px;\"><img decoding=\"async\" class=\"lazyload HAa Eha\" style=\"border-width: 1px; border-style: solid; margin: 10px;\" alt=\"\" src=\"data:image\/gif;base64,R0lGODlhAQABAAAAACH5BAEKAAEALAAAAAABAAEAAAICTAEAOw==\" data-orig-src=\"https:\/\/lh5.googleusercontent.com\/-ijyxJIk4x8M\/VIbpkjn6dyI\/AAAAAAAAFdM\/LulhdmFICi0\/w448-h336-no\/untitled7kity%2Ciyt8i.jpg\" \/><\/span><\/span><\/span><\/p>\n<\/div>\n<div style=\"text-align: center;\">&nbsp;<\/div>\n","protected":false},"excerpt":{"rendered":"<p>&nbsp; &nbsp; On June 4th in the monastery of Saint John Vladimir, near Elbasan, hundredreds of believers were gathered to participate in the celebration of the feast day of the saint honoring and praying to him to intercede for the salvation of the souls of God\u2019s people. &nbsp; &nbsp;&nbsp;&nbsp; Believers from different cities came the day before to take part in the traditional services.&nbsp; An<\/p>\n","protected":false},"author":7,"featured_media":0,"comment_status":"open","ping_status":"open","sticky":false,"template":"","format":"standard","meta":{"_acf_changed":false,"pagelayer_contact_templates":[],"_pagelayer_content":"","inline_featured_image":false,"fifu_image_url":"","fifu_image_alt":"","footnotes":""},"categories":[1455,311],"tags":[1113,1786],"class_list":["post-332","post","type-post","status-publish","format-standard","hentry","category-news-en","category-news-d25","tag-2006-en","tag-kremtime-en"],"acf":[],"yoast_head":"<!-- This site is optimized with the Yoast SEO plugin v27.2 - https:\/\/yoast.com\/product\/yoast-seo-wordpress\/ -->\n<title>Celebration of Saint John Vladimiri in Elbasan. (4 June 2006) - Kisha Orthodh\u03bfkse Autoqefale e Shqip\u00ebris\u00eb<\/title>\n<meta name=\"robots\" content=\"index, follow, max-snippet:-1, max-image-preview:large, max-video-preview:-1\" \/>\n<link rel=\"canonical\" href=\"https:\/\/orthodoxalbania.org\/2020\/en\/2006\/02\/26\/celebration-of-saint-john-vladimiri-in-elbasan-4-june-2006\/\" \/>\n<meta property=\"og:locale\" content=\"en_US\" \/>\n<meta property=\"og:type\" content=\"article\" \/>\n<meta property=\"og:title\" content=\"Celebration of Saint John Vladimiri in Elbasan. (4 June 2006) - Kisha Orthodh\u03bfkse Autoqefale e Shqip\u00ebris\u00eb\" \/>\n<meta property=\"og:description\" content=\"&nbsp; &nbsp; On June 4th in the monastery of Saint John Vladimir, near Elbasan, hundredreds of believers were gathered to participate in the celebration of the feast day of the saint honoring and praying to him to intercede for the salvation of the souls of God\u2019s people. &nbsp; &nbsp;&nbsp;&nbsp; Believers from different cities came the day before to take part in the traditional services.&nbsp; An\" \/>\n<meta property=\"og:url\" content=\"https:\/\/orthodoxalbania.org\/2020\/en\/2006\/02\/26\/celebration-of-saint-john-vladimiri-in-elbasan-4-june-2006\/\" \/>\n<meta property=\"og:site_name\" content=\"Kisha Orthodh\u03bfkse Autoqefale e Shqip\u00ebris\u00eb\" \/>\n<meta property=\"article:publisher\" content=\"https:\/\/www.facebook.com\/koash1991\" \/>\n<meta property=\"article:published_time\" content=\"2006-02-26T00:00:02+00:00\" \/>\n<meta property=\"article:modified_time\" content=\"2020-04-12T22:31:33+00:00\" \/>\n<meta property=\"og:image\" content=\"https:\/\/lh6.googleusercontent.com\/-hsdWkZSR2n0\/VIbpjLTzSJI\/AAAAAAAAFcw\/WiekFc2TcOc\/w320-h239-no\/untitled1.jpg\" \/>\n<meta name=\"author\" content=\"Kisha Orthodhokse\" \/>\n<meta name=\"twitter:card\" content=\"summary_large_image\" \/>\n<meta name=\"twitter:label1\" content=\"Written by\" \/>\n\t<meta name=\"twitter:data1\" content=\"Kisha Orthodhokse\" \/>\n\t<meta name=\"twitter:label2\" content=\"Est. reading time\" \/>\n\t<meta name=\"twitter:data2\" content=\"2 minutes\" \/>\n<script type=\"application\/ld+json\" class=\"yoast-schema-graph\">{\"@context\":\"https:\/\/schema.org\",\"@graph\":[{\"@type\":\"Article\",\"@id\":\"https:\/\/orthodoxalbania.org\/2020\/en\/2006\/02\/26\/celebration-of-saint-john-vladimiri-in-elbasan-4-june-2006\/#article\",\"isPartOf\":{\"@id\":\"https:\/\/orthodoxalbania.org\/2020\/en\/2006\/02\/26\/celebration-of-saint-john-vladimiri-in-elbasan-4-june-2006\/\"},\"author\":{\"name\":\"Kisha Orthodhokse\",\"@id\":\"https:\/\/orthodoxalbania.org\/2020\/#\/schema\/person\/df745f942b70e045b3dc05a30211f0de\"},\"headline\":\"Celebration of Saint John Vladimiri in Elbasan. (4 June 2006)\",\"datePublished\":\"2006-02-26T00:00:02+00:00\",\"dateModified\":\"2020-04-12T22:31:33+00:00\",\"mainEntityOfPage\":{\"@id\":\"https:\/\/orthodoxalbania.org\/2020\/en\/2006\/02\/26\/celebration-of-saint-john-vladimiri-in-elbasan-4-june-2006\/\"},\"wordCount\":375,\"commentCount\":0,\"publisher\":{\"@id\":\"https:\/\/orthodoxalbania.org\/2020\/#organization\"},\"image\":{\"@id\":\"https:\/\/orthodoxalbania.org\/2020\/en\/2006\/02\/26\/celebration-of-saint-john-vladimiri-in-elbasan-4-june-2006\/#primaryimage\"},\"thumbnailUrl\":\"https:\/\/lh6.googleusercontent.com\/-hsdWkZSR2n0\/VIbpjLTzSJI\/AAAAAAAAFcw\/WiekFc2TcOc\/w320-h239-no\/untitled1.jpg\",\"keywords\":[\"2006\",\"Kremtime\"],\"articleSection\":[\"News - \u0395\u039d\",\"News old page\"],\"inLanguage\":\"en-US\"},{\"@type\":\"WebPage\",\"@id\":\"https:\/\/orthodoxalbania.org\/2020\/en\/2006\/02\/26\/celebration-of-saint-john-vladimiri-in-elbasan-4-june-2006\/\",\"url\":\"https:\/\/orthodoxalbania.org\/2020\/en\/2006\/02\/26\/celebration-of-saint-john-vladimiri-in-elbasan-4-june-2006\/\",\"name\":\"Celebration of Saint John Vladimiri in Elbasan. (4 June 2006) - Kisha Orthodh\u03bfkse Autoqefale e Shqip\u00ebris\u00eb\",\"isPartOf\":{\"@id\":\"https:\/\/orthodoxalbania.org\/2020\/#website\"},\"primaryImageOfPage\":{\"@id\":\"https:\/\/orthodoxalbania.org\/2020\/en\/2006\/02\/26\/celebration-of-saint-john-vladimiri-in-elbasan-4-june-2006\/#primaryimage\"},\"image\":{\"@id\":\"https:\/\/orthodoxalbania.org\/2020\/en\/2006\/02\/26\/celebration-of-saint-john-vladimiri-in-elbasan-4-june-2006\/#primaryimage\"},\"thumbnailUrl\":\"https:\/\/lh6.googleusercontent.com\/-hsdWkZSR2n0\/VIbpjLTzSJI\/AAAAAAAAFcw\/WiekFc2TcOc\/w320-h239-no\/untitled1.jpg\",\"datePublished\":\"2006-02-26T00:00:02+00:00\",\"dateModified\":\"2020-04-12T22:31:33+00:00\",\"breadcrumb\":{\"@id\":\"https:\/\/orthodoxalbania.org\/2020\/en\/2006\/02\/26\/celebration-of-saint-john-vladimiri-in-elbasan-4-june-2006\/#breadcrumb\"},\"inLanguage\":\"en-US\",\"potentialAction\":[{\"@type\":\"ReadAction\",\"target\":[\"https:\/\/orthodoxalbania.org\/2020\/en\/2006\/02\/26\/celebration-of-saint-john-vladimiri-in-elbasan-4-june-2006\/\"]}]},{\"@type\":\"ImageObject\",\"inLanguage\":\"en-US\",\"@id\":\"https:\/\/orthodoxalbania.org\/2020\/en\/2006\/02\/26\/celebration-of-saint-john-vladimiri-in-elbasan-4-june-2006\/#primaryimage\",\"url\":\"https:\/\/lh6.googleusercontent.com\/-hsdWkZSR2n0\/VIbpjLTzSJI\/AAAAAAAAFcw\/WiekFc2TcOc\/w320-h239-no\/untitled1.jpg\",\"contentUrl\":\"https:\/\/lh6.googleusercontent.com\/-hsdWkZSR2n0\/VIbpjLTzSJI\/AAAAAAAAFcw\/WiekFc2TcOc\/w320-h239-no\/untitled1.jpg\"},{\"@type\":\"BreadcrumbList\",\"@id\":\"https:\/\/orthodoxalbania.org\/2020\/en\/2006\/02\/26\/celebration-of-saint-john-vladimiri-in-elbasan-4-june-2006\/#breadcrumb\",\"itemListElement\":[{\"@type\":\"ListItem\",\"position\":1,\"name\":\"Home\",\"item\":\"https:\/\/orthodoxalbania.org\/2020\/\"},{\"@type\":\"ListItem\",\"position\":2,\"name\":\"Celebration of Saint John Vladimiri in Elbasan. (4 June 2006)\"}]},{\"@type\":\"WebSite\",\"@id\":\"https:\/\/orthodoxalbania.org\/2020\/#website\",\"url\":\"https:\/\/orthodoxalbania.org\/2020\/\",\"name\":\"Kisha Orthodh\u03bfkse Autoqefale e Shqip\u00ebris\u00eb\",\"description\":\"Fqja Zyrtare e Kish\u00ebs Orthodhokse Autoqefale e Shqip\u00ebris\u00eb me lajmet edhe informacionet zyrtare p\u00ebr struktur\u00ebn edhe veprimtarin e saj.\",\"publisher\":{\"@id\":\"https:\/\/orthodoxalbania.org\/2020\/#organization\"},\"potentialAction\":[{\"@type\":\"SearchAction\",\"target\":{\"@type\":\"EntryPoint\",\"urlTemplate\":\"https:\/\/orthodoxalbania.org\/2020\/?s={search_term_string}\"},\"query-input\":{\"@type\":\"PropertyValueSpecification\",\"valueRequired\":true,\"valueName\":\"search_term_string\"}}],\"inLanguage\":\"en-US\"},{\"@type\":\"Organization\",\"@id\":\"https:\/\/orthodoxalbania.org\/2020\/#organization\",\"name\":\"Kisha Orthodhokse Autoqefale e Shqip\u00ebris\u00eb\",\"url\":\"https:\/\/orthodoxalbania.org\/2020\/\",\"logo\":{\"@type\":\"ImageObject\",\"inLanguage\":\"en-US\",\"@id\":\"https:\/\/orthodoxalbania.org\/2020\/#\/schema\/logo\/image\/\",\"url\":\"https:\/\/orthodoxalbania.org\/2020\/wp-content\/uploads\/2020\/05\/albania.jpeg\",\"contentUrl\":\"https:\/\/orthodoxalbania.org\/2020\/wp-content\/uploads\/2020\/05\/albania.jpeg\",\"width\":540,\"height\":540,\"caption\":\"Kisha Orthodhokse Autoqefale e Shqip\u00ebris\u00eb\"},\"image\":{\"@id\":\"https:\/\/orthodoxalbania.org\/2020\/#\/schema\/logo\/image\/\"},\"sameAs\":[\"https:\/\/www.facebook.com\/koash1991\"]},{\"@type\":\"Person\",\"@id\":\"https:\/\/orthodoxalbania.org\/2020\/#\/schema\/person\/df745f942b70e045b3dc05a30211f0de\",\"name\":\"Kisha Orthodhokse\",\"image\":{\"@type\":\"ImageObject\",\"inLanguage\":\"en-US\",\"@id\":\"https:\/\/secure.gravatar.com\/avatar\/2676eb8d97178435c9f691a7871595a1da6c33542dec218bce40885573150e28?s=96&d=mm&r=g\",\"url\":\"https:\/\/secure.gravatar.com\/avatar\/2676eb8d97178435c9f691a7871595a1da6c33542dec218bce40885573150e28?s=96&d=mm&r=g\",\"contentUrl\":\"https:\/\/secure.gravatar.com\/avatar\/2676eb8d97178435c9f691a7871595a1da6c33542dec218bce40885573150e28?s=96&d=mm&r=g\",\"caption\":\"Kisha Orthodhokse\"}}]}<\/script>\n<!-- \/ Yoast SEO plugin. -->","yoast_head_json":{"title":"Celebration of Saint John Vladimiri in Elbasan. (4 June 2006) - Kisha Orthodh\u03bfkse Autoqefale e Shqip\u00ebris\u00eb","robots":{"index":"index","follow":"follow","max-snippet":"max-snippet:-1","max-image-preview":"max-image-preview:large","max-video-preview":"max-video-preview:-1"},"canonical":"https:\/\/orthodoxalbania.org\/2020\/en\/2006\/02\/26\/celebration-of-saint-john-vladimiri-in-elbasan-4-june-2006\/","og_locale":"en_US","og_type":"article","og_title":"Celebration of Saint John Vladimiri in Elbasan. (4 June 2006) - Kisha Orthodh\u03bfkse Autoqefale e Shqip\u00ebris\u00eb","og_description":"&nbsp; &nbsp; On June 4th in the monastery of Saint John Vladimir, near Elbasan, hundredreds of believers were gathered to participate in the celebration of the feast day of the saint honoring and praying to him to intercede for the salvation of the souls of God\u2019s people. &nbsp; &nbsp;&nbsp;&nbsp; Believers from different cities came the day before to take part in the traditional services.&nbsp; An","og_url":"https:\/\/orthodoxalbania.org\/2020\/en\/2006\/02\/26\/celebration-of-saint-john-vladimiri-in-elbasan-4-june-2006\/","og_site_name":"Kisha Orthodh\u03bfkse Autoqefale e Shqip\u00ebris\u00eb","article_publisher":"https:\/\/www.facebook.com\/koash1991","article_published_time":"2006-02-26T00:00:02+00:00","article_modified_time":"2020-04-12T22:31:33+00:00","og_image":[{"url":"https:\/\/lh6.googleusercontent.com\/-hsdWkZSR2n0\/VIbpjLTzSJI\/AAAAAAAAFcw\/WiekFc2TcOc\/w320-h239-no\/untitled1.jpg","type":"","width":"","height":""}],"author":"Kisha Orthodhokse","twitter_card":"summary_large_image","twitter_misc":{"Written by":"Kisha Orthodhokse","Est. reading time":"2 minutes"},"schema":{"@context":"https:\/\/schema.org","@graph":[{"@type":"Article","@id":"https:\/\/orthodoxalbania.org\/2020\/en\/2006\/02\/26\/celebration-of-saint-john-vladimiri-in-elbasan-4-june-2006\/#article","isPartOf":{"@id":"https:\/\/orthodoxalbania.org\/2020\/en\/2006\/02\/26\/celebration-of-saint-john-vladimiri-in-elbasan-4-june-2006\/"},"author":{"name":"Kisha Orthodhokse","@id":"https:\/\/orthodoxalbania.org\/2020\/#\/schema\/person\/df745f942b70e045b3dc05a30211f0de"},"headline":"Celebration of Saint John Vladimiri in Elbasan. (4 June 2006)","datePublished":"2006-02-26T00:00:02+00:00","dateModified":"2020-04-12T22:31:33+00:00","mainEntityOfPage":{"@id":"https:\/\/orthodoxalbania.org\/2020\/en\/2006\/02\/26\/celebration-of-saint-john-vladimiri-in-elbasan-4-june-2006\/"},"wordCount":375,"commentCount":0,"publisher":{"@id":"https:\/\/orthodoxalbania.org\/2020\/#organization"},"image":{"@id":"https:\/\/orthodoxalbania.org\/2020\/en\/2006\/02\/26\/celebration-of-saint-john-vladimiri-in-elbasan-4-june-2006\/#primaryimage"},"thumbnailUrl":"https:\/\/lh6.googleusercontent.com\/-hsdWkZSR2n0\/VIbpjLTzSJI\/AAAAAAAAFcw\/WiekFc2TcOc\/w320-h239-no\/untitled1.jpg","keywords":["2006","Kremtime"],"articleSection":["News - \u0395\u039d","News old page"],"inLanguage":"en-US"},{"@type":"WebPage","@id":"https:\/\/orthodoxalbania.org\/2020\/en\/2006\/02\/26\/celebration-of-saint-john-vladimiri-in-elbasan-4-june-2006\/","url":"https:\/\/orthodoxalbania.org\/2020\/en\/2006\/02\/26\/celebration-of-saint-john-vladimiri-in-elbasan-4-june-2006\/","name":"Celebration of Saint John Vladimiri in Elbasan. (4 June 2006) - Kisha Orthodh\u03bfkse Autoqefale e Shqip\u00ebris\u00eb","isPartOf":{"@id":"https:\/\/orthodoxalbania.org\/2020\/#website"},"primaryImageOfPage":{"@id":"https:\/\/orthodoxalbania.org\/2020\/en\/2006\/02\/26\/celebration-of-saint-john-vladimiri-in-elbasan-4-june-2006\/#primaryimage"},"image":{"@id":"https:\/\/orthodoxalbania.org\/2020\/en\/2006\/02\/26\/celebration-of-saint-john-vladimiri-in-elbasan-4-june-2006\/#primaryimage"},"thumbnailUrl":"https:\/\/lh6.googleusercontent.com\/-hsdWkZSR2n0\/VIbpjLTzSJI\/AAAAAAAAFcw\/WiekFc2TcOc\/w320-h239-no\/untitled1.jpg","datePublished":"2006-02-26T00:00:02+00:00","dateModified":"2020-04-12T22:31:33+00:00","breadcrumb":{"@id":"https:\/\/orthodoxalbania.org\/2020\/en\/2006\/02\/26\/celebration-of-saint-john-vladimiri-in-elbasan-4-june-2006\/#breadcrumb"},"inLanguage":"en-US","potentialAction":[{"@type":"ReadAction","target":["https:\/\/orthodoxalbania.org\/2020\/en\/2006\/02\/26\/celebration-of-saint-john-vladimiri-in-elbasan-4-june-2006\/"]}]},{"@type":"ImageObject","inLanguage":"en-US","@id":"https:\/\/orthodoxalbania.org\/2020\/en\/2006\/02\/26\/celebration-of-saint-john-vladimiri-in-elbasan-4-june-2006\/#primaryimage","url":"https:\/\/lh6.googleusercontent.com\/-hsdWkZSR2n0\/VIbpjLTzSJI\/AAAAAAAAFcw\/WiekFc2TcOc\/w320-h239-no\/untitled1.jpg","contentUrl":"https:\/\/lh6.googleusercontent.com\/-hsdWkZSR2n0\/VIbpjLTzSJI\/AAAAAAAAFcw\/WiekFc2TcOc\/w320-h239-no\/untitled1.jpg"},{"@type":"BreadcrumbList","@id":"https:\/\/orthodoxalbania.org\/2020\/en\/2006\/02\/26\/celebration-of-saint-john-vladimiri-in-elbasan-4-june-2006\/#breadcrumb","itemListElement":[{"@type":"ListItem","position":1,"name":"Home","item":"https:\/\/orthodoxalbania.org\/2020\/"},{"@type":"ListItem","position":2,"name":"Celebration of Saint John Vladimiri in Elbasan. (4 June 2006)"}]},{"@type":"WebSite","@id":"https:\/\/orthodoxalbania.org\/2020\/#website","url":"https:\/\/orthodoxalbania.org\/2020\/","name":"Kisha Orthodh\u03bfkse Autoqefale e Shqip\u00ebris\u00eb","description":"Fqja Zyrtare e Kish\u00ebs Orthodhokse Autoqefale e Shqip\u00ebris\u00eb me lajmet edhe informacionet zyrtare p\u00ebr struktur\u00ebn edhe veprimtarin e saj.","publisher":{"@id":"https:\/\/orthodoxalbania.org\/2020\/#organization"},"potentialAction":[{"@type":"SearchAction","target":{"@type":"EntryPoint","urlTemplate":"https:\/\/orthodoxalbania.org\/2020\/?s={search_term_string}"},"query-input":{"@type":"PropertyValueSpecification","valueRequired":true,"valueName":"search_term_string"}}],"inLanguage":"en-US"},{"@type":"Organization","@id":"https:\/\/orthodoxalbania.org\/2020\/#organization","name":"Kisha Orthodhokse Autoqefale e Shqip\u00ebris\u00eb","url":"https:\/\/orthodoxalbania.org\/2020\/","logo":{"@type":"ImageObject","inLanguage":"en-US","@id":"https:\/\/orthodoxalbania.org\/2020\/#\/schema\/logo\/image\/","url":"https:\/\/orthodoxalbania.org\/2020\/wp-content\/uploads\/2020\/05\/albania.jpeg","contentUrl":"https:\/\/orthodoxalbania.org\/2020\/wp-content\/uploads\/2020\/05\/albania.jpeg","width":540,"height":540,"caption":"Kisha Orthodhokse Autoqefale e Shqip\u00ebris\u00eb"},"image":{"@id":"https:\/\/orthodoxalbania.org\/2020\/#\/schema\/logo\/image\/"},"sameAs":["https:\/\/www.facebook.com\/koash1991"]},{"@type":"Person","@id":"https:\/\/orthodoxalbania.org\/2020\/#\/schema\/person\/df745f942b70e045b3dc05a30211f0de","name":"Kisha Orthodhokse","image":{"@type":"ImageObject","inLanguage":"en-US","@id":"https:\/\/secure.gravatar.com\/avatar\/2676eb8d97178435c9f691a7871595a1da6c33542dec218bce40885573150e28?s=96&d=mm&r=g","url":"https:\/\/secure.gravatar.com\/avatar\/2676eb8d97178435c9f691a7871595a1da6c33542dec218bce40885573150e28?s=96&d=mm&r=g","contentUrl":"https:\/\/secure.gravatar.com\/avatar\/2676eb8d97178435c9f691a7871595a1da6c33542dec218bce40885573150e28?s=96&d=mm&r=g","caption":"Kisha Orthodhokse"}}]}},"_links":{"self":[{"href":"https:\/\/orthodoxalbania.org\/2020\/wp-json\/wp\/v2\/posts\/332","targetHints":{"allow":["GET"]}}],"collection":[{"href":"https:\/\/orthodoxalbania.org\/2020\/wp-json\/wp\/v2\/posts"}],"about":[{"href":"https:\/\/orthodoxalbania.org\/2020\/wp-json\/wp\/v2\/types\/post"}],"author":[{"embeddable":true,"href":"https:\/\/orthodoxalbania.org\/2020\/wp-json\/wp\/v2\/users\/7"}],"replies":[{"embeddable":true,"href":"https:\/\/orthodoxalbania.org\/2020\/wp-json\/wp\/v2\/comments?post=332"}],"version-history":[{"count":1,"href":"https:\/\/orthodoxalbania.org\/2020\/wp-json\/wp\/v2\/posts\/332\/revisions"}],"predecessor-version":[{"id":18079,"href":"https:\/\/orthodoxalbania.org\/2020\/wp-json\/wp\/v2\/posts\/332\/revisions\/18079"}],"wp:attachment":[{"href":"https:\/\/orthodoxalbania.org\/2020\/wp-json\/wp\/v2\/media?parent=332"}],"wp:term":[{"taxonomy":"category","embeddable":true,"href":"https:\/\/orthodoxalbania.org\/2020\/wp-json\/wp\/v2\/categories?post=332"},{"taxonomy":"post_tag","embeddable":true,"href":"https:\/\/orthodoxalbania.org\/2020\/wp-json\/wp\/v2\/tags?post=332"}],"curies":[{"name":"wp","href":"https:\/\/api.w.org\/{rel}","templated":true}]}}