{"id":329,"date":"2008-02-26T00:00:08","date_gmt":"2008-02-26T00:00:08","guid":{"rendered":""},"modified":"2020-04-13T00:31:23","modified_gmt":"2020-04-12T22:31:23","slug":"celebration-of-pascha-in-gjirokaster-2008","status":"publish","type":"post","link":"https:\/\/orthodoxalbania.org\/2020\/en\/2008\/02\/26\/celebration-of-pascha-in-gjirokaster-2008\/","title":{"rendered":"Celebration of Pascha in Gjirokast\u00ebr. (2008)"},"content":{"rendered":"<table id=\"AutoNumber1\" style=\"width: 670px; height: 1042px;\" border=\"0\">\n<tbody>\n<tr>\n<td>\n<div>&nbsp;<\/div>\n<\/td>\n<td>\n<table id=\"AutoNumber3\" style=\"width: 655px; height: 1023px;\" border=\"0\">\n<tbody>\n<tr>\n<td rowspan=\"5\">\n<table id=\"AutoNumber4\" border=\"0\">\n<tbody>\n<tr>\n<td>\n<div style=\"text-align: justify;\"><span style=\"color: #000000;\"><span style=\"font-family: tahoma,geneva,sans-serif;\"><span style=\"font-size: 12px;\">&nbsp;&nbsp;&nbsp; Throughout the Holy Metropolis of Gjirokastra Great and Holy Pascha was filled&nbsp;with the joy of the feast-day. The most important event in human history, the Resurrection of Christ, was celebrated with faith and love in all Orthodox communities of this area.<\/span><\/span><\/span><\/div>\n<\/td>\n<td>\n<div><span style=\"color: #000000;\"><span style=\"font-family: tahoma,geneva,sans-serif;\"><span style=\"font-size: 12px;\"><img decoding=\"async\" class=\"lazyload HAa Eha\" style=\"border-width: 1px; border-style: solid; margin: 10px auto; display: block;\" alt=\"\" src=\"data:image\/svg+xml,%3Csvg%20xmlns%3D%27http%3A%2F%2Fwww.w3.org%2F2000%2Fsvg%27%20width%3D%27289%27%20height%3D%27194%27%20viewBox%3D%270%200%20289%20194%27%3E%3Crect%20width%3D%27289%27%20height%3D%27194%27%20fill-opacity%3D%220%22%2F%3E%3C%2Fsvg%3E\" data-orig-src=\"https:\/\/lh3.googleusercontent.com\/-g8MnVYEIKcg\/VIv8To8vWVI\/AAAAAAAAHY4\/-kaHtitl0Jw\/w400-h269-no\/Gj[1].jpg\" height=\"194\" width=\"289\" \/><\/span><\/span><\/span><\/div>\n<\/td>\n<\/tr>\n<tr>\n<td>\n<div><span style=\"color: #000000;\"><span style=\"font-family: tahoma,geneva,sans-serif;\"><span style=\"font-size: 12px;\"><img decoding=\"async\" class=\"lazyload HAa Eha\" style=\"border-width: 1px; border-style: solid; margin: 10px auto; display: block;\" alt=\"\" src=\"data:image\/svg+xml,%3Csvg%20xmlns%3D%27http%3A%2F%2Fwww.w3.org%2F2000%2Fsvg%27%20width%3D%27222%27%20height%3D%27147%27%20viewBox%3D%270%200%20222%20147%27%3E%3Crect%20width%3D%27222%27%20height%3D%27147%27%20fill-opacity%3D%220%22%2F%3E%3C%2Fsvg%3E\" data-orig-src=\"https:\/\/lh3.googleusercontent.com\/-IMBbJLfl4OA\/VIv8Tv0jbpI\/AAAAAAAAHZE\/m49RAEqlYow\/w400-h265-no\/Gj[2].jpg\" height=\"147\" width=\"222\" \/><\/span><\/span><\/span><\/div>\n<\/td>\n<td>\n<div style=\"text-align: justify;\"><span style=\"color: #000000;\"><span style=\"font-family: tahoma,geneva,sans-serif;\"><span style=\"font-size: 12px;\">&nbsp;&nbsp;&nbsp; Our parishes were filled with devotion during the services of Holy Week and especially the Service of the Resurrection. The clerics and the eldest believers of our Church saw many young people worshipping in the churches in an atmosphere&nbsp;filled with excitement that overflowed from the churches into the streets and squares and towns and villages.&nbsp;<\/span><\/span><\/span><\/div>\n<\/td>\n<\/tr>\n<tr>\n<td>\n<div style=\"text-align: justify;\"><span style=\"color: #000000;\"><span style=\"font-family: tahoma,geneva,sans-serif;\"><span style=\"font-size: 12px;\">&nbsp;&nbsp;&nbsp; In Gjirokastra, Bishop Dhimitri had a full program. On Palm Sunday, Holy Thursday and the Sunday of Resurrection he celebrated in the Church of Archangels.&nbsp; He also celebrated the Vespers of Agape, and together with the other clergy read the Gospel in the different languages of the world: Greek, Italian, French, English, etc.<\/span><\/span><\/span><br \/> &nbsp;<\/div>\n<\/td>\n<td>\n<div><span style=\"color: #000000;\"><span style=\"font-family: tahoma,geneva,sans-serif;\"><span style=\"font-size: 12px;\"><img decoding=\"async\" class=\"lazyload HAa Eha\" style=\"border-width: 1px; border-style: solid; margin: 10px auto; display: block;\" alt=\"\" src=\"data:image\/svg+xml,%3Csvg%20xmlns%3D%27http%3A%2F%2Fwww.w3.org%2F2000%2Fsvg%27%20width%3D%27319%27%20height%3D%27239%27%20viewBox%3D%270%200%20319%20239%27%3E%3Crect%20width%3D%27319%27%20height%3D%27239%27%20fill-opacity%3D%220%22%2F%3E%3C%2Fsvg%3E\" data-orig-src=\"https:\/\/lh5.googleusercontent.com\/-70gzyaCLyEE\/VIv8ThBbI4I\/AAAAAAAAHY0\/8nZDgyZc4w4\/w400-h300-no\/Gj[3].jpg\" height=\"239\" width=\"319\" \/><\/span><\/span><\/span><\/div>\n<\/td>\n<\/tr>\n<tr>\n<td>\n<div><span style=\"color: #000000;\"><span style=\"font-family: tahoma,geneva,sans-serif;\"><span style=\"font-size: 12px;\"><img decoding=\"async\" class=\"lazyload HAa Eha\" style=\"border-width: 1px; border-style: solid; margin: 10px auto; display: block;\" alt=\"\" src=\"data:image\/svg+xml,%3Csvg%20xmlns%3D%27http%3A%2F%2Fwww.w3.org%2F2000%2Fsvg%27%20width%3D%27213%27%20height%3D%27160%27%20viewBox%3D%270%200%20213%20160%27%3E%3Crect%20width%3D%27213%27%20height%3D%27160%27%20fill-opacity%3D%220%22%2F%3E%3C%2Fsvg%3E\" data-orig-src=\"https:\/\/lh4.googleusercontent.com\/-lhXKWU47t4U\/VIv8UOH8HuI\/AAAAAAAAHZA\/F4Lpa6jO4YQ\/w400-h300-no\/Gj[4].jpg\" height=\"160\" width=\"213\" \/><\/span><\/span><\/span><\/div>\n<\/td>\n<td>\n<div style=\"text-align: justify;\"><span style=\"color: #000000;\"><span style=\"font-family: tahoma,geneva,sans-serif;\"><span style=\"font-size: 12px;\">&nbsp;&nbsp;&nbsp; This year there was a visible presence of a great number of emigrants who live and work in Greece. This added to the atmosphere of joy for their families and communities. Their participation in the Service of Resurrection completed the joy of this day. The celebration was full of love and devotion and many believers participated in the mystery of Holy Communion; youth, children and older people. The atmosphere of the Resurrection filled their spirits and hearts everywhere: in Gjirokastra, Himara, Permet etc.<\/span><\/span><\/span><\/div>\n<\/td>\n<\/tr>\n<tr>\n<td colspan=\"2\">\n<div style=\"text-align: justify;\"><span style=\"color: #000000;\"><span style=\"font-family: tahoma,geneva,sans-serif;\"><span style=\"font-size: 12px;\">&nbsp;&nbsp;&nbsp; Both the Albanian and Greek languages are traditionally spoken by the believers in this Diocese and the whole region was filled with the hymn: \u201cKrishti u Ngjall se vdekurish&#8230;\u201d and \u201cHristos anesti ek nekron\u2026\u201d. This prayer filled the spirit of believers with joy on this night, and in the days that followed. It is important to note that in this Metropolis there is a beautiful tradition that during Bright Week many believers visit the numerous churches and monasteries in&nbsp; that area to make special prayers to Christ, the Theotokos, and the Saints of our Church.<\/span><\/span><\/span><\/div>\n<\/td>\n<\/tr>\n<tr>\n<td colspan=\"2\">\n<div> <span style=\"color: #000000;\"><span style=\"font-family: tahoma,geneva,sans-serif;\"><span style=\"font-size: 12px;\">&nbsp;&nbsp;&nbsp;&nbsp;<\/span><\/span><\/span><\/div>\n<div style=\"text-align: right;\"><span style=\"color: #000000;\"><span style=\"font-family: tahoma,geneva,sans-serif;\"><span style=\"font-size: 12px;\">&nbsp;&nbsp; <em><strong>By Fr. Theodhori Nikolla<\/strong><\/em><\/span><\/span><\/span><\/div>\n<div style=\"text-align: right;\"><span style=\"color: #000000;\"><span style=\"font-family: tahoma,geneva,sans-serif;\"><span style=\"font-size: 12px;\"><em><strong>&nbsp;&nbsp; Translated by Aleksia Dervishi<\/strong><\/em><\/span><\/span><\/span><\/div>\n<div style=\"text-align: right;\"><span style=\"color: #000000;\"><span style=\"font-family: tahoma,geneva,sans-serif;\"><span style=\"font-size: 12px;\"><em><strong>&nbsp;&nbsp; Edited by Anastasia (Pamela) Barksdale<\/strong><\/em><\/span><\/span><\/span><\/div>\n<\/td>\n<\/tr>\n<tr>\n<td colspan=\"2\">\n<div>&nbsp;<\/div>\n<\/td>\n<\/tr>\n<\/tbody>\n<\/table>\n<\/td>\n<td>\n<div>&nbsp;<\/div>\n<\/td>\n<\/tr>\n<tr>\n<td>\n<div>&nbsp;<\/div>\n<\/td>\n<\/tr>\n<tr>\n<td>\n<div>&nbsp;<\/div>\n<\/td>\n<\/tr>\n<tr>\n<td>\n<div>&nbsp;<\/div>\n<\/td>\n<\/tr>\n<tr>\n<td>\n<div>&nbsp;<\/div>\n<\/td>\n<\/tr>\n<\/tbody>\n<\/table>\n<div><span style=\"color: #000000;\"><span style=\"font-family: tahoma,geneva,sans-serif;\"><span style=\"font-size: 12px;\">&nbsp;&nbsp;&nbsp;&nbsp;&nbsp;&nbsp;&nbsp;&nbsp;&nbsp;&nbsp;&nbsp;&nbsp;&nbsp;&nbsp;&nbsp;&nbsp;&nbsp;&nbsp;&nbsp;&nbsp;&nbsp;&nbsp;&nbsp;&nbsp;&nbsp;&nbsp;&nbsp;&nbsp;&nbsp;&nbsp;&nbsp;&nbsp;&nbsp;&nbsp;&nbsp;&nbsp;&nbsp;&nbsp;&nbsp;&nbsp;&nbsp;&nbsp;&nbsp;&nbsp;&nbsp;&nbsp;&nbsp;&nbsp;&nbsp;&nbsp;&nbsp;&nbsp;&nbsp;&nbsp;&nbsp;&nbsp;&nbsp;&nbsp;&nbsp;&nbsp;&nbsp;&nbsp;&nbsp;&nbsp;&nbsp;&nbsp;&nbsp;&nbsp;&nbsp;&nbsp;&nbsp;&nbsp;&nbsp;&nbsp;&nbsp;&nbsp;&nbsp;&nbsp;&nbsp;&nbsp;&nbsp;<\/span><\/span><\/span><\/div>\n<\/td>\n<\/tr>\n<\/tbody>\n<\/table>\n","protected":false},"excerpt":{"rendered":"<p>&nbsp; &nbsp;&nbsp;&nbsp; Throughout the Holy Metropolis of Gjirokastra Great and Holy Pascha was filled&nbsp;with the joy of the feast-day. The most important event in human history, the Resurrection of Christ, was celebrated with faith and love in all Orthodox communities of this area. &nbsp;&nbsp;&nbsp; Our parishes were filled with devotion during the services of Holy Week and especially the Service of the Resurrection. The clerics<\/p>\n","protected":false},"author":7,"featured_media":0,"comment_status":"open","ping_status":"open","sticky":false,"template":"","format":"standard","meta":{"_acf_changed":false,"pagelayer_contact_templates":[],"_pagelayer_content":"","inline_featured_image":false,"fifu_image_url":"","fifu_image_alt":"","footnotes":""},"categories":[1455,311],"tags":[1121,1816],"class_list":["post-329","post","type-post","status-publish","format-standard","hentry","category-news-en","category-news-d25","tag-2008-en","tag-pashke-en"],"acf":[],"yoast_head":"<!-- This site is optimized with the Yoast SEO plugin v27.2 - https:\/\/yoast.com\/product\/yoast-seo-wordpress\/ -->\n<title>Celebration of Pascha in Gjirokast\u00ebr. (2008) - Kisha Orthodh\u03bfkse Autoqefale e Shqip\u00ebris\u00eb<\/title>\n<meta name=\"robots\" content=\"index, follow, max-snippet:-1, max-image-preview:large, max-video-preview:-1\" \/>\n<link rel=\"canonical\" href=\"https:\/\/orthodoxalbania.org\/2020\/en\/2008\/02\/26\/celebration-of-pascha-in-gjirokaster-2008\/\" \/>\n<meta property=\"og:locale\" content=\"en_US\" \/>\n<meta property=\"og:type\" content=\"article\" \/>\n<meta property=\"og:title\" content=\"Celebration of Pascha in Gjirokast\u00ebr. (2008) - Kisha Orthodh\u03bfkse Autoqefale e Shqip\u00ebris\u00eb\" \/>\n<meta property=\"og:description\" content=\"&nbsp; &nbsp;&nbsp;&nbsp; Throughout the Holy Metropolis of Gjirokastra Great and Holy Pascha was filled&nbsp;with the joy of the feast-day. The most important event in human history, the Resurrection of Christ, was celebrated with faith and love in all Orthodox communities of this area. &nbsp;&nbsp;&nbsp; Our parishes were filled with devotion during the services of Holy Week and especially the Service of the Resurrection. The clerics\" \/>\n<meta property=\"og:url\" content=\"https:\/\/orthodoxalbania.org\/2020\/en\/2008\/02\/26\/celebration-of-pascha-in-gjirokaster-2008\/\" \/>\n<meta property=\"og:site_name\" content=\"Kisha Orthodh\u03bfkse Autoqefale e Shqip\u00ebris\u00eb\" \/>\n<meta property=\"article:publisher\" content=\"https:\/\/www.facebook.com\/koash1991\" \/>\n<meta property=\"article:published_time\" content=\"2008-02-26T00:00:08+00:00\" \/>\n<meta property=\"article:modified_time\" content=\"2020-04-12T22:31:23+00:00\" \/>\n<meta property=\"og:image\" content=\"https:\/\/lh3.googleusercontent.com\/-g8MnVYEIKcg\/VIv8To8vWVI\/AAAAAAAAHY4\/-kaHtitl0Jw\/w400-h269-no\/Gj%5B1%5D.jpg\" \/>\n<meta name=\"author\" content=\"Kisha Orthodhokse\" \/>\n<meta name=\"twitter:card\" content=\"summary_large_image\" \/>\n<meta name=\"twitter:label1\" content=\"Written by\" \/>\n\t<meta name=\"twitter:data1\" content=\"Kisha Orthodhokse\" \/>\n\t<meta name=\"twitter:label2\" content=\"Est. reading time\" \/>\n\t<meta name=\"twitter:data2\" content=\"2 minutes\" \/>\n<script type=\"application\/ld+json\" class=\"yoast-schema-graph\">{\"@context\":\"https:\/\/schema.org\",\"@graph\":[{\"@type\":\"Article\",\"@id\":\"https:\/\/orthodoxalbania.org\/2020\/en\/2008\/02\/26\/celebration-of-pascha-in-gjirokaster-2008\/#article\",\"isPartOf\":{\"@id\":\"https:\/\/orthodoxalbania.org\/2020\/en\/2008\/02\/26\/celebration-of-pascha-in-gjirokaster-2008\/\"},\"author\":{\"name\":\"Kisha Orthodhokse\",\"@id\":\"https:\/\/orthodoxalbania.org\/2020\/#\/schema\/person\/df745f942b70e045b3dc05a30211f0de\"},\"headline\":\"Celebration of Pascha in Gjirokast\u00ebr. (2008)\",\"datePublished\":\"2008-02-26T00:00:08+00:00\",\"dateModified\":\"2020-04-12T22:31:23+00:00\",\"mainEntityOfPage\":{\"@id\":\"https:\/\/orthodoxalbania.org\/2020\/en\/2008\/02\/26\/celebration-of-pascha-in-gjirokaster-2008\/\"},\"wordCount\":467,\"commentCount\":0,\"publisher\":{\"@id\":\"https:\/\/orthodoxalbania.org\/2020\/#organization\"},\"image\":{\"@id\":\"https:\/\/orthodoxalbania.org\/2020\/en\/2008\/02\/26\/celebration-of-pascha-in-gjirokaster-2008\/#primaryimage\"},\"thumbnailUrl\":\"https:\/\/lh3.googleusercontent.com\/-g8MnVYEIKcg\/VIv8To8vWVI\/AAAAAAAAHY4\/-kaHtitl0Jw\/w400-h269-no\/Gj[1].jpg\",\"keywords\":[\"2008\",\"Pashk\u00eb\"],\"articleSection\":[\"News - \u0395\u039d\",\"News old page\"],\"inLanguage\":\"en-US\"},{\"@type\":\"WebPage\",\"@id\":\"https:\/\/orthodoxalbania.org\/2020\/en\/2008\/02\/26\/celebration-of-pascha-in-gjirokaster-2008\/\",\"url\":\"https:\/\/orthodoxalbania.org\/2020\/en\/2008\/02\/26\/celebration-of-pascha-in-gjirokaster-2008\/\",\"name\":\"Celebration of Pascha in Gjirokast\u00ebr. (2008) - Kisha Orthodh\u03bfkse Autoqefale e Shqip\u00ebris\u00eb\",\"isPartOf\":{\"@id\":\"https:\/\/orthodoxalbania.org\/2020\/#website\"},\"primaryImageOfPage\":{\"@id\":\"https:\/\/orthodoxalbania.org\/2020\/en\/2008\/02\/26\/celebration-of-pascha-in-gjirokaster-2008\/#primaryimage\"},\"image\":{\"@id\":\"https:\/\/orthodoxalbania.org\/2020\/en\/2008\/02\/26\/celebration-of-pascha-in-gjirokaster-2008\/#primaryimage\"},\"thumbnailUrl\":\"https:\/\/lh3.googleusercontent.com\/-g8MnVYEIKcg\/VIv8To8vWVI\/AAAAAAAAHY4\/-kaHtitl0Jw\/w400-h269-no\/Gj[1].jpg\",\"datePublished\":\"2008-02-26T00:00:08+00:00\",\"dateModified\":\"2020-04-12T22:31:23+00:00\",\"breadcrumb\":{\"@id\":\"https:\/\/orthodoxalbania.org\/2020\/en\/2008\/02\/26\/celebration-of-pascha-in-gjirokaster-2008\/#breadcrumb\"},\"inLanguage\":\"en-US\",\"potentialAction\":[{\"@type\":\"ReadAction\",\"target\":[\"https:\/\/orthodoxalbania.org\/2020\/en\/2008\/02\/26\/celebration-of-pascha-in-gjirokaster-2008\/\"]}]},{\"@type\":\"ImageObject\",\"inLanguage\":\"en-US\",\"@id\":\"https:\/\/orthodoxalbania.org\/2020\/en\/2008\/02\/26\/celebration-of-pascha-in-gjirokaster-2008\/#primaryimage\",\"url\":\"https:\/\/lh3.googleusercontent.com\/-g8MnVYEIKcg\/VIv8To8vWVI\/AAAAAAAAHY4\/-kaHtitl0Jw\/w400-h269-no\/Gj[1].jpg\",\"contentUrl\":\"https:\/\/lh3.googleusercontent.com\/-g8MnVYEIKcg\/VIv8To8vWVI\/AAAAAAAAHY4\/-kaHtitl0Jw\/w400-h269-no\/Gj[1].jpg\"},{\"@type\":\"BreadcrumbList\",\"@id\":\"https:\/\/orthodoxalbania.org\/2020\/en\/2008\/02\/26\/celebration-of-pascha-in-gjirokaster-2008\/#breadcrumb\",\"itemListElement\":[{\"@type\":\"ListItem\",\"position\":1,\"name\":\"Home\",\"item\":\"https:\/\/orthodoxalbania.org\/2020\/\"},{\"@type\":\"ListItem\",\"position\":2,\"name\":\"Celebration of Pascha in Gjirokast\u00ebr. (2008)\"}]},{\"@type\":\"WebSite\",\"@id\":\"https:\/\/orthodoxalbania.org\/2020\/#website\",\"url\":\"https:\/\/orthodoxalbania.org\/2020\/\",\"name\":\"Kisha Orthodh\u03bfkse Autoqefale e Shqip\u00ebris\u00eb\",\"description\":\"Fqja Zyrtare e Kish\u00ebs Orthodhokse Autoqefale e Shqip\u00ebris\u00eb me lajmet edhe informacionet zyrtare p\u00ebr struktur\u00ebn edhe veprimtarin e saj.\",\"publisher\":{\"@id\":\"https:\/\/orthodoxalbania.org\/2020\/#organization\"},\"potentialAction\":[{\"@type\":\"SearchAction\",\"target\":{\"@type\":\"EntryPoint\",\"urlTemplate\":\"https:\/\/orthodoxalbania.org\/2020\/?s={search_term_string}\"},\"query-input\":{\"@type\":\"PropertyValueSpecification\",\"valueRequired\":true,\"valueName\":\"search_term_string\"}}],\"inLanguage\":\"en-US\"},{\"@type\":\"Organization\",\"@id\":\"https:\/\/orthodoxalbania.org\/2020\/#organization\",\"name\":\"Kisha Orthodhokse Autoqefale e Shqip\u00ebris\u00eb\",\"url\":\"https:\/\/orthodoxalbania.org\/2020\/\",\"logo\":{\"@type\":\"ImageObject\",\"inLanguage\":\"en-US\",\"@id\":\"https:\/\/orthodoxalbania.org\/2020\/#\/schema\/logo\/image\/\",\"url\":\"https:\/\/orthodoxalbania.org\/2020\/wp-content\/uploads\/2020\/05\/albania.jpeg\",\"contentUrl\":\"https:\/\/orthodoxalbania.org\/2020\/wp-content\/uploads\/2020\/05\/albania.jpeg\",\"width\":540,\"height\":540,\"caption\":\"Kisha Orthodhokse Autoqefale e Shqip\u00ebris\u00eb\"},\"image\":{\"@id\":\"https:\/\/orthodoxalbania.org\/2020\/#\/schema\/logo\/image\/\"},\"sameAs\":[\"https:\/\/www.facebook.com\/koash1991\"]},{\"@type\":\"Person\",\"@id\":\"https:\/\/orthodoxalbania.org\/2020\/#\/schema\/person\/df745f942b70e045b3dc05a30211f0de\",\"name\":\"Kisha Orthodhokse\",\"image\":{\"@type\":\"ImageObject\",\"inLanguage\":\"en-US\",\"@id\":\"https:\/\/secure.gravatar.com\/avatar\/2676eb8d97178435c9f691a7871595a1da6c33542dec218bce40885573150e28?s=96&d=mm&r=g\",\"url\":\"https:\/\/secure.gravatar.com\/avatar\/2676eb8d97178435c9f691a7871595a1da6c33542dec218bce40885573150e28?s=96&d=mm&r=g\",\"contentUrl\":\"https:\/\/secure.gravatar.com\/avatar\/2676eb8d97178435c9f691a7871595a1da6c33542dec218bce40885573150e28?s=96&d=mm&r=g\",\"caption\":\"Kisha Orthodhokse\"}}]}<\/script>\n<!-- \/ Yoast SEO plugin. -->","yoast_head_json":{"title":"Celebration of Pascha in Gjirokast\u00ebr. (2008) - Kisha Orthodh\u03bfkse Autoqefale e Shqip\u00ebris\u00eb","robots":{"index":"index","follow":"follow","max-snippet":"max-snippet:-1","max-image-preview":"max-image-preview:large","max-video-preview":"max-video-preview:-1"},"canonical":"https:\/\/orthodoxalbania.org\/2020\/en\/2008\/02\/26\/celebration-of-pascha-in-gjirokaster-2008\/","og_locale":"en_US","og_type":"article","og_title":"Celebration of Pascha in Gjirokast\u00ebr. (2008) - Kisha Orthodh\u03bfkse Autoqefale e Shqip\u00ebris\u00eb","og_description":"&nbsp; &nbsp;&nbsp;&nbsp; Throughout the Holy Metropolis of Gjirokastra Great and Holy Pascha was filled&nbsp;with the joy of the feast-day. The most important event in human history, the Resurrection of Christ, was celebrated with faith and love in all Orthodox communities of this area. &nbsp;&nbsp;&nbsp; Our parishes were filled with devotion during the services of Holy Week and especially the Service of the Resurrection. The clerics","og_url":"https:\/\/orthodoxalbania.org\/2020\/en\/2008\/02\/26\/celebration-of-pascha-in-gjirokaster-2008\/","og_site_name":"Kisha Orthodh\u03bfkse Autoqefale e Shqip\u00ebris\u00eb","article_publisher":"https:\/\/www.facebook.com\/koash1991","article_published_time":"2008-02-26T00:00:08+00:00","article_modified_time":"2020-04-12T22:31:23+00:00","og_image":[{"url":"https:\/\/lh3.googleusercontent.com\/-g8MnVYEIKcg\/VIv8To8vWVI\/AAAAAAAAHY4\/-kaHtitl0Jw\/w400-h269-no\/Gj[1].jpg","type":"","width":"","height":""}],"author":"Kisha Orthodhokse","twitter_card":"summary_large_image","twitter_misc":{"Written by":"Kisha Orthodhokse","Est. reading time":"2 minutes"},"schema":{"@context":"https:\/\/schema.org","@graph":[{"@type":"Article","@id":"https:\/\/orthodoxalbania.org\/2020\/en\/2008\/02\/26\/celebration-of-pascha-in-gjirokaster-2008\/#article","isPartOf":{"@id":"https:\/\/orthodoxalbania.org\/2020\/en\/2008\/02\/26\/celebration-of-pascha-in-gjirokaster-2008\/"},"author":{"name":"Kisha Orthodhokse","@id":"https:\/\/orthodoxalbania.org\/2020\/#\/schema\/person\/df745f942b70e045b3dc05a30211f0de"},"headline":"Celebration of Pascha in Gjirokast\u00ebr. (2008)","datePublished":"2008-02-26T00:00:08+00:00","dateModified":"2020-04-12T22:31:23+00:00","mainEntityOfPage":{"@id":"https:\/\/orthodoxalbania.org\/2020\/en\/2008\/02\/26\/celebration-of-pascha-in-gjirokaster-2008\/"},"wordCount":467,"commentCount":0,"publisher":{"@id":"https:\/\/orthodoxalbania.org\/2020\/#organization"},"image":{"@id":"https:\/\/orthodoxalbania.org\/2020\/en\/2008\/02\/26\/celebration-of-pascha-in-gjirokaster-2008\/#primaryimage"},"thumbnailUrl":"https:\/\/lh3.googleusercontent.com\/-g8MnVYEIKcg\/VIv8To8vWVI\/AAAAAAAAHY4\/-kaHtitl0Jw\/w400-h269-no\/Gj[1].jpg","keywords":["2008","Pashk\u00eb"],"articleSection":["News - \u0395\u039d","News old page"],"inLanguage":"en-US"},{"@type":"WebPage","@id":"https:\/\/orthodoxalbania.org\/2020\/en\/2008\/02\/26\/celebration-of-pascha-in-gjirokaster-2008\/","url":"https:\/\/orthodoxalbania.org\/2020\/en\/2008\/02\/26\/celebration-of-pascha-in-gjirokaster-2008\/","name":"Celebration of Pascha in Gjirokast\u00ebr. (2008) - Kisha Orthodh\u03bfkse Autoqefale e Shqip\u00ebris\u00eb","isPartOf":{"@id":"https:\/\/orthodoxalbania.org\/2020\/#website"},"primaryImageOfPage":{"@id":"https:\/\/orthodoxalbania.org\/2020\/en\/2008\/02\/26\/celebration-of-pascha-in-gjirokaster-2008\/#primaryimage"},"image":{"@id":"https:\/\/orthodoxalbania.org\/2020\/en\/2008\/02\/26\/celebration-of-pascha-in-gjirokaster-2008\/#primaryimage"},"thumbnailUrl":"https:\/\/lh3.googleusercontent.com\/-g8MnVYEIKcg\/VIv8To8vWVI\/AAAAAAAAHY4\/-kaHtitl0Jw\/w400-h269-no\/Gj[1].jpg","datePublished":"2008-02-26T00:00:08+00:00","dateModified":"2020-04-12T22:31:23+00:00","breadcrumb":{"@id":"https:\/\/orthodoxalbania.org\/2020\/en\/2008\/02\/26\/celebration-of-pascha-in-gjirokaster-2008\/#breadcrumb"},"inLanguage":"en-US","potentialAction":[{"@type":"ReadAction","target":["https:\/\/orthodoxalbania.org\/2020\/en\/2008\/02\/26\/celebration-of-pascha-in-gjirokaster-2008\/"]}]},{"@type":"ImageObject","inLanguage":"en-US","@id":"https:\/\/orthodoxalbania.org\/2020\/en\/2008\/02\/26\/celebration-of-pascha-in-gjirokaster-2008\/#primaryimage","url":"https:\/\/lh3.googleusercontent.com\/-g8MnVYEIKcg\/VIv8To8vWVI\/AAAAAAAAHY4\/-kaHtitl0Jw\/w400-h269-no\/Gj[1].jpg","contentUrl":"https:\/\/lh3.googleusercontent.com\/-g8MnVYEIKcg\/VIv8To8vWVI\/AAAAAAAAHY4\/-kaHtitl0Jw\/w400-h269-no\/Gj[1].jpg"},{"@type":"BreadcrumbList","@id":"https:\/\/orthodoxalbania.org\/2020\/en\/2008\/02\/26\/celebration-of-pascha-in-gjirokaster-2008\/#breadcrumb","itemListElement":[{"@type":"ListItem","position":1,"name":"Home","item":"https:\/\/orthodoxalbania.org\/2020\/"},{"@type":"ListItem","position":2,"name":"Celebration of Pascha in Gjirokast\u00ebr. (2008)"}]},{"@type":"WebSite","@id":"https:\/\/orthodoxalbania.org\/2020\/#website","url":"https:\/\/orthodoxalbania.org\/2020\/","name":"Kisha Orthodh\u03bfkse Autoqefale e Shqip\u00ebris\u00eb","description":"Fqja Zyrtare e Kish\u00ebs Orthodhokse Autoqefale e Shqip\u00ebris\u00eb me lajmet edhe informacionet zyrtare p\u00ebr struktur\u00ebn edhe veprimtarin e saj.","publisher":{"@id":"https:\/\/orthodoxalbania.org\/2020\/#organization"},"potentialAction":[{"@type":"SearchAction","target":{"@type":"EntryPoint","urlTemplate":"https:\/\/orthodoxalbania.org\/2020\/?s={search_term_string}"},"query-input":{"@type":"PropertyValueSpecification","valueRequired":true,"valueName":"search_term_string"}}],"inLanguage":"en-US"},{"@type":"Organization","@id":"https:\/\/orthodoxalbania.org\/2020\/#organization","name":"Kisha Orthodhokse Autoqefale e Shqip\u00ebris\u00eb","url":"https:\/\/orthodoxalbania.org\/2020\/","logo":{"@type":"ImageObject","inLanguage":"en-US","@id":"https:\/\/orthodoxalbania.org\/2020\/#\/schema\/logo\/image\/","url":"https:\/\/orthodoxalbania.org\/2020\/wp-content\/uploads\/2020\/05\/albania.jpeg","contentUrl":"https:\/\/orthodoxalbania.org\/2020\/wp-content\/uploads\/2020\/05\/albania.jpeg","width":540,"height":540,"caption":"Kisha Orthodhokse Autoqefale e Shqip\u00ebris\u00eb"},"image":{"@id":"https:\/\/orthodoxalbania.org\/2020\/#\/schema\/logo\/image\/"},"sameAs":["https:\/\/www.facebook.com\/koash1991"]},{"@type":"Person","@id":"https:\/\/orthodoxalbania.org\/2020\/#\/schema\/person\/df745f942b70e045b3dc05a30211f0de","name":"Kisha Orthodhokse","image":{"@type":"ImageObject","inLanguage":"en-US","@id":"https:\/\/secure.gravatar.com\/avatar\/2676eb8d97178435c9f691a7871595a1da6c33542dec218bce40885573150e28?s=96&d=mm&r=g","url":"https:\/\/secure.gravatar.com\/avatar\/2676eb8d97178435c9f691a7871595a1da6c33542dec218bce40885573150e28?s=96&d=mm&r=g","contentUrl":"https:\/\/secure.gravatar.com\/avatar\/2676eb8d97178435c9f691a7871595a1da6c33542dec218bce40885573150e28?s=96&d=mm&r=g","caption":"Kisha Orthodhokse"}}]}},"_links":{"self":[{"href":"https:\/\/orthodoxalbania.org\/2020\/wp-json\/wp\/v2\/posts\/329","targetHints":{"allow":["GET"]}}],"collection":[{"href":"https:\/\/orthodoxalbania.org\/2020\/wp-json\/wp\/v2\/posts"}],"about":[{"href":"https:\/\/orthodoxalbania.org\/2020\/wp-json\/wp\/v2\/types\/post"}],"author":[{"embeddable":true,"href":"https:\/\/orthodoxalbania.org\/2020\/wp-json\/wp\/v2\/users\/7"}],"replies":[{"embeddable":true,"href":"https:\/\/orthodoxalbania.org\/2020\/wp-json\/wp\/v2\/comments?post=329"}],"version-history":[{"count":1,"href":"https:\/\/orthodoxalbania.org\/2020\/wp-json\/wp\/v2\/posts\/329\/revisions"}],"predecessor-version":[{"id":18007,"href":"https:\/\/orthodoxalbania.org\/2020\/wp-json\/wp\/v2\/posts\/329\/revisions\/18007"}],"wp:attachment":[{"href":"https:\/\/orthodoxalbania.org\/2020\/wp-json\/wp\/v2\/media?parent=329"}],"wp:term":[{"taxonomy":"category","embeddable":true,"href":"https:\/\/orthodoxalbania.org\/2020\/wp-json\/wp\/v2\/categories?post=329"},{"taxonomy":"post_tag","embeddable":true,"href":"https:\/\/orthodoxalbania.org\/2020\/wp-json\/wp\/v2\/tags?post=329"}],"curies":[{"name":"wp","href":"https:\/\/api.w.org\/{rel}","templated":true}]}}