{"id":327,"date":"2009-03-19T00:00:08","date_gmt":"2009-03-19T00:00:08","guid":{"rendered":""},"modified":"2020-04-13T00:31:16","modified_gmt":"2020-04-12T22:31:16","slug":"celebration-of-pascha-in-tirana-2009","status":"publish","type":"post","link":"https:\/\/orthodoxalbania.org\/2020\/en\/2009\/03\/19\/celebration-of-pascha-in-tirana-2009\/","title":{"rendered":"Celebration of  Pascha in Tirana. (April 2009)"},"content":{"rendered":"<div style=\"text-align: justify;\"><span style=\"font-family: tahoma,geneva,sans-serif;\"><span style=\"color: #000000;\"><span style=\"font-size: 12px;\">&nbsp;&nbsp;&nbsp; Thousands of Orthodox believers in Tirana participated in the services and events of Great and Holy Week 2009 which majestically culminated in the triumph of the Resurrection.&nbsp; The faithful attended the services in the Annunciation Church where Archbishop Anastasios gave daily sermons and spiritual advice.<\/span><\/span><\/span><\/div>\n<div style=\"text-align: justify;\"> <span style=\"font-family: tahoma,geneva,sans-serif;\"><span style=\"color: #000000;\"><span style=\"font-size: 12px;\">&nbsp;&nbsp;&nbsp; So many people came this year that the faithful were reminded of the years after Communism when the church was first opened and thousands and thousands of believers came to the church thirsting to hear about our resurrected Lord.&nbsp;<\/span><\/span><\/span><\/div>\n<div style=\"text-align: justify;\"> <span style=\"font-family: tahoma,geneva,sans-serif;\"><span style=\"color: #000000;\"><span style=\"font-size: 12px;\">&nbsp;&nbsp;&nbsp; On the night of Great Saturday, a few minutes before midnight the Archbishop read his Resurrectional message from a stage on Kavajas Street which had been set up for the outdoor portion of the service. He encouraged the people with his words, reminding them to \u201cFear not!\u201d just as Christ and his angels had told the first believers and disciples.&nbsp; Thousands of faithful with candles in hand filled the church, the church yard, and Kavajas Street. &nbsp;After the message was read, the greeting: <strong>Christ is Risen! ~ Truly He is Risen!<\/strong> echoed joyfully through the air.&nbsp; Following this, the Service of the Resurrection continued in the church, and those who were not present, were able to follow it live on the Albanian Public Television station.&nbsp; Several other Albanian and foreign television stations also reported on the evening\u2019s events.<\/span><\/span><\/span><\/div>\n<div style=\"text-align: justify;\">&nbsp;<\/div>\n<div style=\"text-align: justify;\"><span style=\"font-family: tahoma,geneva,sans-serif;\"><span style=\"color: #000000;\"><span style=\"font-size: 12px;\">&nbsp;&nbsp;&nbsp; On April 19th, Pascha Sunday, His Beatitude Anastasios received visitors at the Archbishopric building.&nbsp; Representatives from the various religious communities, politicians and other functionaries of the government came to congratulate the Archbishop and all Orthodox faithful for this important feast day.&nbsp; Many diplomats, intellectuals, and believers came as well.<\/span><\/span><\/span><\/div>\n<div style=\"text-align: justify;\"> <span style=\"font-family: tahoma,geneva,sans-serif;\"><span style=\"color: #000000;\"><span style=\"font-size: 12px;\">&nbsp;&nbsp;&nbsp; The President, Mr. Bamir Topi, was celebrating the day in Korca and wished all the Orthodox faithful: \u201cHappy Pascha! Many Years! I came to Korca to celebrate this special day with the Orthodox community here.&nbsp; Naturally, I came here today because Korca has a very special atmosphere which we\u2019ve seen year after year and once again last night. It is an atmosphere that is hard to find elsewhere and so I came to share this joy with you, the citizens of Korca.&nbsp; I would like to reiterate what I have seen, perfect religious harmony which exists here in Korca as it does everywhere in Albania.&nbsp; You can see this in the religious communities, and in the society, and in all the citizens.&nbsp; This is an extraordinary accomplishment and a renewal of a tradition which we\u2019ve always had.&nbsp; May we have many more days as beautiful as this one!\u201d<\/span><\/span><\/span><\/div>\n<div style=\"text-align: justify;\"> <span style=\"font-family: tahoma,geneva,sans-serif;\"><span style=\"color: #000000;\"><span style=\"font-size: 12px;\">&nbsp;&nbsp;&nbsp; Prime Minister Berisha, who was on official business in China sent his greetings as well: \u201cHappy Pascha, the blessed day of the Resurrection of Christ, the day of eternity, the day of hope and faith in the Lord, faith in yourself and in each other, the day of faith in our nation.&nbsp; This year we celebrate Pascha as a nation and a member of NATO.&nbsp; Let us hope together that we will celebrate future Paschas better, with harmony and prosperity that Albanians deserve. Happy Easter to all!\u201d<\/span><\/span><\/span><\/div>\n<div style=\"text-align: justify;\"> <span style=\"font-family: tahoma,geneva,sans-serif;\"><span style=\"color: #000000;\"><span style=\"font-size: 12px;\">&nbsp;&nbsp;&nbsp; The leader of the Parliament of Albania, Ms. Jozefina Topalli met Archbishop Anastasios in Tirana.&nbsp; \u201cThe Day of the Resurrection is a deep and symbolic day.&nbsp; In fact, Resurrection is light, it is hope, it is faith for every individual and every family, it is faith for the nation.&nbsp; It is a resurrection for the nation and this day coincides with great events of renewal for the Albanian nation. I am very glad that in this term I will be able to pass the financing law of all the religious faiths. And this is a good thing in order to help and support their work, since they do the greatest work to bring our society the moral values which we all need.&nbsp; Once again, Happy Pascha!\u201d<\/span><\/span><\/span><\/div>\n<div style=\"text-align: justify;\">&nbsp;<\/div>\n<div class=\"style12\" style=\"text-align: right;\">&nbsp;<\/div>\n<div class=\"style12\" style=\"text-align: right;\"><span style=\"font-family: tahoma,geneva,sans-serif;\"><span style=\"color: #000000;\"><span style=\"font-size: 12px;\"><strong>Isidor Koti<\/strong><\/span><\/span><\/span><\/div>\n<div class=\"style12\" style=\"text-align: right;\">&nbsp;<\/div>\n<div class=\"style12\" style=\"text-align: right;\"><span style=\"font-family: tahoma,geneva,sans-serif;\"><span style=\"color: #000000;\"><span style=\"font-size: 12px;\"><em>Translated by<\/em><strong> Georgia Bendo<\/strong><\/span><\/span><\/span><\/div>\n<div class=\"style12\" style=\"text-align: right;\">&nbsp;<\/div>\n<div class=\"style12\" style=\"text-align: right;\"><span style=\"font-family: tahoma,geneva,sans-serif;\"><span style=\"font-size: 12px;\"><span style=\"color: #000000;\"><strong>Photo: Nathan Hoppe<\/strong><\/span><\/span><\/span><\/div>\n<div class=\"style12\">&nbsp;<\/div>\n<div class=\"style12\" style=\"text-align: center;\"><\/p>\n<div>&nbsp;<\/div>\n<div>&nbsp;<\/div>\n<div><span style=\"color: #000000;\"><span style=\"font-family: tahoma,geneva,sans-serif;\"><span style=\"font-size: 12px;\"><img decoding=\"async\" class=\"lazyload HAa Eha\" style=\"margin: 10px auto; display: block; border: 1px solid;\" alt=\"\" src=\"data:image\/gif;base64,R0lGODlhAQABAAAAACH5BAEKAAEALAAAAAABAAEAAAICTAEAOw==\" data-orig-src=\"https:\/\/lh6.googleusercontent.com\/-QmpgAC9o63g\/VJP9TvssL6I\/AAAAAAAAI_s\/c7s_oGQMW6M\/w448-h298-no\/1+(Custom).JPG\" \/><\/span><\/span><\/span><\/div>\n<div><span style=\"color: #000000;\"><span style=\"font-family: tahoma,geneva,sans-serif;\"><span style=\"font-size: 12px;\"><img decoding=\"async\" class=\"lazyload HAa Eha\" style=\"margin: 10px auto; display: block; border: 1px solid;\" alt=\"\" src=\"data:image\/gif;base64,R0lGODlhAQABAAAAACH5BAEKAAEALAAAAAABAAEAAAICTAEAOw==\" data-orig-src=\"https:\/\/lh4.googleusercontent.com\/-Vmzpq6_VuYQ\/VJP9OphSIYI\/AAAAAAAAI_Y\/2EmLBkbQaeU\/w448-h298-no\/2+(Custom).JPG\" \/><\/span><\/span><\/span><\/div>\n<div><span style=\"color: #000000;\"><span style=\"font-family: tahoma,geneva,sans-serif;\"><span style=\"font-size: 12px;\"><img decoding=\"async\" class=\"lazyload HAa Eha\" style=\"margin: 10px auto; display: block; border: 1px solid;\" alt=\"\" src=\"data:image\/gif;base64,R0lGODlhAQABAAAAACH5BAEKAAEALAAAAAABAAEAAAICTAEAOw==\" data-orig-src=\"https:\/\/lh6.googleusercontent.com\/-piIh7S7f_Ic\/VJP9PJauySI\/AAAAAAAAI_Q\/IiV4WprYvHQ\/w448-h298-no\/3+(Custom).JPG\" \/><\/span><\/span><\/span><\/div>\n<div><span style=\"color: #000000;\"><span style=\"font-family: tahoma,geneva,sans-serif;\"><span style=\"font-size: 12px;\"><img decoding=\"async\" class=\"lazyload HAa Eha\" style=\"margin: 10px auto; display: block; border: 1px solid;\" alt=\"\" src=\"data:image\/gif;base64,R0lGODlhAQABAAAAACH5BAEKAAEALAAAAAABAAEAAAICTAEAOw==\" data-orig-src=\"https:\/\/lh5.googleusercontent.com\/-ZBFXiRMpwn0\/VJP9PrmXqaI\/AAAAAAAAI_M\/dFWXwWin0GA\/w448-h298-no\/4+(Custom).JPG\" \/><\/span><\/span><\/span><\/div>\n<div><span style=\"color: #000000;\"><span style=\"font-family: tahoma,geneva,sans-serif;\"><span style=\"font-size: 12px;\"><img decoding=\"async\" class=\"lazyload HAa Eha\" style=\"margin: 10px auto; display: block; border: 1px solid;\" alt=\"\" src=\"data:image\/gif;base64,R0lGODlhAQABAAAAACH5BAEKAAEALAAAAAABAAEAAAICTAEAOw==\" data-orig-src=\"https:\/\/lh4.googleusercontent.com\/-Q-fH4l1MFTI\/VJP9P6MhhmI\/AAAAAAAAI_I\/wfPTyz2s0LU\/w448-h298-no\/5+(Custom).JPG\" \/><\/span><\/span><\/span><\/div>\n<div><span style=\"color: #000000;\"><span style=\"font-family: tahoma,geneva,sans-serif;\"><span style=\"font-size: 12px;\"><img decoding=\"async\" class=\"lazyload HAa Eha\" style=\"margin: 10px auto; display: block; border: 1px solid;\" alt=\"\" src=\"data:image\/gif;base64,R0lGODlhAQABAAAAACH5BAEKAAEALAAAAAABAAEAAAICTAEAOw==\" data-orig-src=\"https:\/\/lh6.googleusercontent.com\/-MrtFb6IrcDk\/VJP9QbCNXmI\/AAAAAAAAI_E\/zzeyzKoaaQ0\/w448-h298-no\/6+(Custom).JPG\" \/><\/span><\/span><\/span><\/div>\n<div><span style=\"color: #000000;\"><span style=\"font-family: tahoma,geneva,sans-serif;\"><span style=\"font-size: 12px;\"><img decoding=\"async\" class=\"lazyload HAa Eha\" style=\"margin: 10px auto; display: block; border: 1px solid;\" alt=\"\" src=\"data:image\/gif;base64,R0lGODlhAQABAAAAACH5BAEKAAEALAAAAAABAAEAAAICTAEAOw==\" data-orig-src=\"https:\/\/lh5.googleusercontent.com\/-pFETsF-DnhM\/VJP9QvLn1FI\/AAAAAAAAI-0\/3Y_cZZOEAeY\/w448-h298-no\/7+(Custom).JPG\" \/><\/span><\/span><\/span><\/div>\n<div><span style=\"color: #000000;\"><span style=\"font-family: tahoma,geneva,sans-serif;\"><span style=\"font-size: 12px;\"><img decoding=\"async\" class=\"lazyload HAa Eha\" style=\"margin: 10px auto; display: block; border: 1px solid;\" alt=\"\" src=\"data:image\/gif;base64,R0lGODlhAQABAAAAACH5BAEKAAEALAAAAAABAAEAAAICTAEAOw==\" data-orig-src=\"https:\/\/lh3.googleusercontent.com\/-rnBCZtZpsrY\/VJP9QzHQRjI\/AAAAAAAAI-8\/yQ8-W1AqNwE\/w448-h298-no\/8.JPG\" \/><\/span><\/span><\/span><\/div>\n<div><span style=\"color: #000000;\"><span style=\"font-family: tahoma,geneva,sans-serif;\"><span style=\"font-size: 12px;\"><img decoding=\"async\" class=\"lazyload HAa Eha\" style=\"margin: 10px auto; display: block; border: 1px solid;\" alt=\"\" src=\"data:image\/gif;base64,R0lGODlhAQABAAAAACH5BAEKAAEALAAAAAABAAEAAAICTAEAOw==\" data-orig-src=\"https:\/\/lh4.googleusercontent.com\/-zgiFX2sjITs\/VJP9MWzJ6HI\/AAAAAAAAI9w\/DYjrU6Vk_Kc\/w448-h298-no\/11+(Custom).JPG\" \/><\/span><\/span><\/span><\/div>\n<div><span style=\"color: #000000;\"><span style=\"font-family: tahoma,geneva,sans-serif;\"><span style=\"font-size: 12px;\"><img decoding=\"async\" class=\"lazyload HAa Eha\" style=\"margin: 10px auto; display: block; border: 1px solid;\" alt=\"\" src=\"data:image\/gif;base64,R0lGODlhAQABAAAAACH5BAEKAAEALAAAAAABAAEAAAICTAEAOw==\" data-orig-src=\"https:\/\/lh4.googleusercontent.com\/-gQpCz5O4E8A\/VJP9NOsMUXI\/AAAAAAAAI_g\/g9MIVG-uOZw\/w448-h298-no\/13+(Custom).JPG\" \/><\/span><\/span><\/span><\/div>\n<div><span style=\"color: #000000;\"><span style=\"font-family: tahoma,geneva,sans-serif;\"><span style=\"font-size: 12px;\"><img decoding=\"async\" class=\"lazyload HAa Eha\" style=\"margin: 10px auto; display: block; border: 1px solid;\" alt=\"\" src=\"data:image\/gif;base64,R0lGODlhAQABAAAAACH5BAEKAAEALAAAAAABAAEAAAICTAEAOw==\" data-orig-src=\"https:\/\/lh5.googleusercontent.com\/-vTNlIMKpdDU\/VJP9Ng2lrOI\/AAAAAAAAI-M\/m82yUBJtwME\/w448-h298-no\/14+(Custom).JPG\" \/><\/span><\/span><\/span><\/div>\n<div><span style=\"color: #000000;\"><span style=\"font-family: tahoma,geneva,sans-serif;\"><span style=\"font-size: 12px;\"><img decoding=\"async\" class=\"lazyload HAa Eha\" style=\"margin: 10px auto; display: block; border: 1px solid;\" alt=\"\" src=\"data:image\/gif;base64,R0lGODlhAQABAAAAACH5BAEKAAEALAAAAAABAAEAAAICTAEAOw==\" data-orig-src=\"https:\/\/lh6.googleusercontent.com\/-ULF0cyOfTOc\/VJP9NwQrCXI\/AAAAAAAAI_c\/aRCyHWkaSQw\/w448-h298-no\/15+(Custom).JPG\" \/><\/span><\/span><\/span><\/div>\n<div><span style=\"color: #000000;\"><span style=\"font-family: tahoma,geneva,sans-serif;\"><span style=\"font-size: 12px;\"><img decoding=\"async\" class=\"lazyload HAa Eha\" style=\"margin: 10px auto; display: block; border: 1px solid;\" alt=\"\" src=\"data:image\/gif;base64,R0lGODlhAQABAAAAACH5BAEKAAEALAAAAAABAAEAAAICTAEAOw==\" data-orig-src=\"https:\/\/lh3.googleusercontent.com\/-aMkO4wYi1CE\/VJP9OhAt1HI\/AAAAAAAAI_U\/08iHoZiD1vI\/w448-h298-no\/17+(Custom).JPG\" \/><\/span><\/span><\/span><\/div>\n<div><span style=\"color: #000000;\"><span style=\"font-family: tahoma,geneva,sans-serif;\"><span style=\"font-size: 12px;\"><img decoding=\"async\" class=\"lazyload HAa Eha\" style=\"margin: 10px auto; display: block; border: 1px solid;\" alt=\"\" src=\"data:image\/gif;base64,R0lGODlhAQABAAAAACH5BAEKAAEALAAAAAABAAEAAAICTAEAOw==\" data-orig-src=\"https:\/\/lh6.googleusercontent.com\/-BJDd7P8Mi7Y\/VJP_FUDVXcI\/AAAAAAAAJAE\/DolMmWGCkkk\/w448-h298-no\/18+(Custom).JPG\" \/><\/span><\/span><\/span><\/div>\n<\/div>\n<p><img decoding=\"async\" class=\"lazyload HAa Eha\" style=\"margin: 10px auto; border: 1px solid; display: block;\" alt=\"\" src=\"data:image\/gif;base64,R0lGODlhAQABAAAAACH5BAEKAAEALAAAAAABAAEAAAICTAEAOw==\" data-orig-src=\"https:\/\/lh6.googleusercontent.com\/-SfD5aKFlf0A\/VL9bN37lxtI\/AAAAAAAALAM\/lZZVO8GYNRY\/w448-h252-no\/19+(Custom).jpg\" \/><img decoding=\"async\" class=\"lazyload HAa Eha\" style=\"margin: 10px auto; border: 1px solid; display: block;\" alt=\"\" src=\"data:image\/gif;base64,R0lGODlhAQABAAAAACH5BAEKAAEALAAAAAABAAEAAAICTAEAOw==\" data-orig-src=\"https:\/\/lh6.googleusercontent.com\/-B54YqNsmrDk\/VL9bOP7WkfI\/AAAAAAAALAI\/2HM_t3H6kNk\/w448-h261-no\/20+(Custom).jpg\" \/><\/p>\n<p><img decoding=\"async\" class=\"lazyload HAa Eha\" style=\"border-width: 1px; border-style: solid; margin: 10px auto; display: block;\" alt=\"\" src=\"data:image\/gif;base64,R0lGODlhAQABAAAAACH5BAEKAAEALAAAAAABAAEAAAICTAEAOw==\" data-orig-src=\"https:\/\/lh6.googleusercontent.com\/-J6UV1Qc1mUI\/VL9bN6j57MI\/AAAAAAAALAA\/G3QurjIRcZU\/w448-h252-no\/21%2B(Custom).jpg\" \/><img decoding=\"async\" class=\"lazyload HAa Eha\" style=\"border-width: 1px; border-style: solid; margin: 10px auto; display: block;\" alt=\"\" src=\"data:image\/gif;base64,R0lGODlhAQABAAAAACH5BAEKAAEALAAAAAABAAEAAAICTAEAOw==\" data-orig-src=\"https:\/\/lh3.googleusercontent.com\/-DIXM4c1KePM\/VL9bOxIarbI\/AAAAAAAALAQ\/dBFjcj_sVyU\/w448-h252-no\/22.JPG\" \/><\/p>\n","protected":false},"excerpt":{"rendered":"<p>&nbsp;&nbsp;&nbsp; Thousands of Orthodox believers in Tirana participated in the services and events of Great and Holy Week 2009 which majestically culminated in the triumph of the Resurrection.&nbsp; The faithful attended the services in the Annunciation Church where Archbishop Anastasios gave daily sermons and spiritual advice. &nbsp;&nbsp;&nbsp; So many people came this year that the faithful were reminded of the years after Communism when the<\/p>\n","protected":false},"author":7,"featured_media":0,"comment_status":"open","ping_status":"open","sticky":false,"template":"","format":"standard","meta":{"_acf_changed":false,"pagelayer_contact_templates":[],"_pagelayer_content":"","inline_featured_image":false,"fifu_image_url":"","fifu_image_alt":"","footnotes":""},"categories":[1455,311],"tags":[1125,1768,1816],"class_list":["post-327","post","type-post","status-publish","format-standard","hentry","category-news-en","category-news-d25","tag-2009-en","tag-kryepiskopi-anastas-en","tag-pashke-en"],"acf":[],"yoast_head":"<!-- This site is optimized with the Yoast SEO plugin v27.2 - https:\/\/yoast.com\/product\/yoast-seo-wordpress\/ -->\n<title>Celebration of Pascha in Tirana. (April 2009) - Kisha Orthodh\u03bfkse Autoqefale e Shqip\u00ebris\u00eb<\/title>\n<meta name=\"robots\" content=\"index, follow, max-snippet:-1, max-image-preview:large, max-video-preview:-1\" \/>\n<link rel=\"canonical\" href=\"https:\/\/orthodoxalbania.org\/2020\/en\/2009\/03\/19\/celebration-of-pascha-in-tirana-2009\/\" \/>\n<meta property=\"og:locale\" content=\"en_US\" \/>\n<meta property=\"og:type\" content=\"article\" \/>\n<meta property=\"og:title\" content=\"Celebration of Pascha in Tirana. (April 2009) - Kisha Orthodh\u03bfkse Autoqefale e Shqip\u00ebris\u00eb\" \/>\n<meta property=\"og:description\" content=\"&nbsp;&nbsp;&nbsp; Thousands of Orthodox believers in Tirana participated in the services and events of Great and Holy Week 2009 which majestically culminated in the triumph of the Resurrection.&nbsp; The faithful attended the services in the Annunciation Church where Archbishop Anastasios gave daily sermons and spiritual advice. &nbsp;&nbsp;&nbsp; So many people came this year that the faithful were reminded of the years after Communism when the\" \/>\n<meta property=\"og:url\" content=\"https:\/\/orthodoxalbania.org\/2020\/en\/2009\/03\/19\/celebration-of-pascha-in-tirana-2009\/\" \/>\n<meta property=\"og:site_name\" content=\"Kisha Orthodh\u03bfkse Autoqefale e Shqip\u00ebris\u00eb\" \/>\n<meta property=\"article:publisher\" content=\"https:\/\/www.facebook.com\/koash1991\" \/>\n<meta property=\"article:published_time\" content=\"2009-03-19T00:00:08+00:00\" \/>\n<meta property=\"article:modified_time\" content=\"2020-04-12T22:31:16+00:00\" \/>\n<meta property=\"og:image\" content=\"https:\/\/lh6.googleusercontent.com\/-QmpgAC9o63g\/VJP9TvssL6I\/AAAAAAAAI_s\/c7s_oGQMW6M\/w448-h298-no\/1+(Custom).JPG\" \/>\n<meta name=\"author\" content=\"Kisha Orthodhokse\" \/>\n<meta name=\"twitter:card\" content=\"summary_large_image\" \/>\n<meta name=\"twitter:label1\" content=\"Written by\" \/>\n\t<meta name=\"twitter:data1\" content=\"Kisha Orthodhokse\" \/>\n\t<meta name=\"twitter:label2\" content=\"Est. reading time\" \/>\n\t<meta name=\"twitter:data2\" content=\"3 minutes\" \/>\n<script type=\"application\/ld+json\" class=\"yoast-schema-graph\">{\"@context\":\"https:\/\/schema.org\",\"@graph\":[{\"@type\":\"Article\",\"@id\":\"https:\/\/orthodoxalbania.org\/2020\/en\/2009\/03\/19\/celebration-of-pascha-in-tirana-2009\/#article\",\"isPartOf\":{\"@id\":\"https:\/\/orthodoxalbania.org\/2020\/en\/2009\/03\/19\/celebration-of-pascha-in-tirana-2009\/\"},\"author\":{\"name\":\"Kisha Orthodhokse\",\"@id\":\"https:\/\/orthodoxalbania.org\/2020\/#\/schema\/person\/df745f942b70e045b3dc05a30211f0de\"},\"headline\":\"Celebration of Pascha in Tirana. (April 2009)\",\"datePublished\":\"2009-03-19T00:00:08+00:00\",\"dateModified\":\"2020-04-12T22:31:16+00:00\",\"mainEntityOfPage\":{\"@id\":\"https:\/\/orthodoxalbania.org\/2020\/en\/2009\/03\/19\/celebration-of-pascha-in-tirana-2009\/\"},\"wordCount\":696,\"commentCount\":0,\"publisher\":{\"@id\":\"https:\/\/orthodoxalbania.org\/2020\/#organization\"},\"image\":{\"@id\":\"https:\/\/orthodoxalbania.org\/2020\/en\/2009\/03\/19\/celebration-of-pascha-in-tirana-2009\/#primaryimage\"},\"thumbnailUrl\":\"https:\/\/lh6.googleusercontent.com\/-QmpgAC9o63g\/VJP9TvssL6I\/AAAAAAAAI_s\/c7s_oGQMW6M\/w448-h298-no\/1+(Custom).JPG\",\"keywords\":[\"2009\",\"Kryepiskopi Anastas\",\"Pashk\u00eb\"],\"articleSection\":[\"News - \u0395\u039d\",\"News old page\"],\"inLanguage\":\"en-US\"},{\"@type\":\"WebPage\",\"@id\":\"https:\/\/orthodoxalbania.org\/2020\/en\/2009\/03\/19\/celebration-of-pascha-in-tirana-2009\/\",\"url\":\"https:\/\/orthodoxalbania.org\/2020\/en\/2009\/03\/19\/celebration-of-pascha-in-tirana-2009\/\",\"name\":\"Celebration of Pascha in Tirana. (April 2009) - Kisha Orthodh\u03bfkse Autoqefale e Shqip\u00ebris\u00eb\",\"isPartOf\":{\"@id\":\"https:\/\/orthodoxalbania.org\/2020\/#website\"},\"primaryImageOfPage\":{\"@id\":\"https:\/\/orthodoxalbania.org\/2020\/en\/2009\/03\/19\/celebration-of-pascha-in-tirana-2009\/#primaryimage\"},\"image\":{\"@id\":\"https:\/\/orthodoxalbania.org\/2020\/en\/2009\/03\/19\/celebration-of-pascha-in-tirana-2009\/#primaryimage\"},\"thumbnailUrl\":\"https:\/\/lh6.googleusercontent.com\/-QmpgAC9o63g\/VJP9TvssL6I\/AAAAAAAAI_s\/c7s_oGQMW6M\/w448-h298-no\/1+(Custom).JPG\",\"datePublished\":\"2009-03-19T00:00:08+00:00\",\"dateModified\":\"2020-04-12T22:31:16+00:00\",\"breadcrumb\":{\"@id\":\"https:\/\/orthodoxalbania.org\/2020\/en\/2009\/03\/19\/celebration-of-pascha-in-tirana-2009\/#breadcrumb\"},\"inLanguage\":\"en-US\",\"potentialAction\":[{\"@type\":\"ReadAction\",\"target\":[\"https:\/\/orthodoxalbania.org\/2020\/en\/2009\/03\/19\/celebration-of-pascha-in-tirana-2009\/\"]}]},{\"@type\":\"ImageObject\",\"inLanguage\":\"en-US\",\"@id\":\"https:\/\/orthodoxalbania.org\/2020\/en\/2009\/03\/19\/celebration-of-pascha-in-tirana-2009\/#primaryimage\",\"url\":\"https:\/\/lh6.googleusercontent.com\/-QmpgAC9o63g\/VJP9TvssL6I\/AAAAAAAAI_s\/c7s_oGQMW6M\/w448-h298-no\/1+(Custom).JPG\",\"contentUrl\":\"https:\/\/lh6.googleusercontent.com\/-QmpgAC9o63g\/VJP9TvssL6I\/AAAAAAAAI_s\/c7s_oGQMW6M\/w448-h298-no\/1+(Custom).JPG\"},{\"@type\":\"BreadcrumbList\",\"@id\":\"https:\/\/orthodoxalbania.org\/2020\/en\/2009\/03\/19\/celebration-of-pascha-in-tirana-2009\/#breadcrumb\",\"itemListElement\":[{\"@type\":\"ListItem\",\"position\":1,\"name\":\"Home\",\"item\":\"https:\/\/orthodoxalbania.org\/2020\/\"},{\"@type\":\"ListItem\",\"position\":2,\"name\":\"Celebration of Pascha in Tirana. (April 2009)\"}]},{\"@type\":\"WebSite\",\"@id\":\"https:\/\/orthodoxalbania.org\/2020\/#website\",\"url\":\"https:\/\/orthodoxalbania.org\/2020\/\",\"name\":\"Kisha Orthodh\u03bfkse Autoqefale e Shqip\u00ebris\u00eb\",\"description\":\"Fqja Zyrtare e Kish\u00ebs Orthodhokse Autoqefale e Shqip\u00ebris\u00eb me lajmet edhe informacionet zyrtare p\u00ebr struktur\u00ebn edhe veprimtarin e saj.\",\"publisher\":{\"@id\":\"https:\/\/orthodoxalbania.org\/2020\/#organization\"},\"potentialAction\":[{\"@type\":\"SearchAction\",\"target\":{\"@type\":\"EntryPoint\",\"urlTemplate\":\"https:\/\/orthodoxalbania.org\/2020\/?s={search_term_string}\"},\"query-input\":{\"@type\":\"PropertyValueSpecification\",\"valueRequired\":true,\"valueName\":\"search_term_string\"}}],\"inLanguage\":\"en-US\"},{\"@type\":\"Organization\",\"@id\":\"https:\/\/orthodoxalbania.org\/2020\/#organization\",\"name\":\"Kisha Orthodhokse Autoqefale e Shqip\u00ebris\u00eb\",\"url\":\"https:\/\/orthodoxalbania.org\/2020\/\",\"logo\":{\"@type\":\"ImageObject\",\"inLanguage\":\"en-US\",\"@id\":\"https:\/\/orthodoxalbania.org\/2020\/#\/schema\/logo\/image\/\",\"url\":\"https:\/\/orthodoxalbania.org\/2020\/wp-content\/uploads\/2020\/05\/albania.jpeg\",\"contentUrl\":\"https:\/\/orthodoxalbania.org\/2020\/wp-content\/uploads\/2020\/05\/albania.jpeg\",\"width\":540,\"height\":540,\"caption\":\"Kisha Orthodhokse Autoqefale e Shqip\u00ebris\u00eb\"},\"image\":{\"@id\":\"https:\/\/orthodoxalbania.org\/2020\/#\/schema\/logo\/image\/\"},\"sameAs\":[\"https:\/\/www.facebook.com\/koash1991\"]},{\"@type\":\"Person\",\"@id\":\"https:\/\/orthodoxalbania.org\/2020\/#\/schema\/person\/df745f942b70e045b3dc05a30211f0de\",\"name\":\"Kisha Orthodhokse\",\"image\":{\"@type\":\"ImageObject\",\"inLanguage\":\"en-US\",\"@id\":\"https:\/\/secure.gravatar.com\/avatar\/2676eb8d97178435c9f691a7871595a1da6c33542dec218bce40885573150e28?s=96&d=mm&r=g\",\"url\":\"https:\/\/secure.gravatar.com\/avatar\/2676eb8d97178435c9f691a7871595a1da6c33542dec218bce40885573150e28?s=96&d=mm&r=g\",\"contentUrl\":\"https:\/\/secure.gravatar.com\/avatar\/2676eb8d97178435c9f691a7871595a1da6c33542dec218bce40885573150e28?s=96&d=mm&r=g\",\"caption\":\"Kisha Orthodhokse\"}}]}<\/script>\n<!-- \/ Yoast SEO plugin. -->","yoast_head_json":{"title":"Celebration of Pascha in Tirana. (April 2009) - Kisha Orthodh\u03bfkse Autoqefale e Shqip\u00ebris\u00eb","robots":{"index":"index","follow":"follow","max-snippet":"max-snippet:-1","max-image-preview":"max-image-preview:large","max-video-preview":"max-video-preview:-1"},"canonical":"https:\/\/orthodoxalbania.org\/2020\/en\/2009\/03\/19\/celebration-of-pascha-in-tirana-2009\/","og_locale":"en_US","og_type":"article","og_title":"Celebration of Pascha in Tirana. (April 2009) - Kisha Orthodh\u03bfkse Autoqefale e Shqip\u00ebris\u00eb","og_description":"&nbsp;&nbsp;&nbsp; Thousands of Orthodox believers in Tirana participated in the services and events of Great and Holy Week 2009 which majestically culminated in the triumph of the Resurrection.&nbsp; The faithful attended the services in the Annunciation Church where Archbishop Anastasios gave daily sermons and spiritual advice. &nbsp;&nbsp;&nbsp; So many people came this year that the faithful were reminded of the years after Communism when the","og_url":"https:\/\/orthodoxalbania.org\/2020\/en\/2009\/03\/19\/celebration-of-pascha-in-tirana-2009\/","og_site_name":"Kisha Orthodh\u03bfkse Autoqefale e Shqip\u00ebris\u00eb","article_publisher":"https:\/\/www.facebook.com\/koash1991","article_published_time":"2009-03-19T00:00:08+00:00","article_modified_time":"2020-04-12T22:31:16+00:00","og_image":[{"url":"https:\/\/lh6.googleusercontent.com\/-QmpgAC9o63g\/VJP9TvssL6I\/AAAAAAAAI_s\/c7s_oGQMW6M\/w448-h298-no\/1+(Custom).JPG","type":"","width":"","height":""}],"author":"Kisha Orthodhokse","twitter_card":"summary_large_image","twitter_misc":{"Written by":"Kisha Orthodhokse","Est. reading time":"3 minutes"},"schema":{"@context":"https:\/\/schema.org","@graph":[{"@type":"Article","@id":"https:\/\/orthodoxalbania.org\/2020\/en\/2009\/03\/19\/celebration-of-pascha-in-tirana-2009\/#article","isPartOf":{"@id":"https:\/\/orthodoxalbania.org\/2020\/en\/2009\/03\/19\/celebration-of-pascha-in-tirana-2009\/"},"author":{"name":"Kisha Orthodhokse","@id":"https:\/\/orthodoxalbania.org\/2020\/#\/schema\/person\/df745f942b70e045b3dc05a30211f0de"},"headline":"Celebration of Pascha in Tirana. (April 2009)","datePublished":"2009-03-19T00:00:08+00:00","dateModified":"2020-04-12T22:31:16+00:00","mainEntityOfPage":{"@id":"https:\/\/orthodoxalbania.org\/2020\/en\/2009\/03\/19\/celebration-of-pascha-in-tirana-2009\/"},"wordCount":696,"commentCount":0,"publisher":{"@id":"https:\/\/orthodoxalbania.org\/2020\/#organization"},"image":{"@id":"https:\/\/orthodoxalbania.org\/2020\/en\/2009\/03\/19\/celebration-of-pascha-in-tirana-2009\/#primaryimage"},"thumbnailUrl":"https:\/\/lh6.googleusercontent.com\/-QmpgAC9o63g\/VJP9TvssL6I\/AAAAAAAAI_s\/c7s_oGQMW6M\/w448-h298-no\/1+(Custom).JPG","keywords":["2009","Kryepiskopi Anastas","Pashk\u00eb"],"articleSection":["News - \u0395\u039d","News old page"],"inLanguage":"en-US"},{"@type":"WebPage","@id":"https:\/\/orthodoxalbania.org\/2020\/en\/2009\/03\/19\/celebration-of-pascha-in-tirana-2009\/","url":"https:\/\/orthodoxalbania.org\/2020\/en\/2009\/03\/19\/celebration-of-pascha-in-tirana-2009\/","name":"Celebration of Pascha in Tirana. (April 2009) - Kisha Orthodh\u03bfkse Autoqefale e Shqip\u00ebris\u00eb","isPartOf":{"@id":"https:\/\/orthodoxalbania.org\/2020\/#website"},"primaryImageOfPage":{"@id":"https:\/\/orthodoxalbania.org\/2020\/en\/2009\/03\/19\/celebration-of-pascha-in-tirana-2009\/#primaryimage"},"image":{"@id":"https:\/\/orthodoxalbania.org\/2020\/en\/2009\/03\/19\/celebration-of-pascha-in-tirana-2009\/#primaryimage"},"thumbnailUrl":"https:\/\/lh6.googleusercontent.com\/-QmpgAC9o63g\/VJP9TvssL6I\/AAAAAAAAI_s\/c7s_oGQMW6M\/w448-h298-no\/1+(Custom).JPG","datePublished":"2009-03-19T00:00:08+00:00","dateModified":"2020-04-12T22:31:16+00:00","breadcrumb":{"@id":"https:\/\/orthodoxalbania.org\/2020\/en\/2009\/03\/19\/celebration-of-pascha-in-tirana-2009\/#breadcrumb"},"inLanguage":"en-US","potentialAction":[{"@type":"ReadAction","target":["https:\/\/orthodoxalbania.org\/2020\/en\/2009\/03\/19\/celebration-of-pascha-in-tirana-2009\/"]}]},{"@type":"ImageObject","inLanguage":"en-US","@id":"https:\/\/orthodoxalbania.org\/2020\/en\/2009\/03\/19\/celebration-of-pascha-in-tirana-2009\/#primaryimage","url":"https:\/\/lh6.googleusercontent.com\/-QmpgAC9o63g\/VJP9TvssL6I\/AAAAAAAAI_s\/c7s_oGQMW6M\/w448-h298-no\/1+(Custom).JPG","contentUrl":"https:\/\/lh6.googleusercontent.com\/-QmpgAC9o63g\/VJP9TvssL6I\/AAAAAAAAI_s\/c7s_oGQMW6M\/w448-h298-no\/1+(Custom).JPG"},{"@type":"BreadcrumbList","@id":"https:\/\/orthodoxalbania.org\/2020\/en\/2009\/03\/19\/celebration-of-pascha-in-tirana-2009\/#breadcrumb","itemListElement":[{"@type":"ListItem","position":1,"name":"Home","item":"https:\/\/orthodoxalbania.org\/2020\/"},{"@type":"ListItem","position":2,"name":"Celebration of Pascha in Tirana. (April 2009)"}]},{"@type":"WebSite","@id":"https:\/\/orthodoxalbania.org\/2020\/#website","url":"https:\/\/orthodoxalbania.org\/2020\/","name":"Kisha Orthodh\u03bfkse Autoqefale e Shqip\u00ebris\u00eb","description":"Fqja Zyrtare e Kish\u00ebs Orthodhokse Autoqefale e Shqip\u00ebris\u00eb me lajmet edhe informacionet zyrtare p\u00ebr struktur\u00ebn edhe veprimtarin e saj.","publisher":{"@id":"https:\/\/orthodoxalbania.org\/2020\/#organization"},"potentialAction":[{"@type":"SearchAction","target":{"@type":"EntryPoint","urlTemplate":"https:\/\/orthodoxalbania.org\/2020\/?s={search_term_string}"},"query-input":{"@type":"PropertyValueSpecification","valueRequired":true,"valueName":"search_term_string"}}],"inLanguage":"en-US"},{"@type":"Organization","@id":"https:\/\/orthodoxalbania.org\/2020\/#organization","name":"Kisha Orthodhokse Autoqefale e Shqip\u00ebris\u00eb","url":"https:\/\/orthodoxalbania.org\/2020\/","logo":{"@type":"ImageObject","inLanguage":"en-US","@id":"https:\/\/orthodoxalbania.org\/2020\/#\/schema\/logo\/image\/","url":"https:\/\/orthodoxalbania.org\/2020\/wp-content\/uploads\/2020\/05\/albania.jpeg","contentUrl":"https:\/\/orthodoxalbania.org\/2020\/wp-content\/uploads\/2020\/05\/albania.jpeg","width":540,"height":540,"caption":"Kisha Orthodhokse Autoqefale e Shqip\u00ebris\u00eb"},"image":{"@id":"https:\/\/orthodoxalbania.org\/2020\/#\/schema\/logo\/image\/"},"sameAs":["https:\/\/www.facebook.com\/koash1991"]},{"@type":"Person","@id":"https:\/\/orthodoxalbania.org\/2020\/#\/schema\/person\/df745f942b70e045b3dc05a30211f0de","name":"Kisha Orthodhokse","image":{"@type":"ImageObject","inLanguage":"en-US","@id":"https:\/\/secure.gravatar.com\/avatar\/2676eb8d97178435c9f691a7871595a1da6c33542dec218bce40885573150e28?s=96&d=mm&r=g","url":"https:\/\/secure.gravatar.com\/avatar\/2676eb8d97178435c9f691a7871595a1da6c33542dec218bce40885573150e28?s=96&d=mm&r=g","contentUrl":"https:\/\/secure.gravatar.com\/avatar\/2676eb8d97178435c9f691a7871595a1da6c33542dec218bce40885573150e28?s=96&d=mm&r=g","caption":"Kisha Orthodhokse"}}]}},"_links":{"self":[{"href":"https:\/\/orthodoxalbania.org\/2020\/wp-json\/wp\/v2\/posts\/327","targetHints":{"allow":["GET"]}}],"collection":[{"href":"https:\/\/orthodoxalbania.org\/2020\/wp-json\/wp\/v2\/posts"}],"about":[{"href":"https:\/\/orthodoxalbania.org\/2020\/wp-json\/wp\/v2\/types\/post"}],"author":[{"embeddable":true,"href":"https:\/\/orthodoxalbania.org\/2020\/wp-json\/wp\/v2\/users\/7"}],"replies":[{"embeddable":true,"href":"https:\/\/orthodoxalbania.org\/2020\/wp-json\/wp\/v2\/comments?post=327"}],"version-history":[{"count":1,"href":"https:\/\/orthodoxalbania.org\/2020\/wp-json\/wp\/v2\/posts\/327\/revisions"}],"predecessor-version":[{"id":17967,"href":"https:\/\/orthodoxalbania.org\/2020\/wp-json\/wp\/v2\/posts\/327\/revisions\/17967"}],"wp:attachment":[{"href":"https:\/\/orthodoxalbania.org\/2020\/wp-json\/wp\/v2\/media?parent=327"}],"wp:term":[{"taxonomy":"category","embeddable":true,"href":"https:\/\/orthodoxalbania.org\/2020\/wp-json\/wp\/v2\/categories?post=327"},{"taxonomy":"post_tag","embeddable":true,"href":"https:\/\/orthodoxalbania.org\/2020\/wp-json\/wp\/v2\/tags?post=327"}],"curies":[{"name":"wp","href":"https:\/\/api.w.org\/{rel}","templated":true}]}}