{"id":321,"date":"2013-03-21T12:26:17","date_gmt":"2013-03-21T12:26:17","guid":{"rendered":""},"modified":"2020-04-06T22:05:56","modified_gmt":"2020-04-06T20:05:56","slug":"bullgari-fjeti-me-perendine-patriarku-maksim","status":"publish","type":"post","link":"https:\/\/orthodoxalbania.org\/2020\/2013\/03\/21\/bullgari-fjeti-me-perendine-patriarku-maksim\/","title":{"rendered":"Bullgari, Fjeti m\u00eb Per\u00ebndin\u00eb Patriarku Maksim. (6 N\u00ebntor 2012)"},"content":{"rendered":"<div style=\"text-align: justify;\"><span style=\"color: #000000; font-family: helvetica;\"><span style=\"font-size: 12px;\"><img class=\"lazyload\" decoding=\"async\" style=\"width: 300px; height: 197px; border-width: 1px; border-style: solid; margin: 10px; float: left;\" alt=\"\" src=\"data:image\/gif;base64,R0lGODlhAQABAAAAACH5BAEKAAEALAAAAAABAAEAAAICTAEAOw==\" data-orig-src=\"https:\/\/lh4.googleusercontent.com\/-FyBTQj4DSm4\/UK9Hew195eI\/AAAAAAAABMQ\/juMojJ9ZvXw\/s640\/njerezz.JPG\" \/><span style=\"font-size: 12pt;\"> &nbsp; &nbsp; T\u00eb mart\u00ebn, 6 n\u00ebntor 2012, fjeti m\u00eb Per\u00ebndin\u00eb Patriarku i Kish\u00ebs Orthodhokse t\u00eb Bullgaris\u00eb, Maksimi. Ai nd\u00ebrroi jet\u00eb n\u00eb spitalin ku ishte shtruar, n\u00eb t\u00eb cilin pak dit\u00eb m\u00eb par\u00eb kishte mbushur 98 vjet.&nbsp;Homazhet e dhe m\u00eb pas Sh\u00ebrbesa e Varrimit u kryen n\u00eb Katedralen qendrore t\u00eb Sh\u00ebn Aleksand\u00ebr Nevskit.. N\u00eb Sh\u00ebrbes\u00eb mor\u00ebn pjes\u00eb &nbsp;Sinodi i Shenjt\u00eb i Patriarkan\u00ebs Bullgare, klerik\u00eb t\u00eb shumt\u00eb, mij\u00ebra besimtar\u00eb, autoritete, personalitete etj. Mor\u00ebn pjes\u00eb edhe Patriarku Ekumenik Vartholomeu, Patriarku i Serbis\u00eb Irineu, Kryepiskopi i Greqis\u00eb Jeronimi etj. Kisha Orthodhokse Autoqefale e Shqip\u00ebris\u00eb &nbsp;u p\u00ebrfaq\u00ebsua nga Kryepiskopi i Tiran\u00ebs dhe i gjith\u00eb Shqip\u00ebris\u00eb, Anastasi, i shoq\u00ebruar nga Episkopi i Kruj\u00ebs, Hir\u00ebsia e Tij Andoni. Trupi i Patriarkut Maksim u vendos m\u00eb pas n\u00eb manastirin e njohur t\u00eb Troyanit pran\u00eb fshatit t\u00eb tij t\u00eb lindjes<\/span><\/span><\/span><\/div>\n<div style=\"text-align: justify;\"><span style=\"color: #000000; font-family: helvetica; font-size: 12pt;\"> &nbsp; &nbsp; Fortlumturia e Tij, Patriarku &nbsp;i Bullgaris\u00eb Maksimi (Marin Naydenov Minkov), u lind m\u00eb 29 tetor t\u00eb vitit 1914, n\u00eb fshatin Oresak. N\u00eb mosh\u00ebn 27-vje\u00e7are u qeth murg n\u00eb manastirin e fshatit t\u00eb tij. Studioi Teologji n\u00eb Universitetin e Sofjes, nd\u00ebrsa n\u00eb &nbsp;vitin 1944 u dor\u00ebzua prift dhe m\u00eb 1947 mori titullin arqimandrit. Nga viti 1950 deri n\u00eb vitin 1955 sh\u00ebrbeu si drejtues &nbsp;i metoqit t\u00eb Patriarkan\u00ebs Bullgare n\u00eb Mosk\u00eb. M\u00eb 30 dhjetor 1956 u hirotonis episkop titullar &nbsp;i Branic\u00ebs. M\u00eb 30 tetor 1960 u zgjodh Mitropolit &nbsp;i Lovech-it. Nd\u00ebrsa m\u00eb 4 korrik 1971 u zgjodh Mitropolit &nbsp;i Sofjes dhe Patriark i Bullgaris\u00eb.<\/span><\/div>\n<div style=\"text-align: right;\"><span style=\"color: #000000; font-family: helvetica; font-size: 12pt;\"><strong>Thoma Dhima<\/strong><\/span><\/div>\n<div style=\"text-align: right;\"><span style=\"font-family: helvetica; font-size: 12pt;\"><\/span><\/div>\n<div style=\"text-align: right;\"><span style=\"font-family: helvetica; font-size: 12pt;\"><\/span><\/div>\n<div><span style=\"color: #000000; font-family: helvetica; font-size: 12pt;\"><img class=\"lazyload\" decoding=\"async\" style=\"width: 600px; height: 684px; border-width: 1px; border-style: solid; margin: 10px; float: left;\" alt=\"\" src=\"data:image\/gif;base64,R0lGODlhAQABAAAAACH5BAEKAAEALAAAAAABAAEAAAICTAEAOw==\" data-orig-src=\"https:\/\/lh5.googleusercontent.com\/--HivAu1yDzo\/UK9HdhC70AI\/AAAAAAAABME\/e96Ekn1tFmg\/s471\/maximi.JPG\" \/><\/span><\/div>\n<div><span style=\"color: #000000; font-family: helvetica; font-size: 12pt;\"><img class=\"lazyload\" decoding=\"async\" style=\"width: 600px; height: 398px; border-width: 1px; border-style: solid; margin: 10px; float: left;\" alt=\"\" src=\"data:image\/gif;base64,R0lGODlhAQABAAAAACH5BAEKAAEALAAAAAABAAEAAAICTAEAOw==\" data-orig-src=\"https:\/\/lh6.googleusercontent.com\/-G6w7Zkf0v7I\/UK9He2rrZsI\/AAAAAAAABMM\/4_x4wcGbvy8\/s500\/patriku.JPG\" \/><\/span><\/div>\n<div><span style=\"font-family: helvetica; font-size: 12pt;\"><\/span><\/div>\n","protected":false},"excerpt":{"rendered":"<p>&nbsp; &nbsp; T\u00eb mart\u00ebn, 6 n\u00ebntor 2012, fjeti m\u00eb Per\u00ebndin\u00eb Patriarku i Kish\u00ebs Orthodhokse t\u00eb Bullgaris\u00eb, Maksimi. Ai nd\u00ebrroi jet\u00eb n\u00eb spitalin ku ishte shtruar, n\u00eb t\u00eb cilin pak dit\u00eb m\u00eb par\u00eb kishte mbushur 98 vjet.&nbsp;Homazhet e dhe m\u00eb pas Sh\u00ebrbesa e Varrimit u kryen n\u00eb Katedralen qendrore t\u00eb Sh\u00ebn Aleksand\u00ebr Nevskit.. N\u00eb Sh\u00ebrbes\u00eb mor\u00ebn pjes\u00eb &nbsp;Sinodi i Shenjt\u00eb i Patriarkan\u00ebs Bullgare, klerik\u00eb t\u00eb shumt\u00eb,<\/p>\n","protected":false},"author":1,"featured_media":0,"comment_status":"open","ping_status":"open","sticky":false,"template":"","format":"standard","meta":{"_acf_changed":false,"pagelayer_contact_templates":[],"_pagelayer_content":"","inline_featured_image":false,"fifu_image_url":"","fifu_image_alt":"","footnotes":""},"categories":[108],"tags":[142,204,196,212,205],"class_list":["post-321","post","type-post","status-publish","format-standard","hentry","category-lajme","tag-142","tag-204","tag-tirane","tag-lajme-d27","tag-sinodi-i-shenjte-dhe-i-madh"],"acf":[],"yoast_head":"<!-- This site is optimized with the Yoast SEO plugin v27.2 - https:\/\/yoast.com\/product\/yoast-seo-wordpress\/ -->\n<title>Bullgari, Fjeti m\u00eb Per\u00ebndin\u00eb Patriarku Maksim. (6 N\u00ebntor 2012) - Kisha Orthodh\u03bfkse Autoqefale e Shqip\u00ebris\u00eb<\/title>\n<meta name=\"robots\" content=\"index, follow, max-snippet:-1, max-image-preview:large, max-video-preview:-1\" \/>\n<link rel=\"canonical\" href=\"https:\/\/orthodoxalbania.org\/2020\/2013\/03\/21\/bullgari-fjeti-me-perendine-patriarku-maksim\/\" \/>\n<meta property=\"og:locale\" content=\"en_US\" \/>\n<meta property=\"og:type\" content=\"article\" \/>\n<meta property=\"og:title\" content=\"Bullgari, Fjeti m\u00eb Per\u00ebndin\u00eb Patriarku Maksim. (6 N\u00ebntor 2012) - Kisha Orthodh\u03bfkse Autoqefale e Shqip\u00ebris\u00eb\" \/>\n<meta property=\"og:description\" content=\"&nbsp; &nbsp; T\u00eb mart\u00ebn, 6 n\u00ebntor 2012, fjeti m\u00eb Per\u00ebndin\u00eb Patriarku i Kish\u00ebs Orthodhokse t\u00eb Bullgaris\u00eb, Maksimi. Ai nd\u00ebrroi jet\u00eb n\u00eb spitalin ku ishte shtruar, n\u00eb t\u00eb cilin pak dit\u00eb m\u00eb par\u00eb kishte mbushur 98 vjet.&nbsp;Homazhet e dhe m\u00eb pas Sh\u00ebrbesa e Varrimit u kryen n\u00eb Katedralen qendrore t\u00eb Sh\u00ebn Aleksand\u00ebr Nevskit.. N\u00eb Sh\u00ebrbes\u00eb mor\u00ebn pjes\u00eb &nbsp;Sinodi i Shenjt\u00eb i Patriarkan\u00ebs Bullgare, klerik\u00eb t\u00eb shumt\u00eb,\" \/>\n<meta property=\"og:url\" content=\"https:\/\/orthodoxalbania.org\/2020\/2013\/03\/21\/bullgari-fjeti-me-perendine-patriarku-maksim\/\" \/>\n<meta property=\"og:site_name\" content=\"Kisha Orthodh\u03bfkse Autoqefale e Shqip\u00ebris\u00eb\" \/>\n<meta property=\"article:publisher\" content=\"https:\/\/www.facebook.com\/koash1991\" \/>\n<meta property=\"article:published_time\" content=\"2013-03-21T12:26:17+00:00\" \/>\n<meta property=\"article:modified_time\" content=\"2020-04-06T20:05:56+00:00\" \/>\n<meta property=\"og:image\" content=\"https:\/\/lh4.googleusercontent.com\/-FyBTQj4DSm4\/UK9Hew195eI\/AAAAAAAABMQ\/juMojJ9ZvXw\/s640\/njerezz.JPG\" \/>\n<meta name=\"author\" content=\"Kisha Orthodhokse\" \/>\n<meta name=\"twitter:card\" content=\"summary_large_image\" \/>\n<meta name=\"twitter:label1\" content=\"Written by\" \/>\n\t<meta name=\"twitter:data1\" content=\"Kisha Orthodhokse\" \/>\n\t<meta name=\"twitter:label2\" content=\"Est. reading time\" \/>\n\t<meta name=\"twitter:data2\" content=\"1 minute\" \/>\n<script type=\"application\/ld+json\" class=\"yoast-schema-graph\">{\"@context\":\"https:\/\/schema.org\",\"@graph\":[{\"@type\":\"Article\",\"@id\":\"https:\/\/orthodoxalbania.org\/2020\/2013\/03\/21\/bullgari-fjeti-me-perendine-patriarku-maksim\/#article\",\"isPartOf\":{\"@id\":\"https:\/\/orthodoxalbania.org\/2020\/2013\/03\/21\/bullgari-fjeti-me-perendine-patriarku-maksim\/\"},\"author\":{\"name\":\"Kisha Orthodhokse\",\"@id\":\"https:\/\/orthodoxalbania.org\/2020\/#\/schema\/person\/0c387634a7063ac612d7ed9ce71c7e86\"},\"headline\":\"Bullgari, Fjeti m\u00eb Per\u00ebndin\u00eb Patriarku Maksim. (6 N\u00ebntor 2012)\",\"datePublished\":\"2013-03-21T12:26:17+00:00\",\"dateModified\":\"2020-04-06T20:05:56+00:00\",\"mainEntityOfPage\":{\"@id\":\"https:\/\/orthodoxalbania.org\/2020\/2013\/03\/21\/bullgari-fjeti-me-perendine-patriarku-maksim\/\"},\"wordCount\":270,\"commentCount\":0,\"publisher\":{\"@id\":\"https:\/\/orthodoxalbania.org\/2020\/#organization\"},\"image\":{\"@id\":\"https:\/\/orthodoxalbania.org\/2020\/2013\/03\/21\/bullgari-fjeti-me-perendine-patriarku-maksim\/#primaryimage\"},\"thumbnailUrl\":\"https:\/\/lh4.googleusercontent.com\/-FyBTQj4DSm4\/UK9Hew195eI\/AAAAAAAABMQ\/juMojJ9ZvXw\/s640\/njerezz.JPG\",\"keywords\":[\"2012\",\"2016\",\"Kryepiskopata Tiran\u00eb\",\"lajme\",\"Sinodi i Shenjt\u00eb dhe i Madh\"],\"articleSection\":[\"Lajme\"],\"inLanguage\":\"en-US\"},{\"@type\":\"WebPage\",\"@id\":\"https:\/\/orthodoxalbania.org\/2020\/2013\/03\/21\/bullgari-fjeti-me-perendine-patriarku-maksim\/\",\"url\":\"https:\/\/orthodoxalbania.org\/2020\/2013\/03\/21\/bullgari-fjeti-me-perendine-patriarku-maksim\/\",\"name\":\"Bullgari, Fjeti m\u00eb Per\u00ebndin\u00eb Patriarku Maksim. (6 N\u00ebntor 2012) - Kisha Orthodh\u03bfkse Autoqefale e Shqip\u00ebris\u00eb\",\"isPartOf\":{\"@id\":\"https:\/\/orthodoxalbania.org\/2020\/#website\"},\"primaryImageOfPage\":{\"@id\":\"https:\/\/orthodoxalbania.org\/2020\/2013\/03\/21\/bullgari-fjeti-me-perendine-patriarku-maksim\/#primaryimage\"},\"image\":{\"@id\":\"https:\/\/orthodoxalbania.org\/2020\/2013\/03\/21\/bullgari-fjeti-me-perendine-patriarku-maksim\/#primaryimage\"},\"thumbnailUrl\":\"https:\/\/lh4.googleusercontent.com\/-FyBTQj4DSm4\/UK9Hew195eI\/AAAAAAAABMQ\/juMojJ9ZvXw\/s640\/njerezz.JPG\",\"datePublished\":\"2013-03-21T12:26:17+00:00\",\"dateModified\":\"2020-04-06T20:05:56+00:00\",\"breadcrumb\":{\"@id\":\"https:\/\/orthodoxalbania.org\/2020\/2013\/03\/21\/bullgari-fjeti-me-perendine-patriarku-maksim\/#breadcrumb\"},\"inLanguage\":\"en-US\",\"potentialAction\":[{\"@type\":\"ReadAction\",\"target\":[\"https:\/\/orthodoxalbania.org\/2020\/2013\/03\/21\/bullgari-fjeti-me-perendine-patriarku-maksim\/\"]}]},{\"@type\":\"ImageObject\",\"inLanguage\":\"en-US\",\"@id\":\"https:\/\/orthodoxalbania.org\/2020\/2013\/03\/21\/bullgari-fjeti-me-perendine-patriarku-maksim\/#primaryimage\",\"url\":\"https:\/\/lh4.googleusercontent.com\/-FyBTQj4DSm4\/UK9Hew195eI\/AAAAAAAABMQ\/juMojJ9ZvXw\/s640\/njerezz.JPG\",\"contentUrl\":\"https:\/\/lh4.googleusercontent.com\/-FyBTQj4DSm4\/UK9Hew195eI\/AAAAAAAABMQ\/juMojJ9ZvXw\/s640\/njerezz.JPG\"},{\"@type\":\"BreadcrumbList\",\"@id\":\"https:\/\/orthodoxalbania.org\/2020\/2013\/03\/21\/bullgari-fjeti-me-perendine-patriarku-maksim\/#breadcrumb\",\"itemListElement\":[{\"@type\":\"ListItem\",\"position\":1,\"name\":\"Home\",\"item\":\"https:\/\/orthodoxalbania.org\/2020\/\"},{\"@type\":\"ListItem\",\"position\":2,\"name\":\"Bullgari, Fjeti m\u00eb Per\u00ebndin\u00eb Patriarku Maksim. (6 N\u00ebntor 2012)\"}]},{\"@type\":\"WebSite\",\"@id\":\"https:\/\/orthodoxalbania.org\/2020\/#website\",\"url\":\"https:\/\/orthodoxalbania.org\/2020\/\",\"name\":\"Kisha Orthodh\u03bfkse Autoqefale e Shqip\u00ebris\u00eb\",\"description\":\"Fqja Zyrtare e Kish\u00ebs Orthodhokse Autoqefale e Shqip\u00ebris\u00eb me lajmet edhe informacionet zyrtare p\u00ebr struktur\u00ebn edhe veprimtarin e saj.\",\"publisher\":{\"@id\":\"https:\/\/orthodoxalbania.org\/2020\/#organization\"},\"potentialAction\":[{\"@type\":\"SearchAction\",\"target\":{\"@type\":\"EntryPoint\",\"urlTemplate\":\"https:\/\/orthodoxalbania.org\/2020\/?s={search_term_string}\"},\"query-input\":{\"@type\":\"PropertyValueSpecification\",\"valueRequired\":true,\"valueName\":\"search_term_string\"}}],\"inLanguage\":\"en-US\"},{\"@type\":\"Organization\",\"@id\":\"https:\/\/orthodoxalbania.org\/2020\/#organization\",\"name\":\"Kisha Orthodhokse Autoqefale e Shqip\u00ebris\u00eb\",\"url\":\"https:\/\/orthodoxalbania.org\/2020\/\",\"logo\":{\"@type\":\"ImageObject\",\"inLanguage\":\"en-US\",\"@id\":\"https:\/\/orthodoxalbania.org\/2020\/#\/schema\/logo\/image\/\",\"url\":\"https:\/\/orthodoxalbania.org\/2020\/wp-content\/uploads\/2020\/05\/albania.jpeg\",\"contentUrl\":\"https:\/\/orthodoxalbania.org\/2020\/wp-content\/uploads\/2020\/05\/albania.jpeg\",\"width\":540,\"height\":540,\"caption\":\"Kisha Orthodhokse Autoqefale e Shqip\u00ebris\u00eb\"},\"image\":{\"@id\":\"https:\/\/orthodoxalbania.org\/2020\/#\/schema\/logo\/image\/\"},\"sameAs\":[\"https:\/\/www.facebook.com\/koash1991\"]},{\"@type\":\"Person\",\"@id\":\"https:\/\/orthodoxalbania.org\/2020\/#\/schema\/person\/0c387634a7063ac612d7ed9ce71c7e86\",\"name\":\"Kisha Orthodhokse\",\"image\":{\"@type\":\"ImageObject\",\"inLanguage\":\"en-US\",\"@id\":\"https:\/\/secure.gravatar.com\/avatar\/596e7c417251e30f2fbb9c00e026fce61a695a00e51c889caded71c96cbbdde5?s=96&d=mm&r=g\",\"url\":\"https:\/\/secure.gravatar.com\/avatar\/596e7c417251e30f2fbb9c00e026fce61a695a00e51c889caded71c96cbbdde5?s=96&d=mm&r=g\",\"contentUrl\":\"https:\/\/secure.gravatar.com\/avatar\/596e7c417251e30f2fbb9c00e026fce61a695a00e51c889caded71c96cbbdde5?s=96&d=mm&r=g\",\"caption\":\"Kisha Orthodhokse\"}}]}<\/script>\n<!-- \/ Yoast SEO plugin. -->","yoast_head_json":{"title":"Bullgari, Fjeti m\u00eb Per\u00ebndin\u00eb Patriarku Maksim. (6 N\u00ebntor 2012) - Kisha Orthodh\u03bfkse Autoqefale e Shqip\u00ebris\u00eb","robots":{"index":"index","follow":"follow","max-snippet":"max-snippet:-1","max-image-preview":"max-image-preview:large","max-video-preview":"max-video-preview:-1"},"canonical":"https:\/\/orthodoxalbania.org\/2020\/2013\/03\/21\/bullgari-fjeti-me-perendine-patriarku-maksim\/","og_locale":"en_US","og_type":"article","og_title":"Bullgari, Fjeti m\u00eb Per\u00ebndin\u00eb Patriarku Maksim. (6 N\u00ebntor 2012) - Kisha Orthodh\u03bfkse Autoqefale e Shqip\u00ebris\u00eb","og_description":"&nbsp; &nbsp; T\u00eb mart\u00ebn, 6 n\u00ebntor 2012, fjeti m\u00eb Per\u00ebndin\u00eb Patriarku i Kish\u00ebs Orthodhokse t\u00eb Bullgaris\u00eb, Maksimi. Ai nd\u00ebrroi jet\u00eb n\u00eb spitalin ku ishte shtruar, n\u00eb t\u00eb cilin pak dit\u00eb m\u00eb par\u00eb kishte mbushur 98 vjet.&nbsp;Homazhet e dhe m\u00eb pas Sh\u00ebrbesa e Varrimit u kryen n\u00eb Katedralen qendrore t\u00eb Sh\u00ebn Aleksand\u00ebr Nevskit.. N\u00eb Sh\u00ebrbes\u00eb mor\u00ebn pjes\u00eb &nbsp;Sinodi i Shenjt\u00eb i Patriarkan\u00ebs Bullgare, klerik\u00eb t\u00eb shumt\u00eb,","og_url":"https:\/\/orthodoxalbania.org\/2020\/2013\/03\/21\/bullgari-fjeti-me-perendine-patriarku-maksim\/","og_site_name":"Kisha Orthodh\u03bfkse Autoqefale e Shqip\u00ebris\u00eb","article_publisher":"https:\/\/www.facebook.com\/koash1991","article_published_time":"2013-03-21T12:26:17+00:00","article_modified_time":"2020-04-06T20:05:56+00:00","og_image":[{"url":"https:\/\/lh4.googleusercontent.com\/-FyBTQj4DSm4\/UK9Hew195eI\/AAAAAAAABMQ\/juMojJ9ZvXw\/s640\/njerezz.JPG","type":"","width":"","height":""}],"author":"Kisha Orthodhokse","twitter_card":"summary_large_image","twitter_misc":{"Written by":"Kisha Orthodhokse","Est. reading time":"1 minute"},"schema":{"@context":"https:\/\/schema.org","@graph":[{"@type":"Article","@id":"https:\/\/orthodoxalbania.org\/2020\/2013\/03\/21\/bullgari-fjeti-me-perendine-patriarku-maksim\/#article","isPartOf":{"@id":"https:\/\/orthodoxalbania.org\/2020\/2013\/03\/21\/bullgari-fjeti-me-perendine-patriarku-maksim\/"},"author":{"name":"Kisha Orthodhokse","@id":"https:\/\/orthodoxalbania.org\/2020\/#\/schema\/person\/0c387634a7063ac612d7ed9ce71c7e86"},"headline":"Bullgari, Fjeti m\u00eb Per\u00ebndin\u00eb Patriarku Maksim. (6 N\u00ebntor 2012)","datePublished":"2013-03-21T12:26:17+00:00","dateModified":"2020-04-06T20:05:56+00:00","mainEntityOfPage":{"@id":"https:\/\/orthodoxalbania.org\/2020\/2013\/03\/21\/bullgari-fjeti-me-perendine-patriarku-maksim\/"},"wordCount":270,"commentCount":0,"publisher":{"@id":"https:\/\/orthodoxalbania.org\/2020\/#organization"},"image":{"@id":"https:\/\/orthodoxalbania.org\/2020\/2013\/03\/21\/bullgari-fjeti-me-perendine-patriarku-maksim\/#primaryimage"},"thumbnailUrl":"https:\/\/lh4.googleusercontent.com\/-FyBTQj4DSm4\/UK9Hew195eI\/AAAAAAAABMQ\/juMojJ9ZvXw\/s640\/njerezz.JPG","keywords":["2012","2016","Kryepiskopata Tiran\u00eb","lajme","Sinodi i Shenjt\u00eb dhe i Madh"],"articleSection":["Lajme"],"inLanguage":"en-US"},{"@type":"WebPage","@id":"https:\/\/orthodoxalbania.org\/2020\/2013\/03\/21\/bullgari-fjeti-me-perendine-patriarku-maksim\/","url":"https:\/\/orthodoxalbania.org\/2020\/2013\/03\/21\/bullgari-fjeti-me-perendine-patriarku-maksim\/","name":"Bullgari, Fjeti m\u00eb Per\u00ebndin\u00eb Patriarku Maksim. (6 N\u00ebntor 2012) - Kisha Orthodh\u03bfkse Autoqefale e Shqip\u00ebris\u00eb","isPartOf":{"@id":"https:\/\/orthodoxalbania.org\/2020\/#website"},"primaryImageOfPage":{"@id":"https:\/\/orthodoxalbania.org\/2020\/2013\/03\/21\/bullgari-fjeti-me-perendine-patriarku-maksim\/#primaryimage"},"image":{"@id":"https:\/\/orthodoxalbania.org\/2020\/2013\/03\/21\/bullgari-fjeti-me-perendine-patriarku-maksim\/#primaryimage"},"thumbnailUrl":"https:\/\/lh4.googleusercontent.com\/-FyBTQj4DSm4\/UK9Hew195eI\/AAAAAAAABMQ\/juMojJ9ZvXw\/s640\/njerezz.JPG","datePublished":"2013-03-21T12:26:17+00:00","dateModified":"2020-04-06T20:05:56+00:00","breadcrumb":{"@id":"https:\/\/orthodoxalbania.org\/2020\/2013\/03\/21\/bullgari-fjeti-me-perendine-patriarku-maksim\/#breadcrumb"},"inLanguage":"en-US","potentialAction":[{"@type":"ReadAction","target":["https:\/\/orthodoxalbania.org\/2020\/2013\/03\/21\/bullgari-fjeti-me-perendine-patriarku-maksim\/"]}]},{"@type":"ImageObject","inLanguage":"en-US","@id":"https:\/\/orthodoxalbania.org\/2020\/2013\/03\/21\/bullgari-fjeti-me-perendine-patriarku-maksim\/#primaryimage","url":"https:\/\/lh4.googleusercontent.com\/-FyBTQj4DSm4\/UK9Hew195eI\/AAAAAAAABMQ\/juMojJ9ZvXw\/s640\/njerezz.JPG","contentUrl":"https:\/\/lh4.googleusercontent.com\/-FyBTQj4DSm4\/UK9Hew195eI\/AAAAAAAABMQ\/juMojJ9ZvXw\/s640\/njerezz.JPG"},{"@type":"BreadcrumbList","@id":"https:\/\/orthodoxalbania.org\/2020\/2013\/03\/21\/bullgari-fjeti-me-perendine-patriarku-maksim\/#breadcrumb","itemListElement":[{"@type":"ListItem","position":1,"name":"Home","item":"https:\/\/orthodoxalbania.org\/2020\/"},{"@type":"ListItem","position":2,"name":"Bullgari, Fjeti m\u00eb Per\u00ebndin\u00eb Patriarku Maksim. (6 N\u00ebntor 2012)"}]},{"@type":"WebSite","@id":"https:\/\/orthodoxalbania.org\/2020\/#website","url":"https:\/\/orthodoxalbania.org\/2020\/","name":"Kisha Orthodh\u03bfkse Autoqefale e Shqip\u00ebris\u00eb","description":"Fqja Zyrtare e Kish\u00ebs Orthodhokse Autoqefale e Shqip\u00ebris\u00eb me lajmet edhe informacionet zyrtare p\u00ebr struktur\u00ebn edhe veprimtarin e saj.","publisher":{"@id":"https:\/\/orthodoxalbania.org\/2020\/#organization"},"potentialAction":[{"@type":"SearchAction","target":{"@type":"EntryPoint","urlTemplate":"https:\/\/orthodoxalbania.org\/2020\/?s={search_term_string}"},"query-input":{"@type":"PropertyValueSpecification","valueRequired":true,"valueName":"search_term_string"}}],"inLanguage":"en-US"},{"@type":"Organization","@id":"https:\/\/orthodoxalbania.org\/2020\/#organization","name":"Kisha Orthodhokse Autoqefale e Shqip\u00ebris\u00eb","url":"https:\/\/orthodoxalbania.org\/2020\/","logo":{"@type":"ImageObject","inLanguage":"en-US","@id":"https:\/\/orthodoxalbania.org\/2020\/#\/schema\/logo\/image\/","url":"https:\/\/orthodoxalbania.org\/2020\/wp-content\/uploads\/2020\/05\/albania.jpeg","contentUrl":"https:\/\/orthodoxalbania.org\/2020\/wp-content\/uploads\/2020\/05\/albania.jpeg","width":540,"height":540,"caption":"Kisha Orthodhokse Autoqefale e Shqip\u00ebris\u00eb"},"image":{"@id":"https:\/\/orthodoxalbania.org\/2020\/#\/schema\/logo\/image\/"},"sameAs":["https:\/\/www.facebook.com\/koash1991"]},{"@type":"Person","@id":"https:\/\/orthodoxalbania.org\/2020\/#\/schema\/person\/0c387634a7063ac612d7ed9ce71c7e86","name":"Kisha Orthodhokse","image":{"@type":"ImageObject","inLanguage":"en-US","@id":"https:\/\/secure.gravatar.com\/avatar\/596e7c417251e30f2fbb9c00e026fce61a695a00e51c889caded71c96cbbdde5?s=96&d=mm&r=g","url":"https:\/\/secure.gravatar.com\/avatar\/596e7c417251e30f2fbb9c00e026fce61a695a00e51c889caded71c96cbbdde5?s=96&d=mm&r=g","contentUrl":"https:\/\/secure.gravatar.com\/avatar\/596e7c417251e30f2fbb9c00e026fce61a695a00e51c889caded71c96cbbdde5?s=96&d=mm&r=g","caption":"Kisha Orthodhokse"}}]}},"_links":{"self":[{"href":"https:\/\/orthodoxalbania.org\/2020\/wp-json\/wp\/v2\/posts\/321","targetHints":{"allow":["GET"]}}],"collection":[{"href":"https:\/\/orthodoxalbania.org\/2020\/wp-json\/wp\/v2\/posts"}],"about":[{"href":"https:\/\/orthodoxalbania.org\/2020\/wp-json\/wp\/v2\/types\/post"}],"author":[{"embeddable":true,"href":"https:\/\/orthodoxalbania.org\/2020\/wp-json\/wp\/v2\/users\/1"}],"replies":[{"embeddable":true,"href":"https:\/\/orthodoxalbania.org\/2020\/wp-json\/wp\/v2\/comments?post=321"}],"version-history":[{"count":1,"href":"https:\/\/orthodoxalbania.org\/2020\/wp-json\/wp\/v2\/posts\/321\/revisions"}],"predecessor-version":[{"id":15284,"href":"https:\/\/orthodoxalbania.org\/2020\/wp-json\/wp\/v2\/posts\/321\/revisions\/15284"}],"wp:attachment":[{"href":"https:\/\/orthodoxalbania.org\/2020\/wp-json\/wp\/v2\/media?parent=321"}],"wp:term":[{"taxonomy":"category","embeddable":true,"href":"https:\/\/orthodoxalbania.org\/2020\/wp-json\/wp\/v2\/categories?post=321"},{"taxonomy":"post_tag","embeddable":true,"href":"https:\/\/orthodoxalbania.org\/2020\/wp-json\/wp\/v2\/tags?post=321"}],"curies":[{"name":"wp","href":"https:\/\/api.w.org\/{rel}","templated":true}]}}