{"id":319,"date":"2006-02-26T00:00:11","date_gmt":"2006-02-26T00:00:11","guid":{"rendered":""},"modified":"2020-04-13T00:31:31","modified_gmt":"2020-04-12T22:31:31","slug":"boys-and-girls-camp-the-resurrection-of-christ-of-the-diocese-of-korca-in-the-beautiful-nature-of-voskopoja-august-2006","status":"publish","type":"post","link":"https:\/\/orthodoxalbania.org\/2020\/en\/2006\/02\/26\/boys-and-girls-camp-the-resurrection-of-christ-of-the-diocese-of-korca-in-the-beautiful-nature-of-voskopoja-august-2006\/","title":{"rendered":"Boys and girls camp, &#8220;The Resurrection of Christ&#8221;, of the diocese of Kor\u00e7a in the beautiful nature of Voskopoja. (August 2006)"},"content":{"rendered":"<table id=\"AutoNumber4\" border=\"0\">\n<tbody>\n<tr>\n<td>\n<p style=\"text-align: justify;\"><span style=\"color: #000000;\"><span style=\"font-family: tahoma,geneva,sans-serif;\"><span style=\"font-size: 12px;\">&nbsp;&nbsp;&nbsp; For the Glory of God with the blessing of His Eminence, Metropolitan John of Kor\u00e7a in the Holy Metropolis of Kor\u00e7a a youth camp &#8220;The Resurrection of Christ&#8221; was held near the monastery of Saint John the Baptist in Voskopoja. This camp in its eighth year is now a tradition and is financed by the National Youth Office in collaboration with the Youth Office of Kor\u00e7a.<\/span><\/span><\/span><\/p>\n<p style=\"text-align: justify;\"><span style=\"color: #000000;\"><span style=\"font-family: tahoma,geneva,sans-serif;\"><span style=\"font-size: 12px;\">&nbsp;&nbsp;&nbsp; From July 13 to July 22, 2006, the girls\u2019 camp was held with 54 people, 42 were campers and for most of them it was their first time in the camp. Father Viktor Konomi was the spiritual leader and the camp leaders were Varvara Bo\u00e7o and Anjeza Panolli.<\/span><\/span><\/span><\/p>\n<\/td>\n<td>\n<p><span style=\"color: #000000;\"><span style=\"font-family: tahoma,geneva,sans-serif;\"><span style=\"font-size: 12px;\">&nbsp;<img decoding=\"async\" class=\"lazyload HAa Eha\" style=\"border-width: 1px; border-style: solid; margin: 10px;\" alt=\"\" src=\"data:image\/gif;base64,R0lGODlhAQABAAAAACH5BAEKAAEALAAAAAABAAEAAAICTAEAOw==\" data-orig-src=\"https:\/\/lh3.googleusercontent.com\/-9SawGE6zJXk\/VIgC6CzFL3I\/AAAAAAAAFrg\/0XWzL_SiHPY\/w370-h277-no\/untitled1.jpg\" \/>&nbsp;&nbsp; <\/span><\/span><\/span><\/p>\n<\/td>\n<\/tr>\n<tr>\n<td>\n<p><span style=\"color: #000000;\"><span style=\"font-family: tahoma,geneva,sans-serif;\"><span style=\"font-size: 12px;\">&nbsp;&nbsp;&nbsp;&nbsp;&nbsp; <img decoding=\"async\" class=\"lazyload HAa Eha\" style=\"border-width: 1px; border-style: solid; margin: 10px;\" alt=\"\" src=\"data:image\/gif;base64,R0lGODlhAQABAAAAACH5BAEKAAEALAAAAAABAAEAAAICTAEAOw==\" data-orig-src=\"https:\/\/lh3.googleusercontent.com\/-3rLWRnAKZLw\/VIgC6kspDKI\/AAAAAAAAFrU\/b2IpLE-QjsQ\/w370-h277-no\/untitled2.jpg\" \/><\/span><\/span><\/span><\/p>\n<\/td>\n<td>\n<p><span style=\"color: #000000;\"><span style=\"font-family: tahoma,geneva,sans-serif;\"><span style=\"font-size: 12px;\">&nbsp;&nbsp;&nbsp;&nbsp;&nbsp;<\/span><\/span><\/span><\/p>\n<p style=\"text-align: justify;\"><span style=\"color: #000000;\"><span style=\"font-family: tahoma,geneva,sans-serif;\"><span style=\"font-size: 12px;\">&nbsp;&nbsp;&nbsp; While the boys\u2019 camp was held from July 22 to July 31, 2006 with 58 people, 45 of them were campers ages 13 &#8211; 16 years old. Father Konstandin Mujo was the spiritual leader and the camp leaders were Mihal Sonellari and Vangjel Qazimllari.<\/span><\/span><\/span><\/p>\n<p style=\"text-align: justify;\"><span style=\"color: #000000;\"><span style=\"font-family: tahoma,geneva,sans-serif;\"><span style=\"font-size: 12px;\">&nbsp;&nbsp;&nbsp; Students from the Theological Academy &#8220;The Resurrection of Christ&#8221; helped in both camps as well as male and female volunteers from the Orthodox Youth Group of Kor\u00e7a.<\/span><\/span><\/span><\/p>\n<\/td>\n<\/tr>\n<tr>\n<td>\n<p style=\"text-align: justify;\"><span style=\"color: #000000;\"><span style=\"font-family: tahoma,geneva,sans-serif;\"><span style=\"font-size: 12px;\">&nbsp;&nbsp;&nbsp; The main theme of this camp was &#8220;Living with God&#8221;. The main talks were related with the parables in the Gospel. Also, catechism lessons for the campers were organized. Some of the themes included the Nicene Creed, fasting, saints, icons, prayers and sacraments. Both boys and girls camps had a program full of games and different entertaining activities, also excursions to the sites and the churches of the area, which have much religious, historical, cultural and national values. A beautiful custom was the gathering around the campfire every evening. During the evening different talks were held.<\/span><\/span><\/span><\/p>\n<\/td>\n<td>\n<p><span style=\"color: #000000;\"><span style=\"font-family: tahoma,geneva,sans-serif;\"><span style=\"font-size: 12px;\"><img decoding=\"async\" class=\"lazyload HAa Eha\" style=\"border-width: 1px; border-style: solid; margin: 10px;\" alt=\"\" src=\"data:image\/gif;base64,R0lGODlhAQABAAAAACH5BAEKAAEALAAAAAABAAEAAAICTAEAOw==\" data-orig-src=\"https:\/\/lh4.googleusercontent.com\/-aSUygUi-Hfs\/VIgC67npEDI\/AAAAAAAAFrI\/PaS4D6sTO60\/w370-h277-no\/untitled3.jpg\" \/>&nbsp;&nbsp;&nbsp; <\/span><\/span><\/span><\/p>\n<\/td>\n<\/tr>\n<tr>\n<td>\n<p><span style=\"color: #000000;\"><span style=\"font-family: tahoma,geneva,sans-serif;\"><span style=\"font-size: 12px;\"><img decoding=\"async\" class=\"lazyload HAa Eha\" style=\"border-width: 1px; border-style: solid; margin: 10px;\" alt=\"\" src=\"data:image\/gif;base64,R0lGODlhAQABAAAAACH5BAEKAAEALAAAAAABAAEAAAICTAEAOw==\" data-orig-src=\"https:\/\/lh4.googleusercontent.com\/-eoiZdmHU1hY\/VIgC6P9yVQI\/AAAAAAAAFq0\/b8ZJmqRhhBY\/w370-h222-no\/popio.jpg\" \/>&nbsp;&nbsp;&nbsp;&nbsp;&nbsp; <\/span><\/span><\/span><\/p>\n<\/td>\n<td>\n<p style=\"text-align: justify;\"><span style=\"color: #000000;\"><span style=\"font-family: tahoma,geneva,sans-serif;\"><span style=\"font-size: 12px;\">&nbsp;&nbsp;&nbsp; On July 25<sup>th<\/sup>, the feast day of Saint Anna&#8217;s, which also corresponds to the anniversary of the Enthronement of His Eminence Metropolitan John of Kor\u00e7a, a group from the boys\u2019 camp took part in the ceremony of the 8<sup>th<\/sup> anniversary of his enthronement. On July 26<sup>th<\/sup> the feast day of Saint Paraskevi, in the monastery of Saint John the Baptist a large wooden cross was prepared which was placed in the ruins of Saint Paraskevi&#8217;s and Dionisy &#8216;s church in Voskopoja.<\/span><\/span><\/span><\/p>\n<\/td>\n<\/tr>\n<tr>\n<td>\n<p style=\"text-align: justify;\"><span style=\"color: #000000;\"><span style=\"font-family: tahoma,geneva,sans-serif;\"><span style=\"font-size: 12px;\">&nbsp;&nbsp;&nbsp; The cross was taken out from the church with prayers and it followed the icons which were in front of it. Praying and singing the whole camp went through Saint Paraskevi&#8217;s church where all together they placed the cross in a visible point across the road.<\/span><\/span><\/span><\/p>\n<p style=\"text-align: justify;\"><span style=\"color: #000000;\"><span style=\"font-family: tahoma,geneva,sans-serif;\"><span style=\"font-size: 12px;\">&nbsp;&nbsp;&nbsp; While on July 27<sup>th<\/sup> the Metropolitan of Kor\u00e7a visited the boys\u2019 camp. During his visit he had a warm conversation with the campers and later they had lunch together.<\/span><\/span><\/span><\/p>\n<\/td>\n<td>\n<p><span style=\"color: #000000;\"><span style=\"font-family: tahoma,geneva,sans-serif;\"><span style=\"font-size: 12px;\">&nbsp;&nbsp;&nbsp;&nbsp; <img decoding=\"async\" class=\"lazyload HAa Eha\" style=\"border-width: 1px; border-style: solid; margin: 10px;\" alt=\"\" src=\"data:image\/gif;base64,R0lGODlhAQABAAAAACH5BAEKAAEALAAAAAABAAEAAAICTAEAOw==\" data-orig-src=\"https:\/\/lh5.googleusercontent.com\/-Af8nAgshJDE\/VIgC6CUR_OI\/AAAAAAAAFrY\/24c_gdwrHFY\/w370-h277-no\/uky.jpg\" \/><\/span><\/span><\/span><\/p>\n<\/td>\n<\/tr>\n<tr>\n<td>\n<p><span style=\"color: #000000;\"><span style=\"font-family: tahoma,geneva,sans-serif;\"><span style=\"font-size: 12px;\">&nbsp;<img decoding=\"async\" class=\"lazyload HAa Eha\" style=\"border-width: 1px; border-style: solid; margin: 10px;\" alt=\"\" src=\"data:image\/gif;base64,R0lGODlhAQABAAAAACH5BAEKAAEALAAAAAABAAEAAAICTAEAOw==\" data-orig-src=\"https:\/\/lh5.googleusercontent.com\/-5q8Miuj7M8A\/VIgC7c7yQnI\/AAAAAAAAFrQ\/6WUS93B2wFc\/w370-h277-no\/untitled4kkkrr.jpg\" \/>&nbsp;&nbsp; <\/span><\/span><\/span><\/p>\n<\/td>\n<td>\n<p style=\"text-align: justify;\"><span style=\"color: #000000;\"><span style=\"font-family: tahoma,geneva,sans-serif;\"><span style=\"font-size: 12px;\">&nbsp;&nbsp;&nbsp; The program of the camp included an excursion in a pilgrimage form in Shipske village to Saint Nicholas church. The same day the last meeting was held around the campfire during which the campers gave their impressions of the camp. Also the service of baptism for 7 boys and 3 girls was led by the priest of the camp. They had catechism lessons before, and after the service they received the Holy Sacraments of the church.<\/span><\/span><\/span><\/p>\n<\/td>\n<\/tr>\n<tr>\n<td>\n<p>&nbsp;<\/p>\n<p style=\"text-align: justify;\"><span style=\"color: #000000;\"><span style=\"font-family: tahoma,geneva,sans-serif;\"><span style=\"font-size: 12px;\">&nbsp;&nbsp;&nbsp; This camp still remains a favorite for the youth of the Kor\u00e7a Diocese and gives its contribution to the spiritual growth of the young people and also completes a part of the spiritual needs of the youth in this diocese. Even though this camp still needs improvement, it was successful and achieved its goal. It was really nice to see the young people get along together like a special family. Now between new friendships that were made in the name of Christ, this camp was closed, which began and ended for the Glory of God.<\/span><\/span><\/span><\/p>\n<p>&nbsp;<\/p>\n<\/td>\n<td>\n<p><span style=\"color: #000000;\"><span style=\"font-family: tahoma,geneva,sans-serif;\"><span style=\"font-size: 12px;\"><img decoding=\"async\" class=\"lazyload HAa Eha\" style=\"border-width: 1px; border-style: solid; margin: 10px;\" alt=\"\" src=\"data:image\/gif;base64,R0lGODlhAQABAAAAACH5BAEKAAEALAAAAAABAAEAAAICTAEAOw==\" data-orig-src=\"https:\/\/lh6.googleusercontent.com\/-RsqxSFpfX0Y\/VIgC7MJ0IUI\/AAAAAAAAFrM\/mQDtSrAcauA\/w370-h277-no\/untitled365r6y5e.jpg\" \/><\/span><\/span><\/span><\/p>\n<\/td>\n<\/tr>\n<\/tbody>\n<\/table>\n<p style=\"margin-left: 4.5in;\"><span style=\"color: #000000;\"><span style=\"font-family: tahoma,geneva,sans-serif;\"><span style=\"font-size: 12px;\">&nbsp;&nbsp;&nbsp;&nbsp;&nbsp;&nbsp;&nbsp;&nbsp;&nbsp;&nbsp;&nbsp;&nbsp;&nbsp;&nbsp;&nbsp;&nbsp;&nbsp;&nbsp;&nbsp;&nbsp;&nbsp;&nbsp;&nbsp;&nbsp;&nbsp;&nbsp;&nbsp;&nbsp;&nbsp;&nbsp;&nbsp;&nbsp;&nbsp;&nbsp;&nbsp;&nbsp;&nbsp;&nbsp;&nbsp;&nbsp;&nbsp;&nbsp;&nbsp;&nbsp;&nbsp;&nbsp;&nbsp;&nbsp;&nbsp;&nbsp;&nbsp;&nbsp;&nbsp;&nbsp;&nbsp;&nbsp;&nbsp;&nbsp;&nbsp;&nbsp;&nbsp;&nbsp;&nbsp;&nbsp;&nbsp;&nbsp;&nbsp;&nbsp;&nbsp;&nbsp;&nbsp;&nbsp;&nbsp;&nbsp;&nbsp;&nbsp;&nbsp;&nbsp;&nbsp;&nbsp;&nbsp;&nbsp;&nbsp;&nbsp;&nbsp;&nbsp; &nbsp;&nbsp;&nbsp;&nbsp;<\/span><\/span><\/span><\/p>\n<p style=\"margin-left: 3.5in;\">&nbsp;<\/p>\n<p>&nbsp;<\/p>\n<p><span style=\"color: #000000;\"><span style=\"font-family: tahoma,geneva,sans-serif;\"><span style=\"font-size: 12px;\"><strong>&nbsp;&nbsp;&nbsp;&nbsp; Mihal Sonellari<br \/> &nbsp;&nbsp;&nbsp;&nbsp; Translated by Krista Xhavo<\/strong><\/span><\/span><\/span><\/p>\n","protected":false},"excerpt":{"rendered":"<p>&nbsp;&nbsp;&nbsp; For the Glory of God with the blessing of His Eminence, Metropolitan John of Kor\u00e7a in the Holy Metropolis of Kor\u00e7a a youth camp &#8220;The Resurrection of Christ&#8221; was held near the monastery of Saint John the Baptist in Voskopoja. This camp in its eighth year is now a tradition and is financed by the National Youth Office in collaboration with the Youth Office<\/p>\n","protected":false},"author":7,"featured_media":0,"comment_status":"open","ping_status":"open","sticky":false,"template":"","format":"standard","meta":{"_acf_changed":false,"pagelayer_contact_templates":[],"_pagelayer_content":"","inline_featured_image":false,"fifu_image_url":"","fifu_image_alt":"","footnotes":""},"categories":[1455,311],"tags":[1113,1788,1794],"class_list":["post-319","post","type-post","status-publish","format-standard","hentry","category-news-en","category-news-d25","tag-2006-en","tag-kampe-verore-en","tag-rinia-orthodhokse-en"],"acf":[],"yoast_head":"<!-- This site is optimized with the Yoast SEO plugin v27.2 - https:\/\/yoast.com\/product\/yoast-seo-wordpress\/ -->\n<title>Boys and girls camp, &quot;The Resurrection of Christ&quot;, of the diocese of Kor\u00e7a in the beautiful nature of Voskopoja. (August 2006) - Kisha Orthodh\u03bfkse Autoqefale e Shqip\u00ebris\u00eb<\/title>\n<meta name=\"robots\" content=\"index, follow, max-snippet:-1, max-image-preview:large, max-video-preview:-1\" \/>\n<link rel=\"canonical\" href=\"https:\/\/orthodoxalbania.org\/2020\/en\/2006\/02\/26\/boys-and-girls-camp-the-resurrection-of-christ-of-the-diocese-of-korca-in-the-beautiful-nature-of-voskopoja-august-2006\/\" \/>\n<meta property=\"og:locale\" content=\"en_US\" \/>\n<meta property=\"og:type\" content=\"article\" \/>\n<meta property=\"og:title\" content=\"Boys and girls camp, &quot;The Resurrection of Christ&quot;, of the diocese of Kor\u00e7a in the beautiful nature of Voskopoja. (August 2006) - Kisha Orthodh\u03bfkse Autoqefale e Shqip\u00ebris\u00eb\" \/>\n<meta property=\"og:description\" content=\"&nbsp;&nbsp;&nbsp; For the Glory of God with the blessing of His Eminence, Metropolitan John of Kor\u00e7a in the Holy Metropolis of Kor\u00e7a a youth camp &#8220;The Resurrection of Christ&#8221; was held near the monastery of Saint John the Baptist in Voskopoja. This camp in its eighth year is now a tradition and is financed by the National Youth Office in collaboration with the Youth Office\" \/>\n<meta property=\"og:url\" content=\"https:\/\/orthodoxalbania.org\/2020\/en\/2006\/02\/26\/boys-and-girls-camp-the-resurrection-of-christ-of-the-diocese-of-korca-in-the-beautiful-nature-of-voskopoja-august-2006\/\" \/>\n<meta property=\"og:site_name\" content=\"Kisha Orthodh\u03bfkse Autoqefale e Shqip\u00ebris\u00eb\" \/>\n<meta property=\"article:publisher\" content=\"https:\/\/www.facebook.com\/koash1991\" \/>\n<meta property=\"article:published_time\" content=\"2006-02-26T00:00:11+00:00\" \/>\n<meta property=\"article:modified_time\" content=\"2020-04-12T22:31:31+00:00\" \/>\n<meta property=\"og:image\" content=\"https:\/\/lh3.googleusercontent.com\/-9SawGE6zJXk\/VIgC6CzFL3I\/AAAAAAAAFrg\/0XWzL_SiHPY\/w370-h277-no\/untitled1.jpg\" \/>\n<meta name=\"author\" content=\"Kisha Orthodhokse\" \/>\n<meta name=\"twitter:card\" content=\"summary_large_image\" \/>\n<meta name=\"twitter:label1\" content=\"Written by\" \/>\n\t<meta name=\"twitter:data1\" content=\"Kisha Orthodhokse\" \/>\n\t<meta name=\"twitter:label2\" content=\"Est. reading time\" \/>\n\t<meta name=\"twitter:data2\" content=\"4 minutes\" \/>\n<script type=\"application\/ld+json\" class=\"yoast-schema-graph\">{\"@context\":\"https:\/\/schema.org\",\"@graph\":[{\"@type\":\"Article\",\"@id\":\"https:\/\/orthodoxalbania.org\/2020\/en\/2006\/02\/26\/boys-and-girls-camp-the-resurrection-of-christ-of-the-diocese-of-korca-in-the-beautiful-nature-of-voskopoja-august-2006\/#article\",\"isPartOf\":{\"@id\":\"https:\/\/orthodoxalbania.org\/2020\/en\/2006\/02\/26\/boys-and-girls-camp-the-resurrection-of-christ-of-the-diocese-of-korca-in-the-beautiful-nature-of-voskopoja-august-2006\/\"},\"author\":{\"name\":\"Kisha Orthodhokse\",\"@id\":\"https:\/\/orthodoxalbania.org\/2020\/#\/schema\/person\/df745f942b70e045b3dc05a30211f0de\"},\"headline\":\"Boys and girls camp, &#8220;The Resurrection of Christ&#8221;, of the diocese of Kor\u00e7a in the beautiful nature of Voskopoja. (August 2006)\",\"datePublished\":\"2006-02-26T00:00:11+00:00\",\"dateModified\":\"2020-04-12T22:31:31+00:00\",\"mainEntityOfPage\":{\"@id\":\"https:\/\/orthodoxalbania.org\/2020\/en\/2006\/02\/26\/boys-and-girls-camp-the-resurrection-of-christ-of-the-diocese-of-korca-in-the-beautiful-nature-of-voskopoja-august-2006\/\"},\"wordCount\":789,\"commentCount\":0,\"publisher\":{\"@id\":\"https:\/\/orthodoxalbania.org\/2020\/#organization\"},\"image\":{\"@id\":\"https:\/\/orthodoxalbania.org\/2020\/en\/2006\/02\/26\/boys-and-girls-camp-the-resurrection-of-christ-of-the-diocese-of-korca-in-the-beautiful-nature-of-voskopoja-august-2006\/#primaryimage\"},\"thumbnailUrl\":\"https:\/\/lh3.googleusercontent.com\/-9SawGE6zJXk\/VIgC6CzFL3I\/AAAAAAAAFrg\/0XWzL_SiHPY\/w370-h277-no\/untitled1.jpg\",\"keywords\":[\"2006\",\"Kampe verore\",\"Rinia Orthodhokse\"],\"articleSection\":[\"News - \u0395\u039d\",\"News old page\"],\"inLanguage\":\"en-US\"},{\"@type\":\"WebPage\",\"@id\":\"https:\/\/orthodoxalbania.org\/2020\/en\/2006\/02\/26\/boys-and-girls-camp-the-resurrection-of-christ-of-the-diocese-of-korca-in-the-beautiful-nature-of-voskopoja-august-2006\/\",\"url\":\"https:\/\/orthodoxalbania.org\/2020\/en\/2006\/02\/26\/boys-and-girls-camp-the-resurrection-of-christ-of-the-diocese-of-korca-in-the-beautiful-nature-of-voskopoja-august-2006\/\",\"name\":\"Boys and girls camp, \\\"The Resurrection of Christ\\\", of the diocese of Kor\u00e7a in the beautiful nature of Voskopoja. (August 2006) - Kisha Orthodh\u03bfkse Autoqefale e Shqip\u00ebris\u00eb\",\"isPartOf\":{\"@id\":\"https:\/\/orthodoxalbania.org\/2020\/#website\"},\"primaryImageOfPage\":{\"@id\":\"https:\/\/orthodoxalbania.org\/2020\/en\/2006\/02\/26\/boys-and-girls-camp-the-resurrection-of-christ-of-the-diocese-of-korca-in-the-beautiful-nature-of-voskopoja-august-2006\/#primaryimage\"},\"image\":{\"@id\":\"https:\/\/orthodoxalbania.org\/2020\/en\/2006\/02\/26\/boys-and-girls-camp-the-resurrection-of-christ-of-the-diocese-of-korca-in-the-beautiful-nature-of-voskopoja-august-2006\/#primaryimage\"},\"thumbnailUrl\":\"https:\/\/lh3.googleusercontent.com\/-9SawGE6zJXk\/VIgC6CzFL3I\/AAAAAAAAFrg\/0XWzL_SiHPY\/w370-h277-no\/untitled1.jpg\",\"datePublished\":\"2006-02-26T00:00:11+00:00\",\"dateModified\":\"2020-04-12T22:31:31+00:00\",\"breadcrumb\":{\"@id\":\"https:\/\/orthodoxalbania.org\/2020\/en\/2006\/02\/26\/boys-and-girls-camp-the-resurrection-of-christ-of-the-diocese-of-korca-in-the-beautiful-nature-of-voskopoja-august-2006\/#breadcrumb\"},\"inLanguage\":\"en-US\",\"potentialAction\":[{\"@type\":\"ReadAction\",\"target\":[\"https:\/\/orthodoxalbania.org\/2020\/en\/2006\/02\/26\/boys-and-girls-camp-the-resurrection-of-christ-of-the-diocese-of-korca-in-the-beautiful-nature-of-voskopoja-august-2006\/\"]}]},{\"@type\":\"ImageObject\",\"inLanguage\":\"en-US\",\"@id\":\"https:\/\/orthodoxalbania.org\/2020\/en\/2006\/02\/26\/boys-and-girls-camp-the-resurrection-of-christ-of-the-diocese-of-korca-in-the-beautiful-nature-of-voskopoja-august-2006\/#primaryimage\",\"url\":\"https:\/\/lh3.googleusercontent.com\/-9SawGE6zJXk\/VIgC6CzFL3I\/AAAAAAAAFrg\/0XWzL_SiHPY\/w370-h277-no\/untitled1.jpg\",\"contentUrl\":\"https:\/\/lh3.googleusercontent.com\/-9SawGE6zJXk\/VIgC6CzFL3I\/AAAAAAAAFrg\/0XWzL_SiHPY\/w370-h277-no\/untitled1.jpg\"},{\"@type\":\"BreadcrumbList\",\"@id\":\"https:\/\/orthodoxalbania.org\/2020\/en\/2006\/02\/26\/boys-and-girls-camp-the-resurrection-of-christ-of-the-diocese-of-korca-in-the-beautiful-nature-of-voskopoja-august-2006\/#breadcrumb\",\"itemListElement\":[{\"@type\":\"ListItem\",\"position\":1,\"name\":\"Home\",\"item\":\"https:\/\/orthodoxalbania.org\/2020\/\"},{\"@type\":\"ListItem\",\"position\":2,\"name\":\"Boys and girls camp, &#8220;The Resurrection of Christ&#8221;, of the diocese of Kor\u00e7a in the beautiful nature of Voskopoja. (August 2006)\"}]},{\"@type\":\"WebSite\",\"@id\":\"https:\/\/orthodoxalbania.org\/2020\/#website\",\"url\":\"https:\/\/orthodoxalbania.org\/2020\/\",\"name\":\"Kisha Orthodh\u03bfkse Autoqefale e Shqip\u00ebris\u00eb\",\"description\":\"Fqja Zyrtare e Kish\u00ebs Orthodhokse Autoqefale e Shqip\u00ebris\u00eb me lajmet edhe informacionet zyrtare p\u00ebr struktur\u00ebn edhe veprimtarin e saj.\",\"publisher\":{\"@id\":\"https:\/\/orthodoxalbania.org\/2020\/#organization\"},\"potentialAction\":[{\"@type\":\"SearchAction\",\"target\":{\"@type\":\"EntryPoint\",\"urlTemplate\":\"https:\/\/orthodoxalbania.org\/2020\/?s={search_term_string}\"},\"query-input\":{\"@type\":\"PropertyValueSpecification\",\"valueRequired\":true,\"valueName\":\"search_term_string\"}}],\"inLanguage\":\"en-US\"},{\"@type\":\"Organization\",\"@id\":\"https:\/\/orthodoxalbania.org\/2020\/#organization\",\"name\":\"Kisha Orthodhokse Autoqefale e Shqip\u00ebris\u00eb\",\"url\":\"https:\/\/orthodoxalbania.org\/2020\/\",\"logo\":{\"@type\":\"ImageObject\",\"inLanguage\":\"en-US\",\"@id\":\"https:\/\/orthodoxalbania.org\/2020\/#\/schema\/logo\/image\/\",\"url\":\"https:\/\/orthodoxalbania.org\/2020\/wp-content\/uploads\/2020\/05\/albania.jpeg\",\"contentUrl\":\"https:\/\/orthodoxalbania.org\/2020\/wp-content\/uploads\/2020\/05\/albania.jpeg\",\"width\":540,\"height\":540,\"caption\":\"Kisha Orthodhokse Autoqefale e Shqip\u00ebris\u00eb\"},\"image\":{\"@id\":\"https:\/\/orthodoxalbania.org\/2020\/#\/schema\/logo\/image\/\"},\"sameAs\":[\"https:\/\/www.facebook.com\/koash1991\"]},{\"@type\":\"Person\",\"@id\":\"https:\/\/orthodoxalbania.org\/2020\/#\/schema\/person\/df745f942b70e045b3dc05a30211f0de\",\"name\":\"Kisha Orthodhokse\",\"image\":{\"@type\":\"ImageObject\",\"inLanguage\":\"en-US\",\"@id\":\"https:\/\/secure.gravatar.com\/avatar\/2676eb8d97178435c9f691a7871595a1da6c33542dec218bce40885573150e28?s=96&d=mm&r=g\",\"url\":\"https:\/\/secure.gravatar.com\/avatar\/2676eb8d97178435c9f691a7871595a1da6c33542dec218bce40885573150e28?s=96&d=mm&r=g\",\"contentUrl\":\"https:\/\/secure.gravatar.com\/avatar\/2676eb8d97178435c9f691a7871595a1da6c33542dec218bce40885573150e28?s=96&d=mm&r=g\",\"caption\":\"Kisha Orthodhokse\"}}]}<\/script>\n<!-- \/ Yoast SEO plugin. -->","yoast_head_json":{"title":"Boys and girls camp, \"The Resurrection of Christ\", of the diocese of Kor\u00e7a in the beautiful nature of Voskopoja. (August 2006) - Kisha Orthodh\u03bfkse Autoqefale e Shqip\u00ebris\u00eb","robots":{"index":"index","follow":"follow","max-snippet":"max-snippet:-1","max-image-preview":"max-image-preview:large","max-video-preview":"max-video-preview:-1"},"canonical":"https:\/\/orthodoxalbania.org\/2020\/en\/2006\/02\/26\/boys-and-girls-camp-the-resurrection-of-christ-of-the-diocese-of-korca-in-the-beautiful-nature-of-voskopoja-august-2006\/","og_locale":"en_US","og_type":"article","og_title":"Boys and girls camp, \"The Resurrection of Christ\", of the diocese of Kor\u00e7a in the beautiful nature of Voskopoja. (August 2006) - Kisha Orthodh\u03bfkse Autoqefale e Shqip\u00ebris\u00eb","og_description":"&nbsp;&nbsp;&nbsp; For the Glory of God with the blessing of His Eminence, Metropolitan John of Kor\u00e7a in the Holy Metropolis of Kor\u00e7a a youth camp &#8220;The Resurrection of Christ&#8221; was held near the monastery of Saint John the Baptist in Voskopoja. This camp in its eighth year is now a tradition and is financed by the National Youth Office in collaboration with the Youth Office","og_url":"https:\/\/orthodoxalbania.org\/2020\/en\/2006\/02\/26\/boys-and-girls-camp-the-resurrection-of-christ-of-the-diocese-of-korca-in-the-beautiful-nature-of-voskopoja-august-2006\/","og_site_name":"Kisha Orthodh\u03bfkse Autoqefale e Shqip\u00ebris\u00eb","article_publisher":"https:\/\/www.facebook.com\/koash1991","article_published_time":"2006-02-26T00:00:11+00:00","article_modified_time":"2020-04-12T22:31:31+00:00","og_image":[{"url":"https:\/\/lh3.googleusercontent.com\/-9SawGE6zJXk\/VIgC6CzFL3I\/AAAAAAAAFrg\/0XWzL_SiHPY\/w370-h277-no\/untitled1.jpg","type":"","width":"","height":""}],"author":"Kisha Orthodhokse","twitter_card":"summary_large_image","twitter_misc":{"Written by":"Kisha Orthodhokse","Est. reading time":"4 minutes"},"schema":{"@context":"https:\/\/schema.org","@graph":[{"@type":"Article","@id":"https:\/\/orthodoxalbania.org\/2020\/en\/2006\/02\/26\/boys-and-girls-camp-the-resurrection-of-christ-of-the-diocese-of-korca-in-the-beautiful-nature-of-voskopoja-august-2006\/#article","isPartOf":{"@id":"https:\/\/orthodoxalbania.org\/2020\/en\/2006\/02\/26\/boys-and-girls-camp-the-resurrection-of-christ-of-the-diocese-of-korca-in-the-beautiful-nature-of-voskopoja-august-2006\/"},"author":{"name":"Kisha Orthodhokse","@id":"https:\/\/orthodoxalbania.org\/2020\/#\/schema\/person\/df745f942b70e045b3dc05a30211f0de"},"headline":"Boys and girls camp, &#8220;The Resurrection of Christ&#8221;, of the diocese of Kor\u00e7a in the beautiful nature of Voskopoja. (August 2006)","datePublished":"2006-02-26T00:00:11+00:00","dateModified":"2020-04-12T22:31:31+00:00","mainEntityOfPage":{"@id":"https:\/\/orthodoxalbania.org\/2020\/en\/2006\/02\/26\/boys-and-girls-camp-the-resurrection-of-christ-of-the-diocese-of-korca-in-the-beautiful-nature-of-voskopoja-august-2006\/"},"wordCount":789,"commentCount":0,"publisher":{"@id":"https:\/\/orthodoxalbania.org\/2020\/#organization"},"image":{"@id":"https:\/\/orthodoxalbania.org\/2020\/en\/2006\/02\/26\/boys-and-girls-camp-the-resurrection-of-christ-of-the-diocese-of-korca-in-the-beautiful-nature-of-voskopoja-august-2006\/#primaryimage"},"thumbnailUrl":"https:\/\/lh3.googleusercontent.com\/-9SawGE6zJXk\/VIgC6CzFL3I\/AAAAAAAAFrg\/0XWzL_SiHPY\/w370-h277-no\/untitled1.jpg","keywords":["2006","Kampe verore","Rinia Orthodhokse"],"articleSection":["News - \u0395\u039d","News old page"],"inLanguage":"en-US"},{"@type":"WebPage","@id":"https:\/\/orthodoxalbania.org\/2020\/en\/2006\/02\/26\/boys-and-girls-camp-the-resurrection-of-christ-of-the-diocese-of-korca-in-the-beautiful-nature-of-voskopoja-august-2006\/","url":"https:\/\/orthodoxalbania.org\/2020\/en\/2006\/02\/26\/boys-and-girls-camp-the-resurrection-of-christ-of-the-diocese-of-korca-in-the-beautiful-nature-of-voskopoja-august-2006\/","name":"Boys and girls camp, \"The Resurrection of Christ\", of the diocese of Kor\u00e7a in the beautiful nature of Voskopoja. (August 2006) - Kisha Orthodh\u03bfkse Autoqefale e Shqip\u00ebris\u00eb","isPartOf":{"@id":"https:\/\/orthodoxalbania.org\/2020\/#website"},"primaryImageOfPage":{"@id":"https:\/\/orthodoxalbania.org\/2020\/en\/2006\/02\/26\/boys-and-girls-camp-the-resurrection-of-christ-of-the-diocese-of-korca-in-the-beautiful-nature-of-voskopoja-august-2006\/#primaryimage"},"image":{"@id":"https:\/\/orthodoxalbania.org\/2020\/en\/2006\/02\/26\/boys-and-girls-camp-the-resurrection-of-christ-of-the-diocese-of-korca-in-the-beautiful-nature-of-voskopoja-august-2006\/#primaryimage"},"thumbnailUrl":"https:\/\/lh3.googleusercontent.com\/-9SawGE6zJXk\/VIgC6CzFL3I\/AAAAAAAAFrg\/0XWzL_SiHPY\/w370-h277-no\/untitled1.jpg","datePublished":"2006-02-26T00:00:11+00:00","dateModified":"2020-04-12T22:31:31+00:00","breadcrumb":{"@id":"https:\/\/orthodoxalbania.org\/2020\/en\/2006\/02\/26\/boys-and-girls-camp-the-resurrection-of-christ-of-the-diocese-of-korca-in-the-beautiful-nature-of-voskopoja-august-2006\/#breadcrumb"},"inLanguage":"en-US","potentialAction":[{"@type":"ReadAction","target":["https:\/\/orthodoxalbania.org\/2020\/en\/2006\/02\/26\/boys-and-girls-camp-the-resurrection-of-christ-of-the-diocese-of-korca-in-the-beautiful-nature-of-voskopoja-august-2006\/"]}]},{"@type":"ImageObject","inLanguage":"en-US","@id":"https:\/\/orthodoxalbania.org\/2020\/en\/2006\/02\/26\/boys-and-girls-camp-the-resurrection-of-christ-of-the-diocese-of-korca-in-the-beautiful-nature-of-voskopoja-august-2006\/#primaryimage","url":"https:\/\/lh3.googleusercontent.com\/-9SawGE6zJXk\/VIgC6CzFL3I\/AAAAAAAAFrg\/0XWzL_SiHPY\/w370-h277-no\/untitled1.jpg","contentUrl":"https:\/\/lh3.googleusercontent.com\/-9SawGE6zJXk\/VIgC6CzFL3I\/AAAAAAAAFrg\/0XWzL_SiHPY\/w370-h277-no\/untitled1.jpg"},{"@type":"BreadcrumbList","@id":"https:\/\/orthodoxalbania.org\/2020\/en\/2006\/02\/26\/boys-and-girls-camp-the-resurrection-of-christ-of-the-diocese-of-korca-in-the-beautiful-nature-of-voskopoja-august-2006\/#breadcrumb","itemListElement":[{"@type":"ListItem","position":1,"name":"Home","item":"https:\/\/orthodoxalbania.org\/2020\/"},{"@type":"ListItem","position":2,"name":"Boys and girls camp, &#8220;The Resurrection of Christ&#8221;, of the diocese of Kor\u00e7a in the beautiful nature of Voskopoja. (August 2006)"}]},{"@type":"WebSite","@id":"https:\/\/orthodoxalbania.org\/2020\/#website","url":"https:\/\/orthodoxalbania.org\/2020\/","name":"Kisha Orthodh\u03bfkse Autoqefale e Shqip\u00ebris\u00eb","description":"Fqja Zyrtare e Kish\u00ebs Orthodhokse Autoqefale e Shqip\u00ebris\u00eb me lajmet edhe informacionet zyrtare p\u00ebr struktur\u00ebn edhe veprimtarin e saj.","publisher":{"@id":"https:\/\/orthodoxalbania.org\/2020\/#organization"},"potentialAction":[{"@type":"SearchAction","target":{"@type":"EntryPoint","urlTemplate":"https:\/\/orthodoxalbania.org\/2020\/?s={search_term_string}"},"query-input":{"@type":"PropertyValueSpecification","valueRequired":true,"valueName":"search_term_string"}}],"inLanguage":"en-US"},{"@type":"Organization","@id":"https:\/\/orthodoxalbania.org\/2020\/#organization","name":"Kisha Orthodhokse Autoqefale e Shqip\u00ebris\u00eb","url":"https:\/\/orthodoxalbania.org\/2020\/","logo":{"@type":"ImageObject","inLanguage":"en-US","@id":"https:\/\/orthodoxalbania.org\/2020\/#\/schema\/logo\/image\/","url":"https:\/\/orthodoxalbania.org\/2020\/wp-content\/uploads\/2020\/05\/albania.jpeg","contentUrl":"https:\/\/orthodoxalbania.org\/2020\/wp-content\/uploads\/2020\/05\/albania.jpeg","width":540,"height":540,"caption":"Kisha Orthodhokse Autoqefale e Shqip\u00ebris\u00eb"},"image":{"@id":"https:\/\/orthodoxalbania.org\/2020\/#\/schema\/logo\/image\/"},"sameAs":["https:\/\/www.facebook.com\/koash1991"]},{"@type":"Person","@id":"https:\/\/orthodoxalbania.org\/2020\/#\/schema\/person\/df745f942b70e045b3dc05a30211f0de","name":"Kisha Orthodhokse","image":{"@type":"ImageObject","inLanguage":"en-US","@id":"https:\/\/secure.gravatar.com\/avatar\/2676eb8d97178435c9f691a7871595a1da6c33542dec218bce40885573150e28?s=96&d=mm&r=g","url":"https:\/\/secure.gravatar.com\/avatar\/2676eb8d97178435c9f691a7871595a1da6c33542dec218bce40885573150e28?s=96&d=mm&r=g","contentUrl":"https:\/\/secure.gravatar.com\/avatar\/2676eb8d97178435c9f691a7871595a1da6c33542dec218bce40885573150e28?s=96&d=mm&r=g","caption":"Kisha Orthodhokse"}}]}},"_links":{"self":[{"href":"https:\/\/orthodoxalbania.org\/2020\/wp-json\/wp\/v2\/posts\/319","targetHints":{"allow":["GET"]}}],"collection":[{"href":"https:\/\/orthodoxalbania.org\/2020\/wp-json\/wp\/v2\/posts"}],"about":[{"href":"https:\/\/orthodoxalbania.org\/2020\/wp-json\/wp\/v2\/types\/post"}],"author":[{"embeddable":true,"href":"https:\/\/orthodoxalbania.org\/2020\/wp-json\/wp\/v2\/users\/7"}],"replies":[{"embeddable":true,"href":"https:\/\/orthodoxalbania.org\/2020\/wp-json\/wp\/v2\/comments?post=319"}],"version-history":[{"count":1,"href":"https:\/\/orthodoxalbania.org\/2020\/wp-json\/wp\/v2\/posts\/319\/revisions"}],"predecessor-version":[{"id":18071,"href":"https:\/\/orthodoxalbania.org\/2020\/wp-json\/wp\/v2\/posts\/319\/revisions\/18071"}],"wp:attachment":[{"href":"https:\/\/orthodoxalbania.org\/2020\/wp-json\/wp\/v2\/media?parent=319"}],"wp:term":[{"taxonomy":"category","embeddable":true,"href":"https:\/\/orthodoxalbania.org\/2020\/wp-json\/wp\/v2\/categories?post=319"},{"taxonomy":"post_tag","embeddable":true,"href":"https:\/\/orthodoxalbania.org\/2020\/wp-json\/wp\/v2\/tags?post=319"}],"curies":[{"name":"wp","href":"https:\/\/api.w.org\/{rel}","templated":true}]}}