{"id":318,"date":"2013-03-21T12:34:04","date_gmt":"2013-03-21T12:34:04","guid":{"rendered":""},"modified":"2020-04-06T22:05:53","modified_gmt":"2020-04-06T20:05:53","slug":"botohet-per-here-te-pare-ne-faksimile-katerungjilleshi-i-shek-x-kodiku-i-korces-93","status":"publish","type":"post","link":"https:\/\/orthodoxalbania.org\/2020\/2013\/03\/21\/botohet-per-here-te-pare-ne-faksimile-katerungjilleshi-i-shek-x-kodiku-i-korces-93\/","title":{"rendered":"Botohet p\u00ebr her\u00eb t\u00eb par\u00eb n\u00eb faksimile Kat\u00ebrungjill\u00ebshi i shek. X. (Kodiku i Kor\u00e7\u00ebs 93). (19 Dhjetor 2012)"},"content":{"rendered":"<div style=\"text-align: justify;\"><span style=\"color: #000000; font-family: helvetica;\"><span style=\"font-size: 12px;\"><img decoding=\"async\" class=\"lazyload HAa Eha\" style=\"border-width: 1px; border-style: solid; margin: 10px; float: left;\" alt=\"\" src=\"data:image\/svg+xml,%3Csvg%20xmlns%3D%27http%3A%2F%2Fwww.w3.org%2F2000%2Fsvg%27%20width%3D%27258%27%20height%3D%27181%27%20viewBox%3D%270%200%20258%20181%27%3E%3Crect%20width%3D%27258%27%20height%3D%27181%27%20fill-opacity%3D%220%22%2F%3E%3C%2Fsvg%3E\" data-orig-src=\"https:\/\/lh4.googleusercontent.com\/-El_Wtj8khzY\/U_cWjtk0hpI\/AAAAAAAAA-4\/lIM0mhffucw\/w640-h449-no\/kodiku%2B1.jpg\" height=\"181\" width=\"258\" \/><span style=\"font-size: 12pt;\">&nbsp;&nbsp;&nbsp; Kodiku i Kor\u00e7\u00ebs 93 \u00ebsht\u00eb pjes\u00eb e koleksionit prej 100 dor\u00ebshkrimesh bizantine dhe pasbizantine q\u00eb sot ruhen n\u00eb Arkivin Qendror Shtet\u00ebror t\u00eb Tiran\u00ebs n\u00eb Shqip\u00ebri. Kodiku i p\u00ebrket shek. X, \u00ebsht\u00eb i shkruar n\u00eb form\u00eb kryqi, nj\u00eb dukuri mjaft e rrall\u00eb n\u00eb tradit\u00ebn e dor\u00ebshkrimeve bizantine dhe p\u00ebrb\u00ebn nj\u00eb nga shembujt m\u00eb t\u00eb vjet\u00ebr t\u00eb k\u00ebsaj kategoria n\u00eb rang bot\u00ebror. Shkrimi i p\u00ebrket tipit Boulet\u00e9e, nj\u00eb shkrim germ\u00ebvog\u00ebl i rrumbullak\u00ebt, i nj\u00eb mjesht\u00ebrie t\u00eb shk\u00eblqyer kaligrafike. Bazuar n\u00eb karakteristikat paleografike dhe kodikologjike, vendi i kopjimit rezulton t\u00eb ken\u00eb qen\u00eb punishtet libr\u00ebshkruese t\u00eb Kostandinopoj\u00ebs, nd\u00ebrsa vendi i p\u00ebrdorimit t\u00eb tij, Mitropolia e Kor\u00e7\u00ebs, thesar i \u00e7muar i s\u00eb cil\u00ebs pati qen\u00eb p\u00ebr shum\u00eb shekuj.<\/span><\/span><\/span><\/div>\n<div style=\"text-align: justify;\"><span style=\"color: #000000; font-family: helvetica; font-size: 12pt;\"> &nbsp;&nbsp;&nbsp; Me kontributin e Shoq\u00ebris\u00eb Biblike Nd\u00ebrkofesionale t\u00eb Shqip\u00ebris\u00eb, t\u00eb Kish\u00ebs Orthodhokse Autoqefale t\u00eb Shqip\u00ebris\u00eb dhe t\u00eb Drejtoris\u00eb s\u00eb P\u00ebrgjithshme t\u00eb Arkivave t\u00eb Shqip\u00ebris\u00eb, u b\u00eb i mundur realizimi i botimit faksimile i k\u00ebtij kodiku fort t\u00eb r\u00ebnd\u00ebsish\u00ebm. Kopja faksimile shoq\u00ebrohet nga nj\u00eb studim shterues i kodikut si edhe nga transkriptimi paleografik i Ungjillit sipas Luk\u00ebs dhe p\u00ebrkthimi gjegj\u00ebs n\u00eb shqip. Tirazhi prej 1.300 kopjesh tregon qart\u00eb se synimi ka qen\u00eb q\u00eb ky botim t\u00eb gjej\u00eb vend jo thjesht mes nj\u00eb rrethi t\u00eb ngusht\u00eb e drejtp\u00ebrdrejt t\u00eb interesuar, por q\u00eb nj\u00eb publik edhe m\u00eb i gjer\u00eb t\u00eb informohet e t\u2019i shijoj\u00eb vlerat e kodikut. Dy autor\u00ebt q\u00eb punuan p\u00ebr studimin dhe p\u00ebrgatitjen cil\u00ebsore t\u00eb k\u00ebtij botimi jan\u00eb historiani-paleografi z. Andi R\u00ebmbeci nga Fakulteti i Historis\u00eb i Universitetit t\u00eb Tiran\u00ebs, dhe paleografi z. Sokol \u00c7unga nga Arkivi Qendror Shtet\u00ebror. P\u00ebrkujdesja shkencore u krye prej profesorit fort t\u00eb nderuar z. Agamemnon Celikas, nj\u00eb personalitet i shquar i paleografis\u00eb bizantine n\u00eb rang bot\u00ebror.<\/span><\/div>\n<div style=\"text-align: justify;\"><span style=\"color: #000000; font-family: helvetica; font-size: 12pt;\"> &nbsp;&nbsp;&nbsp; Ia vlen t\u00eb sh\u00ebnohet fakti se nj\u00eb botim faksimile i k\u00ebtij lloji \u00ebsht\u00eb i pari n\u00eb historin\u00eb e botimeve dokumentare n\u00eb Shqip\u00ebri, p\u00ebrgatitur me bashk\u00ebpunimin e institucioneve vendase. Fusha e botimeve t\u00eb burimeve historike \u00ebsht\u00eb pak e l\u00ebvruar n\u00eb Shqip\u00ebri, qoft\u00eb p\u00ebr shkak t\u00eb s\u00eb kaluar\u00ebs s\u00eb izoluar, qoft\u00eb p\u00ebr shkak t\u00eb munges\u00ebs s\u00eb p\u00ebrvoj\u00ebs dhe mund\u00ebsive. Botimi i k\u00ebtij kodiku, si nj\u00eb prej m\u00eb p\u00ebrfaq\u00ebsuesve n\u00eb rang bot\u00ebror t\u00eb asaj veprimtarie intelektuale t\u00eb spikatur gjat\u00eb nj\u00ebr\u00ebs prej periudhave m\u00eb t\u00eb lul\u00ebzuara kulturore t\u00eb Bizantit, ve\u00e7 r\u00ebnd\u00ebsis\u00eb s\u00eb vet shkencore, vjen t\u00eb sh\u00ebrbej\u00eb si nj\u00eb kontribut n\u00eb promovimin e monumenteve t\u00eb trash\u00ebgimis\u00eb kulturore n\u00eb Shqip\u00ebri.<br \/> <\/span><\/div>\n<div style=\"text-align: justify;\"><span style=\"font-family: helvetica; font-size: 12pt;\"><\/span><\/div>\n<div style=\"text-align: right;\"><span style=\"color: #000000; font-family: helvetica; font-size: 12pt;\"><strong>Andi R\u00ebmbeci<\/strong><\/span><\/div>\n<div style=\"text-align: right;\"><span style=\"font-family: helvetica; font-size: 12pt;\"><\/span><\/div>\n<div style=\"text-align: justify;\"><span style=\"color: #000000; font-family: helvetica; font-size: 12pt;\"><img decoding=\"async\" class=\"lazyload HAa Eha\" style=\"height: 421px; width: 600px; border-width: 1px; border-style: solid; margin: 10px; float: left;\" alt=\"\" src=\"data:image\/gif;base64,R0lGODlhAQABAAAAACH5BAEKAAEALAAAAAABAAEAAAICTAEAOw==\" data-orig-src=\"https:\/\/lh4.googleusercontent.com\/-El_Wtj8khzY\/U_cWjtk0hpI\/AAAAAAAAA-4\/lIM0mhffucw\/w640-h449-no\/kodiku%2B1.jpg\" \/><\/span><\/div>\n<div style=\"text-align: justify;\"><span style=\"color: #000000; font-family: helvetica; font-size: 12pt;\"><img decoding=\"async\" class=\"lazyload HAa Eha\" style=\"height: 421px; width: 600px; border-width: 1px; border-style: solid; margin: 10px; float: left;\" alt=\"\" src=\"data:image\/gif;base64,R0lGODlhAQABAAAAACH5BAEKAAEALAAAAAABAAEAAAICTAEAOw==\" data-orig-src=\"https:\/\/lh6.googleusercontent.com\/-0gXR9m2CxD0\/U_cWjqTWFSI\/AAAAAAAAA-s\/fux3SkYDh4c\/w640-h449-no\/kodiku%2B2.jpg\" \/><\/span><\/div>\n<div style=\"text-align: justify;\"><span style=\"color: #000000; font-family: helvetica; font-size: 12pt;\"><img decoding=\"async\" class=\"lazyload HAa Eha\" style=\"height: 421px; width: 600px; border-width: 1px; border-style: solid; margin: 10px; float: left;\" alt=\"\" src=\"data:image\/gif;base64,R0lGODlhAQABAAAAACH5BAEKAAEALAAAAAABAAEAAAICTAEAOw==\" data-orig-src=\"https:\/\/lh5.googleusercontent.com\/-wPXdpVvmIbg\/U_cWj2-wx9I\/AAAAAAAAA_Y\/7rvw9E1eZvU\/w640-h449-no\/kodiku%2B3.jpg\" \/><\/span><\/div>\n<div style=\"text-align: justify;\"><span style=\"color: #000000; font-family: helvetica; font-size: 12pt;\"><img decoding=\"async\" class=\"lazyload HAa Eha\" style=\"height: 421px; width: 600px; border-width: 1px; border-style: solid; margin: 10px; float: left;\" alt=\"\" src=\"data:image\/gif;base64,R0lGODlhAQABAAAAACH5BAEKAAEALAAAAAABAAEAAAICTAEAOw==\" data-orig-src=\"https:\/\/lh4.googleusercontent.com\/-J6o-yHCToxg\/U_cWkNE-8ZI\/AAAAAAAAA_Q\/Elaly2eSp9Y\/w640-h449-no\/kodiku%2B4.jpg\" \/><\/span><\/div>\n<div style=\"text-align: justify;\"><span style=\"color: #000000; font-family: helvetica; font-size: 12pt;\"><img decoding=\"async\" class=\"lazyload HAa Eha\" style=\"height: 421px; border-width: 1px; border-style: solid; margin: 10px; float: left;\" alt=\"\" src=\"data:image\/gif;base64,R0lGODlhAQABAAAAACH5BAEKAAEALAAAAAABAAEAAAICTAEAOw==\" data-orig-src=\"https:\/\/lh6.googleusercontent.com\/-KfbYr5-r2Sw\/U_cWkXlb8AI\/AAAAAAAAA_E\/l6Mvkrlh5X0\/w640-h449-no\/kodiku%2B5.jpg\" \/><\/span><\/div>\n<div style=\"text-align: justify;\"><span style=\"color: #000000; font-family: helvetica; font-size: 12pt;\"><img decoding=\"async\" class=\"lazyload HAa Eha\" style=\"height: 238px; width: 600px; border-width: 1px; border-style: solid; margin: 10px; float: left;\" alt=\"\" src=\"data:image\/gif;base64,R0lGODlhAQABAAAAACH5BAEKAAEALAAAAAABAAEAAAICTAEAOw==\" data-orig-src=\"https:\/\/lh5.googleusercontent.com\/-FFi4M2YLlAA\/U_cWk4256qI\/AAAAAAAAA_M\/xq7GhunA6mg\/w957-h379-no\/kodiku%2B6.jpg\" \/><\/span><br \/><span style=\"font-family: helvetica; font-size: 12pt;\"> &nbsp;<\/span><\/div>\n<div style=\"text-align: justify;\"><span style=\"color: #000000; font-family: helvetica; font-size: 12pt;\"><img decoding=\"async\" class=\"lazyload HAa Eha\" style=\"height: 421px; width: 600px; border-width: 1px; border-style: solid; margin: 10px; float: left;\" alt=\"\" src=\"data:image\/gif;base64,R0lGODlhAQABAAAAACH5BAEKAAEALAAAAAABAAEAAAICTAEAOw==\" data-orig-src=\"https:\/\/lh3.googleusercontent.com\/-qCpOEESQd8M\/U_cWlKrlUQI\/AAAAAAAAA_I\/3X8GP_DHhOM\/w640-h449-no\/kodiku%2B7.jpg\" \/><\/span><\/div>\n<div style=\"text-align: justify;\"><span style=\"font-family: helvetica; font-size: 12pt;\"><\/span><\/div>\n<div style=\"text-align: justify;\">\n<p><span style=\"font-family: helvetica; font-size: 12pt;\"> &nbsp;<\/span><\/div>\n","protected":false},"excerpt":{"rendered":"<p>&nbsp;&nbsp;&nbsp; Kodiku i Kor\u00e7\u00ebs 93 \u00ebsht\u00eb pjes\u00eb e koleksionit prej 100 dor\u00ebshkrimesh bizantine dhe pasbizantine q\u00eb sot ruhen n\u00eb Arkivin Qendror Shtet\u00ebror t\u00eb Tiran\u00ebs n\u00eb Shqip\u00ebri. Kodiku i p\u00ebrket shek. X, \u00ebsht\u00eb i shkruar n\u00eb form\u00eb kryqi, nj\u00eb dukuri mjaft e rrall\u00eb n\u00eb tradit\u00ebn e dor\u00ebshkrimeve bizantine dhe p\u00ebrb\u00ebn nj\u00eb nga shembujt m\u00eb t\u00eb vjet\u00ebr t\u00eb k\u00ebsaj kategoria n\u00eb rang bot\u00ebror. Shkrimi i p\u00ebrket tipit<\/p>\n","protected":false},"author":1,"featured_media":0,"comment_status":"open","ping_status":"open","sticky":false,"template":"","format":"standard","meta":{"_acf_changed":false,"pagelayer_contact_templates":[],"_pagelayer_content":"","inline_featured_image":false,"fifu_image_url":"","fifu_image_alt":"","footnotes":""},"categories":[108],"tags":[142,196,212,607],"class_list":["post-318","post","type-post","status-publish","format-standard","hentry","category-lajme","tag-142","tag-tirane","tag-lajme-d27","tag-promovimepublikime"],"acf":[],"yoast_head":"<!-- This site is optimized with the Yoast SEO plugin v27.2 - https:\/\/yoast.com\/product\/yoast-seo-wordpress\/ -->\n<title>Botohet p\u00ebr her\u00eb t\u00eb par\u00eb n\u00eb faksimile Kat\u00ebrungjill\u00ebshi i shek. X. (Kodiku i Kor\u00e7\u00ebs 93). (19 Dhjetor 2012) - Kisha Orthodh\u03bfkse Autoqefale e Shqip\u00ebris\u00eb<\/title>\n<meta name=\"robots\" content=\"index, follow, max-snippet:-1, max-image-preview:large, max-video-preview:-1\" \/>\n<link rel=\"canonical\" href=\"https:\/\/orthodoxalbania.org\/2020\/2013\/03\/21\/botohet-per-here-te-pare-ne-faksimile-katerungjilleshi-i-shek-x-kodiku-i-korces-93\/\" \/>\n<meta property=\"og:locale\" content=\"en_US\" \/>\n<meta property=\"og:type\" content=\"article\" \/>\n<meta property=\"og:title\" content=\"Botohet p\u00ebr her\u00eb t\u00eb par\u00eb n\u00eb faksimile Kat\u00ebrungjill\u00ebshi i shek. X. (Kodiku i Kor\u00e7\u00ebs 93). (19 Dhjetor 2012) - Kisha Orthodh\u03bfkse Autoqefale e Shqip\u00ebris\u00eb\" \/>\n<meta property=\"og:description\" content=\"&nbsp;&nbsp;&nbsp; Kodiku i Kor\u00e7\u00ebs 93 \u00ebsht\u00eb pjes\u00eb e koleksionit prej 100 dor\u00ebshkrimesh bizantine dhe pasbizantine q\u00eb sot ruhen n\u00eb Arkivin Qendror Shtet\u00ebror t\u00eb Tiran\u00ebs n\u00eb Shqip\u00ebri. Kodiku i p\u00ebrket shek. X, \u00ebsht\u00eb i shkruar n\u00eb form\u00eb kryqi, nj\u00eb dukuri mjaft e rrall\u00eb n\u00eb tradit\u00ebn e dor\u00ebshkrimeve bizantine dhe p\u00ebrb\u00ebn nj\u00eb nga shembujt m\u00eb t\u00eb vjet\u00ebr t\u00eb k\u00ebsaj kategoria n\u00eb rang bot\u00ebror. Shkrimi i p\u00ebrket tipit\" \/>\n<meta property=\"og:url\" content=\"https:\/\/orthodoxalbania.org\/2020\/2013\/03\/21\/botohet-per-here-te-pare-ne-faksimile-katerungjilleshi-i-shek-x-kodiku-i-korces-93\/\" \/>\n<meta property=\"og:site_name\" content=\"Kisha Orthodh\u03bfkse Autoqefale e Shqip\u00ebris\u00eb\" \/>\n<meta property=\"article:publisher\" content=\"https:\/\/www.facebook.com\/koash1991\" \/>\n<meta property=\"article:published_time\" content=\"2013-03-21T12:34:04+00:00\" \/>\n<meta property=\"article:modified_time\" content=\"2020-04-06T20:05:53+00:00\" \/>\n<meta property=\"og:image\" content=\"https:\/\/lh4.googleusercontent.com\/-El_Wtj8khzY\/U_cWjtk0hpI\/AAAAAAAAA-4\/lIM0mhffucw\/w640-h449-no\/kodiku%2B1.jpg\" \/>\n<meta name=\"author\" content=\"Kisha Orthodhokse\" \/>\n<meta name=\"twitter:card\" content=\"summary_large_image\" \/>\n<meta name=\"twitter:label1\" content=\"Written by\" \/>\n\t<meta name=\"twitter:data1\" content=\"Kisha Orthodhokse\" \/>\n\t<meta name=\"twitter:label2\" content=\"Est. reading time\" \/>\n\t<meta name=\"twitter:data2\" content=\"2 minutes\" \/>\n<script type=\"application\/ld+json\" class=\"yoast-schema-graph\">{\"@context\":\"https:\/\/schema.org\",\"@graph\":[{\"@type\":\"Article\",\"@id\":\"https:\/\/orthodoxalbania.org\/2020\/2013\/03\/21\/botohet-per-here-te-pare-ne-faksimile-katerungjilleshi-i-shek-x-kodiku-i-korces-93\/#article\",\"isPartOf\":{\"@id\":\"https:\/\/orthodoxalbania.org\/2020\/2013\/03\/21\/botohet-per-here-te-pare-ne-faksimile-katerungjilleshi-i-shek-x-kodiku-i-korces-93\/\"},\"author\":{\"name\":\"Kisha Orthodhokse\",\"@id\":\"https:\/\/orthodoxalbania.org\/2020\/#\/schema\/person\/0c387634a7063ac612d7ed9ce71c7e86\"},\"headline\":\"Botohet p\u00ebr her\u00eb t\u00eb par\u00eb n\u00eb faksimile Kat\u00ebrungjill\u00ebshi i shek. X. (Kodiku i Kor\u00e7\u00ebs 93). (19 Dhjetor 2012)\",\"datePublished\":\"2013-03-21T12:34:04+00:00\",\"dateModified\":\"2020-04-06T20:05:53+00:00\",\"mainEntityOfPage\":{\"@id\":\"https:\/\/orthodoxalbania.org\/2020\/2013\/03\/21\/botohet-per-here-te-pare-ne-faksimile-katerungjilleshi-i-shek-x-kodiku-i-korces-93\/\"},\"wordCount\":487,\"commentCount\":0,\"publisher\":{\"@id\":\"https:\/\/orthodoxalbania.org\/2020\/#organization\"},\"image\":{\"@id\":\"https:\/\/orthodoxalbania.org\/2020\/2013\/03\/21\/botohet-per-here-te-pare-ne-faksimile-katerungjilleshi-i-shek-x-kodiku-i-korces-93\/#primaryimage\"},\"thumbnailUrl\":\"https:\/\/lh4.googleusercontent.com\/-El_Wtj8khzY\/U_cWjtk0hpI\/AAAAAAAAA-4\/lIM0mhffucw\/w640-h449-no\/kodiku%2B1.jpg\",\"keywords\":[\"2012\",\"Kryepiskopata Tiran\u00eb\",\"lajme\",\"PromovimePublikime\"],\"articleSection\":[\"Lajme\"],\"inLanguage\":\"en-US\"},{\"@type\":\"WebPage\",\"@id\":\"https:\/\/orthodoxalbania.org\/2020\/2013\/03\/21\/botohet-per-here-te-pare-ne-faksimile-katerungjilleshi-i-shek-x-kodiku-i-korces-93\/\",\"url\":\"https:\/\/orthodoxalbania.org\/2020\/2013\/03\/21\/botohet-per-here-te-pare-ne-faksimile-katerungjilleshi-i-shek-x-kodiku-i-korces-93\/\",\"name\":\"Botohet p\u00ebr her\u00eb t\u00eb par\u00eb n\u00eb faksimile Kat\u00ebrungjill\u00ebshi i shek. X. (Kodiku i Kor\u00e7\u00ebs 93). (19 Dhjetor 2012) - Kisha Orthodh\u03bfkse Autoqefale e Shqip\u00ebris\u00eb\",\"isPartOf\":{\"@id\":\"https:\/\/orthodoxalbania.org\/2020\/#website\"},\"primaryImageOfPage\":{\"@id\":\"https:\/\/orthodoxalbania.org\/2020\/2013\/03\/21\/botohet-per-here-te-pare-ne-faksimile-katerungjilleshi-i-shek-x-kodiku-i-korces-93\/#primaryimage\"},\"image\":{\"@id\":\"https:\/\/orthodoxalbania.org\/2020\/2013\/03\/21\/botohet-per-here-te-pare-ne-faksimile-katerungjilleshi-i-shek-x-kodiku-i-korces-93\/#primaryimage\"},\"thumbnailUrl\":\"https:\/\/lh4.googleusercontent.com\/-El_Wtj8khzY\/U_cWjtk0hpI\/AAAAAAAAA-4\/lIM0mhffucw\/w640-h449-no\/kodiku%2B1.jpg\",\"datePublished\":\"2013-03-21T12:34:04+00:00\",\"dateModified\":\"2020-04-06T20:05:53+00:00\",\"breadcrumb\":{\"@id\":\"https:\/\/orthodoxalbania.org\/2020\/2013\/03\/21\/botohet-per-here-te-pare-ne-faksimile-katerungjilleshi-i-shek-x-kodiku-i-korces-93\/#breadcrumb\"},\"inLanguage\":\"en-US\",\"potentialAction\":[{\"@type\":\"ReadAction\",\"target\":[\"https:\/\/orthodoxalbania.org\/2020\/2013\/03\/21\/botohet-per-here-te-pare-ne-faksimile-katerungjilleshi-i-shek-x-kodiku-i-korces-93\/\"]}]},{\"@type\":\"ImageObject\",\"inLanguage\":\"en-US\",\"@id\":\"https:\/\/orthodoxalbania.org\/2020\/2013\/03\/21\/botohet-per-here-te-pare-ne-faksimile-katerungjilleshi-i-shek-x-kodiku-i-korces-93\/#primaryimage\",\"url\":\"https:\/\/lh4.googleusercontent.com\/-El_Wtj8khzY\/U_cWjtk0hpI\/AAAAAAAAA-4\/lIM0mhffucw\/w640-h449-no\/kodiku%2B1.jpg\",\"contentUrl\":\"https:\/\/lh4.googleusercontent.com\/-El_Wtj8khzY\/U_cWjtk0hpI\/AAAAAAAAA-4\/lIM0mhffucw\/w640-h449-no\/kodiku%2B1.jpg\"},{\"@type\":\"BreadcrumbList\",\"@id\":\"https:\/\/orthodoxalbania.org\/2020\/2013\/03\/21\/botohet-per-here-te-pare-ne-faksimile-katerungjilleshi-i-shek-x-kodiku-i-korces-93\/#breadcrumb\",\"itemListElement\":[{\"@type\":\"ListItem\",\"position\":1,\"name\":\"Home\",\"item\":\"https:\/\/orthodoxalbania.org\/2020\/\"},{\"@type\":\"ListItem\",\"position\":2,\"name\":\"Botohet p\u00ebr her\u00eb t\u00eb par\u00eb n\u00eb faksimile Kat\u00ebrungjill\u00ebshi i shek. X. (Kodiku i Kor\u00e7\u00ebs 93). (19 Dhjetor 2012)\"}]},{\"@type\":\"WebSite\",\"@id\":\"https:\/\/orthodoxalbania.org\/2020\/#website\",\"url\":\"https:\/\/orthodoxalbania.org\/2020\/\",\"name\":\"Kisha Orthodh\u03bfkse Autoqefale e Shqip\u00ebris\u00eb\",\"description\":\"Fqja Zyrtare e Kish\u00ebs Orthodhokse Autoqefale e Shqip\u00ebris\u00eb me lajmet edhe informacionet zyrtare p\u00ebr struktur\u00ebn edhe veprimtarin e saj.\",\"publisher\":{\"@id\":\"https:\/\/orthodoxalbania.org\/2020\/#organization\"},\"potentialAction\":[{\"@type\":\"SearchAction\",\"target\":{\"@type\":\"EntryPoint\",\"urlTemplate\":\"https:\/\/orthodoxalbania.org\/2020\/?s={search_term_string}\"},\"query-input\":{\"@type\":\"PropertyValueSpecification\",\"valueRequired\":true,\"valueName\":\"search_term_string\"}}],\"inLanguage\":\"en-US\"},{\"@type\":\"Organization\",\"@id\":\"https:\/\/orthodoxalbania.org\/2020\/#organization\",\"name\":\"Kisha Orthodhokse Autoqefale e Shqip\u00ebris\u00eb\",\"url\":\"https:\/\/orthodoxalbania.org\/2020\/\",\"logo\":{\"@type\":\"ImageObject\",\"inLanguage\":\"en-US\",\"@id\":\"https:\/\/orthodoxalbania.org\/2020\/#\/schema\/logo\/image\/\",\"url\":\"https:\/\/orthodoxalbania.org\/2020\/wp-content\/uploads\/2020\/05\/albania.jpeg\",\"contentUrl\":\"https:\/\/orthodoxalbania.org\/2020\/wp-content\/uploads\/2020\/05\/albania.jpeg\",\"width\":540,\"height\":540,\"caption\":\"Kisha Orthodhokse Autoqefale e Shqip\u00ebris\u00eb\"},\"image\":{\"@id\":\"https:\/\/orthodoxalbania.org\/2020\/#\/schema\/logo\/image\/\"},\"sameAs\":[\"https:\/\/www.facebook.com\/koash1991\"]},{\"@type\":\"Person\",\"@id\":\"https:\/\/orthodoxalbania.org\/2020\/#\/schema\/person\/0c387634a7063ac612d7ed9ce71c7e86\",\"name\":\"Kisha Orthodhokse\",\"image\":{\"@type\":\"ImageObject\",\"inLanguage\":\"en-US\",\"@id\":\"https:\/\/secure.gravatar.com\/avatar\/596e7c417251e30f2fbb9c00e026fce61a695a00e51c889caded71c96cbbdde5?s=96&d=mm&r=g\",\"url\":\"https:\/\/secure.gravatar.com\/avatar\/596e7c417251e30f2fbb9c00e026fce61a695a00e51c889caded71c96cbbdde5?s=96&d=mm&r=g\",\"contentUrl\":\"https:\/\/secure.gravatar.com\/avatar\/596e7c417251e30f2fbb9c00e026fce61a695a00e51c889caded71c96cbbdde5?s=96&d=mm&r=g\",\"caption\":\"Kisha Orthodhokse\"}}]}<\/script>\n<!-- \/ Yoast SEO plugin. -->","yoast_head_json":{"title":"Botohet p\u00ebr her\u00eb t\u00eb par\u00eb n\u00eb faksimile Kat\u00ebrungjill\u00ebshi i shek. X. (Kodiku i Kor\u00e7\u00ebs 93). (19 Dhjetor 2012) - Kisha Orthodh\u03bfkse Autoqefale e Shqip\u00ebris\u00eb","robots":{"index":"index","follow":"follow","max-snippet":"max-snippet:-1","max-image-preview":"max-image-preview:large","max-video-preview":"max-video-preview:-1"},"canonical":"https:\/\/orthodoxalbania.org\/2020\/2013\/03\/21\/botohet-per-here-te-pare-ne-faksimile-katerungjilleshi-i-shek-x-kodiku-i-korces-93\/","og_locale":"en_US","og_type":"article","og_title":"Botohet p\u00ebr her\u00eb t\u00eb par\u00eb n\u00eb faksimile Kat\u00ebrungjill\u00ebshi i shek. X. (Kodiku i Kor\u00e7\u00ebs 93). (19 Dhjetor 2012) - Kisha Orthodh\u03bfkse Autoqefale e Shqip\u00ebris\u00eb","og_description":"&nbsp;&nbsp;&nbsp; Kodiku i Kor\u00e7\u00ebs 93 \u00ebsht\u00eb pjes\u00eb e koleksionit prej 100 dor\u00ebshkrimesh bizantine dhe pasbizantine q\u00eb sot ruhen n\u00eb Arkivin Qendror Shtet\u00ebror t\u00eb Tiran\u00ebs n\u00eb Shqip\u00ebri. Kodiku i p\u00ebrket shek. X, \u00ebsht\u00eb i shkruar n\u00eb form\u00eb kryqi, nj\u00eb dukuri mjaft e rrall\u00eb n\u00eb tradit\u00ebn e dor\u00ebshkrimeve bizantine dhe p\u00ebrb\u00ebn nj\u00eb nga shembujt m\u00eb t\u00eb vjet\u00ebr t\u00eb k\u00ebsaj kategoria n\u00eb rang bot\u00ebror. Shkrimi i p\u00ebrket tipit","og_url":"https:\/\/orthodoxalbania.org\/2020\/2013\/03\/21\/botohet-per-here-te-pare-ne-faksimile-katerungjilleshi-i-shek-x-kodiku-i-korces-93\/","og_site_name":"Kisha Orthodh\u03bfkse Autoqefale e Shqip\u00ebris\u00eb","article_publisher":"https:\/\/www.facebook.com\/koash1991","article_published_time":"2013-03-21T12:34:04+00:00","article_modified_time":"2020-04-06T20:05:53+00:00","og_image":[{"url":"https:\/\/lh4.googleusercontent.com\/-El_Wtj8khzY\/U_cWjtk0hpI\/AAAAAAAAA-4\/lIM0mhffucw\/w640-h449-no\/kodiku%2B1.jpg","type":"","width":"","height":""}],"author":"Kisha Orthodhokse","twitter_card":"summary_large_image","twitter_misc":{"Written by":"Kisha Orthodhokse","Est. reading time":"2 minutes"},"schema":{"@context":"https:\/\/schema.org","@graph":[{"@type":"Article","@id":"https:\/\/orthodoxalbania.org\/2020\/2013\/03\/21\/botohet-per-here-te-pare-ne-faksimile-katerungjilleshi-i-shek-x-kodiku-i-korces-93\/#article","isPartOf":{"@id":"https:\/\/orthodoxalbania.org\/2020\/2013\/03\/21\/botohet-per-here-te-pare-ne-faksimile-katerungjilleshi-i-shek-x-kodiku-i-korces-93\/"},"author":{"name":"Kisha Orthodhokse","@id":"https:\/\/orthodoxalbania.org\/2020\/#\/schema\/person\/0c387634a7063ac612d7ed9ce71c7e86"},"headline":"Botohet p\u00ebr her\u00eb t\u00eb par\u00eb n\u00eb faksimile Kat\u00ebrungjill\u00ebshi i shek. X. (Kodiku i Kor\u00e7\u00ebs 93). (19 Dhjetor 2012)","datePublished":"2013-03-21T12:34:04+00:00","dateModified":"2020-04-06T20:05:53+00:00","mainEntityOfPage":{"@id":"https:\/\/orthodoxalbania.org\/2020\/2013\/03\/21\/botohet-per-here-te-pare-ne-faksimile-katerungjilleshi-i-shek-x-kodiku-i-korces-93\/"},"wordCount":487,"commentCount":0,"publisher":{"@id":"https:\/\/orthodoxalbania.org\/2020\/#organization"},"image":{"@id":"https:\/\/orthodoxalbania.org\/2020\/2013\/03\/21\/botohet-per-here-te-pare-ne-faksimile-katerungjilleshi-i-shek-x-kodiku-i-korces-93\/#primaryimage"},"thumbnailUrl":"https:\/\/lh4.googleusercontent.com\/-El_Wtj8khzY\/U_cWjtk0hpI\/AAAAAAAAA-4\/lIM0mhffucw\/w640-h449-no\/kodiku%2B1.jpg","keywords":["2012","Kryepiskopata Tiran\u00eb","lajme","PromovimePublikime"],"articleSection":["Lajme"],"inLanguage":"en-US"},{"@type":"WebPage","@id":"https:\/\/orthodoxalbania.org\/2020\/2013\/03\/21\/botohet-per-here-te-pare-ne-faksimile-katerungjilleshi-i-shek-x-kodiku-i-korces-93\/","url":"https:\/\/orthodoxalbania.org\/2020\/2013\/03\/21\/botohet-per-here-te-pare-ne-faksimile-katerungjilleshi-i-shek-x-kodiku-i-korces-93\/","name":"Botohet p\u00ebr her\u00eb t\u00eb par\u00eb n\u00eb faksimile Kat\u00ebrungjill\u00ebshi i shek. X. (Kodiku i Kor\u00e7\u00ebs 93). (19 Dhjetor 2012) - Kisha Orthodh\u03bfkse Autoqefale e Shqip\u00ebris\u00eb","isPartOf":{"@id":"https:\/\/orthodoxalbania.org\/2020\/#website"},"primaryImageOfPage":{"@id":"https:\/\/orthodoxalbania.org\/2020\/2013\/03\/21\/botohet-per-here-te-pare-ne-faksimile-katerungjilleshi-i-shek-x-kodiku-i-korces-93\/#primaryimage"},"image":{"@id":"https:\/\/orthodoxalbania.org\/2020\/2013\/03\/21\/botohet-per-here-te-pare-ne-faksimile-katerungjilleshi-i-shek-x-kodiku-i-korces-93\/#primaryimage"},"thumbnailUrl":"https:\/\/lh4.googleusercontent.com\/-El_Wtj8khzY\/U_cWjtk0hpI\/AAAAAAAAA-4\/lIM0mhffucw\/w640-h449-no\/kodiku%2B1.jpg","datePublished":"2013-03-21T12:34:04+00:00","dateModified":"2020-04-06T20:05:53+00:00","breadcrumb":{"@id":"https:\/\/orthodoxalbania.org\/2020\/2013\/03\/21\/botohet-per-here-te-pare-ne-faksimile-katerungjilleshi-i-shek-x-kodiku-i-korces-93\/#breadcrumb"},"inLanguage":"en-US","potentialAction":[{"@type":"ReadAction","target":["https:\/\/orthodoxalbania.org\/2020\/2013\/03\/21\/botohet-per-here-te-pare-ne-faksimile-katerungjilleshi-i-shek-x-kodiku-i-korces-93\/"]}]},{"@type":"ImageObject","inLanguage":"en-US","@id":"https:\/\/orthodoxalbania.org\/2020\/2013\/03\/21\/botohet-per-here-te-pare-ne-faksimile-katerungjilleshi-i-shek-x-kodiku-i-korces-93\/#primaryimage","url":"https:\/\/lh4.googleusercontent.com\/-El_Wtj8khzY\/U_cWjtk0hpI\/AAAAAAAAA-4\/lIM0mhffucw\/w640-h449-no\/kodiku%2B1.jpg","contentUrl":"https:\/\/lh4.googleusercontent.com\/-El_Wtj8khzY\/U_cWjtk0hpI\/AAAAAAAAA-4\/lIM0mhffucw\/w640-h449-no\/kodiku%2B1.jpg"},{"@type":"BreadcrumbList","@id":"https:\/\/orthodoxalbania.org\/2020\/2013\/03\/21\/botohet-per-here-te-pare-ne-faksimile-katerungjilleshi-i-shek-x-kodiku-i-korces-93\/#breadcrumb","itemListElement":[{"@type":"ListItem","position":1,"name":"Home","item":"https:\/\/orthodoxalbania.org\/2020\/"},{"@type":"ListItem","position":2,"name":"Botohet p\u00ebr her\u00eb t\u00eb par\u00eb n\u00eb faksimile Kat\u00ebrungjill\u00ebshi i shek. X. (Kodiku i Kor\u00e7\u00ebs 93). (19 Dhjetor 2012)"}]},{"@type":"WebSite","@id":"https:\/\/orthodoxalbania.org\/2020\/#website","url":"https:\/\/orthodoxalbania.org\/2020\/","name":"Kisha Orthodh\u03bfkse Autoqefale e Shqip\u00ebris\u00eb","description":"Fqja Zyrtare e Kish\u00ebs Orthodhokse Autoqefale e Shqip\u00ebris\u00eb me lajmet edhe informacionet zyrtare p\u00ebr struktur\u00ebn edhe veprimtarin e saj.","publisher":{"@id":"https:\/\/orthodoxalbania.org\/2020\/#organization"},"potentialAction":[{"@type":"SearchAction","target":{"@type":"EntryPoint","urlTemplate":"https:\/\/orthodoxalbania.org\/2020\/?s={search_term_string}"},"query-input":{"@type":"PropertyValueSpecification","valueRequired":true,"valueName":"search_term_string"}}],"inLanguage":"en-US"},{"@type":"Organization","@id":"https:\/\/orthodoxalbania.org\/2020\/#organization","name":"Kisha Orthodhokse Autoqefale e Shqip\u00ebris\u00eb","url":"https:\/\/orthodoxalbania.org\/2020\/","logo":{"@type":"ImageObject","inLanguage":"en-US","@id":"https:\/\/orthodoxalbania.org\/2020\/#\/schema\/logo\/image\/","url":"https:\/\/orthodoxalbania.org\/2020\/wp-content\/uploads\/2020\/05\/albania.jpeg","contentUrl":"https:\/\/orthodoxalbania.org\/2020\/wp-content\/uploads\/2020\/05\/albania.jpeg","width":540,"height":540,"caption":"Kisha Orthodhokse Autoqefale e Shqip\u00ebris\u00eb"},"image":{"@id":"https:\/\/orthodoxalbania.org\/2020\/#\/schema\/logo\/image\/"},"sameAs":["https:\/\/www.facebook.com\/koash1991"]},{"@type":"Person","@id":"https:\/\/orthodoxalbania.org\/2020\/#\/schema\/person\/0c387634a7063ac612d7ed9ce71c7e86","name":"Kisha Orthodhokse","image":{"@type":"ImageObject","inLanguage":"en-US","@id":"https:\/\/secure.gravatar.com\/avatar\/596e7c417251e30f2fbb9c00e026fce61a695a00e51c889caded71c96cbbdde5?s=96&d=mm&r=g","url":"https:\/\/secure.gravatar.com\/avatar\/596e7c417251e30f2fbb9c00e026fce61a695a00e51c889caded71c96cbbdde5?s=96&d=mm&r=g","contentUrl":"https:\/\/secure.gravatar.com\/avatar\/596e7c417251e30f2fbb9c00e026fce61a695a00e51c889caded71c96cbbdde5?s=96&d=mm&r=g","caption":"Kisha Orthodhokse"}}]}},"_links":{"self":[{"href":"https:\/\/orthodoxalbania.org\/2020\/wp-json\/wp\/v2\/posts\/318","targetHints":{"allow":["GET"]}}],"collection":[{"href":"https:\/\/orthodoxalbania.org\/2020\/wp-json\/wp\/v2\/posts"}],"about":[{"href":"https:\/\/orthodoxalbania.org\/2020\/wp-json\/wp\/v2\/types\/post"}],"author":[{"embeddable":true,"href":"https:\/\/orthodoxalbania.org\/2020\/wp-json\/wp\/v2\/users\/1"}],"replies":[{"embeddable":true,"href":"https:\/\/orthodoxalbania.org\/2020\/wp-json\/wp\/v2\/comments?post=318"}],"version-history":[{"count":1,"href":"https:\/\/orthodoxalbania.org\/2020\/wp-json\/wp\/v2\/posts\/318\/revisions"}],"predecessor-version":[{"id":15273,"href":"https:\/\/orthodoxalbania.org\/2020\/wp-json\/wp\/v2\/posts\/318\/revisions\/15273"}],"wp:attachment":[{"href":"https:\/\/orthodoxalbania.org\/2020\/wp-json\/wp\/v2\/media?parent=318"}],"wp:term":[{"taxonomy":"category","embeddable":true,"href":"https:\/\/orthodoxalbania.org\/2020\/wp-json\/wp\/v2\/categories?post=318"},{"taxonomy":"post_tag","embeddable":true,"href":"https:\/\/orthodoxalbania.org\/2020\/wp-json\/wp\/v2\/tags?post=318"}],"curies":[{"name":"wp","href":"https:\/\/api.w.org\/{rel}","templated":true}]}}