{"id":3177,"date":"2012-09-13T11:38:47","date_gmt":"2012-09-13T11:38:47","guid":{"rendered":""},"modified":"2026-04-28T14:02:36","modified_gmt":"2026-04-28T12:02:36","slug":"sinodi-i-shenjte","status":"publish","type":"post","link":"https:\/\/orthodoxalbania.org\/2020\/2012\/09\/13\/sinodi-i-shenjte\/","title":{"rendered":"Sinodi i Shenjt\u00eb"},"content":{"rendered":"<div class=\"fusion-fullwidth fullwidth-box fusion-builder-row-1 nonhundred-percent-fullwidth non-hundred-percent-height-scrolling\" style=\"--awb-border-radius-top-left:0px;--awb-border-radius-top-right:0px;--awb-border-radius-bottom-right:0px;--awb-border-radius-bottom-left:0px;--awb-flex-wrap:wrap;\" ><div class=\"fusion-builder-row fusion-row\"><div class=\"fusion-layout-column fusion_builder_column fusion-builder-column-0 fusion_builder_column_2_3 2_3 fusion-two-third fusion-column-first\" style=\"--awb-bg-size:cover;width:66.666666666667%;width:calc(66.666666666667% - ( ( 4% ) * 0.66666666666667 ) );margin-right: 4%;\"><div class=\"fusion-column-wrapper fusion-column-has-shadow fusion-flex-column-wrapper-legacy\"><div class=\"fusion-title title fusion-title-1 fusion-sep-none fusion-title-center fusion-title-text fusion-title-size-one\"><h1 class=\"fusion-title-heading title-heading-center fusion-responsive-typography-calculated\" style=\"margin:0;--fontSize:32;line-height:1.25;\"><h3 style=\"text-align: center;\"><strong>Historik i shkurt\u00ebr (1992 \u2013 sot)<\/strong><\/h3><\/h1><\/div><div class=\"fusion-sep-clear\"><\/div><div class=\"fusion-separator fusion-full-width-sep\" style=\"margin-left: auto;margin-right: auto;width:100%;\"><div class=\"fusion-separator-border sep-shadow\" style=\"--awb-height:20px;--awb-amount:20px;background:radial-gradient(ellipse at 50% -50% , #E8E6E5 0px, rgba(255, 255, 255, 0) 80%) repeat scroll 0 0 rgba(0, 0, 0, 0);background:-webkit-radial-gradient(ellipse at 50% -50% , #E8E6E5 0px, rgba(255, 255, 255, 0) 80%) repeat scroll 0 0 rgba(0, 0, 0, 0);background:-moz-radial-gradient(ellipse at 50% -50% , #E8E6E5 0px, rgba(255, 255, 255, 0) 80%) repeat scroll 0 0 rgba(0, 0, 0, 0);background:-o-radial-gradient(ellipse at 50% -50% , #E8E6E5 0px, rgba(255, 255, 255, 0) 80%) repeat scroll 0 0 rgba(0, 0, 0, 0);\"><\/div><\/div><div class=\"fusion-sep-clear\"><\/div><div class=\"fusion-text fusion-text-1\"><p><strong>\u00a0<\/strong><\/p>\n<p style=\"text-align: justify;\">\u2022 N\u00eb vitin 1998, me Hirin e Per\u00ebndis\u00eb, u riformua Sinodi i Shenjt\u00eb i Kish\u00ebs Orthodhokse Autoqefale t\u00eb Shqip\u00ebris\u00eb. M\u00eb 18 korrik 1998, n\u00eb kish\u00ebn \u201cSh\u00ebn Spiridhoni\u201d t\u00eb qytetit t\u00eb Beratit, Fortlumturia e Tij Anastasi, Kryepiskopi i Tiran\u00ebs, Durr\u00ebsit dhe i Gjith\u00eb Shqip\u00ebris\u00eb, kryesoi sh\u00ebrbes\u00ebn e Fron\u00ebzimit t\u00eb Hir\u00ebsis\u00eb s\u00eb Tij <a href=\"https:\/\/orthodoxalbania.org\/2020\/2020\/04\/04\/biografi-e-shkurter-e-hiresise-se-tij-mitropolitit-te-beratit-ignatit\/\">Ignatit<\/a>, si Mitropolit i Beratit, Vlor\u00ebs dhe Kanin\u00ebs, s\u00eb bashku me dy p\u00ebrfaq\u00ebsuesit e Patriarkan\u00ebs Ekumenike, Hir\u00ebsin\u00eb e Tij Evangjelos, Mitropolit i Pergjit dhe Hir\u00ebsin\u00eb e Tij Meliton, Mitropolit i Filadelfias.<\/p>\n<p style=\"text-align: justify;\">Po at\u00eb dit\u00eb, Kryepiskopi Anastas dhe Mitropoliti Ignat formuan s\u00eb bashku b\u00ebrtham\u00ebn e par\u00eb t\u00eb Sinodit t\u00eb Shenjt\u00eb t\u00eb Kish\u00ebs Orthodhokse Autoqefale t\u00eb Shqip\u00ebris\u00eb, dhe s\u00eb bashku me dy p\u00ebrfaq\u00ebsuesit e Patriarkan\u00ebs Ekumenike mbajt\u00ebn n\u00eb Tiran\u00eb nj\u00eb mbledhje t\u00eb jasht\u00ebzakonshme t\u00eb Sinodit t\u00eb Shenjt\u00eb. N\u00eb k\u00ebt\u00eb mbledhje u zgjodh si Mitropolit i Kor\u00e7\u00ebs arkimandriti Joan Pelushi, i cili kishte sh\u00ebrbyer m\u00eb par\u00eb si pedagog dhe dekan i Akademis\u00eb Theologjike \u201cNgjallja e Krishtit\u201d n\u00eb Durr\u00ebs, dhe si Episkop i Apollonis\u00eb dhe Episkop Ndihm\u00ebs i Kryepiskopit u zgjodh i p\u00ebrndershmi prifti ikonom at\u00eb Kozma Qirjo. Ky p\u00ebrfaq\u00ebsonte brezin e vjet\u00ebr t\u00eb prift\u00ebrinjve, i cili me heroiz\u00ebm, gjat\u00eb viteve t\u00eb egra t\u00eb persekutimit fetar, pag\u00ebzonte dhe kryente Liturgji Hyjnore fshehurazi.<\/p>\n<p style=\"text-align: justify;\">M\u00eb 20 korrik 1998, nga Kryepiskopi Anastas dhe Mitropolit\u00ebt e sip\u00ebrp\u00ebrmendur, n\u00eb kish\u00ebn \u201cUngjill\u00ebzimi i Hyjlind\u00ebses\u201d n\u00eb Tiran\u00eb, u krye dor\u00ebzimi n\u00eb grad\u00ebn episkopale i Hir\u00ebsis\u00eb s\u00eb Tij, Mitropolitit t\u00eb Kor\u00e7\u00ebs Joanit, nd\u00ebrsa fron\u00ebzimi i tij u b\u00eb n\u00eb Kor\u00e7\u00eb, m\u00eb 25 korrik 1998, n\u00eb kish\u00ebn mitropolitane \u201cBurimi Jet\u00ebdh\u00ebn\u00ebs\u201d.<\/p>\n<p style=\"text-align: justify;\">M\u00eb 23 korrik 1998, po n\u00eb kish\u00ebn \u201cUngjill\u00ebzimi i Hyjlind\u00ebses\u201d n\u00eb Tiran\u00eb, nga Kryepiskopi Anastas dhe t\u00eb gjith\u00eb an\u00ebtar\u00ebt e Sinodit t\u00eb Shenjt\u00eb, u krye dor\u00ebzimi i Episkopit t\u00eb Apollonis\u00eb Kozmait.<\/p>\n<p style=\"text-align: justify;\">Kryesekretar i P\u00ebrgjithsh\u00ebm i Sinodit t\u00eb Shenjt\u00eb t\u00eb Kish\u00ebs Orthodhokse Autoqefale t\u00eb Shqip\u00ebris\u00eb u caktua Protopresviteri Jani Trebicka.<\/p>\n<p style=\"text-align: justify;\">\u2022 M\u00eb 11 gusht 2000, fjeti n\u00eb Zotin Hir\u00ebsia e Tij Kozmai, duke l\u00ebn\u00eb vakant vendin e Episkopit t\u00eb Apollonis\u00eb.<\/p>\n<p style=\"text-align: justify;\">\u2022 Nga 3-4 n\u00ebntor 2006, n\u00eb Manastirin e Sh\u00ebn Vlashit n\u00eb Durr\u00ebs, u mblodh posa\u00e7\u00ebrisht Asambleja Kleriko-Laike e Kish\u00ebs Orthodhokse Autoqefale t\u00eb Shqip\u00ebris\u00eb, e p\u00ebrb\u00ebr\u00eb nga 257 an\u00ebtar\u00eb, e cila shqyrtoi nen p\u00ebr nen dhe pranoi unanimisht Statutin e Ri t\u00eb Kish\u00ebs. M\u00eb 6 n\u00ebntor, u mblodh Sinodi i Shenjt\u00eb, i cili aprovoi Statutin e Ri t\u00eb Kish\u00ebs Orthodhokse Autoqefale t\u00eb Shqip\u00ebris\u00eb.<\/p>\n<p style=\"text-align: justify;\">\u2022 N\u00eb mbledhjen e Sinodit t\u00eb Shenjt\u00eb t\u00eb dat\u00ebs 11 n\u00ebntor 2006, u vendos q\u00eb t\u00eb ngrihen n\u00eb grad\u00ebn episkopale tre arkimandrit\u00eb t\u00eb Kish\u00ebs son\u00eb: Dhimit\u00ebr Sinaiti, Nikolla Hyka dhe Andon Merdani.<\/p>\n<p style=\"text-align: justify;\"><span style=\"color: #000000;\">\u00a0<\/span><\/p>\n<p style=\"text-align: justify;\"><img decoding=\"async\" class=\"lazyload alignleft\" src=\"data:image\/svg+xml,%3Csvg%20xmlns%3D%27http%3A%2F%2Fwww.w3.org%2F2000%2Fsvg%27%20width%3D%27300%27%20height%3D%27165%27%20viewBox%3D%270%200%20300%20165%27%3E%3Crect%20width%3D%27300%27%20height%3D%27165%27%20fill-opacity%3D%220%22%2F%3E%3C%2Fsvg%3E\" data-orig-src=\"https:\/\/lh4.googleusercontent.com\/-ya_6jzeyQzI\/UQeTCEOcS6I\/AAAAAAAAB8Q\/OQktrAZ0AvM\/s640\/Sinodi%20-%20Janar%202013.jpg\" alt=\"\" width=\"300\" height=\"165\" \/>Arkimandriti Dhimit\u00ebr Sinaiti u caktua Mitropolit i Gjirokastr\u00ebs, mitropoli n\u00eb t\u00eb cil\u00ebn kishte sh\u00ebrbyer 15 vitet e fundit si z\u00ebvend\u00ebsmitropolit. Arkimandriti Nikolla Hyka u caktua Episkop i Apollonis\u00eb dhe arkimandriti Andon Merdani u caktua Episkop i Kruj\u00ebs; ata i p\u00ebrkasin brezit t\u00eb ri t\u00eb klerik\u00ebve t\u00eb formuar n\u00eb Akademin\u00eb Theologjike \u201cNgjallja e Krishtit\u201d n\u00eb Sh\u00ebn Vlash t\u00eb Durr\u00ebsit. T\u00eb dy episkop\u00ebt u caktuan episkop\u00eb ndihm\u00ebs t\u00eb Kryepiskopit.<\/p>\n<p style=\"text-align: justify;\">M\u00eb 16 n\u00ebntor 2006, n\u00eb kish\u00ebn \u201cUngjill\u00ebzimi i Hyjlind\u00ebses\u201d, n\u00eb Tiran\u00eb, u krye dor\u00ebzimi n\u00eb grad\u00ebn episkopale i Mitropolitit t\u00eb Gjirokastr\u00ebs, Hir\u00ebsis\u00eb s\u00eb Tij, <a href=\"https:\/\/orthodoxalbania.org\/2020\/2020\/04\/04\/biografi-e-shkurter-e-mitropolitit-te-gjirokastres-hiresise-se-tij-dhimitrit\/\">Dhimitrit<\/a>, nga Kryepiskopi Anastas dhe t\u00eb gjith\u00eb an\u00ebtar\u00ebt e Sinodit t\u00eb Shenjt\u00eb, nd\u00ebrsa fron\u00ebzimi i tij u krye n\u00eb Gjirokast\u00ebr, m\u00eb 26 n\u00ebntor, n\u00eb kish\u00ebn e Kryeengj\u00ebjve. Hir\u00ebsis\u00eb s\u00eb Tij, <a href=\"https:\/\/orthodoxalbania.org\/2020\/2020\/04\/04\/biografi-e-shkurter-e-mitropolitit-te-gjirokastres-hiresise-se-tij-dhimitrit\/\">Dhimitri<\/a> fjeti n\u00eb Zotin me 28.06.2025\u00a0 n\u00eb mosh\u00ebn 85.<\/p>\n<p style=\"text-align: justify;\">M\u00eb 19 n\u00ebntor dhe 21 n\u00ebntor 2006, n\u00eb kish\u00ebn \u201cUngjill\u00ebzimi i Hyjlind\u00ebses\u201d, n\u00eb Tiran\u00eb, nga Kryepiskopi Anastas dhe t\u00eb gjith\u00eb an\u00ebtar\u00ebt e Sinodit t\u00eb Shenjt\u00eb u krye dor\u00ebzimi n\u00eb grad\u00ebn episkopale i Episkopit t\u00eb Apollonis\u00eb, Nikoll\u00ebs dhe i Episkopit t\u00eb Kruj\u00ebs, Andonit.<\/p>\n<p style=\"text-align: justify;\">\u2022 Pas propozimit t\u00eb K\u00ebshillit Kleriko-Laik, si\u00e7 e p\u00ebrcakton Statuti i Ri i Kish\u00ebs son\u00eb, m\u00eb 19 janar 2012, n\u00eb mbledhjen e tij, Sinodi i Shenjt\u00eb i Kish\u00ebs Orthodhokse Autoqefale t\u00eb Shqip\u00ebris\u00eb, zgjodhi dy episkop\u00eb t\u00eb rinj titullar\u00eb. N\u00eb baz\u00eb t\u00eb Statutit t\u00eb Ri t\u00eb Kish\u00ebs Orthodhokse Autoqefale t\u00eb Shqip\u00ebris\u00eb (nenet 17, 18), Sinodi i Shenjt\u00eb vendosi me vota unanime si Episkop t\u00eb Amantias, arkimandritin Nathanail Lavrioti dhe si Episkop t\u00eb Bylisit, arkimandritin Asti Bakallbashi. Edhe k\u00ebta episkop\u00eb titullar\u00eb, ndihm\u00ebs t\u00eb Kryepiskopit, jan\u00eb an\u00ebtar\u00eb me t\u00eb drejta t\u00eb plota n\u00eb Sinodin e Shenjt\u00eb.<\/p>\n<p style=\"text-align: justify;\">Dor\u00ebzimet n\u00eb grad\u00ebn episkopale t\u00eb Episkopit t\u00eb Amantias, Hir\u00ebsis\u00eb s\u00eb Tij, Nathanailit, dhe Episkopit t\u00eb Bylisit, Hir\u00ebsis\u00eb s\u00eb Tij, Astit, u kryen nga Kryepiskopi Anastas, me pjes\u00ebmarrjen e gjith\u00eb Sinodit t\u00eb Shenjt\u00eb, n\u00eb kish\u00ebn \u201cUngjill\u00ebzimi i Hyjlind\u00ebses\u201d n\u00eb Tiran\u00eb, dt. 21 janar dhe 22 janar 2012. Edhe k\u00ebta episkop\u00eb mbulojn\u00eb sektor\u00eb t\u00eb caktuar t\u00eb jet\u00ebs kishtare: Hir\u00ebsi Nathanaili \u201cMbik\u00ebqyrjen e pasuris\u00eb s\u00eb Manastireve\u201d dhe Hir\u00ebsi Asti \u201cDhjakonin\u00eb Apostolike\u201d (Sh\u00ebrbimin Apostullor).<\/p>\n<p style=\"text-align: justify;\">\u2022 M\u00eb 11 dhe 12 mars 2016, n\u00eb Manastirin e Ri t\u00eb Sh\u00ebn Vlashit n\u00eb Durr\u00ebs, n\u00ebn kryesimin e Fortlumturis\u00eb s\u00eb Tij, Kryepiskopit t\u00eb Tiran\u00ebs, Durr\u00ebsit dhe t\u00eb Gjith\u00eb Shqip\u00ebris\u00eb, Anastasit, u mblodh Asambleja Kleriko-Laike e Kish\u00ebs Orthodhokse Autoqefale t\u00eb Shqip\u00ebris\u00eb, e p\u00ebrb\u00ebr\u00eb nga 280 an\u00ebtar\u00eb. Ajo shqyrtoi dhe aprovoi nj\u00ebz\u00ebri plot\u00ebsimin dhe p\u00ebrmir\u00ebsimin e disa neneve t\u00eb Statutit t\u00eb Kish\u00ebs Orthodhokse Autoqefale t\u00eb Shqip\u00ebris\u00eb, ku ve\u00e7ohej mes t\u00eb tjerash krijimi i dy Mitropolive t\u00eb reja, e Apollonis\u00eb dhe Fierit, dhe e Elbasanit.<\/p>\n<p style=\"text-align: justify;\">\u2022 M\u00eb 7 prill 2016, u mblodh Sinodi i Shenjt\u00eb, i cili aprovoi plot\u00ebsimet n\u00eb Statutin e Kish\u00ebs Orthodhokse Autoqefale t\u00eb Shqip\u00ebris\u00eb. Sinodi i Shenjt\u00eb themeloi dy mitropoli t\u00eb reja: a) Mitropolin\u00eb e Shenjt\u00eb t\u00eb Apollonis\u00eb dhe t\u00eb Fierit, ku b\u00ebn pjes\u00eb rrethi i Fierit, zona e Patosit dhe e Libofsh\u00ebs, t\u00eb shk\u00ebputura k\u00ebto nga Mitropolia e Beratit, Kanin\u00ebs dhe Vlor\u00ebs; b) Mitropolin\u00eb e Shenjt\u00eb t\u00eb Elbasanit, ku b\u00ebjn\u00eb pjes\u00eb zonat e Elbasanit, Shpatit dhe Librazhdit, t\u00eb shk\u00ebputura nga Kryepiskopata e Tiran\u00ebs dhe Durr\u00ebsit. N\u00eb p\u00ebrputhje me Statutin, pas propozimit t\u00eb K\u00ebshillit Kleriko-Laik, Sinodi i Shenjt\u00eb nd\u00ebrmori plot\u00ebsimin e vendeve vakante t\u00eb Mitropolive t\u00eb sapokrijuara me an\u00eb t\u00eb votimit t\u00eb rregullt. P\u00ebr Mitropolin\u00eb e Apollonis\u00eb dhe t\u00eb Fierit, u zgjodh Hir\u00ebsia e Tij, Episkopi i Apollonis\u00eb Nikolla (Hyka). P\u00ebr Mitropolin\u00eb e Elbasanit, u zgjodh Hir\u00ebsia e Tij, Episkopi i Kruj\u00ebs Andoni (Merdani). M\u00eb pas Sinodi i Shenjt\u00eb ngriti Episkopat\u00ebn e Amantias n\u00eb rang Mitropolie n\u00eb personin e Hir\u00ebsis\u00eb s\u00eb Tij, Episkopit Nathanail (Lavrioti, Stergiu). N\u00eb vazhdim, n\u00eb kish\u00ebz\u00ebn e Trinis\u00eb s\u00eb Shenjt\u00eb n\u00eb Qendr\u00ebn Sinodike, u dhan\u00eb Mesazhet e M\u00ebdha p\u00ebrkat\u00ebse.<\/p>\n<p style=\"text-align: justify;\">T\u00eb shtun\u00ebn, dt. 16 prill, n\u00eb katedralen e Sh\u00ebn Gjergjit, n\u00eb Fier, u krye Fron\u00ebzimi i Mitropolitit t\u00eb Apollonis\u00eb dhe Fierit, Hir\u00ebsi Nikoll\u00ebs.<\/p>\n<p style=\"text-align: justify;\">T\u00eb diel\u00ebn, dt. 17 prill, n\u00eb kish\u00ebn e Sh\u00ebn Nikoll\u00ebs, n\u00eb Elbasan, u krye Fron\u00ebzimi i Mitropolitit t\u00eb Elbasanit, Hir\u00ebsi Andonit.<\/p>\n<p style=\"text-align: justify;\">M\u00eb 20 korrik 2024, pas nj\u00eb s\u00ebmundjeje t\u00eb gjat\u00eb, nd\u00ebrroi jet\u00eb Mitropoliti i Beratit, Hir\u00ebsi <a href=\"https:\/\/orthodoxalbania.org\/2020\/2020\/04\/04\/biografi-e-shkurter-e-hiresise-se-tij-mitropolitit-te-beratit-ignatit\/\">Ignati<\/a>, n\u00eb mosh\u00ebn 89 vje\u00e7are, pas nj\u00eb sh\u00ebrbimi plot p\u00ebrkushtim p\u00ebr mbi 2 dekadash n\u00eb krye t\u00eb grigj\u00ebs q\u00eb iu caktua.<\/p>\n<p style=\"text-align: justify;\">Pas jet\u00ebnd\u00ebrrimit t\u00eb Tij, Sinodi i Shenjt\u00eb u mblodh m\u00eb 14 n\u00ebntor 2024, n\u00eb selin\u00eb e Kryepiskopat\u00ebs s\u00eb hirshme t\u00eb Tiran\u00ebs, n\u00eb kryesimin e Kryepiskopit Anastas, p\u00ebr zgjedhjen e Mitropolitit t\u00eb ri n\u00eb krye t\u00eb k\u00ebsaj Mitropolie. Mbledhjes s\u00eb Sinodit t\u00eb Shenjt\u00eb, sipas Statutit, i parapriu ajo e K\u00ebshillit Kleriko-Laik, ku u paraqit\u00ebn propozimet. Me vota unanime, Sinodi zgjodhi si Mitropolit t\u00eb Beratit, Vlor\u00ebs dhe Kanin\u00ebs Hir\u00ebsi Astin, Episkopin e deriat\u00ebhersh\u00ebm t\u00eb Bylisit. Fron\u00ebzimi i tij u krye m\u00eb 21 n\u00ebntor 2024, n\u00eb Katedralen e Sh\u00ebn Dhimitrit, n\u00eb Berat.<\/p>\n<p style=\"text-align: justify;\">M\u00eb 9 dhjetor 2024, Sinodit t\u00eb Shenjt\u00eb iu shtua edhe nj\u00eb episkop i ri, Hir\u00ebsi Anastas (Mamaj), i cili u zgjodh me vota unanime nga t\u00eb gjith\u00eb an\u00ebtar\u00ebt e Sinodit, si episkop ndihm\u00ebs i Kryepisopit Anastas dhe Episkop i Kruj\u00ebs. Dor\u00ebzimi i tij u krye m\u00eb 15 dhjetor 2024 n\u00eb Katedralen \u201cNgjallja e Krishtit\u201d, n\u00eb Tiran\u00eb.<\/p>\n<p style=\"text-align: justify;\">M\u00eb 16 Mars 2025, Fortlumturia e Tij, Mitropoliti i Kor\u00e7\u00ebs, Imzot Joani, u zgjodh me vot\u00eb unanime Kryepiskop i Tiran\u00ebs, Durr\u00ebsit dhe gjith\u00eb Shqip\u00ebris\u00eb, duke pasuar t\u00eb ndjerin Kryepiskop Anastas.<\/p>\n<p style=\"text-align: justify;\">M\u00eb 16 shtator 2025, Hir\u00ebsi Nathanaili u zgjodh unanimisht Mitropolit i Gjirokastr\u00ebs nga Sinodi i Shenjt\u00eb i Kish\u00ebs Orthodhokse Autoqefale t\u00eb Shqip\u00ebris\u00eb, n\u00eb kryesimin e Fortlumturis\u00eb s\u00eb Tij, Kryepiskopit Joan. Deri n\u00eb zgjedhjen e tij, Hir\u00ebsia sh\u00ebrbente si Mitropolit Titullar i Amantias q\u00eb nga viti 2016. Ishte gjithashtu p\u00ebr mjaft vite Kryesekretar i Sinodit t\u00eb Shenjt\u00eb dhe p\u00ebrgjegj\u00ebs p\u00ebr kujdesin e Katedrales s\u00eb Ngjalljes s\u00eb Krishtit n\u00eb Tiran\u00eb. \u00a0Fron\u00ebzimi i Tij u krye m\u00eb 20 Shtator 2025 n\u00eb Katedralen e Ngjalljes s\u00eb Krishtit n\u00eb Gjirokast\u00ebr.<\/p>\n<p style=\"text-align: justify;\">\u039c\u00eb 16 shtator 2025, Hir\u00ebsi Anastasi u zgjodh unanimisht Mitropolit i Kor\u00e7\u00ebs nga Sinodi i Shenjt\u00eb i Kish\u00ebs Orthodhokse Autoqefale t\u00eb Shqip\u00ebris\u00eb, n\u00eb kryesimin e Fortlumturis\u00eb s\u00eb Tij, Kryepiskopit Joan. Deri n\u00eb zgjedhjen e tij, Hir\u00ebsia sh\u00ebrbente si Episkop i Kruj\u00ebs dhe, nga 3 dhjetori i vitit t\u00eb kaluar, si Protosingjel i Kryepiskopat\u00ebs s\u00eb Tiran\u00ebs dhe Durr\u00ebsit. Fron\u00ebzimi i tij u krye n\u00eb 27.09.2025 n\u00eb Katedralen e Ngjalljes s\u00eb Krishtit n\u00eb Kor\u00e7\u00eb.<\/p>\n<p style=\"text-align: justify;\">M\u00eb 28 Prill 2026, u zgjodh me vota unanime Arkimandriti Ignat (Todrin) si Episkop t\u00eb Episkopat\u00ebs s\u00eb Shenjt\u00eb t\u00eb Amantias, i cili, sipas Statusit t\u00eb Kish\u00ebs, do t\u00eb jet\u00eb an\u00ebtar i Sinodit t\u00eb Sh\u00ebnjt\u00eb. Fron\u00ebzimi i tij u krye n\u00eb 03,05,2026 n\u00eb Katedralen e Ngjalljes s\u00eb Krishtit, n\u00eb Tiran\u00eb.<\/p>\n<p style=\"text-align: justify;\">Me k\u00ebto ndryshime Sinodi i Shenjt\u00eb i Kish\u00ebs Orthodhokse Autoqefale t\u00eb Shqip\u00ebris\u00eb p\u00ebrb\u00ebhet nga:<\/p>\n<ul>\n<li style=\"text-align: justify;\">Kryepiskopi <strong>Joan<\/strong>, Kryetar;<\/li>\n<li>Mitropoliti i Kor\u00e7\u00ebs Hir\u00ebsia e Tij, <strong>Anastasi<\/strong>;<\/li>\n<li>Mitropoliti i Gjirokastr\u00ebs, Hir\u00ebsia e Tij, <strong>Nathanaili<\/strong>;<\/li>\n<li>Mitropoliti i Apollonis\u00eb dhe Fierit, Hir\u00ebsia e Tij, <strong>Nikolla<\/strong>;<\/li>\n<li>Mitropoliti i Elbasanit, Hir\u00ebsia e Tij, <strong>Andoni<\/strong>;<\/li>\n<li>Mitropoliti i Beratit, Vlor\u00ebs &amp; Kanin\u00ebs, Hir\u00ebsia e Tij, <strong>Asti<\/strong>;<\/li>\n<li>Mitropoliti i Amantias, Hir\u00ebsia e Tij <strong>Ignati;<\/strong><\/li>\n<\/ul>\n<p style=\"text-align: justify;\"><span style=\"color: #000000;\">\u00a0<\/span><\/p>\n<\/div><div class=\"fusion-clearfix\"><\/div><\/div><\/div><div class=\"fusion-layout-column fusion_builder_column fusion-builder-column-1 fusion_builder_column_1_3 1_3 fusion-one-third fusion-column-last\" style=\"--awb-bg-size:cover;width:33.333333333333%;width:calc(33.333333333333% - ( ( 4% ) * 0.33333333333333 ) );\"><div class=\"fusion-column-wrapper fusion-column-has-shadow fusion-flex-column-wrapper-legacy\"><div class=\"fusion-title title fusion-title-2 fusion-sep-none fusion-title-center fusion-title-highlight fusion-animate-loop fusion-highlight-underline fusion-title-size-four\" style=\"--awb-highlight-color:rgba(232,16,4,0.8);--awb-highlight-width:4;--awb-font-size:25px;\" data-highlight=\"underline\"><h4 class=\"fusion-title-heading title-heading-center fusion-responsive-typography-calculated\" style=\"margin:0;font-size:1em;--fontSize:25;line-height:1.35;\"><span class=\"fusion-highlighted-text-prefix\"><\/span> <span class=\"fusion-highlighted-text-wrapper\"><span class=\"fusion-highlighted-text\">Sinodi i Shenjt\u00eb<\/span><svg xmlns=\"http:\/\/www.w3.org\/2000\/svg\" viewBox=\"0 0 500 150\" preserveAspectRatio=\"none\"><path d=\"M8.1,146.2c0,0,240.6-55.6,479-13.8\"><\/path><\/svg><\/span> <span class=\"fusion-highlighted-text-postfix\">i Kish\u00ebs Orthodhokse Autoqefale t\u00eb Shqip\u00ebris\u00eb<\/span><\/h4><\/div><div class=\"fusion-sep-clear\"><\/div><div class=\"fusion-separator fusion-full-width-sep\" style=\"margin-left: auto;margin-right: auto;margin-bottom:20px;width:100%;\"><div class=\"fusion-separator-border sep-shadow\" style=\"--awb-height:20px;--awb-amount:20px;background:radial-gradient(ellipse at 50% -50% , #E8E6E5 0px, rgba(255, 255, 255, 0) 80%) repeat scroll 0 0 rgba(0, 0, 0, 0);background:-webkit-radial-gradient(ellipse at 50% -50% , #E8E6E5 0px, rgba(255, 255, 255, 0) 80%) repeat scroll 0 0 rgba(0, 0, 0, 0);background:-moz-radial-gradient(ellipse at 50% -50% , #E8E6E5 0px, rgba(255, 255, 255, 0) 80%) repeat scroll 0 0 rgba(0, 0, 0, 0);background:-o-radial-gradient(ellipse at 50% -50% , #E8E6E5 0px, rgba(255, 255, 255, 0) 80%) repeat scroll 0 0 rgba(0, 0, 0, 0);\"><\/div><\/div><div class=\"fusion-sep-clear\"><\/div><ul style=\"--awb-line-height:27.2px;--awb-icon-width:27.2px;--awb-icon-height:27.2px;--awb-icon-margin:11.2px;--awb-content-margin:38.4px;--awb-circlecolor:#f44336;--awb-circle-yes-font-size:14.08px;\" class=\"fusion-checklist fusion-checklist-1 fusion-checklist-default type-icons\"><li class=\"fusion-li-item\" style=\"\"><span class=\"icon-wrapper circle-yes\"><i class=\"fusion-li-icon fa-cross fas\" aria-hidden=\"true\"><\/i><\/span><div class=\"fusion-li-item-content\">\n<p>Kryepiskopi i Tiran\u00ebs, Durr\u00ebsit dhe i Gjith\u00eb Shqip\u00ebris\u00eb, Fortlumturia e Tij, <strong>Joani<\/strong><\/p>\n<\/div><\/li><li class=\"fusion-li-item\" style=\"\"><span class=\"icon-wrapper circle-yes\"><i class=\"fusion-li-icon fa-cross fas\" aria-hidden=\"true\"><\/i><\/span><div class=\"fusion-li-item-content\">\n<p>Mitropoliti i Kor\u00e7\u00ebs Hr\u00ebsia e Tij, <strong>Anastasi<\/strong><\/p>\n<\/div><\/li><li class=\"fusion-li-item\" style=\"\"><span class=\"icon-wrapper circle-yes\"><i class=\"fusion-li-icon fa-cross fas\" aria-hidden=\"true\"><\/i><\/span><div class=\"fusion-li-item-content\">\n<p>Mitropoliti i Gjirokastr\u00ebs, Hir\u00ebsia e Tij<strong> Nathanaili<\/strong>,<\/p>\n<\/div><\/li><li class=\"fusion-li-item\" style=\"\"><span class=\"icon-wrapper circle-yes\"><i class=\"fusion-li-icon fa-cross fas\" aria-hidden=\"true\"><\/i><\/span><div class=\"fusion-li-item-content\">\n<p>Mitropoliti i Apollonis\u00eb dhe Fierit, Hir\u00ebsia e Tij, <strong>Nikolla<\/strong><\/p>\n<\/div><\/li><li class=\"fusion-li-item\" style=\"\"><span class=\"icon-wrapper circle-yes\"><i class=\"fusion-li-icon fa-cross fas\" aria-hidden=\"true\"><\/i><\/span><div class=\"fusion-li-item-content\">\n<p>Mitropoliti i Elbasanit, Hir\u00ebsia e Tij, <strong>Andoni<\/strong><\/p>\n<\/div><\/li><li class=\"fusion-li-item\" style=\"\"><span class=\"icon-wrapper circle-yes\"><i class=\"fusion-li-icon fa-cross fas\" aria-hidden=\"true\"><\/i><\/span><div class=\"fusion-li-item-content\">\n<p>Mitropoliti i Beratit, Hir\u00ebsia e Tij, <strong>Asti<\/strong><\/p>\n<\/div><\/li><li class=\"fusion-li-item\" style=\"\"><span class=\"icon-wrapper circle-yes\"><i class=\"fusion-li-icon fa-cross fas\" aria-hidden=\"true\"><\/i><\/span><div class=\"fusion-li-item-content\">\n<p>Mitropoliti i Amantias, Hir\u00ebsia e Tij, <strong>Ignati<\/strong><\/p>\n<\/div><\/li><\/ul><div class=\"fusion-sep-clear\"><\/div><div class=\"fusion-separator fusion-full-width-sep\" style=\"margin-left: auto;margin-right: auto;margin-top:20px;margin-bottom:30px;width:100%;\"><div class=\"fusion-separator-border sep-shadow\" style=\"--awb-height:20px;--awb-amount:20px;background:radial-gradient(ellipse at 50% -50% , #E8E6E5 0px, rgba(255, 255, 255, 0) 80%) repeat scroll 0 0 rgba(0, 0, 0, 0);background:-webkit-radial-gradient(ellipse at 50% -50% , #E8E6E5 0px, rgba(255, 255, 255, 0) 80%) repeat scroll 0 0 rgba(0, 0, 0, 0);background:-moz-radial-gradient(ellipse at 50% -50% , #E8E6E5 0px, rgba(255, 255, 255, 0) 80%) repeat scroll 0 0 rgba(0, 0, 0, 0);background:-o-radial-gradient(ellipse at 50% -50% , #E8E6E5 0px, rgba(255, 255, 255, 0) 80%) repeat scroll 0 0 rgba(0, 0, 0, 0);\"><\/div><\/div><div class=\"fusion-sep-clear\"><\/div><div class=\"fusion-title title fusion-title-3 sep-underline sep-solid fusion-title-center fusion-title-text fusion-title-size-four\" style=\"--awb-sep-color:#b58d00;--awb-font-size:25px;\"><h4 class=\"fusion-title-heading title-heading-center fusion-responsive-typography-calculated\" style=\"margin:0;font-size:1em;--fontSize:25;line-height:1.35;\">Biografit\u00eb e Mitropolit\u00ebve<\/h4><\/div><div class=\"fusion-recent-posts fusion-recent-posts-1 avada-container layout-thumbnails-on-side layout-columns-1\"><section class=\"fusion-columns columns fusion-columns-1 columns-1\"><article class=\"post fusion-column column col col-lg-12 col-md-12 col-sm-12\"><div class=\"fusion-flexslider fusion-flexslider-loading flexslider floated-slideshow flexslider-hover-type-zoomin\"><ul class=\"slides\"><li><a href=\"https:\/\/orthodoxalbania.org\/2020\/2020\/04\/04\/biografi-e-imzot-joan-pelushit-mitropolit-i-dioqezes-se-korces\/\" aria-label=\"Biografi e shkurt\u00ebr e Imzot Joan Pelushit, Kryepiskopi i Tiran\u00ebs, Durr\u00ebsit dhe gjith\u00eb Shqip\u00ebris\u00eb\" class=\"hover-type-zoomin\"><img decoding=\"async\" width=\"177\" height=\"142\" src=\"data:image\/svg+xml,%3Csvg%20xmlns%3D%27http%3A%2F%2Fwww.w3.org%2F2000%2Fsvg%27%20width%3D%27177%27%20height%3D%27142%27%20viewBox%3D%270%200%20177%20142%27%3E%3Crect%20width%3D%27177%27%20height%3D%27142%27%20fill-opacity%3D%220%22%2F%3E%3C%2Fsvg%3E\" data-orig-src=\"https:\/\/orthodoxalbania.org\/2020\/wp-content\/uploads\/2020\/04\/Kryepiskopi-Joan-n4-177x142.jpg\" class=\"lazyload attachment-portfolio-five size-portfolio-five\" alt=\"\" \/><\/a><\/li><\/ul><\/div><div class=\"recent-posts-content\"><span class=\"vcard\" style=\"display: none;\"><span class=\"fn\"><a href=\"https:\/\/orthodoxalbania.org\/2020\/author\/giokashar\/\" title=\"Posts by Kisha Orthodhokse\" rel=\"author\">Kisha Orthodhokse<\/a><\/span><\/span><span class=\"updated\" style=\"display:none;\">2025-04-15T19:52:03+02:00<\/span><h4 class=\"entry-title\"><a href=\"https:\/\/orthodoxalbania.org\/2020\/2020\/04\/04\/biografi-e-imzot-joan-pelushit-mitropolit-i-dioqezes-se-korces\/\">Biografi e shkurt\u00ebr e Imzot Joan Pelushit, Kryepiskopi i Tiran\u00ebs, Durr\u00ebsit dhe gjith\u00eb Shqip\u00ebris\u00eb<\/a><\/h4><\/div><\/article><article class=\"post fusion-column column col col-lg-12 col-md-12 col-sm-12\"><div class=\"fusion-flexslider fusion-flexslider-loading flexslider floated-slideshow flexslider-hover-type-zoomin\"><ul class=\"slides\"><li><a href=\"https:\/\/orthodoxalbania.org\/2020\/2020\/04\/04\/biografi-e-shkurter-e-hiresise-se-tij-mitropolitit-te-apollonise-dhe-te-fierit-nikolla\/\" aria-label=\"Biografi e shkurt\u00ebr e Hir\u00ebsis\u00eb s\u00eb Tij, Mitropolitit t\u00eb Apollonis\u00eb &#038; t\u00eb Fierit Nikoll\u00ebs.\" class=\"hover-type-zoomin\"><img decoding=\"async\" width=\"177\" height=\"142\" src=\"data:image\/svg+xml,%3Csvg%20xmlns%3D%27http%3A%2F%2Fwww.w3.org%2F2000%2Fsvg%27%20width%3D%27177%27%20height%3D%27142%27%20viewBox%3D%270%200%20177%20142%27%3E%3Crect%20width%3D%27177%27%20height%3D%27142%27%20fill-opacity%3D%220%22%2F%3E%3C%2Fsvg%3E\" data-orig-src=\"https:\/\/orthodoxalbania.org\/2020\/wp-content\/uploads\/2020\/04\/nikolla_400x600-177x142.jpg\" class=\"lazyload attachment-portfolio-five size-portfolio-five\" alt=\"\" \/><\/a><\/li><\/ul><\/div><div class=\"recent-posts-content\"><span class=\"vcard\" style=\"display: none;\"><span class=\"fn\"><a href=\"https:\/\/orthodoxalbania.org\/2020\/author\/giokashar\/\" title=\"Posts by Kisha Orthodhokse\" rel=\"author\">Kisha Orthodhokse<\/a><\/span><\/span><span class=\"updated\" style=\"display:none;\">2023-01-23T14:18:20+01:00<\/span><h4 class=\"entry-title\"><a href=\"https:\/\/orthodoxalbania.org\/2020\/2020\/04\/04\/biografi-e-shkurter-e-hiresise-se-tij-mitropolitit-te-apollonise-dhe-te-fierit-nikolla\/\">Biografi e shkurt\u00ebr  e Hir\u00ebsis\u00eb s\u00eb Tij, Mitropolitit t\u00eb Apollonis\u00eb &#038; t\u00eb Fierit Nikoll\u00ebs.<\/a><\/h4><\/div><\/article><article class=\"post fusion-column column col col-lg-12 col-md-12 col-sm-12\"><div class=\"fusion-flexslider fusion-flexslider-loading flexslider floated-slideshow flexslider-hover-type-zoomin\"><ul class=\"slides\"><li><a href=\"https:\/\/orthodoxalbania.org\/2020\/2020\/04\/04\/biografi-e-shkurter-e-hiresise-se-tij-mitropolitit-te-elbasanit-andonit\/\" aria-label=\"Biografi e shkurt\u00ebr e Hir\u00ebsis\u00eb s\u00eb Tij, Mitropolitit t\u00eb Elbasanit, Andonit.\" class=\"hover-type-zoomin\"><img decoding=\"async\" width=\"177\" height=\"142\" src=\"data:image\/svg+xml,%3Csvg%20xmlns%3D%27http%3A%2F%2Fwww.w3.org%2F2000%2Fsvg%27%20width%3D%27177%27%20height%3D%27142%27%20viewBox%3D%270%200%20177%20142%27%3E%3Crect%20width%3D%27177%27%20height%3D%27142%27%20fill-opacity%3D%220%22%2F%3E%3C%2Fsvg%3E\" data-orig-src=\"https:\/\/orthodoxalbania.org\/2020\/wp-content\/uploads\/2020\/04\/andoni_400x600-177x142.jpg\" class=\"lazyload attachment-portfolio-five size-portfolio-five\" alt=\"\" \/><\/a><\/li><\/ul><\/div><div class=\"recent-posts-content\"><span class=\"vcard\" style=\"display: none;\"><span class=\"fn\"><a href=\"https:\/\/orthodoxalbania.org\/2020\/author\/giokashar\/\" title=\"Posts by Kisha Orthodhokse\" rel=\"author\">Kisha Orthodhokse<\/a><\/span><\/span><span class=\"updated\" style=\"display:none;\">2023-01-23T14:18:58+01:00<\/span><h4 class=\"entry-title\"><a href=\"https:\/\/orthodoxalbania.org\/2020\/2020\/04\/04\/biografi-e-shkurter-e-hiresise-se-tij-mitropolitit-te-elbasanit-andonit\/\">Biografi e shkurt\u00ebr  e Hir\u00ebsis\u00eb s\u00eb Tij, Mitropolitit t\u00eb Elbasanit, Andonit.<\/a><\/h4><\/div><\/article><article class=\"post fusion-column column col col-lg-12 col-md-12 col-sm-12\"><div class=\"fusion-flexslider fusion-flexslider-loading flexslider floated-slideshow flexslider-hover-type-zoomin\"><ul class=\"slides\"><li><a href=\"https:\/\/orthodoxalbania.org\/2020\/2020\/04\/04\/biografi-e-shkurter-e-mitropolitit-te-beratit-vlores-dhe-kanines-hiresise-se-tij-astit\/\" aria-label=\"Biografi e shkurt\u00ebr e Mitropolitit t\u00eb Beratit, Vlor\u00ebs dhe Kanin\u00ebs, Hir\u00ebsis\u00eb s\u00eb Tij Astit.\" class=\"hover-type-zoomin\"><img decoding=\"async\" width=\"177\" height=\"142\" src=\"data:image\/svg+xml,%3Csvg%20xmlns%3D%27http%3A%2F%2Fwww.w3.org%2F2000%2Fsvg%27%20width%3D%27177%27%20height%3D%27142%27%20viewBox%3D%270%200%20177%20142%27%3E%3Crect%20width%3D%27177%27%20height%3D%27142%27%20fill-opacity%3D%220%22%2F%3E%3C%2Fsvg%3E\" data-orig-src=\"https:\/\/orthodoxalbania.org\/2020\/wp-content\/uploads\/2025\/01\/Mitropoliti-i-Beratit-Hiresi-Asti-177x142.jpg\" class=\"lazyload attachment-portfolio-five size-portfolio-five\" alt=\"\" \/><\/a><\/li><\/ul><\/div><div class=\"recent-posts-content\"><span class=\"vcard\" style=\"display: none;\"><span class=\"fn\"><a href=\"https:\/\/orthodoxalbania.org\/2020\/author\/vaggelitsag19\/\" title=\"Posts by Kisha Orthodhokse\" rel=\"author\">Kisha Orthodhokse<\/a><\/span><\/span><span class=\"updated\" style=\"display:none;\">2025-01-07T21:28:38+01:00<\/span><h4 class=\"entry-title\"><a href=\"https:\/\/orthodoxalbania.org\/2020\/2020\/04\/04\/biografi-e-shkurter-e-mitropolitit-te-beratit-vlores-dhe-kanines-hiresise-se-tij-astit\/\">Biografi e shkurt\u00ebr e Mitropolitit t\u00eb Beratit, Vlor\u00ebs dhe Kanin\u00ebs, Hir\u00ebsis\u00eb s\u00eb Tij Astit.<\/a><\/h4><\/div><\/article><article class=\"post fusion-column column col col-lg-12 col-md-12 col-sm-12\"><div class=\"fusion-flexslider fusion-flexslider-loading flexslider floated-slideshow flexslider-hover-type-zoomin\"><ul class=\"slides\"><li><a href=\"https:\/\/orthodoxalbania.org\/2020\/2020\/04\/04\/biografi-e-shkurter-e-hiresise-se-tij-mitropolitit-te-gjirokastres-nathanailit\/\" aria-label=\"Biografi e shkurt\u00ebr e Hir\u00ebsis\u00eb s\u00eb Tij, Mitropolitit t\u00eb Gjirokastr\u00ebs, Nathanailit.\" class=\"hover-type-zoomin\"><img decoding=\"async\" width=\"177\" height=\"142\" src=\"data:image\/svg+xml,%3Csvg%20xmlns%3D%27http%3A%2F%2Fwww.w3.org%2F2000%2Fsvg%27%20width%3D%27177%27%20height%3D%27142%27%20viewBox%3D%270%200%20177%20142%27%3E%3Crect%20width%3D%27177%27%20height%3D%27142%27%20fill-opacity%3D%220%22%2F%3E%3C%2Fsvg%3E\" data-orig-src=\"https:\/\/orthodoxalbania.org\/2020\/wp-content\/uploads\/2020\/04\/Mitropoliti-i-gjirokastres-2-177x142.jpg\" class=\"lazyload attachment-portfolio-five size-portfolio-five\" alt=\"\" \/><\/a><\/li><\/ul><\/div><div class=\"recent-posts-content\"><span class=\"vcard\" style=\"display: none;\"><span class=\"fn\"><a href=\"https:\/\/orthodoxalbania.org\/2020\/author\/giokashar\/\" title=\"Posts by Kisha Orthodhokse\" rel=\"author\">Kisha Orthodhokse<\/a><\/span><\/span><span class=\"updated\" style=\"display:none;\">2025-10-02T23:31:24+02:00<\/span><h4 class=\"entry-title\"><a href=\"https:\/\/orthodoxalbania.org\/2020\/2020\/04\/04\/biografi-e-shkurter-e-hiresise-se-tij-mitropolitit-te-gjirokastres-nathanailit\/\">Biografi e shkurt\u00ebr e Hir\u00ebsis\u00eb s\u00eb Tij, Mitropolitit t\u00eb Gjirokastr\u00ebs, Nathanailit.<\/a><\/h4><\/div><\/article><article class=\"post fusion-column column col col-lg-12 col-md-12 col-sm-12\"><div class=\"fusion-flexslider fusion-flexslider-loading flexslider floated-slideshow flexslider-hover-type-zoomin\"><ul class=\"slides\"><li><a href=\"https:\/\/orthodoxalbania.org\/2020\/2020\/04\/04\/biografi-e-shkurter-e-hiresise-e-tij-mitropolitit-te-korces-anastasit\/\" aria-label=\"Biografi e shkurt\u00ebr e Hir\u00ebsis\u00eb e Tij, Mitropolitit t\u00eb Kor\u00e7\u00ebs Anastasit\" class=\"hover-type-zoomin\"><img decoding=\"async\" width=\"177\" height=\"142\" src=\"data:image\/svg+xml,%3Csvg%20xmlns%3D%27http%3A%2F%2Fwww.w3.org%2F2000%2Fsvg%27%20width%3D%27177%27%20height%3D%27142%27%20viewBox%3D%270%200%20177%20142%27%3E%3Crect%20width%3D%27177%27%20height%3D%27142%27%20fill-opacity%3D%220%22%2F%3E%3C%2Fsvg%3E\" data-orig-src=\"https:\/\/orthodoxalbania.org\/2020\/wp-content\/uploads\/2020\/04\/Mitropoliti-i-Korces-Anastasi-2-177x142.jpg\" class=\"lazyload attachment-portfolio-five size-portfolio-five\" alt=\"\" \/><\/a><\/li><\/ul><\/div><div class=\"recent-posts-content\"><span class=\"vcard\" style=\"display: none;\"><span class=\"fn\"><a href=\"https:\/\/orthodoxalbania.org\/2020\/author\/vaggelitsag19\/\" title=\"Posts by Kisha Orthodhokse\" rel=\"author\">Kisha Orthodhokse<\/a><\/span><\/span><span class=\"updated\" style=\"display:none;\">2025-10-02T23:04:46+02:00<\/span><h4 class=\"entry-title\"><a href=\"https:\/\/orthodoxalbania.org\/2020\/2020\/04\/04\/biografi-e-shkurter-e-hiresise-e-tij-mitropolitit-te-korces-anastasit\/\">Biografi e shkurt\u00ebr e Hir\u00ebsis\u00eb e Tij, Mitropolitit t\u00eb Kor\u00e7\u00ebs Anastasit<\/a><\/h4><\/div><\/article><article class=\"post fusion-column column col col-lg-12 col-md-12 col-sm-12\"><div class=\"fusion-flexslider fusion-flexslider-loading flexslider floated-slideshow flexslider-hover-type-zoomin\"><ul class=\"slides\"><li><a href=\"https:\/\/orthodoxalbania.org\/2020\/2020\/04\/04\/biografi-e-shkurter-e-hiresis-e-tij-mitropolitit-te-amantias-ignatit\/\" aria-label=\"Biografi e shkurt\u00ebr e Hir\u00ebsis e Tij, Mitropolitit t\u00eb Amantias, Ignatit.\" class=\"hover-type-zoomin\"><img decoding=\"async\" width=\"177\" height=\"142\" src=\"data:image\/svg+xml,%3Csvg%20xmlns%3D%27http%3A%2F%2Fwww.w3.org%2F2000%2Fsvg%27%20width%3D%27177%27%20height%3D%27142%27%20viewBox%3D%270%200%20177%20142%27%3E%3Crect%20width%3D%27177%27%20height%3D%27142%27%20fill-opacity%3D%220%22%2F%3E%3C%2Fsvg%3E\" data-orig-src=\"https:\/\/orthodoxalbania.org\/2020\/wp-content\/uploads\/2026\/04\/WhatsApp-Image-2026-04-28-at-11.11.21-177x142.jpeg\" class=\"lazyload attachment-portfolio-five size-portfolio-five\" alt=\"\" \/><\/a><\/li><\/ul><\/div><div class=\"recent-posts-content\"><span class=\"vcard\" style=\"display: none;\"><span class=\"fn\"><a href=\"https:\/\/orthodoxalbania.org\/2020\/author\/vaggelitsag19\/\" title=\"Posts by Kisha Orthodhokse\" rel=\"author\">Kisha Orthodhokse<\/a><\/span><\/span><span class=\"updated\" style=\"display:none;\">2026-04-28T14:57:41+02:00<\/span><h4 class=\"entry-title\"><a href=\"https:\/\/orthodoxalbania.org\/2020\/2020\/04\/04\/biografi-e-shkurter-e-hiresis-e-tij-mitropolitit-te-amantias-ignatit\/\">Biografi e shkurt\u00ebr e Hir\u00ebsis e Tij, Mitropolitit t\u00eb Amantias, Ignatit.<\/a><\/h4><\/div><\/article><\/section><\/div><div class=\"fusion-sep-clear\"><\/div><div class=\"fusion-separator fusion-full-width-sep\" style=\"margin-left: auto;margin-right: auto;margin-bottom:25px;width:100%;\"><div class=\"fusion-separator-border sep-shadow\" style=\"--awb-height:20px;--awb-amount:20px;background:radial-gradient(ellipse at 50% -50% , #E8E6E5 0px, rgba(255, 255, 255, 0) 80%) repeat scroll 0 0 rgba(0, 0, 0, 0);background:-webkit-radial-gradient(ellipse at 50% -50% , #E8E6E5 0px, rgba(255, 255, 255, 0) 80%) repeat scroll 0 0 rgba(0, 0, 0, 0);background:-moz-radial-gradient(ellipse at 50% -50% , #E8E6E5 0px, rgba(255, 255, 255, 0) 80%) repeat scroll 0 0 rgba(0, 0, 0, 0);background:-o-radial-gradient(ellipse at 50% -50% , #E8E6E5 0px, rgba(255, 255, 255, 0) 80%) repeat scroll 0 0 rgba(0, 0, 0, 0);\"><\/div><\/div><div class=\"fusion-sep-clear\"><\/div><div class=\"fusion-recent-posts fusion-recent-posts-2 avada-container layout-default layout-columns-1\"><section class=\"fusion-columns columns fusion-columns-1 columns-1\"><article class=\"post fusion-column column col col-lg-12 col-md-12 col-sm-12 fusion-animated\" data-animationType=\"fadeInLeft\" data-animationDuration=\"0.6\" data-animationOffset=\"top-into-view\"><div class=\"recent-posts-content\"><span class=\"vcard\" style=\"display: none;\"><span class=\"fn\"><a href=\"https:\/\/orthodoxalbania.org\/2020\/author\/giokashar\/\" title=\"Posts by Kisha Orthodhokse\" rel=\"author\">Kisha Orthodhokse<\/a><\/span><\/span><span class=\"updated\" style=\"display:none;\">2025-03-19T14:30:32+01:00<\/span><h4 class=\"entry-title\"><a href=\"https:\/\/orthodoxalbania.org\/2020\/2020\/04\/14\/informacione-kontakti\/\">Kontaktoni<\/a><\/h4><p>______________________________________________ Kryepiskopata e Shenjt\u00eb e Tiran\u00ebs, Durr\u00ebsit Kryepiskop: Kryepiskopi i Tiran\u00ebs, Durr\u00ebsit dhe i gjith\u00eb Shqip\u00ebris\u00eb, Fortlumturia e Tij Joani. Mitropolit titullar: Hir\u00ebsia e Tij, Mitropoliti i Amantias, Nathanail. Epitrop i P\u00ebrgjithsh\u00ebm Arkihieratik: Ikonom Aleks Ndoni. Adresa postare: Kisha Orthodhokse Autoqefale e Shqip\u00ebris\u00eb, Bulevardi &#8220;Deshmor\u00ebt e Kombit&#8221;, Nr.5, Tiran\u00eb, Albania. Tel. (00355) 4\u20132257 261\/2, Email: o&#114;&#x74;&#x68;c&#104;&#97;&#x6c;&#x40;o&#114;&#x74;&#x68;o&#100;&#111;&#x78;&#x61;l&#98;&#x61;&#x6e;i&#97;&#46;&#x6f;&#x72;g ______________________________________________ Mitropolia e Shenjt\u00eb e Beratit Mitropolit: Mitropoliti i<\/p>\n<\/div><\/article><\/section><\/div><div class=\"fusion-clearfix\"><\/div><\/div><\/div><\/div><\/div>\n","protected":false},"excerpt":{"rendered":"","protected":false},"author":5,"featured_media":69691,"comment_status":"closed","ping_status":"closed","sticky":false,"template":"","format":"standard","meta":{"_acf_changed":false,"pagelayer_contact_templates":[],"_pagelayer_content":"","inline_featured_image":false,"fifu_image_url":"","fifu_image_alt":"","footnotes":""},"categories":[375],"tags":[592,591],"class_list":["post-3177","post","type-post","status-publish","format-standard","has-post-thumbnail","hentry","category-kisha-jone","tag-kisha-jone","tag-sinodi-i-shenjte"],"acf":[],"yoast_head":"<!-- This site is optimized with the Yoast SEO plugin v27.2 - https:\/\/yoast.com\/product\/yoast-seo-wordpress\/ -->\n<title>Sinodi i Shenjt\u00eb - Kisha Orthodh\u03bfkse Autoqefale e Shqip\u00ebris\u00eb<\/title>\n<meta name=\"robots\" content=\"index, follow, max-snippet:-1, max-image-preview:large, max-video-preview:-1\" \/>\n<link rel=\"canonical\" href=\"https:\/\/orthodoxalbania.org\/2020\/2012\/09\/13\/sinodi-i-shenjte\/\" \/>\n<meta property=\"og:locale\" content=\"en_US\" \/>\n<meta property=\"og:type\" content=\"article\" \/>\n<meta property=\"og:title\" content=\"Sinodi i Shenjt\u00eb - Kisha Orthodh\u03bfkse Autoqefale e Shqip\u00ebris\u00eb\" \/>\n<meta property=\"og:url\" content=\"https:\/\/orthodoxalbania.org\/2020\/2012\/09\/13\/sinodi-i-shenjte\/\" \/>\n<meta property=\"og:site_name\" content=\"Kisha Orthodh\u03bfkse Autoqefale e Shqip\u00ebris\u00eb\" \/>\n<meta property=\"article:publisher\" content=\"https:\/\/www.facebook.com\/koash1991\" \/>\n<meta property=\"article:published_time\" content=\"2012-09-13T11:38:47+00:00\" \/>\n<meta property=\"article:modified_time\" content=\"2026-04-28T12:02:36+00:00\" \/>\n<meta property=\"og:image\" content=\"https:\/\/orthodoxalbania.org\/2020\/wp-content\/uploads\/2026\/04\/WhatsApp-Image-2026-04-28-at-12.05.21-5.jpeg\" \/>\n\t<meta property=\"og:image:width\" content=\"1600\" \/>\n\t<meta property=\"og:image:height\" content=\"1066\" \/>\n\t<meta property=\"og:image:type\" content=\"image\/jpeg\" \/>\n<meta name=\"author\" content=\"Administrator3\" \/>\n<meta name=\"twitter:card\" content=\"summary_large_image\" \/>\n<meta name=\"twitter:label1\" content=\"Written by\" \/>\n\t<meta name=\"twitter:data1\" content=\"Administrator3\" \/>\n\t<meta name=\"twitter:label2\" content=\"Est. reading time\" \/>\n\t<meta name=\"twitter:data2\" content=\"10 minutes\" \/>\n<script type=\"application\/ld+json\" class=\"yoast-schema-graph\">{\"@context\":\"https:\/\/schema.org\",\"@graph\":[{\"@type\":\"Article\",\"@id\":\"https:\/\/orthodoxalbania.org\/2020\/2012\/09\/13\/sinodi-i-shenjte\/#article\",\"isPartOf\":{\"@id\":\"https:\/\/orthodoxalbania.org\/2020\/2012\/09\/13\/sinodi-i-shenjte\/\"},\"author\":{\"name\":\"Administrator3\",\"@id\":\"https:\/\/orthodoxalbania.org\/2020\/#\/schema\/person\/8f81792a8d818674e96c380e1085eb43\"},\"headline\":\"Sinodi i Shenjt\u00eb\",\"datePublished\":\"2012-09-13T11:38:47+00:00\",\"dateModified\":\"2026-04-28T12:02:36+00:00\",\"mainEntityOfPage\":{\"@id\":\"https:\/\/orthodoxalbania.org\/2020\/2012\/09\/13\/sinodi-i-shenjte\/\"},\"wordCount\":3530,\"publisher\":{\"@id\":\"https:\/\/orthodoxalbania.org\/2020\/#organization\"},\"image\":{\"@id\":\"https:\/\/orthodoxalbania.org\/2020\/2012\/09\/13\/sinodi-i-shenjte\/#primaryimage\"},\"thumbnailUrl\":\"https:\/\/orthodoxalbania.org\/2020\/wp-content\/uploads\/2026\/04\/WhatsApp-Image-2026-04-28-at-12.05.21-5.jpeg\",\"keywords\":[\"Kisha jon\u00eb\",\"Sinodi i Shenjt\u00eb\"],\"articleSection\":[\"Kisha Jon\u00eb\"],\"inLanguage\":\"en-US\"},{\"@type\":\"WebPage\",\"@id\":\"https:\/\/orthodoxalbania.org\/2020\/2012\/09\/13\/sinodi-i-shenjte\/\",\"url\":\"https:\/\/orthodoxalbania.org\/2020\/2012\/09\/13\/sinodi-i-shenjte\/\",\"name\":\"Sinodi i Shenjt\u00eb - Kisha Orthodh\u03bfkse Autoqefale e Shqip\u00ebris\u00eb\",\"isPartOf\":{\"@id\":\"https:\/\/orthodoxalbania.org\/2020\/#website\"},\"primaryImageOfPage\":{\"@id\":\"https:\/\/orthodoxalbania.org\/2020\/2012\/09\/13\/sinodi-i-shenjte\/#primaryimage\"},\"image\":{\"@id\":\"https:\/\/orthodoxalbania.org\/2020\/2012\/09\/13\/sinodi-i-shenjte\/#primaryimage\"},\"thumbnailUrl\":\"https:\/\/orthodoxalbania.org\/2020\/wp-content\/uploads\/2026\/04\/WhatsApp-Image-2026-04-28-at-12.05.21-5.jpeg\",\"datePublished\":\"2012-09-13T11:38:47+00:00\",\"dateModified\":\"2026-04-28T12:02:36+00:00\",\"breadcrumb\":{\"@id\":\"https:\/\/orthodoxalbania.org\/2020\/2012\/09\/13\/sinodi-i-shenjte\/#breadcrumb\"},\"inLanguage\":\"en-US\",\"potentialAction\":[{\"@type\":\"ReadAction\",\"target\":[\"https:\/\/orthodoxalbania.org\/2020\/2012\/09\/13\/sinodi-i-shenjte\/\"]}]},{\"@type\":\"ImageObject\",\"inLanguage\":\"en-US\",\"@id\":\"https:\/\/orthodoxalbania.org\/2020\/2012\/09\/13\/sinodi-i-shenjte\/#primaryimage\",\"url\":\"https:\/\/orthodoxalbania.org\/2020\/wp-content\/uploads\/2026\/04\/WhatsApp-Image-2026-04-28-at-12.05.21-5.jpeg\",\"contentUrl\":\"https:\/\/orthodoxalbania.org\/2020\/wp-content\/uploads\/2026\/04\/WhatsApp-Image-2026-04-28-at-12.05.21-5.jpeg\",\"width\":1600,\"height\":1066},{\"@type\":\"BreadcrumbList\",\"@id\":\"https:\/\/orthodoxalbania.org\/2020\/2012\/09\/13\/sinodi-i-shenjte\/#breadcrumb\",\"itemListElement\":[{\"@type\":\"ListItem\",\"position\":1,\"name\":\"Home\",\"item\":\"https:\/\/orthodoxalbania.org\/2020\/\"},{\"@type\":\"ListItem\",\"position\":2,\"name\":\"Sinodi i Shenjt\u00eb\"}]},{\"@type\":\"WebSite\",\"@id\":\"https:\/\/orthodoxalbania.org\/2020\/#website\",\"url\":\"https:\/\/orthodoxalbania.org\/2020\/\",\"name\":\"Kisha Orthodh\u03bfkse Autoqefale e Shqip\u00ebris\u00eb\",\"description\":\"Fqja Zyrtare e Kish\u00ebs Orthodhokse Autoqefale e Shqip\u00ebris\u00eb me lajmet edhe informacionet zyrtare p\u00ebr struktur\u00ebn edhe veprimtarin e saj.\",\"publisher\":{\"@id\":\"https:\/\/orthodoxalbania.org\/2020\/#organization\"},\"potentialAction\":[{\"@type\":\"SearchAction\",\"target\":{\"@type\":\"EntryPoint\",\"urlTemplate\":\"https:\/\/orthodoxalbania.org\/2020\/?s={search_term_string}\"},\"query-input\":{\"@type\":\"PropertyValueSpecification\",\"valueRequired\":true,\"valueName\":\"search_term_string\"}}],\"inLanguage\":\"en-US\"},{\"@type\":\"Organization\",\"@id\":\"https:\/\/orthodoxalbania.org\/2020\/#organization\",\"name\":\"Kisha Orthodhokse Autoqefale e Shqip\u00ebris\u00eb\",\"url\":\"https:\/\/orthodoxalbania.org\/2020\/\",\"logo\":{\"@type\":\"ImageObject\",\"inLanguage\":\"en-US\",\"@id\":\"https:\/\/orthodoxalbania.org\/2020\/#\/schema\/logo\/image\/\",\"url\":\"https:\/\/orthodoxalbania.org\/2020\/wp-content\/uploads\/2020\/05\/albania.jpeg\",\"contentUrl\":\"https:\/\/orthodoxalbania.org\/2020\/wp-content\/uploads\/2020\/05\/albania.jpeg\",\"width\":540,\"height\":540,\"caption\":\"Kisha Orthodhokse Autoqefale e Shqip\u00ebris\u00eb\"},\"image\":{\"@id\":\"https:\/\/orthodoxalbania.org\/2020\/#\/schema\/logo\/image\/\"},\"sameAs\":[\"https:\/\/www.facebook.com\/koash1991\"]},{\"@type\":\"Person\",\"@id\":\"https:\/\/orthodoxalbania.org\/2020\/#\/schema\/person\/8f81792a8d818674e96c380e1085eb43\",\"name\":\"Administrator3\",\"image\":{\"@type\":\"ImageObject\",\"inLanguage\":\"en-US\",\"@id\":\"https:\/\/secure.gravatar.com\/avatar\/f6b85b21b3f9159ff2c0d0cf50724456629c45a3e9069c9124ecd8a6cb95f6ca?s=96&d=mm&r=g\",\"url\":\"https:\/\/secure.gravatar.com\/avatar\/f6b85b21b3f9159ff2c0d0cf50724456629c45a3e9069c9124ecd8a6cb95f6ca?s=96&d=mm&r=g\",\"contentUrl\":\"https:\/\/secure.gravatar.com\/avatar\/f6b85b21b3f9159ff2c0d0cf50724456629c45a3e9069c9124ecd8a6cb95f6ca?s=96&d=mm&r=g\",\"caption\":\"Administrator3\"}}]}<\/script>\n<!-- \/ Yoast SEO plugin. -->","yoast_head_json":{"title":"Sinodi i Shenjt\u00eb - Kisha Orthodh\u03bfkse Autoqefale e Shqip\u00ebris\u00eb","robots":{"index":"index","follow":"follow","max-snippet":"max-snippet:-1","max-image-preview":"max-image-preview:large","max-video-preview":"max-video-preview:-1"},"canonical":"https:\/\/orthodoxalbania.org\/2020\/2012\/09\/13\/sinodi-i-shenjte\/","og_locale":"en_US","og_type":"article","og_title":"Sinodi i Shenjt\u00eb - Kisha Orthodh\u03bfkse Autoqefale e Shqip\u00ebris\u00eb","og_url":"https:\/\/orthodoxalbania.org\/2020\/2012\/09\/13\/sinodi-i-shenjte\/","og_site_name":"Kisha Orthodh\u03bfkse Autoqefale e Shqip\u00ebris\u00eb","article_publisher":"https:\/\/www.facebook.com\/koash1991","article_published_time":"2012-09-13T11:38:47+00:00","article_modified_time":"2026-04-28T12:02:36+00:00","og_image":[{"width":1600,"height":1066,"url":"https:\/\/orthodoxalbania.org\/2020\/wp-content\/uploads\/2026\/04\/WhatsApp-Image-2026-04-28-at-12.05.21-5.jpeg","type":"image\/jpeg"}],"author":"Administrator3","twitter_card":"summary_large_image","twitter_misc":{"Written by":"Administrator3","Est. reading time":"10 minutes"},"schema":{"@context":"https:\/\/schema.org","@graph":[{"@type":"Article","@id":"https:\/\/orthodoxalbania.org\/2020\/2012\/09\/13\/sinodi-i-shenjte\/#article","isPartOf":{"@id":"https:\/\/orthodoxalbania.org\/2020\/2012\/09\/13\/sinodi-i-shenjte\/"},"author":{"name":"Administrator3","@id":"https:\/\/orthodoxalbania.org\/2020\/#\/schema\/person\/8f81792a8d818674e96c380e1085eb43"},"headline":"Sinodi i Shenjt\u00eb","datePublished":"2012-09-13T11:38:47+00:00","dateModified":"2026-04-28T12:02:36+00:00","mainEntityOfPage":{"@id":"https:\/\/orthodoxalbania.org\/2020\/2012\/09\/13\/sinodi-i-shenjte\/"},"wordCount":3530,"publisher":{"@id":"https:\/\/orthodoxalbania.org\/2020\/#organization"},"image":{"@id":"https:\/\/orthodoxalbania.org\/2020\/2012\/09\/13\/sinodi-i-shenjte\/#primaryimage"},"thumbnailUrl":"https:\/\/orthodoxalbania.org\/2020\/wp-content\/uploads\/2026\/04\/WhatsApp-Image-2026-04-28-at-12.05.21-5.jpeg","keywords":["Kisha jon\u00eb","Sinodi i Shenjt\u00eb"],"articleSection":["Kisha Jon\u00eb"],"inLanguage":"en-US"},{"@type":"WebPage","@id":"https:\/\/orthodoxalbania.org\/2020\/2012\/09\/13\/sinodi-i-shenjte\/","url":"https:\/\/orthodoxalbania.org\/2020\/2012\/09\/13\/sinodi-i-shenjte\/","name":"Sinodi i Shenjt\u00eb - Kisha Orthodh\u03bfkse Autoqefale e Shqip\u00ebris\u00eb","isPartOf":{"@id":"https:\/\/orthodoxalbania.org\/2020\/#website"},"primaryImageOfPage":{"@id":"https:\/\/orthodoxalbania.org\/2020\/2012\/09\/13\/sinodi-i-shenjte\/#primaryimage"},"image":{"@id":"https:\/\/orthodoxalbania.org\/2020\/2012\/09\/13\/sinodi-i-shenjte\/#primaryimage"},"thumbnailUrl":"https:\/\/orthodoxalbania.org\/2020\/wp-content\/uploads\/2026\/04\/WhatsApp-Image-2026-04-28-at-12.05.21-5.jpeg","datePublished":"2012-09-13T11:38:47+00:00","dateModified":"2026-04-28T12:02:36+00:00","breadcrumb":{"@id":"https:\/\/orthodoxalbania.org\/2020\/2012\/09\/13\/sinodi-i-shenjte\/#breadcrumb"},"inLanguage":"en-US","potentialAction":[{"@type":"ReadAction","target":["https:\/\/orthodoxalbania.org\/2020\/2012\/09\/13\/sinodi-i-shenjte\/"]}]},{"@type":"ImageObject","inLanguage":"en-US","@id":"https:\/\/orthodoxalbania.org\/2020\/2012\/09\/13\/sinodi-i-shenjte\/#primaryimage","url":"https:\/\/orthodoxalbania.org\/2020\/wp-content\/uploads\/2026\/04\/WhatsApp-Image-2026-04-28-at-12.05.21-5.jpeg","contentUrl":"https:\/\/orthodoxalbania.org\/2020\/wp-content\/uploads\/2026\/04\/WhatsApp-Image-2026-04-28-at-12.05.21-5.jpeg","width":1600,"height":1066},{"@type":"BreadcrumbList","@id":"https:\/\/orthodoxalbania.org\/2020\/2012\/09\/13\/sinodi-i-shenjte\/#breadcrumb","itemListElement":[{"@type":"ListItem","position":1,"name":"Home","item":"https:\/\/orthodoxalbania.org\/2020\/"},{"@type":"ListItem","position":2,"name":"Sinodi i Shenjt\u00eb"}]},{"@type":"WebSite","@id":"https:\/\/orthodoxalbania.org\/2020\/#website","url":"https:\/\/orthodoxalbania.org\/2020\/","name":"Kisha Orthodh\u03bfkse Autoqefale e Shqip\u00ebris\u00eb","description":"Fqja Zyrtare e Kish\u00ebs Orthodhokse Autoqefale e Shqip\u00ebris\u00eb me lajmet edhe informacionet zyrtare p\u00ebr struktur\u00ebn edhe veprimtarin e saj.","publisher":{"@id":"https:\/\/orthodoxalbania.org\/2020\/#organization"},"potentialAction":[{"@type":"SearchAction","target":{"@type":"EntryPoint","urlTemplate":"https:\/\/orthodoxalbania.org\/2020\/?s={search_term_string}"},"query-input":{"@type":"PropertyValueSpecification","valueRequired":true,"valueName":"search_term_string"}}],"inLanguage":"en-US"},{"@type":"Organization","@id":"https:\/\/orthodoxalbania.org\/2020\/#organization","name":"Kisha Orthodhokse Autoqefale e Shqip\u00ebris\u00eb","url":"https:\/\/orthodoxalbania.org\/2020\/","logo":{"@type":"ImageObject","inLanguage":"en-US","@id":"https:\/\/orthodoxalbania.org\/2020\/#\/schema\/logo\/image\/","url":"https:\/\/orthodoxalbania.org\/2020\/wp-content\/uploads\/2020\/05\/albania.jpeg","contentUrl":"https:\/\/orthodoxalbania.org\/2020\/wp-content\/uploads\/2020\/05\/albania.jpeg","width":540,"height":540,"caption":"Kisha Orthodhokse Autoqefale e Shqip\u00ebris\u00eb"},"image":{"@id":"https:\/\/orthodoxalbania.org\/2020\/#\/schema\/logo\/image\/"},"sameAs":["https:\/\/www.facebook.com\/koash1991"]},{"@type":"Person","@id":"https:\/\/orthodoxalbania.org\/2020\/#\/schema\/person\/8f81792a8d818674e96c380e1085eb43","name":"Administrator3","image":{"@type":"ImageObject","inLanguage":"en-US","@id":"https:\/\/secure.gravatar.com\/avatar\/f6b85b21b3f9159ff2c0d0cf50724456629c45a3e9069c9124ecd8a6cb95f6ca?s=96&d=mm&r=g","url":"https:\/\/secure.gravatar.com\/avatar\/f6b85b21b3f9159ff2c0d0cf50724456629c45a3e9069c9124ecd8a6cb95f6ca?s=96&d=mm&r=g","contentUrl":"https:\/\/secure.gravatar.com\/avatar\/f6b85b21b3f9159ff2c0d0cf50724456629c45a3e9069c9124ecd8a6cb95f6ca?s=96&d=mm&r=g","caption":"Administrator3"}}]}},"_links":{"self":[{"href":"https:\/\/orthodoxalbania.org\/2020\/wp-json\/wp\/v2\/posts\/3177","targetHints":{"allow":["GET"]}}],"collection":[{"href":"https:\/\/orthodoxalbania.org\/2020\/wp-json\/wp\/v2\/posts"}],"about":[{"href":"https:\/\/orthodoxalbania.org\/2020\/wp-json\/wp\/v2\/types\/post"}],"author":[{"embeddable":true,"href":"https:\/\/orthodoxalbania.org\/2020\/wp-json\/wp\/v2\/users\/5"}],"replies":[{"embeddable":true,"href":"https:\/\/orthodoxalbania.org\/2020\/wp-json\/wp\/v2\/comments?post=3177"}],"version-history":[{"count":52,"href":"https:\/\/orthodoxalbania.org\/2020\/wp-json\/wp\/v2\/posts\/3177\/revisions"}],"predecessor-version":[{"id":69721,"href":"https:\/\/orthodoxalbania.org\/2020\/wp-json\/wp\/v2\/posts\/3177\/revisions\/69721"}],"wp:featuredmedia":[{"embeddable":true,"href":"https:\/\/orthodoxalbania.org\/2020\/wp-json\/wp\/v2\/media\/69691"}],"wp:attachment":[{"href":"https:\/\/orthodoxalbania.org\/2020\/wp-json\/wp\/v2\/media?parent=3177"}],"wp:term":[{"taxonomy":"category","embeddable":true,"href":"https:\/\/orthodoxalbania.org\/2020\/wp-json\/wp\/v2\/categories?post=3177"},{"taxonomy":"post_tag","embeddable":true,"href":"https:\/\/orthodoxalbania.org\/2020\/wp-json\/wp\/v2\/tags?post=3177"}],"curies":[{"name":"wp","href":"https:\/\/api.w.org\/{rel}","templated":true}]}}