{"id":316,"date":"2013-03-20T13:09:16","date_gmt":"2013-03-20T13:09:16","guid":{"rendered":""},"modified":"2020-04-06T22:32:16","modified_gmt":"2020-04-06T20:32:16","slug":"botime-te-reja-dhe-interes-i-vecante-ne-stenden-e-kishes-sone-gjate-panairit-te-librit-tirana-2010","status":"publish","type":"post","link":"https:\/\/orthodoxalbania.org\/2020\/2013\/03\/20\/botime-te-reja-dhe-interes-i-vecante-ne-stenden-e-kishes-sone-gjate-panairit-te-librit-tirana-2010\/","title":{"rendered":"Botime t\u00eb reja dhe interes i ve\u00e7ant\u00eb n\u00eb stend\u00ebn e Kish\u00ebs son\u00eb gjat\u00eb Panairit t\u00eb Librit \u201cTirana 2010\u201d"},"content":{"rendered":"<div style=\"text-align: justify;\"><span style=\"color: #000000; font-family: helvetica;\"><span style=\"font-size: 12px;\"><img decoding=\"async\" class=\"lazyload HAa Eha\" style=\"border-width: 1px; border-style: solid; margin: 10px; float: left;\" alt=\"\" src=\"data:image\/svg+xml,%3Csvg%20xmlns%3D%27http%3A%2F%2Fwww.w3.org%2F2000%2Fsvg%27%20width%3D%27329%27%20height%3D%27188%27%20viewBox%3D%270%200%20329%20188%27%3E%3Crect%20width%3D%27329%27%20height%3D%27188%27%20fill-opacity%3D%220%22%2F%3E%3C%2Fsvg%3E\" data-orig-src=\"https:\/\/lh6.googleusercontent.com\/-0iCdxWR48F8\/VK0ml2L_FMI\/AAAAAAAAKUs\/o86fro5lRws\/w600-h337-no\/1_600x337.jpg\" height=\"188\" width=\"329\" \/><span style=\"font-size: 12pt;\">&nbsp;&nbsp;&nbsp; Panairi i Librit &#8220;Tirana 2010&#8221;, ngjarja m\u00eb e madhe kulturore e librit, mb\u00ebrriti n\u00eb edicionin e 13-t\u00eb t\u00eb tij. Ai u zhvillua n\u00eb datat 11-15 n\u00ebntor dhe kishte p\u00ebr q\u00ebllim kryesor ekspozimin dhe publikimin n\u00eb m\u00ebnyr\u00eb sa m\u00eb t\u00eb gjer\u00eb t\u00eb botimeve shqiptare, kryesisht atyre t\u00eb koh\u00ebve t\u00eb fundit. Prej vitesh, kjo ngjarje sh\u00ebrben si vendtakimi m\u00eb i madh dhe m\u00eb i r\u00ebnd\u00ebsish\u00ebm i krijuesve t\u00eb njohur dhe t\u00eb rinj.<\/span><\/span><\/span><\/div>\n<div style=\"text-align: justify;\"><span style=\"font-family: helvetica; font-size: 12pt;\"><\/span><\/div>\n<div class=\"style10\" style=\"text-align: justify;\"><span style=\"color: #000000; font-family: helvetica; font-size: 12pt;\">&nbsp; &nbsp; N\u00eb stendat e k\u00ebtij panairi, si \u00e7do vit, u ekspozuan edhe botimet e Kish\u00ebs son\u00eb. P\u00ebrve\u00e7 librave t\u00eb publikuar vitet e kaluara, nj\u00eb vend t\u00eb r\u00ebnd\u00ebsish\u00ebm zun\u00eb edhe librat e rinj, t\u00eb cil\u00ebt t\u00ebrhoq\u00ebn v\u00ebmendjen e publikut t\u00eb gjer\u00eb.<\/span><\/div>\n<div class=\"style10\" style=\"text-align: justify;\"><span style=\"font-family: helvetica; font-size: 12pt;\"><\/span><\/div>\n<div class=\"style10\" style=\"text-align: justify;\"><span style=\"color: #000000; font-family: helvetica; font-size: 12pt;\">&nbsp;&nbsp; \u201cGjurm\u00eb nga k\u00ebrkimi i transhendentes\u201d me autor Kryepiskopin Anastas dhe \u201cReflektime mbi f\u00ebmij\u00ebt n\u00eb Kish\u00ebn Orthodhokse sot\u201d nga Motra Magdalen, \u201cRingjallja e Kish\u00ebs Orthodhokse n\u00eb Shqip\u00ebri\u201d (DVD) nga Zyra Rinore e Kryepiskopat\u00ebs ishin tre prurjet m\u00eb t\u00eb fundit, t\u00eb cilat u shoq\u00ebruan edhe nga botimet e fundit t\u00eb revistave \u201cK\u00ebrkim\u201d e \u201cTempulli\u201d, si dhe botimet e tjera t\u00eb sivjetshme, t\u00eb cilat p\u00ebrb\u00ebnin edhe m\u00eb t\u00eb frekuentuarat nga pjes\u00ebmarr\u00ebsit n\u00eb panair.<\/span><\/div>\n<div class=\"style10\" style=\"text-align: justify;\"><span style=\"font-family: helvetica; font-size: 12pt;\"><\/span><\/div>\n<div class=\"style10\" style=\"text-align: justify;\"><span style=\"color: #000000; font-family: helvetica; font-size: 12pt;\"><img decoding=\"async\" class=\"lazyload HAa Eha\" style=\"height: 191px; width: 300px; border-width: 1px; border-style: solid; margin: 10px; float: right;\" alt=\"\" src=\"data:image\/gif;base64,R0lGODlhAQABAAAAACH5BAEKAAEALAAAAAABAAEAAAICTAEAOw==\" data-orig-src=\"https:\/\/lh4.googleusercontent.com\/-S_hiaB3kOMY\/VK0mlsKFspI\/AAAAAAAAKUo\/aIma5EnSZyU\/w600-h381-no\/2_600x381.jpg\" \/>&nbsp;&nbsp;&nbsp; P\u00ebrgjegj\u00ebsi kryesor i stend\u00ebs s\u00eb librave t\u00eb Kish\u00ebs son\u00eb n\u00eb k\u00ebt\u00eb panair, shkrimtari i njohur Gaqo Bushaka, tregoi se interesimi i publikut u shfaq edhe p\u00ebr librat e tjer\u00eb t\u00eb botuar m\u00eb par\u00eb. Nj\u00ebkoh\u00ebsisht, nj\u00eb vend t\u00eb ve\u00e7ant\u00eb zinin edhe CD-t\u00eb me muzik\u00eb bizantine dhe muzik\u00eb t\u00eb krishter\u00eb p\u00ebr t\u00eb rritur e f\u00ebmij\u00eb si dhe DVD-t\u00eb e reja me filma dhe dokumentar\u00eb q\u00eb flasin p\u00ebr tematika t\u00eb ndryshme shpirt\u00ebrore dhe historike t\u00eb Kish\u00ebs.<\/p>\n<p> &nbsp;&nbsp;&nbsp; Ndihm\u00ebn kryesore&nbsp;p\u00ebr mbar\u00ebvajtjen dhe prezantimin e stend\u00ebs son\u00eb e dhan\u00eb student\u00ebt e Akademis\u00eb Theologjike \u201cNgjallja e Krishtit\u201d si dhe t\u00eb rinjt\u00eb orthodhoks\u00eb t\u00eb Tiran\u00ebs, t\u00eb cil\u00ebt me p\u00ebrkushtimin dhe vullnetarizmin e tyre dhan\u00eb nj\u00eb imazh cil\u00ebsor para t\u00eb pranishm\u00ebve.<\/span><\/div>\n<div class=\"style10\" style=\"text-align: justify;\"><span style=\"color: #000000; font-family: helvetica; font-size: 12pt;\"> &nbsp;&nbsp;&nbsp;&nbsp; N\u00eb Panairin e Librit &#8220;Tirana 2010&#8221; u prezantuan mbi 200 botime t\u00eb reja, pjesa m\u00eb e madhe e t\u00eb cilave u soll\u00ebn p\u00ebr her\u00eb t\u00eb par\u00eb n\u00eb k\u00ebt\u00eb edicion t\u00eb 13-t\u00eb. N\u00eb stendat p\u00ebrkat\u00ebse u ekspozuan mbi 40 mij\u00eb libra, nga rreth 100 sht\u00ebpi botuese nga Shqip\u00ebria dhe 30 sht\u00ebpi botuese jasht\u00eb kufijve t\u00eb vendit.<\/span><\/div>\n<div class=\"style10\" style=\"text-align: justify;\"><span style=\"font-family: helvetica; font-size: 12pt;\"><\/span><\/div>\n<div class=\"style10\" style=\"text-align: justify;\"><span style=\"font-family: helvetica; font-size: 12pt;\"><\/span><\/div>\n<div class=\"style10\" style=\"text-align: right;\"><span style=\"color: #000000; font-family: helvetica; font-size: 12pt;\"><strong>Isidor Koti<\/strong><\/span><\/div>\n<div class=\"style10\" style=\"text-align: justify;\"><span style=\"font-family: helvetica; font-size: 12pt;\"><\/span><\/div>\n<div class=\"style10\" style=\"text-align: justify;\"><span style=\"font-family: helvetica; font-size: 12pt;\"><\/span><\/div>\n","protected":false},"excerpt":{"rendered":"<p>&nbsp;&nbsp;&nbsp; Panairi i Librit &#8220;Tirana 2010&#8221;, ngjarja m\u00eb e madhe kulturore e librit, mb\u00ebrriti n\u00eb edicionin e 13-t\u00eb t\u00eb tij. Ai u zhvillua n\u00eb datat 11-15 n\u00ebntor dhe kishte p\u00ebr q\u00ebllim kryesor ekspozimin dhe publikimin n\u00eb m\u00ebnyr\u00eb sa m\u00eb t\u00eb gjer\u00eb t\u00eb botimeve shqiptare, kryesisht atyre t\u00eb koh\u00ebve t\u00eb fundit. Prej vitesh, kjo ngjarje sh\u00ebrben si vendtakimi m\u00eb i madh dhe m\u00eb i r\u00ebnd\u00ebsish\u00ebm i<\/p>\n","protected":false},"author":1,"featured_media":0,"comment_status":"open","ping_status":"open","sticky":false,"template":"","format":"standard","meta":{"_acf_changed":false,"pagelayer_contact_templates":[],"_pagelayer_content":"","inline_featured_image":false,"fifu_image_url":"","fifu_image_alt":"","footnotes":""},"categories":[108],"tags":[144,196,212,607],"class_list":["post-316","post","type-post","status-publish","format-standard","hentry","category-lajme","tag-144","tag-tirane","tag-lajme-d27","tag-promovimepublikime"],"acf":[],"yoast_head":"<!-- This site is optimized with the Yoast SEO plugin v27.2 - https:\/\/yoast.com\/product\/yoast-seo-wordpress\/ -->\n<title>Botime t\u00eb reja dhe interes i ve\u00e7ant\u00eb n\u00eb stend\u00ebn e Kish\u00ebs son\u00eb gjat\u00eb Panairit t\u00eb Librit \u201cTirana 2010\u201d - Kisha Orthodh\u03bfkse Autoqefale e Shqip\u00ebris\u00eb<\/title>\n<meta name=\"robots\" content=\"index, follow, max-snippet:-1, max-image-preview:large, max-video-preview:-1\" \/>\n<link rel=\"canonical\" href=\"https:\/\/orthodoxalbania.org\/2020\/2013\/03\/20\/botime-te-reja-dhe-interes-i-vecante-ne-stenden-e-kishes-sone-gjate-panairit-te-librit-tirana-2010\/\" \/>\n<meta property=\"og:locale\" content=\"en_US\" \/>\n<meta property=\"og:type\" content=\"article\" \/>\n<meta property=\"og:title\" content=\"Botime t\u00eb reja dhe interes i ve\u00e7ant\u00eb n\u00eb stend\u00ebn e Kish\u00ebs son\u00eb gjat\u00eb Panairit t\u00eb Librit \u201cTirana 2010\u201d - Kisha Orthodh\u03bfkse Autoqefale e Shqip\u00ebris\u00eb\" \/>\n<meta property=\"og:description\" content=\"&nbsp;&nbsp;&nbsp; Panairi i Librit &#8220;Tirana 2010&#8221;, ngjarja m\u00eb e madhe kulturore e librit, mb\u00ebrriti n\u00eb edicionin e 13-t\u00eb t\u00eb tij. Ai u zhvillua n\u00eb datat 11-15 n\u00ebntor dhe kishte p\u00ebr q\u00ebllim kryesor ekspozimin dhe publikimin n\u00eb m\u00ebnyr\u00eb sa m\u00eb t\u00eb gjer\u00eb t\u00eb botimeve shqiptare, kryesisht atyre t\u00eb koh\u00ebve t\u00eb fundit. Prej vitesh, kjo ngjarje sh\u00ebrben si vendtakimi m\u00eb i madh dhe m\u00eb i r\u00ebnd\u00ebsish\u00ebm i\" \/>\n<meta property=\"og:url\" content=\"https:\/\/orthodoxalbania.org\/2020\/2013\/03\/20\/botime-te-reja-dhe-interes-i-vecante-ne-stenden-e-kishes-sone-gjate-panairit-te-librit-tirana-2010\/\" \/>\n<meta property=\"og:site_name\" content=\"Kisha Orthodh\u03bfkse Autoqefale e Shqip\u00ebris\u00eb\" \/>\n<meta property=\"article:publisher\" content=\"https:\/\/www.facebook.com\/koash1991\" \/>\n<meta property=\"article:published_time\" content=\"2013-03-20T13:09:16+00:00\" \/>\n<meta property=\"article:modified_time\" content=\"2020-04-06T20:32:16+00:00\" \/>\n<meta property=\"og:image\" content=\"https:\/\/lh6.googleusercontent.com\/-0iCdxWR48F8\/VK0ml2L_FMI\/AAAAAAAAKUs\/o86fro5lRws\/w600-h337-no\/1_600x337.jpg\" \/>\n<meta name=\"author\" content=\"Kisha Orthodhokse\" \/>\n<meta name=\"twitter:card\" content=\"summary_large_image\" \/>\n<meta name=\"twitter:label1\" content=\"Written by\" \/>\n\t<meta name=\"twitter:data1\" content=\"Kisha Orthodhokse\" \/>\n\t<meta name=\"twitter:label2\" content=\"Est. reading time\" \/>\n\t<meta name=\"twitter:data2\" content=\"2 minutes\" \/>\n<script type=\"application\/ld+json\" class=\"yoast-schema-graph\">{\"@context\":\"https:\/\/schema.org\",\"@graph\":[{\"@type\":\"Article\",\"@id\":\"https:\/\/orthodoxalbania.org\/2020\/2013\/03\/20\/botime-te-reja-dhe-interes-i-vecante-ne-stenden-e-kishes-sone-gjate-panairit-te-librit-tirana-2010\/#article\",\"isPartOf\":{\"@id\":\"https:\/\/orthodoxalbania.org\/2020\/2013\/03\/20\/botime-te-reja-dhe-interes-i-vecante-ne-stenden-e-kishes-sone-gjate-panairit-te-librit-tirana-2010\/\"},\"author\":{\"name\":\"Kisha Orthodhokse\",\"@id\":\"https:\/\/orthodoxalbania.org\/2020\/#\/schema\/person\/0c387634a7063ac612d7ed9ce71c7e86\"},\"headline\":\"Botime t\u00eb reja dhe interes i ve\u00e7ant\u00eb n\u00eb stend\u00ebn e Kish\u00ebs son\u00eb gjat\u00eb Panairit t\u00eb Librit \u201cTirana 2010\u201d\",\"datePublished\":\"2013-03-20T13:09:16+00:00\",\"dateModified\":\"2020-04-06T20:32:16+00:00\",\"mainEntityOfPage\":{\"@id\":\"https:\/\/orthodoxalbania.org\/2020\/2013\/03\/20\/botime-te-reja-dhe-interes-i-vecante-ne-stenden-e-kishes-sone-gjate-panairit-te-librit-tirana-2010\/\"},\"wordCount\":446,\"commentCount\":0,\"publisher\":{\"@id\":\"https:\/\/orthodoxalbania.org\/2020\/#organization\"},\"image\":{\"@id\":\"https:\/\/orthodoxalbania.org\/2020\/2013\/03\/20\/botime-te-reja-dhe-interes-i-vecante-ne-stenden-e-kishes-sone-gjate-panairit-te-librit-tirana-2010\/#primaryimage\"},\"thumbnailUrl\":\"https:\/\/lh6.googleusercontent.com\/-0iCdxWR48F8\/VK0ml2L_FMI\/AAAAAAAAKUs\/o86fro5lRws\/w600-h337-no\/1_600x337.jpg\",\"keywords\":[\"2010\",\"Kryepiskopata Tiran\u00eb\",\"lajme\",\"PromovimePublikime\"],\"articleSection\":[\"Lajme\"],\"inLanguage\":\"en-US\"},{\"@type\":\"WebPage\",\"@id\":\"https:\/\/orthodoxalbania.org\/2020\/2013\/03\/20\/botime-te-reja-dhe-interes-i-vecante-ne-stenden-e-kishes-sone-gjate-panairit-te-librit-tirana-2010\/\",\"url\":\"https:\/\/orthodoxalbania.org\/2020\/2013\/03\/20\/botime-te-reja-dhe-interes-i-vecante-ne-stenden-e-kishes-sone-gjate-panairit-te-librit-tirana-2010\/\",\"name\":\"Botime t\u00eb reja dhe interes i ve\u00e7ant\u00eb n\u00eb stend\u00ebn e Kish\u00ebs son\u00eb gjat\u00eb Panairit t\u00eb Librit \u201cTirana 2010\u201d - Kisha Orthodh\u03bfkse Autoqefale e Shqip\u00ebris\u00eb\",\"isPartOf\":{\"@id\":\"https:\/\/orthodoxalbania.org\/2020\/#website\"},\"primaryImageOfPage\":{\"@id\":\"https:\/\/orthodoxalbania.org\/2020\/2013\/03\/20\/botime-te-reja-dhe-interes-i-vecante-ne-stenden-e-kishes-sone-gjate-panairit-te-librit-tirana-2010\/#primaryimage\"},\"image\":{\"@id\":\"https:\/\/orthodoxalbania.org\/2020\/2013\/03\/20\/botime-te-reja-dhe-interes-i-vecante-ne-stenden-e-kishes-sone-gjate-panairit-te-librit-tirana-2010\/#primaryimage\"},\"thumbnailUrl\":\"https:\/\/lh6.googleusercontent.com\/-0iCdxWR48F8\/VK0ml2L_FMI\/AAAAAAAAKUs\/o86fro5lRws\/w600-h337-no\/1_600x337.jpg\",\"datePublished\":\"2013-03-20T13:09:16+00:00\",\"dateModified\":\"2020-04-06T20:32:16+00:00\",\"breadcrumb\":{\"@id\":\"https:\/\/orthodoxalbania.org\/2020\/2013\/03\/20\/botime-te-reja-dhe-interes-i-vecante-ne-stenden-e-kishes-sone-gjate-panairit-te-librit-tirana-2010\/#breadcrumb\"},\"inLanguage\":\"en-US\",\"potentialAction\":[{\"@type\":\"ReadAction\",\"target\":[\"https:\/\/orthodoxalbania.org\/2020\/2013\/03\/20\/botime-te-reja-dhe-interes-i-vecante-ne-stenden-e-kishes-sone-gjate-panairit-te-librit-tirana-2010\/\"]}]},{\"@type\":\"ImageObject\",\"inLanguage\":\"en-US\",\"@id\":\"https:\/\/orthodoxalbania.org\/2020\/2013\/03\/20\/botime-te-reja-dhe-interes-i-vecante-ne-stenden-e-kishes-sone-gjate-panairit-te-librit-tirana-2010\/#primaryimage\",\"url\":\"https:\/\/lh6.googleusercontent.com\/-0iCdxWR48F8\/VK0ml2L_FMI\/AAAAAAAAKUs\/o86fro5lRws\/w600-h337-no\/1_600x337.jpg\",\"contentUrl\":\"https:\/\/lh6.googleusercontent.com\/-0iCdxWR48F8\/VK0ml2L_FMI\/AAAAAAAAKUs\/o86fro5lRws\/w600-h337-no\/1_600x337.jpg\"},{\"@type\":\"BreadcrumbList\",\"@id\":\"https:\/\/orthodoxalbania.org\/2020\/2013\/03\/20\/botime-te-reja-dhe-interes-i-vecante-ne-stenden-e-kishes-sone-gjate-panairit-te-librit-tirana-2010\/#breadcrumb\",\"itemListElement\":[{\"@type\":\"ListItem\",\"position\":1,\"name\":\"Home\",\"item\":\"https:\/\/orthodoxalbania.org\/2020\/\"},{\"@type\":\"ListItem\",\"position\":2,\"name\":\"Botime t\u00eb reja dhe interes i ve\u00e7ant\u00eb n\u00eb stend\u00ebn e Kish\u00ebs son\u00eb gjat\u00eb Panairit t\u00eb Librit \u201cTirana 2010\u201d\"}]},{\"@type\":\"WebSite\",\"@id\":\"https:\/\/orthodoxalbania.org\/2020\/#website\",\"url\":\"https:\/\/orthodoxalbania.org\/2020\/\",\"name\":\"Kisha Orthodh\u03bfkse Autoqefale e Shqip\u00ebris\u00eb\",\"description\":\"Fqja Zyrtare e Kish\u00ebs Orthodhokse Autoqefale e Shqip\u00ebris\u00eb me lajmet edhe informacionet zyrtare p\u00ebr struktur\u00ebn edhe veprimtarin e saj.\",\"publisher\":{\"@id\":\"https:\/\/orthodoxalbania.org\/2020\/#organization\"},\"potentialAction\":[{\"@type\":\"SearchAction\",\"target\":{\"@type\":\"EntryPoint\",\"urlTemplate\":\"https:\/\/orthodoxalbania.org\/2020\/?s={search_term_string}\"},\"query-input\":{\"@type\":\"PropertyValueSpecification\",\"valueRequired\":true,\"valueName\":\"search_term_string\"}}],\"inLanguage\":\"en-US\"},{\"@type\":\"Organization\",\"@id\":\"https:\/\/orthodoxalbania.org\/2020\/#organization\",\"name\":\"Kisha Orthodhokse Autoqefale e Shqip\u00ebris\u00eb\",\"url\":\"https:\/\/orthodoxalbania.org\/2020\/\",\"logo\":{\"@type\":\"ImageObject\",\"inLanguage\":\"en-US\",\"@id\":\"https:\/\/orthodoxalbania.org\/2020\/#\/schema\/logo\/image\/\",\"url\":\"https:\/\/orthodoxalbania.org\/2020\/wp-content\/uploads\/2020\/05\/albania.jpeg\",\"contentUrl\":\"https:\/\/orthodoxalbania.org\/2020\/wp-content\/uploads\/2020\/05\/albania.jpeg\",\"width\":540,\"height\":540,\"caption\":\"Kisha Orthodhokse Autoqefale e Shqip\u00ebris\u00eb\"},\"image\":{\"@id\":\"https:\/\/orthodoxalbania.org\/2020\/#\/schema\/logo\/image\/\"},\"sameAs\":[\"https:\/\/www.facebook.com\/koash1991\"]},{\"@type\":\"Person\",\"@id\":\"https:\/\/orthodoxalbania.org\/2020\/#\/schema\/person\/0c387634a7063ac612d7ed9ce71c7e86\",\"name\":\"Kisha Orthodhokse\",\"image\":{\"@type\":\"ImageObject\",\"inLanguage\":\"en-US\",\"@id\":\"https:\/\/secure.gravatar.com\/avatar\/596e7c417251e30f2fbb9c00e026fce61a695a00e51c889caded71c96cbbdde5?s=96&d=mm&r=g\",\"url\":\"https:\/\/secure.gravatar.com\/avatar\/596e7c417251e30f2fbb9c00e026fce61a695a00e51c889caded71c96cbbdde5?s=96&d=mm&r=g\",\"contentUrl\":\"https:\/\/secure.gravatar.com\/avatar\/596e7c417251e30f2fbb9c00e026fce61a695a00e51c889caded71c96cbbdde5?s=96&d=mm&r=g\",\"caption\":\"Kisha Orthodhokse\"}}]}<\/script>\n<!-- \/ Yoast SEO plugin. -->","yoast_head_json":{"title":"Botime t\u00eb reja dhe interes i ve\u00e7ant\u00eb n\u00eb stend\u00ebn e Kish\u00ebs son\u00eb gjat\u00eb Panairit t\u00eb Librit \u201cTirana 2010\u201d - Kisha Orthodh\u03bfkse Autoqefale e Shqip\u00ebris\u00eb","robots":{"index":"index","follow":"follow","max-snippet":"max-snippet:-1","max-image-preview":"max-image-preview:large","max-video-preview":"max-video-preview:-1"},"canonical":"https:\/\/orthodoxalbania.org\/2020\/2013\/03\/20\/botime-te-reja-dhe-interes-i-vecante-ne-stenden-e-kishes-sone-gjate-panairit-te-librit-tirana-2010\/","og_locale":"en_US","og_type":"article","og_title":"Botime t\u00eb reja dhe interes i ve\u00e7ant\u00eb n\u00eb stend\u00ebn e Kish\u00ebs son\u00eb gjat\u00eb Panairit t\u00eb Librit \u201cTirana 2010\u201d - Kisha Orthodh\u03bfkse Autoqefale e Shqip\u00ebris\u00eb","og_description":"&nbsp;&nbsp;&nbsp; Panairi i Librit &#8220;Tirana 2010&#8221;, ngjarja m\u00eb e madhe kulturore e librit, mb\u00ebrriti n\u00eb edicionin e 13-t\u00eb t\u00eb tij. Ai u zhvillua n\u00eb datat 11-15 n\u00ebntor dhe kishte p\u00ebr q\u00ebllim kryesor ekspozimin dhe publikimin n\u00eb m\u00ebnyr\u00eb sa m\u00eb t\u00eb gjer\u00eb t\u00eb botimeve shqiptare, kryesisht atyre t\u00eb koh\u00ebve t\u00eb fundit. Prej vitesh, kjo ngjarje sh\u00ebrben si vendtakimi m\u00eb i madh dhe m\u00eb i r\u00ebnd\u00ebsish\u00ebm i","og_url":"https:\/\/orthodoxalbania.org\/2020\/2013\/03\/20\/botime-te-reja-dhe-interes-i-vecante-ne-stenden-e-kishes-sone-gjate-panairit-te-librit-tirana-2010\/","og_site_name":"Kisha Orthodh\u03bfkse Autoqefale e Shqip\u00ebris\u00eb","article_publisher":"https:\/\/www.facebook.com\/koash1991","article_published_time":"2013-03-20T13:09:16+00:00","article_modified_time":"2020-04-06T20:32:16+00:00","og_image":[{"url":"https:\/\/lh6.googleusercontent.com\/-0iCdxWR48F8\/VK0ml2L_FMI\/AAAAAAAAKUs\/o86fro5lRws\/w600-h337-no\/1_600x337.jpg","type":"","width":"","height":""}],"author":"Kisha Orthodhokse","twitter_card":"summary_large_image","twitter_misc":{"Written by":"Kisha Orthodhokse","Est. reading time":"2 minutes"},"schema":{"@context":"https:\/\/schema.org","@graph":[{"@type":"Article","@id":"https:\/\/orthodoxalbania.org\/2020\/2013\/03\/20\/botime-te-reja-dhe-interes-i-vecante-ne-stenden-e-kishes-sone-gjate-panairit-te-librit-tirana-2010\/#article","isPartOf":{"@id":"https:\/\/orthodoxalbania.org\/2020\/2013\/03\/20\/botime-te-reja-dhe-interes-i-vecante-ne-stenden-e-kishes-sone-gjate-panairit-te-librit-tirana-2010\/"},"author":{"name":"Kisha Orthodhokse","@id":"https:\/\/orthodoxalbania.org\/2020\/#\/schema\/person\/0c387634a7063ac612d7ed9ce71c7e86"},"headline":"Botime t\u00eb reja dhe interes i ve\u00e7ant\u00eb n\u00eb stend\u00ebn e Kish\u00ebs son\u00eb gjat\u00eb Panairit t\u00eb Librit \u201cTirana 2010\u201d","datePublished":"2013-03-20T13:09:16+00:00","dateModified":"2020-04-06T20:32:16+00:00","mainEntityOfPage":{"@id":"https:\/\/orthodoxalbania.org\/2020\/2013\/03\/20\/botime-te-reja-dhe-interes-i-vecante-ne-stenden-e-kishes-sone-gjate-panairit-te-librit-tirana-2010\/"},"wordCount":446,"commentCount":0,"publisher":{"@id":"https:\/\/orthodoxalbania.org\/2020\/#organization"},"image":{"@id":"https:\/\/orthodoxalbania.org\/2020\/2013\/03\/20\/botime-te-reja-dhe-interes-i-vecante-ne-stenden-e-kishes-sone-gjate-panairit-te-librit-tirana-2010\/#primaryimage"},"thumbnailUrl":"https:\/\/lh6.googleusercontent.com\/-0iCdxWR48F8\/VK0ml2L_FMI\/AAAAAAAAKUs\/o86fro5lRws\/w600-h337-no\/1_600x337.jpg","keywords":["2010","Kryepiskopata Tiran\u00eb","lajme","PromovimePublikime"],"articleSection":["Lajme"],"inLanguage":"en-US"},{"@type":"WebPage","@id":"https:\/\/orthodoxalbania.org\/2020\/2013\/03\/20\/botime-te-reja-dhe-interes-i-vecante-ne-stenden-e-kishes-sone-gjate-panairit-te-librit-tirana-2010\/","url":"https:\/\/orthodoxalbania.org\/2020\/2013\/03\/20\/botime-te-reja-dhe-interes-i-vecante-ne-stenden-e-kishes-sone-gjate-panairit-te-librit-tirana-2010\/","name":"Botime t\u00eb reja dhe interes i ve\u00e7ant\u00eb n\u00eb stend\u00ebn e Kish\u00ebs son\u00eb gjat\u00eb Panairit t\u00eb Librit \u201cTirana 2010\u201d - Kisha Orthodh\u03bfkse Autoqefale e Shqip\u00ebris\u00eb","isPartOf":{"@id":"https:\/\/orthodoxalbania.org\/2020\/#website"},"primaryImageOfPage":{"@id":"https:\/\/orthodoxalbania.org\/2020\/2013\/03\/20\/botime-te-reja-dhe-interes-i-vecante-ne-stenden-e-kishes-sone-gjate-panairit-te-librit-tirana-2010\/#primaryimage"},"image":{"@id":"https:\/\/orthodoxalbania.org\/2020\/2013\/03\/20\/botime-te-reja-dhe-interes-i-vecante-ne-stenden-e-kishes-sone-gjate-panairit-te-librit-tirana-2010\/#primaryimage"},"thumbnailUrl":"https:\/\/lh6.googleusercontent.com\/-0iCdxWR48F8\/VK0ml2L_FMI\/AAAAAAAAKUs\/o86fro5lRws\/w600-h337-no\/1_600x337.jpg","datePublished":"2013-03-20T13:09:16+00:00","dateModified":"2020-04-06T20:32:16+00:00","breadcrumb":{"@id":"https:\/\/orthodoxalbania.org\/2020\/2013\/03\/20\/botime-te-reja-dhe-interes-i-vecante-ne-stenden-e-kishes-sone-gjate-panairit-te-librit-tirana-2010\/#breadcrumb"},"inLanguage":"en-US","potentialAction":[{"@type":"ReadAction","target":["https:\/\/orthodoxalbania.org\/2020\/2013\/03\/20\/botime-te-reja-dhe-interes-i-vecante-ne-stenden-e-kishes-sone-gjate-panairit-te-librit-tirana-2010\/"]}]},{"@type":"ImageObject","inLanguage":"en-US","@id":"https:\/\/orthodoxalbania.org\/2020\/2013\/03\/20\/botime-te-reja-dhe-interes-i-vecante-ne-stenden-e-kishes-sone-gjate-panairit-te-librit-tirana-2010\/#primaryimage","url":"https:\/\/lh6.googleusercontent.com\/-0iCdxWR48F8\/VK0ml2L_FMI\/AAAAAAAAKUs\/o86fro5lRws\/w600-h337-no\/1_600x337.jpg","contentUrl":"https:\/\/lh6.googleusercontent.com\/-0iCdxWR48F8\/VK0ml2L_FMI\/AAAAAAAAKUs\/o86fro5lRws\/w600-h337-no\/1_600x337.jpg"},{"@type":"BreadcrumbList","@id":"https:\/\/orthodoxalbania.org\/2020\/2013\/03\/20\/botime-te-reja-dhe-interes-i-vecante-ne-stenden-e-kishes-sone-gjate-panairit-te-librit-tirana-2010\/#breadcrumb","itemListElement":[{"@type":"ListItem","position":1,"name":"Home","item":"https:\/\/orthodoxalbania.org\/2020\/"},{"@type":"ListItem","position":2,"name":"Botime t\u00eb reja dhe interes i ve\u00e7ant\u00eb n\u00eb stend\u00ebn e Kish\u00ebs son\u00eb gjat\u00eb Panairit t\u00eb Librit \u201cTirana 2010\u201d"}]},{"@type":"WebSite","@id":"https:\/\/orthodoxalbania.org\/2020\/#website","url":"https:\/\/orthodoxalbania.org\/2020\/","name":"Kisha Orthodh\u03bfkse Autoqefale e Shqip\u00ebris\u00eb","description":"Fqja Zyrtare e Kish\u00ebs Orthodhokse Autoqefale e Shqip\u00ebris\u00eb me lajmet edhe informacionet zyrtare p\u00ebr struktur\u00ebn edhe veprimtarin e saj.","publisher":{"@id":"https:\/\/orthodoxalbania.org\/2020\/#organization"},"potentialAction":[{"@type":"SearchAction","target":{"@type":"EntryPoint","urlTemplate":"https:\/\/orthodoxalbania.org\/2020\/?s={search_term_string}"},"query-input":{"@type":"PropertyValueSpecification","valueRequired":true,"valueName":"search_term_string"}}],"inLanguage":"en-US"},{"@type":"Organization","@id":"https:\/\/orthodoxalbania.org\/2020\/#organization","name":"Kisha Orthodhokse Autoqefale e Shqip\u00ebris\u00eb","url":"https:\/\/orthodoxalbania.org\/2020\/","logo":{"@type":"ImageObject","inLanguage":"en-US","@id":"https:\/\/orthodoxalbania.org\/2020\/#\/schema\/logo\/image\/","url":"https:\/\/orthodoxalbania.org\/2020\/wp-content\/uploads\/2020\/05\/albania.jpeg","contentUrl":"https:\/\/orthodoxalbania.org\/2020\/wp-content\/uploads\/2020\/05\/albania.jpeg","width":540,"height":540,"caption":"Kisha Orthodhokse Autoqefale e Shqip\u00ebris\u00eb"},"image":{"@id":"https:\/\/orthodoxalbania.org\/2020\/#\/schema\/logo\/image\/"},"sameAs":["https:\/\/www.facebook.com\/koash1991"]},{"@type":"Person","@id":"https:\/\/orthodoxalbania.org\/2020\/#\/schema\/person\/0c387634a7063ac612d7ed9ce71c7e86","name":"Kisha Orthodhokse","image":{"@type":"ImageObject","inLanguage":"en-US","@id":"https:\/\/secure.gravatar.com\/avatar\/596e7c417251e30f2fbb9c00e026fce61a695a00e51c889caded71c96cbbdde5?s=96&d=mm&r=g","url":"https:\/\/secure.gravatar.com\/avatar\/596e7c417251e30f2fbb9c00e026fce61a695a00e51c889caded71c96cbbdde5?s=96&d=mm&r=g","contentUrl":"https:\/\/secure.gravatar.com\/avatar\/596e7c417251e30f2fbb9c00e026fce61a695a00e51c889caded71c96cbbdde5?s=96&d=mm&r=g","caption":"Kisha Orthodhokse"}}]}},"_links":{"self":[{"href":"https:\/\/orthodoxalbania.org\/2020\/wp-json\/wp\/v2\/posts\/316","targetHints":{"allow":["GET"]}}],"collection":[{"href":"https:\/\/orthodoxalbania.org\/2020\/wp-json\/wp\/v2\/posts"}],"about":[{"href":"https:\/\/orthodoxalbania.org\/2020\/wp-json\/wp\/v2\/types\/post"}],"author":[{"embeddable":true,"href":"https:\/\/orthodoxalbania.org\/2020\/wp-json\/wp\/v2\/users\/1"}],"replies":[{"embeddable":true,"href":"https:\/\/orthodoxalbania.org\/2020\/wp-json\/wp\/v2\/comments?post=316"}],"version-history":[{"count":1,"href":"https:\/\/orthodoxalbania.org\/2020\/wp-json\/wp\/v2\/posts\/316\/revisions"}],"predecessor-version":[{"id":15449,"href":"https:\/\/orthodoxalbania.org\/2020\/wp-json\/wp\/v2\/posts\/316\/revisions\/15449"}],"wp:attachment":[{"href":"https:\/\/orthodoxalbania.org\/2020\/wp-json\/wp\/v2\/media?parent=316"}],"wp:term":[{"taxonomy":"category","embeddable":true,"href":"https:\/\/orthodoxalbania.org\/2020\/wp-json\/wp\/v2\/categories?post=316"},{"taxonomy":"post_tag","embeddable":true,"href":"https:\/\/orthodoxalbania.org\/2020\/wp-json\/wp\/v2\/tags?post=316"}],"curies":[{"name":"wp","href":"https:\/\/api.w.org\/{rel}","templated":true}]}}