{"id":312,"date":"2013-03-20T13:00:52","date_gmt":"2013-03-20T13:00:52","guid":{"rendered":""},"modified":"2020-04-06T22:32:20","modified_gmt":"2020-04-06T20:32:20","slug":"besimtare-te-beratit-i-pergjigjen-akuzave-te-z-kristo-frasheri-drejtuar-mitropolitit-e-tyre-h-ignatin-tetor-2010","status":"publish","type":"post","link":"https:\/\/orthodoxalbania.org\/2020\/2013\/03\/20\/besimtare-te-beratit-i-pergjigjen-akuzave-te-z-kristo-frasheri-drejtuar-mitropolitit-e-tyre-h-ignatin-tetor-2010\/","title":{"rendered":"Besimtar\u00eb t\u00eb Beratit i p\u00ebrgjigjen akuzave t\u00eb z. Kristo Frash\u00ebri drejtuar Mitropolitit e tyre H. Ignatin. (Tetor 2010)"},"content":{"rendered":"<div style=\"text-align: justify;\">\n<div class=\"style8\"><span style=\"color: #000000; font-family: helvetica; font-size: 12pt;\">&nbsp;&nbsp;&nbsp; Ne besimtar\u00ebt e dioqez\u00ebs s\u00eb Beratit jemi t\u00eb indinjuar dhe ofenduar p\u00ebr akuzat q\u00eb z. Kristo Frash\u00ebri drejton kund\u00ebr Mitropolitit t\u00eb Beratit, Vlor\u00ebs, Kanin\u00ebs dhe gjith\u00eb Myzeqes\u00eb. Ato nuk kan\u00eb asnj\u00eb baz\u00eb t\u00eb v\u00ebrtet\u00eb, por shprehin mllefin personal q\u00eb ka autori ndaj Kish\u00ebs dhe Mitropolitit. Sipas p\u00ebrg\u00ebnjeshtrimit, n\u00eb <em>\u201cGazeta Shqiptare\u201d<\/em> t\u00eb dat\u00ebs 18.10.2010, del qart\u00eb se Hir\u00ebsia e tij nuk ka dh\u00ebn\u00eb asnj\u00eb intervist\u00eb p\u00ebr shtyp dhe prononcim publik por, ka b\u00ebr\u00eb bised\u00eb t\u00eb zakonshme me nj\u00eb klerik, t\u00eb cilin gazeta <em>\u201cBlic\u201d<\/em> e ka keqinterpretuar. Hir\u00ebsia \u00ebsht\u00eb shprehur se: <em>\u201c<\/em><em>Jam i k\u00ebnaqur q\u00eb sapo mb\u00ebrrita n\u00eb k\u00ebt\u00eb vend t\u00eb shenjt\u00eb t\u00eb Patriarkan\u00ebs suaj t\u00eb Hirshme\u201d<\/em>. Ashtu si edhe vet\u00eb autori pohon se: <em>\u201cPeja \u00ebsht\u00eb seli mesjetare e Patriarkan\u00ebs Ortodokse t\u00eb Serbis\u00eb\u201d<\/em>, n\u00eb artikullin e dat\u00ebs 15.10,2010, n\u00eb <em>\u201cGazeta Shqiptare\u201d<\/em>.<\/span><\/div>\n<div class=\"style8\"><span style=\"font-family: helvetica; font-size: 12pt;\"><\/span><\/div>\n<div class=\"style8\"><span style=\"color: #000000; font-family: helvetica; font-size: 12pt;\">&nbsp;&nbsp;&nbsp; Me tej artikullshkruesi pohon t\u00eb v\u00ebrtet\u00ebn se <em>\u201cn\u00eb k\u00ebt\u00eb ceremoni mor\u00ebn pjes\u00eb 30 p\u00ebrfaq\u00ebsues t\u00eb lart\u00eb t\u00eb Kishave Ortodokse t\u00eb huaja\u201d<\/em>. Ligj\u00ebrisht na lind e drejta t\u00eb pyesim: P\u00ebrse u mblodh\u00ebn k\u00ebta prelat\u00eb t\u00eb Kishave t\u00eb Shenjta? Kjo pohon kat\u00ebrcip\u00ebrisht se biseda \u00ebsht\u00eb b\u00ebr\u00eb n\u00eb nj\u00eb vend t\u00eb shenjt\u00eb. Hir\u00ebsia, n\u00eb t\u00eb v\u00ebrtet\u00eb, ka th\u00ebn\u00eb: \u201c<em>Jam i g\u00ebzuar q\u00eb ndodhem k\u00ebtu n\u00eb nj\u00eb situat\u00eb paqeje pas gjith\u00eb atyre dhimbjeve q\u00eb iu shkaktuan njer\u00ebzve t\u00eb pafajsh\u00ebm n\u00eb vitin 1999\u201d<\/em>.<\/span><\/div>\n<div class=\"style8\"><span style=\"font-family: helvetica; font-size: 12pt;\"><\/span><\/div>\n<div class=\"style8\"><span style=\"color: #000000; font-family: helvetica; font-size: 12pt;\">&nbsp;&nbsp;&nbsp; Na indinjon shprehja e z. Frash\u00ebri: <em>\u201cCili \u00ebsht\u00eb ai perlat kishtar, i cili nuk e&nbsp; ngre z\u00ebrin t\u00eb mbroj\u00eb, ashtu si\u00e7 m\u00ebson Krishti n\u00eb kat\u00ebr Ungjijt\u00eb e vet, jet\u00ebn e njer\u00ebzve t\u00eb \u00e7far\u00ebdo race, kombi dhe gjuhe kur k\u00ebta p\u00ebrdhunohen, torturohen dhe masakrohen nga kushdoqoft\u00eb\u201d<\/em>. I p\u00ebrgjigjemi me kompetenc\u00eb dhe p\u00ebrgjegj\u00ebsi t\u00eb plot\u00eb, si d\u00ebshmitar\u00eb okular\u00eb, se, q\u00eb me ardhjen e refugjat\u00ebve t\u00eb par\u00eb kosovar\u00eb n\u00eb Berat, ishte vet\u00eb ky prelat i lart\u00eb i Mitropolis\u00eb s\u00eb Hirshme nd\u00ebr t\u00eb par\u00ebt q\u00eb u ofroi ndihma t\u00eb shumta e t\u00eb pakursyera n\u00eb ushqime, veshmbathje e medikamente dhe u b\u00ebri vizita n\u00eb spitalin rajonal t\u00eb Beratit. K\u00ebto ndihma u dhan\u00eb n\u00eb kampet e refugjat\u00ebve kosovar\u00eb n\u00eb Ku\u00e7ov\u00eb e Morav\u00eb, duke marr\u00eb urimet e p\u00ebrzem\u00ebrta e t\u00eb sinqerta t\u00eb v\u00ebllez\u00ebrve tan\u00eb dhe duke zbatuar, nj\u00eb p\u00ebr nj\u00eb, t\u00eb gjitha m\u00ebsimet e kat\u00ebr Ungjijve t\u00eb shenjt\u00eb: <em>\u201cPata uri dhe m\u00eb dhat\u00eb p\u00ebr t\u00eb ngr\u00ebn\u00eb, pata etje dhe m\u00eb dhat\u00eb p\u00ebr t\u00eb pir\u00eb; isha i huaj dhe m\u00eb prit\u00ebt, isha i zhveshur dhe m\u00eb vesh\u00ebt, isha i s\u00ebmur\u00eb dhe ju m\u00eb vizitonit, isha n\u00eb burg dhe erdh\u00ebt tek un\u00eb\u201d (Mateu 25:35-36)<\/em>.<\/span><\/div>\n<div class=\"style8\"><span style=\"font-family: helvetica; font-size: 12pt;\"><\/span><\/div>\n<div class=\"style8\"><span style=\"color: #000000; font-family: helvetica; font-size: 12pt;\">&nbsp;&nbsp;&nbsp; Mitropoliti yn\u00eb i nderuar, Imzot Ignati, qysh n\u00eb dit\u00ebt e para q\u00eb shkeli n\u00eb qytetin ton\u00eb t\u00eb Beratit, m\u00eb 18 korrik 1998, me p\u00ebrkushtim dhe bujari u dhuroi nx\u00ebn\u00ebsve t\u00eb shkollave t\u00eb Beratit \u00e7anta dhe mjete t\u00eb tjera shkollore; ndihmoi me bujari familje q\u00eb u p\u00ebrmbyt\u00ebn nga lumi Osum, pa dallim feje dhe race; u q\u00ebndroi af\u00ebr familjeve t\u00eb polic\u00ebve t\u00eb vrar\u00eb, duke i ndihmuar shpirt\u00ebrisht dhe materialisht; ngush\u00eblloi dhe ndihmoi familjar\u00ebt e viktimave t\u00eb mbytura n\u00eb kanalin e Otrantos; ka b\u00ebr\u00eb dhe vazhdon t\u00eb b\u00ebj\u00eb vizita t\u00eb panum\u00ebrta tek t\u00eb s\u00ebmur\u00ebt n\u00eb spital dhe n\u00eb familje t\u00eb ndryshme, duke u ofruar me modesti zarfe me sasi t\u00eb konsiderueshme t\u00eb hollash, n\u00ebn jast\u00ebkun e t\u00eb s\u00ebmurit, me udh\u00ebrr\u00ebfyes fjal\u00ebn e Zotit: <em>\u201cT\u00eb mos dij\u00eb e majta \u00e7far\u00eb b\u00ebn e djathta\u201d<\/em>; ka b\u00ebr\u00eb vizita t\u00eb her\u00ebpashershme tek t\u00eb burgosurit n\u00eb Kosov\u00eb t\u00eb Lushnj\u00ebs.<\/span><\/div>\n<div class=\"style8\"><span style=\"color: #000000; font-family: helvetica; font-size: 12pt;\"> &nbsp; &nbsp; U ka ofruar vazhdimisht ndihma n\u00eb ushqime dhe veshmbathje t\u00eb s\u00ebmur\u00ebve n\u00eb <em>\u201cSpitalin Psikiatrik\u201d<\/em> Vlor\u00eb, f\u00ebmij\u00ebve jetim\u00eb n\u00eb&nbsp; <em>\u201cJetimoren\u201d<\/em> e Vlor\u00ebs; <em>\u201cQendr\u00ebs Rezidenciale t\u00eb Zhvillimit t\u00eb F\u00ebmij\u00ebve\u201d<\/em> n\u00eb Berat e Vlor\u00eb; <em>\u201cQendr\u00ebs s\u00eb t\u00eb Moshuarve\u201d<\/em> n\u00eb Fier; <em>\u201cQendr\u00ebs s\u00eb F\u00ebmij\u00ebve t\u00eb Ngujuar nga Gjakmarrja\u201d<\/em> n\u00eb Poli\u00e7an t\u00eb Skraparit; <em>\u201cShoqat\u00ebs s\u00eb t\u00eb Verb\u00ebrve\u201d<\/em> n\u00eb Berat dhe Lushnj\u00eb; <em>\u201cShoqat\u00ebs s\u00eb Dhuruesve t\u00eb Gjakut\u201d<\/em> Berat; <em>\u201cShoqat\u00ebs s\u00eb Kryqit t\u00eb Kuq\u201d<\/em> Berat; ndihma n\u00eb veshmbathje n\u00eb kampin e ngritur p\u00ebr familjet e d\u00ebmtuara n\u00eb G\u00ebrdec si dhe p\u00ebr familjet e p\u00ebrmbytura para nj\u00eb viti n\u00eb Lezh\u00eb.<\/span><\/div>\n<div class=\"style8\"><span style=\"font-family: helvetica; font-size: 12pt;\"><\/span><\/div>\n<div class=\"style8\"><span style=\"color: #000000; font-family: helvetica; font-size: 12pt;\">&nbsp;&nbsp;&nbsp; Ka ndihmuar disa familje t\u00eb varf\u00ebra, duke marr\u00eb p\u00ebrsip\u00ebr riparimin e sht\u00ebpive t\u00eb tyre.<\/span><\/div>\n<div class=\"style8\"><span style=\"color: #000000; font-family: helvetica; font-size: 12pt;\"> &nbsp;&nbsp;&nbsp; Nuk mund t\u00eb l\u00ebm\u00eb pa p\u00ebrmendur ndihm\u00ebn e vazhdueshme q\u00eb jep Hir\u00ebsia e tij p\u00ebr njer\u00ebzit e s\u00ebmur\u00eb, duke i ndihmuar n\u00eb t\u00eb holla q\u00eb t\u00eb kurohen si n\u00eb spitalet shqiptare, ashtu edhe jasht\u00eb vendit si n\u00eb Rusi, Turqi, Itali, Greqi. Nj\u00eb kujdes t\u00eb ve\u00e7ant\u00eb dhe dhimbsuri t\u00eb madhe Hir\u00ebsia u ka kushtuar njer\u00ebzve q\u00eb l\u00ebngojn\u00eb nga s\u00ebmundje t\u00eb r\u00ebnda, duke marr\u00eb p\u00ebrsip\u00ebr shpenzimet e kimioterapis\u00eb s\u00eb tyre.<\/span><\/div>\n<div class=\"style8\"><span style=\"color: #000000; font-family: helvetica; font-size: 12pt;\"> &nbsp;&nbsp;&nbsp; I pakursyer \u00ebsht\u00eb kontributi i dh\u00ebnies s\u00eb ndihmave p\u00ebr shkollimin e student\u00ebve jasht\u00eb shtetit. Prind\u00ebrit beratas nuk din\u00eb si ta fal\u00ebnderojn\u00eb Hir\u00ebsin\u00eb p\u00ebr ngritjen e kopshtit t\u00eb f\u00ebmij\u00ebve, ku edukohen, q\u00eb prej kat\u00ebr vitesh, dhjet\u00ebra&nbsp; f\u00ebmij\u00eb, pa dallim feje dhe race.<\/span><\/div>\n<div class=\"style8\"><span style=\"font-family: helvetica; font-size: 12pt;\"><\/span><\/div>\n<div class=\"style8\"><span style=\"color: #000000; font-family: helvetica; font-size: 12pt;\">&nbsp;&nbsp;&nbsp; Duke qen\u00eb vazhdimisht i shqet\u00ebsuar p\u00ebr t\u00eb ndihmuar njer\u00ebzit n\u00eb nevoj\u00eb, ia arriti q\u00ebllimit t\u00eb tij humanitar p\u00ebr hapjen e nj\u00eb mense, ku t\u00eb ofronte ushqim p\u00ebr njer\u00ebzit n\u00eb nevoj\u00eb. Dhe kjo u b\u00eb e mundur n\u00eb janar t\u00eb vitit 2010. Kjo mens\u00eb, e quajtur <em>\u201cShen Joan P\u00ebrd\u00ebllimtari\u201d<\/em>, ofron ushqim t\u00eb gatuar, fillimisht dy her\u00eb n\u00eb jav\u00eb, p\u00ebr 80-100 persona.<\/span><\/div>\n<div class=\"style8\"><span style=\"font-family: helvetica; font-size: 12pt;\"><\/span><\/div>\n<div class=\"style8\"><span style=\"color: #000000; font-family: helvetica; font-size: 12pt;\">&nbsp;&nbsp;&nbsp; Pyesim z. Kristo Frash\u00ebri: \u201cA nuk tregojn\u00eb t\u00eb gjitha k\u00ebto vepra bamir\u00ebsie t\u00eb Imzot Ignatit, si dhe shum\u00eb t\u00eb tjera q\u00eb nuk po i p\u00ebrmendim, se Hir\u00ebsia shfaq, pa buj\u00eb, zbatimin me devotshm\u00ebri t\u00eb t\u00eb kat\u00ebr Ungjijve t\u00eb Shenjt\u00eb?!\u201d<\/span><\/div>\n<div class=\"style8\"><span style=\"font-family: helvetica; font-size: 12pt;\"><\/span><\/div>\n<div class=\"style8\"><span style=\"color: #000000; font-family: helvetica; font-size: 12pt;\">&nbsp;&nbsp;&nbsp; Nuk e kuptojm\u00eb se nga i ka marr\u00eb t\u00eb dh\u00ebnat z. Frash\u00ebri, duke u shprehur: <em>\u201cAi \u00ebsht\u00eb me origjin\u00eb nga \u00c7am\u00ebria\u201d<\/em>, kur vet\u00eb Hir\u00ebsi Ignati ka theksuar se <em>\u201cjam me origjin\u00eb shqiptare \u2013arvanitase\u201d<\/em>.<\/span><\/div>\n<div class=\"style8\"><span style=\"color: #000000; font-family: helvetica; font-size: 12pt;\"> &nbsp;&nbsp;&nbsp; Indinjohemi pa mas\u00eb nga shprehjet dashakeqe, t\u00eb veshura me nj\u00eb urrejtje patologjike, ndaj figur\u00ebs s\u00eb ndritur t\u00eb Mitropolitit ton\u00eb, duke e cil\u00ebsuar: <em>\u201cIgnati, shovinist i droguar grek\u201d, \u201cagjent grek\u201d, \u201cpeshkop i \u00e7oroditur\u201d, \u201cShqip\u00ebria nuk ka p\u00ebrse t\u00eb mbaj\u00eb n\u00eb gjirin e vet\u00eb nj\u00eb n\u00ebp\u00ebrk\u00eb me mantelin e Mitropolitit\u201d.<\/em><\/span><\/div>\n<div class=\"style8\"><span style=\"color: #000000; font-family: helvetica; font-size: 12pt;\"> &nbsp;&nbsp;&nbsp; Nuk kemi d\u00ebgjuar gjat\u00eb k\u00ebtyre 20 vjet\u00ebve epitete t\u00eb tilla fyese p\u00ebr klerik\u00ebt tan\u00eb. Edhe nj\u00eb kriminel ordiner nuk guxon t\u00eb p\u00ebrdor\u00eb fjal\u00eb t\u00eb tilla posht\u00ebruese ndaj \u00e7do armiku t\u00eb tij.<\/span><\/div>\n<div class=\"style8\"><span style=\"font-family: helvetica; font-size: 12pt;\"><\/span><\/div>\n<div class=\"style8\"><span style=\"color: #000000; font-family: helvetica; font-size: 12pt;\">&nbsp;&nbsp;&nbsp; Si ka mund\u00ebsi q\u00eb nj\u00eb person, i cili pretendon t\u00eb shkruaj\u00eb histori t\u00eb v\u00ebrtet\u00eb, t\u00eb thot\u00eb gjith\u00eb k\u00ebto gj\u00ebra t\u00eb paqena p\u00ebr nj\u00eb klerik t\u00eb nderuar q\u00eb meshon \u00e7do t\u00eb diel e \u00e7do t\u00eb kremte n\u00eb t\u00eb gjitha kishat e dioqez\u00ebs son\u00eb, kur historiani n\u00eb fjal\u00eb nuk ka shkelur asnj\u00ebher\u00eb n\u00eb ndonj\u00eb kish\u00eb t\u00eb Mitropolis\u00eb son\u00eb dhe nuk ka marr\u00eb mundimin m\u00eb t\u00eb vog\u00ebl t\u00eb takohet me k\u00ebt\u00eb klerik t\u00eb lart\u00eb e t\u00eb nderuar p\u00ebr ta njohur nga af\u00ebr, p\u00ebr t\u00eb kuptuar misionin e tij, p\u00ebr t\u00eb vler\u00ebsuar realisht \u00e7do holl\u00ebsi t\u00eb veprimtaris\u00eb s\u00eb tij baritore.<\/span><\/div>\n<div class=\"style8\"><span style=\"color: #000000; font-family: helvetica; font-size: 12pt;\"> &nbsp;&nbsp;&nbsp;&nbsp; z. Kristo Frash\u00ebri nuk mjaftohet vet\u00ebm me kaq, por vazhdon t\u00eb kaloj\u00eb deri n\u00eb marr\u00ebzi kur k\u00ebrkon largimin e Mitropolitit nga Shqip\u00ebria, duke e quajtur person <em>\u201cnon grata\u201d<\/em>.<\/span><\/div>\n<div class=\"style8\"><span style=\"font-family: helvetica; font-size: 12pt;\"><\/span><\/div>\n<div class=\"style8\"><span style=\"color: #000000; font-family: helvetica; font-size: 12pt;\">&nbsp;&nbsp;&nbsp; Ne besimtar\u00ebt Ortodoks\u00eb t\u00eb Dioqez\u00ebs s\u00eb Beratit e kemi ndjekur dhe e ndjekim dit\u00ebp\u00ebrdit\u00eb gjat\u00eb k\u00ebtyre 12 vjet\u00ebve t\u00eb misionit t\u00eb tij apostolik dhe, jo vet\u00ebm q\u00eb nuk kemi konstatuar as dyshimin m\u00eb t\u00eb vog\u00ebl lidhur me q\u00ebndrimin e tij n\u00eb krye t\u00eb Mitropolis\u00eb, por jemi d\u00ebshmitar\u00eb t\u00eb urt\u00ebsis\u00eb s\u00eb Tij, t\u00eb dashamir\u00ebsis\u00eb s\u00eb Tij, t\u00eb fisnik\u00ebris\u00eb s\u00eb Tij, t\u00eb bujaris\u00eb s\u00eb Tij, t\u00eb zem\u00ebrgjer\u00ebsis\u00eb s\u00eb Tij, t\u00eb dituris\u00eb s\u00eb Tij, t\u00eb mir\u00ebkuptimit s\u00eb Tij, t\u00eb mir\u00ebsis\u00eb s\u00eb Tij, t\u00eb thjesht\u00ebsis\u00eb s\u00eb Tij, jo vet\u00ebm me besimtar\u00ebt Ortodoks\u00eb, por me t\u00eb gjith\u00eb qytetar\u00ebt e Mitropolis\u00eb son\u00eb, si edhe m\u00eb gjer\u00eb.<\/span><\/div>\n<div class=\"style8\"><span style=\"font-family: helvetica; font-size: 12pt;\"><\/span><\/div>\n<div class=\"style8\"><span style=\"color: #000000; font-family: helvetica; font-size: 12pt;\">&nbsp;&nbsp;&nbsp; P\u00ebr t\u00eb gjitha k\u00ebto virtyte Imzot Ignati \u00ebsht\u00eb shpallur <em>\u201cQytetar Nderi i Beratit\u201d<\/em> nga k\u00ebshilli bashkiak dhe <em>\u201cQytetar Nderi i Selenic\u00ebs\u201d<\/em> nga bashkia e k\u00ebtij qyteti.<\/span><\/div>\n<div class=\"style8\"><span style=\"color: #000000; font-family: helvetica; font-size: 12pt;\"> &nbsp;&nbsp; P\u00ebr k\u00ebto fakte ne jemi krenar\u00eb q\u00eb e kemi Imzot Ignatin n\u00eb krye t\u00eb Mitropolis\u00eb son\u00eb t\u00eb Shenjt\u00eb dhe urojm\u00eb, me gjith\u00eb shpirt, ta kemi sa m\u00eb gjat\u00eb si udh\u00ebheq\u00ebsin dhe bariun ton\u00eb shpirt\u00ebror.<\/span><\/div>\n<div class=\"style8\"><span style=\"font-family: helvetica; font-size: 12pt;\"><\/span><\/div>\n<div class=\"style8\"><span style=\"color: #000000; font-family: helvetica; font-size: 12pt;\"><strong><em>&nbsp;&nbsp;&nbsp; Qytetar\u00ebt Ortodoks\u00eb t\u00eb Beratit:<\/em><\/strong><\/span><\/div>\n<div class=\"style8\"><span style=\"font-family: helvetica; font-size: 12pt;\"><\/span><\/div>\n<div class=\"style8\" style=\"text-align: center;\"><span style=\"color: #000000; font-family: helvetica; font-size: 12pt;\"><img decoding=\"async\" class=\"lazyload HAa Eha\" style=\"border-width: 1px; border-style: solid; margin: 10px;\" alt=\"\" src=\"data:image\/gif;base64,R0lGODlhAQABAAAAACH5BAEKAAEALAAAAAABAAEAAAICTAEAOw==\" data-orig-src=\"https:\/\/lh6.googleusercontent.com\/-aK4mtsKSTXo\/VK5EubTgPHI\/AAAAAAAAKbs\/C7Yp4N6HMdg\/w389-h823-no\/1.jpg\" \/><\/span><\/div>\n<div class=\"style8\" style=\"text-align: center;\"><span style=\"color: #000000; font-family: helvetica; font-size: 12pt;\"><img decoding=\"async\" class=\"lazyload HAa Eha\" style=\"border-width: 1px; border-style: solid; margin: 10px;\" alt=\"\" src=\"data:image\/gif;base64,R0lGODlhAQABAAAAACH5BAEKAAEALAAAAAABAAEAAAICTAEAOw==\" data-orig-src=\"https:\/\/lh6.googleusercontent.com\/-79FpYFQAA48\/VK5EuuKLC8I\/AAAAAAAAKaI\/w9D0Z6Gi_aE\/w406-h823-no\/2.jpg\" \/><\/span><\/div>\n<div class=\"style8\" style=\"text-align: center;\"><span style=\"color: #000000; font-family: helvetica; font-size: 12pt;\"><img decoding=\"async\" class=\"lazyload HAa Eha\" style=\"border-width: 1px; border-style: solid; margin: 10px;\" alt=\"\" src=\"data:image\/gif;base64,R0lGODlhAQABAAAAACH5BAEKAAEALAAAAAABAAEAAAICTAEAOw==\" data-orig-src=\"https:\/\/lh5.googleusercontent.com\/-jEVF3Rh3Rxo\/VK5EuYNzJtI\/AAAAAAAAKbk\/8Sp8yyge0_s\/w592-h823-no\/3.jpg\" \/><\/span><\/div>\n<div class=\"style8\" style=\"text-align: center;\"><span style=\"color: #000000; font-family: helvetica; font-size: 12pt;\"><img decoding=\"async\" class=\"lazyload HAa Eha\" style=\"border-width: 1px; border-style: solid; margin: 10px;\" alt=\"\" src=\"data:image\/gif;base64,R0lGODlhAQABAAAAACH5BAEKAAEALAAAAAABAAEAAAICTAEAOw==\" data-orig-src=\"https:\/\/lh3.googleusercontent.com\/-KL3WY0bQjuo\/VK5EvHZJeuI\/AAAAAAAAKaU\/4Wk5vKEbgB4\/w439-h822-no\/Fier%2B(1).jpg\" \/><\/span><\/div>\n<div class=\"style8\" style=\"text-align: center;\"><span style=\"color: #000000; font-family: helvetica; font-size: 12pt;\"><img decoding=\"async\" class=\"lazyload HAa Eha\" style=\"border-width: 1px; border-style: solid; margin: 10px;\" alt=\"\" src=\"data:image\/gif;base64,R0lGODlhAQABAAAAACH5BAEKAAEALAAAAAABAAEAAAICTAEAOw==\" data-orig-src=\"https:\/\/lh5.googleusercontent.com\/-ZQ8MHv78dDo\/VK5EvYICevI\/AAAAAAAAKbo\/SeSimBDTbgc\/w958-h657-no\/Fier.jpg\" \/><\/span><\/div>\n<div class=\"style8\" style=\"text-align: center;\"><span style=\"color: #000000; font-family: helvetica; font-size: 12pt;\"><img decoding=\"async\" class=\"lazyload HAa Eha\" style=\"border-width: 1px; border-style: solid; margin: 10px;\" alt=\"\" src=\"data:image\/gif;base64,R0lGODlhAQABAAAAACH5BAEKAAEALAAAAAABAAEAAAICTAEAOw==\" data-orig-src=\"https:\/\/lh3.googleusercontent.com\/-Q-Hpl6Pt600\/VK5EvuOUwHI\/AAAAAAAAKak\/QYQGbIAr-68\/w338-h823-no\/Firmat%2BLushnje%2B(1).jpg\" \/><\/span><\/div>\n<div class=\"style8\" style=\"text-align: center;\"><span style=\"color: #000000; font-family: helvetica; font-size: 12pt;\"><img decoding=\"async\" class=\"lazyload HAa Eha\" style=\"border-width: 1px; border-style: solid; margin: 10px;\" alt=\"\" src=\"data:image\/gif;base64,R0lGODlhAQABAAAAACH5BAEKAAEALAAAAAABAAEAAAICTAEAOw==\" data-orig-src=\"https:\/\/lh4.googleusercontent.com\/-vOuS80S-ZZE\/VK5EwJ4-0-I\/AAAAAAAAKaY\/J3UOKzVumXk\/w366-h823-no\/Firmat%2BLushnje%2B(2).jpg\" \/><\/span><\/div>\n<div class=\"style8\" style=\"text-align: center;\"><span style=\"color: #000000; font-family: helvetica; font-size: 12pt;\"><img decoding=\"async\" class=\"lazyload HAa Eha\" style=\"border-width: 1px; border-style: solid; margin: 10px;\" alt=\"\" src=\"data:image\/gif;base64,R0lGODlhAQABAAAAACH5BAEKAAEALAAAAAABAAEAAAICTAEAOw==\" data-orig-src=\"https:\/\/lh5.googleusercontent.com\/-aGBYZFTSlcA\/VK5EwU2OUdI\/AAAAAAAAKas\/KsCM_intUEM\/w344-h823-no\/Firmat%2BLushnje%2B(3).jpg\" \/><\/span><\/div>\n<div class=\"style8\" style=\"text-align: center;\"><span style=\"color: #000000; font-family: helvetica; font-size: 12pt;\"><img decoding=\"async\" class=\"lazyload HAa Eha\" style=\"border-width: 1px; border-style: solid; margin: 10px;\" alt=\"\" src=\"data:image\/gif;base64,R0lGODlhAQABAAAAACH5BAEKAAEALAAAAAABAAEAAAICTAEAOw==\" data-orig-src=\"https:\/\/lh4.googleusercontent.com\/-zoYK6Fcwg8k\/VK5Ew1iGqkI\/AAAAAAAAKa0\/cFHca5vy76s\/w339-h822-no\/Firmat%2BLushnje%2B(4).jpg\" \/><\/span><\/div>\n<div class=\"style8\" style=\"text-align: center;\"><span style=\"color: #000000; font-family: helvetica; font-size: 12pt;\"><img decoding=\"async\" class=\"lazyload HAa Eha\" style=\"border-width: 1px; border-style: solid; margin: 10px;\" alt=\"\" src=\"data:image\/gif;base64,R0lGODlhAQABAAAAACH5BAEKAAEALAAAAAABAAEAAAICTAEAOw==\" data-orig-src=\"https:\/\/lh6.googleusercontent.com\/-nNytcg4I2ZQ\/VK5Exe5jdBI\/AAAAAAAAKbY\/yj57OYLK3zg\/w344-h823-no\/Firmat%2BLushnje%2B(5).jpg\" \/><\/span><\/div>\n<div class=\"style8\" style=\"text-align: center;\"><span style=\"color: #000000; font-family: helvetica; font-size: 12pt;\"><img decoding=\"async\" class=\"lazyload HAa Eha\" style=\"border-width: 1px; border-style: solid; margin: 10px;\" alt=\"\" src=\"data:image\/gif;base64,R0lGODlhAQABAAAAACH5BAEKAAEALAAAAAABAAEAAAICTAEAOw==\" data-orig-src=\"https:\/\/lh5.googleusercontent.com\/-L0JdObqAemA\/VK5Exx-c1wI\/AAAAAAAAKa8\/Pa8eU2JKiPE\/w597-h823-no\/Firmat%2BLushnje%2B(6).jpg\" \/><\/span><\/div>\n<div class=\"style8\" style=\"text-align: center;\"><span style=\"color: #000000; font-family: helvetica; font-size: 12pt;\"><img decoding=\"async\" class=\"lazyload HAa Eha\" style=\"border-width: 1px; border-style: solid; margin: 10px;\" alt=\"\" src=\"data:image\/gif;base64,R0lGODlhAQABAAAAACH5BAEKAAEALAAAAAABAAEAAAICTAEAOw==\" data-orig-src=\"https:\/\/lh3.googleusercontent.com\/-h_BOh8DX1E4\/VK5EyCaZYSI\/AAAAAAAAKbM\/_v0FxlSrHvY\/w402-h822-no\/Firmat%2BLushnje%2B(7).jpg\" \/><\/span><\/div>\n<div class=\"style8\" style=\"text-align: center;\"><span style=\"color: #000000; font-family: helvetica; font-size: 12pt;\"><img decoding=\"async\" class=\"lazyload HAa Eha\" style=\"border-width: 1px; border-style: solid; margin: 10px;\" alt=\"\" src=\"data:image\/gif;base64,R0lGODlhAQABAAAAACH5BAEKAAEALAAAAAABAAEAAAICTAEAOw==\" data-orig-src=\"https:\/\/lh3.googleusercontent.com\/-towjqiHW1cw\/VK5EygzN-DI\/AAAAAAAAKbI\/ElYW50cdZ0g\/w456-h823-no\/Firmat%2BLushnje%2B(8).jpg\" \/><\/span><\/div>\n<div class=\"style8\" style=\"text-align: center;\"><span style=\"color: #000000; font-family: helvetica; font-size: 12pt;\"><img decoding=\"async\" class=\"lazyload HAa Eha\" style=\"border-width: 1px; border-style: solid; margin: 10px;\" alt=\"\" src=\"data:image\/gif;base64,R0lGODlhAQABAAAAACH5BAEKAAEALAAAAAABAAEAAAICTAEAOw==\" data-orig-src=\"https:\/\/lh5.googleusercontent.com\/-Bj-yriiYV7Q\/VK5EyyffkvI\/AAAAAAAAKbU\/xE07K722E5A\/w321-h823-no\/Firmat%2BLushnje%2B(9).jpg\" \/><\/span><\/div>\n<div class=\"style8\" style=\"text-align: center;\"><span style=\"color: #000000; font-family: helvetica; font-size: 12pt;\"><img decoding=\"async\" class=\"lazyload HAa Eha\" style=\"border-width: 1px; border-style: solid; margin: 10px;\" alt=\"\" src=\"data:image\/gif;base64,R0lGODlhAQABAAAAACH5BAEKAAEALAAAAAABAAEAAAICTAEAOw==\" data-orig-src=\"https:\/\/lh4.googleusercontent.com\/-Uyf8fyozd3w\/VK5EzkP9fNI\/AAAAAAAAKbg\/zNpavQydWvU\/w417-h823-no\/Firmat%2BLushnje.jpg\" \/><\/span><\/div>\n<\/div>\n","protected":false},"excerpt":{"rendered":"<p>&nbsp;&nbsp;&nbsp; Ne besimtar\u00ebt e dioqez\u00ebs s\u00eb Beratit jemi t\u00eb indinjuar dhe ofenduar p\u00ebr akuzat q\u00eb z. Kristo Frash\u00ebri drejton kund\u00ebr Mitropolitit t\u00eb Beratit, Vlor\u00ebs, Kanin\u00ebs dhe gjith\u00eb Myzeqes\u00eb. Ato nuk kan\u00eb asnj\u00eb baz\u00eb t\u00eb v\u00ebrtet\u00eb, por shprehin mllefin personal q\u00eb ka autori ndaj Kish\u00ebs dhe Mitropolitit. Sipas p\u00ebrg\u00ebnjeshtrimit, n\u00eb \u201cGazeta Shqiptare\u201d t\u00eb dat\u00ebs 18.10.2010, del qart\u00eb se Hir\u00ebsia e tij nuk ka dh\u00ebn\u00eb asnj\u00eb intervist\u00eb<\/p>\n","protected":false},"author":1,"featured_media":0,"comment_status":"open","ping_status":"open","sticky":false,"template":"","format":"standard","meta":{"_acf_changed":false,"pagelayer_contact_templates":[],"_pagelayer_content":"","inline_featured_image":false,"fifu_image_url":"","fifu_image_alt":"","footnotes":""},"categories":[108],"tags":[144,153,212,197,203],"class_list":["post-312","post","type-post","status-publish","format-standard","hentry","category-lajme","tag-144","tag-deklarata-njoftime-zyrtare-d75","tag-lajme-d27","tag-berat","tag-pergjigje-ndaj-akuzave"],"acf":[],"yoast_head":"<!-- This site is optimized with the Yoast SEO plugin v27.2 - https:\/\/yoast.com\/product\/yoast-seo-wordpress\/ -->\n<title>Besimtar\u00eb t\u00eb Beratit i p\u00ebrgjigjen akuzave t\u00eb z. Kristo Frash\u00ebri drejtuar Mitropolitit e tyre H. Ignatin. (Tetor 2010) - Kisha Orthodh\u03bfkse Autoqefale e Shqip\u00ebris\u00eb<\/title>\n<meta name=\"robots\" content=\"index, follow, max-snippet:-1, max-image-preview:large, max-video-preview:-1\" \/>\n<link rel=\"canonical\" href=\"https:\/\/orthodoxalbania.org\/2020\/2013\/03\/20\/besimtare-te-beratit-i-pergjigjen-akuzave-te-z-kristo-frasheri-drejtuar-mitropolitit-e-tyre-h-ignatin-tetor-2010\/\" \/>\n<meta property=\"og:locale\" content=\"en_US\" \/>\n<meta property=\"og:type\" content=\"article\" \/>\n<meta property=\"og:title\" content=\"Besimtar\u00eb t\u00eb Beratit i p\u00ebrgjigjen akuzave t\u00eb z. Kristo Frash\u00ebri drejtuar Mitropolitit e tyre H. Ignatin. (Tetor 2010) - Kisha Orthodh\u03bfkse Autoqefale e Shqip\u00ebris\u00eb\" \/>\n<meta property=\"og:description\" content=\"&nbsp;&nbsp;&nbsp; Ne besimtar\u00ebt e dioqez\u00ebs s\u00eb Beratit jemi t\u00eb indinjuar dhe ofenduar p\u00ebr akuzat q\u00eb z. Kristo Frash\u00ebri drejton kund\u00ebr Mitropolitit t\u00eb Beratit, Vlor\u00ebs, Kanin\u00ebs dhe gjith\u00eb Myzeqes\u00eb. Ato nuk kan\u00eb asnj\u00eb baz\u00eb t\u00eb v\u00ebrtet\u00eb, por shprehin mllefin personal q\u00eb ka autori ndaj Kish\u00ebs dhe Mitropolitit. Sipas p\u00ebrg\u00ebnjeshtrimit, n\u00eb \u201cGazeta Shqiptare\u201d t\u00eb dat\u00ebs 18.10.2010, del qart\u00eb se Hir\u00ebsia e tij nuk ka dh\u00ebn\u00eb asnj\u00eb intervist\u00eb\" \/>\n<meta property=\"og:url\" content=\"https:\/\/orthodoxalbania.org\/2020\/2013\/03\/20\/besimtare-te-beratit-i-pergjigjen-akuzave-te-z-kristo-frasheri-drejtuar-mitropolitit-e-tyre-h-ignatin-tetor-2010\/\" \/>\n<meta property=\"og:site_name\" content=\"Kisha Orthodh\u03bfkse Autoqefale e Shqip\u00ebris\u00eb\" \/>\n<meta property=\"article:publisher\" content=\"https:\/\/www.facebook.com\/koash1991\" \/>\n<meta property=\"article:published_time\" content=\"2013-03-20T13:00:52+00:00\" \/>\n<meta property=\"article:modified_time\" content=\"2020-04-06T20:32:20+00:00\" \/>\n<meta property=\"og:image\" content=\"https:\/\/lh6.googleusercontent.com\/-aK4mtsKSTXo\/VK5EubTgPHI\/AAAAAAAAKbs\/C7Yp4N6HMdg\/w389-h823-no\/1.jpg\" \/>\n<meta name=\"author\" content=\"Kisha Orthodhokse\" \/>\n<meta name=\"twitter:card\" content=\"summary_large_image\" \/>\n<meta name=\"twitter:label1\" content=\"Written by\" \/>\n\t<meta name=\"twitter:data1\" content=\"Kisha Orthodhokse\" \/>\n\t<meta name=\"twitter:label2\" content=\"Est. reading time\" \/>\n\t<meta name=\"twitter:data2\" content=\"8 minutes\" \/>\n<script type=\"application\/ld+json\" class=\"yoast-schema-graph\">{\"@context\":\"https:\/\/schema.org\",\"@graph\":[{\"@type\":\"Article\",\"@id\":\"https:\/\/orthodoxalbania.org\/2020\/2013\/03\/20\/besimtare-te-beratit-i-pergjigjen-akuzave-te-z-kristo-frasheri-drejtuar-mitropolitit-e-tyre-h-ignatin-tetor-2010\/#article\",\"isPartOf\":{\"@id\":\"https:\/\/orthodoxalbania.org\/2020\/2013\/03\/20\/besimtare-te-beratit-i-pergjigjen-akuzave-te-z-kristo-frasheri-drejtuar-mitropolitit-e-tyre-h-ignatin-tetor-2010\/\"},\"author\":{\"name\":\"Kisha Orthodhokse\",\"@id\":\"https:\/\/orthodoxalbania.org\/2020\/#\/schema\/person\/0c387634a7063ac612d7ed9ce71c7e86\"},\"headline\":\"Besimtar\u00eb t\u00eb Beratit i p\u00ebrgjigjen akuzave t\u00eb z. Kristo Frash\u00ebri drejtuar Mitropolitit e tyre H. Ignatin. (Tetor 2010)\",\"datePublished\":\"2013-03-20T13:00:52+00:00\",\"dateModified\":\"2020-04-06T20:32:20+00:00\",\"mainEntityOfPage\":{\"@id\":\"https:\/\/orthodoxalbania.org\/2020\/2013\/03\/20\/besimtare-te-beratit-i-pergjigjen-akuzave-te-z-kristo-frasheri-drejtuar-mitropolitit-e-tyre-h-ignatin-tetor-2010\/\"},\"wordCount\":1560,\"commentCount\":0,\"publisher\":{\"@id\":\"https:\/\/orthodoxalbania.org\/2020\/#organization\"},\"image\":{\"@id\":\"https:\/\/orthodoxalbania.org\/2020\/2013\/03\/20\/besimtare-te-beratit-i-pergjigjen-akuzave-te-z-kristo-frasheri-drejtuar-mitropolitit-e-tyre-h-ignatin-tetor-2010\/#primaryimage\"},\"thumbnailUrl\":\"https:\/\/lh6.googleusercontent.com\/-aK4mtsKSTXo\/VK5EubTgPHI\/AAAAAAAAKbs\/C7Yp4N6HMdg\/w389-h823-no\/1.jpg\",\"keywords\":[\"2010\",\"Deklarata - Njoftime Zyrtare\",\"lajme\",\"Mitropolia Berat\",\"P\u00ebrgjigje ndaj akuzave\"],\"articleSection\":[\"Lajme\"],\"inLanguage\":\"en-US\"},{\"@type\":\"WebPage\",\"@id\":\"https:\/\/orthodoxalbania.org\/2020\/2013\/03\/20\/besimtare-te-beratit-i-pergjigjen-akuzave-te-z-kristo-frasheri-drejtuar-mitropolitit-e-tyre-h-ignatin-tetor-2010\/\",\"url\":\"https:\/\/orthodoxalbania.org\/2020\/2013\/03\/20\/besimtare-te-beratit-i-pergjigjen-akuzave-te-z-kristo-frasheri-drejtuar-mitropolitit-e-tyre-h-ignatin-tetor-2010\/\",\"name\":\"Besimtar\u00eb t\u00eb Beratit i p\u00ebrgjigjen akuzave t\u00eb z. Kristo Frash\u00ebri drejtuar Mitropolitit e tyre H. Ignatin. (Tetor 2010) - Kisha Orthodh\u03bfkse Autoqefale e Shqip\u00ebris\u00eb\",\"isPartOf\":{\"@id\":\"https:\/\/orthodoxalbania.org\/2020\/#website\"},\"primaryImageOfPage\":{\"@id\":\"https:\/\/orthodoxalbania.org\/2020\/2013\/03\/20\/besimtare-te-beratit-i-pergjigjen-akuzave-te-z-kristo-frasheri-drejtuar-mitropolitit-e-tyre-h-ignatin-tetor-2010\/#primaryimage\"},\"image\":{\"@id\":\"https:\/\/orthodoxalbania.org\/2020\/2013\/03\/20\/besimtare-te-beratit-i-pergjigjen-akuzave-te-z-kristo-frasheri-drejtuar-mitropolitit-e-tyre-h-ignatin-tetor-2010\/#primaryimage\"},\"thumbnailUrl\":\"https:\/\/lh6.googleusercontent.com\/-aK4mtsKSTXo\/VK5EubTgPHI\/AAAAAAAAKbs\/C7Yp4N6HMdg\/w389-h823-no\/1.jpg\",\"datePublished\":\"2013-03-20T13:00:52+00:00\",\"dateModified\":\"2020-04-06T20:32:20+00:00\",\"breadcrumb\":{\"@id\":\"https:\/\/orthodoxalbania.org\/2020\/2013\/03\/20\/besimtare-te-beratit-i-pergjigjen-akuzave-te-z-kristo-frasheri-drejtuar-mitropolitit-e-tyre-h-ignatin-tetor-2010\/#breadcrumb\"},\"inLanguage\":\"en-US\",\"potentialAction\":[{\"@type\":\"ReadAction\",\"target\":[\"https:\/\/orthodoxalbania.org\/2020\/2013\/03\/20\/besimtare-te-beratit-i-pergjigjen-akuzave-te-z-kristo-frasheri-drejtuar-mitropolitit-e-tyre-h-ignatin-tetor-2010\/\"]}]},{\"@type\":\"ImageObject\",\"inLanguage\":\"en-US\",\"@id\":\"https:\/\/orthodoxalbania.org\/2020\/2013\/03\/20\/besimtare-te-beratit-i-pergjigjen-akuzave-te-z-kristo-frasheri-drejtuar-mitropolitit-e-tyre-h-ignatin-tetor-2010\/#primaryimage\",\"url\":\"https:\/\/lh6.googleusercontent.com\/-aK4mtsKSTXo\/VK5EubTgPHI\/AAAAAAAAKbs\/C7Yp4N6HMdg\/w389-h823-no\/1.jpg\",\"contentUrl\":\"https:\/\/lh6.googleusercontent.com\/-aK4mtsKSTXo\/VK5EubTgPHI\/AAAAAAAAKbs\/C7Yp4N6HMdg\/w389-h823-no\/1.jpg\"},{\"@type\":\"BreadcrumbList\",\"@id\":\"https:\/\/orthodoxalbania.org\/2020\/2013\/03\/20\/besimtare-te-beratit-i-pergjigjen-akuzave-te-z-kristo-frasheri-drejtuar-mitropolitit-e-tyre-h-ignatin-tetor-2010\/#breadcrumb\",\"itemListElement\":[{\"@type\":\"ListItem\",\"position\":1,\"name\":\"Home\",\"item\":\"https:\/\/orthodoxalbania.org\/2020\/\"},{\"@type\":\"ListItem\",\"position\":2,\"name\":\"Besimtar\u00eb t\u00eb Beratit i p\u00ebrgjigjen akuzave t\u00eb z. Kristo Frash\u00ebri drejtuar Mitropolitit e tyre H. Ignatin. (Tetor 2010)\"}]},{\"@type\":\"WebSite\",\"@id\":\"https:\/\/orthodoxalbania.org\/2020\/#website\",\"url\":\"https:\/\/orthodoxalbania.org\/2020\/\",\"name\":\"Kisha Orthodh\u03bfkse Autoqefale e Shqip\u00ebris\u00eb\",\"description\":\"Fqja Zyrtare e Kish\u00ebs Orthodhokse Autoqefale e Shqip\u00ebris\u00eb me lajmet edhe informacionet zyrtare p\u00ebr struktur\u00ebn edhe veprimtarin e saj.\",\"publisher\":{\"@id\":\"https:\/\/orthodoxalbania.org\/2020\/#organization\"},\"potentialAction\":[{\"@type\":\"SearchAction\",\"target\":{\"@type\":\"EntryPoint\",\"urlTemplate\":\"https:\/\/orthodoxalbania.org\/2020\/?s={search_term_string}\"},\"query-input\":{\"@type\":\"PropertyValueSpecification\",\"valueRequired\":true,\"valueName\":\"search_term_string\"}}],\"inLanguage\":\"en-US\"},{\"@type\":\"Organization\",\"@id\":\"https:\/\/orthodoxalbania.org\/2020\/#organization\",\"name\":\"Kisha Orthodhokse Autoqefale e Shqip\u00ebris\u00eb\",\"url\":\"https:\/\/orthodoxalbania.org\/2020\/\",\"logo\":{\"@type\":\"ImageObject\",\"inLanguage\":\"en-US\",\"@id\":\"https:\/\/orthodoxalbania.org\/2020\/#\/schema\/logo\/image\/\",\"url\":\"https:\/\/orthodoxalbania.org\/2020\/wp-content\/uploads\/2020\/05\/albania.jpeg\",\"contentUrl\":\"https:\/\/orthodoxalbania.org\/2020\/wp-content\/uploads\/2020\/05\/albania.jpeg\",\"width\":540,\"height\":540,\"caption\":\"Kisha Orthodhokse Autoqefale e Shqip\u00ebris\u00eb\"},\"image\":{\"@id\":\"https:\/\/orthodoxalbania.org\/2020\/#\/schema\/logo\/image\/\"},\"sameAs\":[\"https:\/\/www.facebook.com\/koash1991\"]},{\"@type\":\"Person\",\"@id\":\"https:\/\/orthodoxalbania.org\/2020\/#\/schema\/person\/0c387634a7063ac612d7ed9ce71c7e86\",\"name\":\"Kisha Orthodhokse\",\"image\":{\"@type\":\"ImageObject\",\"inLanguage\":\"en-US\",\"@id\":\"https:\/\/secure.gravatar.com\/avatar\/596e7c417251e30f2fbb9c00e026fce61a695a00e51c889caded71c96cbbdde5?s=96&d=mm&r=g\",\"url\":\"https:\/\/secure.gravatar.com\/avatar\/596e7c417251e30f2fbb9c00e026fce61a695a00e51c889caded71c96cbbdde5?s=96&d=mm&r=g\",\"contentUrl\":\"https:\/\/secure.gravatar.com\/avatar\/596e7c417251e30f2fbb9c00e026fce61a695a00e51c889caded71c96cbbdde5?s=96&d=mm&r=g\",\"caption\":\"Kisha Orthodhokse\"}}]}<\/script>\n<!-- \/ Yoast SEO plugin. -->","yoast_head_json":{"title":"Besimtar\u00eb t\u00eb Beratit i p\u00ebrgjigjen akuzave t\u00eb z. Kristo Frash\u00ebri drejtuar Mitropolitit e tyre H. Ignatin. (Tetor 2010) - Kisha Orthodh\u03bfkse Autoqefale e Shqip\u00ebris\u00eb","robots":{"index":"index","follow":"follow","max-snippet":"max-snippet:-1","max-image-preview":"max-image-preview:large","max-video-preview":"max-video-preview:-1"},"canonical":"https:\/\/orthodoxalbania.org\/2020\/2013\/03\/20\/besimtare-te-beratit-i-pergjigjen-akuzave-te-z-kristo-frasheri-drejtuar-mitropolitit-e-tyre-h-ignatin-tetor-2010\/","og_locale":"en_US","og_type":"article","og_title":"Besimtar\u00eb t\u00eb Beratit i p\u00ebrgjigjen akuzave t\u00eb z. Kristo Frash\u00ebri drejtuar Mitropolitit e tyre H. Ignatin. (Tetor 2010) - Kisha Orthodh\u03bfkse Autoqefale e Shqip\u00ebris\u00eb","og_description":"&nbsp;&nbsp;&nbsp; Ne besimtar\u00ebt e dioqez\u00ebs s\u00eb Beratit jemi t\u00eb indinjuar dhe ofenduar p\u00ebr akuzat q\u00eb z. Kristo Frash\u00ebri drejton kund\u00ebr Mitropolitit t\u00eb Beratit, Vlor\u00ebs, Kanin\u00ebs dhe gjith\u00eb Myzeqes\u00eb. Ato nuk kan\u00eb asnj\u00eb baz\u00eb t\u00eb v\u00ebrtet\u00eb, por shprehin mllefin personal q\u00eb ka autori ndaj Kish\u00ebs dhe Mitropolitit. Sipas p\u00ebrg\u00ebnjeshtrimit, n\u00eb \u201cGazeta Shqiptare\u201d t\u00eb dat\u00ebs 18.10.2010, del qart\u00eb se Hir\u00ebsia e tij nuk ka dh\u00ebn\u00eb asnj\u00eb intervist\u00eb","og_url":"https:\/\/orthodoxalbania.org\/2020\/2013\/03\/20\/besimtare-te-beratit-i-pergjigjen-akuzave-te-z-kristo-frasheri-drejtuar-mitropolitit-e-tyre-h-ignatin-tetor-2010\/","og_site_name":"Kisha Orthodh\u03bfkse Autoqefale e Shqip\u00ebris\u00eb","article_publisher":"https:\/\/www.facebook.com\/koash1991","article_published_time":"2013-03-20T13:00:52+00:00","article_modified_time":"2020-04-06T20:32:20+00:00","og_image":[{"url":"https:\/\/lh6.googleusercontent.com\/-aK4mtsKSTXo\/VK5EubTgPHI\/AAAAAAAAKbs\/C7Yp4N6HMdg\/w389-h823-no\/1.jpg","type":"","width":"","height":""}],"author":"Kisha Orthodhokse","twitter_card":"summary_large_image","twitter_misc":{"Written by":"Kisha Orthodhokse","Est. reading time":"8 minutes"},"schema":{"@context":"https:\/\/schema.org","@graph":[{"@type":"Article","@id":"https:\/\/orthodoxalbania.org\/2020\/2013\/03\/20\/besimtare-te-beratit-i-pergjigjen-akuzave-te-z-kristo-frasheri-drejtuar-mitropolitit-e-tyre-h-ignatin-tetor-2010\/#article","isPartOf":{"@id":"https:\/\/orthodoxalbania.org\/2020\/2013\/03\/20\/besimtare-te-beratit-i-pergjigjen-akuzave-te-z-kristo-frasheri-drejtuar-mitropolitit-e-tyre-h-ignatin-tetor-2010\/"},"author":{"name":"Kisha Orthodhokse","@id":"https:\/\/orthodoxalbania.org\/2020\/#\/schema\/person\/0c387634a7063ac612d7ed9ce71c7e86"},"headline":"Besimtar\u00eb t\u00eb Beratit i p\u00ebrgjigjen akuzave t\u00eb z. Kristo Frash\u00ebri drejtuar Mitropolitit e tyre H. Ignatin. (Tetor 2010)","datePublished":"2013-03-20T13:00:52+00:00","dateModified":"2020-04-06T20:32:20+00:00","mainEntityOfPage":{"@id":"https:\/\/orthodoxalbania.org\/2020\/2013\/03\/20\/besimtare-te-beratit-i-pergjigjen-akuzave-te-z-kristo-frasheri-drejtuar-mitropolitit-e-tyre-h-ignatin-tetor-2010\/"},"wordCount":1560,"commentCount":0,"publisher":{"@id":"https:\/\/orthodoxalbania.org\/2020\/#organization"},"image":{"@id":"https:\/\/orthodoxalbania.org\/2020\/2013\/03\/20\/besimtare-te-beratit-i-pergjigjen-akuzave-te-z-kristo-frasheri-drejtuar-mitropolitit-e-tyre-h-ignatin-tetor-2010\/#primaryimage"},"thumbnailUrl":"https:\/\/lh6.googleusercontent.com\/-aK4mtsKSTXo\/VK5EubTgPHI\/AAAAAAAAKbs\/C7Yp4N6HMdg\/w389-h823-no\/1.jpg","keywords":["2010","Deklarata - Njoftime Zyrtare","lajme","Mitropolia Berat","P\u00ebrgjigje ndaj akuzave"],"articleSection":["Lajme"],"inLanguage":"en-US"},{"@type":"WebPage","@id":"https:\/\/orthodoxalbania.org\/2020\/2013\/03\/20\/besimtare-te-beratit-i-pergjigjen-akuzave-te-z-kristo-frasheri-drejtuar-mitropolitit-e-tyre-h-ignatin-tetor-2010\/","url":"https:\/\/orthodoxalbania.org\/2020\/2013\/03\/20\/besimtare-te-beratit-i-pergjigjen-akuzave-te-z-kristo-frasheri-drejtuar-mitropolitit-e-tyre-h-ignatin-tetor-2010\/","name":"Besimtar\u00eb t\u00eb Beratit i p\u00ebrgjigjen akuzave t\u00eb z. Kristo Frash\u00ebri drejtuar Mitropolitit e tyre H. Ignatin. (Tetor 2010) - Kisha Orthodh\u03bfkse Autoqefale e Shqip\u00ebris\u00eb","isPartOf":{"@id":"https:\/\/orthodoxalbania.org\/2020\/#website"},"primaryImageOfPage":{"@id":"https:\/\/orthodoxalbania.org\/2020\/2013\/03\/20\/besimtare-te-beratit-i-pergjigjen-akuzave-te-z-kristo-frasheri-drejtuar-mitropolitit-e-tyre-h-ignatin-tetor-2010\/#primaryimage"},"image":{"@id":"https:\/\/orthodoxalbania.org\/2020\/2013\/03\/20\/besimtare-te-beratit-i-pergjigjen-akuzave-te-z-kristo-frasheri-drejtuar-mitropolitit-e-tyre-h-ignatin-tetor-2010\/#primaryimage"},"thumbnailUrl":"https:\/\/lh6.googleusercontent.com\/-aK4mtsKSTXo\/VK5EubTgPHI\/AAAAAAAAKbs\/C7Yp4N6HMdg\/w389-h823-no\/1.jpg","datePublished":"2013-03-20T13:00:52+00:00","dateModified":"2020-04-06T20:32:20+00:00","breadcrumb":{"@id":"https:\/\/orthodoxalbania.org\/2020\/2013\/03\/20\/besimtare-te-beratit-i-pergjigjen-akuzave-te-z-kristo-frasheri-drejtuar-mitropolitit-e-tyre-h-ignatin-tetor-2010\/#breadcrumb"},"inLanguage":"en-US","potentialAction":[{"@type":"ReadAction","target":["https:\/\/orthodoxalbania.org\/2020\/2013\/03\/20\/besimtare-te-beratit-i-pergjigjen-akuzave-te-z-kristo-frasheri-drejtuar-mitropolitit-e-tyre-h-ignatin-tetor-2010\/"]}]},{"@type":"ImageObject","inLanguage":"en-US","@id":"https:\/\/orthodoxalbania.org\/2020\/2013\/03\/20\/besimtare-te-beratit-i-pergjigjen-akuzave-te-z-kristo-frasheri-drejtuar-mitropolitit-e-tyre-h-ignatin-tetor-2010\/#primaryimage","url":"https:\/\/lh6.googleusercontent.com\/-aK4mtsKSTXo\/VK5EubTgPHI\/AAAAAAAAKbs\/C7Yp4N6HMdg\/w389-h823-no\/1.jpg","contentUrl":"https:\/\/lh6.googleusercontent.com\/-aK4mtsKSTXo\/VK5EubTgPHI\/AAAAAAAAKbs\/C7Yp4N6HMdg\/w389-h823-no\/1.jpg"},{"@type":"BreadcrumbList","@id":"https:\/\/orthodoxalbania.org\/2020\/2013\/03\/20\/besimtare-te-beratit-i-pergjigjen-akuzave-te-z-kristo-frasheri-drejtuar-mitropolitit-e-tyre-h-ignatin-tetor-2010\/#breadcrumb","itemListElement":[{"@type":"ListItem","position":1,"name":"Home","item":"https:\/\/orthodoxalbania.org\/2020\/"},{"@type":"ListItem","position":2,"name":"Besimtar\u00eb t\u00eb Beratit i p\u00ebrgjigjen akuzave t\u00eb z. Kristo Frash\u00ebri drejtuar Mitropolitit e tyre H. Ignatin. (Tetor 2010)"}]},{"@type":"WebSite","@id":"https:\/\/orthodoxalbania.org\/2020\/#website","url":"https:\/\/orthodoxalbania.org\/2020\/","name":"Kisha Orthodh\u03bfkse Autoqefale e Shqip\u00ebris\u00eb","description":"Fqja Zyrtare e Kish\u00ebs Orthodhokse Autoqefale e Shqip\u00ebris\u00eb me lajmet edhe informacionet zyrtare p\u00ebr struktur\u00ebn edhe veprimtarin e saj.","publisher":{"@id":"https:\/\/orthodoxalbania.org\/2020\/#organization"},"potentialAction":[{"@type":"SearchAction","target":{"@type":"EntryPoint","urlTemplate":"https:\/\/orthodoxalbania.org\/2020\/?s={search_term_string}"},"query-input":{"@type":"PropertyValueSpecification","valueRequired":true,"valueName":"search_term_string"}}],"inLanguage":"en-US"},{"@type":"Organization","@id":"https:\/\/orthodoxalbania.org\/2020\/#organization","name":"Kisha Orthodhokse Autoqefale e Shqip\u00ebris\u00eb","url":"https:\/\/orthodoxalbania.org\/2020\/","logo":{"@type":"ImageObject","inLanguage":"en-US","@id":"https:\/\/orthodoxalbania.org\/2020\/#\/schema\/logo\/image\/","url":"https:\/\/orthodoxalbania.org\/2020\/wp-content\/uploads\/2020\/05\/albania.jpeg","contentUrl":"https:\/\/orthodoxalbania.org\/2020\/wp-content\/uploads\/2020\/05\/albania.jpeg","width":540,"height":540,"caption":"Kisha Orthodhokse Autoqefale e Shqip\u00ebris\u00eb"},"image":{"@id":"https:\/\/orthodoxalbania.org\/2020\/#\/schema\/logo\/image\/"},"sameAs":["https:\/\/www.facebook.com\/koash1991"]},{"@type":"Person","@id":"https:\/\/orthodoxalbania.org\/2020\/#\/schema\/person\/0c387634a7063ac612d7ed9ce71c7e86","name":"Kisha Orthodhokse","image":{"@type":"ImageObject","inLanguage":"en-US","@id":"https:\/\/secure.gravatar.com\/avatar\/596e7c417251e30f2fbb9c00e026fce61a695a00e51c889caded71c96cbbdde5?s=96&d=mm&r=g","url":"https:\/\/secure.gravatar.com\/avatar\/596e7c417251e30f2fbb9c00e026fce61a695a00e51c889caded71c96cbbdde5?s=96&d=mm&r=g","contentUrl":"https:\/\/secure.gravatar.com\/avatar\/596e7c417251e30f2fbb9c00e026fce61a695a00e51c889caded71c96cbbdde5?s=96&d=mm&r=g","caption":"Kisha Orthodhokse"}}]}},"_links":{"self":[{"href":"https:\/\/orthodoxalbania.org\/2020\/wp-json\/wp\/v2\/posts\/312","targetHints":{"allow":["GET"]}}],"collection":[{"href":"https:\/\/orthodoxalbania.org\/2020\/wp-json\/wp\/v2\/posts"}],"about":[{"href":"https:\/\/orthodoxalbania.org\/2020\/wp-json\/wp\/v2\/types\/post"}],"author":[{"embeddable":true,"href":"https:\/\/orthodoxalbania.org\/2020\/wp-json\/wp\/v2\/users\/1"}],"replies":[{"embeddable":true,"href":"https:\/\/orthodoxalbania.org\/2020\/wp-json\/wp\/v2\/comments?post=312"}],"version-history":[{"count":1,"href":"https:\/\/orthodoxalbania.org\/2020\/wp-json\/wp\/v2\/posts\/312\/revisions"}],"predecessor-version":[{"id":15468,"href":"https:\/\/orthodoxalbania.org\/2020\/wp-json\/wp\/v2\/posts\/312\/revisions\/15468"}],"wp:attachment":[{"href":"https:\/\/orthodoxalbania.org\/2020\/wp-json\/wp\/v2\/media?parent=312"}],"wp:term":[{"taxonomy":"category","embeddable":true,"href":"https:\/\/orthodoxalbania.org\/2020\/wp-json\/wp\/v2\/categories?post=312"},{"taxonomy":"post_tag","embeddable":true,"href":"https:\/\/orthodoxalbania.org\/2020\/wp-json\/wp\/v2\/tags?post=312"}],"curies":[{"name":"wp","href":"https:\/\/api.w.org\/{rel}","templated":true}]}}