{"id":311,"date":"2006-02-26T00:00:00","date_gmt":"2006-02-26T00:00:00","guid":{"rendered":""},"modified":"2020-04-06T22:35:58","modified_gmt":"2020-04-06T20:35:58","slug":"berat-ngazellim-i-pergjithshem-ne-krishtlindje-krishtlindje-06","status":"publish","type":"post","link":"https:\/\/orthodoxalbania.org\/2020\/2006\/02\/26\/berat-ngazellim-i-pergjithshem-ne-krishtlindje-krishtlindje-06\/","title":{"rendered":"Berat, ngaz\u00ebllim i p\u00ebrgjithsh\u00ebm n\u00eb Krishtlindje. (Dhjetor 2006)"},"content":{"rendered":"<table id=\"AutoNumber3\" style=\"width: 674px; height: 1619px;\" border=\"0\">\n<tbody>\n<tr>\n<td colspan=\"2\">\n<div style=\"text-align: justify;\"><span style=\"color: #000000; font-family: helvetica; font-size: 12pt;\">&nbsp;&nbsp;&nbsp; Atmosfer\u00ebs festive t\u00eb Krishtlindjes i paraprin\u00eb tri veprimtari t\u00eb r\u00ebnd\u00ebsishme.<\/span><\/div>\n<div style=\"text-align: justify;\"><span style=\"font-family: helvetica; font-size: 12pt;\"><\/span><\/div>\n<div style=\"text-align: justify;\"><span style=\"color: #000000; font-family: helvetica; font-size: 12pt;\">&nbsp;&nbsp;&nbsp; Dhjet\u00eb dit\u00eb m\u00eb par\u00eb e n\u00eb vijim kishat, rrug\u00ebt e qytetit u zbukuruan me banderola dhe drita shum\u00ebngjyr\u00ebshe, sheshi kryesor i Beratit dhe \u00e7do sht\u00ebpi e tij u pajis me bredha, ku spikatnin lodra, shirita, llambushka dhe dhurata t\u00eb fshehura n\u00ebn to p\u00ebr t\u00eb lumturuar f\u00ebmij\u00ebt buzagaz\u00eb, k\u00ebta engj\u00ebj t\u00eb shpres\u00ebs s\u00eb madhe.<\/span><\/div>\n<\/td>\n<\/tr>\n<tr>\n<td>\n<div style=\"text-align: justify;\"><span style=\"color: #000000; font-family: helvetica; font-size: 12pt;\">&nbsp;&nbsp;&nbsp; M\u00eb 20 dhjetor, dit\u00ebn e Hierod\u00ebshmor Ignat Hyjmbajt\u00ebsit, n\u00eb kish\u00ebn e Sh\u00ebn Spiridhonit u mbajt Liturgjia Hyjnore, e drejtuar nga Mitropoliti, Hir\u00ebsi Ignati, i i shoq\u00ebruar me pjes\u00ebmarrjen e dhjet\u00ebra prift\u00ebrinjve, t\u00eb ardhur nga enori t\u00eb ndryshme t\u00eb Dioqez\u00ebs. Gjat\u00eb liturgjis\u00eb, t\u00eb pranishmit e shumt\u00eb ndoq\u00ebn me interesim t\u00eb madh hirotonisjen n\u00eb dhjak t\u00eb ish-katekistit Nikolla Lushi, i cili iu shtua radh\u00ebs s\u00eb gjat\u00eb t\u00eb klerik\u00ebve shqiptar\u00eb, t\u00eb dor\u00ebzuar gjat\u00eb k\u00ebtyre 16 viteve.<\/span><\/div>\n<\/td>\n<td>\n<div><span style=\"color: #000000; font-family: helvetica; font-size: 12pt;\"><img decoding=\"async\" class=\"lazyload HAa Eha\" style=\"border-width: 1px; border-style: solid; margin: 10px auto; display: block;\" alt=\"\" src=\"data:image\/svg+xml,%3Csvg%20xmlns%3D%27http%3A%2F%2Fwww.w3.org%2F2000%2Fsvg%27%20width%3D%27257%27%20height%3D%27193%27%20viewBox%3D%270%200%20257%20193%27%3E%3Crect%20width%3D%27257%27%20height%3D%27193%27%20fill-opacity%3D%220%22%2F%3E%3C%2Fsvg%3E\" data-orig-src=\"https:\/\/lh4.googleusercontent.com\/-EShD-WUDNNI\/VIgwtOPhp0I\/AAAAAAAAF58\/Pe6rhzDhbpg\/w370-h278-no\/untitled1.jpg\" height=\"193\" width=\"257\" \/><\/span><\/div>\n<\/td>\n<\/tr>\n<tr>\n<td>\n<div><span style=\"color: #000000; font-family: helvetica; font-size: 12pt;\"><img decoding=\"async\" class=\"lazyload HAa Eha\" style=\"border-width: 1px; border-style: solid; margin: 10px auto; display: block;\" alt=\"\" src=\"data:image\/svg+xml,%3Csvg%20xmlns%3D%27http%3A%2F%2Fwww.w3.org%2F2000%2Fsvg%27%20width%3D%27329%27%20height%3D%27247%27%20viewBox%3D%270%200%20329%20247%27%3E%3Crect%20width%3D%27329%27%20height%3D%27247%27%20fill-opacity%3D%220%22%2F%3E%3C%2Fsvg%3E\" data-orig-src=\"https:\/\/lh4.googleusercontent.com\/-FW8-vd2eBz4\/VIgwtVkqDeI\/AAAAAAAAF6I\/f02Uon18IJA\/w370-h278-no\/untitled2.jpg\" height=\"247\" width=\"329\" \/><\/span><\/div>\n<\/td>\n<td>\n<div style=\"text-align: justify;\"><span style=\"color: #000000; font-family: helvetica; font-size: 12pt;\">&nbsp;&nbsp;&nbsp; Nat\u00ebn e 23 dhjetorit, duke u gdhir\u00eb 24 dhjetori, n\u00eb selin\u00eb e Mitropolis\u00eb dhe n\u00eb sht\u00ebpit\u00eb beratase u prit\u00ebn me ngaz\u00ebllim, me bujari dhe me qerasje simbolike grupet e rinis\u00eb orthodhokse, t\u00eb cil\u00ebt mbanin n\u00eb duar kutit\u00eb me ikon\u00ebn e Krishtlindjes dhe me yllin udh\u00ebrr\u00ebfyes, duke k\u00ebnduar me frym\u00ebzim k\u00ebng\u00ebn e kolendrave: &#8220;Zot\u00ebrinj e Zonja, erdh\u00ebm t&#8217;ju g\u00ebzojm\u00eb, se n\u00eb Bethlehem lindi nj\u00eb mbret sot\u2026&#8221;. \u00cbsht\u00eb p\u00ebr t&#8217;u theksuar se kjo tradit\u00eb e bukur po rilind gjithmon\u00eb e m\u00eb shum\u00eb nga viti n\u00eb vit.<\/span><\/div>\n<\/td>\n<\/tr>\n<tr>\n<td>\n<div style=\"text-align: justify;\"><span style=\"color: #000000; font-family: helvetica; font-size: 12pt;\">&nbsp;&nbsp;&nbsp; M\u00eb 25 dhjetor, besimtar\u00eb t\u00eb panum\u00ebrt u nis\u00ebn qysh n\u00eb or\u00ebn pes\u00eb t\u00eb m\u00ebngjesit nga drejtime t\u00eb ndryshme p\u00ebr n\u00eb kish\u00ebn e Sh\u00ebn Spiridhonit n\u00eb Gorric\u00eb dhe n\u00eb ish-katedralen e Sh\u00ebn Maris\u00eb, n\u00eb kala, ku n\u00eb or\u00ebn gjasht\u00eb u celebrua me madh\u00ebshti Liturgjia Hyjnore.<\/span><\/div>\n<\/td>\n<td>\n<div><span style=\"color: #000000; font-family: helvetica; font-size: 12pt;\"><img decoding=\"async\" class=\"lazyload HAa Eha\" style=\"border-width: 1px; border-style: solid; margin: 10px auto; display: block;\" alt=\"\" src=\"data:image\/svg+xml,%3Csvg%20xmlns%3D%27http%3A%2F%2Fwww.w3.org%2F2000%2Fsvg%27%20width%3D%27265%27%20height%3D%27199%27%20viewBox%3D%270%200%20265%20199%27%3E%3Crect%20width%3D%27265%27%20height%3D%27199%27%20fill-opacity%3D%220%22%2F%3E%3C%2Fsvg%3E\" data-orig-src=\"https:\/\/lh3.googleusercontent.com\/-DIJpfuixrvA\/VIgwttbSRII\/AAAAAAAAF5w\/bLNs84qWhfs\/w370-h278-no\/untitled3.jpg\" height=\"199\" width=\"265\" \/><\/span><\/div>\n<\/td>\n<\/tr>\n<tr>\n<td>\n<div><span style=\"color: #000000; font-family: helvetica; font-size: 12pt;\"><img decoding=\"async\" class=\"lazyload HAa Eha\" style=\"border-width: 1px; border-style: solid; margin: 10px auto; display: block;\" alt=\"\" src=\"data:image\/svg+xml,%3Csvg%20xmlns%3D%27http%3A%2F%2Fwww.w3.org%2F2000%2Fsvg%27%20width%3D%27289%27%20height%3D%27217%27%20viewBox%3D%270%200%20289%20217%27%3E%3Crect%20width%3D%27289%27%20height%3D%27217%27%20fill-opacity%3D%220%22%2F%3E%3C%2Fsvg%3E\" data-orig-src=\"https:\/\/lh3.googleusercontent.com\/-ZmbB53Fl15k\/VIgwtspGcbI\/AAAAAAAAF6E\/iKeQdF7tiFE\/w370-h278-no\/untitled4.jpg\" height=\"217\" width=\"289\" \/><\/span><\/div>\n<\/td>\n<td>\n<div style=\"text-align: justify;\"><span style=\"color: #000000; font-family: helvetica; font-size: 12pt;\">&nbsp;&nbsp;&nbsp; N\u00eb t\u00eb dyja k\u00ebto kisha, n\u00eb mbarim t\u00eb liturgjis\u00eb, u lexua dhe u d\u00ebgjua me v\u00ebmendje t\u00eb posa\u00e7me mesazhi i Hir\u00ebsi Ignatit, drejtuar klerit dhe besimtar\u00ebve shpres\u00ebtar\u00eb orthodhoks\u00eb t\u00eb Dioqez\u00ebs s\u00eb Beratit, ku, nd\u00ebr t\u00eb tjera, theksohet: &#8220;Kush do t&#8217;i b\u00ebj\u00eb njer\u00ebzit v\u00ebllez\u00ebr? Kush do t\u00eb b\u00ebhet Shp\u00ebtimtar dhe \u00c7lirimtar p\u00ebr \u00e7do njeri dhe p\u00ebr t\u00ebr\u00eb njer\u00ebzimin?<\/span><\/div>\n<\/td>\n<\/tr>\n<tr>\n<td>\n<div style=\"text-align: justify;\"><span style=\"color: #000000; font-family: helvetica; font-size: 12pt;\">&nbsp;&nbsp;&nbsp; Kush tjet\u00ebr, p\u00ebrve\u00e7 Atij q\u00eb u lind n\u00eb Bethlehem, i Biri i Virgj\u00ebresh\u00ebs dhe i Per\u00ebndis\u00eb, Jisu Krishti, i Adhuruari yn\u00eb? Sepse Engj\u00eblli tha: &#8220;Mos <em>kini <\/em>frik\u00eb; <em>se ja, ju sjell lajmin e mir\u00eb p\u00ebr nj\u00eb hare t\u00eb madhe, q\u00eb do t\u00eb ket\u00eb gjith\u00eb populli, se sonte ju ka lindur n\u00eb qytetin e Davidit Shp\u00ebtimtari, q\u00eb \u00ebsht\u00eb Krishti, Zoti<\/em>&#8221; (Lluka 10-11). Mesazhi p\u00ebrfundoi me porosin\u00eb e vyer: &#8220;&#8230; N\u00eb kishat tona, k\u00ebtu, ja ku \u00ebsht\u00eb Per\u00ebndia i pasur q\u00eb u varf\u00ebrua p\u00ebr t&#8217;u pasuruar t\u00eb gjith\u00eb ne. Le t&#8217;i afrohemi me pendim dhe t&#8217;i k\u00ebrkojm\u00eb ndjes\u00eb. Le t\u00eb marrim vendim p\u00ebr nj\u00eb jet\u00eb t\u00eb virtytshme. Dhe at\u00ebher\u00eb do t\u00eb jemi t\u00eb sigurt se Grazhdi Hyjnor do t\u00eb b\u00ebhet edhe p\u00ebr ne stacion dhe liman Shp\u00ebtimi.&#8221;<\/span><\/div>\n<\/td>\n<td>\n<div><span style=\"color: #000000; font-family: helvetica; font-size: 12pt;\"><img decoding=\"async\" class=\"lazyload HAa Eha\" style=\"border-width: 1px; border-style: solid; margin: 10px auto; display: block;\" alt=\"\" src=\"data:image\/svg+xml,%3Csvg%20xmlns%3D%27http%3A%2F%2Fwww.w3.org%2F2000%2Fsvg%27%20width%3D%27261%27%20height%3D%27196%27%20viewBox%3D%270%200%20261%20196%27%3E%3Crect%20width%3D%27261%27%20height%3D%27196%27%20fill-opacity%3D%220%22%2F%3E%3C%2Fsvg%3E\" data-orig-src=\"https:\/\/lh6.googleusercontent.com\/-oAGUMwVzgPE\/VIgwt9NsbhI\/AAAAAAAAF50\/OLqIhESRzf8\/w370-h278-no\/untitled5.jpg\" height=\"196\" width=\"261\" \/><\/span><\/div>\n<\/td>\n<\/tr>\n<tr>\n<td dir=\"ltr\" colspan=\"2\">\n<div style=\"text-align: justify;\"><span style=\"color: #000000; font-family: helvetica; font-size: 12pt;\">&nbsp;&nbsp;&nbsp;&nbsp;<br \/> &nbsp;&nbsp;&nbsp; T\u00eb ngaz\u00eblluar nga kjo fest\u00eb madh\u00ebshtore e mbar\u00eb njer\u00ebzimit, besimtar\u00eb t\u00eb shumt\u00eb b\u00ebn\u00eb nj\u00eb vizit\u00eb t\u00eb paharruar n\u00eb selin\u00eb mitropolitane, ku gjithashtu erdh\u00ebn p\u00ebr t\u00eb uruar edhe Prefekti i Beratit, i shoq\u00ebruar nga bashk\u00ebpun\u00ebtor\u00ebt e tij, Kryetari i Bashkis\u00eb me an\u00ebtar\u00ebt e K\u00ebshillit Bashkiak, p\u00ebrfaq\u00ebsues t\u00eb Myftinis\u00eb s\u00eb Beratit, t\u00eb cil\u00ebt i priti me ngroht\u00ebsi dhe p\u00ebrzem\u00ebrsi t\u00eb ve\u00e7ant\u00eb Mitropoliti i Mitropolis\u00eb s\u00eb Shenjt\u00eb t\u00eb Beratit, Vlor\u00ebs, Kanin\u00ebs dhe gjith\u00eb Myzeqes\u00eb, Imzot Ignati, i cili shk\u00ebmbeu me t\u00eb gjith\u00eb thirrjen e zjarrt\u00eb t\u00eb paqes, bashk\u00ebpunimit, toleranc\u00ebs, v\u00ebllaz\u00ebrimit p\u00ebr t\u00eb mir\u00ebn dhe begatin\u00eb e bashk\u00ebqytetar\u00ebve tan\u00eb.<\/span><\/div>\n<\/td>\n<\/tr>\n<tr>\n<td>\n<div><span style=\"font-family: helvetica; font-size: 12pt;\"><\/span><\/div>\n<\/td>\n<td>\n<div><span style=\"font-family: helvetica; font-size: 12pt;\"><\/span><\/div>\n<\/td>\n<\/tr>\n<\/tbody>\n<\/table>\n<div><span style=\"font-family: helvetica; font-size: 12pt;\"><\/span><\/div>\n<div><span style=\"color: #000000; font-family: helvetica; font-size: 12pt;\"><strong>Ilia Mihal Zaka<\/strong><\/span><\/div>\n","protected":false},"excerpt":{"rendered":"<p>&nbsp;&nbsp;&nbsp; Atmosfer\u00ebs festive t\u00eb Krishtlindjes i paraprin\u00eb tri veprimtari t\u00eb r\u00ebnd\u00ebsishme. &nbsp;&nbsp;&nbsp; Dhjet\u00eb dit\u00eb m\u00eb par\u00eb e n\u00eb vijim kishat, rrug\u00ebt e qytetit u zbukuruan me banderola dhe drita shum\u00ebngjyr\u00ebshe, sheshi kryesor i Beratit dhe \u00e7do sht\u00ebpi e tij u pajis me bredha, ku spikatnin lodra, shirita, llambushka dhe dhurata t\u00eb fshehura n\u00ebn to p\u00ebr t\u00eb lumturuar f\u00ebmij\u00ebt buzagaz\u00eb, k\u00ebta engj\u00ebj t\u00eb shpres\u00ebs s\u00eb madhe.<\/p>\n","protected":false},"author":1,"featured_media":0,"comment_status":"open","ping_status":"open","sticky":false,"template":"","format":"standard","meta":{"_acf_changed":false,"pagelayer_contact_templates":[],"_pagelayer_content":"","inline_featured_image":false,"fifu_image_url":"","fifu_image_alt":"","footnotes":""},"categories":[108],"tags":[148,192,212,197],"class_list":["post-311","post","type-post","status-publish","format-standard","hentry","category-lajme","tag-148","tag-krishtlindje","tag-lajme-d27","tag-berat"],"acf":[],"yoast_head":"<!-- This site is optimized with the Yoast SEO plugin v27.2 - https:\/\/yoast.com\/product\/yoast-seo-wordpress\/ -->\n<title>Berat, ngaz\u00ebllim i p\u00ebrgjithsh\u00ebm n\u00eb Krishtlindje. (Dhjetor 2006) - Kisha Orthodh\u03bfkse Autoqefale e Shqip\u00ebris\u00eb<\/title>\n<meta name=\"robots\" content=\"index, follow, max-snippet:-1, max-image-preview:large, max-video-preview:-1\" \/>\n<link rel=\"canonical\" href=\"https:\/\/orthodoxalbania.org\/2020\/2006\/02\/26\/berat-ngazellim-i-pergjithshem-ne-krishtlindje-krishtlindje-06\/\" \/>\n<meta property=\"og:locale\" content=\"en_US\" \/>\n<meta property=\"og:type\" content=\"article\" \/>\n<meta property=\"og:title\" content=\"Berat, ngaz\u00ebllim i p\u00ebrgjithsh\u00ebm n\u00eb Krishtlindje. (Dhjetor 2006) - Kisha Orthodh\u03bfkse Autoqefale e Shqip\u00ebris\u00eb\" \/>\n<meta property=\"og:description\" content=\"&nbsp;&nbsp;&nbsp; Atmosfer\u00ebs festive t\u00eb Krishtlindjes i paraprin\u00eb tri veprimtari t\u00eb r\u00ebnd\u00ebsishme. &nbsp;&nbsp;&nbsp; Dhjet\u00eb dit\u00eb m\u00eb par\u00eb e n\u00eb vijim kishat, rrug\u00ebt e qytetit u zbukuruan me banderola dhe drita shum\u00ebngjyr\u00ebshe, sheshi kryesor i Beratit dhe \u00e7do sht\u00ebpi e tij u pajis me bredha, ku spikatnin lodra, shirita, llambushka dhe dhurata t\u00eb fshehura n\u00ebn to p\u00ebr t\u00eb lumturuar f\u00ebmij\u00ebt buzagaz\u00eb, k\u00ebta engj\u00ebj t\u00eb shpres\u00ebs s\u00eb madhe.\" \/>\n<meta property=\"og:url\" content=\"https:\/\/orthodoxalbania.org\/2020\/2006\/02\/26\/berat-ngazellim-i-pergjithshem-ne-krishtlindje-krishtlindje-06\/\" \/>\n<meta property=\"og:site_name\" content=\"Kisha Orthodh\u03bfkse Autoqefale e Shqip\u00ebris\u00eb\" \/>\n<meta property=\"article:publisher\" content=\"https:\/\/www.facebook.com\/koash1991\" \/>\n<meta property=\"article:published_time\" content=\"2006-02-26T00:00:00+00:00\" \/>\n<meta property=\"article:modified_time\" content=\"2020-04-06T20:35:58+00:00\" \/>\n<meta property=\"og:image\" content=\"https:\/\/lh4.googleusercontent.com\/-EShD-WUDNNI\/VIgwtOPhp0I\/AAAAAAAAF58\/Pe6rhzDhbpg\/w370-h278-no\/untitled1.jpg\" \/>\n<meta name=\"author\" content=\"Kisha Orthodhokse\" \/>\n<meta name=\"twitter:card\" content=\"summary_large_image\" \/>\n<meta name=\"twitter:label1\" content=\"Written by\" \/>\n\t<meta name=\"twitter:data1\" content=\"Kisha Orthodhokse\" \/>\n\t<meta name=\"twitter:label2\" content=\"Est. reading time\" \/>\n\t<meta name=\"twitter:data2\" content=\"3 minutes\" \/>\n<script type=\"application\/ld+json\" class=\"yoast-schema-graph\">{\"@context\":\"https:\/\/schema.org\",\"@graph\":[{\"@type\":\"Article\",\"@id\":\"https:\/\/orthodoxalbania.org\/2020\/2006\/02\/26\/berat-ngazellim-i-pergjithshem-ne-krishtlindje-krishtlindje-06\/#article\",\"isPartOf\":{\"@id\":\"https:\/\/orthodoxalbania.org\/2020\/2006\/02\/26\/berat-ngazellim-i-pergjithshem-ne-krishtlindje-krishtlindje-06\/\"},\"author\":{\"name\":\"Kisha Orthodhokse\",\"@id\":\"https:\/\/orthodoxalbania.org\/2020\/#\/schema\/person\/0c387634a7063ac612d7ed9ce71c7e86\"},\"headline\":\"Berat, ngaz\u00ebllim i p\u00ebrgjithsh\u00ebm n\u00eb Krishtlindje. (Dhjetor 2006)\",\"datePublished\":\"2006-02-26T00:00:00+00:00\",\"dateModified\":\"2020-04-06T20:35:58+00:00\",\"mainEntityOfPage\":{\"@id\":\"https:\/\/orthodoxalbania.org\/2020\/2006\/02\/26\/berat-ngazellim-i-pergjithshem-ne-krishtlindje-krishtlindje-06\/\"},\"wordCount\":701,\"commentCount\":0,\"publisher\":{\"@id\":\"https:\/\/orthodoxalbania.org\/2020\/#organization\"},\"image\":{\"@id\":\"https:\/\/orthodoxalbania.org\/2020\/2006\/02\/26\/berat-ngazellim-i-pergjithshem-ne-krishtlindje-krishtlindje-06\/#primaryimage\"},\"thumbnailUrl\":\"https:\/\/lh4.googleusercontent.com\/-EShD-WUDNNI\/VIgwtOPhp0I\/AAAAAAAAF58\/Pe6rhzDhbpg\/w370-h278-no\/untitled1.jpg\",\"keywords\":[\"2006\",\"Krishtlindje\",\"lajme\",\"Mitropolia Berat\"],\"articleSection\":[\"Lajme\"],\"inLanguage\":\"en-US\"},{\"@type\":\"WebPage\",\"@id\":\"https:\/\/orthodoxalbania.org\/2020\/2006\/02\/26\/berat-ngazellim-i-pergjithshem-ne-krishtlindje-krishtlindje-06\/\",\"url\":\"https:\/\/orthodoxalbania.org\/2020\/2006\/02\/26\/berat-ngazellim-i-pergjithshem-ne-krishtlindje-krishtlindje-06\/\",\"name\":\"Berat, ngaz\u00ebllim i p\u00ebrgjithsh\u00ebm n\u00eb Krishtlindje. (Dhjetor 2006) - Kisha Orthodh\u03bfkse Autoqefale e Shqip\u00ebris\u00eb\",\"isPartOf\":{\"@id\":\"https:\/\/orthodoxalbania.org\/2020\/#website\"},\"primaryImageOfPage\":{\"@id\":\"https:\/\/orthodoxalbania.org\/2020\/2006\/02\/26\/berat-ngazellim-i-pergjithshem-ne-krishtlindje-krishtlindje-06\/#primaryimage\"},\"image\":{\"@id\":\"https:\/\/orthodoxalbania.org\/2020\/2006\/02\/26\/berat-ngazellim-i-pergjithshem-ne-krishtlindje-krishtlindje-06\/#primaryimage\"},\"thumbnailUrl\":\"https:\/\/lh4.googleusercontent.com\/-EShD-WUDNNI\/VIgwtOPhp0I\/AAAAAAAAF58\/Pe6rhzDhbpg\/w370-h278-no\/untitled1.jpg\",\"datePublished\":\"2006-02-26T00:00:00+00:00\",\"dateModified\":\"2020-04-06T20:35:58+00:00\",\"breadcrumb\":{\"@id\":\"https:\/\/orthodoxalbania.org\/2020\/2006\/02\/26\/berat-ngazellim-i-pergjithshem-ne-krishtlindje-krishtlindje-06\/#breadcrumb\"},\"inLanguage\":\"en-US\",\"potentialAction\":[{\"@type\":\"ReadAction\",\"target\":[\"https:\/\/orthodoxalbania.org\/2020\/2006\/02\/26\/berat-ngazellim-i-pergjithshem-ne-krishtlindje-krishtlindje-06\/\"]}]},{\"@type\":\"ImageObject\",\"inLanguage\":\"en-US\",\"@id\":\"https:\/\/orthodoxalbania.org\/2020\/2006\/02\/26\/berat-ngazellim-i-pergjithshem-ne-krishtlindje-krishtlindje-06\/#primaryimage\",\"url\":\"https:\/\/lh4.googleusercontent.com\/-EShD-WUDNNI\/VIgwtOPhp0I\/AAAAAAAAF58\/Pe6rhzDhbpg\/w370-h278-no\/untitled1.jpg\",\"contentUrl\":\"https:\/\/lh4.googleusercontent.com\/-EShD-WUDNNI\/VIgwtOPhp0I\/AAAAAAAAF58\/Pe6rhzDhbpg\/w370-h278-no\/untitled1.jpg\"},{\"@type\":\"BreadcrumbList\",\"@id\":\"https:\/\/orthodoxalbania.org\/2020\/2006\/02\/26\/berat-ngazellim-i-pergjithshem-ne-krishtlindje-krishtlindje-06\/#breadcrumb\",\"itemListElement\":[{\"@type\":\"ListItem\",\"position\":1,\"name\":\"Home\",\"item\":\"https:\/\/orthodoxalbania.org\/2020\/\"},{\"@type\":\"ListItem\",\"position\":2,\"name\":\"Berat, ngaz\u00ebllim i p\u00ebrgjithsh\u00ebm n\u00eb Krishtlindje. (Dhjetor 2006)\"}]},{\"@type\":\"WebSite\",\"@id\":\"https:\/\/orthodoxalbania.org\/2020\/#website\",\"url\":\"https:\/\/orthodoxalbania.org\/2020\/\",\"name\":\"Kisha Orthodh\u03bfkse Autoqefale e Shqip\u00ebris\u00eb\",\"description\":\"Fqja Zyrtare e Kish\u00ebs Orthodhokse Autoqefale e Shqip\u00ebris\u00eb me lajmet edhe informacionet zyrtare p\u00ebr struktur\u00ebn edhe veprimtarin e saj.\",\"publisher\":{\"@id\":\"https:\/\/orthodoxalbania.org\/2020\/#organization\"},\"potentialAction\":[{\"@type\":\"SearchAction\",\"target\":{\"@type\":\"EntryPoint\",\"urlTemplate\":\"https:\/\/orthodoxalbania.org\/2020\/?s={search_term_string}\"},\"query-input\":{\"@type\":\"PropertyValueSpecification\",\"valueRequired\":true,\"valueName\":\"search_term_string\"}}],\"inLanguage\":\"en-US\"},{\"@type\":\"Organization\",\"@id\":\"https:\/\/orthodoxalbania.org\/2020\/#organization\",\"name\":\"Kisha Orthodhokse Autoqefale e Shqip\u00ebris\u00eb\",\"url\":\"https:\/\/orthodoxalbania.org\/2020\/\",\"logo\":{\"@type\":\"ImageObject\",\"inLanguage\":\"en-US\",\"@id\":\"https:\/\/orthodoxalbania.org\/2020\/#\/schema\/logo\/image\/\",\"url\":\"https:\/\/orthodoxalbania.org\/2020\/wp-content\/uploads\/2020\/05\/albania.jpeg\",\"contentUrl\":\"https:\/\/orthodoxalbania.org\/2020\/wp-content\/uploads\/2020\/05\/albania.jpeg\",\"width\":540,\"height\":540,\"caption\":\"Kisha Orthodhokse Autoqefale e Shqip\u00ebris\u00eb\"},\"image\":{\"@id\":\"https:\/\/orthodoxalbania.org\/2020\/#\/schema\/logo\/image\/\"},\"sameAs\":[\"https:\/\/www.facebook.com\/koash1991\"]},{\"@type\":\"Person\",\"@id\":\"https:\/\/orthodoxalbania.org\/2020\/#\/schema\/person\/0c387634a7063ac612d7ed9ce71c7e86\",\"name\":\"Kisha Orthodhokse\",\"image\":{\"@type\":\"ImageObject\",\"inLanguage\":\"en-US\",\"@id\":\"https:\/\/secure.gravatar.com\/avatar\/596e7c417251e30f2fbb9c00e026fce61a695a00e51c889caded71c96cbbdde5?s=96&d=mm&r=g\",\"url\":\"https:\/\/secure.gravatar.com\/avatar\/596e7c417251e30f2fbb9c00e026fce61a695a00e51c889caded71c96cbbdde5?s=96&d=mm&r=g\",\"contentUrl\":\"https:\/\/secure.gravatar.com\/avatar\/596e7c417251e30f2fbb9c00e026fce61a695a00e51c889caded71c96cbbdde5?s=96&d=mm&r=g\",\"caption\":\"Kisha Orthodhokse\"}}]}<\/script>\n<!-- \/ Yoast SEO plugin. -->","yoast_head_json":{"title":"Berat, ngaz\u00ebllim i p\u00ebrgjithsh\u00ebm n\u00eb Krishtlindje. (Dhjetor 2006) - Kisha Orthodh\u03bfkse Autoqefale e Shqip\u00ebris\u00eb","robots":{"index":"index","follow":"follow","max-snippet":"max-snippet:-1","max-image-preview":"max-image-preview:large","max-video-preview":"max-video-preview:-1"},"canonical":"https:\/\/orthodoxalbania.org\/2020\/2006\/02\/26\/berat-ngazellim-i-pergjithshem-ne-krishtlindje-krishtlindje-06\/","og_locale":"en_US","og_type":"article","og_title":"Berat, ngaz\u00ebllim i p\u00ebrgjithsh\u00ebm n\u00eb Krishtlindje. (Dhjetor 2006) - Kisha Orthodh\u03bfkse Autoqefale e Shqip\u00ebris\u00eb","og_description":"&nbsp;&nbsp;&nbsp; Atmosfer\u00ebs festive t\u00eb Krishtlindjes i paraprin\u00eb tri veprimtari t\u00eb r\u00ebnd\u00ebsishme. &nbsp;&nbsp;&nbsp; Dhjet\u00eb dit\u00eb m\u00eb par\u00eb e n\u00eb vijim kishat, rrug\u00ebt e qytetit u zbukuruan me banderola dhe drita shum\u00ebngjyr\u00ebshe, sheshi kryesor i Beratit dhe \u00e7do sht\u00ebpi e tij u pajis me bredha, ku spikatnin lodra, shirita, llambushka dhe dhurata t\u00eb fshehura n\u00ebn to p\u00ebr t\u00eb lumturuar f\u00ebmij\u00ebt buzagaz\u00eb, k\u00ebta engj\u00ebj t\u00eb shpres\u00ebs s\u00eb madhe.","og_url":"https:\/\/orthodoxalbania.org\/2020\/2006\/02\/26\/berat-ngazellim-i-pergjithshem-ne-krishtlindje-krishtlindje-06\/","og_site_name":"Kisha Orthodh\u03bfkse Autoqefale e Shqip\u00ebris\u00eb","article_publisher":"https:\/\/www.facebook.com\/koash1991","article_published_time":"2006-02-26T00:00:00+00:00","article_modified_time":"2020-04-06T20:35:58+00:00","og_image":[{"url":"https:\/\/lh4.googleusercontent.com\/-EShD-WUDNNI\/VIgwtOPhp0I\/AAAAAAAAF58\/Pe6rhzDhbpg\/w370-h278-no\/untitled1.jpg","type":"","width":"","height":""}],"author":"Kisha Orthodhokse","twitter_card":"summary_large_image","twitter_misc":{"Written by":"Kisha Orthodhokse","Est. reading time":"3 minutes"},"schema":{"@context":"https:\/\/schema.org","@graph":[{"@type":"Article","@id":"https:\/\/orthodoxalbania.org\/2020\/2006\/02\/26\/berat-ngazellim-i-pergjithshem-ne-krishtlindje-krishtlindje-06\/#article","isPartOf":{"@id":"https:\/\/orthodoxalbania.org\/2020\/2006\/02\/26\/berat-ngazellim-i-pergjithshem-ne-krishtlindje-krishtlindje-06\/"},"author":{"name":"Kisha Orthodhokse","@id":"https:\/\/orthodoxalbania.org\/2020\/#\/schema\/person\/0c387634a7063ac612d7ed9ce71c7e86"},"headline":"Berat, ngaz\u00ebllim i p\u00ebrgjithsh\u00ebm n\u00eb Krishtlindje. (Dhjetor 2006)","datePublished":"2006-02-26T00:00:00+00:00","dateModified":"2020-04-06T20:35:58+00:00","mainEntityOfPage":{"@id":"https:\/\/orthodoxalbania.org\/2020\/2006\/02\/26\/berat-ngazellim-i-pergjithshem-ne-krishtlindje-krishtlindje-06\/"},"wordCount":701,"commentCount":0,"publisher":{"@id":"https:\/\/orthodoxalbania.org\/2020\/#organization"},"image":{"@id":"https:\/\/orthodoxalbania.org\/2020\/2006\/02\/26\/berat-ngazellim-i-pergjithshem-ne-krishtlindje-krishtlindje-06\/#primaryimage"},"thumbnailUrl":"https:\/\/lh4.googleusercontent.com\/-EShD-WUDNNI\/VIgwtOPhp0I\/AAAAAAAAF58\/Pe6rhzDhbpg\/w370-h278-no\/untitled1.jpg","keywords":["2006","Krishtlindje","lajme","Mitropolia Berat"],"articleSection":["Lajme"],"inLanguage":"en-US"},{"@type":"WebPage","@id":"https:\/\/orthodoxalbania.org\/2020\/2006\/02\/26\/berat-ngazellim-i-pergjithshem-ne-krishtlindje-krishtlindje-06\/","url":"https:\/\/orthodoxalbania.org\/2020\/2006\/02\/26\/berat-ngazellim-i-pergjithshem-ne-krishtlindje-krishtlindje-06\/","name":"Berat, ngaz\u00ebllim i p\u00ebrgjithsh\u00ebm n\u00eb Krishtlindje. (Dhjetor 2006) - Kisha Orthodh\u03bfkse Autoqefale e Shqip\u00ebris\u00eb","isPartOf":{"@id":"https:\/\/orthodoxalbania.org\/2020\/#website"},"primaryImageOfPage":{"@id":"https:\/\/orthodoxalbania.org\/2020\/2006\/02\/26\/berat-ngazellim-i-pergjithshem-ne-krishtlindje-krishtlindje-06\/#primaryimage"},"image":{"@id":"https:\/\/orthodoxalbania.org\/2020\/2006\/02\/26\/berat-ngazellim-i-pergjithshem-ne-krishtlindje-krishtlindje-06\/#primaryimage"},"thumbnailUrl":"https:\/\/lh4.googleusercontent.com\/-EShD-WUDNNI\/VIgwtOPhp0I\/AAAAAAAAF58\/Pe6rhzDhbpg\/w370-h278-no\/untitled1.jpg","datePublished":"2006-02-26T00:00:00+00:00","dateModified":"2020-04-06T20:35:58+00:00","breadcrumb":{"@id":"https:\/\/orthodoxalbania.org\/2020\/2006\/02\/26\/berat-ngazellim-i-pergjithshem-ne-krishtlindje-krishtlindje-06\/#breadcrumb"},"inLanguage":"en-US","potentialAction":[{"@type":"ReadAction","target":["https:\/\/orthodoxalbania.org\/2020\/2006\/02\/26\/berat-ngazellim-i-pergjithshem-ne-krishtlindje-krishtlindje-06\/"]}]},{"@type":"ImageObject","inLanguage":"en-US","@id":"https:\/\/orthodoxalbania.org\/2020\/2006\/02\/26\/berat-ngazellim-i-pergjithshem-ne-krishtlindje-krishtlindje-06\/#primaryimage","url":"https:\/\/lh4.googleusercontent.com\/-EShD-WUDNNI\/VIgwtOPhp0I\/AAAAAAAAF58\/Pe6rhzDhbpg\/w370-h278-no\/untitled1.jpg","contentUrl":"https:\/\/lh4.googleusercontent.com\/-EShD-WUDNNI\/VIgwtOPhp0I\/AAAAAAAAF58\/Pe6rhzDhbpg\/w370-h278-no\/untitled1.jpg"},{"@type":"BreadcrumbList","@id":"https:\/\/orthodoxalbania.org\/2020\/2006\/02\/26\/berat-ngazellim-i-pergjithshem-ne-krishtlindje-krishtlindje-06\/#breadcrumb","itemListElement":[{"@type":"ListItem","position":1,"name":"Home","item":"https:\/\/orthodoxalbania.org\/2020\/"},{"@type":"ListItem","position":2,"name":"Berat, ngaz\u00ebllim i p\u00ebrgjithsh\u00ebm n\u00eb Krishtlindje. (Dhjetor 2006)"}]},{"@type":"WebSite","@id":"https:\/\/orthodoxalbania.org\/2020\/#website","url":"https:\/\/orthodoxalbania.org\/2020\/","name":"Kisha Orthodh\u03bfkse Autoqefale e Shqip\u00ebris\u00eb","description":"Fqja Zyrtare e Kish\u00ebs Orthodhokse Autoqefale e Shqip\u00ebris\u00eb me lajmet edhe informacionet zyrtare p\u00ebr struktur\u00ebn edhe veprimtarin e saj.","publisher":{"@id":"https:\/\/orthodoxalbania.org\/2020\/#organization"},"potentialAction":[{"@type":"SearchAction","target":{"@type":"EntryPoint","urlTemplate":"https:\/\/orthodoxalbania.org\/2020\/?s={search_term_string}"},"query-input":{"@type":"PropertyValueSpecification","valueRequired":true,"valueName":"search_term_string"}}],"inLanguage":"en-US"},{"@type":"Organization","@id":"https:\/\/orthodoxalbania.org\/2020\/#organization","name":"Kisha Orthodhokse Autoqefale e Shqip\u00ebris\u00eb","url":"https:\/\/orthodoxalbania.org\/2020\/","logo":{"@type":"ImageObject","inLanguage":"en-US","@id":"https:\/\/orthodoxalbania.org\/2020\/#\/schema\/logo\/image\/","url":"https:\/\/orthodoxalbania.org\/2020\/wp-content\/uploads\/2020\/05\/albania.jpeg","contentUrl":"https:\/\/orthodoxalbania.org\/2020\/wp-content\/uploads\/2020\/05\/albania.jpeg","width":540,"height":540,"caption":"Kisha Orthodhokse Autoqefale e Shqip\u00ebris\u00eb"},"image":{"@id":"https:\/\/orthodoxalbania.org\/2020\/#\/schema\/logo\/image\/"},"sameAs":["https:\/\/www.facebook.com\/koash1991"]},{"@type":"Person","@id":"https:\/\/orthodoxalbania.org\/2020\/#\/schema\/person\/0c387634a7063ac612d7ed9ce71c7e86","name":"Kisha Orthodhokse","image":{"@type":"ImageObject","inLanguage":"en-US","@id":"https:\/\/secure.gravatar.com\/avatar\/596e7c417251e30f2fbb9c00e026fce61a695a00e51c889caded71c96cbbdde5?s=96&d=mm&r=g","url":"https:\/\/secure.gravatar.com\/avatar\/596e7c417251e30f2fbb9c00e026fce61a695a00e51c889caded71c96cbbdde5?s=96&d=mm&r=g","contentUrl":"https:\/\/secure.gravatar.com\/avatar\/596e7c417251e30f2fbb9c00e026fce61a695a00e51c889caded71c96cbbdde5?s=96&d=mm&r=g","caption":"Kisha Orthodhokse"}}]}},"_links":{"self":[{"href":"https:\/\/orthodoxalbania.org\/2020\/wp-json\/wp\/v2\/posts\/311","targetHints":{"allow":["GET"]}}],"collection":[{"href":"https:\/\/orthodoxalbania.org\/2020\/wp-json\/wp\/v2\/posts"}],"about":[{"href":"https:\/\/orthodoxalbania.org\/2020\/wp-json\/wp\/v2\/types\/post"}],"author":[{"embeddable":true,"href":"https:\/\/orthodoxalbania.org\/2020\/wp-json\/wp\/v2\/users\/1"}],"replies":[{"embeddable":true,"href":"https:\/\/orthodoxalbania.org\/2020\/wp-json\/wp\/v2\/comments?post=311"}],"version-history":[{"count":1,"href":"https:\/\/orthodoxalbania.org\/2020\/wp-json\/wp\/v2\/posts\/311\/revisions"}],"predecessor-version":[{"id":15813,"href":"https:\/\/orthodoxalbania.org\/2020\/wp-json\/wp\/v2\/posts\/311\/revisions\/15813"}],"wp:attachment":[{"href":"https:\/\/orthodoxalbania.org\/2020\/wp-json\/wp\/v2\/media?parent=311"}],"wp:term":[{"taxonomy":"category","embeddable":true,"href":"https:\/\/orthodoxalbania.org\/2020\/wp-json\/wp\/v2\/categories?post=311"},{"taxonomy":"post_tag","embeddable":true,"href":"https:\/\/orthodoxalbania.org\/2020\/wp-json\/wp\/v2\/tags?post=311"}],"curies":[{"name":"wp","href":"https:\/\/api.w.org\/{rel}","templated":true}]}}