{"id":310,"date":"2013-03-21T12:41:17","date_gmt":"2013-03-21T12:41:17","guid":{"rendered":""},"modified":"2020-04-06T22:05:52","modified_gmt":"2020-04-06T20:05:52","slug":"berat-festohet-me-madheshti-krishtlindja","status":"publish","type":"post","link":"https:\/\/orthodoxalbania.org\/2020\/2013\/03\/21\/berat-festohet-me-madheshti-krishtlindja\/","title":{"rendered":"Berat, festohet me madh\u00ebshti Krishtlindja. (25 Dhjetor 2012)"},"content":{"rendered":"<div style=\"text-align: justify;\"><span style=\"color: #000000; font-family: helvetica;\"><span style=\"font-size: 12px;\"><img class=\"lazyload\" decoding=\"async\" style=\"width: 200px; height: 200px; border-width: 1px; border-style: solid; margin: 10px; float: left;\" alt=\"\" src=\"data:image\/gif;base64,R0lGODlhAQABAAAAACH5BAEKAAEALAAAAAABAAEAAAICTAEAOw==\" data-orig-src=\"https:\/\/lh5.googleusercontent.com\/-4ckVSJTWd2o\/UOFnZEInfXI\/AAAAAAAABs8\/M_n7sF06sWA\/s640\/3.jpg\" \/><span style=\"font-size: 12pt;\">&nbsp;&nbsp;&nbsp; Erdh\u00ebn edhe k\u00ebt\u00eb vit Krishtlindjet! Urimet e Sh\u00ebn Joan Gojartit \u201cEjani t\u00eb kremtojm\u00eb, ejani t\u00eb festojm\u00eb\u201d ishin refreni i nj\u00eb s\u00ebr\u00eb sh\u00ebrbesash kishtare dhe aktiviteteve mbresl\u00ebn\u00ebse kulturore t\u00eb organizuara nga Mitropolia e Hirshme e Beratit n\u00eb k\u00ebto dit\u00eb festive.<\/span><\/span><\/span><\/div>\n<div style=\"text-align: justify;\"><span style=\"color: #000000; font-family: helvetica; font-size: 12pt;\"> &nbsp;&nbsp;&nbsp; Prej vitesh tashm\u00eb, festat e fundvitit e kan\u00eb pik\u00ebnisjen n\u00eb dat\u00ebn 20 dhjetor, dit\u00eb e cila p\u00ebrkon me t\u00eb kremten e Sh\u00ebn Ignat Hyjmbajt\u00ebsit, emrin e t\u00eb cilit mban dhe feston Mitropoliti. Liturgjia Hyjnore me pjes\u00ebmarrjen e klerik\u00ebve t\u00eb shumt\u00eb, si dhe urimet e p\u00ebrzem\u00ebrta t\u00eb besimtar\u00ebve n\u00eb Mitropolin\u00eb e Hirshme, nis\u00ebn festimet e k\u00ebtyre dit\u00ebve t\u00eb shenjta.<\/span><\/div>\n<div style=\"text-align: justify;\"><span style=\"color: #000000; font-family: helvetica; font-size: 12pt;\"> &nbsp;&nbsp;&nbsp; Gatimet tradicionale, zbukurimet e qytetit edhe t\u00eb sht\u00ebpive nuk munguan, duke sjell\u00eb nj\u00eb atmosfer\u00eb t\u00eb ngroht\u00eb. Nuk munguan edhe sivjet z\u00ebrat e lajm\u00ebtar\u00ebve t\u00eb vegj\u00ebl, t\u00eb cil\u00ebt t\u00eb organizuar n\u00eb grupe, mbr\u00ebmjen e 23 dhjetorit,&nbsp; p\u00ebrshkuan t\u00eb gjith\u00eb bulevardin e qytetit. F\u00ebmij\u00ebt mbanin n\u00eb duar nj\u00eb kuti t\u00eb shndritshme me nj\u00eb yll n\u00eb mes q\u00eb simbolizon yllin e Betlehemit, ata shkuan sht\u00ebpi m\u00eb sht\u00ebpi, duke ndar\u00eb lajmin q\u00eb ndryshoi bot\u00ebn.<\/span><\/div>\n<div style=\"text-align: justify;\"><span style=\"color: #000000; font-family: helvetica; font-size: 12pt;\"> &nbsp;&nbsp;&nbsp; Data 24 dhjetor, vigjiljet e Krishtlindjeve si gjithmon\u00eb kan\u00eb ve\u00e7antin\u00eb e tyre. Besimtar\u00ebt mor\u00ebn pjes\u00eb n\u00eb or\u00ebt e krishtlindjeve, mbr\u00ebm\u00ebsoren e madhe, si dhe n\u00eb Liturgjin\u00eb Hyjnore t\u00eb Sh\u00ebn Vasilit. Mbr\u00ebmjen e k\u00ebsaj dite ishte organizuar nga Mitropolia e Beratit nj\u00eb fest\u00eb e bukur, me himne kishtare, k\u00ebng\u00eb, recitime, interpretime instrumentale etj&#8230; Spektator\u00ebt ishin t\u00eb shumt\u00eb dhe si nj\u00eb familje e madhe kaluan s\u00eb bashku momentet e g\u00ebzueshme t\u00eb vigjiljeve.<\/span><\/div>\n<div style=\"text-align: justify;\"><span style=\"color: #000000; font-family: helvetica; font-size: 12pt;\"> &nbsp;&nbsp;&nbsp; Padyshim q\u00eb 25 Dhjetori i vendos kuror\u00ebn gjith\u00eb aktiviteteve t\u00eb lartp\u00ebrmendura. \u00cbsht\u00eb dita e lindjes s\u00eb Shp\u00ebtimtarit ton\u00eb, Zotit Jisu Krisht. Besimtar\u00eb t\u00eb shumt\u00eb, erdh\u00ebn n\u00eb Kish\u00eb, ndoq\u00ebn Liturgjin\u00eb e drejtuar nga Mitropoliti i Beratit, Hir\u00ebsia e Tij Ignati, si dhe kunguan Trupin dhe Gjakun e Zotit Krisht. K\u00ebt\u00eb dit\u00eb u lexua mesazhi i fest\u00ebs, shkruar nga Mitropoliti yn\u00eb, drejtuar klerit dhe besimtar\u00ebve shpres\u00ebtar\u00eb t\u00eb mitropolis\u00eb. Mesazhi ishte i frym\u00ebzuar nga Sh\u00ebn Joan Gojarti, aty thuhej nd\u00ebr t\u00eb tjera se:<\/span><\/div>\n<div style=\"text-align: justify;\"><span style=\"color: #000000; font-family: helvetica; font-size: 12pt;\"> &nbsp;&nbsp;&nbsp; \u201cSot djalli u shpartallua. Demon\u00ebt u arratis\u00ebn. Vdekja u anullua. Parajsa u hap. M\u00ebkati u d\u00ebbua. Mashtrimi u largua. Mbret\u00ebria e Qiejve u vendos n\u00eb tok\u00eb. Engj\u00ebjt flasin me njer\u00ebzit. T\u00eb gjitha u b\u00ebn\u00eb nj\u00eb. Per\u00ebndia zbriti n\u00eb tok\u00eb, dhe njeriu u ngjit n\u00eb qiej. Zbriti Per\u00ebndia n\u00eb tok\u00eb dhe p\u00ebrs\u00ebri gjendet n\u00eb qiell. U b\u00eb njeri dhe \u00ebsht\u00eb Per\u00ebndi. \u00cbsht\u00eb Per\u00ebndi dhe mori mish. Mbahet n\u00eb gji virgj\u00ebror dhe n\u00eb duart e Tij mban\u00eb gjith\u00ebsin\u00eb. Rendin pran\u00eb Tij mag\u00ebt. Rendim edhe ne. Rend edhe ylli, q\u00eb t\u00eb shfaq\u00eb Zotin e qiejve. Krijuesin dhe grazhdin shikoj&#8230; Foshnj\u00ebn dhe shp\u00ebrgenjt\u00eb, lehon\u00ebn e virgj\u00ebr, t\u00eb p\u00ebrbuzur. Varf\u00ebri e madhe&#8230; I pasuri u b\u00eb i varf\u00ebr p\u00ebr hirin ton\u00eb\u201d.<\/span><\/div>\n<div style=\"text-align: justify;\"><span style=\"color: #000000; font-family: helvetica; font-size: 12pt;\"> &nbsp;&nbsp;&nbsp; \u201cNdaj Tij pra, Fjal\u00ebs s\u00eb Per\u00ebndis\u00eb dhe Birit t\u00eb Virgj\u00ebresh\u00ebs, t\u00eb drejtojm\u00eb lavd\u00ebrim bashk\u00eb me Atin dhe Shpirtin e Shenjt\u00eb n\u00eb jet\u00eb t\u00eb jet\u00ebve\u201d, na nxit Gojarti i hirsh\u00ebm. Prandaj Per\u00ebndia i lart u b\u00eb njeri i p\u00ebrulur, q\u00eb t\u00eb na t\u00ebrheq\u00eb nga posht\u00ebrsia e jet\u00ebs dhe t\u00eb na ngrej\u00eb drejt lart\u00ebsis\u00eb s\u00eb Tij, Mbret\u00ebris\u00eb s\u00eb Tij t\u00eb p\u00ebrjetshme. Trup\u00ebzimi i Tij, dometh\u00ebn\u00eb lindja dhe shfaqja e Tij si njeri midis nesh, nuk shfaq vet\u00ebm njeridashjen hyjnore t\u00eb paan\u00eb, nderin ndaj sh\u00ebmb\u00eblltyr\u00ebs s\u00eb Tij, njeriut, por zbulon edhe madh\u00ebsin\u00eb e shkeljes son\u00eb. Shfaq edhe situat\u00ebn d\u00ebshp\u00ebruese dhe tragjike n\u00eb t\u00eb cil\u00ebn kishim arritur.<\/span><\/div>\n<div style=\"text-align: justify;\"><span style=\"color: #000000; font-family: helvetica; font-size: 12pt;\"> &nbsp;&nbsp;&nbsp; Ky \u00ebsht\u00eb mesazhi i madh i Krishtlindjeve. Njeriu i plagosur i \u00e7do epoke, mundet, n\u00ebse d\u00ebshiron, t\u00eb pasqyroj\u00eb veten e tij, n\u00eb grazhdin e varf\u00ebr t\u00eb Betlehemit. Dhe, duke shikuar gjendjen e tij t\u00eb mjeruar, t\u00eb tronditet, t\u00eb b\u00ebhet i vet\u00ebdijsh\u00ebm p\u00ebr dob\u00ebsin\u00eb dhe varf\u00ebrin\u00eb e tij t\u00eb skajshme, n\u00eb m\u00ebnyr\u00eb q\u00eb t\u00eb ndjej\u00eb dhe t\u00eb gjej\u00eb veten e tij.\u201d<\/span><\/div>\n<div><span style=\"color: #000000; font-family: helvetica; font-size: 12pt;\"> &nbsp;&nbsp;&nbsp; N\u00eb fund t\u00eb Liturgjis\u00eb, erdh\u00ebn p\u00ebr t\u00eb uruar Krishtlindjet, autoritetet vendore me n\u00eb krye kryetarin e Bashkis\u00eb s\u00eb Beratit, z. Fadil Nasufi, p\u00ebrfaq\u00ebsuesit e partive politike, p\u00ebrfaq\u00ebsues t\u00eb komuniteteve fetare, si dhe besimtar\u00eb t\u00eb shumt\u00eb.<\/span><\/div>\n<div style=\"text-align: right;\">\n<p><span style=\"color: #000000; font-family: helvetica; font-size: 12pt;\"> <strong>Joan Qako<\/strong><\/span><\/div>\n<div style=\"text-align: justify;\"><span style=\"color: #000000; font-family: helvetica; font-size: 12pt;\"><img class=\"lazyload\" decoding=\"async\" style=\"width: 600px; height: 398px; border-width: 1px; border-style: solid; margin: 10px; float: left;\" alt=\"\" src=\"data:image\/gif;base64,R0lGODlhAQABAAAAACH5BAEKAAEALAAAAAABAAEAAAICTAEAOw==\" data-orig-src=\"https:\/\/lh6.googleusercontent.com\/-_MmMmZ0rv4c\/UOFnbcE3Q2I\/AAAAAAAABtk\/KYT2WPUkDe0\/s640\/7.jpg\" \/><\/span><\/div>\n<div style=\"text-align: justify;\"><span style=\"color: #000000; font-family: helvetica; font-size: 12pt;\"><img class=\"lazyload\" decoding=\"async\" style=\"width: 600px; height: 400px; border-width: 1px; border-style: solid; margin: 10px; float: left;\" alt=\"\" src=\"data:image\/gif;base64,R0lGODlhAQABAAAAACH5BAEKAAEALAAAAAABAAEAAAICTAEAOw==\" data-orig-src=\"https:\/\/lh4.googleusercontent.com\/-GaAzzdyBbTs\/UOFnZ6xvY_I\/AAAAAAAABtU\/pVkEaAjb52A\/s640\/4.jpg\" \/><\/span><\/div>\n<div style=\"text-align: justify;\">\n<p><span style=\"font-family: helvetica; font-size: 12pt;\"> &nbsp;<\/span><\/div>\n","protected":false},"excerpt":{"rendered":"<p>&nbsp;&nbsp;&nbsp; Erdh\u00ebn edhe k\u00ebt\u00eb vit Krishtlindjet! Urimet e Sh\u00ebn Joan Gojartit \u201cEjani t\u00eb kremtojm\u00eb, ejani t\u00eb festojm\u00eb\u201d ishin refreni i nj\u00eb s\u00ebr\u00eb sh\u00ebrbesash kishtare dhe aktiviteteve mbresl\u00ebn\u00ebse kulturore t\u00eb organizuara nga Mitropolia e Hirshme e Beratit n\u00eb k\u00ebto dit\u00eb festive. &nbsp;&nbsp;&nbsp; Prej vitesh tashm\u00eb, festat e fundvitit e kan\u00eb pik\u00ebnisjen n\u00eb dat\u00ebn 20 dhjetor, dit\u00eb e cila p\u00ebrkon me t\u00eb kremten e Sh\u00ebn Ignat Hyjmbajt\u00ebsit,<\/p>\n","protected":false},"author":1,"featured_media":0,"comment_status":"open","ping_status":"open","sticky":false,"template":"","format":"standard","meta":{"_acf_changed":false,"pagelayer_contact_templates":[],"_pagelayer_content":"","inline_featured_image":false,"fifu_image_url":"","fifu_image_alt":"","footnotes":""},"categories":[108],"tags":[142,157,192,212,197],"class_list":["post-310","post","type-post","status-publish","format-standard","hentry","category-lajme","tag-142","tag-kremtime","tag-krishtlindje","tag-lajme-d27","tag-berat"],"acf":[],"yoast_head":"<!-- This site is optimized with the Yoast SEO plugin v27.2 - https:\/\/yoast.com\/product\/yoast-seo-wordpress\/ -->\n<title>Berat, festohet me madh\u00ebshti Krishtlindja. (25 Dhjetor 2012) - Kisha Orthodh\u03bfkse Autoqefale e Shqip\u00ebris\u00eb<\/title>\n<meta name=\"robots\" content=\"index, follow, max-snippet:-1, max-image-preview:large, max-video-preview:-1\" \/>\n<link rel=\"canonical\" href=\"https:\/\/orthodoxalbania.org\/2020\/2013\/03\/21\/berat-festohet-me-madheshti-krishtlindja\/\" \/>\n<meta property=\"og:locale\" content=\"en_US\" \/>\n<meta property=\"og:type\" content=\"article\" \/>\n<meta property=\"og:title\" content=\"Berat, festohet me madh\u00ebshti Krishtlindja. (25 Dhjetor 2012) - Kisha Orthodh\u03bfkse Autoqefale e Shqip\u00ebris\u00eb\" \/>\n<meta property=\"og:description\" content=\"&nbsp;&nbsp;&nbsp; Erdh\u00ebn edhe k\u00ebt\u00eb vit Krishtlindjet! Urimet e Sh\u00ebn Joan Gojartit \u201cEjani t\u00eb kremtojm\u00eb, ejani t\u00eb festojm\u00eb\u201d ishin refreni i nj\u00eb s\u00ebr\u00eb sh\u00ebrbesash kishtare dhe aktiviteteve mbresl\u00ebn\u00ebse kulturore t\u00eb organizuara nga Mitropolia e Hirshme e Beratit n\u00eb k\u00ebto dit\u00eb festive. &nbsp;&nbsp;&nbsp; Prej vitesh tashm\u00eb, festat e fundvitit e kan\u00eb pik\u00ebnisjen n\u00eb dat\u00ebn 20 dhjetor, dit\u00eb e cila p\u00ebrkon me t\u00eb kremten e Sh\u00ebn Ignat Hyjmbajt\u00ebsit,\" \/>\n<meta property=\"og:url\" content=\"https:\/\/orthodoxalbania.org\/2020\/2013\/03\/21\/berat-festohet-me-madheshti-krishtlindja\/\" \/>\n<meta property=\"og:site_name\" content=\"Kisha Orthodh\u03bfkse Autoqefale e Shqip\u00ebris\u00eb\" \/>\n<meta property=\"article:publisher\" content=\"https:\/\/www.facebook.com\/koash1991\" \/>\n<meta property=\"article:published_time\" content=\"2013-03-21T12:41:17+00:00\" \/>\n<meta property=\"article:modified_time\" content=\"2020-04-06T20:05:52+00:00\" \/>\n<meta property=\"og:image\" content=\"https:\/\/lh5.googleusercontent.com\/-4ckVSJTWd2o\/UOFnZEInfXI\/AAAAAAAABs8\/M_n7sF06sWA\/s640\/3.jpg\" \/>\n<meta name=\"author\" content=\"Kisha Orthodhokse\" \/>\n<meta name=\"twitter:card\" content=\"summary_large_image\" \/>\n<meta name=\"twitter:label1\" content=\"Written by\" \/>\n\t<meta name=\"twitter:data1\" content=\"Kisha Orthodhokse\" \/>\n\t<meta name=\"twitter:label2\" content=\"Est. reading time\" \/>\n\t<meta name=\"twitter:data2\" content=\"4 minutes\" \/>\n<script type=\"application\/ld+json\" class=\"yoast-schema-graph\">{\"@context\":\"https:\/\/schema.org\",\"@graph\":[{\"@type\":\"Article\",\"@id\":\"https:\/\/orthodoxalbania.org\/2020\/2013\/03\/21\/berat-festohet-me-madheshti-krishtlindja\/#article\",\"isPartOf\":{\"@id\":\"https:\/\/orthodoxalbania.org\/2020\/2013\/03\/21\/berat-festohet-me-madheshti-krishtlindja\/\"},\"author\":{\"name\":\"Kisha Orthodhokse\",\"@id\":\"https:\/\/orthodoxalbania.org\/2020\/#\/schema\/person\/0c387634a7063ac612d7ed9ce71c7e86\"},\"headline\":\"Berat, festohet me madh\u00ebshti Krishtlindja. (25 Dhjetor 2012)\",\"datePublished\":\"2013-03-21T12:41:17+00:00\",\"dateModified\":\"2020-04-06T20:05:52+00:00\",\"mainEntityOfPage\":{\"@id\":\"https:\/\/orthodoxalbania.org\/2020\/2013\/03\/21\/berat-festohet-me-madheshti-krishtlindja\/\"},\"wordCount\":791,\"commentCount\":0,\"publisher\":{\"@id\":\"https:\/\/orthodoxalbania.org\/2020\/#organization\"},\"image\":{\"@id\":\"https:\/\/orthodoxalbania.org\/2020\/2013\/03\/21\/berat-festohet-me-madheshti-krishtlindja\/#primaryimage\"},\"thumbnailUrl\":\"https:\/\/lh5.googleusercontent.com\/-4ckVSJTWd2o\/UOFnZEInfXI\/AAAAAAAABs8\/M_n7sF06sWA\/s640\/3.jpg\",\"keywords\":[\"2012\",\"Kremtime\",\"Krishtlindje\",\"lajme\",\"Mitropolia Berat\"],\"articleSection\":[\"Lajme\"],\"inLanguage\":\"en-US\"},{\"@type\":\"WebPage\",\"@id\":\"https:\/\/orthodoxalbania.org\/2020\/2013\/03\/21\/berat-festohet-me-madheshti-krishtlindja\/\",\"url\":\"https:\/\/orthodoxalbania.org\/2020\/2013\/03\/21\/berat-festohet-me-madheshti-krishtlindja\/\",\"name\":\"Berat, festohet me madh\u00ebshti Krishtlindja. (25 Dhjetor 2012) - Kisha Orthodh\u03bfkse Autoqefale e Shqip\u00ebris\u00eb\",\"isPartOf\":{\"@id\":\"https:\/\/orthodoxalbania.org\/2020\/#website\"},\"primaryImageOfPage\":{\"@id\":\"https:\/\/orthodoxalbania.org\/2020\/2013\/03\/21\/berat-festohet-me-madheshti-krishtlindja\/#primaryimage\"},\"image\":{\"@id\":\"https:\/\/orthodoxalbania.org\/2020\/2013\/03\/21\/berat-festohet-me-madheshti-krishtlindja\/#primaryimage\"},\"thumbnailUrl\":\"https:\/\/lh5.googleusercontent.com\/-4ckVSJTWd2o\/UOFnZEInfXI\/AAAAAAAABs8\/M_n7sF06sWA\/s640\/3.jpg\",\"datePublished\":\"2013-03-21T12:41:17+00:00\",\"dateModified\":\"2020-04-06T20:05:52+00:00\",\"breadcrumb\":{\"@id\":\"https:\/\/orthodoxalbania.org\/2020\/2013\/03\/21\/berat-festohet-me-madheshti-krishtlindja\/#breadcrumb\"},\"inLanguage\":\"en-US\",\"potentialAction\":[{\"@type\":\"ReadAction\",\"target\":[\"https:\/\/orthodoxalbania.org\/2020\/2013\/03\/21\/berat-festohet-me-madheshti-krishtlindja\/\"]}]},{\"@type\":\"ImageObject\",\"inLanguage\":\"en-US\",\"@id\":\"https:\/\/orthodoxalbania.org\/2020\/2013\/03\/21\/berat-festohet-me-madheshti-krishtlindja\/#primaryimage\",\"url\":\"https:\/\/lh5.googleusercontent.com\/-4ckVSJTWd2o\/UOFnZEInfXI\/AAAAAAAABs8\/M_n7sF06sWA\/s640\/3.jpg\",\"contentUrl\":\"https:\/\/lh5.googleusercontent.com\/-4ckVSJTWd2o\/UOFnZEInfXI\/AAAAAAAABs8\/M_n7sF06sWA\/s640\/3.jpg\"},{\"@type\":\"BreadcrumbList\",\"@id\":\"https:\/\/orthodoxalbania.org\/2020\/2013\/03\/21\/berat-festohet-me-madheshti-krishtlindja\/#breadcrumb\",\"itemListElement\":[{\"@type\":\"ListItem\",\"position\":1,\"name\":\"Home\",\"item\":\"https:\/\/orthodoxalbania.org\/2020\/\"},{\"@type\":\"ListItem\",\"position\":2,\"name\":\"Berat, festohet me madh\u00ebshti Krishtlindja. (25 Dhjetor 2012)\"}]},{\"@type\":\"WebSite\",\"@id\":\"https:\/\/orthodoxalbania.org\/2020\/#website\",\"url\":\"https:\/\/orthodoxalbania.org\/2020\/\",\"name\":\"Kisha Orthodh\u03bfkse Autoqefale e Shqip\u00ebris\u00eb\",\"description\":\"Fqja Zyrtare e Kish\u00ebs Orthodhokse Autoqefale e Shqip\u00ebris\u00eb me lajmet edhe informacionet zyrtare p\u00ebr struktur\u00ebn edhe veprimtarin e saj.\",\"publisher\":{\"@id\":\"https:\/\/orthodoxalbania.org\/2020\/#organization\"},\"potentialAction\":[{\"@type\":\"SearchAction\",\"target\":{\"@type\":\"EntryPoint\",\"urlTemplate\":\"https:\/\/orthodoxalbania.org\/2020\/?s={search_term_string}\"},\"query-input\":{\"@type\":\"PropertyValueSpecification\",\"valueRequired\":true,\"valueName\":\"search_term_string\"}}],\"inLanguage\":\"en-US\"},{\"@type\":\"Organization\",\"@id\":\"https:\/\/orthodoxalbania.org\/2020\/#organization\",\"name\":\"Kisha Orthodhokse Autoqefale e Shqip\u00ebris\u00eb\",\"url\":\"https:\/\/orthodoxalbania.org\/2020\/\",\"logo\":{\"@type\":\"ImageObject\",\"inLanguage\":\"en-US\",\"@id\":\"https:\/\/orthodoxalbania.org\/2020\/#\/schema\/logo\/image\/\",\"url\":\"https:\/\/orthodoxalbania.org\/2020\/wp-content\/uploads\/2020\/05\/albania.jpeg\",\"contentUrl\":\"https:\/\/orthodoxalbania.org\/2020\/wp-content\/uploads\/2020\/05\/albania.jpeg\",\"width\":540,\"height\":540,\"caption\":\"Kisha Orthodhokse Autoqefale e Shqip\u00ebris\u00eb\"},\"image\":{\"@id\":\"https:\/\/orthodoxalbania.org\/2020\/#\/schema\/logo\/image\/\"},\"sameAs\":[\"https:\/\/www.facebook.com\/koash1991\"]},{\"@type\":\"Person\",\"@id\":\"https:\/\/orthodoxalbania.org\/2020\/#\/schema\/person\/0c387634a7063ac612d7ed9ce71c7e86\",\"name\":\"Kisha Orthodhokse\",\"image\":{\"@type\":\"ImageObject\",\"inLanguage\":\"en-US\",\"@id\":\"https:\/\/secure.gravatar.com\/avatar\/596e7c417251e30f2fbb9c00e026fce61a695a00e51c889caded71c96cbbdde5?s=96&d=mm&r=g\",\"url\":\"https:\/\/secure.gravatar.com\/avatar\/596e7c417251e30f2fbb9c00e026fce61a695a00e51c889caded71c96cbbdde5?s=96&d=mm&r=g\",\"contentUrl\":\"https:\/\/secure.gravatar.com\/avatar\/596e7c417251e30f2fbb9c00e026fce61a695a00e51c889caded71c96cbbdde5?s=96&d=mm&r=g\",\"caption\":\"Kisha Orthodhokse\"}}]}<\/script>\n<!-- \/ Yoast SEO plugin. -->","yoast_head_json":{"title":"Berat, festohet me madh\u00ebshti Krishtlindja. (25 Dhjetor 2012) - Kisha Orthodh\u03bfkse Autoqefale e Shqip\u00ebris\u00eb","robots":{"index":"index","follow":"follow","max-snippet":"max-snippet:-1","max-image-preview":"max-image-preview:large","max-video-preview":"max-video-preview:-1"},"canonical":"https:\/\/orthodoxalbania.org\/2020\/2013\/03\/21\/berat-festohet-me-madheshti-krishtlindja\/","og_locale":"en_US","og_type":"article","og_title":"Berat, festohet me madh\u00ebshti Krishtlindja. (25 Dhjetor 2012) - Kisha Orthodh\u03bfkse Autoqefale e Shqip\u00ebris\u00eb","og_description":"&nbsp;&nbsp;&nbsp; Erdh\u00ebn edhe k\u00ebt\u00eb vit Krishtlindjet! Urimet e Sh\u00ebn Joan Gojartit \u201cEjani t\u00eb kremtojm\u00eb, ejani t\u00eb festojm\u00eb\u201d ishin refreni i nj\u00eb s\u00ebr\u00eb sh\u00ebrbesash kishtare dhe aktiviteteve mbresl\u00ebn\u00ebse kulturore t\u00eb organizuara nga Mitropolia e Hirshme e Beratit n\u00eb k\u00ebto dit\u00eb festive. &nbsp;&nbsp;&nbsp; Prej vitesh tashm\u00eb, festat e fundvitit e kan\u00eb pik\u00ebnisjen n\u00eb dat\u00ebn 20 dhjetor, dit\u00eb e cila p\u00ebrkon me t\u00eb kremten e Sh\u00ebn Ignat Hyjmbajt\u00ebsit,","og_url":"https:\/\/orthodoxalbania.org\/2020\/2013\/03\/21\/berat-festohet-me-madheshti-krishtlindja\/","og_site_name":"Kisha Orthodh\u03bfkse Autoqefale e Shqip\u00ebris\u00eb","article_publisher":"https:\/\/www.facebook.com\/koash1991","article_published_time":"2013-03-21T12:41:17+00:00","article_modified_time":"2020-04-06T20:05:52+00:00","og_image":[{"url":"https:\/\/lh5.googleusercontent.com\/-4ckVSJTWd2o\/UOFnZEInfXI\/AAAAAAAABs8\/M_n7sF06sWA\/s640\/3.jpg","type":"","width":"","height":""}],"author":"Kisha Orthodhokse","twitter_card":"summary_large_image","twitter_misc":{"Written by":"Kisha Orthodhokse","Est. reading time":"4 minutes"},"schema":{"@context":"https:\/\/schema.org","@graph":[{"@type":"Article","@id":"https:\/\/orthodoxalbania.org\/2020\/2013\/03\/21\/berat-festohet-me-madheshti-krishtlindja\/#article","isPartOf":{"@id":"https:\/\/orthodoxalbania.org\/2020\/2013\/03\/21\/berat-festohet-me-madheshti-krishtlindja\/"},"author":{"name":"Kisha Orthodhokse","@id":"https:\/\/orthodoxalbania.org\/2020\/#\/schema\/person\/0c387634a7063ac612d7ed9ce71c7e86"},"headline":"Berat, festohet me madh\u00ebshti Krishtlindja. (25 Dhjetor 2012)","datePublished":"2013-03-21T12:41:17+00:00","dateModified":"2020-04-06T20:05:52+00:00","mainEntityOfPage":{"@id":"https:\/\/orthodoxalbania.org\/2020\/2013\/03\/21\/berat-festohet-me-madheshti-krishtlindja\/"},"wordCount":791,"commentCount":0,"publisher":{"@id":"https:\/\/orthodoxalbania.org\/2020\/#organization"},"image":{"@id":"https:\/\/orthodoxalbania.org\/2020\/2013\/03\/21\/berat-festohet-me-madheshti-krishtlindja\/#primaryimage"},"thumbnailUrl":"https:\/\/lh5.googleusercontent.com\/-4ckVSJTWd2o\/UOFnZEInfXI\/AAAAAAAABs8\/M_n7sF06sWA\/s640\/3.jpg","keywords":["2012","Kremtime","Krishtlindje","lajme","Mitropolia Berat"],"articleSection":["Lajme"],"inLanguage":"en-US"},{"@type":"WebPage","@id":"https:\/\/orthodoxalbania.org\/2020\/2013\/03\/21\/berat-festohet-me-madheshti-krishtlindja\/","url":"https:\/\/orthodoxalbania.org\/2020\/2013\/03\/21\/berat-festohet-me-madheshti-krishtlindja\/","name":"Berat, festohet me madh\u00ebshti Krishtlindja. (25 Dhjetor 2012) - Kisha Orthodh\u03bfkse Autoqefale e Shqip\u00ebris\u00eb","isPartOf":{"@id":"https:\/\/orthodoxalbania.org\/2020\/#website"},"primaryImageOfPage":{"@id":"https:\/\/orthodoxalbania.org\/2020\/2013\/03\/21\/berat-festohet-me-madheshti-krishtlindja\/#primaryimage"},"image":{"@id":"https:\/\/orthodoxalbania.org\/2020\/2013\/03\/21\/berat-festohet-me-madheshti-krishtlindja\/#primaryimage"},"thumbnailUrl":"https:\/\/lh5.googleusercontent.com\/-4ckVSJTWd2o\/UOFnZEInfXI\/AAAAAAAABs8\/M_n7sF06sWA\/s640\/3.jpg","datePublished":"2013-03-21T12:41:17+00:00","dateModified":"2020-04-06T20:05:52+00:00","breadcrumb":{"@id":"https:\/\/orthodoxalbania.org\/2020\/2013\/03\/21\/berat-festohet-me-madheshti-krishtlindja\/#breadcrumb"},"inLanguage":"en-US","potentialAction":[{"@type":"ReadAction","target":["https:\/\/orthodoxalbania.org\/2020\/2013\/03\/21\/berat-festohet-me-madheshti-krishtlindja\/"]}]},{"@type":"ImageObject","inLanguage":"en-US","@id":"https:\/\/orthodoxalbania.org\/2020\/2013\/03\/21\/berat-festohet-me-madheshti-krishtlindja\/#primaryimage","url":"https:\/\/lh5.googleusercontent.com\/-4ckVSJTWd2o\/UOFnZEInfXI\/AAAAAAAABs8\/M_n7sF06sWA\/s640\/3.jpg","contentUrl":"https:\/\/lh5.googleusercontent.com\/-4ckVSJTWd2o\/UOFnZEInfXI\/AAAAAAAABs8\/M_n7sF06sWA\/s640\/3.jpg"},{"@type":"BreadcrumbList","@id":"https:\/\/orthodoxalbania.org\/2020\/2013\/03\/21\/berat-festohet-me-madheshti-krishtlindja\/#breadcrumb","itemListElement":[{"@type":"ListItem","position":1,"name":"Home","item":"https:\/\/orthodoxalbania.org\/2020\/"},{"@type":"ListItem","position":2,"name":"Berat, festohet me madh\u00ebshti Krishtlindja. (25 Dhjetor 2012)"}]},{"@type":"WebSite","@id":"https:\/\/orthodoxalbania.org\/2020\/#website","url":"https:\/\/orthodoxalbania.org\/2020\/","name":"Kisha Orthodh\u03bfkse Autoqefale e Shqip\u00ebris\u00eb","description":"Fqja Zyrtare e Kish\u00ebs Orthodhokse Autoqefale e Shqip\u00ebris\u00eb me lajmet edhe informacionet zyrtare p\u00ebr struktur\u00ebn edhe veprimtarin e saj.","publisher":{"@id":"https:\/\/orthodoxalbania.org\/2020\/#organization"},"potentialAction":[{"@type":"SearchAction","target":{"@type":"EntryPoint","urlTemplate":"https:\/\/orthodoxalbania.org\/2020\/?s={search_term_string}"},"query-input":{"@type":"PropertyValueSpecification","valueRequired":true,"valueName":"search_term_string"}}],"inLanguage":"en-US"},{"@type":"Organization","@id":"https:\/\/orthodoxalbania.org\/2020\/#organization","name":"Kisha Orthodhokse Autoqefale e Shqip\u00ebris\u00eb","url":"https:\/\/orthodoxalbania.org\/2020\/","logo":{"@type":"ImageObject","inLanguage":"en-US","@id":"https:\/\/orthodoxalbania.org\/2020\/#\/schema\/logo\/image\/","url":"https:\/\/orthodoxalbania.org\/2020\/wp-content\/uploads\/2020\/05\/albania.jpeg","contentUrl":"https:\/\/orthodoxalbania.org\/2020\/wp-content\/uploads\/2020\/05\/albania.jpeg","width":540,"height":540,"caption":"Kisha Orthodhokse Autoqefale e Shqip\u00ebris\u00eb"},"image":{"@id":"https:\/\/orthodoxalbania.org\/2020\/#\/schema\/logo\/image\/"},"sameAs":["https:\/\/www.facebook.com\/koash1991"]},{"@type":"Person","@id":"https:\/\/orthodoxalbania.org\/2020\/#\/schema\/person\/0c387634a7063ac612d7ed9ce71c7e86","name":"Kisha Orthodhokse","image":{"@type":"ImageObject","inLanguage":"en-US","@id":"https:\/\/secure.gravatar.com\/avatar\/596e7c417251e30f2fbb9c00e026fce61a695a00e51c889caded71c96cbbdde5?s=96&d=mm&r=g","url":"https:\/\/secure.gravatar.com\/avatar\/596e7c417251e30f2fbb9c00e026fce61a695a00e51c889caded71c96cbbdde5?s=96&d=mm&r=g","contentUrl":"https:\/\/secure.gravatar.com\/avatar\/596e7c417251e30f2fbb9c00e026fce61a695a00e51c889caded71c96cbbdde5?s=96&d=mm&r=g","caption":"Kisha Orthodhokse"}}]}},"_links":{"self":[{"href":"https:\/\/orthodoxalbania.org\/2020\/wp-json\/wp\/v2\/posts\/310","targetHints":{"allow":["GET"]}}],"collection":[{"href":"https:\/\/orthodoxalbania.org\/2020\/wp-json\/wp\/v2\/posts"}],"about":[{"href":"https:\/\/orthodoxalbania.org\/2020\/wp-json\/wp\/v2\/types\/post"}],"author":[{"embeddable":true,"href":"https:\/\/orthodoxalbania.org\/2020\/wp-json\/wp\/v2\/users\/1"}],"replies":[{"embeddable":true,"href":"https:\/\/orthodoxalbania.org\/2020\/wp-json\/wp\/v2\/comments?post=310"}],"version-history":[{"count":1,"href":"https:\/\/orthodoxalbania.org\/2020\/wp-json\/wp\/v2\/posts\/310\/revisions"}],"predecessor-version":[{"id":15265,"href":"https:\/\/orthodoxalbania.org\/2020\/wp-json\/wp\/v2\/posts\/310\/revisions\/15265"}],"wp:attachment":[{"href":"https:\/\/orthodoxalbania.org\/2020\/wp-json\/wp\/v2\/media?parent=310"}],"wp:term":[{"taxonomy":"category","embeddable":true,"href":"https:\/\/orthodoxalbania.org\/2020\/wp-json\/wp\/v2\/categories?post=310"},{"taxonomy":"post_tag","embeddable":true,"href":"https:\/\/orthodoxalbania.org\/2020\/wp-json\/wp\/v2\/tags?post=310"}],"curies":[{"name":"wp","href":"https:\/\/api.w.org\/{rel}","templated":true}]}}