{"id":308,"date":"2007-02-26T00:00:00","date_gmt":"2007-02-26T00:00:00","guid":{"rendered":""},"modified":"2020-04-06T22:35:54","modified_gmt":"2020-04-06T20:35:54","slug":"berat-festohet-e-kremtja-e-theofanise-janar-07","status":"publish","type":"post","link":"https:\/\/orthodoxalbania.org\/2020\/2007\/02\/26\/berat-festohet-e-kremtja-e-theofanise-janar-07\/","title":{"rendered":"Berat &#8211; festohet e kremtja e Theofanis\u00eb. (6 Janar 2007)"},"content":{"rendered":"<table id=\"AutoNumber3\" border=\"0\">\n<tbody>\n<tr>\n<td colspan=\"2\">\n<div style=\"text-align: justify;\"><span style=\"color: #000000; font-size: 12pt; font-family: helvetica;\">&nbsp;&nbsp;&nbsp; Edhe pas nj\u00eb viti festa e Epifanis\u00eb s\u00eb Zotit ton\u00eb Jisu Krisht ose e quajtur ndryshe edhe e Theofanis\u00eb i gjeti beratasit t\u00eb mbledhur aty pran\u00eb Osumit, duke pritur me padurim bekimin e uj\u00ebrave dhe hedhjen e Kryqit t\u00eb Nderuar n\u00eb lum. Kjo \u00ebsht\u00eb nj\u00eb nga festat m\u00eb t\u00eb m\u00ebdha t\u00eb vitit, sepse p\u00ebrfshin gjith\u00eb qytetin dhe qytetar\u00eb t\u00eb t\u00eb gjitha besimeve fetare, si n\u00eb nj\u00eb fest\u00eb popullore.<\/span><\/div>\n<\/td>\n<\/tr>\n<tr>\n<td>\n<div style=\"text-align: justify;\"><span style=\"color: #000000; font-size: 12pt; font-family: helvetica;\">&nbsp;&nbsp;&nbsp; Kremtimi nis n\u00eb t\u00eb aguar t\u00eb dat\u00ebs 6, kur besimtar\u00eb t\u00eb shumt\u00eb nga t\u00eb gjitha lagjet e Beratit i drejtohen kish\u00ebs s\u00eb Sh\u00ebn Spiridhonit. Ndalesa e par\u00eb \u00ebsht\u00eb aty tek ikonat e Sh\u00ebn Spiridhonit dhe m\u00eb pas n\u00eb ndjekjen e Liturgjis\u00eb Hyjnore. M\u00eb pas njer\u00ebzit mbushin rrug\u00ebt q\u00eb t\u00eb drejtojn\u00eb n\u00eb ur\u00ebn e vjet\u00ebr t\u00eb Gorric\u00ebs, ku hidhet dhe kryqi.<\/span><\/div>\n<\/td>\n<td>\n<div><span style=\"color: #000000; font-size: 12pt; font-family: helvetica;\"><img decoding=\"async\" class=\"lazyload HAa Eha\" style=\"border-width: 1px; border-style: solid; margin: 10px auto; display: block;\" alt=\"\" src=\"data:image\/gif;base64,R0lGODlhAQABAAAAACH5BAEKAAEALAAAAAABAAEAAAICTAEAOw==\" data-orig-src=\"https:\/\/lh6.googleusercontent.com\/-lawO1GM5yFs\/VIg3Qnc3CLI\/AAAAAAAAF9w\/B1OFlrESu-8\/w370-h278-no\/untitled1.jpg\" \/><\/span><\/div>\n<\/td>\n<\/tr>\n<tr>\n<td>\n<div><span style=\"color: #000000; font-size: 12pt; font-family: helvetica;\"><img decoding=\"async\" class=\"lazyload HAa Eha\" style=\"border-width: 1px; border-style: solid; margin: 10px auto; display: block;\" alt=\"\" src=\"data:image\/gif;base64,R0lGODlhAQABAAAAACH5BAEKAAEALAAAAAABAAEAAAICTAEAOw==\" data-orig-src=\"https:\/\/lh5.googleusercontent.com\/-7Scr89Vb6tI\/VIg3QgUGWKI\/AAAAAAAAF-g\/65wBlDD3cDk\/w370-h278-no\/untitled2.jpg\" \/><\/span><\/div>\n<\/td>\n<td>\n<div style=\"text-align: justify;\"><span style=\"color: #000000; font-size: 12pt; font-family: helvetica;\">&nbsp;&nbsp;&nbsp; N\u00eb fakt, n\u00ebse d\u00ebshiron q\u00eb t\u00eb shikosh litanin\u00eb q\u00eb nis q\u00eb nga kisha dhe p\u00ebrfundon aty tek ura, duhet t\u00eb z\u00ebsh vend q\u00eb her\u00ebt, sepse sokak\u00ebt, rrug\u00ebt dhe an\u00ebt e lumit jan\u00eb mbushur plot me njer\u00ebz.<\/span><\/div>\n<\/td>\n<\/tr>\n<tr>\n<td>\n<div style=\"text-align: justify;\"><span style=\"color: #000000; font-size: 12pt; font-family: helvetica;\">&nbsp;&nbsp;&nbsp; Liturgjia Hyjnore u celebrua nga Mitropoliti i Beratit Ignati, nga at\u00eb Petraq Simsia dhe nga dhjakon\u00ebt Dhimit\u00ebr Loshi e Niko Lushi.<\/span><\/div>\n<\/td>\n<td>\n<div style=\"text-align: justify;\"><span style=\"font-size: 12pt; font-family: helvetica;\"><\/span><\/div>\n<p><span style=\"color: #000000; font-size: 12pt; font-family: helvetica;\"><img decoding=\"async\" class=\"lazyload HAa Eha\" style=\"border-width: 1px; border-style: solid; margin: 10px auto; display: block;\" alt=\"\" src=\"data:image\/gif;base64,R0lGODlhAQABAAAAACH5BAEKAAEALAAAAAABAAEAAAICTAEAOw==\" data-orig-src=\"https:\/\/lh4.googleusercontent.com\/-hs6wuPF911A\/VIg3Q0lO94I\/AAAAAAAAF94\/hJbel3QLKTw\/w370-h278-no\/untitled3.jpg\" \/><\/span><\/p>\n<\/td>\n<\/tr>\n<tr>\n<td>\n<div style=\"text-align: justify;\"><span style=\"font-size: 12pt; font-family: helvetica;\"><\/span><\/div>\n<p><span style=\"color: #000000; font-size: 12pt; font-family: helvetica;\"><img decoding=\"async\" class=\"lazyload HAa Eha\" style=\"border-width: 1px; border-style: solid; margin: 10px auto; display: block;\" alt=\"\" src=\"data:image\/gif;base64,R0lGODlhAQABAAAAACH5BAEKAAEALAAAAAABAAEAAAICTAEAOw==\" data-orig-src=\"https:\/\/lh4.googleusercontent.com\/-eCEREmzstBI\/VIg3RKd9HJI\/AAAAAAAAF-Q\/M29uYCDO0ak\/w370-h278-no\/untitled4.jpg\" \/><\/span><\/p>\n<\/td>\n<td>\n<div style=\"text-align: justify;\"><span style=\"color: #000000; font-size: 12pt; font-family: helvetica;\">&nbsp;&nbsp;&nbsp; Duke folur p\u00ebr r\u00ebnd\u00ebsin\u00eb e madhe q\u00eb ka kjo dit\u00eb p\u00ebr gjith\u00eb Orthodhoksin\u00eb Imzot Ignati u ndal gjer\u00ebsisht n\u00eb Theofanin\u00eb dhe n\u00eb Trinitetin e Per\u00ebndis\u00eb son\u00eb e tha se e gjith\u00eb doktrina e Kish\u00ebs son\u00eb mb\u00ebshtetet mbi k\u00ebt\u00eb t\u00eb v\u00ebrtet\u00eb, pra n\u00eb Trinitetin e Per\u00ebndis\u00eb, n\u00eb k\u00ebt\u00eb m\u00ebnyr\u00eb shfaq i plot\u00eb dhe hapur besimi yn\u00eb.<\/span><\/div>\n<\/td>\n<\/tr>\n<tr>\n<td>\n<div style=\"text-align: justify;\"><span style=\"color: #000000; font-size: 12pt; font-family: helvetica;\">&nbsp;&nbsp;&nbsp; Pas Liturgjis\u00eb Hyjnore u krye Sh\u00ebrbesa e Bekimit t\u00eb Madh t\u00eb Ujit e n\u00eb vazhdim t\u00eb gjith\u00eb me n\u00eb krye bariun e tyre Imzot Ignatin, duke psalur p\u00ebrl\u00ebshoren e Theofanis\u00eb, u drejtuan p\u00ebr n\u00eb Ur\u00ebn e Gorric\u00ebs ku n\u00eb pranin\u00eb e mij\u00ebra besimtar\u00ebve dhe t\u00eb pushtetit lokal Imzot Ignati pasi bekoi hodhi Kryqin e Nderuar n\u00eb uj\u00ebrat e lumit Osum.<\/span><\/div>\n<\/td>\n<td>\n<div style=\"text-align: justify;\"><span style=\"font-size: 12pt; font-family: helvetica;\"><\/span><\/div>\n<p><span style=\"color: #000000; font-size: 12pt; font-family: helvetica;\"><img decoding=\"async\" class=\"lazyload HAa Eha\" style=\"border-width: 1px; border-style: solid; margin: 10px auto; display: block;\" alt=\"\" src=\"data:image\/gif;base64,R0lGODlhAQABAAAAACH5BAEKAAEALAAAAAABAAEAAAICTAEAOw==\" data-orig-src=\"https:\/\/lh5.googleusercontent.com\/-HyRZi5t2U38\/VIg3ReEP1CI\/AAAAAAAAF-U\/9VV3T9Mk79M\/w370-h278-no\/untitled5.jpg\" \/><\/span><\/p>\n<\/td>\n<\/tr>\n<tr>\n<td dir=\"ltr\">\n<div style=\"text-align: justify;\"><span style=\"font-size: 12pt; font-family: helvetica;\"><\/span><\/div>\n<p><span style=\"color: #000000; font-size: 12pt; font-family: helvetica;\"><img decoding=\"async\" class=\"lazyload HAa Eha\" style=\"border-width: 1px; border-style: solid; margin: 10px auto; display: block;\" alt=\"\" src=\"data:image\/gif;base64,R0lGODlhAQABAAAAACH5BAEKAAEALAAAAAABAAEAAAICTAEAOw==\" data-orig-src=\"https:\/\/lh4.googleusercontent.com\/-gd-re4rfbsc\/VIg3Rz_a8MI\/AAAAAAAAF-I\/fqcy5AB_Ql8\/w370-h278-no\/untitled6.jpg\" \/><\/span><\/p>\n<\/td>\n<td dir=\"ltr\">\n<div style=\"text-align: justify;\"><span style=\"color: #000000; font-size: 12pt; font-family: helvetica;\">&nbsp;&nbsp;&nbsp; Menj\u00ebher\u00eb u hodh\u00ebn disa t\u00eb rinj sipas tradit\u00ebs, p\u00ebr t\u00eb kapur kryqin. M\u00eb pas t\u00eb shoq\u00ebruar nga psalt\u00ebt dhe populli t\u00eb gjith\u00eb u kthyen n\u00eb kish\u00ebn e Sh\u00ebn Spiridhonit ku dhe u mbyll sh\u00ebrbesa.<\/span><\/div>\n<\/td>\n<\/tr>\n<tr>\n<td dir=\"ltr\">\n<p><span style=\"color: #000000; font-size: 12pt; font-family: helvetica;\"><img decoding=\"async\" class=\"lazyload HAa Eha\" style=\"margin: 10px auto; display: block; border: 1px solid;\" alt=\"\" src=\"data:image\/svg+xml,%3Csvg%20xmlns%3D%27http%3A%2F%2Fwww.w3.org%2F2000%2Fsvg%27%20width%3D%27350%27%20height%3D%27263%27%20viewBox%3D%270%200%20350%20263%27%3E%3Crect%20width%3D%27350%27%20height%3D%27263%27%20fill-opacity%3D%220%22%2F%3E%3C%2Fsvg%3E\" data-orig-src=\"https:\/\/lh5.googleusercontent.com\/-dL933IsOhNQ\/VIg3SCseD3I\/AAAAAAAAF-M\/ALoLfNXSBNI\/w370-h278-no\/untitled7.jpg\" height=\"263\" width=\"350\" \/><\/span><\/p>\n<\/td>\n<td dir=\"ltr\">\n<div><span style=\"color: #000000; font-size: 12pt; font-family: helvetica;\"><img decoding=\"async\" class=\"lazyload HAa Eha\" style=\"margin: 10px auto; display: block; border: 1px solid;\" alt=\"\" src=\"data:image\/svg+xml,%3Csvg%20xmlns%3D%27http%3A%2F%2Fwww.w3.org%2F2000%2Fsvg%27%20width%3D%27350%27%20height%3D%27263%27%20viewBox%3D%270%200%20350%20263%27%3E%3Crect%20width%3D%27350%27%20height%3D%27263%27%20fill-opacity%3D%220%22%2F%3E%3C%2Fsvg%3E\" data-orig-src=\"https:\/\/lh5.googleusercontent.com\/-30YGamcBYSU\/VIg3Tavp-tI\/AAAAAAAAF-s\/nOub5sfrtYo\/w370-h278-no\/untitled8.jpg\" height=\"263\" width=\"350\" \/><\/span><\/div>\n<\/td>\n<\/tr>\n<\/tbody>\n<\/table>\n<p>&nbsp;<\/p>\n","protected":false},"excerpt":{"rendered":"<p>&nbsp;&nbsp;&nbsp; Edhe pas nj\u00eb viti festa e Epifanis\u00eb s\u00eb Zotit ton\u00eb Jisu Krisht ose e quajtur ndryshe edhe e Theofanis\u00eb i gjeti beratasit t\u00eb mbledhur aty pran\u00eb Osumit, duke pritur me padurim bekimin e uj\u00ebrave dhe hedhjen e Kryqit t\u00eb Nderuar n\u00eb lum. Kjo \u00ebsht\u00eb nj\u00eb nga festat m\u00eb t\u00eb m\u00ebdha t\u00eb vitit, sepse p\u00ebrfshin gjith\u00eb qytetin dhe qytetar\u00eb t\u00eb t\u00eb gjitha besimeve fetare, si<\/p>\n","protected":false},"author":1,"featured_media":0,"comment_status":"open","ping_status":"open","sticky":false,"template":"","format":"standard","meta":{"_acf_changed":false,"pagelayer_contact_templates":[],"_pagelayer_content":"","inline_featured_image":false,"fifu_image_url":"","fifu_image_alt":"","footnotes":""},"categories":[108],"tags":[147,157,212,197,193],"class_list":["post-308","post","type-post","status-publish","format-standard","hentry","category-lajme","tag-147","tag-kremtime","tag-lajme-d27","tag-berat","tag-uji-i-bekuar"],"acf":[],"yoast_head":"<!-- This site is optimized with the Yoast SEO plugin v27.2 - https:\/\/yoast.com\/product\/yoast-seo-wordpress\/ -->\n<title>Berat - festohet e kremtja e Theofanis\u00eb. (6 Janar 2007) - Kisha Orthodh\u03bfkse Autoqefale e Shqip\u00ebris\u00eb<\/title>\n<meta name=\"robots\" content=\"index, follow, max-snippet:-1, max-image-preview:large, max-video-preview:-1\" \/>\n<link rel=\"canonical\" href=\"https:\/\/orthodoxalbania.org\/2020\/2007\/02\/26\/berat-festohet-e-kremtja-e-theofanise-janar-07\/\" \/>\n<meta property=\"og:locale\" content=\"en_US\" \/>\n<meta property=\"og:type\" content=\"article\" \/>\n<meta property=\"og:title\" content=\"Berat - festohet e kremtja e Theofanis\u00eb. (6 Janar 2007) - Kisha Orthodh\u03bfkse Autoqefale e Shqip\u00ebris\u00eb\" \/>\n<meta property=\"og:description\" content=\"&nbsp;&nbsp;&nbsp; Edhe pas nj\u00eb viti festa e Epifanis\u00eb s\u00eb Zotit ton\u00eb Jisu Krisht ose e quajtur ndryshe edhe e Theofanis\u00eb i gjeti beratasit t\u00eb mbledhur aty pran\u00eb Osumit, duke pritur me padurim bekimin e uj\u00ebrave dhe hedhjen e Kryqit t\u00eb Nderuar n\u00eb lum. Kjo \u00ebsht\u00eb nj\u00eb nga festat m\u00eb t\u00eb m\u00ebdha t\u00eb vitit, sepse p\u00ebrfshin gjith\u00eb qytetin dhe qytetar\u00eb t\u00eb t\u00eb gjitha besimeve fetare, si\" \/>\n<meta property=\"og:url\" content=\"https:\/\/orthodoxalbania.org\/2020\/2007\/02\/26\/berat-festohet-e-kremtja-e-theofanise-janar-07\/\" \/>\n<meta property=\"og:site_name\" content=\"Kisha Orthodh\u03bfkse Autoqefale e Shqip\u00ebris\u00eb\" \/>\n<meta property=\"article:publisher\" content=\"https:\/\/www.facebook.com\/koash1991\" \/>\n<meta property=\"article:published_time\" content=\"2007-02-26T00:00:00+00:00\" \/>\n<meta property=\"article:modified_time\" content=\"2020-04-06T20:35:54+00:00\" \/>\n<meta property=\"og:image\" content=\"https:\/\/lh6.googleusercontent.com\/-lawO1GM5yFs\/VIg3Qnc3CLI\/AAAAAAAAF9w\/B1OFlrESu-8\/w370-h278-no\/untitled1.jpg\" \/>\n<meta name=\"author\" content=\"Kisha Orthodhokse\" \/>\n<meta name=\"twitter:card\" content=\"summary_large_image\" \/>\n<meta name=\"twitter:label1\" content=\"Written by\" \/>\n\t<meta name=\"twitter:data1\" content=\"Kisha Orthodhokse\" \/>\n\t<meta name=\"twitter:label2\" content=\"Est. reading time\" \/>\n\t<meta name=\"twitter:data2\" content=\"2 minutes\" \/>\n<script type=\"application\/ld+json\" class=\"yoast-schema-graph\">{\"@context\":\"https:\/\/schema.org\",\"@graph\":[{\"@type\":\"Article\",\"@id\":\"https:\/\/orthodoxalbania.org\/2020\/2007\/02\/26\/berat-festohet-e-kremtja-e-theofanise-janar-07\/#article\",\"isPartOf\":{\"@id\":\"https:\/\/orthodoxalbania.org\/2020\/2007\/02\/26\/berat-festohet-e-kremtja-e-theofanise-janar-07\/\"},\"author\":{\"name\":\"Kisha Orthodhokse\",\"@id\":\"https:\/\/orthodoxalbania.org\/2020\/#\/schema\/person\/0c387634a7063ac612d7ed9ce71c7e86\"},\"headline\":\"Berat &#8211; festohet e kremtja e Theofanis\u00eb. (6 Janar 2007)\",\"datePublished\":\"2007-02-26T00:00:00+00:00\",\"dateModified\":\"2020-04-06T20:35:54+00:00\",\"mainEntityOfPage\":{\"@id\":\"https:\/\/orthodoxalbania.org\/2020\/2007\/02\/26\/berat-festohet-e-kremtja-e-theofanise-janar-07\/\"},\"wordCount\":417,\"commentCount\":0,\"publisher\":{\"@id\":\"https:\/\/orthodoxalbania.org\/2020\/#organization\"},\"image\":{\"@id\":\"https:\/\/orthodoxalbania.org\/2020\/2007\/02\/26\/berat-festohet-e-kremtja-e-theofanise-janar-07\/#primaryimage\"},\"thumbnailUrl\":\"https:\/\/lh6.googleusercontent.com\/-lawO1GM5yFs\/VIg3Qnc3CLI\/AAAAAAAAF9w\/B1OFlrESu-8\/w370-h278-no\/untitled1.jpg\",\"keywords\":[\"2007\",\"Kremtime\",\"lajme\",\"Mitropolia Berat\",\"Uji i Bekuar\"],\"articleSection\":[\"Lajme\"],\"inLanguage\":\"en-US\"},{\"@type\":\"WebPage\",\"@id\":\"https:\/\/orthodoxalbania.org\/2020\/2007\/02\/26\/berat-festohet-e-kremtja-e-theofanise-janar-07\/\",\"url\":\"https:\/\/orthodoxalbania.org\/2020\/2007\/02\/26\/berat-festohet-e-kremtja-e-theofanise-janar-07\/\",\"name\":\"Berat - festohet e kremtja e Theofanis\u00eb. (6 Janar 2007) - Kisha Orthodh\u03bfkse Autoqefale e Shqip\u00ebris\u00eb\",\"isPartOf\":{\"@id\":\"https:\/\/orthodoxalbania.org\/2020\/#website\"},\"primaryImageOfPage\":{\"@id\":\"https:\/\/orthodoxalbania.org\/2020\/2007\/02\/26\/berat-festohet-e-kremtja-e-theofanise-janar-07\/#primaryimage\"},\"image\":{\"@id\":\"https:\/\/orthodoxalbania.org\/2020\/2007\/02\/26\/berat-festohet-e-kremtja-e-theofanise-janar-07\/#primaryimage\"},\"thumbnailUrl\":\"https:\/\/lh6.googleusercontent.com\/-lawO1GM5yFs\/VIg3Qnc3CLI\/AAAAAAAAF9w\/B1OFlrESu-8\/w370-h278-no\/untitled1.jpg\",\"datePublished\":\"2007-02-26T00:00:00+00:00\",\"dateModified\":\"2020-04-06T20:35:54+00:00\",\"breadcrumb\":{\"@id\":\"https:\/\/orthodoxalbania.org\/2020\/2007\/02\/26\/berat-festohet-e-kremtja-e-theofanise-janar-07\/#breadcrumb\"},\"inLanguage\":\"en-US\",\"potentialAction\":[{\"@type\":\"ReadAction\",\"target\":[\"https:\/\/orthodoxalbania.org\/2020\/2007\/02\/26\/berat-festohet-e-kremtja-e-theofanise-janar-07\/\"]}]},{\"@type\":\"ImageObject\",\"inLanguage\":\"en-US\",\"@id\":\"https:\/\/orthodoxalbania.org\/2020\/2007\/02\/26\/berat-festohet-e-kremtja-e-theofanise-janar-07\/#primaryimage\",\"url\":\"https:\/\/lh6.googleusercontent.com\/-lawO1GM5yFs\/VIg3Qnc3CLI\/AAAAAAAAF9w\/B1OFlrESu-8\/w370-h278-no\/untitled1.jpg\",\"contentUrl\":\"https:\/\/lh6.googleusercontent.com\/-lawO1GM5yFs\/VIg3Qnc3CLI\/AAAAAAAAF9w\/B1OFlrESu-8\/w370-h278-no\/untitled1.jpg\"},{\"@type\":\"BreadcrumbList\",\"@id\":\"https:\/\/orthodoxalbania.org\/2020\/2007\/02\/26\/berat-festohet-e-kremtja-e-theofanise-janar-07\/#breadcrumb\",\"itemListElement\":[{\"@type\":\"ListItem\",\"position\":1,\"name\":\"Home\",\"item\":\"https:\/\/orthodoxalbania.org\/2020\/\"},{\"@type\":\"ListItem\",\"position\":2,\"name\":\"Berat &#8211; festohet e kremtja e Theofanis\u00eb. (6 Janar 2007)\"}]},{\"@type\":\"WebSite\",\"@id\":\"https:\/\/orthodoxalbania.org\/2020\/#website\",\"url\":\"https:\/\/orthodoxalbania.org\/2020\/\",\"name\":\"Kisha Orthodh\u03bfkse Autoqefale e Shqip\u00ebris\u00eb\",\"description\":\"Fqja Zyrtare e Kish\u00ebs Orthodhokse Autoqefale e Shqip\u00ebris\u00eb me lajmet edhe informacionet zyrtare p\u00ebr struktur\u00ebn edhe veprimtarin e saj.\",\"publisher\":{\"@id\":\"https:\/\/orthodoxalbania.org\/2020\/#organization\"},\"potentialAction\":[{\"@type\":\"SearchAction\",\"target\":{\"@type\":\"EntryPoint\",\"urlTemplate\":\"https:\/\/orthodoxalbania.org\/2020\/?s={search_term_string}\"},\"query-input\":{\"@type\":\"PropertyValueSpecification\",\"valueRequired\":true,\"valueName\":\"search_term_string\"}}],\"inLanguage\":\"en-US\"},{\"@type\":\"Organization\",\"@id\":\"https:\/\/orthodoxalbania.org\/2020\/#organization\",\"name\":\"Kisha Orthodhokse Autoqefale e Shqip\u00ebris\u00eb\",\"url\":\"https:\/\/orthodoxalbania.org\/2020\/\",\"logo\":{\"@type\":\"ImageObject\",\"inLanguage\":\"en-US\",\"@id\":\"https:\/\/orthodoxalbania.org\/2020\/#\/schema\/logo\/image\/\",\"url\":\"https:\/\/orthodoxalbania.org\/2020\/wp-content\/uploads\/2020\/05\/albania.jpeg\",\"contentUrl\":\"https:\/\/orthodoxalbania.org\/2020\/wp-content\/uploads\/2020\/05\/albania.jpeg\",\"width\":540,\"height\":540,\"caption\":\"Kisha Orthodhokse Autoqefale e Shqip\u00ebris\u00eb\"},\"image\":{\"@id\":\"https:\/\/orthodoxalbania.org\/2020\/#\/schema\/logo\/image\/\"},\"sameAs\":[\"https:\/\/www.facebook.com\/koash1991\"]},{\"@type\":\"Person\",\"@id\":\"https:\/\/orthodoxalbania.org\/2020\/#\/schema\/person\/0c387634a7063ac612d7ed9ce71c7e86\",\"name\":\"Kisha Orthodhokse\",\"image\":{\"@type\":\"ImageObject\",\"inLanguage\":\"en-US\",\"@id\":\"https:\/\/secure.gravatar.com\/avatar\/596e7c417251e30f2fbb9c00e026fce61a695a00e51c889caded71c96cbbdde5?s=96&d=mm&r=g\",\"url\":\"https:\/\/secure.gravatar.com\/avatar\/596e7c417251e30f2fbb9c00e026fce61a695a00e51c889caded71c96cbbdde5?s=96&d=mm&r=g\",\"contentUrl\":\"https:\/\/secure.gravatar.com\/avatar\/596e7c417251e30f2fbb9c00e026fce61a695a00e51c889caded71c96cbbdde5?s=96&d=mm&r=g\",\"caption\":\"Kisha Orthodhokse\"}}]}<\/script>\n<!-- \/ Yoast SEO plugin. -->","yoast_head_json":{"title":"Berat - festohet e kremtja e Theofanis\u00eb. (6 Janar 2007) - Kisha Orthodh\u03bfkse Autoqefale e Shqip\u00ebris\u00eb","robots":{"index":"index","follow":"follow","max-snippet":"max-snippet:-1","max-image-preview":"max-image-preview:large","max-video-preview":"max-video-preview:-1"},"canonical":"https:\/\/orthodoxalbania.org\/2020\/2007\/02\/26\/berat-festohet-e-kremtja-e-theofanise-janar-07\/","og_locale":"en_US","og_type":"article","og_title":"Berat - festohet e kremtja e Theofanis\u00eb. (6 Janar 2007) - Kisha Orthodh\u03bfkse Autoqefale e Shqip\u00ebris\u00eb","og_description":"&nbsp;&nbsp;&nbsp; Edhe pas nj\u00eb viti festa e Epifanis\u00eb s\u00eb Zotit ton\u00eb Jisu Krisht ose e quajtur ndryshe edhe e Theofanis\u00eb i gjeti beratasit t\u00eb mbledhur aty pran\u00eb Osumit, duke pritur me padurim bekimin e uj\u00ebrave dhe hedhjen e Kryqit t\u00eb Nderuar n\u00eb lum. Kjo \u00ebsht\u00eb nj\u00eb nga festat m\u00eb t\u00eb m\u00ebdha t\u00eb vitit, sepse p\u00ebrfshin gjith\u00eb qytetin dhe qytetar\u00eb t\u00eb t\u00eb gjitha besimeve fetare, si","og_url":"https:\/\/orthodoxalbania.org\/2020\/2007\/02\/26\/berat-festohet-e-kremtja-e-theofanise-janar-07\/","og_site_name":"Kisha Orthodh\u03bfkse Autoqefale e Shqip\u00ebris\u00eb","article_publisher":"https:\/\/www.facebook.com\/koash1991","article_published_time":"2007-02-26T00:00:00+00:00","article_modified_time":"2020-04-06T20:35:54+00:00","og_image":[{"url":"https:\/\/lh6.googleusercontent.com\/-lawO1GM5yFs\/VIg3Qnc3CLI\/AAAAAAAAF9w\/B1OFlrESu-8\/w370-h278-no\/untitled1.jpg","type":"","width":"","height":""}],"author":"Kisha Orthodhokse","twitter_card":"summary_large_image","twitter_misc":{"Written by":"Kisha Orthodhokse","Est. reading time":"2 minutes"},"schema":{"@context":"https:\/\/schema.org","@graph":[{"@type":"Article","@id":"https:\/\/orthodoxalbania.org\/2020\/2007\/02\/26\/berat-festohet-e-kremtja-e-theofanise-janar-07\/#article","isPartOf":{"@id":"https:\/\/orthodoxalbania.org\/2020\/2007\/02\/26\/berat-festohet-e-kremtja-e-theofanise-janar-07\/"},"author":{"name":"Kisha Orthodhokse","@id":"https:\/\/orthodoxalbania.org\/2020\/#\/schema\/person\/0c387634a7063ac612d7ed9ce71c7e86"},"headline":"Berat &#8211; festohet e kremtja e Theofanis\u00eb. (6 Janar 2007)","datePublished":"2007-02-26T00:00:00+00:00","dateModified":"2020-04-06T20:35:54+00:00","mainEntityOfPage":{"@id":"https:\/\/orthodoxalbania.org\/2020\/2007\/02\/26\/berat-festohet-e-kremtja-e-theofanise-janar-07\/"},"wordCount":417,"commentCount":0,"publisher":{"@id":"https:\/\/orthodoxalbania.org\/2020\/#organization"},"image":{"@id":"https:\/\/orthodoxalbania.org\/2020\/2007\/02\/26\/berat-festohet-e-kremtja-e-theofanise-janar-07\/#primaryimage"},"thumbnailUrl":"https:\/\/lh6.googleusercontent.com\/-lawO1GM5yFs\/VIg3Qnc3CLI\/AAAAAAAAF9w\/B1OFlrESu-8\/w370-h278-no\/untitled1.jpg","keywords":["2007","Kremtime","lajme","Mitropolia Berat","Uji i Bekuar"],"articleSection":["Lajme"],"inLanguage":"en-US"},{"@type":"WebPage","@id":"https:\/\/orthodoxalbania.org\/2020\/2007\/02\/26\/berat-festohet-e-kremtja-e-theofanise-janar-07\/","url":"https:\/\/orthodoxalbania.org\/2020\/2007\/02\/26\/berat-festohet-e-kremtja-e-theofanise-janar-07\/","name":"Berat - festohet e kremtja e Theofanis\u00eb. (6 Janar 2007) - Kisha Orthodh\u03bfkse Autoqefale e Shqip\u00ebris\u00eb","isPartOf":{"@id":"https:\/\/orthodoxalbania.org\/2020\/#website"},"primaryImageOfPage":{"@id":"https:\/\/orthodoxalbania.org\/2020\/2007\/02\/26\/berat-festohet-e-kremtja-e-theofanise-janar-07\/#primaryimage"},"image":{"@id":"https:\/\/orthodoxalbania.org\/2020\/2007\/02\/26\/berat-festohet-e-kremtja-e-theofanise-janar-07\/#primaryimage"},"thumbnailUrl":"https:\/\/lh6.googleusercontent.com\/-lawO1GM5yFs\/VIg3Qnc3CLI\/AAAAAAAAF9w\/B1OFlrESu-8\/w370-h278-no\/untitled1.jpg","datePublished":"2007-02-26T00:00:00+00:00","dateModified":"2020-04-06T20:35:54+00:00","breadcrumb":{"@id":"https:\/\/orthodoxalbania.org\/2020\/2007\/02\/26\/berat-festohet-e-kremtja-e-theofanise-janar-07\/#breadcrumb"},"inLanguage":"en-US","potentialAction":[{"@type":"ReadAction","target":["https:\/\/orthodoxalbania.org\/2020\/2007\/02\/26\/berat-festohet-e-kremtja-e-theofanise-janar-07\/"]}]},{"@type":"ImageObject","inLanguage":"en-US","@id":"https:\/\/orthodoxalbania.org\/2020\/2007\/02\/26\/berat-festohet-e-kremtja-e-theofanise-janar-07\/#primaryimage","url":"https:\/\/lh6.googleusercontent.com\/-lawO1GM5yFs\/VIg3Qnc3CLI\/AAAAAAAAF9w\/B1OFlrESu-8\/w370-h278-no\/untitled1.jpg","contentUrl":"https:\/\/lh6.googleusercontent.com\/-lawO1GM5yFs\/VIg3Qnc3CLI\/AAAAAAAAF9w\/B1OFlrESu-8\/w370-h278-no\/untitled1.jpg"},{"@type":"BreadcrumbList","@id":"https:\/\/orthodoxalbania.org\/2020\/2007\/02\/26\/berat-festohet-e-kremtja-e-theofanise-janar-07\/#breadcrumb","itemListElement":[{"@type":"ListItem","position":1,"name":"Home","item":"https:\/\/orthodoxalbania.org\/2020\/"},{"@type":"ListItem","position":2,"name":"Berat &#8211; festohet e kremtja e Theofanis\u00eb. (6 Janar 2007)"}]},{"@type":"WebSite","@id":"https:\/\/orthodoxalbania.org\/2020\/#website","url":"https:\/\/orthodoxalbania.org\/2020\/","name":"Kisha Orthodh\u03bfkse Autoqefale e Shqip\u00ebris\u00eb","description":"Fqja Zyrtare e Kish\u00ebs Orthodhokse Autoqefale e Shqip\u00ebris\u00eb me lajmet edhe informacionet zyrtare p\u00ebr struktur\u00ebn edhe veprimtarin e saj.","publisher":{"@id":"https:\/\/orthodoxalbania.org\/2020\/#organization"},"potentialAction":[{"@type":"SearchAction","target":{"@type":"EntryPoint","urlTemplate":"https:\/\/orthodoxalbania.org\/2020\/?s={search_term_string}"},"query-input":{"@type":"PropertyValueSpecification","valueRequired":true,"valueName":"search_term_string"}}],"inLanguage":"en-US"},{"@type":"Organization","@id":"https:\/\/orthodoxalbania.org\/2020\/#organization","name":"Kisha Orthodhokse Autoqefale e Shqip\u00ebris\u00eb","url":"https:\/\/orthodoxalbania.org\/2020\/","logo":{"@type":"ImageObject","inLanguage":"en-US","@id":"https:\/\/orthodoxalbania.org\/2020\/#\/schema\/logo\/image\/","url":"https:\/\/orthodoxalbania.org\/2020\/wp-content\/uploads\/2020\/05\/albania.jpeg","contentUrl":"https:\/\/orthodoxalbania.org\/2020\/wp-content\/uploads\/2020\/05\/albania.jpeg","width":540,"height":540,"caption":"Kisha Orthodhokse Autoqefale e Shqip\u00ebris\u00eb"},"image":{"@id":"https:\/\/orthodoxalbania.org\/2020\/#\/schema\/logo\/image\/"},"sameAs":["https:\/\/www.facebook.com\/koash1991"]},{"@type":"Person","@id":"https:\/\/orthodoxalbania.org\/2020\/#\/schema\/person\/0c387634a7063ac612d7ed9ce71c7e86","name":"Kisha Orthodhokse","image":{"@type":"ImageObject","inLanguage":"en-US","@id":"https:\/\/secure.gravatar.com\/avatar\/596e7c417251e30f2fbb9c00e026fce61a695a00e51c889caded71c96cbbdde5?s=96&d=mm&r=g","url":"https:\/\/secure.gravatar.com\/avatar\/596e7c417251e30f2fbb9c00e026fce61a695a00e51c889caded71c96cbbdde5?s=96&d=mm&r=g","contentUrl":"https:\/\/secure.gravatar.com\/avatar\/596e7c417251e30f2fbb9c00e026fce61a695a00e51c889caded71c96cbbdde5?s=96&d=mm&r=g","caption":"Kisha Orthodhokse"}}]}},"_links":{"self":[{"href":"https:\/\/orthodoxalbania.org\/2020\/wp-json\/wp\/v2\/posts\/308","targetHints":{"allow":["GET"]}}],"collection":[{"href":"https:\/\/orthodoxalbania.org\/2020\/wp-json\/wp\/v2\/posts"}],"about":[{"href":"https:\/\/orthodoxalbania.org\/2020\/wp-json\/wp\/v2\/types\/post"}],"author":[{"embeddable":true,"href":"https:\/\/orthodoxalbania.org\/2020\/wp-json\/wp\/v2\/users\/1"}],"replies":[{"embeddable":true,"href":"https:\/\/orthodoxalbania.org\/2020\/wp-json\/wp\/v2\/comments?post=308"}],"version-history":[{"count":1,"href":"https:\/\/orthodoxalbania.org\/2020\/wp-json\/wp\/v2\/posts\/308\/revisions"}],"predecessor-version":[{"id":15794,"href":"https:\/\/orthodoxalbania.org\/2020\/wp-json\/wp\/v2\/posts\/308\/revisions\/15794"}],"wp:attachment":[{"href":"https:\/\/orthodoxalbania.org\/2020\/wp-json\/wp\/v2\/media?parent=308"}],"wp:term":[{"taxonomy":"category","embeddable":true,"href":"https:\/\/orthodoxalbania.org\/2020\/wp-json\/wp\/v2\/categories?post=308"},{"taxonomy":"post_tag","embeddable":true,"href":"https:\/\/orthodoxalbania.org\/2020\/wp-json\/wp\/v2\/tags?post=308"}],"curies":[{"name":"wp","href":"https:\/\/api.w.org\/{rel}","templated":true}]}}