{"id":307,"date":"2008-02-26T00:00:00","date_gmt":"2008-02-26T00:00:00","guid":{"rendered":""},"modified":"2020-04-06T22:35:31","modified_gmt":"2020-04-06T20:35:31","slug":"bashkepunim-i-frytshmem-ne-organizimin-e-nje-kampi-ditor-per-femije-2008","status":"publish","type":"post","link":"https:\/\/orthodoxalbania.org\/2020\/2008\/02\/26\/bashkepunim-i-frytshmem-ne-organizimin-e-nje-kampi-ditor-per-femije-2008\/","title":{"rendered":"Bashk\u00ebpunim i frytshm\u00ebm n\u00eb organizimin e nj\u00eb kampi ditor p\u00ebr f\u00ebmij\u00eb. (2008)"},"content":{"rendered":"<table border=\"0\">\n<tbody>\n<tr>\n<th scope=\"col\"><span style=\"color: #000000; font-size: 12pt;\"><span style=\"font-family: tahoma,geneva,sans-serif;\"><img decoding=\"async\" class=\"lazyload HAa Eha\" style=\"border-width: 1px; border-style: solid; margin: 10px auto; display: block;\" alt=\"\" src=\"data:image\/gif;base64,R0lGODlhAQABAAAAACH5BAEKAAEALAAAAAABAAEAAAICTAEAOw==\" data-orig-src=\"https:\/\/lh5.googleusercontent.com\/-FfdJbf3yDFM\/VJFw0wpyu6I\/AAAAAAAAIKA\/EUqCAr1G0_U\/w438-h336-no\/1.JPG\" \/><\/span><\/span><\/th>\n<th style=\"text-align: justify;\" scope=\"col\"><span style=\"color: #000000; font-size: 12pt; font-family: helvetica;\">&nbsp;&nbsp; Nga data 20 \u2013 30 shtator, Zyra Qendrore e F\u00ebmij\u00ebve e Kish\u00ebs Orthodhokse Autoqefale e Shqip\u00ebris\u00eb, n\u00eb bashk\u00ebpunim me organizat\u00ebn World Vision, zhvilloi nj\u00eb kamp ditor p\u00ebr f\u00ebmij\u00eb me tem\u00eb: \u201cDuaj Per\u00ebndin\u00eb me gjith\u00eb zemr\u00ebn t\u00ebnde dhe t\u00eb af\u00ebrmin si veten t\u00ebnde\u201d. Ky kamp u zhvillua n\u00eb ambientet e Kish\u00ebs Orthodhokse n\u00eb Qendr\u00ebn shpirt\u00ebrore-arsimore \u201cThavor\u201d, Tiran\u00eb.<\/span><\/th>\n<\/tr>\n<tr>\n<th style=\"text-align: justify;\" scope=\"col\"><span style=\"font-size: 12pt; font-family: helvetica;\"><span style=\"color: #000000;\">&nbsp;&nbsp; Tet\u00ebdhjet\u00eb f\u00ebmij\u00eb nga mosha 6 \u2013 12 vje\u00e7 u b\u00ebn\u00eb pjes\u00eb e k\u00ebtij kampi. F\u00ebmij\u00ebt vinin nga Lagjja e Fabrik\u00ebs s\u00eb Traktor\u00ebve n\u00eb Tiran\u00eb. Ata ishin kryesisht nga familje me nivel t\u00eb ul\u00ebt ekonomik. Tema e kampit u zhvilloi f\u00ebmij\u00ebve m\u00eb tep\u00ebr ndjenj\u00ebn e dashuris\u00eb dhe respektit kundrejt nj\u00ebri-tjetrit.&nbsp;<\/span><span style=\"color: #000000;\">&nbsp;&nbsp;&nbsp; P\u00ebrgjat\u00eb kampit, f\u00ebmij\u00ebt mor\u00ebn pjes\u00eb n\u00eb aktivitete n\u00eb grupe t\u00eb vogla dhe n\u00eb grupe t\u00eb m\u00ebdha.<\/span><\/span><\/th>\n<th scope=\"col\"><span style=\"color: #000000; font-size: 12pt; font-family: helvetica;\"><img decoding=\"async\" class=\"lazyload HAa Eha\" style=\"border-width: 1px; border-style: solid; margin: 10px auto; display: block;\" alt=\"\" src=\"data:image\/gif;base64,R0lGODlhAQABAAAAACH5BAEKAAEALAAAAAABAAEAAAICTAEAOw==\" data-orig-src=\"https:\/\/lh4.googleusercontent.com\/-k2nfMYWf2yk\/VJFw04K2oPI\/AAAAAAAAIKM\/09d6GMuaIQQ\/w448-h336-no\/2.JPG\" \/><\/span><\/th>\n<\/tr>\n<tr>\n<th scope=\"col\"><span style=\"color: #000000; font-size: 12pt; font-family: helvetica;\"><img decoding=\"async\" class=\"lazyload HAa Eha\" style=\"border-width: 1px; border-style: solid; margin: 10px auto; display: block;\" alt=\"\" src=\"data:image\/gif;base64,R0lGODlhAQABAAAAACH5BAEKAAEALAAAAAABAAEAAAICTAEAOw==\" data-orig-src=\"https:\/\/lh3.googleusercontent.com\/-u9UTdMV8X8Y\/VJFw00_vQ7I\/AAAAAAAAIKE\/bi3LXRWOjCo\/w448-h336-no\/3.JPG\" \/><\/span><\/th>\n<th style=\"text-align: justify;\" scope=\"col\"><span style=\"color: #000000; font-size: 12pt; font-family: helvetica;\">&nbsp;&nbsp; \u00c7do grup i vog\u00ebl mbante nj\u00eb em\u00ebr, si p\u00ebr shembull: dashuria, respekti, liria, vet\u00ebkontrolli etj.&nbsp; Programi konsistonte n\u00eb bashk\u00ebbisedime n\u00eb grupe t\u00eb vogla rreth vlerave t\u00eb t\u00eb qenit njer\u00ebz t\u00eb moralsh\u00ebm; rreth dashuris\u00eb s\u00eb madhe t\u00eb Per\u00ebndis\u00eb p\u00ebr \u00e7do nj\u00ebrin nga ne; rreth dashuris\u00eb q\u00eb duhet t\u00eb tregojm\u00eb ndaj nj\u00ebri-tjetrit. Aktivitete t\u00eb tjera t\u00eb programit t\u00eb kampit p\u00ebrfshinin k\u00ebng\u00eb p\u00ebr f\u00ebmij\u00eb; loj\u00ebra n\u00eb grupe t\u00eb vogla dhe n\u00eb grupe t\u00eb m\u00ebdha; pun\u00ebdore etj.<\/span><\/th>\n<\/tr>\n<tr>\n<th style=\"text-align: justify;\" scope=\"col\"><span style=\"font-size: 12pt; font-family: helvetica;\"><span style=\"color: #000000;\">&nbsp;&nbsp; P\u00ebrgjat\u00eb k\u00ebtyre dit\u00ebve, f\u00ebmij\u00ebt m\u00ebsuan shum\u00eb gj\u00ebra t\u00eb reja, t\u00eb dobishme dhe g\u00ebzuan koh\u00ebn n\u00eb prani t\u00eb m\u00ebsuesve q\u00eb tregonin aq shum\u00eb kujdes dhe dashuri p\u00ebr ata dhe n\u00eb prani t\u00eb bashk\u00ebmoshatar\u00ebve t\u00eb tyre.&nbsp;<\/span><span style=\"color: #000000;\">&nbsp;&nbsp; Nj\u00eb dit\u00eb e kampit ishte e mbushur vet\u00ebm me loj\u00ebra dhe u titullua \u201cDita e loj\u00ebrave Olimpike\u201d. F\u00ebmij\u00ebt luajt\u00ebn loj\u00ebra p\u00ebrgjat\u00eb k\u00ebsaj dite dhe n\u00eb fillim t\u00eb loj\u00ebrave nj\u00eb drejtues i kampit foli p\u00ebrpara f\u00ebmij\u00ebve duke ju m\u00ebsuar dhe shpjeguar kuptimin e loj\u00ebrave olimpike q\u00eb \u00ebsht\u00eb respekti ndaj nj\u00ebri-tjetrit p\u00ebrgjat\u00eb loj\u00ebrave; t\u00eb q\u00ebnit t\u00eb g\u00ebzuar kur tjetri fiton; ndershm\u00ebria p\u00ebrgjat\u00eb loj\u00ebrave dhe mos konkurrimi me inat.<\/span><\/span><\/th>\n<th scope=\"col\"><span style=\"color: #000000; font-size: 12pt; font-family: helvetica;\"><img decoding=\"async\" class=\"lazyload HAa Eha\" style=\"border-width: 1px; border-style: solid; margin: 10px auto; display: block;\" alt=\"\" src=\"data:image\/gif;base64,R0lGODlhAQABAAAAACH5BAEKAAEALAAAAAABAAEAAAICTAEAOw==\" data-orig-src=\"https:\/\/lh3.googleusercontent.com\/-udSsjpbP40g\/VJFw1auRXAI\/AAAAAAAAIJ0\/OW5R6Q8LNho\/w448-h336-no\/4.JPG\" \/><\/span><\/th>\n<\/tr>\n<tr>\n<th scope=\"col\"><span style=\"color: #000000; font-size: 12pt; font-family: helvetica;\"><img decoding=\"async\" class=\"lazyload HAa Eha\" style=\"border-width: 1px; border-style: solid; margin: 10px auto; display: block;\" alt=\"\" src=\"data:image\/gif;base64,R0lGODlhAQABAAAAACH5BAEKAAEALAAAAAABAAEAAAICTAEAOw==\" data-orig-src=\"https:\/\/lh5.googleusercontent.com\/-zWtY53-s0n8\/VJFw1m1OZaI\/AAAAAAAAIJ4\/TIzJd8_Jk1I\/w448-h336-no\/5.JPG\" \/><\/span><\/th>\n<th style=\"text-align: justify;\" scope=\"col\"><span style=\"color: #000000; font-size: 12pt; font-family: helvetica;\">&nbsp;&nbsp; Dit\u00ebn e fundit t\u00eb k\u00ebtij kampi, f\u00ebmij\u00ebt dhe m\u00ebsuesit e tyre kishin organizuar nj\u00eb festival. F\u00ebmij\u00ebt interpretuan para nj\u00ebri-tjetrit dhe prind\u00ebrve t\u00eb tyre ato gj\u00ebra q\u00eb ata kishin m\u00ebsuar n\u00eb ato dit\u00eb kampi. Prind\u00ebrit ishin mjaft t\u00eb lumtur t\u00eb ishin pjes\u00eb e k\u00ebtij festivali dhe shum\u00eb nga ata shpreh\u00ebn vler\u00ebsimin e tyre p\u00ebr dobin\u00eb dhe vlerat e k\u00ebtij aktiviteti. Disa nga prind\u00ebrit ishin t\u00eb pranish\u00ebm p\u00ebrgjat\u00eb disa pjes\u00ebve t\u00eb zhvillimit t\u00eb k\u00ebtij kampi. Ata shpreheshin thjesht se f\u00ebmij\u00ebt e tyre edukohen shum\u00eb dhe arg\u00ebtohen shum\u00eb n\u00eb k\u00ebto aktivitete.<\/span><\/th>\n<\/tr>\n<tr>\n<th style=\"text-align: justify;\" scope=\"col\"><span style=\"font-size: 12pt; font-family: helvetica;\"><span style=\"color: #000000;\">&nbsp;&nbsp; Tet\u00eb persona nga stafi i Zyr\u00ebs Qendrore t\u00eb F\u00ebmij\u00ebve t\u00eb Kish\u00ebs Ortodokse Autoqefale t\u00eb Shqip\u00ebris\u00eb, ofruan koh\u00ebn dhe talentet e tyre n\u00eb zhvillimin e k\u00ebtij kampi. Ata u trajnuan nga zyra p\u00ebr \u00e7do pjes\u00eb t\u00eb programit t\u00eb kampit. Ata punuan me shum\u00eb devocion dhe g\u00ebzim, p\u00ebr f\u00ebmij\u00ebt e k\u00ebsaj lagjeje t\u00eb Tiran\u00ebs, duke e ditur se k\u00ebto aktivitete i m\u00ebsojn\u00eb f\u00ebmij\u00ebt rreth dashuris\u00eb s\u00eb Per\u00ebndis\u00eb p\u00ebr ata dhe se si ata t\u00eb rriten njer\u00ebz me vlera.<\/span><span style=\"color: #000000;\">&nbsp;&nbsp; Ky kamp ishte mjaft i suksessh\u00ebm dhe ky sukses b\u00ebhet i duksh\u00ebm nga pjes\u00ebmarrja e lart\u00eb e f\u00ebmij\u00ebve, opinioni i prind\u00ebrve, opinioni i m\u00ebsuesve t\u00eb k\u00ebtij kampi dhe nga mendimet e shprehura nga pjes\u00ebtar\u00eb t\u00eb ndrysh\u00ebm t\u00eb k\u00ebtij komuniteti.<\/span><\/span><\/th>\n<th scope=\"col\"><span style=\"color: #000000; font-size: 12pt; font-family: helvetica;\"><img decoding=\"async\" class=\"lazyload HAa Eha\" style=\"border-width: 1px; border-style: solid; margin: 10px auto; display: block;\" alt=\"\" src=\"data:image\/gif;base64,R0lGODlhAQABAAAAACH5BAEKAAEALAAAAAABAAEAAAICTAEAOw==\" data-orig-src=\"https:\/\/lh5.googleusercontent.com\/-Fhh5YAI0TMA\/VJFw1znRxBI\/AAAAAAAAIJ8\/4_VsRFunX54\/w448-h336-no\/6.JPG\" \/><\/span><\/th>\n<\/tr>\n<\/tbody>\n<\/table>\n<p style=\"text-align: right;\"><span style=\"color: #000000; font-size: 12pt; font-family: helvetica;\"><strong>Ana K\u00ebr\u00e7yku<\/strong><\/span><\/p>\n","protected":false},"excerpt":{"rendered":"<p>&nbsp;&nbsp; Nga data 20 \u2013 30 shtator, Zyra Qendrore e F\u00ebmij\u00ebve e Kish\u00ebs Orthodhokse Autoqefale e Shqip\u00ebris\u00eb, n\u00eb bashk\u00ebpunim me organizat\u00ebn World Vision, zhvilloi nj\u00eb kamp ditor p\u00ebr f\u00ebmij\u00eb me tem\u00eb: \u201cDuaj Per\u00ebndin\u00eb me gjith\u00eb zemr\u00ebn t\u00ebnde dhe t\u00eb af\u00ebrmin si veten t\u00ebnde\u201d. Ky kamp u zhvillua n\u00eb ambientet e Kish\u00ebs Orthodhokse n\u00eb Qendr\u00ebn shpirt\u00ebrore-arsimore \u201cThavor\u201d, Tiran\u00eb. &nbsp;&nbsp; Tet\u00ebdhjet\u00eb f\u00ebmij\u00eb nga mosha 6 \u2013 12<\/p>\n","protected":false},"author":1,"featured_media":0,"comment_status":"open","ping_status":"open","sticky":false,"template":"","format":"standard","meta":{"_acf_changed":false,"pagelayer_contact_templates":[],"_pagelayer_content":"","inline_featured_image":false,"fifu_image_url":"","fifu_image_alt":"","footnotes":""},"categories":[108],"tags":[146,154,196,212,156],"class_list":["post-307","post","type-post","status-publish","format-standard","hentry","category-lajme","tag-146","tag-aktivitete","tag-tirane","tag-lajme-d27","tag-femijet"],"acf":[],"yoast_head":"<!-- This site is optimized with the Yoast SEO plugin v27.2 - https:\/\/yoast.com\/product\/yoast-seo-wordpress\/ -->\n<title>Bashk\u00ebpunim i frytshm\u00ebm n\u00eb organizimin e nj\u00eb kampi ditor p\u00ebr f\u00ebmij\u00eb. (2008) - Kisha Orthodh\u03bfkse Autoqefale e Shqip\u00ebris\u00eb<\/title>\n<meta name=\"robots\" content=\"index, follow, max-snippet:-1, max-image-preview:large, max-video-preview:-1\" \/>\n<link rel=\"canonical\" href=\"https:\/\/orthodoxalbania.org\/2020\/2008\/02\/26\/bashkepunim-i-frytshmem-ne-organizimin-e-nje-kampi-ditor-per-femije-2008\/\" \/>\n<meta property=\"og:locale\" content=\"en_US\" \/>\n<meta property=\"og:type\" content=\"article\" \/>\n<meta property=\"og:title\" content=\"Bashk\u00ebpunim i frytshm\u00ebm n\u00eb organizimin e nj\u00eb kampi ditor p\u00ebr f\u00ebmij\u00eb. (2008) - Kisha Orthodh\u03bfkse Autoqefale e Shqip\u00ebris\u00eb\" \/>\n<meta property=\"og:description\" content=\"&nbsp;&nbsp; Nga data 20 \u2013 30 shtator, Zyra Qendrore e F\u00ebmij\u00ebve e Kish\u00ebs Orthodhokse Autoqefale e Shqip\u00ebris\u00eb, n\u00eb bashk\u00ebpunim me organizat\u00ebn World Vision, zhvilloi nj\u00eb kamp ditor p\u00ebr f\u00ebmij\u00eb me tem\u00eb: \u201cDuaj Per\u00ebndin\u00eb me gjith\u00eb zemr\u00ebn t\u00ebnde dhe t\u00eb af\u00ebrmin si veten t\u00ebnde\u201d. Ky kamp u zhvillua n\u00eb ambientet e Kish\u00ebs Orthodhokse n\u00eb Qendr\u00ebn shpirt\u00ebrore-arsimore \u201cThavor\u201d, Tiran\u00eb. &nbsp;&nbsp; Tet\u00ebdhjet\u00eb f\u00ebmij\u00eb nga mosha 6 \u2013 12\" \/>\n<meta property=\"og:url\" content=\"https:\/\/orthodoxalbania.org\/2020\/2008\/02\/26\/bashkepunim-i-frytshmem-ne-organizimin-e-nje-kampi-ditor-per-femije-2008\/\" \/>\n<meta property=\"og:site_name\" content=\"Kisha Orthodh\u03bfkse Autoqefale e Shqip\u00ebris\u00eb\" \/>\n<meta property=\"article:publisher\" content=\"https:\/\/www.facebook.com\/koash1991\" \/>\n<meta property=\"article:published_time\" content=\"2008-02-26T00:00:00+00:00\" \/>\n<meta property=\"article:modified_time\" content=\"2020-04-06T20:35:31+00:00\" \/>\n<meta property=\"og:image\" content=\"https:\/\/lh5.googleusercontent.com\/-FfdJbf3yDFM\/VJFw0wpyu6I\/AAAAAAAAIKA\/EUqCAr1G0_U\/w438-h336-no\/1.JPG\" \/>\n<meta name=\"author\" content=\"Kisha Orthodhokse\" \/>\n<meta name=\"twitter:card\" content=\"summary_large_image\" \/>\n<meta name=\"twitter:label1\" content=\"Written by\" \/>\n\t<meta name=\"twitter:data1\" content=\"Kisha Orthodhokse\" \/>\n\t<meta name=\"twitter:label2\" content=\"Est. reading time\" \/>\n\t<meta name=\"twitter:data2\" content=\"3 minutes\" \/>\n<script type=\"application\/ld+json\" class=\"yoast-schema-graph\">{\"@context\":\"https:\/\/schema.org\",\"@graph\":[{\"@type\":\"Article\",\"@id\":\"https:\/\/orthodoxalbania.org\/2020\/2008\/02\/26\/bashkepunim-i-frytshmem-ne-organizimin-e-nje-kampi-ditor-per-femije-2008\/#article\",\"isPartOf\":{\"@id\":\"https:\/\/orthodoxalbania.org\/2020\/2008\/02\/26\/bashkepunim-i-frytshmem-ne-organizimin-e-nje-kampi-ditor-per-femije-2008\/\"},\"author\":{\"name\":\"Kisha Orthodhokse\",\"@id\":\"https:\/\/orthodoxalbania.org\/2020\/#\/schema\/person\/0c387634a7063ac612d7ed9ce71c7e86\"},\"headline\":\"Bashk\u00ebpunim i frytshm\u00ebm n\u00eb organizimin e nj\u00eb kampi ditor p\u00ebr f\u00ebmij\u00eb. (2008)\",\"datePublished\":\"2008-02-26T00:00:00+00:00\",\"dateModified\":\"2020-04-06T20:35:31+00:00\",\"mainEntityOfPage\":{\"@id\":\"https:\/\/orthodoxalbania.org\/2020\/2008\/02\/26\/bashkepunim-i-frytshmem-ne-organizimin-e-nje-kampi-ditor-per-femije-2008\/\"},\"wordCount\":680,\"commentCount\":0,\"publisher\":{\"@id\":\"https:\/\/orthodoxalbania.org\/2020\/#organization\"},\"image\":{\"@id\":\"https:\/\/orthodoxalbania.org\/2020\/2008\/02\/26\/bashkepunim-i-frytshmem-ne-organizimin-e-nje-kampi-ditor-per-femije-2008\/#primaryimage\"},\"thumbnailUrl\":\"https:\/\/lh5.googleusercontent.com\/-FfdJbf3yDFM\/VJFw0wpyu6I\/AAAAAAAAIKA\/EUqCAr1G0_U\/w438-h336-no\/1.JPG\",\"keywords\":[\"2008\",\"Aktivitete\",\"Kryepiskopata Tiran\u00eb\",\"lajme\",\"Zyra e F\u00ebmij\u00ebve\"],\"articleSection\":[\"Lajme\"],\"inLanguage\":\"en-US\"},{\"@type\":\"WebPage\",\"@id\":\"https:\/\/orthodoxalbania.org\/2020\/2008\/02\/26\/bashkepunim-i-frytshmem-ne-organizimin-e-nje-kampi-ditor-per-femije-2008\/\",\"url\":\"https:\/\/orthodoxalbania.org\/2020\/2008\/02\/26\/bashkepunim-i-frytshmem-ne-organizimin-e-nje-kampi-ditor-per-femije-2008\/\",\"name\":\"Bashk\u00ebpunim i frytshm\u00ebm n\u00eb organizimin e nj\u00eb kampi ditor p\u00ebr f\u00ebmij\u00eb. (2008) - Kisha Orthodh\u03bfkse Autoqefale e Shqip\u00ebris\u00eb\",\"isPartOf\":{\"@id\":\"https:\/\/orthodoxalbania.org\/2020\/#website\"},\"primaryImageOfPage\":{\"@id\":\"https:\/\/orthodoxalbania.org\/2020\/2008\/02\/26\/bashkepunim-i-frytshmem-ne-organizimin-e-nje-kampi-ditor-per-femije-2008\/#primaryimage\"},\"image\":{\"@id\":\"https:\/\/orthodoxalbania.org\/2020\/2008\/02\/26\/bashkepunim-i-frytshmem-ne-organizimin-e-nje-kampi-ditor-per-femije-2008\/#primaryimage\"},\"thumbnailUrl\":\"https:\/\/lh5.googleusercontent.com\/-FfdJbf3yDFM\/VJFw0wpyu6I\/AAAAAAAAIKA\/EUqCAr1G0_U\/w438-h336-no\/1.JPG\",\"datePublished\":\"2008-02-26T00:00:00+00:00\",\"dateModified\":\"2020-04-06T20:35:31+00:00\",\"breadcrumb\":{\"@id\":\"https:\/\/orthodoxalbania.org\/2020\/2008\/02\/26\/bashkepunim-i-frytshmem-ne-organizimin-e-nje-kampi-ditor-per-femije-2008\/#breadcrumb\"},\"inLanguage\":\"en-US\",\"potentialAction\":[{\"@type\":\"ReadAction\",\"target\":[\"https:\/\/orthodoxalbania.org\/2020\/2008\/02\/26\/bashkepunim-i-frytshmem-ne-organizimin-e-nje-kampi-ditor-per-femije-2008\/\"]}]},{\"@type\":\"ImageObject\",\"inLanguage\":\"en-US\",\"@id\":\"https:\/\/orthodoxalbania.org\/2020\/2008\/02\/26\/bashkepunim-i-frytshmem-ne-organizimin-e-nje-kampi-ditor-per-femije-2008\/#primaryimage\",\"url\":\"https:\/\/lh5.googleusercontent.com\/-FfdJbf3yDFM\/VJFw0wpyu6I\/AAAAAAAAIKA\/EUqCAr1G0_U\/w438-h336-no\/1.JPG\",\"contentUrl\":\"https:\/\/lh5.googleusercontent.com\/-FfdJbf3yDFM\/VJFw0wpyu6I\/AAAAAAAAIKA\/EUqCAr1G0_U\/w438-h336-no\/1.JPG\"},{\"@type\":\"BreadcrumbList\",\"@id\":\"https:\/\/orthodoxalbania.org\/2020\/2008\/02\/26\/bashkepunim-i-frytshmem-ne-organizimin-e-nje-kampi-ditor-per-femije-2008\/#breadcrumb\",\"itemListElement\":[{\"@type\":\"ListItem\",\"position\":1,\"name\":\"Home\",\"item\":\"https:\/\/orthodoxalbania.org\/2020\/\"},{\"@type\":\"ListItem\",\"position\":2,\"name\":\"Bashk\u00ebpunim i frytshm\u00ebm n\u00eb organizimin e nj\u00eb kampi ditor p\u00ebr f\u00ebmij\u00eb. (2008)\"}]},{\"@type\":\"WebSite\",\"@id\":\"https:\/\/orthodoxalbania.org\/2020\/#website\",\"url\":\"https:\/\/orthodoxalbania.org\/2020\/\",\"name\":\"Kisha Orthodh\u03bfkse Autoqefale e Shqip\u00ebris\u00eb\",\"description\":\"Fqja Zyrtare e Kish\u00ebs Orthodhokse Autoqefale e Shqip\u00ebris\u00eb me lajmet edhe informacionet zyrtare p\u00ebr struktur\u00ebn edhe veprimtarin e saj.\",\"publisher\":{\"@id\":\"https:\/\/orthodoxalbania.org\/2020\/#organization\"},\"potentialAction\":[{\"@type\":\"SearchAction\",\"target\":{\"@type\":\"EntryPoint\",\"urlTemplate\":\"https:\/\/orthodoxalbania.org\/2020\/?s={search_term_string}\"},\"query-input\":{\"@type\":\"PropertyValueSpecification\",\"valueRequired\":true,\"valueName\":\"search_term_string\"}}],\"inLanguage\":\"en-US\"},{\"@type\":\"Organization\",\"@id\":\"https:\/\/orthodoxalbania.org\/2020\/#organization\",\"name\":\"Kisha Orthodhokse Autoqefale e Shqip\u00ebris\u00eb\",\"url\":\"https:\/\/orthodoxalbania.org\/2020\/\",\"logo\":{\"@type\":\"ImageObject\",\"inLanguage\":\"en-US\",\"@id\":\"https:\/\/orthodoxalbania.org\/2020\/#\/schema\/logo\/image\/\",\"url\":\"https:\/\/orthodoxalbania.org\/2020\/wp-content\/uploads\/2020\/05\/albania.jpeg\",\"contentUrl\":\"https:\/\/orthodoxalbania.org\/2020\/wp-content\/uploads\/2020\/05\/albania.jpeg\",\"width\":540,\"height\":540,\"caption\":\"Kisha Orthodhokse Autoqefale e Shqip\u00ebris\u00eb\"},\"image\":{\"@id\":\"https:\/\/orthodoxalbania.org\/2020\/#\/schema\/logo\/image\/\"},\"sameAs\":[\"https:\/\/www.facebook.com\/koash1991\"]},{\"@type\":\"Person\",\"@id\":\"https:\/\/orthodoxalbania.org\/2020\/#\/schema\/person\/0c387634a7063ac612d7ed9ce71c7e86\",\"name\":\"Kisha Orthodhokse\",\"image\":{\"@type\":\"ImageObject\",\"inLanguage\":\"en-US\",\"@id\":\"https:\/\/secure.gravatar.com\/avatar\/596e7c417251e30f2fbb9c00e026fce61a695a00e51c889caded71c96cbbdde5?s=96&d=mm&r=g\",\"url\":\"https:\/\/secure.gravatar.com\/avatar\/596e7c417251e30f2fbb9c00e026fce61a695a00e51c889caded71c96cbbdde5?s=96&d=mm&r=g\",\"contentUrl\":\"https:\/\/secure.gravatar.com\/avatar\/596e7c417251e30f2fbb9c00e026fce61a695a00e51c889caded71c96cbbdde5?s=96&d=mm&r=g\",\"caption\":\"Kisha Orthodhokse\"}}]}<\/script>\n<!-- \/ Yoast SEO plugin. -->","yoast_head_json":{"title":"Bashk\u00ebpunim i frytshm\u00ebm n\u00eb organizimin e nj\u00eb kampi ditor p\u00ebr f\u00ebmij\u00eb. (2008) - Kisha Orthodh\u03bfkse Autoqefale e Shqip\u00ebris\u00eb","robots":{"index":"index","follow":"follow","max-snippet":"max-snippet:-1","max-image-preview":"max-image-preview:large","max-video-preview":"max-video-preview:-1"},"canonical":"https:\/\/orthodoxalbania.org\/2020\/2008\/02\/26\/bashkepunim-i-frytshmem-ne-organizimin-e-nje-kampi-ditor-per-femije-2008\/","og_locale":"en_US","og_type":"article","og_title":"Bashk\u00ebpunim i frytshm\u00ebm n\u00eb organizimin e nj\u00eb kampi ditor p\u00ebr f\u00ebmij\u00eb. (2008) - Kisha Orthodh\u03bfkse Autoqefale e Shqip\u00ebris\u00eb","og_description":"&nbsp;&nbsp; Nga data 20 \u2013 30 shtator, Zyra Qendrore e F\u00ebmij\u00ebve e Kish\u00ebs Orthodhokse Autoqefale e Shqip\u00ebris\u00eb, n\u00eb bashk\u00ebpunim me organizat\u00ebn World Vision, zhvilloi nj\u00eb kamp ditor p\u00ebr f\u00ebmij\u00eb me tem\u00eb: \u201cDuaj Per\u00ebndin\u00eb me gjith\u00eb zemr\u00ebn t\u00ebnde dhe t\u00eb af\u00ebrmin si veten t\u00ebnde\u201d. Ky kamp u zhvillua n\u00eb ambientet e Kish\u00ebs Orthodhokse n\u00eb Qendr\u00ebn shpirt\u00ebrore-arsimore \u201cThavor\u201d, Tiran\u00eb. &nbsp;&nbsp; Tet\u00ebdhjet\u00eb f\u00ebmij\u00eb nga mosha 6 \u2013 12","og_url":"https:\/\/orthodoxalbania.org\/2020\/2008\/02\/26\/bashkepunim-i-frytshmem-ne-organizimin-e-nje-kampi-ditor-per-femije-2008\/","og_site_name":"Kisha Orthodh\u03bfkse Autoqefale e Shqip\u00ebris\u00eb","article_publisher":"https:\/\/www.facebook.com\/koash1991","article_published_time":"2008-02-26T00:00:00+00:00","article_modified_time":"2020-04-06T20:35:31+00:00","og_image":[{"url":"https:\/\/lh5.googleusercontent.com\/-FfdJbf3yDFM\/VJFw0wpyu6I\/AAAAAAAAIKA\/EUqCAr1G0_U\/w438-h336-no\/1.JPG","type":"","width":"","height":""}],"author":"Kisha Orthodhokse","twitter_card":"summary_large_image","twitter_misc":{"Written by":"Kisha Orthodhokse","Est. reading time":"3 minutes"},"schema":{"@context":"https:\/\/schema.org","@graph":[{"@type":"Article","@id":"https:\/\/orthodoxalbania.org\/2020\/2008\/02\/26\/bashkepunim-i-frytshmem-ne-organizimin-e-nje-kampi-ditor-per-femije-2008\/#article","isPartOf":{"@id":"https:\/\/orthodoxalbania.org\/2020\/2008\/02\/26\/bashkepunim-i-frytshmem-ne-organizimin-e-nje-kampi-ditor-per-femije-2008\/"},"author":{"name":"Kisha Orthodhokse","@id":"https:\/\/orthodoxalbania.org\/2020\/#\/schema\/person\/0c387634a7063ac612d7ed9ce71c7e86"},"headline":"Bashk\u00ebpunim i frytshm\u00ebm n\u00eb organizimin e nj\u00eb kampi ditor p\u00ebr f\u00ebmij\u00eb. (2008)","datePublished":"2008-02-26T00:00:00+00:00","dateModified":"2020-04-06T20:35:31+00:00","mainEntityOfPage":{"@id":"https:\/\/orthodoxalbania.org\/2020\/2008\/02\/26\/bashkepunim-i-frytshmem-ne-organizimin-e-nje-kampi-ditor-per-femije-2008\/"},"wordCount":680,"commentCount":0,"publisher":{"@id":"https:\/\/orthodoxalbania.org\/2020\/#organization"},"image":{"@id":"https:\/\/orthodoxalbania.org\/2020\/2008\/02\/26\/bashkepunim-i-frytshmem-ne-organizimin-e-nje-kampi-ditor-per-femije-2008\/#primaryimage"},"thumbnailUrl":"https:\/\/lh5.googleusercontent.com\/-FfdJbf3yDFM\/VJFw0wpyu6I\/AAAAAAAAIKA\/EUqCAr1G0_U\/w438-h336-no\/1.JPG","keywords":["2008","Aktivitete","Kryepiskopata Tiran\u00eb","lajme","Zyra e F\u00ebmij\u00ebve"],"articleSection":["Lajme"],"inLanguage":"en-US"},{"@type":"WebPage","@id":"https:\/\/orthodoxalbania.org\/2020\/2008\/02\/26\/bashkepunim-i-frytshmem-ne-organizimin-e-nje-kampi-ditor-per-femije-2008\/","url":"https:\/\/orthodoxalbania.org\/2020\/2008\/02\/26\/bashkepunim-i-frytshmem-ne-organizimin-e-nje-kampi-ditor-per-femije-2008\/","name":"Bashk\u00ebpunim i frytshm\u00ebm n\u00eb organizimin e nj\u00eb kampi ditor p\u00ebr f\u00ebmij\u00eb. (2008) - Kisha Orthodh\u03bfkse Autoqefale e Shqip\u00ebris\u00eb","isPartOf":{"@id":"https:\/\/orthodoxalbania.org\/2020\/#website"},"primaryImageOfPage":{"@id":"https:\/\/orthodoxalbania.org\/2020\/2008\/02\/26\/bashkepunim-i-frytshmem-ne-organizimin-e-nje-kampi-ditor-per-femije-2008\/#primaryimage"},"image":{"@id":"https:\/\/orthodoxalbania.org\/2020\/2008\/02\/26\/bashkepunim-i-frytshmem-ne-organizimin-e-nje-kampi-ditor-per-femije-2008\/#primaryimage"},"thumbnailUrl":"https:\/\/lh5.googleusercontent.com\/-FfdJbf3yDFM\/VJFw0wpyu6I\/AAAAAAAAIKA\/EUqCAr1G0_U\/w438-h336-no\/1.JPG","datePublished":"2008-02-26T00:00:00+00:00","dateModified":"2020-04-06T20:35:31+00:00","breadcrumb":{"@id":"https:\/\/orthodoxalbania.org\/2020\/2008\/02\/26\/bashkepunim-i-frytshmem-ne-organizimin-e-nje-kampi-ditor-per-femije-2008\/#breadcrumb"},"inLanguage":"en-US","potentialAction":[{"@type":"ReadAction","target":["https:\/\/orthodoxalbania.org\/2020\/2008\/02\/26\/bashkepunim-i-frytshmem-ne-organizimin-e-nje-kampi-ditor-per-femije-2008\/"]}]},{"@type":"ImageObject","inLanguage":"en-US","@id":"https:\/\/orthodoxalbania.org\/2020\/2008\/02\/26\/bashkepunim-i-frytshmem-ne-organizimin-e-nje-kampi-ditor-per-femije-2008\/#primaryimage","url":"https:\/\/lh5.googleusercontent.com\/-FfdJbf3yDFM\/VJFw0wpyu6I\/AAAAAAAAIKA\/EUqCAr1G0_U\/w438-h336-no\/1.JPG","contentUrl":"https:\/\/lh5.googleusercontent.com\/-FfdJbf3yDFM\/VJFw0wpyu6I\/AAAAAAAAIKA\/EUqCAr1G0_U\/w438-h336-no\/1.JPG"},{"@type":"BreadcrumbList","@id":"https:\/\/orthodoxalbania.org\/2020\/2008\/02\/26\/bashkepunim-i-frytshmem-ne-organizimin-e-nje-kampi-ditor-per-femije-2008\/#breadcrumb","itemListElement":[{"@type":"ListItem","position":1,"name":"Home","item":"https:\/\/orthodoxalbania.org\/2020\/"},{"@type":"ListItem","position":2,"name":"Bashk\u00ebpunim i frytshm\u00ebm n\u00eb organizimin e nj\u00eb kampi ditor p\u00ebr f\u00ebmij\u00eb. (2008)"}]},{"@type":"WebSite","@id":"https:\/\/orthodoxalbania.org\/2020\/#website","url":"https:\/\/orthodoxalbania.org\/2020\/","name":"Kisha Orthodh\u03bfkse Autoqefale e Shqip\u00ebris\u00eb","description":"Fqja Zyrtare e Kish\u00ebs Orthodhokse Autoqefale e Shqip\u00ebris\u00eb me lajmet edhe informacionet zyrtare p\u00ebr struktur\u00ebn edhe veprimtarin e saj.","publisher":{"@id":"https:\/\/orthodoxalbania.org\/2020\/#organization"},"potentialAction":[{"@type":"SearchAction","target":{"@type":"EntryPoint","urlTemplate":"https:\/\/orthodoxalbania.org\/2020\/?s={search_term_string}"},"query-input":{"@type":"PropertyValueSpecification","valueRequired":true,"valueName":"search_term_string"}}],"inLanguage":"en-US"},{"@type":"Organization","@id":"https:\/\/orthodoxalbania.org\/2020\/#organization","name":"Kisha Orthodhokse Autoqefale e Shqip\u00ebris\u00eb","url":"https:\/\/orthodoxalbania.org\/2020\/","logo":{"@type":"ImageObject","inLanguage":"en-US","@id":"https:\/\/orthodoxalbania.org\/2020\/#\/schema\/logo\/image\/","url":"https:\/\/orthodoxalbania.org\/2020\/wp-content\/uploads\/2020\/05\/albania.jpeg","contentUrl":"https:\/\/orthodoxalbania.org\/2020\/wp-content\/uploads\/2020\/05\/albania.jpeg","width":540,"height":540,"caption":"Kisha Orthodhokse Autoqefale e Shqip\u00ebris\u00eb"},"image":{"@id":"https:\/\/orthodoxalbania.org\/2020\/#\/schema\/logo\/image\/"},"sameAs":["https:\/\/www.facebook.com\/koash1991"]},{"@type":"Person","@id":"https:\/\/orthodoxalbania.org\/2020\/#\/schema\/person\/0c387634a7063ac612d7ed9ce71c7e86","name":"Kisha Orthodhokse","image":{"@type":"ImageObject","inLanguage":"en-US","@id":"https:\/\/secure.gravatar.com\/avatar\/596e7c417251e30f2fbb9c00e026fce61a695a00e51c889caded71c96cbbdde5?s=96&d=mm&r=g","url":"https:\/\/secure.gravatar.com\/avatar\/596e7c417251e30f2fbb9c00e026fce61a695a00e51c889caded71c96cbbdde5?s=96&d=mm&r=g","contentUrl":"https:\/\/secure.gravatar.com\/avatar\/596e7c417251e30f2fbb9c00e026fce61a695a00e51c889caded71c96cbbdde5?s=96&d=mm&r=g","caption":"Kisha Orthodhokse"}}]}},"_links":{"self":[{"href":"https:\/\/orthodoxalbania.org\/2020\/wp-json\/wp\/v2\/posts\/307","targetHints":{"allow":["GET"]}}],"collection":[{"href":"https:\/\/orthodoxalbania.org\/2020\/wp-json\/wp\/v2\/posts"}],"about":[{"href":"https:\/\/orthodoxalbania.org\/2020\/wp-json\/wp\/v2\/types\/post"}],"author":[{"embeddable":true,"href":"https:\/\/orthodoxalbania.org\/2020\/wp-json\/wp\/v2\/users\/1"}],"replies":[{"embeddable":true,"href":"https:\/\/orthodoxalbania.org\/2020\/wp-json\/wp\/v2\/comments?post=307"}],"version-history":[{"count":1,"href":"https:\/\/orthodoxalbania.org\/2020\/wp-json\/wp\/v2\/posts\/307\/revisions"}],"predecessor-version":[{"id":15702,"href":"https:\/\/orthodoxalbania.org\/2020\/wp-json\/wp\/v2\/posts\/307\/revisions\/15702"}],"wp:attachment":[{"href":"https:\/\/orthodoxalbania.org\/2020\/wp-json\/wp\/v2\/media?parent=307"}],"wp:term":[{"taxonomy":"category","embeddable":true,"href":"https:\/\/orthodoxalbania.org\/2020\/wp-json\/wp\/v2\/categories?post=307"},{"taxonomy":"post_tag","embeddable":true,"href":"https:\/\/orthodoxalbania.org\/2020\/wp-json\/wp\/v2\/tags?post=307"}],"curies":[{"name":"wp","href":"https:\/\/api.w.org\/{rel}","templated":true}]}}