{"id":306,"date":"2013-03-21T11:54:22","date_gmt":"2013-03-21T11:54:22","guid":{"rendered":""},"modified":"2020-04-06T22:06:06","modified_gmt":"2020-04-06T20:06:06","slug":"bashkepunim-dhe-ndarje-pervojash-grate-orthodhokse-te-rrushkullit-e-te-jubes-vizitojne-e-takojne-ato-te-kavajes","status":"publish","type":"post","link":"https:\/\/orthodoxalbania.org\/2020\/2013\/03\/21\/bashkepunim-dhe-ndarje-pervojash-grate-orthodhokse-te-rrushkullit-e-te-jubes-vizitojne-e-takojne-ato-te-kavajes\/","title":{"rendered":"Bashk\u00ebpunim dhe ndarje p\u00ebrvojash. Grat\u00eb orthodhokse t\u00eb Rrushkullit e t\u00eb Jub\u00ebs vizitojn\u00eb e takojn\u00eb ato t\u00eb Kavaj\u00ebs. (29 Prill 2012)"},"content":{"rendered":"<div style=\"text-align: justify;\"><span style=\"font-size: 12pt; font-family: helvetica;\"><\/span><\/div>\n<div style=\"text-align: justify;\"><span style=\"color: #000000; font-size: 12pt; font-family: helvetica;\"><img class=\"lazyload\" decoding=\"async\" style=\"float: left; width: 300px; height: 225px; border-width: 1px; border-style: solid; margin: 10px;\" alt=\"\" src=\"data:image\/gif;base64,R0lGODlhAQABAAAAACH5BAEKAAEALAAAAAABAAEAAAICTAEAOw==\" data-orig-src=\"https:\/\/lh6.googleusercontent.com\/-oh1dnk9-xh8\/T65AAspxDtI\/AAAAAAAAAEs\/mhikWIIdOj0\/s720\/CIMG5552 (1).JPG\" \/><\/span><\/div>\n<div style=\"text-align: justify;\"><span style=\"color: #000000; font-size: 12pt; font-family: helvetica;\">&nbsp;&nbsp;&nbsp; T\u00eb diel\u00ebn e Grave Miroprur\u00ebse, dt. 29 prill, nj\u00eb grup i madh grash e t\u00eb rejash besimtare orthodhokse t\u00eb fshatrave Rrushkull e Jub\u00eb, t\u00eb rrethit t\u00eb Durr\u00ebsit vizituan dhe takuan grat\u00eb e t\u00eb rejat besimtare t\u00eb qytetit t\u00eb Kavaj\u00ebs.<\/span><\/div>\n<div style=\"text-align: justify;\"><span style=\"color: #000000; font-size: 12pt; font-family: helvetica;\"> &nbsp;&nbsp;&nbsp; Q\u00ebllimi i k\u00ebtij aktiviteti ishte pelegrinazhi n\u00eb kishat e qytetit t\u00eb Kavaj\u00ebs brenda atmosfer\u00ebs festive t\u00eb pas Pashk\u00ebs dhe njohja mes tyre. Nisma dhe organizimi i&nbsp; k\u00ebtij takimi festiv dhe bashk\u00ebpunimi enorish, q\u00eb kishte motiv&nbsp; \u201cforcim e bashk\u00ebpunim komuniteti dhe ndarje p\u00ebrvojash\u201d, ishte nga Episkop Asti dhe z. Miron \u00c7ako, p\u00ebrgjegj\u00ebs i Zyr\u00ebs s\u00eb Katekizmit t\u00eb Kryepiskopat\u00ebs. N\u00eb k\u00ebt\u00eb aktivitet edhe ndihmuan klerik\u00ebt e k\u00ebtyre dy komuniteteve. Merrnin pjes\u00eb n\u00eb veprimtari edhe p\u00ebrfaq\u00ebsues nga Zyra e Grave t\u00eb Kryepiskopat\u00ebs.<\/span><\/div>\n<div style=\"text-align: justify;\"><span style=\"color: #000000; font-size: 12pt; font-family: helvetica;\"> &nbsp;&nbsp;&nbsp; Liturgjia hyjnore u celebrua n\u00eb kish\u00ebn e Sh\u00ebn Nikoll\u00ebs. Bashk\u00ebmeshuan Episkop Asti, at\u00eb Petro Thanasi, at\u00eb Asti Beshiri, at\u00eb Kristo Sharko dhe at\u00eb Jani Tereziu. N\u00eb predikimin mbi Ungjillin e dit\u00ebs, q\u00eb u mbajt nga z. Miron \u00c7ako, u vu theksi nd\u00ebr t\u00eb tjera se grat\u00eb kan\u00eb treguar n\u00eb historin\u00eb e Kish\u00ebs se kan\u00eb fuqi t\u00eb madhe n\u00eb p\u00ebrhapjen e besimit t\u00eb krishter\u00eb&#8230; \u00e7do grua duhet t\u00eb d\u00ebgjoj\u00eb Lajmin e Mir\u00eb \u201cKrishti u ngjall\u201d dhe ta p\u00ebrhap\u00eb at\u00eb te familja e saj dhe te shoq\u00ebria, sipas shembullit t\u00eb Grave Miroprur\u00ebse.<\/span><\/div>\n<div style=\"text-align: justify;\"><span style=\"color: #000000; font-size: 12pt; font-family: helvetica;\"> &nbsp;&nbsp;&nbsp; Pas liturgjis\u00eb pasoi ekskursioni, n\u00eb m\u00ebnyr\u00eb t\u00eb organizuara me autobus\u00eb nga t\u00eb dy grupet, me vizit\u00ebn n\u00eb kish\u00ebn e vjet\u00ebr e \u00e7udib\u00ebr\u00ebse t\u00eb Sh\u00ebn e Premtes (Parashqevis\u00eb), e cila sapo \u00ebsht\u00eb restauruar me fondet e siguruara nga Kryepiskopi Anastas. P\u00ebr t\u00eb gjith\u00eb t\u00eb pranishmit u ofrua nj\u00eb qerasje bashk\u00eb me vez\u00ebt e kuqe tradicionale t\u00eb Pashk\u00ebs, t\u00eb p\u00ebrgatitura nga grat\u00eb mikprit\u00ebse.<\/span><\/div>\n<div style=\"text-align: justify;\"><span style=\"color: #000000; font-size: 12pt; font-family: helvetica;\"> &nbsp;&nbsp;&nbsp; T\u00eb gjith\u00eb ndjen\u00eb dhe shijuan me t\u00eb v\u00ebrtet\u00eb nj\u00eb k\u00ebnaq\u00ebsi, paqe dhe g\u00ebzim shpirt\u00ebror mes motrash t\u00eb krishtera, t\u00eb shoq\u00ebruar edhe me bukurin\u00eb natyrore t\u00eb vendit t\u00eb shenjt\u00eb. N\u00eb k\u00ebt\u00eb atmosfer\u00eb grave t\u00eb pranishme n\u00eb veprimtari u foli Episkop Asti, duke i nxitur m\u00eb tep\u00ebr rreth jet\u00ebs dhe pjes\u00ebmarrjes n\u00eb Trupin e Krishtit (Kish\u00ebn), n\u00ebp\u00ebrmjet rritjes n\u00eb dije dhe n\u00eb p\u00ebrjetim, miq\u00ebsis\u00eb, d\u00ebshmis\u00eb dhe sh\u00ebrbimit.<\/span><\/div>\n<div style=\"text-align: justify;\"><span style=\"color: #000000; font-size: 12pt; font-family: helvetica;\"> &nbsp;&nbsp;&nbsp; Rasti i festimeve t\u00eb emrave t\u00eb vet\u00eb besimtareve, i festave dhe panaireve t\u00eb kishave t\u00eb tyre p\u00ebrkat\u00ebse t\u00eb Sh\u00ebn Pavlit n\u00eb Rrushkull, t\u00eb Sh\u00ebn Premtes dhe Sh\u00ebn Nikoll\u00ebs n\u00eb Kavaj\u00eb, dhe p\u00ebrdorimi i teknologjis\u00eb komunikuese t\u00eb koh\u00ebs p\u00ebrb\u00ebjn\u00eb disa nxitje dhe shprehje konkrete t\u00eb k\u00ebtij komunikimi mes tyre n\u00eb t\u00eb ardhmen.<\/span><\/div>\n<div style=\"text-align: justify;\"><span style=\"color: #000000; font-size: 12pt; font-family: helvetica;\"> &nbsp;&nbsp;&nbsp; Me himnin \u201cKrishti u ngjall&#8230;\u201d dhe me fal\u00ebnderime drejtuar Per\u00ebndis\u00eb, Kryepiskopit Anastas dhe organizator\u00ebve dhe pjes\u00ebmarr\u00ebsve, si edhe me lutjen drejtuar Per\u00ebndis\u00eb q\u00eb t\u00eb takohen p\u00ebrs\u00ebri dhe m\u00eb shpesh n\u00eb organizime t\u00eb tilla, u mbyll ky aktivitet mbres\u00ebl\u00ebn\u00ebs.<\/span><\/div>\n<div style=\"text-align: right;\"><span style=\"color: #000000; font-size: 12pt; font-family: helvetica;\"> <strong>Nga lidhja e grave besimtare t\u00eb Kavaj\u00ebs <\/strong><\/span><\/div>\n<div style=\"text-align: justify;\"><span style=\"font-size: 12pt; font-family: helvetica;\"><\/span><\/div>\n","protected":false},"excerpt":{"rendered":"<p>&nbsp;&nbsp;&nbsp; T\u00eb diel\u00ebn e Grave Miroprur\u00ebse, dt. 29 prill, nj\u00eb grup i madh grash e t\u00eb rejash besimtare orthodhokse t\u00eb fshatrave Rrushkull e Jub\u00eb, t\u00eb rrethit t\u00eb Durr\u00ebsit vizituan dhe takuan grat\u00eb e t\u00eb rejat besimtare t\u00eb qytetit t\u00eb Kavaj\u00ebs. &nbsp;&nbsp;&nbsp; Q\u00ebllimi i k\u00ebtij aktiviteti ishte pelegrinazhi n\u00eb kishat e qytetit t\u00eb Kavaj\u00ebs brenda atmosfer\u00ebs festive t\u00eb pas Pashk\u00ebs dhe njohja mes tyre. Nisma dhe<\/p>\n","protected":false},"author":1,"featured_media":0,"comment_status":"open","ping_status":"open","sticky":false,"template":"","format":"standard","meta":{"_acf_changed":false,"pagelayer_contact_templates":[],"_pagelayer_content":"","inline_featured_image":false,"fifu_image_url":"","fifu_image_alt":"","footnotes":""},"categories":[108],"tags":[142,196,212,187],"class_list":["post-306","post","type-post","status-publish","format-standard","hentry","category-lajme","tag-142","tag-tirane","tag-lajme-d27","tag-lidhja-e-grave-orthodhokse"],"acf":[],"yoast_head":"<!-- This site is optimized with the Yoast SEO plugin v27.2 - https:\/\/yoast.com\/product\/yoast-seo-wordpress\/ -->\n<title>Bashk\u00ebpunim dhe ndarje p\u00ebrvojash. Grat\u00eb orthodhokse t\u00eb Rrushkullit e t\u00eb Jub\u00ebs vizitojn\u00eb e takojn\u00eb ato t\u00eb Kavaj\u00ebs. (29 Prill 2012) - Kisha Orthodh\u03bfkse Autoqefale e Shqip\u00ebris\u00eb<\/title>\n<meta name=\"robots\" content=\"index, follow, max-snippet:-1, max-image-preview:large, max-video-preview:-1\" \/>\n<link rel=\"canonical\" href=\"https:\/\/orthodoxalbania.org\/2020\/2013\/03\/21\/bashkepunim-dhe-ndarje-pervojash-grate-orthodhokse-te-rrushkullit-e-te-jubes-vizitojne-e-takojne-ato-te-kavajes\/\" \/>\n<meta property=\"og:locale\" content=\"en_US\" \/>\n<meta property=\"og:type\" content=\"article\" \/>\n<meta property=\"og:title\" content=\"Bashk\u00ebpunim dhe ndarje p\u00ebrvojash. Grat\u00eb orthodhokse t\u00eb Rrushkullit e t\u00eb Jub\u00ebs vizitojn\u00eb e takojn\u00eb ato t\u00eb Kavaj\u00ebs. (29 Prill 2012) - Kisha Orthodh\u03bfkse Autoqefale e Shqip\u00ebris\u00eb\" \/>\n<meta property=\"og:description\" content=\"&nbsp;&nbsp;&nbsp; T\u00eb diel\u00ebn e Grave Miroprur\u00ebse, dt. 29 prill, nj\u00eb grup i madh grash e t\u00eb rejash besimtare orthodhokse t\u00eb fshatrave Rrushkull e Jub\u00eb, t\u00eb rrethit t\u00eb Durr\u00ebsit vizituan dhe takuan grat\u00eb e t\u00eb rejat besimtare t\u00eb qytetit t\u00eb Kavaj\u00ebs. &nbsp;&nbsp;&nbsp; Q\u00ebllimi i k\u00ebtij aktiviteti ishte pelegrinazhi n\u00eb kishat e qytetit t\u00eb Kavaj\u00ebs brenda atmosfer\u00ebs festive t\u00eb pas Pashk\u00ebs dhe njohja mes tyre. Nisma dhe\" \/>\n<meta property=\"og:url\" content=\"https:\/\/orthodoxalbania.org\/2020\/2013\/03\/21\/bashkepunim-dhe-ndarje-pervojash-grate-orthodhokse-te-rrushkullit-e-te-jubes-vizitojne-e-takojne-ato-te-kavajes\/\" \/>\n<meta property=\"og:site_name\" content=\"Kisha Orthodh\u03bfkse Autoqefale e Shqip\u00ebris\u00eb\" \/>\n<meta property=\"article:publisher\" content=\"https:\/\/www.facebook.com\/koash1991\" \/>\n<meta property=\"article:published_time\" content=\"2013-03-21T11:54:22+00:00\" \/>\n<meta property=\"article:modified_time\" content=\"2020-04-06T20:06:06+00:00\" \/>\n<meta property=\"og:image\" content=\"https:\/\/lh6.googleusercontent.com\/-oh1dnk9-xh8\/T65AAspxDtI\/AAAAAAAAAEs\/mhikWIIdOj0\/s720\/CIMG5552%20(1).JPG\" \/>\n<meta name=\"author\" content=\"Kisha Orthodhokse\" \/>\n<meta name=\"twitter:card\" content=\"summary_large_image\" \/>\n<meta name=\"twitter:label1\" content=\"Written by\" \/>\n\t<meta name=\"twitter:data1\" content=\"Kisha Orthodhokse\" \/>\n\t<meta name=\"twitter:label2\" content=\"Est. reading time\" \/>\n\t<meta name=\"twitter:data2\" content=\"3 minutes\" \/>\n<script type=\"application\/ld+json\" class=\"yoast-schema-graph\">{\"@context\":\"https:\/\/schema.org\",\"@graph\":[{\"@type\":\"Article\",\"@id\":\"https:\/\/orthodoxalbania.org\/2020\/2013\/03\/21\/bashkepunim-dhe-ndarje-pervojash-grate-orthodhokse-te-rrushkullit-e-te-jubes-vizitojne-e-takojne-ato-te-kavajes\/#article\",\"isPartOf\":{\"@id\":\"https:\/\/orthodoxalbania.org\/2020\/2013\/03\/21\/bashkepunim-dhe-ndarje-pervojash-grate-orthodhokse-te-rrushkullit-e-te-jubes-vizitojne-e-takojne-ato-te-kavajes\/\"},\"author\":{\"name\":\"Kisha Orthodhokse\",\"@id\":\"https:\/\/orthodoxalbania.org\/2020\/#\/schema\/person\/0c387634a7063ac612d7ed9ce71c7e86\"},\"headline\":\"Bashk\u00ebpunim dhe ndarje p\u00ebrvojash. Grat\u00eb orthodhokse t\u00eb Rrushkullit e t\u00eb Jub\u00ebs vizitojn\u00eb e takojn\u00eb ato t\u00eb Kavaj\u00ebs. (29 Prill 2012)\",\"datePublished\":\"2013-03-21T11:54:22+00:00\",\"dateModified\":\"2020-04-06T20:06:06+00:00\",\"mainEntityOfPage\":{\"@id\":\"https:\/\/orthodoxalbania.org\/2020\/2013\/03\/21\/bashkepunim-dhe-ndarje-pervojash-grate-orthodhokse-te-rrushkullit-e-te-jubes-vizitojne-e-takojne-ato-te-kavajes\/\"},\"wordCount\":561,\"commentCount\":0,\"publisher\":{\"@id\":\"https:\/\/orthodoxalbania.org\/2020\/#organization\"},\"keywords\":[\"2012\",\"Kryepiskopata Tiran\u00eb\",\"lajme\",\"Lidhja e Grave Orthodhokse\"],\"articleSection\":[\"Lajme\"],\"inLanguage\":\"en-US\"},{\"@type\":\"WebPage\",\"@id\":\"https:\/\/orthodoxalbania.org\/2020\/2013\/03\/21\/bashkepunim-dhe-ndarje-pervojash-grate-orthodhokse-te-rrushkullit-e-te-jubes-vizitojne-e-takojne-ato-te-kavajes\/\",\"url\":\"https:\/\/orthodoxalbania.org\/2020\/2013\/03\/21\/bashkepunim-dhe-ndarje-pervojash-grate-orthodhokse-te-rrushkullit-e-te-jubes-vizitojne-e-takojne-ato-te-kavajes\/\",\"name\":\"Bashk\u00ebpunim dhe ndarje p\u00ebrvojash. Grat\u00eb orthodhokse t\u00eb Rrushkullit e t\u00eb Jub\u00ebs vizitojn\u00eb e takojn\u00eb ato t\u00eb Kavaj\u00ebs. (29 Prill 2012) - Kisha Orthodh\u03bfkse Autoqefale e Shqip\u00ebris\u00eb\",\"isPartOf\":{\"@id\":\"https:\/\/orthodoxalbania.org\/2020\/#website\"},\"datePublished\":\"2013-03-21T11:54:22+00:00\",\"dateModified\":\"2020-04-06T20:06:06+00:00\",\"breadcrumb\":{\"@id\":\"https:\/\/orthodoxalbania.org\/2020\/2013\/03\/21\/bashkepunim-dhe-ndarje-pervojash-grate-orthodhokse-te-rrushkullit-e-te-jubes-vizitojne-e-takojne-ato-te-kavajes\/#breadcrumb\"},\"inLanguage\":\"en-US\",\"potentialAction\":[{\"@type\":\"ReadAction\",\"target\":[\"https:\/\/orthodoxalbania.org\/2020\/2013\/03\/21\/bashkepunim-dhe-ndarje-pervojash-grate-orthodhokse-te-rrushkullit-e-te-jubes-vizitojne-e-takojne-ato-te-kavajes\/\"]}]},{\"@type\":\"BreadcrumbList\",\"@id\":\"https:\/\/orthodoxalbania.org\/2020\/2013\/03\/21\/bashkepunim-dhe-ndarje-pervojash-grate-orthodhokse-te-rrushkullit-e-te-jubes-vizitojne-e-takojne-ato-te-kavajes\/#breadcrumb\",\"itemListElement\":[{\"@type\":\"ListItem\",\"position\":1,\"name\":\"Home\",\"item\":\"https:\/\/orthodoxalbania.org\/2020\/\"},{\"@type\":\"ListItem\",\"position\":2,\"name\":\"Bashk\u00ebpunim dhe ndarje p\u00ebrvojash. Grat\u00eb orthodhokse t\u00eb Rrushkullit e t\u00eb Jub\u00ebs vizitojn\u00eb e takojn\u00eb ato t\u00eb Kavaj\u00ebs. (29 Prill 2012)\"}]},{\"@type\":\"WebSite\",\"@id\":\"https:\/\/orthodoxalbania.org\/2020\/#website\",\"url\":\"https:\/\/orthodoxalbania.org\/2020\/\",\"name\":\"Kisha Orthodh\u03bfkse Autoqefale e Shqip\u00ebris\u00eb\",\"description\":\"Fqja Zyrtare e Kish\u00ebs Orthodhokse Autoqefale e Shqip\u00ebris\u00eb me lajmet edhe informacionet zyrtare p\u00ebr struktur\u00ebn edhe veprimtarin e saj.\",\"publisher\":{\"@id\":\"https:\/\/orthodoxalbania.org\/2020\/#organization\"},\"potentialAction\":[{\"@type\":\"SearchAction\",\"target\":{\"@type\":\"EntryPoint\",\"urlTemplate\":\"https:\/\/orthodoxalbania.org\/2020\/?s={search_term_string}\"},\"query-input\":{\"@type\":\"PropertyValueSpecification\",\"valueRequired\":true,\"valueName\":\"search_term_string\"}}],\"inLanguage\":\"en-US\"},{\"@type\":\"Organization\",\"@id\":\"https:\/\/orthodoxalbania.org\/2020\/#organization\",\"name\":\"Kisha Orthodhokse Autoqefale e Shqip\u00ebris\u00eb\",\"url\":\"https:\/\/orthodoxalbania.org\/2020\/\",\"logo\":{\"@type\":\"ImageObject\",\"inLanguage\":\"en-US\",\"@id\":\"https:\/\/orthodoxalbania.org\/2020\/#\/schema\/logo\/image\/\",\"url\":\"https:\/\/orthodoxalbania.org\/2020\/wp-content\/uploads\/2020\/05\/albania.jpeg\",\"contentUrl\":\"https:\/\/orthodoxalbania.org\/2020\/wp-content\/uploads\/2020\/05\/albania.jpeg\",\"width\":540,\"height\":540,\"caption\":\"Kisha Orthodhokse Autoqefale e Shqip\u00ebris\u00eb\"},\"image\":{\"@id\":\"https:\/\/orthodoxalbania.org\/2020\/#\/schema\/logo\/image\/\"},\"sameAs\":[\"https:\/\/www.facebook.com\/koash1991\"]},{\"@type\":\"Person\",\"@id\":\"https:\/\/orthodoxalbania.org\/2020\/#\/schema\/person\/0c387634a7063ac612d7ed9ce71c7e86\",\"name\":\"Kisha Orthodhokse\",\"image\":{\"@type\":\"ImageObject\",\"inLanguage\":\"en-US\",\"@id\":\"https:\/\/secure.gravatar.com\/avatar\/596e7c417251e30f2fbb9c00e026fce61a695a00e51c889caded71c96cbbdde5?s=96&d=mm&r=g\",\"url\":\"https:\/\/secure.gravatar.com\/avatar\/596e7c417251e30f2fbb9c00e026fce61a695a00e51c889caded71c96cbbdde5?s=96&d=mm&r=g\",\"contentUrl\":\"https:\/\/secure.gravatar.com\/avatar\/596e7c417251e30f2fbb9c00e026fce61a695a00e51c889caded71c96cbbdde5?s=96&d=mm&r=g\",\"caption\":\"Kisha Orthodhokse\"}}]}<\/script>\n<!-- \/ Yoast SEO plugin. -->","yoast_head_json":{"title":"Bashk\u00ebpunim dhe ndarje p\u00ebrvojash. Grat\u00eb orthodhokse t\u00eb Rrushkullit e t\u00eb Jub\u00ebs vizitojn\u00eb e takojn\u00eb ato t\u00eb Kavaj\u00ebs. (29 Prill 2012) - Kisha Orthodh\u03bfkse Autoqefale e Shqip\u00ebris\u00eb","robots":{"index":"index","follow":"follow","max-snippet":"max-snippet:-1","max-image-preview":"max-image-preview:large","max-video-preview":"max-video-preview:-1"},"canonical":"https:\/\/orthodoxalbania.org\/2020\/2013\/03\/21\/bashkepunim-dhe-ndarje-pervojash-grate-orthodhokse-te-rrushkullit-e-te-jubes-vizitojne-e-takojne-ato-te-kavajes\/","og_locale":"en_US","og_type":"article","og_title":"Bashk\u00ebpunim dhe ndarje p\u00ebrvojash. Grat\u00eb orthodhokse t\u00eb Rrushkullit e t\u00eb Jub\u00ebs vizitojn\u00eb e takojn\u00eb ato t\u00eb Kavaj\u00ebs. (29 Prill 2012) - Kisha Orthodh\u03bfkse Autoqefale e Shqip\u00ebris\u00eb","og_description":"&nbsp;&nbsp;&nbsp; T\u00eb diel\u00ebn e Grave Miroprur\u00ebse, dt. 29 prill, nj\u00eb grup i madh grash e t\u00eb rejash besimtare orthodhokse t\u00eb fshatrave Rrushkull e Jub\u00eb, t\u00eb rrethit t\u00eb Durr\u00ebsit vizituan dhe takuan grat\u00eb e t\u00eb rejat besimtare t\u00eb qytetit t\u00eb Kavaj\u00ebs. &nbsp;&nbsp;&nbsp; Q\u00ebllimi i k\u00ebtij aktiviteti ishte pelegrinazhi n\u00eb kishat e qytetit t\u00eb Kavaj\u00ebs brenda atmosfer\u00ebs festive t\u00eb pas Pashk\u00ebs dhe njohja mes tyre. Nisma dhe","og_url":"https:\/\/orthodoxalbania.org\/2020\/2013\/03\/21\/bashkepunim-dhe-ndarje-pervojash-grate-orthodhokse-te-rrushkullit-e-te-jubes-vizitojne-e-takojne-ato-te-kavajes\/","og_site_name":"Kisha Orthodh\u03bfkse Autoqefale e Shqip\u00ebris\u00eb","article_publisher":"https:\/\/www.facebook.com\/koash1991","article_published_time":"2013-03-21T11:54:22+00:00","article_modified_time":"2020-04-06T20:06:06+00:00","og_image":[{"url":"https:\/\/lh6.googleusercontent.com\/-oh1dnk9-xh8\/T65AAspxDtI\/AAAAAAAAAEs\/mhikWIIdOj0\/s720\/CIMG5552 (1).JPG","type":"","width":"","height":""}],"author":"Kisha Orthodhokse","twitter_card":"summary_large_image","twitter_misc":{"Written by":"Kisha Orthodhokse","Est. reading time":"3 minutes"},"schema":{"@context":"https:\/\/schema.org","@graph":[{"@type":"Article","@id":"https:\/\/orthodoxalbania.org\/2020\/2013\/03\/21\/bashkepunim-dhe-ndarje-pervojash-grate-orthodhokse-te-rrushkullit-e-te-jubes-vizitojne-e-takojne-ato-te-kavajes\/#article","isPartOf":{"@id":"https:\/\/orthodoxalbania.org\/2020\/2013\/03\/21\/bashkepunim-dhe-ndarje-pervojash-grate-orthodhokse-te-rrushkullit-e-te-jubes-vizitojne-e-takojne-ato-te-kavajes\/"},"author":{"name":"Kisha Orthodhokse","@id":"https:\/\/orthodoxalbania.org\/2020\/#\/schema\/person\/0c387634a7063ac612d7ed9ce71c7e86"},"headline":"Bashk\u00ebpunim dhe ndarje p\u00ebrvojash. Grat\u00eb orthodhokse t\u00eb Rrushkullit e t\u00eb Jub\u00ebs vizitojn\u00eb e takojn\u00eb ato t\u00eb Kavaj\u00ebs. (29 Prill 2012)","datePublished":"2013-03-21T11:54:22+00:00","dateModified":"2020-04-06T20:06:06+00:00","mainEntityOfPage":{"@id":"https:\/\/orthodoxalbania.org\/2020\/2013\/03\/21\/bashkepunim-dhe-ndarje-pervojash-grate-orthodhokse-te-rrushkullit-e-te-jubes-vizitojne-e-takojne-ato-te-kavajes\/"},"wordCount":561,"commentCount":0,"publisher":{"@id":"https:\/\/orthodoxalbania.org\/2020\/#organization"},"keywords":["2012","Kryepiskopata Tiran\u00eb","lajme","Lidhja e Grave Orthodhokse"],"articleSection":["Lajme"],"inLanguage":"en-US"},{"@type":"WebPage","@id":"https:\/\/orthodoxalbania.org\/2020\/2013\/03\/21\/bashkepunim-dhe-ndarje-pervojash-grate-orthodhokse-te-rrushkullit-e-te-jubes-vizitojne-e-takojne-ato-te-kavajes\/","url":"https:\/\/orthodoxalbania.org\/2020\/2013\/03\/21\/bashkepunim-dhe-ndarje-pervojash-grate-orthodhokse-te-rrushkullit-e-te-jubes-vizitojne-e-takojne-ato-te-kavajes\/","name":"Bashk\u00ebpunim dhe ndarje p\u00ebrvojash. Grat\u00eb orthodhokse t\u00eb Rrushkullit e t\u00eb Jub\u00ebs vizitojn\u00eb e takojn\u00eb ato t\u00eb Kavaj\u00ebs. (29 Prill 2012) - Kisha Orthodh\u03bfkse Autoqefale e Shqip\u00ebris\u00eb","isPartOf":{"@id":"https:\/\/orthodoxalbania.org\/2020\/#website"},"datePublished":"2013-03-21T11:54:22+00:00","dateModified":"2020-04-06T20:06:06+00:00","breadcrumb":{"@id":"https:\/\/orthodoxalbania.org\/2020\/2013\/03\/21\/bashkepunim-dhe-ndarje-pervojash-grate-orthodhokse-te-rrushkullit-e-te-jubes-vizitojne-e-takojne-ato-te-kavajes\/#breadcrumb"},"inLanguage":"en-US","potentialAction":[{"@type":"ReadAction","target":["https:\/\/orthodoxalbania.org\/2020\/2013\/03\/21\/bashkepunim-dhe-ndarje-pervojash-grate-orthodhokse-te-rrushkullit-e-te-jubes-vizitojne-e-takojne-ato-te-kavajes\/"]}]},{"@type":"BreadcrumbList","@id":"https:\/\/orthodoxalbania.org\/2020\/2013\/03\/21\/bashkepunim-dhe-ndarje-pervojash-grate-orthodhokse-te-rrushkullit-e-te-jubes-vizitojne-e-takojne-ato-te-kavajes\/#breadcrumb","itemListElement":[{"@type":"ListItem","position":1,"name":"Home","item":"https:\/\/orthodoxalbania.org\/2020\/"},{"@type":"ListItem","position":2,"name":"Bashk\u00ebpunim dhe ndarje p\u00ebrvojash. Grat\u00eb orthodhokse t\u00eb Rrushkullit e t\u00eb Jub\u00ebs vizitojn\u00eb e takojn\u00eb ato t\u00eb Kavaj\u00ebs. (29 Prill 2012)"}]},{"@type":"WebSite","@id":"https:\/\/orthodoxalbania.org\/2020\/#website","url":"https:\/\/orthodoxalbania.org\/2020\/","name":"Kisha Orthodh\u03bfkse Autoqefale e Shqip\u00ebris\u00eb","description":"Fqja Zyrtare e Kish\u00ebs Orthodhokse Autoqefale e Shqip\u00ebris\u00eb me lajmet edhe informacionet zyrtare p\u00ebr struktur\u00ebn edhe veprimtarin e saj.","publisher":{"@id":"https:\/\/orthodoxalbania.org\/2020\/#organization"},"potentialAction":[{"@type":"SearchAction","target":{"@type":"EntryPoint","urlTemplate":"https:\/\/orthodoxalbania.org\/2020\/?s={search_term_string}"},"query-input":{"@type":"PropertyValueSpecification","valueRequired":true,"valueName":"search_term_string"}}],"inLanguage":"en-US"},{"@type":"Organization","@id":"https:\/\/orthodoxalbania.org\/2020\/#organization","name":"Kisha Orthodhokse Autoqefale e Shqip\u00ebris\u00eb","url":"https:\/\/orthodoxalbania.org\/2020\/","logo":{"@type":"ImageObject","inLanguage":"en-US","@id":"https:\/\/orthodoxalbania.org\/2020\/#\/schema\/logo\/image\/","url":"https:\/\/orthodoxalbania.org\/2020\/wp-content\/uploads\/2020\/05\/albania.jpeg","contentUrl":"https:\/\/orthodoxalbania.org\/2020\/wp-content\/uploads\/2020\/05\/albania.jpeg","width":540,"height":540,"caption":"Kisha Orthodhokse Autoqefale e Shqip\u00ebris\u00eb"},"image":{"@id":"https:\/\/orthodoxalbania.org\/2020\/#\/schema\/logo\/image\/"},"sameAs":["https:\/\/www.facebook.com\/koash1991"]},{"@type":"Person","@id":"https:\/\/orthodoxalbania.org\/2020\/#\/schema\/person\/0c387634a7063ac612d7ed9ce71c7e86","name":"Kisha Orthodhokse","image":{"@type":"ImageObject","inLanguage":"en-US","@id":"https:\/\/secure.gravatar.com\/avatar\/596e7c417251e30f2fbb9c00e026fce61a695a00e51c889caded71c96cbbdde5?s=96&d=mm&r=g","url":"https:\/\/secure.gravatar.com\/avatar\/596e7c417251e30f2fbb9c00e026fce61a695a00e51c889caded71c96cbbdde5?s=96&d=mm&r=g","contentUrl":"https:\/\/secure.gravatar.com\/avatar\/596e7c417251e30f2fbb9c00e026fce61a695a00e51c889caded71c96cbbdde5?s=96&d=mm&r=g","caption":"Kisha Orthodhokse"}}]}},"_links":{"self":[{"href":"https:\/\/orthodoxalbania.org\/2020\/wp-json\/wp\/v2\/posts\/306","targetHints":{"allow":["GET"]}}],"collection":[{"href":"https:\/\/orthodoxalbania.org\/2020\/wp-json\/wp\/v2\/posts"}],"about":[{"href":"https:\/\/orthodoxalbania.org\/2020\/wp-json\/wp\/v2\/types\/post"}],"author":[{"embeddable":true,"href":"https:\/\/orthodoxalbania.org\/2020\/wp-json\/wp\/v2\/users\/1"}],"replies":[{"embeddable":true,"href":"https:\/\/orthodoxalbania.org\/2020\/wp-json\/wp\/v2\/comments?post=306"}],"version-history":[{"count":1,"href":"https:\/\/orthodoxalbania.org\/2020\/wp-json\/wp\/v2\/posts\/306\/revisions"}],"predecessor-version":[{"id":15327,"href":"https:\/\/orthodoxalbania.org\/2020\/wp-json\/wp\/v2\/posts\/306\/revisions\/15327"}],"wp:attachment":[{"href":"https:\/\/orthodoxalbania.org\/2020\/wp-json\/wp\/v2\/media?parent=306"}],"wp:term":[{"taxonomy":"category","embeddable":true,"href":"https:\/\/orthodoxalbania.org\/2020\/wp-json\/wp\/v2\/categories?post=306"},{"taxonomy":"post_tag","embeddable":true,"href":"https:\/\/orthodoxalbania.org\/2020\/wp-json\/wp\/v2\/tags?post=306"}],"curies":[{"name":"wp","href":"https:\/\/api.w.org\/{rel}","templated":true}]}}