{"id":305,"date":"2009-03-13T00:00:00","date_gmt":"2009-03-13T00:00:00","guid":{"rendered":""},"modified":"2020-04-06T22:35:14","modified_gmt":"2020-04-06T20:35:14","slug":"bashkemeshimi-i-dy-primateve-ne-qytetin-e-korces-dhe-aktivitetet-me-rastin-e-80-vjetorit-te-kryepiskopit-anastas-shenojne-edhe-permbushjen-e-vizites-zyrtare-dhe-paqesore-te-papes-dhe-patriarkut-te-ale","status":"publish","type":"post","link":"https:\/\/orthodoxalbania.org\/2020\/2009\/03\/13\/bashkemeshimi-i-dy-primateve-ne-qytetin-e-korces-dhe-aktivitetet-me-rastin-e-80-vjetorit-te-kryepiskopit-anastas-shenojne-edhe-permbushjen-e-vizites-zyrtare-dhe-paqesore-te-papes-dhe-patriarkut-te-ale\/","title":{"rendered":"Bashk\u00ebmeshimi i dy Primat\u00ebve n\u00eb qytetin e Kor\u00e7\u00ebs dhe aktivitetet me rastin e 80 vjetorit t\u00eb Kryepiskopit Anastas, sh\u00ebnojn\u00eb edhe p\u00ebrmbushjen e vizit\u00ebs zyrtare dhe paq\u00ebsore t\u00eb Pap\u00ebs dhe Patriarkut t\u00eb Aleksandris\u00eb dhe gjith\u00eb Afrik\u00ebs, Thedhor"},"content":{"rendered":"<table style=\"float: left;\">\n<tbody>\n<tr>\n<th class=\"style4\" scope=\"row\"><span style=\"color: #000000; font-family: helvetica;\"><span style=\"font-size: 12px;\"><img decoding=\"async\" class=\"lazyload HAa Eha\" style=\"height: 133px; width: 200px; border-width: 1px; border-style: solid; margin: 10px;\" alt=\"\" src=\"data:image\/gif;base64,R0lGODlhAQABAAAAACH5BAEKAAEALAAAAAABAAEAAAICTAEAOw==\" data-orig-src=\"https:\/\/lh4.googleusercontent.com\/-QMMB1fZHo-g\/VJUylkAvi4I\/AAAAAAAAJRc\/ujqYOAr3ja4\/w958-h639-no\/1.JPG\" \/><\/span><\/span><\/th>\n<\/tr>\n<tr>\n<td class=\"style4\" style=\"text-align: center;\">\n<div><span style=\"color: #000000; font-family: helvetica;\"><span style=\"font-size: 12px;\"><img decoding=\"async\" class=\"lazyload HAa Eha\" style=\"height: 133px; width: 200px; border-width: 1px; border-style: solid; margin: 10px;\" alt=\"\" src=\"data:image\/gif;base64,R0lGODlhAQABAAAAACH5BAEKAAEALAAAAAABAAEAAAICTAEAOw==\" data-orig-src=\"https:\/\/lh3.googleusercontent.com\/-i919LP8-KaU\/VJUyqWlHhpI\/AAAAAAAAJSg\/_CuKd55pt4E\/w958-h639-no\/2.JPG\" \/><\/span><\/span><\/div>\n<\/td>\n<\/tr>\n<tr>\n<th class=\"style4\" scope=\"row\"><span style=\"color: #000000; font-family: helvetica;\"><span style=\"font-size: 12px;\"><img decoding=\"async\" class=\"lazyload HAa Eha\" style=\"height: 133px; width: 200px; border-width: 1px; border-style: solid; margin: 10px;\" alt=\"\" src=\"data:image\/gif;base64,R0lGODlhAQABAAAAACH5BAEKAAEALAAAAAABAAEAAAICTAEAOw==\" data-orig-src=\"https:\/\/lh3.googleusercontent.com\/-SyrycWpykYE\/VJUyuEAgl-I\/AAAAAAAAJTw\/9KdF3mFeMrE\/w958-h639-no\/3.JPG\" \/><\/span><\/span><\/th>\n<\/tr>\n<tr>\n<th class=\"style4\" scope=\"row\"><span style=\"color: #000000; font-family: helvetica;\"><span style=\"font-size: 12px;\"><img decoding=\"async\" class=\"lazyload HAa Eha\" style=\"height: 133px; width: 200px; border-width: 1px; border-style: solid; margin: 10px;\" alt=\"\" src=\"data:image\/gif;base64,R0lGODlhAQABAAAAACH5BAEKAAEALAAAAAABAAEAAAICTAEAOw==\" data-orig-src=\"https:\/\/lh5.googleusercontent.com\/-17BScvojjUg\/VJUyuZf7YOI\/AAAAAAAAJTo\/MFCs8DB8YEA\/w958-h639-no\/4.JPG\" \/><\/span><\/span><\/th>\n<\/tr>\n<tr>\n<th class=\"style4\" scope=\"row\"><span style=\"color: #000000; font-family: helvetica;\"><span style=\"font-size: 12px;\"><img decoding=\"async\" class=\"lazyload HAa Eha\" style=\"height: 133px; width: 200px; border-width: 1px; border-style: solid; margin: 10px;\" alt=\"\" src=\"data:image\/gif;base64,R0lGODlhAQABAAAAACH5BAEKAAEALAAAAAABAAEAAAICTAEAOw==\" data-orig-src=\"https:\/\/lh4.googleusercontent.com\/-VmJ6WHFIKQI\/VJUyvR-kjxI\/AAAAAAAAJUI\/Z-qhdf95NKw\/w958-h639-no\/5.JPG\" \/><\/span><\/span><\/th>\n<\/tr>\n<tr>\n<th class=\"style4\" scope=\"row\"><span style=\"color: #000000; font-family: helvetica;\"><span style=\"font-size: 12px;\"><img decoding=\"async\" class=\"lazyload HAa Eha\" style=\"height: 133px; width: 200px; border-width: 1px; border-style: solid; margin: 10px;\" alt=\"\" src=\"data:image\/gif;base64,R0lGODlhAQABAAAAACH5BAEKAAEALAAAAAABAAEAAAICTAEAOw==\" data-orig-src=\"https:\/\/lh3.googleusercontent.com\/-LGntNoT6UUU\/VJUyvar14oI\/AAAAAAAAJT4\/XHMUjDaG6ME\/w958-h639-no\/6.JPG\" \/><\/span><\/span><\/th>\n<\/tr>\n<tr>\n<th class=\"style4\" scope=\"row\"><span style=\"color: #000000; font-family: helvetica;\"><span style=\"font-size: 12px;\"><img decoding=\"async\" class=\"lazyload HAa Eha\" style=\"height: 133px; width: 200px; border-width: 1px; border-style: solid; margin: 10px;\" alt=\"\" src=\"data:image\/gif;base64,R0lGODlhAQABAAAAACH5BAEKAAEALAAAAAABAAEAAAICTAEAOw==\" data-orig-src=\"https:\/\/lh5.googleusercontent.com\/-oy_x-uGENcE\/VJUywhVE8rI\/AAAAAAAAJUE\/Ih-CMs7ialg\/w958-h639-no\/7.JPG\" \/><\/span><\/span><\/th>\n<\/tr>\n<tr>\n<th class=\"style4\" scope=\"row\"><span style=\"color: #000000; font-family: helvetica;\"><span style=\"font-size: 12px;\"><img decoding=\"async\" class=\"lazyload HAa Eha\" style=\"height: 133px; width: 200px; border-width: 1px; border-style: solid; margin: 10px;\" alt=\"\" src=\"data:image\/gif;base64,R0lGODlhAQABAAAAACH5BAEKAAEALAAAAAABAAEAAAICTAEAOw==\" data-orig-src=\"https:\/\/lh4.googleusercontent.com\/-sQ4egjuFJNw\/VJUywx26JHI\/AAAAAAAAJUM\/tOJwGEp971Y\/w958-h639-no\/8.JPG\" \/><\/span><\/span><\/th>\n<\/tr>\n<tr>\n<th class=\"style4\" scope=\"row\"><span style=\"color: #000000; font-family: helvetica;\"><span style=\"font-size: 12px;\"><img decoding=\"async\" class=\"lazyload HAa Eha\" style=\"height: 133px; width: 200px; border-width: 1px; border-style: solid; margin: 10px;\" alt=\"\" src=\"data:image\/gif;base64,R0lGODlhAQABAAAAACH5BAEKAAEALAAAAAABAAEAAAICTAEAOw==\" data-orig-src=\"https:\/\/lh4.googleusercontent.com\/-uI4lqOUBCSY\/VJUyxX6yz0I\/AAAAAAAAJUU\/pMbtFn_VHcs\/w958-h639-no\/9.JPG\" \/><\/span><\/span><\/th>\n<\/tr>\n<tr>\n<th class=\"style4\" scope=\"row\"><span style=\"color: #000000; font-family: helvetica;\"><span style=\"font-size: 12px;\"><img decoding=\"async\" class=\"lazyload HAa Eha\" style=\"height: 133px; width: 200px; border-width: 1px; border-style: solid; margin: 10px;\" alt=\"\" src=\"data:image\/gif;base64,R0lGODlhAQABAAAAACH5BAEKAAEALAAAAAABAAEAAAICTAEAOw==\" data-orig-src=\"https:\/\/lh3.googleusercontent.com\/-_fEQ_bWFd80\/VJUyl_tbWoI\/AAAAAAAAJRg\/4Ox4zgkB5x0\/w958-h639-no\/10.JPG\" \/><\/span><\/span><\/th>\n<\/tr>\n<tr>\n<th class=\"style4\" scope=\"row\"><span style=\"color: #000000; font-family: helvetica;\"><span style=\"font-size: 12px;\"><img decoding=\"async\" class=\"lazyload HAa Eha\" style=\"height: 133px; width: 200px; border-width: 1px; border-style: solid; margin: 10px;\" alt=\"\" src=\"data:image\/gif;base64,R0lGODlhAQABAAAAACH5BAEKAAEALAAAAAABAAEAAAICTAEAOw==\" data-orig-src=\"https:\/\/lh6.googleusercontent.com\/-9ya355CI84g\/VJUylzaKURI\/AAAAAAAAJRk\/Rt4upkk73mQ\/w958-h639-no\/11.JPG\" \/><\/span><\/span><\/th>\n<\/tr>\n<tr>\n<th class=\"style4\" scope=\"row\"><span style=\"color: #000000; font-family: helvetica;\"><span style=\"font-size: 12px;\"><img decoding=\"async\" class=\"lazyload HAa Eha\" style=\"height: 133px; width: 200px; border-width: 1px; border-style: solid; margin: 10px;\" alt=\"\" src=\"data:image\/gif;base64,R0lGODlhAQABAAAAACH5BAEKAAEALAAAAAABAAEAAAICTAEAOw==\" data-orig-src=\"https:\/\/lh6.googleusercontent.com\/-rRzqL9dcTzo\/VJUymTVwu2I\/AAAAAAAAJR4\/tAQy2fOSR_w\/w958-h639-no\/12.JPG\" \/><\/span><\/span><\/th>\n<\/tr>\n<tr>\n<th class=\"style4\" scope=\"row\"><span style=\"color: #000000; font-family: helvetica;\"><span style=\"font-size: 12px;\"><img decoding=\"async\" class=\"lazyload HAa Eha\" style=\"height: 133px; width: 200px; border-width: 1px; border-style: solid; margin: 10px;\" alt=\"\" src=\"data:image\/gif;base64,R0lGODlhAQABAAAAACH5BAEKAAEALAAAAAABAAEAAAICTAEAOw==\" data-orig-src=\"https:\/\/lh5.googleusercontent.com\/-UtyA4jtP4rk\/VJUym539FFI\/AAAAAAAAJUo\/A4GZJbm-KU8\/w958-h639-no\/13.JPG\" \/><\/span><\/span><\/th>\n<\/tr>\n<tr>\n<th class=\"style4\" scope=\"row\"><span style=\"color: #000000; font-family: helvetica;\"><span style=\"font-size: 12px;\"><img decoding=\"async\" class=\"lazyload HAa Eha\" style=\"height: 133px; width: 200px; border-width: 1px; border-style: solid; margin: 10px;\" alt=\"\" src=\"data:image\/gif;base64,R0lGODlhAQABAAAAACH5BAEKAAEALAAAAAABAAEAAAICTAEAOw==\" data-orig-src=\"https:\/\/lh6.googleusercontent.com\/-K2RpE-u9DkQ\/VJUynLOhhPI\/AAAAAAAAJUo\/TmDKhct-dqM\/w958-h639-no\/14.JPG\" \/><\/span><\/span><\/th>\n<\/tr>\n<tr>\n<th class=\"style4\" scope=\"row\"><span style=\"color: #000000; font-family: helvetica;\"><span style=\"font-size: 12px;\"><img decoding=\"async\" class=\"lazyload HAa Eha\" style=\"height: 133px; width: 200px; border-width: 1px; border-style: solid; margin: 10px;\" alt=\"\" src=\"data:image\/gif;base64,R0lGODlhAQABAAAAACH5BAEKAAEALAAAAAABAAEAAAICTAEAOw==\" data-orig-src=\"https:\/\/lh4.googleusercontent.com\/-Cbrpx3ieayU\/VJUyn89QjWI\/AAAAAAAAJR8\/gLg-Bgz5_EY\/w958-h639-no\/15.JPG\" \/><\/span><\/span><\/th>\n<\/tr>\n<tr>\n<th class=\"style4\" scope=\"row\"><span style=\"color: #000000; font-family: helvetica;\"><span style=\"font-size: 12px;\"><img decoding=\"async\" class=\"lazyload HAa Eha\" style=\"height: 133px; width: 200px; border-width: 1px; border-style: solid; margin: 10px;\" alt=\"\" src=\"data:image\/gif;base64,R0lGODlhAQABAAAAACH5BAEKAAEALAAAAAABAAEAAAICTAEAOw==\" data-orig-src=\"https:\/\/lh5.googleusercontent.com\/-Myo_QRSkl6s\/VJUyoKYcC6I\/AAAAAAAAJUs\/3NUpFP_CbGI\/w958-h639-no\/16.JPG\" \/><\/span><\/span><\/th>\n<\/tr>\n<tr>\n<th class=\"style4\" scope=\"row\"><span style=\"color: #000000; font-family: helvetica;\"><span style=\"font-size: 12px;\"><img decoding=\"async\" class=\"lazyload HAa Eha\" style=\"height: 291px; width: 200px; border-width: 1px; border-style: solid; margin: 10px;\" alt=\"\" src=\"data:image\/gif;base64,R0lGODlhAQABAAAAACH5BAEKAAEALAAAAAABAAEAAAICTAEAOw==\" data-orig-src=\"https:\/\/lh5.googleusercontent.com\/-tpnwUl9msVk\/VJUyoywUH2I\/AAAAAAAAJUs\/my0QbkUuVUg\/w565-h823-no\/17.JPG\" \/><\/span><\/span><\/th>\n<\/tr>\n<tr>\n<th class=\"style4\" scope=\"row\"><span style=\"color: #000000; font-family: helvetica;\"><span style=\"font-size: 12px;\"><img decoding=\"async\" class=\"lazyload HAa Eha\" style=\"height: 133px; width: 200px; border-width: 1px; border-style: solid; margin: 10px;\" alt=\"\" src=\"data:image\/gif;base64,R0lGODlhAQABAAAAACH5BAEKAAEALAAAAAABAAEAAAICTAEAOw==\" data-orig-src=\"https:\/\/lh4.googleusercontent.com\/-2NNDpJsFZns\/VJUyo3f4ceI\/AAAAAAAAJSM\/bxlw22cMAKQ\/w958-h639-no\/18.JPG\" \/><\/span><\/span><\/th>\n<\/tr>\n<tr>\n<th class=\"style4\" scope=\"row\"><span style=\"color: #000000; font-family: helvetica;\"><span style=\"font-size: 12px;\"><img decoding=\"async\" class=\"lazyload HAa Eha\" style=\"height: 133px; width: 200px; border-width: 1px; border-style: solid; margin: 10px;\" alt=\"\" src=\"data:image\/gif;base64,R0lGODlhAQABAAAAACH5BAEKAAEALAAAAAABAAEAAAICTAEAOw==\" data-orig-src=\"https:\/\/lh5.googleusercontent.com\/-SKH6KuiJ0l0\/VJUyqJeIKQI\/AAAAAAAAJSc\/Tid6_Qio1yA\/w958-h639-no\/19.JPG\" \/><\/span><\/span><\/th>\n<\/tr>\n<tr>\n<th class=\"style4\" scope=\"row\"><span style=\"color: #000000; font-family: helvetica;\"><span style=\"font-size: 12px;\"><img decoding=\"async\" class=\"lazyload HAa Eha\" style=\"height: 133px; width: 200px; border-width: 1px; border-style: solid; margin: 10px;\" alt=\"\" src=\"data:image\/gif;base64,R0lGODlhAQABAAAAACH5BAEKAAEALAAAAAABAAEAAAICTAEAOw==\" data-orig-src=\"https:\/\/lh4.googleusercontent.com\/-wmUX8CVIPbk\/VJUyqe8W9kI\/AAAAAAAAJSk\/rpXXaz-LNUE\/w958-h639-no\/20.JPG\" \/><\/span><\/span><\/th>\n<\/tr>\n<tr>\n<th class=\"style4\" scope=\"row\"><span style=\"font-family: helvetica; font-size: 12pt;\"><\/span><\/th>\n<\/tr>\n<tr>\n<th class=\"style4\" scope=\"row\"><span style=\"color: #000000; font-family: helvetica; font-size: 12pt;\">Foto nga: Mano Kritsotaki<\/span><\/th>\n<\/tr>\n<\/tbody>\n<\/table>\n<table border=\"0\">\n<tbody>\n<tr>\n<td>\n<div class=\"style9\">\n<div class=\"style10\" style=\"text-align: justify;\"><span style=\"font-family: helvetica; font-size: 12pt;\"><\/span><\/div>\n<div style=\"text-align: justify;\"><span style=\"color: #000000; font-family: helvetica; font-size: 12pt;\">&nbsp;&nbsp;&nbsp; Dita e pest\u00eb, dat\u00eb 4 N\u00ebntor 2009<\/span><\/div>\n<div style=\"text-align: justify;\"><span style=\"font-family: helvetica; font-size: 12pt;\"><\/span><\/div>\n<div style=\"text-align: justify;\"><span style=\"color: #000000; font-family: helvetica; font-size: 12pt;\">&nbsp;&nbsp;&nbsp; Qyteti i Kor\u00e7\u00ebs, i njohur p\u00ebr tradit\u00ebn e tij Orthodhokse u zgjua m\u00ebngjesin e s\u00eb m\u00ebrkur\u00ebs nga tingujt e kambanave t\u00eb Katedrales \u201cNgjallja e Krishti\u201d q\u00eb lajm\u00ebronin besimtar\u00ebt p\u00ebr bashk\u00ebmeshimin e dy Primat\u00ebve n\u00eb kuad\u00ebr t\u00eb vizit\u00ebs zyrtare dhe paq\u00ebore t\u00eb Pap\u00ebs dhe Patriarkut t\u00eb Aleksandris\u00eb dhe t\u00eb gjith\u00eb Afrik\u00ebs, Imzot Theodhorit II.<\/p>\n<p> &nbsp;&nbsp;&nbsp; Kjo dit\u00eb, mbarte edhe nj\u00eb g\u00ebzim t\u00eb ve\u00e7ant\u00eb p\u00ebr t\u00eb gjith\u00eb besimtar\u00ebt e Shqip\u00ebris\u00eb, pasi p\u00ebrkonte me p\u00ebrvjetorin e tet\u00ebdhjet\u00eb t\u00eb dit\u00eblindjes s\u00eb Kryepiskopit Anastas, p\u00ebr t\u00eb cilin kishin p\u00ebrgatitur edhe dhurata dhe surpriza t\u00eb shumta.<\/p>\n<p> &nbsp;&nbsp;&nbsp; N\u00eb Liturgjin\u00eb Hyjnore, bashk\u00eb me popullin q\u00eb kishte tejmbushur Katedralen, merrnin pjes\u00eb edhe Kryetari i Bashkis\u00eb, z. Niko Peleshi, Prefekti, z. Ko\u00e7o Bello, Kryetari i Qarkut, z. Ilia Milo, p\u00ebrfaq\u00ebsues diplomatik, t\u00eb besimeve t\u00eb tjera, etj.<\/p>\n<p> &nbsp;&nbsp;&nbsp; N\u00eb fund t\u00eb Liturgjis\u00eb, Mitropoliti i Kor\u00e7\u00ebs u uroi mir\u00ebseardhjen dy Primat\u00ebve dhe theksoi se vizita e Patriarkut ishte historike dhe do t\u00eb mbetet e paharrueshme n\u00eb historin\u00eb e qytetit t\u00eb tij. N\u00eb vijim Mitropoliti njoftoi pjes\u00ebmarr\u00ebsit p\u00ebr vendimin e K\u00ebshillit Bashkiak q\u00eb n\u00eb shenjt\u00eb mir\u00ebnjohjeje, me rastin e dit\u00eblindjes, i jepte rrug\u00ebs q\u00eb lidhte Telekomin me Mitropolin\u00eb e shenjt\u00eb, emrin e Kryepiskopit Anastas.<\/p>\n<p> &nbsp;&nbsp;&nbsp; Patriarku n\u00eb fjal\u00ebn e tij, pasi shprehu falenderimet e tij p\u00ebr Mitropolitin dhe popullin e Kor\u00e7\u00ebs p\u00ebr mikpritjen e tyre abramiane theksoi: \u201cDje Kor\u00e7a na priti me shi t\u00eb ftoht\u00eb, sot na pret me djell t\u00eb ndritsh\u00ebm. Edhe qielli tregon ngaz\u00ebllimin e engj\u00ebjve, pik\u00ebrisht dit\u00ebn e lindjes s\u00eb Kryepiskopit Anastas\u2026 Falenderoj autoritetet lokale per vendimin e tyre, pasi rruga q\u00eb do t\u00eb marr\u00eb emrin tuaj do t\u00eb mbetet p\u00ebrjet\u00eb nj\u00eb simbol mir\u00ebnjohjeje p\u00ebr vepr\u00ebn tuaj. Per\u00ebndia i surprizave, sikund\u00ebr theksoni ju, vendosi q\u00eb un\u00eb t\u00eb jem sot k\u00ebtu, p\u00ebr t\u00eb festuar dit\u00eblindjen tuaj, jo vet\u00ebm si nx\u00ebn\u00ebsi dhe biri juaj shpirt\u00ebror, por edhe si Primat i Kish\u00ebs s\u00eb Aleksandris\u00eb\u201d.<\/p>\n<p> &nbsp;&nbsp;&nbsp; N\u00eb vijim, Patriarku i Aleksandris\u00eb, n\u00eb prezenc\u00eb edhe t\u00eb episkop\u00ebve q\u00eb e shoq\u00ebronin e shpalli Kryepiskopin Anastas \u201cBamir\u00ebs t\u00eb Madh t\u00eb Patriarkan\u00ebs s\u00eb Aleksandris\u00eb dhe gjith\u00eb Afrik\u00ebs\u201d, vendim q\u00eb u shoq\u00ebrua me brohoritje nga t\u00eb pranishmit. Patriarku i dhuroi Kryepiskopit edhe nj\u00eb statuj\u00eb t\u00eb vog\u00ebl q\u00eb paraqiste misionarin Anastas n\u00eb mes t\u00eb f\u00ebmij\u00ebve afrikan\u00eb, me n\u00ebnshkrimin n\u00eb tre dialekte afrikane \u201cKisha lokale e Kenias i \u00ebsht\u00eb mir\u00ebnjoh\u00ebse Atit t\u00eb Madh, Kryepiskopit Anastas\u201d.<\/p>\n<p> &nbsp;&nbsp;&nbsp; N\u00eb fjal\u00ebn e tij Kryepiskopi Anastas falenderoi Patriarkun p\u00ebr urimet. \u201cJam tep\u00ebr i mall\u00ebngjyer sepse brenda 24 or\u00ebve po p\u00ebrballem me surpiza t\u00eb shumta, q\u00eb n\u00eb m\u00ebnyr\u00eb fisnike dhe t\u00eb bukur, dashuria juaj i kishte p\u00ebrgatitur. Ju falenderoj, Fortlumturia Juaj, Pap\u00eb dhe Patriark i Aleksandris\u00eb dhe gjith\u00eb Afrik\u00ebs p\u00ebr vizit\u00ebn tuaj, sepse prezenca juaj af\u00ebr nesh na fali dashuri, mb\u00ebshtetje dhe fuqi. Gj\u00ebrat q\u00eb that\u00eb m\u00eb prek\u00ebn thell\u00eb sepse Afrika \u00ebsht\u00eb dashuria ime\u201d<\/p>\n<p> &nbsp;&nbsp;&nbsp; M\u00eb pas, Kryepiskopi shprehu edhe g\u00ebzimin q\u00eb dit\u00ebn e lindjes s\u00eb tij e festonte n\u00eb qytetin e Kor\u00e7\u00ebs, sepse besimtar\u00ebt kor\u00e7ar\u00eb e kishin mb\u00ebshtetur gjithmon\u00eb, sidomos n\u00eb or\u00eb t\u00eb v\u00ebshtira. Por, Kryepiskopi Anastas theksoi edhe rrezikun q\u00eb mund t\u00eb fshihet duke vazhduar: \u201cKur po meshoja n\u00eb altar, i thash\u00eb vetes, kujdes nga lavd\u00ebrimet e shumta. Mund t\u00eb t\u00eb shkaktojn\u00eb nj\u00eb dehje shpirt\u00ebrore q\u00eb t\u00eb largojn\u00eb nga dashuria e Krishtit. Le t\u00eb jet\u00eb lutja dhe urimi juaj, jo p\u00ebr shum\u00eb vite, por p\u00ebr koh\u00eb q\u00eb t\u00eb jetoj ashtu si\u00e7 do Per\u00ebndia me past\u00ebrti dhe p\u00ebrul\u00ebsi\u2026 N\u00eb bot\u00eb nuk ka propozim m\u00eb t\u00eb mir\u00eb se jeta e krishter\u00eb. Prandaj pranova t\u00eb sh\u00ebrbej n\u00eb Shqip\u00ebri, si vend i privuar nga besimi orthodhoks\u201d.<\/p>\n<p> &nbsp;&nbsp;&nbsp; N\u00eb drek\u00ebn q\u00eb shtroi Mitropoliti i Kor\u00e7\u00ebs p\u00ebr nder t\u00eb dy primat\u00ebve, fjala u mor edhe nga personalitete t\u00eb tjer\u00eb t\u00eb artit, letrave, profesor\u00eb universiteti dhe p\u00ebrfaq\u00ebsues t\u00eb pushtetit lokal, t\u00eb cil\u00ebt falenderonin Patriarkun p\u00ebr vizit\u00ebn e tij dhe uronin edhe Kryepiskopin p\u00ebr dit\u00eblindjen, duke i paraqitur atij edhe dhuratat e ndryshme simbolike. Patriarku do t\u00eb rezervonte edhe nj\u00eb tjet\u00ebr surpriz\u00eb p\u00ebr Kryepiskopin, kur k\u00ebndoi nj\u00eb k\u00ebng\u00eb popullore t\u00eb Kret\u00ebs, e cila fliste p\u00ebr nj\u00eb shqiponj\u00eb, duke simbolizuar k\u00ebshtu figur\u00ebn e fuqishme t\u00eb Kryepiskopit Anastas, i cili edhe pse n\u00eb kushte t\u00eb v\u00ebshtira, arriti t\u00eb fluturonte lart, ashtu si shqiponja. Gjat\u00eb k\u00ebsaj dreke zyrtare edhe Mitropolit\u00ebt afrikan\u00eb, Imzot Jeronimi dhe Imzot Jonai treguan historit\u00eb e jet\u00ebs s\u00eb tyre, sesi Kryepiskopi Anastas, me predikimet dhe shembullin e tij, kishte ndryshuar jet\u00ebt e tyre duke i p\u00ebrgatitur ata n\u00eb m\u00ebnyr\u00ebn e duhur kishtare p\u00ebr detyr\u00ebn e lart\u00eb t\u00eb episkopit.<\/p>\n<p> &nbsp;&nbsp;&nbsp; Artist\u00ebt dhe t\u00eb rinjt\u00eb e qytetit t\u00eb Kor\u00e7\u00ebs kishin organizuar edhe nj\u00eb koncert festiv madh\u00ebshtor me rastin e vizit\u00ebs s\u00eb Pap\u00ebs dhe Patriarkut t\u00eb Aleksandris\u00eb dhe gjith\u00eb Afrik\u00ebs. Koncerti q\u00eb u shfaq mbasditen e s\u00eb m\u00ebrkur\u00ebs do t\u00eb mblidhte n\u00eb sall\u00ebn e teatrit shum\u00eb spektator\u00eb, t\u00eb cil\u00ebt kishin ardhur p\u00ebr t\u00eb nderuar vizitor\u00ebt q\u00eb vinin nga kontinenti afrikan. N\u00eb fund t\u00eb koncertit, Mitropoliti i&nbsp; falenderoi edhe nj\u00ebher\u00eb dy Primat\u00ebt p\u00ebr prezenc\u00ebn e tyre k\u00ebt\u00eb dit\u00eb t\u00eb sh\u00ebnuar dhe theksoi se vizita e tyre ia kishte shtuar ndri\u00e7imin dhe bukurin\u00eb qytetit t\u00eb Kor\u00e7\u00ebs. Ai paraqiti edhe dy dhurata simbolike, nj\u00eb piktur\u00eb t\u00eb Katedrales s\u00eb qytetit p\u00ebr Patriarkun Theodhor dhe nj\u00eb portret p\u00ebr Kryepiskopin Anastas.<\/span><\/div>\n<div style=\"text-align: justify;\"><span style=\"color: #000000; font-family: helvetica; font-size: 12pt;\"> &nbsp;&nbsp; Patriarku Theodhor falenderoi artist\u00ebt e Kor\u00e7\u00ebs p\u00ebr evenimentin e bukur q\u00eb kishin p\u00ebrgatitur dhe uroi nga zemra Kryepiskopin Anastas p\u00ebr dit\u00eblindjen e tij. Ai e konsideroi si nj\u00eb vullnet t\u00eb P\u00ebrkujdesjes Hyjnore faktin se ishte i pranish\u00ebm s\u00eb bashku me sinodhin\u00eb e tij, n\u00eb k\u00ebt\u00eb dit\u00eb g\u00ebzimi p\u00ebr Kish\u00ebn e Shqip\u00ebris\u00eb. Edhe Kryepiskopi Anastas i falenderoi qytetar\u00ebt e Kor\u00e7\u00ebs p\u00ebr t\u00eb gjitha dhuratat dhe surprizat q\u00eb kishin p\u00ebrgatitur dhe shtoi se ndjente nj\u00eb g\u00ebzim t\u00eb ve\u00e7ant\u00eb q\u00eb gjendej n\u00eb Kor\u00e7\u00eb, sepse ndjehej si n\u00eb sht\u00ebpin\u00eb e tij, mes v\u00ebllez\u00ebrish dhe bijve t\u00eb tij shpirt\u00ebror\u00eb.<\/p>\n<p> &nbsp;&nbsp;&nbsp; K\u00ebshtu, me k\u00ebt\u00eb aktivitet u mbyll edhe vizita zyrtare dhe paq\u00ebsore e Pap\u00ebs dhe Patriarkut t\u00eb Aleksandris\u00eb dhe gjith\u00eb Afrik\u00ebs, Theodhorit II. Patriarku, n\u00eb krye t\u00eb delegacionit zyrtar zhvilloi dhe p\u00ebrmbushi me sukses t\u00eb plot\u00eb, vizit\u00ebn e tij pes\u00ebditore n\u00eb Kish\u00ebn e Shqip\u00ebris\u00eb. Ai pati rastin t\u00eb shikonte p\u00ebrparimin dhe zhvillimin e madh t\u00eb Kish\u00ebs s\u00eb Shqip\u00ebris\u00eb, e cila n\u00ebn drejtimin e frym\u00ebzuar t\u00eb Kryepiskopit Anastas, ishte ringritur nga hiri dhe kishte njohur kulmin m\u00eb t\u00eb madh historik, q\u00eb pas goditjeve fatale q\u00eb i kishte dh\u00ebn\u00eb sistemi totalitar p\u00ebr 23 vjet me radh\u00eb. Patriarku do t\u00eb shprehte habin\u00eb e tij t\u00eb vazhdueshme me \u00e7do zhvillim dhe arritje t\u00eb Kish\u00ebs q\u00eb ai konstatoi gjat\u00eb vizit\u00ebs s\u00eb tij hisorike n\u00eb Shqip\u00ebri duke theksuar sa her\u00eb q\u00eb i jepej rasti se: \u201cNe po jetojm\u00eb nj\u00eb mrekulli, \u00e7do dit\u00eb t\u00eb vizit\u00ebs son\u00eb ne pam\u00eb nga af\u00ebr ringjalljen e Kish\u00ebs s\u00eb Shqip\u00ebris\u00eb dhe rilindjen shpirt\u00ebrore t\u00eb shqiptar\u00ebve. Ati dhe m\u00ebsuesi yn\u00eb, Kryepiskopi Anastas, vazhdon ende t\u00eb na m\u00ebsoj\u00eb, jo vet\u00ebm me fjal\u00ebt dhe vizionin e tij hierapostolik, por edhe me vepr\u00ebn e tij madh\u00ebshtore, suksesi i s\u00eb cil\u00ebs t\u00eb jep garancin\u00eb se ky misionar i fuqish\u00ebm dhe Kryebari i madh ka t\u00ebrhequr mbi Kish\u00ebn q\u00eb udh\u00ebheq, Hirin mrekullib\u00ebr\u00ebs t\u00eb Per\u00ebndis\u00eb dhe ka fituar me personalitetin q\u00eb rrezaton, zemrat e t\u00eb gjith\u00eb bashk\u00ebpun\u00ebtor\u00ebve dhe bijve t\u00eb tij shpirt\u00ebror\u00eb\u201d.<\/p>\n<p> &nbsp;&nbsp;&nbsp; Me k\u00ebto p\u00ebrshtypje t\u00eb larta dhe konsiderata t\u00eb sinqerta, me falenderime t\u00eb cilat shpreheshin n\u00eb \u00e7do dit\u00eb t\u00eb k\u00ebsaj vizite zyrtare, me mall\u00ebngjim t\u00eb fort\u00eb dhe ndri\u00e7im ngjall\u00ebsor u p\u00ebrmbush kjo vizit\u00eb e par\u00eb zyrtare dhe paq\u00ebsore e Pap\u00ebs dhe Patriarkut t\u00eb Aleksandris\u00eb dhe gjith\u00eb Afrik\u00ebs, q\u00eb p\u00ebrb\u00ebn nj\u00eb ngjarje historike kishtare, sepse Kisha e Shqip\u00ebris\u00eb, p\u00ebr her\u00eb t\u00eb par\u00eb n\u00eb historin\u00eb e saj, vizitohet nga nj\u00eb delegacion i k\u00ebtij niveli t\u00eb Kish\u00ebs aleksandriane.<\/p>\n<p> &nbsp;&nbsp;&nbsp; Dit\u00ebn e Enjte, dat\u00eb 5 N\u00ebntor 2009, Papa dhe Patriarku i Aleksandris\u00eb s\u00eb bashku me delegacionin q\u00eb e shoq\u00ebronte u largua nga vendi yn\u00eb. N\u00eb aeroport, vizitor\u00ebt e lart\u00eb t\u00eb Kish\u00ebs s\u00eb Afrik\u00ebs u p\u00ebrcoll\u00ebn nga Kryepiskopi Anastas dhe nga an\u00ebtar\u00ebt e Sinodhit t\u00eb Shenjt\u00eb t\u00eb Kish\u00ebs s\u00eb Shqip\u00ebris\u00eb. Kishin ardhur p\u00ebr t\u00eb p\u00ebrcjell\u00eb Patriarkun edhe ambasador\u00ebt e Egjiptit dhe t\u00eb Greqis\u00eb. Para se t\u00eb nisej, Patriarku Thedhor deklaroi: \u201cPo marr me vete p\u00ebr t\u2019u shp\u00ebn\u00eb bijve t\u00eb mij t\u00eb Afrik\u00ebs, ndri\u00e7imin paskal t\u00eb Kish\u00ebs s\u00eb Shqip\u00ebris\u00eb, drit\u00ebn e Ngjalljes s\u00eb Anastasit\u2026\u201d<\/span><\/div>\n<div><span style=\"font-family: helvetica; font-size: 12pt;\"><\/span><\/div>\n<div style=\"text-align: right;\"><span style=\"color: #000000; font-family: helvetica; font-size: 12pt;\"><strong>Aleks Curi<\/strong><\/span><\/div>\n<\/div>\n<\/td>\n<\/tr>\n<\/tbody>\n<\/table>\n<div><span style=\"font-family: helvetica; font-size: 12pt;\"> &nbsp;<\/span><\/div>\n<div><span style=\"font-family: helvetica; font-size: 12pt;\"><\/span><\/div>\n<div><span style=\"font-family: helvetica; font-size: 12pt;\"><\/span><\/div>\n<table style=\"width: 782px; height: 509px;\" border=\"0\">\n<tbody>\n<tr>\n<td style=\"text-align: center;\">\n<div><span style=\"color: #000000; font-family: helvetica; font-size: 12pt;\"><img decoding=\"async\" class=\"lazyload HAa Eha\" style=\"height: 133px; width: 200px; border-width: 1px; border-style: solid; margin: 10px;\" alt=\"\" src=\"data:image\/gif;base64,R0lGODlhAQABAAAAACH5BAEKAAEALAAAAAABAAEAAAICTAEAOw==\" data-orig-src=\"https:\/\/lh5.googleusercontent.com\/-DDcvkr4OCg0\/VJUyyfE3kWI\/AAAAAAAAJUc\/FdQE9Wevxm8\/w958-h639-no\/21.JPG\" \/><\/span><\/div>\n<\/td>\n<td>\n<div><span style=\"font-family: helvetica; font-size: 12pt;\"><\/span><\/div>\n<\/td>\n<td style=\"text-align: center;\">\n<div><span style=\"color: #000000; font-family: helvetica; font-size: 12pt;\"><img decoding=\"async\" class=\"lazyload HAa Eha\" style=\"height: 133px; width: 200px; border-width: 1px; border-style: solid; margin: 10px;\" alt=\"\" src=\"data:image\/gif;base64,R0lGODlhAQABAAAAACH5BAEKAAEALAAAAAABAAEAAAICTAEAOw==\" data-orig-src=\"https:\/\/lh5.googleusercontent.com\/-rSWGgOilwh0\/VJUyrFdQAhI\/AAAAAAAAJTk\/6h-kd_vCwmI\/w958-h639-no\/22.JPG\" \/><\/span><\/div>\n<\/td>\n<\/tr>\n<tr>\n<td style=\"text-align: center;\">\n<div><span style=\"color: #000000; font-family: helvetica; font-size: 12pt;\"><img decoding=\"async\" class=\"lazyload HAa Eha\" style=\"height: 133px; width: 200px; border-width: 1px; border-style: solid; margin: 10px;\" alt=\"\" src=\"data:image\/gif;base64,R0lGODlhAQABAAAAACH5BAEKAAEALAAAAAABAAEAAAICTAEAOw==\" data-orig-src=\"https:\/\/lh6.googleusercontent.com\/-2-MoCgv40yw\/VJUyrUCwVsI\/AAAAAAAAJS0\/NB5EihMiPHY\/w958-h639-no\/23.JPG\" \/><\/span><\/div>\n<\/td>\n<td style=\"text-align: center;\">\n<div><span style=\"color: #000000; font-family: helvetica; font-size: 12pt;\"><img decoding=\"async\" class=\"lazyload HAa Eha\" style=\"height: 133px; width: 200px; border-width: 1px; border-style: solid; margin: 10px;\" alt=\"\" src=\"data:image\/gif;base64,R0lGODlhAQABAAAAACH5BAEKAAEALAAAAAABAAEAAAICTAEAOw==\" data-orig-src=\"https:\/\/lh3.googleusercontent.com\/-22T0Ix0pcMM\/VJUysOkWxmI\/AAAAAAAAJTA\/h_oMn_SD_5c\/w958-h639-no\/24.JPG\" \/><\/span><\/div>\n<\/td>\n<td style=\"text-align: center;\">\n<div><span style=\"color: #000000; font-family: helvetica; font-size: 12pt;\"><img decoding=\"async\" class=\"lazyload HAa Eha\" style=\"height: 133px; width: 200px; border-width: 1px; border-style: solid; margin: 10px;\" alt=\"\" src=\"data:image\/gif;base64,R0lGODlhAQABAAAAACH5BAEKAAEALAAAAAABAAEAAAICTAEAOw==\" data-orig-src=\"https:\/\/lh5.googleusercontent.com\/-_TuqDfCIkcg\/VJUyslci9MI\/AAAAAAAAJTU\/vHwEZz2C0Ho\/w958-h639-no\/25.JPG\" \/><\/span><\/div>\n<\/td>\n<\/tr>\n<tr>\n<td style=\"text-align: center;\">\n<div><span style=\"color: #000000; font-family: helvetica; font-size: 12pt;\"><img decoding=\"async\" class=\"lazyload HAa Eha\" style=\"height: 133px; width: 200px; border-width: 1px; border-style: solid; margin: 10px;\" alt=\"\" src=\"data:image\/gif;base64,R0lGODlhAQABAAAAACH5BAEKAAEALAAAAAABAAEAAAICTAEAOw==\" data-orig-src=\"https:\/\/lh6.googleusercontent.com\/-KnCWLzCL9Z4\/VJUys8K-JlI\/AAAAAAAAJTM\/Kjxa_H_E0AU\/w958-h639-no\/26.JPG\" \/><\/span><\/div>\n<\/td>\n<td style=\"text-align: center;\">\n<div><span style=\"color: #000000; font-family: helvetica; font-size: 12pt;\"><img decoding=\"async\" class=\"lazyload HAa Eha\" style=\"height: 133px; width: 200px; border-width: 1px; border-style: solid; margin: 10px;\" alt=\"\" src=\"data:image\/gif;base64,R0lGODlhAQABAAAAACH5BAEKAAEALAAAAAABAAEAAAICTAEAOw==\" data-orig-src=\"https:\/\/lh4.googleusercontent.com\/-jlSERK0-Ysg\/VJUytXFam4I\/AAAAAAAAJTQ\/jknTQd53DU0\/w958-h639-no\/27.JPG\" \/><\/span><\/div>\n<\/td>\n<td style=\"text-align: center;\">\n<div><span style=\"color: #000000; font-family: helvetica; font-size: 12pt;\"><img decoding=\"async\" class=\"lazyload HAa Eha\" style=\"height: 133px; width: 200px; border-width: 1px; border-style: solid; margin: 10px;\" alt=\"\" src=\"data:image\/gif;base64,R0lGODlhAQABAAAAACH5BAEKAAEALAAAAAABAAEAAAICTAEAOw==\" data-orig-src=\"https:\/\/lh6.googleusercontent.com\/-7foet9C9uJM\/VJUytrRT5LI\/AAAAAAAAJTY\/BNu_UIB-mYs\/w958-h639-no\/28.JPG\" \/><\/span><\/div>\n<\/td>\n<\/tr>\n<\/tbody>\n<\/table>\n<p>&nbsp;<\/p>\n","protected":false},"excerpt":{"rendered":"<p>Foto nga: Mano Kritsotaki &nbsp;&nbsp;&nbsp; Dita e pest\u00eb, dat\u00eb 4 N\u00ebntor 2009 &nbsp;&nbsp;&nbsp; Qyteti i Kor\u00e7\u00ebs, i njohur p\u00ebr tradit\u00ebn e tij Orthodhokse u zgjua m\u00ebngjesin e s\u00eb m\u00ebrkur\u00ebs nga tingujt e kambanave t\u00eb Katedrales \u201cNgjallja e Krishti\u201d q\u00eb lajm\u00ebronin besimtar\u00ebt p\u00ebr bashk\u00ebmeshimin e dy Primat\u00ebve n\u00eb kuad\u00ebr t\u00eb vizit\u00ebs zyrtare dhe paq\u00ebore t\u00eb Pap\u00ebs dhe Patriarkut t\u00eb Aleksandris\u00eb dhe t\u00eb gjith\u00eb Afrik\u00ebs, Imzot Theodhorit<\/p>\n","protected":false},"author":1,"featured_media":0,"comment_status":"open","ping_status":"open","sticky":false,"template":"","format":"standard","meta":{"_acf_changed":false,"pagelayer_contact_templates":[],"_pagelayer_content":"","inline_featured_image":false,"fifu_image_url":"","fifu_image_alt":"","footnotes":""},"categories":[108],"tags":[145,153,196,201,212,181,202],"class_list":["post-305","post","type-post","status-publish","format-standard","hentry","category-lajme","tag-145","tag-deklarata-njoftime-zyrtare-d75","tag-tirane","tag-kryepiskopi-anastas","tag-lajme-d27","tag-korce","tag-papa-dhe-patriarku-i-aleksandrise-dhe-gjithe-afrikes-imzot-theodhori-ii"],"acf":[],"yoast_head":"<!-- This site is optimized with the Yoast SEO plugin v27.2 - https:\/\/yoast.com\/product\/yoast-seo-wordpress\/ -->\n<title>Bashk\u00ebmeshimi i dy Primat\u00ebve n\u00eb qytetin e Kor\u00e7\u00ebs dhe aktivitetet me rastin e 80 vjetorit t\u00eb Kryepiskopit Anastas, sh\u00ebnojn\u00eb edhe p\u00ebrmbushjen e vizit\u00ebs zyrtare dhe paq\u00ebsore t\u00eb Pap\u00ebs dhe Patriarkut t\u00eb Aleksandris\u00eb dhe gjith\u00eb Afrik\u00ebs, Thedhor - Kisha Orthodh\u03bfkse Autoqefale e Shqip\u00ebris\u00eb<\/title>\n<meta name=\"robots\" content=\"index, follow, max-snippet:-1, max-image-preview:large, max-video-preview:-1\" \/>\n<link rel=\"canonical\" href=\"https:\/\/orthodoxalbania.org\/2020\/2009\/03\/13\/bashkemeshimi-i-dy-primateve-ne-qytetin-e-korces-dhe-aktivitetet-me-rastin-e-80-vjetorit-te-kryepiskopit-anastas-shenojne-edhe-permbushjen-e-vizites-zyrtare-dhe-paqesore-te-papes-dhe-patriarkut-te-ale\/\" \/>\n<meta property=\"og:locale\" content=\"en_US\" \/>\n<meta property=\"og:type\" content=\"article\" \/>\n<meta property=\"og:title\" content=\"Bashk\u00ebmeshimi i dy Primat\u00ebve n\u00eb qytetin e Kor\u00e7\u00ebs dhe aktivitetet me rastin e 80 vjetorit t\u00eb Kryepiskopit Anastas, sh\u00ebnojn\u00eb edhe p\u00ebrmbushjen e vizit\u00ebs zyrtare dhe paq\u00ebsore t\u00eb Pap\u00ebs dhe Patriarkut t\u00eb Aleksandris\u00eb dhe gjith\u00eb Afrik\u00ebs, Thedhor - Kisha Orthodh\u03bfkse Autoqefale e Shqip\u00ebris\u00eb\" \/>\n<meta property=\"og:description\" content=\"Foto nga: Mano Kritsotaki &nbsp;&nbsp;&nbsp; Dita e pest\u00eb, dat\u00eb 4 N\u00ebntor 2009 &nbsp;&nbsp;&nbsp; Qyteti i Kor\u00e7\u00ebs, i njohur p\u00ebr tradit\u00ebn e tij Orthodhokse u zgjua m\u00ebngjesin e s\u00eb m\u00ebrkur\u00ebs nga tingujt e kambanave t\u00eb Katedrales \u201cNgjallja e Krishti\u201d q\u00eb lajm\u00ebronin besimtar\u00ebt p\u00ebr bashk\u00ebmeshimin e dy Primat\u00ebve n\u00eb kuad\u00ebr t\u00eb vizit\u00ebs zyrtare dhe paq\u00ebore t\u00eb Pap\u00ebs dhe Patriarkut t\u00eb Aleksandris\u00eb dhe t\u00eb gjith\u00eb Afrik\u00ebs, Imzot Theodhorit\" \/>\n<meta property=\"og:url\" content=\"https:\/\/orthodoxalbania.org\/2020\/2009\/03\/13\/bashkemeshimi-i-dy-primateve-ne-qytetin-e-korces-dhe-aktivitetet-me-rastin-e-80-vjetorit-te-kryepiskopit-anastas-shenojne-edhe-permbushjen-e-vizites-zyrtare-dhe-paqesore-te-papes-dhe-patriarkut-te-ale\/\" \/>\n<meta property=\"og:site_name\" content=\"Kisha Orthodh\u03bfkse Autoqefale e Shqip\u00ebris\u00eb\" \/>\n<meta property=\"article:publisher\" content=\"https:\/\/www.facebook.com\/koash1991\" \/>\n<meta property=\"article:published_time\" content=\"2009-03-13T00:00:00+00:00\" \/>\n<meta property=\"article:modified_time\" content=\"2020-04-06T20:35:14+00:00\" \/>\n<meta property=\"og:image\" content=\"https:\/\/lh4.googleusercontent.com\/-QMMB1fZHo-g\/VJUylkAvi4I\/AAAAAAAAJRc\/ujqYOAr3ja4\/w958-h639-no\/1.JPG\" \/>\n<meta name=\"author\" content=\"Kisha Orthodhokse\" \/>\n<meta name=\"twitter:card\" content=\"summary_large_image\" \/>\n<meta name=\"twitter:label1\" content=\"Written by\" \/>\n\t<meta name=\"twitter:data1\" content=\"Kisha Orthodhokse\" \/>\n\t<meta name=\"twitter:label2\" content=\"Est. reading time\" \/>\n\t<meta name=\"twitter:data2\" content=\"8 minutes\" \/>\n<script type=\"application\/ld+json\" class=\"yoast-schema-graph\">{\"@context\":\"https:\/\/schema.org\",\"@graph\":[{\"@type\":\"Article\",\"@id\":\"https:\/\/orthodoxalbania.org\/2020\/2009\/03\/13\/bashkemeshimi-i-dy-primateve-ne-qytetin-e-korces-dhe-aktivitetet-me-rastin-e-80-vjetorit-te-kryepiskopit-anastas-shenojne-edhe-permbushjen-e-vizites-zyrtare-dhe-paqesore-te-papes-dhe-patriarkut-te-ale\/#article\",\"isPartOf\":{\"@id\":\"https:\/\/orthodoxalbania.org\/2020\/2009\/03\/13\/bashkemeshimi-i-dy-primateve-ne-qytetin-e-korces-dhe-aktivitetet-me-rastin-e-80-vjetorit-te-kryepiskopit-anastas-shenojne-edhe-permbushjen-e-vizites-zyrtare-dhe-paqesore-te-papes-dhe-patriarkut-te-ale\/\"},\"author\":{\"name\":\"Kisha Orthodhokse\",\"@id\":\"https:\/\/orthodoxalbania.org\/2020\/#\/schema\/person\/0c387634a7063ac612d7ed9ce71c7e86\"},\"headline\":\"Bashk\u00ebmeshimi i dy Primat\u00ebve n\u00eb qytetin e Kor\u00e7\u00ebs dhe aktivitetet me rastin e 80 vjetorit t\u00eb Kryepiskopit Anastas, sh\u00ebnojn\u00eb edhe p\u00ebrmbushjen e vizit\u00ebs zyrtare dhe paq\u00ebsore t\u00eb Pap\u00ebs dhe Patriarkut t\u00eb Aleksandris\u00eb dhe gjith\u00eb Afrik\u00ebs, Thedhor\",\"datePublished\":\"2009-03-13T00:00:00+00:00\",\"dateModified\":\"2020-04-06T20:35:14+00:00\",\"mainEntityOfPage\":{\"@id\":\"https:\/\/orthodoxalbania.org\/2020\/2009\/03\/13\/bashkemeshimi-i-dy-primateve-ne-qytetin-e-korces-dhe-aktivitetet-me-rastin-e-80-vjetorit-te-kryepiskopit-anastas-shenojne-edhe-permbushjen-e-vizites-zyrtare-dhe-paqesore-te-papes-dhe-patriarkut-te-ale\/\"},\"wordCount\":1668,\"commentCount\":0,\"publisher\":{\"@id\":\"https:\/\/orthodoxalbania.org\/2020\/#organization\"},\"image\":{\"@id\":\"https:\/\/orthodoxalbania.org\/2020\/2009\/03\/13\/bashkemeshimi-i-dy-primateve-ne-qytetin-e-korces-dhe-aktivitetet-me-rastin-e-80-vjetorit-te-kryepiskopit-anastas-shenojne-edhe-permbushjen-e-vizites-zyrtare-dhe-paqesore-te-papes-dhe-patriarkut-te-ale\/#primaryimage\"},\"thumbnailUrl\":\"https:\/\/lh4.googleusercontent.com\/-QMMB1fZHo-g\/VJUylkAvi4I\/AAAAAAAAJRc\/ujqYOAr3ja4\/w958-h639-no\/1.JPG\",\"keywords\":[\"2009\",\"Deklarata - Njoftime Zyrtare\",\"Kryepiskopata Tiran\u00eb\",\"Kryepiskopi Anastas\",\"lajme\",\"Mitropolia Kor\u00e7\u00eb\",\"Papa dhe Patriarku i Aleksandris\u00eb dhe gjith\u00eb Afrik\u00ebs, Imzot Theodhori II\"],\"articleSection\":[\"Lajme\"],\"inLanguage\":\"en-US\"},{\"@type\":\"WebPage\",\"@id\":\"https:\/\/orthodoxalbania.org\/2020\/2009\/03\/13\/bashkemeshimi-i-dy-primateve-ne-qytetin-e-korces-dhe-aktivitetet-me-rastin-e-80-vjetorit-te-kryepiskopit-anastas-shenojne-edhe-permbushjen-e-vizites-zyrtare-dhe-paqesore-te-papes-dhe-patriarkut-te-ale\/\",\"url\":\"https:\/\/orthodoxalbania.org\/2020\/2009\/03\/13\/bashkemeshimi-i-dy-primateve-ne-qytetin-e-korces-dhe-aktivitetet-me-rastin-e-80-vjetorit-te-kryepiskopit-anastas-shenojne-edhe-permbushjen-e-vizites-zyrtare-dhe-paqesore-te-papes-dhe-patriarkut-te-ale\/\",\"name\":\"Bashk\u00ebmeshimi i dy Primat\u00ebve n\u00eb qytetin e Kor\u00e7\u00ebs dhe aktivitetet me rastin e 80 vjetorit t\u00eb Kryepiskopit Anastas, sh\u00ebnojn\u00eb edhe p\u00ebrmbushjen e vizit\u00ebs zyrtare dhe paq\u00ebsore t\u00eb Pap\u00ebs dhe Patriarkut t\u00eb Aleksandris\u00eb dhe gjith\u00eb Afrik\u00ebs, Thedhor - Kisha Orthodh\u03bfkse Autoqefale e Shqip\u00ebris\u00eb\",\"isPartOf\":{\"@id\":\"https:\/\/orthodoxalbania.org\/2020\/#website\"},\"primaryImageOfPage\":{\"@id\":\"https:\/\/orthodoxalbania.org\/2020\/2009\/03\/13\/bashkemeshimi-i-dy-primateve-ne-qytetin-e-korces-dhe-aktivitetet-me-rastin-e-80-vjetorit-te-kryepiskopit-anastas-shenojne-edhe-permbushjen-e-vizites-zyrtare-dhe-paqesore-te-papes-dhe-patriarkut-te-ale\/#primaryimage\"},\"image\":{\"@id\":\"https:\/\/orthodoxalbania.org\/2020\/2009\/03\/13\/bashkemeshimi-i-dy-primateve-ne-qytetin-e-korces-dhe-aktivitetet-me-rastin-e-80-vjetorit-te-kryepiskopit-anastas-shenojne-edhe-permbushjen-e-vizites-zyrtare-dhe-paqesore-te-papes-dhe-patriarkut-te-ale\/#primaryimage\"},\"thumbnailUrl\":\"https:\/\/lh4.googleusercontent.com\/-QMMB1fZHo-g\/VJUylkAvi4I\/AAAAAAAAJRc\/ujqYOAr3ja4\/w958-h639-no\/1.JPG\",\"datePublished\":\"2009-03-13T00:00:00+00:00\",\"dateModified\":\"2020-04-06T20:35:14+00:00\",\"breadcrumb\":{\"@id\":\"https:\/\/orthodoxalbania.org\/2020\/2009\/03\/13\/bashkemeshimi-i-dy-primateve-ne-qytetin-e-korces-dhe-aktivitetet-me-rastin-e-80-vjetorit-te-kryepiskopit-anastas-shenojne-edhe-permbushjen-e-vizites-zyrtare-dhe-paqesore-te-papes-dhe-patriarkut-te-ale\/#breadcrumb\"},\"inLanguage\":\"en-US\",\"potentialAction\":[{\"@type\":\"ReadAction\",\"target\":[\"https:\/\/orthodoxalbania.org\/2020\/2009\/03\/13\/bashkemeshimi-i-dy-primateve-ne-qytetin-e-korces-dhe-aktivitetet-me-rastin-e-80-vjetorit-te-kryepiskopit-anastas-shenojne-edhe-permbushjen-e-vizites-zyrtare-dhe-paqesore-te-papes-dhe-patriarkut-te-ale\/\"]}]},{\"@type\":\"ImageObject\",\"inLanguage\":\"en-US\",\"@id\":\"https:\/\/orthodoxalbania.org\/2020\/2009\/03\/13\/bashkemeshimi-i-dy-primateve-ne-qytetin-e-korces-dhe-aktivitetet-me-rastin-e-80-vjetorit-te-kryepiskopit-anastas-shenojne-edhe-permbushjen-e-vizites-zyrtare-dhe-paqesore-te-papes-dhe-patriarkut-te-ale\/#primaryimage\",\"url\":\"https:\/\/lh4.googleusercontent.com\/-QMMB1fZHo-g\/VJUylkAvi4I\/AAAAAAAAJRc\/ujqYOAr3ja4\/w958-h639-no\/1.JPG\",\"contentUrl\":\"https:\/\/lh4.googleusercontent.com\/-QMMB1fZHo-g\/VJUylkAvi4I\/AAAAAAAAJRc\/ujqYOAr3ja4\/w958-h639-no\/1.JPG\"},{\"@type\":\"BreadcrumbList\",\"@id\":\"https:\/\/orthodoxalbania.org\/2020\/2009\/03\/13\/bashkemeshimi-i-dy-primateve-ne-qytetin-e-korces-dhe-aktivitetet-me-rastin-e-80-vjetorit-te-kryepiskopit-anastas-shenojne-edhe-permbushjen-e-vizites-zyrtare-dhe-paqesore-te-papes-dhe-patriarkut-te-ale\/#breadcrumb\",\"itemListElement\":[{\"@type\":\"ListItem\",\"position\":1,\"name\":\"Home\",\"item\":\"https:\/\/orthodoxalbania.org\/2020\/\"},{\"@type\":\"ListItem\",\"position\":2,\"name\":\"Bashk\u00ebmeshimi i dy Primat\u00ebve n\u00eb qytetin e Kor\u00e7\u00ebs dhe aktivitetet me rastin e 80 vjetorit t\u00eb Kryepiskopit Anastas, sh\u00ebnojn\u00eb edhe p\u00ebrmbushjen e vizit\u00ebs zyrtare dhe paq\u00ebsore t\u00eb Pap\u00ebs dhe Patriarkut t\u00eb Aleksandris\u00eb dhe gjith\u00eb Afrik\u00ebs, Thedhor\"}]},{\"@type\":\"WebSite\",\"@id\":\"https:\/\/orthodoxalbania.org\/2020\/#website\",\"url\":\"https:\/\/orthodoxalbania.org\/2020\/\",\"name\":\"Kisha Orthodh\u03bfkse Autoqefale e Shqip\u00ebris\u00eb\",\"description\":\"Fqja Zyrtare e Kish\u00ebs Orthodhokse Autoqefale e Shqip\u00ebris\u00eb me lajmet edhe informacionet zyrtare p\u00ebr struktur\u00ebn edhe veprimtarin e saj.\",\"publisher\":{\"@id\":\"https:\/\/orthodoxalbania.org\/2020\/#organization\"},\"potentialAction\":[{\"@type\":\"SearchAction\",\"target\":{\"@type\":\"EntryPoint\",\"urlTemplate\":\"https:\/\/orthodoxalbania.org\/2020\/?s={search_term_string}\"},\"query-input\":{\"@type\":\"PropertyValueSpecification\",\"valueRequired\":true,\"valueName\":\"search_term_string\"}}],\"inLanguage\":\"en-US\"},{\"@type\":\"Organization\",\"@id\":\"https:\/\/orthodoxalbania.org\/2020\/#organization\",\"name\":\"Kisha Orthodhokse Autoqefale e Shqip\u00ebris\u00eb\",\"url\":\"https:\/\/orthodoxalbania.org\/2020\/\",\"logo\":{\"@type\":\"ImageObject\",\"inLanguage\":\"en-US\",\"@id\":\"https:\/\/orthodoxalbania.org\/2020\/#\/schema\/logo\/image\/\",\"url\":\"https:\/\/orthodoxalbania.org\/2020\/wp-content\/uploads\/2020\/05\/albania.jpeg\",\"contentUrl\":\"https:\/\/orthodoxalbania.org\/2020\/wp-content\/uploads\/2020\/05\/albania.jpeg\",\"width\":540,\"height\":540,\"caption\":\"Kisha Orthodhokse Autoqefale e Shqip\u00ebris\u00eb\"},\"image\":{\"@id\":\"https:\/\/orthodoxalbania.org\/2020\/#\/schema\/logo\/image\/\"},\"sameAs\":[\"https:\/\/www.facebook.com\/koash1991\"]},{\"@type\":\"Person\",\"@id\":\"https:\/\/orthodoxalbania.org\/2020\/#\/schema\/person\/0c387634a7063ac612d7ed9ce71c7e86\",\"name\":\"Kisha Orthodhokse\",\"image\":{\"@type\":\"ImageObject\",\"inLanguage\":\"en-US\",\"@id\":\"https:\/\/secure.gravatar.com\/avatar\/596e7c417251e30f2fbb9c00e026fce61a695a00e51c889caded71c96cbbdde5?s=96&d=mm&r=g\",\"url\":\"https:\/\/secure.gravatar.com\/avatar\/596e7c417251e30f2fbb9c00e026fce61a695a00e51c889caded71c96cbbdde5?s=96&d=mm&r=g\",\"contentUrl\":\"https:\/\/secure.gravatar.com\/avatar\/596e7c417251e30f2fbb9c00e026fce61a695a00e51c889caded71c96cbbdde5?s=96&d=mm&r=g\",\"caption\":\"Kisha Orthodhokse\"}}]}<\/script>\n<!-- \/ Yoast SEO plugin. -->","yoast_head_json":{"title":"Bashk\u00ebmeshimi i dy Primat\u00ebve n\u00eb qytetin e Kor\u00e7\u00ebs dhe aktivitetet me rastin e 80 vjetorit t\u00eb Kryepiskopit Anastas, sh\u00ebnojn\u00eb edhe p\u00ebrmbushjen e vizit\u00ebs zyrtare dhe paq\u00ebsore t\u00eb Pap\u00ebs dhe Patriarkut t\u00eb Aleksandris\u00eb dhe gjith\u00eb Afrik\u00ebs, Thedhor - Kisha Orthodh\u03bfkse Autoqefale e Shqip\u00ebris\u00eb","robots":{"index":"index","follow":"follow","max-snippet":"max-snippet:-1","max-image-preview":"max-image-preview:large","max-video-preview":"max-video-preview:-1"},"canonical":"https:\/\/orthodoxalbania.org\/2020\/2009\/03\/13\/bashkemeshimi-i-dy-primateve-ne-qytetin-e-korces-dhe-aktivitetet-me-rastin-e-80-vjetorit-te-kryepiskopit-anastas-shenojne-edhe-permbushjen-e-vizites-zyrtare-dhe-paqesore-te-papes-dhe-patriarkut-te-ale\/","og_locale":"en_US","og_type":"article","og_title":"Bashk\u00ebmeshimi i dy Primat\u00ebve n\u00eb qytetin e Kor\u00e7\u00ebs dhe aktivitetet me rastin e 80 vjetorit t\u00eb Kryepiskopit Anastas, sh\u00ebnojn\u00eb edhe p\u00ebrmbushjen e vizit\u00ebs zyrtare dhe paq\u00ebsore t\u00eb Pap\u00ebs dhe Patriarkut t\u00eb Aleksandris\u00eb dhe gjith\u00eb Afrik\u00ebs, Thedhor - Kisha Orthodh\u03bfkse Autoqefale e Shqip\u00ebris\u00eb","og_description":"Foto nga: Mano Kritsotaki &nbsp;&nbsp;&nbsp; Dita e pest\u00eb, dat\u00eb 4 N\u00ebntor 2009 &nbsp;&nbsp;&nbsp; Qyteti i Kor\u00e7\u00ebs, i njohur p\u00ebr tradit\u00ebn e tij Orthodhokse u zgjua m\u00ebngjesin e s\u00eb m\u00ebrkur\u00ebs nga tingujt e kambanave t\u00eb Katedrales \u201cNgjallja e Krishti\u201d q\u00eb lajm\u00ebronin besimtar\u00ebt p\u00ebr bashk\u00ebmeshimin e dy Primat\u00ebve n\u00eb kuad\u00ebr t\u00eb vizit\u00ebs zyrtare dhe paq\u00ebore t\u00eb Pap\u00ebs dhe Patriarkut t\u00eb Aleksandris\u00eb dhe t\u00eb gjith\u00eb Afrik\u00ebs, Imzot Theodhorit","og_url":"https:\/\/orthodoxalbania.org\/2020\/2009\/03\/13\/bashkemeshimi-i-dy-primateve-ne-qytetin-e-korces-dhe-aktivitetet-me-rastin-e-80-vjetorit-te-kryepiskopit-anastas-shenojne-edhe-permbushjen-e-vizites-zyrtare-dhe-paqesore-te-papes-dhe-patriarkut-te-ale\/","og_site_name":"Kisha Orthodh\u03bfkse Autoqefale e Shqip\u00ebris\u00eb","article_publisher":"https:\/\/www.facebook.com\/koash1991","article_published_time":"2009-03-13T00:00:00+00:00","article_modified_time":"2020-04-06T20:35:14+00:00","og_image":[{"url":"https:\/\/lh4.googleusercontent.com\/-QMMB1fZHo-g\/VJUylkAvi4I\/AAAAAAAAJRc\/ujqYOAr3ja4\/w958-h639-no\/1.JPG","type":"","width":"","height":""}],"author":"Kisha Orthodhokse","twitter_card":"summary_large_image","twitter_misc":{"Written by":"Kisha Orthodhokse","Est. reading time":"8 minutes"},"schema":{"@context":"https:\/\/schema.org","@graph":[{"@type":"Article","@id":"https:\/\/orthodoxalbania.org\/2020\/2009\/03\/13\/bashkemeshimi-i-dy-primateve-ne-qytetin-e-korces-dhe-aktivitetet-me-rastin-e-80-vjetorit-te-kryepiskopit-anastas-shenojne-edhe-permbushjen-e-vizites-zyrtare-dhe-paqesore-te-papes-dhe-patriarkut-te-ale\/#article","isPartOf":{"@id":"https:\/\/orthodoxalbania.org\/2020\/2009\/03\/13\/bashkemeshimi-i-dy-primateve-ne-qytetin-e-korces-dhe-aktivitetet-me-rastin-e-80-vjetorit-te-kryepiskopit-anastas-shenojne-edhe-permbushjen-e-vizites-zyrtare-dhe-paqesore-te-papes-dhe-patriarkut-te-ale\/"},"author":{"name":"Kisha Orthodhokse","@id":"https:\/\/orthodoxalbania.org\/2020\/#\/schema\/person\/0c387634a7063ac612d7ed9ce71c7e86"},"headline":"Bashk\u00ebmeshimi i dy Primat\u00ebve n\u00eb qytetin e Kor\u00e7\u00ebs dhe aktivitetet me rastin e 80 vjetorit t\u00eb Kryepiskopit Anastas, sh\u00ebnojn\u00eb edhe p\u00ebrmbushjen e vizit\u00ebs zyrtare dhe paq\u00ebsore t\u00eb Pap\u00ebs dhe Patriarkut t\u00eb Aleksandris\u00eb dhe gjith\u00eb Afrik\u00ebs, Thedhor","datePublished":"2009-03-13T00:00:00+00:00","dateModified":"2020-04-06T20:35:14+00:00","mainEntityOfPage":{"@id":"https:\/\/orthodoxalbania.org\/2020\/2009\/03\/13\/bashkemeshimi-i-dy-primateve-ne-qytetin-e-korces-dhe-aktivitetet-me-rastin-e-80-vjetorit-te-kryepiskopit-anastas-shenojne-edhe-permbushjen-e-vizites-zyrtare-dhe-paqesore-te-papes-dhe-patriarkut-te-ale\/"},"wordCount":1668,"commentCount":0,"publisher":{"@id":"https:\/\/orthodoxalbania.org\/2020\/#organization"},"image":{"@id":"https:\/\/orthodoxalbania.org\/2020\/2009\/03\/13\/bashkemeshimi-i-dy-primateve-ne-qytetin-e-korces-dhe-aktivitetet-me-rastin-e-80-vjetorit-te-kryepiskopit-anastas-shenojne-edhe-permbushjen-e-vizites-zyrtare-dhe-paqesore-te-papes-dhe-patriarkut-te-ale\/#primaryimage"},"thumbnailUrl":"https:\/\/lh4.googleusercontent.com\/-QMMB1fZHo-g\/VJUylkAvi4I\/AAAAAAAAJRc\/ujqYOAr3ja4\/w958-h639-no\/1.JPG","keywords":["2009","Deklarata - Njoftime Zyrtare","Kryepiskopata Tiran\u00eb","Kryepiskopi Anastas","lajme","Mitropolia Kor\u00e7\u00eb","Papa dhe Patriarku i Aleksandris\u00eb dhe gjith\u00eb Afrik\u00ebs, Imzot Theodhori II"],"articleSection":["Lajme"],"inLanguage":"en-US"},{"@type":"WebPage","@id":"https:\/\/orthodoxalbania.org\/2020\/2009\/03\/13\/bashkemeshimi-i-dy-primateve-ne-qytetin-e-korces-dhe-aktivitetet-me-rastin-e-80-vjetorit-te-kryepiskopit-anastas-shenojne-edhe-permbushjen-e-vizites-zyrtare-dhe-paqesore-te-papes-dhe-patriarkut-te-ale\/","url":"https:\/\/orthodoxalbania.org\/2020\/2009\/03\/13\/bashkemeshimi-i-dy-primateve-ne-qytetin-e-korces-dhe-aktivitetet-me-rastin-e-80-vjetorit-te-kryepiskopit-anastas-shenojne-edhe-permbushjen-e-vizites-zyrtare-dhe-paqesore-te-papes-dhe-patriarkut-te-ale\/","name":"Bashk\u00ebmeshimi i dy Primat\u00ebve n\u00eb qytetin e Kor\u00e7\u00ebs dhe aktivitetet me rastin e 80 vjetorit t\u00eb Kryepiskopit Anastas, sh\u00ebnojn\u00eb edhe p\u00ebrmbushjen e vizit\u00ebs zyrtare dhe paq\u00ebsore t\u00eb Pap\u00ebs dhe Patriarkut t\u00eb Aleksandris\u00eb dhe gjith\u00eb Afrik\u00ebs, Thedhor - Kisha Orthodh\u03bfkse Autoqefale e Shqip\u00ebris\u00eb","isPartOf":{"@id":"https:\/\/orthodoxalbania.org\/2020\/#website"},"primaryImageOfPage":{"@id":"https:\/\/orthodoxalbania.org\/2020\/2009\/03\/13\/bashkemeshimi-i-dy-primateve-ne-qytetin-e-korces-dhe-aktivitetet-me-rastin-e-80-vjetorit-te-kryepiskopit-anastas-shenojne-edhe-permbushjen-e-vizites-zyrtare-dhe-paqesore-te-papes-dhe-patriarkut-te-ale\/#primaryimage"},"image":{"@id":"https:\/\/orthodoxalbania.org\/2020\/2009\/03\/13\/bashkemeshimi-i-dy-primateve-ne-qytetin-e-korces-dhe-aktivitetet-me-rastin-e-80-vjetorit-te-kryepiskopit-anastas-shenojne-edhe-permbushjen-e-vizites-zyrtare-dhe-paqesore-te-papes-dhe-patriarkut-te-ale\/#primaryimage"},"thumbnailUrl":"https:\/\/lh4.googleusercontent.com\/-QMMB1fZHo-g\/VJUylkAvi4I\/AAAAAAAAJRc\/ujqYOAr3ja4\/w958-h639-no\/1.JPG","datePublished":"2009-03-13T00:00:00+00:00","dateModified":"2020-04-06T20:35:14+00:00","breadcrumb":{"@id":"https:\/\/orthodoxalbania.org\/2020\/2009\/03\/13\/bashkemeshimi-i-dy-primateve-ne-qytetin-e-korces-dhe-aktivitetet-me-rastin-e-80-vjetorit-te-kryepiskopit-anastas-shenojne-edhe-permbushjen-e-vizites-zyrtare-dhe-paqesore-te-papes-dhe-patriarkut-te-ale\/#breadcrumb"},"inLanguage":"en-US","potentialAction":[{"@type":"ReadAction","target":["https:\/\/orthodoxalbania.org\/2020\/2009\/03\/13\/bashkemeshimi-i-dy-primateve-ne-qytetin-e-korces-dhe-aktivitetet-me-rastin-e-80-vjetorit-te-kryepiskopit-anastas-shenojne-edhe-permbushjen-e-vizites-zyrtare-dhe-paqesore-te-papes-dhe-patriarkut-te-ale\/"]}]},{"@type":"ImageObject","inLanguage":"en-US","@id":"https:\/\/orthodoxalbania.org\/2020\/2009\/03\/13\/bashkemeshimi-i-dy-primateve-ne-qytetin-e-korces-dhe-aktivitetet-me-rastin-e-80-vjetorit-te-kryepiskopit-anastas-shenojne-edhe-permbushjen-e-vizites-zyrtare-dhe-paqesore-te-papes-dhe-patriarkut-te-ale\/#primaryimage","url":"https:\/\/lh4.googleusercontent.com\/-QMMB1fZHo-g\/VJUylkAvi4I\/AAAAAAAAJRc\/ujqYOAr3ja4\/w958-h639-no\/1.JPG","contentUrl":"https:\/\/lh4.googleusercontent.com\/-QMMB1fZHo-g\/VJUylkAvi4I\/AAAAAAAAJRc\/ujqYOAr3ja4\/w958-h639-no\/1.JPG"},{"@type":"BreadcrumbList","@id":"https:\/\/orthodoxalbania.org\/2020\/2009\/03\/13\/bashkemeshimi-i-dy-primateve-ne-qytetin-e-korces-dhe-aktivitetet-me-rastin-e-80-vjetorit-te-kryepiskopit-anastas-shenojne-edhe-permbushjen-e-vizites-zyrtare-dhe-paqesore-te-papes-dhe-patriarkut-te-ale\/#breadcrumb","itemListElement":[{"@type":"ListItem","position":1,"name":"Home","item":"https:\/\/orthodoxalbania.org\/2020\/"},{"@type":"ListItem","position":2,"name":"Bashk\u00ebmeshimi i dy Primat\u00ebve n\u00eb qytetin e Kor\u00e7\u00ebs dhe aktivitetet me rastin e 80 vjetorit t\u00eb Kryepiskopit Anastas, sh\u00ebnojn\u00eb edhe p\u00ebrmbushjen e vizit\u00ebs zyrtare dhe paq\u00ebsore t\u00eb Pap\u00ebs dhe Patriarkut t\u00eb Aleksandris\u00eb dhe gjith\u00eb Afrik\u00ebs, Thedhor"}]},{"@type":"WebSite","@id":"https:\/\/orthodoxalbania.org\/2020\/#website","url":"https:\/\/orthodoxalbania.org\/2020\/","name":"Kisha Orthodh\u03bfkse Autoqefale e Shqip\u00ebris\u00eb","description":"Fqja Zyrtare e Kish\u00ebs Orthodhokse Autoqefale e Shqip\u00ebris\u00eb me lajmet edhe informacionet zyrtare p\u00ebr struktur\u00ebn edhe veprimtarin e saj.","publisher":{"@id":"https:\/\/orthodoxalbania.org\/2020\/#organization"},"potentialAction":[{"@type":"SearchAction","target":{"@type":"EntryPoint","urlTemplate":"https:\/\/orthodoxalbania.org\/2020\/?s={search_term_string}"},"query-input":{"@type":"PropertyValueSpecification","valueRequired":true,"valueName":"search_term_string"}}],"inLanguage":"en-US"},{"@type":"Organization","@id":"https:\/\/orthodoxalbania.org\/2020\/#organization","name":"Kisha Orthodhokse Autoqefale e Shqip\u00ebris\u00eb","url":"https:\/\/orthodoxalbania.org\/2020\/","logo":{"@type":"ImageObject","inLanguage":"en-US","@id":"https:\/\/orthodoxalbania.org\/2020\/#\/schema\/logo\/image\/","url":"https:\/\/orthodoxalbania.org\/2020\/wp-content\/uploads\/2020\/05\/albania.jpeg","contentUrl":"https:\/\/orthodoxalbania.org\/2020\/wp-content\/uploads\/2020\/05\/albania.jpeg","width":540,"height":540,"caption":"Kisha Orthodhokse Autoqefale e Shqip\u00ebris\u00eb"},"image":{"@id":"https:\/\/orthodoxalbania.org\/2020\/#\/schema\/logo\/image\/"},"sameAs":["https:\/\/www.facebook.com\/koash1991"]},{"@type":"Person","@id":"https:\/\/orthodoxalbania.org\/2020\/#\/schema\/person\/0c387634a7063ac612d7ed9ce71c7e86","name":"Kisha Orthodhokse","image":{"@type":"ImageObject","inLanguage":"en-US","@id":"https:\/\/secure.gravatar.com\/avatar\/596e7c417251e30f2fbb9c00e026fce61a695a00e51c889caded71c96cbbdde5?s=96&d=mm&r=g","url":"https:\/\/secure.gravatar.com\/avatar\/596e7c417251e30f2fbb9c00e026fce61a695a00e51c889caded71c96cbbdde5?s=96&d=mm&r=g","contentUrl":"https:\/\/secure.gravatar.com\/avatar\/596e7c417251e30f2fbb9c00e026fce61a695a00e51c889caded71c96cbbdde5?s=96&d=mm&r=g","caption":"Kisha Orthodhokse"}}]}},"_links":{"self":[{"href":"https:\/\/orthodoxalbania.org\/2020\/wp-json\/wp\/v2\/posts\/305","targetHints":{"allow":["GET"]}}],"collection":[{"href":"https:\/\/orthodoxalbania.org\/2020\/wp-json\/wp\/v2\/posts"}],"about":[{"href":"https:\/\/orthodoxalbania.org\/2020\/wp-json\/wp\/v2\/types\/post"}],"author":[{"embeddable":true,"href":"https:\/\/orthodoxalbania.org\/2020\/wp-json\/wp\/v2\/users\/1"}],"replies":[{"embeddable":true,"href":"https:\/\/orthodoxalbania.org\/2020\/wp-json\/wp\/v2\/comments?post=305"}],"version-history":[{"count":1,"href":"https:\/\/orthodoxalbania.org\/2020\/wp-json\/wp\/v2\/posts\/305\/revisions"}],"predecessor-version":[{"id":15626,"href":"https:\/\/orthodoxalbania.org\/2020\/wp-json\/wp\/v2\/posts\/305\/revisions\/15626"}],"wp:attachment":[{"href":"https:\/\/orthodoxalbania.org\/2020\/wp-json\/wp\/v2\/media?parent=305"}],"wp:term":[{"taxonomy":"category","embeddable":true,"href":"https:\/\/orthodoxalbania.org\/2020\/wp-json\/wp\/v2\/categories?post=305"},{"taxonomy":"post_tag","embeddable":true,"href":"https:\/\/orthodoxalbania.org\/2020\/wp-json\/wp\/v2\/tags?post=305"}],"curies":[{"name":"wp","href":"https:\/\/api.w.org\/{rel}","templated":true}]}}