{"id":304,"date":"2009-03-13T10:11:05","date_gmt":"2009-03-13T10:11:05","guid":{"rendered":""},"modified":"2020-04-06T22:35:11","modified_gmt":"2020-04-06T20:35:11","slug":"bashkemeshim-i-dy-primateve-te-kishes-se-aleksandrise-dhe-kishes-se-shqiperise-ne-liturgjine-patriarkale","status":"publish","type":"post","link":"https:\/\/orthodoxalbania.org\/2020\/2009\/03\/13\/bashkemeshim-i-dy-primateve-te-kishes-se-aleksandrise-dhe-kishes-se-shqiperise-ne-liturgjine-patriarkale\/","title":{"rendered":"Bashk\u00ebmeshim i dy primat\u00ebve t\u00eb Kish\u00ebs s\u00eb Aleksandris\u00eb dhe Kish\u00ebs s\u00eb Shqip\u00ebris\u00eb n\u00eb Liturgjin\u00eb Patriarkale. ( N\u00ebntor 2009)"},"content":{"rendered":"<table style=\"width: 220px; height: 1721px; float: left;\">\n<tbody>\n<tr>\n<td class=\"style8\">\n<div style=\"text-align: justify;\"><span style=\"font-family: helvetica; font-size: 12pt;\"><\/span><\/div>\n<\/td>\n<\/tr>\n<tr>\n<th class=\"style4\" style=\"text-align: justify;\" scope=\"row\"><span style=\"color: #000000; font-family: helvetica; font-size: 12pt;\"><img decoding=\"async\" class=\"lazyload HAa Eha\" style=\"height: 138px; width: 207px; float: left; border-width: 1px; border-style: solid; margin: 10px;\" alt=\"\" src=\"data:image\/gif;base64,R0lGODlhAQABAAAAACH5BAEKAAEALAAAAAABAAEAAAICTAEAOw==\" data-orig-src=\"https:\/\/lh5.googleusercontent.com\/-8duTUDY4uBA\/U_1_TF86A6I\/AAAAAAAABN0\/8rkz82VAMiM\/w600-h400-no\/1.JPG\" \/><\/span><\/th>\n<\/tr>\n<tr>\n<td class=\"style4\" style=\"text-align: justify;\"><span style=\"color: #000000; font-family: helvetica; font-size: 12pt;\"><img decoding=\"async\" class=\"lazyload HAa Eha\" style=\"height: 138px; width: 207px; float: left; border-width: 1px; border-style: solid; margin: 10px;\" alt=\"\" src=\"data:image\/gif;base64,R0lGODlhAQABAAAAACH5BAEKAAEALAAAAAABAAEAAAICTAEAOw==\" data-orig-src=\"https:\/\/lh3.googleusercontent.com\/-rnouYwJTxUM\/U_1_TPNUe7I\/AAAAAAAABNA\/E49DRHOluEw\/w600-h400-no\/2.JPG\" \/><\/span><\/td>\n<\/tr>\n<tr>\n<th class=\"style4\" style=\"text-align: justify;\" scope=\"row\"><span style=\"color: #000000; font-family: helvetica; font-size: 12pt;\"><img decoding=\"async\" class=\"lazyload HAa Eha\" style=\"height: 138px; width: 207px; float: left; border-width: 1px; border-style: solid; margin: 10px;\" alt=\"\" src=\"data:image\/gif;base64,R0lGODlhAQABAAAAACH5BAEKAAEALAAAAAABAAEAAAICTAEAOw==\" data-orig-src=\"https:\/\/lh4.googleusercontent.com\/-xYpsM6ArXI0\/U_1_TsE7wSI\/AAAAAAAABNo\/BQaKU5ZyaTc\/w600-h400-no\/3.JPG\" \/><\/span><\/th>\n<\/tr>\n<tr>\n<th class=\"style4\" style=\"text-align: justify;\" scope=\"row\"><span style=\"color: #000000; font-family: helvetica; font-size: 12pt;\"><img decoding=\"async\" class=\"lazyload HAa Eha\" style=\"height: 138px; width: 207px; float: left; border-width: 1px; border-style: solid; margin: 10px;\" alt=\"\" src=\"data:image\/gif;base64,R0lGODlhAQABAAAAACH5BAEKAAEALAAAAAABAAEAAAICTAEAOw==\" data-orig-src=\"https:\/\/lh3.googleusercontent.com\/-cgXfTCvm5rA\/U_1_UNTut-I\/AAAAAAAABNk\/3o4nPVzJUGk\/w600-h400-no\/4.JPG\" \/><\/span><\/th>\n<\/tr>\n<tr>\n<th class=\"style4\" style=\"text-align: justify;\" scope=\"row\"><span style=\"color: #000000; font-family: helvetica; font-size: 12pt;\"><img decoding=\"async\" class=\"lazyload HAa Eha\" style=\"height: 138px; width: 207px; float: left; border-width: 1px; border-style: solid; margin: 10px;\" alt=\"\" src=\"data:image\/gif;base64,R0lGODlhAQABAAAAACH5BAEKAAEALAAAAAABAAEAAAICTAEAOw==\" data-orig-src=\"https:\/\/lh3.googleusercontent.com\/-bAclk5ayrog\/U_1_UQRlvLI\/AAAAAAAABN4\/ac0RPxSD2m8\/w600-h400-no\/5.JPG\" \/><\/span><\/th>\n<\/tr>\n<tr>\n<th class=\"style4\" scope=\"row\"><span style=\"font-family: helvetica; font-size: 12pt;\">&nbsp;<span style=\"color: #000000;\"><img decoding=\"async\" class=\"lazyload HAa Eha\" style=\"height: 138px; width: 207px; float: left; border-width: 1px; border-style: solid; margin: 10px;\" alt=\"\" src=\"data:image\/gif;base64,R0lGODlhAQABAAAAACH5BAEKAAEALAAAAAABAAEAAAICTAEAOw==\" data-orig-src=\"https:\/\/lh3.googleusercontent.com\/-isv_gpxmRRw\/U_1_UlViaqI\/AAAAAAAABNQ\/3bY6JhzNoR0\/w600-h400-no\/6.JPG\" \/><\/span><\/span><\/th>\n<\/tr>\n<tr>\n<th class=\"style4\" style=\"text-align: justify;\" scope=\"row\"><span style=\"color: #000000; font-family: helvetica; font-size: 12pt;\"><img decoding=\"async\" class=\"lazyload HAa Eha\" style=\"height: 138px; width: 207px; float: left; border-width: 1px; border-style: solid; margin: 10px;\" alt=\"\" src=\"data:image\/gif;base64,R0lGODlhAQABAAAAACH5BAEKAAEALAAAAAABAAEAAAICTAEAOw==\" data-orig-src=\"https:\/\/lh6.googleusercontent.com\/-ThVR6kde-2c\/U_1_U8X0kRI\/AAAAAAAABNc\/fTZ55WcVR-g\/w600-h400-no\/7.JPG\" \/><\/span><\/th>\n<\/tr>\n<tr>\n<th class=\"style4\" style=\"text-align: justify;\" scope=\"row\"><span style=\"color: #000000; font-family: helvetica; font-size: 12pt;\"><img decoding=\"async\" class=\"lazyload HAa Eha\" style=\"height: 138px; width: 207px; float: left; border-width: 1px; border-style: solid; margin: 10px;\" alt=\"\" src=\"data:image\/gif;base64,R0lGODlhAQABAAAAACH5BAEKAAEALAAAAAABAAEAAAICTAEAOw==\" data-orig-src=\"https:\/\/lh3.googleusercontent.com\/-1DFC_JUxIFY\/U_1_VQcf5AI\/AAAAAAAABNY\/L6UWL7omLmk\/w600-h400-no\/8.JPG\" \/><\/span><\/th>\n<\/tr>\n<tr>\n<th class=\"style4\" style=\"text-align: justify;\" scope=\"row\"><span style=\"color: #000000; font-family: helvetica; font-size: 12pt;\"><img decoding=\"async\" class=\"lazyload HAa Eha\" style=\"height: 310px; width: 207px; float: left; border-width: 1px; border-style: solid; margin: 10px;\" alt=\"\" src=\"data:image\/gif;base64,R0lGODlhAQABAAAAACH5BAEKAAEALAAAAAABAAEAAAICTAEAOw==\" data-orig-src=\"https:\/\/lh6.googleusercontent.com\/--qvcoSOXwe4\/U_1_Vl225JI\/AAAAAAAABNg\/WAyXRmLnOl0\/w549-h823-no\/9.JPG\" \/><\/span><\/th>\n<\/tr>\n<tr>\n<th class=\"style4\" scope=\"row\"><span style=\"color: #000000; font-family: helvetica; font-size: 12pt;\"><img decoding=\"async\" class=\"lazyload HAa Eha\" style=\"height: 310px; width: 207px; float: left; border-width: 1px; border-style: solid; margin: 10px;\" alt=\"\" src=\"data:image\/gif;base64,R0lGODlhAQABAAAAACH5BAEKAAEALAAAAAABAAEAAAICTAEAOw==\" data-orig-src=\"https:\/\/lh3.googleusercontent.com\/-Pjbfxtu-dfA\/U_1_TODTldI\/AAAAAAAABNw\/OZAl9zEnE5k\/w549-h823-no\/10.JPG\" \/><\/span><\/th>\n<\/tr>\n<tr>\n<th class=\"style4\" style=\"text-align: justify;\" scope=\"row\"><span style=\"font-family: helvetica; font-size: 12pt;\"><\/span><\/th>\n<\/tr>\n<tr>\n<th class=\"style4\" scope=\"row\"><span style=\"color: #000000; font-family: helvetica; font-size: 12pt;\">Foto nga: Mano Kritsotaki<\/span><\/th>\n<\/tr>\n<\/tbody>\n<\/table>\n<p class=\"style10\" style=\"text-align: justify;\"><span style=\"color: #000000; font-family: helvetica; font-size: 12pt;\">&nbsp;&nbsp;&nbsp;&nbsp; Vijon vizita zyrtare dhe paq\u00ebsore e Pap\u00ebs dhe Patriarkut t\u00eb Aleksandris\u00eb dhe gjith\u00eb Afrik\u00ebs, Theodhorit t\u00eb II.<\/span><\/p>\n<p style=\"text-align: justify;\"><span style=\"color: #000000; font-family: helvetica; font-size: 12pt;\">&nbsp;&nbsp;&nbsp;&nbsp; Dita e dyt\u00eb, dat\u00eb 1 N\u00ebntor 2009<\/span><\/p>\n<p style=\"text-align: justify;\"><span style=\"color: #000000; font-family: helvetica; font-size: 12pt;\">&nbsp;&nbsp;&nbsp; M\u00ebngjesin e s\u00eb Diel\u00ebs, populli besimtar dhe kleri i Shqip\u00ebris\u00eb p\u00ebrjetuan nj\u00eb ngjarje t\u00eb ve\u00e7ant\u00eb kishtare, bashk\u00ebmeshimin e Pap\u00ebs dhe Patriarkut t\u00eb Aleksandris\u00eb dhe gjith\u00eb Afrik\u00ebs, Imzot Theodhorit II dhe Kryepiskopit t\u00eb Tiran\u00ebs, Durr\u00ebsit dhe gjith\u00eb Shqip\u00ebris\u00eb, Imzot Anastasit.<\/p>\n<p> &nbsp;&nbsp;&nbsp; N\u00eb katedralen orthodhokse, e cila ishte mbushur plot me njer\u00ebz, ndodheshin p\u00ebr t\u00eb pritur Primat\u00ebt, t\u00eb gjith\u00eb an\u00ebtar\u00ebt e Sinodhit t\u00eb Shenjt\u00eb t\u00eb Kish\u00ebs Orthodhokse Autoqefale e Shqip\u00ebris\u00eb. Gjat\u00eb k\u00ebtij bashk\u00ebmeshimi Patriarku Theodhor dhe Kryepiskopi Anastas do t\u00eb shk\u00ebmbenin p\u00ebrsh\u00ebndetjet dhe mesazhet kryesore q\u00eb karakterizojn\u00eb tradicionalisht vizitat zyrtare t\u00eb k\u00ebtij lloji.<\/p>\n<p> &nbsp;&nbsp;&nbsp; Kryepiskopi Anastas do ta p\u00ebrsh\u00ebndeste vizit\u00ebn e Patriarkut Theodhor duke shprehur edhe g\u00ebzimin e tij me fjal\u00ebt: \u201c&nbsp;\u00c7do vizit\u00eb zyrtare e nj\u00eb primati t\u00eb Kish\u00ebs Orthodhokse \u00e7el nj\u00eb dritare t\u00eb madhe n\u00eb mendjen dhe n\u00eb zemrat e besimtar\u00ebve t\u00eb Kish\u00ebs lokale, p\u00ebr t\u00eb kundruar m\u00eb me kthjellt\u00ebsi dimensionet e Kish\u00ebs Orthodhokse n\u00eb t\u00eb cil\u00ebn b\u00ebjm\u00eb pjes\u00eb, \u201cnga nj\u00ebri cep i bot\u00ebs n\u00eb tjetrin\u201d.<\/p>\n<p> &nbsp;&nbsp;&nbsp; Kryepiskopi theksoi edhe lidhjen mistike q\u00eb ekziston midis Kish\u00ebs s\u00eb Afrik\u00ebs dhe asaj t\u00eb Shqip\u00ebris\u00eb, sepse si\u00e7 theksoi ai: \u201cP\u00ebrvoja e Afrik\u00ebs ishte nj\u00eb parap\u00ebrgatitje shum\u00eb e vyer p\u00ebr rrug\u00ebtimin n\u00eb udh\u00eb t\u00eb v\u00ebshtira dhe t\u00eb rr\u00ebshqitshme t\u00eb Shqip\u00ebris\u00eb postkomuniste p\u00ebr ringritjen e Kish\u00ebs lokale. Dhe n\u00eb \u00e7do Liturgji Hyjnore, q\u00eb ofrohet p\u00ebr Kish\u00ebn, \u201cnga nj\u00ebri cep i dheut n\u00eb tjetrin\u201d, kemi bekimin t\u00eb gjendemi p\u00ebrs\u00ebri, n\u00eb m\u00ebnyr\u00eb t\u00eb mistershme, pran\u00eb v\u00ebllez\u00ebrve t\u00eb shtrenjt\u00eb tan\u00eb n\u00eb Afrik\u00eb, grigj\u00ebs Suaj t\u00eb zgjedhur\u201d.<\/p>\n<p> &nbsp;&nbsp;&nbsp; N\u00eb p\u00ebrsh\u00ebndetjen e tij, Papa dhe Patriarku i Aleksandris\u00eb dhe gjith\u00eb Afrik\u00ebs, Theodhori i II do t\u00eb rip\u00ebrs\u00ebriste edhe nj\u00ebher\u00eb rolin q\u00eb ka luajtur Kryepiskopi Anastas gjat\u00eb veprimtaris\u00eb s\u00eb tij hierapostolike n\u00eb Afrik\u00eb. Patriarku shprehu ngaz\u00ebllimin e zemr\u00ebs s\u00eb tij, kur gjendej n\u00eb bashk\u00ebmeshim me Kryepiskopin Anastas n\u00eb kungim t\u00eb p\u00ebrbashk\u00ebt n\u00eb dashurin\u00eb e Per\u00ebndis\u00eb Triadik dhe n\u00eb misterin e unitetit t\u00eb t\u00eb dy Kishave, t\u00eb cilat i bashkon nj\u00eb lidhje e hershme historike q\u00eb konsiston n\u00eb dhiakonin\u00eb hierapostolike t\u00eb Kryepiskopit Anastas n\u00eb Kenia, por edhe n\u00eb vende t\u00eb tjera t\u00eb Afrik\u00ebs. \u201cPadyshim, Fortlumturi,- theksoi Patriarku Theodhor,- Ju b\u00ebni pjes\u00eb tek personalitetet e m\u00ebdha t\u00eb epok\u00ebs son\u00eb. T\u00eb gjitha energjit\u00eb tuaja frym\u00ebzohen nga koncepti ekumenik i Kish\u00ebs sepse dashuria juaj e par\u00eb ishte hierapostolia e jashtme\u201d.<\/p>\n<p> &nbsp;&nbsp;&nbsp; N\u00eb vijim, Primati i Kish\u00ebs s\u00eb Afrik\u00ebs p\u00ebrmblodhi t\u00eb gjith\u00eb veprimtarin\u00eb misionarike t\u00eb Kryepiskopit Anastas, duke u ndalur edhe n\u00eb th\u00ebnie t\u00eb shk\u00ebputura nga vepra t\u00eb tij, t\u00eb cilat sot kan\u00eb marr\u00eb nj\u00eb autenticietet ekumenik dhe jan\u00eb kthyer n\u00eb nj\u00eb himn orthodhoks mbi r\u00ebnd\u00ebsin\u00eb dhe domosdoshm\u00ebrin\u00eb e misionarizimit. N\u00eb fund, Patriarku uroi q\u00eb marr\u00ebdh\u00ebniet e shk\u00eblqyera t\u00eb dy Kishave t\u00eb forcoheshin edhe m\u00eb tej.<\/p>\n<p> &nbsp;&nbsp;&nbsp; Pas Liturgjis\u00eb Hyjnore u shk\u00ebmbyen edhe dhuratat simbolike midis dy primat\u00ebve. Kryepiskopi Anastas i dhuroi Patriarkut nj\u00eb Potir t\u00eb Shenjt\u00eb, si shenj\u00eb e unitetit liturgjik t\u00eb t\u00eb gjith\u00eb Primat\u00ebve, sa her\u00eb q\u00eb kujtohen diptik\u00ebt n\u00eb \u00e7do liturgji Hyjnore. Nd\u00ebrsa Patriarku Theodhor II lexoi vendimin e Sinodhit t\u00eb Patriarkan\u00ebs s\u00eb Aleksandris\u00eb, q\u00eb i jepte Kryepiskopit Anastas \u00e7mimin e Kryqit t\u00eb Madh t\u00eb Sh\u00ebn Markut, si nj\u00eb shenj\u00eb fal\u00ebnderimi dhe mir\u00ebnjohjeje p\u00ebr kontributin e tij baritor n\u00eb Afrik\u00eb. Ai i dhuroi edhe nj\u00eb engolpio n\u00eb form\u00ebn e shqiponj\u00ebs, si edhe Kryqin e bekimit p\u00ebr Tryez\u00ebn e Shenjt\u00eb, punuar n\u00eb m\u00ebnyr\u00eb artizanale nga murgjit e manastirit t\u00eb Sh\u00ebn Andonit, si nj\u00eb kujtim t\u00eb vizit\u00ebs s\u00eb Tij n\u00eb Shqip\u00ebri.<\/p>\n<p> &nbsp;&nbsp;&nbsp; Programi i dit\u00ebs s\u00eb dyt\u00eb t\u00eb vizit\u00ebs s\u00eb Patriarkut do t\u00eb vijonte me nj\u00eb drek\u00eb zyrtare q\u00eb Kryepiskopi Anastas kishte shtruar n\u00eb qendr\u00ebn shpirt\u00ebrore Thavor. Aty Patriarku do t\u00eb bisedonte me n\u00ebpun\u00ebsit e departamenteve t\u00eb ndryshme t\u00eb Kish\u00ebs mbi r\u00ebnd\u00ebsin\u00eb e pun\u00ebs s\u00eb gjithsecilit p\u00ebr p\u00ebrparimin e t\u00eb gjith\u00ebve. Patriarku theksoi se Kisha e Shqip\u00ebris\u00eb ka nj\u00eb fat t\u00eb madh q\u00eb ka p\u00ebr Primat t\u00eb saj, Kryepiskopin Anastas.<\/p>\n<p> &nbsp;&nbsp;&nbsp; Mbasditen e s\u00eb Diel\u00ebs, Patriarku s\u00eb bashku me delegacionin q\u00eb e shoq\u00ebronte do t\u00eb ndiqnin nj\u00eb koncert festiv t\u00eb p\u00ebrgatitur nga rinia orthodhokse \u201cBijt\u00eb e Drit\u00ebs\u201d. N\u00eb k\u00ebt\u00eb koncert, q\u00eb organizohej me rastin e p\u00ebrvjetorit t\u00eb tet\u00ebdhjet\u00eb t\u00eb lindjes s\u00eb Kryepiskopit Anastas, do t\u00eb performonin grupe t\u00eb shumta rinore nga e gjith\u00eb Shqip\u00ebria. Patriarku dhe pjes\u00ebmarr\u00ebsit e tjer\u00eb ndoq\u00ebn edhe nj\u00eb film dokumentar mbi jet\u00ebn dhe vepr\u00ebn e Kryepiskopit Anastas.<\/p>\n<p> &nbsp;&nbsp;&nbsp; N\u00eb fund t\u00eb festivalit, Patriarku Theodhor, duke mos e fshehur dot mall\u00ebngjimin, p\u00ebrsh\u00ebndeti t\u00eb gjith\u00eb t\u00eb rinjt\u00eb duke u th\u00ebn\u00eb atyre se Kryepiskopi juaj, ashtu si sh\u00ebn Pavli nuk d\u00ebshiroi ar dhe argjend, por t\u00eb p\u00ebrkushtohej te Krishti duke e treguar me vepra dashurin\u00eb e tij p\u00ebr T\u00eb. \u201cKur pam\u00eb filmin, lotuam me gjendjen e mjerueshme t\u00eb Kish\u00ebs, q\u00eb gjeti Kryepiskopi Anastas. Zoti, n\u00ebp\u00ebrmjet Kryebariut tuaj, ju ka dh\u00ebn\u00eb dhurata dhe do t\u2019ju jap\u00eb akoma m\u00eb shum\u00eb. Pash\u00eb se me sa g\u00ebzim e tregoni mir\u00ebnjohjen tuaj ndaj Kryepiskopit n\u00eb k\u00ebng\u00ebt dhe n\u00eb vallet tuaja. Kur un\u00eb t\u00eb kthehem n\u00eb Afrik\u00eb dhe t\u00eb k\u00ebrcej me tingujt e timpaneve m\u00eb mij\u00ebra f\u00ebmij\u00ebt e mij afrikan\u00eb, do t\u2019ju kem edhe ju n\u00eb zemr\u00ebn time. Kur mbas shum\u00eb vitesh Kisha juaj t\u00eb ket\u00eb p\u00ebrparuar, ju do t\u00eb kujtoni gjithmon\u00eb njeriun q\u00eb e ka ngjallur at\u00eb\u201d. Patriarku shprehu urimin q\u00eb mbas 20 vjet\u00ebsh t\u00eb vinte s\u00ebrish n\u00eb Shqip\u00ebri p\u00ebr t\u00eb festuar edhe 100 vjetorin e Kryepiskopit Anastas.<\/p>\n<p> &nbsp;&nbsp;&nbsp; Kryepiskopi Anastas n\u00eb p\u00ebrsh\u00ebndetjen e tij p\u00ebr rinin\u00eb tha: \u201cNuk gjej dot fjal\u00eb p\u00ebr t\u2019u shprehur. Zemra ime \u00ebsht\u00eb e p\u00ebrmbushur me nj\u00eb mall\u00ebngjim t\u00eb thell\u00eb q\u00eb e shpreh fjala, faleminderit. Me t\u00eb gjith\u00eb zemr\u00ebn ju uroj dashuri, g\u00ebzim, paqe dhe gjithmon\u00eb me Krishtin\u201d.<\/p>\n<p> &nbsp;&nbsp;&nbsp; Me g\u00ebzim rinor dhe fjal\u00ebt fal\u00ebnderuese t\u00eb Primat\u00ebve, u mbyll edhe dita e dyt\u00eb e vizit\u00ebs zyrtare dhe paq\u00ebsore t\u00eb Patriarkut t\u00eb Aleksandris\u00eb.<\/p>\n<p> &nbsp;&nbsp;&nbsp; T\u00eb h\u00ebn\u00ebn, dat\u00eb 2 N\u00ebntor, Papa dhe Patriarku i Aleksandris\u00eb dhe gjith\u00eb Afrik\u00ebs, Imzot Theodhori II do t\u00eb takohet me Presidentin e Republik\u00ebs, Kryeministrin, Kryetaren e Parlamentit, Ministrin e Jasht\u00ebm, Kryetarin e Bashkis\u00eb s\u00eb Tiran\u00ebs, si dhe me zyrtar\u00eb t\u00eb tjer\u00eb t\u00eb lart\u00eb dhe p\u00ebrfaq\u00ebsues t\u00eb trupave diplomatik\u00eb t\u00eb akredituar n\u00eb Shqip\u00ebri.<\/span><\/p>\n<p style=\"text-align: justify;\"><span style=\"font-family: helvetica; font-size: 12pt;\"><\/span><\/p>\n<p style=\"text-align: right;\"><span style=\"color: #000000; font-family: helvetica; font-size: 12pt;\"><strong>Aleks Curi<\/strong><\/span><\/p>\n<p style=\"text-align: justify;\"><span style=\"font-family: helvetica; font-size: 12pt;\"><\/span><\/p>\n","protected":false},"excerpt":{"rendered":"<p>&nbsp; Foto nga: Mano Kritsotaki &nbsp;&nbsp;&nbsp;&nbsp; Vijon vizita zyrtare dhe paq\u00ebsore e Pap\u00ebs dhe Patriarkut t\u00eb Aleksandris\u00eb dhe gjith\u00eb Afrik\u00ebs, Theodhorit t\u00eb II. &nbsp;&nbsp;&nbsp;&nbsp; Dita e dyt\u00eb, dat\u00eb 1 N\u00ebntor 2009 &nbsp;&nbsp;&nbsp; M\u00ebngjesin e s\u00eb Diel\u00ebs, populli besimtar dhe kleri i Shqip\u00ebris\u00eb p\u00ebrjetuan nj\u00eb ngjarje t\u00eb ve\u00e7ant\u00eb kishtare, bashk\u00ebmeshimin e Pap\u00ebs dhe Patriarkut t\u00eb Aleksandris\u00eb dhe gjith\u00eb Afrik\u00ebs, Imzot Theodhorit II dhe Kryepiskopit t\u00eb Tiran\u00ebs,<\/p>\n","protected":false},"author":1,"featured_media":0,"comment_status":"open","ping_status":"open","sticky":false,"template":"","format":"standard","meta":{"_acf_changed":false,"pagelayer_contact_templates":[],"_pagelayer_content":"","inline_featured_image":false,"fifu_image_url":"","fifu_image_alt":"","footnotes":""},"categories":[108],"tags":[145,153,196,201,212,202],"class_list":["post-304","post","type-post","status-publish","format-standard","hentry","category-lajme","tag-145","tag-deklarata-njoftime-zyrtare-d75","tag-tirane","tag-kryepiskopi-anastas","tag-lajme-d27","tag-papa-dhe-patriarku-i-aleksandrise-dhe-gjithe-afrikes-imzot-theodhori-ii"],"acf":[],"yoast_head":"<!-- This site is optimized with the Yoast SEO plugin v27.2 - https:\/\/yoast.com\/product\/yoast-seo-wordpress\/ -->\n<title>Bashk\u00ebmeshim i dy primat\u00ebve t\u00eb Kish\u00ebs s\u00eb Aleksandris\u00eb dhe Kish\u00ebs s\u00eb Shqip\u00ebris\u00eb n\u00eb Liturgjin\u00eb Patriarkale. ( N\u00ebntor 2009) - Kisha Orthodh\u03bfkse Autoqefale e Shqip\u00ebris\u00eb<\/title>\n<meta name=\"robots\" content=\"index, follow, max-snippet:-1, max-image-preview:large, max-video-preview:-1\" \/>\n<link rel=\"canonical\" href=\"https:\/\/orthodoxalbania.org\/2020\/2009\/03\/13\/bashkemeshim-i-dy-primateve-te-kishes-se-aleksandrise-dhe-kishes-se-shqiperise-ne-liturgjine-patriarkale\/\" \/>\n<meta property=\"og:locale\" content=\"en_US\" \/>\n<meta property=\"og:type\" content=\"article\" \/>\n<meta property=\"og:title\" content=\"Bashk\u00ebmeshim i dy primat\u00ebve t\u00eb Kish\u00ebs s\u00eb Aleksandris\u00eb dhe Kish\u00ebs s\u00eb Shqip\u00ebris\u00eb n\u00eb Liturgjin\u00eb Patriarkale. ( N\u00ebntor 2009) - Kisha Orthodh\u03bfkse Autoqefale e Shqip\u00ebris\u00eb\" \/>\n<meta property=\"og:description\" content=\"&nbsp; Foto nga: Mano Kritsotaki &nbsp;&nbsp;&nbsp;&nbsp; Vijon vizita zyrtare dhe paq\u00ebsore e Pap\u00ebs dhe Patriarkut t\u00eb Aleksandris\u00eb dhe gjith\u00eb Afrik\u00ebs, Theodhorit t\u00eb II. &nbsp;&nbsp;&nbsp;&nbsp; Dita e dyt\u00eb, dat\u00eb 1 N\u00ebntor 2009 &nbsp;&nbsp;&nbsp; M\u00ebngjesin e s\u00eb Diel\u00ebs, populli besimtar dhe kleri i Shqip\u00ebris\u00eb p\u00ebrjetuan nj\u00eb ngjarje t\u00eb ve\u00e7ant\u00eb kishtare, bashk\u00ebmeshimin e Pap\u00ebs dhe Patriarkut t\u00eb Aleksandris\u00eb dhe gjith\u00eb Afrik\u00ebs, Imzot Theodhorit II dhe Kryepiskopit t\u00eb Tiran\u00ebs,\" \/>\n<meta property=\"og:url\" content=\"https:\/\/orthodoxalbania.org\/2020\/2009\/03\/13\/bashkemeshim-i-dy-primateve-te-kishes-se-aleksandrise-dhe-kishes-se-shqiperise-ne-liturgjine-patriarkale\/\" \/>\n<meta property=\"og:site_name\" content=\"Kisha Orthodh\u03bfkse Autoqefale e Shqip\u00ebris\u00eb\" \/>\n<meta property=\"article:publisher\" content=\"https:\/\/www.facebook.com\/koash1991\" \/>\n<meta property=\"article:published_time\" content=\"2009-03-13T10:11:05+00:00\" \/>\n<meta property=\"article:modified_time\" content=\"2020-04-06T20:35:11+00:00\" \/>\n<meta property=\"og:image\" content=\"https:\/\/lh5.googleusercontent.com\/-8duTUDY4uBA\/U_1_TF86A6I\/AAAAAAAABN0\/8rkz82VAMiM\/w600-h400-no\/1.JPG\" \/>\n<meta name=\"author\" content=\"Kisha Orthodhokse\" \/>\n<meta name=\"twitter:card\" content=\"summary_large_image\" \/>\n<meta name=\"twitter:label1\" content=\"Written by\" \/>\n\t<meta name=\"twitter:data1\" content=\"Kisha Orthodhokse\" \/>\n\t<meta name=\"twitter:label2\" content=\"Est. reading time\" \/>\n\t<meta name=\"twitter:data2\" content=\"6 minutes\" \/>\n<script type=\"application\/ld+json\" class=\"yoast-schema-graph\">{\"@context\":\"https:\/\/schema.org\",\"@graph\":[{\"@type\":\"Article\",\"@id\":\"https:\/\/orthodoxalbania.org\/2020\/2009\/03\/13\/bashkemeshim-i-dy-primateve-te-kishes-se-aleksandrise-dhe-kishes-se-shqiperise-ne-liturgjine-patriarkale\/#article\",\"isPartOf\":{\"@id\":\"https:\/\/orthodoxalbania.org\/2020\/2009\/03\/13\/bashkemeshim-i-dy-primateve-te-kishes-se-aleksandrise-dhe-kishes-se-shqiperise-ne-liturgjine-patriarkale\/\"},\"author\":{\"name\":\"Kisha Orthodhokse\",\"@id\":\"https:\/\/orthodoxalbania.org\/2020\/#\/schema\/person\/0c387634a7063ac612d7ed9ce71c7e86\"},\"headline\":\"Bashk\u00ebmeshim i dy primat\u00ebve t\u00eb Kish\u00ebs s\u00eb Aleksandris\u00eb dhe Kish\u00ebs s\u00eb Shqip\u00ebris\u00eb n\u00eb Liturgjin\u00eb Patriarkale. ( N\u00ebntor 2009)\",\"datePublished\":\"2009-03-13T10:11:05+00:00\",\"dateModified\":\"2020-04-06T20:35:11+00:00\",\"mainEntityOfPage\":{\"@id\":\"https:\/\/orthodoxalbania.org\/2020\/2009\/03\/13\/bashkemeshim-i-dy-primateve-te-kishes-se-aleksandrise-dhe-kishes-se-shqiperise-ne-liturgjine-patriarkale\/\"},\"wordCount\":1249,\"commentCount\":0,\"publisher\":{\"@id\":\"https:\/\/orthodoxalbania.org\/2020\/#organization\"},\"image\":{\"@id\":\"https:\/\/orthodoxalbania.org\/2020\/2009\/03\/13\/bashkemeshim-i-dy-primateve-te-kishes-se-aleksandrise-dhe-kishes-se-shqiperise-ne-liturgjine-patriarkale\/#primaryimage\"},\"thumbnailUrl\":\"https:\/\/lh5.googleusercontent.com\/-8duTUDY4uBA\/U_1_TF86A6I\/AAAAAAAABN0\/8rkz82VAMiM\/w600-h400-no\/1.JPG\",\"keywords\":[\"2009\",\"Deklarata - Njoftime Zyrtare\",\"Kryepiskopata Tiran\u00eb\",\"Kryepiskopi Anastas\",\"lajme\",\"Papa dhe Patriarku i Aleksandris\u00eb dhe gjith\u00eb Afrik\u00ebs, Imzot Theodhori II\"],\"articleSection\":[\"Lajme\"],\"inLanguage\":\"en-US\"},{\"@type\":\"WebPage\",\"@id\":\"https:\/\/orthodoxalbania.org\/2020\/2009\/03\/13\/bashkemeshim-i-dy-primateve-te-kishes-se-aleksandrise-dhe-kishes-se-shqiperise-ne-liturgjine-patriarkale\/\",\"url\":\"https:\/\/orthodoxalbania.org\/2020\/2009\/03\/13\/bashkemeshim-i-dy-primateve-te-kishes-se-aleksandrise-dhe-kishes-se-shqiperise-ne-liturgjine-patriarkale\/\",\"name\":\"Bashk\u00ebmeshim i dy primat\u00ebve t\u00eb Kish\u00ebs s\u00eb Aleksandris\u00eb dhe Kish\u00ebs s\u00eb Shqip\u00ebris\u00eb n\u00eb Liturgjin\u00eb Patriarkale. ( N\u00ebntor 2009) - Kisha Orthodh\u03bfkse Autoqefale e Shqip\u00ebris\u00eb\",\"isPartOf\":{\"@id\":\"https:\/\/orthodoxalbania.org\/2020\/#website\"},\"primaryImageOfPage\":{\"@id\":\"https:\/\/orthodoxalbania.org\/2020\/2009\/03\/13\/bashkemeshim-i-dy-primateve-te-kishes-se-aleksandrise-dhe-kishes-se-shqiperise-ne-liturgjine-patriarkale\/#primaryimage\"},\"image\":{\"@id\":\"https:\/\/orthodoxalbania.org\/2020\/2009\/03\/13\/bashkemeshim-i-dy-primateve-te-kishes-se-aleksandrise-dhe-kishes-se-shqiperise-ne-liturgjine-patriarkale\/#primaryimage\"},\"thumbnailUrl\":\"https:\/\/lh5.googleusercontent.com\/-8duTUDY4uBA\/U_1_TF86A6I\/AAAAAAAABN0\/8rkz82VAMiM\/w600-h400-no\/1.JPG\",\"datePublished\":\"2009-03-13T10:11:05+00:00\",\"dateModified\":\"2020-04-06T20:35:11+00:00\",\"breadcrumb\":{\"@id\":\"https:\/\/orthodoxalbania.org\/2020\/2009\/03\/13\/bashkemeshim-i-dy-primateve-te-kishes-se-aleksandrise-dhe-kishes-se-shqiperise-ne-liturgjine-patriarkale\/#breadcrumb\"},\"inLanguage\":\"en-US\",\"potentialAction\":[{\"@type\":\"ReadAction\",\"target\":[\"https:\/\/orthodoxalbania.org\/2020\/2009\/03\/13\/bashkemeshim-i-dy-primateve-te-kishes-se-aleksandrise-dhe-kishes-se-shqiperise-ne-liturgjine-patriarkale\/\"]}]},{\"@type\":\"ImageObject\",\"inLanguage\":\"en-US\",\"@id\":\"https:\/\/orthodoxalbania.org\/2020\/2009\/03\/13\/bashkemeshim-i-dy-primateve-te-kishes-se-aleksandrise-dhe-kishes-se-shqiperise-ne-liturgjine-patriarkale\/#primaryimage\",\"url\":\"https:\/\/lh5.googleusercontent.com\/-8duTUDY4uBA\/U_1_TF86A6I\/AAAAAAAABN0\/8rkz82VAMiM\/w600-h400-no\/1.JPG\",\"contentUrl\":\"https:\/\/lh5.googleusercontent.com\/-8duTUDY4uBA\/U_1_TF86A6I\/AAAAAAAABN0\/8rkz82VAMiM\/w600-h400-no\/1.JPG\"},{\"@type\":\"BreadcrumbList\",\"@id\":\"https:\/\/orthodoxalbania.org\/2020\/2009\/03\/13\/bashkemeshim-i-dy-primateve-te-kishes-se-aleksandrise-dhe-kishes-se-shqiperise-ne-liturgjine-patriarkale\/#breadcrumb\",\"itemListElement\":[{\"@type\":\"ListItem\",\"position\":1,\"name\":\"Home\",\"item\":\"https:\/\/orthodoxalbania.org\/2020\/\"},{\"@type\":\"ListItem\",\"position\":2,\"name\":\"Bashk\u00ebmeshim i dy primat\u00ebve t\u00eb Kish\u00ebs s\u00eb Aleksandris\u00eb dhe Kish\u00ebs s\u00eb Shqip\u00ebris\u00eb n\u00eb Liturgjin\u00eb Patriarkale. ( N\u00ebntor 2009)\"}]},{\"@type\":\"WebSite\",\"@id\":\"https:\/\/orthodoxalbania.org\/2020\/#website\",\"url\":\"https:\/\/orthodoxalbania.org\/2020\/\",\"name\":\"Kisha Orthodh\u03bfkse Autoqefale e Shqip\u00ebris\u00eb\",\"description\":\"Fqja Zyrtare e Kish\u00ebs Orthodhokse Autoqefale e Shqip\u00ebris\u00eb me lajmet edhe informacionet zyrtare p\u00ebr struktur\u00ebn edhe veprimtarin e saj.\",\"publisher\":{\"@id\":\"https:\/\/orthodoxalbania.org\/2020\/#organization\"},\"potentialAction\":[{\"@type\":\"SearchAction\",\"target\":{\"@type\":\"EntryPoint\",\"urlTemplate\":\"https:\/\/orthodoxalbania.org\/2020\/?s={search_term_string}\"},\"query-input\":{\"@type\":\"PropertyValueSpecification\",\"valueRequired\":true,\"valueName\":\"search_term_string\"}}],\"inLanguage\":\"en-US\"},{\"@type\":\"Organization\",\"@id\":\"https:\/\/orthodoxalbania.org\/2020\/#organization\",\"name\":\"Kisha Orthodhokse Autoqefale e Shqip\u00ebris\u00eb\",\"url\":\"https:\/\/orthodoxalbania.org\/2020\/\",\"logo\":{\"@type\":\"ImageObject\",\"inLanguage\":\"en-US\",\"@id\":\"https:\/\/orthodoxalbania.org\/2020\/#\/schema\/logo\/image\/\",\"url\":\"https:\/\/orthodoxalbania.org\/2020\/wp-content\/uploads\/2020\/05\/albania.jpeg\",\"contentUrl\":\"https:\/\/orthodoxalbania.org\/2020\/wp-content\/uploads\/2020\/05\/albania.jpeg\",\"width\":540,\"height\":540,\"caption\":\"Kisha Orthodhokse Autoqefale e Shqip\u00ebris\u00eb\"},\"image\":{\"@id\":\"https:\/\/orthodoxalbania.org\/2020\/#\/schema\/logo\/image\/\"},\"sameAs\":[\"https:\/\/www.facebook.com\/koash1991\"]},{\"@type\":\"Person\",\"@id\":\"https:\/\/orthodoxalbania.org\/2020\/#\/schema\/person\/0c387634a7063ac612d7ed9ce71c7e86\",\"name\":\"Kisha Orthodhokse\",\"image\":{\"@type\":\"ImageObject\",\"inLanguage\":\"en-US\",\"@id\":\"https:\/\/secure.gravatar.com\/avatar\/596e7c417251e30f2fbb9c00e026fce61a695a00e51c889caded71c96cbbdde5?s=96&d=mm&r=g\",\"url\":\"https:\/\/secure.gravatar.com\/avatar\/596e7c417251e30f2fbb9c00e026fce61a695a00e51c889caded71c96cbbdde5?s=96&d=mm&r=g\",\"contentUrl\":\"https:\/\/secure.gravatar.com\/avatar\/596e7c417251e30f2fbb9c00e026fce61a695a00e51c889caded71c96cbbdde5?s=96&d=mm&r=g\",\"caption\":\"Kisha Orthodhokse\"}}]}<\/script>\n<!-- \/ Yoast SEO plugin. -->","yoast_head_json":{"title":"Bashk\u00ebmeshim i dy primat\u00ebve t\u00eb Kish\u00ebs s\u00eb Aleksandris\u00eb dhe Kish\u00ebs s\u00eb Shqip\u00ebris\u00eb n\u00eb Liturgjin\u00eb Patriarkale. ( N\u00ebntor 2009) - Kisha Orthodh\u03bfkse Autoqefale e Shqip\u00ebris\u00eb","robots":{"index":"index","follow":"follow","max-snippet":"max-snippet:-1","max-image-preview":"max-image-preview:large","max-video-preview":"max-video-preview:-1"},"canonical":"https:\/\/orthodoxalbania.org\/2020\/2009\/03\/13\/bashkemeshim-i-dy-primateve-te-kishes-se-aleksandrise-dhe-kishes-se-shqiperise-ne-liturgjine-patriarkale\/","og_locale":"en_US","og_type":"article","og_title":"Bashk\u00ebmeshim i dy primat\u00ebve t\u00eb Kish\u00ebs s\u00eb Aleksandris\u00eb dhe Kish\u00ebs s\u00eb Shqip\u00ebris\u00eb n\u00eb Liturgjin\u00eb Patriarkale. ( N\u00ebntor 2009) - Kisha Orthodh\u03bfkse Autoqefale e Shqip\u00ebris\u00eb","og_description":"&nbsp; Foto nga: Mano Kritsotaki &nbsp;&nbsp;&nbsp;&nbsp; Vijon vizita zyrtare dhe paq\u00ebsore e Pap\u00ebs dhe Patriarkut t\u00eb Aleksandris\u00eb dhe gjith\u00eb Afrik\u00ebs, Theodhorit t\u00eb II. &nbsp;&nbsp;&nbsp;&nbsp; Dita e dyt\u00eb, dat\u00eb 1 N\u00ebntor 2009 &nbsp;&nbsp;&nbsp; M\u00ebngjesin e s\u00eb Diel\u00ebs, populli besimtar dhe kleri i Shqip\u00ebris\u00eb p\u00ebrjetuan nj\u00eb ngjarje t\u00eb ve\u00e7ant\u00eb kishtare, bashk\u00ebmeshimin e Pap\u00ebs dhe Patriarkut t\u00eb Aleksandris\u00eb dhe gjith\u00eb Afrik\u00ebs, Imzot Theodhorit II dhe Kryepiskopit t\u00eb Tiran\u00ebs,","og_url":"https:\/\/orthodoxalbania.org\/2020\/2009\/03\/13\/bashkemeshim-i-dy-primateve-te-kishes-se-aleksandrise-dhe-kishes-se-shqiperise-ne-liturgjine-patriarkale\/","og_site_name":"Kisha Orthodh\u03bfkse Autoqefale e Shqip\u00ebris\u00eb","article_publisher":"https:\/\/www.facebook.com\/koash1991","article_published_time":"2009-03-13T10:11:05+00:00","article_modified_time":"2020-04-06T20:35:11+00:00","og_image":[{"url":"https:\/\/lh5.googleusercontent.com\/-8duTUDY4uBA\/U_1_TF86A6I\/AAAAAAAABN0\/8rkz82VAMiM\/w600-h400-no\/1.JPG","type":"","width":"","height":""}],"author":"Kisha Orthodhokse","twitter_card":"summary_large_image","twitter_misc":{"Written by":"Kisha Orthodhokse","Est. reading time":"6 minutes"},"schema":{"@context":"https:\/\/schema.org","@graph":[{"@type":"Article","@id":"https:\/\/orthodoxalbania.org\/2020\/2009\/03\/13\/bashkemeshim-i-dy-primateve-te-kishes-se-aleksandrise-dhe-kishes-se-shqiperise-ne-liturgjine-patriarkale\/#article","isPartOf":{"@id":"https:\/\/orthodoxalbania.org\/2020\/2009\/03\/13\/bashkemeshim-i-dy-primateve-te-kishes-se-aleksandrise-dhe-kishes-se-shqiperise-ne-liturgjine-patriarkale\/"},"author":{"name":"Kisha Orthodhokse","@id":"https:\/\/orthodoxalbania.org\/2020\/#\/schema\/person\/0c387634a7063ac612d7ed9ce71c7e86"},"headline":"Bashk\u00ebmeshim i dy primat\u00ebve t\u00eb Kish\u00ebs s\u00eb Aleksandris\u00eb dhe Kish\u00ebs s\u00eb Shqip\u00ebris\u00eb n\u00eb Liturgjin\u00eb Patriarkale. ( N\u00ebntor 2009)","datePublished":"2009-03-13T10:11:05+00:00","dateModified":"2020-04-06T20:35:11+00:00","mainEntityOfPage":{"@id":"https:\/\/orthodoxalbania.org\/2020\/2009\/03\/13\/bashkemeshim-i-dy-primateve-te-kishes-se-aleksandrise-dhe-kishes-se-shqiperise-ne-liturgjine-patriarkale\/"},"wordCount":1249,"commentCount":0,"publisher":{"@id":"https:\/\/orthodoxalbania.org\/2020\/#organization"},"image":{"@id":"https:\/\/orthodoxalbania.org\/2020\/2009\/03\/13\/bashkemeshim-i-dy-primateve-te-kishes-se-aleksandrise-dhe-kishes-se-shqiperise-ne-liturgjine-patriarkale\/#primaryimage"},"thumbnailUrl":"https:\/\/lh5.googleusercontent.com\/-8duTUDY4uBA\/U_1_TF86A6I\/AAAAAAAABN0\/8rkz82VAMiM\/w600-h400-no\/1.JPG","keywords":["2009","Deklarata - Njoftime Zyrtare","Kryepiskopata Tiran\u00eb","Kryepiskopi Anastas","lajme","Papa dhe Patriarku i Aleksandris\u00eb dhe gjith\u00eb Afrik\u00ebs, Imzot Theodhori II"],"articleSection":["Lajme"],"inLanguage":"en-US"},{"@type":"WebPage","@id":"https:\/\/orthodoxalbania.org\/2020\/2009\/03\/13\/bashkemeshim-i-dy-primateve-te-kishes-se-aleksandrise-dhe-kishes-se-shqiperise-ne-liturgjine-patriarkale\/","url":"https:\/\/orthodoxalbania.org\/2020\/2009\/03\/13\/bashkemeshim-i-dy-primateve-te-kishes-se-aleksandrise-dhe-kishes-se-shqiperise-ne-liturgjine-patriarkale\/","name":"Bashk\u00ebmeshim i dy primat\u00ebve t\u00eb Kish\u00ebs s\u00eb Aleksandris\u00eb dhe Kish\u00ebs s\u00eb Shqip\u00ebris\u00eb n\u00eb Liturgjin\u00eb Patriarkale. ( N\u00ebntor 2009) - Kisha Orthodh\u03bfkse Autoqefale e Shqip\u00ebris\u00eb","isPartOf":{"@id":"https:\/\/orthodoxalbania.org\/2020\/#website"},"primaryImageOfPage":{"@id":"https:\/\/orthodoxalbania.org\/2020\/2009\/03\/13\/bashkemeshim-i-dy-primateve-te-kishes-se-aleksandrise-dhe-kishes-se-shqiperise-ne-liturgjine-patriarkale\/#primaryimage"},"image":{"@id":"https:\/\/orthodoxalbania.org\/2020\/2009\/03\/13\/bashkemeshim-i-dy-primateve-te-kishes-se-aleksandrise-dhe-kishes-se-shqiperise-ne-liturgjine-patriarkale\/#primaryimage"},"thumbnailUrl":"https:\/\/lh5.googleusercontent.com\/-8duTUDY4uBA\/U_1_TF86A6I\/AAAAAAAABN0\/8rkz82VAMiM\/w600-h400-no\/1.JPG","datePublished":"2009-03-13T10:11:05+00:00","dateModified":"2020-04-06T20:35:11+00:00","breadcrumb":{"@id":"https:\/\/orthodoxalbania.org\/2020\/2009\/03\/13\/bashkemeshim-i-dy-primateve-te-kishes-se-aleksandrise-dhe-kishes-se-shqiperise-ne-liturgjine-patriarkale\/#breadcrumb"},"inLanguage":"en-US","potentialAction":[{"@type":"ReadAction","target":["https:\/\/orthodoxalbania.org\/2020\/2009\/03\/13\/bashkemeshim-i-dy-primateve-te-kishes-se-aleksandrise-dhe-kishes-se-shqiperise-ne-liturgjine-patriarkale\/"]}]},{"@type":"ImageObject","inLanguage":"en-US","@id":"https:\/\/orthodoxalbania.org\/2020\/2009\/03\/13\/bashkemeshim-i-dy-primateve-te-kishes-se-aleksandrise-dhe-kishes-se-shqiperise-ne-liturgjine-patriarkale\/#primaryimage","url":"https:\/\/lh5.googleusercontent.com\/-8duTUDY4uBA\/U_1_TF86A6I\/AAAAAAAABN0\/8rkz82VAMiM\/w600-h400-no\/1.JPG","contentUrl":"https:\/\/lh5.googleusercontent.com\/-8duTUDY4uBA\/U_1_TF86A6I\/AAAAAAAABN0\/8rkz82VAMiM\/w600-h400-no\/1.JPG"},{"@type":"BreadcrumbList","@id":"https:\/\/orthodoxalbania.org\/2020\/2009\/03\/13\/bashkemeshim-i-dy-primateve-te-kishes-se-aleksandrise-dhe-kishes-se-shqiperise-ne-liturgjine-patriarkale\/#breadcrumb","itemListElement":[{"@type":"ListItem","position":1,"name":"Home","item":"https:\/\/orthodoxalbania.org\/2020\/"},{"@type":"ListItem","position":2,"name":"Bashk\u00ebmeshim i dy primat\u00ebve t\u00eb Kish\u00ebs s\u00eb Aleksandris\u00eb dhe Kish\u00ebs s\u00eb Shqip\u00ebris\u00eb n\u00eb Liturgjin\u00eb Patriarkale. ( N\u00ebntor 2009)"}]},{"@type":"WebSite","@id":"https:\/\/orthodoxalbania.org\/2020\/#website","url":"https:\/\/orthodoxalbania.org\/2020\/","name":"Kisha Orthodh\u03bfkse Autoqefale e Shqip\u00ebris\u00eb","description":"Fqja Zyrtare e Kish\u00ebs Orthodhokse Autoqefale e Shqip\u00ebris\u00eb me lajmet edhe informacionet zyrtare p\u00ebr struktur\u00ebn edhe veprimtarin e saj.","publisher":{"@id":"https:\/\/orthodoxalbania.org\/2020\/#organization"},"potentialAction":[{"@type":"SearchAction","target":{"@type":"EntryPoint","urlTemplate":"https:\/\/orthodoxalbania.org\/2020\/?s={search_term_string}"},"query-input":{"@type":"PropertyValueSpecification","valueRequired":true,"valueName":"search_term_string"}}],"inLanguage":"en-US"},{"@type":"Organization","@id":"https:\/\/orthodoxalbania.org\/2020\/#organization","name":"Kisha Orthodhokse Autoqefale e Shqip\u00ebris\u00eb","url":"https:\/\/orthodoxalbania.org\/2020\/","logo":{"@type":"ImageObject","inLanguage":"en-US","@id":"https:\/\/orthodoxalbania.org\/2020\/#\/schema\/logo\/image\/","url":"https:\/\/orthodoxalbania.org\/2020\/wp-content\/uploads\/2020\/05\/albania.jpeg","contentUrl":"https:\/\/orthodoxalbania.org\/2020\/wp-content\/uploads\/2020\/05\/albania.jpeg","width":540,"height":540,"caption":"Kisha Orthodhokse Autoqefale e Shqip\u00ebris\u00eb"},"image":{"@id":"https:\/\/orthodoxalbania.org\/2020\/#\/schema\/logo\/image\/"},"sameAs":["https:\/\/www.facebook.com\/koash1991"]},{"@type":"Person","@id":"https:\/\/orthodoxalbania.org\/2020\/#\/schema\/person\/0c387634a7063ac612d7ed9ce71c7e86","name":"Kisha Orthodhokse","image":{"@type":"ImageObject","inLanguage":"en-US","@id":"https:\/\/secure.gravatar.com\/avatar\/596e7c417251e30f2fbb9c00e026fce61a695a00e51c889caded71c96cbbdde5?s=96&d=mm&r=g","url":"https:\/\/secure.gravatar.com\/avatar\/596e7c417251e30f2fbb9c00e026fce61a695a00e51c889caded71c96cbbdde5?s=96&d=mm&r=g","contentUrl":"https:\/\/secure.gravatar.com\/avatar\/596e7c417251e30f2fbb9c00e026fce61a695a00e51c889caded71c96cbbdde5?s=96&d=mm&r=g","caption":"Kisha Orthodhokse"}}]}},"_links":{"self":[{"href":"https:\/\/orthodoxalbania.org\/2020\/wp-json\/wp\/v2\/posts\/304","targetHints":{"allow":["GET"]}}],"collection":[{"href":"https:\/\/orthodoxalbania.org\/2020\/wp-json\/wp\/v2\/posts"}],"about":[{"href":"https:\/\/orthodoxalbania.org\/2020\/wp-json\/wp\/v2\/types\/post"}],"author":[{"embeddable":true,"href":"https:\/\/orthodoxalbania.org\/2020\/wp-json\/wp\/v2\/users\/1"}],"replies":[{"embeddable":true,"href":"https:\/\/orthodoxalbania.org\/2020\/wp-json\/wp\/v2\/comments?post=304"}],"version-history":[{"count":1,"href":"https:\/\/orthodoxalbania.org\/2020\/wp-json\/wp\/v2\/posts\/304\/revisions"}],"predecessor-version":[{"id":15616,"href":"https:\/\/orthodoxalbania.org\/2020\/wp-json\/wp\/v2\/posts\/304\/revisions\/15616"}],"wp:attachment":[{"href":"https:\/\/orthodoxalbania.org\/2020\/wp-json\/wp\/v2\/media?parent=304"}],"wp:term":[{"taxonomy":"category","embeddable":true,"href":"https:\/\/orthodoxalbania.org\/2020\/wp-json\/wp\/v2\/categories?post=304"},{"taxonomy":"post_tag","embeddable":true,"href":"https:\/\/orthodoxalbania.org\/2020\/wp-json\/wp\/v2\/tags?post=304"}],"curies":[{"name":"wp","href":"https:\/\/api.w.org\/{rel}","templated":true}]}}