{"id":301,"date":"2006-02-26T00:00:00","date_gmt":"2006-02-26T00:00:00","guid":{"rendered":""},"modified":"2020-04-06T22:41:49","modified_gmt":"2020-04-06T20:41:49","slug":"atmosfere-ngjalljeje-ne-mitropoline-e-gjirokastres-prill-06","status":"publish","type":"post","link":"https:\/\/orthodoxalbania.org\/2020\/2006\/02\/26\/atmosfere-ngjalljeje-ne-mitropoline-e-gjirokastres-prill-06\/","title":{"rendered":"Atmosfer\u00eb Ngjalljeje n\u00eb Mitropolin\u00eb e Gjirokastr\u00ebs. (Prill 2006)"},"content":{"rendered":"<div style=\"text-align: justify;\"><span style=\"color: #000000; font-family: helvetica; font-size: 12pt;\">&nbsp;&nbsp;&nbsp; Edhe k\u00ebt\u00eb vit, shk\u00eblqimi i Ngjalljes ndri\u00e7oi t\u00eb gjitha zonat e Mitropolis\u00eb s\u00eb Shenjt\u00eb t\u00eb Gjirokastr\u00ebs. Java e Madhe dhe sidomos Sh\u00ebrbesa e Ngjalljes ishte e mbushur me emocione dhe madh\u00ebshti. Kjo fest\u00eb p\u00ebrshkroi t\u00eb gjith\u00eb komunitetin orthodhoks dhe shoq\u00ebrin\u00eb mbar\u00eb, sikund\u00ebr ndodh me t\u00eb kremtet e m\u00ebdha t\u00eb Orthodhoksis\u00eb.<br \/> <\/span><\/div>\n<div style=\"text-align: justify;\"><span style=\"font-family: helvetica; font-size: 12pt;\"><\/span><\/div>\n<div style=\"text-align: justify;\"><span style=\"color: #000000; font-family: helvetica; font-size: 12pt;\">&nbsp;&nbsp; Sh\u00ebrbesa e Ngjalljes mbushi si asnj\u00ebher\u00eb tjet\u00ebr kishat dhe sheshet e tyre, jo vet\u00ebm n\u00ebp\u00ebr qytete, por edhe n\u00eb fshatra. Kudo q\u00eb pat\u00ebn mund\u00ebsi klerik\u00ebt e Kish\u00ebs son\u00eb, s\u00eb bashku me klerik\u00ebt e ardhur nga Greqia p\u00ebr t\u00eb ndihmuar gjat\u00eb k\u00ebtyre dit\u00ebve arrit\u00ebn t\u00eb kryejn\u00eb n\u00eb shumic\u00ebn e enorive sh\u00ebrbesat e Jav\u00ebs s\u00eb Madhe dhe Sh\u00ebrbes\u00ebn e Ngjalljes s\u00eb Zotit ton\u00eb Jisu Krisht.<br \/> <\/span><\/div>\n<div style=\"text-align: justify;\"><span style=\"font-family: helvetica; font-size: 12pt;\"><\/span><\/div>\n<div style=\"text-align: justify;\"><span style=\"color: #000000; font-family: helvetica; font-size: 12pt;\">&nbsp;&nbsp;&nbsp; Sivjet u vu re ardhja e nj\u00eb numri t\u00eb konsideruesh\u00ebm t\u00eb emigrant\u00ebve nga Greqia, t\u00eb cil\u00ebt ndodhen me q\u00ebndrim t\u00eb p\u00ebrkohsh\u00ebm dhe pun\u00ebsim atje. Pjes\u00ebmarrja e tyre me devocion n\u00eb Sh\u00ebrbes\u00ebn e Ngjalljes e b\u00ebri edhe m\u00eb t\u00eb hareshme atmosfer\u00ebn. Ishin me t\u00eb v\u00ebrtet\u00eb dit\u00eb, t\u00eb cilat p\u00ebrshkoheshin nga nj\u00eb atmosfer\u00eb e ngroht\u00eb shpirt\u00ebrore dhe q\u00eb plot\u00ebsoheshin me g\u00ebzimin e Ngjalljes.<br \/> <\/span><\/div>\n<div style=\"text-align: justify;\"><span style=\"font-family: helvetica; font-size: 12pt;\"><\/span><\/div>\n<div style=\"text-align: justify;\"><span style=\"color: #000000; font-family: helvetica; font-size: 12pt;\">&nbsp;&nbsp;&nbsp; N\u00eb misterin e kungat\u00ebs hyjnore u afruan shum\u00eb besimtar\u00eb; t\u00eb rinj e t\u00eb reja, f\u00ebmij\u00eb dhe t\u00eb moshuar, q\u00eb n\u00eb emocionin e ngjarjeve dhe t\u00eb p\u00ebsimeve q\u00eb i p\u00ebrjeton \u00e7do an\u00ebtar i Kish\u00ebs Orthodhokse, b\u00ebhet akoma m\u00eb madh\u00ebshtor ky fakt. Dhe kjo fal\u00eb pun\u00ebs s\u00eb palodhur t\u00eb klerik\u00ebve, t\u00eb cil\u00ebt punuan me shum\u00eb devotshm\u00ebri, n\u00eb qytet dhe n\u00eb fshatrat p\u00ebrreth. N\u00eb t\u00eb gjitha kishat, pas Sh\u00ebrbes\u00ebs s\u00eb Ngjalljes vazhdoi Liturgjia Hyjnore, t\u00eb cil\u00ebn e ndoq\u00ebn shum\u00eb besimtar\u00eb. Atmosfera e ngroht\u00eb e Ngjalljes mbushi shpirtin dhe zemrat e t\u00eb gjith\u00eb besimtar\u00ebve, kudo: n\u00eb Gjrokast\u00ebr, Sarand\u00eb, Himar\u00eb, P\u00ebrmet, por edhe n\u00eb fshatra t\u00eb ndryshme.<br \/> <\/span><\/div>\n<div style=\"text-align: justify;\"><span style=\"font-family: helvetica; font-size: 12pt;\"><\/span><\/div>\n<div style=\"text-align: justify;\"><span style=\"color: #000000; font-family: helvetica; font-size: 12pt;\">&nbsp;&nbsp;&nbsp; N\u00eb Gjirokast\u00ebr, sh\u00ebrbesa e Epitafit edhe nj\u00ebher\u00eb nxorri n\u00eb rrug\u00ebt e kalldr\u00ebmta besimtar\u00ebt e t\u00eb dyja enorive t\u00eb \u201cMetamorfoz\u00ebs s\u00eb Shp\u00ebtimtarit\u201d dhe t\u00eb \u201cKryengj\u00ebjve\u201d dhe sipas ritit tashm\u00eb i kthyer n\u00eb tradit\u00eb, u bashkuan n\u00eb sheshin qendror, duke i dh\u00ebn\u00eb gjith\u00eb qytetit nj\u00eb tjet\u00ebr pamje. Litania e Epitafit po aq e bukur ishte edhe n\u00eb Sarand\u00eb, ku dritat e llambadhave mbush\u00ebn at\u00eb nat\u00eb t\u00eb s\u00eb Premtes s\u00eb Zez\u00eb gjith\u00eb bregun e detit dhe sheshin e qytetit.<br \/> <\/span><\/div>\n<div style=\"text-align: justify;\"><span style=\"font-family: helvetica; font-size: 12pt;\"><\/span><\/div>\n<div style=\"text-align: justify;\"><span style=\"color: #000000; font-family: helvetica; font-size: 12pt;\">&nbsp;&nbsp;&nbsp; Ngjallja e Zotit ton\u00eb Jisu Krisht n\u00eb P\u00ebrmet, n\u00eb Kish\u00ebn e \u201cLindjes t\u00eb s\u00eb T\u00ebr\u00ebshenjt\u00ebs\u201d n\u00eb qend\u00ebr t\u00eb qytetit, por edhe n\u00eb kishat e tjera, mblodhi qindra besimtar\u00eb dhe u b\u00eb n\u00eb at\u00eb moment nj\u00eb pik\u00eb, q\u00eb shk\u00eblqente p\u00ebr t\u00eb gjith\u00eb zon\u00ebn p\u00ebrreth.<br \/> <\/span><\/div>\n<div style=\"text-align: justify;\"><span style=\"font-family: helvetica; font-size: 12pt;\"><\/span><\/div>\n<div style=\"text-align: justify;\"><span style=\"color: #000000; font-family: helvetica; font-size: 12pt;\">&nbsp;&nbsp;&nbsp; N\u00eb t\u00eb dyja gjuh\u00ebt, shqip dhe greqisht, vendi u mbush me psalmet: \u201cKrishti u Ngjall s\u00eb vdekurish\u2026\u201d dhe \u201cKristos anesti ek nekron\u2026\u201d at\u00eb nat\u00eb si edhe n\u00eb dit\u00ebt n\u00eb vazhdim. Esht\u00eb nj\u00eb tradit\u00eb e bukur n\u00eb shumic\u00ebn e fshatrave tona, q\u00eb njer\u00ebzit gjat\u00eb gjith\u00eb jav\u00ebs s\u00eb Pashk\u00ebs ngjiten n\u00eb manastiret e shumta me t\u00eb cilat \u00ebsht\u00eb e mbushur zona, por edhe n\u00eb kish\u00ebza t\u00eb ndryshme p\u00ebrreth.<br \/> <\/span><\/div>\n<div style=\"text-align: justify;\"><span style=\"font-family: helvetica; font-size: 12pt;\"><\/span><\/div>\n<div style=\"text-align: justify;\"><span style=\"color: #000000; font-family: helvetica; font-size: 12pt;\">&nbsp;&nbsp;&nbsp; Kremtimi i kujtimit t\u00eb Sh\u00ebn Gjergjit ishte nj\u00eb tjet\u00ebr fest\u00eb e madhe pasi nj\u00eb mori kishash n\u00eb t\u00eb gjith\u00eb trev\u00ebn festojn\u00eb me k\u00ebt\u00eb shenjtor, p\u00ebr t\u00eb vazhduar k\u00ebshtu atmosfer\u00ebn paskale edhe t\u00eb h\u00ebn\u00ebn, me t\u00eb nj\u00ebjtin rit\u00ebm dhe gjall\u00ebri. U ndoq nga t\u00eb gjith\u00eb besimtar\u00ebt edhe transmetimi televiziv i Sh\u00ebrbes\u00ebs madh\u00ebshtore t\u00eb Ngjalljes n\u00eb kish\u00ebn \u201cUngjill\u00ebzimi i Hyjlind\u00ebses Mari\u201d n\u00eb Tiran\u00eb, n\u00ebn kryesimin e Fortlumturis\u00eb s\u00eb Tij, Kryepiskopit t\u00eb Tiran\u00ebs dhe gjith\u00eb Shqip\u00ebris\u00eb, imzot Anastasit. N\u00eb t\u00eb gjitha enorit\u00eb e Gjirokastr\u00ebs u lexua mesazhi paskal i Kryepiskopit Anastas.<\/p>\n<p> &nbsp;<br \/> \u201cKorrespodent i Ngjalljes\u201d &#8211; Gjirokast\u00ebr<\/p>\n<p> &nbsp;&nbsp;&nbsp;&nbsp;&nbsp;&nbsp;&nbsp;&nbsp;&nbsp;&nbsp;&nbsp;&nbsp;&nbsp;&nbsp;&nbsp;&nbsp;&nbsp;&nbsp;&nbsp;&nbsp;&nbsp;&nbsp;&nbsp;&nbsp;&nbsp;&nbsp;&nbsp;&nbsp;&nbsp;&nbsp;&nbsp;&nbsp;&nbsp;&nbsp;&nbsp;&nbsp;&nbsp;&nbsp;&nbsp;&nbsp;&nbsp;&nbsp;&nbsp;&nbsp;&nbsp;&nbsp;&nbsp;&nbsp;&nbsp;&nbsp;&nbsp;&nbsp;&nbsp;&nbsp;&nbsp;&nbsp;&nbsp;&nbsp;&nbsp;&nbsp;&nbsp;&nbsp;&nbsp;&nbsp;&nbsp;&nbsp;&nbsp;&nbsp;&nbsp;&nbsp;&nbsp;&nbsp;&nbsp;&nbsp;&nbsp;&nbsp;&nbsp;&nbsp;&nbsp;&nbsp;&nbsp;&nbsp; <\/span><\/div>\n","protected":false},"excerpt":{"rendered":"<p>&nbsp;&nbsp;&nbsp; Edhe k\u00ebt\u00eb vit, shk\u00eblqimi i Ngjalljes ndri\u00e7oi t\u00eb gjitha zonat e Mitropolis\u00eb s\u00eb Shenjt\u00eb t\u00eb Gjirokastr\u00ebs. Java e Madhe dhe sidomos Sh\u00ebrbesa e Ngjalljes ishte e mbushur me emocione dhe madh\u00ebshti. Kjo fest\u00eb p\u00ebrshkroi t\u00eb gjith\u00eb komunitetin orthodhoks dhe shoq\u00ebrin\u00eb mbar\u00eb, sikund\u00ebr ndodh me t\u00eb kremtet e m\u00ebdha t\u00eb Orthodhoksis\u00eb. &nbsp;&nbsp; Sh\u00ebrbesa e Ngjalljes mbushi si asnj\u00ebher\u00eb tjet\u00ebr kishat dhe sheshet e tyre, jo<\/p>\n","protected":false},"author":1,"featured_media":0,"comment_status":"open","ping_status":"open","sticky":false,"template":"","format":"standard","meta":{"_acf_changed":false,"pagelayer_contact_templates":[],"_pagelayer_content":"","inline_featured_image":false,"fifu_image_url":"","fifu_image_alt":"","footnotes":""},"categories":[108],"tags":[148,192,212,198],"class_list":["post-301","post","type-post","status-publish","format-standard","hentry","category-lajme","tag-148","tag-krishtlindje","tag-lajme-d27","tag-gjirokaster"],"acf":[],"yoast_head":"<!-- This site is optimized with the Yoast SEO plugin v27.2 - https:\/\/yoast.com\/product\/yoast-seo-wordpress\/ -->\n<title>Atmosfer\u00eb Ngjalljeje n\u00eb Mitropolin\u00eb e Gjirokastr\u00ebs. (Prill 2006) - Kisha Orthodh\u03bfkse Autoqefale e Shqip\u00ebris\u00eb<\/title>\n<meta name=\"robots\" content=\"index, follow, max-snippet:-1, max-image-preview:large, max-video-preview:-1\" \/>\n<link rel=\"canonical\" href=\"https:\/\/orthodoxalbania.org\/2020\/2006\/02\/26\/atmosfere-ngjalljeje-ne-mitropoline-e-gjirokastres-prill-06\/\" \/>\n<meta property=\"og:locale\" content=\"en_US\" \/>\n<meta property=\"og:type\" content=\"article\" \/>\n<meta property=\"og:title\" content=\"Atmosfer\u00eb Ngjalljeje n\u00eb Mitropolin\u00eb e Gjirokastr\u00ebs. (Prill 2006) - Kisha Orthodh\u03bfkse Autoqefale e Shqip\u00ebris\u00eb\" \/>\n<meta property=\"og:description\" content=\"&nbsp;&nbsp;&nbsp; Edhe k\u00ebt\u00eb vit, shk\u00eblqimi i Ngjalljes ndri\u00e7oi t\u00eb gjitha zonat e Mitropolis\u00eb s\u00eb Shenjt\u00eb t\u00eb Gjirokastr\u00ebs. Java e Madhe dhe sidomos Sh\u00ebrbesa e Ngjalljes ishte e mbushur me emocione dhe madh\u00ebshti. Kjo fest\u00eb p\u00ebrshkroi t\u00eb gjith\u00eb komunitetin orthodhoks dhe shoq\u00ebrin\u00eb mbar\u00eb, sikund\u00ebr ndodh me t\u00eb kremtet e m\u00ebdha t\u00eb Orthodhoksis\u00eb. &nbsp;&nbsp; Sh\u00ebrbesa e Ngjalljes mbushi si asnj\u00ebher\u00eb tjet\u00ebr kishat dhe sheshet e tyre, jo\" \/>\n<meta property=\"og:url\" content=\"https:\/\/orthodoxalbania.org\/2020\/2006\/02\/26\/atmosfere-ngjalljeje-ne-mitropoline-e-gjirokastres-prill-06\/\" \/>\n<meta property=\"og:site_name\" content=\"Kisha Orthodh\u03bfkse Autoqefale e Shqip\u00ebris\u00eb\" \/>\n<meta property=\"article:publisher\" content=\"https:\/\/www.facebook.com\/koash1991\" \/>\n<meta property=\"article:published_time\" content=\"2006-02-26T00:00:00+00:00\" \/>\n<meta property=\"article:modified_time\" content=\"2020-04-06T20:41:49+00:00\" \/>\n<meta property=\"og:image\" content=\"https:\/\/orthodoxalbania.org\/2020\/wp-content\/uploads\/2021\/02\/LogoLastALb-200.png\" \/>\n\t<meta property=\"og:image:width\" content=\"200\" \/>\n\t<meta property=\"og:image:height\" content=\"172\" \/>\n\t<meta property=\"og:image:type\" content=\"image\/png\" \/>\n<meta name=\"author\" content=\"Kisha Orthodhokse\" \/>\n<meta name=\"twitter:card\" content=\"summary_large_image\" \/>\n<meta name=\"twitter:label1\" content=\"Written by\" \/>\n\t<meta name=\"twitter:data1\" content=\"Kisha Orthodhokse\" \/>\n\t<meta name=\"twitter:label2\" content=\"Est. reading time\" \/>\n\t<meta name=\"twitter:data2\" content=\"4 minutes\" \/>\n<script type=\"application\/ld+json\" class=\"yoast-schema-graph\">{\"@context\":\"https:\/\/schema.org\",\"@graph\":[{\"@type\":\"Article\",\"@id\":\"https:\/\/orthodoxalbania.org\/2020\/2006\/02\/26\/atmosfere-ngjalljeje-ne-mitropoline-e-gjirokastres-prill-06\/#article\",\"isPartOf\":{\"@id\":\"https:\/\/orthodoxalbania.org\/2020\/2006\/02\/26\/atmosfere-ngjalljeje-ne-mitropoline-e-gjirokastres-prill-06\/\"},\"author\":{\"name\":\"Kisha Orthodhokse\",\"@id\":\"https:\/\/orthodoxalbania.org\/2020\/#\/schema\/person\/0c387634a7063ac612d7ed9ce71c7e86\"},\"headline\":\"Atmosfer\u00eb Ngjalljeje n\u00eb Mitropolin\u00eb e Gjirokastr\u00ebs. (Prill 2006)\",\"datePublished\":\"2006-02-26T00:00:00+00:00\",\"dateModified\":\"2020-04-06T20:41:49+00:00\",\"mainEntityOfPage\":{\"@id\":\"https:\/\/orthodoxalbania.org\/2020\/2006\/02\/26\/atmosfere-ngjalljeje-ne-mitropoline-e-gjirokastres-prill-06\/\"},\"wordCount\":789,\"commentCount\":0,\"publisher\":{\"@id\":\"https:\/\/orthodoxalbania.org\/2020\/#organization\"},\"keywords\":[\"2006\",\"Krishtlindje\",\"lajme\",\"Mitropolia Gjirokast\u00ebr\"],\"articleSection\":[\"Lajme\"],\"inLanguage\":\"en-US\"},{\"@type\":\"WebPage\",\"@id\":\"https:\/\/orthodoxalbania.org\/2020\/2006\/02\/26\/atmosfere-ngjalljeje-ne-mitropoline-e-gjirokastres-prill-06\/\",\"url\":\"https:\/\/orthodoxalbania.org\/2020\/2006\/02\/26\/atmosfere-ngjalljeje-ne-mitropoline-e-gjirokastres-prill-06\/\",\"name\":\"Atmosfer\u00eb Ngjalljeje n\u00eb Mitropolin\u00eb e Gjirokastr\u00ebs. (Prill 2006) - Kisha Orthodh\u03bfkse Autoqefale e Shqip\u00ebris\u00eb\",\"isPartOf\":{\"@id\":\"https:\/\/orthodoxalbania.org\/2020\/#website\"},\"datePublished\":\"2006-02-26T00:00:00+00:00\",\"dateModified\":\"2020-04-06T20:41:49+00:00\",\"breadcrumb\":{\"@id\":\"https:\/\/orthodoxalbania.org\/2020\/2006\/02\/26\/atmosfere-ngjalljeje-ne-mitropoline-e-gjirokastres-prill-06\/#breadcrumb\"},\"inLanguage\":\"en-US\",\"potentialAction\":[{\"@type\":\"ReadAction\",\"target\":[\"https:\/\/orthodoxalbania.org\/2020\/2006\/02\/26\/atmosfere-ngjalljeje-ne-mitropoline-e-gjirokastres-prill-06\/\"]}]},{\"@type\":\"BreadcrumbList\",\"@id\":\"https:\/\/orthodoxalbania.org\/2020\/2006\/02\/26\/atmosfere-ngjalljeje-ne-mitropoline-e-gjirokastres-prill-06\/#breadcrumb\",\"itemListElement\":[{\"@type\":\"ListItem\",\"position\":1,\"name\":\"Home\",\"item\":\"https:\/\/orthodoxalbania.org\/2020\/\"},{\"@type\":\"ListItem\",\"position\":2,\"name\":\"Atmosfer\u00eb Ngjalljeje n\u00eb Mitropolin\u00eb e Gjirokastr\u00ebs. (Prill 2006)\"}]},{\"@type\":\"WebSite\",\"@id\":\"https:\/\/orthodoxalbania.org\/2020\/#website\",\"url\":\"https:\/\/orthodoxalbania.org\/2020\/\",\"name\":\"Kisha Orthodh\u03bfkse Autoqefale e Shqip\u00ebris\u00eb\",\"description\":\"Fqja Zyrtare e Kish\u00ebs Orthodhokse Autoqefale e Shqip\u00ebris\u00eb me lajmet edhe informacionet zyrtare p\u00ebr struktur\u00ebn edhe veprimtarin e saj.\",\"publisher\":{\"@id\":\"https:\/\/orthodoxalbania.org\/2020\/#organization\"},\"potentialAction\":[{\"@type\":\"SearchAction\",\"target\":{\"@type\":\"EntryPoint\",\"urlTemplate\":\"https:\/\/orthodoxalbania.org\/2020\/?s={search_term_string}\"},\"query-input\":{\"@type\":\"PropertyValueSpecification\",\"valueRequired\":true,\"valueName\":\"search_term_string\"}}],\"inLanguage\":\"en-US\"},{\"@type\":\"Organization\",\"@id\":\"https:\/\/orthodoxalbania.org\/2020\/#organization\",\"name\":\"Kisha Orthodhokse Autoqefale e Shqip\u00ebris\u00eb\",\"url\":\"https:\/\/orthodoxalbania.org\/2020\/\",\"logo\":{\"@type\":\"ImageObject\",\"inLanguage\":\"en-US\",\"@id\":\"https:\/\/orthodoxalbania.org\/2020\/#\/schema\/logo\/image\/\",\"url\":\"https:\/\/orthodoxalbania.org\/2020\/wp-content\/uploads\/2020\/05\/albania.jpeg\",\"contentUrl\":\"https:\/\/orthodoxalbania.org\/2020\/wp-content\/uploads\/2020\/05\/albania.jpeg\",\"width\":540,\"height\":540,\"caption\":\"Kisha Orthodhokse Autoqefale e Shqip\u00ebris\u00eb\"},\"image\":{\"@id\":\"https:\/\/orthodoxalbania.org\/2020\/#\/schema\/logo\/image\/\"},\"sameAs\":[\"https:\/\/www.facebook.com\/koash1991\"]},{\"@type\":\"Person\",\"@id\":\"https:\/\/orthodoxalbania.org\/2020\/#\/schema\/person\/0c387634a7063ac612d7ed9ce71c7e86\",\"name\":\"Kisha Orthodhokse\",\"image\":{\"@type\":\"ImageObject\",\"inLanguage\":\"en-US\",\"@id\":\"https:\/\/secure.gravatar.com\/avatar\/596e7c417251e30f2fbb9c00e026fce61a695a00e51c889caded71c96cbbdde5?s=96&d=mm&r=g\",\"url\":\"https:\/\/secure.gravatar.com\/avatar\/596e7c417251e30f2fbb9c00e026fce61a695a00e51c889caded71c96cbbdde5?s=96&d=mm&r=g\",\"contentUrl\":\"https:\/\/secure.gravatar.com\/avatar\/596e7c417251e30f2fbb9c00e026fce61a695a00e51c889caded71c96cbbdde5?s=96&d=mm&r=g\",\"caption\":\"Kisha Orthodhokse\"}}]}<\/script>\n<!-- \/ Yoast SEO plugin. -->","yoast_head_json":{"title":"Atmosfer\u00eb Ngjalljeje n\u00eb Mitropolin\u00eb e Gjirokastr\u00ebs. (Prill 2006) - Kisha Orthodh\u03bfkse Autoqefale e Shqip\u00ebris\u00eb","robots":{"index":"index","follow":"follow","max-snippet":"max-snippet:-1","max-image-preview":"max-image-preview:large","max-video-preview":"max-video-preview:-1"},"canonical":"https:\/\/orthodoxalbania.org\/2020\/2006\/02\/26\/atmosfere-ngjalljeje-ne-mitropoline-e-gjirokastres-prill-06\/","og_locale":"en_US","og_type":"article","og_title":"Atmosfer\u00eb Ngjalljeje n\u00eb Mitropolin\u00eb e Gjirokastr\u00ebs. (Prill 2006) - Kisha Orthodh\u03bfkse Autoqefale e Shqip\u00ebris\u00eb","og_description":"&nbsp;&nbsp;&nbsp; Edhe k\u00ebt\u00eb vit, shk\u00eblqimi i Ngjalljes ndri\u00e7oi t\u00eb gjitha zonat e Mitropolis\u00eb s\u00eb Shenjt\u00eb t\u00eb Gjirokastr\u00ebs. Java e Madhe dhe sidomos Sh\u00ebrbesa e Ngjalljes ishte e mbushur me emocione dhe madh\u00ebshti. Kjo fest\u00eb p\u00ebrshkroi t\u00eb gjith\u00eb komunitetin orthodhoks dhe shoq\u00ebrin\u00eb mbar\u00eb, sikund\u00ebr ndodh me t\u00eb kremtet e m\u00ebdha t\u00eb Orthodhoksis\u00eb. &nbsp;&nbsp; Sh\u00ebrbesa e Ngjalljes mbushi si asnj\u00ebher\u00eb tjet\u00ebr kishat dhe sheshet e tyre, jo","og_url":"https:\/\/orthodoxalbania.org\/2020\/2006\/02\/26\/atmosfere-ngjalljeje-ne-mitropoline-e-gjirokastres-prill-06\/","og_site_name":"Kisha Orthodh\u03bfkse Autoqefale e Shqip\u00ebris\u00eb","article_publisher":"https:\/\/www.facebook.com\/koash1991","article_published_time":"2006-02-26T00:00:00+00:00","article_modified_time":"2020-04-06T20:41:49+00:00","og_image":[{"width":200,"height":172,"url":"https:\/\/orthodoxalbania.org\/2020\/wp-content\/uploads\/2021\/02\/LogoLastALb-200.png","type":"image\/png"}],"author":"Kisha Orthodhokse","twitter_card":"summary_large_image","twitter_misc":{"Written by":"Kisha Orthodhokse","Est. reading time":"4 minutes"},"schema":{"@context":"https:\/\/schema.org","@graph":[{"@type":"Article","@id":"https:\/\/orthodoxalbania.org\/2020\/2006\/02\/26\/atmosfere-ngjalljeje-ne-mitropoline-e-gjirokastres-prill-06\/#article","isPartOf":{"@id":"https:\/\/orthodoxalbania.org\/2020\/2006\/02\/26\/atmosfere-ngjalljeje-ne-mitropoline-e-gjirokastres-prill-06\/"},"author":{"name":"Kisha Orthodhokse","@id":"https:\/\/orthodoxalbania.org\/2020\/#\/schema\/person\/0c387634a7063ac612d7ed9ce71c7e86"},"headline":"Atmosfer\u00eb Ngjalljeje n\u00eb Mitropolin\u00eb e Gjirokastr\u00ebs. (Prill 2006)","datePublished":"2006-02-26T00:00:00+00:00","dateModified":"2020-04-06T20:41:49+00:00","mainEntityOfPage":{"@id":"https:\/\/orthodoxalbania.org\/2020\/2006\/02\/26\/atmosfere-ngjalljeje-ne-mitropoline-e-gjirokastres-prill-06\/"},"wordCount":789,"commentCount":0,"publisher":{"@id":"https:\/\/orthodoxalbania.org\/2020\/#organization"},"keywords":["2006","Krishtlindje","lajme","Mitropolia Gjirokast\u00ebr"],"articleSection":["Lajme"],"inLanguage":"en-US"},{"@type":"WebPage","@id":"https:\/\/orthodoxalbania.org\/2020\/2006\/02\/26\/atmosfere-ngjalljeje-ne-mitropoline-e-gjirokastres-prill-06\/","url":"https:\/\/orthodoxalbania.org\/2020\/2006\/02\/26\/atmosfere-ngjalljeje-ne-mitropoline-e-gjirokastres-prill-06\/","name":"Atmosfer\u00eb Ngjalljeje n\u00eb Mitropolin\u00eb e Gjirokastr\u00ebs. (Prill 2006) - Kisha Orthodh\u03bfkse Autoqefale e Shqip\u00ebris\u00eb","isPartOf":{"@id":"https:\/\/orthodoxalbania.org\/2020\/#website"},"datePublished":"2006-02-26T00:00:00+00:00","dateModified":"2020-04-06T20:41:49+00:00","breadcrumb":{"@id":"https:\/\/orthodoxalbania.org\/2020\/2006\/02\/26\/atmosfere-ngjalljeje-ne-mitropoline-e-gjirokastres-prill-06\/#breadcrumb"},"inLanguage":"en-US","potentialAction":[{"@type":"ReadAction","target":["https:\/\/orthodoxalbania.org\/2020\/2006\/02\/26\/atmosfere-ngjalljeje-ne-mitropoline-e-gjirokastres-prill-06\/"]}]},{"@type":"BreadcrumbList","@id":"https:\/\/orthodoxalbania.org\/2020\/2006\/02\/26\/atmosfere-ngjalljeje-ne-mitropoline-e-gjirokastres-prill-06\/#breadcrumb","itemListElement":[{"@type":"ListItem","position":1,"name":"Home","item":"https:\/\/orthodoxalbania.org\/2020\/"},{"@type":"ListItem","position":2,"name":"Atmosfer\u00eb Ngjalljeje n\u00eb Mitropolin\u00eb e Gjirokastr\u00ebs. (Prill 2006)"}]},{"@type":"WebSite","@id":"https:\/\/orthodoxalbania.org\/2020\/#website","url":"https:\/\/orthodoxalbania.org\/2020\/","name":"Kisha Orthodh\u03bfkse Autoqefale e Shqip\u00ebris\u00eb","description":"Fqja Zyrtare e Kish\u00ebs Orthodhokse Autoqefale e Shqip\u00ebris\u00eb me lajmet edhe informacionet zyrtare p\u00ebr struktur\u00ebn edhe veprimtarin e saj.","publisher":{"@id":"https:\/\/orthodoxalbania.org\/2020\/#organization"},"potentialAction":[{"@type":"SearchAction","target":{"@type":"EntryPoint","urlTemplate":"https:\/\/orthodoxalbania.org\/2020\/?s={search_term_string}"},"query-input":{"@type":"PropertyValueSpecification","valueRequired":true,"valueName":"search_term_string"}}],"inLanguage":"en-US"},{"@type":"Organization","@id":"https:\/\/orthodoxalbania.org\/2020\/#organization","name":"Kisha Orthodhokse Autoqefale e Shqip\u00ebris\u00eb","url":"https:\/\/orthodoxalbania.org\/2020\/","logo":{"@type":"ImageObject","inLanguage":"en-US","@id":"https:\/\/orthodoxalbania.org\/2020\/#\/schema\/logo\/image\/","url":"https:\/\/orthodoxalbania.org\/2020\/wp-content\/uploads\/2020\/05\/albania.jpeg","contentUrl":"https:\/\/orthodoxalbania.org\/2020\/wp-content\/uploads\/2020\/05\/albania.jpeg","width":540,"height":540,"caption":"Kisha Orthodhokse Autoqefale e Shqip\u00ebris\u00eb"},"image":{"@id":"https:\/\/orthodoxalbania.org\/2020\/#\/schema\/logo\/image\/"},"sameAs":["https:\/\/www.facebook.com\/koash1991"]},{"@type":"Person","@id":"https:\/\/orthodoxalbania.org\/2020\/#\/schema\/person\/0c387634a7063ac612d7ed9ce71c7e86","name":"Kisha Orthodhokse","image":{"@type":"ImageObject","inLanguage":"en-US","@id":"https:\/\/secure.gravatar.com\/avatar\/596e7c417251e30f2fbb9c00e026fce61a695a00e51c889caded71c96cbbdde5?s=96&d=mm&r=g","url":"https:\/\/secure.gravatar.com\/avatar\/596e7c417251e30f2fbb9c00e026fce61a695a00e51c889caded71c96cbbdde5?s=96&d=mm&r=g","contentUrl":"https:\/\/secure.gravatar.com\/avatar\/596e7c417251e30f2fbb9c00e026fce61a695a00e51c889caded71c96cbbdde5?s=96&d=mm&r=g","caption":"Kisha Orthodhokse"}}]}},"_links":{"self":[{"href":"https:\/\/orthodoxalbania.org\/2020\/wp-json\/wp\/v2\/posts\/301","targetHints":{"allow":["GET"]}}],"collection":[{"href":"https:\/\/orthodoxalbania.org\/2020\/wp-json\/wp\/v2\/posts"}],"about":[{"href":"https:\/\/orthodoxalbania.org\/2020\/wp-json\/wp\/v2\/types\/post"}],"author":[{"embeddable":true,"href":"https:\/\/orthodoxalbania.org\/2020\/wp-json\/wp\/v2\/users\/1"}],"replies":[{"embeddable":true,"href":"https:\/\/orthodoxalbania.org\/2020\/wp-json\/wp\/v2\/comments?post=301"}],"version-history":[{"count":1,"href":"https:\/\/orthodoxalbania.org\/2020\/wp-json\/wp\/v2\/posts\/301\/revisions"}],"predecessor-version":[{"id":15837,"href":"https:\/\/orthodoxalbania.org\/2020\/wp-json\/wp\/v2\/posts\/301\/revisions\/15837"}],"wp:attachment":[{"href":"https:\/\/orthodoxalbania.org\/2020\/wp-json\/wp\/v2\/media?parent=301"}],"wp:term":[{"taxonomy":"category","embeddable":true,"href":"https:\/\/orthodoxalbania.org\/2020\/wp-json\/wp\/v2\/categories?post=301"},{"taxonomy":"post_tag","embeddable":true,"href":"https:\/\/orthodoxalbania.org\/2020\/wp-json\/wp\/v2\/tags?post=301"}],"curies":[{"name":"wp","href":"https:\/\/api.w.org\/{rel}","templated":true}]}}