{"id":30067,"date":"2021-03-30T00:00:15","date_gmt":"2021-03-29T22:00:15","guid":{"rendered":"https:\/\/orthodoxalbania.org\/2020\/?p=30067"},"modified":"2021-02-21T23:13:41","modified_gmt":"2021-02-21T22:13:41","slug":"profeti-joad-oshenar-joani-i-shkalles-oshenar-joani-ne-pus-shen-evula","status":"publish","type":"post","link":"https:\/\/orthodoxalbania.org\/2020\/2021\/03\/30\/profeti-joad-oshenar-joani-i-shkalles-oshenar-joani-ne-pus-shen-evula\/","title":{"rendered":"Profeti Joad. Osh\u00ebnar Joani i Shkall\u00ebs. Osh\u00ebnar Joani n\u00eb pus. Sh\u00ebn Evula."},"content":{"rendered":"<p style=\"text-align: justify;\">\n<h4 style=\"text-align: center;\"><span class=\"ez-toc-section\" id=\"%E2%80%93_Profeti_Joad_%E2%80%93\"><\/span><strong>&#8211; Profeti Joad &#8211;<\/strong><span class=\"ez-toc-section-end\"><\/span><\/h4>\n<p>&nbsp;<\/p>\n<p style=\"text-align: justify;\">Profeti i shenjt\u00eb Joad jetoi n\u00eb epok\u00ebn kur Jeroboami sapo kishte provokuar ndarjen mes mbret\u00ebrive t\u00eb Izraelit (Samaria dhe Juda, 963-942 para Jisu Krishtit). Zoti e d\u00ebrgoi pran\u00eb Jeroboamit, i cili sakrifikonte n\u00eb at\u00eb moment n\u00eb altarin q\u00eb kishte b\u00ebr\u00eb vet\u00eb. Joadi e mallkoi shenjt\u00ebroren dhe shpalli lindjen e t\u00eb drejtit Josias, i cili do t\u00eb rivendoste nderimin e Per\u00ebndis\u00eb s\u00eb v\u00ebrtet\u00eb.<\/p>\n<p style=\"text-align: justify;\">Mbreti shtriu dor\u00ebn p\u00ebr t\u00eb kapur njeriun e Per\u00ebndis\u00eb, por kjo u tha dhe altari u rr\u00ebzua, sipas profecis\u00eb s\u00eb Joadit. Pasi sh\u00ebroi dor\u00ebn e mbretit dhe refuzoi t\u00ebr\u00eb dhuratat, profeti u kthye n\u00eb vendin e tij p\u00ebrmes nj\u00eb udhe tjet\u00ebr. Por, u g\u00ebnjye nga nj\u00eb profet i rrem\u00eb i Bethelit, i cili pretendonte se ishte d\u00ebrguar nga nj\u00eb engj\u00ebll dhe pranoi ftes\u00ebn e k\u00ebtij t\u00eb fundit, me gjith\u00eb urdhrin q\u00eb Per\u00ebndia i kishte dh\u00ebn\u00eb q\u00eb t\u00eb mos hante asgj\u00eb gjat\u00eb rrug\u00ebs. P\u00ebr k\u00ebt\u00eb mosbindje gjat\u00eb udh\u00ebs u vra nga nj\u00eb luan. Bisha, duke pasur respekt p\u00ebr trupin e njeriut t\u00eb Per\u00ebndis\u00eb, nuk e h\u00ebngri, por i ndenji pran\u00eb bashk\u00eb me gomarin e profetit, derisa erdhi profeti i rrem\u00eb dhe e varrosi (III Mbret. 13).<\/p>\n<p>&nbsp;<\/p>\n<h4 style=\"text-align: center;\"><span class=\"ez-toc-section\" id=\"i\"><\/span><strong>* * * * *<\/strong><span class=\"ez-toc-section-end\"><\/span><\/h4>\n<h4 style=\"text-align: center;\"><span class=\"ez-toc-section\" id=\"%E2%80%93_Oshenar_Joani_i_Shkalles_%E2%80%93\"><\/span><strong>&#8211; Osh\u00ebnar Joani i Shkall\u00ebs &#8211;<\/strong><span class=\"ez-toc-section-end\"><\/span><\/h4>\n<p>&nbsp;<\/p>\n<p style=\"text-align: justify;\">Ky njeri hyjnor me sa duket lindi n\u00eb gjysm\u00ebn e dyt\u00eb t\u00eb shekullit t\u00eb VI-t\u00eb; por nuk dihet asgj\u00eb lidhur me atdheun dhe origjin\u00ebn e tij, pasi q\u00eb n\u00eb fillim t\u00eb mohimit t\u00eb bot\u00ebs, u kujdes t\u00eb jetonte si i huaj: \u201cM\u00ebrgimi vullnetar, shkruan ai, \u00ebsht\u00eb ndarja nga \u00e7do gj\u00eb, me q\u00ebllim q\u00eb mendimi yn\u00eb t\u00eb b\u00ebhet i pandash\u00ebm nga Per\u00ebndia\u201d (III, 3). Dim\u00eb vet\u00ebm se q\u00eb n\u00eb mosh\u00ebn 16-vje\u00e7are, pasi mori nj\u00eb formim intelektual solid, nga dashuria p\u00ebr Per\u00ebndin\u00eb hoqi dor\u00eb nga t\u00eb gjitha joshjet e k\u00ebsaj jete t\u00eb kot\u00eb dhe shkoi n\u00eb Malin Sina, aty ku Per\u00ebndia i zbuloi q\u00ebmoti Moisiut lavdin\u00eb e tij, dhe ky iu ofrua Zotit me zem\u00ebr t\u00eb zjarrt\u00eb si therore er\u00ebmir\u00eb.<\/p>\n<p style=\"text-align: justify;\">Q\u00eb kur hyri n\u00eb stadium, me an\u00ebn e p\u00ebrul\u00ebsis\u00eb jo t\u00eb shtirur e la m\u00ebnjan\u00eb besimin te vetja dhe \u00e7do k\u00ebnaq\u00ebsi dhe iu n\u00ebnshtrua trup e shpirt nj\u00eb jerondi me emrin Martirios. I lir\u00eb nga \u00e7do p\u00ebrkujdesje u angazhua n\u00eb ngjitjen e k\u00ebsaj shkalle shpirt\u00ebrore (klimaks), n\u00eb maj\u00eb t\u00eb s\u00eb cil\u00ebs q\u00ebndronte Per\u00ebndia dhe q\u00eb \u00e7do dit\u00eb t\u00eb shtonte: \u201czjarr mbi zjarr, nxeht\u00ebsi mbi nxeht\u00ebsi, d\u00ebshir\u00eb mbi d\u00ebshir\u00eb dhe zell mbi zell\u201d (1, 46). Ai e shikonte bariun e tij si ikon\u00eb t\u00eb gjall\u00eb t\u00eb Krishtit (IV, 29) dhe, i bindur se ky duhet t\u00eb jepte llogari p\u00ebr t\u00eb para Per\u00ebndis\u00eb (IV, 33), kishte vet\u00ebm nj\u00eb shqet\u00ebsim: t\u00eb hidhte posht\u00eb vullnetin e tij dhe t\u00eb hiqte dor\u00eb nga \u00e7do dallueshm\u00ebri para plot\u00ebsis\u00eb s\u00eb dallueshm\u00ebris\u00eb (IV, 3), n\u00eb m\u00ebnyr\u00eb q\u00eb t\u00eb mos kishte asnj\u00eb interval kohe mes urdhrave q\u00eb Martirios i jepte, edhe atyre n\u00eb dukje t\u00eb paarsyeshme dhe zbatimit nga ana e tij. Pavar\u00ebsisht k\u00ebtij n\u00ebnshtrimi t\u00eb p\u00ebrsosur, Martirios e la p\u00ebr kat\u00ebr vjet si rishtar dhe e qethi murg n\u00eb mosh\u00ebn 20-vje\u00e7are, pasi i vuri n\u00eb prov\u00eb p\u00ebrul\u00ebsin\u00eb.<\/p>\n<p style=\"text-align: justify;\">Nj\u00eb nga murgjit e pranish\u00ebm at\u00eb dit\u00eb, i quajtur Strateg, paratha se ky murg i ri ishte thirrur t\u00eb b\u00ebhej nj\u00eb nga yjet e m\u00ebdhenj t\u00eb bot\u00ebs. M\u00eb pas, kur Martirios dhe dishepulli i tij vizituan Joan Savaitin, nj\u00eb nga asket\u00ebt m\u00eb t\u00eb famsh\u00ebm t\u00eb asaj kohe, edhe ai, nuk i kushtoi v\u00ebmendje jerondit, por shkoi dhe i lau k\u00ebmb\u00ebt Joanit. Pasi u larguan, ai tha se nuk e njihte k\u00ebt\u00eb murg t\u00eb ri, por se me frym\u00ebzimin e Shpirtit t\u00eb Shenjt\u00eb, kishte lar\u00eb k\u00ebmb\u00ebt e igumenit t\u00eb Sinait. E nj\u00ebjta profeci u konfirmua edhe nga i madhi sh\u00ebn Anastas Sinaiti (21 prill), tek i cili kishin shkuar p\u00ebrs\u00ebri p\u00ebr vizit\u00eb.<\/p>\n<p style=\"text-align: justify;\">Edhe pse i ri, Joani tregoi pjekurin\u00eb e nj\u00eb jerondi dhe dallueshm\u00ebri t\u00eb madhe. K\u00ebshtu nj\u00eb dit\u00eb, teksa e kishin d\u00ebrguar n\u00eb bot\u00eb me nj\u00eb mision dhe u gjend n\u00eb tryez\u00eb me njer\u00ebz t\u00eb bot\u00ebs, preferoi n\u00eb nj\u00eb far\u00eb m\u00ebnyre t\u00eb binte n\u00eb lavdin\u00eb e kot\u00eb, duke ngr\u00ebn\u00eb pak, sesa t\u00eb binte n\u00eb gryk\u00ebsi; pasi nga t\u00eb dyja t\u00eb k\u00ebqijat, vlen m\u00eb mir\u00eb t\u00eb preferosh at\u00eb q\u00eb \u00ebsht\u00eb m\u00eb pak e rrezikshme p\u00ebr t\u00eb sapoardhurit n\u00eb jet\u00ebn murg\u00ebrore (XXVI, 53).<\/p>\n<p style=\"text-align: justify;\">Kaloi k\u00ebshtu pra 19 vjet n\u00eb bindjen e lumur, i zbrazur nga \u00e7do luft\u00eb me an\u00ebn e lutjes t\u00eb atit t\u00eb tij shpirt\u00ebror; duke lundruar pa rrezik, duke fjetur, drejt portit t\u00eb papasionshm\u00ebris\u00eb (IV, 3). Pas vdekjes s\u00eb Martirios, Joani vendosi t\u00eb ndiqte n\u00eb vetmi ngjitjen e tij, m\u00ebnyr\u00eb jetese e cila iu p\u00ebrshtatet vet\u00ebm nj\u00eb numri t\u00eb vog\u00ebl, atyre q\u00eb u forcuan n\u00eb shk\u00ebmbin e p\u00ebrul\u00ebsis\u00eb, q\u00eb u larguan nga njer\u00ebzit q\u00eb t\u00eb mos privoheshin p\u00ebr asnj\u00eb \u00e7ast nga \u00ebmb\u00eblsia e Per\u00ebndis\u00eb (XXVII, 29). Nuk u angazhua n\u00eb k\u00ebt\u00eb udh\u00eb plot kurthe duke pasur besim te gjykimi vetjak, por n\u00eb rekomandimet e nj\u00eb jerondi, Gjergj Asilaitit, i cili e m\u00ebsoi p\u00ebr jet\u00ebn hezikaste.<\/p>\n<p style=\"text-align: justify;\">Zgjodhi p\u00ebr t\u2019u ushtruar nj\u00eb vend t\u00eb vetmuar, i cili quhej Thola dhe ndodhej pes\u00eb milje larg nga manastiri i madh, ku jo larg njeri-tjetrit jetonin edhe eremit\u00eb t\u00eb tjer\u00eb. Q\u00ebndroi atje p\u00ebr dyzet vjet, i tretur nga dashuria p\u00ebr Per\u00ebndin\u00eb q\u00eb sa vinte e rritej, pa u kujdesur p\u00ebr trupin, i lir\u00eb nga \u00e7do kontakt me njer\u00ebzit, duke pasur si pun\u00eb lutjen pa pushim dhe vigjilenc\u00ebn e zemr\u00ebs, si engj\u00ebll veshur me trup.<\/p>\n<p style=\"text-align: justify;\">Hante gjith\u00e7ka q\u00eb e lejon rregulli monakal, por n\u00eb sasi t\u00eb vogla, duke zbutur tiranin\u00eb e mishit pa i dh\u00ebn\u00eb shkak lavdis\u00eb s\u00eb kot\u00eb. P\u00ebrmes vetmis\u00eb dhe t\u00ebrheqjes, kishte b\u00ebr\u00eb t\u00eb vdiste furra e d\u00ebshir\u00ebs p\u00ebr t\u00eb mbledhur, e cila n\u00ebn pretekstin e dashuris\u00eb dhe mikpritjes, i \u00e7on murgjit e pakujdessh\u00ebm n\u00eb lakmi, dera e gjith\u00eb pasioneve (XIV, 38), dhe te dashuria p\u00ebr para, bij\u00ebn e munges\u00ebs s\u00eb besimit q\u00eb \u00e7on n\u00eb adhurimin e idhujve (XVI, 2). Ai triumfoi mbi p\u00ebrtacin\u00eb, kjo vdekje e shpirtit q\u00eb sulmon kryesisht hezikast\u00ebt (XIII, 4) dhe mbi plog\u00ebshtin\u00eb, me an\u00ebn e kujtimit t\u00eb vdekjes (XXVII, 36). Dhe p\u00ebrmes meditimit t\u00eb t\u00eb mirave t\u00eb p\u00ebrjetshme t\u00eb premtuara theu vargoin e trishtimit; ai njihte vet\u00ebm nj\u00eb trishtim: trishtimin q\u00eb sjell g\u00ebzim dhe na b\u00ebn t\u00eb vrapojm\u00eb me zell n\u00eb udh\u00ebn e pendimit (VII), dhe q\u00eb pastron shpirtin nga gjithfar\u00eb ndotjesh.<\/p>\n<p style=\"text-align: justify;\">\u00c7far\u00eb i mbeti q\u00eb t\u00eb arrinte n\u00eb p\u00ebrsosm\u00ebri (apathi)? Zem\u00ebrimin e kishte mundur prej koh\u00ebsh me shpat\u00ebn e bindjes. Lavdis\u00eb s\u00eb kot\u00eb, k\u00ebtij gjembi me tri maja, q\u00eb q\u00ebndron p\u00ebrher\u00eb i krekosur kund\u00ebr luft\u00ebtar\u00ebve t\u00eb devotsh\u00ebm dhe q\u00eb p\u00ebrzihet me t\u00eb gjitha virtytet si shushunj\u00eb (XXI, 5), ia mori frym\u00ebn me izolimin dhe sidomos me heshtjen. Dhe si \u00e7mim p\u00ebr pun\u00ebt e tij, t\u00eb cilat i aromatizonte gjithnj\u00eb me qortimin e vetes, Zoti i kishte dh\u00ebn\u00eb mbret\u00ebresh\u00ebn e virtyteve, p\u00ebrul\u00ebsin\u00eb e shenjt\u00eb dhe t\u00eb \u00e7muar: \u201cky hir i pap\u00ebrshkruesh\u00ebm n\u00eb shpirt, ky thesar, emri i t\u00eb cilit njihet vet\u00ebm nga ata q\u00eb e kan\u00eb m\u00ebsuar nga p\u00ebrvoja, dhe q\u00eb mban Emrin e Vet\u00eb Per\u00ebndis\u00eb\u201d (Matth. 11.29), (XXV, 3).<\/p>\n<p style=\"text-align: justify;\">Meq\u00eb qelia e tij ishte af\u00ebr t\u00eb tjer\u00ebve, t\u00ebrhiqej shpesh n\u00eb nj\u00eb shpell\u00eb t\u00eb larg\u00ebt, rr\u00ebz\u00eb malit, q\u00eb e kishte kthyer n\u00eb nj\u00eb paradhom\u00eb t\u00eb qiellit me psher\u00ebtimat dhe lot\u00ebt q\u00eb i rridhnin nga syt\u00eb si burim i pasur, pa sforcim, dhe e transformonin trupin n\u00eb nj\u00eb rrob\u00eb nus\u00ebroreje (VII, 20, 44). N\u00ebn efektin e k\u00ebtij pik\u00ebllimi t\u00eb lumur dhe lot\u00ebve t\u00eb vazhduesh\u00ebm, e jetonte \u00e7do dit\u00eb si fest\u00eb (VII, 41) dhe ruante lutjen e vazhdueshme n\u00eb zem\u00ebr, e cila ishte b\u00ebr\u00eb si k\u00ebshtjell\u00eb e padhunueshme p\u00ebr sulmet e mendimeve.<\/p>\n<p style=\"text-align: justify;\">Ndonj\u00ebher\u00eb i ndodhte t\u00eb ishte i ngaz\u00eblluar n\u00eb frym\u00eb n\u00eb mes t\u00eb koreve engj\u00ebllore, pa e ditur se ishte n\u00eb trupin e tij apo jasht\u00eb tij, dhe n\u00eb liri t\u00eb madhe i k\u00ebrkonte at\u00ebher\u00eb Per\u00ebndis\u00eb t\u2019i m\u00ebsonte misteret e teologjis\u00eb (XXVII, 48). Kur dilte nga furra e lutjes, her\u00eb ndihej i pastruar si me zjarr, her\u00eb-her\u00eb shk\u00eblqente nga drita (XXVIII, 54).<br \/>\nFlinte aq sa mjaftonte p\u00ebr ta mbajtur vigjilente mendjen n\u00eb lutje, dhe para se t\u00eb dremiste, lutej gjat\u00eb ose hidhte n\u00eb let\u00ebr frytin e meditimeve t\u00eb tij me Shkrimet e frym\u00ebzuara.<\/p>\n<p style=\"text-align: justify;\">Me gjith\u00eb kujdesin e madh q\u00eb kishte gjat\u00eb k\u00ebtyre viteve p\u00ebr t\u2019i ruajtur virtytet e tij nga syt\u00eb e njer\u00ebzve, kur Per\u00ebndia gjykoi se kishte ardhur koha q\u00eb t\u00eb transmetonte tek t\u00eb tjer\u00ebt drit\u00ebn q\u00eb kishte fituar p\u00ebr nd\u00ebrtimin e Kish\u00ebs, Ai d\u00ebrgoi te Joani nj\u00eb murg t\u00eb ri, me emrin Moisi, i cili fal\u00eb nd\u00ebrhyrjes s\u00eb asket\u00ebve t\u00eb tjer\u00eb, arriti ta mposhtte rezistenc\u00ebn e njeriut t\u00eb Per\u00ebndis\u00eb dhe t\u00eb pranohej si dishepulli i tij.<\/p>\n<p style=\"text-align: justify;\">Nj\u00eb dit\u00eb, kur Moisiu kishte shkuar t\u00eb k\u00ebrkonte diku larg tok\u00eb p\u00ebr kopshtin e tyre t\u00eb vog\u00ebl dhe ishte shtrir\u00eb n\u00ebn nj\u00eb shk\u00ebmb t\u00eb madh p\u00ebr t\u2019u \u00e7lodhur, Joani pati n\u00eb qelin\u00eb e vet nj\u00eb zbulim, se dishepulli i tij ndodhej n\u00eb rrezik. Filloi t\u00eb lutej dhe kur Moisiu u kthye n\u00eb mbr\u00ebmje, i tregoi se kur po flinte, papritur kishte d\u00ebgjuar z\u00ebrin e jerondit t\u00eb tij ta th\u00ebrriste, n\u00eb \u00e7astin kur shk\u00ebmbi u shk\u00ebput dhe p\u00ebr pak do ta shtypte posht\u00eb.<\/p>\n<p style=\"text-align: justify;\">Lutja e Joanit kishte gjithashtu edhe fuqin\u00eb t\u00eb sh\u00ebronte plag\u00ebt e dukshme e t\u00eb padukshme. K\u00ebshtu, ai \u00e7liroi nj\u00eb murg nga demoni i epshit, i cili e kishte shtyr\u00eb n\u00eb zem\u00ebrl\u00ebshim. Nj\u00eb her\u00eb tjet\u00ebr ai b\u00ebri t\u00eb binte shi. Por Per\u00ebndia shfaqi Hirin e tij tek ai kryesisht me dhuntin\u00eb e m\u00ebsimdh\u00ebnies shpirt\u00ebrore. Duke u bazuar n\u00eb p\u00ebrvoj\u00ebn personale, i m\u00ebsonte lirsh\u00ebm ata q\u00eb e k\u00ebrkonin, rreth kurtheve q\u00eb u ngrihen murgjve n\u00eb luft\u00ebn q\u00eb b\u00ebjn\u00eb kund\u00ebr pasioneve dhe kund\u00ebr princit t\u00eb k\u00ebsaj bote.<\/p>\n<p style=\"text-align: justify;\">M\u00ebsimdh\u00ebnia e tij nxiti edhe xhelozin\u00eb e disave, q\u00eb shpif\u00ebn p\u00ebr shenjtin, duke e konsideruar si llafazan dhe kryelart\u00eb. Megjith\u00ebse nd\u00ebrgjegjen e kishte t\u00eb paqt\u00eb, Joani nuk k\u00ebrkoi t\u00eb justifikohej, dhe q\u00eb t\u00eb mos linte asnj\u00eb pretekst p\u00ebr ata, e nd\u00ebrpreu m\u00ebsimdh\u00ebnien p\u00ebr nj\u00eb vit t\u00eb t\u00ebr\u00eb, i bindur se ia vlente m\u00eb mir\u00eb t\u00eb mbante nj\u00eb paragjykim t\u00eb leht\u00eb, sesa t\u00eb p\u00ebrkeq\u00ebsonte fyerjen e t\u00eb k\u00ebqijve. T\u00eb gjith\u00eb banor\u00ebt e shkret\u00ebtir\u00ebs pat\u00ebn dobi nga heshtja e tij dhe nga kjo prov\u00eb p\u00ebrul\u00ebsie, dhe me k\u00ebrkes\u00ebn e shpif\u00ebsve q\u00eb u penduan, pranoi t\u00eb priste p\u00ebrs\u00ebri vizitor\u00eb.<\/p>\n<p style=\"text-align: justify;\">I mbushur me t\u00eb gjitha virtytet e veprimit dhe soditjes dhe si arriti n\u00eb maj\u00ebn e shkall\u00ebs s\u00eb shenjt\u00eb me fitoren e t\u00eb gjitha pasioneve t\u00eb njeriut t\u00eb vjet\u00ebr, Joani rrezatonte si yll n\u00eb gadishullin e Sinait dhe t\u00eb gjith\u00eb e admironin. Megjithat\u00eb, ai e konsideronte veten ende si fillestar dhe i etur p\u00ebr t\u00eb mbledhur shembuj t\u00eb jet\u00ebs engj\u00ebllore, nd\u00ebrmori nj\u00eb udh\u00ebtim n\u00eb manastire t\u00eb ndryshme t\u00eb Egjiptit. Vizitoi n\u00eb ve\u00e7anti shum\u00eb manastire kinovi n\u00eb krahin\u00ebn e Aleksandris\u00eb, nj\u00eb qiell tok\u00ebsor i v\u00ebrtet\u00eb, i cili drejtohej nga nj\u00eb bari i mrekulluesh\u00ebm, q\u00eb kishte dallueshm\u00ebri t\u00eb pal\u00ebkundur.<\/p>\n<p style=\"text-align: justify;\">Ky komunitet ishte i mbledhur te Zoti me nj\u00eb dashuri t\u00eb till\u00eb, pa asnj\u00eb gjurm\u00eb familjariteti dhe fjale t\u00eb kot\u00eb, aq sa murgjit zor se kishin nevoj\u00eb p\u00ebr qortimet e igumenit t\u00eb tyre, por e nxisnin nj\u00ebri-tjetrin n\u00eb vigjilenc\u00eb gati hyjnore. Nga t\u00eb gjitha virtytet e tyre, m\u00eb e admirueshmja sipas Joanit, ishte se ushtroheshin q\u00eb t\u00eb mos e plagosnin n\u00eb asgj\u00eb nd\u00ebrgjegjen e ndonj\u00ebrit v\u00eblla (IV,15-17). Ai pati tep\u00ebr dobi nga vizita q\u00eb b\u00ebri n\u00eb nj\u00eb metokio t\u00eb po atij manastiri, q\u00eb quhej \u2018burgu\u2019, ku jetonin n\u00eb asketiz\u00ebm t\u00eb tejskajsh\u00ebm dhe n\u00eb demonstrimet m\u00eb t\u00eb jasht\u00ebzakonshme t\u00eb pendimit, murgj q\u00eb kishin m\u00ebkatuar r\u00ebnd\u00eb t\u00eb cil\u00ebt p\u00ebrpiqeshin q\u00eb t\u00eb fitonin n\u00ebp\u00ebrmjet veprave t\u00eb tyre faljen nga Per\u00ebndia. Pa iu dukur e v\u00ebshtir\u00eb dhe e padurueshme, ky burg ishte n\u00eb t\u00eb kund\u00ebrt p\u00ebr shenjtin nj\u00eb model i jet\u00ebs monakale.<\/p>\n<p style=\"text-align: justify;\">\u201cN\u00eb fakt, shpirti q\u00eb humbi besimin e par\u00eb, q\u00eb e theu vul\u00ebn e past\u00ebrtis\u00eb s\u00eb tij dhe q\u00eb b\u00ebri \u00e7\u2019t\u00eb donte me thesaret e hirit, q\u00eb u b\u00eb i huaj p\u00ebr ngush\u00ebllimet hyjnore, q\u00eb e shkeli aleanc\u00ebn me Zotin, dhe q\u00eb u plagos dhe u hidh\u00ebrua me kujtimin e gjith\u00eb k\u00ebtyre gj\u00ebrave, ky shpirt, po them, jo vet\u00ebm q\u00eb do t\u00eb n\u00ebnshtrohet me vullnetin e tij te k\u00ebto mundime, por do t\u00eb jet\u00eb fort i vendosur t\u00eb vdiste n\u00eb m\u00ebnyr\u00eb t\u00eb per\u00ebndishme n\u00ebp\u00ebrmjet asketizmit, t\u00eb pakt\u00ebn n\u00eb qoft\u00eb se do t\u2019i mbetej ende nj\u00eb shk\u00ebndij\u00eb dashurie dhe frike p\u00ebr Zotin\u201d (V, 24).<\/p>\n<p style=\"text-align: justify;\">Pas dyzet vjet\u00ebve q\u00ebndrimi n\u00eb shkret\u00ebtir\u00eb, si nj\u00eb tjet\u00ebr Moisi, ai u ngarkua nga Per\u00ebndia t\u00eb merrte drejtimin e k\u00ebtij Izraeli t\u00eb ri dhe u b\u00eb igumen i manastirit, rr\u00ebz\u00eb malit t\u00eb shenjt\u00eb. Tregohet se dit\u00ebn e fron\u00ebzimit t\u00eb tij ishin t\u00eb pranish\u00ebm 600 pelegrin\u00eb dhe nd\u00ebrkoh\u00eb q\u00eb t\u00eb gjith\u00eb ishin t\u00eb ulur p\u00ebr t\u00eb ngr\u00ebn\u00eb, pan\u00eb mes tyre edhe profetin Moisi, veshur me tunik\u00eb t\u00eb bardh\u00eb, q\u00eb shkonte e vinte dhe u jepte me autoritet urdhra kuzhinier\u00ebve, ikonom\u00ebve, p\u00ebrgjegj\u00ebsve t\u00eb rezervave dhe t\u00eb tjer\u00ebve.<\/p>\n<p style=\"text-align: justify;\">Pasi dep\u00ebrtoi n\u00eb err\u00ebsir\u00ebn mistike t\u00eb soditjes, ky Moisi i ri kishte hyr\u00eb n\u00eb sekretet e Ligjit shpirt\u00ebror dhe, duke zbritur nga mali, duke mos pasur pasion, me fytyr\u00eb t\u00eb lavd\u00ebruar nga Hiri, ai u b\u00eb p\u00ebr t\u00eb gjith\u00eb Bariu, mjeku dhe m\u00ebsuesi shpirt\u00ebror, i cili, duke mbajtur n\u00eb veten e tij librin e shkruar nga Per\u00ebndia, nuk kishte nevoj\u00eb p\u00ebr libra t\u00eb tjer\u00eb q\u00eb t\u2019u m\u00ebsonte murgjve shkenc\u00ebn e shkencave dhe artin e arteve.<\/p>\n<p style=\"text-align: justify;\">Igumeni i Raithos\u00eb, i cili kishte t\u00eb nj\u00ebjtin em\u00ebr si Joani, dhe ishte informuar p\u00ebr m\u00ebnyr\u00ebn e mrekullueshme t\u00eb jet\u00ebs t\u00eb murgjve t\u00eb Sinait, i shkroi Joanit, duke i k\u00ebrkuar q\u00eb ta paraqiste at\u00eb n\u00eb m\u00ebnyr\u00eb metodike dhe t\u00eb shkurt\u00ebr, t\u00eb nevojshme p\u00ebr ata q\u00eb kan\u00eb p\u00ebrqafuar jet\u00ebn engj\u00ebllore me q\u00ebllim q\u00eb t\u00eb fitojn\u00eb shp\u00ebtimin. Joani, q\u00eb nuk dinte t\u00eb kund\u00ebrshtonte, shkroi at\u00ebher\u00eb p\u00ebrvoj\u00ebn e tij, \u201cTabelat e Ligjit shpirt\u00ebror\u201d.<\/p>\n<p style=\"text-align: justify;\">Ai e paraqiti k\u00ebt\u00eb si nj\u00eb Shkall\u00eb me tridhjet\u00eb grad\u00eb, ashtu si Jakovi q\u00eb pa dikur tek prehej (Gjen. 28.12). N\u00eb k\u00ebt\u00eb esenc\u00eb orthodhokse t\u00eb jet\u00ebs shpirt\u00ebrore, e cila mbetet nd\u00ebr shekuj udh\u00ebrr\u00ebfyesi i shk\u00eblqyer i jet\u00ebs engj\u00ebllore si p\u00ebr murgjit ashtu edhe p\u00ebr laik\u00ebt, Sh\u00ebn Joani nuk krijon rregulla, por p\u00ebrmes k\u00ebshillave praktike, detajeve t\u00eb zgjedhura me men\u00e7uri, me aforizma e enigma, shpesh edhe me humor, e fut shpirtin n\u00eb betej\u00ebn shpirt\u00ebrore dhe n\u00eb dallueshm\u00ebrin\u00eb e mendimeve. Fjala e tij e shkurt\u00ebr, e dendur dhe e mpreht\u00eb, dep\u00ebrton, si nj\u00eb shpat\u00eb, deri n\u00eb thell\u00ebsi t\u00eb shpirtit, duke prer\u00eb pa kompromis \u00e7do vet\u00ebp\u00eblqim dhe duke shkuar deri n\u00eb rr\u00ebnj\u00ebt e hipokrizis\u00eb e egoizmit. Duke i ngjar\u00eb fjal\u00ebs s\u00eb sh\u00ebn Grigorit n\u00eb fush\u00ebn e teologjis\u00eb, kjo fjal\u00eb \u00ebsht\u00eb Ungjilli i v\u00ebn\u00eb n\u00eb praktik\u00eb, q\u00eb i drejton me siguri ata q\u00eb e mbushin shpirtin gjat\u00eb leximit k\u00ebmb\u00ebngul\u00ebs t\u00eb tij, deri n\u00eb port\u00ebn e qiellit ku na pret Krishti.<\/p>\n<p style=\"text-align: justify;\">N\u00eb fundin e dit\u00ebve t\u00eb tij, i lumuri Joan caktoi q\u00eb t\u00eb drejtonte manastirin v\u00ebllain e tij Gjergjin, i cili edhe ai kishte p\u00ebrqafuar q\u00eb n\u00eb fillim jet\u00ebn hezikaste. N\u00eb prag t\u00eb vdekjes, Gjergji i tha Joanit: \u201cK\u00ebshtu po m\u00eb braktis dhe po ik\u00ebn! Megjithat\u00eb u luta q\u00eb t\u00eb m\u00eb d\u00ebrgosh mua t\u00eb parin tek Zoti, sepse pa ty, nuk mund ta kullos k\u00ebt\u00eb komunitet.\u201d Por Joani e qet\u00ebsoi dhe i tha: \u201cMos u pik\u00ebllo dhe mos u shqet\u00ebso. N\u00ebse gjen hir para Per\u00ebndis\u00eb, nuk do t\u00eb t\u00eb l\u00eb ta mbyll\u00ebsh vitin dhe do vish pas meje.\u201d Dhe me t\u00eb v\u00ebrtet\u00eb, dhjet\u00eb muaj pas prehjes s\u00eb Joanit, Gjergji u largua drejt Zotit.<\/p>\n<p>&nbsp;<\/p>\n<h4 style=\"text-align: center;\"><span class=\"ez-toc-section\" id=\"i-2\"><\/span><strong>* * * * *<\/strong><span class=\"ez-toc-section-end\"><\/span><\/h4>\n<h4 style=\"text-align: center;\"><span class=\"ez-toc-section\" id=\"%E2%80%93_Oshenar_Joani_ne_pus_%E2%80%93\"><\/span><strong>&#8211; Osh\u00ebnar Joani n\u00eb pus &#8211;<\/strong><span class=\"ez-toc-section-end\"><\/span><\/h4>\n<p>&nbsp;<\/p>\n<p style=\"text-align: justify;\">Kur qeveritari Pompian mb\u00ebrriti n\u00eb krahin\u00ebn e Sibistr\u00ebs, rr\u00ebz\u00eb malit Taurus (Kapadoki), p\u00ebr t\u00eb zbatuar urdhrat e Dioklecianit dhe t\u00eb Maksimianit, Juliana, nj\u00eb vejush\u00eb e per\u00ebndishme, u fsheh bashk\u00eb me f\u00ebmij\u00ebt e saj, Joanin dhe Thesmisian, q\u00eb t\u00eb mund t\u2019i edukonte me besimin.<\/p>\n<p style=\"text-align: justify;\">Kur Joani u b\u00eb 13 vje\u00e7, shkoi nj\u00eb dit\u00eb vet\u00eb n\u00eb kish\u00eb dhe atje takoi nj\u00eb njeri t\u00eb huaj, i cili e k\u00ebshilloi t\u00eb t\u00ebrhiqej n\u00eb shkret\u00ebtir\u00eb, n\u00ebse donte t\u00eb luftonte q\u00eb t\u00eb b\u00ebhej i barabart\u00eb me engj\u00ebjt. Pasi i tha lamtumir\u00eb t\u00eb \u00ebm\u00ebs dhe i k\u00ebrkoi t\u00eb lutej p\u00ebr t\u00eb, f\u00ebmija shkoi n\u00eb krahin\u00ebn e shkret\u00eb dhe t\u00eb eg\u00ebr q\u00eb shtrihet n\u00eb drejtim t\u00eb Armenis\u00eb. Pas dy dit\u00ebve takoi nj\u00eb eremit egjiptian, me emrin Farmuthios (11 prill), i cili e mbajti p\u00ebr nj\u00eb jav\u00eb n\u00eb shpell\u00ebn e tij, p\u00ebr t\u2019i m\u00ebsuar parimet e jet\u00ebs monakale.<\/p>\n<p style=\"text-align: justify;\">Pastaj, i drejtuar nga nj\u00eb engj\u00ebll, Joani mb\u00ebrriti tek nj\u00eb pus i that\u00eb, i thell\u00eb rreth 50 metra, mbushur me gjarp\u00ebrinj e zvarranik\u00eb t\u00eb tjer\u00eb. Iu kujtua shembulli i patriarkut Josif dhe i profetit Daniel, Jeremia dhe Jonai, t\u00eb cil\u00ebt u strehuan n\u00eb shpella duke parafiguruar zbritjen e Krishtit n\u00eb ferr, ndaj f\u00ebmija b\u00ebri shenj\u00ebn e kryqit dhe u hodh me besim n\u00eb pus dhe arriti n\u00eb fund i mbrojtur nga nj\u00eb engj\u00ebll. Atje q\u00ebndroi n\u00eb lutje p\u00ebr dyzet dit\u00eb, n\u00eb k\u00ebmb\u00eb dhe me krah\u00eb t\u00eb ngritur, pa ngr\u00ebn\u00eb e pa pir\u00eb.<\/p>\n<p style=\"text-align: justify;\">Engj\u00eblli q\u00eb kujdesej p\u00ebr Joanin e njoftoi Farmuthion se ku ishte f\u00ebmija dhe ai i solli ushqim qiellor. Pasi u p\u00ebrpoq m\u00eb kot ta bindte q\u00eb ta linte at\u00eb udh\u00eb ekstreme asketizmi, n\u00eb fund e k\u00ebshilloi q\u00eb t\u00eb b\u00ebnte kujdes me kurthet e satanait dhe t\u00eb armatosej me durim kund\u00ebr plog\u00ebshtis\u00eb.<\/p>\n<p style=\"text-align: justify;\">Pas nj\u00eb viti, tunduesi iu shfaq Farmuthios n\u00ebn form\u00ebn e nj\u00eb sh\u00ebrb\u00ebtori t\u00eb d\u00ebrguar nga e \u00ebma p\u00ebr t\u00eb k\u00ebrkuar Joanin dhe e bindi jerondin t\u00eb shkonte e t\u2019i lutej shenjtorit t\u00eb kthehej te familjar\u00ebt, sepse ata vajtonin p\u00ebr humbjen e tij. Ai i tha: \u201cNuk e shikon se t\u00eb gjitha betejat q\u00eb b\u00ebn jan\u00eb shnd\u00ebrruar n\u00eb hi\u00e7 p\u00ebr hir t\u00eb lot\u00ebve t\u00eb n\u00ebn\u00ebs sate?\u201d<\/p>\n<p style=\"text-align: justify;\">Joani kishte marr\u00eb si dhurat\u00eb dallueshm\u00ebrin\u00eb e shpirtrave, ndon\u00ebse ishte i ri, dhe iu p\u00ebrgjigj jerondit se duhej t\u00eb largohej, sepse ishte b\u00ebr\u00eb veg\u00ebl e djallit dhe e ktheu mbrapsht n\u00eb shpell\u00eb. Djalli vazhdoi ta sulmonte luft\u00ebtarin e Krishtit me mendimet rreth familjes, por Joani nuk u kushtoi r\u00ebnd\u00ebsi.<\/p>\n<p style=\"text-align: justify;\">Koh\u00eb m\u00eb von\u00eb, satanai iu shfaq me pamjen e s\u00eb \u00ebm\u00ebs dhe pastaj t\u00eb s\u00eb motr\u00ebs e u p\u00ebrpoq ta prekte me lot\u00ebt e tyre, por Joani e p\u00ebrbuzi duke k\u00ebmb\u00ebngulur n\u00eb lutje. Kjo betej\u00eb mbinjer\u00ebzore zgjati p\u00ebr dhjet\u00eb muaj.<\/p>\n<p style=\"text-align: justify;\">Kur erdhi p\u00ebr t\u00eb koha ta dor\u00ebzonte shpirtin te M\u00ebsuesi i luft\u00ebs, historin\u00eb e tij ia tregoi Krisit, nj\u00eb asketi n\u00eb Likaoni, i cili i ishte d\u00ebrguar pran\u00eb nga Per\u00ebndia, q\u00eb t\u00eb merrte pjes\u00eb n\u00eb varrimin e tij dhe pastaj fjeti n\u00eb paqe. Krisi e mbuloi me pallton e tij trupin e shenjtorit dhe varrin ia mbuloi me nj\u00eb gur, i cili mbyllte gryk\u00ebn e pusit. Para se t\u00eb largohej, mbolli atje nj\u00eb palm\u00eb, e cila mbiu p\u00ebrnj\u00ebher\u00ebsh dhe u mbush me fruta. Ndon\u00ebse ky vend ishte dikur i that\u00eb, u b\u00eb burim sh\u00ebrimesh p\u00ebr banor\u00ebt e zon\u00ebs.<\/p>\n<p>&nbsp;<\/p>\n<p>&nbsp;<\/p>\n","protected":false},"excerpt":{"rendered":"<p>&#8211; Profeti Joad &#8211; &nbsp; Profeti i shenjt\u00eb Joad jetoi n\u00eb epok\u00ebn kur Jeroboami sapo kishte provokuar ndarjen mes mbret\u00ebrive t\u00eb Izraelit (Samaria dhe Juda, 963-942 para Jisu Krishtit). Zoti e d\u00ebrgoi pran\u00eb Jeroboamit, i cili sakrifikonte n\u00eb at\u00eb moment n\u00eb altarin q\u00eb kishte b\u00ebr\u00eb vet\u00eb. Joadi e mallkoi shenjt\u00ebroren dhe shpalli lindjen e t\u00eb drejtit Josias, i cili do t\u00eb rivendoste nderimin e Per\u00ebndis\u00eb<\/p>\n","protected":false},"author":7,"featured_media":30069,"comment_status":"closed","ping_status":"closed","sticky":false,"template":"","format":"standard","meta":{"_acf_changed":false,"pagelayer_contact_templates":[],"_pagelayer_content":"","inline_featured_image":false,"fifu_image_url":"https:\/\/live.staticflickr.com\/65535\/50967450461_cdf1f121bf_b.jpg","fifu_image_alt":"","footnotes":""},"categories":[372],"tags":[2103,2101],"class_list":["post-30067","post","type-post","status-publish","format-standard","has-post-thumbnail","hentry","category-shenjtoret-e-dites","tag-leximet-e-dites","tag-shenjtori-i-dites"],"acf":[],"yoast_head":"<!-- This site is optimized with the Yoast SEO plugin v27.2 - https:\/\/yoast.com\/product\/yoast-seo-wordpress\/ -->\n<title>Profeti Joad. Osh\u00ebnar Joani i Shkall\u00ebs. Osh\u00ebnar Joani n\u00eb pus. Sh\u00ebn Evula. - Kisha Orthodh\u03bfkse Autoqefale e Shqip\u00ebris\u00eb<\/title>\n<meta name=\"robots\" content=\"index, follow, max-snippet:-1, max-image-preview:large, max-video-preview:-1\" \/>\n<link rel=\"canonical\" href=\"https:\/\/orthodoxalbania.org\/2020\/2021\/03\/30\/profeti-joad-oshenar-joani-i-shkalles-oshenar-joani-ne-pus-shen-evula\/\" \/>\n<meta property=\"og:locale\" content=\"en_US\" \/>\n<meta property=\"og:type\" content=\"article\" \/>\n<meta property=\"og:title\" content=\"Profeti Joad. Osh\u00ebnar Joani i Shkall\u00ebs. Osh\u00ebnar Joani n\u00eb pus. Sh\u00ebn Evula. - Kisha Orthodh\u03bfkse Autoqefale e Shqip\u00ebris\u00eb\" \/>\n<meta property=\"og:description\" content=\"&#8211; Profeti Joad &#8211; &nbsp; Profeti i shenjt\u00eb Joad jetoi n\u00eb epok\u00ebn kur Jeroboami sapo kishte provokuar ndarjen mes mbret\u00ebrive t\u00eb Izraelit (Samaria dhe Juda, 963-942 para Jisu Krishtit). Zoti e d\u00ebrgoi pran\u00eb Jeroboamit, i cili sakrifikonte n\u00eb at\u00eb moment n\u00eb altarin q\u00eb kishte b\u00ebr\u00eb vet\u00eb. Joadi e mallkoi shenjt\u00ebroren dhe shpalli lindjen e t\u00eb drejtit Josias, i cili do t\u00eb rivendoste nderimin e Per\u00ebndis\u00eb\" \/>\n<meta property=\"og:url\" content=\"https:\/\/orthodoxalbania.org\/2020\/2021\/03\/30\/profeti-joad-oshenar-joani-i-shkalles-oshenar-joani-ne-pus-shen-evula\/\" \/>\n<meta property=\"og:site_name\" content=\"Kisha Orthodh\u03bfkse Autoqefale e Shqip\u00ebris\u00eb\" \/>\n<meta property=\"article:publisher\" content=\"https:\/\/www.facebook.com\/koash1991\" \/>\n<meta property=\"article:published_time\" content=\"2021-03-29T22:00:15+00:00\" \/>\n<meta property=\"og:image\" content=\"https:\/\/live.staticflickr.com\/65535\/50967450461_cdf1f121bf_b.jpg\" \/>\n<meta name=\"author\" content=\"Kisha Orthodhokse\" \/>\n<meta name=\"twitter:card\" content=\"summary_large_image\" \/>\n<meta name=\"twitter:image\" content=\"https:\/\/live.staticflickr.com\/65535\/50967450461_cdf1f121bf_b.jpg\" \/>\n<meta name=\"twitter:label1\" content=\"Written by\" \/>\n\t<meta name=\"twitter:data1\" content=\"Kisha Orthodhokse\" \/>\n\t<meta name=\"twitter:label2\" content=\"Est. reading time\" \/>\n\t<meta name=\"twitter:data2\" content=\"14 minutes\" \/>\n<script type=\"application\/ld+json\" class=\"yoast-schema-graph\">{\"@context\":\"https:\/\/schema.org\",\"@graph\":[{\"@type\":\"Article\",\"@id\":\"https:\/\/orthodoxalbania.org\/2020\/2021\/03\/30\/profeti-joad-oshenar-joani-i-shkalles-oshenar-joani-ne-pus-shen-evula\/#article\",\"isPartOf\":{\"@id\":\"https:\/\/orthodoxalbania.org\/2020\/2021\/03\/30\/profeti-joad-oshenar-joani-i-shkalles-oshenar-joani-ne-pus-shen-evula\/\"},\"author\":{\"name\":\"Kisha Orthodhokse\",\"@id\":\"https:\/\/orthodoxalbania.org\/2020\/#\/schema\/person\/df745f942b70e045b3dc05a30211f0de\"},\"headline\":\"Profeti Joad. Osh\u00ebnar Joani i Shkall\u00ebs. Osh\u00ebnar Joani n\u00eb pus. Sh\u00ebn Evula.\",\"datePublished\":\"2021-03-29T22:00:15+00:00\",\"mainEntityOfPage\":{\"@id\":\"https:\/\/orthodoxalbania.org\/2020\/2021\/03\/30\/profeti-joad-oshenar-joani-i-shkalles-oshenar-joani-ne-pus-shen-evula\/\"},\"wordCount\":3579,\"publisher\":{\"@id\":\"https:\/\/orthodoxalbania.org\/2020\/#organization\"},\"image\":{\"@id\":\"https:\/\/orthodoxalbania.org\/2020\/2021\/03\/30\/profeti-joad-oshenar-joani-i-shkalles-oshenar-joani-ne-pus-shen-evula\/#primaryimage\"},\"thumbnailUrl\":\"https:\/\/live.staticflickr.com\/65535\/50967450461_cdf1f121bf_b.jpg\",\"keywords\":[\"leximet e dites\",\"shenjtori i dites\"],\"articleSection\":[\"Shenjtor\u00ebt e dit\u00ebs\"],\"inLanguage\":\"en-US\"},{\"@type\":\"WebPage\",\"@id\":\"https:\/\/orthodoxalbania.org\/2020\/2021\/03\/30\/profeti-joad-oshenar-joani-i-shkalles-oshenar-joani-ne-pus-shen-evula\/\",\"url\":\"https:\/\/orthodoxalbania.org\/2020\/2021\/03\/30\/profeti-joad-oshenar-joani-i-shkalles-oshenar-joani-ne-pus-shen-evula\/\",\"name\":\"Profeti Joad. Osh\u00ebnar Joani i Shkall\u00ebs. Osh\u00ebnar Joani n\u00eb pus. Sh\u00ebn Evula. - Kisha Orthodh\u03bfkse Autoqefale e Shqip\u00ebris\u00eb\",\"isPartOf\":{\"@id\":\"https:\/\/orthodoxalbania.org\/2020\/#website\"},\"primaryImageOfPage\":{\"@id\":\"https:\/\/orthodoxalbania.org\/2020\/2021\/03\/30\/profeti-joad-oshenar-joani-i-shkalles-oshenar-joani-ne-pus-shen-evula\/#primaryimage\"},\"image\":{\"@id\":\"https:\/\/orthodoxalbania.org\/2020\/2021\/03\/30\/profeti-joad-oshenar-joani-i-shkalles-oshenar-joani-ne-pus-shen-evula\/#primaryimage\"},\"thumbnailUrl\":\"https:\/\/live.staticflickr.com\/65535\/50967450461_cdf1f121bf_b.jpg\",\"datePublished\":\"2021-03-29T22:00:15+00:00\",\"breadcrumb\":{\"@id\":\"https:\/\/orthodoxalbania.org\/2020\/2021\/03\/30\/profeti-joad-oshenar-joani-i-shkalles-oshenar-joani-ne-pus-shen-evula\/#breadcrumb\"},\"inLanguage\":\"en-US\",\"potentialAction\":[{\"@type\":\"ReadAction\",\"target\":[\"https:\/\/orthodoxalbania.org\/2020\/2021\/03\/30\/profeti-joad-oshenar-joani-i-shkalles-oshenar-joani-ne-pus-shen-evula\/\"]}]},{\"@type\":\"ImageObject\",\"inLanguage\":\"en-US\",\"@id\":\"https:\/\/orthodoxalbania.org\/2020\/2021\/03\/30\/profeti-joad-oshenar-joani-i-shkalles-oshenar-joani-ne-pus-shen-evula\/#primaryimage\",\"url\":\"https:\/\/live.staticflickr.com\/65535\/50967450461_cdf1f121bf_b.jpg\",\"contentUrl\":\"https:\/\/live.staticflickr.com\/65535\/50967450461_cdf1f121bf_b.jpg\",\"width\":\"706\",\"height\":\"1024\"},{\"@type\":\"BreadcrumbList\",\"@id\":\"https:\/\/orthodoxalbania.org\/2020\/2021\/03\/30\/profeti-joad-oshenar-joani-i-shkalles-oshenar-joani-ne-pus-shen-evula\/#breadcrumb\",\"itemListElement\":[{\"@type\":\"ListItem\",\"position\":1,\"name\":\"Home\",\"item\":\"https:\/\/orthodoxalbania.org\/2020\/\"},{\"@type\":\"ListItem\",\"position\":2,\"name\":\"Profeti Joad. Osh\u00ebnar Joani i Shkall\u00ebs. Osh\u00ebnar Joani n\u00eb pus. Sh\u00ebn Evula.\"}]},{\"@type\":\"WebSite\",\"@id\":\"https:\/\/orthodoxalbania.org\/2020\/#website\",\"url\":\"https:\/\/orthodoxalbania.org\/2020\/\",\"name\":\"Kisha Orthodh\u03bfkse Autoqefale e Shqip\u00ebris\u00eb\",\"description\":\"Fqja Zyrtare e Kish\u00ebs Orthodhokse Autoqefale e Shqip\u00ebris\u00eb me lajmet edhe informacionet zyrtare p\u00ebr struktur\u00ebn edhe veprimtarin e saj.\",\"publisher\":{\"@id\":\"https:\/\/orthodoxalbania.org\/2020\/#organization\"},\"potentialAction\":[{\"@type\":\"SearchAction\",\"target\":{\"@type\":\"EntryPoint\",\"urlTemplate\":\"https:\/\/orthodoxalbania.org\/2020\/?s={search_term_string}\"},\"query-input\":{\"@type\":\"PropertyValueSpecification\",\"valueRequired\":true,\"valueName\":\"search_term_string\"}}],\"inLanguage\":\"en-US\"},{\"@type\":\"Organization\",\"@id\":\"https:\/\/orthodoxalbania.org\/2020\/#organization\",\"name\":\"Kisha Orthodhokse Autoqefale e Shqip\u00ebris\u00eb\",\"url\":\"https:\/\/orthodoxalbania.org\/2020\/\",\"logo\":{\"@type\":\"ImageObject\",\"inLanguage\":\"en-US\",\"@id\":\"https:\/\/orthodoxalbania.org\/2020\/#\/schema\/logo\/image\/\",\"url\":\"https:\/\/orthodoxalbania.org\/2020\/wp-content\/uploads\/2020\/05\/albania.jpeg\",\"contentUrl\":\"https:\/\/orthodoxalbania.org\/2020\/wp-content\/uploads\/2020\/05\/albania.jpeg\",\"width\":540,\"height\":540,\"caption\":\"Kisha Orthodhokse Autoqefale e Shqip\u00ebris\u00eb\"},\"image\":{\"@id\":\"https:\/\/orthodoxalbania.org\/2020\/#\/schema\/logo\/image\/\"},\"sameAs\":[\"https:\/\/www.facebook.com\/koash1991\"]},{\"@type\":\"Person\",\"@id\":\"https:\/\/orthodoxalbania.org\/2020\/#\/schema\/person\/df745f942b70e045b3dc05a30211f0de\",\"name\":\"Kisha Orthodhokse\",\"image\":{\"@type\":\"ImageObject\",\"inLanguage\":\"en-US\",\"@id\":\"https:\/\/secure.gravatar.com\/avatar\/2676eb8d97178435c9f691a7871595a1da6c33542dec218bce40885573150e28?s=96&d=mm&r=g\",\"url\":\"https:\/\/secure.gravatar.com\/avatar\/2676eb8d97178435c9f691a7871595a1da6c33542dec218bce40885573150e28?s=96&d=mm&r=g\",\"contentUrl\":\"https:\/\/secure.gravatar.com\/avatar\/2676eb8d97178435c9f691a7871595a1da6c33542dec218bce40885573150e28?s=96&d=mm&r=g\",\"caption\":\"Kisha Orthodhokse\"}}]}<\/script>\n<!-- \/ Yoast SEO plugin. -->","yoast_head_json":{"title":"Profeti Joad. Osh\u00ebnar Joani i Shkall\u00ebs. Osh\u00ebnar Joani n\u00eb pus. Sh\u00ebn Evula. - Kisha Orthodh\u03bfkse Autoqefale e Shqip\u00ebris\u00eb","robots":{"index":"index","follow":"follow","max-snippet":"max-snippet:-1","max-image-preview":"max-image-preview:large","max-video-preview":"max-video-preview:-1"},"canonical":"https:\/\/orthodoxalbania.org\/2020\/2021\/03\/30\/profeti-joad-oshenar-joani-i-shkalles-oshenar-joani-ne-pus-shen-evula\/","og_locale":"en_US","og_type":"article","og_title":"Profeti Joad. Osh\u00ebnar Joani i Shkall\u00ebs. Osh\u00ebnar Joani n\u00eb pus. Sh\u00ebn Evula. - Kisha Orthodh\u03bfkse Autoqefale e Shqip\u00ebris\u00eb","og_description":"&#8211; Profeti Joad &#8211; &nbsp; Profeti i shenjt\u00eb Joad jetoi n\u00eb epok\u00ebn kur Jeroboami sapo kishte provokuar ndarjen mes mbret\u00ebrive t\u00eb Izraelit (Samaria dhe Juda, 963-942 para Jisu Krishtit). Zoti e d\u00ebrgoi pran\u00eb Jeroboamit, i cili sakrifikonte n\u00eb at\u00eb moment n\u00eb altarin q\u00eb kishte b\u00ebr\u00eb vet\u00eb. Joadi e mallkoi shenjt\u00ebroren dhe shpalli lindjen e t\u00eb drejtit Josias, i cili do t\u00eb rivendoste nderimin e Per\u00ebndis\u00eb","og_url":"https:\/\/orthodoxalbania.org\/2020\/2021\/03\/30\/profeti-joad-oshenar-joani-i-shkalles-oshenar-joani-ne-pus-shen-evula\/","og_site_name":"Kisha Orthodh\u03bfkse Autoqefale e Shqip\u00ebris\u00eb","article_publisher":"https:\/\/www.facebook.com\/koash1991","article_published_time":"2021-03-29T22:00:15+00:00","og_image":[{"url":"https:\/\/live.staticflickr.com\/65535\/50967450461_cdf1f121bf_b.jpg","type":"","width":"","height":""}],"author":"Kisha Orthodhokse","twitter_card":"summary_large_image","twitter_image":"https:\/\/live.staticflickr.com\/65535\/50967450461_cdf1f121bf_b.jpg","twitter_misc":{"Written by":"Kisha Orthodhokse","Est. reading time":"14 minutes"},"schema":{"@context":"https:\/\/schema.org","@graph":[{"@type":"Article","@id":"https:\/\/orthodoxalbania.org\/2020\/2021\/03\/30\/profeti-joad-oshenar-joani-i-shkalles-oshenar-joani-ne-pus-shen-evula\/#article","isPartOf":{"@id":"https:\/\/orthodoxalbania.org\/2020\/2021\/03\/30\/profeti-joad-oshenar-joani-i-shkalles-oshenar-joani-ne-pus-shen-evula\/"},"author":{"name":"Kisha Orthodhokse","@id":"https:\/\/orthodoxalbania.org\/2020\/#\/schema\/person\/df745f942b70e045b3dc05a30211f0de"},"headline":"Profeti Joad. Osh\u00ebnar Joani i Shkall\u00ebs. Osh\u00ebnar Joani n\u00eb pus. Sh\u00ebn Evula.","datePublished":"2021-03-29T22:00:15+00:00","mainEntityOfPage":{"@id":"https:\/\/orthodoxalbania.org\/2020\/2021\/03\/30\/profeti-joad-oshenar-joani-i-shkalles-oshenar-joani-ne-pus-shen-evula\/"},"wordCount":3579,"publisher":{"@id":"https:\/\/orthodoxalbania.org\/2020\/#organization"},"image":{"@id":"https:\/\/orthodoxalbania.org\/2020\/2021\/03\/30\/profeti-joad-oshenar-joani-i-shkalles-oshenar-joani-ne-pus-shen-evula\/#primaryimage"},"thumbnailUrl":"https:\/\/live.staticflickr.com\/65535\/50967450461_cdf1f121bf_b.jpg","keywords":["leximet e dites","shenjtori i dites"],"articleSection":["Shenjtor\u00ebt e dit\u00ebs"],"inLanguage":"en-US"},{"@type":"WebPage","@id":"https:\/\/orthodoxalbania.org\/2020\/2021\/03\/30\/profeti-joad-oshenar-joani-i-shkalles-oshenar-joani-ne-pus-shen-evula\/","url":"https:\/\/orthodoxalbania.org\/2020\/2021\/03\/30\/profeti-joad-oshenar-joani-i-shkalles-oshenar-joani-ne-pus-shen-evula\/","name":"Profeti Joad. Osh\u00ebnar Joani i Shkall\u00ebs. Osh\u00ebnar Joani n\u00eb pus. Sh\u00ebn Evula. - Kisha Orthodh\u03bfkse Autoqefale e Shqip\u00ebris\u00eb","isPartOf":{"@id":"https:\/\/orthodoxalbania.org\/2020\/#website"},"primaryImageOfPage":{"@id":"https:\/\/orthodoxalbania.org\/2020\/2021\/03\/30\/profeti-joad-oshenar-joani-i-shkalles-oshenar-joani-ne-pus-shen-evula\/#primaryimage"},"image":{"@id":"https:\/\/orthodoxalbania.org\/2020\/2021\/03\/30\/profeti-joad-oshenar-joani-i-shkalles-oshenar-joani-ne-pus-shen-evula\/#primaryimage"},"thumbnailUrl":"https:\/\/live.staticflickr.com\/65535\/50967450461_cdf1f121bf_b.jpg","datePublished":"2021-03-29T22:00:15+00:00","breadcrumb":{"@id":"https:\/\/orthodoxalbania.org\/2020\/2021\/03\/30\/profeti-joad-oshenar-joani-i-shkalles-oshenar-joani-ne-pus-shen-evula\/#breadcrumb"},"inLanguage":"en-US","potentialAction":[{"@type":"ReadAction","target":["https:\/\/orthodoxalbania.org\/2020\/2021\/03\/30\/profeti-joad-oshenar-joani-i-shkalles-oshenar-joani-ne-pus-shen-evula\/"]}]},{"@type":"ImageObject","inLanguage":"en-US","@id":"https:\/\/orthodoxalbania.org\/2020\/2021\/03\/30\/profeti-joad-oshenar-joani-i-shkalles-oshenar-joani-ne-pus-shen-evula\/#primaryimage","url":"https:\/\/live.staticflickr.com\/65535\/50967450461_cdf1f121bf_b.jpg","contentUrl":"https:\/\/live.staticflickr.com\/65535\/50967450461_cdf1f121bf_b.jpg","width":"706","height":"1024"},{"@type":"BreadcrumbList","@id":"https:\/\/orthodoxalbania.org\/2020\/2021\/03\/30\/profeti-joad-oshenar-joani-i-shkalles-oshenar-joani-ne-pus-shen-evula\/#breadcrumb","itemListElement":[{"@type":"ListItem","position":1,"name":"Home","item":"https:\/\/orthodoxalbania.org\/2020\/"},{"@type":"ListItem","position":2,"name":"Profeti Joad. Osh\u00ebnar Joani i Shkall\u00ebs. Osh\u00ebnar Joani n\u00eb pus. Sh\u00ebn Evula."}]},{"@type":"WebSite","@id":"https:\/\/orthodoxalbania.org\/2020\/#website","url":"https:\/\/orthodoxalbania.org\/2020\/","name":"Kisha Orthodh\u03bfkse Autoqefale e Shqip\u00ebris\u00eb","description":"Fqja Zyrtare e Kish\u00ebs Orthodhokse Autoqefale e Shqip\u00ebris\u00eb me lajmet edhe informacionet zyrtare p\u00ebr struktur\u00ebn edhe veprimtarin e saj.","publisher":{"@id":"https:\/\/orthodoxalbania.org\/2020\/#organization"},"potentialAction":[{"@type":"SearchAction","target":{"@type":"EntryPoint","urlTemplate":"https:\/\/orthodoxalbania.org\/2020\/?s={search_term_string}"},"query-input":{"@type":"PropertyValueSpecification","valueRequired":true,"valueName":"search_term_string"}}],"inLanguage":"en-US"},{"@type":"Organization","@id":"https:\/\/orthodoxalbania.org\/2020\/#organization","name":"Kisha Orthodhokse Autoqefale e Shqip\u00ebris\u00eb","url":"https:\/\/orthodoxalbania.org\/2020\/","logo":{"@type":"ImageObject","inLanguage":"en-US","@id":"https:\/\/orthodoxalbania.org\/2020\/#\/schema\/logo\/image\/","url":"https:\/\/orthodoxalbania.org\/2020\/wp-content\/uploads\/2020\/05\/albania.jpeg","contentUrl":"https:\/\/orthodoxalbania.org\/2020\/wp-content\/uploads\/2020\/05\/albania.jpeg","width":540,"height":540,"caption":"Kisha Orthodhokse Autoqefale e Shqip\u00ebris\u00eb"},"image":{"@id":"https:\/\/orthodoxalbania.org\/2020\/#\/schema\/logo\/image\/"},"sameAs":["https:\/\/www.facebook.com\/koash1991"]},{"@type":"Person","@id":"https:\/\/orthodoxalbania.org\/2020\/#\/schema\/person\/df745f942b70e045b3dc05a30211f0de","name":"Kisha Orthodhokse","image":{"@type":"ImageObject","inLanguage":"en-US","@id":"https:\/\/secure.gravatar.com\/avatar\/2676eb8d97178435c9f691a7871595a1da6c33542dec218bce40885573150e28?s=96&d=mm&r=g","url":"https:\/\/secure.gravatar.com\/avatar\/2676eb8d97178435c9f691a7871595a1da6c33542dec218bce40885573150e28?s=96&d=mm&r=g","contentUrl":"https:\/\/secure.gravatar.com\/avatar\/2676eb8d97178435c9f691a7871595a1da6c33542dec218bce40885573150e28?s=96&d=mm&r=g","caption":"Kisha Orthodhokse"}}]}},"_links":{"self":[{"href":"https:\/\/orthodoxalbania.org\/2020\/wp-json\/wp\/v2\/posts\/30067","targetHints":{"allow":["GET"]}}],"collection":[{"href":"https:\/\/orthodoxalbania.org\/2020\/wp-json\/wp\/v2\/posts"}],"about":[{"href":"https:\/\/orthodoxalbania.org\/2020\/wp-json\/wp\/v2\/types\/post"}],"author":[{"embeddable":true,"href":"https:\/\/orthodoxalbania.org\/2020\/wp-json\/wp\/v2\/users\/7"}],"replies":[{"embeddable":true,"href":"https:\/\/orthodoxalbania.org\/2020\/wp-json\/wp\/v2\/comments?post=30067"}],"version-history":[{"count":1,"href":"https:\/\/orthodoxalbania.org\/2020\/wp-json\/wp\/v2\/posts\/30067\/revisions"}],"predecessor-version":[{"id":30068,"href":"https:\/\/orthodoxalbania.org\/2020\/wp-json\/wp\/v2\/posts\/30067\/revisions\/30068"}],"wp:featuredmedia":[{"embeddable":true,"href":"https:\/\/orthodoxalbania.org\/2020\/wp-json\/wp\/v2\/media\/30069"}],"wp:attachment":[{"href":"https:\/\/orthodoxalbania.org\/2020\/wp-json\/wp\/v2\/media?parent=30067"}],"wp:term":[{"taxonomy":"category","embeddable":true,"href":"https:\/\/orthodoxalbania.org\/2020\/wp-json\/wp\/v2\/categories?post=30067"},{"taxonomy":"post_tag","embeddable":true,"href":"https:\/\/orthodoxalbania.org\/2020\/wp-json\/wp\/v2\/tags?post=30067"}],"curies":[{"name":"wp","href":"https:\/\/api.w.org\/{rel}","templated":true}]}}