{"id":299,"date":"2007-02-26T00:00:00","date_gmt":"2007-02-26T00:00:00","guid":{"rendered":""},"modified":"2020-04-06T22:35:42","modified_gmt":"2020-04-06T20:35:42","slug":"atmosfere-krishtlindjeje-ne-korce-dhjetor-2007","status":"publish","type":"post","link":"https:\/\/orthodoxalbania.org\/2020\/2007\/02\/26\/atmosfere-krishtlindjeje-ne-korce-dhjetor-2007\/","title":{"rendered":"Atmosfer\u00eb Krishtlindjeje n\u00eb Kor\u00e7\u00eb. (Dhjetor 2007)"},"content":{"rendered":"<p style=\"text-align: justify;\"><span style=\"color: #000000; font-family: helvetica; font-size: 12pt;\">&nbsp;&nbsp;&nbsp; Pem\u00eb t\u00eb stolisura, rrug\u00eb t\u00eb ndri\u00e7uara dhe ngado zbukurime. Kjo atmosfer\u00eb festive nuk mund t\u00eb jet\u00eb asgj\u00eb tjet\u00ebr ve\u00e7se nj\u00eb prelud Krishtlindjesh. Qyteti i serenatave, kitarave dhe mandolinave, qyteti i traditave t\u00eb mrekullueshme, Kor\u00e7a.<\/span><\/p>\n<p style=\"text-align: justify;\"><span style=\"color: #000000; font-family: helvetica; font-size: 12pt;\">&nbsp;&nbsp;&nbsp; Festa ndjehet kudo n\u00eb \u00e7do rrug\u00eb dhe n\u00eb \u00e7do shesh. Dhe gjith\u00eb k\u00ebtij sfondi festiv i shtohet dhe aktiviteti i Mitropolis\u00eb s\u00eb Shenjt\u00eb t\u00eb Kor\u00e7\u00ebs, q\u00eb p\u00ebrb\u00ebn edhe zemr\u00ebn e k\u00ebtyre festimeve.<\/span><\/p>\n<table id=\"AutoNumber2\" style=\"width: 848px; height: 4398px; margin-right: auto; margin-left: auto;\">\n<tbody>\n<tr>\n<td>\n<p style=\"text-align: justify;\"><span style=\"color: #000000; font-family: helvetica; font-size: 12pt;\">&nbsp;&nbsp;&nbsp; Duke filluar nga data 22 dhjetor u hapen aktivitetet festive me Koncertin Rinor t\u00eb Dioqez\u00ebs s\u00eb Kor\u00e7\u00ebs, zhvilluar n\u00eb sall\u00ebn posht\u00eb katedrales \u201cNgjallja e Krishtit\u201d. N\u00eb k\u00ebt\u00eb festim mor\u00ebn pjes\u00eb grupe t\u00eb ndryshme t\u00eb Dioqez\u00ebs si Erseka, Ho\u00e7ishti, Polena, Progri, Prespa etj, por nuk munguan edhe grupe t\u00eb ndryshme nga qyteti i Kor\u00e7\u00ebs, si kori engj\u00ebllor i katedrales, fizarmonika, violina dhe k\u00ebng\u00ebtar\u00eb&nbsp; nga Shkolla e Mesme Artistike, k\u00ebng\u00ebtar\u00ebt dhe valltar\u00ebt e vegj\u00ebl nga Qendra Kulturore e F\u00ebmij\u00ebve madje dhe punimet e piktor\u00ebve t\u00eb rinj, t\u00eb cilat u vendos\u00ebn n\u00eb ambientet e sall\u00ebs, duke krijuar k\u00ebshtu nj\u00eb ekspozit\u00eb, e cila shoq\u00ebronte aktivitetin.<\/span><\/p>\n<\/td>\n<td>\n<p><span style=\"color: #000000; font-family: helvetica; font-size: 12pt;\"><img decoding=\"async\" class=\"lazyload HAa Eha\" style=\"border-width: 1px; border-style: solid; margin: 10px auto; display: block;\" alt=\"\" src=\"data:image\/gif;base64,R0lGODlhAQABAAAAACH5BAEKAAEALAAAAAABAAEAAAICTAEAOw==\" data-orig-src=\"https:\/\/lh5.googleusercontent.com\/-Wi5-rv_9DsI\/VIvnn2Ag9AI\/AAAAAAAAHPc\/PU2CP1CQg7U\/w400-h300-no\/1dj.jpg\" \/><\/span><\/p>\n<\/td>\n<\/tr>\n<tr>\n<td>\n<p><span style=\"color: #000000; font-family: helvetica; font-size: 12pt;\"><img decoding=\"async\" class=\"lazyload HAa Eha\" style=\"border-width: 1px; border-style: solid; margin: 10px auto; display: block;\" alt=\"\" src=\"data:image\/gif;base64,R0lGODlhAQABAAAAACH5BAEKAAEALAAAAAABAAEAAAICTAEAOw==\" data-orig-src=\"https:\/\/lh4.googleusercontent.com\/-_s3O9iN6cBU\/VIvnoNmeDNI\/AAAAAAAAHOc\/BFbhrXOQbGA\/w400-h300-no\/2mj.jpg\" \/><\/span><\/p>\n<\/td>\n<td>\n<p style=\"text-align: justify;\"><span style=\"color: #000000; font-family: helvetica; font-size: 12pt;\">&nbsp;&nbsp;&nbsp; Mbas prezantimit t\u00eb t\u00eb gjitha grupeve pjes\u00ebmarr\u00ebsit n\u00eb k\u00ebt\u00eb aktivitet por edhe t\u00eb pranishmit n\u00eb sall\u00eb i p\u00ebrsh\u00ebndeti edhe Mitropoliti i Kor\u00e7\u00ebs Hir\u00ebsia e Tij Imzot Joani, duke shpallur n\u00eb k\u00ebt\u00eb dit\u00eb edhe mesazhin e tij at\u00ebror p\u00ebr fest\u00ebn e Krishtlindjes:<\/span><\/p>\n<\/td>\n<\/tr>\n<tr>\n<td>\n<p style=\"text-align: justify;\"><span style=\"color: #000000; font-family: helvetica; font-size: 12pt;\"><em>&nbsp;&nbsp;&nbsp;&nbsp; \u201cForcat engj\u00ebllore ngaz\u00ebllohen, edhe i t\u00ebr\u00eb dheu bashk\u00eb me njer\u00ebzit g\u00ebzohet!<\/em><\/span><\/p>\n<p style=\"text-align: justify;\"><span style=\"color: #000000; font-family: helvetica; font-size: 12pt;\">&nbsp;&nbsp;&nbsp; K\u00ebshtu k\u00ebndojm\u00eb n\u00eb Lavd\u00ebrimet e Krishtlindjeve. Dhe jo vet\u00ebm Lavd\u00ebrimet, por t\u00eb gjitha k\u00ebng\u00ebt, k\u00ebndimet, himnet dhe psalmet e Krishtlindjeve kan\u00eb nj\u00eb tem\u00eb t\u00eb p\u00ebrbashk\u00ebt: g\u00ebzimin. Ato shprehin nj\u00eb g\u00ebzim t\u00eb madh dhe nj\u00eb ngaz\u00ebllim t\u00eb pap\u00ebrshkruar, nj\u00eb g\u00ebzim ku marrin pjes\u00eb fuqit\u00eb e qiellit, toka dhe t\u00eb gjith\u00eb njer\u00ebzit, nj\u00eb g\u00ebzim q\u00eb p\u00ebrfshin t\u00ebr\u00eb universin.<\/span><\/p>\n<p style=\"text-align: justify;\"><span style=\"font-family: helvetica; font-size: 12pt;\"><\/span><\/p>\n<\/td>\n<td>\n<p><span style=\"color: #000000; font-family: helvetica; font-size: 12pt;\"><img decoding=\"async\" class=\"lazyload HAa Eha\" style=\"border-width: 1px; border-style: solid; margin: 10px auto; display: block;\" alt=\"\" src=\"data:image\/gif;base64,R0lGODlhAQABAAAAACH5BAEKAAEALAAAAAABAAEAAAICTAEAOw==\" data-orig-src=\"https:\/\/lh6.googleusercontent.com\/-_6A6cHCTe2I\/VIvnocYLqrI\/AAAAAAAAHPM\/gx5bHFdNPks\/w400-h300-no\/3dj.jpg\" \/><\/span><\/p>\n<\/td>\n<\/tr>\n<tr>\n<td>\n<p><span style=\"color: #000000; font-family: helvetica; font-size: 12pt;\"><img decoding=\"async\" class=\"lazyload HAa Eha\" style=\"border-width: 1px; border-style: solid; margin: 10px auto; display: block;\" alt=\"\" src=\"data:image\/gif;base64,R0lGODlhAQABAAAAACH5BAEKAAEALAAAAAABAAEAAAICTAEAOw==\" data-orig-src=\"https:\/\/lh6.googleusercontent.com\/-kddK45vhSUY\/VIvnotRw_CI\/AAAAAAAAHPI\/aoLPjbubNmI\/w400-h300-no\/4mj.jpg\" \/><\/span><\/p>\n<\/td>\n<td>\n<p style=\"text-align: justify;\"><span style=\"color: #000000; font-family: helvetica; font-size: 12pt;\">&nbsp;&nbsp;&nbsp; Fuqit\u00eb qiellore, nga dashuria dhe dhembshuria p\u00ebr njer\u00ebzit, g\u00ebzohen se erdhi Shp\u00ebtimtari. Toka g\u00ebzohet se bashkohet p\u00ebrs\u00ebri me qiellin. Njer\u00ebzit g\u00ebzohen sepse erdhi drita dhe u largua err\u00ebsira, g\u00ebzohen sepse ata nuk jan\u00eb m\u00eb t\u00eb vetmuar n\u00eb nj\u00eb bot\u00eb ku mbret\u00ebron d\u00ebshp\u00ebrimi, mundimi, pasiguria dhe frika. Per\u00ebndia \u00ebsht\u00eb tashm\u00eb mes tyre dhe vendin e d\u00ebshp\u00ebrimit e z\u00eb g\u00ebzimi dhe shpresa.<\/span><\/p>\n<\/td>\n<\/tr>\n<tr>\n<td>\n<p style=\"text-align: justify;\"><span style=\"color: #000000; font-family: helvetica; font-size: 12pt;\">&nbsp;&nbsp;&nbsp; T\u00eb dashur motra dhe v\u00ebllez\u00ebr! G\u00ebzimi \u00ebsht\u00eb nj\u00eb dhurat\u00eb e jasht\u00ebzakonshme. Njeriu \u00ebsht\u00eb krijuar p\u00ebr t\u00eb qen\u00eb nj\u00eb qenie e g\u00ebzuar. Pa g\u00ebzimin jeta nuk \u00ebsht\u00eb m\u00eb e plot\u00eb dhe qenia njer\u00ebzore \u00ebsht\u00eb e gjymtuar. Por nuk mund t\u00eb ket\u00eb g\u00ebzim pa pranin\u00eb e Zotit n\u00eb jet\u00ebn ton\u00eb. Prandaj le t\u00eb g\u00ebzohemi me Lindjen e Krishtit. Le t\u2019i hapim zemrat tona dhe le t\u00eb mir\u00ebpresim ardhjen e Tij. Drita e tij do e heq\u00eb err\u00ebsir\u00ebn, trishtimin dhe frik\u00ebn nga jeta jon\u00eb dhe prania e Tij do t\u00eb na mbush\u00eb me shpres\u00eb, kuraj\u00eb dhe ngaz\u00ebllim.<\/span><\/p>\n<\/td>\n<td>\n<p><span style=\"color: #000000; font-family: helvetica; font-size: 12pt;\"><img decoding=\"async\" class=\"lazyload HAa Eha\" style=\"border-width: 1px; border-style: solid; margin: 10px auto; display: block;\" alt=\"\" src=\"data:image\/gif;base64,R0lGODlhAQABAAAAACH5BAEKAAEALAAAAAABAAEAAAICTAEAOw==\" data-orig-src=\"https:\/\/lh6.googleusercontent.com\/-WgPCzQe1BT4\/VIvnpRJJ2CI\/AAAAAAAAHPE\/rMzfFkQ9lmk\/w400-h300-no\/5dj.jpg\" \/><\/span><\/p>\n<\/td>\n<\/tr>\n<tr>\n<td>\n<p><span style=\"color: #000000; font-family: helvetica; font-size: 12pt;\"><img decoding=\"async\" class=\"lazyload HAa Eha\" style=\"border-width: 1px; border-style: solid; margin: 10px auto; display: block;\" alt=\"\" src=\"data:image\/gif;base64,R0lGODlhAQABAAAAACH5BAEKAAEALAAAAAABAAEAAAICTAEAOw==\" data-orig-src=\"https:\/\/lh3.googleusercontent.com\/-jeDxQQ-VCyQ\/VIvnpXn2xMI\/AAAAAAAAHPA\/zrX-qR0UGrE\/w400-h300-no\/6mj.jpg\" \/><\/span><\/p>\n<\/td>\n<td>\n<p style=\"text-align: justify;\"><span style=\"color: #000000; font-family: helvetica; font-size: 12pt;\">&nbsp;&nbsp;&nbsp; N\u00eb k\u00ebt\u00eb dit\u00eb g\u00ebzimi dua t\u2019i p\u00ebrsh\u00ebndes t\u00eb gjith\u00eb duke uruar: <em>G\u00ebzuar Krishtlindjet dhe p\u00ebr shum\u00eb vjet!\u201d<\/em><\/span><\/p>\n<p style=\"text-align: justify;\"><span style=\"color: #000000; font-family: helvetica; font-size: 12pt;\">&nbsp;&nbsp;&nbsp; Ky aktivitet u ndoq edhe nga personalitete t\u00eb pushtetit vendor t\u00eb cil\u00ebt ishin t\u00eb ftuar. N\u00eb p\u00ebrfundim u prezantua edhe ekspozita e piktor\u00ebve t\u00eb rinj t\u00eb cil\u00ebt vinin nga Shkolla e Mesme Artistike e qytetit.<\/span><\/p>\n<p style=\"text-align: justify;\"><span style=\"color: #000000; font-family: helvetica; font-size: 12pt;\">&nbsp;&nbsp;&nbsp;&nbsp; Po kaq e g\u00ebzuar vazhdoi atmosfera festive nga k\u00ebnga n\u00eb k\u00ebng\u00eb.<\/span><\/p>\n<\/td>\n<\/tr>\n<tr>\n<td>\n<p style=\"text-align: justify;\"><span style=\"color: #000000; font-family: helvetica; font-size: 12pt;\">&nbsp;&nbsp;&nbsp; N\u00eb dat\u00ebn 23 dhjetor, n\u00eb or\u00ebt e mbasdites, nj\u00eb tjet\u00ebr ngjarje e madhe, grupe-grupe f\u00ebmij\u00ebsh, t\u00eb rinjsh, por edhe t\u00eb moshuarish ishin derdhur rrug\u00ebve t\u00eb qytetit, duke shpallur lajmin gazmor se n\u00eb bot\u00eb lindi shp\u00ebtimtari. Kjo tradit\u00eb e cila ruhet fort n\u00eb qytetin e Kor\u00e7\u00ebs sa vjen dhe merr p\u00ebrmasa m\u00eb t\u00eb m\u00ebdha. G\u00ebzimi q\u00eb buron nga Krishtlindja prek gjithmon\u00eb dhe m\u00eb shum\u00eb identitetin e \u00e7do cepi t\u00eb Kor\u00e7\u00ebs. Grazhde t\u00eb zbukuruar kalojn\u00eb rrug\u00ebve dhe k\u00ebng\u00ebt gazmore t\u00eb kolendrave zgjojn\u00eb brenda njer\u00ebzve ndjenj\u00ebn e shpres\u00ebs.<\/span><\/p>\n<\/td>\n<td>\n<p><span style=\"color: #000000; font-family: helvetica; font-size: 12pt;\"><img decoding=\"async\" class=\"lazyload HAa Eha\" style=\"border-width: 1px; border-style: solid; margin: 10px auto; display: block;\" alt=\"\" src=\"data:image\/gif;base64,R0lGODlhAQABAAAAACH5BAEKAAEALAAAAAABAAEAAAICTAEAOw==\" data-orig-src=\"https:\/\/lh3.googleusercontent.com\/-kKs0JT5U4Sc\/VIvnp3irB5I\/AAAAAAAAHO0\/f-ojCbkBVwM\/w400-h293-no\/7dj.jpg\" \/><\/span><\/p>\n<\/td>\n<\/tr>\n<tr>\n<td>\n<p><span style=\"color: #000000; font-family: helvetica; font-size: 12pt;\"><img decoding=\"async\" class=\"lazyload HAa Eha\" style=\"border-width: 1px; border-style: solid; margin: 10px auto; display: block;\" alt=\"\" src=\"data:image\/gif;base64,R0lGODlhAQABAAAAACH5BAEKAAEALAAAAAABAAEAAAICTAEAOw==\" data-orig-src=\"https:\/\/lh6.googleusercontent.com\/-47P5odBLpLQ\/VIvnqOsAaAI\/AAAAAAAAHO4\/_Ffheb2dZd8\/w400-h300-no\/8mj.jpg\" \/><\/span><\/p>\n<\/td>\n<td>\n<p style=\"text-align: justify;\"><span style=\"color: #000000; font-family: helvetica; font-size: 12pt;\">&nbsp;&nbsp;&nbsp; Apogjeu i fest\u00ebs s\u00eb Krishtlindjes ishin kambanat e dat\u00ebs 25 dhjetor kur festimi arriti kulmin e tij me liturgjin\u00eb e Krishtlindjes n\u00eb t\u00eb gjitha kishat e qytetit. Qindra e mij\u00ebra besimtar\u00eb u mblodh\u00ebn n\u00eb k\u00ebt\u00eb dit\u00eb pran\u00eb kishave t\u00eb enorive t\u00eb tyre.<\/span><\/p>\n<\/td>\n<\/tr>\n<tr>\n<td>\n<p style=\"text-align: justify;\"><span style=\"color: #000000; font-family: helvetica; font-size: 12pt;\">&nbsp;&nbsp;&nbsp; Nd\u00ebrsa n\u00eb katedralen Ngjallja e Krishtit liturgjia u celebrua nga Mitropoliti&nbsp; Kor\u00e7\u00ebs Hir\u00ebsia e Tij Imzot Joani. I cili n\u00eb k\u00ebt\u00eb dit\u00eb p\u00ebrcolli mesazhin e drit\u00ebs dhe t\u00eb g\u00ebzimit, duke theksuar: \u201cT\u00eb dashur motra dhe v\u00ebllez\u00ebr m\u00eb Krishtin! Jemi mbledhur p\u00ebr t\u00eb kujtuar ngjarjen m\u00eb t\u00eb r\u00ebnd\u00ebsishme t\u00eb gjith\u00eb krijimit. \u00cbsht\u00eb dita kur Zoti shfaqet n\u00eb bot\u00eb. T\u00eb krishter\u00ebt q\u00eb n\u00eb shekujt e par\u00eb nuk e kan\u00eb ndar\u00eb fest\u00ebn e Krishtlindjeve nga festa e Epifanis\u00eb, p\u00ebr t\u00eb theksuar se kjo \u00ebsht\u00eb festa e shfaqjes s\u00eb Zotit n\u00eb bot\u00eb, jo vet\u00ebm q\u00eb lartazi, por shfaqjes s\u00eb Tij si nj\u00ebri nga ne: Marrja e trupit njer\u00ebzor nga Zoti dhe Shp\u00ebtimtari yn\u00eb Jisu Krisht.<\/span><\/p>\n<\/td>\n<td>\n<p><span style=\"color: #000000; font-family: helvetica; font-size: 12pt;\"><img decoding=\"async\" class=\"lazyload HAa Eha\" style=\"border-width: 1px; border-style: solid; margin: 10px auto; display: block;\" alt=\"\" src=\"data:image\/gif;base64,R0lGODlhAQABAAAAACH5BAEKAAEALAAAAAABAAEAAAICTAEAOw==\" data-orig-src=\"https:\/\/lh6.googleusercontent.com\/-ouPWh5ZdZ6U\/VIvnqfVQMbI\/AAAAAAAAHO8\/HVavOcnc8fg\/w400-h295-no\/9dj.jpg\" \/><\/span><\/p>\n<\/td>\n<\/tr>\n<tr>\n<td>\n<p><span style=\"color: #000000; font-family: helvetica; font-size: 12pt;\"><img decoding=\"async\" class=\"lazyload HAa Eha\" style=\"border-width: 1px; border-style: solid; margin: 10px auto; display: block;\" alt=\"\" src=\"data:image\/gif;base64,R0lGODlhAQABAAAAACH5BAEKAAEALAAAAAABAAEAAAICTAEAOw==\" data-orig-src=\"https:\/\/lh4.googleusercontent.com\/-eCk5qtII-b4\/VIvnnpZwxGI\/AAAAAAAAHPQ\/oBMQDEc3VGA\/w400-h300-no\/10mj.jpg\" \/><\/span><\/p>\n<\/td>\n<td>\n<p style=\"text-align: justify;\"><span style=\"color: #000000; font-family: helvetica; font-size: 12pt;\">&nbsp;&nbsp;&nbsp; T\u00eb gjitha psalmet e Kish\u00ebs dhe himnografia e Krishtlindjeve \u00ebsht\u00eb e mbushur me fjal\u00ebn drit\u00eb. Krishti paraqitet si Dielli i Drejt\u00ebsis\u00eb, si Drita e brendshme, si Drita q\u00eb ndri\u00e7on n\u00eb \u00e7do err\u00ebsir\u00eb. Drita ka qen\u00eb nj\u00eb nga gj\u00ebrat q\u00eb njer\u00ebzimi ka k\u00ebrkuar. Drita q\u00eb ndri\u00e7on t\u00eb gjith\u00eb shpirtrat e njer\u00ebzve p\u00ebr t\u00eb krishter\u00ebt \u00ebsht\u00eb Krishti. Theksohet n\u00eb Krishtlindje nata, nata e shenjt\u00eb, nata e qet\u00eb, sepse nata dhe err\u00ebsira gjithmon\u00eb kan\u00eb simbolizuar pesh\u00ebn e r\u00ebnd\u00eb t\u00eb tiranis\u00eb s\u00eb m\u00ebkatit. T\u00ebr\u00eb njer\u00ebzimi jetonte n\u00ebn nat\u00ebn e m\u00ebkatit, n\u00ebn nj\u00eb lloj verb\u00ebrie shpirt\u00ebrore, mendore dhe fizike. Njer\u00ebzimi jetonte me shpres\u00ebn q\u00eb do t\u00eb vinte nj\u00eb drit\u00eb.<\/span><\/p>\n<\/td>\n<\/tr>\n<tr>\n<td>\n<p style=\"text-align: justify;\"><span style=\"color: #000000; font-family: helvetica; font-size: 12pt;\">&nbsp;&nbsp;&nbsp; Shp\u00ebtimtar dhe Drit\u00eb jan\u00eb fjal\u00eb sinonime, sepse kjo drit\u00eb ishte ajo q\u00eb ndri\u00e7onte n\u00eb at\u00eb nat\u00eb dhe duke ndri\u00e7uar at\u00eb nat\u00eb ndri\u00e7oi t\u00ebr\u00eb net\u00ebt, sepse nata \u00ebsht\u00eb simbol i m\u00ebkatit dhe i verb\u00ebris\u00eb dhe drita erdhi si nj\u00eb foshnj\u00eb. Et\u00ebrit e Kish\u00ebs e kan\u00eb quajtur Krishtin si Drita e brendshme dhe kan\u00eb dashur t\u00eb thon\u00eb se kjo \u00ebsht\u00eb e vetmja drit\u00eb q\u00eb mund t\u00eb ndri\u00e7oj\u00eb \u00e7do skut\u00eb t\u00eb shpirtit njer\u00ebzor.<\/span><\/p>\n<\/td>\n<td>\n<p><span style=\"color: #000000; font-family: helvetica; font-size: 12pt;\"><img decoding=\"async\" class=\"lazyload HAa Eha\" style=\"border-width: 1px; border-style: solid; margin: 10px auto; display: block;\" alt=\"\" src=\"data:image\/gif;base64,R0lGODlhAQABAAAAACH5BAEKAAEALAAAAAABAAEAAAICTAEAOw==\" data-orig-src=\"https:\/\/lh6.googleusercontent.com\/-Zzz2-IHyFpc\/VIvnnbOU7pI\/AAAAAAAAHPY\/GOnl-mL4kNc\/w400-h295-no\/11dj.jpg\" \/><\/span><\/p>\n<\/td>\n<\/tr>\n<tr>\n<td>\n<p><span style=\"color: #000000; font-family: helvetica; font-size: 12pt;\"><img decoding=\"async\" class=\"lazyload HAa Eha\" style=\"border-width: 1px; border-style: solid; margin: 10px auto; display: block;\" alt=\"\" src=\"data:image\/gif;base64,R0lGODlhAQABAAAAACH5BAEKAAEALAAAAAABAAEAAAICTAEAOw==\" data-orig-src=\"https:\/\/lh6.googleusercontent.com\/-S8f4meMZHR4\/VIvnnlGwBaI\/AAAAAAAAHOQ\/MfU3ZdEM4N4\/w400-h258-no\/12mj.jpg\" \/><\/span><\/p>\n<\/td>\n<td>\n<p style=\"text-align: justify;\"><span style=\"color: #000000; font-family: helvetica; font-size: 12pt;\">&nbsp;&nbsp;&nbsp; Drita e Krishtit \u00ebsht\u00eb nj\u00eb drit\u00eb q\u00eb i jep shpjegim t\u00eb gjitha problemeve t\u00eb jet\u00ebs s\u00eb njeriut. Atyre q\u00eb nuk u jep dot p\u00ebrgjigje filozofia ose dijet e akumuluara nga njer\u00ebzimi, Krishti ka fuqi q\u00eb t\u2019ju jap\u00eb shpjegim. Krishti \u00ebsht\u00eb drita q\u00eb ndri\u00e7on \u00e7do njeri q\u00eb vjen n\u00eb bot\u00eb. Ai \u00ebsht\u00eb Jeta &#8211; thot\u00eb Sh\u00ebn Joani &#8211; dhe Jeta ishte drita e njer\u00ebzve dhe drita ndriti n\u00eb err\u00ebsir\u00eb dhe err\u00ebsira nuk e kuptoi. Duhet ta kuptojm\u00eb thell\u00eb at\u00eb drit\u00eb. Festa e Krishtlindjeve nuk duhet t\u00eb jet\u00eb thjesht nj\u00eb fest\u00eb e jashtme, n\u00ebse drita nuk do t\u00eb lind\u00eb brenda nesh, t\u00ebr\u00eb dritat q\u00eb do t\u00eb ndezim jasht\u00eb nuk do t\u00eb ken\u00eb dobi.<\/span><\/p>\n<\/td>\n<\/tr>\n<tr>\n<td colspan=\"2\">\n<p style=\"text-align: justify;\"><span style=\"color: #000000; font-family: helvetica; font-size: 12pt;\"> &nbsp;&nbsp;&nbsp; Kisha dhe Krishti i k\u00ebrkon gjithsekujt q\u00eb n\u00eb k\u00ebt\u00eb dit\u00eb t\u00eb jap\u00eb \u00e7do gj\u00eb t\u00eb keqe q\u00eb ka dhe ta hedh\u00eb tutje. N\u00ebse dikush i ka b\u00ebr\u00eb padrejt\u00ebsi dikujt, le t\u2019ia kthej\u00eb k\u00ebt\u00eb dit\u00eb, n\u00ebse dikush ka g\u00ebnjeshtr\u00ebn n\u00eb shpirt le ta hedh\u00eb tej k\u00ebt\u00eb dit\u00eb, n\u00ebse dikush ka shpifje, smir\u00eb e gj\u00ebra t\u00eb tjera sot \u00ebsht\u00eb dita p\u00ebr t\u2019i hedhur tej.<\/span><\/p>\n<p style=\"text-align: justify;\"><span style=\"color: #000000; font-family: helvetica; font-size: 12pt;\">&nbsp;&nbsp;&nbsp; K\u00ebto dit\u00eb jan\u00eb, ashtu si Pashka, Krishtlindja e t\u00eb tjera, p\u00ebr t\u00eb na kujtuar ne pak m\u00eb thell\u00eb, p\u00ebr ta kap\u00ebrcyer fest\u00ebn e zakonshme. Kjo nuk \u00ebsht\u00eb nj\u00eb dit\u00eb vet\u00ebm p\u00ebr t\u2019u mbledhur dhe p\u00ebr t\u00eb ngr\u00ebn\u00eb, ato jan\u00eb thjesht shenja t\u00eb jashtme t\u00eb nj\u00eb g\u00ebzimi t\u00eb brendsh\u00ebm, n\u00ebse ne nuk do t\u00eb kemi g\u00ebzimin e brendsh\u00ebm festa nuk do t\u00eb ket\u00eb kuptim dhe q\u00eb t\u00eb kemi g\u00ebzimin e brendsh\u00ebm ne duhet t\u00eb kemi pastruar zemr\u00ebn dhe t\u00eb kemi hedhur tej gjith\u00e7ka t\u00eb keqe q\u00eb err\u00ebson shpirtin njer\u00ebzor. Nga ajo drit\u00eb e Bethlehemit deri m\u00eb sot nuk \u00ebsht\u00eb zbehur asgj\u00eb, ai g\u00ebzim i barinjve, ai g\u00ebzim i mag\u00ebve q\u00eb pan\u00eb yllin dhe u mbush\u00ebn me nj\u00eb g\u00ebzim t\u00eb madh ekziston akoma edhe sot dhe kjo \u00ebsht\u00eb nj\u00eb lloj shenje q\u00eb Krishti ishte Per\u00ebndia dhe Per\u00ebndia \u00ebsht\u00eb i pavdeksh\u00ebm dhe e ruan gjithmon\u00eb freskin\u00eb.<\/span><\/p>\n<p style=\"text-align: justify;\"><span style=\"color: #000000; font-family: helvetica; font-size: 12pt;\">&nbsp;&nbsp;&nbsp; Ajo sken\u00eb q\u00eb ka ndodhur para 2000 vjet\u00ebsh ka frym\u00ebzuar p\u00ebr 2000 vjet dhe do t\u00eb frym\u00ebzoj\u00eb n\u00eb jet\u00eb t\u00eb jet\u00ebve t\u00eb gjith\u00eb njer\u00ebzit. Ndoshta ne nuk mund ta shpjegojm\u00eb dot se si, me an\u00eb t\u00eb arsyes, pse \u00ebsht\u00eb ky g\u00ebzim i madh, por gjithsekush n\u00eb k\u00ebt\u00eb stin\u00eb ndjen nj\u00eb lloj g\u00ebzimi. Askush nuk do t\u00eb g\u00ebzohet n\u00ebse shpirti i tij do t\u00eb jet\u00eb n\u00eb err\u00ebsir\u00eb, prandaj do t\u2019iu lutesha t\u00eb gjith\u00ebve q\u00eb kjo dit\u00eb t\u00eb sh\u00ebrbej\u00eb p\u00ebr nj\u00eb pajtim akoma m\u00eb t\u00eb madh. Le t\u00eb sh\u00ebrbej\u00eb kjo dit\u00eb p\u00ebr t\u00eb falur \u00e7do t\u00eb keqe q\u00eb kemi ne dhe p\u00ebr ta ndri\u00e7uar shpirtin me drit\u00ebn e Krishtit. Drita ka ardhur n\u00eb bot\u00eb dhe i p\u00ebrket gjithsecilit nga ne q\u00eb ta ndezi pishtarin e tij tek drita e madhe dhe lum ai njeri q\u00eb do t\u00eb fut\u00eb n\u00eb zemr\u00ebn dhe shpirtin e tij drit\u00ebn e Krishtit.<\/span><\/p>\n<p style=\"text-align: justify;\"><span style=\"color: #000000; font-family: helvetica; font-size: 12pt;\">&nbsp;&nbsp;&nbsp;&nbsp; Le t\u2019i lutemi Zotit q\u00eb lindi dhe u b\u00eb si nj\u00ebri nga ne, q\u00eb ta bekoj\u00eb dhe shenjt\u00ebroj\u00eb qytetin ton\u00eb, Kish\u00ebn ton\u00eb dhe gjith\u00eb planetin. Amin.\u201d<\/span><\/p>\n<p style=\"text-align: justify;\"><span style=\"color: #000000; font-family: helvetica; font-size: 12pt;\">&nbsp;&nbsp;&nbsp; Mbas Liturgjis\u00eb s\u00eb Krishtlindjes n\u00eb Selin\u00eb e Mitropolis\u00eb s\u00eb Shenjt\u00eb dhe Per\u00ebndishp\u00ebtuar t\u00eb Kor\u00e7\u00ebs, Imzot Joani priti vizita dhe urime nga Kryeministri i z. Sali Berisha, deputet\u00eb, pushtetar\u00eb vendor\u00eb dhe personalitete t\u00eb tjera t\u00eb qytetit, si edhe nga qindra besimtar\u00eb q\u00eb n\u00eb k\u00ebt\u00eb dit\u00eb shk\u00ebmbenin urime nj\u00ebri me tjetrin, duke reflektuar g\u00ebzimin natyror t\u00eb k\u00ebsaj dite.<\/span><\/p>\n<p style=\"text-align: justify;\"><span style=\"font-family: helvetica; font-size: 12pt;\"><\/span><\/p>\n<p><span style=\"display: none; font-family: helvetica; font-size: 12pt;\"><\/span><\/p>\n<p style=\"text-align: center;\"><span style=\"color: #b22222; font-family: helvetica; font-size: 12pt;\"><strong><span id=\"cke_bm_391S\" style=\"display: none;\"><\/span>* * *<span id=\"cke_bm_391E\" style=\"display: none;\"><\/span><\/strong><\/span><\/p>\n<p><span style=\"display: none; font-family: helvetica; font-size: 12pt;\"><\/span><\/p>\n<p style=\"text-align: justify;\"><span style=\"color: #000000; font-family: helvetica; font-size: 12pt;\">&nbsp;&nbsp;&nbsp; N\u00eb frym\u00ebn e Krishtlindjes, n\u00eb dat\u00ebn 26 dhjetor, nga Imzot Joani, u ndan\u00eb dhurata p\u00ebr f\u00ebmij\u00ebt jetim\u00eb n\u00eb qytetin e Kor\u00e7\u00ebs, rreth 100 dhurata u ndan\u00eb p\u00ebr f\u00ebmij\u00ebt jetim\u00eb n\u00eb qytetin e Pogradecit, si edhe rreth 250 dhurata u ndan\u00eb p\u00ebr f\u00ebmij\u00ebt n\u00eb qytetin e Leskovikut. Gjat\u00eb ndarjes s\u00eb dhuratave Hir\u00ebsia e Tij Imzot Joani u shpreh se kjo dhurat\u00eb nuk mund t\u00eb zgjidh\u00eb hallet, por \u00ebsht\u00eb nj\u00eb shenj\u00eb q\u00eb k\u00ebta f\u00ebmij\u00eb nuk jan\u00eb t\u00eb harruar nga shoq\u00ebria dhe se dikush mendon p\u00ebr ta.<\/span><\/p>\n<p style=\"text-align: justify;\"><span style=\"color: #000000; font-family: helvetica; font-size: 12pt;\">&nbsp;&nbsp;&nbsp; Po n\u00eb dat\u00ebn 26 dhjetor pran\u00eb mens\u00ebs \u201cSh\u00ebrbesa e Dashuris\u00eb\u201d Imzot Joani shtroi nj\u00eb drek\u00eb dhe festoi s\u00eb bashku me njer\u00ebz n\u00eb nevoj\u00eb dhe t\u00eb braktisur. Dreka e shtruar p\u00ebr rreth 120 persona pati si mesazh jo vet\u00ebm ndihmes\u00ebn p\u00ebr k\u00ebta njer\u00ebz, por nj\u00eb ndihmes\u00eb me dinjitet.<\/span><\/p>\n<p style=\"text-align: justify;\"><span style=\"color: #000000; font-family: helvetica; font-size: 12pt;\">&nbsp;&nbsp;&nbsp; Kjo atmosfer\u00eb shoq\u00ebroi edhe k\u00ebt\u00eb vit 2007 fest\u00ebn e Lindjes s\u00eb Shp\u00ebtimtarit si djal\u00eb foshnj\u00eb.<\/span><br \/><span style=\"font-family: helvetica; font-size: 12pt;\"> &nbsp;<\/span><\/p>\n<p style=\"text-align: justify;\"><span style=\"font-family: helvetica; font-size: 12pt;\"><\/span><\/p>\n<p style=\"text-align: justify;\"><span style=\"color: #000000; font-family: helvetica; font-size: 12pt;\">&nbsp;&nbsp;&nbsp;&nbsp; <strong>Mihal Sonellari<\/strong><\/span><\/p>\n<\/td>\n<\/tr>\n<\/tbody>\n<\/table>\n<p>&nbsp;<\/p>\n","protected":false},"excerpt":{"rendered":"<p>&nbsp;&nbsp;&nbsp; Pem\u00eb t\u00eb stolisura, rrug\u00eb t\u00eb ndri\u00e7uara dhe ngado zbukurime. Kjo atmosfer\u00eb festive nuk mund t\u00eb jet\u00eb asgj\u00eb tjet\u00ebr ve\u00e7se nj\u00eb prelud Krishtlindjesh. Qyteti i serenatave, kitarave dhe mandolinave, qyteti i traditave t\u00eb mrekullueshme, Kor\u00e7a. &nbsp;&nbsp;&nbsp; Festa ndjehet kudo n\u00eb \u00e7do rrug\u00eb dhe n\u00eb \u00e7do shesh. Dhe gjith\u00eb k\u00ebtij sfondi festiv i shtohet dhe aktiviteti i Mitropolis\u00eb s\u00eb Shenjt\u00eb t\u00eb Kor\u00e7\u00ebs, q\u00eb p\u00ebrb\u00ebn edhe zemr\u00ebn<\/p>\n","protected":false},"author":1,"featured_media":0,"comment_status":"open","ping_status":"open","sticky":false,"template":"","format":"standard","meta":{"_acf_changed":false,"pagelayer_contact_templates":[],"_pagelayer_content":"","inline_featured_image":false,"fifu_image_url":"","fifu_image_alt":"","footnotes":""},"categories":[108],"tags":[147,192,212,181],"class_list":["post-299","post","type-post","status-publish","format-standard","hentry","category-lajme","tag-147","tag-krishtlindje","tag-lajme-d27","tag-korce"],"acf":[],"yoast_head":"<!-- This site is optimized with the Yoast SEO plugin v27.2 - https:\/\/yoast.com\/product\/yoast-seo-wordpress\/ -->\n<title>Atmosfer\u00eb Krishtlindjeje n\u00eb Kor\u00e7\u00eb. (Dhjetor 2007) - Kisha Orthodh\u03bfkse Autoqefale e Shqip\u00ebris\u00eb<\/title>\n<meta name=\"robots\" content=\"index, follow, max-snippet:-1, max-image-preview:large, max-video-preview:-1\" \/>\n<link rel=\"canonical\" href=\"https:\/\/orthodoxalbania.org\/2020\/2007\/02\/26\/atmosfere-krishtlindjeje-ne-korce-dhjetor-2007\/\" \/>\n<meta property=\"og:locale\" content=\"en_US\" \/>\n<meta property=\"og:type\" content=\"article\" \/>\n<meta property=\"og:title\" content=\"Atmosfer\u00eb Krishtlindjeje n\u00eb Kor\u00e7\u00eb. (Dhjetor 2007) - Kisha Orthodh\u03bfkse Autoqefale e Shqip\u00ebris\u00eb\" \/>\n<meta property=\"og:description\" content=\"&nbsp;&nbsp;&nbsp; Pem\u00eb t\u00eb stolisura, rrug\u00eb t\u00eb ndri\u00e7uara dhe ngado zbukurime. Kjo atmosfer\u00eb festive nuk mund t\u00eb jet\u00eb asgj\u00eb tjet\u00ebr ve\u00e7se nj\u00eb prelud Krishtlindjesh. Qyteti i serenatave, kitarave dhe mandolinave, qyteti i traditave t\u00eb mrekullueshme, Kor\u00e7a. &nbsp;&nbsp;&nbsp; Festa ndjehet kudo n\u00eb \u00e7do rrug\u00eb dhe n\u00eb \u00e7do shesh. Dhe gjith\u00eb k\u00ebtij sfondi festiv i shtohet dhe aktiviteti i Mitropolis\u00eb s\u00eb Shenjt\u00eb t\u00eb Kor\u00e7\u00ebs, q\u00eb p\u00ebrb\u00ebn edhe zemr\u00ebn\" \/>\n<meta property=\"og:url\" content=\"https:\/\/orthodoxalbania.org\/2020\/2007\/02\/26\/atmosfere-krishtlindjeje-ne-korce-dhjetor-2007\/\" \/>\n<meta property=\"og:site_name\" content=\"Kisha Orthodh\u03bfkse Autoqefale e Shqip\u00ebris\u00eb\" \/>\n<meta property=\"article:publisher\" content=\"https:\/\/www.facebook.com\/koash1991\" \/>\n<meta property=\"article:published_time\" content=\"2007-02-26T00:00:00+00:00\" \/>\n<meta property=\"article:modified_time\" content=\"2020-04-06T20:35:42+00:00\" \/>\n<meta property=\"og:image\" content=\"https:\/\/lh5.googleusercontent.com\/-Wi5-rv_9DsI\/VIvnn2Ag9AI\/AAAAAAAAHPc\/PU2CP1CQg7U\/w400-h300-no\/1dj.jpg\" \/>\n<meta name=\"author\" content=\"Kisha Orthodhokse\" \/>\n<meta name=\"twitter:card\" content=\"summary_large_image\" \/>\n<meta name=\"twitter:label1\" content=\"Written by\" \/>\n\t<meta name=\"twitter:data1\" content=\"Kisha Orthodhokse\" \/>\n\t<meta name=\"twitter:label2\" content=\"Est. reading time\" \/>\n\t<meta name=\"twitter:data2\" content=\"10 minutes\" \/>\n<script type=\"application\/ld+json\" class=\"yoast-schema-graph\">{\"@context\":\"https:\/\/schema.org\",\"@graph\":[{\"@type\":\"Article\",\"@id\":\"https:\/\/orthodoxalbania.org\/2020\/2007\/02\/26\/atmosfere-krishtlindjeje-ne-korce-dhjetor-2007\/#article\",\"isPartOf\":{\"@id\":\"https:\/\/orthodoxalbania.org\/2020\/2007\/02\/26\/atmosfere-krishtlindjeje-ne-korce-dhjetor-2007\/\"},\"author\":{\"name\":\"Kisha Orthodhokse\",\"@id\":\"https:\/\/orthodoxalbania.org\/2020\/#\/schema\/person\/0c387634a7063ac612d7ed9ce71c7e86\"},\"headline\":\"Atmosfer\u00eb Krishtlindjeje n\u00eb Kor\u00e7\u00eb. (Dhjetor 2007)\",\"datePublished\":\"2007-02-26T00:00:00+00:00\",\"dateModified\":\"2020-04-06T20:35:42+00:00\",\"mainEntityOfPage\":{\"@id\":\"https:\/\/orthodoxalbania.org\/2020\/2007\/02\/26\/atmosfere-krishtlindjeje-ne-korce-dhjetor-2007\/\"},\"wordCount\":1994,\"commentCount\":0,\"publisher\":{\"@id\":\"https:\/\/orthodoxalbania.org\/2020\/#organization\"},\"image\":{\"@id\":\"https:\/\/orthodoxalbania.org\/2020\/2007\/02\/26\/atmosfere-krishtlindjeje-ne-korce-dhjetor-2007\/#primaryimage\"},\"thumbnailUrl\":\"https:\/\/lh5.googleusercontent.com\/-Wi5-rv_9DsI\/VIvnn2Ag9AI\/AAAAAAAAHPc\/PU2CP1CQg7U\/w400-h300-no\/1dj.jpg\",\"keywords\":[\"2007\",\"Krishtlindje\",\"lajme\",\"Mitropolia Kor\u00e7\u00eb\"],\"articleSection\":[\"Lajme\"],\"inLanguage\":\"en-US\"},{\"@type\":\"WebPage\",\"@id\":\"https:\/\/orthodoxalbania.org\/2020\/2007\/02\/26\/atmosfere-krishtlindjeje-ne-korce-dhjetor-2007\/\",\"url\":\"https:\/\/orthodoxalbania.org\/2020\/2007\/02\/26\/atmosfere-krishtlindjeje-ne-korce-dhjetor-2007\/\",\"name\":\"Atmosfer\u00eb Krishtlindjeje n\u00eb Kor\u00e7\u00eb. (Dhjetor 2007) - Kisha Orthodh\u03bfkse Autoqefale e Shqip\u00ebris\u00eb\",\"isPartOf\":{\"@id\":\"https:\/\/orthodoxalbania.org\/2020\/#website\"},\"primaryImageOfPage\":{\"@id\":\"https:\/\/orthodoxalbania.org\/2020\/2007\/02\/26\/atmosfere-krishtlindjeje-ne-korce-dhjetor-2007\/#primaryimage\"},\"image\":{\"@id\":\"https:\/\/orthodoxalbania.org\/2020\/2007\/02\/26\/atmosfere-krishtlindjeje-ne-korce-dhjetor-2007\/#primaryimage\"},\"thumbnailUrl\":\"https:\/\/lh5.googleusercontent.com\/-Wi5-rv_9DsI\/VIvnn2Ag9AI\/AAAAAAAAHPc\/PU2CP1CQg7U\/w400-h300-no\/1dj.jpg\",\"datePublished\":\"2007-02-26T00:00:00+00:00\",\"dateModified\":\"2020-04-06T20:35:42+00:00\",\"breadcrumb\":{\"@id\":\"https:\/\/orthodoxalbania.org\/2020\/2007\/02\/26\/atmosfere-krishtlindjeje-ne-korce-dhjetor-2007\/#breadcrumb\"},\"inLanguage\":\"en-US\",\"potentialAction\":[{\"@type\":\"ReadAction\",\"target\":[\"https:\/\/orthodoxalbania.org\/2020\/2007\/02\/26\/atmosfere-krishtlindjeje-ne-korce-dhjetor-2007\/\"]}]},{\"@type\":\"ImageObject\",\"inLanguage\":\"en-US\",\"@id\":\"https:\/\/orthodoxalbania.org\/2020\/2007\/02\/26\/atmosfere-krishtlindjeje-ne-korce-dhjetor-2007\/#primaryimage\",\"url\":\"https:\/\/lh5.googleusercontent.com\/-Wi5-rv_9DsI\/VIvnn2Ag9AI\/AAAAAAAAHPc\/PU2CP1CQg7U\/w400-h300-no\/1dj.jpg\",\"contentUrl\":\"https:\/\/lh5.googleusercontent.com\/-Wi5-rv_9DsI\/VIvnn2Ag9AI\/AAAAAAAAHPc\/PU2CP1CQg7U\/w400-h300-no\/1dj.jpg\"},{\"@type\":\"BreadcrumbList\",\"@id\":\"https:\/\/orthodoxalbania.org\/2020\/2007\/02\/26\/atmosfere-krishtlindjeje-ne-korce-dhjetor-2007\/#breadcrumb\",\"itemListElement\":[{\"@type\":\"ListItem\",\"position\":1,\"name\":\"Home\",\"item\":\"https:\/\/orthodoxalbania.org\/2020\/\"},{\"@type\":\"ListItem\",\"position\":2,\"name\":\"Atmosfer\u00eb Krishtlindjeje n\u00eb Kor\u00e7\u00eb. (Dhjetor 2007)\"}]},{\"@type\":\"WebSite\",\"@id\":\"https:\/\/orthodoxalbania.org\/2020\/#website\",\"url\":\"https:\/\/orthodoxalbania.org\/2020\/\",\"name\":\"Kisha Orthodh\u03bfkse Autoqefale e Shqip\u00ebris\u00eb\",\"description\":\"Fqja Zyrtare e Kish\u00ebs Orthodhokse Autoqefale e Shqip\u00ebris\u00eb me lajmet edhe informacionet zyrtare p\u00ebr struktur\u00ebn edhe veprimtarin e saj.\",\"publisher\":{\"@id\":\"https:\/\/orthodoxalbania.org\/2020\/#organization\"},\"potentialAction\":[{\"@type\":\"SearchAction\",\"target\":{\"@type\":\"EntryPoint\",\"urlTemplate\":\"https:\/\/orthodoxalbania.org\/2020\/?s={search_term_string}\"},\"query-input\":{\"@type\":\"PropertyValueSpecification\",\"valueRequired\":true,\"valueName\":\"search_term_string\"}}],\"inLanguage\":\"en-US\"},{\"@type\":\"Organization\",\"@id\":\"https:\/\/orthodoxalbania.org\/2020\/#organization\",\"name\":\"Kisha Orthodhokse Autoqefale e Shqip\u00ebris\u00eb\",\"url\":\"https:\/\/orthodoxalbania.org\/2020\/\",\"logo\":{\"@type\":\"ImageObject\",\"inLanguage\":\"en-US\",\"@id\":\"https:\/\/orthodoxalbania.org\/2020\/#\/schema\/logo\/image\/\",\"url\":\"https:\/\/orthodoxalbania.org\/2020\/wp-content\/uploads\/2020\/05\/albania.jpeg\",\"contentUrl\":\"https:\/\/orthodoxalbania.org\/2020\/wp-content\/uploads\/2020\/05\/albania.jpeg\",\"width\":540,\"height\":540,\"caption\":\"Kisha Orthodhokse Autoqefale e Shqip\u00ebris\u00eb\"},\"image\":{\"@id\":\"https:\/\/orthodoxalbania.org\/2020\/#\/schema\/logo\/image\/\"},\"sameAs\":[\"https:\/\/www.facebook.com\/koash1991\"]},{\"@type\":\"Person\",\"@id\":\"https:\/\/orthodoxalbania.org\/2020\/#\/schema\/person\/0c387634a7063ac612d7ed9ce71c7e86\",\"name\":\"Kisha Orthodhokse\",\"image\":{\"@type\":\"ImageObject\",\"inLanguage\":\"en-US\",\"@id\":\"https:\/\/secure.gravatar.com\/avatar\/596e7c417251e30f2fbb9c00e026fce61a695a00e51c889caded71c96cbbdde5?s=96&d=mm&r=g\",\"url\":\"https:\/\/secure.gravatar.com\/avatar\/596e7c417251e30f2fbb9c00e026fce61a695a00e51c889caded71c96cbbdde5?s=96&d=mm&r=g\",\"contentUrl\":\"https:\/\/secure.gravatar.com\/avatar\/596e7c417251e30f2fbb9c00e026fce61a695a00e51c889caded71c96cbbdde5?s=96&d=mm&r=g\",\"caption\":\"Kisha Orthodhokse\"}}]}<\/script>\n<!-- \/ Yoast SEO plugin. -->","yoast_head_json":{"title":"Atmosfer\u00eb Krishtlindjeje n\u00eb Kor\u00e7\u00eb. (Dhjetor 2007) - Kisha Orthodh\u03bfkse Autoqefale e Shqip\u00ebris\u00eb","robots":{"index":"index","follow":"follow","max-snippet":"max-snippet:-1","max-image-preview":"max-image-preview:large","max-video-preview":"max-video-preview:-1"},"canonical":"https:\/\/orthodoxalbania.org\/2020\/2007\/02\/26\/atmosfere-krishtlindjeje-ne-korce-dhjetor-2007\/","og_locale":"en_US","og_type":"article","og_title":"Atmosfer\u00eb Krishtlindjeje n\u00eb Kor\u00e7\u00eb. (Dhjetor 2007) - Kisha Orthodh\u03bfkse Autoqefale e Shqip\u00ebris\u00eb","og_description":"&nbsp;&nbsp;&nbsp; Pem\u00eb t\u00eb stolisura, rrug\u00eb t\u00eb ndri\u00e7uara dhe ngado zbukurime. Kjo atmosfer\u00eb festive nuk mund t\u00eb jet\u00eb asgj\u00eb tjet\u00ebr ve\u00e7se nj\u00eb prelud Krishtlindjesh. Qyteti i serenatave, kitarave dhe mandolinave, qyteti i traditave t\u00eb mrekullueshme, Kor\u00e7a. &nbsp;&nbsp;&nbsp; Festa ndjehet kudo n\u00eb \u00e7do rrug\u00eb dhe n\u00eb \u00e7do shesh. Dhe gjith\u00eb k\u00ebtij sfondi festiv i shtohet dhe aktiviteti i Mitropolis\u00eb s\u00eb Shenjt\u00eb t\u00eb Kor\u00e7\u00ebs, q\u00eb p\u00ebrb\u00ebn edhe zemr\u00ebn","og_url":"https:\/\/orthodoxalbania.org\/2020\/2007\/02\/26\/atmosfere-krishtlindjeje-ne-korce-dhjetor-2007\/","og_site_name":"Kisha Orthodh\u03bfkse Autoqefale e Shqip\u00ebris\u00eb","article_publisher":"https:\/\/www.facebook.com\/koash1991","article_published_time":"2007-02-26T00:00:00+00:00","article_modified_time":"2020-04-06T20:35:42+00:00","og_image":[{"url":"https:\/\/lh5.googleusercontent.com\/-Wi5-rv_9DsI\/VIvnn2Ag9AI\/AAAAAAAAHPc\/PU2CP1CQg7U\/w400-h300-no\/1dj.jpg","type":"","width":"","height":""}],"author":"Kisha Orthodhokse","twitter_card":"summary_large_image","twitter_misc":{"Written by":"Kisha Orthodhokse","Est. reading time":"10 minutes"},"schema":{"@context":"https:\/\/schema.org","@graph":[{"@type":"Article","@id":"https:\/\/orthodoxalbania.org\/2020\/2007\/02\/26\/atmosfere-krishtlindjeje-ne-korce-dhjetor-2007\/#article","isPartOf":{"@id":"https:\/\/orthodoxalbania.org\/2020\/2007\/02\/26\/atmosfere-krishtlindjeje-ne-korce-dhjetor-2007\/"},"author":{"name":"Kisha Orthodhokse","@id":"https:\/\/orthodoxalbania.org\/2020\/#\/schema\/person\/0c387634a7063ac612d7ed9ce71c7e86"},"headline":"Atmosfer\u00eb Krishtlindjeje n\u00eb Kor\u00e7\u00eb. (Dhjetor 2007)","datePublished":"2007-02-26T00:00:00+00:00","dateModified":"2020-04-06T20:35:42+00:00","mainEntityOfPage":{"@id":"https:\/\/orthodoxalbania.org\/2020\/2007\/02\/26\/atmosfere-krishtlindjeje-ne-korce-dhjetor-2007\/"},"wordCount":1994,"commentCount":0,"publisher":{"@id":"https:\/\/orthodoxalbania.org\/2020\/#organization"},"image":{"@id":"https:\/\/orthodoxalbania.org\/2020\/2007\/02\/26\/atmosfere-krishtlindjeje-ne-korce-dhjetor-2007\/#primaryimage"},"thumbnailUrl":"https:\/\/lh5.googleusercontent.com\/-Wi5-rv_9DsI\/VIvnn2Ag9AI\/AAAAAAAAHPc\/PU2CP1CQg7U\/w400-h300-no\/1dj.jpg","keywords":["2007","Krishtlindje","lajme","Mitropolia Kor\u00e7\u00eb"],"articleSection":["Lajme"],"inLanguage":"en-US"},{"@type":"WebPage","@id":"https:\/\/orthodoxalbania.org\/2020\/2007\/02\/26\/atmosfere-krishtlindjeje-ne-korce-dhjetor-2007\/","url":"https:\/\/orthodoxalbania.org\/2020\/2007\/02\/26\/atmosfere-krishtlindjeje-ne-korce-dhjetor-2007\/","name":"Atmosfer\u00eb Krishtlindjeje n\u00eb Kor\u00e7\u00eb. (Dhjetor 2007) - Kisha Orthodh\u03bfkse Autoqefale e Shqip\u00ebris\u00eb","isPartOf":{"@id":"https:\/\/orthodoxalbania.org\/2020\/#website"},"primaryImageOfPage":{"@id":"https:\/\/orthodoxalbania.org\/2020\/2007\/02\/26\/atmosfere-krishtlindjeje-ne-korce-dhjetor-2007\/#primaryimage"},"image":{"@id":"https:\/\/orthodoxalbania.org\/2020\/2007\/02\/26\/atmosfere-krishtlindjeje-ne-korce-dhjetor-2007\/#primaryimage"},"thumbnailUrl":"https:\/\/lh5.googleusercontent.com\/-Wi5-rv_9DsI\/VIvnn2Ag9AI\/AAAAAAAAHPc\/PU2CP1CQg7U\/w400-h300-no\/1dj.jpg","datePublished":"2007-02-26T00:00:00+00:00","dateModified":"2020-04-06T20:35:42+00:00","breadcrumb":{"@id":"https:\/\/orthodoxalbania.org\/2020\/2007\/02\/26\/atmosfere-krishtlindjeje-ne-korce-dhjetor-2007\/#breadcrumb"},"inLanguage":"en-US","potentialAction":[{"@type":"ReadAction","target":["https:\/\/orthodoxalbania.org\/2020\/2007\/02\/26\/atmosfere-krishtlindjeje-ne-korce-dhjetor-2007\/"]}]},{"@type":"ImageObject","inLanguage":"en-US","@id":"https:\/\/orthodoxalbania.org\/2020\/2007\/02\/26\/atmosfere-krishtlindjeje-ne-korce-dhjetor-2007\/#primaryimage","url":"https:\/\/lh5.googleusercontent.com\/-Wi5-rv_9DsI\/VIvnn2Ag9AI\/AAAAAAAAHPc\/PU2CP1CQg7U\/w400-h300-no\/1dj.jpg","contentUrl":"https:\/\/lh5.googleusercontent.com\/-Wi5-rv_9DsI\/VIvnn2Ag9AI\/AAAAAAAAHPc\/PU2CP1CQg7U\/w400-h300-no\/1dj.jpg"},{"@type":"BreadcrumbList","@id":"https:\/\/orthodoxalbania.org\/2020\/2007\/02\/26\/atmosfere-krishtlindjeje-ne-korce-dhjetor-2007\/#breadcrumb","itemListElement":[{"@type":"ListItem","position":1,"name":"Home","item":"https:\/\/orthodoxalbania.org\/2020\/"},{"@type":"ListItem","position":2,"name":"Atmosfer\u00eb Krishtlindjeje n\u00eb Kor\u00e7\u00eb. (Dhjetor 2007)"}]},{"@type":"WebSite","@id":"https:\/\/orthodoxalbania.org\/2020\/#website","url":"https:\/\/orthodoxalbania.org\/2020\/","name":"Kisha Orthodh\u03bfkse Autoqefale e Shqip\u00ebris\u00eb","description":"Fqja Zyrtare e Kish\u00ebs Orthodhokse Autoqefale e Shqip\u00ebris\u00eb me lajmet edhe informacionet zyrtare p\u00ebr struktur\u00ebn edhe veprimtarin e saj.","publisher":{"@id":"https:\/\/orthodoxalbania.org\/2020\/#organization"},"potentialAction":[{"@type":"SearchAction","target":{"@type":"EntryPoint","urlTemplate":"https:\/\/orthodoxalbania.org\/2020\/?s={search_term_string}"},"query-input":{"@type":"PropertyValueSpecification","valueRequired":true,"valueName":"search_term_string"}}],"inLanguage":"en-US"},{"@type":"Organization","@id":"https:\/\/orthodoxalbania.org\/2020\/#organization","name":"Kisha Orthodhokse Autoqefale e Shqip\u00ebris\u00eb","url":"https:\/\/orthodoxalbania.org\/2020\/","logo":{"@type":"ImageObject","inLanguage":"en-US","@id":"https:\/\/orthodoxalbania.org\/2020\/#\/schema\/logo\/image\/","url":"https:\/\/orthodoxalbania.org\/2020\/wp-content\/uploads\/2020\/05\/albania.jpeg","contentUrl":"https:\/\/orthodoxalbania.org\/2020\/wp-content\/uploads\/2020\/05\/albania.jpeg","width":540,"height":540,"caption":"Kisha Orthodhokse Autoqefale e Shqip\u00ebris\u00eb"},"image":{"@id":"https:\/\/orthodoxalbania.org\/2020\/#\/schema\/logo\/image\/"},"sameAs":["https:\/\/www.facebook.com\/koash1991"]},{"@type":"Person","@id":"https:\/\/orthodoxalbania.org\/2020\/#\/schema\/person\/0c387634a7063ac612d7ed9ce71c7e86","name":"Kisha Orthodhokse","image":{"@type":"ImageObject","inLanguage":"en-US","@id":"https:\/\/secure.gravatar.com\/avatar\/596e7c417251e30f2fbb9c00e026fce61a695a00e51c889caded71c96cbbdde5?s=96&d=mm&r=g","url":"https:\/\/secure.gravatar.com\/avatar\/596e7c417251e30f2fbb9c00e026fce61a695a00e51c889caded71c96cbbdde5?s=96&d=mm&r=g","contentUrl":"https:\/\/secure.gravatar.com\/avatar\/596e7c417251e30f2fbb9c00e026fce61a695a00e51c889caded71c96cbbdde5?s=96&d=mm&r=g","caption":"Kisha Orthodhokse"}}]}},"_links":{"self":[{"href":"https:\/\/orthodoxalbania.org\/2020\/wp-json\/wp\/v2\/posts\/299","targetHints":{"allow":["GET"]}}],"collection":[{"href":"https:\/\/orthodoxalbania.org\/2020\/wp-json\/wp\/v2\/posts"}],"about":[{"href":"https:\/\/orthodoxalbania.org\/2020\/wp-json\/wp\/v2\/types\/post"}],"author":[{"embeddable":true,"href":"https:\/\/orthodoxalbania.org\/2020\/wp-json\/wp\/v2\/users\/1"}],"replies":[{"embeddable":true,"href":"https:\/\/orthodoxalbania.org\/2020\/wp-json\/wp\/v2\/comments?post=299"}],"version-history":[{"count":1,"href":"https:\/\/orthodoxalbania.org\/2020\/wp-json\/wp\/v2\/posts\/299\/revisions"}],"predecessor-version":[{"id":15744,"href":"https:\/\/orthodoxalbania.org\/2020\/wp-json\/wp\/v2\/posts\/299\/revisions\/15744"}],"wp:attachment":[{"href":"https:\/\/orthodoxalbania.org\/2020\/wp-json\/wp\/v2\/media?parent=299"}],"wp:term":[{"taxonomy":"category","embeddable":true,"href":"https:\/\/orthodoxalbania.org\/2020\/wp-json\/wp\/v2\/categories?post=299"},{"taxonomy":"post_tag","embeddable":true,"href":"https:\/\/orthodoxalbania.org\/2020\/wp-json\/wp\/v2\/tags?post=299"}],"curies":[{"name":"wp","href":"https:\/\/api.w.org\/{rel}","templated":true}]}}