{"id":297,"date":"2008-02-26T00:00:00","date_gmt":"2008-02-26T00:00:00","guid":{"rendered":""},"modified":"2020-04-06T22:35:19","modified_gmt":"2020-04-06T20:35:19","slug":"atmosfere-festive-ne-qytetet-e-mitropolise-se-tiranes-dhjetor-2008","status":"publish","type":"post","link":"https:\/\/orthodoxalbania.org\/2020\/2008\/02\/26\/atmosfere-festive-ne-qytetet-e-mitropolise-se-tiranes-dhjetor-2008\/","title":{"rendered":"Atmosfer\u00eb festive n\u00eb qytetet e Mitropolis\u00eb s\u00eb Tiran\u00ebs. (Dhjetor 2008)"},"content":{"rendered":"<table id=\"AutoNumber2\" border=\"0\">\n<tbody>\n<tr>\n<td dir=\"ltr\" colspan=\"2\">\n<div style=\"text-align: justify;\"><span style=\"color: #000000;\"><span style=\"font-family: tahoma,geneva,sans-serif;\"><span style=\"font-size: 12px;\">&nbsp;&nbsp;&nbsp; P\u00ebrsh\u00ebndetja e ngaz\u00ebllueshme: <strong>Krishti u Ngjall! \u2013 V\u00ebrtet u Ngjall!<\/strong> jehoi n\u00eb t\u00eb gjitha enorit\u00eb orthodhokse t\u00eb Kish\u00ebs son\u00eb n\u00eb fest\u00ebn e e festave. Si diell pranveror ngrohu zemrat kjo Pashk\u00eb dhe i mbushi me shpres\u00eb besimtar\u00ebt, t\u00eb cil\u00ebt p\u00ebrjetuan me d\u00ebshir\u00eb p\u00ebrt\u00ebritjeje fitoren e jet\u00ebs. Me g\u00ebzim t\u00eb pap\u00ebrshkruar mij\u00ebra orthodhoks\u00eb kaluan nj\u00eb Jav\u00eb t\u00eb Madhe e t\u00eb Shenjt\u00eb me shpres\u00ebtari, duke pritur me ngaz\u00ebllim pas dit\u00ebve t\u00eb bekuara t\u00eb kreshm\u00ebs, dit\u00ebn e shum\u00eblart\u00eb t\u00eb Ngjalljes s\u00eb Zotit Jisu Krisht. I gjith\u00eb shk\u00eblqimi i Ngjalljes ndri\u00e7oi n\u00eb t\u00eb gjitha zonat e Mitropolis\u00eb s\u00eb Tiran\u00ebs. Java e Madhe dhe sidomos Sh\u00ebrbesa e Ngjalljes ishte e mbushur me emocione dhe madh\u00ebshti, gjat\u00eb s\u00eb cil\u00ebs u lexua edhe mesazhi paskal i Kryepiskopit Anastas.<\/span><\/span><\/span><\/div>\n<\/td>\n<\/tr>\n<tr>\n<td>\n<div style=\"text-align: justify;\"><span style=\"color: #000000;\"><span style=\"font-family: tahoma,geneva,sans-serif;\"><span style=\"font-size: 12px;\">&nbsp;&nbsp;&nbsp; <strong><em>Shkod\u00ebr <\/em><\/strong> &nbsp;\u00cbsht\u00eb b\u00ebr\u00eb tradit\u00eb e ve\u00e7ant\u00eb p\u00ebr komunitetin orthodhoks t\u00eb qytetit verior q\u00eb sh\u00ebrbesat e \u00e7do dite gjat\u00eb Jav\u00ebs s\u00eb Madhe t\u00eb ndiqen me p\u00ebrkushtim. Kisha \u201cLindja e Krishtit\u201d mir\u00ebpriti komunitetin orthodhoks t\u00eb qytetit bashk\u00eb me minoritetin orthodhoks malazez q\u00eb jeton n\u00eb qytet, duke ndar\u00eb s\u00eb bashku me tre klerik\u00ebt At\u00eb Aleksand\u00ebr Petanin dhe t\u00eb birin e tij, Dhjakon Nikon dhe At\u00eb Jovan Koroveshin g\u00ebzimin e p\u00ebrbashk\u00ebt t\u00eb Ngjalljes s\u00eb Krishtit. Sheshi p\u00ebrreth kish\u00ebs ishte mbushur me dritat e llambadhave dhe urimet e shumta t\u00eb besimtar\u00ebve. T\u00eb diel\u00ebn e Pashk\u00ebs u zhvilluan edhe pritjet e rastit, ku personalitete t\u00eb ndryshme t\u00eb politik\u00ebs dhe kultur\u00ebs n\u00eb qytet p\u00ebrcoll\u00ebn urimet m\u00eb t\u00eb p\u00ebrzem\u00ebrta t\u00eb k\u00ebsaj dite.<\/span><\/span><\/span><\/div>\n<\/td>\n<td>\n<div><span style=\"color: #000000;\"><span style=\"font-family: tahoma,geneva,sans-serif;\"><span style=\"font-size: 12px;\"><img decoding=\"async\" class=\"lazyload HAa Eha\" style=\"border-width: 1px; border-style: solid; margin: 10px auto; display: block;\" alt=\"\" src=\"data:image\/gif;base64,R0lGODlhAQABAAAAACH5BAEKAAEALAAAAAABAAEAAAICTAEAOw==\" data-orig-src=\"https:\/\/lh5.googleusercontent.com\/-rlsyer1bPNY\/VIv5O1TF4yI\/AAAAAAAAHYE\/h61Q14RexSI\/w400-h303-no\/1%2B-%2Bshkoder.jpg\" \/><\/span><\/span><\/span><\/div>\n<\/td>\n<\/tr>\n<tr>\n<td>\n<div><span style=\"color: #000000;\"><span style=\"font-family: tahoma,geneva,sans-serif;\"><span style=\"font-size: 12px;\"><img decoding=\"async\" class=\"lazyload HAa Eha\" style=\"border-width: 1px; border-style: solid; margin: 10px auto; display: block;\" alt=\"\" src=\"data:image\/gif;base64,R0lGODlhAQABAAAAACH5BAEKAAEALAAAAAABAAEAAAICTAEAOw==\" data-orig-src=\"https:\/\/lh6.googleusercontent.com\/-k3Ah7BXQb94\/VIv5O_tB29I\/AAAAAAAAHYI\/HT1XKzY-F-w\/w400-h300-no\/2%2B-%2Bdurres.jpg\" \/><\/span><\/span><\/span><\/div>\n<\/td>\n<td>\n<div style=\"text-align: justify;\"><span style=\"color: #000000;\"><span style=\"font-family: tahoma,geneva,sans-serif;\"><span style=\"font-size: 12px;\">&nbsp;&nbsp;&nbsp; <strong><em>Durr\u00ebs<\/em><\/strong> N\u00eb qytetin bregdetar, n\u00eb kish\u00ebn \u201cApostull Pavli dhe Sh\u00ebn Asti\u201d, Java e Madhe u p\u00ebrjetua me devocion dhe g\u00ebzim. Puna shpirt\u00ebrore u krye me kontributin e klerik\u00ebve At\u00eb Spiro Tola, At\u00eb Spiro Qosja, Dhjakon\u00ebt Spiro Kostoli dhe Andon Gjonej, t\u00eb cil\u00ebt t\u00eb Enjten e Madhe u vizituan edhe nga Episkop Nikolla. K\u00ebt\u00eb vit numri i besimtar\u00ebve ishte m\u00eb i madh se vitet e tjera dhe ra n\u00eb sy nj\u00eb pjes\u00ebmarrje e gjer\u00eb n\u00eb marrjen e misterit t\u00eb Kungat\u00ebs Hyjnore. T\u00eb diel\u00ebn e Pashk\u00ebs, u organizua nj\u00eb pritje e ve\u00e7ant\u00eb n\u00eb ambientet e Kish\u00ebs ku spikati ardhja e Ministrit t\u00eb Mbrojtjes, z. Gazmend Oketa, Kryetarit t\u00eb Bashkis\u00eb s\u00eb qytetit z. Vangjush Dako dhe personaliteteve t\u00eb tjera t\u00eb institucioneve vendore. Po k\u00ebt\u00eb dit\u00eb klerik\u00ebt b\u00ebn\u00eb vizita edhe tek t\u00eb burgosurit, tek t\u00eb cil\u00ebt u transmetua mesazhi i Pashk\u00ebs dhe u dhan\u00eb dhuratat festive.<\/span><\/span><\/span><\/div>\n<\/td>\n<\/tr>\n<tr>\n<td>\n<div style=\"text-align: justify;\"><span style=\"color: #000000;\"><span style=\"font-family: tahoma,geneva,sans-serif;\"><span style=\"font-size: 12px;\"><strong><em>&nbsp;&nbsp;&nbsp; Elbasan <\/em><\/strong> N\u00eb dy kishat kryesore t\u00eb qytetit \u201cSh\u00ebn Nikolla\u201d dhe \u201cSh\u00ebn Athanasi\u201d, me qindra besimtar\u00eb orthodhoks\u00eb t\u00eb qytetit ndoq\u00ebn sh\u00ebrbesat e Jav\u00ebs s\u00eb Madhe. T\u00eb M\u00ebrkur\u00ebn e Madhe dhe t\u00eb Premten e Madhe, sh\u00ebrbesat u kryesuan nga Episkop Andoni. Periudha e Pashk\u00ebs \u00ebsht\u00eb nj\u00eb motiv i ve\u00e7ant\u00eb p\u00ebr besimtar\u00ebt e k\u00ebtij qyteti p\u00ebr t\u00eb ndjekur dit\u00eb pas dite p\u00ebrjetimet e Zotit Jisu Krisht, duke u lutur p\u00ebr m\u00eb shum\u00eb p\u00ebrjetim dhe p\u00ebrparim shpirt\u00ebror, duke pasur si shembull shp\u00ebtimi dhe imitimi Jisu Krishtin.<\/span><\/span><\/span><\/div>\n<\/td>\n<td>\n<div><span style=\"color: #000000;\"><span style=\"font-family: tahoma,geneva,sans-serif;\"><span style=\"font-size: 12px;\"><img decoding=\"async\" class=\"lazyload HAa Eha\" style=\"border-width: 1px; border-style: solid; margin: 10px auto; display: block;\" alt=\"\" src=\"data:image\/gif;base64,R0lGODlhAQABAAAAACH5BAEKAAEALAAAAAABAAEAAAICTAEAOw==\" data-orig-src=\"https:\/\/lh5.googleusercontent.com\/-wxw8QFGu9qk\/VIv5O9sKdwI\/AAAAAAAAHYU\/SdDsrJh_IVM\/w400-h296-no\/3%2B-%2Belbasan.jpg\" \/><\/span><\/span><\/span><\/div>\n<\/td>\n<\/tr>\n<tr>\n<td>\n<div><span style=\"color: #000000;\"><span style=\"font-family: tahoma,geneva,sans-serif;\"><span style=\"font-size: 12px;\"><img decoding=\"async\" class=\"lazyload HAa Eha\" style=\"border-width: 1px; border-style: solid; margin: 10px auto; display: block;\" alt=\"\" src=\"data:image\/gif;base64,R0lGODlhAQABAAAAACH5BAEKAAEALAAAAAABAAEAAAICTAEAOw==\" data-orig-src=\"https:\/\/lh3.googleusercontent.com\/-AmED8DRkNw4\/VIv5PAocUKI\/AAAAAAAAHYA\/oXVrzovBjyA\/w400-h299-no\/4%2B-%2Belbasan.jpg\" \/><\/span><\/span><\/span><\/div>\n<\/td>\n<td>\n<div style=\"text-align: justify;\"><span style=\"color: #000000;\"><span style=\"font-family: tahoma,geneva,sans-serif;\"><span style=\"font-size: 12px;\">&nbsp;&nbsp;&nbsp; Sipas klerik\u00ebve orthodhoks\u00eb q\u00eb sh\u00ebrbejn\u00eb n\u00eb k\u00ebt\u00eb qytet, At\u00eb Gjergji Trebicka, At\u00eb Pavli Dimashi, At\u00eb Janaq Gjica, At\u00eb Stavri \u00c7ipi kjo fest\u00eb bashkon edhe besimtar\u00eb t\u00eb besimeve t\u00eb tjera sepse: \u201cNgjallja e Krishtit \u00ebsht\u00eb nj\u00eb fest\u00eb e p\u00ebrbotshme dhe mesazhi i saj nuk njeh kufi\u201d. T\u00eb diel\u00ebn e fest\u00ebs, p\u00ebrfaq\u00ebsues t\u00eb autoriteteve&nbsp; qeveris\u00ebse lokale dhe shoqatave t\u00eb ndryshme n\u00eb qytet kryen vizita dhe shk\u00ebmbyen urime.<\/span><\/span><\/span><\/div>\n<\/td>\n<\/tr>\n<tr>\n<td>\n<div style=\"text-align: justify;\"><span style=\"color: #000000;\"><span style=\"font-family: tahoma,geneva,sans-serif;\"><span style=\"font-size: 12px;\"><strong><em>&nbsp;&nbsp;&nbsp; Kavaj\u00eb<\/em><\/strong> N\u00ebn madh\u00ebshtin\u00eb e tropareve mbres\u00ebl\u00ebn\u00ebse nisi edhe n\u00eb Kavaj\u00eb, Java e Madhe dhe e Shenjt\u00eb e Zotit ton\u00eb Jisu Krisht. T\u00eb gjith\u00eb besimtar\u00ebt s\u00eb bashku me prift\u00ebrinjt\u00eb e k\u00ebtij qyteti At\u00eb Petro Thanasi, At\u00eb Kristo Sharko, At\u00eb Jani Tereziu p\u00ebrjetuan m\u00eb s\u00eb miri ngjarjen q\u00eb ndryshoi bot\u00ebn, sepse Kisha e ka caktuar k\u00ebt\u00eb ngjarje si epiqendr\u00ebn e gjith\u00eb vitit liturgjik, e ka thurur aq bukur me nj\u00eb mjesht\u00ebri hyjnore.<\/span><\/span><\/span><\/div>\n<\/td>\n<td>\n<div><span style=\"color: #000000;\"><span style=\"font-family: tahoma,geneva,sans-serif;\"><span style=\"font-size: 12px;\"><img decoding=\"async\" class=\"lazyload HAa Eha\" style=\"border-width: 1px; border-style: solid; margin: 10px auto; display: block;\" alt=\"\" src=\"data:image\/gif;base64,R0lGODlhAQABAAAAACH5BAEKAAEALAAAAAABAAEAAAICTAEAOw==\" data-orig-src=\"https:\/\/lh5.googleusercontent.com\/-pLth7ablilY\/VIv5Peiza3I\/AAAAAAAAHYM\/TMl2u7iHF8Q\/w400-h259-no\/5%2B-%2Bkavaje.jpg\" \/><\/span><\/span><\/span><\/div>\n<\/td>\n<\/tr>\n<tr>\n<td dir=\"ltr\" colspan=\"2\">\n<div style=\"text-align: justify;\"><span style=\"color: #000000;\"><span style=\"font-family: tahoma,geneva,sans-serif;\"><span style=\"font-size: 12px;\">&nbsp;&nbsp;&nbsp; Besimtar\u00eb t\u00eb shum\u00eb orthodhoks\u00eb t\u00eb Kavaj\u00ebs dhe zonave p\u00ebrreth p\u00ebrjetuan p\u00ebsimet e Shenjta, shp\u00ebtimtare dhe t\u00eb tmerrshme t\u00eb Zotit ton\u00eb Jisu Krisht si dhe emocionet e m\u00ebdha t\u00eb varrimit dhe zbritjen e Tij n\u00eb Ferr, me an\u00ebn e t\u00eb cilave qenia jon\u00eb u thirr prej prishjes dhe vajti te jeta e amshuar, ku dit\u00ebn e Premte t\u00eb Madhe t\u00eb Zez\u00eb n\u00eb Sh\u00ebrbes\u00ebn e Epitafit mori pjes\u00eb edhe Episkop Nikolla.&nbsp;Ceremonit\u00eb e k\u00ebtyre t\u00eb kremteve u celebruan n\u00eb kish\u00ebn e Sh\u00ebn Nikoll\u00ebs. N\u00eb k\u00ebto dit\u00eb t\u00eb gjith\u00eb th\u00ebrrisnin: \u201cTi je Per\u00ebndia i gjall\u00eb dhe vdiqe n\u00eb dru, o i vdekur, i zhveshur dhe Fjal\u00eb e Per\u00ebndis\u00eb s\u00eb gjall\u00eb. Dyert e mbyllura t\u00eb Parajs\u00ebs hapi, duke vendosur n\u00eb t\u00eb ky\u00e7in\u201d. \u00c7do dit\u00eb ishte nj\u00eb emocion m\u00eb vete, deri n\u00eb dit\u00ebn e g\u00ebzueshme t\u00eb s\u00eb Diel\u00ebs s\u00eb Shenjt\u00eb t\u00eb Pashk\u00ebs s\u00eb Madhe n\u00eb t\u00eb cil\u00ebn kremtojm\u00eb vet\u00eb Ngjalljen Jet\u00ebdh\u00ebn\u00ebse t\u00eb Zotit dhe Per\u00ebndis\u00eb dhe Shp\u00ebtimtarit ton\u00eb Jisu Krisht. \u201dKrishti u ngjall s\u00eb vdekurish me vdekje vdekjen shkeli edhe t\u00eb varrosurve jet\u00ebn u fali\u201d. <\/span><\/span><\/span><\/div>\n<div style=\"text-align: justify;\"><span style=\"color: #000000;\"><span style=\"font-family: tahoma,geneva,sans-serif;\"><span style=\"font-size: 12px;\"><\/span><\/span><\/span><\/div>\n<div style=\"text-align: justify;\"><span style=\"color: #000000;\"><span style=\"font-family: tahoma,geneva,sans-serif;\"><span style=\"font-size: 12px;\">&nbsp;&nbsp;&nbsp; Pas k\u00ebtij rrug\u00ebtimi me porosi dhe mesazhe thelb\u00ebsore p\u00ebr jet\u00ebn, besimtar\u00ebt vazhduan fest\u00ebn, duke marr\u00eb me vete k\u00ebt\u00eb Pashk\u00eb m\u00eb shum\u00eb dashuri, besim dhe shpres\u00eb.<\/span><\/span><\/span><\/div>\n<div style=\"margin-left: 3.5in; text-align: justify;\">&nbsp;<\/div>\n<\/td>\n<\/tr>\n<tr>\n<td dir=\"ltr\" colspan=\"2\">\n<div style=\"text-align: right;\"><span style=\"color: #000000;\"><span style=\"font-family: tahoma,geneva,sans-serif;\"><span style=\"font-size: 12px;\"><strong>&nbsp;&nbsp;&nbsp;&nbsp; Isidor Koti<\/strong><\/span><\/span><\/span><\/div>\n<\/td>\n<\/tr>\n<\/tbody>\n<\/table>\n","protected":false},"excerpt":{"rendered":"<p>&nbsp;&nbsp;&nbsp; P\u00ebrsh\u00ebndetja e ngaz\u00ebllueshme: Krishti u Ngjall! \u2013 V\u00ebrtet u Ngjall! jehoi n\u00eb t\u00eb gjitha enorit\u00eb orthodhokse t\u00eb Kish\u00ebs son\u00eb n\u00eb fest\u00ebn e e festave. Si diell pranveror ngrohu zemrat kjo Pashk\u00eb dhe i mbushi me shpres\u00eb besimtar\u00ebt, t\u00eb cil\u00ebt p\u00ebrjetuan me d\u00ebshir\u00eb p\u00ebrt\u00ebritjeje fitoren e jet\u00ebs. Me g\u00ebzim t\u00eb pap\u00ebrshkruar mij\u00ebra orthodhoks\u00eb kaluan nj\u00eb Jav\u00eb t\u00eb Madhe e t\u00eb Shenjt\u00eb me shpres\u00ebtari, duke pritur<\/p>\n","protected":false},"author":1,"featured_media":0,"comment_status":"open","ping_status":"open","sticky":false,"template":"","format":"standard","meta":{"_acf_changed":false,"pagelayer_contact_templates":[],"_pagelayer_content":"","inline_featured_image":false,"fifu_image_url":"","fifu_image_alt":"","footnotes":""},"categories":[108],"tags":[146,192,196,212],"class_list":["post-297","post","type-post","status-publish","format-standard","hentry","category-lajme","tag-146","tag-krishtlindje","tag-tirane","tag-lajme-d27"],"acf":[],"yoast_head":"<!-- This site is optimized with the Yoast SEO plugin v27.2 - https:\/\/yoast.com\/product\/yoast-seo-wordpress\/ -->\n<title>Atmosfer\u00eb festive n\u00eb qytetet e Mitropolis\u00eb s\u00eb Tiran\u00ebs. (Dhjetor 2008) - Kisha Orthodh\u03bfkse Autoqefale e Shqip\u00ebris\u00eb<\/title>\n<meta name=\"robots\" content=\"index, follow, max-snippet:-1, max-image-preview:large, max-video-preview:-1\" \/>\n<link rel=\"canonical\" href=\"https:\/\/orthodoxalbania.org\/2020\/2008\/02\/26\/atmosfere-festive-ne-qytetet-e-mitropolise-se-tiranes-dhjetor-2008\/\" \/>\n<meta property=\"og:locale\" content=\"en_US\" \/>\n<meta property=\"og:type\" content=\"article\" \/>\n<meta property=\"og:title\" content=\"Atmosfer\u00eb festive n\u00eb qytetet e Mitropolis\u00eb s\u00eb Tiran\u00ebs. (Dhjetor 2008) - Kisha Orthodh\u03bfkse Autoqefale e Shqip\u00ebris\u00eb\" \/>\n<meta property=\"og:description\" content=\"&nbsp;&nbsp;&nbsp; P\u00ebrsh\u00ebndetja e ngaz\u00ebllueshme: Krishti u Ngjall! \u2013 V\u00ebrtet u Ngjall! jehoi n\u00eb t\u00eb gjitha enorit\u00eb orthodhokse t\u00eb Kish\u00ebs son\u00eb n\u00eb fest\u00ebn e e festave. Si diell pranveror ngrohu zemrat kjo Pashk\u00eb dhe i mbushi me shpres\u00eb besimtar\u00ebt, t\u00eb cil\u00ebt p\u00ebrjetuan me d\u00ebshir\u00eb p\u00ebrt\u00ebritjeje fitoren e jet\u00ebs. Me g\u00ebzim t\u00eb pap\u00ebrshkruar mij\u00ebra orthodhoks\u00eb kaluan nj\u00eb Jav\u00eb t\u00eb Madhe e t\u00eb Shenjt\u00eb me shpres\u00ebtari, duke pritur\" \/>\n<meta property=\"og:url\" content=\"https:\/\/orthodoxalbania.org\/2020\/2008\/02\/26\/atmosfere-festive-ne-qytetet-e-mitropolise-se-tiranes-dhjetor-2008\/\" \/>\n<meta property=\"og:site_name\" content=\"Kisha Orthodh\u03bfkse Autoqefale e Shqip\u00ebris\u00eb\" \/>\n<meta property=\"article:publisher\" content=\"https:\/\/www.facebook.com\/koash1991\" \/>\n<meta property=\"article:published_time\" content=\"2008-02-26T00:00:00+00:00\" \/>\n<meta property=\"article:modified_time\" content=\"2020-04-06T20:35:19+00:00\" \/>\n<meta property=\"og:image\" content=\"https:\/\/lh5.googleusercontent.com\/-rlsyer1bPNY\/VIv5O1TF4yI\/AAAAAAAAHYE\/h61Q14RexSI\/w400-h303-no\/1%2B-%2Bshkoder.jpg\" \/>\n<meta name=\"author\" content=\"Kisha Orthodhokse\" \/>\n<meta name=\"twitter:card\" content=\"summary_large_image\" \/>\n<meta name=\"twitter:label1\" content=\"Written by\" \/>\n\t<meta name=\"twitter:data1\" content=\"Kisha Orthodhokse\" \/>\n\t<meta name=\"twitter:label2\" content=\"Est. reading time\" \/>\n\t<meta name=\"twitter:data2\" content=\"5 minutes\" \/>\n<script type=\"application\/ld+json\" class=\"yoast-schema-graph\">{\"@context\":\"https:\/\/schema.org\",\"@graph\":[{\"@type\":\"Article\",\"@id\":\"https:\/\/orthodoxalbania.org\/2020\/2008\/02\/26\/atmosfere-festive-ne-qytetet-e-mitropolise-se-tiranes-dhjetor-2008\/#article\",\"isPartOf\":{\"@id\":\"https:\/\/orthodoxalbania.org\/2020\/2008\/02\/26\/atmosfere-festive-ne-qytetet-e-mitropolise-se-tiranes-dhjetor-2008\/\"},\"author\":{\"name\":\"Kisha Orthodhokse\",\"@id\":\"https:\/\/orthodoxalbania.org\/2020\/#\/schema\/person\/0c387634a7063ac612d7ed9ce71c7e86\"},\"headline\":\"Atmosfer\u00eb festive n\u00eb qytetet e Mitropolis\u00eb s\u00eb Tiran\u00ebs. (Dhjetor 2008)\",\"datePublished\":\"2008-02-26T00:00:00+00:00\",\"dateModified\":\"2020-04-06T20:35:19+00:00\",\"mainEntityOfPage\":{\"@id\":\"https:\/\/orthodoxalbania.org\/2020\/2008\/02\/26\/atmosfere-festive-ne-qytetet-e-mitropolise-se-tiranes-dhjetor-2008\/\"},\"wordCount\":989,\"commentCount\":0,\"publisher\":{\"@id\":\"https:\/\/orthodoxalbania.org\/2020\/#organization\"},\"image\":{\"@id\":\"https:\/\/orthodoxalbania.org\/2020\/2008\/02\/26\/atmosfere-festive-ne-qytetet-e-mitropolise-se-tiranes-dhjetor-2008\/#primaryimage\"},\"thumbnailUrl\":\"https:\/\/lh5.googleusercontent.com\/-rlsyer1bPNY\/VIv5O1TF4yI\/AAAAAAAAHYE\/h61Q14RexSI\/w400-h303-no\/1%2B-%2Bshkoder.jpg\",\"keywords\":[\"2008\",\"Krishtlindje\",\"Kryepiskopata Tiran\u00eb\",\"lajme\"],\"articleSection\":[\"Lajme\"],\"inLanguage\":\"en-US\"},{\"@type\":\"WebPage\",\"@id\":\"https:\/\/orthodoxalbania.org\/2020\/2008\/02\/26\/atmosfere-festive-ne-qytetet-e-mitropolise-se-tiranes-dhjetor-2008\/\",\"url\":\"https:\/\/orthodoxalbania.org\/2020\/2008\/02\/26\/atmosfere-festive-ne-qytetet-e-mitropolise-se-tiranes-dhjetor-2008\/\",\"name\":\"Atmosfer\u00eb festive n\u00eb qytetet e Mitropolis\u00eb s\u00eb Tiran\u00ebs. (Dhjetor 2008) - Kisha Orthodh\u03bfkse Autoqefale e Shqip\u00ebris\u00eb\",\"isPartOf\":{\"@id\":\"https:\/\/orthodoxalbania.org\/2020\/#website\"},\"primaryImageOfPage\":{\"@id\":\"https:\/\/orthodoxalbania.org\/2020\/2008\/02\/26\/atmosfere-festive-ne-qytetet-e-mitropolise-se-tiranes-dhjetor-2008\/#primaryimage\"},\"image\":{\"@id\":\"https:\/\/orthodoxalbania.org\/2020\/2008\/02\/26\/atmosfere-festive-ne-qytetet-e-mitropolise-se-tiranes-dhjetor-2008\/#primaryimage\"},\"thumbnailUrl\":\"https:\/\/lh5.googleusercontent.com\/-rlsyer1bPNY\/VIv5O1TF4yI\/AAAAAAAAHYE\/h61Q14RexSI\/w400-h303-no\/1%2B-%2Bshkoder.jpg\",\"datePublished\":\"2008-02-26T00:00:00+00:00\",\"dateModified\":\"2020-04-06T20:35:19+00:00\",\"breadcrumb\":{\"@id\":\"https:\/\/orthodoxalbania.org\/2020\/2008\/02\/26\/atmosfere-festive-ne-qytetet-e-mitropolise-se-tiranes-dhjetor-2008\/#breadcrumb\"},\"inLanguage\":\"en-US\",\"potentialAction\":[{\"@type\":\"ReadAction\",\"target\":[\"https:\/\/orthodoxalbania.org\/2020\/2008\/02\/26\/atmosfere-festive-ne-qytetet-e-mitropolise-se-tiranes-dhjetor-2008\/\"]}]},{\"@type\":\"ImageObject\",\"inLanguage\":\"en-US\",\"@id\":\"https:\/\/orthodoxalbania.org\/2020\/2008\/02\/26\/atmosfere-festive-ne-qytetet-e-mitropolise-se-tiranes-dhjetor-2008\/#primaryimage\",\"url\":\"https:\/\/lh5.googleusercontent.com\/-rlsyer1bPNY\/VIv5O1TF4yI\/AAAAAAAAHYE\/h61Q14RexSI\/w400-h303-no\/1%2B-%2Bshkoder.jpg\",\"contentUrl\":\"https:\/\/lh5.googleusercontent.com\/-rlsyer1bPNY\/VIv5O1TF4yI\/AAAAAAAAHYE\/h61Q14RexSI\/w400-h303-no\/1%2B-%2Bshkoder.jpg\"},{\"@type\":\"BreadcrumbList\",\"@id\":\"https:\/\/orthodoxalbania.org\/2020\/2008\/02\/26\/atmosfere-festive-ne-qytetet-e-mitropolise-se-tiranes-dhjetor-2008\/#breadcrumb\",\"itemListElement\":[{\"@type\":\"ListItem\",\"position\":1,\"name\":\"Home\",\"item\":\"https:\/\/orthodoxalbania.org\/2020\/\"},{\"@type\":\"ListItem\",\"position\":2,\"name\":\"Atmosfer\u00eb festive n\u00eb qytetet e Mitropolis\u00eb s\u00eb Tiran\u00ebs. (Dhjetor 2008)\"}]},{\"@type\":\"WebSite\",\"@id\":\"https:\/\/orthodoxalbania.org\/2020\/#website\",\"url\":\"https:\/\/orthodoxalbania.org\/2020\/\",\"name\":\"Kisha Orthodh\u03bfkse Autoqefale e Shqip\u00ebris\u00eb\",\"description\":\"Fqja Zyrtare e Kish\u00ebs Orthodhokse Autoqefale e Shqip\u00ebris\u00eb me lajmet edhe informacionet zyrtare p\u00ebr struktur\u00ebn edhe veprimtarin e saj.\",\"publisher\":{\"@id\":\"https:\/\/orthodoxalbania.org\/2020\/#organization\"},\"potentialAction\":[{\"@type\":\"SearchAction\",\"target\":{\"@type\":\"EntryPoint\",\"urlTemplate\":\"https:\/\/orthodoxalbania.org\/2020\/?s={search_term_string}\"},\"query-input\":{\"@type\":\"PropertyValueSpecification\",\"valueRequired\":true,\"valueName\":\"search_term_string\"}}],\"inLanguage\":\"en-US\"},{\"@type\":\"Organization\",\"@id\":\"https:\/\/orthodoxalbania.org\/2020\/#organization\",\"name\":\"Kisha Orthodhokse Autoqefale e Shqip\u00ebris\u00eb\",\"url\":\"https:\/\/orthodoxalbania.org\/2020\/\",\"logo\":{\"@type\":\"ImageObject\",\"inLanguage\":\"en-US\",\"@id\":\"https:\/\/orthodoxalbania.org\/2020\/#\/schema\/logo\/image\/\",\"url\":\"https:\/\/orthodoxalbania.org\/2020\/wp-content\/uploads\/2020\/05\/albania.jpeg\",\"contentUrl\":\"https:\/\/orthodoxalbania.org\/2020\/wp-content\/uploads\/2020\/05\/albania.jpeg\",\"width\":540,\"height\":540,\"caption\":\"Kisha Orthodhokse Autoqefale e Shqip\u00ebris\u00eb\"},\"image\":{\"@id\":\"https:\/\/orthodoxalbania.org\/2020\/#\/schema\/logo\/image\/\"},\"sameAs\":[\"https:\/\/www.facebook.com\/koash1991\"]},{\"@type\":\"Person\",\"@id\":\"https:\/\/orthodoxalbania.org\/2020\/#\/schema\/person\/0c387634a7063ac612d7ed9ce71c7e86\",\"name\":\"Kisha Orthodhokse\",\"image\":{\"@type\":\"ImageObject\",\"inLanguage\":\"en-US\",\"@id\":\"https:\/\/secure.gravatar.com\/avatar\/596e7c417251e30f2fbb9c00e026fce61a695a00e51c889caded71c96cbbdde5?s=96&d=mm&r=g\",\"url\":\"https:\/\/secure.gravatar.com\/avatar\/596e7c417251e30f2fbb9c00e026fce61a695a00e51c889caded71c96cbbdde5?s=96&d=mm&r=g\",\"contentUrl\":\"https:\/\/secure.gravatar.com\/avatar\/596e7c417251e30f2fbb9c00e026fce61a695a00e51c889caded71c96cbbdde5?s=96&d=mm&r=g\",\"caption\":\"Kisha Orthodhokse\"}}]}<\/script>\n<!-- \/ Yoast SEO plugin. -->","yoast_head_json":{"title":"Atmosfer\u00eb festive n\u00eb qytetet e Mitropolis\u00eb s\u00eb Tiran\u00ebs. (Dhjetor 2008) - Kisha Orthodh\u03bfkse Autoqefale e Shqip\u00ebris\u00eb","robots":{"index":"index","follow":"follow","max-snippet":"max-snippet:-1","max-image-preview":"max-image-preview:large","max-video-preview":"max-video-preview:-1"},"canonical":"https:\/\/orthodoxalbania.org\/2020\/2008\/02\/26\/atmosfere-festive-ne-qytetet-e-mitropolise-se-tiranes-dhjetor-2008\/","og_locale":"en_US","og_type":"article","og_title":"Atmosfer\u00eb festive n\u00eb qytetet e Mitropolis\u00eb s\u00eb Tiran\u00ebs. (Dhjetor 2008) - Kisha Orthodh\u03bfkse Autoqefale e Shqip\u00ebris\u00eb","og_description":"&nbsp;&nbsp;&nbsp; P\u00ebrsh\u00ebndetja e ngaz\u00ebllueshme: Krishti u Ngjall! \u2013 V\u00ebrtet u Ngjall! jehoi n\u00eb t\u00eb gjitha enorit\u00eb orthodhokse t\u00eb Kish\u00ebs son\u00eb n\u00eb fest\u00ebn e e festave. Si diell pranveror ngrohu zemrat kjo Pashk\u00eb dhe i mbushi me shpres\u00eb besimtar\u00ebt, t\u00eb cil\u00ebt p\u00ebrjetuan me d\u00ebshir\u00eb p\u00ebrt\u00ebritjeje fitoren e jet\u00ebs. Me g\u00ebzim t\u00eb pap\u00ebrshkruar mij\u00ebra orthodhoks\u00eb kaluan nj\u00eb Jav\u00eb t\u00eb Madhe e t\u00eb Shenjt\u00eb me shpres\u00ebtari, duke pritur","og_url":"https:\/\/orthodoxalbania.org\/2020\/2008\/02\/26\/atmosfere-festive-ne-qytetet-e-mitropolise-se-tiranes-dhjetor-2008\/","og_site_name":"Kisha Orthodh\u03bfkse Autoqefale e Shqip\u00ebris\u00eb","article_publisher":"https:\/\/www.facebook.com\/koash1991","article_published_time":"2008-02-26T00:00:00+00:00","article_modified_time":"2020-04-06T20:35:19+00:00","og_image":[{"url":"https:\/\/lh5.googleusercontent.com\/-rlsyer1bPNY\/VIv5O1TF4yI\/AAAAAAAAHYE\/h61Q14RexSI\/w400-h303-no\/1%2B-%2Bshkoder.jpg","type":"","width":"","height":""}],"author":"Kisha Orthodhokse","twitter_card":"summary_large_image","twitter_misc":{"Written by":"Kisha Orthodhokse","Est. reading time":"5 minutes"},"schema":{"@context":"https:\/\/schema.org","@graph":[{"@type":"Article","@id":"https:\/\/orthodoxalbania.org\/2020\/2008\/02\/26\/atmosfere-festive-ne-qytetet-e-mitropolise-se-tiranes-dhjetor-2008\/#article","isPartOf":{"@id":"https:\/\/orthodoxalbania.org\/2020\/2008\/02\/26\/atmosfere-festive-ne-qytetet-e-mitropolise-se-tiranes-dhjetor-2008\/"},"author":{"name":"Kisha Orthodhokse","@id":"https:\/\/orthodoxalbania.org\/2020\/#\/schema\/person\/0c387634a7063ac612d7ed9ce71c7e86"},"headline":"Atmosfer\u00eb festive n\u00eb qytetet e Mitropolis\u00eb s\u00eb Tiran\u00ebs. (Dhjetor 2008)","datePublished":"2008-02-26T00:00:00+00:00","dateModified":"2020-04-06T20:35:19+00:00","mainEntityOfPage":{"@id":"https:\/\/orthodoxalbania.org\/2020\/2008\/02\/26\/atmosfere-festive-ne-qytetet-e-mitropolise-se-tiranes-dhjetor-2008\/"},"wordCount":989,"commentCount":0,"publisher":{"@id":"https:\/\/orthodoxalbania.org\/2020\/#organization"},"image":{"@id":"https:\/\/orthodoxalbania.org\/2020\/2008\/02\/26\/atmosfere-festive-ne-qytetet-e-mitropolise-se-tiranes-dhjetor-2008\/#primaryimage"},"thumbnailUrl":"https:\/\/lh5.googleusercontent.com\/-rlsyer1bPNY\/VIv5O1TF4yI\/AAAAAAAAHYE\/h61Q14RexSI\/w400-h303-no\/1%2B-%2Bshkoder.jpg","keywords":["2008","Krishtlindje","Kryepiskopata Tiran\u00eb","lajme"],"articleSection":["Lajme"],"inLanguage":"en-US"},{"@type":"WebPage","@id":"https:\/\/orthodoxalbania.org\/2020\/2008\/02\/26\/atmosfere-festive-ne-qytetet-e-mitropolise-se-tiranes-dhjetor-2008\/","url":"https:\/\/orthodoxalbania.org\/2020\/2008\/02\/26\/atmosfere-festive-ne-qytetet-e-mitropolise-se-tiranes-dhjetor-2008\/","name":"Atmosfer\u00eb festive n\u00eb qytetet e Mitropolis\u00eb s\u00eb Tiran\u00ebs. (Dhjetor 2008) - Kisha Orthodh\u03bfkse Autoqefale e Shqip\u00ebris\u00eb","isPartOf":{"@id":"https:\/\/orthodoxalbania.org\/2020\/#website"},"primaryImageOfPage":{"@id":"https:\/\/orthodoxalbania.org\/2020\/2008\/02\/26\/atmosfere-festive-ne-qytetet-e-mitropolise-se-tiranes-dhjetor-2008\/#primaryimage"},"image":{"@id":"https:\/\/orthodoxalbania.org\/2020\/2008\/02\/26\/atmosfere-festive-ne-qytetet-e-mitropolise-se-tiranes-dhjetor-2008\/#primaryimage"},"thumbnailUrl":"https:\/\/lh5.googleusercontent.com\/-rlsyer1bPNY\/VIv5O1TF4yI\/AAAAAAAAHYE\/h61Q14RexSI\/w400-h303-no\/1%2B-%2Bshkoder.jpg","datePublished":"2008-02-26T00:00:00+00:00","dateModified":"2020-04-06T20:35:19+00:00","breadcrumb":{"@id":"https:\/\/orthodoxalbania.org\/2020\/2008\/02\/26\/atmosfere-festive-ne-qytetet-e-mitropolise-se-tiranes-dhjetor-2008\/#breadcrumb"},"inLanguage":"en-US","potentialAction":[{"@type":"ReadAction","target":["https:\/\/orthodoxalbania.org\/2020\/2008\/02\/26\/atmosfere-festive-ne-qytetet-e-mitropolise-se-tiranes-dhjetor-2008\/"]}]},{"@type":"ImageObject","inLanguage":"en-US","@id":"https:\/\/orthodoxalbania.org\/2020\/2008\/02\/26\/atmosfere-festive-ne-qytetet-e-mitropolise-se-tiranes-dhjetor-2008\/#primaryimage","url":"https:\/\/lh5.googleusercontent.com\/-rlsyer1bPNY\/VIv5O1TF4yI\/AAAAAAAAHYE\/h61Q14RexSI\/w400-h303-no\/1%2B-%2Bshkoder.jpg","contentUrl":"https:\/\/lh5.googleusercontent.com\/-rlsyer1bPNY\/VIv5O1TF4yI\/AAAAAAAAHYE\/h61Q14RexSI\/w400-h303-no\/1%2B-%2Bshkoder.jpg"},{"@type":"BreadcrumbList","@id":"https:\/\/orthodoxalbania.org\/2020\/2008\/02\/26\/atmosfere-festive-ne-qytetet-e-mitropolise-se-tiranes-dhjetor-2008\/#breadcrumb","itemListElement":[{"@type":"ListItem","position":1,"name":"Home","item":"https:\/\/orthodoxalbania.org\/2020\/"},{"@type":"ListItem","position":2,"name":"Atmosfer\u00eb festive n\u00eb qytetet e Mitropolis\u00eb s\u00eb Tiran\u00ebs. (Dhjetor 2008)"}]},{"@type":"WebSite","@id":"https:\/\/orthodoxalbania.org\/2020\/#website","url":"https:\/\/orthodoxalbania.org\/2020\/","name":"Kisha Orthodh\u03bfkse Autoqefale e Shqip\u00ebris\u00eb","description":"Fqja Zyrtare e Kish\u00ebs Orthodhokse Autoqefale e Shqip\u00ebris\u00eb me lajmet edhe informacionet zyrtare p\u00ebr struktur\u00ebn edhe veprimtarin e saj.","publisher":{"@id":"https:\/\/orthodoxalbania.org\/2020\/#organization"},"potentialAction":[{"@type":"SearchAction","target":{"@type":"EntryPoint","urlTemplate":"https:\/\/orthodoxalbania.org\/2020\/?s={search_term_string}"},"query-input":{"@type":"PropertyValueSpecification","valueRequired":true,"valueName":"search_term_string"}}],"inLanguage":"en-US"},{"@type":"Organization","@id":"https:\/\/orthodoxalbania.org\/2020\/#organization","name":"Kisha Orthodhokse Autoqefale e Shqip\u00ebris\u00eb","url":"https:\/\/orthodoxalbania.org\/2020\/","logo":{"@type":"ImageObject","inLanguage":"en-US","@id":"https:\/\/orthodoxalbania.org\/2020\/#\/schema\/logo\/image\/","url":"https:\/\/orthodoxalbania.org\/2020\/wp-content\/uploads\/2020\/05\/albania.jpeg","contentUrl":"https:\/\/orthodoxalbania.org\/2020\/wp-content\/uploads\/2020\/05\/albania.jpeg","width":540,"height":540,"caption":"Kisha Orthodhokse Autoqefale e Shqip\u00ebris\u00eb"},"image":{"@id":"https:\/\/orthodoxalbania.org\/2020\/#\/schema\/logo\/image\/"},"sameAs":["https:\/\/www.facebook.com\/koash1991"]},{"@type":"Person","@id":"https:\/\/orthodoxalbania.org\/2020\/#\/schema\/person\/0c387634a7063ac612d7ed9ce71c7e86","name":"Kisha Orthodhokse","image":{"@type":"ImageObject","inLanguage":"en-US","@id":"https:\/\/secure.gravatar.com\/avatar\/596e7c417251e30f2fbb9c00e026fce61a695a00e51c889caded71c96cbbdde5?s=96&d=mm&r=g","url":"https:\/\/secure.gravatar.com\/avatar\/596e7c417251e30f2fbb9c00e026fce61a695a00e51c889caded71c96cbbdde5?s=96&d=mm&r=g","contentUrl":"https:\/\/secure.gravatar.com\/avatar\/596e7c417251e30f2fbb9c00e026fce61a695a00e51c889caded71c96cbbdde5?s=96&d=mm&r=g","caption":"Kisha Orthodhokse"}}]}},"_links":{"self":[{"href":"https:\/\/orthodoxalbania.org\/2020\/wp-json\/wp\/v2\/posts\/297","targetHints":{"allow":["GET"]}}],"collection":[{"href":"https:\/\/orthodoxalbania.org\/2020\/wp-json\/wp\/v2\/posts"}],"about":[{"href":"https:\/\/orthodoxalbania.org\/2020\/wp-json\/wp\/v2\/types\/post"}],"author":[{"embeddable":true,"href":"https:\/\/orthodoxalbania.org\/2020\/wp-json\/wp\/v2\/users\/1"}],"replies":[{"embeddable":true,"href":"https:\/\/orthodoxalbania.org\/2020\/wp-json\/wp\/v2\/comments?post=297"}],"version-history":[{"count":1,"href":"https:\/\/orthodoxalbania.org\/2020\/wp-json\/wp\/v2\/posts\/297\/revisions"}],"predecessor-version":[{"id":15650,"href":"https:\/\/orthodoxalbania.org\/2020\/wp-json\/wp\/v2\/posts\/297\/revisions\/15650"}],"wp:attachment":[{"href":"https:\/\/orthodoxalbania.org\/2020\/wp-json\/wp\/v2\/media?parent=297"}],"wp:term":[{"taxonomy":"category","embeddable":true,"href":"https:\/\/orthodoxalbania.org\/2020\/wp-json\/wp\/v2\/categories?post=297"},{"taxonomy":"post_tag","embeddable":true,"href":"https:\/\/orthodoxalbania.org\/2020\/wp-json\/wp\/v2\/tags?post=297"}],"curies":[{"name":"wp","href":"https:\/\/api.w.org\/{rel}","templated":true}]}}