{"id":296,"date":"2007-02-26T00:00:00","date_gmt":"2007-02-26T00:00:00","guid":{"rendered":""},"modified":"2020-04-06T22:35:37","modified_gmt":"2020-04-06T20:35:37","slug":"atmosfere-feste-ne-shen-vlash-dhjetor-2007","status":"publish","type":"post","link":"https:\/\/orthodoxalbania.org\/2020\/2007\/02\/26\/atmosfere-feste-ne-shen-vlash-dhjetor-2007\/","title":{"rendered":"Atmosfer\u00eb feste n\u00eb Sh\u00ebn Vlash. (Dhjetor 2007)"},"content":{"rendered":"<p style=\"text-align: justify;\"><span style=\"color: #000000; font-family: helvetica;\"><span style=\"font-size: 12px;\"><img decoding=\"async\" class=\"lazyload HAa Eha\" style=\"border-width: 1px; border-style: solid; margin: 10px; float: left;\" alt=\"\" src=\"data:image\/gif;base64,R0lGODlhAQABAAAAACH5BAEKAAEALAAAAAABAAEAAAICTAEAOw==\" data-orig-src=\"https:\/\/lh6.googleusercontent.com\/-1LbkssmVKN8\/VIrfhDZnNOI\/AAAAAAAAHHc\/xewk0ae3Q8o\/w400-h300-no\/1tx.jpg\" \/><span style=\"font-size: 12pt;\">&nbsp;&nbsp;&nbsp; Si\u00e7 ndodh gjithmon\u00eb, me afrimin e t\u00eb kremteve t\u00eb m\u00ebdha t\u00eb Kish\u00ebs son\u00eb, edhe me ardhjen e Krishtlindjes nj\u00eb atmosfer\u00eb festive dhe e g\u00ebzueshme u krijua n\u00eb mjediset e Manastirit t\u00eb Sh\u00ebn Vlashit. Edhe k\u00ebt\u00eb vit u takonte student\u00ebve t\u00eb vitit t\u00eb dyt\u00eb t\u00eb organizonin fest\u00ebn, gj\u00eb e cila prej vitesh \u00ebsht\u00eb b\u00ebr\u00eb si nj\u00eb tradit\u00eb n\u00eb Akademin\u00eb Teologjike \u201cNgjallja e Krishtit\u201d.<\/span><\/span><\/span><\/p>\n<p style=\"text-align: justify;\"><span style=\"color: #000000; font-family: helvetica; font-size: 12pt;\">&nbsp;&nbsp;&nbsp; Programi festiv u zhvillua n\u00eb dt. 19 dhjetor p\u00ebrpara se student\u00ebt t\u00eb largoheshin nga shkolla p\u00ebr t\u00eb festuar me familjet e tyre dhe p\u00ebr t\u00eb ndihmuar n\u00eb kishat e qyteteve dhe fshatrave nga vijn\u00eb. N\u00eb k\u00ebt\u00eb program ishin t\u00eb pranish\u00ebm dhe nx\u00ebn\u00ebsit e Liceut t\u00eb m\u00eb t\u00eb ri kishtar \u201cKryqi i Nderuar\u201d, n\u00eb Sukth t\u00eb Durr\u00ebsit, si edhe f\u00ebmij\u00ebt e \u201cSht\u00ebpis\u00eb Orthodhokse t\u00eb Shpres\u00ebs\u201d. Ishin t\u00eb pranish\u00ebm edhe Hir\u00ebsi Nikolla, ndihm\u00ebsdrejtor i Akademis\u00eb, si dhe Hir\u00ebsi Andoni, i cili \u00ebsht\u00eb pedagog n\u00eb k\u00ebt\u00eb Akademi.<\/span><\/p>\n<p style=\"text-align: justify;\"><span style=\"color: #000000; font-family: helvetica; font-size: 12pt;\"><img decoding=\"async\" class=\"lazyload HAa Eha\" style=\"height: 300px; width: 400px; border-width: 1px; border-style: solid; margin: 10px; float: right;\" alt=\"\" src=\"data:image\/gif;base64,R0lGODlhAQABAAAAACH5BAEKAAEALAAAAAABAAEAAAICTAEAOw==\" data-orig-src=\"https:\/\/lh6.googleusercontent.com\/-ufrR6WmxWbw\/VIrfhC1TiUI\/AAAAAAAAHHg\/vtxIZnpDXYk\/w400-h300-no\/2tx.jpg\" \/>&nbsp;&nbsp; Programi i p\u00ebrgatitur ishte mjaft i larmish\u00ebm dhe zgjati gati dy or\u00eb. N\u00eb t\u00eb p\u00ebrfshiheshin psalme, k\u00ebng\u00eb dhe tropare t\u00eb ndryshme, nj\u00eb pjes\u00eb e t\u00eb cilave u p\u00ebrcoll\u00ebn nga kori i Akademis\u00eb. Liceu kishtar ve\u00e7 t\u00eb tjerash kishte p\u00ebrgatitur ske\u00e7in \u201cSekreti i dhuratave\u201d.&nbsp; N\u00eb k\u00ebt\u00eb program foli mbi Krishtlindjen dhe r\u00ebnd\u00ebsin\u00eb e saj edhe pedagogu i Akademis\u00eb z. Vlash Plepi.<\/span><\/p>\n<p style=\"text-align: justify;\"><span style=\"color: #000000; font-family: helvetica; font-size: 12pt;\">&nbsp;&nbsp;&nbsp; N\u00eb fund, Hir\u00ebsi Nikolla p\u00ebrcolli mesazhin e tij p\u00ebr fest\u00ebn, duke iu b\u00ebr\u00eb thirrje pjes\u00ebmarr\u00ebsve t\u00eb hapin zemrat p\u00ebr Krishtin foshnje dhe t\u00eb jetojn\u00eb me Shp\u00ebtimtarin deri n\u00eb fund t\u00eb jet\u00ebs.<\/span><\/p>\n<p style=\"text-align: justify;\"><span style=\"font-family: helvetica; font-size: 12pt;\"><\/span><\/p>\n<p style=\"text-align: justify;\"><span style=\"font-family: helvetica; font-size: 12pt;\"><\/span><\/p>\n<p style=\"text-align: justify;\"><span style=\"color: #000000; font-family: helvetica; font-size: 12pt;\"><strong>&nbsp;&nbsp;&nbsp;&nbsp; Nestilda Dangaj<\/strong><\/span><\/p>\n<p style=\"text-align: justify;\"><span style=\"color: #000000; font-family: helvetica; font-size: 12pt;\">&nbsp;&nbsp;&nbsp;&nbsp; Studente e Akademis\u00eb<\/span><\/p>\n","protected":false},"excerpt":{"rendered":"<p>&nbsp;&nbsp;&nbsp; Si\u00e7 ndodh gjithmon\u00eb, me afrimin e t\u00eb kremteve t\u00eb m\u00ebdha t\u00eb Kish\u00ebs son\u00eb, edhe me ardhjen e Krishtlindjes nj\u00eb atmosfer\u00eb festive dhe e g\u00ebzueshme u krijua n\u00eb mjediset e Manastirit t\u00eb Sh\u00ebn Vlashit. Edhe k\u00ebt\u00eb vit u takonte student\u00ebve t\u00eb vitit t\u00eb dyt\u00eb t\u00eb organizonin fest\u00ebn, gj\u00eb e cila prej vitesh \u00ebsht\u00eb b\u00ebr\u00eb si nj\u00eb tradit\u00eb n\u00eb Akademin\u00eb Teologjike \u201cNgjallja e Krishtit\u201d. &nbsp;&nbsp;&nbsp; Programi<\/p>\n","protected":false},"author":1,"featured_media":0,"comment_status":"open","ping_status":"open","sticky":false,"template":"","format":"standard","meta":{"_acf_changed":false,"pagelayer_contact_templates":[],"_pagelayer_content":"","inline_featured_image":false,"fifu_image_url":"","fifu_image_alt":"","footnotes":""},"categories":[108],"tags":[147,192,196,212],"class_list":["post-296","post","type-post","status-publish","format-standard","hentry","category-lajme","tag-147","tag-krishtlindje","tag-tirane","tag-lajme-d27"],"acf":[],"yoast_head":"<!-- This site is optimized with the Yoast SEO plugin v27.2 - https:\/\/yoast.com\/product\/yoast-seo-wordpress\/ -->\n<title>Atmosfer\u00eb feste n\u00eb Sh\u00ebn Vlash. (Dhjetor 2007) - Kisha Orthodh\u03bfkse Autoqefale e Shqip\u00ebris\u00eb<\/title>\n<meta name=\"robots\" content=\"index, follow, max-snippet:-1, max-image-preview:large, max-video-preview:-1\" \/>\n<link rel=\"canonical\" href=\"https:\/\/orthodoxalbania.org\/2020\/2007\/02\/26\/atmosfere-feste-ne-shen-vlash-dhjetor-2007\/\" \/>\n<meta property=\"og:locale\" content=\"en_US\" \/>\n<meta property=\"og:type\" content=\"article\" \/>\n<meta property=\"og:title\" content=\"Atmosfer\u00eb feste n\u00eb Sh\u00ebn Vlash. (Dhjetor 2007) - Kisha Orthodh\u03bfkse Autoqefale e Shqip\u00ebris\u00eb\" \/>\n<meta property=\"og:description\" content=\"&nbsp;&nbsp;&nbsp; Si\u00e7 ndodh gjithmon\u00eb, me afrimin e t\u00eb kremteve t\u00eb m\u00ebdha t\u00eb Kish\u00ebs son\u00eb, edhe me ardhjen e Krishtlindjes nj\u00eb atmosfer\u00eb festive dhe e g\u00ebzueshme u krijua n\u00eb mjediset e Manastirit t\u00eb Sh\u00ebn Vlashit. Edhe k\u00ebt\u00eb vit u takonte student\u00ebve t\u00eb vitit t\u00eb dyt\u00eb t\u00eb organizonin fest\u00ebn, gj\u00eb e cila prej vitesh \u00ebsht\u00eb b\u00ebr\u00eb si nj\u00eb tradit\u00eb n\u00eb Akademin\u00eb Teologjike \u201cNgjallja e Krishtit\u201d. &nbsp;&nbsp;&nbsp; Programi\" \/>\n<meta property=\"og:url\" content=\"https:\/\/orthodoxalbania.org\/2020\/2007\/02\/26\/atmosfere-feste-ne-shen-vlash-dhjetor-2007\/\" \/>\n<meta property=\"og:site_name\" content=\"Kisha Orthodh\u03bfkse Autoqefale e Shqip\u00ebris\u00eb\" \/>\n<meta property=\"article:publisher\" content=\"https:\/\/www.facebook.com\/koash1991\" \/>\n<meta property=\"article:published_time\" content=\"2007-02-26T00:00:00+00:00\" \/>\n<meta property=\"article:modified_time\" content=\"2020-04-06T20:35:37+00:00\" \/>\n<meta property=\"og:image\" content=\"https:\/\/lh6.googleusercontent.com\/-1LbkssmVKN8\/VIrfhDZnNOI\/AAAAAAAAHHc\/xewk0ae3Q8o\/w400-h300-no\/1tx.jpg\" \/>\n<meta name=\"author\" content=\"Kisha Orthodhokse\" \/>\n<meta name=\"twitter:card\" content=\"summary_large_image\" \/>\n<meta name=\"twitter:label1\" content=\"Written by\" \/>\n\t<meta name=\"twitter:data1\" content=\"Kisha Orthodhokse\" \/>\n\t<meta name=\"twitter:label2\" content=\"Est. reading time\" \/>\n\t<meta name=\"twitter:data2\" content=\"2 minutes\" \/>\n<script type=\"application\/ld+json\" class=\"yoast-schema-graph\">{\"@context\":\"https:\/\/schema.org\",\"@graph\":[{\"@type\":\"Article\",\"@id\":\"https:\/\/orthodoxalbania.org\/2020\/2007\/02\/26\/atmosfere-feste-ne-shen-vlash-dhjetor-2007\/#article\",\"isPartOf\":{\"@id\":\"https:\/\/orthodoxalbania.org\/2020\/2007\/02\/26\/atmosfere-feste-ne-shen-vlash-dhjetor-2007\/\"},\"author\":{\"name\":\"Kisha Orthodhokse\",\"@id\":\"https:\/\/orthodoxalbania.org\/2020\/#\/schema\/person\/0c387634a7063ac612d7ed9ce71c7e86\"},\"headline\":\"Atmosfer\u00eb feste n\u00eb Sh\u00ebn Vlash. (Dhjetor 2007)\",\"datePublished\":\"2007-02-26T00:00:00+00:00\",\"dateModified\":\"2020-04-06T20:35:37+00:00\",\"mainEntityOfPage\":{\"@id\":\"https:\/\/orthodoxalbania.org\/2020\/2007\/02\/26\/atmosfere-feste-ne-shen-vlash-dhjetor-2007\/\"},\"wordCount\":315,\"commentCount\":0,\"publisher\":{\"@id\":\"https:\/\/orthodoxalbania.org\/2020\/#organization\"},\"image\":{\"@id\":\"https:\/\/orthodoxalbania.org\/2020\/2007\/02\/26\/atmosfere-feste-ne-shen-vlash-dhjetor-2007\/#primaryimage\"},\"thumbnailUrl\":\"https:\/\/lh6.googleusercontent.com\/-1LbkssmVKN8\/VIrfhDZnNOI\/AAAAAAAAHHc\/xewk0ae3Q8o\/w400-h300-no\/1tx.jpg\",\"keywords\":[\"2007\",\"Krishtlindje\",\"Kryepiskopata Tiran\u00eb\",\"lajme\"],\"articleSection\":[\"Lajme\"],\"inLanguage\":\"en-US\"},{\"@type\":\"WebPage\",\"@id\":\"https:\/\/orthodoxalbania.org\/2020\/2007\/02\/26\/atmosfere-feste-ne-shen-vlash-dhjetor-2007\/\",\"url\":\"https:\/\/orthodoxalbania.org\/2020\/2007\/02\/26\/atmosfere-feste-ne-shen-vlash-dhjetor-2007\/\",\"name\":\"Atmosfer\u00eb feste n\u00eb Sh\u00ebn Vlash. (Dhjetor 2007) - Kisha Orthodh\u03bfkse Autoqefale e Shqip\u00ebris\u00eb\",\"isPartOf\":{\"@id\":\"https:\/\/orthodoxalbania.org\/2020\/#website\"},\"primaryImageOfPage\":{\"@id\":\"https:\/\/orthodoxalbania.org\/2020\/2007\/02\/26\/atmosfere-feste-ne-shen-vlash-dhjetor-2007\/#primaryimage\"},\"image\":{\"@id\":\"https:\/\/orthodoxalbania.org\/2020\/2007\/02\/26\/atmosfere-feste-ne-shen-vlash-dhjetor-2007\/#primaryimage\"},\"thumbnailUrl\":\"https:\/\/lh6.googleusercontent.com\/-1LbkssmVKN8\/VIrfhDZnNOI\/AAAAAAAAHHc\/xewk0ae3Q8o\/w400-h300-no\/1tx.jpg\",\"datePublished\":\"2007-02-26T00:00:00+00:00\",\"dateModified\":\"2020-04-06T20:35:37+00:00\",\"breadcrumb\":{\"@id\":\"https:\/\/orthodoxalbania.org\/2020\/2007\/02\/26\/atmosfere-feste-ne-shen-vlash-dhjetor-2007\/#breadcrumb\"},\"inLanguage\":\"en-US\",\"potentialAction\":[{\"@type\":\"ReadAction\",\"target\":[\"https:\/\/orthodoxalbania.org\/2020\/2007\/02\/26\/atmosfere-feste-ne-shen-vlash-dhjetor-2007\/\"]}]},{\"@type\":\"ImageObject\",\"inLanguage\":\"en-US\",\"@id\":\"https:\/\/orthodoxalbania.org\/2020\/2007\/02\/26\/atmosfere-feste-ne-shen-vlash-dhjetor-2007\/#primaryimage\",\"url\":\"https:\/\/lh6.googleusercontent.com\/-1LbkssmVKN8\/VIrfhDZnNOI\/AAAAAAAAHHc\/xewk0ae3Q8o\/w400-h300-no\/1tx.jpg\",\"contentUrl\":\"https:\/\/lh6.googleusercontent.com\/-1LbkssmVKN8\/VIrfhDZnNOI\/AAAAAAAAHHc\/xewk0ae3Q8o\/w400-h300-no\/1tx.jpg\"},{\"@type\":\"BreadcrumbList\",\"@id\":\"https:\/\/orthodoxalbania.org\/2020\/2007\/02\/26\/atmosfere-feste-ne-shen-vlash-dhjetor-2007\/#breadcrumb\",\"itemListElement\":[{\"@type\":\"ListItem\",\"position\":1,\"name\":\"Home\",\"item\":\"https:\/\/orthodoxalbania.org\/2020\/\"},{\"@type\":\"ListItem\",\"position\":2,\"name\":\"Atmosfer\u00eb feste n\u00eb Sh\u00ebn Vlash. (Dhjetor 2007)\"}]},{\"@type\":\"WebSite\",\"@id\":\"https:\/\/orthodoxalbania.org\/2020\/#website\",\"url\":\"https:\/\/orthodoxalbania.org\/2020\/\",\"name\":\"Kisha Orthodh\u03bfkse Autoqefale e Shqip\u00ebris\u00eb\",\"description\":\"Fqja Zyrtare e Kish\u00ebs Orthodhokse Autoqefale e Shqip\u00ebris\u00eb me lajmet edhe informacionet zyrtare p\u00ebr struktur\u00ebn edhe veprimtarin e saj.\",\"publisher\":{\"@id\":\"https:\/\/orthodoxalbania.org\/2020\/#organization\"},\"potentialAction\":[{\"@type\":\"SearchAction\",\"target\":{\"@type\":\"EntryPoint\",\"urlTemplate\":\"https:\/\/orthodoxalbania.org\/2020\/?s={search_term_string}\"},\"query-input\":{\"@type\":\"PropertyValueSpecification\",\"valueRequired\":true,\"valueName\":\"search_term_string\"}}],\"inLanguage\":\"en-US\"},{\"@type\":\"Organization\",\"@id\":\"https:\/\/orthodoxalbania.org\/2020\/#organization\",\"name\":\"Kisha Orthodhokse Autoqefale e Shqip\u00ebris\u00eb\",\"url\":\"https:\/\/orthodoxalbania.org\/2020\/\",\"logo\":{\"@type\":\"ImageObject\",\"inLanguage\":\"en-US\",\"@id\":\"https:\/\/orthodoxalbania.org\/2020\/#\/schema\/logo\/image\/\",\"url\":\"https:\/\/orthodoxalbania.org\/2020\/wp-content\/uploads\/2020\/05\/albania.jpeg\",\"contentUrl\":\"https:\/\/orthodoxalbania.org\/2020\/wp-content\/uploads\/2020\/05\/albania.jpeg\",\"width\":540,\"height\":540,\"caption\":\"Kisha Orthodhokse Autoqefale e Shqip\u00ebris\u00eb\"},\"image\":{\"@id\":\"https:\/\/orthodoxalbania.org\/2020\/#\/schema\/logo\/image\/\"},\"sameAs\":[\"https:\/\/www.facebook.com\/koash1991\"]},{\"@type\":\"Person\",\"@id\":\"https:\/\/orthodoxalbania.org\/2020\/#\/schema\/person\/0c387634a7063ac612d7ed9ce71c7e86\",\"name\":\"Kisha Orthodhokse\",\"image\":{\"@type\":\"ImageObject\",\"inLanguage\":\"en-US\",\"@id\":\"https:\/\/secure.gravatar.com\/avatar\/596e7c417251e30f2fbb9c00e026fce61a695a00e51c889caded71c96cbbdde5?s=96&d=mm&r=g\",\"url\":\"https:\/\/secure.gravatar.com\/avatar\/596e7c417251e30f2fbb9c00e026fce61a695a00e51c889caded71c96cbbdde5?s=96&d=mm&r=g\",\"contentUrl\":\"https:\/\/secure.gravatar.com\/avatar\/596e7c417251e30f2fbb9c00e026fce61a695a00e51c889caded71c96cbbdde5?s=96&d=mm&r=g\",\"caption\":\"Kisha Orthodhokse\"}}]}<\/script>\n<!-- \/ Yoast SEO plugin. -->","yoast_head_json":{"title":"Atmosfer\u00eb feste n\u00eb Sh\u00ebn Vlash. (Dhjetor 2007) - Kisha Orthodh\u03bfkse Autoqefale e Shqip\u00ebris\u00eb","robots":{"index":"index","follow":"follow","max-snippet":"max-snippet:-1","max-image-preview":"max-image-preview:large","max-video-preview":"max-video-preview:-1"},"canonical":"https:\/\/orthodoxalbania.org\/2020\/2007\/02\/26\/atmosfere-feste-ne-shen-vlash-dhjetor-2007\/","og_locale":"en_US","og_type":"article","og_title":"Atmosfer\u00eb feste n\u00eb Sh\u00ebn Vlash. (Dhjetor 2007) - Kisha Orthodh\u03bfkse Autoqefale e Shqip\u00ebris\u00eb","og_description":"&nbsp;&nbsp;&nbsp; Si\u00e7 ndodh gjithmon\u00eb, me afrimin e t\u00eb kremteve t\u00eb m\u00ebdha t\u00eb Kish\u00ebs son\u00eb, edhe me ardhjen e Krishtlindjes nj\u00eb atmosfer\u00eb festive dhe e g\u00ebzueshme u krijua n\u00eb mjediset e Manastirit t\u00eb Sh\u00ebn Vlashit. Edhe k\u00ebt\u00eb vit u takonte student\u00ebve t\u00eb vitit t\u00eb dyt\u00eb t\u00eb organizonin fest\u00ebn, gj\u00eb e cila prej vitesh \u00ebsht\u00eb b\u00ebr\u00eb si nj\u00eb tradit\u00eb n\u00eb Akademin\u00eb Teologjike \u201cNgjallja e Krishtit\u201d. &nbsp;&nbsp;&nbsp; Programi","og_url":"https:\/\/orthodoxalbania.org\/2020\/2007\/02\/26\/atmosfere-feste-ne-shen-vlash-dhjetor-2007\/","og_site_name":"Kisha Orthodh\u03bfkse Autoqefale e Shqip\u00ebris\u00eb","article_publisher":"https:\/\/www.facebook.com\/koash1991","article_published_time":"2007-02-26T00:00:00+00:00","article_modified_time":"2020-04-06T20:35:37+00:00","og_image":[{"url":"https:\/\/lh6.googleusercontent.com\/-1LbkssmVKN8\/VIrfhDZnNOI\/AAAAAAAAHHc\/xewk0ae3Q8o\/w400-h300-no\/1tx.jpg","type":"","width":"","height":""}],"author":"Kisha Orthodhokse","twitter_card":"summary_large_image","twitter_misc":{"Written by":"Kisha Orthodhokse","Est. reading time":"2 minutes"},"schema":{"@context":"https:\/\/schema.org","@graph":[{"@type":"Article","@id":"https:\/\/orthodoxalbania.org\/2020\/2007\/02\/26\/atmosfere-feste-ne-shen-vlash-dhjetor-2007\/#article","isPartOf":{"@id":"https:\/\/orthodoxalbania.org\/2020\/2007\/02\/26\/atmosfere-feste-ne-shen-vlash-dhjetor-2007\/"},"author":{"name":"Kisha Orthodhokse","@id":"https:\/\/orthodoxalbania.org\/2020\/#\/schema\/person\/0c387634a7063ac612d7ed9ce71c7e86"},"headline":"Atmosfer\u00eb feste n\u00eb Sh\u00ebn Vlash. (Dhjetor 2007)","datePublished":"2007-02-26T00:00:00+00:00","dateModified":"2020-04-06T20:35:37+00:00","mainEntityOfPage":{"@id":"https:\/\/orthodoxalbania.org\/2020\/2007\/02\/26\/atmosfere-feste-ne-shen-vlash-dhjetor-2007\/"},"wordCount":315,"commentCount":0,"publisher":{"@id":"https:\/\/orthodoxalbania.org\/2020\/#organization"},"image":{"@id":"https:\/\/orthodoxalbania.org\/2020\/2007\/02\/26\/atmosfere-feste-ne-shen-vlash-dhjetor-2007\/#primaryimage"},"thumbnailUrl":"https:\/\/lh6.googleusercontent.com\/-1LbkssmVKN8\/VIrfhDZnNOI\/AAAAAAAAHHc\/xewk0ae3Q8o\/w400-h300-no\/1tx.jpg","keywords":["2007","Krishtlindje","Kryepiskopata Tiran\u00eb","lajme"],"articleSection":["Lajme"],"inLanguage":"en-US"},{"@type":"WebPage","@id":"https:\/\/orthodoxalbania.org\/2020\/2007\/02\/26\/atmosfere-feste-ne-shen-vlash-dhjetor-2007\/","url":"https:\/\/orthodoxalbania.org\/2020\/2007\/02\/26\/atmosfere-feste-ne-shen-vlash-dhjetor-2007\/","name":"Atmosfer\u00eb feste n\u00eb Sh\u00ebn Vlash. (Dhjetor 2007) - Kisha Orthodh\u03bfkse Autoqefale e Shqip\u00ebris\u00eb","isPartOf":{"@id":"https:\/\/orthodoxalbania.org\/2020\/#website"},"primaryImageOfPage":{"@id":"https:\/\/orthodoxalbania.org\/2020\/2007\/02\/26\/atmosfere-feste-ne-shen-vlash-dhjetor-2007\/#primaryimage"},"image":{"@id":"https:\/\/orthodoxalbania.org\/2020\/2007\/02\/26\/atmosfere-feste-ne-shen-vlash-dhjetor-2007\/#primaryimage"},"thumbnailUrl":"https:\/\/lh6.googleusercontent.com\/-1LbkssmVKN8\/VIrfhDZnNOI\/AAAAAAAAHHc\/xewk0ae3Q8o\/w400-h300-no\/1tx.jpg","datePublished":"2007-02-26T00:00:00+00:00","dateModified":"2020-04-06T20:35:37+00:00","breadcrumb":{"@id":"https:\/\/orthodoxalbania.org\/2020\/2007\/02\/26\/atmosfere-feste-ne-shen-vlash-dhjetor-2007\/#breadcrumb"},"inLanguage":"en-US","potentialAction":[{"@type":"ReadAction","target":["https:\/\/orthodoxalbania.org\/2020\/2007\/02\/26\/atmosfere-feste-ne-shen-vlash-dhjetor-2007\/"]}]},{"@type":"ImageObject","inLanguage":"en-US","@id":"https:\/\/orthodoxalbania.org\/2020\/2007\/02\/26\/atmosfere-feste-ne-shen-vlash-dhjetor-2007\/#primaryimage","url":"https:\/\/lh6.googleusercontent.com\/-1LbkssmVKN8\/VIrfhDZnNOI\/AAAAAAAAHHc\/xewk0ae3Q8o\/w400-h300-no\/1tx.jpg","contentUrl":"https:\/\/lh6.googleusercontent.com\/-1LbkssmVKN8\/VIrfhDZnNOI\/AAAAAAAAHHc\/xewk0ae3Q8o\/w400-h300-no\/1tx.jpg"},{"@type":"BreadcrumbList","@id":"https:\/\/orthodoxalbania.org\/2020\/2007\/02\/26\/atmosfere-feste-ne-shen-vlash-dhjetor-2007\/#breadcrumb","itemListElement":[{"@type":"ListItem","position":1,"name":"Home","item":"https:\/\/orthodoxalbania.org\/2020\/"},{"@type":"ListItem","position":2,"name":"Atmosfer\u00eb feste n\u00eb Sh\u00ebn Vlash. (Dhjetor 2007)"}]},{"@type":"WebSite","@id":"https:\/\/orthodoxalbania.org\/2020\/#website","url":"https:\/\/orthodoxalbania.org\/2020\/","name":"Kisha Orthodh\u03bfkse Autoqefale e Shqip\u00ebris\u00eb","description":"Fqja Zyrtare e Kish\u00ebs Orthodhokse Autoqefale e Shqip\u00ebris\u00eb me lajmet edhe informacionet zyrtare p\u00ebr struktur\u00ebn edhe veprimtarin e saj.","publisher":{"@id":"https:\/\/orthodoxalbania.org\/2020\/#organization"},"potentialAction":[{"@type":"SearchAction","target":{"@type":"EntryPoint","urlTemplate":"https:\/\/orthodoxalbania.org\/2020\/?s={search_term_string}"},"query-input":{"@type":"PropertyValueSpecification","valueRequired":true,"valueName":"search_term_string"}}],"inLanguage":"en-US"},{"@type":"Organization","@id":"https:\/\/orthodoxalbania.org\/2020\/#organization","name":"Kisha Orthodhokse Autoqefale e Shqip\u00ebris\u00eb","url":"https:\/\/orthodoxalbania.org\/2020\/","logo":{"@type":"ImageObject","inLanguage":"en-US","@id":"https:\/\/orthodoxalbania.org\/2020\/#\/schema\/logo\/image\/","url":"https:\/\/orthodoxalbania.org\/2020\/wp-content\/uploads\/2020\/05\/albania.jpeg","contentUrl":"https:\/\/orthodoxalbania.org\/2020\/wp-content\/uploads\/2020\/05\/albania.jpeg","width":540,"height":540,"caption":"Kisha Orthodhokse Autoqefale e Shqip\u00ebris\u00eb"},"image":{"@id":"https:\/\/orthodoxalbania.org\/2020\/#\/schema\/logo\/image\/"},"sameAs":["https:\/\/www.facebook.com\/koash1991"]},{"@type":"Person","@id":"https:\/\/orthodoxalbania.org\/2020\/#\/schema\/person\/0c387634a7063ac612d7ed9ce71c7e86","name":"Kisha Orthodhokse","image":{"@type":"ImageObject","inLanguage":"en-US","@id":"https:\/\/secure.gravatar.com\/avatar\/596e7c417251e30f2fbb9c00e026fce61a695a00e51c889caded71c96cbbdde5?s=96&d=mm&r=g","url":"https:\/\/secure.gravatar.com\/avatar\/596e7c417251e30f2fbb9c00e026fce61a695a00e51c889caded71c96cbbdde5?s=96&d=mm&r=g","contentUrl":"https:\/\/secure.gravatar.com\/avatar\/596e7c417251e30f2fbb9c00e026fce61a695a00e51c889caded71c96cbbdde5?s=96&d=mm&r=g","caption":"Kisha Orthodhokse"}}]}},"_links":{"self":[{"href":"https:\/\/orthodoxalbania.org\/2020\/wp-json\/wp\/v2\/posts\/296","targetHints":{"allow":["GET"]}}],"collection":[{"href":"https:\/\/orthodoxalbania.org\/2020\/wp-json\/wp\/v2\/posts"}],"about":[{"href":"https:\/\/orthodoxalbania.org\/2020\/wp-json\/wp\/v2\/types\/post"}],"author":[{"embeddable":true,"href":"https:\/\/orthodoxalbania.org\/2020\/wp-json\/wp\/v2\/users\/1"}],"replies":[{"embeddable":true,"href":"https:\/\/orthodoxalbania.org\/2020\/wp-json\/wp\/v2\/comments?post=296"}],"version-history":[{"count":1,"href":"https:\/\/orthodoxalbania.org\/2020\/wp-json\/wp\/v2\/posts\/296\/revisions"}],"predecessor-version":[{"id":15726,"href":"https:\/\/orthodoxalbania.org\/2020\/wp-json\/wp\/v2\/posts\/296\/revisions\/15726"}],"wp:attachment":[{"href":"https:\/\/orthodoxalbania.org\/2020\/wp-json\/wp\/v2\/media?parent=296"}],"wp:term":[{"taxonomy":"category","embeddable":true,"href":"https:\/\/orthodoxalbania.org\/2020\/wp-json\/wp\/v2\/categories?post=296"},{"taxonomy":"post_tag","embeddable":true,"href":"https:\/\/orthodoxalbania.org\/2020\/wp-json\/wp\/v2\/tags?post=296"}],"curies":[{"name":"wp","href":"https:\/\/api.w.org\/{rel}","templated":true}]}}