{"id":295,"date":"2008-02-26T00:00:00","date_gmt":"2008-02-26T00:00:00","guid":{"rendered":""},"modified":"2020-04-06T22:35:17","modified_gmt":"2020-04-06T20:35:17","slug":"atmosfere-festash-ne-vlore-2008","status":"publish","type":"post","link":"https:\/\/orthodoxalbania.org\/2020\/2008\/02\/26\/atmosfere-festash-ne-vlore-2008\/","title":{"rendered":"Atmosfer\u00eb festash n\u00eb Vlor\u00eb. (2008)"},"content":{"rendered":"<p style=\"text-align: justify;\"><span style=\"color: #000000; font-family: helvetica; font-size: 12pt;\">&nbsp;&nbsp;&nbsp; Si n\u00eb t\u00eb gjitha kishat e vendit, edhe n\u00eb kish\u00ebn e Sh\u00ebn Theodhor\u00ebve n\u00eb Vlor\u00eb, atmosfera e Krishtlindjeve u ndie shum\u00eb dit\u00eb m\u00eb p\u00ebrpara se sa t\u00eb vinte data 25 Dhjetor. Q\u00eb prej disa vitesh, \u00ebsht\u00eb b\u00ebr\u00eb tradit\u00eb q\u00eb n\u00eb k\u00ebt\u00eb kish\u00eb, n\u00eb dat\u00ebn 24 dhjetor t\u00eb vijn\u00eb gjat\u00eb gjith\u00eb nat\u00ebs deri n\u00eb or\u00ebt e para t\u00eb m\u00ebngjesit t\u00eb dat\u00ebs 25 shum\u00eb besimtar\u00eb t\u00eb qytetit, t\u00eb cil\u00ebt luten e k\u00ebndojn\u00eb psalme t\u00eb ndryshme. Festa e Krishtlindjes filloi q\u00eb n\u00eb dat\u00ebn 24 me Sh\u00ebrbes\u00ebn e Or\u00ebve, Mbr\u00ebm\u00ebsores s\u00eb Madhe si edhe Mesh\u00ebs s\u00eb Sh\u00ebn Vasilit. M\u00eb pas banda muzikore e qytetit e p\u00ebrb\u00ebr\u00eb nga 20 muzikant\u00eb e shoq\u00ebruar nga kori i vajzave, psalt\u00ebt e kish\u00ebs dhe nga shum\u00eb besimtar\u00eb ekzekutoi himne dhe psalme n\u00ebp\u00ebr rrug\u00ebt e qytetit.<\/span><\/p>\n<p style=\"text-align: justify;\"><span style=\"color: #000000; font-family: helvetica; font-size: 12pt;\">&nbsp;&nbsp;&nbsp; N\u00eb dat\u00ebn 25 n\u00eb m\u00ebngjes kisha ishte p\u00ebrs\u00ebri plot me besimtar\u00eb, t\u00eb cil\u00ebt mor\u00ebn pjes\u00eb n\u00eb Liturgjin\u00eb e Krishtlindjes. Pas Liturgjis\u00eb, k\u00ebshilli kishtar organizoi nj\u00eb kokteil dhe pritje, n\u00eb t\u00eb cil\u00ebn erdh\u00ebn p\u00ebr t\u00eb uruar p\u00ebrfaq\u00ebsues t\u00eb pushtetit lokal, t\u00eb institucioneve t\u00eb ndryshme shtet\u00ebrore, p\u00ebrfaq\u00ebsues t\u00eb shoqatave dhe partive politike si dhe p\u00ebrfaq\u00ebsues t\u00eb komuniteteve fetare t\u00eb qytetit.<\/span><\/p>\n<p style=\"text-align: justify;\"><span style=\"color: #000000; font-family: helvetica; font-size: 12pt;\">&nbsp;&nbsp;&nbsp; N\u00eb dat\u00ebn 30 dhjetor, besimtar\u00ebt i g\u00ebzoi edhe prania e Mitropolitit t\u00eb Beratit, Imzot Ignatit, i cili celebroi Liturgjin\u00eb Hyjnore i ndihmuar edhe nga prifti predikues nga Patra e Greqis\u00eb, At\u00eb Sotiri, i cili b\u00ebri edhe predikimi e rastit.<\/span><\/p>\n<p style=\"text-align: justify;\"><span style=\"color: #000000; font-family: helvetica; font-size: 12pt;\">&nbsp;&nbsp;&nbsp; Gjat\u00eb dit\u00ebve t\u00eb para t\u00eb vitit t\u00eb ri, n\u00eb kish\u00ebn erdh\u00ebn shum\u00eb besimtar\u00eb t\u00eb cil\u00ebt ndiznin qirinj dhe luteshin p\u00ebr nj\u00eb vit t\u00eb mbar\u00eb. N\u00eb dat\u00ebn 6 Janar n\u00eb m\u00ebngjes u celebrua Liturgjia Hyjnore dhe m\u00eb pas u krye Sh\u00ebrbesa e Bekimit t\u00eb Ujit, ku edhe besimtar\u00ebt mor\u00ebn nga ky uj\u00eb i bekuar p\u00ebr ta p\u00ebrdorur n\u00eb raste s\u00ebmundjesh t\u00eb ndryshme. M\u00eb pas besimtar\u00ebt shkuan n\u00eb an\u00eb t\u00eb detit, tek vendi i quajtur \u201cMoli i Vlor\u00ebs\u201d dhe pas nj\u00eb sh\u00ebrbese t\u00eb shkurt\u00ebr u b\u00eb hedhja e kryqit n\u00eb det nga At\u00eb Kostandin Prifti. K\u00ebt\u00eb vit kryqi u kap nga besimtari 53 vje\u00e7ar Vangjel Ndini, t\u00eb cilit iu dha nj\u00eb dhurat\u00eb simbolike nga kisha. Duhet theksuar se moti ishte shum\u00eb i keq dhe binte shum\u00eb shi, por kjo nuk i pengoi besimtar\u00ebt t\u00eb merrnin pjes\u00eb n\u00eb k\u00ebt\u00eb ceremoni t\u00eb bukur.<\/span><\/p>\n<p style=\"text-align: justify;\"><span style=\"color: #000000; font-family: helvetica; font-size: 12pt;\">&nbsp;&nbsp;&nbsp; Krishtlindjet dhe Uji i Bekuar u festuan edhe n\u00eb kishat e tjera t\u00eb z\u00ebvend\u00ebsis\u00eb; n\u00eb \u201cSh\u00ebn Dhimit\u00ebr\u201d &#8211; Dukat, n\u00eb \u201cSh\u00ebn e Diela\u201d &#8211; Nart\u00eb, n\u00eb \u201cSh\u00ebn Dhimit\u00ebr\u201d &#8211; M\u00ebkat, n\u00eb \u201cSh\u00ebn Koll\u201d &#8211; Poro, n\u00eb \u201cNgjallja e Krishtit\u201d &#8211; Novosel\u00eb, n\u00eb \u201cSh\u00ebn Spiridhon\u201d &#8211; Mifol si edhe n\u00eb \u201cPes\u00eb Martir\u00ebt\u201d &#8211; Bestrov\u00eb. N\u00eb k\u00ebto kisha Bekimi i Ujit u b\u00eb n\u00eb ambientet e brendshme. Kronika t\u00eb shumta nga k\u00ebto veprimtari u transmetuan gjer\u00ebsisht n\u00eb mediat lokale.<\/span><\/p>\n<p style=\"text-align: justify;\"><span style=\"font-family: helvetica; font-size: 12pt;\"><span style=\"color: #b22222;\"><strong>&nbsp;&nbsp;&nbsp; Selenic\u00eb: <\/strong><\/span><span style=\"color: #000000;\">Edhe n\u00eb qytetin e Selenic\u00ebs festa e Lindjes s\u00eb Krishtit u prit dhe u festua me g\u00ebzim nga t\u00eb gjith\u00eb besimtar\u00ebt e qytetit.<\/span><\/span><\/p>\n<p style=\"text-align: justify;\"><span style=\"color: #000000; font-family: helvetica; font-size: 12pt;\">&nbsp;&nbsp;&nbsp;&nbsp; N\u00eb dat\u00ebn 25 Dhjetor n\u00eb or\u00ebn 00 t\u00eb mesnat\u00ebs disa grupe f\u00ebmij\u00ebsh duke mbajtur ikon\u00ebn e Lindjes s\u00eb Krishtit n\u00eb dor\u00eb shkuan n\u00eb sht\u00ebpit\u00eb e besimtar\u00ebve duke k\u00ebnduar k\u00ebng\u00ebn tradicionale <em>\u201cMir\u00ebm\u00ebngjes o i zoti i sht\u00ebpis\u00eb kemi ardhur p\u00ebr bakshish se ka lindur Zoti Krisht nga barku i Sh\u00ebn M\u00ebris\u00eb\u201d.<\/em> Besimtar\u00ebt hapnin dyert e sht\u00ebpive dhe u jepnin f\u00ebmij\u00ebve t\u00eb holla dhe fruta t\u00eb ndryshme. Ky rit b\u00ebhet \u00e7do Krishtlindje dhe vazhdon deri n\u00eb or\u00ebt e para t\u00eb dat\u00ebs 25 dhjetor.<\/span><\/p>\n<p style=\"text-align: justify;\"><span style=\"color: #000000; font-family: helvetica; font-size: 12pt;\">&nbsp;&nbsp;&nbsp; N\u00eb m\u00ebngjes, n\u00eb kish\u00ebn e \u201cSh\u00ebn Athanasit \u201d u celebrua Liturgjia Hyjnore n\u00eb t\u00eb cil\u00ebn mor\u00ebn pjes\u00eb shum\u00eb besimtar\u00eb. Pas Liturgjis\u00eb, K\u00ebshilli Kishtar organizoi nj\u00eb kokteil dhe pritje n\u00eb t\u00eb cil\u00ebn erdh\u00ebn p\u00ebr t\u00eb uruar p\u00ebrfaq\u00ebsuesit e pushtetit lokal t\u00eb institucioneve t\u00eb ndryshme shtet\u00ebrore, si dhe p\u00ebrfaq\u00ebsues t\u00eb shoqatave dhe t\u00eb partive politike.<\/span><\/p>\n<p style=\"text-align: justify;\"><span style=\"color: #000000; font-family: helvetica; font-size: 12pt;\">&nbsp;&nbsp;&nbsp;&nbsp; Ka disa vite q\u00eb n\u00eb k\u00ebt\u00eb kish\u00eb me rastin e Krishtlindjeve vjen p\u00ebr t\u00eb festuar me f\u00ebmij\u00ebt e Selenic\u00ebs edhe At\u00eb Sotiri me nj\u00eb grup t\u00eb rinjsh nga Patra e Greqis\u00eb. Edhe k\u00ebt\u00eb vit, m\u00eb 28 dhjetor, At\u00eb Sotiri ishte p\u00ebrs\u00ebri mes f\u00ebmij\u00ebve t\u00eb Selenic\u00ebs me t\u00eb cil\u00ebt organizoi nj\u00eb fest\u00eb t\u00eb bukur. U k\u00ebnduan psalme dhe u treguan histori t\u00eb ndryshme Krishtlindjesh, q\u00eb d\u00ebgjoheshin me interes nga f\u00ebmij\u00ebt. Pas fest\u00ebs, f\u00ebmij\u00ebt mor\u00ebn nga miqt\u00eb grek\u00eb edhe nj\u00eb dhurat\u00eb t\u00eb vog\u00ebl. Prania e miqve nga Patra si edhe pjes\u00ebmarrja e 250 f\u00ebmij\u00ebve krijoi nj\u00eb atmosfer\u00eb t\u00eb g\u00ebzueshme n\u00eb ambientet e Kish\u00ebs.<\/span><\/p>\n<p style=\"text-align: justify;\"><span style=\"color: #000000; font-family: helvetica; font-size: 12pt;\">&nbsp;&nbsp;&nbsp;&nbsp; Vitin e kaluar, p\u00ebr her\u00eb t\u00eb par\u00eb n\u00eb historin\u00eb e Selenic\u00ebs u b\u00eb hedhja e kryqit n\u00eb lumin Vjos\u00eb, kjo fal\u00eb iniciativ\u00ebs dhe k\u00ebmb\u00ebnguljes s\u00eb besimtarit Spiro Ki\u00e7o Bombaj. Edhe sivjet n\u00eb 6 Janar pas celebrimit t\u00eb Liturgjis\u00eb Hyjnore, besimtar\u00ebt sugjeruan q\u00eb tradita e filluar t\u00eb vazhdoj\u00eb. Besimtar\u00eb t\u00eb ndrysh\u00ebm u mblodh\u00ebn n\u00eb qend\u00ebr t\u00eb qytetit dhe prisnin t\u00eb p\u00ebrmir\u00ebsohej moti pasi binte shum\u00eb shi. Por k\u00ebmb\u00ebngulja e iniciatorit Z. Spiro ishte kaq e madhe sa ai iu drejtua besimtar\u00ebve duke iu th\u00ebn\u00eb q\u00eb t\u00eb niseshin p\u00ebr tek lumi sepse kur t\u00eb arrinin aty do t\u00eb dilte dielli. K\u00ebshtu ndodhi. Pasi u nis\u00ebn n\u00ebp\u00ebr shi n\u00eb vendin q\u00eb do t\u00eb kryhej ceremonia, buz\u00eb lumit Vjos\u00eb shiu pushoi dhe doli dielli. T\u00eb gjith\u00eb shikonin nj\u00ebri-tjetrin dhe i g\u00ebzoheshin k\u00ebsaj mrekullie. Pas sh\u00ebrbes\u00ebs s\u00eb rastit u b\u00eb hedhja e kryqit n\u00eb ujin e ftoht\u00eb dhe t\u00eb rr\u00ebmbyesh\u00ebm t\u00eb Vjos\u00ebs. P\u00ebr t\u00eb kapur kryqin u hodh\u00ebn n\u00eb lum\u00eb t\u00eb rinjt\u00eb: Sokol Petraq Mitraj dhe Andrea Stavri Mitraj. Pas disa \u00e7astesh k\u00ebrkimi n\u00eb ujin e turbullt kryqi u nxor nga i riu Andrea Mitraj, t\u00eb cilit iu dha nj\u00eb dhurat\u00eb simbolike nga kisha. Shpresojm\u00eb q\u00eb kjo t\u00eb vazhdoj\u00eb edhe n\u00eb vitet q\u00eb do t\u00eb vijn\u00eb.<\/span><\/p>\n<p style=\"text-align: justify;\"><span style=\"font-family: helvetica; font-size: 12pt;\"><\/span><\/p>\n<p style=\"text-align: right;\"><span style=\"color: #000000; font-family: helvetica; font-size: 12pt;\"><strong>At\u00eb Spiro Bulika<\/strong><\/span><\/p>\n","protected":false},"excerpt":{"rendered":"<p>&nbsp;&nbsp;&nbsp; Si n\u00eb t\u00eb gjitha kishat e vendit, edhe n\u00eb kish\u00ebn e Sh\u00ebn Theodhor\u00ebve n\u00eb Vlor\u00eb, atmosfera e Krishtlindjeve u ndie shum\u00eb dit\u00eb m\u00eb p\u00ebrpara se sa t\u00eb vinte data 25 Dhjetor. Q\u00eb prej disa vitesh, \u00ebsht\u00eb b\u00ebr\u00eb tradit\u00eb q\u00eb n\u00eb k\u00ebt\u00eb kish\u00eb, n\u00eb dat\u00ebn 24 dhjetor t\u00eb vijn\u00eb gjat\u00eb gjith\u00eb nat\u00ebs deri n\u00eb or\u00ebt e para t\u00eb m\u00ebngjesit t\u00eb dat\u00ebs 25 shum\u00eb besimtar\u00eb t\u00eb<\/p>\n","protected":false},"author":1,"featured_media":0,"comment_status":"open","ping_status":"open","sticky":false,"template":"","format":"standard","meta":{"_acf_changed":false,"pagelayer_contact_templates":[],"_pagelayer_content":"","inline_featured_image":false,"fifu_image_url":"","fifu_image_alt":"","footnotes":""},"categories":[108],"tags":[146,192,212,197],"class_list":["post-295","post","type-post","status-publish","format-standard","hentry","category-lajme","tag-146","tag-krishtlindje","tag-lajme-d27","tag-berat"],"acf":[],"yoast_head":"<!-- This site is optimized with the Yoast SEO plugin v27.2 - https:\/\/yoast.com\/product\/yoast-seo-wordpress\/ -->\n<title>Atmosfer\u00eb festash n\u00eb Vlor\u00eb. (2008) - Kisha Orthodh\u03bfkse Autoqefale e Shqip\u00ebris\u00eb<\/title>\n<meta name=\"robots\" content=\"index, follow, max-snippet:-1, max-image-preview:large, max-video-preview:-1\" \/>\n<link rel=\"canonical\" href=\"https:\/\/orthodoxalbania.org\/2020\/2008\/02\/26\/atmosfere-festash-ne-vlore-2008\/\" \/>\n<meta property=\"og:locale\" content=\"en_US\" \/>\n<meta property=\"og:type\" content=\"article\" \/>\n<meta property=\"og:title\" content=\"Atmosfer\u00eb festash n\u00eb Vlor\u00eb. (2008) - Kisha Orthodh\u03bfkse Autoqefale e Shqip\u00ebris\u00eb\" \/>\n<meta property=\"og:description\" content=\"&nbsp;&nbsp;&nbsp; Si n\u00eb t\u00eb gjitha kishat e vendit, edhe n\u00eb kish\u00ebn e Sh\u00ebn Theodhor\u00ebve n\u00eb Vlor\u00eb, atmosfera e Krishtlindjeve u ndie shum\u00eb dit\u00eb m\u00eb p\u00ebrpara se sa t\u00eb vinte data 25 Dhjetor. Q\u00eb prej disa vitesh, \u00ebsht\u00eb b\u00ebr\u00eb tradit\u00eb q\u00eb n\u00eb k\u00ebt\u00eb kish\u00eb, n\u00eb dat\u00ebn 24 dhjetor t\u00eb vijn\u00eb gjat\u00eb gjith\u00eb nat\u00ebs deri n\u00eb or\u00ebt e para t\u00eb m\u00ebngjesit t\u00eb dat\u00ebs 25 shum\u00eb besimtar\u00eb t\u00eb\" \/>\n<meta property=\"og:url\" content=\"https:\/\/orthodoxalbania.org\/2020\/2008\/02\/26\/atmosfere-festash-ne-vlore-2008\/\" \/>\n<meta property=\"og:site_name\" content=\"Kisha Orthodh\u03bfkse Autoqefale e Shqip\u00ebris\u00eb\" \/>\n<meta property=\"article:publisher\" content=\"https:\/\/www.facebook.com\/koash1991\" \/>\n<meta property=\"article:published_time\" content=\"2008-02-26T00:00:00+00:00\" \/>\n<meta property=\"article:modified_time\" content=\"2020-04-06T20:35:17+00:00\" \/>\n<meta property=\"og:image\" content=\"https:\/\/orthodoxalbania.org\/2020\/wp-content\/uploads\/2021\/02\/LogoLastALb-200.png\" \/>\n\t<meta property=\"og:image:width\" content=\"200\" \/>\n\t<meta property=\"og:image:height\" content=\"172\" \/>\n\t<meta property=\"og:image:type\" content=\"image\/png\" \/>\n<meta name=\"author\" content=\"Kisha Orthodhokse\" \/>\n<meta name=\"twitter:card\" content=\"summary_large_image\" \/>\n<meta name=\"twitter:label1\" content=\"Written by\" \/>\n\t<meta name=\"twitter:data1\" content=\"Kisha Orthodhokse\" \/>\n\t<meta name=\"twitter:label2\" content=\"Est. reading time\" \/>\n\t<meta name=\"twitter:data2\" content=\"6 minutes\" \/>\n<script type=\"application\/ld+json\" class=\"yoast-schema-graph\">{\"@context\":\"https:\/\/schema.org\",\"@graph\":[{\"@type\":\"Article\",\"@id\":\"https:\/\/orthodoxalbania.org\/2020\/2008\/02\/26\/atmosfere-festash-ne-vlore-2008\/#article\",\"isPartOf\":{\"@id\":\"https:\/\/orthodoxalbania.org\/2020\/2008\/02\/26\/atmosfere-festash-ne-vlore-2008\/\"},\"author\":{\"name\":\"Kisha Orthodhokse\",\"@id\":\"https:\/\/orthodoxalbania.org\/2020\/#\/schema\/person\/0c387634a7063ac612d7ed9ce71c7e86\"},\"headline\":\"Atmosfer\u00eb festash n\u00eb Vlor\u00eb. (2008)\",\"datePublished\":\"2008-02-26T00:00:00+00:00\",\"dateModified\":\"2020-04-06T20:35:17+00:00\",\"mainEntityOfPage\":{\"@id\":\"https:\/\/orthodoxalbania.org\/2020\/2008\/02\/26\/atmosfere-festash-ne-vlore-2008\/\"},\"wordCount\":1107,\"commentCount\":0,\"publisher\":{\"@id\":\"https:\/\/orthodoxalbania.org\/2020\/#organization\"},\"keywords\":[\"2008\",\"Krishtlindje\",\"lajme\",\"Mitropolia Berat\"],\"articleSection\":[\"Lajme\"],\"inLanguage\":\"en-US\"},{\"@type\":\"WebPage\",\"@id\":\"https:\/\/orthodoxalbania.org\/2020\/2008\/02\/26\/atmosfere-festash-ne-vlore-2008\/\",\"url\":\"https:\/\/orthodoxalbania.org\/2020\/2008\/02\/26\/atmosfere-festash-ne-vlore-2008\/\",\"name\":\"Atmosfer\u00eb festash n\u00eb Vlor\u00eb. (2008) - Kisha Orthodh\u03bfkse Autoqefale e Shqip\u00ebris\u00eb\",\"isPartOf\":{\"@id\":\"https:\/\/orthodoxalbania.org\/2020\/#website\"},\"datePublished\":\"2008-02-26T00:00:00+00:00\",\"dateModified\":\"2020-04-06T20:35:17+00:00\",\"breadcrumb\":{\"@id\":\"https:\/\/orthodoxalbania.org\/2020\/2008\/02\/26\/atmosfere-festash-ne-vlore-2008\/#breadcrumb\"},\"inLanguage\":\"en-US\",\"potentialAction\":[{\"@type\":\"ReadAction\",\"target\":[\"https:\/\/orthodoxalbania.org\/2020\/2008\/02\/26\/atmosfere-festash-ne-vlore-2008\/\"]}]},{\"@type\":\"BreadcrumbList\",\"@id\":\"https:\/\/orthodoxalbania.org\/2020\/2008\/02\/26\/atmosfere-festash-ne-vlore-2008\/#breadcrumb\",\"itemListElement\":[{\"@type\":\"ListItem\",\"position\":1,\"name\":\"Home\",\"item\":\"https:\/\/orthodoxalbania.org\/2020\/\"},{\"@type\":\"ListItem\",\"position\":2,\"name\":\"Atmosfer\u00eb festash n\u00eb Vlor\u00eb. (2008)\"}]},{\"@type\":\"WebSite\",\"@id\":\"https:\/\/orthodoxalbania.org\/2020\/#website\",\"url\":\"https:\/\/orthodoxalbania.org\/2020\/\",\"name\":\"Kisha Orthodh\u03bfkse Autoqefale e Shqip\u00ebris\u00eb\",\"description\":\"Fqja Zyrtare e Kish\u00ebs Orthodhokse Autoqefale e Shqip\u00ebris\u00eb me lajmet edhe informacionet zyrtare p\u00ebr struktur\u00ebn edhe veprimtarin e saj.\",\"publisher\":{\"@id\":\"https:\/\/orthodoxalbania.org\/2020\/#organization\"},\"potentialAction\":[{\"@type\":\"SearchAction\",\"target\":{\"@type\":\"EntryPoint\",\"urlTemplate\":\"https:\/\/orthodoxalbania.org\/2020\/?s={search_term_string}\"},\"query-input\":{\"@type\":\"PropertyValueSpecification\",\"valueRequired\":true,\"valueName\":\"search_term_string\"}}],\"inLanguage\":\"en-US\"},{\"@type\":\"Organization\",\"@id\":\"https:\/\/orthodoxalbania.org\/2020\/#organization\",\"name\":\"Kisha Orthodhokse Autoqefale e Shqip\u00ebris\u00eb\",\"url\":\"https:\/\/orthodoxalbania.org\/2020\/\",\"logo\":{\"@type\":\"ImageObject\",\"inLanguage\":\"en-US\",\"@id\":\"https:\/\/orthodoxalbania.org\/2020\/#\/schema\/logo\/image\/\",\"url\":\"https:\/\/orthodoxalbania.org\/2020\/wp-content\/uploads\/2020\/05\/albania.jpeg\",\"contentUrl\":\"https:\/\/orthodoxalbania.org\/2020\/wp-content\/uploads\/2020\/05\/albania.jpeg\",\"width\":540,\"height\":540,\"caption\":\"Kisha Orthodhokse Autoqefale e Shqip\u00ebris\u00eb\"},\"image\":{\"@id\":\"https:\/\/orthodoxalbania.org\/2020\/#\/schema\/logo\/image\/\"},\"sameAs\":[\"https:\/\/www.facebook.com\/koash1991\"]},{\"@type\":\"Person\",\"@id\":\"https:\/\/orthodoxalbania.org\/2020\/#\/schema\/person\/0c387634a7063ac612d7ed9ce71c7e86\",\"name\":\"Kisha Orthodhokse\",\"image\":{\"@type\":\"ImageObject\",\"inLanguage\":\"en-US\",\"@id\":\"https:\/\/secure.gravatar.com\/avatar\/596e7c417251e30f2fbb9c00e026fce61a695a00e51c889caded71c96cbbdde5?s=96&d=mm&r=g\",\"url\":\"https:\/\/secure.gravatar.com\/avatar\/596e7c417251e30f2fbb9c00e026fce61a695a00e51c889caded71c96cbbdde5?s=96&d=mm&r=g\",\"contentUrl\":\"https:\/\/secure.gravatar.com\/avatar\/596e7c417251e30f2fbb9c00e026fce61a695a00e51c889caded71c96cbbdde5?s=96&d=mm&r=g\",\"caption\":\"Kisha Orthodhokse\"}}]}<\/script>\n<!-- \/ Yoast SEO plugin. -->","yoast_head_json":{"title":"Atmosfer\u00eb festash n\u00eb Vlor\u00eb. (2008) - Kisha Orthodh\u03bfkse Autoqefale e Shqip\u00ebris\u00eb","robots":{"index":"index","follow":"follow","max-snippet":"max-snippet:-1","max-image-preview":"max-image-preview:large","max-video-preview":"max-video-preview:-1"},"canonical":"https:\/\/orthodoxalbania.org\/2020\/2008\/02\/26\/atmosfere-festash-ne-vlore-2008\/","og_locale":"en_US","og_type":"article","og_title":"Atmosfer\u00eb festash n\u00eb Vlor\u00eb. (2008) - Kisha Orthodh\u03bfkse Autoqefale e Shqip\u00ebris\u00eb","og_description":"&nbsp;&nbsp;&nbsp; Si n\u00eb t\u00eb gjitha kishat e vendit, edhe n\u00eb kish\u00ebn e Sh\u00ebn Theodhor\u00ebve n\u00eb Vlor\u00eb, atmosfera e Krishtlindjeve u ndie shum\u00eb dit\u00eb m\u00eb p\u00ebrpara se sa t\u00eb vinte data 25 Dhjetor. Q\u00eb prej disa vitesh, \u00ebsht\u00eb b\u00ebr\u00eb tradit\u00eb q\u00eb n\u00eb k\u00ebt\u00eb kish\u00eb, n\u00eb dat\u00ebn 24 dhjetor t\u00eb vijn\u00eb gjat\u00eb gjith\u00eb nat\u00ebs deri n\u00eb or\u00ebt e para t\u00eb m\u00ebngjesit t\u00eb dat\u00ebs 25 shum\u00eb besimtar\u00eb t\u00eb","og_url":"https:\/\/orthodoxalbania.org\/2020\/2008\/02\/26\/atmosfere-festash-ne-vlore-2008\/","og_site_name":"Kisha Orthodh\u03bfkse Autoqefale e Shqip\u00ebris\u00eb","article_publisher":"https:\/\/www.facebook.com\/koash1991","article_published_time":"2008-02-26T00:00:00+00:00","article_modified_time":"2020-04-06T20:35:17+00:00","og_image":[{"width":200,"height":172,"url":"https:\/\/orthodoxalbania.org\/2020\/wp-content\/uploads\/2021\/02\/LogoLastALb-200.png","type":"image\/png"}],"author":"Kisha Orthodhokse","twitter_card":"summary_large_image","twitter_misc":{"Written by":"Kisha Orthodhokse","Est. reading time":"6 minutes"},"schema":{"@context":"https:\/\/schema.org","@graph":[{"@type":"Article","@id":"https:\/\/orthodoxalbania.org\/2020\/2008\/02\/26\/atmosfere-festash-ne-vlore-2008\/#article","isPartOf":{"@id":"https:\/\/orthodoxalbania.org\/2020\/2008\/02\/26\/atmosfere-festash-ne-vlore-2008\/"},"author":{"name":"Kisha Orthodhokse","@id":"https:\/\/orthodoxalbania.org\/2020\/#\/schema\/person\/0c387634a7063ac612d7ed9ce71c7e86"},"headline":"Atmosfer\u00eb festash n\u00eb Vlor\u00eb. (2008)","datePublished":"2008-02-26T00:00:00+00:00","dateModified":"2020-04-06T20:35:17+00:00","mainEntityOfPage":{"@id":"https:\/\/orthodoxalbania.org\/2020\/2008\/02\/26\/atmosfere-festash-ne-vlore-2008\/"},"wordCount":1107,"commentCount":0,"publisher":{"@id":"https:\/\/orthodoxalbania.org\/2020\/#organization"},"keywords":["2008","Krishtlindje","lajme","Mitropolia Berat"],"articleSection":["Lajme"],"inLanguage":"en-US"},{"@type":"WebPage","@id":"https:\/\/orthodoxalbania.org\/2020\/2008\/02\/26\/atmosfere-festash-ne-vlore-2008\/","url":"https:\/\/orthodoxalbania.org\/2020\/2008\/02\/26\/atmosfere-festash-ne-vlore-2008\/","name":"Atmosfer\u00eb festash n\u00eb Vlor\u00eb. (2008) - Kisha Orthodh\u03bfkse Autoqefale e Shqip\u00ebris\u00eb","isPartOf":{"@id":"https:\/\/orthodoxalbania.org\/2020\/#website"},"datePublished":"2008-02-26T00:00:00+00:00","dateModified":"2020-04-06T20:35:17+00:00","breadcrumb":{"@id":"https:\/\/orthodoxalbania.org\/2020\/2008\/02\/26\/atmosfere-festash-ne-vlore-2008\/#breadcrumb"},"inLanguage":"en-US","potentialAction":[{"@type":"ReadAction","target":["https:\/\/orthodoxalbania.org\/2020\/2008\/02\/26\/atmosfere-festash-ne-vlore-2008\/"]}]},{"@type":"BreadcrumbList","@id":"https:\/\/orthodoxalbania.org\/2020\/2008\/02\/26\/atmosfere-festash-ne-vlore-2008\/#breadcrumb","itemListElement":[{"@type":"ListItem","position":1,"name":"Home","item":"https:\/\/orthodoxalbania.org\/2020\/"},{"@type":"ListItem","position":2,"name":"Atmosfer\u00eb festash n\u00eb Vlor\u00eb. (2008)"}]},{"@type":"WebSite","@id":"https:\/\/orthodoxalbania.org\/2020\/#website","url":"https:\/\/orthodoxalbania.org\/2020\/","name":"Kisha Orthodh\u03bfkse Autoqefale e Shqip\u00ebris\u00eb","description":"Fqja Zyrtare e Kish\u00ebs Orthodhokse Autoqefale e Shqip\u00ebris\u00eb me lajmet edhe informacionet zyrtare p\u00ebr struktur\u00ebn edhe veprimtarin e saj.","publisher":{"@id":"https:\/\/orthodoxalbania.org\/2020\/#organization"},"potentialAction":[{"@type":"SearchAction","target":{"@type":"EntryPoint","urlTemplate":"https:\/\/orthodoxalbania.org\/2020\/?s={search_term_string}"},"query-input":{"@type":"PropertyValueSpecification","valueRequired":true,"valueName":"search_term_string"}}],"inLanguage":"en-US"},{"@type":"Organization","@id":"https:\/\/orthodoxalbania.org\/2020\/#organization","name":"Kisha Orthodhokse Autoqefale e Shqip\u00ebris\u00eb","url":"https:\/\/orthodoxalbania.org\/2020\/","logo":{"@type":"ImageObject","inLanguage":"en-US","@id":"https:\/\/orthodoxalbania.org\/2020\/#\/schema\/logo\/image\/","url":"https:\/\/orthodoxalbania.org\/2020\/wp-content\/uploads\/2020\/05\/albania.jpeg","contentUrl":"https:\/\/orthodoxalbania.org\/2020\/wp-content\/uploads\/2020\/05\/albania.jpeg","width":540,"height":540,"caption":"Kisha Orthodhokse Autoqefale e Shqip\u00ebris\u00eb"},"image":{"@id":"https:\/\/orthodoxalbania.org\/2020\/#\/schema\/logo\/image\/"},"sameAs":["https:\/\/www.facebook.com\/koash1991"]},{"@type":"Person","@id":"https:\/\/orthodoxalbania.org\/2020\/#\/schema\/person\/0c387634a7063ac612d7ed9ce71c7e86","name":"Kisha Orthodhokse","image":{"@type":"ImageObject","inLanguage":"en-US","@id":"https:\/\/secure.gravatar.com\/avatar\/596e7c417251e30f2fbb9c00e026fce61a695a00e51c889caded71c96cbbdde5?s=96&d=mm&r=g","url":"https:\/\/secure.gravatar.com\/avatar\/596e7c417251e30f2fbb9c00e026fce61a695a00e51c889caded71c96cbbdde5?s=96&d=mm&r=g","contentUrl":"https:\/\/secure.gravatar.com\/avatar\/596e7c417251e30f2fbb9c00e026fce61a695a00e51c889caded71c96cbbdde5?s=96&d=mm&r=g","caption":"Kisha Orthodhokse"}}]}},"_links":{"self":[{"href":"https:\/\/orthodoxalbania.org\/2020\/wp-json\/wp\/v2\/posts\/295","targetHints":{"allow":["GET"]}}],"collection":[{"href":"https:\/\/orthodoxalbania.org\/2020\/wp-json\/wp\/v2\/posts"}],"about":[{"href":"https:\/\/orthodoxalbania.org\/2020\/wp-json\/wp\/v2\/types\/post"}],"author":[{"embeddable":true,"href":"https:\/\/orthodoxalbania.org\/2020\/wp-json\/wp\/v2\/users\/1"}],"replies":[{"embeddable":true,"href":"https:\/\/orthodoxalbania.org\/2020\/wp-json\/wp\/v2\/comments?post=295"}],"version-history":[{"count":1,"href":"https:\/\/orthodoxalbania.org\/2020\/wp-json\/wp\/v2\/posts\/295\/revisions"}],"predecessor-version":[{"id":15639,"href":"https:\/\/orthodoxalbania.org\/2020\/wp-json\/wp\/v2\/posts\/295\/revisions\/15639"}],"wp:attachment":[{"href":"https:\/\/orthodoxalbania.org\/2020\/wp-json\/wp\/v2\/media?parent=295"}],"wp:term":[{"taxonomy":"category","embeddable":true,"href":"https:\/\/orthodoxalbania.org\/2020\/wp-json\/wp\/v2\/categories?post=295"},{"taxonomy":"post_tag","embeddable":true,"href":"https:\/\/orthodoxalbania.org\/2020\/wp-json\/wp\/v2\/tags?post=295"}],"curies":[{"name":"wp","href":"https:\/\/api.w.org\/{rel}","templated":true}]}}