{"id":294,"date":"2013-03-21T09:15:48","date_gmt":"2013-03-21T09:15:48","guid":{"rendered":""},"modified":"2020-04-06T22:32:09","modified_gmt":"2020-04-06T20:32:09","slug":"atmosfere-faljeje-ne-prag-te-kreshmes-se-madhe","status":"publish","type":"post","link":"https:\/\/orthodoxalbania.org\/2020\/2013\/03\/21\/atmosfere-faljeje-ne-prag-te-kreshmes-se-madhe\/","title":{"rendered":"Atmosfer\u00eb faljeje n\u00eb prag t\u00eb Kreshm\u00ebs s\u00eb Madhe. (6 Mars 2011)"},"content":{"rendered":"<div class=\"MsoNormal\" style=\"text-align: justify;\"><span style=\"font-family: helvetica;\"><span style=\"font-size: 12px;\"><span style=\"color: #000000;\"><img decoding=\"async\" class=\"lazyload HAa Eha\" style=\"height: 187px; width: 250px; border-width: 1px; border-style: solid; margin: 10px; float: left;\" alt=\"\" src=\"data:image\/gif;base64,R0lGODlhAQABAAAAACH5BAEKAAEALAAAAAABAAEAAAICTAEAOw==\" data-orig-src=\"https:\/\/lh3.googleusercontent.com\/-i_lveI0raAc\/VMdPJu0ROYI\/AAAAAAAALEY\/b7m3xx7kRpo\/w387-h290-no\/foto%2B1_600x450_387_290_90.jpg\" \/><span style=\"font-size: 12pt;\">&nbsp;&nbsp;&nbsp; E diela pasdite e 6 marsit i mblodhi besimtar\u00ebt e shumt\u00eb orthodhoks\u00eb n\u00ebp\u00ebr kishat e enorive t\u00eb tyre, p\u00ebr t\u00eb ndjekur sh\u00ebrbes\u00ebn e Mbr\u00ebm\u00ebsores s\u00eb Faljes. Kjo \u00ebsht\u00eb nj\u00eb nd\u00ebr sh\u00ebrbesat m\u00eb t\u00eb bukura dhe mbres\u00ebl\u00ebn\u00ebse, pak or\u00eb para fillimi t\u00eb Kreshm\u00ebs s\u00eb Madhe. Nj\u00eb nd\u00ebr traditat m\u00eb t\u00eb vyera q\u00eb prej vitesh \u00ebsht\u00eb praktikuar edhe n\u00eb kishat e enorive tona \u00ebsht\u00eb krjimi i atmosfer\u00ebs s\u00eb faljes ku klerik\u00ebt dhe besimtar\u00ebt i k\u00ebrkojn\u00eb ndjes\u00eb nj\u00ebri-tjetrit dhe urojn\u00eb p\u00ebr Kreshm\u00eb t\u00eb mbar\u00eb q\u00eb Pashka e Madhe t\u2019i gjej\u00eb t\u00eb rip\u00ebrt\u00ebrir\u00eb m\u00eb Krishtin. N\u00eb heshtje dhe t\u00eb vendosur n\u00eb radh\u00eb, nj\u00ebri pas tjetrit t\u00eb pranishmit i shtr\u00ebngonin dor\u00ebn nj\u00ebri-tjetrit n\u00eb shenj\u00eb solidariteti dhe bashkimi n\u00eb p\u00ebrpjekje e madhe shpirt\u00ebtore t\u00eb k\u00ebsaj periudhe.&nbsp; <\/span><\/span><\/span><\/span><\/div>\n<div class=\"MsoNormal\" style=\"text-align: justify;\"><span style=\"font-family: helvetica; font-size: 12pt;\"><\/span><\/div>\n<div class=\"MsoNormal\" style=\"text-align: justify;\"><span style=\"font-family: helvetica; font-size: 12pt;\"><span style=\"color: #000000;\">&nbsp;&nbsp;&nbsp; I pranish\u00ebm n\u00eb Katedralen e Tiran\u00ebs, Kryepiskopi iu tha besimtar\u00ebve se e gjith\u00eb kjo periudh\u00eb e kreshm\u00ebs na m\u00ebson dhe na kujton se njeriu duhet t\u00eb ket\u00eb vet\u00ebvendosje dhe forc\u00eb p\u00ebr t\u00eb p\u00ebrballuar pasionet e tij. Kreshma ushtron vullnetin dhe lufton pasionet. Prandaj le t\u00eb p\u00ebrpiqemi gjith\u00ebsecili sipas mund\u00ebsis\u00eb s\u00eb tij t\u00eb b\u00ebj\u00eb nj\u00eb sakrific\u00eb p\u00ebr shp\u00ebtimin e tij.<\/span><\/span><\/div>\n<div class=\"MsoNormal\" style=\"text-align: justify;\"><span style=\"font-family: helvetica; font-size: 12pt;\"><\/span><\/div>\n<div class=\"MsoNormal\" style=\"text-align: justify;\"><span style=\"font-family: helvetica; font-size: 12pt;\"><\/span><\/div>\n<div class=\"MsoNormal\" style=\"text-align: right;\"><span style=\"font-family: helvetica; font-size: 12pt;\"><span style=\"color: #000000;\">KRESHM\u00cb T\u00cb MBARA DHE T\u00cb LEHTA!<\/span><\/span><\/div>\n<div class=\"MsoNormal\" style=\"text-align: right;\"><span style=\"font-family: helvetica; font-size: 12pt;\"><span style=\"color: #000000;\"><\/span><\/span><\/div>\n<div style=\"text-align: right;\"><span style=\"font-family: helvetica; font-size: 12pt;\"><span style=\"color: #000000;\"><strong>Isidor Koti<\/strong><\/span><\/span><\/div>\n<div style=\"text-align: right;\"><span style=\"font-family: helvetica; font-size: 12pt;\"><\/span><\/div>\n<div style=\"text-align: right;\"><span style=\"font-family: helvetica; font-size: 12pt;\"><img decoding=\"async\" class=\"lazyload HAa Eha\" style=\"margin: 10px auto; display: block; border: 1px solid;\" alt=\"\" src=\"data:image\/gif;base64,R0lGODlhAQABAAAAACH5BAEKAAEALAAAAAABAAEAAAICTAEAOw==\" data-orig-src=\"https:\/\/lh3.googleusercontent.com\/-i_lveI0raAc\/VMdPJu0ROYI\/AAAAAAAALEY\/b7m3xx7kRpo\/w387-h290-no\/foto+1_600x450_387_290_90.jpg\" \/><\/span><\/div>\n<div style=\"text-align: right;\"><span style=\"font-family: helvetica; font-size: 12pt;\"><\/span><\/div>\n<p><span style=\"font-family: helvetica; font-size: 12pt;\"><img decoding=\"async\" class=\"lazyload HAa Eha\" style=\"margin: 10px auto; display: block; border: 1px solid;\" alt=\"\" src=\"data:image\/gif;base64,R0lGODlhAQABAAAAACH5BAEKAAEALAAAAAABAAEAAAICTAEAOw==\" data-orig-src=\"https:\/\/lh6.googleusercontent.com\/-N3s7f_UdxAU\/VMdPJlVelVI\/AAAAAAAALEk\/3jODsS2tXV0\/w387-h290-no\/foto+2_600x450_387_290_90.jpg\" \/><\/span><\/p>\n<div style=\"text-align: right;\"><span style=\"font-family: helvetica; font-size: 12pt;\"><\/span><\/div>\n<div style=\"text-align: right;\"><span style=\"font-family: helvetica; font-size: 12pt;\"><img decoding=\"async\" class=\"lazyload HAa Eha\" style=\"margin: 10px auto; display: block; border: 1px solid;\" alt=\"\" src=\"data:image\/gif;base64,R0lGODlhAQABAAAAACH5BAEKAAEALAAAAAABAAEAAAICTAEAOw==\" data-orig-src=\"https:\/\/lh3.googleusercontent.com\/-Lf2awgp7dQg\/VMdPJnAdbYI\/AAAAAAAALEU\/8r40wLV2EP0\/w387-h290-no\/foto+3_600x450_387_290_90.jpg\" \/><\/span><\/div>\n<div style=\"text-align: right;\"><span style=\"font-family: helvetica; font-size: 12pt;\"><\/span><\/div>\n<p><span style=\"font-family: helvetica; font-size: 12pt;\"><img decoding=\"async\" class=\"lazyload HAa Eha\" style=\"margin: 10px auto; display: block; border: 1px solid;\" alt=\"\" src=\"data:image\/gif;base64,R0lGODlhAQABAAAAACH5BAEKAAEALAAAAAABAAEAAAICTAEAOw==\" data-orig-src=\"https:\/\/lh4.googleusercontent.com\/-1Nu72jVKDSo\/VMdPKECoO2I\/AAAAAAAALEA\/gpIKMAY1-ok\/w387-h290-no\/foto+4_600x450_387_290_90.jpg\" \/><\/span><\/p>\n<div style=\"text-align: right;\"><span style=\"font-family: helvetica; font-size: 12pt;\"><\/span><\/div>\n<p><span style=\"font-family: helvetica; font-size: 12pt;\"><img decoding=\"async\" class=\"lazyload HAa Eha\" style=\"margin: 10px auto; display: block; border: 1px solid;\" alt=\"\" src=\"data:image\/gif;base64,R0lGODlhAQABAAAAACH5BAEKAAEALAAAAAABAAEAAAICTAEAOw==\" data-orig-src=\"https:\/\/lh3.googleusercontent.com\/-bgGoVGmQIus\/VMdPKfA0whI\/AAAAAAAALEQ\/fwsHsLpGYyc\/w387-h290-no\/foto+5_600x450_387_290_90.jpg\" \/><\/span><\/p>\n<div style=\"text-align: right;\"><span style=\"font-family: helvetica; font-size: 12pt;\"><\/span><\/div>\n<p><span style=\"font-family: helvetica; font-size: 12pt;\"><img decoding=\"async\" class=\"lazyload HAa Eha\" style=\"margin: 10px auto; display: block; border: 1px solid;\" alt=\"\" src=\"data:image\/gif;base64,R0lGODlhAQABAAAAACH5BAEKAAEALAAAAAABAAEAAAICTAEAOw==\" data-orig-src=\"https:\/\/lh6.googleusercontent.com\/-E4KTluG5Tms\/VMdPKihev5I\/AAAAAAAALEM\/z8sb0G7tRl4\/w387-h290-no\/foto+6_600x450_387_290_90.jpg\" \/><\/span><\/p>\n<div style=\"text-align: right;\"><span style=\"font-family: helvetica; font-size: 12pt;\"><\/span><\/div>\n<p><span style=\"font-family: helvetica; font-size: 12pt;\"><img decoding=\"async\" class=\"lazyload HAa Eha\" style=\"margin: 10px auto; display: block; border: 1px solid;\" alt=\"\" src=\"data:image\/gif;base64,R0lGODlhAQABAAAAACH5BAEKAAEALAAAAAABAAEAAAICTAEAOw==\" data-orig-src=\"https:\/\/lh5.googleusercontent.com\/-Ikpb4M8Bmxs\/VMdPLC_POPI\/AAAAAAAALEo\/d4R38uyP-xY\/w387-h290-no\/foto+7_600x450_387_290_90.jpg\" \/><\/span><\/p>\n<div style=\"text-align: right;\"><span style=\"font-family: helvetica; font-size: 12pt;\"><\/span><\/div>\n<p><span style=\"font-family: helvetica; font-size: 12pt;\"><img decoding=\"async\" class=\"lazyload HAa Eha\" style=\"margin: 10px auto; display: block; border: 1px solid;\" alt=\"\" src=\"data:image\/gif;base64,R0lGODlhAQABAAAAACH5BAEKAAEALAAAAAABAAEAAAICTAEAOw==\" data-orig-src=\"https:\/\/lh3.googleusercontent.com\/-dXDjzHd_k0A\/VMdPM69C8_I\/AAAAAAAALEs\/tjJBFGeQgW0\/w387-h290-no\/foto+8_600x450_387_290_90.jpg\" \/><\/span><\/p>\n<div style=\"text-align: right;\"><span style=\"font-family: helvetica; font-size: 12pt;\"><\/span><\/div>\n<div style=\"text-align: right;\"><span style=\"font-family: helvetica; font-size: 12pt;\"><\/span><\/div>\n<div style=\"text-align: center;\"><span style=\"font-family: helvetica; font-size: 12pt;\"><\/span><\/div>\n","protected":false},"excerpt":{"rendered":"<p>&nbsp;&nbsp;&nbsp; E diela pasdite e 6 marsit i mblodhi besimtar\u00ebt e shumt\u00eb orthodhoks\u00eb n\u00ebp\u00ebr kishat e enorive t\u00eb tyre, p\u00ebr t\u00eb ndjekur sh\u00ebrbes\u00ebn e Mbr\u00ebm\u00ebsores s\u00eb Faljes. Kjo \u00ebsht\u00eb nj\u00eb nd\u00ebr sh\u00ebrbesat m\u00eb t\u00eb bukura dhe mbres\u00ebl\u00ebn\u00ebse, pak or\u00eb para fillimi t\u00eb Kreshm\u00ebs s\u00eb Madhe. Nj\u00eb nd\u00ebr traditat m\u00eb t\u00eb vyera q\u00eb prej vitesh \u00ebsht\u00eb praktikuar edhe n\u00eb kishat e enorive tona \u00ebsht\u00eb krjimi i<\/p>\n","protected":false},"author":1,"featured_media":0,"comment_status":"open","ping_status":"open","sticky":false,"template":"","format":"standard","meta":{"_acf_changed":false,"pagelayer_contact_templates":[],"_pagelayer_content":"","inline_featured_image":false,"fifu_image_url":"","fifu_image_alt":"","footnotes":""},"categories":[108],"tags":[143,196,201,212,189],"class_list":["post-294","post","type-post","status-publish","format-standard","hentry","category-lajme","tag-143","tag-tirane","tag-kryepiskopi-anastas","tag-lajme-d27","tag-pashke-2014"],"acf":[],"yoast_head":"<!-- This site is optimized with the Yoast SEO plugin v27.2 - https:\/\/yoast.com\/product\/yoast-seo-wordpress\/ -->\n<title>Atmosfer\u00eb faljeje n\u00eb prag t\u00eb Kreshm\u00ebs s\u00eb Madhe. (6 Mars 2011) - Kisha Orthodh\u03bfkse Autoqefale e Shqip\u00ebris\u00eb<\/title>\n<meta name=\"robots\" content=\"index, follow, max-snippet:-1, max-image-preview:large, max-video-preview:-1\" \/>\n<link rel=\"canonical\" href=\"https:\/\/orthodoxalbania.org\/2020\/2013\/03\/21\/atmosfere-faljeje-ne-prag-te-kreshmes-se-madhe\/\" \/>\n<meta property=\"og:locale\" content=\"en_US\" \/>\n<meta property=\"og:type\" content=\"article\" \/>\n<meta property=\"og:title\" content=\"Atmosfer\u00eb faljeje n\u00eb prag t\u00eb Kreshm\u00ebs s\u00eb Madhe. (6 Mars 2011) - Kisha Orthodh\u03bfkse Autoqefale e Shqip\u00ebris\u00eb\" \/>\n<meta property=\"og:description\" content=\"&nbsp;&nbsp;&nbsp; E diela pasdite e 6 marsit i mblodhi besimtar\u00ebt e shumt\u00eb orthodhoks\u00eb n\u00ebp\u00ebr kishat e enorive t\u00eb tyre, p\u00ebr t\u00eb ndjekur sh\u00ebrbes\u00ebn e Mbr\u00ebm\u00ebsores s\u00eb Faljes. Kjo \u00ebsht\u00eb nj\u00eb nd\u00ebr sh\u00ebrbesat m\u00eb t\u00eb bukura dhe mbres\u00ebl\u00ebn\u00ebse, pak or\u00eb para fillimi t\u00eb Kreshm\u00ebs s\u00eb Madhe. Nj\u00eb nd\u00ebr traditat m\u00eb t\u00eb vyera q\u00eb prej vitesh \u00ebsht\u00eb praktikuar edhe n\u00eb kishat e enorive tona \u00ebsht\u00eb krjimi i\" \/>\n<meta property=\"og:url\" content=\"https:\/\/orthodoxalbania.org\/2020\/2013\/03\/21\/atmosfere-faljeje-ne-prag-te-kreshmes-se-madhe\/\" \/>\n<meta property=\"og:site_name\" content=\"Kisha Orthodh\u03bfkse Autoqefale e Shqip\u00ebris\u00eb\" \/>\n<meta property=\"article:publisher\" content=\"https:\/\/www.facebook.com\/koash1991\" \/>\n<meta property=\"article:published_time\" content=\"2013-03-21T09:15:48+00:00\" \/>\n<meta property=\"article:modified_time\" content=\"2020-04-06T20:32:09+00:00\" \/>\n<meta property=\"og:image\" content=\"https:\/\/lh3.googleusercontent.com\/-i_lveI0raAc\/VMdPJu0ROYI\/AAAAAAAALEY\/b7m3xx7kRpo\/w387-h290-no\/foto%2B1_600x450_387_290_90.jpg\" \/>\n<meta name=\"author\" content=\"Kisha Orthodhokse\" \/>\n<meta name=\"twitter:card\" content=\"summary_large_image\" \/>\n<meta name=\"twitter:label1\" content=\"Written by\" \/>\n\t<meta name=\"twitter:data1\" content=\"Kisha Orthodhokse\" \/>\n\t<meta name=\"twitter:label2\" content=\"Est. reading time\" \/>\n\t<meta name=\"twitter:data2\" content=\"1 minute\" \/>\n<script type=\"application\/ld+json\" class=\"yoast-schema-graph\">{\"@context\":\"https:\/\/schema.org\",\"@graph\":[{\"@type\":\"Article\",\"@id\":\"https:\/\/orthodoxalbania.org\/2020\/2013\/03\/21\/atmosfere-faljeje-ne-prag-te-kreshmes-se-madhe\/#article\",\"isPartOf\":{\"@id\":\"https:\/\/orthodoxalbania.org\/2020\/2013\/03\/21\/atmosfere-faljeje-ne-prag-te-kreshmes-se-madhe\/\"},\"author\":{\"name\":\"Kisha Orthodhokse\",\"@id\":\"https:\/\/orthodoxalbania.org\/2020\/#\/schema\/person\/0c387634a7063ac612d7ed9ce71c7e86\"},\"headline\":\"Atmosfer\u00eb faljeje n\u00eb prag t\u00eb Kreshm\u00ebs s\u00eb Madhe. (6 Mars 2011)\",\"datePublished\":\"2013-03-21T09:15:48+00:00\",\"dateModified\":\"2020-04-06T20:32:09+00:00\",\"mainEntityOfPage\":{\"@id\":\"https:\/\/orthodoxalbania.org\/2020\/2013\/03\/21\/atmosfere-faljeje-ne-prag-te-kreshmes-se-madhe\/\"},\"wordCount\":248,\"commentCount\":0,\"publisher\":{\"@id\":\"https:\/\/orthodoxalbania.org\/2020\/#organization\"},\"image\":{\"@id\":\"https:\/\/orthodoxalbania.org\/2020\/2013\/03\/21\/atmosfere-faljeje-ne-prag-te-kreshmes-se-madhe\/#primaryimage\"},\"thumbnailUrl\":\"https:\/\/lh3.googleusercontent.com\/-i_lveI0raAc\/VMdPJu0ROYI\/AAAAAAAALEY\/b7m3xx7kRpo\/w387-h290-no\/foto%2B1_600x450_387_290_90.jpg\",\"keywords\":[\"2011\",\"Kryepiskopata Tiran\u00eb\",\"Kryepiskopi Anastas\",\"lajme\",\"Pashk\u00eb\"],\"articleSection\":[\"Lajme\"],\"inLanguage\":\"en-US\"},{\"@type\":\"WebPage\",\"@id\":\"https:\/\/orthodoxalbania.org\/2020\/2013\/03\/21\/atmosfere-faljeje-ne-prag-te-kreshmes-se-madhe\/\",\"url\":\"https:\/\/orthodoxalbania.org\/2020\/2013\/03\/21\/atmosfere-faljeje-ne-prag-te-kreshmes-se-madhe\/\",\"name\":\"Atmosfer\u00eb faljeje n\u00eb prag t\u00eb Kreshm\u00ebs s\u00eb Madhe. (6 Mars 2011) - Kisha Orthodh\u03bfkse Autoqefale e Shqip\u00ebris\u00eb\",\"isPartOf\":{\"@id\":\"https:\/\/orthodoxalbania.org\/2020\/#website\"},\"primaryImageOfPage\":{\"@id\":\"https:\/\/orthodoxalbania.org\/2020\/2013\/03\/21\/atmosfere-faljeje-ne-prag-te-kreshmes-se-madhe\/#primaryimage\"},\"image\":{\"@id\":\"https:\/\/orthodoxalbania.org\/2020\/2013\/03\/21\/atmosfere-faljeje-ne-prag-te-kreshmes-se-madhe\/#primaryimage\"},\"thumbnailUrl\":\"https:\/\/lh3.googleusercontent.com\/-i_lveI0raAc\/VMdPJu0ROYI\/AAAAAAAALEY\/b7m3xx7kRpo\/w387-h290-no\/foto%2B1_600x450_387_290_90.jpg\",\"datePublished\":\"2013-03-21T09:15:48+00:00\",\"dateModified\":\"2020-04-06T20:32:09+00:00\",\"breadcrumb\":{\"@id\":\"https:\/\/orthodoxalbania.org\/2020\/2013\/03\/21\/atmosfere-faljeje-ne-prag-te-kreshmes-se-madhe\/#breadcrumb\"},\"inLanguage\":\"en-US\",\"potentialAction\":[{\"@type\":\"ReadAction\",\"target\":[\"https:\/\/orthodoxalbania.org\/2020\/2013\/03\/21\/atmosfere-faljeje-ne-prag-te-kreshmes-se-madhe\/\"]}]},{\"@type\":\"ImageObject\",\"inLanguage\":\"en-US\",\"@id\":\"https:\/\/orthodoxalbania.org\/2020\/2013\/03\/21\/atmosfere-faljeje-ne-prag-te-kreshmes-se-madhe\/#primaryimage\",\"url\":\"https:\/\/lh3.googleusercontent.com\/-i_lveI0raAc\/VMdPJu0ROYI\/AAAAAAAALEY\/b7m3xx7kRpo\/w387-h290-no\/foto%2B1_600x450_387_290_90.jpg\",\"contentUrl\":\"https:\/\/lh3.googleusercontent.com\/-i_lveI0raAc\/VMdPJu0ROYI\/AAAAAAAALEY\/b7m3xx7kRpo\/w387-h290-no\/foto%2B1_600x450_387_290_90.jpg\"},{\"@type\":\"BreadcrumbList\",\"@id\":\"https:\/\/orthodoxalbania.org\/2020\/2013\/03\/21\/atmosfere-faljeje-ne-prag-te-kreshmes-se-madhe\/#breadcrumb\",\"itemListElement\":[{\"@type\":\"ListItem\",\"position\":1,\"name\":\"Home\",\"item\":\"https:\/\/orthodoxalbania.org\/2020\/\"},{\"@type\":\"ListItem\",\"position\":2,\"name\":\"Atmosfer\u00eb faljeje n\u00eb prag t\u00eb Kreshm\u00ebs s\u00eb Madhe. (6 Mars 2011)\"}]},{\"@type\":\"WebSite\",\"@id\":\"https:\/\/orthodoxalbania.org\/2020\/#website\",\"url\":\"https:\/\/orthodoxalbania.org\/2020\/\",\"name\":\"Kisha Orthodh\u03bfkse Autoqefale e Shqip\u00ebris\u00eb\",\"description\":\"Fqja Zyrtare e Kish\u00ebs Orthodhokse Autoqefale e Shqip\u00ebris\u00eb me lajmet edhe informacionet zyrtare p\u00ebr struktur\u00ebn edhe veprimtarin e saj.\",\"publisher\":{\"@id\":\"https:\/\/orthodoxalbania.org\/2020\/#organization\"},\"potentialAction\":[{\"@type\":\"SearchAction\",\"target\":{\"@type\":\"EntryPoint\",\"urlTemplate\":\"https:\/\/orthodoxalbania.org\/2020\/?s={search_term_string}\"},\"query-input\":{\"@type\":\"PropertyValueSpecification\",\"valueRequired\":true,\"valueName\":\"search_term_string\"}}],\"inLanguage\":\"en-US\"},{\"@type\":\"Organization\",\"@id\":\"https:\/\/orthodoxalbania.org\/2020\/#organization\",\"name\":\"Kisha Orthodhokse Autoqefale e Shqip\u00ebris\u00eb\",\"url\":\"https:\/\/orthodoxalbania.org\/2020\/\",\"logo\":{\"@type\":\"ImageObject\",\"inLanguage\":\"en-US\",\"@id\":\"https:\/\/orthodoxalbania.org\/2020\/#\/schema\/logo\/image\/\",\"url\":\"https:\/\/orthodoxalbania.org\/2020\/wp-content\/uploads\/2020\/05\/albania.jpeg\",\"contentUrl\":\"https:\/\/orthodoxalbania.org\/2020\/wp-content\/uploads\/2020\/05\/albania.jpeg\",\"width\":540,\"height\":540,\"caption\":\"Kisha Orthodhokse Autoqefale e Shqip\u00ebris\u00eb\"},\"image\":{\"@id\":\"https:\/\/orthodoxalbania.org\/2020\/#\/schema\/logo\/image\/\"},\"sameAs\":[\"https:\/\/www.facebook.com\/koash1991\"]},{\"@type\":\"Person\",\"@id\":\"https:\/\/orthodoxalbania.org\/2020\/#\/schema\/person\/0c387634a7063ac612d7ed9ce71c7e86\",\"name\":\"Kisha Orthodhokse\",\"image\":{\"@type\":\"ImageObject\",\"inLanguage\":\"en-US\",\"@id\":\"https:\/\/secure.gravatar.com\/avatar\/596e7c417251e30f2fbb9c00e026fce61a695a00e51c889caded71c96cbbdde5?s=96&d=mm&r=g\",\"url\":\"https:\/\/secure.gravatar.com\/avatar\/596e7c417251e30f2fbb9c00e026fce61a695a00e51c889caded71c96cbbdde5?s=96&d=mm&r=g\",\"contentUrl\":\"https:\/\/secure.gravatar.com\/avatar\/596e7c417251e30f2fbb9c00e026fce61a695a00e51c889caded71c96cbbdde5?s=96&d=mm&r=g\",\"caption\":\"Kisha Orthodhokse\"}}]}<\/script>\n<!-- \/ Yoast SEO plugin. -->","yoast_head_json":{"title":"Atmosfer\u00eb faljeje n\u00eb prag t\u00eb Kreshm\u00ebs s\u00eb Madhe. (6 Mars 2011) - Kisha Orthodh\u03bfkse Autoqefale e Shqip\u00ebris\u00eb","robots":{"index":"index","follow":"follow","max-snippet":"max-snippet:-1","max-image-preview":"max-image-preview:large","max-video-preview":"max-video-preview:-1"},"canonical":"https:\/\/orthodoxalbania.org\/2020\/2013\/03\/21\/atmosfere-faljeje-ne-prag-te-kreshmes-se-madhe\/","og_locale":"en_US","og_type":"article","og_title":"Atmosfer\u00eb faljeje n\u00eb prag t\u00eb Kreshm\u00ebs s\u00eb Madhe. (6 Mars 2011) - Kisha Orthodh\u03bfkse Autoqefale e Shqip\u00ebris\u00eb","og_description":"&nbsp;&nbsp;&nbsp; E diela pasdite e 6 marsit i mblodhi besimtar\u00ebt e shumt\u00eb orthodhoks\u00eb n\u00ebp\u00ebr kishat e enorive t\u00eb tyre, p\u00ebr t\u00eb ndjekur sh\u00ebrbes\u00ebn e Mbr\u00ebm\u00ebsores s\u00eb Faljes. Kjo \u00ebsht\u00eb nj\u00eb nd\u00ebr sh\u00ebrbesat m\u00eb t\u00eb bukura dhe mbres\u00ebl\u00ebn\u00ebse, pak or\u00eb para fillimi t\u00eb Kreshm\u00ebs s\u00eb Madhe. Nj\u00eb nd\u00ebr traditat m\u00eb t\u00eb vyera q\u00eb prej vitesh \u00ebsht\u00eb praktikuar edhe n\u00eb kishat e enorive tona \u00ebsht\u00eb krjimi i","og_url":"https:\/\/orthodoxalbania.org\/2020\/2013\/03\/21\/atmosfere-faljeje-ne-prag-te-kreshmes-se-madhe\/","og_site_name":"Kisha Orthodh\u03bfkse Autoqefale e Shqip\u00ebris\u00eb","article_publisher":"https:\/\/www.facebook.com\/koash1991","article_published_time":"2013-03-21T09:15:48+00:00","article_modified_time":"2020-04-06T20:32:09+00:00","og_image":[{"url":"https:\/\/lh3.googleusercontent.com\/-i_lveI0raAc\/VMdPJu0ROYI\/AAAAAAAALEY\/b7m3xx7kRpo\/w387-h290-no\/foto%2B1_600x450_387_290_90.jpg","type":"","width":"","height":""}],"author":"Kisha Orthodhokse","twitter_card":"summary_large_image","twitter_misc":{"Written by":"Kisha Orthodhokse","Est. reading time":"1 minute"},"schema":{"@context":"https:\/\/schema.org","@graph":[{"@type":"Article","@id":"https:\/\/orthodoxalbania.org\/2020\/2013\/03\/21\/atmosfere-faljeje-ne-prag-te-kreshmes-se-madhe\/#article","isPartOf":{"@id":"https:\/\/orthodoxalbania.org\/2020\/2013\/03\/21\/atmosfere-faljeje-ne-prag-te-kreshmes-se-madhe\/"},"author":{"name":"Kisha Orthodhokse","@id":"https:\/\/orthodoxalbania.org\/2020\/#\/schema\/person\/0c387634a7063ac612d7ed9ce71c7e86"},"headline":"Atmosfer\u00eb faljeje n\u00eb prag t\u00eb Kreshm\u00ebs s\u00eb Madhe. (6 Mars 2011)","datePublished":"2013-03-21T09:15:48+00:00","dateModified":"2020-04-06T20:32:09+00:00","mainEntityOfPage":{"@id":"https:\/\/orthodoxalbania.org\/2020\/2013\/03\/21\/atmosfere-faljeje-ne-prag-te-kreshmes-se-madhe\/"},"wordCount":248,"commentCount":0,"publisher":{"@id":"https:\/\/orthodoxalbania.org\/2020\/#organization"},"image":{"@id":"https:\/\/orthodoxalbania.org\/2020\/2013\/03\/21\/atmosfere-faljeje-ne-prag-te-kreshmes-se-madhe\/#primaryimage"},"thumbnailUrl":"https:\/\/lh3.googleusercontent.com\/-i_lveI0raAc\/VMdPJu0ROYI\/AAAAAAAALEY\/b7m3xx7kRpo\/w387-h290-no\/foto%2B1_600x450_387_290_90.jpg","keywords":["2011","Kryepiskopata Tiran\u00eb","Kryepiskopi Anastas","lajme","Pashk\u00eb"],"articleSection":["Lajme"],"inLanguage":"en-US"},{"@type":"WebPage","@id":"https:\/\/orthodoxalbania.org\/2020\/2013\/03\/21\/atmosfere-faljeje-ne-prag-te-kreshmes-se-madhe\/","url":"https:\/\/orthodoxalbania.org\/2020\/2013\/03\/21\/atmosfere-faljeje-ne-prag-te-kreshmes-se-madhe\/","name":"Atmosfer\u00eb faljeje n\u00eb prag t\u00eb Kreshm\u00ebs s\u00eb Madhe. (6 Mars 2011) - Kisha Orthodh\u03bfkse Autoqefale e Shqip\u00ebris\u00eb","isPartOf":{"@id":"https:\/\/orthodoxalbania.org\/2020\/#website"},"primaryImageOfPage":{"@id":"https:\/\/orthodoxalbania.org\/2020\/2013\/03\/21\/atmosfere-faljeje-ne-prag-te-kreshmes-se-madhe\/#primaryimage"},"image":{"@id":"https:\/\/orthodoxalbania.org\/2020\/2013\/03\/21\/atmosfere-faljeje-ne-prag-te-kreshmes-se-madhe\/#primaryimage"},"thumbnailUrl":"https:\/\/lh3.googleusercontent.com\/-i_lveI0raAc\/VMdPJu0ROYI\/AAAAAAAALEY\/b7m3xx7kRpo\/w387-h290-no\/foto%2B1_600x450_387_290_90.jpg","datePublished":"2013-03-21T09:15:48+00:00","dateModified":"2020-04-06T20:32:09+00:00","breadcrumb":{"@id":"https:\/\/orthodoxalbania.org\/2020\/2013\/03\/21\/atmosfere-faljeje-ne-prag-te-kreshmes-se-madhe\/#breadcrumb"},"inLanguage":"en-US","potentialAction":[{"@type":"ReadAction","target":["https:\/\/orthodoxalbania.org\/2020\/2013\/03\/21\/atmosfere-faljeje-ne-prag-te-kreshmes-se-madhe\/"]}]},{"@type":"ImageObject","inLanguage":"en-US","@id":"https:\/\/orthodoxalbania.org\/2020\/2013\/03\/21\/atmosfere-faljeje-ne-prag-te-kreshmes-se-madhe\/#primaryimage","url":"https:\/\/lh3.googleusercontent.com\/-i_lveI0raAc\/VMdPJu0ROYI\/AAAAAAAALEY\/b7m3xx7kRpo\/w387-h290-no\/foto%2B1_600x450_387_290_90.jpg","contentUrl":"https:\/\/lh3.googleusercontent.com\/-i_lveI0raAc\/VMdPJu0ROYI\/AAAAAAAALEY\/b7m3xx7kRpo\/w387-h290-no\/foto%2B1_600x450_387_290_90.jpg"},{"@type":"BreadcrumbList","@id":"https:\/\/orthodoxalbania.org\/2020\/2013\/03\/21\/atmosfere-faljeje-ne-prag-te-kreshmes-se-madhe\/#breadcrumb","itemListElement":[{"@type":"ListItem","position":1,"name":"Home","item":"https:\/\/orthodoxalbania.org\/2020\/"},{"@type":"ListItem","position":2,"name":"Atmosfer\u00eb faljeje n\u00eb prag t\u00eb Kreshm\u00ebs s\u00eb Madhe. (6 Mars 2011)"}]},{"@type":"WebSite","@id":"https:\/\/orthodoxalbania.org\/2020\/#website","url":"https:\/\/orthodoxalbania.org\/2020\/","name":"Kisha Orthodh\u03bfkse Autoqefale e Shqip\u00ebris\u00eb","description":"Fqja Zyrtare e Kish\u00ebs Orthodhokse Autoqefale e Shqip\u00ebris\u00eb me lajmet edhe informacionet zyrtare p\u00ebr struktur\u00ebn edhe veprimtarin e saj.","publisher":{"@id":"https:\/\/orthodoxalbania.org\/2020\/#organization"},"potentialAction":[{"@type":"SearchAction","target":{"@type":"EntryPoint","urlTemplate":"https:\/\/orthodoxalbania.org\/2020\/?s={search_term_string}"},"query-input":{"@type":"PropertyValueSpecification","valueRequired":true,"valueName":"search_term_string"}}],"inLanguage":"en-US"},{"@type":"Organization","@id":"https:\/\/orthodoxalbania.org\/2020\/#organization","name":"Kisha Orthodhokse Autoqefale e Shqip\u00ebris\u00eb","url":"https:\/\/orthodoxalbania.org\/2020\/","logo":{"@type":"ImageObject","inLanguage":"en-US","@id":"https:\/\/orthodoxalbania.org\/2020\/#\/schema\/logo\/image\/","url":"https:\/\/orthodoxalbania.org\/2020\/wp-content\/uploads\/2020\/05\/albania.jpeg","contentUrl":"https:\/\/orthodoxalbania.org\/2020\/wp-content\/uploads\/2020\/05\/albania.jpeg","width":540,"height":540,"caption":"Kisha Orthodhokse Autoqefale e Shqip\u00ebris\u00eb"},"image":{"@id":"https:\/\/orthodoxalbania.org\/2020\/#\/schema\/logo\/image\/"},"sameAs":["https:\/\/www.facebook.com\/koash1991"]},{"@type":"Person","@id":"https:\/\/orthodoxalbania.org\/2020\/#\/schema\/person\/0c387634a7063ac612d7ed9ce71c7e86","name":"Kisha Orthodhokse","image":{"@type":"ImageObject","inLanguage":"en-US","@id":"https:\/\/secure.gravatar.com\/avatar\/596e7c417251e30f2fbb9c00e026fce61a695a00e51c889caded71c96cbbdde5?s=96&d=mm&r=g","url":"https:\/\/secure.gravatar.com\/avatar\/596e7c417251e30f2fbb9c00e026fce61a695a00e51c889caded71c96cbbdde5?s=96&d=mm&r=g","contentUrl":"https:\/\/secure.gravatar.com\/avatar\/596e7c417251e30f2fbb9c00e026fce61a695a00e51c889caded71c96cbbdde5?s=96&d=mm&r=g","caption":"Kisha Orthodhokse"}}]}},"_links":{"self":[{"href":"https:\/\/orthodoxalbania.org\/2020\/wp-json\/wp\/v2\/posts\/294","targetHints":{"allow":["GET"]}}],"collection":[{"href":"https:\/\/orthodoxalbania.org\/2020\/wp-json\/wp\/v2\/posts"}],"about":[{"href":"https:\/\/orthodoxalbania.org\/2020\/wp-json\/wp\/v2\/types\/post"}],"author":[{"embeddable":true,"href":"https:\/\/orthodoxalbania.org\/2020\/wp-json\/wp\/v2\/users\/1"}],"replies":[{"embeddable":true,"href":"https:\/\/orthodoxalbania.org\/2020\/wp-json\/wp\/v2\/comments?post=294"}],"version-history":[{"count":1,"href":"https:\/\/orthodoxalbania.org\/2020\/wp-json\/wp\/v2\/posts\/294\/revisions"}],"predecessor-version":[{"id":15415,"href":"https:\/\/orthodoxalbania.org\/2020\/wp-json\/wp\/v2\/posts\/294\/revisions\/15415"}],"wp:attachment":[{"href":"https:\/\/orthodoxalbania.org\/2020\/wp-json\/wp\/v2\/media?parent=294"}],"wp:term":[{"taxonomy":"category","embeddable":true,"href":"https:\/\/orthodoxalbania.org\/2020\/wp-json\/wp\/v2\/categories?post=294"},{"taxonomy":"post_tag","embeddable":true,"href":"https:\/\/orthodoxalbania.org\/2020\/wp-json\/wp\/v2\/tags?post=294"}],"curies":[{"name":"wp","href":"https:\/\/api.w.org\/{rel}","templated":true}]}}