{"id":2934,"date":"2020-07-22T00:37:25","date_gmt":"2020-07-21T22:37:25","guid":{"rendered":"https:\/\/orthodoxalbania.org\/2020\/2020\/07\/22\/shen-maria-magdalena\/"},"modified":"2020-07-11T09:47:37","modified_gmt":"2020-07-11T07:47:37","slug":"shen-maria-magdalena","status":"publish","type":"post","link":"https:\/\/orthodoxalbania.org\/2020\/2020\/07\/22\/shen-maria-magdalena\/","title":{"rendered":"Osh\u00ebnare Maria Magdalena, miroprur\u00ebse. Markela n\u00eb Hios."},"content":{"rendered":"<p style=\"text-align: justify;\">\n\t<span style=\"color: #ff6600; font-family: helvetica; font-size: 12pt;\"><strong><img decoding=\"async\" alt=\"\" class=\"lazyload cke-resize\" src=\"data:image\/gif;base64,R0lGODlhAQABAAAAACH5BAEKAAEALAAAAAABAAEAAAICTAEAOw==\" data-orig-src=\"https:\/\/scontent.ftia1-1.fna.fbcdn.net\/v\/t1.0-9\/37366109_1050127188495632_3824233885311434752_n.jpg?_nc_cat=102&amp;_nc_oc=AQl8sXHVsupOxluanxTlK5GJM6xxRJnpVGRtPPD7nrq3BDrBT3nApLQKibT8VSPf0Y4&amp;_nc_ht=scontent.ftia1-1.fna&amp;oh=420da0cb20c360b06ac8a8dd0c371459&amp;oe=5DAD6213\" style=\"margin: 10px; border: 1px solid rgb(0, 0, 0); float: left; width: 250px; height: 362px;\" \/><span style=\"color: #008000;\">Osh\u00ebnare Maria Magdalena, miroprur\u00ebse.<\/span><\/strong><\/span><\/p>\n<p style=\"text-align: justify;\">\n\t<span style=\"color: #000000;\"><span style=\"font-size: 12pt; font-family: helvetica;\">Ishte nga fshati Magdala, af\u00ebr Gjenisaretit. B\u00ebnte pjes\u00eb n\u00eb grupin e grave q\u00eb ishin sh\u00ebruar nga Krishti dhe E ndoq\u00ebn pas n\u00ebp\u00ebr udh\u00ebtimet e Tij p\u00ebr t\u00eb p\u00ebrhapur Ungjillin, duke i sh\u00ebrbyer Atij nga pasuria e tyre (Mt.27:55-56; Mk.15:40-41). Maria ishte \u00e7liruar nga shtat\u00eb demon\u00eb (Llk.8:1-3; Mk.16:9).&nbsp;<\/span><span style=\"font-size: 12pt; font-family: helvetica;\">E pranishme n\u00eb kryq\u00ebzimin dhe varrosjen e Jisuit, v\u00ebrejti me kujdes vendin e Varrit p\u00ebr ta gjetur dit\u00ebn tjet\u00ebr, kur, pas pushimit t\u00eb pashkelur t\u00eb s\u00eb shtun\u00ebs, do t\u00eb vinte p\u00ebr t\u00eb lyer me arom\u00eb trupin e shenjt\u00eb (Mt.27:55-56, 61; Jn.19:25; Mk.15:40-47).<\/span><\/span><\/p>\n<p style=\"text-align: justify;\">\n\t<span style=\"color: #000000;\"><span style=\"font-size: 12pt; font-family: helvetica;\">Vazhdimi \u00ebsht\u00eb disi i paqart\u00eb. Sipas t\u00eb gjitha gjasave, grat\u00eb miroprur\u00ebse shkonin pran\u00eb Varrit n\u00eb or\u00eb t\u00eb ndryshme, her\u00eb ve\u00e7 e ve\u00e7, her\u00eb n\u00eb grupe t\u00eb vogla. Maria kishte nderin t\u00eb shikonte e para t\u00eb Ngjallurin n\u00eb t\u00eb gdhir\u00eb t\u00eb s\u00eb diel\u00ebs s\u00eb par\u00eb. E mori p\u00ebr kopshtar derisa i njohu z\u00ebrin, kur Ai e thirri n\u00eb em\u00ebr.&nbsp;<\/span><span style=\"font-size: 12pt; font-family: helvetica;\">E porositi t\u00eb p\u00ebrhapte tek apostujt lajmin e mir\u00eb t\u00eb Ngjalljes. Dhe e kreu porosin\u00eb dhe k\u00ebshtu u b\u00eb apostulle e tyre (Jn.20:1-18; Mk:16.9-10). Gjithashtu, s\u00eb bashku me gra t\u00eb tjera, mori edhe nj\u00eb tjet\u00ebr porosi gjat\u00eb Ngjalljes (Mt.28:1-11; Mk.16:1-7; Llk. 24.1-10).<\/span><\/span><\/p>\n<p style=\"text-align: justify;\">\n\t<span style=\"color: #000000;\"><span style=\"font-size: 12pt; font-family: helvetica;\">P\u00ebrputhja e saj me gruan m\u00ebkatare q\u00eb leu me miro k\u00ebmb\u00ebt e Zotit (Llk.7:36-50) konsiderohet krejt e pabaz\u00eb, ashtu si rr\u00ebfimi se gjoja ajo shkoi n\u00eb Rom\u00eb dhe arriti q\u00eb t\u00eb d\u00ebnohej nga Pilati.&nbsp;<\/span><span style=\"font-size: 12pt; font-family: helvetica;\">Sipas Sinaksarit, prind\u00ebrit e saj ishin Siri dhe Eukaristia, zyrtar\u00eb dhe t\u00eb pasur, nd\u00ebrsa vet\u00eb ajo, e bukur, goj\u00ebtare dhe mrekullib\u00ebr\u00ebse. Veproi n\u00eb Franc\u00eb, Itali, Egjipt, Fenik\u00eb, Siri dhe Azi t\u00eb Vog\u00ebl. Fjeti n\u00eb Efes, ku q\u00ebndroi me Joan Theologun (26 shtator).<\/span><\/span><\/p>\n<p style=\"text-align: justify;\">\n\t<span style=\"font-size: 12pt; font-family: helvetica; color: #000000;\">M\u00eb 4 maj kremtohet transferimi i lipsaneve t\u00eb Maria Magdalen\u00ebs dhe t\u00eb Llazarit n\u00eb vitin 890 nga perandori Leon VI (886-912) n\u00eb Manastirin e Sh\u00ebn Llazarit q\u00eb kishte nd\u00ebrtuar n\u00eb at\u00eb koh\u00eb. Miroprur\u00ebsja kremtohet s\u00eb bashku me grat\u00eb e tjera miroprur\u00ebse t\u00eb diel\u00ebn e tret\u00eb t\u00eb Pashk\u00ebs.<\/span><\/p>\n<div id=\"ckimgrsz\" style=\"left: 18px; top: 26px;\">\n<div class=\"preview\">\n\t\t&nbsp;<\/div>\n<\/div>\n","protected":false},"excerpt":{"rendered":"<p>Osh\u00ebnare Maria Magdalena, miroprur\u00ebse. Ishte nga fshati Magdala, af\u00ebr Gjenisaretit. B\u00ebnte pjes\u00eb n\u00eb grupin e grave q\u00eb ishin sh\u00ebruar nga Krishti dhe E ndoq\u00ebn pas n\u00ebp\u00ebr udh\u00ebtimet e Tij p\u00ebr t\u00eb p\u00ebrhapur Ungjillin, duke i sh\u00ebrbyer Atij nga pasuria e tyre (Mt.27:55-56; Mk.15:40-41). Maria ishte \u00e7liruar nga shtat\u00eb demon\u00eb (Llk.8:1-3; Mk.16:9).&nbsp;E pranishme n\u00eb kryq\u00ebzimin dhe varrosjen e Jisuit, v\u00ebrejti me kujdes vendin e Varrit p\u00ebr<\/p>\n","protected":false},"author":7,"featured_media":0,"comment_status":"closed","ping_status":"closed","sticky":false,"template":"","format":"standard","meta":{"_acf_changed":false,"pagelayer_contact_templates":[],"_pagelayer_content":"","inline_featured_image":false,"fifu_image_url":"","fifu_image_alt":"","footnotes":""},"categories":[372],"tags":[2103,2101],"class_list":["post-2934","post","type-post","status-publish","format-standard","hentry","category-shenjtoret-e-dites","tag-leximet-e-dites","tag-shenjtori-i-dites"],"acf":[],"yoast_head":"<!-- This site is optimized with the Yoast SEO plugin v27.2 - https:\/\/yoast.com\/product\/yoast-seo-wordpress\/ -->\n<title>Osh\u00ebnare Maria Magdalena, miroprur\u00ebse. Markela n\u00eb Hios. - Kisha Orthodh\u03bfkse Autoqefale e Shqip\u00ebris\u00eb<\/title>\n<meta name=\"robots\" content=\"index, follow, max-snippet:-1, max-image-preview:large, max-video-preview:-1\" \/>\n<link rel=\"canonical\" href=\"https:\/\/orthodoxalbania.org\/2020\/2020\/07\/22\/shen-maria-magdalena\/\" \/>\n<meta property=\"og:locale\" content=\"en_US\" \/>\n<meta property=\"og:type\" content=\"article\" \/>\n<meta property=\"og:title\" content=\"Osh\u00ebnare Maria Magdalena, miroprur\u00ebse. Markela n\u00eb Hios. - Kisha Orthodh\u03bfkse Autoqefale e Shqip\u00ebris\u00eb\" \/>\n<meta property=\"og:description\" content=\"Osh\u00ebnare Maria Magdalena, miroprur\u00ebse. Ishte nga fshati Magdala, af\u00ebr Gjenisaretit. B\u00ebnte pjes\u00eb n\u00eb grupin e grave q\u00eb ishin sh\u00ebruar nga Krishti dhe E ndoq\u00ebn pas n\u00ebp\u00ebr udh\u00ebtimet e Tij p\u00ebr t\u00eb p\u00ebrhapur Ungjillin, duke i sh\u00ebrbyer Atij nga pasuria e tyre (Mt.27:55-56; Mk.15:40-41). Maria ishte \u00e7liruar nga shtat\u00eb demon\u00eb (Llk.8:1-3; Mk.16:9).&nbsp;E pranishme n\u00eb kryq\u00ebzimin dhe varrosjen e Jisuit, v\u00ebrejti me kujdes vendin e Varrit p\u00ebr\" \/>\n<meta property=\"og:url\" content=\"https:\/\/orthodoxalbania.org\/2020\/2020\/07\/22\/shen-maria-magdalena\/\" \/>\n<meta property=\"og:site_name\" content=\"Kisha Orthodh\u03bfkse Autoqefale e Shqip\u00ebris\u00eb\" \/>\n<meta property=\"article:publisher\" content=\"https:\/\/www.facebook.com\/koash1991\" \/>\n<meta property=\"article:published_time\" content=\"2020-07-21T22:37:25+00:00\" \/>\n<meta property=\"og:image\" content=\"https:\/\/scontent.ftia1-1.fna.fbcdn.net\/v\/t1.0-9\/37366109_1050127188495632_3824233885311434752_n.jpg?_nc_cat=102&amp;_nc_oc=AQl8sXHVsupOxluanxTlK5GJM6xxRJnpVGRtPPD7nrq3BDrBT3nApLQKibT8VSPf0Y4&amp;_nc_ht=scontent.ftia1-1.fna&amp;oh=420da0cb20c360b06ac8a8dd0c371459&amp;oe=5DAD6213\" \/>\n<meta name=\"author\" content=\"Kisha Orthodhokse\" \/>\n<meta name=\"twitter:card\" content=\"summary_large_image\" \/>\n<meta name=\"twitter:label1\" content=\"Written by\" \/>\n\t<meta name=\"twitter:data1\" content=\"Kisha Orthodhokse\" \/>\n\t<meta name=\"twitter:label2\" content=\"Est. reading time\" \/>\n\t<meta name=\"twitter:data2\" content=\"2 minutes\" \/>\n<script type=\"application\/ld+json\" class=\"yoast-schema-graph\">{\"@context\":\"https:\/\/schema.org\",\"@graph\":[{\"@type\":\"Article\",\"@id\":\"https:\/\/orthodoxalbania.org\/2020\/2020\/07\/22\/shen-maria-magdalena\/#article\",\"isPartOf\":{\"@id\":\"https:\/\/orthodoxalbania.org\/2020\/2020\/07\/22\/shen-maria-magdalena\/\"},\"author\":{\"name\":\"Kisha Orthodhokse\",\"@id\":\"https:\/\/orthodoxalbania.org\/2020\/#\/schema\/person\/df745f942b70e045b3dc05a30211f0de\"},\"headline\":\"Osh\u00ebnare Maria Magdalena, miroprur\u00ebse. Markela n\u00eb Hios.\",\"datePublished\":\"2020-07-21T22:37:25+00:00\",\"mainEntityOfPage\":{\"@id\":\"https:\/\/orthodoxalbania.org\/2020\/2020\/07\/22\/shen-maria-magdalena\/\"},\"wordCount\":382,\"publisher\":{\"@id\":\"https:\/\/orthodoxalbania.org\/2020\/#organization\"},\"image\":{\"@id\":\"https:\/\/orthodoxalbania.org\/2020\/2020\/07\/22\/shen-maria-magdalena\/#primaryimage\"},\"thumbnailUrl\":\"https:\/\/scontent.ftia1-1.fna.fbcdn.net\/v\/t1.0-9\/37366109_1050127188495632_3824233885311434752_n.jpg?_nc_cat=102&amp;_nc_oc=AQl8sXHVsupOxluanxTlK5GJM6xxRJnpVGRtPPD7nrq3BDrBT3nApLQKibT8VSPf0Y4&amp;_nc_ht=scontent.ftia1-1.fna&amp;oh=420da0cb20c360b06ac8a8dd0c371459&amp;oe=5DAD6213\",\"keywords\":[\"leximet e dites\",\"shenjtori i dites\"],\"articleSection\":[\"Shenjtor\u00ebt e dit\u00ebs\"],\"inLanguage\":\"en-US\"},{\"@type\":\"WebPage\",\"@id\":\"https:\/\/orthodoxalbania.org\/2020\/2020\/07\/22\/shen-maria-magdalena\/\",\"url\":\"https:\/\/orthodoxalbania.org\/2020\/2020\/07\/22\/shen-maria-magdalena\/\",\"name\":\"Osh\u00ebnare Maria Magdalena, miroprur\u00ebse. Markela n\u00eb Hios. - Kisha Orthodh\u03bfkse Autoqefale e Shqip\u00ebris\u00eb\",\"isPartOf\":{\"@id\":\"https:\/\/orthodoxalbania.org\/2020\/#website\"},\"primaryImageOfPage\":{\"@id\":\"https:\/\/orthodoxalbania.org\/2020\/2020\/07\/22\/shen-maria-magdalena\/#primaryimage\"},\"image\":{\"@id\":\"https:\/\/orthodoxalbania.org\/2020\/2020\/07\/22\/shen-maria-magdalena\/#primaryimage\"},\"thumbnailUrl\":\"https:\/\/scontent.ftia1-1.fna.fbcdn.net\/v\/t1.0-9\/37366109_1050127188495632_3824233885311434752_n.jpg?_nc_cat=102&amp;_nc_oc=AQl8sXHVsupOxluanxTlK5GJM6xxRJnpVGRtPPD7nrq3BDrBT3nApLQKibT8VSPf0Y4&amp;_nc_ht=scontent.ftia1-1.fna&amp;oh=420da0cb20c360b06ac8a8dd0c371459&amp;oe=5DAD6213\",\"datePublished\":\"2020-07-21T22:37:25+00:00\",\"breadcrumb\":{\"@id\":\"https:\/\/orthodoxalbania.org\/2020\/2020\/07\/22\/shen-maria-magdalena\/#breadcrumb\"},\"inLanguage\":\"en-US\",\"potentialAction\":[{\"@type\":\"ReadAction\",\"target\":[\"https:\/\/orthodoxalbania.org\/2020\/2020\/07\/22\/shen-maria-magdalena\/\"]}]},{\"@type\":\"ImageObject\",\"inLanguage\":\"en-US\",\"@id\":\"https:\/\/orthodoxalbania.org\/2020\/2020\/07\/22\/shen-maria-magdalena\/#primaryimage\",\"url\":\"https:\/\/scontent.ftia1-1.fna.fbcdn.net\/v\/t1.0-9\/37366109_1050127188495632_3824233885311434752_n.jpg?_nc_cat=102&amp;_nc_oc=AQl8sXHVsupOxluanxTlK5GJM6xxRJnpVGRtPPD7nrq3BDrBT3nApLQKibT8VSPf0Y4&amp;_nc_ht=scontent.ftia1-1.fna&amp;oh=420da0cb20c360b06ac8a8dd0c371459&amp;oe=5DAD6213\",\"contentUrl\":\"https:\/\/scontent.ftia1-1.fna.fbcdn.net\/v\/t1.0-9\/37366109_1050127188495632_3824233885311434752_n.jpg?_nc_cat=102&amp;_nc_oc=AQl8sXHVsupOxluanxTlK5GJM6xxRJnpVGRtPPD7nrq3BDrBT3nApLQKibT8VSPf0Y4&amp;_nc_ht=scontent.ftia1-1.fna&amp;oh=420da0cb20c360b06ac8a8dd0c371459&amp;oe=5DAD6213\"},{\"@type\":\"BreadcrumbList\",\"@id\":\"https:\/\/orthodoxalbania.org\/2020\/2020\/07\/22\/shen-maria-magdalena\/#breadcrumb\",\"itemListElement\":[{\"@type\":\"ListItem\",\"position\":1,\"name\":\"Home\",\"item\":\"https:\/\/orthodoxalbania.org\/2020\/\"},{\"@type\":\"ListItem\",\"position\":2,\"name\":\"Osh\u00ebnare Maria Magdalena, miroprur\u00ebse. Markela n\u00eb Hios.\"}]},{\"@type\":\"WebSite\",\"@id\":\"https:\/\/orthodoxalbania.org\/2020\/#website\",\"url\":\"https:\/\/orthodoxalbania.org\/2020\/\",\"name\":\"Kisha Orthodh\u03bfkse Autoqefale e Shqip\u00ebris\u00eb\",\"description\":\"Fqja Zyrtare e Kish\u00ebs Orthodhokse Autoqefale e Shqip\u00ebris\u00eb me lajmet edhe informacionet zyrtare p\u00ebr struktur\u00ebn edhe veprimtarin e saj.\",\"publisher\":{\"@id\":\"https:\/\/orthodoxalbania.org\/2020\/#organization\"},\"potentialAction\":[{\"@type\":\"SearchAction\",\"target\":{\"@type\":\"EntryPoint\",\"urlTemplate\":\"https:\/\/orthodoxalbania.org\/2020\/?s={search_term_string}\"},\"query-input\":{\"@type\":\"PropertyValueSpecification\",\"valueRequired\":true,\"valueName\":\"search_term_string\"}}],\"inLanguage\":\"en-US\"},{\"@type\":\"Organization\",\"@id\":\"https:\/\/orthodoxalbania.org\/2020\/#organization\",\"name\":\"Kisha Orthodhokse Autoqefale e Shqip\u00ebris\u00eb\",\"url\":\"https:\/\/orthodoxalbania.org\/2020\/\",\"logo\":{\"@type\":\"ImageObject\",\"inLanguage\":\"en-US\",\"@id\":\"https:\/\/orthodoxalbania.org\/2020\/#\/schema\/logo\/image\/\",\"url\":\"https:\/\/orthodoxalbania.org\/2020\/wp-content\/uploads\/2020\/05\/albania.jpeg\",\"contentUrl\":\"https:\/\/orthodoxalbania.org\/2020\/wp-content\/uploads\/2020\/05\/albania.jpeg\",\"width\":540,\"height\":540,\"caption\":\"Kisha Orthodhokse Autoqefale e Shqip\u00ebris\u00eb\"},\"image\":{\"@id\":\"https:\/\/orthodoxalbania.org\/2020\/#\/schema\/logo\/image\/\"},\"sameAs\":[\"https:\/\/www.facebook.com\/koash1991\"]},{\"@type\":\"Person\",\"@id\":\"https:\/\/orthodoxalbania.org\/2020\/#\/schema\/person\/df745f942b70e045b3dc05a30211f0de\",\"name\":\"Kisha Orthodhokse\",\"image\":{\"@type\":\"ImageObject\",\"inLanguage\":\"en-US\",\"@id\":\"https:\/\/secure.gravatar.com\/avatar\/2676eb8d97178435c9f691a7871595a1da6c33542dec218bce40885573150e28?s=96&d=mm&r=g\",\"url\":\"https:\/\/secure.gravatar.com\/avatar\/2676eb8d97178435c9f691a7871595a1da6c33542dec218bce40885573150e28?s=96&d=mm&r=g\",\"contentUrl\":\"https:\/\/secure.gravatar.com\/avatar\/2676eb8d97178435c9f691a7871595a1da6c33542dec218bce40885573150e28?s=96&d=mm&r=g\",\"caption\":\"Kisha Orthodhokse\"}}]}<\/script>\n<!-- \/ Yoast SEO plugin. -->","yoast_head_json":{"title":"Osh\u00ebnare Maria Magdalena, miroprur\u00ebse. Markela n\u00eb Hios. - Kisha Orthodh\u03bfkse Autoqefale e Shqip\u00ebris\u00eb","robots":{"index":"index","follow":"follow","max-snippet":"max-snippet:-1","max-image-preview":"max-image-preview:large","max-video-preview":"max-video-preview:-1"},"canonical":"https:\/\/orthodoxalbania.org\/2020\/2020\/07\/22\/shen-maria-magdalena\/","og_locale":"en_US","og_type":"article","og_title":"Osh\u00ebnare Maria Magdalena, miroprur\u00ebse. Markela n\u00eb Hios. - Kisha Orthodh\u03bfkse Autoqefale e Shqip\u00ebris\u00eb","og_description":"Osh\u00ebnare Maria Magdalena, miroprur\u00ebse. Ishte nga fshati Magdala, af\u00ebr Gjenisaretit. B\u00ebnte pjes\u00eb n\u00eb grupin e grave q\u00eb ishin sh\u00ebruar nga Krishti dhe E ndoq\u00ebn pas n\u00ebp\u00ebr udh\u00ebtimet e Tij p\u00ebr t\u00eb p\u00ebrhapur Ungjillin, duke i sh\u00ebrbyer Atij nga pasuria e tyre (Mt.27:55-56; Mk.15:40-41). Maria ishte \u00e7liruar nga shtat\u00eb demon\u00eb (Llk.8:1-3; Mk.16:9).&nbsp;E pranishme n\u00eb kryq\u00ebzimin dhe varrosjen e Jisuit, v\u00ebrejti me kujdes vendin e Varrit p\u00ebr","og_url":"https:\/\/orthodoxalbania.org\/2020\/2020\/07\/22\/shen-maria-magdalena\/","og_site_name":"Kisha Orthodh\u03bfkse Autoqefale e Shqip\u00ebris\u00eb","article_publisher":"https:\/\/www.facebook.com\/koash1991","article_published_time":"2020-07-21T22:37:25+00:00","og_image":[{"url":"https:\/\/scontent.ftia1-1.fna.fbcdn.net\/v\/t1.0-9\/37366109_1050127188495632_3824233885311434752_n.jpg?_nc_cat=102&amp;_nc_oc=AQl8sXHVsupOxluanxTlK5GJM6xxRJnpVGRtPPD7nrq3BDrBT3nApLQKibT8VSPf0Y4&amp;_nc_ht=scontent.ftia1-1.fna&amp;oh=420da0cb20c360b06ac8a8dd0c371459&amp;oe=5DAD6213","type":"","width":"","height":""}],"author":"Kisha Orthodhokse","twitter_card":"summary_large_image","twitter_misc":{"Written by":"Kisha Orthodhokse","Est. reading time":"2 minutes"},"schema":{"@context":"https:\/\/schema.org","@graph":[{"@type":"Article","@id":"https:\/\/orthodoxalbania.org\/2020\/2020\/07\/22\/shen-maria-magdalena\/#article","isPartOf":{"@id":"https:\/\/orthodoxalbania.org\/2020\/2020\/07\/22\/shen-maria-magdalena\/"},"author":{"name":"Kisha Orthodhokse","@id":"https:\/\/orthodoxalbania.org\/2020\/#\/schema\/person\/df745f942b70e045b3dc05a30211f0de"},"headline":"Osh\u00ebnare Maria Magdalena, miroprur\u00ebse. Markela n\u00eb Hios.","datePublished":"2020-07-21T22:37:25+00:00","mainEntityOfPage":{"@id":"https:\/\/orthodoxalbania.org\/2020\/2020\/07\/22\/shen-maria-magdalena\/"},"wordCount":382,"publisher":{"@id":"https:\/\/orthodoxalbania.org\/2020\/#organization"},"image":{"@id":"https:\/\/orthodoxalbania.org\/2020\/2020\/07\/22\/shen-maria-magdalena\/#primaryimage"},"thumbnailUrl":"https:\/\/scontent.ftia1-1.fna.fbcdn.net\/v\/t1.0-9\/37366109_1050127188495632_3824233885311434752_n.jpg?_nc_cat=102&amp;_nc_oc=AQl8sXHVsupOxluanxTlK5GJM6xxRJnpVGRtPPD7nrq3BDrBT3nApLQKibT8VSPf0Y4&amp;_nc_ht=scontent.ftia1-1.fna&amp;oh=420da0cb20c360b06ac8a8dd0c371459&amp;oe=5DAD6213","keywords":["leximet e dites","shenjtori i dites"],"articleSection":["Shenjtor\u00ebt e dit\u00ebs"],"inLanguage":"en-US"},{"@type":"WebPage","@id":"https:\/\/orthodoxalbania.org\/2020\/2020\/07\/22\/shen-maria-magdalena\/","url":"https:\/\/orthodoxalbania.org\/2020\/2020\/07\/22\/shen-maria-magdalena\/","name":"Osh\u00ebnare Maria Magdalena, miroprur\u00ebse. Markela n\u00eb Hios. - Kisha Orthodh\u03bfkse Autoqefale e Shqip\u00ebris\u00eb","isPartOf":{"@id":"https:\/\/orthodoxalbania.org\/2020\/#website"},"primaryImageOfPage":{"@id":"https:\/\/orthodoxalbania.org\/2020\/2020\/07\/22\/shen-maria-magdalena\/#primaryimage"},"image":{"@id":"https:\/\/orthodoxalbania.org\/2020\/2020\/07\/22\/shen-maria-magdalena\/#primaryimage"},"thumbnailUrl":"https:\/\/scontent.ftia1-1.fna.fbcdn.net\/v\/t1.0-9\/37366109_1050127188495632_3824233885311434752_n.jpg?_nc_cat=102&amp;_nc_oc=AQl8sXHVsupOxluanxTlK5GJM6xxRJnpVGRtPPD7nrq3BDrBT3nApLQKibT8VSPf0Y4&amp;_nc_ht=scontent.ftia1-1.fna&amp;oh=420da0cb20c360b06ac8a8dd0c371459&amp;oe=5DAD6213","datePublished":"2020-07-21T22:37:25+00:00","breadcrumb":{"@id":"https:\/\/orthodoxalbania.org\/2020\/2020\/07\/22\/shen-maria-magdalena\/#breadcrumb"},"inLanguage":"en-US","potentialAction":[{"@type":"ReadAction","target":["https:\/\/orthodoxalbania.org\/2020\/2020\/07\/22\/shen-maria-magdalena\/"]}]},{"@type":"ImageObject","inLanguage":"en-US","@id":"https:\/\/orthodoxalbania.org\/2020\/2020\/07\/22\/shen-maria-magdalena\/#primaryimage","url":"https:\/\/scontent.ftia1-1.fna.fbcdn.net\/v\/t1.0-9\/37366109_1050127188495632_3824233885311434752_n.jpg?_nc_cat=102&amp;_nc_oc=AQl8sXHVsupOxluanxTlK5GJM6xxRJnpVGRtPPD7nrq3BDrBT3nApLQKibT8VSPf0Y4&amp;_nc_ht=scontent.ftia1-1.fna&amp;oh=420da0cb20c360b06ac8a8dd0c371459&amp;oe=5DAD6213","contentUrl":"https:\/\/scontent.ftia1-1.fna.fbcdn.net\/v\/t1.0-9\/37366109_1050127188495632_3824233885311434752_n.jpg?_nc_cat=102&amp;_nc_oc=AQl8sXHVsupOxluanxTlK5GJM6xxRJnpVGRtPPD7nrq3BDrBT3nApLQKibT8VSPf0Y4&amp;_nc_ht=scontent.ftia1-1.fna&amp;oh=420da0cb20c360b06ac8a8dd0c371459&amp;oe=5DAD6213"},{"@type":"BreadcrumbList","@id":"https:\/\/orthodoxalbania.org\/2020\/2020\/07\/22\/shen-maria-magdalena\/#breadcrumb","itemListElement":[{"@type":"ListItem","position":1,"name":"Home","item":"https:\/\/orthodoxalbania.org\/2020\/"},{"@type":"ListItem","position":2,"name":"Osh\u00ebnare Maria Magdalena, miroprur\u00ebse. Markela n\u00eb Hios."}]},{"@type":"WebSite","@id":"https:\/\/orthodoxalbania.org\/2020\/#website","url":"https:\/\/orthodoxalbania.org\/2020\/","name":"Kisha Orthodh\u03bfkse Autoqefale e Shqip\u00ebris\u00eb","description":"Fqja Zyrtare e Kish\u00ebs Orthodhokse Autoqefale e Shqip\u00ebris\u00eb me lajmet edhe informacionet zyrtare p\u00ebr struktur\u00ebn edhe veprimtarin e saj.","publisher":{"@id":"https:\/\/orthodoxalbania.org\/2020\/#organization"},"potentialAction":[{"@type":"SearchAction","target":{"@type":"EntryPoint","urlTemplate":"https:\/\/orthodoxalbania.org\/2020\/?s={search_term_string}"},"query-input":{"@type":"PropertyValueSpecification","valueRequired":true,"valueName":"search_term_string"}}],"inLanguage":"en-US"},{"@type":"Organization","@id":"https:\/\/orthodoxalbania.org\/2020\/#organization","name":"Kisha Orthodhokse Autoqefale e Shqip\u00ebris\u00eb","url":"https:\/\/orthodoxalbania.org\/2020\/","logo":{"@type":"ImageObject","inLanguage":"en-US","@id":"https:\/\/orthodoxalbania.org\/2020\/#\/schema\/logo\/image\/","url":"https:\/\/orthodoxalbania.org\/2020\/wp-content\/uploads\/2020\/05\/albania.jpeg","contentUrl":"https:\/\/orthodoxalbania.org\/2020\/wp-content\/uploads\/2020\/05\/albania.jpeg","width":540,"height":540,"caption":"Kisha Orthodhokse Autoqefale e Shqip\u00ebris\u00eb"},"image":{"@id":"https:\/\/orthodoxalbania.org\/2020\/#\/schema\/logo\/image\/"},"sameAs":["https:\/\/www.facebook.com\/koash1991"]},{"@type":"Person","@id":"https:\/\/orthodoxalbania.org\/2020\/#\/schema\/person\/df745f942b70e045b3dc05a30211f0de","name":"Kisha Orthodhokse","image":{"@type":"ImageObject","inLanguage":"en-US","@id":"https:\/\/secure.gravatar.com\/avatar\/2676eb8d97178435c9f691a7871595a1da6c33542dec218bce40885573150e28?s=96&d=mm&r=g","url":"https:\/\/secure.gravatar.com\/avatar\/2676eb8d97178435c9f691a7871595a1da6c33542dec218bce40885573150e28?s=96&d=mm&r=g","contentUrl":"https:\/\/secure.gravatar.com\/avatar\/2676eb8d97178435c9f691a7871595a1da6c33542dec218bce40885573150e28?s=96&d=mm&r=g","caption":"Kisha Orthodhokse"}}]}},"_links":{"self":[{"href":"https:\/\/orthodoxalbania.org\/2020\/wp-json\/wp\/v2\/posts\/2934","targetHints":{"allow":["GET"]}}],"collection":[{"href":"https:\/\/orthodoxalbania.org\/2020\/wp-json\/wp\/v2\/posts"}],"about":[{"href":"https:\/\/orthodoxalbania.org\/2020\/wp-json\/wp\/v2\/types\/post"}],"author":[{"embeddable":true,"href":"https:\/\/orthodoxalbania.org\/2020\/wp-json\/wp\/v2\/users\/7"}],"replies":[{"embeddable":true,"href":"https:\/\/orthodoxalbania.org\/2020\/wp-json\/wp\/v2\/comments?post=2934"}],"version-history":[{"count":1,"href":"https:\/\/orthodoxalbania.org\/2020\/wp-json\/wp\/v2\/posts\/2934\/revisions"}],"predecessor-version":[{"id":22375,"href":"https:\/\/orthodoxalbania.org\/2020\/wp-json\/wp\/v2\/posts\/2934\/revisions\/22375"}],"wp:attachment":[{"href":"https:\/\/orthodoxalbania.org\/2020\/wp-json\/wp\/v2\/media?parent=2934"}],"wp:term":[{"taxonomy":"category","embeddable":true,"href":"https:\/\/orthodoxalbania.org\/2020\/wp-json\/wp\/v2\/categories?post=2934"},{"taxonomy":"post_tag","embeddable":true,"href":"https:\/\/orthodoxalbania.org\/2020\/wp-json\/wp\/v2\/tags?post=2934"}],"curies":[{"name":"wp","href":"https:\/\/api.w.org\/{rel}","templated":true}]}}