{"id":293,"date":"2013-03-21T09:33:14","date_gmt":"2013-03-21T09:33:14","guid":{"rendered":""},"modified":"2020-04-06T22:32:05","modified_gmt":"2020-04-06T20:32:05","slug":"atmosfera-e-pashkes-ne-korce","status":"publish","type":"post","link":"https:\/\/orthodoxalbania.org\/2020\/2013\/03\/21\/atmosfera-e-pashkes-ne-korce\/","title":{"rendered":"Atmosfera e Pashk\u00ebs n\u00eb Kor\u00e7\u00eb. (Prill 2011)"},"content":{"rendered":"<div style=\"text-align: justify;\"><span style=\"color: #000000; font-family: helvetica; font-size: 12pt;\">&nbsp;&nbsp;&nbsp; Atmosfera e Pashk\u00ebs filloi t\u00eb ndihej m\u00eb intensivisht q\u00eb nga e Diela e Dafinave, dit\u00eb e cila sh\u00ebnon mbylljen e periudh\u00ebs s\u00eb Kreshm\u00ebs s\u00eb Madhe dhe fillimin e Jav\u00ebs s\u00eb Madhe t\u00eb p\u00ebsimeve shp\u00ebtimtare.<\/span><\/div>\n<div style=\"text-align: justify;\"><span style=\"color: #000000; font-family: helvetica; font-size: 12pt;\"> &nbsp;&nbsp;&nbsp; Kjo atmosfer\u00eb n\u00eb qytetin e Kor\u00e7\u00ebs shprehej jo vet\u00ebm n\u00eb zbukurimin e objekteve t\u00eb kultit, por edhe n\u00eb intensitetin e lutjeve dhe sh\u00ebrbesave kishtare. Banderolat me urime paskale n\u00eb rrug\u00ebt e qytetit demonstronin nj\u00eb klim\u00eb festive. Sh\u00ebrbesat kishtare u zhvilluan n\u00eb t\u00eb gjitha kishat e qytetit dhe u ndoq\u00ebn nga besimtar\u00eb t\u00eb shumt\u00eb. Sh\u00ebrbesa e Dh\u00ebndrit mblodhi shum\u00eb njer\u00ebz n\u00eb t\u00eb gjitha kishat, t\u00eb cil\u00ebt ndoq\u00ebn me shum\u00eb v\u00ebmendje k\u00ebt\u00eb sh\u00ebrbes\u00eb.<\/span><\/div>\n<div style=\"text-align: justify;\"><span style=\"color: #000000; font-family: helvetica; font-size: 12pt;\"> &nbsp;&nbsp;&nbsp; M\u00eb intensive pjes\u00ebmarrja u b\u00eb t\u00eb M\u00ebrkur\u00ebn e Madhe n\u00eb mbr\u00ebmje, ku si\u00e7 \u00ebsht\u00eb b\u00ebr\u00eb tashm\u00eb tradit\u00eb t\u00eb gjith\u00eb besimtar\u00ebt u mblodh\u00ebn n\u00eb katedralen e Burimit Jet\u00ebdh\u00ebn\u00ebs dhe ndoq\u00ebn sh\u00ebrbes\u00ebn e Efqelis\u00eb, e cila u celebrua nga Imzot Joani, kjo sh\u00ebrbes\u00eb monoklise u mbyll me vajosjen e shenjt\u00eb.<\/span><\/div>\n<div style=\"text-align: justify;\"><span style=\"font-family: helvetica; font-size: 12pt;\"><\/span><\/div>\n<div style=\"text-align: justify;\"><span style=\"color: #000000; font-family: helvetica; font-size: 12pt;\">&nbsp;&nbsp;&nbsp; T\u00eb Enjten e Madhe sh\u00ebrbesat vazhduan n\u00eb t\u00eb gjitha kishat. N\u00eb predikimin e tij Imzot Joani theksoi:<\/span><\/div>\n<div style=\"text-align: justify;\"><span style=\"color: #000000; font-family: helvetica; font-size: 12pt;\"> &nbsp;&nbsp; <em>\u201cDit\u00ebn e Enjte t\u00eb Jav\u00ebs s\u00eb Madhe ne p\u00ebrkujtoj\u00eb nj\u00eb nga themelimet e misterit m\u00eb t\u00eb madh, misterit t\u00eb Eukaristis\u00eb. N\u00eb Kish\u00ebn e vjet\u00ebr ishte nj\u00eb karakteristik\u00eb q\u00eb misteret nuk u shpjegoheshin katikumen\u00ebve, vet\u00ebm mbas pag\u00ebzimit fillonte dhe shpegohej misteri\u2026 dhe kjo, sepse Kisha e vjet\u00ebr besonte fort q\u00eb Ungjilli dhe Krisht\u00ebrimi, \u00ebsht\u00eb nj\u00eb m\u00ebnyr\u00eb t\u00eb jetuari \u2026\u201c<\/em><\/span><\/div>\n<div style=\"text-align: justify;\"><span style=\"color: #000000; font-family: helvetica; font-size: 12pt;\"> &nbsp;&nbsp;&nbsp; Nd\u00ebrsa n\u00eb or\u00ebt e mbr\u00ebmjes, sipas tipikos\u00eb s\u00eb ritualit t\u00eb dit\u00ebs Zoti i varur mbi Kryq u vendos n\u00eb mes t\u00eb kish\u00ebs dhe ku dhjetra mijra njer\u00ebz u p\u00ebrgjunj\u00ebn p\u00ebrpara t\u00eb Kryq\u00ebzuarit. Dit\u00ebn e t\u00eb enjtes n\u00eb sheshin p\u00ebrpara katedrales u vendos\u00ebn nga Bashkia Kor\u00e7\u00eb dhjet\u00eb sht\u00ebpi prej druri dhe u zhvillua panairi tradicional i balt\u00ebs, nj\u00eb tradit\u00eb mjaft e vjet\u00ebr n\u00eb Kor\u00e7\u00eb. Sipas legjend\u00ebs kjo tradit\u00eb \u00ebsht\u00eb marr\u00eb nga ungjilli, ku me t\u00eb hollat q\u00eb Juda kthehu pas tradh\u00ebtis\u00eb q\u00eb i b\u00ebri Zotit u ble ara e sht\u00ebmbarit <em>po\u00e7eb\u00ebr\u00ebsit<\/em> dhe k\u00ebt\u00eb dit\u00eb sipas tradit\u00ebs t\u00eb gjith\u00eb blen\u00eb atikuj balti, si kujtim i k\u00ebsaj ngjarjeje.<\/span><\/div>\n<div style=\"text-align: justify;\"><span style=\"color: #000000; font-family: helvetica; font-size: 12pt;\"> &nbsp; &nbsp; Dita e premte n\u00eb m\u00ebngjes filloi me sh\u00ebrbes\u00ebn e zbritjes s\u00eb Zotit nga kryqi. Menj\u00ebher\u00eb pas k\u00ebtij momenti tingujt e k\u00ebmbanave filluan t\u00eb p\u00ebrshkojn\u00eb vajtuesh\u00ebm qytetin. P\u00ebrs\u00ebri mijra njer\u00ebz u fal\u00ebn p\u00ebrpara Epitafit t\u00eb Zotit. Zhvillimet e k\u00ebsaj dite mbartin me vete edhe nj\u00eb tradit\u00eb e cila nuk dihet kur dhe si i ka fillesat. T\u00eb gjith\u00eb shkojn\u00eb dhe p\u00ebrsh\u00ebndoshin Epitafin n\u00eb t\u00eb gjitha kishat n\u00eb shenj\u00eb mir\u00ebnjohjeje dhe falenderimi p\u00ebr sakrific\u00ebn sublime q\u00eb Zoti b\u00ebri p\u00ebr njer\u00ebzimin. Kjo tradit\u00eb b\u00ebn q\u00eb n\u00eb rrug\u00ebt e qytetit njer\u00ebzit t\u00eb mos reshtin gjat\u00eb gjith\u00eb dit\u00ebs, ndon\u00ebse n\u00eb tonet e natyrshe vajtuese.<\/span><\/div>\n<div style=\"text-align: justify;\"><span style=\"color: #000000; font-family: helvetica; font-size: 12pt;\"> &nbsp;&nbsp;&nbsp; Mbasditja e s\u00eb premtes mblodhi p\u00ebrs\u00ebri besimtar\u00ebt n\u00eb kishat e enorive t\u00eb tyre, ku pas Vajtimeve t\u00eb P\u00ebrmbivarrshme n\u00eb or\u00ebn 18:45 u b\u00eb takimi i pes\u00eb epitaf\u00ebve t\u00eb t\u00eb gjitha kishave. M\u00eb pas procesioni vazhdoi, banda e qytetit shoq\u00ebronte epitaf\u00ebt me marrshe funeb\u00ebr n\u00ebn melodin\u00eb e stanc\u00ebs s\u00eb tret\u00eb t\u00eb vajtimeve. Procesion u ndoq nga mij\u00ebra njer\u00ebz t\u00eb cil\u00ebt shoq\u00ebronin nga pas kortezhin p\u00ebrgjat\u00eb l\u00ebvizjes s\u00eb tij n\u00eb unaz\u00ebn e vog\u00ebl t\u00eb qytetit. K\u00ebshtu, duke u kthyer p\u00ebrs\u00ebri n\u00eb kishat p\u00ebrkat\u00ebse u mbyll kjo dit\u00eb vajtimi dhe g\u00ebzimi, ku Ngjallja kalon nga Kryqi dhe jeta nga vdekja.<\/span><\/div>\n<div style=\"text-align: justify;\"><span style=\"color: #000000; font-family: helvetica; font-size: 12pt;\"> &nbsp;&nbsp;&nbsp; Kulmi i fstimeve arriti natyrsh\u00ebm n\u00eb mesnat\u00ebn e s\u00eb shtun\u00ebs. Mitropoliti i Kor\u00e7\u00ebs Hir\u00ebsia e Tij Imzot Joani shpalli lajmin e g\u00ebzuar dhe triumfal t\u00eb Ngjalljes dhe tha n\u00eb urimin e tij:<\/span><\/div>\n<div style=\"text-align: justify;\"><span style=\"color: #000000; font-family: helvetica; font-size: 12pt;\"> &nbsp;&nbsp;&nbsp; <strong><em>\u201cKrishti u ngjall s\u00eb vdekurish, me vdekjen vdekjen shkeli dhe t\u00eb varrosurve jet\u00ebn&nbsp; u fali\u201d<\/em><\/strong><\/span><\/div>\n<div style=\"text-align: justify;\"><span style=\"color: #000000; font-family: helvetica; font-size: 12pt;\"> &nbsp;&nbsp;&nbsp; Pashka, e cila p\u00ebrkujton dhe kremton Ngjalljen e Zotit dhe Shp\u00ebtimtarit ton\u00eb Jisu Krisht, \u00ebsht\u00eb jo vet\u00ebm festa m\u00eb e vjet\u00ebr, m\u00eb e madhe, m\u00eb solemne dhe m\u00eb e nderuar e Kish\u00ebs, si edhe qendra e jet\u00ebs liturgjike t\u00eb saj, por ajo p\u00ebrb\u00ebn edhe vet\u00eb thelbin e vepr\u00ebs shp\u00ebtimtare t\u00eb Zotit.<\/span><\/div>\n<div style=\"text-align: justify;\"><span style=\"color: #000000; font-family: helvetica; font-size: 12pt;\"> &nbsp;&nbsp;&nbsp; Kremtimi i Pashk\u00ebs na tregon dhe na kujton se Zoti e mundi vdekjen dhe ky \u00ebsht\u00eb <em>Lajmi i Mir\u00eb<\/em> i predikimit t\u00eb Kish\u00ebs. Kjo ngjarje \u00ebsht\u00eb e v\u00ebrteta themelore e besimit t\u00eb krishter\u00eb dhe fillimi i nj\u00eb krijimi t\u00eb ri. N\u00ebp\u00ebrmjet ngjalljes jeta u \u00e7lirua nga kurthi i vdekjes, drita nga burgu i err\u00ebsir\u00ebs, dashuria nga kthetrat e urrejtjes dhe g\u00ebzimi e shpresa u b\u00ebn\u00eb p\u00ebrs\u00ebri pjes\u00eb e njer\u00ebzve dhe natyra njer\u00ebzore u flladit p\u00ebrs\u00ebri me flladin e jet\u00ebs s\u00eb v\u00ebrtet\u00eb. Zoti preku \u00e7do ndijim njer\u00ebzor dhe ndri\u00e7oi me drit\u00ebn e ngjalljes gjith\u00e7ka q\u00eb i p\u00ebrket njeriut.<\/span><\/div>\n<div style=\"text-align: justify;\"><span style=\"color: #000000; font-family: helvetica; font-size: 12pt;\"> &nbsp;&nbsp;&nbsp; Por ajo q\u00eb e b\u00ebri m\u00eb mall\u00ebngjyese edhe sivjet kremtimin e k\u00ebsaj pashke ishte sjellja n\u00eb Kor\u00e7\u00eb e drit\u00ebs q\u00eb ndri\u00e7oi n\u00eb varrin e Krishtit n\u00eb Jerusalem.<\/span><\/div>\n<div style=\"text-align: justify;\"><span style=\"color: #000000; font-family: helvetica; font-size: 12pt;\"> &nbsp;&nbsp;&nbsp; Dit\u00ebn e diel\u00eb n\u00eb ora 10:00 sikund\u00ebr \u00ebsht\u00eb tradit\u00eb u celebrua Mb\u00ebm\u00ebsorja e Dashuris\u00eb, e cila n\u00eb Kor\u00e7\u00eb \u00ebsht\u00eb nj\u00eb sh\u00ebrbes\u00eb monoklise dhe kryhet gjithmon\u00eb n\u00eb kish\u00ebn e Burimit Jet\u00ebdh\u00ebn\u00ebs. M\u00eb pas nga ballkoni i Selis\u00eb s\u00eb Mitropolis\u00eb s\u00eb Shenjt\u00eb t\u00eb Kor\u00e7\u00ebs Hir\u00ebsia e Tij Imzot Joani si\u00e7 \u00ebsht\u00eb tradit\u00eb shpalli p\u00ebrs\u00ebri lajmin e Ngjalljes q\u00eb nga kor\u00e7ar\u00ebt njihet me emrin Ngjallja e dyt\u00eb (<em>Dhefteri Anastasi<\/em>).<\/span><\/div>\n<div style=\"text-align: justify;\"><span style=\"color: #000000; font-family: helvetica; font-size: 12pt;\"> &nbsp;&nbsp;&nbsp; K\u00ebshtu n\u00eb vazhdim n\u00eb Selin\u00eb e Mitropolis\u00eb u prit\u00ebn vizita me rastin e Pashk\u00ebs. Mitropoliti priti urimin edhe nga kryeministri i vendit dhe deputet\u00eb t\u00eb Kor\u00e7\u00ebs. Gjithashtu mor\u00ebn pjes\u00eb pushtetar\u00ebt lokal\u00eb, njer\u00ebz t\u00eb artit dhe kultur\u00ebs, personalitete t\u00eb bot\u00ebs akademike edhe qindra besimtar\u00eb, t\u00eb cil\u00ebt me urimin Krishti u Ngjall, mor\u00ebn dhe bekimet at\u00ebrore t\u00eb Mitropolitit Joan.<\/span><\/div>\n<div style=\"text-align: justify;\"><span style=\"color: #000000; font-family: helvetica; font-size: 12pt;\"> Gjith\u00e7a ishte e mbushur me urimin, Krishti u Ngjall!<\/span><\/div>\n<div style=\"text-align: justify;\"><span style=\"font-family: helvetica; font-size: 12pt;\"><\/span><\/div>\n<div><span style=\"color: #000000; font-family: helvetica; font-size: 12pt;\"><strong>Dhjakon Mihal Sonellari<\/strong><\/span><\/div>\n","protected":false},"excerpt":{"rendered":"<p>&nbsp;&nbsp;&nbsp; Atmosfera e Pashk\u00ebs filloi t\u00eb ndihej m\u00eb intensivisht q\u00eb nga e Diela e Dafinave, dit\u00eb e cila sh\u00ebnon mbylljen e periudh\u00ebs s\u00eb Kreshm\u00ebs s\u00eb Madhe dhe fillimin e Jav\u00ebs s\u00eb Madhe t\u00eb p\u00ebsimeve shp\u00ebtimtare. &nbsp;&nbsp;&nbsp; Kjo atmosfer\u00eb n\u00eb qytetin e Kor\u00e7\u00ebs shprehej jo vet\u00ebm n\u00eb zbukurimin e objekteve t\u00eb kultit, por edhe n\u00eb intensitetin e lutjeve dhe sh\u00ebrbesave kishtare. Banderolat me urime paskale n\u00eb<\/p>\n","protected":false},"author":1,"featured_media":0,"comment_status":"open","ping_status":"open","sticky":false,"template":"","format":"standard","meta":{"_acf_changed":false,"pagelayer_contact_templates":[],"_pagelayer_content":"","inline_featured_image":false,"fifu_image_url":"","fifu_image_alt":"","footnotes":""},"categories":[108],"tags":[143,212,181,189],"class_list":["post-293","post","type-post","status-publish","format-standard","hentry","category-lajme","tag-143","tag-lajme-d27","tag-korce","tag-pashke-2014"],"acf":[],"yoast_head":"<!-- This site is optimized with the Yoast SEO plugin v27.2 - https:\/\/yoast.com\/product\/yoast-seo-wordpress\/ -->\n<title>Atmosfera e Pashk\u00ebs n\u00eb Kor\u00e7\u00eb. (Prill 2011) - Kisha Orthodh\u03bfkse Autoqefale e Shqip\u00ebris\u00eb<\/title>\n<meta name=\"robots\" content=\"index, follow, max-snippet:-1, max-image-preview:large, max-video-preview:-1\" \/>\n<link rel=\"canonical\" href=\"https:\/\/orthodoxalbania.org\/2020\/2013\/03\/21\/atmosfera-e-pashkes-ne-korce\/\" \/>\n<meta property=\"og:locale\" content=\"en_US\" \/>\n<meta property=\"og:type\" content=\"article\" \/>\n<meta property=\"og:title\" content=\"Atmosfera e Pashk\u00ebs n\u00eb Kor\u00e7\u00eb. (Prill 2011) - Kisha Orthodh\u03bfkse Autoqefale e Shqip\u00ebris\u00eb\" \/>\n<meta property=\"og:description\" content=\"&nbsp;&nbsp;&nbsp; Atmosfera e Pashk\u00ebs filloi t\u00eb ndihej m\u00eb intensivisht q\u00eb nga e Diela e Dafinave, dit\u00eb e cila sh\u00ebnon mbylljen e periudh\u00ebs s\u00eb Kreshm\u00ebs s\u00eb Madhe dhe fillimin e Jav\u00ebs s\u00eb Madhe t\u00eb p\u00ebsimeve shp\u00ebtimtare. &nbsp;&nbsp;&nbsp; Kjo atmosfer\u00eb n\u00eb qytetin e Kor\u00e7\u00ebs shprehej jo vet\u00ebm n\u00eb zbukurimin e objekteve t\u00eb kultit, por edhe n\u00eb intensitetin e lutjeve dhe sh\u00ebrbesave kishtare. Banderolat me urime paskale n\u00eb\" \/>\n<meta property=\"og:url\" content=\"https:\/\/orthodoxalbania.org\/2020\/2013\/03\/21\/atmosfera-e-pashkes-ne-korce\/\" \/>\n<meta property=\"og:site_name\" content=\"Kisha Orthodh\u03bfkse Autoqefale e Shqip\u00ebris\u00eb\" \/>\n<meta property=\"article:publisher\" content=\"https:\/\/www.facebook.com\/koash1991\" \/>\n<meta property=\"article:published_time\" content=\"2013-03-21T09:33:14+00:00\" \/>\n<meta property=\"article:modified_time\" content=\"2020-04-06T20:32:05+00:00\" \/>\n<meta property=\"og:image\" content=\"https:\/\/orthodoxalbania.org\/2020\/wp-content\/uploads\/2021\/02\/LogoLastALb-200.png\" \/>\n\t<meta property=\"og:image:width\" content=\"200\" \/>\n\t<meta property=\"og:image:height\" content=\"172\" \/>\n\t<meta property=\"og:image:type\" content=\"image\/png\" \/>\n<meta name=\"author\" content=\"Kisha Orthodhokse\" \/>\n<meta name=\"twitter:card\" content=\"summary_large_image\" \/>\n<meta name=\"twitter:label1\" content=\"Written by\" \/>\n\t<meta name=\"twitter:data1\" content=\"Kisha Orthodhokse\" \/>\n\t<meta name=\"twitter:label2\" content=\"Est. reading time\" \/>\n\t<meta name=\"twitter:data2\" content=\"6 minutes\" \/>\n<script type=\"application\/ld+json\" class=\"yoast-schema-graph\">{\"@context\":\"https:\/\/schema.org\",\"@graph\":[{\"@type\":\"Article\",\"@id\":\"https:\/\/orthodoxalbania.org\/2020\/2013\/03\/21\/atmosfera-e-pashkes-ne-korce\/#article\",\"isPartOf\":{\"@id\":\"https:\/\/orthodoxalbania.org\/2020\/2013\/03\/21\/atmosfera-e-pashkes-ne-korce\/\"},\"author\":{\"name\":\"Kisha Orthodhokse\",\"@id\":\"https:\/\/orthodoxalbania.org\/2020\/#\/schema\/person\/0c387634a7063ac612d7ed9ce71c7e86\"},\"headline\":\"Atmosfera e Pashk\u00ebs n\u00eb Kor\u00e7\u00eb. (Prill 2011)\",\"datePublished\":\"2013-03-21T09:33:14+00:00\",\"dateModified\":\"2020-04-06T20:32:05+00:00\",\"mainEntityOfPage\":{\"@id\":\"https:\/\/orthodoxalbania.org\/2020\/2013\/03\/21\/atmosfera-e-pashkes-ne-korce\/\"},\"wordCount\":1131,\"commentCount\":0,\"publisher\":{\"@id\":\"https:\/\/orthodoxalbania.org\/2020\/#organization\"},\"keywords\":[\"2011\",\"lajme\",\"Mitropolia Kor\u00e7\u00eb\",\"Pashk\u00eb\"],\"articleSection\":[\"Lajme\"],\"inLanguage\":\"en-US\"},{\"@type\":\"WebPage\",\"@id\":\"https:\/\/orthodoxalbania.org\/2020\/2013\/03\/21\/atmosfera-e-pashkes-ne-korce\/\",\"url\":\"https:\/\/orthodoxalbania.org\/2020\/2013\/03\/21\/atmosfera-e-pashkes-ne-korce\/\",\"name\":\"Atmosfera e Pashk\u00ebs n\u00eb Kor\u00e7\u00eb. (Prill 2011) - Kisha Orthodh\u03bfkse Autoqefale e Shqip\u00ebris\u00eb\",\"isPartOf\":{\"@id\":\"https:\/\/orthodoxalbania.org\/2020\/#website\"},\"datePublished\":\"2013-03-21T09:33:14+00:00\",\"dateModified\":\"2020-04-06T20:32:05+00:00\",\"breadcrumb\":{\"@id\":\"https:\/\/orthodoxalbania.org\/2020\/2013\/03\/21\/atmosfera-e-pashkes-ne-korce\/#breadcrumb\"},\"inLanguage\":\"en-US\",\"potentialAction\":[{\"@type\":\"ReadAction\",\"target\":[\"https:\/\/orthodoxalbania.org\/2020\/2013\/03\/21\/atmosfera-e-pashkes-ne-korce\/\"]}]},{\"@type\":\"BreadcrumbList\",\"@id\":\"https:\/\/orthodoxalbania.org\/2020\/2013\/03\/21\/atmosfera-e-pashkes-ne-korce\/#breadcrumb\",\"itemListElement\":[{\"@type\":\"ListItem\",\"position\":1,\"name\":\"Home\",\"item\":\"https:\/\/orthodoxalbania.org\/2020\/\"},{\"@type\":\"ListItem\",\"position\":2,\"name\":\"Atmosfera e Pashk\u00ebs n\u00eb Kor\u00e7\u00eb. (Prill 2011)\"}]},{\"@type\":\"WebSite\",\"@id\":\"https:\/\/orthodoxalbania.org\/2020\/#website\",\"url\":\"https:\/\/orthodoxalbania.org\/2020\/\",\"name\":\"Kisha Orthodh\u03bfkse Autoqefale e Shqip\u00ebris\u00eb\",\"description\":\"Fqja Zyrtare e Kish\u00ebs Orthodhokse Autoqefale e Shqip\u00ebris\u00eb me lajmet edhe informacionet zyrtare p\u00ebr struktur\u00ebn edhe veprimtarin e saj.\",\"publisher\":{\"@id\":\"https:\/\/orthodoxalbania.org\/2020\/#organization\"},\"potentialAction\":[{\"@type\":\"SearchAction\",\"target\":{\"@type\":\"EntryPoint\",\"urlTemplate\":\"https:\/\/orthodoxalbania.org\/2020\/?s={search_term_string}\"},\"query-input\":{\"@type\":\"PropertyValueSpecification\",\"valueRequired\":true,\"valueName\":\"search_term_string\"}}],\"inLanguage\":\"en-US\"},{\"@type\":\"Organization\",\"@id\":\"https:\/\/orthodoxalbania.org\/2020\/#organization\",\"name\":\"Kisha Orthodhokse Autoqefale e Shqip\u00ebris\u00eb\",\"url\":\"https:\/\/orthodoxalbania.org\/2020\/\",\"logo\":{\"@type\":\"ImageObject\",\"inLanguage\":\"en-US\",\"@id\":\"https:\/\/orthodoxalbania.org\/2020\/#\/schema\/logo\/image\/\",\"url\":\"https:\/\/orthodoxalbania.org\/2020\/wp-content\/uploads\/2020\/05\/albania.jpeg\",\"contentUrl\":\"https:\/\/orthodoxalbania.org\/2020\/wp-content\/uploads\/2020\/05\/albania.jpeg\",\"width\":540,\"height\":540,\"caption\":\"Kisha Orthodhokse Autoqefale e Shqip\u00ebris\u00eb\"},\"image\":{\"@id\":\"https:\/\/orthodoxalbania.org\/2020\/#\/schema\/logo\/image\/\"},\"sameAs\":[\"https:\/\/www.facebook.com\/koash1991\"]},{\"@type\":\"Person\",\"@id\":\"https:\/\/orthodoxalbania.org\/2020\/#\/schema\/person\/0c387634a7063ac612d7ed9ce71c7e86\",\"name\":\"Kisha Orthodhokse\",\"image\":{\"@type\":\"ImageObject\",\"inLanguage\":\"en-US\",\"@id\":\"https:\/\/secure.gravatar.com\/avatar\/596e7c417251e30f2fbb9c00e026fce61a695a00e51c889caded71c96cbbdde5?s=96&d=mm&r=g\",\"url\":\"https:\/\/secure.gravatar.com\/avatar\/596e7c417251e30f2fbb9c00e026fce61a695a00e51c889caded71c96cbbdde5?s=96&d=mm&r=g\",\"contentUrl\":\"https:\/\/secure.gravatar.com\/avatar\/596e7c417251e30f2fbb9c00e026fce61a695a00e51c889caded71c96cbbdde5?s=96&d=mm&r=g\",\"caption\":\"Kisha Orthodhokse\"}}]}<\/script>\n<!-- \/ Yoast SEO plugin. -->","yoast_head_json":{"title":"Atmosfera e Pashk\u00ebs n\u00eb Kor\u00e7\u00eb. (Prill 2011) - Kisha Orthodh\u03bfkse Autoqefale e Shqip\u00ebris\u00eb","robots":{"index":"index","follow":"follow","max-snippet":"max-snippet:-1","max-image-preview":"max-image-preview:large","max-video-preview":"max-video-preview:-1"},"canonical":"https:\/\/orthodoxalbania.org\/2020\/2013\/03\/21\/atmosfera-e-pashkes-ne-korce\/","og_locale":"en_US","og_type":"article","og_title":"Atmosfera e Pashk\u00ebs n\u00eb Kor\u00e7\u00eb. (Prill 2011) - Kisha Orthodh\u03bfkse Autoqefale e Shqip\u00ebris\u00eb","og_description":"&nbsp;&nbsp;&nbsp; Atmosfera e Pashk\u00ebs filloi t\u00eb ndihej m\u00eb intensivisht q\u00eb nga e Diela e Dafinave, dit\u00eb e cila sh\u00ebnon mbylljen e periudh\u00ebs s\u00eb Kreshm\u00ebs s\u00eb Madhe dhe fillimin e Jav\u00ebs s\u00eb Madhe t\u00eb p\u00ebsimeve shp\u00ebtimtare. &nbsp;&nbsp;&nbsp; Kjo atmosfer\u00eb n\u00eb qytetin e Kor\u00e7\u00ebs shprehej jo vet\u00ebm n\u00eb zbukurimin e objekteve t\u00eb kultit, por edhe n\u00eb intensitetin e lutjeve dhe sh\u00ebrbesave kishtare. Banderolat me urime paskale n\u00eb","og_url":"https:\/\/orthodoxalbania.org\/2020\/2013\/03\/21\/atmosfera-e-pashkes-ne-korce\/","og_site_name":"Kisha Orthodh\u03bfkse Autoqefale e Shqip\u00ebris\u00eb","article_publisher":"https:\/\/www.facebook.com\/koash1991","article_published_time":"2013-03-21T09:33:14+00:00","article_modified_time":"2020-04-06T20:32:05+00:00","og_image":[{"width":200,"height":172,"url":"https:\/\/orthodoxalbania.org\/2020\/wp-content\/uploads\/2021\/02\/LogoLastALb-200.png","type":"image\/png"}],"author":"Kisha Orthodhokse","twitter_card":"summary_large_image","twitter_misc":{"Written by":"Kisha Orthodhokse","Est. reading time":"6 minutes"},"schema":{"@context":"https:\/\/schema.org","@graph":[{"@type":"Article","@id":"https:\/\/orthodoxalbania.org\/2020\/2013\/03\/21\/atmosfera-e-pashkes-ne-korce\/#article","isPartOf":{"@id":"https:\/\/orthodoxalbania.org\/2020\/2013\/03\/21\/atmosfera-e-pashkes-ne-korce\/"},"author":{"name":"Kisha Orthodhokse","@id":"https:\/\/orthodoxalbania.org\/2020\/#\/schema\/person\/0c387634a7063ac612d7ed9ce71c7e86"},"headline":"Atmosfera e Pashk\u00ebs n\u00eb Kor\u00e7\u00eb. (Prill 2011)","datePublished":"2013-03-21T09:33:14+00:00","dateModified":"2020-04-06T20:32:05+00:00","mainEntityOfPage":{"@id":"https:\/\/orthodoxalbania.org\/2020\/2013\/03\/21\/atmosfera-e-pashkes-ne-korce\/"},"wordCount":1131,"commentCount":0,"publisher":{"@id":"https:\/\/orthodoxalbania.org\/2020\/#organization"},"keywords":["2011","lajme","Mitropolia Kor\u00e7\u00eb","Pashk\u00eb"],"articleSection":["Lajme"],"inLanguage":"en-US"},{"@type":"WebPage","@id":"https:\/\/orthodoxalbania.org\/2020\/2013\/03\/21\/atmosfera-e-pashkes-ne-korce\/","url":"https:\/\/orthodoxalbania.org\/2020\/2013\/03\/21\/atmosfera-e-pashkes-ne-korce\/","name":"Atmosfera e Pashk\u00ebs n\u00eb Kor\u00e7\u00eb. (Prill 2011) - Kisha Orthodh\u03bfkse Autoqefale e Shqip\u00ebris\u00eb","isPartOf":{"@id":"https:\/\/orthodoxalbania.org\/2020\/#website"},"datePublished":"2013-03-21T09:33:14+00:00","dateModified":"2020-04-06T20:32:05+00:00","breadcrumb":{"@id":"https:\/\/orthodoxalbania.org\/2020\/2013\/03\/21\/atmosfera-e-pashkes-ne-korce\/#breadcrumb"},"inLanguage":"en-US","potentialAction":[{"@type":"ReadAction","target":["https:\/\/orthodoxalbania.org\/2020\/2013\/03\/21\/atmosfera-e-pashkes-ne-korce\/"]}]},{"@type":"BreadcrumbList","@id":"https:\/\/orthodoxalbania.org\/2020\/2013\/03\/21\/atmosfera-e-pashkes-ne-korce\/#breadcrumb","itemListElement":[{"@type":"ListItem","position":1,"name":"Home","item":"https:\/\/orthodoxalbania.org\/2020\/"},{"@type":"ListItem","position":2,"name":"Atmosfera e Pashk\u00ebs n\u00eb Kor\u00e7\u00eb. (Prill 2011)"}]},{"@type":"WebSite","@id":"https:\/\/orthodoxalbania.org\/2020\/#website","url":"https:\/\/orthodoxalbania.org\/2020\/","name":"Kisha Orthodh\u03bfkse Autoqefale e Shqip\u00ebris\u00eb","description":"Fqja Zyrtare e Kish\u00ebs Orthodhokse Autoqefale e Shqip\u00ebris\u00eb me lajmet edhe informacionet zyrtare p\u00ebr struktur\u00ebn edhe veprimtarin e saj.","publisher":{"@id":"https:\/\/orthodoxalbania.org\/2020\/#organization"},"potentialAction":[{"@type":"SearchAction","target":{"@type":"EntryPoint","urlTemplate":"https:\/\/orthodoxalbania.org\/2020\/?s={search_term_string}"},"query-input":{"@type":"PropertyValueSpecification","valueRequired":true,"valueName":"search_term_string"}}],"inLanguage":"en-US"},{"@type":"Organization","@id":"https:\/\/orthodoxalbania.org\/2020\/#organization","name":"Kisha Orthodhokse Autoqefale e Shqip\u00ebris\u00eb","url":"https:\/\/orthodoxalbania.org\/2020\/","logo":{"@type":"ImageObject","inLanguage":"en-US","@id":"https:\/\/orthodoxalbania.org\/2020\/#\/schema\/logo\/image\/","url":"https:\/\/orthodoxalbania.org\/2020\/wp-content\/uploads\/2020\/05\/albania.jpeg","contentUrl":"https:\/\/orthodoxalbania.org\/2020\/wp-content\/uploads\/2020\/05\/albania.jpeg","width":540,"height":540,"caption":"Kisha Orthodhokse Autoqefale e Shqip\u00ebris\u00eb"},"image":{"@id":"https:\/\/orthodoxalbania.org\/2020\/#\/schema\/logo\/image\/"},"sameAs":["https:\/\/www.facebook.com\/koash1991"]},{"@type":"Person","@id":"https:\/\/orthodoxalbania.org\/2020\/#\/schema\/person\/0c387634a7063ac612d7ed9ce71c7e86","name":"Kisha Orthodhokse","image":{"@type":"ImageObject","inLanguage":"en-US","@id":"https:\/\/secure.gravatar.com\/avatar\/596e7c417251e30f2fbb9c00e026fce61a695a00e51c889caded71c96cbbdde5?s=96&d=mm&r=g","url":"https:\/\/secure.gravatar.com\/avatar\/596e7c417251e30f2fbb9c00e026fce61a695a00e51c889caded71c96cbbdde5?s=96&d=mm&r=g","contentUrl":"https:\/\/secure.gravatar.com\/avatar\/596e7c417251e30f2fbb9c00e026fce61a695a00e51c889caded71c96cbbdde5?s=96&d=mm&r=g","caption":"Kisha Orthodhokse"}}]}},"_links":{"self":[{"href":"https:\/\/orthodoxalbania.org\/2020\/wp-json\/wp\/v2\/posts\/293","targetHints":{"allow":["GET"]}}],"collection":[{"href":"https:\/\/orthodoxalbania.org\/2020\/wp-json\/wp\/v2\/posts"}],"about":[{"href":"https:\/\/orthodoxalbania.org\/2020\/wp-json\/wp\/v2\/types\/post"}],"author":[{"embeddable":true,"href":"https:\/\/orthodoxalbania.org\/2020\/wp-json\/wp\/v2\/users\/1"}],"replies":[{"embeddable":true,"href":"https:\/\/orthodoxalbania.org\/2020\/wp-json\/wp\/v2\/comments?post=293"}],"version-history":[{"count":1,"href":"https:\/\/orthodoxalbania.org\/2020\/wp-json\/wp\/v2\/posts\/293\/revisions"}],"predecessor-version":[{"id":15392,"href":"https:\/\/orthodoxalbania.org\/2020\/wp-json\/wp\/v2\/posts\/293\/revisions\/15392"}],"wp:attachment":[{"href":"https:\/\/orthodoxalbania.org\/2020\/wp-json\/wp\/v2\/media?parent=293"}],"wp:term":[{"taxonomy":"category","embeddable":true,"href":"https:\/\/orthodoxalbania.org\/2020\/wp-json\/wp\/v2\/categories?post=293"},{"taxonomy":"post_tag","embeddable":true,"href":"https:\/\/orthodoxalbania.org\/2020\/wp-json\/wp\/v2\/tags?post=293"}],"curies":[{"name":"wp","href":"https:\/\/api.w.org\/{rel}","templated":true}]}}