{"id":291,"date":"2013-03-21T10:02:43","date_gmt":"2013-03-21T10:02:43","guid":{"rendered":""},"modified":"2020-04-06T22:31:59","modified_gmt":"2020-04-06T20:31:59","slug":"asambleja-e-te-rinjve-orthodhokse-te-ballkanit-boya-zgjedh-bordin-e-ri-te-saj","status":"publish","type":"post","link":"https:\/\/orthodoxalbania.org\/2020\/2013\/03\/21\/asambleja-e-te-rinjve-orthodhokse-te-ballkanit-boya-zgjedh-bordin-e-ri-te-saj\/","title":{"rendered":"Asambleja e t\u00eb rinjve orthodhoks\u00eb t\u00eb Ballkanit (BOYA) zgjedh bordin e ri t\u00eb saj. (17 &#8211; 21 Gusht 2011)"},"content":{"rendered":"<div style=\"text-align: justify;\"><span style=\"color: #000000; font-family: helvetica;\"><span class=\"style10\"><img decoding=\"async\" class=\"lazyload HAa Eha\" style=\"border-width: 1px; border-style: solid; margin: 10px; float: left;\" alt=\"\" src=\"data:image\/svg+xml,%3Csvg%20xmlns%3D%27http%3A%2F%2Fwww.w3.org%2F2000%2Fsvg%27%20width%3D%27328%27%20height%3D%27247%27%20viewBox%3D%270%200%20328%20247%27%3E%3Crect%20width%3D%27328%27%20height%3D%27247%27%20fill-opacity%3D%220%22%2F%3E%3C%2Fsvg%3E\" data-orig-src=\"https:\/\/lh6.googleusercontent.com\/-qAu3o77ENwQ\/VAQ4Ub6YpzI\/AAAAAAAACf8\/iSQZOq60Chw\/w600-h450-no\/IMG_3001_600x450.JPG\" height=\"247\" width=\"328\" \/><span style=\"font-size: 12pt;\">&nbsp; &nbsp; <\/span><\/span><span style=\"font-size: 12pt;\">N\u00eb datat 17\u201321 gusht 2011, n\u00eb Manastirin e hirsh\u00ebm t\u00eb Sh\u00ebn Gjergjit n\u00eb Haxhidimovo t\u00eb Bullgaris\u00eb, u mblodh Asambleja e pest\u00eb e p\u00ebrgjithshme e Federat\u00ebs Rinore t\u00eb t\u00eb Rinjve t\u00eb Ballkanit, BOYA (Balkan Orthodox Youth Association). Mor\u00ebn pjes\u00eb p\u00ebrfaq\u00ebsues nga Greqia, Serbia, Mali i Zi, Bullgaria, Rumania dhe Shqip\u00ebria. N\u00eb t\u00eb u diskutua plani i aktiviteteve nga drejtuesit e saj p\u00ebr kat\u00ebr vitet e ardhshme. Gjat\u00eb zhvillimit t\u00eb punimeve u zgjodh bordi i ri drejtues me an\u00ebtar\u00eb nga t\u00eb gjitha vendet pjes\u00ebmarr\u00ebse. Presidenca e radh\u00ebs p\u00ebr kat\u00ebr vitet n\u00eb vazhdim u vendos t\u2019i p\u00ebrkas\u00eb Rumanis\u00eb.<\/span><\/span><\/div>\n<div style=\"text-align: justify;\"><span style=\"color: #000000; font-family: helvetica; font-size: 12pt;\"> <span class=\"style10\">&nbsp; &nbsp; <\/span>Kisha jon\u00eb u p\u00ebrfaq\u00ebsua nga koordinatori i Zyr\u00ebs Qendrore Rinore z. Joan Meni, i cili u zgjodh me an\u00eb t\u00eb votimit t\u00eb p\u00ebrgjithsh\u00ebm edhe Zv.president i Federat\u00ebs. Sekretari i p\u00ebrgjithsh\u00ebm u zgjodh i riu nga Athina z. Vasilis Petrolekas, i cili z\u00ebvend\u00ebsoi paraardh\u00ebsin e tij, z. Janis Zervos q\u00eb p\u00ebr 20 vjet me radh\u00eb kontribuoi n\u00eb m\u00ebnyr\u00eb t\u00eb vazhdueshme p\u00ebr mbar\u00ebvajtjen e t\u00eb gjitha programeve t\u00eb BOYA-s.<\/span><\/div>\n<div style=\"text-align: justify;\"><span style=\"color: #000000; font-family: helvetica; font-size: 12pt;\"> <span class=\"style10\">&nbsp;&nbsp; <\/span>Federata Rinore e t\u00eb Rinjve t\u00eb Ballkanit funksionon dhe i zhvillon aktivitetet e saj me bekimin e Patriarkan\u00ebs Ekumenike si dhe t\u00eb kishave t\u00eb tjera orthodhokse t\u00eb Ballkanit q\u00eb prej vitit 1993. Q\u00ebllimi kryesor i k\u00ebtij organizmi \u00ebsht\u00eb forcimi dhe zhvillimi i marr\u00ebdh\u00ebnieve t\u00eb t\u00eb rinjve orthodhoks\u00eb si dhe inkurajimi i bashk\u00ebpunimit mes kishave motra t\u00eb Ballkanit, n\u00ebp\u00ebrmjet l\u00ebvizjeve rinore, duke u bazuar n\u00eb besimin orthodhoks dhe n\u00eb tradit\u00ebn e tij.<\/span><\/div>\n","protected":false},"excerpt":{"rendered":"<p>&nbsp; &nbsp; N\u00eb datat 17\u201321 gusht 2011, n\u00eb Manastirin e hirsh\u00ebm t\u00eb Sh\u00ebn Gjergjit n\u00eb Haxhidimovo t\u00eb Bullgaris\u00eb, u mblodh Asambleja e pest\u00eb e p\u00ebrgjithshme e Federat\u00ebs Rinore t\u00eb t\u00eb Rinjve t\u00eb Ballkanit, BOYA (Balkan Orthodox Youth Association). Mor\u00ebn pjes\u00eb p\u00ebrfaq\u00ebsues nga Greqia, Serbia, Mali i Zi, Bullgaria, Rumania dhe Shqip\u00ebria. N\u00eb t\u00eb u diskutua plani i aktiviteteve nga drejtuesit e saj p\u00ebr kat\u00ebr vitet<\/p>\n","protected":false},"author":1,"featured_media":0,"comment_status":"open","ping_status":"open","sticky":false,"template":"","format":"standard","meta":{"_acf_changed":false,"pagelayer_contact_templates":[],"_pagelayer_content":"","inline_featured_image":false,"fifu_image_url":"","fifu_image_alt":"","footnotes":""},"categories":[108],"tags":[143,196,212,176],"class_list":["post-291","post","type-post","status-publish","format-standard","hentry","category-lajme","tag-143","tag-tirane","tag-lajme-d27","tag-rinia-orthodhokse"],"acf":[],"yoast_head":"<!-- This site is optimized with the Yoast SEO plugin v27.2 - https:\/\/yoast.com\/product\/yoast-seo-wordpress\/ -->\n<title>Asambleja e t\u00eb rinjve orthodhoks\u00eb t\u00eb Ballkanit (BOYA) zgjedh bordin e ri t\u00eb saj. (17 - 21 Gusht 2011) - Kisha Orthodh\u03bfkse Autoqefale e Shqip\u00ebris\u00eb<\/title>\n<meta name=\"robots\" content=\"index, follow, max-snippet:-1, max-image-preview:large, max-video-preview:-1\" \/>\n<link rel=\"canonical\" href=\"https:\/\/orthodoxalbania.org\/2020\/2013\/03\/21\/asambleja-e-te-rinjve-orthodhokse-te-ballkanit-boya-zgjedh-bordin-e-ri-te-saj\/\" \/>\n<meta property=\"og:locale\" content=\"en_US\" \/>\n<meta property=\"og:type\" content=\"article\" \/>\n<meta property=\"og:title\" content=\"Asambleja e t\u00eb rinjve orthodhoks\u00eb t\u00eb Ballkanit (BOYA) zgjedh bordin e ri t\u00eb saj. (17 - 21 Gusht 2011) - Kisha Orthodh\u03bfkse Autoqefale e Shqip\u00ebris\u00eb\" \/>\n<meta property=\"og:description\" content=\"&nbsp; &nbsp; N\u00eb datat 17\u201321 gusht 2011, n\u00eb Manastirin e hirsh\u00ebm t\u00eb Sh\u00ebn Gjergjit n\u00eb Haxhidimovo t\u00eb Bullgaris\u00eb, u mblodh Asambleja e pest\u00eb e p\u00ebrgjithshme e Federat\u00ebs Rinore t\u00eb t\u00eb Rinjve t\u00eb Ballkanit, BOYA (Balkan Orthodox Youth Association). Mor\u00ebn pjes\u00eb p\u00ebrfaq\u00ebsues nga Greqia, Serbia, Mali i Zi, Bullgaria, Rumania dhe Shqip\u00ebria. N\u00eb t\u00eb u diskutua plani i aktiviteteve nga drejtuesit e saj p\u00ebr kat\u00ebr vitet\" \/>\n<meta property=\"og:url\" content=\"https:\/\/orthodoxalbania.org\/2020\/2013\/03\/21\/asambleja-e-te-rinjve-orthodhokse-te-ballkanit-boya-zgjedh-bordin-e-ri-te-saj\/\" \/>\n<meta property=\"og:site_name\" content=\"Kisha Orthodh\u03bfkse Autoqefale e Shqip\u00ebris\u00eb\" \/>\n<meta property=\"article:publisher\" content=\"https:\/\/www.facebook.com\/koash1991\" \/>\n<meta property=\"article:published_time\" content=\"2013-03-21T10:02:43+00:00\" \/>\n<meta property=\"article:modified_time\" content=\"2020-04-06T20:31:59+00:00\" \/>\n<meta property=\"og:image\" content=\"https:\/\/lh6.googleusercontent.com\/-qAu3o77ENwQ\/VAQ4Ub6YpzI\/AAAAAAAACf8\/iSQZOq60Chw\/w600-h450-no\/IMG_3001_600x450.JPG\" \/>\n<meta name=\"author\" content=\"Kisha Orthodhokse\" \/>\n<meta name=\"twitter:card\" content=\"summary_large_image\" \/>\n<meta name=\"twitter:label1\" content=\"Written by\" \/>\n\t<meta name=\"twitter:data1\" content=\"Kisha Orthodhokse\" \/>\n\t<meta name=\"twitter:label2\" content=\"Est. reading time\" \/>\n\t<meta name=\"twitter:data2\" content=\"1 minute\" \/>\n<script type=\"application\/ld+json\" class=\"yoast-schema-graph\">{\"@context\":\"https:\/\/schema.org\",\"@graph\":[{\"@type\":\"Article\",\"@id\":\"https:\/\/orthodoxalbania.org\/2020\/2013\/03\/21\/asambleja-e-te-rinjve-orthodhokse-te-ballkanit-boya-zgjedh-bordin-e-ri-te-saj\/#article\",\"isPartOf\":{\"@id\":\"https:\/\/orthodoxalbania.org\/2020\/2013\/03\/21\/asambleja-e-te-rinjve-orthodhokse-te-ballkanit-boya-zgjedh-bordin-e-ri-te-saj\/\"},\"author\":{\"name\":\"Kisha Orthodhokse\",\"@id\":\"https:\/\/orthodoxalbania.org\/2020\/#\/schema\/person\/0c387634a7063ac612d7ed9ce71c7e86\"},\"headline\":\"Asambleja e t\u00eb rinjve orthodhoks\u00eb t\u00eb Ballkanit (BOYA) zgjedh bordin e ri t\u00eb saj. (17 &#8211; 21 Gusht 2011)\",\"datePublished\":\"2013-03-21T10:02:43+00:00\",\"dateModified\":\"2020-04-06T20:31:59+00:00\",\"mainEntityOfPage\":{\"@id\":\"https:\/\/orthodoxalbania.org\/2020\/2013\/03\/21\/asambleja-e-te-rinjve-orthodhokse-te-ballkanit-boya-zgjedh-bordin-e-ri-te-saj\/\"},\"wordCount\":295,\"commentCount\":0,\"publisher\":{\"@id\":\"https:\/\/orthodoxalbania.org\/2020\/#organization\"},\"image\":{\"@id\":\"https:\/\/orthodoxalbania.org\/2020\/2013\/03\/21\/asambleja-e-te-rinjve-orthodhokse-te-ballkanit-boya-zgjedh-bordin-e-ri-te-saj\/#primaryimage\"},\"thumbnailUrl\":\"https:\/\/lh6.googleusercontent.com\/-qAu3o77ENwQ\/VAQ4Ub6YpzI\/AAAAAAAACf8\/iSQZOq60Chw\/w600-h450-no\/IMG_3001_600x450.JPG\",\"keywords\":[\"2011\",\"Kryepiskopata Tiran\u00eb\",\"lajme\",\"Rinia Orthodhokse\"],\"articleSection\":[\"Lajme\"],\"inLanguage\":\"en-US\"},{\"@type\":\"WebPage\",\"@id\":\"https:\/\/orthodoxalbania.org\/2020\/2013\/03\/21\/asambleja-e-te-rinjve-orthodhokse-te-ballkanit-boya-zgjedh-bordin-e-ri-te-saj\/\",\"url\":\"https:\/\/orthodoxalbania.org\/2020\/2013\/03\/21\/asambleja-e-te-rinjve-orthodhokse-te-ballkanit-boya-zgjedh-bordin-e-ri-te-saj\/\",\"name\":\"Asambleja e t\u00eb rinjve orthodhoks\u00eb t\u00eb Ballkanit (BOYA) zgjedh bordin e ri t\u00eb saj. (17 - 21 Gusht 2011) - Kisha Orthodh\u03bfkse Autoqefale e Shqip\u00ebris\u00eb\",\"isPartOf\":{\"@id\":\"https:\/\/orthodoxalbania.org\/2020\/#website\"},\"primaryImageOfPage\":{\"@id\":\"https:\/\/orthodoxalbania.org\/2020\/2013\/03\/21\/asambleja-e-te-rinjve-orthodhokse-te-ballkanit-boya-zgjedh-bordin-e-ri-te-saj\/#primaryimage\"},\"image\":{\"@id\":\"https:\/\/orthodoxalbania.org\/2020\/2013\/03\/21\/asambleja-e-te-rinjve-orthodhokse-te-ballkanit-boya-zgjedh-bordin-e-ri-te-saj\/#primaryimage\"},\"thumbnailUrl\":\"https:\/\/lh6.googleusercontent.com\/-qAu3o77ENwQ\/VAQ4Ub6YpzI\/AAAAAAAACf8\/iSQZOq60Chw\/w600-h450-no\/IMG_3001_600x450.JPG\",\"datePublished\":\"2013-03-21T10:02:43+00:00\",\"dateModified\":\"2020-04-06T20:31:59+00:00\",\"breadcrumb\":{\"@id\":\"https:\/\/orthodoxalbania.org\/2020\/2013\/03\/21\/asambleja-e-te-rinjve-orthodhokse-te-ballkanit-boya-zgjedh-bordin-e-ri-te-saj\/#breadcrumb\"},\"inLanguage\":\"en-US\",\"potentialAction\":[{\"@type\":\"ReadAction\",\"target\":[\"https:\/\/orthodoxalbania.org\/2020\/2013\/03\/21\/asambleja-e-te-rinjve-orthodhokse-te-ballkanit-boya-zgjedh-bordin-e-ri-te-saj\/\"]}]},{\"@type\":\"ImageObject\",\"inLanguage\":\"en-US\",\"@id\":\"https:\/\/orthodoxalbania.org\/2020\/2013\/03\/21\/asambleja-e-te-rinjve-orthodhokse-te-ballkanit-boya-zgjedh-bordin-e-ri-te-saj\/#primaryimage\",\"url\":\"https:\/\/lh6.googleusercontent.com\/-qAu3o77ENwQ\/VAQ4Ub6YpzI\/AAAAAAAACf8\/iSQZOq60Chw\/w600-h450-no\/IMG_3001_600x450.JPG\",\"contentUrl\":\"https:\/\/lh6.googleusercontent.com\/-qAu3o77ENwQ\/VAQ4Ub6YpzI\/AAAAAAAACf8\/iSQZOq60Chw\/w600-h450-no\/IMG_3001_600x450.JPG\"},{\"@type\":\"BreadcrumbList\",\"@id\":\"https:\/\/orthodoxalbania.org\/2020\/2013\/03\/21\/asambleja-e-te-rinjve-orthodhokse-te-ballkanit-boya-zgjedh-bordin-e-ri-te-saj\/#breadcrumb\",\"itemListElement\":[{\"@type\":\"ListItem\",\"position\":1,\"name\":\"Home\",\"item\":\"https:\/\/orthodoxalbania.org\/2020\/\"},{\"@type\":\"ListItem\",\"position\":2,\"name\":\"Asambleja e t\u00eb rinjve orthodhoks\u00eb t\u00eb Ballkanit (BOYA) zgjedh bordin e ri t\u00eb saj. (17 &#8211; 21 Gusht 2011)\"}]},{\"@type\":\"WebSite\",\"@id\":\"https:\/\/orthodoxalbania.org\/2020\/#website\",\"url\":\"https:\/\/orthodoxalbania.org\/2020\/\",\"name\":\"Kisha Orthodh\u03bfkse Autoqefale e Shqip\u00ebris\u00eb\",\"description\":\"Fqja Zyrtare e Kish\u00ebs Orthodhokse Autoqefale e Shqip\u00ebris\u00eb me lajmet edhe informacionet zyrtare p\u00ebr struktur\u00ebn edhe veprimtarin e saj.\",\"publisher\":{\"@id\":\"https:\/\/orthodoxalbania.org\/2020\/#organization\"},\"potentialAction\":[{\"@type\":\"SearchAction\",\"target\":{\"@type\":\"EntryPoint\",\"urlTemplate\":\"https:\/\/orthodoxalbania.org\/2020\/?s={search_term_string}\"},\"query-input\":{\"@type\":\"PropertyValueSpecification\",\"valueRequired\":true,\"valueName\":\"search_term_string\"}}],\"inLanguage\":\"en-US\"},{\"@type\":\"Organization\",\"@id\":\"https:\/\/orthodoxalbania.org\/2020\/#organization\",\"name\":\"Kisha Orthodhokse Autoqefale e Shqip\u00ebris\u00eb\",\"url\":\"https:\/\/orthodoxalbania.org\/2020\/\",\"logo\":{\"@type\":\"ImageObject\",\"inLanguage\":\"en-US\",\"@id\":\"https:\/\/orthodoxalbania.org\/2020\/#\/schema\/logo\/image\/\",\"url\":\"https:\/\/orthodoxalbania.org\/2020\/wp-content\/uploads\/2020\/05\/albania.jpeg\",\"contentUrl\":\"https:\/\/orthodoxalbania.org\/2020\/wp-content\/uploads\/2020\/05\/albania.jpeg\",\"width\":540,\"height\":540,\"caption\":\"Kisha Orthodhokse Autoqefale e Shqip\u00ebris\u00eb\"},\"image\":{\"@id\":\"https:\/\/orthodoxalbania.org\/2020\/#\/schema\/logo\/image\/\"},\"sameAs\":[\"https:\/\/www.facebook.com\/koash1991\"]},{\"@type\":\"Person\",\"@id\":\"https:\/\/orthodoxalbania.org\/2020\/#\/schema\/person\/0c387634a7063ac612d7ed9ce71c7e86\",\"name\":\"Kisha Orthodhokse\",\"image\":{\"@type\":\"ImageObject\",\"inLanguage\":\"en-US\",\"@id\":\"https:\/\/secure.gravatar.com\/avatar\/596e7c417251e30f2fbb9c00e026fce61a695a00e51c889caded71c96cbbdde5?s=96&d=mm&r=g\",\"url\":\"https:\/\/secure.gravatar.com\/avatar\/596e7c417251e30f2fbb9c00e026fce61a695a00e51c889caded71c96cbbdde5?s=96&d=mm&r=g\",\"contentUrl\":\"https:\/\/secure.gravatar.com\/avatar\/596e7c417251e30f2fbb9c00e026fce61a695a00e51c889caded71c96cbbdde5?s=96&d=mm&r=g\",\"caption\":\"Kisha Orthodhokse\"}}]}<\/script>\n<!-- \/ Yoast SEO plugin. -->","yoast_head_json":{"title":"Asambleja e t\u00eb rinjve orthodhoks\u00eb t\u00eb Ballkanit (BOYA) zgjedh bordin e ri t\u00eb saj. (17 - 21 Gusht 2011) - Kisha Orthodh\u03bfkse Autoqefale e Shqip\u00ebris\u00eb","robots":{"index":"index","follow":"follow","max-snippet":"max-snippet:-1","max-image-preview":"max-image-preview:large","max-video-preview":"max-video-preview:-1"},"canonical":"https:\/\/orthodoxalbania.org\/2020\/2013\/03\/21\/asambleja-e-te-rinjve-orthodhokse-te-ballkanit-boya-zgjedh-bordin-e-ri-te-saj\/","og_locale":"en_US","og_type":"article","og_title":"Asambleja e t\u00eb rinjve orthodhoks\u00eb t\u00eb Ballkanit (BOYA) zgjedh bordin e ri t\u00eb saj. (17 - 21 Gusht 2011) - Kisha Orthodh\u03bfkse Autoqefale e Shqip\u00ebris\u00eb","og_description":"&nbsp; &nbsp; N\u00eb datat 17\u201321 gusht 2011, n\u00eb Manastirin e hirsh\u00ebm t\u00eb Sh\u00ebn Gjergjit n\u00eb Haxhidimovo t\u00eb Bullgaris\u00eb, u mblodh Asambleja e pest\u00eb e p\u00ebrgjithshme e Federat\u00ebs Rinore t\u00eb t\u00eb Rinjve t\u00eb Ballkanit, BOYA (Balkan Orthodox Youth Association). Mor\u00ebn pjes\u00eb p\u00ebrfaq\u00ebsues nga Greqia, Serbia, Mali i Zi, Bullgaria, Rumania dhe Shqip\u00ebria. N\u00eb t\u00eb u diskutua plani i aktiviteteve nga drejtuesit e saj p\u00ebr kat\u00ebr vitet","og_url":"https:\/\/orthodoxalbania.org\/2020\/2013\/03\/21\/asambleja-e-te-rinjve-orthodhokse-te-ballkanit-boya-zgjedh-bordin-e-ri-te-saj\/","og_site_name":"Kisha Orthodh\u03bfkse Autoqefale e Shqip\u00ebris\u00eb","article_publisher":"https:\/\/www.facebook.com\/koash1991","article_published_time":"2013-03-21T10:02:43+00:00","article_modified_time":"2020-04-06T20:31:59+00:00","og_image":[{"url":"https:\/\/lh6.googleusercontent.com\/-qAu3o77ENwQ\/VAQ4Ub6YpzI\/AAAAAAAACf8\/iSQZOq60Chw\/w600-h450-no\/IMG_3001_600x450.JPG","type":"","width":"","height":""}],"author":"Kisha Orthodhokse","twitter_card":"summary_large_image","twitter_misc":{"Written by":"Kisha Orthodhokse","Est. reading time":"1 minute"},"schema":{"@context":"https:\/\/schema.org","@graph":[{"@type":"Article","@id":"https:\/\/orthodoxalbania.org\/2020\/2013\/03\/21\/asambleja-e-te-rinjve-orthodhokse-te-ballkanit-boya-zgjedh-bordin-e-ri-te-saj\/#article","isPartOf":{"@id":"https:\/\/orthodoxalbania.org\/2020\/2013\/03\/21\/asambleja-e-te-rinjve-orthodhokse-te-ballkanit-boya-zgjedh-bordin-e-ri-te-saj\/"},"author":{"name":"Kisha Orthodhokse","@id":"https:\/\/orthodoxalbania.org\/2020\/#\/schema\/person\/0c387634a7063ac612d7ed9ce71c7e86"},"headline":"Asambleja e t\u00eb rinjve orthodhoks\u00eb t\u00eb Ballkanit (BOYA) zgjedh bordin e ri t\u00eb saj. (17 &#8211; 21 Gusht 2011)","datePublished":"2013-03-21T10:02:43+00:00","dateModified":"2020-04-06T20:31:59+00:00","mainEntityOfPage":{"@id":"https:\/\/orthodoxalbania.org\/2020\/2013\/03\/21\/asambleja-e-te-rinjve-orthodhokse-te-ballkanit-boya-zgjedh-bordin-e-ri-te-saj\/"},"wordCount":295,"commentCount":0,"publisher":{"@id":"https:\/\/orthodoxalbania.org\/2020\/#organization"},"image":{"@id":"https:\/\/orthodoxalbania.org\/2020\/2013\/03\/21\/asambleja-e-te-rinjve-orthodhokse-te-ballkanit-boya-zgjedh-bordin-e-ri-te-saj\/#primaryimage"},"thumbnailUrl":"https:\/\/lh6.googleusercontent.com\/-qAu3o77ENwQ\/VAQ4Ub6YpzI\/AAAAAAAACf8\/iSQZOq60Chw\/w600-h450-no\/IMG_3001_600x450.JPG","keywords":["2011","Kryepiskopata Tiran\u00eb","lajme","Rinia Orthodhokse"],"articleSection":["Lajme"],"inLanguage":"en-US"},{"@type":"WebPage","@id":"https:\/\/orthodoxalbania.org\/2020\/2013\/03\/21\/asambleja-e-te-rinjve-orthodhokse-te-ballkanit-boya-zgjedh-bordin-e-ri-te-saj\/","url":"https:\/\/orthodoxalbania.org\/2020\/2013\/03\/21\/asambleja-e-te-rinjve-orthodhokse-te-ballkanit-boya-zgjedh-bordin-e-ri-te-saj\/","name":"Asambleja e t\u00eb rinjve orthodhoks\u00eb t\u00eb Ballkanit (BOYA) zgjedh bordin e ri t\u00eb saj. (17 - 21 Gusht 2011) - Kisha Orthodh\u03bfkse Autoqefale e Shqip\u00ebris\u00eb","isPartOf":{"@id":"https:\/\/orthodoxalbania.org\/2020\/#website"},"primaryImageOfPage":{"@id":"https:\/\/orthodoxalbania.org\/2020\/2013\/03\/21\/asambleja-e-te-rinjve-orthodhokse-te-ballkanit-boya-zgjedh-bordin-e-ri-te-saj\/#primaryimage"},"image":{"@id":"https:\/\/orthodoxalbania.org\/2020\/2013\/03\/21\/asambleja-e-te-rinjve-orthodhokse-te-ballkanit-boya-zgjedh-bordin-e-ri-te-saj\/#primaryimage"},"thumbnailUrl":"https:\/\/lh6.googleusercontent.com\/-qAu3o77ENwQ\/VAQ4Ub6YpzI\/AAAAAAAACf8\/iSQZOq60Chw\/w600-h450-no\/IMG_3001_600x450.JPG","datePublished":"2013-03-21T10:02:43+00:00","dateModified":"2020-04-06T20:31:59+00:00","breadcrumb":{"@id":"https:\/\/orthodoxalbania.org\/2020\/2013\/03\/21\/asambleja-e-te-rinjve-orthodhokse-te-ballkanit-boya-zgjedh-bordin-e-ri-te-saj\/#breadcrumb"},"inLanguage":"en-US","potentialAction":[{"@type":"ReadAction","target":["https:\/\/orthodoxalbania.org\/2020\/2013\/03\/21\/asambleja-e-te-rinjve-orthodhokse-te-ballkanit-boya-zgjedh-bordin-e-ri-te-saj\/"]}]},{"@type":"ImageObject","inLanguage":"en-US","@id":"https:\/\/orthodoxalbania.org\/2020\/2013\/03\/21\/asambleja-e-te-rinjve-orthodhokse-te-ballkanit-boya-zgjedh-bordin-e-ri-te-saj\/#primaryimage","url":"https:\/\/lh6.googleusercontent.com\/-qAu3o77ENwQ\/VAQ4Ub6YpzI\/AAAAAAAACf8\/iSQZOq60Chw\/w600-h450-no\/IMG_3001_600x450.JPG","contentUrl":"https:\/\/lh6.googleusercontent.com\/-qAu3o77ENwQ\/VAQ4Ub6YpzI\/AAAAAAAACf8\/iSQZOq60Chw\/w600-h450-no\/IMG_3001_600x450.JPG"},{"@type":"BreadcrumbList","@id":"https:\/\/orthodoxalbania.org\/2020\/2013\/03\/21\/asambleja-e-te-rinjve-orthodhokse-te-ballkanit-boya-zgjedh-bordin-e-ri-te-saj\/#breadcrumb","itemListElement":[{"@type":"ListItem","position":1,"name":"Home","item":"https:\/\/orthodoxalbania.org\/2020\/"},{"@type":"ListItem","position":2,"name":"Asambleja e t\u00eb rinjve orthodhoks\u00eb t\u00eb Ballkanit (BOYA) zgjedh bordin e ri t\u00eb saj. (17 &#8211; 21 Gusht 2011)"}]},{"@type":"WebSite","@id":"https:\/\/orthodoxalbania.org\/2020\/#website","url":"https:\/\/orthodoxalbania.org\/2020\/","name":"Kisha Orthodh\u03bfkse Autoqefale e Shqip\u00ebris\u00eb","description":"Fqja Zyrtare e Kish\u00ebs Orthodhokse Autoqefale e Shqip\u00ebris\u00eb me lajmet edhe informacionet zyrtare p\u00ebr struktur\u00ebn edhe veprimtarin e saj.","publisher":{"@id":"https:\/\/orthodoxalbania.org\/2020\/#organization"},"potentialAction":[{"@type":"SearchAction","target":{"@type":"EntryPoint","urlTemplate":"https:\/\/orthodoxalbania.org\/2020\/?s={search_term_string}"},"query-input":{"@type":"PropertyValueSpecification","valueRequired":true,"valueName":"search_term_string"}}],"inLanguage":"en-US"},{"@type":"Organization","@id":"https:\/\/orthodoxalbania.org\/2020\/#organization","name":"Kisha Orthodhokse Autoqefale e Shqip\u00ebris\u00eb","url":"https:\/\/orthodoxalbania.org\/2020\/","logo":{"@type":"ImageObject","inLanguage":"en-US","@id":"https:\/\/orthodoxalbania.org\/2020\/#\/schema\/logo\/image\/","url":"https:\/\/orthodoxalbania.org\/2020\/wp-content\/uploads\/2020\/05\/albania.jpeg","contentUrl":"https:\/\/orthodoxalbania.org\/2020\/wp-content\/uploads\/2020\/05\/albania.jpeg","width":540,"height":540,"caption":"Kisha Orthodhokse Autoqefale e Shqip\u00ebris\u00eb"},"image":{"@id":"https:\/\/orthodoxalbania.org\/2020\/#\/schema\/logo\/image\/"},"sameAs":["https:\/\/www.facebook.com\/koash1991"]},{"@type":"Person","@id":"https:\/\/orthodoxalbania.org\/2020\/#\/schema\/person\/0c387634a7063ac612d7ed9ce71c7e86","name":"Kisha Orthodhokse","image":{"@type":"ImageObject","inLanguage":"en-US","@id":"https:\/\/secure.gravatar.com\/avatar\/596e7c417251e30f2fbb9c00e026fce61a695a00e51c889caded71c96cbbdde5?s=96&d=mm&r=g","url":"https:\/\/secure.gravatar.com\/avatar\/596e7c417251e30f2fbb9c00e026fce61a695a00e51c889caded71c96cbbdde5?s=96&d=mm&r=g","contentUrl":"https:\/\/secure.gravatar.com\/avatar\/596e7c417251e30f2fbb9c00e026fce61a695a00e51c889caded71c96cbbdde5?s=96&d=mm&r=g","caption":"Kisha Orthodhokse"}}]}},"_links":{"self":[{"href":"https:\/\/orthodoxalbania.org\/2020\/wp-json\/wp\/v2\/posts\/291","targetHints":{"allow":["GET"]}}],"collection":[{"href":"https:\/\/orthodoxalbania.org\/2020\/wp-json\/wp\/v2\/posts"}],"about":[{"href":"https:\/\/orthodoxalbania.org\/2020\/wp-json\/wp\/v2\/types\/post"}],"author":[{"embeddable":true,"href":"https:\/\/orthodoxalbania.org\/2020\/wp-json\/wp\/v2\/users\/1"}],"replies":[{"embeddable":true,"href":"https:\/\/orthodoxalbania.org\/2020\/wp-json\/wp\/v2\/comments?post=291"}],"version-history":[{"count":1,"href":"https:\/\/orthodoxalbania.org\/2020\/wp-json\/wp\/v2\/posts\/291\/revisions"}],"predecessor-version":[{"id":15368,"href":"https:\/\/orthodoxalbania.org\/2020\/wp-json\/wp\/v2\/posts\/291\/revisions\/15368"}],"wp:attachment":[{"href":"https:\/\/orthodoxalbania.org\/2020\/wp-json\/wp\/v2\/media?parent=291"}],"wp:term":[{"taxonomy":"category","embeddable":true,"href":"https:\/\/orthodoxalbania.org\/2020\/wp-json\/wp\/v2\/categories?post=291"},{"taxonomy":"post_tag","embeddable":true,"href":"https:\/\/orthodoxalbania.org\/2020\/wp-json\/wp\/v2\/tags?post=291"}],"curies":[{"name":"wp","href":"https:\/\/api.w.org\/{rel}","templated":true}]}}